{"id":7905,"date":"2023-08-22T00:00:00","date_gmt":"2023-08-22T00:00:00","guid":{"rendered":"https:\/\/biblioteka-gabin.pl\/index.php\/2023\/08\/22\/generalowa-zamoyska-jest-patronka-sierpnia-w-mgbp\/"},"modified":"2023-08-22T00:00:00","modified_gmt":"2023-08-22T00:00:00","slug":"generalowa-zamoyska-jest-patronka-sierpnia-w-mgbp","status":"publish","type":"post","link":"https:\/\/biblioteka-gabin.pl\/index.php\/2023\/08\/22\/generalowa-zamoyska-jest-patronka-sierpnia-w-mgbp\/","title":{"rendered":"Genera\u0142owa Zamoyska jest patronk\u0105 sierpnia w MGBP"},"content":{"rendered":"<p>W ramach cyklu Patroni 2023 roku przypominamy posta\u0107 Jadwigi Zamoyskiej &#8211; polskiej dzia\u0142aczki spo\u0142eczno-religinej, patriotki, za\u0142o\u017cy\u017cycielki pierwszej w Polsce szko\u0142y gospodarstwa domowego, prekursorki kobiecego przyw\u00f3dzctwa, ur. 4 lipca 1831 w Warszawie, zm. 4 listopada 1923 w K\u00f3rniku. By\u0142a \u017con\u0105 genera\u0142a W\u0142adys\u0142awa Zamoyskiego, konserwatywnego polityka zwi\u0105zanego z dzia\u0142aj\u0105cym na emigracji Hotelem Lambert.<br \/>\n\u017byciorys<br \/>\nBy\u0142a c\u00f3rk\u0105 Tytusa Dzia\u0142y\u0144skiego i Gryzeldy Celestyny z Zamoyskich, urodzona w\u00a0burzliwym czasie powstania listopadowego jako trzecie z\u00a0sze\u015bciorga dzieci. Pierwsze lata \u017cycia sp\u0119dzi\u0142a w galicyjskich Oleszycach; od 1838 przebywa\u0142a<br \/>\nw odzyskanym przez ojca K\u00f3rniku. Kszta\u0142ci\u0142a si\u0119 w domu pod kierunkiem prywatnych nauczycielek, Wandy \u017bmichowskiej i Angielki Anny Birt; w 1852 wysz\u0142a za m\u0105\u017c (po otrzymaniu dyspensy papieskiej) za brata swojej matki, genera\u0142a W\u0142adys\u0142awa Zamoyskiego, polityka konserwatywnego zwi\u0105zanego z Hotelem Lambert. Przenios\u0142a si\u0119 do Pary\u017ca, towarzyszy\u0142a m\u0119\u017cowi w podr\u00f3\u017cach politycznych, m.in. do Turcji i Wielkiej Brytanii. Pozosta\u0142a we Francji po \u015bmierci m\u0119\u017ca (1868); zbli\u017cy\u0142a si\u0119 do zakonu oratorian i pod wp\u0142ywem ich idei tworzenia stowarzysze\u0144 religijnych bez obowi\u0105zkowych \u015blub\u00f3w zakonnych postanowi\u0142a za\u0142o\u017cy\u0107 \u201eszko\u0142\u0119 \u017cycia chrze\u015bcija\u0144skiego\u201d.<br \/>\nSwoj\u0105 ide\u0119 mog\u0142a zrealizowa\u0107 po \u015bmierci brata Jana Dzia\u0142y\u0144skiego i przej\u0119ciu d\u00f3br k\u00f3rnickich przez jej syna W\u0142adys\u0142awa Zamoyskiego. W 1881 powr\u00f3ci\u0142a do K\u00f3rnika i w nast\u0119pnym roku za\u0142o\u017cy\u0142a Szko\u0142\u0119 Domowej Pracy Kobiet. W 1885, obj\u0119ta tzw. ustawami bismarckowskimi, zosta\u0142a wydalona z Prus jako obywatelka Francji. Przenios\u0142a w\u00f3wczas szko\u0142\u0119 do Lubowli na Spiszu, potem do Kalwarii Zebrzydowskiej, a w 1891 do zakopia\u0144skich Ku\u017anic, kt\u00f3re jej syn naby\u0142 w 1889 na licytacji.<br \/>\nSzko\u0142a Jadwigi Zamoyskiej zyska\u0142a poparcie w\u0142adz ko\u015bcielnych oraz du\u017ce zainteresowanie w spo\u0142ecze\u0144stwie. Program nauczania obejmowa\u0142 przede wszystkim wychowanie religijne i zaj\u0119cia praktyczne z szycia, haftui gotowania, ale tak\u017ce zaj\u0119cia z rysunk\u00f3w, literatury, geografii, historii Polski oraz nauk\u0119 \u015bpiewu. Zamoyska publikowa\u0142a dzie\u0142a o tematyce religijno-wychowawczej, m.in. O wychowaniu (1903), przygotowa\u0142a tak\u017ce do druku pami\u0119tniki m\u0119\u017ca Jenera\u0142 Zamoyski (ukaza\u0142y si\u0119 w sze\u015bciu tomach nak\u0142adem Biblioteki K\u00f3rnickiej w latach 1910\u20131930). Wiele czasu sp\u0119dza\u0142a w Pary\u017cu,<br \/>\nw 1919 wizytowa\u0142a szko\u0142\u0119 w Zakopanem. Ostatnie lata \u017cycia sp\u0119dzi\u0142a wraz<br \/>\nz synem w K\u00f3rniku, tam zmar\u0142a i zosta\u0142a pochowana.<br \/>\nZ ma\u0142\u017ce\u0144stwa z W\u0142adys\u0142awem Zamoyskim opr\u00f3cz syna W\u0142adys\u0142awa mia\u0142a tak\u017ce syna Witolda (1855\u20131874) i dwie c\u00f3rki: przedwcze\u015bnie zmar\u0142\u0105 w Anglii Mari\u0119 (1857\u20131858)[3] i drug\u0105 tak\u017ce Mari\u0119 (1860\u20131937).<br \/>\nProces beatyfikacyjny<br \/>\nW dwudziestoleciu mi\u0119dzywojennym rozprowadzano obrazki z wizerunkiem Jadwigi Zamoyskiej oraz modlitw\u0105 za jej wstawiennictwem wydane za zgod\u0105 kurii arcybiskupiej w Poznaniu. Spraw\u0119 stara\u0144 o jej beatyfikacj\u0119 propagowa\u0142o Stowarzyszenie Matki Bo\u017cej Dobrej Rady w Ku\u017anicach. 27 listopada 2012 Kuria Metropolitalna w Poznaniu oficjalnie wszcz\u0119\u0142a proces beatyfikacyjny Jadwigi Zamoyskiej. Odt\u0105d przys\u0142uguje jej tytu\u0142 S\u0142u\u017cebnicy Bo\u017cej.<br \/>\nOdznaczenie<br \/>\nKrzy\u017c Oficerski Orderu Odrodzenia Polski (13 lipca 1921) \u201eza zas\u0142ugi, po\u0142o\u017cone dla Rzeczypospolitej Polskiej na polu dzia\u0142alno\u015bci wychowawczej i filantropijnej\u201d \u2013 odznaczona Orderem Odrodzenia Polski jako jedna z pierwszych 15 os\u00f3b<br \/>\n\u0179r\u00f3d\u0142o: wikipedia.org, parafiawszystkich.pl<br \/>\n<a href='https:\/\/biblioteka-gabin.pl\/wp-content\/uploads\/archive\/galleries\/506\/3662603021438369287695973927471916494429042n-d033ade4e2.jpg'><img style='max-height:300px;' src='https:\/\/biblioteka-gabin.pl\/wp-content\/uploads\/archive\/galleries\/506\/3662603021438369287695973927471916494429042n-d033ade4e2.jpg'><\/a><br \/>\n<a href='https:\/\/biblioteka-gabin.pl\/wp-content\/uploads\/archive\/galleries\/506\/36966586516758446795842056423646209327609675n-dc590a7b52.jpg'><img style='max-height:300px;' src='https:\/\/biblioteka-gabin.pl\/wp-content\/uploads\/archive\/galleries\/506\/36966586516758446795842056423646209327609675n-dc590a7b52.jpg'><\/a><br \/>\n<a href='https:\/\/biblioteka-gabin.pl\/wp-content\/uploads\/archive\/galleries\/506\/3663311151535843083826591397560700071638261n-dee19515bb.jpg'><img style='max-height:300px;' src='https:\/\/biblioteka-gabin.pl\/wp-content\/uploads\/archive\/galleries\/506\/3663311151535843083826591397560700071638261n-dee19515bb.jpg'><\/a><\/p>\n","protected":false},"excerpt":{"rendered":"<p>W ramach cyklu Patroni 2023 roku przypominamy posta\u0107 Jadwigi Zamoyskiej<\/p>\n","protected":false},"author":1,"featured_media":0,"comment_status":"open","ping_status":"open","sticky":false,"template":"","format":"standard","meta":{"footnotes":""},"categories":[36],"tags":[],"class_list":["post-7905","post","type-post","status-publish","format-standard","hentry","category-main"],"yoast_head":"<!-- This site is optimized with the Yoast SEO plugin v27.4 - https:\/\/yoast.com\/product\/yoast-seo-wordpress\/ -->\n<title>Genera\u0142owa Zamoyska jest patronk\u0105 sierpnia w MGBP - Miejsko-Gminna Biblioteka Publiczna w G\u0105binie<\/title>\n<meta name=\"robots\" content=\"index, follow, max-snippet:-1, max-image-preview:large, max-video-preview:-1\" \/>\n<link rel=\"canonical\" href=\"http:\/\/biblioteka-gabin.pl\/index.php\/2023\/08\/22\/generalowa-zamoyska-jest-patronka-sierpnia-w-mgbp\/\" \/>\n<meta property=\"og:locale\" content=\"pl_PL\" \/>\n<meta property=\"og:type\" content=\"article\" \/>\n<meta property=\"og:title\" content=\"Genera\u0142owa Zamoyska jest patronk\u0105 sierpnia w MGBP - Miejsko-Gminna Biblioteka Publiczna w G\u0105binie\" \/>\n<meta property=\"og:description\" content=\"W ramach cyklu Patroni 2023 roku przypominamy posta\u0107 Jadwigi Zamoyskiej\" \/>\n<meta property=\"og:url\" content=\"http:\/\/biblioteka-gabin.pl\/index.php\/2023\/08\/22\/generalowa-zamoyska-jest-patronka-sierpnia-w-mgbp\/\" \/>\n<meta property=\"og:site_name\" content=\"Miejsko-Gminna Biblioteka Publiczna w G\u0105binie\" \/>\n<meta property=\"article:publisher\" content=\"https:\/\/www.facebook.com\/bibliotekagabin\" \/>\n<meta property=\"article:published_time\" content=\"2023-08-22T00:00:00+00:00\" \/>\n<meta property=\"og:image\" content=\"https:\/\/biblioteka-gabin.pl\/wp-content\/uploads\/archive\/galleries\/506\/3662603021438369287695973927471916494429042n-d033ade4e2.jpg\" \/>\n<meta name=\"author\" content=\"admin\" \/>\n<meta name=\"twitter:card\" content=\"summary_large_image\" \/>\n<meta name=\"twitter:label1\" content=\"Napisane przez\" \/>\n\t<meta name=\"twitter:data1\" content=\"admin\" \/>\n\t<meta name=\"twitter:label2\" content=\"Szacowany czas czytania\" \/>\n\t<meta name=\"twitter:data2\" content=\"3 minuty\" \/>\n<script type=\"application\/ld+json\" class=\"yoast-schema-graph\">{\"@context\":\"https:\\\/\\\/schema.org\",\"@graph\":[{\"@type\":\"Article\",\"@id\":\"http:\\\/\\\/biblioteka-gabin.pl\\\/index.php\\\/2023\\\/08\\\/22\\\/generalowa-zamoyska-jest-patronka-sierpnia-w-mgbp\\\/#article\",\"isPartOf\":{\"@id\":\"http:\\\/\\\/biblioteka-gabin.pl\\\/index.php\\\/2023\\\/08\\\/22\\\/generalowa-zamoyska-jest-patronka-sierpnia-w-mgbp\\\/\"},\"author\":{\"name\":\"admin\",\"@id\":\"https:\\\/\\\/biblioteka-gabin.pl\\\/#\\\/schema\\\/person\\\/2067b97c24663d987ef6ef95bed7c99a\"},\"headline\":\"Genera\u0142owa Zamoyska jest patronk\u0105 sierpnia w MGBP\",\"datePublished\":\"2023-08-22T00:00:00+00:00\",\"mainEntityOfPage\":{\"@id\":\"http:\\\/\\\/biblioteka-gabin.pl\\\/index.php\\\/2023\\\/08\\\/22\\\/generalowa-zamoyska-jest-patronka-sierpnia-w-mgbp\\\/\"},\"wordCount\":564,\"commentCount\":0,\"publisher\":{\"@id\":\"https:\\\/\\\/biblioteka-gabin.pl\\\/#organization\"},\"image\":{\"@id\":\"http:\\\/\\\/biblioteka-gabin.pl\\\/index.php\\\/2023\\\/08\\\/22\\\/generalowa-zamoyska-jest-patronka-sierpnia-w-mgbp\\\/#primaryimage\"},\"thumbnailUrl\":\"https:\\\/\\\/biblioteka-gabin.pl\\\/wp-content\\\/uploads\\\/archive\\\/galleries\\\/506\\\/3662603021438369287695973927471916494429042n-d033ade4e2.jpg\",\"articleSection\":[\"Main\"],\"inLanguage\":\"pl-PL\",\"potentialAction\":[{\"@type\":\"CommentAction\",\"name\":\"Comment\",\"target\":[\"http:\\\/\\\/biblioteka-gabin.pl\\\/index.php\\\/2023\\\/08\\\/22\\\/generalowa-zamoyska-jest-patronka-sierpnia-w-mgbp\\\/#respond\"]}]},{\"@type\":\"WebPage\",\"@id\":\"http:\\\/\\\/biblioteka-gabin.pl\\\/index.php\\\/2023\\\/08\\\/22\\\/generalowa-zamoyska-jest-patronka-sierpnia-w-mgbp\\\/\",\"url\":\"http:\\\/\\\/biblioteka-gabin.pl\\\/index.php\\\/2023\\\/08\\\/22\\\/generalowa-zamoyska-jest-patronka-sierpnia-w-mgbp\\\/\",\"name\":\"Genera\u0142owa Zamoyska jest patronk\u0105 sierpnia w MGBP - Miejsko-Gminna Biblioteka Publiczna w G\u0105binie\",\"isPartOf\":{\"@id\":\"https:\\\/\\\/biblioteka-gabin.pl\\\/#website\"},\"primaryImageOfPage\":{\"@id\":\"http:\\\/\\\/biblioteka-gabin.pl\\\/index.php\\\/2023\\\/08\\\/22\\\/generalowa-zamoyska-jest-patronka-sierpnia-w-mgbp\\\/#primaryimage\"},\"image\":{\"@id\":\"http:\\\/\\\/biblioteka-gabin.pl\\\/index.php\\\/2023\\\/08\\\/22\\\/generalowa-zamoyska-jest-patronka-sierpnia-w-mgbp\\\/#primaryimage\"},\"thumbnailUrl\":\"https:\\\/\\\/biblioteka-gabin.pl\\\/wp-content\\\/uploads\\\/archive\\\/galleries\\\/506\\\/3662603021438369287695973927471916494429042n-d033ade4e2.jpg\",\"datePublished\":\"2023-08-22T00:00:00+00:00\",\"breadcrumb\":{\"@id\":\"http:\\\/\\\/biblioteka-gabin.pl\\\/index.php\\\/2023\\\/08\\\/22\\\/generalowa-zamoyska-jest-patronka-sierpnia-w-mgbp\\\/#breadcrumb\"},\"inLanguage\":\"pl-PL\",\"potentialAction\":[{\"@type\":\"ReadAction\",\"target\":[\"http:\\\/\\\/biblioteka-gabin.pl\\\/index.php\\\/2023\\\/08\\\/22\\\/generalowa-zamoyska-jest-patronka-sierpnia-w-mgbp\\\/\"]}]},{\"@type\":\"ImageObject\",\"inLanguage\":\"pl-PL\",\"@id\":\"http:\\\/\\\/biblioteka-gabin.pl\\\/index.php\\\/2023\\\/08\\\/22\\\/generalowa-zamoyska-jest-patronka-sierpnia-w-mgbp\\\/#primaryimage\",\"url\":\"https:\\\/\\\/biblioteka-gabin.pl\\\/wp-content\\\/uploads\\\/archive\\\/galleries\\\/506\\\/3662603021438369287695973927471916494429042n-d033ade4e2.jpg\",\"contentUrl\":\"https:\\\/\\\/biblioteka-gabin.pl\\\/wp-content\\\/uploads\\\/archive\\\/galleries\\\/506\\\/3662603021438369287695973927471916494429042n-d033ade4e2.jpg\"},{\"@type\":\"BreadcrumbList\",\"@id\":\"http:\\\/\\\/biblioteka-gabin.pl\\\/index.php\\\/2023\\\/08\\\/22\\\/generalowa-zamoyska-jest-patronka-sierpnia-w-mgbp\\\/#breadcrumb\",\"itemListElement\":[{\"@type\":\"ListItem\",\"position\":1,\"name\":\"Strona g\u0142\u00f3wna\",\"item\":\"https:\\\/\\\/biblioteka-gabin.pl\\\/\"},{\"@type\":\"ListItem\",\"position\":2,\"name\":\"Genera\u0142owa Zamoyska jest patronk\u0105 sierpnia w MGBP\"}]},{\"@type\":\"WebSite\",\"@id\":\"https:\\\/\\\/biblioteka-gabin.pl\\\/#website\",\"url\":\"https:\\\/\\\/biblioteka-gabin.pl\\\/\",\"name\":\"Miejsko-Gminna Biblioteka Publiczna w G\u0105binie\",\"description\":\"\",\"publisher\":{\"@id\":\"https:\\\/\\\/biblioteka-gabin.pl\\\/#organization\"},\"potentialAction\":[{\"@type\":\"SearchAction\",\"target\":{\"@type\":\"EntryPoint\",\"urlTemplate\":\"https:\\\/\\\/biblioteka-gabin.pl\\\/?s={search_term_string}\"},\"query-input\":{\"@type\":\"PropertyValueSpecification\",\"valueRequired\":true,\"valueName\":\"search_term_string\"}}],\"inLanguage\":\"pl-PL\"},{\"@type\":\"Organization\",\"@id\":\"https:\\\/\\\/biblioteka-gabin.pl\\\/#organization\",\"name\":\"Miejsko-Gminna Biblioteka Publiczna w G\u0105binie\",\"url\":\"https:\\\/\\\/biblioteka-gabin.pl\\\/\",\"logo\":{\"@type\":\"ImageObject\",\"inLanguage\":\"pl-PL\",\"@id\":\"https:\\\/\\\/biblioteka-gabin.pl\\\/#\\\/schema\\\/logo\\\/image\\\/\",\"url\":\"https:\\\/\\\/biblioteka-gabin.pl\\\/wp-content\\\/uploads\\\/2025\\\/03\\\/logo-biblioteka-2-1657013691-1.jpg\",\"contentUrl\":\"https:\\\/\\\/biblioteka-gabin.pl\\\/wp-content\\\/uploads\\\/2025\\\/03\\\/logo-biblioteka-2-1657013691-1.jpg\",\"width\":1600,\"height\":772,\"caption\":\"Miejsko-Gminna Biblioteka Publiczna w G\u0105binie\"},\"image\":{\"@id\":\"https:\\\/\\\/biblioteka-gabin.pl\\\/#\\\/schema\\\/logo\\\/image\\\/\"},\"sameAs\":[\"https:\\\/\\\/www.facebook.com\\\/bibliotekagabin\",\"https:\\\/\\\/www.youtube.com\\\/@mgbpgabin9392\"]},{\"@type\":\"Person\",\"@id\":\"https:\\\/\\\/biblioteka-gabin.pl\\\/#\\\/schema\\\/person\\\/2067b97c24663d987ef6ef95bed7c99a\",\"name\":\"admin\",\"image\":{\"@type\":\"ImageObject\",\"inLanguage\":\"pl-PL\",\"@id\":\"https:\\\/\\\/secure.gravatar.com\\\/avatar\\\/e1843904e97b4e376a0fc90ae10372cd31bce9b207a7a3d2ca68fc7ca7e4174c?s=96&d=mm&r=g\",\"url\":\"https:\\\/\\\/secure.gravatar.com\\\/avatar\\\/e1843904e97b4e376a0fc90ae10372cd31bce9b207a7a3d2ca68fc7ca7e4174c?s=96&d=mm&r=g\",\"contentUrl\":\"https:\\\/\\\/secure.gravatar.com\\\/avatar\\\/e1843904e97b4e376a0fc90ae10372cd31bce9b207a7a3d2ca68fc7ca7e4174c?s=96&d=mm&r=g\",\"caption\":\"admin\"},\"sameAs\":[\"http:\\\/\\\/strona.biblioteka-gabin.pl\"],\"url\":\"https:\\\/\\\/biblioteka-gabin.pl\\\/index.php\\\/author\\\/admin\\\/\"}]}<\/script>\n<!-- \/ Yoast SEO plugin. -->","yoast_head_json":{"title":"Genera\u0142owa Zamoyska jest patronk\u0105 sierpnia w MGBP - Miejsko-Gminna Biblioteka Publiczna w G\u0105binie","robots":{"index":"index","follow":"follow","max-snippet":"max-snippet:-1","max-image-preview":"max-image-preview:large","max-video-preview":"max-video-preview:-1"},"canonical":"http:\/\/biblioteka-gabin.pl\/index.php\/2023\/08\/22\/generalowa-zamoyska-jest-patronka-sierpnia-w-mgbp\/","og_locale":"pl_PL","og_type":"article","og_title":"Genera\u0142owa Zamoyska jest patronk\u0105 sierpnia w MGBP - Miejsko-Gminna Biblioteka Publiczna w G\u0105binie","og_description":"W ramach cyklu Patroni 2023 roku przypominamy posta\u0107 Jadwigi Zamoyskiej","og_url":"http:\/\/biblioteka-gabin.pl\/index.php\/2023\/08\/22\/generalowa-zamoyska-jest-patronka-sierpnia-w-mgbp\/","og_site_name":"Miejsko-Gminna Biblioteka Publiczna w G\u0105binie","article_publisher":"https:\/\/www.facebook.com\/bibliotekagabin","article_published_time":"2023-08-22T00:00:00+00:00","og_image":[{"url":"https:\/\/biblioteka-gabin.pl\/wp-content\/uploads\/archive\/galleries\/506\/3662603021438369287695973927471916494429042n-d033ade4e2.jpg","type":"","width":"","height":""}],"author":"admin","twitter_card":"summary_large_image","twitter_misc":{"Napisane przez":"admin","Szacowany czas czytania":"3 minuty"},"schema":{"@context":"https:\/\/schema.org","@graph":[{"@type":"Article","@id":"http:\/\/biblioteka-gabin.pl\/index.php\/2023\/08\/22\/generalowa-zamoyska-jest-patronka-sierpnia-w-mgbp\/#article","isPartOf":{"@id":"http:\/\/biblioteka-gabin.pl\/index.php\/2023\/08\/22\/generalowa-zamoyska-jest-patronka-sierpnia-w-mgbp\/"},"author":{"name":"admin","@id":"https:\/\/biblioteka-gabin.pl\/#\/schema\/person\/2067b97c24663d987ef6ef95bed7c99a"},"headline":"Genera\u0142owa Zamoyska jest patronk\u0105 sierpnia w MGBP","datePublished":"2023-08-22T00:00:00+00:00","mainEntityOfPage":{"@id":"http:\/\/biblioteka-gabin.pl\/index.php\/2023\/08\/22\/generalowa-zamoyska-jest-patronka-sierpnia-w-mgbp\/"},"wordCount":564,"commentCount":0,"publisher":{"@id":"https:\/\/biblioteka-gabin.pl\/#organization"},"image":{"@id":"http:\/\/biblioteka-gabin.pl\/index.php\/2023\/08\/22\/generalowa-zamoyska-jest-patronka-sierpnia-w-mgbp\/#primaryimage"},"thumbnailUrl":"https:\/\/biblioteka-gabin.pl\/wp-content\/uploads\/archive\/galleries\/506\/3662603021438369287695973927471916494429042n-d033ade4e2.jpg","articleSection":["Main"],"inLanguage":"pl-PL","potentialAction":[{"@type":"CommentAction","name":"Comment","target":["http:\/\/biblioteka-gabin.pl\/index.php\/2023\/08\/22\/generalowa-zamoyska-jest-patronka-sierpnia-w-mgbp\/#respond"]}]},{"@type":"WebPage","@id":"http:\/\/biblioteka-gabin.pl\/index.php\/2023\/08\/22\/generalowa-zamoyska-jest-patronka-sierpnia-w-mgbp\/","url":"http:\/\/biblioteka-gabin.pl\/index.php\/2023\/08\/22\/generalowa-zamoyska-jest-patronka-sierpnia-w-mgbp\/","name":"Genera\u0142owa Zamoyska jest patronk\u0105 sierpnia w MGBP - Miejsko-Gminna Biblioteka Publiczna w G\u0105binie","isPartOf":{"@id":"https:\/\/biblioteka-gabin.pl\/#website"},"primaryImageOfPage":{"@id":"http:\/\/biblioteka-gabin.pl\/index.php\/2023\/08\/22\/generalowa-zamoyska-jest-patronka-sierpnia-w-mgbp\/#primaryimage"},"image":{"@id":"http:\/\/biblioteka-gabin.pl\/index.php\/2023\/08\/22\/generalowa-zamoyska-jest-patronka-sierpnia-w-mgbp\/#primaryimage"},"thumbnailUrl":"https:\/\/biblioteka-gabin.pl\/wp-content\/uploads\/archive\/galleries\/506\/3662603021438369287695973927471916494429042n-d033ade4e2.jpg","datePublished":"2023-08-22T00:00:00+00:00","breadcrumb":{"@id":"http:\/\/biblioteka-gabin.pl\/index.php\/2023\/08\/22\/generalowa-zamoyska-jest-patronka-sierpnia-w-mgbp\/#breadcrumb"},"inLanguage":"pl-PL","potentialAction":[{"@type":"ReadAction","target":["http:\/\/biblioteka-gabin.pl\/index.php\/2023\/08\/22\/generalowa-zamoyska-jest-patronka-sierpnia-w-mgbp\/"]}]},{"@type":"ImageObject","inLanguage":"pl-PL","@id":"http:\/\/biblioteka-gabin.pl\/index.php\/2023\/08\/22\/generalowa-zamoyska-jest-patronka-sierpnia-w-mgbp\/#primaryimage","url":"https:\/\/biblioteka-gabin.pl\/wp-content\/uploads\/archive\/galleries\/506\/3662603021438369287695973927471916494429042n-d033ade4e2.jpg","contentUrl":"https:\/\/biblioteka-gabin.pl\/wp-content\/uploads\/archive\/galleries\/506\/3662603021438369287695973927471916494429042n-d033ade4e2.jpg"},{"@type":"BreadcrumbList","@id":"http:\/\/biblioteka-gabin.pl\/index.php\/2023\/08\/22\/generalowa-zamoyska-jest-patronka-sierpnia-w-mgbp\/#breadcrumb","itemListElement":[{"@type":"ListItem","position":1,"name":"Strona g\u0142\u00f3wna","item":"https:\/\/biblioteka-gabin.pl\/"},{"@type":"ListItem","position":2,"name":"Genera\u0142owa Zamoyska jest patronk\u0105 sierpnia w MGBP"}]},{"@type":"WebSite","@id":"https:\/\/biblioteka-gabin.pl\/#website","url":"https:\/\/biblioteka-gabin.pl\/","name":"Miejsko-Gminna Biblioteka Publiczna w G\u0105binie","description":"","publisher":{"@id":"https:\/\/biblioteka-gabin.pl\/#organization"},"potentialAction":[{"@type":"SearchAction","target":{"@type":"EntryPoint","urlTemplate":"https:\/\/biblioteka-gabin.pl\/?s={search_term_string}"},"query-input":{"@type":"PropertyValueSpecification","valueRequired":true,"valueName":"search_term_string"}}],"inLanguage":"pl-PL"},{"@type":"Organization","@id":"https:\/\/biblioteka-gabin.pl\/#organization","name":"Miejsko-Gminna Biblioteka Publiczna w G\u0105binie","url":"https:\/\/biblioteka-gabin.pl\/","logo":{"@type":"ImageObject","inLanguage":"pl-PL","@id":"https:\/\/biblioteka-gabin.pl\/#\/schema\/logo\/image\/","url":"https:\/\/biblioteka-gabin.pl\/wp-content\/uploads\/2025\/03\/logo-biblioteka-2-1657013691-1.jpg","contentUrl":"https:\/\/biblioteka-gabin.pl\/wp-content\/uploads\/2025\/03\/logo-biblioteka-2-1657013691-1.jpg","width":1600,"height":772,"caption":"Miejsko-Gminna Biblioteka Publiczna w G\u0105binie"},"image":{"@id":"https:\/\/biblioteka-gabin.pl\/#\/schema\/logo\/image\/"},"sameAs":["https:\/\/www.facebook.com\/bibliotekagabin","https:\/\/www.youtube.com\/@mgbpgabin9392"]},{"@type":"Person","@id":"https:\/\/biblioteka-gabin.pl\/#\/schema\/person\/2067b97c24663d987ef6ef95bed7c99a","name":"admin","image":{"@type":"ImageObject","inLanguage":"pl-PL","@id":"https:\/\/secure.gravatar.com\/avatar\/e1843904e97b4e376a0fc90ae10372cd31bce9b207a7a3d2ca68fc7ca7e4174c?s=96&d=mm&r=g","url":"https:\/\/secure.gravatar.com\/avatar\/e1843904e97b4e376a0fc90ae10372cd31bce9b207a7a3d2ca68fc7ca7e4174c?s=96&d=mm&r=g","contentUrl":"https:\/\/secure.gravatar.com\/avatar\/e1843904e97b4e376a0fc90ae10372cd31bce9b207a7a3d2ca68fc7ca7e4174c?s=96&d=mm&r=g","caption":"admin"},"sameAs":["http:\/\/strona.biblioteka-gabin.pl"],"url":"https:\/\/biblioteka-gabin.pl\/index.php\/author\/admin\/"}]}},"_links":{"self":[{"href":"https:\/\/biblioteka-gabin.pl\/index.php\/wp-json\/wp\/v2\/posts\/7905","targetHints":{"allow":["GET"]}}],"collection":[{"href":"https:\/\/biblioteka-gabin.pl\/index.php\/wp-json\/wp\/v2\/posts"}],"about":[{"href":"https:\/\/biblioteka-gabin.pl\/index.php\/wp-json\/wp\/v2\/types\/post"}],"author":[{"embeddable":true,"href":"https:\/\/biblioteka-gabin.pl\/index.php\/wp-json\/wp\/v2\/users\/1"}],"replies":[{"embeddable":true,"href":"https:\/\/biblioteka-gabin.pl\/index.php\/wp-json\/wp\/v2\/comments?post=7905"}],"version-history":[{"count":0,"href":"https:\/\/biblioteka-gabin.pl\/index.php\/wp-json\/wp\/v2\/posts\/7905\/revisions"}],"wp:attachment":[{"href":"https:\/\/biblioteka-gabin.pl\/index.php\/wp-json\/wp\/v2\/media?parent=7905"}],"wp:term":[{"taxonomy":"category","embeddable":true,"href":"https:\/\/biblioteka-gabin.pl\/index.php\/wp-json\/wp\/v2\/categories?post=7905"},{"taxonomy":"post_tag","embeddable":true,"href":"https:\/\/biblioteka-gabin.pl\/index.php\/wp-json\/wp\/v2\/tags?post=7905"}],"curies":[{"name":"wp","href":"https:\/\/api.w.org\/{rel}","templated":true}]}}