{"id":7935,"date":"2023-11-08T00:00:00","date_gmt":"2023-11-08T00:00:00","guid":{"rendered":"https:\/\/biblioteka-gabin.pl\/index.php\/2023\/11\/08\/jan-matejko-malarz-historii-narodu-polskiego\/"},"modified":"2023-11-08T00:00:00","modified_gmt":"2023-11-08T00:00:00","slug":"jan-matejko-malarz-historii-narodu-polskiego","status":"publish","type":"post","link":"https:\/\/biblioteka-gabin.pl\/index.php\/2023\/11\/08\/jan-matejko-malarz-historii-narodu-polskiego\/","title":{"rendered":"Jan Matejko &#8211; Malarz historii narodu polskiego"},"content":{"rendered":"<p>W listopadzie patronem, kt\u00f3ry mie\u015bci si\u0119 w gronie 12 os\u00f3b uhonorowanych przez Sejm RP jest Jan Matejko. Malarz, rysownik zwi\u0105zany z Krakowem, najwybitniejszy reprezentant nurtu historyzmu w malarstwie polskim. Urodzony w 1838 w Krakowie, gdzie zmar\u0142 w 1893. W ubieg\u0142a \u015brod\u0119 by\u0142a obchodzona jego 130. rocznica \u015bmierci.<br \/>\nSerdecznie zach\u0119camy do zapoznania si\u0119 z \u017cyciorysem malarza i wystawk\u0105 tematyczn\u0105, znajduj\u0105c\u0105 si\u0119 w Miejsko-Gminnej Bibliotece Publicznej w G\u0105binie, w Czytelni.<br \/>\nJeden z najwy\u017cej cenionych malarzy w historii sztuki polskiej, tw\u00f3rca narodowej szko\u0142y malarstwa historycznego, kt\u00f3re mia\u0142o spe\u0142ni\u0107 szczeg\u00f3ln\u0105 rol\u0119 w pa\u0144stwie pozbawionym suwerenno\u015bci politycznej w wyniku traktat\u00f3w rozbiorowych z lat 1772-1795. Ukazuj\u0105c dawn\u0105 wielko\u015b\u0107 Rzeczypospolitej i chwa\u0142\u0119 jej or\u0119\u017ca, Matejko pragn\u0105\u0142 kszta\u0142towa\u0107 serca<br \/>\ni umys\u0142y Polak\u00f3w, wskrzesi\u0107 wiar\u0119 w odrodzenie niepodleg\u0142ej ojczyzny. Jako pierwszy nada\u0142 tak wysok\u0105 rang\u0119 malarstwu historycznemu, zafascynowa\u0142 nim szerokie rzesze spo\u0142ecze\u0144stwa, zamanifestowa\u0142 na arenie mi\u0119dzynarodowej odr\u0119bny charakter i wysoki poziom artystyczny sztuki polskiej, zdobywaj\u0105c najwy\u017csze wyr\u00f3\u017cnienia na wystawach<br \/>\nw Pary\u017cu, Wiedniu czy Berlinie. Jako cz\u0142onek wielu presti\u017cowych Akademii i Instytut\u00f3w Sztuki stan\u0105\u0142 w szeregu najwybitniejszych malarzy europejskich drugiej po\u0142owy XIX w.<br \/>\nPierwsze obrazy<br \/>\nJeszcze przed uko\u0144czeniem trzydziestu lat artysta zyska\u0142 mi\u0119dzynarodow\u0105 s\u0142aw\u0119 i uznanie,<br \/>\na krytyka francuska w\u0142\u0105czy\u0142a go do grona najwybitniejszych tw\u00f3rc\u00f3w malarstwa historycznego w Europie. Pierwszy sukces odni\u00f3s\u0142 w 1865, zdobywaj\u0105c na dorocznym Salonie paryskim z\u0142oty medal za &#8222;Kazanie Skargi&#8221;. W dwa lata p\u00f3\u017aniej, na Wystawie Powszechnej w Pary\u017cu uzyska\u0142 z\u0142oty medal I klasy za obraz ,,Reytan na sejmie warszawskim 1773 roku&#8221;, kt\u00f3ry zosta\u0142 zakupiony przez cesarza Austrii Franciszka J\u00f3zefa. W tym samym 1867 roku artysta zosta\u0142 odznaczony krzy\u017cem rycerskim zakonu Franciszka J\u00f3zefa. Poczynaj\u0105c od 1865, Matejko wielokrotnie odwiedza\u0142 Pary\u017c (m.in. 1867, 1870, 1878, 1880) i Wiede\u0144 (m.in. 1866, 1867, 1870, 1872, 1873, 1882, 1888). W 1873 odby\u0142 r\u00f3wnie\u017c podr\u00f3\u017c do Pragi i Budapesztu,a na prze\u0142omie 1878\/79 i w 1883 wyje\u017cd\u017ca\u0142 do W\u0142och (m.in. Wenecja, Rzym, Florencja). W 1872 kilka miesi\u0119cy sp\u0119dzi\u0142 w Stambule, gdzie powsta\u0142y jedyne w jego dorobku artystycznym prace o tematyce orientalno-pejza\u017cowej. W 1873 otrzyma\u0142 oficjaln\u0105 propozycj\u0119 obj\u0119cia stanowiska dyrektora Akademii Sztuk Pi\u0119knych w Pradze. Odmowa Matejki sta\u0142a si\u0119 impulsem do zaproponowania mu analogicznego stanowiska w krakowskiej Szkole Sztuk Pi\u0119knych. Funkcj\u0119 t\u0119 pe\u0142ni\u0142 od 1873 do ko\u0144ca \u017cycia. Do grona jego uczni\u00f3w nale\u017celi m.in. wybitni tw\u00f3rcy sztuki polskiej okresu modernizmu &#8211; Jacek Malczewski, Stanis\u0142aw Wyspia\u0144ski, J\u00f3zef Mehoffer.<br \/>\nDuchowy w\u0142adca narodu<br \/>\nObok dzia\u0142alno\u015bci pedagogicznej Matejko po\u0142o\u017cy\u0142 ogromne zas\u0142ugi w zakresie opieki nad zabytkami Krakowa, uczestniczy\u0142 w pracach komisji konserwatorskich podczas odnawiania gotyckiego o\u0142tarza Wita Stwosza w Ko\u015bciele Mariackim (1867-69), restauracji gmachu Sukiennic (1875-79), zamku na Wawelu (1886) oraz Ko\u015bcio\u0142a Mariackiego (1889). Bra\u0142 udzia\u0142 w pracach naukowo-badawczych oraz wykonywa\u0142 rysunki inwentaryzacyjne podczas otwarcia w katedrze wawelskiej grob\u00f3w: Jana Kazimierza (1869), kr\u00f3lowej Jadwigi (1887) i kardyna\u0142a Ole\u015bnickiego (1887). W 1872 zosta\u0142 cz\u0142onkiem nadzwyczajnym Akademii Umiej\u0119tno\u015bci w Krakowie, w tym samym czasie uczestniczy\u0142 w pracach jej komisji nad stworzeniem ustawy o konserwacji zabytk\u00f3w. Wykonana wg projektu Matejki w latach 1889-91 polichromia wn\u0119trz ko\u015bcio\u0142a Mariackiego by\u0142a dzie\u0142em na\u00f3wczas nowatorskim, o pomnikowym wr\u0119cz znaczeniu dla odnowy tej ga\u0142\u0119zi malarstwa w Polsce. W 1887 artysta ufundowa\u0142 specjalne stypendium dla ucznia krakowskiej Szko\u0142y Sztuk Pi\u0119knych pragn\u0105cego kszta\u0142ci\u0107 si\u0119 w dziedzinie witra\u017cownictwa.<br \/>\nW 1883, po ofiarowaniu papie\u017cowi Leonowi XIII obrazu &#8222;Sobieski pod Wiedniem&#8221; jako daru od narodu polskiego, zosta\u0142 odznaczony Krzy\u017cem Komandorskim Orderu Piusa IX. Wyrazem uznania rodak\u00f3w dla jego patriotycznej postawy oraz zas\u0142ug w zakresie rozs\u0142awiania polskiej sztuki w Europie by\u0142a uroczysto\u015b\u0107 z 1878 roku, podczas kt\u00f3rej prezydent Krakowa, Miko\u0142aj Zyblikiewicz wr\u0119czy\u0142 arty\u015bcie ber\u0142o &#8211; symbol jego duchowej w\u0142adzy nad narodem w dobie bezkr\u00f3lewia. Matejko zosta\u0142 ponadto wyr\u00f3\u017cniony tytu\u0142em honorowego obywatela miasta Lwowa (1869) oraz Krakowa (1882). W 1883, z okazji dwudziestopi\u0119ciolecia pracy tw\u00f3rczej, w Zamku Kr\u00f3lewskim na Wawelu zosta\u0142a urz\u0105dzona wystawa jubileuszowa blisko stu dzie\u0142 artysty. Swoistym ho\u0142dem z\u0142o\u017conym Matejce przez polskie spo\u0142ecze\u0144stwo w rok po \u015bmierci artysty by\u0142o przygotowanie monumentalnej ekspozycji jego artystycznego dorobku na Powszechnej Wystawie Krajowej we Lwowie.<br \/>\nNiepowtarzalny styl<br \/>\nMatejko, podobnie jak wielu dziewi\u0119tnastowiecznych malarzy, ch\u0119tnie podejmowa\u0142 tematy nawi\u0105zuj\u0105ce do s\u0142awnych historycznych romans\u00f3w. Kolejny, charakterystycznydla \u00f3wczesnego malarstwa motyw tematyczny, wywodz\u0105cy si\u0119 jeszcze z ikonografii romantycznej, stanowi\u0142y wizerunki ludzi wybitnych &#8211; w\u0142adc\u00f3w, polityk\u00f3w, uczonych czy artyst\u00f3w obdarzonych nieprzeci\u0119tn\u0105 osobowo\u015bci\u0105, wyrastaj\u0105cych ponad og\u00f3\u0142 spo\u0142ecze\u0144stwa. Matejko odwo\u0142a\u0142 si\u0119 do niego w takich obrazach, jak: &#8222;Konrad Wallenrod&#8221;, 1863; &#8222;Ociemnia\u0142y Wit Stwosz z wnuczk\u0105&#8221;, 1865; &#8222;Alchemik S\u0119dziw\u00f3j&#8221;, 1867; &#8222;Miko\u0142aj Kopernik&#8221;, 1873; &#8222;Wernyhora&#8221;, 1883-84; &#8222;Zamoyski pod Byczyn\u0105&#8221;, 1884.<br \/>\nTym, co przede wszystkim odr\u00f3\u017cnia\u0142o jego obrazy od setek wsp\u00f3\u0142czesnych mu dzie\u0142 malarstwa historycznego by\u0142 jego stosunek do minionych epok, w kt\u00f3rych nie szuka\u0142 tylko barwnej, sensacyjnej czy sentymentalnej anegdoty. Histori\u0119 pojmowa\u0142 jako proces ci\u0105g\u0142y<br \/>\ni dynamiczny w swojej istocie. Za jedno z podstawowych zada\u0144 artysty uwa\u017ca\u0142 wnikliwe zbadanie zjawiska historycznego, pozwalaj\u0105ce na jego rzeteln\u0105 ocen\u0119 i moralny os\u0105d tworz\u0105cych je ludzi i si\u0142 politycznych. W malarskich wizjach przesz\u0142o\u015bci d\u0105\u017cy\u0142 przede wszystkim do wydobycia z mroku dziej\u00f3w \u017cywego, g\u0142\u0119boko czuj\u0105cego cz\u0142owieka, cz\u0119sto przedstawiaj\u0105c go w ognisku \u015bcieraj\u0105cych si\u0119 interes\u00f3w politycznych czy racji moralnych.<br \/>\nWyr\u00f3\u017cnia\u0142a go sk\u0142onno\u015b\u0107 artysty do komponowania t\u0142umnych, wielopostaciowych scen, cz\u0119sto rozwini\u0119tych panoramicznie, niczym barwne widowisko teatralne, rozgrywaj\u0105cych si\u0119 w pozbawionej g\u0142\u0119bi przestrzeni pierwszego planu, a tak\u017ce pot\u0119\u017cna skala ekspresji, niekiedy granicz\u0105ca z patosem, doskona\u0142a dramaturgia zar\u00f3wno w aran\u017cacji ca\u0142ych scen, jak i w oddaniu p\u00f3z i gest\u00f3w poszczeg\u00f3lnych postaci, dynamika linii konturu, efektowna, intensywna kolorystyka, cz\u0119sto oparta na dysonansach barw lokalnych, przede wszystkim za\u015b zdolno\u015b\u0107 kreowania postaci o niezwykle wyrazistych, pe\u0142nych ekspresji rysach fizjonomicznych i psychicznych. Trafnie uj\u0105\u0142 to Stanis\u0142aw Witkiewicz, pisz\u0105c o stworzonej przez niego specyficznej rasie ludzi, nacechowanych heroizmem i niez\u0142omn\u0105 wol\u0105, ulegaj\u0105cych wielkim nami\u0119tno\u015bciom, kt\u00f3re uzewn\u0119trzniaj\u0105 si\u0119 w ich patetycznych gestach czy w p\u0142on\u0105cych uniesieniem spojrzeniach.<br \/>\nAutor: Ewa Micke-Broniarek, Muzeum Narodowe w Warszawie, czerwiec 2004<br \/>\n\u0179r\u00f3d\u0142o: Culture.pl<br \/>\n<img src='https:\/\/biblioteka-gabin.pl\/wp-content\/uploads\/archive\/pliki\/obraz\/2023_\/listopad\/394699555_356674516768409_3043360532019310341_n.jpg'><\/p>\n","protected":false},"excerpt":{"rendered":"<p>W listopadzie patronem, kt\u00f3ry mie\u015bci si\u0119 w gronie 12 os\u00f3b<\/p>\n","protected":false},"author":1,"featured_media":0,"comment_status":"open","ping_status":"open","sticky":false,"template":"","format":"standard","meta":{"footnotes":""},"categories":[36],"tags":[],"class_list":["post-7935","post","type-post","status-publish","format-standard","hentry","category-main"],"yoast_head":"<!-- This site is optimized with the Yoast SEO plugin v27.4 - https:\/\/yoast.com\/product\/yoast-seo-wordpress\/ -->\n<title>Jan Matejko - Malarz historii narodu polskiego - Miejsko-Gminna Biblioteka Publiczna w G\u0105binie<\/title>\n<meta name=\"robots\" content=\"index, follow, max-snippet:-1, max-image-preview:large, max-video-preview:-1\" \/>\n<link rel=\"canonical\" href=\"http:\/\/biblioteka-gabin.pl\/index.php\/2023\/11\/08\/jan-matejko-malarz-historii-narodu-polskiego\/\" \/>\n<meta property=\"og:locale\" content=\"pl_PL\" \/>\n<meta property=\"og:type\" content=\"article\" \/>\n<meta property=\"og:title\" content=\"Jan Matejko - Malarz historii narodu polskiego - Miejsko-Gminna Biblioteka Publiczna w G\u0105binie\" \/>\n<meta property=\"og:description\" content=\"W listopadzie patronem, kt\u00f3ry mie\u015bci si\u0119 w gronie 12 os\u00f3b\" \/>\n<meta property=\"og:url\" content=\"http:\/\/biblioteka-gabin.pl\/index.php\/2023\/11\/08\/jan-matejko-malarz-historii-narodu-polskiego\/\" \/>\n<meta property=\"og:site_name\" content=\"Miejsko-Gminna Biblioteka Publiczna w G\u0105binie\" \/>\n<meta property=\"article:publisher\" content=\"https:\/\/www.facebook.com\/bibliotekagabin\" \/>\n<meta property=\"article:published_time\" content=\"2023-11-08T00:00:00+00:00\" \/>\n<meta property=\"og:image\" content=\"https:\/\/biblioteka-gabin.pl\/wp-content\/uploads\/archive\/pliki\/obraz\/2023_\/listopad\/394699555_356674516768409_3043360532019310341_n.jpg\" \/>\n<meta name=\"author\" content=\"admin\" \/>\n<meta name=\"twitter:card\" content=\"summary_large_image\" \/>\n<meta name=\"twitter:label1\" content=\"Napisane przez\" \/>\n\t<meta name=\"twitter:data1\" content=\"admin\" \/>\n\t<meta name=\"twitter:label2\" content=\"Szacowany czas czytania\" \/>\n\t<meta name=\"twitter:data2\" content=\"5 minut\" \/>\n<script type=\"application\/ld+json\" class=\"yoast-schema-graph\">{\"@context\":\"https:\\\/\\\/schema.org\",\"@graph\":[{\"@type\":\"Article\",\"@id\":\"http:\\\/\\\/biblioteka-gabin.pl\\\/index.php\\\/2023\\\/11\\\/08\\\/jan-matejko-malarz-historii-narodu-polskiego\\\/#article\",\"isPartOf\":{\"@id\":\"http:\\\/\\\/biblioteka-gabin.pl\\\/index.php\\\/2023\\\/11\\\/08\\\/jan-matejko-malarz-historii-narodu-polskiego\\\/\"},\"author\":{\"name\":\"admin\",\"@id\":\"https:\\\/\\\/biblioteka-gabin.pl\\\/#\\\/schema\\\/person\\\/2067b97c24663d987ef6ef95bed7c99a\"},\"headline\":\"Jan Matejko &#8211; Malarz historii narodu polskiego\",\"datePublished\":\"2023-11-08T00:00:00+00:00\",\"mainEntityOfPage\":{\"@id\":\"http:\\\/\\\/biblioteka-gabin.pl\\\/index.php\\\/2023\\\/11\\\/08\\\/jan-matejko-malarz-historii-narodu-polskiego\\\/\"},\"wordCount\":1097,\"commentCount\":0,\"publisher\":{\"@id\":\"https:\\\/\\\/biblioteka-gabin.pl\\\/#organization\"},\"image\":{\"@id\":\"http:\\\/\\\/biblioteka-gabin.pl\\\/index.php\\\/2023\\\/11\\\/08\\\/jan-matejko-malarz-historii-narodu-polskiego\\\/#primaryimage\"},\"thumbnailUrl\":\"https:\\\/\\\/biblioteka-gabin.pl\\\/wp-content\\\/uploads\\\/archive\\\/pliki\\\/obraz\\\/2023_\\\/listopad\\\/394699555_356674516768409_3043360532019310341_n.jpg\",\"articleSection\":[\"Main\"],\"inLanguage\":\"pl-PL\",\"potentialAction\":[{\"@type\":\"CommentAction\",\"name\":\"Comment\",\"target\":[\"http:\\\/\\\/biblioteka-gabin.pl\\\/index.php\\\/2023\\\/11\\\/08\\\/jan-matejko-malarz-historii-narodu-polskiego\\\/#respond\"]}]},{\"@type\":\"WebPage\",\"@id\":\"http:\\\/\\\/biblioteka-gabin.pl\\\/index.php\\\/2023\\\/11\\\/08\\\/jan-matejko-malarz-historii-narodu-polskiego\\\/\",\"url\":\"http:\\\/\\\/biblioteka-gabin.pl\\\/index.php\\\/2023\\\/11\\\/08\\\/jan-matejko-malarz-historii-narodu-polskiego\\\/\",\"name\":\"Jan Matejko - Malarz historii narodu polskiego - Miejsko-Gminna Biblioteka Publiczna w G\u0105binie\",\"isPartOf\":{\"@id\":\"https:\\\/\\\/biblioteka-gabin.pl\\\/#website\"},\"primaryImageOfPage\":{\"@id\":\"http:\\\/\\\/biblioteka-gabin.pl\\\/index.php\\\/2023\\\/11\\\/08\\\/jan-matejko-malarz-historii-narodu-polskiego\\\/#primaryimage\"},\"image\":{\"@id\":\"http:\\\/\\\/biblioteka-gabin.pl\\\/index.php\\\/2023\\\/11\\\/08\\\/jan-matejko-malarz-historii-narodu-polskiego\\\/#primaryimage\"},\"thumbnailUrl\":\"https:\\\/\\\/biblioteka-gabin.pl\\\/wp-content\\\/uploads\\\/archive\\\/pliki\\\/obraz\\\/2023_\\\/listopad\\\/394699555_356674516768409_3043360532019310341_n.jpg\",\"datePublished\":\"2023-11-08T00:00:00+00:00\",\"breadcrumb\":{\"@id\":\"http:\\\/\\\/biblioteka-gabin.pl\\\/index.php\\\/2023\\\/11\\\/08\\\/jan-matejko-malarz-historii-narodu-polskiego\\\/#breadcrumb\"},\"inLanguage\":\"pl-PL\",\"potentialAction\":[{\"@type\":\"ReadAction\",\"target\":[\"http:\\\/\\\/biblioteka-gabin.pl\\\/index.php\\\/2023\\\/11\\\/08\\\/jan-matejko-malarz-historii-narodu-polskiego\\\/\"]}]},{\"@type\":\"ImageObject\",\"inLanguage\":\"pl-PL\",\"@id\":\"http:\\\/\\\/biblioteka-gabin.pl\\\/index.php\\\/2023\\\/11\\\/08\\\/jan-matejko-malarz-historii-narodu-polskiego\\\/#primaryimage\",\"url\":\"https:\\\/\\\/biblioteka-gabin.pl\\\/wp-content\\\/uploads\\\/archive\\\/pliki\\\/obraz\\\/2023_\\\/listopad\\\/394699555_356674516768409_3043360532019310341_n.jpg\",\"contentUrl\":\"https:\\\/\\\/biblioteka-gabin.pl\\\/wp-content\\\/uploads\\\/archive\\\/pliki\\\/obraz\\\/2023_\\\/listopad\\\/394699555_356674516768409_3043360532019310341_n.jpg\"},{\"@type\":\"BreadcrumbList\",\"@id\":\"http:\\\/\\\/biblioteka-gabin.pl\\\/index.php\\\/2023\\\/11\\\/08\\\/jan-matejko-malarz-historii-narodu-polskiego\\\/#breadcrumb\",\"itemListElement\":[{\"@type\":\"ListItem\",\"position\":1,\"name\":\"Strona g\u0142\u00f3wna\",\"item\":\"https:\\\/\\\/biblioteka-gabin.pl\\\/\"},{\"@type\":\"ListItem\",\"position\":2,\"name\":\"Jan Matejko &#8211; Malarz historii narodu polskiego\"}]},{\"@type\":\"WebSite\",\"@id\":\"https:\\\/\\\/biblioteka-gabin.pl\\\/#website\",\"url\":\"https:\\\/\\\/biblioteka-gabin.pl\\\/\",\"name\":\"Miejsko-Gminna Biblioteka Publiczna w G\u0105binie\",\"description\":\"\",\"publisher\":{\"@id\":\"https:\\\/\\\/biblioteka-gabin.pl\\\/#organization\"},\"potentialAction\":[{\"@type\":\"SearchAction\",\"target\":{\"@type\":\"EntryPoint\",\"urlTemplate\":\"https:\\\/\\\/biblioteka-gabin.pl\\\/?s={search_term_string}\"},\"query-input\":{\"@type\":\"PropertyValueSpecification\",\"valueRequired\":true,\"valueName\":\"search_term_string\"}}],\"inLanguage\":\"pl-PL\"},{\"@type\":\"Organization\",\"@id\":\"https:\\\/\\\/biblioteka-gabin.pl\\\/#organization\",\"name\":\"Miejsko-Gminna Biblioteka Publiczna w G\u0105binie\",\"url\":\"https:\\\/\\\/biblioteka-gabin.pl\\\/\",\"logo\":{\"@type\":\"ImageObject\",\"inLanguage\":\"pl-PL\",\"@id\":\"https:\\\/\\\/biblioteka-gabin.pl\\\/#\\\/schema\\\/logo\\\/image\\\/\",\"url\":\"https:\\\/\\\/biblioteka-gabin.pl\\\/wp-content\\\/uploads\\\/2025\\\/03\\\/logo-biblioteka-2-1657013691-1.jpg\",\"contentUrl\":\"https:\\\/\\\/biblioteka-gabin.pl\\\/wp-content\\\/uploads\\\/2025\\\/03\\\/logo-biblioteka-2-1657013691-1.jpg\",\"width\":1600,\"height\":772,\"caption\":\"Miejsko-Gminna Biblioteka Publiczna w G\u0105binie\"},\"image\":{\"@id\":\"https:\\\/\\\/biblioteka-gabin.pl\\\/#\\\/schema\\\/logo\\\/image\\\/\"},\"sameAs\":[\"https:\\\/\\\/www.facebook.com\\\/bibliotekagabin\",\"https:\\\/\\\/www.youtube.com\\\/@mgbpgabin9392\"]},{\"@type\":\"Person\",\"@id\":\"https:\\\/\\\/biblioteka-gabin.pl\\\/#\\\/schema\\\/person\\\/2067b97c24663d987ef6ef95bed7c99a\",\"name\":\"admin\",\"image\":{\"@type\":\"ImageObject\",\"inLanguage\":\"pl-PL\",\"@id\":\"https:\\\/\\\/secure.gravatar.com\\\/avatar\\\/e1843904e97b4e376a0fc90ae10372cd31bce9b207a7a3d2ca68fc7ca7e4174c?s=96&d=mm&r=g\",\"url\":\"https:\\\/\\\/secure.gravatar.com\\\/avatar\\\/e1843904e97b4e376a0fc90ae10372cd31bce9b207a7a3d2ca68fc7ca7e4174c?s=96&d=mm&r=g\",\"contentUrl\":\"https:\\\/\\\/secure.gravatar.com\\\/avatar\\\/e1843904e97b4e376a0fc90ae10372cd31bce9b207a7a3d2ca68fc7ca7e4174c?s=96&d=mm&r=g\",\"caption\":\"admin\"},\"sameAs\":[\"http:\\\/\\\/strona.biblioteka-gabin.pl\"],\"url\":\"https:\\\/\\\/biblioteka-gabin.pl\\\/index.php\\\/author\\\/admin\\\/\"}]}<\/script>\n<!-- \/ Yoast SEO plugin. -->","yoast_head_json":{"title":"Jan Matejko - Malarz historii narodu polskiego - Miejsko-Gminna Biblioteka Publiczna w G\u0105binie","robots":{"index":"index","follow":"follow","max-snippet":"max-snippet:-1","max-image-preview":"max-image-preview:large","max-video-preview":"max-video-preview:-1"},"canonical":"http:\/\/biblioteka-gabin.pl\/index.php\/2023\/11\/08\/jan-matejko-malarz-historii-narodu-polskiego\/","og_locale":"pl_PL","og_type":"article","og_title":"Jan Matejko - Malarz historii narodu polskiego - Miejsko-Gminna Biblioteka Publiczna w G\u0105binie","og_description":"W listopadzie patronem, kt\u00f3ry mie\u015bci si\u0119 w gronie 12 os\u00f3b","og_url":"http:\/\/biblioteka-gabin.pl\/index.php\/2023\/11\/08\/jan-matejko-malarz-historii-narodu-polskiego\/","og_site_name":"Miejsko-Gminna Biblioteka Publiczna w G\u0105binie","article_publisher":"https:\/\/www.facebook.com\/bibliotekagabin","article_published_time":"2023-11-08T00:00:00+00:00","og_image":[{"url":"https:\/\/biblioteka-gabin.pl\/wp-content\/uploads\/archive\/pliki\/obraz\/2023_\/listopad\/394699555_356674516768409_3043360532019310341_n.jpg","type":"","width":"","height":""}],"author":"admin","twitter_card":"summary_large_image","twitter_misc":{"Napisane przez":"admin","Szacowany czas czytania":"5 minut"},"schema":{"@context":"https:\/\/schema.org","@graph":[{"@type":"Article","@id":"http:\/\/biblioteka-gabin.pl\/index.php\/2023\/11\/08\/jan-matejko-malarz-historii-narodu-polskiego\/#article","isPartOf":{"@id":"http:\/\/biblioteka-gabin.pl\/index.php\/2023\/11\/08\/jan-matejko-malarz-historii-narodu-polskiego\/"},"author":{"name":"admin","@id":"https:\/\/biblioteka-gabin.pl\/#\/schema\/person\/2067b97c24663d987ef6ef95bed7c99a"},"headline":"Jan Matejko &#8211; Malarz historii narodu polskiego","datePublished":"2023-11-08T00:00:00+00:00","mainEntityOfPage":{"@id":"http:\/\/biblioteka-gabin.pl\/index.php\/2023\/11\/08\/jan-matejko-malarz-historii-narodu-polskiego\/"},"wordCount":1097,"commentCount":0,"publisher":{"@id":"https:\/\/biblioteka-gabin.pl\/#organization"},"image":{"@id":"http:\/\/biblioteka-gabin.pl\/index.php\/2023\/11\/08\/jan-matejko-malarz-historii-narodu-polskiego\/#primaryimage"},"thumbnailUrl":"https:\/\/biblioteka-gabin.pl\/wp-content\/uploads\/archive\/pliki\/obraz\/2023_\/listopad\/394699555_356674516768409_3043360532019310341_n.jpg","articleSection":["Main"],"inLanguage":"pl-PL","potentialAction":[{"@type":"CommentAction","name":"Comment","target":["http:\/\/biblioteka-gabin.pl\/index.php\/2023\/11\/08\/jan-matejko-malarz-historii-narodu-polskiego\/#respond"]}]},{"@type":"WebPage","@id":"http:\/\/biblioteka-gabin.pl\/index.php\/2023\/11\/08\/jan-matejko-malarz-historii-narodu-polskiego\/","url":"http:\/\/biblioteka-gabin.pl\/index.php\/2023\/11\/08\/jan-matejko-malarz-historii-narodu-polskiego\/","name":"Jan Matejko - Malarz historii narodu polskiego - Miejsko-Gminna Biblioteka Publiczna w G\u0105binie","isPartOf":{"@id":"https:\/\/biblioteka-gabin.pl\/#website"},"primaryImageOfPage":{"@id":"http:\/\/biblioteka-gabin.pl\/index.php\/2023\/11\/08\/jan-matejko-malarz-historii-narodu-polskiego\/#primaryimage"},"image":{"@id":"http:\/\/biblioteka-gabin.pl\/index.php\/2023\/11\/08\/jan-matejko-malarz-historii-narodu-polskiego\/#primaryimage"},"thumbnailUrl":"https:\/\/biblioteka-gabin.pl\/wp-content\/uploads\/archive\/pliki\/obraz\/2023_\/listopad\/394699555_356674516768409_3043360532019310341_n.jpg","datePublished":"2023-11-08T00:00:00+00:00","breadcrumb":{"@id":"http:\/\/biblioteka-gabin.pl\/index.php\/2023\/11\/08\/jan-matejko-malarz-historii-narodu-polskiego\/#breadcrumb"},"inLanguage":"pl-PL","potentialAction":[{"@type":"ReadAction","target":["http:\/\/biblioteka-gabin.pl\/index.php\/2023\/11\/08\/jan-matejko-malarz-historii-narodu-polskiego\/"]}]},{"@type":"ImageObject","inLanguage":"pl-PL","@id":"http:\/\/biblioteka-gabin.pl\/index.php\/2023\/11\/08\/jan-matejko-malarz-historii-narodu-polskiego\/#primaryimage","url":"https:\/\/biblioteka-gabin.pl\/wp-content\/uploads\/archive\/pliki\/obraz\/2023_\/listopad\/394699555_356674516768409_3043360532019310341_n.jpg","contentUrl":"https:\/\/biblioteka-gabin.pl\/wp-content\/uploads\/archive\/pliki\/obraz\/2023_\/listopad\/394699555_356674516768409_3043360532019310341_n.jpg"},{"@type":"BreadcrumbList","@id":"http:\/\/biblioteka-gabin.pl\/index.php\/2023\/11\/08\/jan-matejko-malarz-historii-narodu-polskiego\/#breadcrumb","itemListElement":[{"@type":"ListItem","position":1,"name":"Strona g\u0142\u00f3wna","item":"https:\/\/biblioteka-gabin.pl\/"},{"@type":"ListItem","position":2,"name":"Jan Matejko &#8211; Malarz historii narodu polskiego"}]},{"@type":"WebSite","@id":"https:\/\/biblioteka-gabin.pl\/#website","url":"https:\/\/biblioteka-gabin.pl\/","name":"Miejsko-Gminna Biblioteka Publiczna w G\u0105binie","description":"","publisher":{"@id":"https:\/\/biblioteka-gabin.pl\/#organization"},"potentialAction":[{"@type":"SearchAction","target":{"@type":"EntryPoint","urlTemplate":"https:\/\/biblioteka-gabin.pl\/?s={search_term_string}"},"query-input":{"@type":"PropertyValueSpecification","valueRequired":true,"valueName":"search_term_string"}}],"inLanguage":"pl-PL"},{"@type":"Organization","@id":"https:\/\/biblioteka-gabin.pl\/#organization","name":"Miejsko-Gminna Biblioteka Publiczna w G\u0105binie","url":"https:\/\/biblioteka-gabin.pl\/","logo":{"@type":"ImageObject","inLanguage":"pl-PL","@id":"https:\/\/biblioteka-gabin.pl\/#\/schema\/logo\/image\/","url":"https:\/\/biblioteka-gabin.pl\/wp-content\/uploads\/2025\/03\/logo-biblioteka-2-1657013691-1.jpg","contentUrl":"https:\/\/biblioteka-gabin.pl\/wp-content\/uploads\/2025\/03\/logo-biblioteka-2-1657013691-1.jpg","width":1600,"height":772,"caption":"Miejsko-Gminna Biblioteka Publiczna w G\u0105binie"},"image":{"@id":"https:\/\/biblioteka-gabin.pl\/#\/schema\/logo\/image\/"},"sameAs":["https:\/\/www.facebook.com\/bibliotekagabin","https:\/\/www.youtube.com\/@mgbpgabin9392"]},{"@type":"Person","@id":"https:\/\/biblioteka-gabin.pl\/#\/schema\/person\/2067b97c24663d987ef6ef95bed7c99a","name":"admin","image":{"@type":"ImageObject","inLanguage":"pl-PL","@id":"https:\/\/secure.gravatar.com\/avatar\/e1843904e97b4e376a0fc90ae10372cd31bce9b207a7a3d2ca68fc7ca7e4174c?s=96&d=mm&r=g","url":"https:\/\/secure.gravatar.com\/avatar\/e1843904e97b4e376a0fc90ae10372cd31bce9b207a7a3d2ca68fc7ca7e4174c?s=96&d=mm&r=g","contentUrl":"https:\/\/secure.gravatar.com\/avatar\/e1843904e97b4e376a0fc90ae10372cd31bce9b207a7a3d2ca68fc7ca7e4174c?s=96&d=mm&r=g","caption":"admin"},"sameAs":["http:\/\/strona.biblioteka-gabin.pl"],"url":"https:\/\/biblioteka-gabin.pl\/index.php\/author\/admin\/"}]}},"_links":{"self":[{"href":"https:\/\/biblioteka-gabin.pl\/index.php\/wp-json\/wp\/v2\/posts\/7935","targetHints":{"allow":["GET"]}}],"collection":[{"href":"https:\/\/biblioteka-gabin.pl\/index.php\/wp-json\/wp\/v2\/posts"}],"about":[{"href":"https:\/\/biblioteka-gabin.pl\/index.php\/wp-json\/wp\/v2\/types\/post"}],"author":[{"embeddable":true,"href":"https:\/\/biblioteka-gabin.pl\/index.php\/wp-json\/wp\/v2\/users\/1"}],"replies":[{"embeddable":true,"href":"https:\/\/biblioteka-gabin.pl\/index.php\/wp-json\/wp\/v2\/comments?post=7935"}],"version-history":[{"count":0,"href":"https:\/\/biblioteka-gabin.pl\/index.php\/wp-json\/wp\/v2\/posts\/7935\/revisions"}],"wp:attachment":[{"href":"https:\/\/biblioteka-gabin.pl\/index.php\/wp-json\/wp\/v2\/media?parent=7935"}],"wp:term":[{"taxonomy":"category","embeddable":true,"href":"https:\/\/biblioteka-gabin.pl\/index.php\/wp-json\/wp\/v2\/categories?post=7935"},{"taxonomy":"post_tag","embeddable":true,"href":"https:\/\/biblioteka-gabin.pl\/index.php\/wp-json\/wp\/v2\/tags?post=7935"}],"curies":[{"name":"wp","href":"https:\/\/api.w.org\/{rel}","templated":true}]}}