{"id":8130,"date":"2023-04-13T00:00:00","date_gmt":"2023-04-13T00:00:00","guid":{"rendered":"https:\/\/biblioteka-gabin.pl\/index.php\/2023\/04\/13\/lekcja-biblioteczna-w-szkole-podstawowej-im-wladyslawa-reymonta-w-czermnie-12-04-23-r\/"},"modified":"2023-04-13T00:00:00","modified_gmt":"2023-04-13T00:00:00","slug":"lekcja-biblioteczna-w-szkole-podstawowej-im-wladyslawa-reymonta-w-czermnie-12-04-23-r","status":"publish","type":"post","link":"https:\/\/biblioteka-gabin.pl\/index.php\/2023\/04\/13\/lekcja-biblioteczna-w-szkole-podstawowej-im-wladyslawa-reymonta-w-czermnie-12-04-23-r\/","title":{"rendered":"Lekcja biblioteczna w Szkole Podstawowej im. W\u0142adys\u0142awa Reymonta w Czermnie (12.04.23 r.)"},"content":{"rendered":"<p>,,Z czym kojarzy Wam si\u0119 s\u0142owo <<pami\u0119\u0107>>? Jakie historie rodzinne mogliby\u015bcie opowiedzie\u0107? Kto by\u0142 ich autorem?\u201d \u2013 pyta\u0142a Karolina K\u0119dzia na lekcji bibliotecznej w Szkole Podstawowej im. W\u0142adys\u0142awa Reymonta w Czermnie, 12 kwietnia. Spotkanie dla dzieci z klas 1-3 dotyczy\u0142o 80. rocznicy wybuchu powstania w getcie warszawskim.<br \/>\n\u00a0\u00a0\u00a0\u00a0\u00a0 Nawi\u0105zuj\u0105c do rozmowy o pami\u0119ci na tablicy znajduj\u0105cej si\u0119 w klasie zosta\u0142y zapisane tematyczne skojarzenia. W\u015br\u00f3d nich znalaz\u0142y si\u0119 takie s\u0142owa jak: ,,wspomnienia\u201d, ,,nauka\u2019\u2019, ,,czytanie\u201d, ,,m\u00f3zg\u201d, a nawet \u2013 co bardzo ucieszy\u0142o prowadz\u0105c\u0105 spotkanie \u00a0&#8211; ,,ksi\u0105\u017cka\u201d.<br \/>\n\u00a0 \u00a0\u00a0\u00a0Ponadto dzieci opowiada\u0142y swoje historie rodzinne i zabawne wydarzenia z \u017cycia: szczeg\u00f3lnie z wakacji oraz urodzin. Nast\u0119pnie wsp\u00f3lnie z bibliotekark\u0105 porozmawiali o \u015bwi\u0119tach i uroczysto\u015bciach w Polsce i na \u015bwiecie. Podkre\u015blaj\u0105c jak wa\u017cna jest znajomo\u015b\u0107 wa\u017cnych wydarze\u0144 w naszym kraju dzieci pozna\u0142y histori\u0119 wybuchu powstania w getcie warszawskim. Jego symbolem jest \u017c\u00f3\u0142ty \u017conkil, kt\u00f3ry podczas lekcji bibliotekarka mia\u0142a przypi\u0119ty do ubrania. Dodatkowo dzieci zobaczy\u0142y plakat upami\u0119tniaj\u0105cy akcj\u0119 bojow\u0105.<br \/>\n\u00a0\u00a0\u00a0\u00a0\u00a0\u00a0 Podsumowuj\u0105c temat pami\u0119ci dzieci wymienia\u0142y sposoby i miejsca zapisywania ,,opowie\u015bci z przesz\u0142o\u015bci&#8221;. W\u015br\u00f3d nich znalaz\u0142y si\u0119 biblioteka, muzeum, album fotograficzny i przekaz bab\u0107 oraz dziadk\u00f3w.<br \/>\n\u00a0\u00a0\u00a0\u00a0\u00a0\u00a0 Lekcja zosta\u0142a poprowadzona cz\u0119\u015bciowo na podstawie materia\u0142\u00f3w edukacyjnych Muzeum Historii \u017byd\u00f3w Polskich przygotowanych z okazji 80. rocznicy wybuchu powstania w getcie warszawskim. Ponadto podczas niej dzieci zosta\u0142y zaproszone do projektu ,,Ma\u0142a ksi\u0105\u017cka &#8211; wielki cz\u0142owiek&#8221; Instytutu Ksi\u0105\u017cki z siedzib\u0105 w Krakowie.<br \/>\nOpr. Karolina K\u0119dzia<br \/>\n<img src='https:\/\/biblioteka-gabin.pl\/wp-content\/uploads\/archive\/pliki\/obraz\/2023_\/kwiecie\/339369003_171088222538475_52575245379910073_n.jpg'><br \/>\n<iframe width='420' height='315' src='https:\/\/www.youtube.com\/embed\/tsJ04B2w3L0'><\/iframe><br \/>\n<a href='https:\/\/biblioteka-gabin.pl\/wp-content\/uploads\/archive\/galleries\/466\/33936900317108822253847552575245379910073n-6f40b7b62a.jpg'><img style='max-height:300px;' src='https:\/\/biblioteka-gabin.pl\/wp-content\/uploads\/archive\/galleries\/466\/33936900317108822253847552575245379910073n-6f40b7b62a.jpg'><\/a><br \/>\n<a href='https:\/\/biblioteka-gabin.pl\/wp-content\/uploads\/archive\/galleries\/466\/33902850617848747019278184006839329439466690n-b4a5e22b82.jpg'><img style='max-height:300px;' src='https:\/\/biblioteka-gabin.pl\/wp-content\/uploads\/archive\/galleries\/466\/33902850617848747019278184006839329439466690n-b4a5e22b82.jpg'><\/a><br \/>\n<a href='https:\/\/biblioteka-gabin.pl\/wp-content\/uploads\/archive\/galleries\/466\/3381888556139503473079516917620517095766919n-6c09801f0c.jpg'><img style='max-height:300px;' src='https:\/\/biblioteka-gabin.pl\/wp-content\/uploads\/archive\/galleries\/466\/3381888556139503473079516917620517095766919n-6c09801f0c.jpg'><\/a><br \/>\n<a href='https:\/\/biblioteka-gabin.pl\/wp-content\/uploads\/archive\/galleries\/466\/33881723712178430021967825931141806323191029n-fa0376e31d.jpg'><img style='max-height:300px;' src='https:\/\/biblioteka-gabin.pl\/wp-content\/uploads\/archive\/galleries\/466\/33881723712178430021967825931141806323191029n-fa0376e31d.jpg'><\/a><br \/>\n<a href='https:\/\/biblioteka-gabin.pl\/wp-content\/uploads\/archive\/galleries\/466\/33792362514836404753766828201223082228168768n-8c9cc08c2b.jpg'><img style='max-height:300px;' src='https:\/\/biblioteka-gabin.pl\/wp-content\/uploads\/archive\/galleries\/466\/33792362514836404753766828201223082228168768n-8c9cc08c2b.jpg'><\/a><br \/>\n<a href='https:\/\/biblioteka-gabin.pl\/wp-content\/uploads\/archive\/galleries\/466\/339550911632336008737753163407734661519460n-4fe40a2dcf.jpg'><img style='max-height:300px;' src='https:\/\/biblioteka-gabin.pl\/wp-content\/uploads\/archive\/galleries\/466\/339550911632336008737753163407734661519460n-4fe40a2dcf.jpg'><\/a><br \/>\n<a href='https:\/\/biblioteka-gabin.pl\/wp-content\/uploads\/archive\/galleries\/466\/3395096529607012220298426667073338213837549n-4023d03fab.jpg'><img style='max-height:300px;' src='https:\/\/biblioteka-gabin.pl\/wp-content\/uploads\/archive\/galleries\/466\/3395096529607012220298426667073338213837549n-4023d03fab.jpg'><\/a><\/p>\n","protected":false},"excerpt":{"rendered":"<p>,,Z czym kojarzy Wam si\u0119 s\u0142owo ? Jakie historie rodzinne<\/p>\n","protected":false},"author":1,"featured_media":0,"comment_status":"open","ping_status":"open","sticky":false,"template":"","format":"standard","meta":{"footnotes":""},"categories":[36],"tags":[],"class_list":["post-8130","post","type-post","status-publish","format-standard","hentry","category-main"],"yoast_head":"<!-- This site is optimized with the Yoast SEO plugin v27.4 - https:\/\/yoast.com\/product\/yoast-seo-wordpress\/ -->\n<title>Lekcja biblioteczna w Szkole Podstawowej im. W\u0142adys\u0142awa Reymonta w Czermnie (12.04.23 r.) - Miejsko-Gminna Biblioteka Publiczna w G\u0105binie<\/title>\n<meta name=\"robots\" content=\"index, follow, max-snippet:-1, max-image-preview:large, max-video-preview:-1\" \/>\n<link rel=\"canonical\" href=\"http:\/\/biblioteka-gabin.pl\/index.php\/2023\/04\/13\/lekcja-biblioteczna-w-szkole-podstawowej-im-wladyslawa-reymonta-w-czermnie-12-04-23-r\/\" \/>\n<meta property=\"og:locale\" content=\"pl_PL\" \/>\n<meta property=\"og:type\" content=\"article\" \/>\n<meta property=\"og:title\" content=\"Lekcja biblioteczna w Szkole Podstawowej im. W\u0142adys\u0142awa Reymonta w Czermnie (12.04.23 r.) - Miejsko-Gminna Biblioteka Publiczna w G\u0105binie\" \/>\n<meta property=\"og:description\" content=\",,Z czym kojarzy Wam si\u0119 s\u0142owo ? Jakie historie rodzinne\" \/>\n<meta property=\"og:url\" content=\"http:\/\/biblioteka-gabin.pl\/index.php\/2023\/04\/13\/lekcja-biblioteczna-w-szkole-podstawowej-im-wladyslawa-reymonta-w-czermnie-12-04-23-r\/\" \/>\n<meta property=\"og:site_name\" content=\"Miejsko-Gminna Biblioteka Publiczna w G\u0105binie\" \/>\n<meta property=\"article:publisher\" content=\"https:\/\/www.facebook.com\/bibliotekagabin\" \/>\n<meta property=\"article:published_time\" content=\"2023-04-13T00:00:00+00:00\" \/>\n<meta property=\"og:image\" content=\"https:\/\/biblioteka-gabin.pl\/wp-content\/uploads\/archive\/pliki\/obraz\/2023_\/kwiecie\/339369003_171088222538475_52575245379910073_n.jpg\" \/>\n<meta name=\"author\" content=\"admin\" \/>\n<meta name=\"twitter:card\" content=\"summary_large_image\" \/>\n<meta name=\"twitter:label1\" content=\"Napisane przez\" \/>\n\t<meta name=\"twitter:data1\" content=\"admin\" \/>\n\t<meta name=\"twitter:label2\" content=\"Szacowany czas czytania\" \/>\n\t<meta name=\"twitter:data2\" content=\"1 minuta\" \/>\n<script type=\"application\/ld+json\" class=\"yoast-schema-graph\">{\"@context\":\"https:\\\/\\\/schema.org\",\"@graph\":[{\"@type\":\"Article\",\"@id\":\"http:\\\/\\\/biblioteka-gabin.pl\\\/index.php\\\/2023\\\/04\\\/13\\\/lekcja-biblioteczna-w-szkole-podstawowej-im-wladyslawa-reymonta-w-czermnie-12-04-23-r\\\/#article\",\"isPartOf\":{\"@id\":\"http:\\\/\\\/biblioteka-gabin.pl\\\/index.php\\\/2023\\\/04\\\/13\\\/lekcja-biblioteczna-w-szkole-podstawowej-im-wladyslawa-reymonta-w-czermnie-12-04-23-r\\\/\"},\"author\":{\"name\":\"admin\",\"@id\":\"https:\\\/\\\/biblioteka-gabin.pl\\\/#\\\/schema\\\/person\\\/2067b97c24663d987ef6ef95bed7c99a\"},\"headline\":\"Lekcja biblioteczna w Szkole Podstawowej im. W\u0142adys\u0142awa Reymonta w Czermnie (12.04.23 r.)\",\"datePublished\":\"2023-04-13T00:00:00+00:00\",\"mainEntityOfPage\":{\"@id\":\"http:\\\/\\\/biblioteka-gabin.pl\\\/index.php\\\/2023\\\/04\\\/13\\\/lekcja-biblioteczna-w-szkole-podstawowej-im-wladyslawa-reymonta-w-czermnie-12-04-23-r\\\/\"},\"wordCount\":284,\"commentCount\":0,\"publisher\":{\"@id\":\"https:\\\/\\\/biblioteka-gabin.pl\\\/#organization\"},\"image\":{\"@id\":\"http:\\\/\\\/biblioteka-gabin.pl\\\/index.php\\\/2023\\\/04\\\/13\\\/lekcja-biblioteczna-w-szkole-podstawowej-im-wladyslawa-reymonta-w-czermnie-12-04-23-r\\\/#primaryimage\"},\"thumbnailUrl\":\"https:\\\/\\\/biblioteka-gabin.pl\\\/wp-content\\\/uploads\\\/archive\\\/pliki\\\/obraz\\\/2023_\\\/kwiecie\\\/339369003_171088222538475_52575245379910073_n.jpg\",\"articleSection\":[\"Main\"],\"inLanguage\":\"pl-PL\",\"potentialAction\":[{\"@type\":\"CommentAction\",\"name\":\"Comment\",\"target\":[\"http:\\\/\\\/biblioteka-gabin.pl\\\/index.php\\\/2023\\\/04\\\/13\\\/lekcja-biblioteczna-w-szkole-podstawowej-im-wladyslawa-reymonta-w-czermnie-12-04-23-r\\\/#respond\"]}]},{\"@type\":\"WebPage\",\"@id\":\"http:\\\/\\\/biblioteka-gabin.pl\\\/index.php\\\/2023\\\/04\\\/13\\\/lekcja-biblioteczna-w-szkole-podstawowej-im-wladyslawa-reymonta-w-czermnie-12-04-23-r\\\/\",\"url\":\"http:\\\/\\\/biblioteka-gabin.pl\\\/index.php\\\/2023\\\/04\\\/13\\\/lekcja-biblioteczna-w-szkole-podstawowej-im-wladyslawa-reymonta-w-czermnie-12-04-23-r\\\/\",\"name\":\"Lekcja biblioteczna w Szkole Podstawowej im. W\u0142adys\u0142awa Reymonta w Czermnie (12.04.23 r.) - Miejsko-Gminna Biblioteka Publiczna w G\u0105binie\",\"isPartOf\":{\"@id\":\"https:\\\/\\\/biblioteka-gabin.pl\\\/#website\"},\"primaryImageOfPage\":{\"@id\":\"http:\\\/\\\/biblioteka-gabin.pl\\\/index.php\\\/2023\\\/04\\\/13\\\/lekcja-biblioteczna-w-szkole-podstawowej-im-wladyslawa-reymonta-w-czermnie-12-04-23-r\\\/#primaryimage\"},\"image\":{\"@id\":\"http:\\\/\\\/biblioteka-gabin.pl\\\/index.php\\\/2023\\\/04\\\/13\\\/lekcja-biblioteczna-w-szkole-podstawowej-im-wladyslawa-reymonta-w-czermnie-12-04-23-r\\\/#primaryimage\"},\"thumbnailUrl\":\"https:\\\/\\\/biblioteka-gabin.pl\\\/wp-content\\\/uploads\\\/archive\\\/pliki\\\/obraz\\\/2023_\\\/kwiecie\\\/339369003_171088222538475_52575245379910073_n.jpg\",\"datePublished\":\"2023-04-13T00:00:00+00:00\",\"breadcrumb\":{\"@id\":\"http:\\\/\\\/biblioteka-gabin.pl\\\/index.php\\\/2023\\\/04\\\/13\\\/lekcja-biblioteczna-w-szkole-podstawowej-im-wladyslawa-reymonta-w-czermnie-12-04-23-r\\\/#breadcrumb\"},\"inLanguage\":\"pl-PL\",\"potentialAction\":[{\"@type\":\"ReadAction\",\"target\":[\"http:\\\/\\\/biblioteka-gabin.pl\\\/index.php\\\/2023\\\/04\\\/13\\\/lekcja-biblioteczna-w-szkole-podstawowej-im-wladyslawa-reymonta-w-czermnie-12-04-23-r\\\/\"]}]},{\"@type\":\"ImageObject\",\"inLanguage\":\"pl-PL\",\"@id\":\"http:\\\/\\\/biblioteka-gabin.pl\\\/index.php\\\/2023\\\/04\\\/13\\\/lekcja-biblioteczna-w-szkole-podstawowej-im-wladyslawa-reymonta-w-czermnie-12-04-23-r\\\/#primaryimage\",\"url\":\"https:\\\/\\\/biblioteka-gabin.pl\\\/wp-content\\\/uploads\\\/archive\\\/pliki\\\/obraz\\\/2023_\\\/kwiecie\\\/339369003_171088222538475_52575245379910073_n.jpg\",\"contentUrl\":\"https:\\\/\\\/biblioteka-gabin.pl\\\/wp-content\\\/uploads\\\/archive\\\/pliki\\\/obraz\\\/2023_\\\/kwiecie\\\/339369003_171088222538475_52575245379910073_n.jpg\"},{\"@type\":\"BreadcrumbList\",\"@id\":\"http:\\\/\\\/biblioteka-gabin.pl\\\/index.php\\\/2023\\\/04\\\/13\\\/lekcja-biblioteczna-w-szkole-podstawowej-im-wladyslawa-reymonta-w-czermnie-12-04-23-r\\\/#breadcrumb\",\"itemListElement\":[{\"@type\":\"ListItem\",\"position\":1,\"name\":\"Strona g\u0142\u00f3wna\",\"item\":\"https:\\\/\\\/biblioteka-gabin.pl\\\/\"},{\"@type\":\"ListItem\",\"position\":2,\"name\":\"Lekcja biblioteczna w Szkole Podstawowej im. W\u0142adys\u0142awa Reymonta w Czermnie (12.04.23 r.)\"}]},{\"@type\":\"WebSite\",\"@id\":\"https:\\\/\\\/biblioteka-gabin.pl\\\/#website\",\"url\":\"https:\\\/\\\/biblioteka-gabin.pl\\\/\",\"name\":\"Miejsko-Gminna Biblioteka Publiczna w G\u0105binie\",\"description\":\"\",\"publisher\":{\"@id\":\"https:\\\/\\\/biblioteka-gabin.pl\\\/#organization\"},\"potentialAction\":[{\"@type\":\"SearchAction\",\"target\":{\"@type\":\"EntryPoint\",\"urlTemplate\":\"https:\\\/\\\/biblioteka-gabin.pl\\\/?s={search_term_string}\"},\"query-input\":{\"@type\":\"PropertyValueSpecification\",\"valueRequired\":true,\"valueName\":\"search_term_string\"}}],\"inLanguage\":\"pl-PL\"},{\"@type\":\"Organization\",\"@id\":\"https:\\\/\\\/biblioteka-gabin.pl\\\/#organization\",\"name\":\"Miejsko-Gminna Biblioteka Publiczna w G\u0105binie\",\"url\":\"https:\\\/\\\/biblioteka-gabin.pl\\\/\",\"logo\":{\"@type\":\"ImageObject\",\"inLanguage\":\"pl-PL\",\"@id\":\"https:\\\/\\\/biblioteka-gabin.pl\\\/#\\\/schema\\\/logo\\\/image\\\/\",\"url\":\"https:\\\/\\\/biblioteka-gabin.pl\\\/wp-content\\\/uploads\\\/2025\\\/03\\\/logo-biblioteka-2-1657013691-1.jpg\",\"contentUrl\":\"https:\\\/\\\/biblioteka-gabin.pl\\\/wp-content\\\/uploads\\\/2025\\\/03\\\/logo-biblioteka-2-1657013691-1.jpg\",\"width\":1600,\"height\":772,\"caption\":\"Miejsko-Gminna Biblioteka Publiczna w G\u0105binie\"},\"image\":{\"@id\":\"https:\\\/\\\/biblioteka-gabin.pl\\\/#\\\/schema\\\/logo\\\/image\\\/\"},\"sameAs\":[\"https:\\\/\\\/www.facebook.com\\\/bibliotekagabin\",\"https:\\\/\\\/www.youtube.com\\\/@mgbpgabin9392\"]},{\"@type\":\"Person\",\"@id\":\"https:\\\/\\\/biblioteka-gabin.pl\\\/#\\\/schema\\\/person\\\/2067b97c24663d987ef6ef95bed7c99a\",\"name\":\"admin\",\"image\":{\"@type\":\"ImageObject\",\"inLanguage\":\"pl-PL\",\"@id\":\"https:\\\/\\\/secure.gravatar.com\\\/avatar\\\/e1843904e97b4e376a0fc90ae10372cd31bce9b207a7a3d2ca68fc7ca7e4174c?s=96&d=mm&r=g\",\"url\":\"https:\\\/\\\/secure.gravatar.com\\\/avatar\\\/e1843904e97b4e376a0fc90ae10372cd31bce9b207a7a3d2ca68fc7ca7e4174c?s=96&d=mm&r=g\",\"contentUrl\":\"https:\\\/\\\/secure.gravatar.com\\\/avatar\\\/e1843904e97b4e376a0fc90ae10372cd31bce9b207a7a3d2ca68fc7ca7e4174c?s=96&d=mm&r=g\",\"caption\":\"admin\"},\"sameAs\":[\"http:\\\/\\\/strona.biblioteka-gabin.pl\"],\"url\":\"https:\\\/\\\/biblioteka-gabin.pl\\\/index.php\\\/author\\\/admin\\\/\"}]}<\/script>\n<!-- \/ Yoast SEO plugin. -->","yoast_head_json":{"title":"Lekcja biblioteczna w Szkole Podstawowej im. W\u0142adys\u0142awa Reymonta w Czermnie (12.04.23 r.) - Miejsko-Gminna Biblioteka Publiczna w G\u0105binie","robots":{"index":"index","follow":"follow","max-snippet":"max-snippet:-1","max-image-preview":"max-image-preview:large","max-video-preview":"max-video-preview:-1"},"canonical":"http:\/\/biblioteka-gabin.pl\/index.php\/2023\/04\/13\/lekcja-biblioteczna-w-szkole-podstawowej-im-wladyslawa-reymonta-w-czermnie-12-04-23-r\/","og_locale":"pl_PL","og_type":"article","og_title":"Lekcja biblioteczna w Szkole Podstawowej im. W\u0142adys\u0142awa Reymonta w Czermnie (12.04.23 r.) - Miejsko-Gminna Biblioteka Publiczna w G\u0105binie","og_description":",,Z czym kojarzy Wam si\u0119 s\u0142owo ? Jakie historie rodzinne","og_url":"http:\/\/biblioteka-gabin.pl\/index.php\/2023\/04\/13\/lekcja-biblioteczna-w-szkole-podstawowej-im-wladyslawa-reymonta-w-czermnie-12-04-23-r\/","og_site_name":"Miejsko-Gminna Biblioteka Publiczna w G\u0105binie","article_publisher":"https:\/\/www.facebook.com\/bibliotekagabin","article_published_time":"2023-04-13T00:00:00+00:00","og_image":[{"url":"https:\/\/biblioteka-gabin.pl\/wp-content\/uploads\/archive\/pliki\/obraz\/2023_\/kwiecie\/339369003_171088222538475_52575245379910073_n.jpg","type":"","width":"","height":""}],"author":"admin","twitter_card":"summary_large_image","twitter_misc":{"Napisane przez":"admin","Szacowany czas czytania":"1 minuta"},"schema":{"@context":"https:\/\/schema.org","@graph":[{"@type":"Article","@id":"http:\/\/biblioteka-gabin.pl\/index.php\/2023\/04\/13\/lekcja-biblioteczna-w-szkole-podstawowej-im-wladyslawa-reymonta-w-czermnie-12-04-23-r\/#article","isPartOf":{"@id":"http:\/\/biblioteka-gabin.pl\/index.php\/2023\/04\/13\/lekcja-biblioteczna-w-szkole-podstawowej-im-wladyslawa-reymonta-w-czermnie-12-04-23-r\/"},"author":{"name":"admin","@id":"https:\/\/biblioteka-gabin.pl\/#\/schema\/person\/2067b97c24663d987ef6ef95bed7c99a"},"headline":"Lekcja biblioteczna w Szkole Podstawowej im. W\u0142adys\u0142awa Reymonta w Czermnie (12.04.23 r.)","datePublished":"2023-04-13T00:00:00+00:00","mainEntityOfPage":{"@id":"http:\/\/biblioteka-gabin.pl\/index.php\/2023\/04\/13\/lekcja-biblioteczna-w-szkole-podstawowej-im-wladyslawa-reymonta-w-czermnie-12-04-23-r\/"},"wordCount":284,"commentCount":0,"publisher":{"@id":"https:\/\/biblioteka-gabin.pl\/#organization"},"image":{"@id":"http:\/\/biblioteka-gabin.pl\/index.php\/2023\/04\/13\/lekcja-biblioteczna-w-szkole-podstawowej-im-wladyslawa-reymonta-w-czermnie-12-04-23-r\/#primaryimage"},"thumbnailUrl":"https:\/\/biblioteka-gabin.pl\/wp-content\/uploads\/archive\/pliki\/obraz\/2023_\/kwiecie\/339369003_171088222538475_52575245379910073_n.jpg","articleSection":["Main"],"inLanguage":"pl-PL","potentialAction":[{"@type":"CommentAction","name":"Comment","target":["http:\/\/biblioteka-gabin.pl\/index.php\/2023\/04\/13\/lekcja-biblioteczna-w-szkole-podstawowej-im-wladyslawa-reymonta-w-czermnie-12-04-23-r\/#respond"]}]},{"@type":"WebPage","@id":"http:\/\/biblioteka-gabin.pl\/index.php\/2023\/04\/13\/lekcja-biblioteczna-w-szkole-podstawowej-im-wladyslawa-reymonta-w-czermnie-12-04-23-r\/","url":"http:\/\/biblioteka-gabin.pl\/index.php\/2023\/04\/13\/lekcja-biblioteczna-w-szkole-podstawowej-im-wladyslawa-reymonta-w-czermnie-12-04-23-r\/","name":"Lekcja biblioteczna w Szkole Podstawowej im. W\u0142adys\u0142awa Reymonta w Czermnie (12.04.23 r.) - Miejsko-Gminna Biblioteka Publiczna w G\u0105binie","isPartOf":{"@id":"https:\/\/biblioteka-gabin.pl\/#website"},"primaryImageOfPage":{"@id":"http:\/\/biblioteka-gabin.pl\/index.php\/2023\/04\/13\/lekcja-biblioteczna-w-szkole-podstawowej-im-wladyslawa-reymonta-w-czermnie-12-04-23-r\/#primaryimage"},"image":{"@id":"http:\/\/biblioteka-gabin.pl\/index.php\/2023\/04\/13\/lekcja-biblioteczna-w-szkole-podstawowej-im-wladyslawa-reymonta-w-czermnie-12-04-23-r\/#primaryimage"},"thumbnailUrl":"https:\/\/biblioteka-gabin.pl\/wp-content\/uploads\/archive\/pliki\/obraz\/2023_\/kwiecie\/339369003_171088222538475_52575245379910073_n.jpg","datePublished":"2023-04-13T00:00:00+00:00","breadcrumb":{"@id":"http:\/\/biblioteka-gabin.pl\/index.php\/2023\/04\/13\/lekcja-biblioteczna-w-szkole-podstawowej-im-wladyslawa-reymonta-w-czermnie-12-04-23-r\/#breadcrumb"},"inLanguage":"pl-PL","potentialAction":[{"@type":"ReadAction","target":["http:\/\/biblioteka-gabin.pl\/index.php\/2023\/04\/13\/lekcja-biblioteczna-w-szkole-podstawowej-im-wladyslawa-reymonta-w-czermnie-12-04-23-r\/"]}]},{"@type":"ImageObject","inLanguage":"pl-PL","@id":"http:\/\/biblioteka-gabin.pl\/index.php\/2023\/04\/13\/lekcja-biblioteczna-w-szkole-podstawowej-im-wladyslawa-reymonta-w-czermnie-12-04-23-r\/#primaryimage","url":"https:\/\/biblioteka-gabin.pl\/wp-content\/uploads\/archive\/pliki\/obraz\/2023_\/kwiecie\/339369003_171088222538475_52575245379910073_n.jpg","contentUrl":"https:\/\/biblioteka-gabin.pl\/wp-content\/uploads\/archive\/pliki\/obraz\/2023_\/kwiecie\/339369003_171088222538475_52575245379910073_n.jpg"},{"@type":"BreadcrumbList","@id":"http:\/\/biblioteka-gabin.pl\/index.php\/2023\/04\/13\/lekcja-biblioteczna-w-szkole-podstawowej-im-wladyslawa-reymonta-w-czermnie-12-04-23-r\/#breadcrumb","itemListElement":[{"@type":"ListItem","position":1,"name":"Strona g\u0142\u00f3wna","item":"https:\/\/biblioteka-gabin.pl\/"},{"@type":"ListItem","position":2,"name":"Lekcja biblioteczna w Szkole Podstawowej im. W\u0142adys\u0142awa Reymonta w Czermnie (12.04.23 r.)"}]},{"@type":"WebSite","@id":"https:\/\/biblioteka-gabin.pl\/#website","url":"https:\/\/biblioteka-gabin.pl\/","name":"Miejsko-Gminna Biblioteka Publiczna w G\u0105binie","description":"","publisher":{"@id":"https:\/\/biblioteka-gabin.pl\/#organization"},"potentialAction":[{"@type":"SearchAction","target":{"@type":"EntryPoint","urlTemplate":"https:\/\/biblioteka-gabin.pl\/?s={search_term_string}"},"query-input":{"@type":"PropertyValueSpecification","valueRequired":true,"valueName":"search_term_string"}}],"inLanguage":"pl-PL"},{"@type":"Organization","@id":"https:\/\/biblioteka-gabin.pl\/#organization","name":"Miejsko-Gminna Biblioteka Publiczna w G\u0105binie","url":"https:\/\/biblioteka-gabin.pl\/","logo":{"@type":"ImageObject","inLanguage":"pl-PL","@id":"https:\/\/biblioteka-gabin.pl\/#\/schema\/logo\/image\/","url":"https:\/\/biblioteka-gabin.pl\/wp-content\/uploads\/2025\/03\/logo-biblioteka-2-1657013691-1.jpg","contentUrl":"https:\/\/biblioteka-gabin.pl\/wp-content\/uploads\/2025\/03\/logo-biblioteka-2-1657013691-1.jpg","width":1600,"height":772,"caption":"Miejsko-Gminna Biblioteka Publiczna w G\u0105binie"},"image":{"@id":"https:\/\/biblioteka-gabin.pl\/#\/schema\/logo\/image\/"},"sameAs":["https:\/\/www.facebook.com\/bibliotekagabin","https:\/\/www.youtube.com\/@mgbpgabin9392"]},{"@type":"Person","@id":"https:\/\/biblioteka-gabin.pl\/#\/schema\/person\/2067b97c24663d987ef6ef95bed7c99a","name":"admin","image":{"@type":"ImageObject","inLanguage":"pl-PL","@id":"https:\/\/secure.gravatar.com\/avatar\/e1843904e97b4e376a0fc90ae10372cd31bce9b207a7a3d2ca68fc7ca7e4174c?s=96&d=mm&r=g","url":"https:\/\/secure.gravatar.com\/avatar\/e1843904e97b4e376a0fc90ae10372cd31bce9b207a7a3d2ca68fc7ca7e4174c?s=96&d=mm&r=g","contentUrl":"https:\/\/secure.gravatar.com\/avatar\/e1843904e97b4e376a0fc90ae10372cd31bce9b207a7a3d2ca68fc7ca7e4174c?s=96&d=mm&r=g","caption":"admin"},"sameAs":["http:\/\/strona.biblioteka-gabin.pl"],"url":"https:\/\/biblioteka-gabin.pl\/index.php\/author\/admin\/"}]}},"_links":{"self":[{"href":"https:\/\/biblioteka-gabin.pl\/index.php\/wp-json\/wp\/v2\/posts\/8130","targetHints":{"allow":["GET"]}}],"collection":[{"href":"https:\/\/biblioteka-gabin.pl\/index.php\/wp-json\/wp\/v2\/posts"}],"about":[{"href":"https:\/\/biblioteka-gabin.pl\/index.php\/wp-json\/wp\/v2\/types\/post"}],"author":[{"embeddable":true,"href":"https:\/\/biblioteka-gabin.pl\/index.php\/wp-json\/wp\/v2\/users\/1"}],"replies":[{"embeddable":true,"href":"https:\/\/biblioteka-gabin.pl\/index.php\/wp-json\/wp\/v2\/comments?post=8130"}],"version-history":[{"count":0,"href":"https:\/\/biblioteka-gabin.pl\/index.php\/wp-json\/wp\/v2\/posts\/8130\/revisions"}],"wp:attachment":[{"href":"https:\/\/biblioteka-gabin.pl\/index.php\/wp-json\/wp\/v2\/media?parent=8130"}],"wp:term":[{"taxonomy":"category","embeddable":true,"href":"https:\/\/biblioteka-gabin.pl\/index.php\/wp-json\/wp\/v2\/categories?post=8130"},{"taxonomy":"post_tag","embeddable":true,"href":"https:\/\/biblioteka-gabin.pl\/index.php\/wp-json\/wp\/v2\/tags?post=8130"}],"curies":[{"name":"wp","href":"https:\/\/api.w.org\/{rel}","templated":true}]}}