{"id":8137,"date":"2023-10-27T00:00:00","date_gmt":"2023-10-27T00:00:00","guid":{"rendered":"https:\/\/biblioteka-gabin.pl\/index.php\/2023\/10\/27\/lekcja-biblioteczna-z-klasa-iii-ze-szkoly-podstawowej-w-gabinie-23-10-2023r\/"},"modified":"2023-10-27T00:00:00","modified_gmt":"2023-10-27T00:00:00","slug":"lekcja-biblioteczna-z-klasa-iii-ze-szkoly-podstawowej-w-gabinie-23-10-2023r","status":"publish","type":"post","link":"https:\/\/biblioteka-gabin.pl\/index.php\/2023\/10\/27\/lekcja-biblioteczna-z-klasa-iii-ze-szkoly-podstawowej-w-gabinie-23-10-2023r\/","title":{"rendered":"Lekcja biblioteczna z klas\u0105 III ze Szko\u0142y Podstawowej w G\u0105binie (23.10.2023r.)"},"content":{"rendered":"<p>Jak\u017ce mi\u0142o by\u0142o nam powita\u0107 po raz ju\u017c kolejny klas\u0119 III ze Szko\u0142y Podstawowej im . M. Konopnickiej z G\u0105bina wraz z wychowawc\u0105 Pani\u0105 Danut\u0105 Ziarkowsk\u0105.<br \/>\n\u00a0\u00a0\u00a0 Uczniowie uczestniczyli w lekcji bibliotecznej dotycz\u0105cej lektury A. Lindgren pt. \u201e Dzieci z Bullerbyn\u201d. Zaj\u0119cia poprowadzi\u0142a Pani Ewa Lewandowska, kt\u00f3ra przygotowa\u0142a dla wszystkich pewien quiz zwi\u0105zany z tematem spotkania. Klasa obecnie omawia t\u0105 lektur\u0119, wi\u0119c zagadki by\u0142y \u015bwietnym jej dope\u0142nieniem. Pad\u0142y m. in. takie pytania jak: Czym jest Bullurbyn?; Kto jest narratorem w ksi\u0105\u017cce?; Od kogo dzieci z Bullerbyn dosta\u0142y trzy koty?; Jakie obowi\u0105zki mia\u0142y dzieci podczas wakacji?<br \/>\n\u00a0Quiz okaza\u0142 si\u0119 \u015bwietn\u0105 zabaw\u0105 dla wszystkich. Ponadto dzieci odczyta\u0142y fragmenty ksi\u0105\u017cki. By\u0142 to idealny moment, by przypomnie\u0107 sobie niekt\u00f3re przygody znakomitej grupy przyjaci\u00f3\u0142 z wioski Bullerbyn. Uczniowie bardzo aktywnie wzi\u0119li udzia\u0142 w dyskusji dotycz\u0105cej lektury. Ch\u0119tnie zg\u0142aszali si\u0119 do odpowiedzi. Pani Ewa znakomicie przeprowadzi\u0142a trzecioklasist\u00f3w z magicznego Bullerbyn do dzisiejszego &#8211; realnego \u015bwiata. Ka\u017cdy z uczni\u00f3w chcia\u0142 si\u0119 wypowiedzie\u0107, co \u015bwiadczy\u0142o o du\u017cym zainteresowaniu tematem spotkania.<br \/>\n\u00a0\u00a0\u00a0\u00a0 Na zako\u0144czenie\u00a0 wszyscy otrzymali s\u0142odk\u0105 przek\u0105sk\u0119. Z ogromn\u0105 rado\u015bci\u0105 uda\u0142o si\u0119 wszystkim wr\u00f3ci\u0107 do czas\u00f3w beztroskiego dzieci\u0144stwa za co serdecznie dzi\u0119kujemy.<br \/>\n\u00a0\u00a0 Ta lekcja by\u0142a sam\u0105 przyjemno\u015bci\u0105. Dzi\u0119kuj\u0105 za to spotkanie ju\u017c czekamy na kolejne odwiedziny dzieci ze Szko\u0142y Podstawowej w G\u0105binie. Do mi\u0142ego zobaczenia.<br \/>\n\u00a0\u00a0\u00a0\u00a0\u00a0\u00a0\u00a0\u00a0\u00a0\u00a0\u00a0\u00a0\u00a0\u00a0\u00a0\u00a0\u00a0\u00a0\u00a0\u00a0\u00a0\u00a0\u00a0\u00a0\u00a0\u00a0\u00a0\u00a0\u00a0\u00a0\u00a0\u00a0\u00a0\u00a0\u00a0\u00a0\u00a0\u00a0\u00a0\u00a0\u00a0\u00a0\u00a0\u00a0\u00a0\u00a0\u00a0\u00a0\u00a0\u00a0\u00a0\u00a0\u00a0\u00a0 Opr. Joanna Olejniczak<br \/>\n<img src='https:\/\/biblioteka-gabin.pl\/wp-content\/uploads\/archive\/pliki\/obraz\/2023_\/padziernik\/projekt_bez_nazwy.png'><br \/>\n<a href='https:\/\/biblioteka-gabin.pl\/wp-content\/uploads\/archive\/galleries\/530\/dscn0289-a68c4f183d.jpg'><img style='max-height:300px;' src='https:\/\/biblioteka-gabin.pl\/wp-content\/uploads\/archive\/galleries\/530\/dscn0289-a68c4f183d.jpg'><\/a><br \/>\n<a href='https:\/\/biblioteka-gabin.pl\/wp-content\/uploads\/archive\/galleries\/530\/dscn0307-98b4b0ffb6.jpg'><img style='max-height:300px;' src='https:\/\/biblioteka-gabin.pl\/wp-content\/uploads\/archive\/galleries\/530\/dscn0307-98b4b0ffb6.jpg'><\/a><br \/>\n<a href='https:\/\/biblioteka-gabin.pl\/wp-content\/uploads\/archive\/galleries\/530\/dscn0302-1c40580cdf.jpg'><img style='max-height:300px;' src='https:\/\/biblioteka-gabin.pl\/wp-content\/uploads\/archive\/galleries\/530\/dscn0302-1c40580cdf.jpg'><\/a><br \/>\n<a href='https:\/\/biblioteka-gabin.pl\/wp-content\/uploads\/archive\/galleries\/530\/dscn0290-4890adbbea.jpg'><img style='max-height:300px;' src='https:\/\/biblioteka-gabin.pl\/wp-content\/uploads\/archive\/galleries\/530\/dscn0290-4890adbbea.jpg'><\/a><br \/>\n<a href='https:\/\/biblioteka-gabin.pl\/wp-content\/uploads\/archive\/galleries\/530\/dscn0289-422875820f.jpg'><img style='max-height:300px;' src='https:\/\/biblioteka-gabin.pl\/wp-content\/uploads\/archive\/galleries\/530\/dscn0289-422875820f.jpg'><\/a><br \/>\n<a href='https:\/\/biblioteka-gabin.pl\/wp-content\/uploads\/archive\/galleries\/530\/dscn0295-35e5c7c305.jpg'><img style='max-height:300px;' src='https:\/\/biblioteka-gabin.pl\/wp-content\/uploads\/archive\/galleries\/530\/dscn0295-35e5c7c305.jpg'><\/a><br \/>\n<a href='https:\/\/biblioteka-gabin.pl\/wp-content\/uploads\/archive\/galleries\/530\/dscn0296-6e746eb5ed.jpg'><img style='max-height:300px;' src='https:\/\/biblioteka-gabin.pl\/wp-content\/uploads\/archive\/galleries\/530\/dscn0296-6e746eb5ed.jpg'><\/a><br \/>\n<a href='https:\/\/biblioteka-gabin.pl\/wp-content\/uploads\/archive\/galleries\/530\/dscn0299-0422438ea2.jpg'><img style='max-height:300px;' src='https:\/\/biblioteka-gabin.pl\/wp-content\/uploads\/archive\/galleries\/530\/dscn0299-0422438ea2.jpg'><\/a><br \/>\n<a href='https:\/\/biblioteka-gabin.pl\/wp-content\/uploads\/archive\/galleries\/530\/dscn0298-88471c3f46.jpg'><img style='max-height:300px;' src='https:\/\/biblioteka-gabin.pl\/wp-content\/uploads\/archive\/galleries\/530\/dscn0298-88471c3f46.jpg'><\/a><br \/>\n<a href='https:\/\/biblioteka-gabin.pl\/wp-content\/uploads\/archive\/galleries\/530\/dscn0295-0a27ecbfff.jpg'><img style='max-height:300px;' src='https:\/\/biblioteka-gabin.pl\/wp-content\/uploads\/archive\/galleries\/530\/dscn0295-0a27ecbfff.jpg'><\/a><br \/>\n<a href='https:\/\/biblioteka-gabin.pl\/wp-content\/uploads\/archive\/galleries\/530\/dscn0300-06ab1a1973.jpg'><img style='max-height:300px;' src='https:\/\/biblioteka-gabin.pl\/wp-content\/uploads\/archive\/galleries\/530\/dscn0300-06ab1a1973.jpg'><\/a><br \/>\n<a href='https:\/\/biblioteka-gabin.pl\/wp-content\/uploads\/archive\/galleries\/530\/dscn0292-9a76b5efc6.jpg'><img style='max-height:300px;' src='https:\/\/biblioteka-gabin.pl\/wp-content\/uploads\/archive\/galleries\/530\/dscn0292-9a76b5efc6.jpg'><\/a><br \/>\n<a href='https:\/\/biblioteka-gabin.pl\/wp-content\/uploads\/archive\/galleries\/530\/dscn0293-9734c2b04a.jpg'><img style='max-height:300px;' src='https:\/\/biblioteka-gabin.pl\/wp-content\/uploads\/archive\/galleries\/530\/dscn0293-9734c2b04a.jpg'><\/a><\/p>\n","protected":false},"excerpt":{"rendered":"<p>Jak\u017ce mi\u0142o by\u0142o nam powita\u0107 po raz ju\u017c kolejny klas\u0119<\/p>\n","protected":false},"author":1,"featured_media":0,"comment_status":"open","ping_status":"open","sticky":false,"template":"","format":"standard","meta":{"footnotes":""},"categories":[36],"tags":[],"class_list":["post-8137","post","type-post","status-publish","format-standard","hentry","category-main"],"yoast_head":"<!-- This site is optimized with the Yoast SEO plugin v27.4 - https:\/\/yoast.com\/product\/yoast-seo-wordpress\/ -->\n<title>Lekcja biblioteczna z klas\u0105 III ze Szko\u0142y Podstawowej w G\u0105binie (23.10.2023r.) - Miejsko-Gminna Biblioteka Publiczna w G\u0105binie<\/title>\n<meta name=\"robots\" content=\"index, follow, max-snippet:-1, max-image-preview:large, max-video-preview:-1\" \/>\n<link rel=\"canonical\" href=\"http:\/\/biblioteka-gabin.pl\/index.php\/2023\/10\/27\/lekcja-biblioteczna-z-klasa-iii-ze-szkoly-podstawowej-w-gabinie-23-10-2023r\/\" \/>\n<meta property=\"og:locale\" content=\"pl_PL\" \/>\n<meta property=\"og:type\" content=\"article\" \/>\n<meta property=\"og:title\" content=\"Lekcja biblioteczna z klas\u0105 III ze Szko\u0142y Podstawowej w G\u0105binie (23.10.2023r.) - Miejsko-Gminna Biblioteka Publiczna w G\u0105binie\" \/>\n<meta property=\"og:description\" content=\"Jak\u017ce mi\u0142o by\u0142o nam powita\u0107 po raz ju\u017c kolejny klas\u0119\" \/>\n<meta property=\"og:url\" content=\"http:\/\/biblioteka-gabin.pl\/index.php\/2023\/10\/27\/lekcja-biblioteczna-z-klasa-iii-ze-szkoly-podstawowej-w-gabinie-23-10-2023r\/\" \/>\n<meta property=\"og:site_name\" content=\"Miejsko-Gminna Biblioteka Publiczna w G\u0105binie\" \/>\n<meta property=\"article:publisher\" content=\"https:\/\/www.facebook.com\/bibliotekagabin\" \/>\n<meta property=\"article:published_time\" content=\"2023-10-27T00:00:00+00:00\" \/>\n<meta property=\"og:image\" content=\"https:\/\/biblioteka-gabin.pl\/wp-content\/uploads\/archive\/pliki\/obraz\/2023_\/padziernik\/projekt_bez_nazwy.png\" \/>\n<meta name=\"author\" content=\"admin\" \/>\n<meta name=\"twitter:card\" content=\"summary_large_image\" \/>\n<meta name=\"twitter:label1\" content=\"Napisane przez\" \/>\n\t<meta name=\"twitter:data1\" content=\"admin\" \/>\n\t<meta name=\"twitter:label2\" content=\"Szacowany czas czytania\" \/>\n\t<meta name=\"twitter:data2\" content=\"1 minuta\" \/>\n<script type=\"application\/ld+json\" class=\"yoast-schema-graph\">{\"@context\":\"https:\\\/\\\/schema.org\",\"@graph\":[{\"@type\":\"Article\",\"@id\":\"http:\\\/\\\/biblioteka-gabin.pl\\\/index.php\\\/2023\\\/10\\\/27\\\/lekcja-biblioteczna-z-klasa-iii-ze-szkoly-podstawowej-w-gabinie-23-10-2023r\\\/#article\",\"isPartOf\":{\"@id\":\"http:\\\/\\\/biblioteka-gabin.pl\\\/index.php\\\/2023\\\/10\\\/27\\\/lekcja-biblioteczna-z-klasa-iii-ze-szkoly-podstawowej-w-gabinie-23-10-2023r\\\/\"},\"author\":{\"name\":\"admin\",\"@id\":\"https:\\\/\\\/biblioteka-gabin.pl\\\/#\\\/schema\\\/person\\\/2067b97c24663d987ef6ef95bed7c99a\"},\"headline\":\"Lekcja biblioteczna z klas\u0105 III ze Szko\u0142y Podstawowej w G\u0105binie (23.10.2023r.)\",\"datePublished\":\"2023-10-27T00:00:00+00:00\",\"mainEntityOfPage\":{\"@id\":\"http:\\\/\\\/biblioteka-gabin.pl\\\/index.php\\\/2023\\\/10\\\/27\\\/lekcja-biblioteczna-z-klasa-iii-ze-szkoly-podstawowej-w-gabinie-23-10-2023r\\\/\"},\"wordCount\":266,\"commentCount\":0,\"publisher\":{\"@id\":\"https:\\\/\\\/biblioteka-gabin.pl\\\/#organization\"},\"image\":{\"@id\":\"http:\\\/\\\/biblioteka-gabin.pl\\\/index.php\\\/2023\\\/10\\\/27\\\/lekcja-biblioteczna-z-klasa-iii-ze-szkoly-podstawowej-w-gabinie-23-10-2023r\\\/#primaryimage\"},\"thumbnailUrl\":\"https:\\\/\\\/biblioteka-gabin.pl\\\/wp-content\\\/uploads\\\/archive\\\/pliki\\\/obraz\\\/2023_\\\/padziernik\\\/projekt_bez_nazwy.png\",\"articleSection\":[\"Main\"],\"inLanguage\":\"pl-PL\",\"potentialAction\":[{\"@type\":\"CommentAction\",\"name\":\"Comment\",\"target\":[\"http:\\\/\\\/biblioteka-gabin.pl\\\/index.php\\\/2023\\\/10\\\/27\\\/lekcja-biblioteczna-z-klasa-iii-ze-szkoly-podstawowej-w-gabinie-23-10-2023r\\\/#respond\"]}]},{\"@type\":\"WebPage\",\"@id\":\"http:\\\/\\\/biblioteka-gabin.pl\\\/index.php\\\/2023\\\/10\\\/27\\\/lekcja-biblioteczna-z-klasa-iii-ze-szkoly-podstawowej-w-gabinie-23-10-2023r\\\/\",\"url\":\"http:\\\/\\\/biblioteka-gabin.pl\\\/index.php\\\/2023\\\/10\\\/27\\\/lekcja-biblioteczna-z-klasa-iii-ze-szkoly-podstawowej-w-gabinie-23-10-2023r\\\/\",\"name\":\"Lekcja biblioteczna z klas\u0105 III ze Szko\u0142y Podstawowej w G\u0105binie (23.10.2023r.) - Miejsko-Gminna Biblioteka Publiczna w G\u0105binie\",\"isPartOf\":{\"@id\":\"https:\\\/\\\/biblioteka-gabin.pl\\\/#website\"},\"primaryImageOfPage\":{\"@id\":\"http:\\\/\\\/biblioteka-gabin.pl\\\/index.php\\\/2023\\\/10\\\/27\\\/lekcja-biblioteczna-z-klasa-iii-ze-szkoly-podstawowej-w-gabinie-23-10-2023r\\\/#primaryimage\"},\"image\":{\"@id\":\"http:\\\/\\\/biblioteka-gabin.pl\\\/index.php\\\/2023\\\/10\\\/27\\\/lekcja-biblioteczna-z-klasa-iii-ze-szkoly-podstawowej-w-gabinie-23-10-2023r\\\/#primaryimage\"},\"thumbnailUrl\":\"https:\\\/\\\/biblioteka-gabin.pl\\\/wp-content\\\/uploads\\\/archive\\\/pliki\\\/obraz\\\/2023_\\\/padziernik\\\/projekt_bez_nazwy.png\",\"datePublished\":\"2023-10-27T00:00:00+00:00\",\"breadcrumb\":{\"@id\":\"http:\\\/\\\/biblioteka-gabin.pl\\\/index.php\\\/2023\\\/10\\\/27\\\/lekcja-biblioteczna-z-klasa-iii-ze-szkoly-podstawowej-w-gabinie-23-10-2023r\\\/#breadcrumb\"},\"inLanguage\":\"pl-PL\",\"potentialAction\":[{\"@type\":\"ReadAction\",\"target\":[\"http:\\\/\\\/biblioteka-gabin.pl\\\/index.php\\\/2023\\\/10\\\/27\\\/lekcja-biblioteczna-z-klasa-iii-ze-szkoly-podstawowej-w-gabinie-23-10-2023r\\\/\"]}]},{\"@type\":\"ImageObject\",\"inLanguage\":\"pl-PL\",\"@id\":\"http:\\\/\\\/biblioteka-gabin.pl\\\/index.php\\\/2023\\\/10\\\/27\\\/lekcja-biblioteczna-z-klasa-iii-ze-szkoly-podstawowej-w-gabinie-23-10-2023r\\\/#primaryimage\",\"url\":\"https:\\\/\\\/biblioteka-gabin.pl\\\/wp-content\\\/uploads\\\/archive\\\/pliki\\\/obraz\\\/2023_\\\/padziernik\\\/projekt_bez_nazwy.png\",\"contentUrl\":\"https:\\\/\\\/biblioteka-gabin.pl\\\/wp-content\\\/uploads\\\/archive\\\/pliki\\\/obraz\\\/2023_\\\/padziernik\\\/projekt_bez_nazwy.png\"},{\"@type\":\"BreadcrumbList\",\"@id\":\"http:\\\/\\\/biblioteka-gabin.pl\\\/index.php\\\/2023\\\/10\\\/27\\\/lekcja-biblioteczna-z-klasa-iii-ze-szkoly-podstawowej-w-gabinie-23-10-2023r\\\/#breadcrumb\",\"itemListElement\":[{\"@type\":\"ListItem\",\"position\":1,\"name\":\"Strona g\u0142\u00f3wna\",\"item\":\"https:\\\/\\\/biblioteka-gabin.pl\\\/\"},{\"@type\":\"ListItem\",\"position\":2,\"name\":\"Lekcja biblioteczna z klas\u0105 III ze Szko\u0142y Podstawowej w G\u0105binie (23.10.2023r.)\"}]},{\"@type\":\"WebSite\",\"@id\":\"https:\\\/\\\/biblioteka-gabin.pl\\\/#website\",\"url\":\"https:\\\/\\\/biblioteka-gabin.pl\\\/\",\"name\":\"Miejsko-Gminna Biblioteka Publiczna w G\u0105binie\",\"description\":\"\",\"publisher\":{\"@id\":\"https:\\\/\\\/biblioteka-gabin.pl\\\/#organization\"},\"potentialAction\":[{\"@type\":\"SearchAction\",\"target\":{\"@type\":\"EntryPoint\",\"urlTemplate\":\"https:\\\/\\\/biblioteka-gabin.pl\\\/?s={search_term_string}\"},\"query-input\":{\"@type\":\"PropertyValueSpecification\",\"valueRequired\":true,\"valueName\":\"search_term_string\"}}],\"inLanguage\":\"pl-PL\"},{\"@type\":\"Organization\",\"@id\":\"https:\\\/\\\/biblioteka-gabin.pl\\\/#organization\",\"name\":\"Miejsko-Gminna Biblioteka Publiczna w G\u0105binie\",\"url\":\"https:\\\/\\\/biblioteka-gabin.pl\\\/\",\"logo\":{\"@type\":\"ImageObject\",\"inLanguage\":\"pl-PL\",\"@id\":\"https:\\\/\\\/biblioteka-gabin.pl\\\/#\\\/schema\\\/logo\\\/image\\\/\",\"url\":\"https:\\\/\\\/biblioteka-gabin.pl\\\/wp-content\\\/uploads\\\/2025\\\/03\\\/logo-biblioteka-2-1657013691-1.jpg\",\"contentUrl\":\"https:\\\/\\\/biblioteka-gabin.pl\\\/wp-content\\\/uploads\\\/2025\\\/03\\\/logo-biblioteka-2-1657013691-1.jpg\",\"width\":1600,\"height\":772,\"caption\":\"Miejsko-Gminna Biblioteka Publiczna w G\u0105binie\"},\"image\":{\"@id\":\"https:\\\/\\\/biblioteka-gabin.pl\\\/#\\\/schema\\\/logo\\\/image\\\/\"},\"sameAs\":[\"https:\\\/\\\/www.facebook.com\\\/bibliotekagabin\",\"https:\\\/\\\/www.youtube.com\\\/@mgbpgabin9392\"]},{\"@type\":\"Person\",\"@id\":\"https:\\\/\\\/biblioteka-gabin.pl\\\/#\\\/schema\\\/person\\\/2067b97c24663d987ef6ef95bed7c99a\",\"name\":\"admin\",\"image\":{\"@type\":\"ImageObject\",\"inLanguage\":\"pl-PL\",\"@id\":\"https:\\\/\\\/secure.gravatar.com\\\/avatar\\\/e1843904e97b4e376a0fc90ae10372cd31bce9b207a7a3d2ca68fc7ca7e4174c?s=96&d=mm&r=g\",\"url\":\"https:\\\/\\\/secure.gravatar.com\\\/avatar\\\/e1843904e97b4e376a0fc90ae10372cd31bce9b207a7a3d2ca68fc7ca7e4174c?s=96&d=mm&r=g\",\"contentUrl\":\"https:\\\/\\\/secure.gravatar.com\\\/avatar\\\/e1843904e97b4e376a0fc90ae10372cd31bce9b207a7a3d2ca68fc7ca7e4174c?s=96&d=mm&r=g\",\"caption\":\"admin\"},\"sameAs\":[\"http:\\\/\\\/strona.biblioteka-gabin.pl\"],\"url\":\"https:\\\/\\\/biblioteka-gabin.pl\\\/index.php\\\/author\\\/admin\\\/\"}]}<\/script>\n<!-- \/ Yoast SEO plugin. -->","yoast_head_json":{"title":"Lekcja biblioteczna z klas\u0105 III ze Szko\u0142y Podstawowej w G\u0105binie (23.10.2023r.) - Miejsko-Gminna Biblioteka Publiczna w G\u0105binie","robots":{"index":"index","follow":"follow","max-snippet":"max-snippet:-1","max-image-preview":"max-image-preview:large","max-video-preview":"max-video-preview:-1"},"canonical":"http:\/\/biblioteka-gabin.pl\/index.php\/2023\/10\/27\/lekcja-biblioteczna-z-klasa-iii-ze-szkoly-podstawowej-w-gabinie-23-10-2023r\/","og_locale":"pl_PL","og_type":"article","og_title":"Lekcja biblioteczna z klas\u0105 III ze Szko\u0142y Podstawowej w G\u0105binie (23.10.2023r.) - Miejsko-Gminna Biblioteka Publiczna w G\u0105binie","og_description":"Jak\u017ce mi\u0142o by\u0142o nam powita\u0107 po raz ju\u017c kolejny klas\u0119","og_url":"http:\/\/biblioteka-gabin.pl\/index.php\/2023\/10\/27\/lekcja-biblioteczna-z-klasa-iii-ze-szkoly-podstawowej-w-gabinie-23-10-2023r\/","og_site_name":"Miejsko-Gminna Biblioteka Publiczna w G\u0105binie","article_publisher":"https:\/\/www.facebook.com\/bibliotekagabin","article_published_time":"2023-10-27T00:00:00+00:00","og_image":[{"url":"https:\/\/biblioteka-gabin.pl\/wp-content\/uploads\/archive\/pliki\/obraz\/2023_\/padziernik\/projekt_bez_nazwy.png","type":"","width":"","height":""}],"author":"admin","twitter_card":"summary_large_image","twitter_misc":{"Napisane przez":"admin","Szacowany czas czytania":"1 minuta"},"schema":{"@context":"https:\/\/schema.org","@graph":[{"@type":"Article","@id":"http:\/\/biblioteka-gabin.pl\/index.php\/2023\/10\/27\/lekcja-biblioteczna-z-klasa-iii-ze-szkoly-podstawowej-w-gabinie-23-10-2023r\/#article","isPartOf":{"@id":"http:\/\/biblioteka-gabin.pl\/index.php\/2023\/10\/27\/lekcja-biblioteczna-z-klasa-iii-ze-szkoly-podstawowej-w-gabinie-23-10-2023r\/"},"author":{"name":"admin","@id":"https:\/\/biblioteka-gabin.pl\/#\/schema\/person\/2067b97c24663d987ef6ef95bed7c99a"},"headline":"Lekcja biblioteczna z klas\u0105 III ze Szko\u0142y Podstawowej w G\u0105binie (23.10.2023r.)","datePublished":"2023-10-27T00:00:00+00:00","mainEntityOfPage":{"@id":"http:\/\/biblioteka-gabin.pl\/index.php\/2023\/10\/27\/lekcja-biblioteczna-z-klasa-iii-ze-szkoly-podstawowej-w-gabinie-23-10-2023r\/"},"wordCount":266,"commentCount":0,"publisher":{"@id":"https:\/\/biblioteka-gabin.pl\/#organization"},"image":{"@id":"http:\/\/biblioteka-gabin.pl\/index.php\/2023\/10\/27\/lekcja-biblioteczna-z-klasa-iii-ze-szkoly-podstawowej-w-gabinie-23-10-2023r\/#primaryimage"},"thumbnailUrl":"https:\/\/biblioteka-gabin.pl\/wp-content\/uploads\/archive\/pliki\/obraz\/2023_\/padziernik\/projekt_bez_nazwy.png","articleSection":["Main"],"inLanguage":"pl-PL","potentialAction":[{"@type":"CommentAction","name":"Comment","target":["http:\/\/biblioteka-gabin.pl\/index.php\/2023\/10\/27\/lekcja-biblioteczna-z-klasa-iii-ze-szkoly-podstawowej-w-gabinie-23-10-2023r\/#respond"]}]},{"@type":"WebPage","@id":"http:\/\/biblioteka-gabin.pl\/index.php\/2023\/10\/27\/lekcja-biblioteczna-z-klasa-iii-ze-szkoly-podstawowej-w-gabinie-23-10-2023r\/","url":"http:\/\/biblioteka-gabin.pl\/index.php\/2023\/10\/27\/lekcja-biblioteczna-z-klasa-iii-ze-szkoly-podstawowej-w-gabinie-23-10-2023r\/","name":"Lekcja biblioteczna z klas\u0105 III ze Szko\u0142y Podstawowej w G\u0105binie (23.10.2023r.) - Miejsko-Gminna Biblioteka Publiczna w G\u0105binie","isPartOf":{"@id":"https:\/\/biblioteka-gabin.pl\/#website"},"primaryImageOfPage":{"@id":"http:\/\/biblioteka-gabin.pl\/index.php\/2023\/10\/27\/lekcja-biblioteczna-z-klasa-iii-ze-szkoly-podstawowej-w-gabinie-23-10-2023r\/#primaryimage"},"image":{"@id":"http:\/\/biblioteka-gabin.pl\/index.php\/2023\/10\/27\/lekcja-biblioteczna-z-klasa-iii-ze-szkoly-podstawowej-w-gabinie-23-10-2023r\/#primaryimage"},"thumbnailUrl":"https:\/\/biblioteka-gabin.pl\/wp-content\/uploads\/archive\/pliki\/obraz\/2023_\/padziernik\/projekt_bez_nazwy.png","datePublished":"2023-10-27T00:00:00+00:00","breadcrumb":{"@id":"http:\/\/biblioteka-gabin.pl\/index.php\/2023\/10\/27\/lekcja-biblioteczna-z-klasa-iii-ze-szkoly-podstawowej-w-gabinie-23-10-2023r\/#breadcrumb"},"inLanguage":"pl-PL","potentialAction":[{"@type":"ReadAction","target":["http:\/\/biblioteka-gabin.pl\/index.php\/2023\/10\/27\/lekcja-biblioteczna-z-klasa-iii-ze-szkoly-podstawowej-w-gabinie-23-10-2023r\/"]}]},{"@type":"ImageObject","inLanguage":"pl-PL","@id":"http:\/\/biblioteka-gabin.pl\/index.php\/2023\/10\/27\/lekcja-biblioteczna-z-klasa-iii-ze-szkoly-podstawowej-w-gabinie-23-10-2023r\/#primaryimage","url":"https:\/\/biblioteka-gabin.pl\/wp-content\/uploads\/archive\/pliki\/obraz\/2023_\/padziernik\/projekt_bez_nazwy.png","contentUrl":"https:\/\/biblioteka-gabin.pl\/wp-content\/uploads\/archive\/pliki\/obraz\/2023_\/padziernik\/projekt_bez_nazwy.png"},{"@type":"BreadcrumbList","@id":"http:\/\/biblioteka-gabin.pl\/index.php\/2023\/10\/27\/lekcja-biblioteczna-z-klasa-iii-ze-szkoly-podstawowej-w-gabinie-23-10-2023r\/#breadcrumb","itemListElement":[{"@type":"ListItem","position":1,"name":"Strona g\u0142\u00f3wna","item":"https:\/\/biblioteka-gabin.pl\/"},{"@type":"ListItem","position":2,"name":"Lekcja biblioteczna z klas\u0105 III ze Szko\u0142y Podstawowej w G\u0105binie (23.10.2023r.)"}]},{"@type":"WebSite","@id":"https:\/\/biblioteka-gabin.pl\/#website","url":"https:\/\/biblioteka-gabin.pl\/","name":"Miejsko-Gminna Biblioteka Publiczna w G\u0105binie","description":"","publisher":{"@id":"https:\/\/biblioteka-gabin.pl\/#organization"},"potentialAction":[{"@type":"SearchAction","target":{"@type":"EntryPoint","urlTemplate":"https:\/\/biblioteka-gabin.pl\/?s={search_term_string}"},"query-input":{"@type":"PropertyValueSpecification","valueRequired":true,"valueName":"search_term_string"}}],"inLanguage":"pl-PL"},{"@type":"Organization","@id":"https:\/\/biblioteka-gabin.pl\/#organization","name":"Miejsko-Gminna Biblioteka Publiczna w G\u0105binie","url":"https:\/\/biblioteka-gabin.pl\/","logo":{"@type":"ImageObject","inLanguage":"pl-PL","@id":"https:\/\/biblioteka-gabin.pl\/#\/schema\/logo\/image\/","url":"https:\/\/biblioteka-gabin.pl\/wp-content\/uploads\/2025\/03\/logo-biblioteka-2-1657013691-1.jpg","contentUrl":"https:\/\/biblioteka-gabin.pl\/wp-content\/uploads\/2025\/03\/logo-biblioteka-2-1657013691-1.jpg","width":1600,"height":772,"caption":"Miejsko-Gminna Biblioteka Publiczna w G\u0105binie"},"image":{"@id":"https:\/\/biblioteka-gabin.pl\/#\/schema\/logo\/image\/"},"sameAs":["https:\/\/www.facebook.com\/bibliotekagabin","https:\/\/www.youtube.com\/@mgbpgabin9392"]},{"@type":"Person","@id":"https:\/\/biblioteka-gabin.pl\/#\/schema\/person\/2067b97c24663d987ef6ef95bed7c99a","name":"admin","image":{"@type":"ImageObject","inLanguage":"pl-PL","@id":"https:\/\/secure.gravatar.com\/avatar\/e1843904e97b4e376a0fc90ae10372cd31bce9b207a7a3d2ca68fc7ca7e4174c?s=96&d=mm&r=g","url":"https:\/\/secure.gravatar.com\/avatar\/e1843904e97b4e376a0fc90ae10372cd31bce9b207a7a3d2ca68fc7ca7e4174c?s=96&d=mm&r=g","contentUrl":"https:\/\/secure.gravatar.com\/avatar\/e1843904e97b4e376a0fc90ae10372cd31bce9b207a7a3d2ca68fc7ca7e4174c?s=96&d=mm&r=g","caption":"admin"},"sameAs":["http:\/\/strona.biblioteka-gabin.pl"],"url":"https:\/\/biblioteka-gabin.pl\/index.php\/author\/admin\/"}]}},"_links":{"self":[{"href":"https:\/\/biblioteka-gabin.pl\/index.php\/wp-json\/wp\/v2\/posts\/8137","targetHints":{"allow":["GET"]}}],"collection":[{"href":"https:\/\/biblioteka-gabin.pl\/index.php\/wp-json\/wp\/v2\/posts"}],"about":[{"href":"https:\/\/biblioteka-gabin.pl\/index.php\/wp-json\/wp\/v2\/types\/post"}],"author":[{"embeddable":true,"href":"https:\/\/biblioteka-gabin.pl\/index.php\/wp-json\/wp\/v2\/users\/1"}],"replies":[{"embeddable":true,"href":"https:\/\/biblioteka-gabin.pl\/index.php\/wp-json\/wp\/v2\/comments?post=8137"}],"version-history":[{"count":0,"href":"https:\/\/biblioteka-gabin.pl\/index.php\/wp-json\/wp\/v2\/posts\/8137\/revisions"}],"wp:attachment":[{"href":"https:\/\/biblioteka-gabin.pl\/index.php\/wp-json\/wp\/v2\/media?parent=8137"}],"wp:term":[{"taxonomy":"category","embeddable":true,"href":"https:\/\/biblioteka-gabin.pl\/index.php\/wp-json\/wp\/v2\/categories?post=8137"},{"taxonomy":"post_tag","embeddable":true,"href":"https:\/\/biblioteka-gabin.pl\/index.php\/wp-json\/wp\/v2\/tags?post=8137"}],"curies":[{"name":"wp","href":"https:\/\/api.w.org\/{rel}","templated":true}]}}