{"id":8145,"date":"2024-02-08T00:00:00","date_gmt":"2024-02-08T00:00:00","guid":{"rendered":"https:\/\/biblioteka-gabin.pl\/index.php\/2024\/02\/08\/marek-hlasko-pisarz-i-scenarzysta-filmowy-patronem-na-luty\/"},"modified":"2024-02-08T00:00:00","modified_gmt":"2024-02-08T00:00:00","slug":"marek-hlasko-pisarz-i-scenarzysta-filmowy-patronem-na-luty","status":"publish","type":"post","link":"https:\/\/biblioteka-gabin.pl\/index.php\/2024\/02\/08\/marek-hlasko-pisarz-i-scenarzysta-filmowy-patronem-na-luty\/","title":{"rendered":"Marek H\u0142asko &#8211; pisarz i scenarzysta filmowy patronem na luty"},"content":{"rendered":"<p>W lutym w MGBP szczeg\u00f3lnie wspominamy Marka H\u0142asko. Prozaik i autor scenariuszy filmowych zosta\u0142 wybrany przez Sejm patronm 2024 roku, jako jedna z os\u00f3b, kt\u00f3re zas\u0142u\u017cy\u0142y si\u0119 dla Polski. W uzasadnieniu napisa\u0142 ,,nasyci\u0107 banalne motywy i tematy zaczerpni\u0119te z potocznego \u017cycia g\u0142\u0119bok\u0105 tre\u015bci\u0105 egzystencjaln\u0105, dzi\u0119ki czemu jego tw\u00f3rczo\u015b\u0107 ma wymow\u0119 uniwersaln\u0105. Marek H\u0142asko sw\u0105 bezkompromisow\u0105 postaw\u0105, tak\u017ce wobec komunistycznej rzeczywisto\u015bci, przyci\u0105ga\u0142 do siebie pokolenia w r\u00f3\u017cnych zak\u0105tkach \u015bwiata&#8221;.<br \/>\nMarek H\u0142asko (ur. 14 stycznia 1934 w Warszawie, zm. 14 czerwca 1969 w Wiesbaden) \u2013 polski pisarz i scenarzysta filmowy. Jest autorem takich dzie\u0142 jak Pierwszy krok w chmurach, \u00d3smy dzie\u0144 tygodnia, Nast\u0119pny do raju, Palcie ry\u017c ka\u017cdego dnia. Razem z rodzin\u0105 przeprowadza\u0142 si\u0119 i pomieszkiwa\u0142 m.in. w Warszawie, Wroc\u0142awiu, Cz\u0119stochowie. Pierwsze pr\u00f3by pisarskie podejmowa\u0142 po godzinach. Zdobywszy popularno\u015b\u0107, skupi\u0142 si\u0119 na pisarstwie i wydawa\u0142 kolejne dzie\u0142a. Jednocze\u015bnie by\u0142 wsp\u00f3\u0142autorem scenariuszy do adaptacji filmowych swoich dzie\u0142 (P\u0119tla, \u00d3smy dzie\u0144 tygodnia, Baza ludzi umar\u0142ych). W trakcie prac przy pierwszym filmie pozna\u0142 niemieck\u0105 aktork\u0119 Sonj\u0119 Ziemann, z kt\u00f3r\u0105 by\u0142 w zwi\u0105zku ma\u0142\u017ce\u0144skim w latach 1962\u20131967. W 1958 roku wyjecha\u0142 do Pary\u017ca, rozpoczynaj\u0105c tym samym sw\u00f3j okres emigracyjny. Do ko\u0144ca \u017cycia mieszka\u0142 za granic\u0105, g\u0142\u00f3wnie w Niemczech, Izraelu i Stanach Zjednoczonych.<br \/>\nZmar\u0142 w niemieckim Wiesbaden przez przedawkowanie lek\u00f3w.<br \/>\nKrytyka tw\u00f3rczo\u015bci H\u0142aski jest niejednoznaczna. Pocz\u0105tkowo, po wydaniu Pierwszego kroku w chmurach, pisarz by\u0142 chwalony \u2013 zosta\u0142 uhonorowany Nagrod\u0105 Pracy w 1955 roku.<br \/>\n\u017ar\u00f3d\u0142o: wikipedia.org<br \/>\n<img src='https:\/\/biblioteka-gabin.pl\/wp-content\/uploads\/archive\/pliki\/obraz\/2024\/luty\/426375169_725993353023126_2790308269132479004_n.jpg'><br \/>\n<a href='https:\/\/biblioteka-gabin.pl\/wp-content\/uploads\/archive\/galleries\/559\/4263516029307978483892116021199053662944176n-98b6dde6c8.jpg'><img style='max-height:300px;' src='https:\/\/biblioteka-gabin.pl\/wp-content\/uploads\/archive\/galleries\/559\/4263516029307978483892116021199053662944176n-98b6dde6c8.jpg'><\/a><br \/>\n<a href='https:\/\/biblioteka-gabin.pl\/wp-content\/uploads\/archive\/galleries\/559\/423036364112826270500308662713869368593781n-86cb449f70.jpg'><img style='max-height:300px;' src='https:\/\/biblioteka-gabin.pl\/wp-content\/uploads\/archive\/galleries\/559\/423036364112826270500308662713869368593781n-86cb449f70.jpg'><\/a><br \/>\n<a href='https:\/\/biblioteka-gabin.pl\/wp-content\/uploads\/archive\/galleries\/559\/4263751697259933530231262790308269132479004n-3eabb03f8c.jpg'><img style='max-height:300px;' src='https:\/\/biblioteka-gabin.pl\/wp-content\/uploads\/archive\/galleries\/559\/4263751697259933530231262790308269132479004n-3eabb03f8c.jpg'><\/a><br \/>\n<a href='https:\/\/biblioteka-gabin.pl\/wp-content\/uploads\/archive\/galleries\/559\/42619310875922520074656704548200796362087306n-ed581a3300.jpg'><img style='max-height:300px;' src='https:\/\/biblioteka-gabin.pl\/wp-content\/uploads\/archive\/galleries\/559\/42619310875922520074656704548200796362087306n-ed581a3300.jpg'><\/a><\/p>\n","protected":false},"excerpt":{"rendered":"<p>W lutym w MGBP szczeg\u00f3lnie wspominamy Marka H\u0142asko. Prozaik i<\/p>\n","protected":false},"author":1,"featured_media":0,"comment_status":"open","ping_status":"open","sticky":false,"template":"","format":"standard","meta":{"footnotes":""},"categories":[36],"tags":[],"class_list":["post-8145","post","type-post","status-publish","format-standard","hentry","category-main"],"yoast_head":"<!-- This site is optimized with the Yoast SEO plugin v27.4 - https:\/\/yoast.com\/product\/yoast-seo-wordpress\/ -->\n<title>Marek H\u0142asko - pisarz i scenarzysta filmowy patronem na luty - Miejsko-Gminna Biblioteka Publiczna w G\u0105binie<\/title>\n<meta name=\"robots\" content=\"index, follow, max-snippet:-1, max-image-preview:large, max-video-preview:-1\" \/>\n<link rel=\"canonical\" href=\"http:\/\/biblioteka-gabin.pl\/index.php\/2024\/02\/08\/marek-hlasko-pisarz-i-scenarzysta-filmowy-patronem-na-luty\/\" \/>\n<meta property=\"og:locale\" content=\"pl_PL\" \/>\n<meta property=\"og:type\" content=\"article\" \/>\n<meta property=\"og:title\" content=\"Marek H\u0142asko - pisarz i scenarzysta filmowy patronem na luty - Miejsko-Gminna Biblioteka Publiczna w G\u0105binie\" \/>\n<meta property=\"og:description\" content=\"W lutym w MGBP szczeg\u00f3lnie wspominamy Marka H\u0142asko. Prozaik i\" \/>\n<meta property=\"og:url\" content=\"http:\/\/biblioteka-gabin.pl\/index.php\/2024\/02\/08\/marek-hlasko-pisarz-i-scenarzysta-filmowy-patronem-na-luty\/\" \/>\n<meta property=\"og:site_name\" content=\"Miejsko-Gminna Biblioteka Publiczna w G\u0105binie\" \/>\n<meta property=\"article:publisher\" content=\"https:\/\/www.facebook.com\/bibliotekagabin\" \/>\n<meta property=\"article:published_time\" content=\"2024-02-08T00:00:00+00:00\" \/>\n<meta property=\"og:image\" content=\"https:\/\/biblioteka-gabin.pl\/wp-content\/uploads\/archive\/pliki\/obraz\/2024\/luty\/426375169_725993353023126_2790308269132479004_n.jpg\" \/>\n<meta name=\"author\" content=\"admin\" \/>\n<meta name=\"twitter:card\" content=\"summary_large_image\" \/>\n<meta name=\"twitter:label1\" content=\"Napisane przez\" \/>\n\t<meta name=\"twitter:data1\" content=\"admin\" \/>\n\t<meta name=\"twitter:label2\" content=\"Szacowany czas czytania\" \/>\n\t<meta name=\"twitter:data2\" content=\"1 minuta\" \/>\n<script type=\"application\/ld+json\" class=\"yoast-schema-graph\">{\"@context\":\"https:\\\/\\\/schema.org\",\"@graph\":[{\"@type\":\"Article\",\"@id\":\"http:\\\/\\\/biblioteka-gabin.pl\\\/index.php\\\/2024\\\/02\\\/08\\\/marek-hlasko-pisarz-i-scenarzysta-filmowy-patronem-na-luty\\\/#article\",\"isPartOf\":{\"@id\":\"http:\\\/\\\/biblioteka-gabin.pl\\\/index.php\\\/2024\\\/02\\\/08\\\/marek-hlasko-pisarz-i-scenarzysta-filmowy-patronem-na-luty\\\/\"},\"author\":{\"name\":\"admin\",\"@id\":\"https:\\\/\\\/biblioteka-gabin.pl\\\/#\\\/schema\\\/person\\\/2067b97c24663d987ef6ef95bed7c99a\"},\"headline\":\"Marek H\u0142asko &#8211; pisarz i scenarzysta filmowy patronem na luty\",\"datePublished\":\"2024-02-08T00:00:00+00:00\",\"mainEntityOfPage\":{\"@id\":\"http:\\\/\\\/biblioteka-gabin.pl\\\/index.php\\\/2024\\\/02\\\/08\\\/marek-hlasko-pisarz-i-scenarzysta-filmowy-patronem-na-luty\\\/\"},\"wordCount\":276,\"commentCount\":0,\"publisher\":{\"@id\":\"https:\\\/\\\/biblioteka-gabin.pl\\\/#organization\"},\"image\":{\"@id\":\"http:\\\/\\\/biblioteka-gabin.pl\\\/index.php\\\/2024\\\/02\\\/08\\\/marek-hlasko-pisarz-i-scenarzysta-filmowy-patronem-na-luty\\\/#primaryimage\"},\"thumbnailUrl\":\"https:\\\/\\\/biblioteka-gabin.pl\\\/wp-content\\\/uploads\\\/archive\\\/pliki\\\/obraz\\\/2024\\\/luty\\\/426375169_725993353023126_2790308269132479004_n.jpg\",\"articleSection\":[\"Main\"],\"inLanguage\":\"pl-PL\",\"potentialAction\":[{\"@type\":\"CommentAction\",\"name\":\"Comment\",\"target\":[\"http:\\\/\\\/biblioteka-gabin.pl\\\/index.php\\\/2024\\\/02\\\/08\\\/marek-hlasko-pisarz-i-scenarzysta-filmowy-patronem-na-luty\\\/#respond\"]}]},{\"@type\":\"WebPage\",\"@id\":\"http:\\\/\\\/biblioteka-gabin.pl\\\/index.php\\\/2024\\\/02\\\/08\\\/marek-hlasko-pisarz-i-scenarzysta-filmowy-patronem-na-luty\\\/\",\"url\":\"http:\\\/\\\/biblioteka-gabin.pl\\\/index.php\\\/2024\\\/02\\\/08\\\/marek-hlasko-pisarz-i-scenarzysta-filmowy-patronem-na-luty\\\/\",\"name\":\"Marek H\u0142asko - pisarz i scenarzysta filmowy patronem na luty - Miejsko-Gminna Biblioteka Publiczna w G\u0105binie\",\"isPartOf\":{\"@id\":\"https:\\\/\\\/biblioteka-gabin.pl\\\/#website\"},\"primaryImageOfPage\":{\"@id\":\"http:\\\/\\\/biblioteka-gabin.pl\\\/index.php\\\/2024\\\/02\\\/08\\\/marek-hlasko-pisarz-i-scenarzysta-filmowy-patronem-na-luty\\\/#primaryimage\"},\"image\":{\"@id\":\"http:\\\/\\\/biblioteka-gabin.pl\\\/index.php\\\/2024\\\/02\\\/08\\\/marek-hlasko-pisarz-i-scenarzysta-filmowy-patronem-na-luty\\\/#primaryimage\"},\"thumbnailUrl\":\"https:\\\/\\\/biblioteka-gabin.pl\\\/wp-content\\\/uploads\\\/archive\\\/pliki\\\/obraz\\\/2024\\\/luty\\\/426375169_725993353023126_2790308269132479004_n.jpg\",\"datePublished\":\"2024-02-08T00:00:00+00:00\",\"breadcrumb\":{\"@id\":\"http:\\\/\\\/biblioteka-gabin.pl\\\/index.php\\\/2024\\\/02\\\/08\\\/marek-hlasko-pisarz-i-scenarzysta-filmowy-patronem-na-luty\\\/#breadcrumb\"},\"inLanguage\":\"pl-PL\",\"potentialAction\":[{\"@type\":\"ReadAction\",\"target\":[\"http:\\\/\\\/biblioteka-gabin.pl\\\/index.php\\\/2024\\\/02\\\/08\\\/marek-hlasko-pisarz-i-scenarzysta-filmowy-patronem-na-luty\\\/\"]}]},{\"@type\":\"ImageObject\",\"inLanguage\":\"pl-PL\",\"@id\":\"http:\\\/\\\/biblioteka-gabin.pl\\\/index.php\\\/2024\\\/02\\\/08\\\/marek-hlasko-pisarz-i-scenarzysta-filmowy-patronem-na-luty\\\/#primaryimage\",\"url\":\"https:\\\/\\\/biblioteka-gabin.pl\\\/wp-content\\\/uploads\\\/archive\\\/pliki\\\/obraz\\\/2024\\\/luty\\\/426375169_725993353023126_2790308269132479004_n.jpg\",\"contentUrl\":\"https:\\\/\\\/biblioteka-gabin.pl\\\/wp-content\\\/uploads\\\/archive\\\/pliki\\\/obraz\\\/2024\\\/luty\\\/426375169_725993353023126_2790308269132479004_n.jpg\"},{\"@type\":\"BreadcrumbList\",\"@id\":\"http:\\\/\\\/biblioteka-gabin.pl\\\/index.php\\\/2024\\\/02\\\/08\\\/marek-hlasko-pisarz-i-scenarzysta-filmowy-patronem-na-luty\\\/#breadcrumb\",\"itemListElement\":[{\"@type\":\"ListItem\",\"position\":1,\"name\":\"Strona g\u0142\u00f3wna\",\"item\":\"https:\\\/\\\/biblioteka-gabin.pl\\\/\"},{\"@type\":\"ListItem\",\"position\":2,\"name\":\"Marek H\u0142asko &#8211; pisarz i scenarzysta filmowy patronem na luty\"}]},{\"@type\":\"WebSite\",\"@id\":\"https:\\\/\\\/biblioteka-gabin.pl\\\/#website\",\"url\":\"https:\\\/\\\/biblioteka-gabin.pl\\\/\",\"name\":\"Miejsko-Gminna Biblioteka Publiczna w G\u0105binie\",\"description\":\"\",\"publisher\":{\"@id\":\"https:\\\/\\\/biblioteka-gabin.pl\\\/#organization\"},\"potentialAction\":[{\"@type\":\"SearchAction\",\"target\":{\"@type\":\"EntryPoint\",\"urlTemplate\":\"https:\\\/\\\/biblioteka-gabin.pl\\\/?s={search_term_string}\"},\"query-input\":{\"@type\":\"PropertyValueSpecification\",\"valueRequired\":true,\"valueName\":\"search_term_string\"}}],\"inLanguage\":\"pl-PL\"},{\"@type\":\"Organization\",\"@id\":\"https:\\\/\\\/biblioteka-gabin.pl\\\/#organization\",\"name\":\"Miejsko-Gminna Biblioteka Publiczna w G\u0105binie\",\"url\":\"https:\\\/\\\/biblioteka-gabin.pl\\\/\",\"logo\":{\"@type\":\"ImageObject\",\"inLanguage\":\"pl-PL\",\"@id\":\"https:\\\/\\\/biblioteka-gabin.pl\\\/#\\\/schema\\\/logo\\\/image\\\/\",\"url\":\"https:\\\/\\\/biblioteka-gabin.pl\\\/wp-content\\\/uploads\\\/2025\\\/03\\\/logo-biblioteka-2-1657013691-1.jpg\",\"contentUrl\":\"https:\\\/\\\/biblioteka-gabin.pl\\\/wp-content\\\/uploads\\\/2025\\\/03\\\/logo-biblioteka-2-1657013691-1.jpg\",\"width\":1600,\"height\":772,\"caption\":\"Miejsko-Gminna Biblioteka Publiczna w G\u0105binie\"},\"image\":{\"@id\":\"https:\\\/\\\/biblioteka-gabin.pl\\\/#\\\/schema\\\/logo\\\/image\\\/\"},\"sameAs\":[\"https:\\\/\\\/www.facebook.com\\\/bibliotekagabin\",\"https:\\\/\\\/www.youtube.com\\\/@mgbpgabin9392\"]},{\"@type\":\"Person\",\"@id\":\"https:\\\/\\\/biblioteka-gabin.pl\\\/#\\\/schema\\\/person\\\/2067b97c24663d987ef6ef95bed7c99a\",\"name\":\"admin\",\"image\":{\"@type\":\"ImageObject\",\"inLanguage\":\"pl-PL\",\"@id\":\"https:\\\/\\\/secure.gravatar.com\\\/avatar\\\/e1843904e97b4e376a0fc90ae10372cd31bce9b207a7a3d2ca68fc7ca7e4174c?s=96&d=mm&r=g\",\"url\":\"https:\\\/\\\/secure.gravatar.com\\\/avatar\\\/e1843904e97b4e376a0fc90ae10372cd31bce9b207a7a3d2ca68fc7ca7e4174c?s=96&d=mm&r=g\",\"contentUrl\":\"https:\\\/\\\/secure.gravatar.com\\\/avatar\\\/e1843904e97b4e376a0fc90ae10372cd31bce9b207a7a3d2ca68fc7ca7e4174c?s=96&d=mm&r=g\",\"caption\":\"admin\"},\"sameAs\":[\"http:\\\/\\\/strona.biblioteka-gabin.pl\"],\"url\":\"https:\\\/\\\/biblioteka-gabin.pl\\\/index.php\\\/author\\\/admin\\\/\"}]}<\/script>\n<!-- \/ Yoast SEO plugin. -->","yoast_head_json":{"title":"Marek H\u0142asko - pisarz i scenarzysta filmowy patronem na luty - Miejsko-Gminna Biblioteka Publiczna w G\u0105binie","robots":{"index":"index","follow":"follow","max-snippet":"max-snippet:-1","max-image-preview":"max-image-preview:large","max-video-preview":"max-video-preview:-1"},"canonical":"http:\/\/biblioteka-gabin.pl\/index.php\/2024\/02\/08\/marek-hlasko-pisarz-i-scenarzysta-filmowy-patronem-na-luty\/","og_locale":"pl_PL","og_type":"article","og_title":"Marek H\u0142asko - pisarz i scenarzysta filmowy patronem na luty - Miejsko-Gminna Biblioteka Publiczna w G\u0105binie","og_description":"W lutym w MGBP szczeg\u00f3lnie wspominamy Marka H\u0142asko. Prozaik i","og_url":"http:\/\/biblioteka-gabin.pl\/index.php\/2024\/02\/08\/marek-hlasko-pisarz-i-scenarzysta-filmowy-patronem-na-luty\/","og_site_name":"Miejsko-Gminna Biblioteka Publiczna w G\u0105binie","article_publisher":"https:\/\/www.facebook.com\/bibliotekagabin","article_published_time":"2024-02-08T00:00:00+00:00","og_image":[{"url":"https:\/\/biblioteka-gabin.pl\/wp-content\/uploads\/archive\/pliki\/obraz\/2024\/luty\/426375169_725993353023126_2790308269132479004_n.jpg","type":"","width":"","height":""}],"author":"admin","twitter_card":"summary_large_image","twitter_misc":{"Napisane przez":"admin","Szacowany czas czytania":"1 minuta"},"schema":{"@context":"https:\/\/schema.org","@graph":[{"@type":"Article","@id":"http:\/\/biblioteka-gabin.pl\/index.php\/2024\/02\/08\/marek-hlasko-pisarz-i-scenarzysta-filmowy-patronem-na-luty\/#article","isPartOf":{"@id":"http:\/\/biblioteka-gabin.pl\/index.php\/2024\/02\/08\/marek-hlasko-pisarz-i-scenarzysta-filmowy-patronem-na-luty\/"},"author":{"name":"admin","@id":"https:\/\/biblioteka-gabin.pl\/#\/schema\/person\/2067b97c24663d987ef6ef95bed7c99a"},"headline":"Marek H\u0142asko &#8211; pisarz i scenarzysta filmowy patronem na luty","datePublished":"2024-02-08T00:00:00+00:00","mainEntityOfPage":{"@id":"http:\/\/biblioteka-gabin.pl\/index.php\/2024\/02\/08\/marek-hlasko-pisarz-i-scenarzysta-filmowy-patronem-na-luty\/"},"wordCount":276,"commentCount":0,"publisher":{"@id":"https:\/\/biblioteka-gabin.pl\/#organization"},"image":{"@id":"http:\/\/biblioteka-gabin.pl\/index.php\/2024\/02\/08\/marek-hlasko-pisarz-i-scenarzysta-filmowy-patronem-na-luty\/#primaryimage"},"thumbnailUrl":"https:\/\/biblioteka-gabin.pl\/wp-content\/uploads\/archive\/pliki\/obraz\/2024\/luty\/426375169_725993353023126_2790308269132479004_n.jpg","articleSection":["Main"],"inLanguage":"pl-PL","potentialAction":[{"@type":"CommentAction","name":"Comment","target":["http:\/\/biblioteka-gabin.pl\/index.php\/2024\/02\/08\/marek-hlasko-pisarz-i-scenarzysta-filmowy-patronem-na-luty\/#respond"]}]},{"@type":"WebPage","@id":"http:\/\/biblioteka-gabin.pl\/index.php\/2024\/02\/08\/marek-hlasko-pisarz-i-scenarzysta-filmowy-patronem-na-luty\/","url":"http:\/\/biblioteka-gabin.pl\/index.php\/2024\/02\/08\/marek-hlasko-pisarz-i-scenarzysta-filmowy-patronem-na-luty\/","name":"Marek H\u0142asko - pisarz i scenarzysta filmowy patronem na luty - Miejsko-Gminna Biblioteka Publiczna w G\u0105binie","isPartOf":{"@id":"https:\/\/biblioteka-gabin.pl\/#website"},"primaryImageOfPage":{"@id":"http:\/\/biblioteka-gabin.pl\/index.php\/2024\/02\/08\/marek-hlasko-pisarz-i-scenarzysta-filmowy-patronem-na-luty\/#primaryimage"},"image":{"@id":"http:\/\/biblioteka-gabin.pl\/index.php\/2024\/02\/08\/marek-hlasko-pisarz-i-scenarzysta-filmowy-patronem-na-luty\/#primaryimage"},"thumbnailUrl":"https:\/\/biblioteka-gabin.pl\/wp-content\/uploads\/archive\/pliki\/obraz\/2024\/luty\/426375169_725993353023126_2790308269132479004_n.jpg","datePublished":"2024-02-08T00:00:00+00:00","breadcrumb":{"@id":"http:\/\/biblioteka-gabin.pl\/index.php\/2024\/02\/08\/marek-hlasko-pisarz-i-scenarzysta-filmowy-patronem-na-luty\/#breadcrumb"},"inLanguage":"pl-PL","potentialAction":[{"@type":"ReadAction","target":["http:\/\/biblioteka-gabin.pl\/index.php\/2024\/02\/08\/marek-hlasko-pisarz-i-scenarzysta-filmowy-patronem-na-luty\/"]}]},{"@type":"ImageObject","inLanguage":"pl-PL","@id":"http:\/\/biblioteka-gabin.pl\/index.php\/2024\/02\/08\/marek-hlasko-pisarz-i-scenarzysta-filmowy-patronem-na-luty\/#primaryimage","url":"https:\/\/biblioteka-gabin.pl\/wp-content\/uploads\/archive\/pliki\/obraz\/2024\/luty\/426375169_725993353023126_2790308269132479004_n.jpg","contentUrl":"https:\/\/biblioteka-gabin.pl\/wp-content\/uploads\/archive\/pliki\/obraz\/2024\/luty\/426375169_725993353023126_2790308269132479004_n.jpg"},{"@type":"BreadcrumbList","@id":"http:\/\/biblioteka-gabin.pl\/index.php\/2024\/02\/08\/marek-hlasko-pisarz-i-scenarzysta-filmowy-patronem-na-luty\/#breadcrumb","itemListElement":[{"@type":"ListItem","position":1,"name":"Strona g\u0142\u00f3wna","item":"https:\/\/biblioteka-gabin.pl\/"},{"@type":"ListItem","position":2,"name":"Marek H\u0142asko &#8211; pisarz i scenarzysta filmowy patronem na luty"}]},{"@type":"WebSite","@id":"https:\/\/biblioteka-gabin.pl\/#website","url":"https:\/\/biblioteka-gabin.pl\/","name":"Miejsko-Gminna Biblioteka Publiczna w G\u0105binie","description":"","publisher":{"@id":"https:\/\/biblioteka-gabin.pl\/#organization"},"potentialAction":[{"@type":"SearchAction","target":{"@type":"EntryPoint","urlTemplate":"https:\/\/biblioteka-gabin.pl\/?s={search_term_string}"},"query-input":{"@type":"PropertyValueSpecification","valueRequired":true,"valueName":"search_term_string"}}],"inLanguage":"pl-PL"},{"@type":"Organization","@id":"https:\/\/biblioteka-gabin.pl\/#organization","name":"Miejsko-Gminna Biblioteka Publiczna w G\u0105binie","url":"https:\/\/biblioteka-gabin.pl\/","logo":{"@type":"ImageObject","inLanguage":"pl-PL","@id":"https:\/\/biblioteka-gabin.pl\/#\/schema\/logo\/image\/","url":"https:\/\/biblioteka-gabin.pl\/wp-content\/uploads\/2025\/03\/logo-biblioteka-2-1657013691-1.jpg","contentUrl":"https:\/\/biblioteka-gabin.pl\/wp-content\/uploads\/2025\/03\/logo-biblioteka-2-1657013691-1.jpg","width":1600,"height":772,"caption":"Miejsko-Gminna Biblioteka Publiczna w G\u0105binie"},"image":{"@id":"https:\/\/biblioteka-gabin.pl\/#\/schema\/logo\/image\/"},"sameAs":["https:\/\/www.facebook.com\/bibliotekagabin","https:\/\/www.youtube.com\/@mgbpgabin9392"]},{"@type":"Person","@id":"https:\/\/biblioteka-gabin.pl\/#\/schema\/person\/2067b97c24663d987ef6ef95bed7c99a","name":"admin","image":{"@type":"ImageObject","inLanguage":"pl-PL","@id":"https:\/\/secure.gravatar.com\/avatar\/e1843904e97b4e376a0fc90ae10372cd31bce9b207a7a3d2ca68fc7ca7e4174c?s=96&d=mm&r=g","url":"https:\/\/secure.gravatar.com\/avatar\/e1843904e97b4e376a0fc90ae10372cd31bce9b207a7a3d2ca68fc7ca7e4174c?s=96&d=mm&r=g","contentUrl":"https:\/\/secure.gravatar.com\/avatar\/e1843904e97b4e376a0fc90ae10372cd31bce9b207a7a3d2ca68fc7ca7e4174c?s=96&d=mm&r=g","caption":"admin"},"sameAs":["http:\/\/strona.biblioteka-gabin.pl"],"url":"https:\/\/biblioteka-gabin.pl\/index.php\/author\/admin\/"}]}},"_links":{"self":[{"href":"https:\/\/biblioteka-gabin.pl\/index.php\/wp-json\/wp\/v2\/posts\/8145","targetHints":{"allow":["GET"]}}],"collection":[{"href":"https:\/\/biblioteka-gabin.pl\/index.php\/wp-json\/wp\/v2\/posts"}],"about":[{"href":"https:\/\/biblioteka-gabin.pl\/index.php\/wp-json\/wp\/v2\/types\/post"}],"author":[{"embeddable":true,"href":"https:\/\/biblioteka-gabin.pl\/index.php\/wp-json\/wp\/v2\/users\/1"}],"replies":[{"embeddable":true,"href":"https:\/\/biblioteka-gabin.pl\/index.php\/wp-json\/wp\/v2\/comments?post=8145"}],"version-history":[{"count":0,"href":"https:\/\/biblioteka-gabin.pl\/index.php\/wp-json\/wp\/v2\/posts\/8145\/revisions"}],"wp:attachment":[{"href":"https:\/\/biblioteka-gabin.pl\/index.php\/wp-json\/wp\/v2\/media?parent=8145"}],"wp:term":[{"taxonomy":"category","embeddable":true,"href":"https:\/\/biblioteka-gabin.pl\/index.php\/wp-json\/wp\/v2\/categories?post=8145"},{"taxonomy":"post_tag","embeddable":true,"href":"https:\/\/biblioteka-gabin.pl\/index.php\/wp-json\/wp\/v2\/tags?post=8145"}],"curies":[{"name":"wp","href":"https:\/\/api.w.org\/{rel}","templated":true}]}}