{"id":8146,"date":"2023-09-08T00:00:00","date_gmt":"2023-09-08T00:00:00","guid":{"rendered":"https:\/\/biblioteka-gabin.pl\/index.php\/2023\/09\/08\/maurycy-mochnacki-dzialacz-pianista-kronikarz-i-uczestnik-powstania-listopadowego-patronem-wrzesnia\/"},"modified":"2023-09-08T00:00:00","modified_gmt":"2023-09-08T00:00:00","slug":"maurycy-mochnacki-dzialacz-pianista-kronikarz-i-uczestnik-powstania-listopadowego-patronem-wrzesnia","status":"publish","type":"post","link":"https:\/\/biblioteka-gabin.pl\/index.php\/2023\/09\/08\/maurycy-mochnacki-dzialacz-pianista-kronikarz-i-uczestnik-powstania-listopadowego-patronem-wrzesnia\/","title":{"rendered":"Maurycy Mochnacki- dzia\u0142acz, pianista, kronikarz i uczestnik powstania listopadowego patronem wrze\u015bnia"},"content":{"rendered":"<p>Maurycy Mochnacki &#8211; (ur. 13 wrze\u015bnia 1803 w Boja\u0144cu, zm. 20 grudnia 1834 ) &#8211; publicysta polityczny, krytyk literacki i muzyk. By\u0142 jednym z teoretyk\u00f3w polskiego romantyzmu, uczestnikiem i kronikarzem powstania listopadowego.<br \/>\nOdebra\u0142 wychowanie domowe w duchu patriotycznym. Studiowa\u0142 prawo na Uniwersytecie Warszawskim. Tu prze\u017cy\u0142 pierwsze bezpo\u015brednie zetkni\u0119cie z rosyjskim aparatem policyjnej przemocy. Napadni\u0119to go we w\u0142asnym mieszkaniu, a gdy pr\u00f3bowa\u0142 broni\u0107 si\u0119 przed atakiem \u017candarm\u00f3w, wywleczono go z domu, zaaresztowano i przez ponad miesi\u0105c zmuszano do publicznych rob\u00f3t w ogrodach Belwederu. Ta napa\u015b\u0107 wydarzy\u0142a si\u0119 w czasie dla Mochnackiego szczeg\u00f3lnie wa\u017cnym: za kilka dni mia\u0142 otrzyma\u0107 dyplom uko\u0144czenia uniwersyteckich studi\u00f3w. Zamiast dyplomu czeka\u0142o go jednak relegowanie ze studi\u00f3w i zakaz zatrudniania w jakichkolwiek publicznych instytucjach. Rozkazy te wyda\u0142 sam wielki ksi\u0105\u017c\u0119 Konstanty, znienawidzony powszechnie przez Polak\u00f3w. Mochnackiego czeka\u0142y kolejne szykany: w roku 1823 spotka\u0142o go ponowne uwi\u0119zienie, trwaj\u0105ce niemal rok. Tym razem powodem by\u0142a przynale\u017cno\u015b\u0107 do Towarzystwa Wolnych Polak\u00f3w. Mochnackiego przetrzymywano w nies\u0142awnym areszcie znajduj\u0105cym si\u0119 w murach dawnego klasztoru karmelit\u00f3ww Warszawie. Okres tego uwi\u0119zienia jest szczeg\u00f3lnie kontrowersyjnym punktem biografii Mochnackiego. Tu bowiem spisa\u0142 memoria\u0142, w kt\u00f3rym wyst\u0119powa\u0142 przeciwko polskiemu szkolnictwu w Kr\u00f3lestwie Kongresowym. W memoriale tym znalaz\u0142o si\u0119 te\u017c pot\u0119pienie wolno\u015bciowego pi\u015bmiennictwa i zach\u0119ta dla Rosjan, by z ca\u0142\u0105 surowo\u015bci\u0105 stosowa\u0107 wobec opornych \u015brodki represyjne. Wiadomo jednak, \u017ce \u00f3w memoria\u0142 napisa\u0142 Mochnacki pod presj\u0105, sterroryzowany przez rosyjsk\u0105 policj\u0119. Przez kilka miesi\u0119cy pracowa\u0142 tak\u017ce w rosyjskiej cenzurze \u2013 odmowa grozi\u0142a nast\u0119pnym aresztowaniem. Mochnacki nie wykazywa\u0142 jednak oczekiwanej od niego gorliwo\u015bci, kilka razy reprymendowano go, a gdy ustne i pisemne \u015brodki nacisku zawiod\u0142y \u2013 wygnano go z cenzury jako &#8222;niegodnego zaufania rz\u0105du&#8221;. Pozbawiony mo\u017cliwo\u015bci zasiadania na rz\u0105dowych posadach, sta\u0142 si\u0119 Mochnacki publicyst\u0105 i wydawc\u0105 czasopism. W latach 1826\u20131830 pracowa\u0142 w redakcji &#8222;Izydy Polskiej&#8221;, najpierw jako t\u0142umacz, p\u00f3\u017aniej za\u015b jako wsp\u00f3\u0142pracownik (dzi\u015b powiedzieliby\u015bmy: asystent) redaktora naczelnego. By\u0142 tak\u017ce wsp\u00f3\u0142za\u0142o\u017cycielem i publicyst\u0105 &#8222;Gazety Polskiej&#8221; (1827\u20131829), p\u00f3\u017aniej pisywa\u0142 dla &#8222;Kuriera Polskiego&#8221;. Jego teksty by\u0142y sta\u0142ym, niemal codziennym sk\u0142adnikiem tej gazety a\u017c do wybuchu powstania listopadowego. W odpisach kr\u0105\u017cy\u0142a tak\u017ce redagowana przez niego gazeta &#8222;G\u0142os obywatela z ziemi zabranej&#8221;.<br \/>\nW tym czasie by\u0142 uczestnikiem niemal wszystkich tajnych zwi\u0105zk\u00f3w m\u0142odzie\u017cy wojskowej wymierzonych przeciwko caratowi. Od pocz\u0105tku 1829 roku by\u0142 cz\u0142onkiem sprzysi\u0119\u017cenia Piotra Wysockiego, kt\u00f3ry mia\u0142 da\u0107 sygna\u0142 do wybuchu powstania listopadowego. Gdy wreszcie si\u0119 rozpocz\u0119\u0142o, Mochnacki utworzy\u0142 klub rewolucyjny \u2013 tym razem jednak odezwa\u0142a si\u0119 jego niedawna przesz\u0142o\u015b\u0107: dyskredytowasno jego zaanga\u017cowanie w dzia\u0142anie powsta\u0144c\u00f3w, a za argument wysuwany przeciwko Mochnackiemu s\u0142u\u017cy\u0142 \u00f3w pisany w karmelickim wi\u0119zieniu memoria\u0142 (zwano go &#8222;pismem karmelickim&#8221;) i kr\u00f3tka praca w carskiej cenzurze.<br \/>\nNa pocz\u0105tku 1831 roku za\u0142o\u017cy\u0142 swoj\u0105 nast\u0119pn\u0105, efemeryczn\u0105 gazet\u0119 &#8222;Nowa Polska&#8221;. Nale\u017ca\u0142 do radykalnego obozu, przeciwstawiaj\u0105cego si\u0119 J\u00f3zefowi Ch\u0142opickiemu jako dyktatorowi powstania. Walczy\u0142 w powstaniu nie tylko pi\u00f3rem, ale i z broni\u0105 w r\u0119ku. Nie przyj\u0105\u0142 wr\u0119czonej mu nominacji oficerskiej, lecz jako zwyk\u0142y szeregowiec 1 Pu\u0142ku Strzelc\u00f3w Pieszych bra\u0142 udzia\u0142 w bitwie pod Olszynk\u0105 Grochowsk\u0105. Raniony, po kr\u00f3tkiej rekonwalescencji \u2013 ju\u017c w stopniu oficera \u2013 walczy\u0142 pod Ostro\u0142\u0119k\u0105, pod Okuniewiem, nad Liwcem i pod Wawrem. W bitwie ostro\u0142\u0119ckiej ponownie ranny zako\u0144czy\u0142 czas czynnej walki w powstaniu. Reszt\u0119 powstania sp\u0119dzi\u0142 u boku dyktatora Jana Krukowieckiego jako jeden z jego najbli\u017cszych wsp\u00f3\u0142pracownik\u00f3w. Nie zaprzesta\u0142 dzia\u0142alno\u015bci publicystycznej. W wydawanym w czasie powstania &#8222;Dzienniku Krajowym&#8221; g\u0142osi\u0142 has\u0142a odbudowy niezale\u017cnej pa\u0144stwowo\u015bci Polski, ale urz\u0105dzenia jej ustroju wed\u0142ug nowych, bardziej demokratycznych zasad. Za m\u0119stwo w czasie Powstania nagrodzono go odznaczeniem Virtuti Militari. Trzy ostatnie lata \u017cycia 1831\u20131834, a wi\u0119c okres tu\u017c po powstaniu sp\u0119dzi\u0142 we Francji. Na ziemiach polskich grozi\u0142a mu \u015bmier\u0107: zaocznie skazano go na powieszenie za udzia\u0142 i rol\u0119 w Powstaniu.<br \/>\nBy\u0142 jednym z najwa\u017cniejszych publicyst\u00f3w &#8222;Pami\u0119tnika Emigracji Polskiej&#8221;, pisma wychodz\u0105cego po polsku w Pary\u017cu. Na \u0142amach &#8222;Pami\u0119tnika&#8221; ukaza\u0142a si\u0119 jego rozprawa &#8222;O duchu i \u017ar\u00f3d\u0142ach poezji w Polszcze&#8221;, w kt\u00f3rej objawi\u0142 si\u0119 jako zwolennik postawy romantycznej, oddaj\u0105c prymat intuicji nad o\u015bwieceniowym my\u015bleniem racjonalnym. W tej rozprawie zawar\u0142 tak\u017ce przekonanie o literaturze jako czynniku najsilniej spajaj\u0105cym nar\u00f3d i okre\u015blaj\u0105cym jego \u015bwiadomo\u015b\u0107. Tak\u017ce na emigracji ukaza\u0142a si\u0119 jego praca historyczna &#8222;Powstanie narodu polskiego&#8221;, b\u0119d\u0105ca w zamierzeniu autora dziejami powstania listopadowego. By\u0142a ona tak\u017ce analiz\u0105 przyczyn kl\u0119ski powstania, kt\u00f3rego wybuch Mochnacki uwa\u017ca\u0142 za s\u0142uszny, lecz jego kl\u0119sk\u0119 upatrywa\u0142 w s\u0142abo\u015bci przyw\u00f3dc\u00f3w i ich nieprzygotowaniu do wzi\u0119cia na siebie odpowiedzialno\u015bci za wa\u017cny moment dziejowy. Praca jest niedoko\u0144czona, jej tworzenie przerwa\u0142a \u015bmier\u0107 Mochnackiego. Mimo to wywar\u0142a silny wp\u0142yw na nast\u0119pne generacje Polak\u00f3w, czego dowodem s\u0105 jej nast\u0119pne wydania: w roku 1850 i \u2013 co znamienne \u2013 w 1863, roku wybuchu powstania styczniowego.<br \/>\nMochnacki by\u0142 nie tylko wybitnym publicyst\u0105 \u2013 ceniono tak\u017ce jego umiej\u0119tno\u015bci jako pianisty \u2013 koncert dany przez Mochnackiego w Metz w 1832 roku zainspirowa\u0142 Jana Lechonia do napisania s\u0142ynnego wiersza &#8222;Mochnacki&#8221;, opublikowanego w wydanym w 1920 roku zbiorze wierszy &#8222;Karmazynowy poemat&#8221;. Tu koncert dany przez Mochnackiego staje si\u0119 parabol\u0105 cierpienia narodu polskiego wydanego na rosyjsk\u0105 przemoc.<br \/>\nPodziwiany za \u017cycia za sw\u00f3j publicystyczny temperament, odrzucany przez innych, pami\u0119taj\u0105cych mu wci\u0105\u017c chwil\u0119 s\u0142abo\u015bci i uleg\u0142o\u015bci wobec zaborc\u00f3w \u2013 sta\u0142 si\u0119 Mochnacki jednym z symboli polskiego romantyzmu. Nic te\u017c dziwnego, \u017ce jego posta\u0107 inspirowa\u0142a tw\u00f3rc\u00f3w \u2013 tak\u017ce sztuk teatralnych. W roku 1948 w warszawskim Teatrze Rozmaito\u015bci wystawiono &#8222;Romans z Ojczyzn\u0105&#8221; pi\u00f3ra Tadeusza \u0141opalewskiego (re\u017c. Eugeniusz Poreda) \u2013 g\u0142\u00f3wnym bohaterem tej (niebyt zreszt\u0105 udanej) sztuki, b\u0119d\u0105cej w du\u017cej cz\u0119\u015bci udramatyzowan\u0105 kompilacj\u0105 pism Mochnackiego by\u0142 on sam. W 1972 roku na podstawie jego sztuki \u201eNiebezpiecznie, panie Mochnacki\u201d powsta\u0142 spektakl Teatru Telewizji w re\u017cyserii Jerzego Krasowskiego z Janem Nowickim w roli tytu\u0142owej. By\u0142 jednym z &#8222;p\u00f3\u0142kownik\u00f3w&#8221; epoki gierkowskiej: ta\u015bma z nagraniem na telewizyjnych p\u00f3\u0142kach przele\u017ca\u0142a 8 lat, odtworzono j\u0105 po raz pierwszy w roku 1980, uznaj\u0105c to przedstawienie za jedno z najwybitniejszych w historii Teatru Telewizji.<br \/>\nAutor: Tomasz Mo\u015bcicki, grudzie\u0144 2016<br \/>\n\u017br\u00f3d\u0142o: culture.pl<br \/>\n<img src='https:\/\/biblioteka-gabin.pl\/wp-content\/uploads\/archive\/pliki\/obraz\/2023_\/sierpien\/373490939_780825460465522_3605597547168148529_n.jpg'><br \/>\n<a href='https:\/\/biblioteka-gabin.pl\/wp-content\/uploads\/archive\/galleries\/509\/3734909397808254604655223605597547168148529n-98241502ac.jpg'><img style='max-height:300px;' src='https:\/\/biblioteka-gabin.pl\/wp-content\/uploads\/archive\/galleries\/509\/3734909397808254604655223605597547168148529n-98241502ac.jpg'><\/a><br \/>\n<a href='https:\/\/biblioteka-gabin.pl\/wp-content\/uploads\/archive\/galleries\/509\/3734822551372025960868446312601158368075615n-84aea7aba1.jpg'><img style='max-height:300px;' src='https:\/\/biblioteka-gabin.pl\/wp-content\/uploads\/archive\/galleries\/509\/3734822551372025960868446312601158368075615n-84aea7aba1.jpg'><\/a><br \/>\n<a href='https:\/\/biblioteka-gabin.pl\/wp-content\/uploads\/archive\/galleries\/509\/3734916632947634698342852878519880223222036n-9de53d019b.jpg'><img style='max-height:300px;' src='https:\/\/biblioteka-gabin.pl\/wp-content\/uploads\/archive\/galleries\/509\/3734916632947634698342852878519880223222036n-9de53d019b.jpg'><\/a><br \/>\n<a href='https:\/\/biblioteka-gabin.pl\/wp-content\/uploads\/archive\/galleries\/509\/37495105313636279645678092216536860069984391n-634e2bf3ab.jpg'><img style='max-height:300px;' src='https:\/\/biblioteka-gabin.pl\/wp-content\/uploads\/archive\/galleries\/509\/37495105313636279645678092216536860069984391n-634e2bf3ab.jpg'><\/a><\/p>\n","protected":false},"excerpt":{"rendered":"<p>Maurycy Mochnacki &#8211; (ur. 13 wrze\u015bnia 1803 w Boja\u0144cu, zm.<\/p>\n","protected":false},"author":1,"featured_media":0,"comment_status":"open","ping_status":"open","sticky":false,"template":"","format":"standard","meta":{"footnotes":""},"categories":[36],"tags":[],"class_list":["post-8146","post","type-post","status-publish","format-standard","hentry","category-main"],"yoast_head":"<!-- This site is optimized with the Yoast SEO plugin v27.4 - https:\/\/yoast.com\/product\/yoast-seo-wordpress\/ -->\n<title>Maurycy Mochnacki- dzia\u0142acz, pianista, kronikarz i uczestnik powstania listopadowego patronem wrze\u015bnia - Miejsko-Gminna Biblioteka Publiczna w G\u0105binie<\/title>\n<meta name=\"robots\" content=\"index, follow, max-snippet:-1, max-image-preview:large, max-video-preview:-1\" \/>\n<link rel=\"canonical\" href=\"https:\/\/biblioteka-gabin.pl\/index.php\/2023\/09\/08\/maurycy-mochnacki-dzialacz-pianista-kronikarz-i-uczestnik-powstania-listopadowego-patronem-wrzesnia\/\" \/>\n<meta property=\"og:locale\" content=\"pl_PL\" \/>\n<meta property=\"og:type\" content=\"article\" \/>\n<meta property=\"og:title\" content=\"Maurycy Mochnacki- dzia\u0142acz, pianista, kronikarz i uczestnik powstania listopadowego patronem wrze\u015bnia - Miejsko-Gminna Biblioteka Publiczna w G\u0105binie\" \/>\n<meta property=\"og:description\" content=\"Maurycy Mochnacki &#8211; (ur. 13 wrze\u015bnia 1803 w Boja\u0144cu, zm.\" \/>\n<meta property=\"og:url\" content=\"https:\/\/biblioteka-gabin.pl\/index.php\/2023\/09\/08\/maurycy-mochnacki-dzialacz-pianista-kronikarz-i-uczestnik-powstania-listopadowego-patronem-wrzesnia\/\" \/>\n<meta property=\"og:site_name\" content=\"Miejsko-Gminna Biblioteka Publiczna w G\u0105binie\" \/>\n<meta property=\"article:publisher\" content=\"https:\/\/www.facebook.com\/bibliotekagabin\" \/>\n<meta property=\"article:published_time\" content=\"2023-09-08T00:00:00+00:00\" \/>\n<meta property=\"og:image\" content=\"https:\/\/biblioteka-gabin.pl\/wp-content\/uploads\/archive\/pliki\/obraz\/2023_\/sierpien\/373490939_780825460465522_3605597547168148529_n.jpg\" \/>\n<meta name=\"author\" content=\"admin\" \/>\n<meta name=\"twitter:card\" content=\"summary_large_image\" \/>\n<meta name=\"twitter:label1\" content=\"Napisane przez\" \/>\n\t<meta name=\"twitter:data1\" content=\"admin\" \/>\n\t<meta name=\"twitter:label2\" content=\"Szacowany czas czytania\" \/>\n\t<meta name=\"twitter:data2\" content=\"5 minut\" \/>\n<script type=\"application\/ld+json\" class=\"yoast-schema-graph\">{\"@context\":\"https:\\\/\\\/schema.org\",\"@graph\":[{\"@type\":\"Article\",\"@id\":\"https:\\\/\\\/biblioteka-gabin.pl\\\/index.php\\\/2023\\\/09\\\/08\\\/maurycy-mochnacki-dzialacz-pianista-kronikarz-i-uczestnik-powstania-listopadowego-patronem-wrzesnia\\\/#article\",\"isPartOf\":{\"@id\":\"https:\\\/\\\/biblioteka-gabin.pl\\\/index.php\\\/2023\\\/09\\\/08\\\/maurycy-mochnacki-dzialacz-pianista-kronikarz-i-uczestnik-powstania-listopadowego-patronem-wrzesnia\\\/\"},\"author\":{\"name\":\"admin\",\"@id\":\"https:\\\/\\\/biblioteka-gabin.pl\\\/#\\\/schema\\\/person\\\/2067b97c24663d987ef6ef95bed7c99a\"},\"headline\":\"Maurycy Mochnacki- dzia\u0142acz, pianista, kronikarz i uczestnik powstania listopadowego patronem wrze\u015bnia\",\"datePublished\":\"2023-09-08T00:00:00+00:00\",\"mainEntityOfPage\":{\"@id\":\"https:\\\/\\\/biblioteka-gabin.pl\\\/index.php\\\/2023\\\/09\\\/08\\\/maurycy-mochnacki-dzialacz-pianista-kronikarz-i-uczestnik-powstania-listopadowego-patronem-wrzesnia\\\/\"},\"wordCount\":1103,\"commentCount\":0,\"publisher\":{\"@id\":\"https:\\\/\\\/biblioteka-gabin.pl\\\/#organization\"},\"image\":{\"@id\":\"https:\\\/\\\/biblioteka-gabin.pl\\\/index.php\\\/2023\\\/09\\\/08\\\/maurycy-mochnacki-dzialacz-pianista-kronikarz-i-uczestnik-powstania-listopadowego-patronem-wrzesnia\\\/#primaryimage\"},\"thumbnailUrl\":\"https:\\\/\\\/biblioteka-gabin.pl\\\/wp-content\\\/uploads\\\/archive\\\/pliki\\\/obraz\\\/2023_\\\/sierpien\\\/373490939_780825460465522_3605597547168148529_n.jpg\",\"articleSection\":[\"Main\"],\"inLanguage\":\"pl-PL\",\"potentialAction\":[{\"@type\":\"CommentAction\",\"name\":\"Comment\",\"target\":[\"https:\\\/\\\/biblioteka-gabin.pl\\\/index.php\\\/2023\\\/09\\\/08\\\/maurycy-mochnacki-dzialacz-pianista-kronikarz-i-uczestnik-powstania-listopadowego-patronem-wrzesnia\\\/#respond\"]}]},{\"@type\":\"WebPage\",\"@id\":\"https:\\\/\\\/biblioteka-gabin.pl\\\/index.php\\\/2023\\\/09\\\/08\\\/maurycy-mochnacki-dzialacz-pianista-kronikarz-i-uczestnik-powstania-listopadowego-patronem-wrzesnia\\\/\",\"url\":\"https:\\\/\\\/biblioteka-gabin.pl\\\/index.php\\\/2023\\\/09\\\/08\\\/maurycy-mochnacki-dzialacz-pianista-kronikarz-i-uczestnik-powstania-listopadowego-patronem-wrzesnia\\\/\",\"name\":\"Maurycy Mochnacki- dzia\u0142acz, pianista, kronikarz i uczestnik powstania listopadowego patronem wrze\u015bnia - Miejsko-Gminna Biblioteka Publiczna w G\u0105binie\",\"isPartOf\":{\"@id\":\"https:\\\/\\\/biblioteka-gabin.pl\\\/#website\"},\"primaryImageOfPage\":{\"@id\":\"https:\\\/\\\/biblioteka-gabin.pl\\\/index.php\\\/2023\\\/09\\\/08\\\/maurycy-mochnacki-dzialacz-pianista-kronikarz-i-uczestnik-powstania-listopadowego-patronem-wrzesnia\\\/#primaryimage\"},\"image\":{\"@id\":\"https:\\\/\\\/biblioteka-gabin.pl\\\/index.php\\\/2023\\\/09\\\/08\\\/maurycy-mochnacki-dzialacz-pianista-kronikarz-i-uczestnik-powstania-listopadowego-patronem-wrzesnia\\\/#primaryimage\"},\"thumbnailUrl\":\"https:\\\/\\\/biblioteka-gabin.pl\\\/wp-content\\\/uploads\\\/archive\\\/pliki\\\/obraz\\\/2023_\\\/sierpien\\\/373490939_780825460465522_3605597547168148529_n.jpg\",\"datePublished\":\"2023-09-08T00:00:00+00:00\",\"breadcrumb\":{\"@id\":\"https:\\\/\\\/biblioteka-gabin.pl\\\/index.php\\\/2023\\\/09\\\/08\\\/maurycy-mochnacki-dzialacz-pianista-kronikarz-i-uczestnik-powstania-listopadowego-patronem-wrzesnia\\\/#breadcrumb\"},\"inLanguage\":\"pl-PL\",\"potentialAction\":[{\"@type\":\"ReadAction\",\"target\":[\"https:\\\/\\\/biblioteka-gabin.pl\\\/index.php\\\/2023\\\/09\\\/08\\\/maurycy-mochnacki-dzialacz-pianista-kronikarz-i-uczestnik-powstania-listopadowego-patronem-wrzesnia\\\/\"]}]},{\"@type\":\"ImageObject\",\"inLanguage\":\"pl-PL\",\"@id\":\"https:\\\/\\\/biblioteka-gabin.pl\\\/index.php\\\/2023\\\/09\\\/08\\\/maurycy-mochnacki-dzialacz-pianista-kronikarz-i-uczestnik-powstania-listopadowego-patronem-wrzesnia\\\/#primaryimage\",\"url\":\"https:\\\/\\\/biblioteka-gabin.pl\\\/wp-content\\\/uploads\\\/archive\\\/pliki\\\/obraz\\\/2023_\\\/sierpien\\\/373490939_780825460465522_3605597547168148529_n.jpg\",\"contentUrl\":\"https:\\\/\\\/biblioteka-gabin.pl\\\/wp-content\\\/uploads\\\/archive\\\/pliki\\\/obraz\\\/2023_\\\/sierpien\\\/373490939_780825460465522_3605597547168148529_n.jpg\"},{\"@type\":\"BreadcrumbList\",\"@id\":\"https:\\\/\\\/biblioteka-gabin.pl\\\/index.php\\\/2023\\\/09\\\/08\\\/maurycy-mochnacki-dzialacz-pianista-kronikarz-i-uczestnik-powstania-listopadowego-patronem-wrzesnia\\\/#breadcrumb\",\"itemListElement\":[{\"@type\":\"ListItem\",\"position\":1,\"name\":\"Strona g\u0142\u00f3wna\",\"item\":\"https:\\\/\\\/biblioteka-gabin.pl\\\/\"},{\"@type\":\"ListItem\",\"position\":2,\"name\":\"Maurycy Mochnacki- dzia\u0142acz, pianista, kronikarz i uczestnik powstania listopadowego patronem wrze\u015bnia\"}]},{\"@type\":\"WebSite\",\"@id\":\"https:\\\/\\\/biblioteka-gabin.pl\\\/#website\",\"url\":\"https:\\\/\\\/biblioteka-gabin.pl\\\/\",\"name\":\"Miejsko-Gminna Biblioteka Publiczna w G\u0105binie\",\"description\":\"\",\"publisher\":{\"@id\":\"https:\\\/\\\/biblioteka-gabin.pl\\\/#organization\"},\"potentialAction\":[{\"@type\":\"SearchAction\",\"target\":{\"@type\":\"EntryPoint\",\"urlTemplate\":\"https:\\\/\\\/biblioteka-gabin.pl\\\/?s={search_term_string}\"},\"query-input\":{\"@type\":\"PropertyValueSpecification\",\"valueRequired\":true,\"valueName\":\"search_term_string\"}}],\"inLanguage\":\"pl-PL\"},{\"@type\":\"Organization\",\"@id\":\"https:\\\/\\\/biblioteka-gabin.pl\\\/#organization\",\"name\":\"Miejsko-Gminna Biblioteka Publiczna w G\u0105binie\",\"url\":\"https:\\\/\\\/biblioteka-gabin.pl\\\/\",\"logo\":{\"@type\":\"ImageObject\",\"inLanguage\":\"pl-PL\",\"@id\":\"https:\\\/\\\/biblioteka-gabin.pl\\\/#\\\/schema\\\/logo\\\/image\\\/\",\"url\":\"https:\\\/\\\/biblioteka-gabin.pl\\\/wp-content\\\/uploads\\\/2025\\\/03\\\/logo-biblioteka-2-1657013691-1.jpg\",\"contentUrl\":\"https:\\\/\\\/biblioteka-gabin.pl\\\/wp-content\\\/uploads\\\/2025\\\/03\\\/logo-biblioteka-2-1657013691-1.jpg\",\"width\":1600,\"height\":772,\"caption\":\"Miejsko-Gminna Biblioteka Publiczna w G\u0105binie\"},\"image\":{\"@id\":\"https:\\\/\\\/biblioteka-gabin.pl\\\/#\\\/schema\\\/logo\\\/image\\\/\"},\"sameAs\":[\"https:\\\/\\\/www.facebook.com\\\/bibliotekagabin\",\"https:\\\/\\\/www.youtube.com\\\/@mgbpgabin9392\"]},{\"@type\":\"Person\",\"@id\":\"https:\\\/\\\/biblioteka-gabin.pl\\\/#\\\/schema\\\/person\\\/2067b97c24663d987ef6ef95bed7c99a\",\"name\":\"admin\",\"image\":{\"@type\":\"ImageObject\",\"inLanguage\":\"pl-PL\",\"@id\":\"https:\\\/\\\/secure.gravatar.com\\\/avatar\\\/e1843904e97b4e376a0fc90ae10372cd31bce9b207a7a3d2ca68fc7ca7e4174c?s=96&d=mm&r=g\",\"url\":\"https:\\\/\\\/secure.gravatar.com\\\/avatar\\\/e1843904e97b4e376a0fc90ae10372cd31bce9b207a7a3d2ca68fc7ca7e4174c?s=96&d=mm&r=g\",\"contentUrl\":\"https:\\\/\\\/secure.gravatar.com\\\/avatar\\\/e1843904e97b4e376a0fc90ae10372cd31bce9b207a7a3d2ca68fc7ca7e4174c?s=96&d=mm&r=g\",\"caption\":\"admin\"},\"sameAs\":[\"http:\\\/\\\/strona.biblioteka-gabin.pl\"],\"url\":\"https:\\\/\\\/biblioteka-gabin.pl\\\/index.php\\\/author\\\/admin\\\/\"}]}<\/script>\n<!-- \/ Yoast SEO plugin. -->","yoast_head_json":{"title":"Maurycy Mochnacki- dzia\u0142acz, pianista, kronikarz i uczestnik powstania listopadowego patronem wrze\u015bnia - Miejsko-Gminna Biblioteka Publiczna w G\u0105binie","robots":{"index":"index","follow":"follow","max-snippet":"max-snippet:-1","max-image-preview":"max-image-preview:large","max-video-preview":"max-video-preview:-1"},"canonical":"https:\/\/biblioteka-gabin.pl\/index.php\/2023\/09\/08\/maurycy-mochnacki-dzialacz-pianista-kronikarz-i-uczestnik-powstania-listopadowego-patronem-wrzesnia\/","og_locale":"pl_PL","og_type":"article","og_title":"Maurycy Mochnacki- dzia\u0142acz, pianista, kronikarz i uczestnik powstania listopadowego patronem wrze\u015bnia - Miejsko-Gminna Biblioteka Publiczna w G\u0105binie","og_description":"Maurycy Mochnacki &#8211; (ur. 13 wrze\u015bnia 1803 w Boja\u0144cu, zm.","og_url":"https:\/\/biblioteka-gabin.pl\/index.php\/2023\/09\/08\/maurycy-mochnacki-dzialacz-pianista-kronikarz-i-uczestnik-powstania-listopadowego-patronem-wrzesnia\/","og_site_name":"Miejsko-Gminna Biblioteka Publiczna w G\u0105binie","article_publisher":"https:\/\/www.facebook.com\/bibliotekagabin","article_published_time":"2023-09-08T00:00:00+00:00","og_image":[{"url":"https:\/\/biblioteka-gabin.pl\/wp-content\/uploads\/archive\/pliki\/obraz\/2023_\/sierpien\/373490939_780825460465522_3605597547168148529_n.jpg","type":"","width":"","height":""}],"author":"admin","twitter_card":"summary_large_image","twitter_misc":{"Napisane przez":"admin","Szacowany czas czytania":"5 minut"},"schema":{"@context":"https:\/\/schema.org","@graph":[{"@type":"Article","@id":"https:\/\/biblioteka-gabin.pl\/index.php\/2023\/09\/08\/maurycy-mochnacki-dzialacz-pianista-kronikarz-i-uczestnik-powstania-listopadowego-patronem-wrzesnia\/#article","isPartOf":{"@id":"https:\/\/biblioteka-gabin.pl\/index.php\/2023\/09\/08\/maurycy-mochnacki-dzialacz-pianista-kronikarz-i-uczestnik-powstania-listopadowego-patronem-wrzesnia\/"},"author":{"name":"admin","@id":"https:\/\/biblioteka-gabin.pl\/#\/schema\/person\/2067b97c24663d987ef6ef95bed7c99a"},"headline":"Maurycy Mochnacki- dzia\u0142acz, pianista, kronikarz i uczestnik powstania listopadowego patronem wrze\u015bnia","datePublished":"2023-09-08T00:00:00+00:00","mainEntityOfPage":{"@id":"https:\/\/biblioteka-gabin.pl\/index.php\/2023\/09\/08\/maurycy-mochnacki-dzialacz-pianista-kronikarz-i-uczestnik-powstania-listopadowego-patronem-wrzesnia\/"},"wordCount":1103,"commentCount":0,"publisher":{"@id":"https:\/\/biblioteka-gabin.pl\/#organization"},"image":{"@id":"https:\/\/biblioteka-gabin.pl\/index.php\/2023\/09\/08\/maurycy-mochnacki-dzialacz-pianista-kronikarz-i-uczestnik-powstania-listopadowego-patronem-wrzesnia\/#primaryimage"},"thumbnailUrl":"https:\/\/biblioteka-gabin.pl\/wp-content\/uploads\/archive\/pliki\/obraz\/2023_\/sierpien\/373490939_780825460465522_3605597547168148529_n.jpg","articleSection":["Main"],"inLanguage":"pl-PL","potentialAction":[{"@type":"CommentAction","name":"Comment","target":["https:\/\/biblioteka-gabin.pl\/index.php\/2023\/09\/08\/maurycy-mochnacki-dzialacz-pianista-kronikarz-i-uczestnik-powstania-listopadowego-patronem-wrzesnia\/#respond"]}]},{"@type":"WebPage","@id":"https:\/\/biblioteka-gabin.pl\/index.php\/2023\/09\/08\/maurycy-mochnacki-dzialacz-pianista-kronikarz-i-uczestnik-powstania-listopadowego-patronem-wrzesnia\/","url":"https:\/\/biblioteka-gabin.pl\/index.php\/2023\/09\/08\/maurycy-mochnacki-dzialacz-pianista-kronikarz-i-uczestnik-powstania-listopadowego-patronem-wrzesnia\/","name":"Maurycy Mochnacki- dzia\u0142acz, pianista, kronikarz i uczestnik powstania listopadowego patronem wrze\u015bnia - Miejsko-Gminna Biblioteka Publiczna w G\u0105binie","isPartOf":{"@id":"https:\/\/biblioteka-gabin.pl\/#website"},"primaryImageOfPage":{"@id":"https:\/\/biblioteka-gabin.pl\/index.php\/2023\/09\/08\/maurycy-mochnacki-dzialacz-pianista-kronikarz-i-uczestnik-powstania-listopadowego-patronem-wrzesnia\/#primaryimage"},"image":{"@id":"https:\/\/biblioteka-gabin.pl\/index.php\/2023\/09\/08\/maurycy-mochnacki-dzialacz-pianista-kronikarz-i-uczestnik-powstania-listopadowego-patronem-wrzesnia\/#primaryimage"},"thumbnailUrl":"https:\/\/biblioteka-gabin.pl\/wp-content\/uploads\/archive\/pliki\/obraz\/2023_\/sierpien\/373490939_780825460465522_3605597547168148529_n.jpg","datePublished":"2023-09-08T00:00:00+00:00","breadcrumb":{"@id":"https:\/\/biblioteka-gabin.pl\/index.php\/2023\/09\/08\/maurycy-mochnacki-dzialacz-pianista-kronikarz-i-uczestnik-powstania-listopadowego-patronem-wrzesnia\/#breadcrumb"},"inLanguage":"pl-PL","potentialAction":[{"@type":"ReadAction","target":["https:\/\/biblioteka-gabin.pl\/index.php\/2023\/09\/08\/maurycy-mochnacki-dzialacz-pianista-kronikarz-i-uczestnik-powstania-listopadowego-patronem-wrzesnia\/"]}]},{"@type":"ImageObject","inLanguage":"pl-PL","@id":"https:\/\/biblioteka-gabin.pl\/index.php\/2023\/09\/08\/maurycy-mochnacki-dzialacz-pianista-kronikarz-i-uczestnik-powstania-listopadowego-patronem-wrzesnia\/#primaryimage","url":"https:\/\/biblioteka-gabin.pl\/wp-content\/uploads\/archive\/pliki\/obraz\/2023_\/sierpien\/373490939_780825460465522_3605597547168148529_n.jpg","contentUrl":"https:\/\/biblioteka-gabin.pl\/wp-content\/uploads\/archive\/pliki\/obraz\/2023_\/sierpien\/373490939_780825460465522_3605597547168148529_n.jpg"},{"@type":"BreadcrumbList","@id":"https:\/\/biblioteka-gabin.pl\/index.php\/2023\/09\/08\/maurycy-mochnacki-dzialacz-pianista-kronikarz-i-uczestnik-powstania-listopadowego-patronem-wrzesnia\/#breadcrumb","itemListElement":[{"@type":"ListItem","position":1,"name":"Strona g\u0142\u00f3wna","item":"https:\/\/biblioteka-gabin.pl\/"},{"@type":"ListItem","position":2,"name":"Maurycy Mochnacki- dzia\u0142acz, pianista, kronikarz i uczestnik powstania listopadowego patronem wrze\u015bnia"}]},{"@type":"WebSite","@id":"https:\/\/biblioteka-gabin.pl\/#website","url":"https:\/\/biblioteka-gabin.pl\/","name":"Miejsko-Gminna Biblioteka Publiczna w G\u0105binie","description":"","publisher":{"@id":"https:\/\/biblioteka-gabin.pl\/#organization"},"potentialAction":[{"@type":"SearchAction","target":{"@type":"EntryPoint","urlTemplate":"https:\/\/biblioteka-gabin.pl\/?s={search_term_string}"},"query-input":{"@type":"PropertyValueSpecification","valueRequired":true,"valueName":"search_term_string"}}],"inLanguage":"pl-PL"},{"@type":"Organization","@id":"https:\/\/biblioteka-gabin.pl\/#organization","name":"Miejsko-Gminna Biblioteka Publiczna w G\u0105binie","url":"https:\/\/biblioteka-gabin.pl\/","logo":{"@type":"ImageObject","inLanguage":"pl-PL","@id":"https:\/\/biblioteka-gabin.pl\/#\/schema\/logo\/image\/","url":"https:\/\/biblioteka-gabin.pl\/wp-content\/uploads\/2025\/03\/logo-biblioteka-2-1657013691-1.jpg","contentUrl":"https:\/\/biblioteka-gabin.pl\/wp-content\/uploads\/2025\/03\/logo-biblioteka-2-1657013691-1.jpg","width":1600,"height":772,"caption":"Miejsko-Gminna Biblioteka Publiczna w G\u0105binie"},"image":{"@id":"https:\/\/biblioteka-gabin.pl\/#\/schema\/logo\/image\/"},"sameAs":["https:\/\/www.facebook.com\/bibliotekagabin","https:\/\/www.youtube.com\/@mgbpgabin9392"]},{"@type":"Person","@id":"https:\/\/biblioteka-gabin.pl\/#\/schema\/person\/2067b97c24663d987ef6ef95bed7c99a","name":"admin","image":{"@type":"ImageObject","inLanguage":"pl-PL","@id":"https:\/\/secure.gravatar.com\/avatar\/e1843904e97b4e376a0fc90ae10372cd31bce9b207a7a3d2ca68fc7ca7e4174c?s=96&d=mm&r=g","url":"https:\/\/secure.gravatar.com\/avatar\/e1843904e97b4e376a0fc90ae10372cd31bce9b207a7a3d2ca68fc7ca7e4174c?s=96&d=mm&r=g","contentUrl":"https:\/\/secure.gravatar.com\/avatar\/e1843904e97b4e376a0fc90ae10372cd31bce9b207a7a3d2ca68fc7ca7e4174c?s=96&d=mm&r=g","caption":"admin"},"sameAs":["http:\/\/strona.biblioteka-gabin.pl"],"url":"https:\/\/biblioteka-gabin.pl\/index.php\/author\/admin\/"}]}},"_links":{"self":[{"href":"https:\/\/biblioteka-gabin.pl\/index.php\/wp-json\/wp\/v2\/posts\/8146","targetHints":{"allow":["GET"]}}],"collection":[{"href":"https:\/\/biblioteka-gabin.pl\/index.php\/wp-json\/wp\/v2\/posts"}],"about":[{"href":"https:\/\/biblioteka-gabin.pl\/index.php\/wp-json\/wp\/v2\/types\/post"}],"author":[{"embeddable":true,"href":"https:\/\/biblioteka-gabin.pl\/index.php\/wp-json\/wp\/v2\/users\/1"}],"replies":[{"embeddable":true,"href":"https:\/\/biblioteka-gabin.pl\/index.php\/wp-json\/wp\/v2\/comments?post=8146"}],"version-history":[{"count":0,"href":"https:\/\/biblioteka-gabin.pl\/index.php\/wp-json\/wp\/v2\/posts\/8146\/revisions"}],"wp:attachment":[{"href":"https:\/\/biblioteka-gabin.pl\/index.php\/wp-json\/wp\/v2\/media?parent=8146"}],"wp:term":[{"taxonomy":"category","embeddable":true,"href":"https:\/\/biblioteka-gabin.pl\/index.php\/wp-json\/wp\/v2\/categories?post=8146"},{"taxonomy":"post_tag","embeddable":true,"href":"https:\/\/biblioteka-gabin.pl\/index.php\/wp-json\/wp\/v2\/tags?post=8146"}],"curies":[{"name":"wp","href":"https:\/\/api.w.org\/{rel}","templated":true}]}}