{"id":8163,"date":"2023-10-11T00:00:00","date_gmt":"2023-10-11T00:00:00","guid":{"rendered":"https:\/\/biblioteka-gabin.pl\/index.php\/2023\/10\/11\/minimalista-slowa-jone-fosse-zostal-laureatem-literackiej-nagrody-nobla-2023\/"},"modified":"2023-10-11T00:00:00","modified_gmt":"2023-10-11T00:00:00","slug":"minimalista-slowa-jone-fosse-zostal-laureatem-literackiej-nagrody-nobla-2023","status":"publish","type":"post","link":"https:\/\/biblioteka-gabin.pl\/index.php\/2023\/10\/11\/minimalista-slowa-jone-fosse-zostal-laureatem-literackiej-nagrody-nobla-2023\/","title":{"rendered":"Minimalista s\u0142owa, Jone Fosse zosta\u0142 laureatem literackiej Nagrody Nobla 2023"},"content":{"rendered":"<p>,,Za nowatorskie sztuki i proz\u0119, kt\u00f3re daj\u0105 wyraz temu, co niewypowiedziane&#8221; &#8211; poda\u0142a w uzasadanieniu Szwedzka Akademia za przyznanie literackiej Nagrody Nobla dla Jona Fosse&#8217;a. Laureatem 120. nominacji zosta\u0142 wybitny, norweski dramatopisarz, pisz\u0105cy w j\u0119zyku nynorsk.<br \/>\nWyniki, og\u0142oszone przez Matsa Malma &#8211; sekretarza Akademii by\u0142y podane w czwartek, 5 pa\u017adziernika, po godzinie 13.<br \/>\nJone Fosse urodzi\u0142 si\u0119 29 wrze\u015bnia 1959 roku w Haugesund. Debiutowa\u0142 w 1983 roku ksi\u0105\u017ck\u0105 \u201eCzerwone, czarne\u201d. Jego pierwsza sztuka teatralna, \u201eNigdy si\u0119 nie roz\u0142\u0105czymy\u201d, zosta\u0142a wystawiona w roku 1994. Najbardziej znane dramaty autora to \u201eImi\u0119\u201d (1995) i \u201eDziecko\u201d (1997). W ksi\u0105\u017ckach Fossego najwa\u017cniejszy jest rytm, a opowie\u015bci nie snuje wszechwiedz\u0105cy narrator. To dialogi i czyny bohater\u00f3w odzwierciedlaj\u0105 ich my\u015bli i uczucia. Pisarz jest minimalist\u0105 s\u0142owa \u2013 jego postaci m\u00f3wi\u0105 ma\u0142o i cz\u0119sto powtarzaj\u0105 swoje kwestie, a akcja utwor\u00f3w przebiega wolno. Fossego fascynuje zwyczajno\u015b\u0107 i powolno\u015b\u0107. Laureat jest r\u00f3wnie\u017c autorem esej\u00f3w, tom\u00f3w poezji i ksi\u0105\u017cek dla dzieci. Wydane w 1989 roku \u201eNiesko\u0144czenie p\u00f3\u017ano\u201d (napisane wraz z z Alf-K\u00e5re Bergiem) otrzyma\u0142o Nagrod\u0119 Literack\u0105 dla Literatury Dzieci\u0119cej w J\u0119zyku Nynorsk.<br \/>\nJego dzie\u0142a przet\u0142umaczono na ponad 40 j\u0119zyk\u00f3w. Sztuki jego autorstwa wystawiono na ponad 120 scenach na ca\u0142ym \u015bwiecie. Po polsku ukaza\u0142y si\u0119 jego \u201eSztuki teatralne\u201d. Dramaty Fossego znalaz\u0142y si\u0119 ponadto w tomie \u201eKon(teksty)\u201d i \u201eSuzannah, Austria\u201d. Jedno z jego opowiada\u0144, \u201ePowr\u00f3t do domu\u201d, znajdziemy za\u015b w zbiorze \u201eWolno\u015b\u0107. Istota bycia cz\u0142owiekiem\u201d.<br \/>\nLiteracka Nagroda Nobla przyznawana jest autorom i autorkom za wybitne zas\u0142ugi w dziedzinie literatury. Jest jedn\u0105 z pi\u0119ciu nagr\u00f3d (obok chemii, fizyki, pokoju oraz fizjologii lub medycyny) ustanowionych w testamencie Alfreda Nobla z 1895 roku. Po raz pierwszy przyznano j\u0105 sze\u015b\u0107 lat p\u00f3\u017aniej, w 1901 roku.<br \/>\n\u0179r\u00f3d\u0142o: lubimyczytac.pl<br \/>\n<img src='https:\/\/biblioteka-gabin.pl\/wp-content\/uploads\/archive\/pliki\/obraz\/2023_\/padziernik\/standard_compressed_fosse_skalert.jpg'><\/p>\n","protected":false},"excerpt":{"rendered":"<p>,,Za nowatorskie sztuki i proz\u0119, kt\u00f3re daj\u0105 wyraz temu, co<\/p>\n","protected":false},"author":1,"featured_media":0,"comment_status":"open","ping_status":"open","sticky":false,"template":"","format":"standard","meta":{"footnotes":""},"categories":[36],"tags":[],"class_list":["post-8163","post","type-post","status-publish","format-standard","hentry","category-main"],"yoast_head":"<!-- This site is optimized with the Yoast SEO plugin v27.4 - https:\/\/yoast.com\/product\/yoast-seo-wordpress\/ -->\n<title>Minimalista s\u0142owa, Jone Fosse zosta\u0142 laureatem literackiej Nagrody Nobla 2023 - Miejsko-Gminna Biblioteka Publiczna w G\u0105binie<\/title>\n<meta name=\"robots\" content=\"index, follow, max-snippet:-1, max-image-preview:large, max-video-preview:-1\" \/>\n<link rel=\"canonical\" href=\"http:\/\/biblioteka-gabin.pl\/index.php\/2023\/10\/11\/minimalista-slowa-jone-fosse-zostal-laureatem-literackiej-nagrody-nobla-2023\/\" \/>\n<meta property=\"og:locale\" content=\"pl_PL\" \/>\n<meta property=\"og:type\" content=\"article\" \/>\n<meta property=\"og:title\" content=\"Minimalista s\u0142owa, Jone Fosse zosta\u0142 laureatem literackiej Nagrody Nobla 2023 - Miejsko-Gminna Biblioteka Publiczna w G\u0105binie\" \/>\n<meta property=\"og:description\" content=\",,Za nowatorskie sztuki i proz\u0119, kt\u00f3re daj\u0105 wyraz temu, co\" \/>\n<meta property=\"og:url\" content=\"http:\/\/biblioteka-gabin.pl\/index.php\/2023\/10\/11\/minimalista-slowa-jone-fosse-zostal-laureatem-literackiej-nagrody-nobla-2023\/\" \/>\n<meta property=\"og:site_name\" content=\"Miejsko-Gminna Biblioteka Publiczna w G\u0105binie\" \/>\n<meta property=\"article:publisher\" content=\"https:\/\/www.facebook.com\/bibliotekagabin\" \/>\n<meta property=\"article:published_time\" content=\"2023-10-11T00:00:00+00:00\" \/>\n<meta property=\"og:image\" content=\"https:\/\/biblioteka-gabin.pl\/wp-content\/uploads\/archive\/pliki\/obraz\/2023_\/padziernik\/standard_compressed_fosse_skalert.jpg\" \/>\n<meta name=\"author\" content=\"admin\" \/>\n<meta name=\"twitter:card\" content=\"summary_large_image\" \/>\n<meta name=\"twitter:label1\" content=\"Napisane przez\" \/>\n\t<meta name=\"twitter:data1\" content=\"admin\" \/>\n\t<meta name=\"twitter:label2\" content=\"Szacowany czas czytania\" \/>\n\t<meta name=\"twitter:data2\" content=\"2 minuty\" \/>\n<script type=\"application\/ld+json\" class=\"yoast-schema-graph\">{\"@context\":\"https:\\\/\\\/schema.org\",\"@graph\":[{\"@type\":\"Article\",\"@id\":\"http:\\\/\\\/biblioteka-gabin.pl\\\/index.php\\\/2023\\\/10\\\/11\\\/minimalista-slowa-jone-fosse-zostal-laureatem-literackiej-nagrody-nobla-2023\\\/#article\",\"isPartOf\":{\"@id\":\"http:\\\/\\\/biblioteka-gabin.pl\\\/index.php\\\/2023\\\/10\\\/11\\\/minimalista-slowa-jone-fosse-zostal-laureatem-literackiej-nagrody-nobla-2023\\\/\"},\"author\":{\"name\":\"admin\",\"@id\":\"https:\\\/\\\/biblioteka-gabin.pl\\\/#\\\/schema\\\/person\\\/2067b97c24663d987ef6ef95bed7c99a\"},\"headline\":\"Minimalista s\u0142owa, Jone Fosse zosta\u0142 laureatem literackiej Nagrody Nobla 2023\",\"datePublished\":\"2023-10-11T00:00:00+00:00\",\"mainEntityOfPage\":{\"@id\":\"http:\\\/\\\/biblioteka-gabin.pl\\\/index.php\\\/2023\\\/10\\\/11\\\/minimalista-slowa-jone-fosse-zostal-laureatem-literackiej-nagrody-nobla-2023\\\/\"},\"wordCount\":315,\"commentCount\":0,\"publisher\":{\"@id\":\"https:\\\/\\\/biblioteka-gabin.pl\\\/#organization\"},\"image\":{\"@id\":\"http:\\\/\\\/biblioteka-gabin.pl\\\/index.php\\\/2023\\\/10\\\/11\\\/minimalista-slowa-jone-fosse-zostal-laureatem-literackiej-nagrody-nobla-2023\\\/#primaryimage\"},\"thumbnailUrl\":\"https:\\\/\\\/biblioteka-gabin.pl\\\/wp-content\\\/uploads\\\/archive\\\/pliki\\\/obraz\\\/2023_\\\/padziernik\\\/standard_compressed_fosse_skalert.jpg\",\"articleSection\":[\"Main\"],\"inLanguage\":\"pl-PL\",\"potentialAction\":[{\"@type\":\"CommentAction\",\"name\":\"Comment\",\"target\":[\"http:\\\/\\\/biblioteka-gabin.pl\\\/index.php\\\/2023\\\/10\\\/11\\\/minimalista-slowa-jone-fosse-zostal-laureatem-literackiej-nagrody-nobla-2023\\\/#respond\"]}]},{\"@type\":\"WebPage\",\"@id\":\"http:\\\/\\\/biblioteka-gabin.pl\\\/index.php\\\/2023\\\/10\\\/11\\\/minimalista-slowa-jone-fosse-zostal-laureatem-literackiej-nagrody-nobla-2023\\\/\",\"url\":\"http:\\\/\\\/biblioteka-gabin.pl\\\/index.php\\\/2023\\\/10\\\/11\\\/minimalista-slowa-jone-fosse-zostal-laureatem-literackiej-nagrody-nobla-2023\\\/\",\"name\":\"Minimalista s\u0142owa, Jone Fosse zosta\u0142 laureatem literackiej Nagrody Nobla 2023 - Miejsko-Gminna Biblioteka Publiczna w G\u0105binie\",\"isPartOf\":{\"@id\":\"https:\\\/\\\/biblioteka-gabin.pl\\\/#website\"},\"primaryImageOfPage\":{\"@id\":\"http:\\\/\\\/biblioteka-gabin.pl\\\/index.php\\\/2023\\\/10\\\/11\\\/minimalista-slowa-jone-fosse-zostal-laureatem-literackiej-nagrody-nobla-2023\\\/#primaryimage\"},\"image\":{\"@id\":\"http:\\\/\\\/biblioteka-gabin.pl\\\/index.php\\\/2023\\\/10\\\/11\\\/minimalista-slowa-jone-fosse-zostal-laureatem-literackiej-nagrody-nobla-2023\\\/#primaryimage\"},\"thumbnailUrl\":\"https:\\\/\\\/biblioteka-gabin.pl\\\/wp-content\\\/uploads\\\/archive\\\/pliki\\\/obraz\\\/2023_\\\/padziernik\\\/standard_compressed_fosse_skalert.jpg\",\"datePublished\":\"2023-10-11T00:00:00+00:00\",\"breadcrumb\":{\"@id\":\"http:\\\/\\\/biblioteka-gabin.pl\\\/index.php\\\/2023\\\/10\\\/11\\\/minimalista-slowa-jone-fosse-zostal-laureatem-literackiej-nagrody-nobla-2023\\\/#breadcrumb\"},\"inLanguage\":\"pl-PL\",\"potentialAction\":[{\"@type\":\"ReadAction\",\"target\":[\"http:\\\/\\\/biblioteka-gabin.pl\\\/index.php\\\/2023\\\/10\\\/11\\\/minimalista-slowa-jone-fosse-zostal-laureatem-literackiej-nagrody-nobla-2023\\\/\"]}]},{\"@type\":\"ImageObject\",\"inLanguage\":\"pl-PL\",\"@id\":\"http:\\\/\\\/biblioteka-gabin.pl\\\/index.php\\\/2023\\\/10\\\/11\\\/minimalista-slowa-jone-fosse-zostal-laureatem-literackiej-nagrody-nobla-2023\\\/#primaryimage\",\"url\":\"https:\\\/\\\/biblioteka-gabin.pl\\\/wp-content\\\/uploads\\\/archive\\\/pliki\\\/obraz\\\/2023_\\\/padziernik\\\/standard_compressed_fosse_skalert.jpg\",\"contentUrl\":\"https:\\\/\\\/biblioteka-gabin.pl\\\/wp-content\\\/uploads\\\/archive\\\/pliki\\\/obraz\\\/2023_\\\/padziernik\\\/standard_compressed_fosse_skalert.jpg\"},{\"@type\":\"BreadcrumbList\",\"@id\":\"http:\\\/\\\/biblioteka-gabin.pl\\\/index.php\\\/2023\\\/10\\\/11\\\/minimalista-slowa-jone-fosse-zostal-laureatem-literackiej-nagrody-nobla-2023\\\/#breadcrumb\",\"itemListElement\":[{\"@type\":\"ListItem\",\"position\":1,\"name\":\"Strona g\u0142\u00f3wna\",\"item\":\"https:\\\/\\\/biblioteka-gabin.pl\\\/\"},{\"@type\":\"ListItem\",\"position\":2,\"name\":\"Minimalista s\u0142owa, Jone Fosse zosta\u0142 laureatem literackiej Nagrody Nobla 2023\"}]},{\"@type\":\"WebSite\",\"@id\":\"https:\\\/\\\/biblioteka-gabin.pl\\\/#website\",\"url\":\"https:\\\/\\\/biblioteka-gabin.pl\\\/\",\"name\":\"Miejsko-Gminna Biblioteka Publiczna w G\u0105binie\",\"description\":\"\",\"publisher\":{\"@id\":\"https:\\\/\\\/biblioteka-gabin.pl\\\/#organization\"},\"potentialAction\":[{\"@type\":\"SearchAction\",\"target\":{\"@type\":\"EntryPoint\",\"urlTemplate\":\"https:\\\/\\\/biblioteka-gabin.pl\\\/?s={search_term_string}\"},\"query-input\":{\"@type\":\"PropertyValueSpecification\",\"valueRequired\":true,\"valueName\":\"search_term_string\"}}],\"inLanguage\":\"pl-PL\"},{\"@type\":\"Organization\",\"@id\":\"https:\\\/\\\/biblioteka-gabin.pl\\\/#organization\",\"name\":\"Miejsko-Gminna Biblioteka Publiczna w G\u0105binie\",\"url\":\"https:\\\/\\\/biblioteka-gabin.pl\\\/\",\"logo\":{\"@type\":\"ImageObject\",\"inLanguage\":\"pl-PL\",\"@id\":\"https:\\\/\\\/biblioteka-gabin.pl\\\/#\\\/schema\\\/logo\\\/image\\\/\",\"url\":\"https:\\\/\\\/biblioteka-gabin.pl\\\/wp-content\\\/uploads\\\/2025\\\/03\\\/logo-biblioteka-2-1657013691-1.jpg\",\"contentUrl\":\"https:\\\/\\\/biblioteka-gabin.pl\\\/wp-content\\\/uploads\\\/2025\\\/03\\\/logo-biblioteka-2-1657013691-1.jpg\",\"width\":1600,\"height\":772,\"caption\":\"Miejsko-Gminna Biblioteka Publiczna w G\u0105binie\"},\"image\":{\"@id\":\"https:\\\/\\\/biblioteka-gabin.pl\\\/#\\\/schema\\\/logo\\\/image\\\/\"},\"sameAs\":[\"https:\\\/\\\/www.facebook.com\\\/bibliotekagabin\",\"https:\\\/\\\/www.youtube.com\\\/@mgbpgabin9392\"]},{\"@type\":\"Person\",\"@id\":\"https:\\\/\\\/biblioteka-gabin.pl\\\/#\\\/schema\\\/person\\\/2067b97c24663d987ef6ef95bed7c99a\",\"name\":\"admin\",\"image\":{\"@type\":\"ImageObject\",\"inLanguage\":\"pl-PL\",\"@id\":\"https:\\\/\\\/secure.gravatar.com\\\/avatar\\\/e1843904e97b4e376a0fc90ae10372cd31bce9b207a7a3d2ca68fc7ca7e4174c?s=96&d=mm&r=g\",\"url\":\"https:\\\/\\\/secure.gravatar.com\\\/avatar\\\/e1843904e97b4e376a0fc90ae10372cd31bce9b207a7a3d2ca68fc7ca7e4174c?s=96&d=mm&r=g\",\"contentUrl\":\"https:\\\/\\\/secure.gravatar.com\\\/avatar\\\/e1843904e97b4e376a0fc90ae10372cd31bce9b207a7a3d2ca68fc7ca7e4174c?s=96&d=mm&r=g\",\"caption\":\"admin\"},\"sameAs\":[\"http:\\\/\\\/strona.biblioteka-gabin.pl\"],\"url\":\"https:\\\/\\\/biblioteka-gabin.pl\\\/index.php\\\/author\\\/admin\\\/\"}]}<\/script>\n<!-- \/ Yoast SEO plugin. -->","yoast_head_json":{"title":"Minimalista s\u0142owa, Jone Fosse zosta\u0142 laureatem literackiej Nagrody Nobla 2023 - Miejsko-Gminna Biblioteka Publiczna w G\u0105binie","robots":{"index":"index","follow":"follow","max-snippet":"max-snippet:-1","max-image-preview":"max-image-preview:large","max-video-preview":"max-video-preview:-1"},"canonical":"http:\/\/biblioteka-gabin.pl\/index.php\/2023\/10\/11\/minimalista-slowa-jone-fosse-zostal-laureatem-literackiej-nagrody-nobla-2023\/","og_locale":"pl_PL","og_type":"article","og_title":"Minimalista s\u0142owa, Jone Fosse zosta\u0142 laureatem literackiej Nagrody Nobla 2023 - Miejsko-Gminna Biblioteka Publiczna w G\u0105binie","og_description":",,Za nowatorskie sztuki i proz\u0119, kt\u00f3re daj\u0105 wyraz temu, co","og_url":"http:\/\/biblioteka-gabin.pl\/index.php\/2023\/10\/11\/minimalista-slowa-jone-fosse-zostal-laureatem-literackiej-nagrody-nobla-2023\/","og_site_name":"Miejsko-Gminna Biblioteka Publiczna w G\u0105binie","article_publisher":"https:\/\/www.facebook.com\/bibliotekagabin","article_published_time":"2023-10-11T00:00:00+00:00","og_image":[{"url":"https:\/\/biblioteka-gabin.pl\/wp-content\/uploads\/archive\/pliki\/obraz\/2023_\/padziernik\/standard_compressed_fosse_skalert.jpg","type":"","width":"","height":""}],"author":"admin","twitter_card":"summary_large_image","twitter_misc":{"Napisane przez":"admin","Szacowany czas czytania":"2 minuty"},"schema":{"@context":"https:\/\/schema.org","@graph":[{"@type":"Article","@id":"http:\/\/biblioteka-gabin.pl\/index.php\/2023\/10\/11\/minimalista-slowa-jone-fosse-zostal-laureatem-literackiej-nagrody-nobla-2023\/#article","isPartOf":{"@id":"http:\/\/biblioteka-gabin.pl\/index.php\/2023\/10\/11\/minimalista-slowa-jone-fosse-zostal-laureatem-literackiej-nagrody-nobla-2023\/"},"author":{"name":"admin","@id":"https:\/\/biblioteka-gabin.pl\/#\/schema\/person\/2067b97c24663d987ef6ef95bed7c99a"},"headline":"Minimalista s\u0142owa, Jone Fosse zosta\u0142 laureatem literackiej Nagrody Nobla 2023","datePublished":"2023-10-11T00:00:00+00:00","mainEntityOfPage":{"@id":"http:\/\/biblioteka-gabin.pl\/index.php\/2023\/10\/11\/minimalista-slowa-jone-fosse-zostal-laureatem-literackiej-nagrody-nobla-2023\/"},"wordCount":315,"commentCount":0,"publisher":{"@id":"https:\/\/biblioteka-gabin.pl\/#organization"},"image":{"@id":"http:\/\/biblioteka-gabin.pl\/index.php\/2023\/10\/11\/minimalista-slowa-jone-fosse-zostal-laureatem-literackiej-nagrody-nobla-2023\/#primaryimage"},"thumbnailUrl":"https:\/\/biblioteka-gabin.pl\/wp-content\/uploads\/archive\/pliki\/obraz\/2023_\/padziernik\/standard_compressed_fosse_skalert.jpg","articleSection":["Main"],"inLanguage":"pl-PL","potentialAction":[{"@type":"CommentAction","name":"Comment","target":["http:\/\/biblioteka-gabin.pl\/index.php\/2023\/10\/11\/minimalista-slowa-jone-fosse-zostal-laureatem-literackiej-nagrody-nobla-2023\/#respond"]}]},{"@type":"WebPage","@id":"http:\/\/biblioteka-gabin.pl\/index.php\/2023\/10\/11\/minimalista-slowa-jone-fosse-zostal-laureatem-literackiej-nagrody-nobla-2023\/","url":"http:\/\/biblioteka-gabin.pl\/index.php\/2023\/10\/11\/minimalista-slowa-jone-fosse-zostal-laureatem-literackiej-nagrody-nobla-2023\/","name":"Minimalista s\u0142owa, Jone Fosse zosta\u0142 laureatem literackiej Nagrody Nobla 2023 - Miejsko-Gminna Biblioteka Publiczna w G\u0105binie","isPartOf":{"@id":"https:\/\/biblioteka-gabin.pl\/#website"},"primaryImageOfPage":{"@id":"http:\/\/biblioteka-gabin.pl\/index.php\/2023\/10\/11\/minimalista-slowa-jone-fosse-zostal-laureatem-literackiej-nagrody-nobla-2023\/#primaryimage"},"image":{"@id":"http:\/\/biblioteka-gabin.pl\/index.php\/2023\/10\/11\/minimalista-slowa-jone-fosse-zostal-laureatem-literackiej-nagrody-nobla-2023\/#primaryimage"},"thumbnailUrl":"https:\/\/biblioteka-gabin.pl\/wp-content\/uploads\/archive\/pliki\/obraz\/2023_\/padziernik\/standard_compressed_fosse_skalert.jpg","datePublished":"2023-10-11T00:00:00+00:00","breadcrumb":{"@id":"http:\/\/biblioteka-gabin.pl\/index.php\/2023\/10\/11\/minimalista-slowa-jone-fosse-zostal-laureatem-literackiej-nagrody-nobla-2023\/#breadcrumb"},"inLanguage":"pl-PL","potentialAction":[{"@type":"ReadAction","target":["http:\/\/biblioteka-gabin.pl\/index.php\/2023\/10\/11\/minimalista-slowa-jone-fosse-zostal-laureatem-literackiej-nagrody-nobla-2023\/"]}]},{"@type":"ImageObject","inLanguage":"pl-PL","@id":"http:\/\/biblioteka-gabin.pl\/index.php\/2023\/10\/11\/minimalista-slowa-jone-fosse-zostal-laureatem-literackiej-nagrody-nobla-2023\/#primaryimage","url":"https:\/\/biblioteka-gabin.pl\/wp-content\/uploads\/archive\/pliki\/obraz\/2023_\/padziernik\/standard_compressed_fosse_skalert.jpg","contentUrl":"https:\/\/biblioteka-gabin.pl\/wp-content\/uploads\/archive\/pliki\/obraz\/2023_\/padziernik\/standard_compressed_fosse_skalert.jpg"},{"@type":"BreadcrumbList","@id":"http:\/\/biblioteka-gabin.pl\/index.php\/2023\/10\/11\/minimalista-slowa-jone-fosse-zostal-laureatem-literackiej-nagrody-nobla-2023\/#breadcrumb","itemListElement":[{"@type":"ListItem","position":1,"name":"Strona g\u0142\u00f3wna","item":"https:\/\/biblioteka-gabin.pl\/"},{"@type":"ListItem","position":2,"name":"Minimalista s\u0142owa, Jone Fosse zosta\u0142 laureatem literackiej Nagrody Nobla 2023"}]},{"@type":"WebSite","@id":"https:\/\/biblioteka-gabin.pl\/#website","url":"https:\/\/biblioteka-gabin.pl\/","name":"Miejsko-Gminna Biblioteka Publiczna w G\u0105binie","description":"","publisher":{"@id":"https:\/\/biblioteka-gabin.pl\/#organization"},"potentialAction":[{"@type":"SearchAction","target":{"@type":"EntryPoint","urlTemplate":"https:\/\/biblioteka-gabin.pl\/?s={search_term_string}"},"query-input":{"@type":"PropertyValueSpecification","valueRequired":true,"valueName":"search_term_string"}}],"inLanguage":"pl-PL"},{"@type":"Organization","@id":"https:\/\/biblioteka-gabin.pl\/#organization","name":"Miejsko-Gminna Biblioteka Publiczna w G\u0105binie","url":"https:\/\/biblioteka-gabin.pl\/","logo":{"@type":"ImageObject","inLanguage":"pl-PL","@id":"https:\/\/biblioteka-gabin.pl\/#\/schema\/logo\/image\/","url":"https:\/\/biblioteka-gabin.pl\/wp-content\/uploads\/2025\/03\/logo-biblioteka-2-1657013691-1.jpg","contentUrl":"https:\/\/biblioteka-gabin.pl\/wp-content\/uploads\/2025\/03\/logo-biblioteka-2-1657013691-1.jpg","width":1600,"height":772,"caption":"Miejsko-Gminna Biblioteka Publiczna w G\u0105binie"},"image":{"@id":"https:\/\/biblioteka-gabin.pl\/#\/schema\/logo\/image\/"},"sameAs":["https:\/\/www.facebook.com\/bibliotekagabin","https:\/\/www.youtube.com\/@mgbpgabin9392"]},{"@type":"Person","@id":"https:\/\/biblioteka-gabin.pl\/#\/schema\/person\/2067b97c24663d987ef6ef95bed7c99a","name":"admin","image":{"@type":"ImageObject","inLanguage":"pl-PL","@id":"https:\/\/secure.gravatar.com\/avatar\/e1843904e97b4e376a0fc90ae10372cd31bce9b207a7a3d2ca68fc7ca7e4174c?s=96&d=mm&r=g","url":"https:\/\/secure.gravatar.com\/avatar\/e1843904e97b4e376a0fc90ae10372cd31bce9b207a7a3d2ca68fc7ca7e4174c?s=96&d=mm&r=g","contentUrl":"https:\/\/secure.gravatar.com\/avatar\/e1843904e97b4e376a0fc90ae10372cd31bce9b207a7a3d2ca68fc7ca7e4174c?s=96&d=mm&r=g","caption":"admin"},"sameAs":["http:\/\/strona.biblioteka-gabin.pl"],"url":"https:\/\/biblioteka-gabin.pl\/index.php\/author\/admin\/"}]}},"_links":{"self":[{"href":"https:\/\/biblioteka-gabin.pl\/index.php\/wp-json\/wp\/v2\/posts\/8163","targetHints":{"allow":["GET"]}}],"collection":[{"href":"https:\/\/biblioteka-gabin.pl\/index.php\/wp-json\/wp\/v2\/posts"}],"about":[{"href":"https:\/\/biblioteka-gabin.pl\/index.php\/wp-json\/wp\/v2\/types\/post"}],"author":[{"embeddable":true,"href":"https:\/\/biblioteka-gabin.pl\/index.php\/wp-json\/wp\/v2\/users\/1"}],"replies":[{"embeddable":true,"href":"https:\/\/biblioteka-gabin.pl\/index.php\/wp-json\/wp\/v2\/comments?post=8163"}],"version-history":[{"count":0,"href":"https:\/\/biblioteka-gabin.pl\/index.php\/wp-json\/wp\/v2\/posts\/8163\/revisions"}],"wp:attachment":[{"href":"https:\/\/biblioteka-gabin.pl\/index.php\/wp-json\/wp\/v2\/media?parent=8163"}],"wp:term":[{"taxonomy":"category","embeddable":true,"href":"https:\/\/biblioteka-gabin.pl\/index.php\/wp-json\/wp\/v2\/categories?post=8163"},{"taxonomy":"post_tag","embeddable":true,"href":"https:\/\/biblioteka-gabin.pl\/index.php\/wp-json\/wp\/v2\/tags?post=8163"}],"curies":[{"name":"wp","href":"https:\/\/api.w.org\/{rel}","templated":true}]}}