{"id":8167,"date":"2024-03-06T00:00:00","date_gmt":"2024-03-06T00:00:00","guid":{"rendered":"https:\/\/biblioteka-gabin.pl\/index.php\/2024\/03\/06\/mlodziez-ze-szkoly-podstawowej-w-gabinie-z-transparentem-przed-siedziba-mgbp-w-gabinie\/"},"modified":"2024-03-06T00:00:00","modified_gmt":"2024-03-06T00:00:00","slug":"mlodziez-ze-szkoly-podstawowej-w-gabinie-z-transparentem-przed-siedziba-mgbp-w-gabinie","status":"publish","type":"post","link":"https:\/\/biblioteka-gabin.pl\/index.php\/2024\/03\/06\/mlodziez-ze-szkoly-podstawowej-w-gabinie-z-transparentem-przed-siedziba-mgbp-w-gabinie\/","title":{"rendered":"M\u0141ODZIE\u017b ZE SZKO\u0141Y PODSTAWOWEJ W G\u0104BINIE Z TRANSPARENTEM PRZED SIEDZIB\u0104 MGBP W G\u0104BINIE"},"content":{"rendered":"<p>6. marca obchodzimy Dzie\u0144 Bezpiecznego Internetu, kt\u00f3ry ustanowiony zosta\u0142\u00a0 z inicjatywy Komisji Europejskiej w 2004 r.<br \/>\n\u00a0\u00a0\u00a0 Miejsko \u2013 Gminna biblioteka Publiczna w G\u0105binie w\u0142\u0105czy\u0142a si\u0119\u00a0 w akcj\u0119 Dnia Bezpiecznego Internetu, zorganizowan\u0105 przez uczni\u00f3w klasy VII ze Szko\u0142y Podstawowej im. Marii Konopnickiej w G\u0105binie wraz z nauczycielami.<br \/>\n\u00a0\u00a0 \u00a0\u00a0Pani Ewa Lewandowska- St. Kustosz-Bibliotekarz odpowiedzia\u0142a m\u0142odzie\u017cy na zadawane pytania m.in.: Z czym kojarzy nam si\u0119 akcja DBI? Si\u00f3dmoklasi\u015bci uwa\u017cnie wys\u0142uchali odpowiedzi.<br \/>\n\u00a0\u00a0\u00a0\u00a0 Bez internetu nie ma funkcjonowania w obecnym \u015bwiecie, ale musimy pami\u0119ta\u0107 o wielu zagro\u017ceniach jakie mo\u017cemy po drodze spotka\u0107. Aby nie wpa\u015b\u0107 w pu\u0142apk\u0119 k\u0142opot\u00f3w musimy przede wszystkim my\u015ble\u0107 racjonalnie nad tym co zamieszczamy w sieci, gdzie si\u0119 logujemy i najwa\u017cniejsza rzecz- nigdzie nie podajemy swoich danych osobowych zw\u0142aszcza numeru pesel. To w szczeg\u00f3lno\u015bci podkre\u015bla\u0142a Pani Ewa zwracaj\u0105c si\u0119 do m\u0142odych ludzi.<br \/>\n\u00a0\u00a0\u00a0\u00a0\u00a0\u00a0\u00a0\u00a0\u00a0\u00a0\u00a0\u00a0\u00a0\u00a0\u00a0\u00a0\u00a0\u00a0\u00a0\u00a0\u00a0\u00a0\u00a0\u00a0\u00a0\u00a0\u00a0\u00a0\u00a0\u00a0\u00a0\u00a0\u00a0\u00a0\u00a0\u00a0\u00a0\u00a0\u00a0\u00a0\u00a0\u00a0\u00a0\u00a0\u00a0\u00a0\u00a0\u00a0\u00a0 Opr. Joanna Olejniczak<br \/>\n<img src='https:\/\/biblioteka-gabin.pl\/wp-content\/uploads\/archive\/pliki\/obraz\/2024\/marzec\/430368323_1098528314601559_1391717578761511653_n.jpg'><br \/>\n<a href='https:\/\/biblioteka-gabin.pl\/wp-content\/uploads\/archive\/galleries\/569\/4183046417959355557358367561458658952539136n-167c0bac86.jpg'><img style='max-height:300px;' src='https:\/\/biblioteka-gabin.pl\/wp-content\/uploads\/archive\/galleries\/569\/4183046417959355557358367561458658952539136n-167c0bac86.jpg'><\/a><br \/>\n<a href='https:\/\/biblioteka-gabin.pl\/wp-content\/uploads\/archive\/galleries\/569\/4185316611312815449389863242477332736625573n-9b8bd091cd.jpg'><img style='max-height:300px;' src='https:\/\/biblioteka-gabin.pl\/wp-content\/uploads\/archive\/galleries\/569\/4185316611312815449389863242477332736625573n-9b8bd091cd.jpg'><\/a><br \/>\n<a href='https:\/\/biblioteka-gabin.pl\/wp-content\/uploads\/archive\/galleries\/569\/41853165911215261289812387329766630080114597n-d679bb5a4b.jpg'><img style='max-height:300px;' src='https:\/\/biblioteka-gabin.pl\/wp-content\/uploads\/archive\/galleries\/569\/41853165911215261289812387329766630080114597n-d679bb5a4b.jpg'><\/a><br \/>\n<a href='https:\/\/biblioteka-gabin.pl\/wp-content\/uploads\/archive\/galleries\/569\/4185984528027285252311662684077864941529367n-60d487c633.jpg'><img style='max-height:300px;' src='https:\/\/biblioteka-gabin.pl\/wp-content\/uploads\/archive\/galleries\/569\/4185984528027285252311662684077864941529367n-60d487c633.jpg'><\/a><br \/>\n<a href='https:\/\/biblioteka-gabin.pl\/wp-content\/uploads\/archive\/galleries\/569\/43036832310985283146015591391717578761511653n-e2809500a2.jpg'><img style='max-height:300px;' src='https:\/\/biblioteka-gabin.pl\/wp-content\/uploads\/archive\/galleries\/569\/43036832310985283146015591391717578761511653n-e2809500a2.jpg'><\/a><br \/>\n<a href='https:\/\/biblioteka-gabin.pl\/wp-content\/uploads\/archive\/galleries\/569\/4185606489578802225928771039087349358054428n-a45da16bf7.jpg'><img style='max-height:300px;' src='https:\/\/biblioteka-gabin.pl\/wp-content\/uploads\/archive\/galleries\/569\/4185606489578802225928771039087349358054428n-a45da16bf7.jpg'><\/a><br \/>\n<a href='https:\/\/biblioteka-gabin.pl\/wp-content\/uploads\/archive\/galleries\/569\/4303115223990519960427517406553349936705163n-cf47f989d1.jpg'><img style='max-height:300px;' src='https:\/\/biblioteka-gabin.pl\/wp-content\/uploads\/archive\/galleries\/569\/4303115223990519960427517406553349936705163n-cf47f989d1.jpg'><\/a><br \/>\n<a href='https:\/\/biblioteka-gabin.pl\/wp-content\/uploads\/archive\/galleries\/569\/43016364614158161859707696333882340037340176n-0e6cc77226.jpg'><img style='max-height:300px;' src='https:\/\/biblioteka-gabin.pl\/wp-content\/uploads\/archive\/galleries\/569\/43016364614158161859707696333882340037340176n-0e6cc77226.jpg'><\/a><br \/>\n<a href='https:\/\/biblioteka-gabin.pl\/wp-content\/uploads\/archive\/galleries\/569\/4303149947349397620962568831945628856562930n-2ad0ad2651.jpg'><img style='max-height:300px;' src='https:\/\/biblioteka-gabin.pl\/wp-content\/uploads\/archive\/galleries\/569\/4303149947349397620962568831945628856562930n-2ad0ad2651.jpg'><\/a><br \/>\n<a href='https:\/\/biblioteka-gabin.pl\/wp-content\/uploads\/archive\/galleries\/569\/4302521507093417380201126259901244265029566n-398608ee24.jpg'><img style='max-height:300px;' src='https:\/\/biblioteka-gabin.pl\/wp-content\/uploads\/archive\/galleries\/569\/4302521507093417380201126259901244265029566n-398608ee24.jpg'><\/a><br \/>\n<a href='https:\/\/biblioteka-gabin.pl\/wp-content\/uploads\/archive\/galleries\/569\/4306115716015396921835662113373769649310907n-d144181a97.jpg'><img style='max-height:300px;' src='https:\/\/biblioteka-gabin.pl\/wp-content\/uploads\/archive\/galleries\/569\/4306115716015396921835662113373769649310907n-d144181a97.jpg'><\/a><br \/>\n<a href='https:\/\/biblioteka-gabin.pl\/wp-content\/uploads\/archive\/galleries\/569\/43013439571955758572004393041330546934624746n-38ec4bc86e.jpg'><img style='max-height:300px;' src='https:\/\/biblioteka-gabin.pl\/wp-content\/uploads\/archive\/galleries\/569\/43013439571955758572004393041330546934624746n-38ec4bc86e.jpg'><\/a><br \/>\n<a href='https:\/\/biblioteka-gabin.pl\/wp-content\/uploads\/archive\/galleries\/569\/430320514723219756464538416322061946367227n-4456f8839e.jpg'><img style='max-height:300px;' src='https:\/\/biblioteka-gabin.pl\/wp-content\/uploads\/archive\/galleries\/569\/430320514723219756464538416322061946367227n-4456f8839e.jpg'><\/a><br \/>\n<a href='https:\/\/biblioteka-gabin.pl\/wp-content\/uploads\/archive\/galleries\/569\/43059346230025805640689073999141856623976n-15a8032b6f.jpg'><img style='max-height:300px;' src='https:\/\/biblioteka-gabin.pl\/wp-content\/uploads\/archive\/galleries\/569\/43059346230025805640689073999141856623976n-15a8032b6f.jpg'><\/a><br \/>\n<a href='https:\/\/biblioteka-gabin.pl\/wp-content\/uploads\/archive\/galleries\/569\/43034925213002676347095293260023107319343794n-eca4286af8.jpg'><img style='max-height:300px;' src='https:\/\/biblioteka-gabin.pl\/wp-content\/uploads\/archive\/galleries\/569\/43034925213002676347095293260023107319343794n-eca4286af8.jpg'><\/a><\/p>\n","protected":false},"excerpt":{"rendered":"<p>6. marca obchodzimy Dzie\u0144 Bezpiecznego Internetu, kt\u00f3ry ustanowiony zosta\u0142\u00a0 z<\/p>\n","protected":false},"author":1,"featured_media":0,"comment_status":"open","ping_status":"open","sticky":false,"template":"","format":"standard","meta":{"footnotes":""},"categories":[36],"tags":[],"class_list":["post-8167","post","type-post","status-publish","format-standard","hentry","category-main"],"yoast_head":"<!-- This site is optimized with the Yoast SEO plugin v27.4 - https:\/\/yoast.com\/product\/yoast-seo-wordpress\/ -->\n<title>M\u0141ODZIE\u017b ZE SZKO\u0141Y PODSTAWOWEJ W G\u0104BINIE Z TRANSPARENTEM PRZED SIEDZIB\u0104 MGBP W G\u0104BINIE - Miejsko-Gminna Biblioteka Publiczna w G\u0105binie<\/title>\n<meta name=\"robots\" content=\"index, follow, max-snippet:-1, max-image-preview:large, max-video-preview:-1\" \/>\n<link rel=\"canonical\" href=\"http:\/\/biblioteka-gabin.pl\/index.php\/2024\/03\/06\/mlodziez-ze-szkoly-podstawowej-w-gabinie-z-transparentem-przed-siedziba-mgbp-w-gabinie\/\" \/>\n<meta property=\"og:locale\" content=\"pl_PL\" \/>\n<meta property=\"og:type\" content=\"article\" \/>\n<meta property=\"og:title\" content=\"M\u0141ODZIE\u017b ZE SZKO\u0141Y PODSTAWOWEJ W G\u0104BINIE Z TRANSPARENTEM PRZED SIEDZIB\u0104 MGBP W G\u0104BINIE - Miejsko-Gminna Biblioteka Publiczna w G\u0105binie\" \/>\n<meta property=\"og:description\" content=\"6. marca obchodzimy Dzie\u0144 Bezpiecznego Internetu, kt\u00f3ry ustanowiony zosta\u0142\u00a0 z\" \/>\n<meta property=\"og:url\" content=\"http:\/\/biblioteka-gabin.pl\/index.php\/2024\/03\/06\/mlodziez-ze-szkoly-podstawowej-w-gabinie-z-transparentem-przed-siedziba-mgbp-w-gabinie\/\" \/>\n<meta property=\"og:site_name\" content=\"Miejsko-Gminna Biblioteka Publiczna w G\u0105binie\" \/>\n<meta property=\"article:publisher\" content=\"https:\/\/www.facebook.com\/bibliotekagabin\" \/>\n<meta property=\"article:published_time\" content=\"2024-03-06T00:00:00+00:00\" \/>\n<meta property=\"og:image\" content=\"https:\/\/biblioteka-gabin.pl\/wp-content\/uploads\/archive\/pliki\/obraz\/2024\/marzec\/430368323_1098528314601559_1391717578761511653_n.jpg\" \/>\n<meta name=\"author\" content=\"admin\" \/>\n<meta name=\"twitter:card\" content=\"summary_large_image\" \/>\n<meta name=\"twitter:label1\" content=\"Napisane przez\" \/>\n\t<meta name=\"twitter:data1\" content=\"admin\" \/>\n\t<meta name=\"twitter:label2\" content=\"Szacowany czas czytania\" \/>\n\t<meta name=\"twitter:data2\" content=\"1 minuta\" \/>\n<script type=\"application\/ld+json\" class=\"yoast-schema-graph\">{\"@context\":\"https:\\\/\\\/schema.org\",\"@graph\":[{\"@type\":\"Article\",\"@id\":\"http:\\\/\\\/biblioteka-gabin.pl\\\/index.php\\\/2024\\\/03\\\/06\\\/mlodziez-ze-szkoly-podstawowej-w-gabinie-z-transparentem-przed-siedziba-mgbp-w-gabinie\\\/#article\",\"isPartOf\":{\"@id\":\"http:\\\/\\\/biblioteka-gabin.pl\\\/index.php\\\/2024\\\/03\\\/06\\\/mlodziez-ze-szkoly-podstawowej-w-gabinie-z-transparentem-przed-siedziba-mgbp-w-gabinie\\\/\"},\"author\":{\"name\":\"admin\",\"@id\":\"https:\\\/\\\/biblioteka-gabin.pl\\\/#\\\/schema\\\/person\\\/2067b97c24663d987ef6ef95bed7c99a\"},\"headline\":\"M\u0141ODZIE\u017b ZE SZKO\u0141Y PODSTAWOWEJ W G\u0104BINIE Z TRANSPARENTEM PRZED SIEDZIB\u0104 MGBP W G\u0104BINIE\",\"datePublished\":\"2024-03-06T00:00:00+00:00\",\"mainEntityOfPage\":{\"@id\":\"http:\\\/\\\/biblioteka-gabin.pl\\\/index.php\\\/2024\\\/03\\\/06\\\/mlodziez-ze-szkoly-podstawowej-w-gabinie-z-transparentem-przed-siedziba-mgbp-w-gabinie\\\/\"},\"wordCount\":177,\"commentCount\":0,\"publisher\":{\"@id\":\"https:\\\/\\\/biblioteka-gabin.pl\\\/#organization\"},\"image\":{\"@id\":\"http:\\\/\\\/biblioteka-gabin.pl\\\/index.php\\\/2024\\\/03\\\/06\\\/mlodziez-ze-szkoly-podstawowej-w-gabinie-z-transparentem-przed-siedziba-mgbp-w-gabinie\\\/#primaryimage\"},\"thumbnailUrl\":\"https:\\\/\\\/biblioteka-gabin.pl\\\/wp-content\\\/uploads\\\/archive\\\/pliki\\\/obraz\\\/2024\\\/marzec\\\/430368323_1098528314601559_1391717578761511653_n.jpg\",\"articleSection\":[\"Main\"],\"inLanguage\":\"pl-PL\",\"potentialAction\":[{\"@type\":\"CommentAction\",\"name\":\"Comment\",\"target\":[\"http:\\\/\\\/biblioteka-gabin.pl\\\/index.php\\\/2024\\\/03\\\/06\\\/mlodziez-ze-szkoly-podstawowej-w-gabinie-z-transparentem-przed-siedziba-mgbp-w-gabinie\\\/#respond\"]}]},{\"@type\":\"WebPage\",\"@id\":\"http:\\\/\\\/biblioteka-gabin.pl\\\/index.php\\\/2024\\\/03\\\/06\\\/mlodziez-ze-szkoly-podstawowej-w-gabinie-z-transparentem-przed-siedziba-mgbp-w-gabinie\\\/\",\"url\":\"http:\\\/\\\/biblioteka-gabin.pl\\\/index.php\\\/2024\\\/03\\\/06\\\/mlodziez-ze-szkoly-podstawowej-w-gabinie-z-transparentem-przed-siedziba-mgbp-w-gabinie\\\/\",\"name\":\"M\u0141ODZIE\u017b ZE SZKO\u0141Y PODSTAWOWEJ W G\u0104BINIE Z TRANSPARENTEM PRZED SIEDZIB\u0104 MGBP W G\u0104BINIE - Miejsko-Gminna Biblioteka Publiczna w G\u0105binie\",\"isPartOf\":{\"@id\":\"https:\\\/\\\/biblioteka-gabin.pl\\\/#website\"},\"primaryImageOfPage\":{\"@id\":\"http:\\\/\\\/biblioteka-gabin.pl\\\/index.php\\\/2024\\\/03\\\/06\\\/mlodziez-ze-szkoly-podstawowej-w-gabinie-z-transparentem-przed-siedziba-mgbp-w-gabinie\\\/#primaryimage\"},\"image\":{\"@id\":\"http:\\\/\\\/biblioteka-gabin.pl\\\/index.php\\\/2024\\\/03\\\/06\\\/mlodziez-ze-szkoly-podstawowej-w-gabinie-z-transparentem-przed-siedziba-mgbp-w-gabinie\\\/#primaryimage\"},\"thumbnailUrl\":\"https:\\\/\\\/biblioteka-gabin.pl\\\/wp-content\\\/uploads\\\/archive\\\/pliki\\\/obraz\\\/2024\\\/marzec\\\/430368323_1098528314601559_1391717578761511653_n.jpg\",\"datePublished\":\"2024-03-06T00:00:00+00:00\",\"breadcrumb\":{\"@id\":\"http:\\\/\\\/biblioteka-gabin.pl\\\/index.php\\\/2024\\\/03\\\/06\\\/mlodziez-ze-szkoly-podstawowej-w-gabinie-z-transparentem-przed-siedziba-mgbp-w-gabinie\\\/#breadcrumb\"},\"inLanguage\":\"pl-PL\",\"potentialAction\":[{\"@type\":\"ReadAction\",\"target\":[\"http:\\\/\\\/biblioteka-gabin.pl\\\/index.php\\\/2024\\\/03\\\/06\\\/mlodziez-ze-szkoly-podstawowej-w-gabinie-z-transparentem-przed-siedziba-mgbp-w-gabinie\\\/\"]}]},{\"@type\":\"ImageObject\",\"inLanguage\":\"pl-PL\",\"@id\":\"http:\\\/\\\/biblioteka-gabin.pl\\\/index.php\\\/2024\\\/03\\\/06\\\/mlodziez-ze-szkoly-podstawowej-w-gabinie-z-transparentem-przed-siedziba-mgbp-w-gabinie\\\/#primaryimage\",\"url\":\"https:\\\/\\\/biblioteka-gabin.pl\\\/wp-content\\\/uploads\\\/archive\\\/pliki\\\/obraz\\\/2024\\\/marzec\\\/430368323_1098528314601559_1391717578761511653_n.jpg\",\"contentUrl\":\"https:\\\/\\\/biblioteka-gabin.pl\\\/wp-content\\\/uploads\\\/archive\\\/pliki\\\/obraz\\\/2024\\\/marzec\\\/430368323_1098528314601559_1391717578761511653_n.jpg\"},{\"@type\":\"BreadcrumbList\",\"@id\":\"http:\\\/\\\/biblioteka-gabin.pl\\\/index.php\\\/2024\\\/03\\\/06\\\/mlodziez-ze-szkoly-podstawowej-w-gabinie-z-transparentem-przed-siedziba-mgbp-w-gabinie\\\/#breadcrumb\",\"itemListElement\":[{\"@type\":\"ListItem\",\"position\":1,\"name\":\"Strona g\u0142\u00f3wna\",\"item\":\"https:\\\/\\\/biblioteka-gabin.pl\\\/\"},{\"@type\":\"ListItem\",\"position\":2,\"name\":\"M\u0141ODZIE\u017b ZE SZKO\u0141Y PODSTAWOWEJ W G\u0104BINIE Z TRANSPARENTEM PRZED SIEDZIB\u0104 MGBP W G\u0104BINIE\"}]},{\"@type\":\"WebSite\",\"@id\":\"https:\\\/\\\/biblioteka-gabin.pl\\\/#website\",\"url\":\"https:\\\/\\\/biblioteka-gabin.pl\\\/\",\"name\":\"Miejsko-Gminna Biblioteka Publiczna w G\u0105binie\",\"description\":\"\",\"publisher\":{\"@id\":\"https:\\\/\\\/biblioteka-gabin.pl\\\/#organization\"},\"potentialAction\":[{\"@type\":\"SearchAction\",\"target\":{\"@type\":\"EntryPoint\",\"urlTemplate\":\"https:\\\/\\\/biblioteka-gabin.pl\\\/?s={search_term_string}\"},\"query-input\":{\"@type\":\"PropertyValueSpecification\",\"valueRequired\":true,\"valueName\":\"search_term_string\"}}],\"inLanguage\":\"pl-PL\"},{\"@type\":\"Organization\",\"@id\":\"https:\\\/\\\/biblioteka-gabin.pl\\\/#organization\",\"name\":\"Miejsko-Gminna Biblioteka Publiczna w G\u0105binie\",\"url\":\"https:\\\/\\\/biblioteka-gabin.pl\\\/\",\"logo\":{\"@type\":\"ImageObject\",\"inLanguage\":\"pl-PL\",\"@id\":\"https:\\\/\\\/biblioteka-gabin.pl\\\/#\\\/schema\\\/logo\\\/image\\\/\",\"url\":\"https:\\\/\\\/biblioteka-gabin.pl\\\/wp-content\\\/uploads\\\/2025\\\/03\\\/logo-biblioteka-2-1657013691-1.jpg\",\"contentUrl\":\"https:\\\/\\\/biblioteka-gabin.pl\\\/wp-content\\\/uploads\\\/2025\\\/03\\\/logo-biblioteka-2-1657013691-1.jpg\",\"width\":1600,\"height\":772,\"caption\":\"Miejsko-Gminna Biblioteka Publiczna w G\u0105binie\"},\"image\":{\"@id\":\"https:\\\/\\\/biblioteka-gabin.pl\\\/#\\\/schema\\\/logo\\\/image\\\/\"},\"sameAs\":[\"https:\\\/\\\/www.facebook.com\\\/bibliotekagabin\",\"https:\\\/\\\/www.youtube.com\\\/@mgbpgabin9392\"]},{\"@type\":\"Person\",\"@id\":\"https:\\\/\\\/biblioteka-gabin.pl\\\/#\\\/schema\\\/person\\\/2067b97c24663d987ef6ef95bed7c99a\",\"name\":\"admin\",\"image\":{\"@type\":\"ImageObject\",\"inLanguage\":\"pl-PL\",\"@id\":\"https:\\\/\\\/secure.gravatar.com\\\/avatar\\\/e1843904e97b4e376a0fc90ae10372cd31bce9b207a7a3d2ca68fc7ca7e4174c?s=96&d=mm&r=g\",\"url\":\"https:\\\/\\\/secure.gravatar.com\\\/avatar\\\/e1843904e97b4e376a0fc90ae10372cd31bce9b207a7a3d2ca68fc7ca7e4174c?s=96&d=mm&r=g\",\"contentUrl\":\"https:\\\/\\\/secure.gravatar.com\\\/avatar\\\/e1843904e97b4e376a0fc90ae10372cd31bce9b207a7a3d2ca68fc7ca7e4174c?s=96&d=mm&r=g\",\"caption\":\"admin\"},\"sameAs\":[\"http:\\\/\\\/strona.biblioteka-gabin.pl\"],\"url\":\"https:\\\/\\\/biblioteka-gabin.pl\\\/index.php\\\/author\\\/admin\\\/\"}]}<\/script>\n<!-- \/ Yoast SEO plugin. -->","yoast_head_json":{"title":"M\u0141ODZIE\u017b ZE SZKO\u0141Y PODSTAWOWEJ W G\u0104BINIE Z TRANSPARENTEM PRZED SIEDZIB\u0104 MGBP W G\u0104BINIE - Miejsko-Gminna Biblioteka Publiczna w G\u0105binie","robots":{"index":"index","follow":"follow","max-snippet":"max-snippet:-1","max-image-preview":"max-image-preview:large","max-video-preview":"max-video-preview:-1"},"canonical":"http:\/\/biblioteka-gabin.pl\/index.php\/2024\/03\/06\/mlodziez-ze-szkoly-podstawowej-w-gabinie-z-transparentem-przed-siedziba-mgbp-w-gabinie\/","og_locale":"pl_PL","og_type":"article","og_title":"M\u0141ODZIE\u017b ZE SZKO\u0141Y PODSTAWOWEJ W G\u0104BINIE Z TRANSPARENTEM PRZED SIEDZIB\u0104 MGBP W G\u0104BINIE - Miejsko-Gminna Biblioteka Publiczna w G\u0105binie","og_description":"6. marca obchodzimy Dzie\u0144 Bezpiecznego Internetu, kt\u00f3ry ustanowiony zosta\u0142\u00a0 z","og_url":"http:\/\/biblioteka-gabin.pl\/index.php\/2024\/03\/06\/mlodziez-ze-szkoly-podstawowej-w-gabinie-z-transparentem-przed-siedziba-mgbp-w-gabinie\/","og_site_name":"Miejsko-Gminna Biblioteka Publiczna w G\u0105binie","article_publisher":"https:\/\/www.facebook.com\/bibliotekagabin","article_published_time":"2024-03-06T00:00:00+00:00","og_image":[{"url":"https:\/\/biblioteka-gabin.pl\/wp-content\/uploads\/archive\/pliki\/obraz\/2024\/marzec\/430368323_1098528314601559_1391717578761511653_n.jpg","type":"","width":"","height":""}],"author":"admin","twitter_card":"summary_large_image","twitter_misc":{"Napisane przez":"admin","Szacowany czas czytania":"1 minuta"},"schema":{"@context":"https:\/\/schema.org","@graph":[{"@type":"Article","@id":"http:\/\/biblioteka-gabin.pl\/index.php\/2024\/03\/06\/mlodziez-ze-szkoly-podstawowej-w-gabinie-z-transparentem-przed-siedziba-mgbp-w-gabinie\/#article","isPartOf":{"@id":"http:\/\/biblioteka-gabin.pl\/index.php\/2024\/03\/06\/mlodziez-ze-szkoly-podstawowej-w-gabinie-z-transparentem-przed-siedziba-mgbp-w-gabinie\/"},"author":{"name":"admin","@id":"https:\/\/biblioteka-gabin.pl\/#\/schema\/person\/2067b97c24663d987ef6ef95bed7c99a"},"headline":"M\u0141ODZIE\u017b ZE SZKO\u0141Y PODSTAWOWEJ W G\u0104BINIE Z TRANSPARENTEM PRZED SIEDZIB\u0104 MGBP W G\u0104BINIE","datePublished":"2024-03-06T00:00:00+00:00","mainEntityOfPage":{"@id":"http:\/\/biblioteka-gabin.pl\/index.php\/2024\/03\/06\/mlodziez-ze-szkoly-podstawowej-w-gabinie-z-transparentem-przed-siedziba-mgbp-w-gabinie\/"},"wordCount":177,"commentCount":0,"publisher":{"@id":"https:\/\/biblioteka-gabin.pl\/#organization"},"image":{"@id":"http:\/\/biblioteka-gabin.pl\/index.php\/2024\/03\/06\/mlodziez-ze-szkoly-podstawowej-w-gabinie-z-transparentem-przed-siedziba-mgbp-w-gabinie\/#primaryimage"},"thumbnailUrl":"https:\/\/biblioteka-gabin.pl\/wp-content\/uploads\/archive\/pliki\/obraz\/2024\/marzec\/430368323_1098528314601559_1391717578761511653_n.jpg","articleSection":["Main"],"inLanguage":"pl-PL","potentialAction":[{"@type":"CommentAction","name":"Comment","target":["http:\/\/biblioteka-gabin.pl\/index.php\/2024\/03\/06\/mlodziez-ze-szkoly-podstawowej-w-gabinie-z-transparentem-przed-siedziba-mgbp-w-gabinie\/#respond"]}]},{"@type":"WebPage","@id":"http:\/\/biblioteka-gabin.pl\/index.php\/2024\/03\/06\/mlodziez-ze-szkoly-podstawowej-w-gabinie-z-transparentem-przed-siedziba-mgbp-w-gabinie\/","url":"http:\/\/biblioteka-gabin.pl\/index.php\/2024\/03\/06\/mlodziez-ze-szkoly-podstawowej-w-gabinie-z-transparentem-przed-siedziba-mgbp-w-gabinie\/","name":"M\u0141ODZIE\u017b ZE SZKO\u0141Y PODSTAWOWEJ W G\u0104BINIE Z TRANSPARENTEM PRZED SIEDZIB\u0104 MGBP W G\u0104BINIE - Miejsko-Gminna Biblioteka Publiczna w G\u0105binie","isPartOf":{"@id":"https:\/\/biblioteka-gabin.pl\/#website"},"primaryImageOfPage":{"@id":"http:\/\/biblioteka-gabin.pl\/index.php\/2024\/03\/06\/mlodziez-ze-szkoly-podstawowej-w-gabinie-z-transparentem-przed-siedziba-mgbp-w-gabinie\/#primaryimage"},"image":{"@id":"http:\/\/biblioteka-gabin.pl\/index.php\/2024\/03\/06\/mlodziez-ze-szkoly-podstawowej-w-gabinie-z-transparentem-przed-siedziba-mgbp-w-gabinie\/#primaryimage"},"thumbnailUrl":"https:\/\/biblioteka-gabin.pl\/wp-content\/uploads\/archive\/pliki\/obraz\/2024\/marzec\/430368323_1098528314601559_1391717578761511653_n.jpg","datePublished":"2024-03-06T00:00:00+00:00","breadcrumb":{"@id":"http:\/\/biblioteka-gabin.pl\/index.php\/2024\/03\/06\/mlodziez-ze-szkoly-podstawowej-w-gabinie-z-transparentem-przed-siedziba-mgbp-w-gabinie\/#breadcrumb"},"inLanguage":"pl-PL","potentialAction":[{"@type":"ReadAction","target":["http:\/\/biblioteka-gabin.pl\/index.php\/2024\/03\/06\/mlodziez-ze-szkoly-podstawowej-w-gabinie-z-transparentem-przed-siedziba-mgbp-w-gabinie\/"]}]},{"@type":"ImageObject","inLanguage":"pl-PL","@id":"http:\/\/biblioteka-gabin.pl\/index.php\/2024\/03\/06\/mlodziez-ze-szkoly-podstawowej-w-gabinie-z-transparentem-przed-siedziba-mgbp-w-gabinie\/#primaryimage","url":"https:\/\/biblioteka-gabin.pl\/wp-content\/uploads\/archive\/pliki\/obraz\/2024\/marzec\/430368323_1098528314601559_1391717578761511653_n.jpg","contentUrl":"https:\/\/biblioteka-gabin.pl\/wp-content\/uploads\/archive\/pliki\/obraz\/2024\/marzec\/430368323_1098528314601559_1391717578761511653_n.jpg"},{"@type":"BreadcrumbList","@id":"http:\/\/biblioteka-gabin.pl\/index.php\/2024\/03\/06\/mlodziez-ze-szkoly-podstawowej-w-gabinie-z-transparentem-przed-siedziba-mgbp-w-gabinie\/#breadcrumb","itemListElement":[{"@type":"ListItem","position":1,"name":"Strona g\u0142\u00f3wna","item":"https:\/\/biblioteka-gabin.pl\/"},{"@type":"ListItem","position":2,"name":"M\u0141ODZIE\u017b ZE SZKO\u0141Y PODSTAWOWEJ W G\u0104BINIE Z TRANSPARENTEM PRZED SIEDZIB\u0104 MGBP W G\u0104BINIE"}]},{"@type":"WebSite","@id":"https:\/\/biblioteka-gabin.pl\/#website","url":"https:\/\/biblioteka-gabin.pl\/","name":"Miejsko-Gminna Biblioteka Publiczna w G\u0105binie","description":"","publisher":{"@id":"https:\/\/biblioteka-gabin.pl\/#organization"},"potentialAction":[{"@type":"SearchAction","target":{"@type":"EntryPoint","urlTemplate":"https:\/\/biblioteka-gabin.pl\/?s={search_term_string}"},"query-input":{"@type":"PropertyValueSpecification","valueRequired":true,"valueName":"search_term_string"}}],"inLanguage":"pl-PL"},{"@type":"Organization","@id":"https:\/\/biblioteka-gabin.pl\/#organization","name":"Miejsko-Gminna Biblioteka Publiczna w G\u0105binie","url":"https:\/\/biblioteka-gabin.pl\/","logo":{"@type":"ImageObject","inLanguage":"pl-PL","@id":"https:\/\/biblioteka-gabin.pl\/#\/schema\/logo\/image\/","url":"https:\/\/biblioteka-gabin.pl\/wp-content\/uploads\/2025\/03\/logo-biblioteka-2-1657013691-1.jpg","contentUrl":"https:\/\/biblioteka-gabin.pl\/wp-content\/uploads\/2025\/03\/logo-biblioteka-2-1657013691-1.jpg","width":1600,"height":772,"caption":"Miejsko-Gminna Biblioteka Publiczna w G\u0105binie"},"image":{"@id":"https:\/\/biblioteka-gabin.pl\/#\/schema\/logo\/image\/"},"sameAs":["https:\/\/www.facebook.com\/bibliotekagabin","https:\/\/www.youtube.com\/@mgbpgabin9392"]},{"@type":"Person","@id":"https:\/\/biblioteka-gabin.pl\/#\/schema\/person\/2067b97c24663d987ef6ef95bed7c99a","name":"admin","image":{"@type":"ImageObject","inLanguage":"pl-PL","@id":"https:\/\/secure.gravatar.com\/avatar\/e1843904e97b4e376a0fc90ae10372cd31bce9b207a7a3d2ca68fc7ca7e4174c?s=96&d=mm&r=g","url":"https:\/\/secure.gravatar.com\/avatar\/e1843904e97b4e376a0fc90ae10372cd31bce9b207a7a3d2ca68fc7ca7e4174c?s=96&d=mm&r=g","contentUrl":"https:\/\/secure.gravatar.com\/avatar\/e1843904e97b4e376a0fc90ae10372cd31bce9b207a7a3d2ca68fc7ca7e4174c?s=96&d=mm&r=g","caption":"admin"},"sameAs":["http:\/\/strona.biblioteka-gabin.pl"],"url":"https:\/\/biblioteka-gabin.pl\/index.php\/author\/admin\/"}]}},"_links":{"self":[{"href":"https:\/\/biblioteka-gabin.pl\/index.php\/wp-json\/wp\/v2\/posts\/8167","targetHints":{"allow":["GET"]}}],"collection":[{"href":"https:\/\/biblioteka-gabin.pl\/index.php\/wp-json\/wp\/v2\/posts"}],"about":[{"href":"https:\/\/biblioteka-gabin.pl\/index.php\/wp-json\/wp\/v2\/types\/post"}],"author":[{"embeddable":true,"href":"https:\/\/biblioteka-gabin.pl\/index.php\/wp-json\/wp\/v2\/users\/1"}],"replies":[{"embeddable":true,"href":"https:\/\/biblioteka-gabin.pl\/index.php\/wp-json\/wp\/v2\/comments?post=8167"}],"version-history":[{"count":0,"href":"https:\/\/biblioteka-gabin.pl\/index.php\/wp-json\/wp\/v2\/posts\/8167\/revisions"}],"wp:attachment":[{"href":"https:\/\/biblioteka-gabin.pl\/index.php\/wp-json\/wp\/v2\/media?parent=8167"}],"wp:term":[{"taxonomy":"category","embeddable":true,"href":"https:\/\/biblioteka-gabin.pl\/index.php\/wp-json\/wp\/v2\/categories?post=8167"},{"taxonomy":"post_tag","embeddable":true,"href":"https:\/\/biblioteka-gabin.pl\/index.php\/wp-json\/wp\/v2\/tags?post=8167"}],"curies":[{"name":"wp","href":"https:\/\/api.w.org\/{rel}","templated":true}]}}