{"id":8256,"date":"2023-06-14T00:00:00","date_gmt":"2023-06-14T00:00:00","guid":{"rendered":"https:\/\/biblioteka-gabin.pl\/index.php\/2023\/06\/14\/ostatnie-przedwakacyjne-spotkanie-z-bajka-w-przedszkolu-w-podlasiu-14-06-2023\/"},"modified":"2023-06-14T00:00:00","modified_gmt":"2023-06-14T00:00:00","slug":"ostatnie-przedwakacyjne-spotkanie-z-bajka-w-przedszkolu-w-podlasiu-14-06-2023","status":"publish","type":"post","link":"https:\/\/biblioteka-gabin.pl\/index.php\/2023\/06\/14\/ostatnie-przedwakacyjne-spotkanie-z-bajka-w-przedszkolu-w-podlasiu-14-06-2023\/","title":{"rendered":"Ostatnie przedwakacyjne &#8222;Spotkanie z bajk\u0105&#8221; w Przedszkolu w Podlasiu( 14.06.2023)"},"content":{"rendered":"<p>Dzisiejsza moja wizyta w Przedszkolu w Podlasiu przebiega\u0142a nieco inaczej ni\u017c zwykle. Grupy \u201e\u017babek\u201d i \u201eRybek\u201d nie wys\u0142ucha\u0142y bajeczek &#8211; jak to zwykle si\u0119 odbywa\u0142o poniewa\u017c dzi\u015b ich nie przywioz\u0142am ze sob\u0105.<br \/>\n\u00a0\u00a0\u00a0 Przygotowa\u0142am dla dzieci inn\u0105 niespodziank\u0119. Ka\u017cdy otrzyma\u0142 kolorow\u0105 zak\u0142adk\u0119 do ksi\u0105\u017cki i co\u015b s\u0142odkiego. Chcia\u0142am w ten skromny spos\u00f3b bardzo serdecznie podzi\u0119kowa\u0107 wszystkim Przedszkolakom za czynny udzia\u0142 w zaj\u0119ciach, za ka\u017cdy u\u015bmiech, za pi\u0119kne rysunki, kt\u00f3re zdobi\u0105 okna MGBP w G\u0105binie. Za ogromne zaanga\u017cowanie, za uwa\u017cne s\u0142uchanie, za ka\u017cd\u0105 rado\u015b\u0107 jak\u0105 wnie\u015bli\u015bcie podczas ka\u017cdych moich odwiedzin.<br \/>\n\u00a0\u00a0\u00a0 Chcia\u0142abym aby ta zak\u0142adka przypomina\u0142a Wam jak wa\u017cna jest ksi\u0105\u017cka, mam tak\u0105 malutk\u0105 nadziej\u0119, \u017ce w tym wakacyjnym czasie znajdziecie chwil\u0119 aby si\u0119gn\u0105\u0107 po bajeczk\u0119.<br \/>\n\u00a0\u00a0\u00a0 Dzi\u0119kuj\u0119 serdecznie Dyrekcji za mo\u017cliwo\u015b\u0107 realizacji spotka\u0144, dzi\u0119kuj\u0119 wszystkim Paniom Przedszkolankom za pomoc w zaj\u0119ciach, za wspania\u0142\u0105 atmosfer\u0119, za \u017cyczliwo\u015b\u0107 i ka\u017cde ciep\u0142e s\u0142owo oraz dzieciom za pi\u0119kny prezent jaki otrzyma\u0142am.<br \/>\n\u00a0\u00a0\u00a0\u00a0 Moim uroczym Przedszkolakom \u017cycz\u0119 bezpiecznego odpoczynku, du\u017co s\u0142o\u0144ca i u\u015bmiech\u00f3w. Mam nadziej\u0119, \u017ce w kolejnym roku ponownie si\u0119 zobaczymy. A tym samym m\u00f3wi\u0119 wszystkim do mi\u0142ego zobaczenia po wakacjach.<br \/>\n\u00a0\u00a0\u00a0\u00a0\u00a0\u00a0\u00a0\u00a0\u00a0\u00a0\u00a0\u00a0\u00a0\u00a0\u00a0\u00a0\u00a0\u00a0\u00a0\u00a0\u00a0\u00a0\u00a0\u00a0\u00a0\u00a0\u00a0\u00a0\u00a0\u00a0\u00a0\u00a0\u00a0\u00a0\u00a0\u00a0\u00a0\u00a0\u00a0\u00a0\u00a0\u00a0\u00a0\u00a0\u00a0\u00a0\u00a0\u00a0\u00a0\u00a0 Opr. Joanna Olejniczak<br \/>\n<img src='https:\/\/biblioteka-gabin.pl\/wp-content\/uploads\/archive\/pliki\/obraz\/2023_\/czerwiec\/354362016_636146651485141_5305119837498598112_n.jpg'><br \/>\n<a href='https:\/\/biblioteka-gabin.pl\/wp-content\/uploads\/archive\/galleries\/493\/3530757042139601282289988590748449302223991n-e55dcc83ce.jpg'><img style='max-height:300px;' src='https:\/\/biblioteka-gabin.pl\/wp-content\/uploads\/archive\/galleries\/493\/3530757042139601282289988590748449302223991n-e55dcc83ce.jpg'><\/a><br \/>\n<a href='https:\/\/biblioteka-gabin.pl\/wp-content\/uploads\/archive\/galleries\/493\/3537065049375505607862761631115269708375983n-98705a8317.jpg'><img style='max-height:300px;' src='https:\/\/biblioteka-gabin.pl\/wp-content\/uploads\/archive\/galleries\/493\/3537065049375505607862761631115269708375983n-98705a8317.jpg'><\/a><br \/>\n<a href='https:\/\/biblioteka-gabin.pl\/wp-content\/uploads\/archive\/galleries\/493\/3512823901920158271545511360435346247552343n-3a943ce778.jpg'><img style='max-height:300px;' src='https:\/\/biblioteka-gabin.pl\/wp-content\/uploads\/archive\/galleries\/493\/3512823901920158271545511360435346247552343n-3a943ce778.jpg'><\/a><br \/>\n<a href='https:\/\/biblioteka-gabin.pl\/wp-content\/uploads\/archive\/galleries\/493\/3517419486933045661394794023073970620638064n-d03288b570.jpg'><img style='max-height:300px;' src='https:\/\/biblioteka-gabin.pl\/wp-content\/uploads\/archive\/galleries\/493\/3517419486933045661394794023073970620638064n-d03288b570.jpg'><\/a><br \/>\n<a href='https:\/\/biblioteka-gabin.pl\/wp-content\/uploads\/archive\/galleries\/493\/3512206269973191549676606348823000354543777n-624f58f9e2.jpg'><img style='max-height:300px;' src='https:\/\/biblioteka-gabin.pl\/wp-content\/uploads\/archive\/galleries\/493\/3512206269973191549676606348823000354543777n-624f58f9e2.jpg'><\/a><br \/>\n<a href='https:\/\/biblioteka-gabin.pl\/wp-content\/uploads\/archive\/galleries\/493\/3543620166361466514851415305119837498598112n-29271e8e25.jpg'><img style='max-height:300px;' src='https:\/\/biblioteka-gabin.pl\/wp-content\/uploads\/archive\/galleries\/493\/3543620166361466514851415305119837498598112n-29271e8e25.jpg'><\/a><br \/>\n<a href='https:\/\/biblioteka-gabin.pl\/wp-content\/uploads\/archive\/galleries\/493\/3511285562136367015936683547725143015417383n-546a9fff2a.jpg'><img style='max-height:300px;' src='https:\/\/biblioteka-gabin.pl\/wp-content\/uploads\/archive\/galleries\/493\/3511285562136367015936683547725143015417383n-546a9fff2a.jpg'><\/a><br \/>\n<a href='https:\/\/biblioteka-gabin.pl\/wp-content\/uploads\/archive\/galleries\/493\/35115950414342566640664278179836808870144419n-46dfe6871b.jpg'><img style='max-height:300px;' src='https:\/\/biblioteka-gabin.pl\/wp-content\/uploads\/archive\/galleries\/493\/35115950414342566640664278179836808870144419n-46dfe6871b.jpg'><\/a><br \/>\n<a href='https:\/\/biblioteka-gabin.pl\/wp-content\/uploads\/archive\/galleries\/493\/3522976609400244139311607771714539343543379n-fc592aceee.jpg'><img style='max-height:300px;' src='https:\/\/biblioteka-gabin.pl\/wp-content\/uploads\/archive\/galleries\/493\/3522976609400244139311607771714539343543379n-fc592aceee.jpg'><\/a><br \/>\n<a href='https:\/\/biblioteka-gabin.pl\/wp-content\/uploads\/archive\/galleries\/493\/3521314337875930161653133210998775202201614n-ed2dcee7ca.jpg'><img style='max-height:300px;' src='https:\/\/biblioteka-gabin.pl\/wp-content\/uploads\/archive\/galleries\/493\/3521314337875930161653133210998775202201614n-ed2dcee7ca.jpg'><\/a><br \/>\n<a href='https:\/\/biblioteka-gabin.pl\/wp-content\/uploads\/archive\/galleries\/493\/35123263210587493517574415928949915989209225n-472027d3ef.jpg'><img style='max-height:300px;' src='https:\/\/biblioteka-gabin.pl\/wp-content\/uploads\/archive\/galleries\/493\/35123263210587493517574415928949915989209225n-472027d3ef.jpg'><\/a><br \/>\n<a href='https:\/\/biblioteka-gabin.pl\/wp-content\/uploads\/archive\/galleries\/493\/35111545416993878871761948536268596081026487n-9eeea3beb3.jpg'><img style='max-height:300px;' src='https:\/\/biblioteka-gabin.pl\/wp-content\/uploads\/archive\/galleries\/493\/35111545416993878871761948536268596081026487n-9eeea3beb3.jpg'><\/a><br \/>\n<a href='https:\/\/biblioteka-gabin.pl\/wp-content\/uploads\/archive\/galleries\/493\/3514451662258057903087892172175666697753905n-b38ca207bb.jpg'><img style='max-height:300px;' src='https:\/\/biblioteka-gabin.pl\/wp-content\/uploads\/archive\/galleries\/493\/3514451662258057903087892172175666697753905n-b38ca207bb.jpg'><\/a><br \/>\n<a href='https:\/\/biblioteka-gabin.pl\/wp-content\/uploads\/archive\/galleries\/493\/3522976609400244139311607771714539343543379n-f57f3e15f3.jpg'><img style='max-height:300px;' src='https:\/\/biblioteka-gabin.pl\/wp-content\/uploads\/archive\/galleries\/493\/3522976609400244139311607771714539343543379n-f57f3e15f3.jpg'><\/a><br \/>\n<a href='https:\/\/biblioteka-gabin.pl\/wp-content\/uploads\/archive\/galleries\/493\/3514384926930795294964261686135154880627828n-f6aa01c510.jpg'><img style='max-height:300px;' src='https:\/\/biblioteka-gabin.pl\/wp-content\/uploads\/archive\/galleries\/493\/3514384926930795294964261686135154880627828n-f6aa01c510.jpg'><\/a><br \/>\n<a href='https:\/\/biblioteka-gabin.pl\/wp-content\/uploads\/archive\/galleries\/493\/3526689549415923037315868001561275890536082n-380ab503c7.jpg'><img style='max-height:300px;' src='https:\/\/biblioteka-gabin.pl\/wp-content\/uploads\/archive\/galleries\/493\/3526689549415923037315868001561275890536082n-380ab503c7.jpg'><\/a><br \/>\n<a href='https:\/\/biblioteka-gabin.pl\/wp-content\/uploads\/archive\/galleries\/493\/351200372615841046950854148702224430365259n-7457e41847.jpg'><img style='max-height:300px;' src='https:\/\/biblioteka-gabin.pl\/wp-content\/uploads\/archive\/galleries\/493\/351200372615841046950854148702224430365259n-7457e41847.jpg'><\/a><br \/>\n<a href='https:\/\/biblioteka-gabin.pl\/wp-content\/uploads\/archive\/galleries\/493\/3523524752257986236389855678431245073443642n-72c4212c19.jpg'><img style='max-height:300px;' src='https:\/\/biblioteka-gabin.pl\/wp-content\/uploads\/archive\/galleries\/493\/3523524752257986236389855678431245073443642n-72c4212c19.jpg'><\/a><br \/>\n<a href='https:\/\/biblioteka-gabin.pl\/wp-content\/uploads\/archive\/galleries\/493\/3523524752257986236389855678431245073443642n-979354025a.jpg'><img style='max-height:300px;' src='https:\/\/biblioteka-gabin.pl\/wp-content\/uploads\/archive\/galleries\/493\/3523524752257986236389855678431245073443642n-979354025a.jpg'><\/a><br \/>\n<a href='https:\/\/biblioteka-gabin.pl\/wp-content\/uploads\/archive\/galleries\/493\/35157889335572765712174156164971394994895398n-24f8447047.jpg'><img style='max-height:300px;' src='https:\/\/biblioteka-gabin.pl\/wp-content\/uploads\/archive\/galleries\/493\/35157889335572765712174156164971394994895398n-24f8447047.jpg'><\/a><br \/>\n<a href='https:\/\/biblioteka-gabin.pl\/wp-content\/uploads\/archive\/galleries\/493\/3524164972893507701993231465988506837582481n-18c255be7e.jpg'><img style='max-height:300px;' src='https:\/\/biblioteka-gabin.pl\/wp-content\/uploads\/archive\/galleries\/493\/3524164972893507701993231465988506837582481n-18c255be7e.jpg'><\/a><br \/>\n<a href='https:\/\/biblioteka-gabin.pl\/wp-content\/uploads\/archive\/galleries\/493\/3512326351620728500589755391385437734212256n-07470608d9.jpg'><img style='max-height:300px;' src='https:\/\/biblioteka-gabin.pl\/wp-content\/uploads\/archive\/galleries\/493\/3512326351620728500589755391385437734212256n-07470608d9.jpg'><\/a><\/p>\n","protected":false},"excerpt":{"rendered":"<p>Dzisiejsza moja wizyta w Przedszkolu w Podlasiu przebiega\u0142a nieco inaczej<\/p>\n","protected":false},"author":1,"featured_media":0,"comment_status":"open","ping_status":"open","sticky":false,"template":"","format":"standard","meta":{"footnotes":""},"categories":[36],"tags":[],"class_list":["post-8256","post","type-post","status-publish","format-standard","hentry","category-main"],"yoast_head":"<!-- This site is optimized with the Yoast SEO plugin v27.4 - https:\/\/yoast.com\/product\/yoast-seo-wordpress\/ -->\n<title>Ostatnie przedwakacyjne &quot;Spotkanie z bajk\u0105&quot; w Przedszkolu w Podlasiu( 14.06.2023) - Miejsko-Gminna Biblioteka Publiczna w G\u0105binie<\/title>\n<meta name=\"robots\" content=\"index, follow, max-snippet:-1, max-image-preview:large, max-video-preview:-1\" \/>\n<link rel=\"canonical\" href=\"http:\/\/biblioteka-gabin.pl\/index.php\/2023\/06\/14\/ostatnie-przedwakacyjne-spotkanie-z-bajka-w-przedszkolu-w-podlasiu-14-06-2023\/\" \/>\n<meta property=\"og:locale\" content=\"pl_PL\" \/>\n<meta property=\"og:type\" content=\"article\" \/>\n<meta property=\"og:title\" content=\"Ostatnie przedwakacyjne &quot;Spotkanie z bajk\u0105&quot; w Przedszkolu w Podlasiu( 14.06.2023) - Miejsko-Gminna Biblioteka Publiczna w G\u0105binie\" \/>\n<meta property=\"og:description\" content=\"Dzisiejsza moja wizyta w Przedszkolu w Podlasiu przebiega\u0142a nieco inaczej\" \/>\n<meta property=\"og:url\" content=\"http:\/\/biblioteka-gabin.pl\/index.php\/2023\/06\/14\/ostatnie-przedwakacyjne-spotkanie-z-bajka-w-przedszkolu-w-podlasiu-14-06-2023\/\" \/>\n<meta property=\"og:site_name\" content=\"Miejsko-Gminna Biblioteka Publiczna w G\u0105binie\" \/>\n<meta property=\"article:publisher\" content=\"https:\/\/www.facebook.com\/bibliotekagabin\" \/>\n<meta property=\"article:published_time\" content=\"2023-06-14T00:00:00+00:00\" \/>\n<meta property=\"og:image\" content=\"https:\/\/biblioteka-gabin.pl\/wp-content\/uploads\/archive\/pliki\/obraz\/2023_\/czerwiec\/354362016_636146651485141_5305119837498598112_n.jpg\" \/>\n<meta name=\"author\" content=\"admin\" \/>\n<meta name=\"twitter:card\" content=\"summary_large_image\" \/>\n<meta name=\"twitter:label1\" content=\"Napisane przez\" \/>\n\t<meta name=\"twitter:data1\" content=\"admin\" \/>\n\t<meta name=\"twitter:label2\" content=\"Szacowany czas czytania\" \/>\n\t<meta name=\"twitter:data2\" content=\"1 minuta\" \/>\n<script type=\"application\/ld+json\" class=\"yoast-schema-graph\">{\"@context\":\"https:\\\/\\\/schema.org\",\"@graph\":[{\"@type\":\"Article\",\"@id\":\"http:\\\/\\\/biblioteka-gabin.pl\\\/index.php\\\/2023\\\/06\\\/14\\\/ostatnie-przedwakacyjne-spotkanie-z-bajka-w-przedszkolu-w-podlasiu-14-06-2023\\\/#article\",\"isPartOf\":{\"@id\":\"http:\\\/\\\/biblioteka-gabin.pl\\\/index.php\\\/2023\\\/06\\\/14\\\/ostatnie-przedwakacyjne-spotkanie-z-bajka-w-przedszkolu-w-podlasiu-14-06-2023\\\/\"},\"author\":{\"name\":\"admin\",\"@id\":\"https:\\\/\\\/biblioteka-gabin.pl\\\/#\\\/schema\\\/person\\\/2067b97c24663d987ef6ef95bed7c99a\"},\"headline\":\"Ostatnie przedwakacyjne &#8222;Spotkanie z bajk\u0105&#8221; w Przedszkolu w Podlasiu( 14.06.2023)\",\"datePublished\":\"2023-06-14T00:00:00+00:00\",\"mainEntityOfPage\":{\"@id\":\"http:\\\/\\\/biblioteka-gabin.pl\\\/index.php\\\/2023\\\/06\\\/14\\\/ostatnie-przedwakacyjne-spotkanie-z-bajka-w-przedszkolu-w-podlasiu-14-06-2023\\\/\"},\"wordCount\":233,\"commentCount\":0,\"publisher\":{\"@id\":\"https:\\\/\\\/biblioteka-gabin.pl\\\/#organization\"},\"image\":{\"@id\":\"http:\\\/\\\/biblioteka-gabin.pl\\\/index.php\\\/2023\\\/06\\\/14\\\/ostatnie-przedwakacyjne-spotkanie-z-bajka-w-przedszkolu-w-podlasiu-14-06-2023\\\/#primaryimage\"},\"thumbnailUrl\":\"https:\\\/\\\/biblioteka-gabin.pl\\\/wp-content\\\/uploads\\\/archive\\\/pliki\\\/obraz\\\/2023_\\\/czerwiec\\\/354362016_636146651485141_5305119837498598112_n.jpg\",\"articleSection\":[\"Main\"],\"inLanguage\":\"pl-PL\",\"potentialAction\":[{\"@type\":\"CommentAction\",\"name\":\"Comment\",\"target\":[\"http:\\\/\\\/biblioteka-gabin.pl\\\/index.php\\\/2023\\\/06\\\/14\\\/ostatnie-przedwakacyjne-spotkanie-z-bajka-w-przedszkolu-w-podlasiu-14-06-2023\\\/#respond\"]}]},{\"@type\":\"WebPage\",\"@id\":\"http:\\\/\\\/biblioteka-gabin.pl\\\/index.php\\\/2023\\\/06\\\/14\\\/ostatnie-przedwakacyjne-spotkanie-z-bajka-w-przedszkolu-w-podlasiu-14-06-2023\\\/\",\"url\":\"http:\\\/\\\/biblioteka-gabin.pl\\\/index.php\\\/2023\\\/06\\\/14\\\/ostatnie-przedwakacyjne-spotkanie-z-bajka-w-przedszkolu-w-podlasiu-14-06-2023\\\/\",\"name\":\"Ostatnie przedwakacyjne \\\"Spotkanie z bajk\u0105\\\" w Przedszkolu w Podlasiu( 14.06.2023) - Miejsko-Gminna Biblioteka Publiczna w G\u0105binie\",\"isPartOf\":{\"@id\":\"https:\\\/\\\/biblioteka-gabin.pl\\\/#website\"},\"primaryImageOfPage\":{\"@id\":\"http:\\\/\\\/biblioteka-gabin.pl\\\/index.php\\\/2023\\\/06\\\/14\\\/ostatnie-przedwakacyjne-spotkanie-z-bajka-w-przedszkolu-w-podlasiu-14-06-2023\\\/#primaryimage\"},\"image\":{\"@id\":\"http:\\\/\\\/biblioteka-gabin.pl\\\/index.php\\\/2023\\\/06\\\/14\\\/ostatnie-przedwakacyjne-spotkanie-z-bajka-w-przedszkolu-w-podlasiu-14-06-2023\\\/#primaryimage\"},\"thumbnailUrl\":\"https:\\\/\\\/biblioteka-gabin.pl\\\/wp-content\\\/uploads\\\/archive\\\/pliki\\\/obraz\\\/2023_\\\/czerwiec\\\/354362016_636146651485141_5305119837498598112_n.jpg\",\"datePublished\":\"2023-06-14T00:00:00+00:00\",\"breadcrumb\":{\"@id\":\"http:\\\/\\\/biblioteka-gabin.pl\\\/index.php\\\/2023\\\/06\\\/14\\\/ostatnie-przedwakacyjne-spotkanie-z-bajka-w-przedszkolu-w-podlasiu-14-06-2023\\\/#breadcrumb\"},\"inLanguage\":\"pl-PL\",\"potentialAction\":[{\"@type\":\"ReadAction\",\"target\":[\"http:\\\/\\\/biblioteka-gabin.pl\\\/index.php\\\/2023\\\/06\\\/14\\\/ostatnie-przedwakacyjne-spotkanie-z-bajka-w-przedszkolu-w-podlasiu-14-06-2023\\\/\"]}]},{\"@type\":\"ImageObject\",\"inLanguage\":\"pl-PL\",\"@id\":\"http:\\\/\\\/biblioteka-gabin.pl\\\/index.php\\\/2023\\\/06\\\/14\\\/ostatnie-przedwakacyjne-spotkanie-z-bajka-w-przedszkolu-w-podlasiu-14-06-2023\\\/#primaryimage\",\"url\":\"https:\\\/\\\/biblioteka-gabin.pl\\\/wp-content\\\/uploads\\\/archive\\\/pliki\\\/obraz\\\/2023_\\\/czerwiec\\\/354362016_636146651485141_5305119837498598112_n.jpg\",\"contentUrl\":\"https:\\\/\\\/biblioteka-gabin.pl\\\/wp-content\\\/uploads\\\/archive\\\/pliki\\\/obraz\\\/2023_\\\/czerwiec\\\/354362016_636146651485141_5305119837498598112_n.jpg\"},{\"@type\":\"BreadcrumbList\",\"@id\":\"http:\\\/\\\/biblioteka-gabin.pl\\\/index.php\\\/2023\\\/06\\\/14\\\/ostatnie-przedwakacyjne-spotkanie-z-bajka-w-przedszkolu-w-podlasiu-14-06-2023\\\/#breadcrumb\",\"itemListElement\":[{\"@type\":\"ListItem\",\"position\":1,\"name\":\"Strona g\u0142\u00f3wna\",\"item\":\"https:\\\/\\\/biblioteka-gabin.pl\\\/\"},{\"@type\":\"ListItem\",\"position\":2,\"name\":\"Ostatnie przedwakacyjne &#8222;Spotkanie z bajk\u0105&#8221; w Przedszkolu w Podlasiu( 14.06.2023)\"}]},{\"@type\":\"WebSite\",\"@id\":\"https:\\\/\\\/biblioteka-gabin.pl\\\/#website\",\"url\":\"https:\\\/\\\/biblioteka-gabin.pl\\\/\",\"name\":\"Miejsko-Gminna Biblioteka Publiczna w G\u0105binie\",\"description\":\"\",\"publisher\":{\"@id\":\"https:\\\/\\\/biblioteka-gabin.pl\\\/#organization\"},\"potentialAction\":[{\"@type\":\"SearchAction\",\"target\":{\"@type\":\"EntryPoint\",\"urlTemplate\":\"https:\\\/\\\/biblioteka-gabin.pl\\\/?s={search_term_string}\"},\"query-input\":{\"@type\":\"PropertyValueSpecification\",\"valueRequired\":true,\"valueName\":\"search_term_string\"}}],\"inLanguage\":\"pl-PL\"},{\"@type\":\"Organization\",\"@id\":\"https:\\\/\\\/biblioteka-gabin.pl\\\/#organization\",\"name\":\"Miejsko-Gminna Biblioteka Publiczna w G\u0105binie\",\"url\":\"https:\\\/\\\/biblioteka-gabin.pl\\\/\",\"logo\":{\"@type\":\"ImageObject\",\"inLanguage\":\"pl-PL\",\"@id\":\"https:\\\/\\\/biblioteka-gabin.pl\\\/#\\\/schema\\\/logo\\\/image\\\/\",\"url\":\"https:\\\/\\\/biblioteka-gabin.pl\\\/wp-content\\\/uploads\\\/2025\\\/03\\\/logo-biblioteka-2-1657013691-1.jpg\",\"contentUrl\":\"https:\\\/\\\/biblioteka-gabin.pl\\\/wp-content\\\/uploads\\\/2025\\\/03\\\/logo-biblioteka-2-1657013691-1.jpg\",\"width\":1600,\"height\":772,\"caption\":\"Miejsko-Gminna Biblioteka Publiczna w G\u0105binie\"},\"image\":{\"@id\":\"https:\\\/\\\/biblioteka-gabin.pl\\\/#\\\/schema\\\/logo\\\/image\\\/\"},\"sameAs\":[\"https:\\\/\\\/www.facebook.com\\\/bibliotekagabin\",\"https:\\\/\\\/www.youtube.com\\\/@mgbpgabin9392\"]},{\"@type\":\"Person\",\"@id\":\"https:\\\/\\\/biblioteka-gabin.pl\\\/#\\\/schema\\\/person\\\/2067b97c24663d987ef6ef95bed7c99a\",\"name\":\"admin\",\"image\":{\"@type\":\"ImageObject\",\"inLanguage\":\"pl-PL\",\"@id\":\"https:\\\/\\\/secure.gravatar.com\\\/avatar\\\/e1843904e97b4e376a0fc90ae10372cd31bce9b207a7a3d2ca68fc7ca7e4174c?s=96&d=mm&r=g\",\"url\":\"https:\\\/\\\/secure.gravatar.com\\\/avatar\\\/e1843904e97b4e376a0fc90ae10372cd31bce9b207a7a3d2ca68fc7ca7e4174c?s=96&d=mm&r=g\",\"contentUrl\":\"https:\\\/\\\/secure.gravatar.com\\\/avatar\\\/e1843904e97b4e376a0fc90ae10372cd31bce9b207a7a3d2ca68fc7ca7e4174c?s=96&d=mm&r=g\",\"caption\":\"admin\"},\"sameAs\":[\"http:\\\/\\\/strona.biblioteka-gabin.pl\"],\"url\":\"https:\\\/\\\/biblioteka-gabin.pl\\\/index.php\\\/author\\\/admin\\\/\"}]}<\/script>\n<!-- \/ Yoast SEO plugin. -->","yoast_head_json":{"title":"Ostatnie przedwakacyjne \"Spotkanie z bajk\u0105\" w Przedszkolu w Podlasiu( 14.06.2023) - Miejsko-Gminna Biblioteka Publiczna w G\u0105binie","robots":{"index":"index","follow":"follow","max-snippet":"max-snippet:-1","max-image-preview":"max-image-preview:large","max-video-preview":"max-video-preview:-1"},"canonical":"http:\/\/biblioteka-gabin.pl\/index.php\/2023\/06\/14\/ostatnie-przedwakacyjne-spotkanie-z-bajka-w-przedszkolu-w-podlasiu-14-06-2023\/","og_locale":"pl_PL","og_type":"article","og_title":"Ostatnie przedwakacyjne \"Spotkanie z bajk\u0105\" w Przedszkolu w Podlasiu( 14.06.2023) - Miejsko-Gminna Biblioteka Publiczna w G\u0105binie","og_description":"Dzisiejsza moja wizyta w Przedszkolu w Podlasiu przebiega\u0142a nieco inaczej","og_url":"http:\/\/biblioteka-gabin.pl\/index.php\/2023\/06\/14\/ostatnie-przedwakacyjne-spotkanie-z-bajka-w-przedszkolu-w-podlasiu-14-06-2023\/","og_site_name":"Miejsko-Gminna Biblioteka Publiczna w G\u0105binie","article_publisher":"https:\/\/www.facebook.com\/bibliotekagabin","article_published_time":"2023-06-14T00:00:00+00:00","og_image":[{"url":"https:\/\/biblioteka-gabin.pl\/wp-content\/uploads\/archive\/pliki\/obraz\/2023_\/czerwiec\/354362016_636146651485141_5305119837498598112_n.jpg","type":"","width":"","height":""}],"author":"admin","twitter_card":"summary_large_image","twitter_misc":{"Napisane przez":"admin","Szacowany czas czytania":"1 minuta"},"schema":{"@context":"https:\/\/schema.org","@graph":[{"@type":"Article","@id":"http:\/\/biblioteka-gabin.pl\/index.php\/2023\/06\/14\/ostatnie-przedwakacyjne-spotkanie-z-bajka-w-przedszkolu-w-podlasiu-14-06-2023\/#article","isPartOf":{"@id":"http:\/\/biblioteka-gabin.pl\/index.php\/2023\/06\/14\/ostatnie-przedwakacyjne-spotkanie-z-bajka-w-przedszkolu-w-podlasiu-14-06-2023\/"},"author":{"name":"admin","@id":"https:\/\/biblioteka-gabin.pl\/#\/schema\/person\/2067b97c24663d987ef6ef95bed7c99a"},"headline":"Ostatnie przedwakacyjne &#8222;Spotkanie z bajk\u0105&#8221; w Przedszkolu w Podlasiu( 14.06.2023)","datePublished":"2023-06-14T00:00:00+00:00","mainEntityOfPage":{"@id":"http:\/\/biblioteka-gabin.pl\/index.php\/2023\/06\/14\/ostatnie-przedwakacyjne-spotkanie-z-bajka-w-przedszkolu-w-podlasiu-14-06-2023\/"},"wordCount":233,"commentCount":0,"publisher":{"@id":"https:\/\/biblioteka-gabin.pl\/#organization"},"image":{"@id":"http:\/\/biblioteka-gabin.pl\/index.php\/2023\/06\/14\/ostatnie-przedwakacyjne-spotkanie-z-bajka-w-przedszkolu-w-podlasiu-14-06-2023\/#primaryimage"},"thumbnailUrl":"https:\/\/biblioteka-gabin.pl\/wp-content\/uploads\/archive\/pliki\/obraz\/2023_\/czerwiec\/354362016_636146651485141_5305119837498598112_n.jpg","articleSection":["Main"],"inLanguage":"pl-PL","potentialAction":[{"@type":"CommentAction","name":"Comment","target":["http:\/\/biblioteka-gabin.pl\/index.php\/2023\/06\/14\/ostatnie-przedwakacyjne-spotkanie-z-bajka-w-przedszkolu-w-podlasiu-14-06-2023\/#respond"]}]},{"@type":"WebPage","@id":"http:\/\/biblioteka-gabin.pl\/index.php\/2023\/06\/14\/ostatnie-przedwakacyjne-spotkanie-z-bajka-w-przedszkolu-w-podlasiu-14-06-2023\/","url":"http:\/\/biblioteka-gabin.pl\/index.php\/2023\/06\/14\/ostatnie-przedwakacyjne-spotkanie-z-bajka-w-przedszkolu-w-podlasiu-14-06-2023\/","name":"Ostatnie przedwakacyjne \"Spotkanie z bajk\u0105\" w Przedszkolu w Podlasiu( 14.06.2023) - Miejsko-Gminna Biblioteka Publiczna w G\u0105binie","isPartOf":{"@id":"https:\/\/biblioteka-gabin.pl\/#website"},"primaryImageOfPage":{"@id":"http:\/\/biblioteka-gabin.pl\/index.php\/2023\/06\/14\/ostatnie-przedwakacyjne-spotkanie-z-bajka-w-przedszkolu-w-podlasiu-14-06-2023\/#primaryimage"},"image":{"@id":"http:\/\/biblioteka-gabin.pl\/index.php\/2023\/06\/14\/ostatnie-przedwakacyjne-spotkanie-z-bajka-w-przedszkolu-w-podlasiu-14-06-2023\/#primaryimage"},"thumbnailUrl":"https:\/\/biblioteka-gabin.pl\/wp-content\/uploads\/archive\/pliki\/obraz\/2023_\/czerwiec\/354362016_636146651485141_5305119837498598112_n.jpg","datePublished":"2023-06-14T00:00:00+00:00","breadcrumb":{"@id":"http:\/\/biblioteka-gabin.pl\/index.php\/2023\/06\/14\/ostatnie-przedwakacyjne-spotkanie-z-bajka-w-przedszkolu-w-podlasiu-14-06-2023\/#breadcrumb"},"inLanguage":"pl-PL","potentialAction":[{"@type":"ReadAction","target":["http:\/\/biblioteka-gabin.pl\/index.php\/2023\/06\/14\/ostatnie-przedwakacyjne-spotkanie-z-bajka-w-przedszkolu-w-podlasiu-14-06-2023\/"]}]},{"@type":"ImageObject","inLanguage":"pl-PL","@id":"http:\/\/biblioteka-gabin.pl\/index.php\/2023\/06\/14\/ostatnie-przedwakacyjne-spotkanie-z-bajka-w-przedszkolu-w-podlasiu-14-06-2023\/#primaryimage","url":"https:\/\/biblioteka-gabin.pl\/wp-content\/uploads\/archive\/pliki\/obraz\/2023_\/czerwiec\/354362016_636146651485141_5305119837498598112_n.jpg","contentUrl":"https:\/\/biblioteka-gabin.pl\/wp-content\/uploads\/archive\/pliki\/obraz\/2023_\/czerwiec\/354362016_636146651485141_5305119837498598112_n.jpg"},{"@type":"BreadcrumbList","@id":"http:\/\/biblioteka-gabin.pl\/index.php\/2023\/06\/14\/ostatnie-przedwakacyjne-spotkanie-z-bajka-w-przedszkolu-w-podlasiu-14-06-2023\/#breadcrumb","itemListElement":[{"@type":"ListItem","position":1,"name":"Strona g\u0142\u00f3wna","item":"https:\/\/biblioteka-gabin.pl\/"},{"@type":"ListItem","position":2,"name":"Ostatnie przedwakacyjne &#8222;Spotkanie z bajk\u0105&#8221; w Przedszkolu w Podlasiu( 14.06.2023)"}]},{"@type":"WebSite","@id":"https:\/\/biblioteka-gabin.pl\/#website","url":"https:\/\/biblioteka-gabin.pl\/","name":"Miejsko-Gminna Biblioteka Publiczna w G\u0105binie","description":"","publisher":{"@id":"https:\/\/biblioteka-gabin.pl\/#organization"},"potentialAction":[{"@type":"SearchAction","target":{"@type":"EntryPoint","urlTemplate":"https:\/\/biblioteka-gabin.pl\/?s={search_term_string}"},"query-input":{"@type":"PropertyValueSpecification","valueRequired":true,"valueName":"search_term_string"}}],"inLanguage":"pl-PL"},{"@type":"Organization","@id":"https:\/\/biblioteka-gabin.pl\/#organization","name":"Miejsko-Gminna Biblioteka Publiczna w G\u0105binie","url":"https:\/\/biblioteka-gabin.pl\/","logo":{"@type":"ImageObject","inLanguage":"pl-PL","@id":"https:\/\/biblioteka-gabin.pl\/#\/schema\/logo\/image\/","url":"https:\/\/biblioteka-gabin.pl\/wp-content\/uploads\/2025\/03\/logo-biblioteka-2-1657013691-1.jpg","contentUrl":"https:\/\/biblioteka-gabin.pl\/wp-content\/uploads\/2025\/03\/logo-biblioteka-2-1657013691-1.jpg","width":1600,"height":772,"caption":"Miejsko-Gminna Biblioteka Publiczna w G\u0105binie"},"image":{"@id":"https:\/\/biblioteka-gabin.pl\/#\/schema\/logo\/image\/"},"sameAs":["https:\/\/www.facebook.com\/bibliotekagabin","https:\/\/www.youtube.com\/@mgbpgabin9392"]},{"@type":"Person","@id":"https:\/\/biblioteka-gabin.pl\/#\/schema\/person\/2067b97c24663d987ef6ef95bed7c99a","name":"admin","image":{"@type":"ImageObject","inLanguage":"pl-PL","@id":"https:\/\/secure.gravatar.com\/avatar\/e1843904e97b4e376a0fc90ae10372cd31bce9b207a7a3d2ca68fc7ca7e4174c?s=96&d=mm&r=g","url":"https:\/\/secure.gravatar.com\/avatar\/e1843904e97b4e376a0fc90ae10372cd31bce9b207a7a3d2ca68fc7ca7e4174c?s=96&d=mm&r=g","contentUrl":"https:\/\/secure.gravatar.com\/avatar\/e1843904e97b4e376a0fc90ae10372cd31bce9b207a7a3d2ca68fc7ca7e4174c?s=96&d=mm&r=g","caption":"admin"},"sameAs":["http:\/\/strona.biblioteka-gabin.pl"],"url":"https:\/\/biblioteka-gabin.pl\/index.php\/author\/admin\/"}]}},"_links":{"self":[{"href":"https:\/\/biblioteka-gabin.pl\/index.php\/wp-json\/wp\/v2\/posts\/8256","targetHints":{"allow":["GET"]}}],"collection":[{"href":"https:\/\/biblioteka-gabin.pl\/index.php\/wp-json\/wp\/v2\/posts"}],"about":[{"href":"https:\/\/biblioteka-gabin.pl\/index.php\/wp-json\/wp\/v2\/types\/post"}],"author":[{"embeddable":true,"href":"https:\/\/biblioteka-gabin.pl\/index.php\/wp-json\/wp\/v2\/users\/1"}],"replies":[{"embeddable":true,"href":"https:\/\/biblioteka-gabin.pl\/index.php\/wp-json\/wp\/v2\/comments?post=8256"}],"version-history":[{"count":0,"href":"https:\/\/biblioteka-gabin.pl\/index.php\/wp-json\/wp\/v2\/posts\/8256\/revisions"}],"wp:attachment":[{"href":"https:\/\/biblioteka-gabin.pl\/index.php\/wp-json\/wp\/v2\/media?parent=8256"}],"wp:term":[{"taxonomy":"category","embeddable":true,"href":"https:\/\/biblioteka-gabin.pl\/index.php\/wp-json\/wp\/v2\/categories?post=8256"},{"taxonomy":"post_tag","embeddable":true,"href":"https:\/\/biblioteka-gabin.pl\/index.php\/wp-json\/wp\/v2\/tags?post=8256"}],"curies":[{"name":"wp","href":"https:\/\/api.w.org\/{rel}","templated":true}]}}