{"id":8261,"date":"2023-04-05T00:00:00","date_gmt":"2023-04-05T00:00:00","guid":{"rendered":"https:\/\/biblioteka-gabin.pl\/index.php\/2023\/04\/05\/patroni-2023-roku-w-kwietniu-80-rocznica-powstania-w-getcie-warszawskim\/"},"modified":"2023-04-05T00:00:00","modified_gmt":"2023-04-05T00:00:00","slug":"patroni-2023-roku-w-kwietniu-80-rocznica-powstania-w-getcie-warszawskim","status":"publish","type":"post","link":"https:\/\/biblioteka-gabin.pl\/index.php\/2023\/04\/05\/patroni-2023-roku-w-kwietniu-80-rocznica-powstania-w-getcie-warszawskim\/","title":{"rendered":",,Patroni 2023 roku&#8221; w kwietniu:  80. rocznica powstania w getcie warszawskim"},"content":{"rendered":"<p>Prezentujemy kolejn\u0105 wystawk\u0119 z cyklu ,,Patroni 2023 roku&#8221;, kt\u00f3rej tematem jest 80. rocznica wybuchu w getcie warszawskim. Ekspozycja przedstawia g\u0142\u00f3wnie cywil\u00f3w, kt\u00f3rzy w czasie zrywu 19 kwietnia 1943 r. walczyli z Niemcami. Materia\u0142y pochodz\u0105 z Muzeum Historii \u017byd\u00f3w Polskich.<br \/>\nInformacje od organizatora:<br \/>\nPowstanie w getcie warszawskim.<br \/>\nInformacje historyczne<br \/>\n19 kwietnia 1943 roku warszawscy \u017bydzi podj\u0119li walk\u0119 zbrojn\u0105 z Niemcami. Powsta\u0144cy nie mogli mie\u0107 nadziei na zwyci\u0119stwo. Kierowa\u0142a nimi ch\u0119\u0107 odwetu na Niemcach, zadania wrogowi mo\u017cliwie wysokich strat. Przede wszystkim wybierali jednak \u015bmier\u0107 z broni\u0105 w r\u0119ku. Wobec perspektywy nieuchronnej zag\u0142ady nie chcieli gin\u0105\u0107 biernie. Powstanie kwietniowe by\u0142o najwi\u0119kszym zbrojnym zrywem \u017byd\u00f3w podczas II wojny \u015bwiatowej, a zarazem pierwszym powstaniem miejskim w okupowanej Europie.<br \/>\nNagranie nie mo\u017ce by\u0107 wy\u015bwietlone<br \/>\nW utworzonym w 1940 roku getcie warszawskim Niemcy zamkn\u0119li ponad 400 tys. \u017byd\u00f3w; dziesi\u0105tki tysi\u0119cy z nich zmar\u0142y z chor\u00f3b i g\u0142odu. 22 lipca 1942 roku Niemcy rozpocz\u0119li deportacj\u0119 wi\u0119\u017ani\u00f3w getta do obozu zag\u0142ady w Treblince. Zgin\u0119\u0142o tam niemal 300 tys. warszawskich \u017byd\u00f3w. Jesieni\u0105 1942 roku w tzw. getcie szcz\u0105tkowym pozosta\u0142o ju\u017c tylko kilkadziesi\u0105t tysi\u0119cy \u017byd\u00f3w. Byli to g\u0142\u00f3wnie ludzie m\u0142odzi i w sile wieku, bez rodzin, zatrudnieni w niemieckich warsztatach produkcyjnych, tzw. szopach. W tych warunkach, gdy nie pozostawa\u0142o ju\u017c nic do stracenia, w\u015br\u00f3d \u017cydowskiej m\u0142odzie\u017cy narodzi\u0142a si\u0119 my\u015bl o zbrojnym oporze.<br \/>\n\u017bydowska Organizacja Bojowa<br \/>\nJeszcze podczas wielkiej akcji deportacyjnej, 28 lipca 1942 roku, dzia\u0142acze lewicowych syjonistycznych ruch\u00f3w m\u0142odzie\u017cowych powo\u0142ali \u017bydowsk\u0105 Organizacj\u0119 Bojow\u0105. P\u00f3\u017aniej do\u0142\u0105czyli do niej komuni\u015bci i socjali\u015bci. Na czele \u017bOB stan\u0105\u0142\u00a0Mordechaj Anielewicz<br \/>\nz Ha-Szomer ha-Cair, a do najbardziej znanych przyw\u00f3dc\u00f3w nale\u017celi Icchak Cukierman z Droru i Marek Edelman z socjalistycznej partii Bund. Drug\u0105 organizacj\u0105 konspiracyjn\u0105 w getcie warszawskim by\u0142 powsta\u0142y na prze\u0142omie 1942 i 1943 roku w \u015brodowisku prawicowych syjonist\u00f3w \u017bydowski Zwi\u0105zek Wojskowy, kierowany przez Leona Rodala i Paw\u0142a Frenkla.<br \/>\nKiedy 18 stycznia 1943 roku Niemcy rozpocz\u0119li kolejn\u0105 akcj\u0119 wysiedle\u0144cz\u0105, napotkali na spontaniczny zbrojny op\u00f3r bojowc\u00f3w \u017bOB.<br \/>\n&#8222;\u017bydzi! Okupant przyst\u0119puje do drugiego aktu waszej zag\u0142ady! Nie id\u017acie bezwolnie na \u015bmier\u0107! Bro\u0144cie si\u0119!&#8221; \u2013 g\u0142osi\u0142a ulotka \u017bOB.<br \/>\nOdmienna ni\u017c w 1942 by\u0142a te\u017c postawa ludno\u015bci cywilnej, kt\u00f3ra w r\u00f3\u017cnych kryj\u00f3wkach szuka\u0142a ratunku przed deportacj\u0105. Czterodniowa akcja samoobrony wzbudzi\u0142a wiar\u0119, \u017ce bierny i czynny op\u00f3r daj\u0105 szans\u0119 ocalenia. Po styczniu 1943 roku w getcie gor\u0105czkowo przyst\u0105piono do budowy bunkr\u00f3w i innych kryj\u00f3wek. Ogromnie wzr\u00f3s\u0142 te\u017c autorytet \u017bydowskiej Organizacji Bojowej.\u00a0<br \/>\nWybuch powstania w getcie<br \/>\nGdy 19 kwietnia 1943 roku, w przeddzie\u0144 \u015bwi\u0119ta Pesach, niemieckie oddzia\u0142y wspierane przez czo\u0142gi i wozy pancerne ponownie wesz\u0142y do getta, by je ostatecznie zlikwidowa\u0107, do walki z nimi stan\u0119\u0142o oko\u0142o 300-500 cz\u0142onk\u00f3w \u017bOB podzielonych na 22 grupy bojowe pod zwierzchnim dow\u00f3dztwem Anielewicza oraz oko\u0142o 250 bojowc\u00f3w \u017bZW, a tak\u017ce lu\u017ane uzbrojone grupy, nienale\u017c\u0105ce do g\u0142\u00f3wnych organizacji konspiracyjnych. Po stronie niemieckiej codziennie w akcji bojowej uczestniczy\u0142o ponad tysi\u0105c \u017co\u0142nierzy Waffen-SS i policjant\u00f3w.<br \/>\nPierwszy op\u00f3r Niemcom stawili bojowcy \u017bOB na skrzy\u017cowaniach G\u0119siej i Nalewek oraz Mi\u0142ej i Zamenhofa, gdzie z pozycji na pi\u0119trach dom\u00f3w ostrzelali i obrzucili granatami i butelkami z benzyn\u0105 wkraczaj\u0105ce kolumny niemieckie. Po po\u0142udniu 19 kwietnia rozgorza\u0142y walki o pl. Muranowski broniony przez zgrupowanie \u017bZW pod dow\u00f3dztwem Paw\u0142a Frenkla. Trwa\u0142y one przez nast\u0119pne trzy dni. Symbolem powstania sta\u0142y si\u0119 flagi\u00a0\u2013 syjonistyczna z gwiazd\u0105 Dawida i polska bia\u0142o-czerwona, wywieszone przez bojowc\u00f3w \u017bZW na wysokiej kamienicy przy pl. Muranowskim. Od 20 kwietnia walki na terenie szopu szczotkarzy toczyli bojowcy \u017bOB dowodzeni przez\u00a0Marka Edelmana.\u00a0Uda\u0142o im si\u0119 powstrzyma\u0107 na jaki\u015b czas Niemc\u00f3w, detonuj\u0105c w pobli\u017cu bramy szopu specjaln\u0105 min\u0119. W pierwszym dniu powstania oddzia\u0142 dywersji AK podj\u0105\u0142 nieudan\u0105 pr\u00f3b\u0119 wysadzenia muru getta przy ul. Bonifraterskiej. Podczas powstania pod murami getta AK i GL przeprowadzi\u0142y jeszcze kilka akcji przeciwko Niemcom ostrzeliwuj\u0105cym pozycje powsta\u0144c\u00f3w.<br \/>\nRegularne walki w getcie toczy\u0142y si\u0119 zaledwie przez pierwsze kilka dni powstania. Kontynuacj\u0119 oporu utrudnia\u0142 powsta\u0144com brak amunicji oraz celowo wzniecane przez Niemc\u00f3w po\u017cary, kt\u00f3re zepchn\u0119\u0142y ich do bunkr\u00f3w i piwnic. Powsta\u0144cy chronili si\u0119 tam wraz z ludno\u015bci\u0105 cywiln\u0105, organizuj\u0105c wypady i zasadzki na penetruj\u0105cych getto Niemc\u00f3w. Walki mia\u0142y coraz bardziej szarpany charakter. Od ko\u0144ca kwietnia powsta\u0144cy za dnia kryli si\u0119 w bunkrach. Wychodzili w nocy i wtedy dochodzi\u0142o do wymiany ognia z niemieckimi patrolami. Walki z Niemcami mia\u0142y te\u017c miejsce w obronie wykrytych bunkr\u00f3w. Jedn\u0105 \u00a0z wi\u0119kszych takich bitew stoczyli 1-3 maja bojowcy z grupy Marka Edelmana.<br \/>\nKilkuset uzbrojonych powsta\u0144c\u00f3w stanowi\u0142o zaledwie u\u0142amek licz\u0105cej w kwietniu 1943 roku 45-50 tys. ludzi populacji getta. I to w\u0142a\u015bnie postawa ludno\u015bci cywilnej, kt\u00f3ra nie chcia\u0142a podporz\u0105dkowa\u0107 si\u0119 niemieckim rozkazom o wysiedleniu i z uporem trwa\u0142a<br \/>\nw bunkrach i kryj\u00f3wkach, przes\u0105dzi\u0142a to tym, \u017ce niemiecka akcja likwidacyjna trwa\u0142a a\u017c cztery tygodnie.<br \/>\nCelem Niemc\u00f3w by\u0142a deportacja robotnik\u00f3w szop\u00f3w do oboz\u00f3w pracy na Lubelszczy\u017anie, a &#8222;dzikich&#8221;, tj. niezatrudnionych \u017byd\u00f3w \u2013 na \u015bmier\u0107 do Treblinki. Powszechny bierny op\u00f3r ludno\u015bci by\u0142 dla nich zaskoczeniem. Zmuszeni byli systematycznie przeczesywa\u0107 kolejne kwarta\u0142y ulic. By wyp\u0119dzi\u0107 \u017byd\u00f3w z kryj\u00f3wek, zacz\u0119li podpala\u0107 dom po domu. Do wykrytych bunkr\u00f3w wrzucali \u015bwiece dymne<br \/>\ni niszczyli je przy pomocy materia\u0142\u00f3w wybuchowych. Schwytanych cywil\u00f3w p\u0119dzili na Umschlagplatz, sk\u0105d odchodzi\u0142y transporty do oboz\u00f3w (od 12 maja \u2013 tylko do Treblinki), a powsta\u0144c\u00f3w, ale te\u017c wielu cywil\u00f3w, zabijali na miejscu.<br \/>\nUkrywanie si\u0119 w podziemnych bunkrach by\u0142o skrajnym do\u015bwiadczeniem: zat\u0142oczenie, brak powietrza, \u015bwie\u017cej wody i \u017cywno\u015bci, gor\u0105co i zadymienie od szalej\u0105cych wok\u00f3\u0142 po\u017car\u00f3w, ci\u0105g\u0142e napi\u0119cie, konieczno\u015b\u0107 trwania w bezruchu i ciszy, by nie zdradzi\u0107 po\u0142o\u017cenia bunkra przez niemieckimi patrolami. Cz\u0119sto zamkni\u0119ci w bunkrach ludzie przez wiele dni nie mieli kontaktu ze \u015bwiatem zewn\u0119trznym. Jeszcze straszliwszy by\u0142 los ludzi przebywaj\u0105cych w kryj\u00f3wkach na pi\u0119trach podpalonych kamienic. Wielu osaczonych w ten spos\u00f3b decydowa\u0142o si\u0119 na samob\u00f3jczy skok na ulic\u0119 \u2013 w raporcie Stroopa znajduj\u0105 si\u0119 dokumentuj\u0105ce to fotografie. W po\u017carach, pod gruzami wal\u0105cych si\u0119 dom\u00f3w, w wysadzonych w powietrze lub zasypanych bunkrach zgin\u0119\u0142y tysi\u0105ce ludzi.\u00a0<br \/>\nDowodz\u0105cy si\u0142ami niemieckimi J\u00fcrgen Stroop poda\u0142 w swoim raporcie o zniszczeniu getta, \u017ce jego oddzia\u0142y uj\u0119\u0142y lub zabi\u0142y ponad 56 tys. \u017byd\u00f3w oraz wykry\u0142y 631 bunkr\u00f3w. Wed\u0142ug tego raportu Niemcy deportowali do oboz\u00f3w pracy na Lubelszczy\u017anie 36 tys. ludzi, pozostali zgin\u0119li na miejscu lub w komorach gazowych Treblinki. Podane przez Stroopa dane liczbowe s\u0105 bez w\u0105tpienia zawy\u017cone, lecz nie dysponujemy innymi. Jednocze\u015bnie po &#8222;aryjskiej stronie&#8221; muru getta Niemcy zintensyfikowali akcj\u0119 poszukiwania ukrywaj\u0105cych si\u0119 \u017byd\u00f3w, oferuj\u0105c za ich uj\u0119cie nagrody pieni\u0119\u017cne.<br \/>\nKoniec powstania i likwidacja getta warszawskiego<br \/>\nZaledwie kilkudziesi\u0119ciu powsta\u0144com uda\u0142o si\u0119 wydosta\u0107 kana\u0142ami i podziemnymi tunelami z p\u0142on\u0105cego getta. Wi\u0119kszo\u015b\u0107 z nich zgin\u0119\u0142a nast\u0119pnie w wyniku denuncjacji, cz\u0119\u015b\u0107 w walkach partyzanckich, niekt\u00f3rzy wzi\u0119li udzia\u0142 w powstaniu warszawskim w 1944 roku. 8 maja 1943 roku Niemcy wykryli bunkier dow\u00f3dztwa \u017bOB przy ul. Mi\u0142ej 18. Oko\u0142o stu bojowc\u00f3w, w\u015br\u00f3d nich Mordechaj Anielewicz, udusi\u0142o si\u0119 dymem lub pope\u0142ni\u0142o samob\u00f3jstwo, nie chc\u0105c wpa\u015b\u0107 w r\u0119ce Niemc\u00f3w.<br \/>\nJednak walki pojedynczych grup powsta\u0144czych, kt\u00f3re pozosta\u0142y w getcie, trwa\u0142y dalej.<br \/>\n16 maja, wobec coraz mniejszej liczby chwytanych \u017byd\u00f3w, Stroop zdecydowa\u0142 zako\u0144czy\u0107 swoj\u0105 akcj\u0119. Tego dnia wieczorem na znak zwyci\u0119stwa Niemcy wysadzili w powietrze znajduj\u0105c\u0105 si\u0119 poza terenem getta szcz\u0105tkowego Wielk\u0105 Synagog\u0119 przy<br \/>\nul. T\u0142omackie. Stroop zapisa\u0142 w swoim raporcie:<br \/>\n&#8222;\u017bydowska dzielnica mieszkaniowa w Warszawie ju\u017c nie istnieje!&#8221;.<br \/>\nAle w wypalonych domach i nieodkrytych bunkrach wci\u0105\u017c pozostali ludzie \u2013 zar\u00f3wno cywile, jak i nieliczni powsta\u0144cy. Zar\u00f3wno niemieckie raporty policyjne, jak i polska prasa konspiracyjna donosi\u0142y, \u017ce jeszcze w czerwcu na terenie getta rozlega\u0142y si\u0119 strza\u0142y. Niekt\u00f3rzy &#8222;gruzowcy&#8221; ukrywali si\u0119 w ruinach getta a\u017c do ko\u0144ca 1943 roku.<br \/>\nRocznic\u0119 powstania w getcie warszawskim upami\u0119tnia\u00a0akcja \u017bonkile organizowana corocznie 19 kwietnia. W 2023 roku kampania odbywa si\u0119 w ramach ca\u0142orocznego programu Muzeum POLIN\u00a0,,Nie b\u0105d\u017a oboj\u0119tny. 80. rocznica powstania w getcie warszawskim&#8221;.<br \/>\n***<br \/>\nAkcja spo\u0142eczno-edukacyjna \u017bonkile 2023<br \/>\nW\u0142\u0105czcie si\u0119 w jedenast\u0105 edycj\u0119 akcji spo\u0142eczno-edukacyjnej \u017bonkile upami\u0119tniaj\u0105cej 80. rocznic\u0119 wybuchu powstania w getcie warszawskim. 19 kwietnia przypnijcie \u017conkil na znak, \u017ce #\u0141\u0105czyNasPami\u0119\u0107, we\u017acie udzia\u0142 w organizowanych przez nas wydarzeniach, zobaczcie wystaw\u0119 czasow\u0105 &#8222;Wok\u00f3\u0142 nas morze ognia&#8221;.<br \/>\nW tym roku chcemy rozda\u0107 450 tysi\u0119cy papierowych kwiat\u00f3w. Liczba ta symbolizuje liczb\u0119 \u017byd\u00f3wek i \u017byd\u00f3w, kt\u00f3rzy byli zamkni\u0119ci w getcie warszawskim w momencie jego najwi\u0119kszego przeludnienia \u2013 wiosn\u0105 1941 roku. Pierwszy raz w historii akcji \u017bonkile wolontariusze b\u0119d\u0105 rozdawa\u0107 papierowe kwiaty na ulicach sze\u015bciu polskich miast: w Warszawie, \u0141odzi, Krakowie, Bia\u0142ymstoku, Lublinie i Wroc\u0142awiu.<br \/>\nAkcj\u0119 \u017bonkile wspieraj\u0105 Ambasadorzy i Ambasadorki: Wanda Traczyk-Stawska, Aleksandra \u017beborowska, Ralph Kaminski, Bartosz Gelner oraz nasi wspaniali wolontariusze \u2013 Patrycja, Kacper i Zygmunt. Do grona ambasador\u00f3w zaprosili\u015bmy r\u00f3wnie\u017c Grup\u0119 Granica, kt\u00f3ra w prowadzonych przez siebie dzia\u0142aniach na granicy polsko-bia\u0142oruskiej realizuje przypomniane przez Mariana Turskiego XI przykazanie &#8222;Nie b\u0105d\u017a oboj\u0119tny&#8221;.<br \/>\nHonorow\u0105 Ambasadork\u0105 akcji \u017bonkile zosta\u0142a Hanna Krall, pisarka i dziennikarka, autorka ksi\u0105\u017cki &#8222;Zd\u0105\u017cy\u0107 przed Panem Bogiem&#8221;. Na jej motywach stworzyli\u015bmy poruszaj\u0105c\u0105 animacj\u0119 dla uczni\u00f3w i uczennic \u2013 obejrzycie j\u0105 na naszym kanale YouTube.\u00a0<br \/>\nLosy ludno\u015bci cywilnej motywem przewodnim akcji \u017bonkile<br \/>\nSytuacja cywil\u00f3w przebywaj\u0105cych w czasie powstania w getcie warszawskim jest jednym z istotniejszych temat\u00f3w, kt\u00f3re chcemy poruszy\u0107 podczas ca\u0142orocznego programu towarzysz\u0105cego obchodom 80. rocznicy wybuchu powstania. R\u00f3wnie\u017c akcj\u0119 \u017bonkile dedykujemy cywilom \u2013 oko\u0142o 50 tysi\u0105com kobiet, m\u0119\u017cczyzn i dzieci przebywaj\u0105cych w kryj\u00f3wkach na strychach dom\u00f3w i podziemnych bunkrach w trakcie walk, a tak\u017ce w gruzach getta po upadku powstania. Przez wiele tygodni pozostawali nieuchwytni dla niemieckich \u017co\u0142nierzy, a ich op\u00f3r by\u0142 tak samo wa\u017cny, jak op\u00f3r tych, kt\u00f3rzy walczyli z broni\u0105 w r\u0119ku.<br \/>\nPostaramy si\u0119 przywr\u00f3ci\u0107 pami\u0119\u0107 o cywilach podczas organizowanych wydarze\u0144. Sprawd\u017a program \u2192https:\/\/www.polin.pl\/pl\/calendar<br \/>\nPrzygotowali\u015bmy r\u00f3wnie\u017c pakiet materia\u0142\u00f3w edukacyjnych dla ka\u017cdej grupy wiekowej dzieci i m\u0142odzie\u017cy, w tym opowiadania dla najm\u0142odszych oraz film animowany &#8222;Zd\u0105\u017cy\u0107 przed Panem Bogiem&#8221;. Materia\u0142y pomog\u0105 w\u0142\u0105czy\u0107 si\u0119 szko\u0142om w obchody 19 kwietnia. Wszystkie tre\u015bci b\u0119d\u0105 dost\u0119pne dla os\u00f3b z niepe\u0142nosprawno\u015bciami. Wi\u0119cej informacji na stronie Akcja \u017bonkile w szko\u0142ach, bibliotekach i instytucjach kultury.<br \/>\n\u017br\u00f3d\u0142o: Muzeum Historii \u017byd\u00f3w Polskich<br \/>\n<img src='https:\/\/biblioteka-gabin.pl\/wp-content\/uploads\/archive\/pliki\/obraz\/2023_\/kwiecie\/339974641_222885100328480_1710245088096711441_n.jpg'><br \/>\n<a href='https:\/\/biblioteka-gabin.pl\/wp-content\/uploads\/archive\/galleries\/465\/33938058816890853281786192804070886839678919n-62c2752207.jpg'><img style='max-height:300px;' src='https:\/\/biblioteka-gabin.pl\/wp-content\/uploads\/archive\/galleries\/465\/33938058816890853281786192804070886839678919n-62c2752207.jpg'><\/a><br \/>\n<a href='https:\/\/biblioteka-gabin.pl\/wp-content\/uploads\/archive\/galleries\/465\/33961957815048286333777921510227198403450049n-3285c7b40c.jpg'><img style='max-height:300px;' src='https:\/\/biblioteka-gabin.pl\/wp-content\/uploads\/archive\/galleries\/465\/33961957815048286333777921510227198403450049n-3285c7b40c.jpg'><\/a><\/p>\n","protected":false},"excerpt":{"rendered":"<p>Prezentujemy kolejn\u0105 wystawk\u0119 z cyklu ,,Patroni 2023 roku&#8221;, kt\u00f3rej tematem<\/p>\n","protected":false},"author":1,"featured_media":0,"comment_status":"open","ping_status":"open","sticky":false,"template":"","format":"standard","meta":{"footnotes":""},"categories":[36],"tags":[],"class_list":["post-8261","post","type-post","status-publish","format-standard","hentry","category-main"],"yoast_head":"<!-- This site is optimized with the Yoast SEO plugin v27.4 - https:\/\/yoast.com\/product\/yoast-seo-wordpress\/ -->\n<title>,,Patroni 2023 roku&quot; w kwietniu: 80. rocznica powstania w getcie warszawskim - Miejsko-Gminna Biblioteka Publiczna w G\u0105binie<\/title>\n<meta name=\"robots\" content=\"index, follow, max-snippet:-1, max-image-preview:large, max-video-preview:-1\" \/>\n<link rel=\"canonical\" href=\"https:\/\/biblioteka-gabin.pl\/index.php\/2023\/04\/05\/patroni-2023-roku-w-kwietniu-80-rocznica-powstania-w-getcie-warszawskim\/\" \/>\n<meta property=\"og:locale\" content=\"pl_PL\" \/>\n<meta property=\"og:type\" content=\"article\" \/>\n<meta property=\"og:title\" content=\",,Patroni 2023 roku&quot; w kwietniu: 80. rocznica powstania w getcie warszawskim - Miejsko-Gminna Biblioteka Publiczna w G\u0105binie\" \/>\n<meta property=\"og:description\" content=\"Prezentujemy kolejn\u0105 wystawk\u0119 z cyklu ,,Patroni 2023 roku&#8221;, kt\u00f3rej tematem\" \/>\n<meta property=\"og:url\" content=\"https:\/\/biblioteka-gabin.pl\/index.php\/2023\/04\/05\/patroni-2023-roku-w-kwietniu-80-rocznica-powstania-w-getcie-warszawskim\/\" \/>\n<meta property=\"og:site_name\" content=\"Miejsko-Gminna Biblioteka Publiczna w G\u0105binie\" \/>\n<meta property=\"article:publisher\" content=\"https:\/\/www.facebook.com\/bibliotekagabin\" \/>\n<meta property=\"article:published_time\" content=\"2023-04-05T00:00:00+00:00\" \/>\n<meta property=\"og:image\" content=\"https:\/\/biblioteka-gabin.pl\/wp-content\/uploads\/archive\/pliki\/obraz\/2023_\/kwiecie\/339974641_222885100328480_1710245088096711441_n.jpg\" \/>\n<meta name=\"author\" content=\"admin\" \/>\n<meta name=\"twitter:card\" content=\"summary_large_image\" \/>\n<meta name=\"twitter:label1\" content=\"Napisane przez\" \/>\n\t<meta name=\"twitter:data1\" content=\"admin\" \/>\n\t<meta name=\"twitter:label2\" content=\"Szacowany czas czytania\" \/>\n\t<meta name=\"twitter:data2\" content=\"9 minut\" \/>\n<script type=\"application\/ld+json\" class=\"yoast-schema-graph\">{\"@context\":\"https:\\\/\\\/schema.org\",\"@graph\":[{\"@type\":\"Article\",\"@id\":\"https:\\\/\\\/biblioteka-gabin.pl\\\/index.php\\\/2023\\\/04\\\/05\\\/patroni-2023-roku-w-kwietniu-80-rocznica-powstania-w-getcie-warszawskim\\\/#article\",\"isPartOf\":{\"@id\":\"https:\\\/\\\/biblioteka-gabin.pl\\\/index.php\\\/2023\\\/04\\\/05\\\/patroni-2023-roku-w-kwietniu-80-rocznica-powstania-w-getcie-warszawskim\\\/\"},\"author\":{\"name\":\"admin\",\"@id\":\"https:\\\/\\\/biblioteka-gabin.pl\\\/#\\\/schema\\\/person\\\/2067b97c24663d987ef6ef95bed7c99a\"},\"headline\":\",,Patroni 2023 roku&#8221; w kwietniu: 80. rocznica powstania w getcie warszawskim\",\"datePublished\":\"2023-04-05T00:00:00+00:00\",\"mainEntityOfPage\":{\"@id\":\"https:\\\/\\\/biblioteka-gabin.pl\\\/index.php\\\/2023\\\/04\\\/05\\\/patroni-2023-roku-w-kwietniu-80-rocznica-powstania-w-getcie-warszawskim\\\/\"},\"wordCount\":1878,\"commentCount\":0,\"publisher\":{\"@id\":\"https:\\\/\\\/biblioteka-gabin.pl\\\/#organization\"},\"image\":{\"@id\":\"https:\\\/\\\/biblioteka-gabin.pl\\\/index.php\\\/2023\\\/04\\\/05\\\/patroni-2023-roku-w-kwietniu-80-rocznica-powstania-w-getcie-warszawskim\\\/#primaryimage\"},\"thumbnailUrl\":\"https:\\\/\\\/biblioteka-gabin.pl\\\/wp-content\\\/uploads\\\/archive\\\/pliki\\\/obraz\\\/2023_\\\/kwiecie\\\/339974641_222885100328480_1710245088096711441_n.jpg\",\"articleSection\":[\"Main\"],\"inLanguage\":\"pl-PL\",\"potentialAction\":[{\"@type\":\"CommentAction\",\"name\":\"Comment\",\"target\":[\"https:\\\/\\\/biblioteka-gabin.pl\\\/index.php\\\/2023\\\/04\\\/05\\\/patroni-2023-roku-w-kwietniu-80-rocznica-powstania-w-getcie-warszawskim\\\/#respond\"]}]},{\"@type\":\"WebPage\",\"@id\":\"https:\\\/\\\/biblioteka-gabin.pl\\\/index.php\\\/2023\\\/04\\\/05\\\/patroni-2023-roku-w-kwietniu-80-rocznica-powstania-w-getcie-warszawskim\\\/\",\"url\":\"https:\\\/\\\/biblioteka-gabin.pl\\\/index.php\\\/2023\\\/04\\\/05\\\/patroni-2023-roku-w-kwietniu-80-rocznica-powstania-w-getcie-warszawskim\\\/\",\"name\":\",,Patroni 2023 roku\\\" w kwietniu: 80. rocznica powstania w getcie warszawskim - Miejsko-Gminna Biblioteka Publiczna w G\u0105binie\",\"isPartOf\":{\"@id\":\"https:\\\/\\\/biblioteka-gabin.pl\\\/#website\"},\"primaryImageOfPage\":{\"@id\":\"https:\\\/\\\/biblioteka-gabin.pl\\\/index.php\\\/2023\\\/04\\\/05\\\/patroni-2023-roku-w-kwietniu-80-rocznica-powstania-w-getcie-warszawskim\\\/#primaryimage\"},\"image\":{\"@id\":\"https:\\\/\\\/biblioteka-gabin.pl\\\/index.php\\\/2023\\\/04\\\/05\\\/patroni-2023-roku-w-kwietniu-80-rocznica-powstania-w-getcie-warszawskim\\\/#primaryimage\"},\"thumbnailUrl\":\"https:\\\/\\\/biblioteka-gabin.pl\\\/wp-content\\\/uploads\\\/archive\\\/pliki\\\/obraz\\\/2023_\\\/kwiecie\\\/339974641_222885100328480_1710245088096711441_n.jpg\",\"datePublished\":\"2023-04-05T00:00:00+00:00\",\"breadcrumb\":{\"@id\":\"https:\\\/\\\/biblioteka-gabin.pl\\\/index.php\\\/2023\\\/04\\\/05\\\/patroni-2023-roku-w-kwietniu-80-rocznica-powstania-w-getcie-warszawskim\\\/#breadcrumb\"},\"inLanguage\":\"pl-PL\",\"potentialAction\":[{\"@type\":\"ReadAction\",\"target\":[\"https:\\\/\\\/biblioteka-gabin.pl\\\/index.php\\\/2023\\\/04\\\/05\\\/patroni-2023-roku-w-kwietniu-80-rocznica-powstania-w-getcie-warszawskim\\\/\"]}]},{\"@type\":\"ImageObject\",\"inLanguage\":\"pl-PL\",\"@id\":\"https:\\\/\\\/biblioteka-gabin.pl\\\/index.php\\\/2023\\\/04\\\/05\\\/patroni-2023-roku-w-kwietniu-80-rocznica-powstania-w-getcie-warszawskim\\\/#primaryimage\",\"url\":\"https:\\\/\\\/biblioteka-gabin.pl\\\/wp-content\\\/uploads\\\/archive\\\/pliki\\\/obraz\\\/2023_\\\/kwiecie\\\/339974641_222885100328480_1710245088096711441_n.jpg\",\"contentUrl\":\"https:\\\/\\\/biblioteka-gabin.pl\\\/wp-content\\\/uploads\\\/archive\\\/pliki\\\/obraz\\\/2023_\\\/kwiecie\\\/339974641_222885100328480_1710245088096711441_n.jpg\"},{\"@type\":\"BreadcrumbList\",\"@id\":\"https:\\\/\\\/biblioteka-gabin.pl\\\/index.php\\\/2023\\\/04\\\/05\\\/patroni-2023-roku-w-kwietniu-80-rocznica-powstania-w-getcie-warszawskim\\\/#breadcrumb\",\"itemListElement\":[{\"@type\":\"ListItem\",\"position\":1,\"name\":\"Strona g\u0142\u00f3wna\",\"item\":\"https:\\\/\\\/biblioteka-gabin.pl\\\/\"},{\"@type\":\"ListItem\",\"position\":2,\"name\":\",,Patroni 2023 roku&#8221; w kwietniu: 80. rocznica powstania w getcie warszawskim\"}]},{\"@type\":\"WebSite\",\"@id\":\"https:\\\/\\\/biblioteka-gabin.pl\\\/#website\",\"url\":\"https:\\\/\\\/biblioteka-gabin.pl\\\/\",\"name\":\"Miejsko-Gminna Biblioteka Publiczna w G\u0105binie\",\"description\":\"\",\"publisher\":{\"@id\":\"https:\\\/\\\/biblioteka-gabin.pl\\\/#organization\"},\"potentialAction\":[{\"@type\":\"SearchAction\",\"target\":{\"@type\":\"EntryPoint\",\"urlTemplate\":\"https:\\\/\\\/biblioteka-gabin.pl\\\/?s={search_term_string}\"},\"query-input\":{\"@type\":\"PropertyValueSpecification\",\"valueRequired\":true,\"valueName\":\"search_term_string\"}}],\"inLanguage\":\"pl-PL\"},{\"@type\":\"Organization\",\"@id\":\"https:\\\/\\\/biblioteka-gabin.pl\\\/#organization\",\"name\":\"Miejsko-Gminna Biblioteka Publiczna w G\u0105binie\",\"url\":\"https:\\\/\\\/biblioteka-gabin.pl\\\/\",\"logo\":{\"@type\":\"ImageObject\",\"inLanguage\":\"pl-PL\",\"@id\":\"https:\\\/\\\/biblioteka-gabin.pl\\\/#\\\/schema\\\/logo\\\/image\\\/\",\"url\":\"https:\\\/\\\/biblioteka-gabin.pl\\\/wp-content\\\/uploads\\\/2025\\\/03\\\/logo-biblioteka-2-1657013691-1.jpg\",\"contentUrl\":\"https:\\\/\\\/biblioteka-gabin.pl\\\/wp-content\\\/uploads\\\/2025\\\/03\\\/logo-biblioteka-2-1657013691-1.jpg\",\"width\":1600,\"height\":772,\"caption\":\"Miejsko-Gminna Biblioteka Publiczna w G\u0105binie\"},\"image\":{\"@id\":\"https:\\\/\\\/biblioteka-gabin.pl\\\/#\\\/schema\\\/logo\\\/image\\\/\"},\"sameAs\":[\"https:\\\/\\\/www.facebook.com\\\/bibliotekagabin\",\"https:\\\/\\\/www.youtube.com\\\/@mgbpgabin9392\"]},{\"@type\":\"Person\",\"@id\":\"https:\\\/\\\/biblioteka-gabin.pl\\\/#\\\/schema\\\/person\\\/2067b97c24663d987ef6ef95bed7c99a\",\"name\":\"admin\",\"image\":{\"@type\":\"ImageObject\",\"inLanguage\":\"pl-PL\",\"@id\":\"https:\\\/\\\/secure.gravatar.com\\\/avatar\\\/e1843904e97b4e376a0fc90ae10372cd31bce9b207a7a3d2ca68fc7ca7e4174c?s=96&d=mm&r=g\",\"url\":\"https:\\\/\\\/secure.gravatar.com\\\/avatar\\\/e1843904e97b4e376a0fc90ae10372cd31bce9b207a7a3d2ca68fc7ca7e4174c?s=96&d=mm&r=g\",\"contentUrl\":\"https:\\\/\\\/secure.gravatar.com\\\/avatar\\\/e1843904e97b4e376a0fc90ae10372cd31bce9b207a7a3d2ca68fc7ca7e4174c?s=96&d=mm&r=g\",\"caption\":\"admin\"},\"sameAs\":[\"http:\\\/\\\/strona.biblioteka-gabin.pl\"],\"url\":\"https:\\\/\\\/biblioteka-gabin.pl\\\/index.php\\\/author\\\/admin\\\/\"}]}<\/script>\n<!-- \/ Yoast SEO plugin. -->","yoast_head_json":{"title":",,Patroni 2023 roku\" w kwietniu: 80. rocznica powstania w getcie warszawskim - Miejsko-Gminna Biblioteka Publiczna w G\u0105binie","robots":{"index":"index","follow":"follow","max-snippet":"max-snippet:-1","max-image-preview":"max-image-preview:large","max-video-preview":"max-video-preview:-1"},"canonical":"https:\/\/biblioteka-gabin.pl\/index.php\/2023\/04\/05\/patroni-2023-roku-w-kwietniu-80-rocznica-powstania-w-getcie-warszawskim\/","og_locale":"pl_PL","og_type":"article","og_title":",,Patroni 2023 roku\" w kwietniu: 80. rocznica powstania w getcie warszawskim - Miejsko-Gminna Biblioteka Publiczna w G\u0105binie","og_description":"Prezentujemy kolejn\u0105 wystawk\u0119 z cyklu ,,Patroni 2023 roku&#8221;, kt\u00f3rej tematem","og_url":"https:\/\/biblioteka-gabin.pl\/index.php\/2023\/04\/05\/patroni-2023-roku-w-kwietniu-80-rocznica-powstania-w-getcie-warszawskim\/","og_site_name":"Miejsko-Gminna Biblioteka Publiczna w G\u0105binie","article_publisher":"https:\/\/www.facebook.com\/bibliotekagabin","article_published_time":"2023-04-05T00:00:00+00:00","og_image":[{"url":"https:\/\/biblioteka-gabin.pl\/wp-content\/uploads\/archive\/pliki\/obraz\/2023_\/kwiecie\/339974641_222885100328480_1710245088096711441_n.jpg","type":"","width":"","height":""}],"author":"admin","twitter_card":"summary_large_image","twitter_misc":{"Napisane przez":"admin","Szacowany czas czytania":"9 minut"},"schema":{"@context":"https:\/\/schema.org","@graph":[{"@type":"Article","@id":"https:\/\/biblioteka-gabin.pl\/index.php\/2023\/04\/05\/patroni-2023-roku-w-kwietniu-80-rocznica-powstania-w-getcie-warszawskim\/#article","isPartOf":{"@id":"https:\/\/biblioteka-gabin.pl\/index.php\/2023\/04\/05\/patroni-2023-roku-w-kwietniu-80-rocznica-powstania-w-getcie-warszawskim\/"},"author":{"name":"admin","@id":"https:\/\/biblioteka-gabin.pl\/#\/schema\/person\/2067b97c24663d987ef6ef95bed7c99a"},"headline":",,Patroni 2023 roku&#8221; w kwietniu: 80. rocznica powstania w getcie warszawskim","datePublished":"2023-04-05T00:00:00+00:00","mainEntityOfPage":{"@id":"https:\/\/biblioteka-gabin.pl\/index.php\/2023\/04\/05\/patroni-2023-roku-w-kwietniu-80-rocznica-powstania-w-getcie-warszawskim\/"},"wordCount":1878,"commentCount":0,"publisher":{"@id":"https:\/\/biblioteka-gabin.pl\/#organization"},"image":{"@id":"https:\/\/biblioteka-gabin.pl\/index.php\/2023\/04\/05\/patroni-2023-roku-w-kwietniu-80-rocznica-powstania-w-getcie-warszawskim\/#primaryimage"},"thumbnailUrl":"https:\/\/biblioteka-gabin.pl\/wp-content\/uploads\/archive\/pliki\/obraz\/2023_\/kwiecie\/339974641_222885100328480_1710245088096711441_n.jpg","articleSection":["Main"],"inLanguage":"pl-PL","potentialAction":[{"@type":"CommentAction","name":"Comment","target":["https:\/\/biblioteka-gabin.pl\/index.php\/2023\/04\/05\/patroni-2023-roku-w-kwietniu-80-rocznica-powstania-w-getcie-warszawskim\/#respond"]}]},{"@type":"WebPage","@id":"https:\/\/biblioteka-gabin.pl\/index.php\/2023\/04\/05\/patroni-2023-roku-w-kwietniu-80-rocznica-powstania-w-getcie-warszawskim\/","url":"https:\/\/biblioteka-gabin.pl\/index.php\/2023\/04\/05\/patroni-2023-roku-w-kwietniu-80-rocznica-powstania-w-getcie-warszawskim\/","name":",,Patroni 2023 roku\" w kwietniu: 80. rocznica powstania w getcie warszawskim - Miejsko-Gminna Biblioteka Publiczna w G\u0105binie","isPartOf":{"@id":"https:\/\/biblioteka-gabin.pl\/#website"},"primaryImageOfPage":{"@id":"https:\/\/biblioteka-gabin.pl\/index.php\/2023\/04\/05\/patroni-2023-roku-w-kwietniu-80-rocznica-powstania-w-getcie-warszawskim\/#primaryimage"},"image":{"@id":"https:\/\/biblioteka-gabin.pl\/index.php\/2023\/04\/05\/patroni-2023-roku-w-kwietniu-80-rocznica-powstania-w-getcie-warszawskim\/#primaryimage"},"thumbnailUrl":"https:\/\/biblioteka-gabin.pl\/wp-content\/uploads\/archive\/pliki\/obraz\/2023_\/kwiecie\/339974641_222885100328480_1710245088096711441_n.jpg","datePublished":"2023-04-05T00:00:00+00:00","breadcrumb":{"@id":"https:\/\/biblioteka-gabin.pl\/index.php\/2023\/04\/05\/patroni-2023-roku-w-kwietniu-80-rocznica-powstania-w-getcie-warszawskim\/#breadcrumb"},"inLanguage":"pl-PL","potentialAction":[{"@type":"ReadAction","target":["https:\/\/biblioteka-gabin.pl\/index.php\/2023\/04\/05\/patroni-2023-roku-w-kwietniu-80-rocznica-powstania-w-getcie-warszawskim\/"]}]},{"@type":"ImageObject","inLanguage":"pl-PL","@id":"https:\/\/biblioteka-gabin.pl\/index.php\/2023\/04\/05\/patroni-2023-roku-w-kwietniu-80-rocznica-powstania-w-getcie-warszawskim\/#primaryimage","url":"https:\/\/biblioteka-gabin.pl\/wp-content\/uploads\/archive\/pliki\/obraz\/2023_\/kwiecie\/339974641_222885100328480_1710245088096711441_n.jpg","contentUrl":"https:\/\/biblioteka-gabin.pl\/wp-content\/uploads\/archive\/pliki\/obraz\/2023_\/kwiecie\/339974641_222885100328480_1710245088096711441_n.jpg"},{"@type":"BreadcrumbList","@id":"https:\/\/biblioteka-gabin.pl\/index.php\/2023\/04\/05\/patroni-2023-roku-w-kwietniu-80-rocznica-powstania-w-getcie-warszawskim\/#breadcrumb","itemListElement":[{"@type":"ListItem","position":1,"name":"Strona g\u0142\u00f3wna","item":"https:\/\/biblioteka-gabin.pl\/"},{"@type":"ListItem","position":2,"name":",,Patroni 2023 roku&#8221; w kwietniu: 80. rocznica powstania w getcie warszawskim"}]},{"@type":"WebSite","@id":"https:\/\/biblioteka-gabin.pl\/#website","url":"https:\/\/biblioteka-gabin.pl\/","name":"Miejsko-Gminna Biblioteka Publiczna w G\u0105binie","description":"","publisher":{"@id":"https:\/\/biblioteka-gabin.pl\/#organization"},"potentialAction":[{"@type":"SearchAction","target":{"@type":"EntryPoint","urlTemplate":"https:\/\/biblioteka-gabin.pl\/?s={search_term_string}"},"query-input":{"@type":"PropertyValueSpecification","valueRequired":true,"valueName":"search_term_string"}}],"inLanguage":"pl-PL"},{"@type":"Organization","@id":"https:\/\/biblioteka-gabin.pl\/#organization","name":"Miejsko-Gminna Biblioteka Publiczna w G\u0105binie","url":"https:\/\/biblioteka-gabin.pl\/","logo":{"@type":"ImageObject","inLanguage":"pl-PL","@id":"https:\/\/biblioteka-gabin.pl\/#\/schema\/logo\/image\/","url":"https:\/\/biblioteka-gabin.pl\/wp-content\/uploads\/2025\/03\/logo-biblioteka-2-1657013691-1.jpg","contentUrl":"https:\/\/biblioteka-gabin.pl\/wp-content\/uploads\/2025\/03\/logo-biblioteka-2-1657013691-1.jpg","width":1600,"height":772,"caption":"Miejsko-Gminna Biblioteka Publiczna w G\u0105binie"},"image":{"@id":"https:\/\/biblioteka-gabin.pl\/#\/schema\/logo\/image\/"},"sameAs":["https:\/\/www.facebook.com\/bibliotekagabin","https:\/\/www.youtube.com\/@mgbpgabin9392"]},{"@type":"Person","@id":"https:\/\/biblioteka-gabin.pl\/#\/schema\/person\/2067b97c24663d987ef6ef95bed7c99a","name":"admin","image":{"@type":"ImageObject","inLanguage":"pl-PL","@id":"https:\/\/secure.gravatar.com\/avatar\/e1843904e97b4e376a0fc90ae10372cd31bce9b207a7a3d2ca68fc7ca7e4174c?s=96&d=mm&r=g","url":"https:\/\/secure.gravatar.com\/avatar\/e1843904e97b4e376a0fc90ae10372cd31bce9b207a7a3d2ca68fc7ca7e4174c?s=96&d=mm&r=g","contentUrl":"https:\/\/secure.gravatar.com\/avatar\/e1843904e97b4e376a0fc90ae10372cd31bce9b207a7a3d2ca68fc7ca7e4174c?s=96&d=mm&r=g","caption":"admin"},"sameAs":["http:\/\/strona.biblioteka-gabin.pl"],"url":"https:\/\/biblioteka-gabin.pl\/index.php\/author\/admin\/"}]}},"_links":{"self":[{"href":"https:\/\/biblioteka-gabin.pl\/index.php\/wp-json\/wp\/v2\/posts\/8261","targetHints":{"allow":["GET"]}}],"collection":[{"href":"https:\/\/biblioteka-gabin.pl\/index.php\/wp-json\/wp\/v2\/posts"}],"about":[{"href":"https:\/\/biblioteka-gabin.pl\/index.php\/wp-json\/wp\/v2\/types\/post"}],"author":[{"embeddable":true,"href":"https:\/\/biblioteka-gabin.pl\/index.php\/wp-json\/wp\/v2\/users\/1"}],"replies":[{"embeddable":true,"href":"https:\/\/biblioteka-gabin.pl\/index.php\/wp-json\/wp\/v2\/comments?post=8261"}],"version-history":[{"count":0,"href":"https:\/\/biblioteka-gabin.pl\/index.php\/wp-json\/wp\/v2\/posts\/8261\/revisions"}],"wp:attachment":[{"href":"https:\/\/biblioteka-gabin.pl\/index.php\/wp-json\/wp\/v2\/media?parent=8261"}],"wp:term":[{"taxonomy":"category","embeddable":true,"href":"https:\/\/biblioteka-gabin.pl\/index.php\/wp-json\/wp\/v2\/categories?post=8261"},{"taxonomy":"post_tag","embeddable":true,"href":"https:\/\/biblioteka-gabin.pl\/index.php\/wp-json\/wp\/v2\/tags?post=8261"}],"curies":[{"name":"wp","href":"https:\/\/api.w.org\/{rel}","templated":true}]}}