{"id":8280,"date":"2023-12-04T00:00:00","date_gmt":"2023-12-04T00:00:00","guid":{"rendered":"https:\/\/biblioteka-gabin.pl\/index.php\/2023\/12\/04\/poeta-milosnik-tatr-powiesciopisarz-jest-patronem-grudnia-w-bibliotece\/"},"modified":"2023-12-04T00:00:00","modified_gmt":"2023-12-04T00:00:00","slug":"poeta-milosnik-tatr-powiesciopisarz-jest-patronem-grudnia-w-bibliotece","status":"publish","type":"post","link":"https:\/\/biblioteka-gabin.pl\/index.php\/2023\/12\/04\/poeta-milosnik-tatr-powiesciopisarz-jest-patronem-grudnia-w-bibliotece\/","title":{"rendered":"Poeta, mi\u0142o\u015bnik Tatr, powie\u015bciopisarz jest patronem grudnia w bibliotece"},"content":{"rendered":"<p>,,Lubi\u0119, kiedy kobieta omdlewa w obj\u0119ciu.&#8221; &#8211; s\u0105 jednymi z najs\u0142ynniejszych s\u0142\u00f3w z tomiku ,,Poezje. Seria Druga&#8221;, kt\u00f3re napisa\u0142 Kazimierz Przerwa-Tetmajer. Powie\u015bciopisarz, mi\u0142o\u015bnik Tatr i poeta, przedstawiciel M\u0142odej Polski jest patronem ostatniego miesi\u0105ca roku w MGBP. Serdecznie zapraszamy do ogl\u0105dania wystawki i zapoznania si\u0119 tw\u00f3rczo\u015bci\u0105 artysty! Ekspozycja ko\u0144czy nasz roczny cykl pt. ,,Patroni 2023 roku&#8221;.<br \/>\n***************<br \/>\nKazimierz Przerwa-Tetmajer (ur. 12 lutego 1865 w Lud\u017amierzu,zm. 18 stycznia 1940 w Warszawie) \u2013 polski poeta, nowelista, powie\u015bciopisarz, przedstawiciel M\u0142odej Polski.<br \/>\n\u017byciorys<br \/>\nUrodzi\u0142 si\u0119 jako syn Adolfa Tetmajera i jego drugiej \u017cony, Julii z Grabowskich, brat przyrodni malarza W\u0142odzimierza Tetmajera, brat cioteczny t\u0142umacza i poety Tadeusza Boya-\u017bele\u0144skiego. Ucz\u0119szcza\u0142 do Gimnazjum \u015bw. Anny w Krakowie, dok\u0105d przeni\u00f3s\u0142 si\u0119 w 1883 roku z rodzin\u0105. W latach 1884\u20131886 studiowa\u0142 na wydziale filozoficznym Uniwersytetu Jagiello\u0144skiego.<br \/>\nZadebiutowa\u0142 w 1886 roku nowel\u0105 pt. \u201eRekrut\u201d (opublikowana w \u201ePrzegl\u0105dzie Literackim<br \/>\n\u00a0i Artystycznym\u201d). W 1888 roku Tetmajer zdoby\u0142 nagrod\u0119 literack\u0105 za wiersz ku czci Mickiewicza, a rok p\u00f3\u017aniej na cze\u015b\u0107 Kraszewskiego. W latach 1888\u20131893 podj\u0105\u0142 wsp\u00f3\u0142prac\u0119 z pismami \u201eTygodnik Illustrowany\u201d, \u201eKurier Warszawski\u201d i krakowskim \u201eCzasem\u201d. Wyda\u0142 osiem serii Poezji, z kt\u00f3rych najbardziej warto\u015bciowe by\u0142a g\u0142\u00f3wnie znana w\u015br\u00f3d bohemy m\u0142odopolskiej i dedadent\u00f3w.<br \/>\nMieszkaj\u0105c w m\u0142odo\u015bci w Lud\u017amierzu, pozna\u0142 dobrze Podhale, Spisz, Lipt\u00f3w i Tatry.<br \/>\nW m\u0142odo\u015bci wakacje cz\u0119sto sp\u0119dza\u0142 w Zakopanem, przemierzaj\u0105c szlaki z bratem Franciszkiem Henrykiem Nowickim, Tadeuszem Boyem-\u017bele\u0144skim i Januszem Chmielowskim.<br \/>\n\u201eUlubionymi szlakami jego w\u0119dr\u00f3wek tatrza\u0144skich by\u0142y \u017belazne Wrota, Dolina Pi\u0119ciu Staw\u00f3w, Dolina Starole\u015bna, Furkot, Wysoka, Rysy&#8230; gdzie w\u0119drowa\u0142 niestrudzenie, za ka\u017cdym razem \u2013 jak pozwalaj\u0105 domy\u015bla\u0107 si\u0119 jego listy \u2013 od nowa zafascynowany pi\u0119knem g\u00f3r.\u201d.<br \/>\nZ zprzewodnikami i Boyem-\u017bele\u0144skim dokona\u0142 pierwszego wej\u015bcia na Furkot (2405 m.n.p.m.), bocznej grani Tatr Wysokich, po\u0142o\u017conej na S\u0142owacji.<br \/>\nMniej wi\u0119cej od roku 1895 poet\u0119 trapi\u0142y dolegliwo\u015bci neurasteniczne, towarzysz\u0105ce mu przez kila lat. W zwi\u0105zku z chorob\u0105 prawdopodobnie przeprowadza\u0142 kuracj\u0119 w Zakopanem u Juliana Ochorowicza, psychologa. Z powodu problem\u00f3w ze zdrowiem, nie zdobywa\u0142 ju\u017c szczyt\u00f3w Tatr, ale za to w\u0119drowa\u0142 po dolinach tatrza\u0144skich, a tak\u017ce po Podhalu. W 1902 roku taternicy nadali nazw\u0119 Prze\u0142\u0119cz Tetmajera prze\u0142\u0119czy mi\u0119dzy Gerlachem a Zadnim Gerlachem, a Towarzystwo Tatrza\u0144skie nada\u0142o mu honorowe cz\u0142onkostwo. Zafascynowany g\u00f3ralskim folklorem napisa\u0142 cykl opowie\u015bci Na skalnym Podhalu, a ponadto epopej\u0119 tatrza\u0144sk\u0105 Legenda Tatr, sk\u0142adaj\u0105c\u0105 si\u0119 z dw\u00f3ch cz\u0119\u015bci: Maryna z Hrubego i Janosik N\u0119dza Litmanowski.<br \/>\nW 1896 roku przebywa\u0142 w Heidelbergu, pe\u0142ni\u0105c funkcj\u0119 osobistego sekretarza Adama Krasi\u0144skiego. Podr\u00f3\u017cowa\u0142 po W\u0142oszech, Szwajcarii, Francji i Niemczech. \u00a0Prawie pi\u0119tna\u015bcie lat p\u00f3\u017aniej na sta\u0142e zadomowi\u0142 si\u0119 w Zakopanem.. W czasie I wojny \u015bwiatowej Tetmajer znajdowa\u0142 si\u0119 w trudnych warunkach materialnych. Pieni\u0105dze, przekazane<br \/>\nmu ze spontanicznie za\u0142o\u017conego \u201eFunduszu Tetmajerowskiego\u201d, przekaza\u0142 jednak na rzecz bardziej potrzebuj\u0105cych, g\u0142\u00f3wnie ofiar wojny.<br \/>\nPo I wojnie \u015bwiatowej zamieszka\u0142 w Krakowie, przy Karmelickiej 14[13], wreszcie osiad\u0142<br \/>\nna sta\u0142e w stolicy. Pe\u0142ni\u0142 funkcj\u0119 prezesa Towarzystwa Literat\u00f3w i Dziennikarzy Polskich,<br \/>\nw 1928 roku przyznano mu nagrod\u0119 literack\u0105 miasta Warszawy, a w 1934 roku zosta\u0142 cz\u0142onkiem honorowym Polskiej Akademii Literatury.<br \/>\nZe wzgl\u0119du na pogarszaj\u0105cy si\u0119 stan zdrowia wycofa\u0142 si\u0119 z \u017cycia spo\u0142ecznego i tw\u00f3rczo\u015bci literackiej. W styczniu 1940 r., z powodu nowotworu i niewydolno\u015bci kr\u0105\u017cenia zmar\u0142 w Zosta\u0142 pochowany na \u00a0Cmentarzu Zas\u0142u\u017conych na P\u0119ksowym Brzyzku \u00a0w Zakopanem.<br \/>\nMimo \u017ce kilkakrotnie by\u0142 zar\u0119czony (m.in. w 1906 z Jadwig\u0105, c\u00f3rk\u0105 kupca i przemys\u0142owca Karola Szulca oraz z Laur\u0105 Rakowsk\u0105( o kt\u00f3rej napisa\u0142 wiersz A kiedy b\u0119dziesz moj\u0105 \u017con\u0105), nigdy si\u0119 nie o\u017ceni\u0142. Mia\u0142 nie\u015blubnego syna Kazimierza Stanis\u0142awa, kt\u00f3ry popad\u0142szy w alkoholizm, pope\u0142ni\u0142 samob\u00f3jstwo.<br \/>\nWiersze Kazimierza Przerwy-Tetmajera by\u0142y wielokrotnie opracowywane muzycznie przez Karola Szymanowskiego i Mieczys\u0142awa Kar\u0142owicza. Ponadto jego tw\u00f3rczo\u015b\u0107, w tym dramaty: ,,Judasz\u201d, ,,Zawisza Czarny\u201d i ,,O Zwyrtale Muzykancie\u201d zosta\u0142y zainscenizowane a niekt\u00f3re inne dzie\u0142a zekranizowane.<br \/>\n\u0179r\u00f3d\u0142o: wikipedia.org<br \/>\n<img src='https:\/\/biblioteka-gabin.pl\/wp-content\/uploads\/archive\/pliki\/obraz\/2023_\/listopad\/406249839_1684135262081536_8362721808306596721_n1.jpg'><br \/>\n<a href='https:\/\/biblioteka-gabin.pl\/wp-content\/uploads\/archive\/galleries\/550\/projekt-bez-nazwy-e0ff1d99a6.png'><img style='max-height:300px;' src='https:\/\/biblioteka-gabin.pl\/wp-content\/uploads\/archive\/galleries\/550\/projekt-bez-nazwy-e0ff1d99a6.png'><\/a><br \/>\n<a href='https:\/\/biblioteka-gabin.pl\/wp-content\/uploads\/archive\/galleries\/550\/4033943327093627477899791385155534585638621n-3df3fd94ac.jpg'><img style='max-height:300px;' src='https:\/\/biblioteka-gabin.pl\/wp-content\/uploads\/archive\/galleries\/550\/4033943327093627477899791385155534585638621n-3df3fd94ac.jpg'><\/a><br \/>\n<a href='https:\/\/biblioteka-gabin.pl\/wp-content\/uploads\/archive\/galleries\/550\/40624983916841352620815368362721808306596721n1-68ce67abb9.jpg'><img style='max-height:300px;' src='https:\/\/biblioteka-gabin.pl\/wp-content\/uploads\/archive\/galleries\/550\/40624983916841352620815368362721808306596721n1-68ce67abb9.jpg'><\/a><br \/>\n<a href='https:\/\/biblioteka-gabin.pl\/wp-content\/uploads\/archive\/galleries\/550\/4058597747365051485192156829883251749070913n-1c407e206b.jpg'><img style='max-height:300px;' src='https:\/\/biblioteka-gabin.pl\/wp-content\/uploads\/archive\/galleries\/550\/4058597747365051485192156829883251749070913n-1c407e206b.jpg'><\/a><br \/>\n<a href='https:\/\/biblioteka-gabin.pl\/wp-content\/uploads\/archive\/galleries\/550\/kazimierzprzerwatetmajercropped-17790318cc.jpg'><img style='max-height:300px;' src='https:\/\/biblioteka-gabin.pl\/wp-content\/uploads\/archive\/galleries\/550\/kazimierzprzerwatetmajercropped-17790318cc.jpg'><\/a><\/p>\n","protected":false},"excerpt":{"rendered":"<p>,,Lubi\u0119, kiedy kobieta omdlewa w obj\u0119ciu.&#8221; &#8211; s\u0105 jednymi z<\/p>\n","protected":false},"author":1,"featured_media":0,"comment_status":"open","ping_status":"open","sticky":false,"template":"","format":"standard","meta":{"footnotes":""},"categories":[36],"tags":[],"class_list":["post-8280","post","type-post","status-publish","format-standard","hentry","category-main"],"yoast_head":"<!-- This site is optimized with the Yoast SEO plugin v27.4 - https:\/\/yoast.com\/product\/yoast-seo-wordpress\/ -->\n<title>Poeta, mi\u0142o\u015bnik Tatr, powie\u015bciopisarz jest patronem grudnia w bibliotece - Miejsko-Gminna Biblioteka Publiczna w G\u0105binie<\/title>\n<meta name=\"robots\" content=\"index, follow, max-snippet:-1, max-image-preview:large, max-video-preview:-1\" \/>\n<link rel=\"canonical\" href=\"http:\/\/biblioteka-gabin.pl\/index.php\/2023\/12\/04\/poeta-milosnik-tatr-powiesciopisarz-jest-patronem-grudnia-w-bibliotece\/\" \/>\n<meta property=\"og:locale\" content=\"pl_PL\" \/>\n<meta property=\"og:type\" content=\"article\" \/>\n<meta property=\"og:title\" content=\"Poeta, mi\u0142o\u015bnik Tatr, powie\u015bciopisarz jest patronem grudnia w bibliotece - Miejsko-Gminna Biblioteka Publiczna w G\u0105binie\" \/>\n<meta property=\"og:description\" content=\",,Lubi\u0119, kiedy kobieta omdlewa w obj\u0119ciu.&#8221; &#8211; s\u0105 jednymi z\" \/>\n<meta property=\"og:url\" content=\"http:\/\/biblioteka-gabin.pl\/index.php\/2023\/12\/04\/poeta-milosnik-tatr-powiesciopisarz-jest-patronem-grudnia-w-bibliotece\/\" \/>\n<meta property=\"og:site_name\" content=\"Miejsko-Gminna Biblioteka Publiczna w G\u0105binie\" \/>\n<meta property=\"article:publisher\" content=\"https:\/\/www.facebook.com\/bibliotekagabin\" \/>\n<meta property=\"article:published_time\" content=\"2023-12-04T00:00:00+00:00\" \/>\n<meta property=\"og:image\" content=\"https:\/\/biblioteka-gabin.pl\/wp-content\/uploads\/archive\/pliki\/obraz\/2023_\/listopad\/406249839_1684135262081536_8362721808306596721_n1.jpg\" \/>\n<meta name=\"author\" content=\"admin\" \/>\n<meta name=\"twitter:card\" content=\"summary_large_image\" \/>\n<meta name=\"twitter:label1\" content=\"Napisane przez\" \/>\n\t<meta name=\"twitter:data1\" content=\"admin\" \/>\n\t<meta name=\"twitter:label2\" content=\"Szacowany czas czytania\" \/>\n\t<meta name=\"twitter:data2\" content=\"4 minuty\" \/>\n<script type=\"application\/ld+json\" class=\"yoast-schema-graph\">{\"@context\":\"https:\\\/\\\/schema.org\",\"@graph\":[{\"@type\":\"Article\",\"@id\":\"http:\\\/\\\/biblioteka-gabin.pl\\\/index.php\\\/2023\\\/12\\\/04\\\/poeta-milosnik-tatr-powiesciopisarz-jest-patronem-grudnia-w-bibliotece\\\/#article\",\"isPartOf\":{\"@id\":\"http:\\\/\\\/biblioteka-gabin.pl\\\/index.php\\\/2023\\\/12\\\/04\\\/poeta-milosnik-tatr-powiesciopisarz-jest-patronem-grudnia-w-bibliotece\\\/\"},\"author\":{\"name\":\"admin\",\"@id\":\"https:\\\/\\\/biblioteka-gabin.pl\\\/#\\\/schema\\\/person\\\/2067b97c24663d987ef6ef95bed7c99a\"},\"headline\":\"Poeta, mi\u0142o\u015bnik Tatr, powie\u015bciopisarz jest patronem grudnia w bibliotece\",\"datePublished\":\"2023-12-04T00:00:00+00:00\",\"mainEntityOfPage\":{\"@id\":\"http:\\\/\\\/biblioteka-gabin.pl\\\/index.php\\\/2023\\\/12\\\/04\\\/poeta-milosnik-tatr-powiesciopisarz-jest-patronem-grudnia-w-bibliotece\\\/\"},\"wordCount\":718,\"commentCount\":0,\"publisher\":{\"@id\":\"https:\\\/\\\/biblioteka-gabin.pl\\\/#organization\"},\"image\":{\"@id\":\"http:\\\/\\\/biblioteka-gabin.pl\\\/index.php\\\/2023\\\/12\\\/04\\\/poeta-milosnik-tatr-powiesciopisarz-jest-patronem-grudnia-w-bibliotece\\\/#primaryimage\"},\"thumbnailUrl\":\"https:\\\/\\\/biblioteka-gabin.pl\\\/wp-content\\\/uploads\\\/archive\\\/pliki\\\/obraz\\\/2023_\\\/listopad\\\/406249839_1684135262081536_8362721808306596721_n1.jpg\",\"articleSection\":[\"Main\"],\"inLanguage\":\"pl-PL\",\"potentialAction\":[{\"@type\":\"CommentAction\",\"name\":\"Comment\",\"target\":[\"http:\\\/\\\/biblioteka-gabin.pl\\\/index.php\\\/2023\\\/12\\\/04\\\/poeta-milosnik-tatr-powiesciopisarz-jest-patronem-grudnia-w-bibliotece\\\/#respond\"]}]},{\"@type\":\"WebPage\",\"@id\":\"http:\\\/\\\/biblioteka-gabin.pl\\\/index.php\\\/2023\\\/12\\\/04\\\/poeta-milosnik-tatr-powiesciopisarz-jest-patronem-grudnia-w-bibliotece\\\/\",\"url\":\"http:\\\/\\\/biblioteka-gabin.pl\\\/index.php\\\/2023\\\/12\\\/04\\\/poeta-milosnik-tatr-powiesciopisarz-jest-patronem-grudnia-w-bibliotece\\\/\",\"name\":\"Poeta, mi\u0142o\u015bnik Tatr, powie\u015bciopisarz jest patronem grudnia w bibliotece - Miejsko-Gminna Biblioteka Publiczna w G\u0105binie\",\"isPartOf\":{\"@id\":\"https:\\\/\\\/biblioteka-gabin.pl\\\/#website\"},\"primaryImageOfPage\":{\"@id\":\"http:\\\/\\\/biblioteka-gabin.pl\\\/index.php\\\/2023\\\/12\\\/04\\\/poeta-milosnik-tatr-powiesciopisarz-jest-patronem-grudnia-w-bibliotece\\\/#primaryimage\"},\"image\":{\"@id\":\"http:\\\/\\\/biblioteka-gabin.pl\\\/index.php\\\/2023\\\/12\\\/04\\\/poeta-milosnik-tatr-powiesciopisarz-jest-patronem-grudnia-w-bibliotece\\\/#primaryimage\"},\"thumbnailUrl\":\"https:\\\/\\\/biblioteka-gabin.pl\\\/wp-content\\\/uploads\\\/archive\\\/pliki\\\/obraz\\\/2023_\\\/listopad\\\/406249839_1684135262081536_8362721808306596721_n1.jpg\",\"datePublished\":\"2023-12-04T00:00:00+00:00\",\"breadcrumb\":{\"@id\":\"http:\\\/\\\/biblioteka-gabin.pl\\\/index.php\\\/2023\\\/12\\\/04\\\/poeta-milosnik-tatr-powiesciopisarz-jest-patronem-grudnia-w-bibliotece\\\/#breadcrumb\"},\"inLanguage\":\"pl-PL\",\"potentialAction\":[{\"@type\":\"ReadAction\",\"target\":[\"http:\\\/\\\/biblioteka-gabin.pl\\\/index.php\\\/2023\\\/12\\\/04\\\/poeta-milosnik-tatr-powiesciopisarz-jest-patronem-grudnia-w-bibliotece\\\/\"]}]},{\"@type\":\"ImageObject\",\"inLanguage\":\"pl-PL\",\"@id\":\"http:\\\/\\\/biblioteka-gabin.pl\\\/index.php\\\/2023\\\/12\\\/04\\\/poeta-milosnik-tatr-powiesciopisarz-jest-patronem-grudnia-w-bibliotece\\\/#primaryimage\",\"url\":\"https:\\\/\\\/biblioteka-gabin.pl\\\/wp-content\\\/uploads\\\/archive\\\/pliki\\\/obraz\\\/2023_\\\/listopad\\\/406249839_1684135262081536_8362721808306596721_n1.jpg\",\"contentUrl\":\"https:\\\/\\\/biblioteka-gabin.pl\\\/wp-content\\\/uploads\\\/archive\\\/pliki\\\/obraz\\\/2023_\\\/listopad\\\/406249839_1684135262081536_8362721808306596721_n1.jpg\"},{\"@type\":\"BreadcrumbList\",\"@id\":\"http:\\\/\\\/biblioteka-gabin.pl\\\/index.php\\\/2023\\\/12\\\/04\\\/poeta-milosnik-tatr-powiesciopisarz-jest-patronem-grudnia-w-bibliotece\\\/#breadcrumb\",\"itemListElement\":[{\"@type\":\"ListItem\",\"position\":1,\"name\":\"Strona g\u0142\u00f3wna\",\"item\":\"https:\\\/\\\/biblioteka-gabin.pl\\\/\"},{\"@type\":\"ListItem\",\"position\":2,\"name\":\"Poeta, mi\u0142o\u015bnik Tatr, powie\u015bciopisarz jest patronem grudnia w bibliotece\"}]},{\"@type\":\"WebSite\",\"@id\":\"https:\\\/\\\/biblioteka-gabin.pl\\\/#website\",\"url\":\"https:\\\/\\\/biblioteka-gabin.pl\\\/\",\"name\":\"Miejsko-Gminna Biblioteka Publiczna w G\u0105binie\",\"description\":\"\",\"publisher\":{\"@id\":\"https:\\\/\\\/biblioteka-gabin.pl\\\/#organization\"},\"potentialAction\":[{\"@type\":\"SearchAction\",\"target\":{\"@type\":\"EntryPoint\",\"urlTemplate\":\"https:\\\/\\\/biblioteka-gabin.pl\\\/?s={search_term_string}\"},\"query-input\":{\"@type\":\"PropertyValueSpecification\",\"valueRequired\":true,\"valueName\":\"search_term_string\"}}],\"inLanguage\":\"pl-PL\"},{\"@type\":\"Organization\",\"@id\":\"https:\\\/\\\/biblioteka-gabin.pl\\\/#organization\",\"name\":\"Miejsko-Gminna Biblioteka Publiczna w G\u0105binie\",\"url\":\"https:\\\/\\\/biblioteka-gabin.pl\\\/\",\"logo\":{\"@type\":\"ImageObject\",\"inLanguage\":\"pl-PL\",\"@id\":\"https:\\\/\\\/biblioteka-gabin.pl\\\/#\\\/schema\\\/logo\\\/image\\\/\",\"url\":\"https:\\\/\\\/biblioteka-gabin.pl\\\/wp-content\\\/uploads\\\/2025\\\/03\\\/logo-biblioteka-2-1657013691-1.jpg\",\"contentUrl\":\"https:\\\/\\\/biblioteka-gabin.pl\\\/wp-content\\\/uploads\\\/2025\\\/03\\\/logo-biblioteka-2-1657013691-1.jpg\",\"width\":1600,\"height\":772,\"caption\":\"Miejsko-Gminna Biblioteka Publiczna w G\u0105binie\"},\"image\":{\"@id\":\"https:\\\/\\\/biblioteka-gabin.pl\\\/#\\\/schema\\\/logo\\\/image\\\/\"},\"sameAs\":[\"https:\\\/\\\/www.facebook.com\\\/bibliotekagabin\",\"https:\\\/\\\/www.youtube.com\\\/@mgbpgabin9392\"]},{\"@type\":\"Person\",\"@id\":\"https:\\\/\\\/biblioteka-gabin.pl\\\/#\\\/schema\\\/person\\\/2067b97c24663d987ef6ef95bed7c99a\",\"name\":\"admin\",\"image\":{\"@type\":\"ImageObject\",\"inLanguage\":\"pl-PL\",\"@id\":\"https:\\\/\\\/secure.gravatar.com\\\/avatar\\\/e1843904e97b4e376a0fc90ae10372cd31bce9b207a7a3d2ca68fc7ca7e4174c?s=96&d=mm&r=g\",\"url\":\"https:\\\/\\\/secure.gravatar.com\\\/avatar\\\/e1843904e97b4e376a0fc90ae10372cd31bce9b207a7a3d2ca68fc7ca7e4174c?s=96&d=mm&r=g\",\"contentUrl\":\"https:\\\/\\\/secure.gravatar.com\\\/avatar\\\/e1843904e97b4e376a0fc90ae10372cd31bce9b207a7a3d2ca68fc7ca7e4174c?s=96&d=mm&r=g\",\"caption\":\"admin\"},\"sameAs\":[\"http:\\\/\\\/strona.biblioteka-gabin.pl\"],\"url\":\"https:\\\/\\\/biblioteka-gabin.pl\\\/index.php\\\/author\\\/admin\\\/\"}]}<\/script>\n<!-- \/ Yoast SEO plugin. -->","yoast_head_json":{"title":"Poeta, mi\u0142o\u015bnik Tatr, powie\u015bciopisarz jest patronem grudnia w bibliotece - Miejsko-Gminna Biblioteka Publiczna w G\u0105binie","robots":{"index":"index","follow":"follow","max-snippet":"max-snippet:-1","max-image-preview":"max-image-preview:large","max-video-preview":"max-video-preview:-1"},"canonical":"http:\/\/biblioteka-gabin.pl\/index.php\/2023\/12\/04\/poeta-milosnik-tatr-powiesciopisarz-jest-patronem-grudnia-w-bibliotece\/","og_locale":"pl_PL","og_type":"article","og_title":"Poeta, mi\u0142o\u015bnik Tatr, powie\u015bciopisarz jest patronem grudnia w bibliotece - Miejsko-Gminna Biblioteka Publiczna w G\u0105binie","og_description":",,Lubi\u0119, kiedy kobieta omdlewa w obj\u0119ciu.&#8221; &#8211; s\u0105 jednymi z","og_url":"http:\/\/biblioteka-gabin.pl\/index.php\/2023\/12\/04\/poeta-milosnik-tatr-powiesciopisarz-jest-patronem-grudnia-w-bibliotece\/","og_site_name":"Miejsko-Gminna Biblioteka Publiczna w G\u0105binie","article_publisher":"https:\/\/www.facebook.com\/bibliotekagabin","article_published_time":"2023-12-04T00:00:00+00:00","og_image":[{"url":"https:\/\/biblioteka-gabin.pl\/wp-content\/uploads\/archive\/pliki\/obraz\/2023_\/listopad\/406249839_1684135262081536_8362721808306596721_n1.jpg","type":"","width":"","height":""}],"author":"admin","twitter_card":"summary_large_image","twitter_misc":{"Napisane przez":"admin","Szacowany czas czytania":"4 minuty"},"schema":{"@context":"https:\/\/schema.org","@graph":[{"@type":"Article","@id":"http:\/\/biblioteka-gabin.pl\/index.php\/2023\/12\/04\/poeta-milosnik-tatr-powiesciopisarz-jest-patronem-grudnia-w-bibliotece\/#article","isPartOf":{"@id":"http:\/\/biblioteka-gabin.pl\/index.php\/2023\/12\/04\/poeta-milosnik-tatr-powiesciopisarz-jest-patronem-grudnia-w-bibliotece\/"},"author":{"name":"admin","@id":"https:\/\/biblioteka-gabin.pl\/#\/schema\/person\/2067b97c24663d987ef6ef95bed7c99a"},"headline":"Poeta, mi\u0142o\u015bnik Tatr, powie\u015bciopisarz jest patronem grudnia w bibliotece","datePublished":"2023-12-04T00:00:00+00:00","mainEntityOfPage":{"@id":"http:\/\/biblioteka-gabin.pl\/index.php\/2023\/12\/04\/poeta-milosnik-tatr-powiesciopisarz-jest-patronem-grudnia-w-bibliotece\/"},"wordCount":718,"commentCount":0,"publisher":{"@id":"https:\/\/biblioteka-gabin.pl\/#organization"},"image":{"@id":"http:\/\/biblioteka-gabin.pl\/index.php\/2023\/12\/04\/poeta-milosnik-tatr-powiesciopisarz-jest-patronem-grudnia-w-bibliotece\/#primaryimage"},"thumbnailUrl":"https:\/\/biblioteka-gabin.pl\/wp-content\/uploads\/archive\/pliki\/obraz\/2023_\/listopad\/406249839_1684135262081536_8362721808306596721_n1.jpg","articleSection":["Main"],"inLanguage":"pl-PL","potentialAction":[{"@type":"CommentAction","name":"Comment","target":["http:\/\/biblioteka-gabin.pl\/index.php\/2023\/12\/04\/poeta-milosnik-tatr-powiesciopisarz-jest-patronem-grudnia-w-bibliotece\/#respond"]}]},{"@type":"WebPage","@id":"http:\/\/biblioteka-gabin.pl\/index.php\/2023\/12\/04\/poeta-milosnik-tatr-powiesciopisarz-jest-patronem-grudnia-w-bibliotece\/","url":"http:\/\/biblioteka-gabin.pl\/index.php\/2023\/12\/04\/poeta-milosnik-tatr-powiesciopisarz-jest-patronem-grudnia-w-bibliotece\/","name":"Poeta, mi\u0142o\u015bnik Tatr, powie\u015bciopisarz jest patronem grudnia w bibliotece - Miejsko-Gminna Biblioteka Publiczna w G\u0105binie","isPartOf":{"@id":"https:\/\/biblioteka-gabin.pl\/#website"},"primaryImageOfPage":{"@id":"http:\/\/biblioteka-gabin.pl\/index.php\/2023\/12\/04\/poeta-milosnik-tatr-powiesciopisarz-jest-patronem-grudnia-w-bibliotece\/#primaryimage"},"image":{"@id":"http:\/\/biblioteka-gabin.pl\/index.php\/2023\/12\/04\/poeta-milosnik-tatr-powiesciopisarz-jest-patronem-grudnia-w-bibliotece\/#primaryimage"},"thumbnailUrl":"https:\/\/biblioteka-gabin.pl\/wp-content\/uploads\/archive\/pliki\/obraz\/2023_\/listopad\/406249839_1684135262081536_8362721808306596721_n1.jpg","datePublished":"2023-12-04T00:00:00+00:00","breadcrumb":{"@id":"http:\/\/biblioteka-gabin.pl\/index.php\/2023\/12\/04\/poeta-milosnik-tatr-powiesciopisarz-jest-patronem-grudnia-w-bibliotece\/#breadcrumb"},"inLanguage":"pl-PL","potentialAction":[{"@type":"ReadAction","target":["http:\/\/biblioteka-gabin.pl\/index.php\/2023\/12\/04\/poeta-milosnik-tatr-powiesciopisarz-jest-patronem-grudnia-w-bibliotece\/"]}]},{"@type":"ImageObject","inLanguage":"pl-PL","@id":"http:\/\/biblioteka-gabin.pl\/index.php\/2023\/12\/04\/poeta-milosnik-tatr-powiesciopisarz-jest-patronem-grudnia-w-bibliotece\/#primaryimage","url":"https:\/\/biblioteka-gabin.pl\/wp-content\/uploads\/archive\/pliki\/obraz\/2023_\/listopad\/406249839_1684135262081536_8362721808306596721_n1.jpg","contentUrl":"https:\/\/biblioteka-gabin.pl\/wp-content\/uploads\/archive\/pliki\/obraz\/2023_\/listopad\/406249839_1684135262081536_8362721808306596721_n1.jpg"},{"@type":"BreadcrumbList","@id":"http:\/\/biblioteka-gabin.pl\/index.php\/2023\/12\/04\/poeta-milosnik-tatr-powiesciopisarz-jest-patronem-grudnia-w-bibliotece\/#breadcrumb","itemListElement":[{"@type":"ListItem","position":1,"name":"Strona g\u0142\u00f3wna","item":"https:\/\/biblioteka-gabin.pl\/"},{"@type":"ListItem","position":2,"name":"Poeta, mi\u0142o\u015bnik Tatr, powie\u015bciopisarz jest patronem grudnia w bibliotece"}]},{"@type":"WebSite","@id":"https:\/\/biblioteka-gabin.pl\/#website","url":"https:\/\/biblioteka-gabin.pl\/","name":"Miejsko-Gminna Biblioteka Publiczna w G\u0105binie","description":"","publisher":{"@id":"https:\/\/biblioteka-gabin.pl\/#organization"},"potentialAction":[{"@type":"SearchAction","target":{"@type":"EntryPoint","urlTemplate":"https:\/\/biblioteka-gabin.pl\/?s={search_term_string}"},"query-input":{"@type":"PropertyValueSpecification","valueRequired":true,"valueName":"search_term_string"}}],"inLanguage":"pl-PL"},{"@type":"Organization","@id":"https:\/\/biblioteka-gabin.pl\/#organization","name":"Miejsko-Gminna Biblioteka Publiczna w G\u0105binie","url":"https:\/\/biblioteka-gabin.pl\/","logo":{"@type":"ImageObject","inLanguage":"pl-PL","@id":"https:\/\/biblioteka-gabin.pl\/#\/schema\/logo\/image\/","url":"https:\/\/biblioteka-gabin.pl\/wp-content\/uploads\/2025\/03\/logo-biblioteka-2-1657013691-1.jpg","contentUrl":"https:\/\/biblioteka-gabin.pl\/wp-content\/uploads\/2025\/03\/logo-biblioteka-2-1657013691-1.jpg","width":1600,"height":772,"caption":"Miejsko-Gminna Biblioteka Publiczna w G\u0105binie"},"image":{"@id":"https:\/\/biblioteka-gabin.pl\/#\/schema\/logo\/image\/"},"sameAs":["https:\/\/www.facebook.com\/bibliotekagabin","https:\/\/www.youtube.com\/@mgbpgabin9392"]},{"@type":"Person","@id":"https:\/\/biblioteka-gabin.pl\/#\/schema\/person\/2067b97c24663d987ef6ef95bed7c99a","name":"admin","image":{"@type":"ImageObject","inLanguage":"pl-PL","@id":"https:\/\/secure.gravatar.com\/avatar\/e1843904e97b4e376a0fc90ae10372cd31bce9b207a7a3d2ca68fc7ca7e4174c?s=96&d=mm&r=g","url":"https:\/\/secure.gravatar.com\/avatar\/e1843904e97b4e376a0fc90ae10372cd31bce9b207a7a3d2ca68fc7ca7e4174c?s=96&d=mm&r=g","contentUrl":"https:\/\/secure.gravatar.com\/avatar\/e1843904e97b4e376a0fc90ae10372cd31bce9b207a7a3d2ca68fc7ca7e4174c?s=96&d=mm&r=g","caption":"admin"},"sameAs":["http:\/\/strona.biblioteka-gabin.pl"],"url":"https:\/\/biblioteka-gabin.pl\/index.php\/author\/admin\/"}]}},"_links":{"self":[{"href":"https:\/\/biblioteka-gabin.pl\/index.php\/wp-json\/wp\/v2\/posts\/8280","targetHints":{"allow":["GET"]}}],"collection":[{"href":"https:\/\/biblioteka-gabin.pl\/index.php\/wp-json\/wp\/v2\/posts"}],"about":[{"href":"https:\/\/biblioteka-gabin.pl\/index.php\/wp-json\/wp\/v2\/types\/post"}],"author":[{"embeddable":true,"href":"https:\/\/biblioteka-gabin.pl\/index.php\/wp-json\/wp\/v2\/users\/1"}],"replies":[{"embeddable":true,"href":"https:\/\/biblioteka-gabin.pl\/index.php\/wp-json\/wp\/v2\/comments?post=8280"}],"version-history":[{"count":0,"href":"https:\/\/biblioteka-gabin.pl\/index.php\/wp-json\/wp\/v2\/posts\/8280\/revisions"}],"wp:attachment":[{"href":"https:\/\/biblioteka-gabin.pl\/index.php\/wp-json\/wp\/v2\/media?parent=8280"}],"wp:term":[{"taxonomy":"category","embeddable":true,"href":"https:\/\/biblioteka-gabin.pl\/index.php\/wp-json\/wp\/v2\/categories?post=8280"},{"taxonomy":"post_tag","embeddable":true,"href":"https:\/\/biblioteka-gabin.pl\/index.php\/wp-json\/wp\/v2\/tags?post=8280"}],"curies":[{"name":"wp","href":"https:\/\/api.w.org\/{rel}","templated":true}]}}