{"id":8294,"date":"2023-11-22T00:00:00","date_gmt":"2023-11-22T00:00:00","guid":{"rendered":"https:\/\/biblioteka-gabin.pl\/index.php\/2023\/11\/22\/pogadanka-z-dziecmi-w-przedszkolu-w-podlasiu-22-11-2023r\/"},"modified":"2023-11-22T00:00:00","modified_gmt":"2023-11-22T00:00:00","slug":"pogadanka-z-dziecmi-w-przedszkolu-w-podlasiu-22-11-2023r","status":"publish","type":"post","link":"https:\/\/biblioteka-gabin.pl\/index.php\/2023\/11\/22\/pogadanka-z-dziecmi-w-przedszkolu-w-podlasiu-22-11-2023r\/","title":{"rendered":"Pogadanka z dzie\u0107mi w Przedszkolu w Podlasiu (22.11.2023r.)"},"content":{"rendered":"<p>Tematem dzisiejszego spotkania by\u0142a rozmowa dotycz\u0105ca opieki, troski nad zwierz\u0119tami. Ze starsz\u0105 grup\u0105 \u201e\u017babkami\u201d porozmawia\u0142am o kilku wa\u017cnych aspektach dotycz\u0105cych zwierzak\u00f3w, jak trzeba si\u0119 o nie troszczy\u0107, czego powinni\u015bmy przestrzega\u0107. Znakomicie pos\u0142u\u017cy\u0142a mi do tego ksi\u0105\u017cka J. Tylmana pt. \u201eMi\u0142o\u015b\u0107 na czterech \u0142apach\u201d, w kt\u00f3rej \u015bwietnie opisana by\u0142a wycieczka ch\u0142opca do schroniska dla zwierz\u0105t. Dzieci dowiedzia\u0142y si\u0119 mi\u0119dzy innymi o tym, \u017ce zwierzak to nie zabawka, kt\u00f3r\u0105 odk\u0142adamy na p\u00f3\u0142k\u0119, \u017ce wymaga opieki, karmienia, spacer\u00f3w, szacunku i przede wszystkim mi\u0142o\u015bci. Przedszkolaki ch\u0119tnie opowiada\u0142y o swoich pupilach. Dodatkowo przeczyta\u0142am dzieciom ksi\u0105\u017ck\u0119 L.E. Anderson pt. &#8222;Nie chc\u0119 by\u0107 ma\u0142y&#8221;, pokazuj\u0105c\u0105, \u017ce ma\u0142y wzrost wcale nie musi by\u0107 problemem.\u00a0<br \/>\n\u00a0\u00a0\u00a0\u00a0 Z m\u0142odsz\u0105 grup\u0105 \u2013 \u201eRybkami\u201d porozmawia\u0142am o korzy\u015bciach, jakie daje zjadanie warzyw. Przeczyta\u0142am ksi\u0105\u017ceczk\u0119 pt. \u201eDlaczego trzeba je\u015b\u0107 warzywa?\u201d. Maluchy dowiedzia\u0142y si\u0119 o tym, \u017ce marchewka zawiera du\u017co witaminy A, kt\u00f3ra jest potrzebna naszym oczom, ziemniaki zawieraj\u0105 du\u017co b\u0142onnika, dzi\u0119ki kt\u00f3remu lepiej pracuj\u0105 nasze brzuchy. A buraki s\u0105 pe\u0142ne witamin \u2013 potasu, wapnia i magnezu co dobrze wp\u0142ywaj\u0105 na nasze serce.<br \/>\n\u00a0\u00a0\u00a0\u00a0\u00a0 Dodatkowo przeczyta\u0142am \u201eRybkom\u201d Przygody Misia Paddingtona pt. \u201eZaginiona kanapka\u201d. Dzieci rozpozna\u0142y bohatera, uwa\u017cnie wys\u0142ucha\u0142y przygody z jak\u0105 si\u0119 zmaga\u0142 ma\u0142y nied\u017awiadek.<br \/>\n\u00a0\u00a0\u00a0\u00a0\u00a0 Za dzisiejsze spotkanie bardzo dzi\u0119kuj\u0119, na kolejne czekam z du\u017c\u0105 niecierpliwo\u015bci\u0105. Do mi\u0142ego zobaczenia.<br \/>\n\u00a0\u00a0\u00a0\u00a0\u00a0\u00a0\u00a0\u00a0\u00a0\u00a0\u00a0\u00a0\u00a0\u00a0\u00a0\u00a0\u00a0\u00a0\u00a0\u00a0\u00a0\u00a0\u00a0\u00a0\u00a0\u00a0\u00a0\u00a0\u00a0\u00a0\u00a0\u00a0\u00a0\u00a0\u00a0\u00a0\u00a0\u00a0\u00a0\u00a0\u00a0\u00a0\u00a0\u00a0\u00a0\u00a0\u00a0\u00a0\u00a0 Opr. Joanna Olejniczak<br \/>\n<img src='https:\/\/biblioteka-gabin.pl\/wp-content\/uploads\/archive\/pliki\/obraz\/2023_\/listopad\/368462020_1418640095695398_2671267959134481411_n.jpg'><br \/>\n<a href='https:\/\/biblioteka-gabin.pl\/wp-content\/uploads\/archive\/galleries\/544\/37028812510603479650855461309343440100921720n-f014ef12b9.jpg'><img style='max-height:300px;' src='https:\/\/biblioteka-gabin.pl\/wp-content\/uploads\/archive\/galleries\/544\/37028812510603479650855461309343440100921720n-f014ef12b9.jpg'><\/a><br \/>\n<a href='https:\/\/biblioteka-gabin.pl\/wp-content\/uploads\/archive\/galleries\/544\/38455476415256824249417431708517096421251742n-f49f1537f2.jpg'><img style='max-height:300px;' src='https:\/\/biblioteka-gabin.pl\/wp-content\/uploads\/archive\/galleries\/544\/38455476415256824249417431708517096421251742n-f49f1537f2.jpg'><\/a><br \/>\n<a href='https:\/\/biblioteka-gabin.pl\/wp-content\/uploads\/archive\/galleries\/544\/3875053267263185160284162213410083667281191n-ec01c729e3.jpg'><img style='max-height:300px;' src='https:\/\/biblioteka-gabin.pl\/wp-content\/uploads\/archive\/galleries\/544\/3875053267263185160284162213410083667281191n-ec01c729e3.jpg'><\/a><br \/>\n<a href='https:\/\/biblioteka-gabin.pl\/wp-content\/uploads\/archive\/galleries\/544\/37014880210032604174170658047946185083683794n-1a3c08ce23.jpg'><img style='max-height:300px;' src='https:\/\/biblioteka-gabin.pl\/wp-content\/uploads\/archive\/galleries\/544\/37014880210032604174170658047946185083683794n-1a3c08ce23.jpg'><\/a><br \/>\n<a href='https:\/\/biblioteka-gabin.pl\/wp-content\/uploads\/archive\/galleries\/544\/38747676115516112189467874643079145830691914n-78e8ca51ca.jpg'><img style='max-height:300px;' src='https:\/\/biblioteka-gabin.pl\/wp-content\/uploads\/archive\/galleries\/544\/38747676115516112189467874643079145830691914n-78e8ca51ca.jpg'><\/a><br \/>\n<a href='https:\/\/biblioteka-gabin.pl\/wp-content\/uploads\/archive\/galleries\/544\/385537285344558278264841544734479444533999n-ea7f54afc8.jpg'><img style='max-height:300px;' src='https:\/\/biblioteka-gabin.pl\/wp-content\/uploads\/archive\/galleries\/544\/385537285344558278264841544734479444533999n-ea7f54afc8.jpg'><\/a><br \/>\n<a href='https:\/\/biblioteka-gabin.pl\/wp-content\/uploads\/archive\/galleries\/544\/3688421586850108870960756199386104591091499n-2f5bb5bbdf.jpg'><img style='max-height:300px;' src='https:\/\/biblioteka-gabin.pl\/wp-content\/uploads\/archive\/galleries\/544\/3688421586850108870960756199386104591091499n-2f5bb5bbdf.jpg'><\/a><br \/>\n<a href='https:\/\/biblioteka-gabin.pl\/wp-content\/uploads\/archive\/galleries\/544\/3703150423621801095226438125028723227700768n-a0271778dc.jpg'><img style='max-height:300px;' src='https:\/\/biblioteka-gabin.pl\/wp-content\/uploads\/archive\/galleries\/544\/3703150423621801095226438125028723227700768n-a0271778dc.jpg'><\/a><br \/>\n<a href='https:\/\/biblioteka-gabin.pl\/wp-content\/uploads\/archive\/galleries\/544\/3854907837034191650697404065044899178634234n-9c378b82db.jpg'><img style='max-height:300px;' src='https:\/\/biblioteka-gabin.pl\/wp-content\/uploads\/archive\/galleries\/544\/3854907837034191650697404065044899178634234n-9c378b82db.jpg'><\/a><br \/>\n<a href='https:\/\/biblioteka-gabin.pl\/wp-content\/uploads\/archive\/galleries\/544\/36846202014186400956953982671267959134481411n-07758d311e.jpg'><img style='max-height:300px;' src='https:\/\/biblioteka-gabin.pl\/wp-content\/uploads\/archive\/galleries\/544\/36846202014186400956953982671267959134481411n-07758d311e.jpg'><\/a><br \/>\n<a href='https:\/\/biblioteka-gabin.pl\/wp-content\/uploads\/archive\/galleries\/544\/38556471014386302101123855731410909848478438n-331944419e.jpg'><img style='max-height:300px;' src='https:\/\/biblioteka-gabin.pl\/wp-content\/uploads\/archive\/galleries\/544\/38556471014386302101123855731410909848478438n-331944419e.jpg'><\/a><br \/>\n<a href='https:\/\/biblioteka-gabin.pl\/wp-content\/uploads\/archive\/galleries\/544\/38550590235735279096278243969871138364823473n-568feae710.jpg'><img style='max-height:300px;' src='https:\/\/biblioteka-gabin.pl\/wp-content\/uploads\/archive\/galleries\/544\/38550590235735279096278243969871138364823473n-568feae710.jpg'><\/a><br \/>\n<a href='https:\/\/biblioteka-gabin.pl\/wp-content\/uploads\/archive\/galleries\/544\/37154032420435706526872657230846878158450159n-6f46a76c16.jpg'><img style='max-height:300px;' src='https:\/\/biblioteka-gabin.pl\/wp-content\/uploads\/archive\/galleries\/544\/37154032420435706526872657230846878158450159n-6f46a76c16.jpg'><\/a><br \/>\n<a href='https:\/\/biblioteka-gabin.pl\/wp-content\/uploads\/archive\/galleries\/544\/36805863113821516690525273591937001992740669n-ab9c22f480.jpg'><img style='max-height:300px;' src='https:\/\/biblioteka-gabin.pl\/wp-content\/uploads\/archive\/galleries\/544\/36805863113821516690525273591937001992740669n-ab9c22f480.jpg'><\/a><\/p>\n","protected":false},"excerpt":{"rendered":"<p>Tematem dzisiejszego spotkania by\u0142a rozmowa dotycz\u0105ca opieki, troski nad zwierz\u0119tami.<\/p>\n","protected":false},"author":1,"featured_media":0,"comment_status":"open","ping_status":"open","sticky":false,"template":"","format":"standard","meta":{"footnotes":""},"categories":[36],"tags":[],"class_list":["post-8294","post","type-post","status-publish","format-standard","hentry","category-main"],"yoast_head":"<!-- This site is optimized with the Yoast SEO plugin v27.4 - https:\/\/yoast.com\/product\/yoast-seo-wordpress\/ -->\n<title>Pogadanka z dzie\u0107mi w Przedszkolu w Podlasiu (22.11.2023r.) - Miejsko-Gminna Biblioteka Publiczna w G\u0105binie<\/title>\n<meta name=\"robots\" content=\"index, follow, max-snippet:-1, max-image-preview:large, max-video-preview:-1\" \/>\n<link rel=\"canonical\" href=\"https:\/\/biblioteka-gabin.pl\/index.php\/2023\/11\/22\/pogadanka-z-dziecmi-w-przedszkolu-w-podlasiu-22-11-2023r\/\" \/>\n<meta property=\"og:locale\" content=\"pl_PL\" \/>\n<meta property=\"og:type\" content=\"article\" \/>\n<meta property=\"og:title\" content=\"Pogadanka z dzie\u0107mi w Przedszkolu w Podlasiu (22.11.2023r.) - Miejsko-Gminna Biblioteka Publiczna w G\u0105binie\" \/>\n<meta property=\"og:description\" content=\"Tematem dzisiejszego spotkania by\u0142a rozmowa dotycz\u0105ca opieki, troski nad zwierz\u0119tami.\" \/>\n<meta property=\"og:url\" content=\"https:\/\/biblioteka-gabin.pl\/index.php\/2023\/11\/22\/pogadanka-z-dziecmi-w-przedszkolu-w-podlasiu-22-11-2023r\/\" \/>\n<meta property=\"og:site_name\" content=\"Miejsko-Gminna Biblioteka Publiczna w G\u0105binie\" \/>\n<meta property=\"article:publisher\" content=\"https:\/\/www.facebook.com\/bibliotekagabin\" \/>\n<meta property=\"article:published_time\" content=\"2023-11-22T00:00:00+00:00\" \/>\n<meta property=\"og:image\" content=\"https:\/\/biblioteka-gabin.pl\/wp-content\/uploads\/archive\/pliki\/obraz\/2023_\/listopad\/368462020_1418640095695398_2671267959134481411_n.jpg\" \/>\n<meta name=\"author\" content=\"admin\" \/>\n<meta name=\"twitter:card\" content=\"summary_large_image\" \/>\n<meta name=\"twitter:label1\" content=\"Napisane przez\" \/>\n\t<meta name=\"twitter:data1\" content=\"admin\" \/>\n\t<meta name=\"twitter:label2\" content=\"Szacowany czas czytania\" \/>\n\t<meta name=\"twitter:data2\" content=\"1 minuta\" \/>\n<script type=\"application\/ld+json\" class=\"yoast-schema-graph\">{\"@context\":\"https:\\\/\\\/schema.org\",\"@graph\":[{\"@type\":\"Article\",\"@id\":\"https:\\\/\\\/biblioteka-gabin.pl\\\/index.php\\\/2023\\\/11\\\/22\\\/pogadanka-z-dziecmi-w-przedszkolu-w-podlasiu-22-11-2023r\\\/#article\",\"isPartOf\":{\"@id\":\"https:\\\/\\\/biblioteka-gabin.pl\\\/index.php\\\/2023\\\/11\\\/22\\\/pogadanka-z-dziecmi-w-przedszkolu-w-podlasiu-22-11-2023r\\\/\"},\"author\":{\"name\":\"admin\",\"@id\":\"https:\\\/\\\/biblioteka-gabin.pl\\\/#\\\/schema\\\/person\\\/2067b97c24663d987ef6ef95bed7c99a\"},\"headline\":\"Pogadanka z dzie\u0107mi w Przedszkolu w Podlasiu (22.11.2023r.)\",\"datePublished\":\"2023-11-22T00:00:00+00:00\",\"mainEntityOfPage\":{\"@id\":\"https:\\\/\\\/biblioteka-gabin.pl\\\/index.php\\\/2023\\\/11\\\/22\\\/pogadanka-z-dziecmi-w-przedszkolu-w-podlasiu-22-11-2023r\\\/\"},\"wordCount\":269,\"commentCount\":0,\"publisher\":{\"@id\":\"https:\\\/\\\/biblioteka-gabin.pl\\\/#organization\"},\"image\":{\"@id\":\"https:\\\/\\\/biblioteka-gabin.pl\\\/index.php\\\/2023\\\/11\\\/22\\\/pogadanka-z-dziecmi-w-przedszkolu-w-podlasiu-22-11-2023r\\\/#primaryimage\"},\"thumbnailUrl\":\"https:\\\/\\\/biblioteka-gabin.pl\\\/wp-content\\\/uploads\\\/archive\\\/pliki\\\/obraz\\\/2023_\\\/listopad\\\/368462020_1418640095695398_2671267959134481411_n.jpg\",\"articleSection\":[\"Main\"],\"inLanguage\":\"pl-PL\",\"potentialAction\":[{\"@type\":\"CommentAction\",\"name\":\"Comment\",\"target\":[\"https:\\\/\\\/biblioteka-gabin.pl\\\/index.php\\\/2023\\\/11\\\/22\\\/pogadanka-z-dziecmi-w-przedszkolu-w-podlasiu-22-11-2023r\\\/#respond\"]}]},{\"@type\":\"WebPage\",\"@id\":\"https:\\\/\\\/biblioteka-gabin.pl\\\/index.php\\\/2023\\\/11\\\/22\\\/pogadanka-z-dziecmi-w-przedszkolu-w-podlasiu-22-11-2023r\\\/\",\"url\":\"https:\\\/\\\/biblioteka-gabin.pl\\\/index.php\\\/2023\\\/11\\\/22\\\/pogadanka-z-dziecmi-w-przedszkolu-w-podlasiu-22-11-2023r\\\/\",\"name\":\"Pogadanka z dzie\u0107mi w Przedszkolu w Podlasiu (22.11.2023r.) - Miejsko-Gminna Biblioteka Publiczna w G\u0105binie\",\"isPartOf\":{\"@id\":\"https:\\\/\\\/biblioteka-gabin.pl\\\/#website\"},\"primaryImageOfPage\":{\"@id\":\"https:\\\/\\\/biblioteka-gabin.pl\\\/index.php\\\/2023\\\/11\\\/22\\\/pogadanka-z-dziecmi-w-przedszkolu-w-podlasiu-22-11-2023r\\\/#primaryimage\"},\"image\":{\"@id\":\"https:\\\/\\\/biblioteka-gabin.pl\\\/index.php\\\/2023\\\/11\\\/22\\\/pogadanka-z-dziecmi-w-przedszkolu-w-podlasiu-22-11-2023r\\\/#primaryimage\"},\"thumbnailUrl\":\"https:\\\/\\\/biblioteka-gabin.pl\\\/wp-content\\\/uploads\\\/archive\\\/pliki\\\/obraz\\\/2023_\\\/listopad\\\/368462020_1418640095695398_2671267959134481411_n.jpg\",\"datePublished\":\"2023-11-22T00:00:00+00:00\",\"breadcrumb\":{\"@id\":\"https:\\\/\\\/biblioteka-gabin.pl\\\/index.php\\\/2023\\\/11\\\/22\\\/pogadanka-z-dziecmi-w-przedszkolu-w-podlasiu-22-11-2023r\\\/#breadcrumb\"},\"inLanguage\":\"pl-PL\",\"potentialAction\":[{\"@type\":\"ReadAction\",\"target\":[\"https:\\\/\\\/biblioteka-gabin.pl\\\/index.php\\\/2023\\\/11\\\/22\\\/pogadanka-z-dziecmi-w-przedszkolu-w-podlasiu-22-11-2023r\\\/\"]}]},{\"@type\":\"ImageObject\",\"inLanguage\":\"pl-PL\",\"@id\":\"https:\\\/\\\/biblioteka-gabin.pl\\\/index.php\\\/2023\\\/11\\\/22\\\/pogadanka-z-dziecmi-w-przedszkolu-w-podlasiu-22-11-2023r\\\/#primaryimage\",\"url\":\"https:\\\/\\\/biblioteka-gabin.pl\\\/wp-content\\\/uploads\\\/archive\\\/pliki\\\/obraz\\\/2023_\\\/listopad\\\/368462020_1418640095695398_2671267959134481411_n.jpg\",\"contentUrl\":\"https:\\\/\\\/biblioteka-gabin.pl\\\/wp-content\\\/uploads\\\/archive\\\/pliki\\\/obraz\\\/2023_\\\/listopad\\\/368462020_1418640095695398_2671267959134481411_n.jpg\"},{\"@type\":\"BreadcrumbList\",\"@id\":\"https:\\\/\\\/biblioteka-gabin.pl\\\/index.php\\\/2023\\\/11\\\/22\\\/pogadanka-z-dziecmi-w-przedszkolu-w-podlasiu-22-11-2023r\\\/#breadcrumb\",\"itemListElement\":[{\"@type\":\"ListItem\",\"position\":1,\"name\":\"Strona g\u0142\u00f3wna\",\"item\":\"https:\\\/\\\/biblioteka-gabin.pl\\\/\"},{\"@type\":\"ListItem\",\"position\":2,\"name\":\"Pogadanka z dzie\u0107mi w Przedszkolu w Podlasiu (22.11.2023r.)\"}]},{\"@type\":\"WebSite\",\"@id\":\"https:\\\/\\\/biblioteka-gabin.pl\\\/#website\",\"url\":\"https:\\\/\\\/biblioteka-gabin.pl\\\/\",\"name\":\"Miejsko-Gminna Biblioteka Publiczna w G\u0105binie\",\"description\":\"\",\"publisher\":{\"@id\":\"https:\\\/\\\/biblioteka-gabin.pl\\\/#organization\"},\"potentialAction\":[{\"@type\":\"SearchAction\",\"target\":{\"@type\":\"EntryPoint\",\"urlTemplate\":\"https:\\\/\\\/biblioteka-gabin.pl\\\/?s={search_term_string}\"},\"query-input\":{\"@type\":\"PropertyValueSpecification\",\"valueRequired\":true,\"valueName\":\"search_term_string\"}}],\"inLanguage\":\"pl-PL\"},{\"@type\":\"Organization\",\"@id\":\"https:\\\/\\\/biblioteka-gabin.pl\\\/#organization\",\"name\":\"Miejsko-Gminna Biblioteka Publiczna w G\u0105binie\",\"url\":\"https:\\\/\\\/biblioteka-gabin.pl\\\/\",\"logo\":{\"@type\":\"ImageObject\",\"inLanguage\":\"pl-PL\",\"@id\":\"https:\\\/\\\/biblioteka-gabin.pl\\\/#\\\/schema\\\/logo\\\/image\\\/\",\"url\":\"https:\\\/\\\/biblioteka-gabin.pl\\\/wp-content\\\/uploads\\\/2025\\\/03\\\/logo-biblioteka-2-1657013691-1.jpg\",\"contentUrl\":\"https:\\\/\\\/biblioteka-gabin.pl\\\/wp-content\\\/uploads\\\/2025\\\/03\\\/logo-biblioteka-2-1657013691-1.jpg\",\"width\":1600,\"height\":772,\"caption\":\"Miejsko-Gminna Biblioteka Publiczna w G\u0105binie\"},\"image\":{\"@id\":\"https:\\\/\\\/biblioteka-gabin.pl\\\/#\\\/schema\\\/logo\\\/image\\\/\"},\"sameAs\":[\"https:\\\/\\\/www.facebook.com\\\/bibliotekagabin\",\"https:\\\/\\\/www.youtube.com\\\/@mgbpgabin9392\"]},{\"@type\":\"Person\",\"@id\":\"https:\\\/\\\/biblioteka-gabin.pl\\\/#\\\/schema\\\/person\\\/2067b97c24663d987ef6ef95bed7c99a\",\"name\":\"admin\",\"image\":{\"@type\":\"ImageObject\",\"inLanguage\":\"pl-PL\",\"@id\":\"https:\\\/\\\/secure.gravatar.com\\\/avatar\\\/e1843904e97b4e376a0fc90ae10372cd31bce9b207a7a3d2ca68fc7ca7e4174c?s=96&d=mm&r=g\",\"url\":\"https:\\\/\\\/secure.gravatar.com\\\/avatar\\\/e1843904e97b4e376a0fc90ae10372cd31bce9b207a7a3d2ca68fc7ca7e4174c?s=96&d=mm&r=g\",\"contentUrl\":\"https:\\\/\\\/secure.gravatar.com\\\/avatar\\\/e1843904e97b4e376a0fc90ae10372cd31bce9b207a7a3d2ca68fc7ca7e4174c?s=96&d=mm&r=g\",\"caption\":\"admin\"},\"sameAs\":[\"http:\\\/\\\/strona.biblioteka-gabin.pl\"],\"url\":\"https:\\\/\\\/biblioteka-gabin.pl\\\/index.php\\\/author\\\/admin\\\/\"}]}<\/script>\n<!-- \/ Yoast SEO plugin. -->","yoast_head_json":{"title":"Pogadanka z dzie\u0107mi w Przedszkolu w Podlasiu (22.11.2023r.) - Miejsko-Gminna Biblioteka Publiczna w G\u0105binie","robots":{"index":"index","follow":"follow","max-snippet":"max-snippet:-1","max-image-preview":"max-image-preview:large","max-video-preview":"max-video-preview:-1"},"canonical":"https:\/\/biblioteka-gabin.pl\/index.php\/2023\/11\/22\/pogadanka-z-dziecmi-w-przedszkolu-w-podlasiu-22-11-2023r\/","og_locale":"pl_PL","og_type":"article","og_title":"Pogadanka z dzie\u0107mi w Przedszkolu w Podlasiu (22.11.2023r.) - Miejsko-Gminna Biblioteka Publiczna w G\u0105binie","og_description":"Tematem dzisiejszego spotkania by\u0142a rozmowa dotycz\u0105ca opieki, troski nad zwierz\u0119tami.","og_url":"https:\/\/biblioteka-gabin.pl\/index.php\/2023\/11\/22\/pogadanka-z-dziecmi-w-przedszkolu-w-podlasiu-22-11-2023r\/","og_site_name":"Miejsko-Gminna Biblioteka Publiczna w G\u0105binie","article_publisher":"https:\/\/www.facebook.com\/bibliotekagabin","article_published_time":"2023-11-22T00:00:00+00:00","og_image":[{"url":"https:\/\/biblioteka-gabin.pl\/wp-content\/uploads\/archive\/pliki\/obraz\/2023_\/listopad\/368462020_1418640095695398_2671267959134481411_n.jpg","type":"","width":"","height":""}],"author":"admin","twitter_card":"summary_large_image","twitter_misc":{"Napisane przez":"admin","Szacowany czas czytania":"1 minuta"},"schema":{"@context":"https:\/\/schema.org","@graph":[{"@type":"Article","@id":"https:\/\/biblioteka-gabin.pl\/index.php\/2023\/11\/22\/pogadanka-z-dziecmi-w-przedszkolu-w-podlasiu-22-11-2023r\/#article","isPartOf":{"@id":"https:\/\/biblioteka-gabin.pl\/index.php\/2023\/11\/22\/pogadanka-z-dziecmi-w-przedszkolu-w-podlasiu-22-11-2023r\/"},"author":{"name":"admin","@id":"https:\/\/biblioteka-gabin.pl\/#\/schema\/person\/2067b97c24663d987ef6ef95bed7c99a"},"headline":"Pogadanka z dzie\u0107mi w Przedszkolu w Podlasiu (22.11.2023r.)","datePublished":"2023-11-22T00:00:00+00:00","mainEntityOfPage":{"@id":"https:\/\/biblioteka-gabin.pl\/index.php\/2023\/11\/22\/pogadanka-z-dziecmi-w-przedszkolu-w-podlasiu-22-11-2023r\/"},"wordCount":269,"commentCount":0,"publisher":{"@id":"https:\/\/biblioteka-gabin.pl\/#organization"},"image":{"@id":"https:\/\/biblioteka-gabin.pl\/index.php\/2023\/11\/22\/pogadanka-z-dziecmi-w-przedszkolu-w-podlasiu-22-11-2023r\/#primaryimage"},"thumbnailUrl":"https:\/\/biblioteka-gabin.pl\/wp-content\/uploads\/archive\/pliki\/obraz\/2023_\/listopad\/368462020_1418640095695398_2671267959134481411_n.jpg","articleSection":["Main"],"inLanguage":"pl-PL","potentialAction":[{"@type":"CommentAction","name":"Comment","target":["https:\/\/biblioteka-gabin.pl\/index.php\/2023\/11\/22\/pogadanka-z-dziecmi-w-przedszkolu-w-podlasiu-22-11-2023r\/#respond"]}]},{"@type":"WebPage","@id":"https:\/\/biblioteka-gabin.pl\/index.php\/2023\/11\/22\/pogadanka-z-dziecmi-w-przedszkolu-w-podlasiu-22-11-2023r\/","url":"https:\/\/biblioteka-gabin.pl\/index.php\/2023\/11\/22\/pogadanka-z-dziecmi-w-przedszkolu-w-podlasiu-22-11-2023r\/","name":"Pogadanka z dzie\u0107mi w Przedszkolu w Podlasiu (22.11.2023r.) - Miejsko-Gminna Biblioteka Publiczna w G\u0105binie","isPartOf":{"@id":"https:\/\/biblioteka-gabin.pl\/#website"},"primaryImageOfPage":{"@id":"https:\/\/biblioteka-gabin.pl\/index.php\/2023\/11\/22\/pogadanka-z-dziecmi-w-przedszkolu-w-podlasiu-22-11-2023r\/#primaryimage"},"image":{"@id":"https:\/\/biblioteka-gabin.pl\/index.php\/2023\/11\/22\/pogadanka-z-dziecmi-w-przedszkolu-w-podlasiu-22-11-2023r\/#primaryimage"},"thumbnailUrl":"https:\/\/biblioteka-gabin.pl\/wp-content\/uploads\/archive\/pliki\/obraz\/2023_\/listopad\/368462020_1418640095695398_2671267959134481411_n.jpg","datePublished":"2023-11-22T00:00:00+00:00","breadcrumb":{"@id":"https:\/\/biblioteka-gabin.pl\/index.php\/2023\/11\/22\/pogadanka-z-dziecmi-w-przedszkolu-w-podlasiu-22-11-2023r\/#breadcrumb"},"inLanguage":"pl-PL","potentialAction":[{"@type":"ReadAction","target":["https:\/\/biblioteka-gabin.pl\/index.php\/2023\/11\/22\/pogadanka-z-dziecmi-w-przedszkolu-w-podlasiu-22-11-2023r\/"]}]},{"@type":"ImageObject","inLanguage":"pl-PL","@id":"https:\/\/biblioteka-gabin.pl\/index.php\/2023\/11\/22\/pogadanka-z-dziecmi-w-przedszkolu-w-podlasiu-22-11-2023r\/#primaryimage","url":"https:\/\/biblioteka-gabin.pl\/wp-content\/uploads\/archive\/pliki\/obraz\/2023_\/listopad\/368462020_1418640095695398_2671267959134481411_n.jpg","contentUrl":"https:\/\/biblioteka-gabin.pl\/wp-content\/uploads\/archive\/pliki\/obraz\/2023_\/listopad\/368462020_1418640095695398_2671267959134481411_n.jpg"},{"@type":"BreadcrumbList","@id":"https:\/\/biblioteka-gabin.pl\/index.php\/2023\/11\/22\/pogadanka-z-dziecmi-w-przedszkolu-w-podlasiu-22-11-2023r\/#breadcrumb","itemListElement":[{"@type":"ListItem","position":1,"name":"Strona g\u0142\u00f3wna","item":"https:\/\/biblioteka-gabin.pl\/"},{"@type":"ListItem","position":2,"name":"Pogadanka z dzie\u0107mi w Przedszkolu w Podlasiu (22.11.2023r.)"}]},{"@type":"WebSite","@id":"https:\/\/biblioteka-gabin.pl\/#website","url":"https:\/\/biblioteka-gabin.pl\/","name":"Miejsko-Gminna Biblioteka Publiczna w G\u0105binie","description":"","publisher":{"@id":"https:\/\/biblioteka-gabin.pl\/#organization"},"potentialAction":[{"@type":"SearchAction","target":{"@type":"EntryPoint","urlTemplate":"https:\/\/biblioteka-gabin.pl\/?s={search_term_string}"},"query-input":{"@type":"PropertyValueSpecification","valueRequired":true,"valueName":"search_term_string"}}],"inLanguage":"pl-PL"},{"@type":"Organization","@id":"https:\/\/biblioteka-gabin.pl\/#organization","name":"Miejsko-Gminna Biblioteka Publiczna w G\u0105binie","url":"https:\/\/biblioteka-gabin.pl\/","logo":{"@type":"ImageObject","inLanguage":"pl-PL","@id":"https:\/\/biblioteka-gabin.pl\/#\/schema\/logo\/image\/","url":"https:\/\/biblioteka-gabin.pl\/wp-content\/uploads\/2025\/03\/logo-biblioteka-2-1657013691-1.jpg","contentUrl":"https:\/\/biblioteka-gabin.pl\/wp-content\/uploads\/2025\/03\/logo-biblioteka-2-1657013691-1.jpg","width":1600,"height":772,"caption":"Miejsko-Gminna Biblioteka Publiczna w G\u0105binie"},"image":{"@id":"https:\/\/biblioteka-gabin.pl\/#\/schema\/logo\/image\/"},"sameAs":["https:\/\/www.facebook.com\/bibliotekagabin","https:\/\/www.youtube.com\/@mgbpgabin9392"]},{"@type":"Person","@id":"https:\/\/biblioteka-gabin.pl\/#\/schema\/person\/2067b97c24663d987ef6ef95bed7c99a","name":"admin","image":{"@type":"ImageObject","inLanguage":"pl-PL","@id":"https:\/\/secure.gravatar.com\/avatar\/e1843904e97b4e376a0fc90ae10372cd31bce9b207a7a3d2ca68fc7ca7e4174c?s=96&d=mm&r=g","url":"https:\/\/secure.gravatar.com\/avatar\/e1843904e97b4e376a0fc90ae10372cd31bce9b207a7a3d2ca68fc7ca7e4174c?s=96&d=mm&r=g","contentUrl":"https:\/\/secure.gravatar.com\/avatar\/e1843904e97b4e376a0fc90ae10372cd31bce9b207a7a3d2ca68fc7ca7e4174c?s=96&d=mm&r=g","caption":"admin"},"sameAs":["http:\/\/strona.biblioteka-gabin.pl"],"url":"https:\/\/biblioteka-gabin.pl\/index.php\/author\/admin\/"}]}},"_links":{"self":[{"href":"https:\/\/biblioteka-gabin.pl\/index.php\/wp-json\/wp\/v2\/posts\/8294","targetHints":{"allow":["GET"]}}],"collection":[{"href":"https:\/\/biblioteka-gabin.pl\/index.php\/wp-json\/wp\/v2\/posts"}],"about":[{"href":"https:\/\/biblioteka-gabin.pl\/index.php\/wp-json\/wp\/v2\/types\/post"}],"author":[{"embeddable":true,"href":"https:\/\/biblioteka-gabin.pl\/index.php\/wp-json\/wp\/v2\/users\/1"}],"replies":[{"embeddable":true,"href":"https:\/\/biblioteka-gabin.pl\/index.php\/wp-json\/wp\/v2\/comments?post=8294"}],"version-history":[{"count":0,"href":"https:\/\/biblioteka-gabin.pl\/index.php\/wp-json\/wp\/v2\/posts\/8294\/revisions"}],"wp:attachment":[{"href":"https:\/\/biblioteka-gabin.pl\/index.php\/wp-json\/wp\/v2\/media?parent=8294"}],"wp:term":[{"taxonomy":"category","embeddable":true,"href":"https:\/\/biblioteka-gabin.pl\/index.php\/wp-json\/wp\/v2\/categories?post=8294"},{"taxonomy":"post_tag","embeddable":true,"href":"https:\/\/biblioteka-gabin.pl\/index.php\/wp-json\/wp\/v2\/tags?post=8294"}],"curies":[{"name":"wp","href":"https:\/\/api.w.org\/{rel}","templated":true}]}}