{"id":8297,"date":"2023-04-18T00:00:00","date_gmt":"2023-04-18T00:00:00","guid":{"rendered":"https:\/\/biblioteka-gabin.pl\/index.php\/2023\/04\/18\/pogadanka-z-grupa-pszczolek-w-oddziale-i-punkcie-przedszkolnym-w-nowym-grabiu-18-04-23-r\/"},"modified":"2023-04-18T00:00:00","modified_gmt":"2023-04-18T00:00:00","slug":"pogadanka-z-grupa-pszczolek-w-oddziale-i-punkcie-przedszkolnym-w-nowym-grabiu-18-04-23-r","status":"publish","type":"post","link":"https:\/\/biblioteka-gabin.pl\/index.php\/2023\/04\/18\/pogadanka-z-grupa-pszczolek-w-oddziale-i-punkcie-przedszkolnym-w-nowym-grabiu-18-04-23-r\/","title":{"rendered":"Pogadanka z grup\u0105 ,,Pszcz\u00f3\u0142ek&#8221; w Oddziale i Punkcie Przedszkolnym w Nowym Grabiu (18.04.23 r.)"},"content":{"rendered":"<p>,,Otwieram oczy, otwieram uszy i patrz\u0119 jak ksi\u0105\u017cka si\u0119 poruszy.\u201d \u2013 powtarza\u0142y rymowank\u0119 dzieci z Oddzia\u0142u i Punktu Przedszkolnego w Nowym Grabiu na dzisiejszych zaj\u0119ciach. Po powy\u017cszych s\u0142owach Karolina K\u0119dzia wzi\u0119\u0142a zbi\u00f3r opowie\u015bci pt. ,,Krasnal w krzywej czapce\u201d i \u00a0unosi\u0142a je do g\u00f3ry za ok\u0142adk\u0119, poruszaj\u0105c poziomo w powietrzu jakby fruwa\u0142y.<br \/>\n\u00a0 \u00a0\u00a0\u00a0\u00a0\u00a0\u00a0\u00a0Z ,,lataj\u0105cego zbioru\u201d zosta\u0142o przeczytane opowiadanie autorstwa Wojciecha Wid\u0142aka pt. ,,Historia osio\u0142ka. Dzie\u0144\u201d. Bohater ,,Wi\u00f3z\u0142 Kr\u00f3la! Przy drodze zbierali si\u0119 ludzie. Machali r\u0119kami, \u015bmiali si\u0119, rzucali pod nogi (\u2026) zielone ga\u0142\u0105zki, a czasem nawet p\u0142aszcze.\u201d \u2013 us\u0142ysza\u0142y dzieci. Bibliotekarka podkre\u015bli\u0142a, \u017ce fragment ksi\u0105\u017cki jest zwi\u0105zany z Wielkanoc\u0105. ,,<<Rado\u015b\u0107! \u2013 wo\u0142ali.(\u2026) Nadchodzi nowe kr\u00f3lestwo! Rado\u015b\u0107!>>\u201d \u2013 przeczyta\u0142a dalsz\u0105 cz\u0119\u015b\u0107 historii.<br \/>\n\u00a0\u00a0\u00a0\u00a0\u00a0 Nawi\u0105zuj\u0105c do tematu \u015awi\u0105t grupa Pszcz\u00f3\u0142ek wymieni\u0142a zwierz\u0119ta, kt\u00f3re kojarz\u0105 im si\u0119 z wielkanocnym czasem. W\u015br\u00f3d nich znalaz\u0142y si\u0119 kr\u00f3lik, kurczak, baranek, osio\u0142, o kt\u00f3rym by\u0142a mowa w opowiadaniu, a nawet krowa.<br \/>\n\u00a0\u00a0\u00a0\u00a0 Podkre\u015blaj\u0105c, \u017ce \u015awi\u0119ta s\u0105 zwi\u0105zane z wiosn\u0105, rozwojem i rado\u015bci\u0105 dzieci na\u015bladowa\u0142y kwiaty, kt\u00f3re rosn\u0105. \u00a0Przy utworze ,,Wiosna\u201d A. Vivaldiego pocz\u0105tkowo kuca\u0142y i kuli\u0142y si\u0119 a nast\u0119pnie wstawa\u0142y i unosi\u0142y swoje r\u0119ce do g\u00f3ry, jakby chcia\u0142y dosi\u0119gn\u0105\u0107 nieba. \u00a0<br \/>\nOpr. Karolina K\u0119dzia<br \/>\n<img src='https:\/\/biblioteka-gabin.pl\/wp-content\/uploads\/archive\/pliki\/obraz\/2023_\/kwiecie\/339936991_3052511751716816_3608734072346383289_n1.jpg'><br \/>\n<iframe width='420' height='315' src='https:\/\/www.youtube.com\/embed\/s2s3dzZlLG0'><\/iframe><br \/>\n<iframe width='420' height='315' src='https:\/\/www.youtube.com\/embed\/aBreIpsAJNE'><\/iframe><br \/>\n<a href='https:\/\/biblioteka-gabin.pl\/wp-content\/uploads\/archive\/galleries\/470\/33993699130525117517168163608734072346383289n1-51169651cf.jpg'><img style='max-height:300px;' src='https:\/\/biblioteka-gabin.pl\/wp-content\/uploads\/archive\/galleries\/470\/33993699130525117517168163608734072346383289n1-51169651cf.jpg'><\/a><br \/>\n<a href='https:\/\/biblioteka-gabin.pl\/wp-content\/uploads\/archive\/galleries\/470\/34004754910003136013754335856342266158255017n-c60727f5bb.jpg'><img style='max-height:300px;' src='https:\/\/biblioteka-gabin.pl\/wp-content\/uploads\/archive\/galleries\/470\/34004754910003136013754335856342266158255017n-c60727f5bb.jpg'><\/a><br \/>\n<a href='https:\/\/biblioteka-gabin.pl\/wp-content\/uploads\/archive\/galleries\/470\/3403717386852421897789836664903246496337468n-e112ac642d.jpg'><img style='max-height:300px;' src='https:\/\/biblioteka-gabin.pl\/wp-content\/uploads\/archive\/galleries\/470\/3403717386852421897789836664903246496337468n-e112ac642d.jpg'><\/a><br \/>\n<a href='https:\/\/biblioteka-gabin.pl\/wp-content\/uploads\/archive\/galleries\/470\/3401675881844140677644254527713676377369710n-1fd1930b58.jpg'><img style='max-height:300px;' src='https:\/\/biblioteka-gabin.pl\/wp-content\/uploads\/archive\/galleries\/470\/3401675881844140677644254527713676377369710n-1fd1930b58.jpg'><\/a><br \/>\n<a href='https:\/\/biblioteka-gabin.pl\/wp-content\/uploads\/archive\/galleries\/470\/339289354190654083776278291457298253579696n-1a32521fda.jpg'><img style='max-height:300px;' src='https:\/\/biblioteka-gabin.pl\/wp-content\/uploads\/archive\/galleries\/470\/339289354190654083776278291457298253579696n-1a32521fda.jpg'><\/a><br \/>\n<a href='https:\/\/biblioteka-gabin.pl\/wp-content\/uploads\/archive\/galleries\/470\/34030204818301977706885923782233169373165215n-67a4aa3a99.jpg'><img style='max-height:300px;' src='https:\/\/biblioteka-gabin.pl\/wp-content\/uploads\/archive\/galleries\/470\/34030204818301977706885923782233169373165215n-67a4aa3a99.jpg'><\/a><br \/>\n<a href='https:\/\/biblioteka-gabin.pl\/wp-content\/uploads\/archive\/galleries\/470\/3401111325793004541778667764579044973935825n-a3c58b15a2.jpg'><img style='max-height:300px;' src='https:\/\/biblioteka-gabin.pl\/wp-content\/uploads\/archive\/galleries\/470\/3401111325793004541778667764579044973935825n-a3c58b15a2.jpg'><\/a><\/p>\n","protected":false},"excerpt":{"rendered":"<p>,,Otwieram oczy, otwieram uszy i patrz\u0119 jak ksi\u0105\u017cka si\u0119 poruszy.\u201d<\/p>\n","protected":false},"author":1,"featured_media":0,"comment_status":"open","ping_status":"open","sticky":false,"template":"","format":"standard","meta":{"footnotes":""},"categories":[36],"tags":[],"class_list":["post-8297","post","type-post","status-publish","format-standard","hentry","category-main"],"yoast_head":"<!-- This site is optimized with the Yoast SEO plugin v27.4 - https:\/\/yoast.com\/product\/yoast-seo-wordpress\/ -->\n<title>Pogadanka z grup\u0105 ,,Pszcz\u00f3\u0142ek&quot; w Oddziale i Punkcie Przedszkolnym w Nowym Grabiu (18.04.23 r.) - Miejsko-Gminna Biblioteka Publiczna w G\u0105binie<\/title>\n<meta name=\"robots\" content=\"index, follow, max-snippet:-1, max-image-preview:large, max-video-preview:-1\" \/>\n<link rel=\"canonical\" href=\"http:\/\/biblioteka-gabin.pl\/index.php\/2023\/04\/18\/pogadanka-z-grupa-pszczolek-w-oddziale-i-punkcie-przedszkolnym-w-nowym-grabiu-18-04-23-r\/\" \/>\n<meta property=\"og:locale\" content=\"pl_PL\" \/>\n<meta property=\"og:type\" content=\"article\" \/>\n<meta property=\"og:title\" content=\"Pogadanka z grup\u0105 ,,Pszcz\u00f3\u0142ek&quot; w Oddziale i Punkcie Przedszkolnym w Nowym Grabiu (18.04.23 r.) - Miejsko-Gminna Biblioteka Publiczna w G\u0105binie\" \/>\n<meta property=\"og:description\" content=\",,Otwieram oczy, otwieram uszy i patrz\u0119 jak ksi\u0105\u017cka si\u0119 poruszy.\u201d\" \/>\n<meta property=\"og:url\" content=\"http:\/\/biblioteka-gabin.pl\/index.php\/2023\/04\/18\/pogadanka-z-grupa-pszczolek-w-oddziale-i-punkcie-przedszkolnym-w-nowym-grabiu-18-04-23-r\/\" \/>\n<meta property=\"og:site_name\" content=\"Miejsko-Gminna Biblioteka Publiczna w G\u0105binie\" \/>\n<meta property=\"article:publisher\" content=\"https:\/\/www.facebook.com\/bibliotekagabin\" \/>\n<meta property=\"article:published_time\" content=\"2023-04-18T00:00:00+00:00\" \/>\n<meta property=\"og:image\" content=\"https:\/\/biblioteka-gabin.pl\/wp-content\/uploads\/archive\/pliki\/obraz\/2023_\/kwiecie\/339936991_3052511751716816_3608734072346383289_n1.jpg\" \/>\n<meta name=\"author\" content=\"admin\" \/>\n<meta name=\"twitter:card\" content=\"summary_large_image\" \/>\n<meta name=\"twitter:label1\" content=\"Napisane przez\" \/>\n\t<meta name=\"twitter:data1\" content=\"admin\" \/>\n\t<meta name=\"twitter:label2\" content=\"Szacowany czas czytania\" \/>\n\t<meta name=\"twitter:data2\" content=\"1 minuta\" \/>\n<script type=\"application\/ld+json\" class=\"yoast-schema-graph\">{\"@context\":\"https:\\\/\\\/schema.org\",\"@graph\":[{\"@type\":\"Article\",\"@id\":\"http:\\\/\\\/biblioteka-gabin.pl\\\/index.php\\\/2023\\\/04\\\/18\\\/pogadanka-z-grupa-pszczolek-w-oddziale-i-punkcie-przedszkolnym-w-nowym-grabiu-18-04-23-r\\\/#article\",\"isPartOf\":{\"@id\":\"http:\\\/\\\/biblioteka-gabin.pl\\\/index.php\\\/2023\\\/04\\\/18\\\/pogadanka-z-grupa-pszczolek-w-oddziale-i-punkcie-przedszkolnym-w-nowym-grabiu-18-04-23-r\\\/\"},\"author\":{\"name\":\"admin\",\"@id\":\"https:\\\/\\\/biblioteka-gabin.pl\\\/#\\\/schema\\\/person\\\/2067b97c24663d987ef6ef95bed7c99a\"},\"headline\":\"Pogadanka z grup\u0105 ,,Pszcz\u00f3\u0142ek&#8221; w Oddziale i Punkcie Przedszkolnym w Nowym Grabiu (18.04.23 r.)\",\"datePublished\":\"2023-04-18T00:00:00+00:00\",\"mainEntityOfPage\":{\"@id\":\"http:\\\/\\\/biblioteka-gabin.pl\\\/index.php\\\/2023\\\/04\\\/18\\\/pogadanka-z-grupa-pszczolek-w-oddziale-i-punkcie-przedszkolnym-w-nowym-grabiu-18-04-23-r\\\/\"},\"wordCount\":249,\"commentCount\":0,\"publisher\":{\"@id\":\"https:\\\/\\\/biblioteka-gabin.pl\\\/#organization\"},\"image\":{\"@id\":\"http:\\\/\\\/biblioteka-gabin.pl\\\/index.php\\\/2023\\\/04\\\/18\\\/pogadanka-z-grupa-pszczolek-w-oddziale-i-punkcie-przedszkolnym-w-nowym-grabiu-18-04-23-r\\\/#primaryimage\"},\"thumbnailUrl\":\"https:\\\/\\\/biblioteka-gabin.pl\\\/wp-content\\\/uploads\\\/archive\\\/pliki\\\/obraz\\\/2023_\\\/kwiecie\\\/339936991_3052511751716816_3608734072346383289_n1.jpg\",\"articleSection\":[\"Main\"],\"inLanguage\":\"pl-PL\",\"potentialAction\":[{\"@type\":\"CommentAction\",\"name\":\"Comment\",\"target\":[\"http:\\\/\\\/biblioteka-gabin.pl\\\/index.php\\\/2023\\\/04\\\/18\\\/pogadanka-z-grupa-pszczolek-w-oddziale-i-punkcie-przedszkolnym-w-nowym-grabiu-18-04-23-r\\\/#respond\"]}]},{\"@type\":\"WebPage\",\"@id\":\"http:\\\/\\\/biblioteka-gabin.pl\\\/index.php\\\/2023\\\/04\\\/18\\\/pogadanka-z-grupa-pszczolek-w-oddziale-i-punkcie-przedszkolnym-w-nowym-grabiu-18-04-23-r\\\/\",\"url\":\"http:\\\/\\\/biblioteka-gabin.pl\\\/index.php\\\/2023\\\/04\\\/18\\\/pogadanka-z-grupa-pszczolek-w-oddziale-i-punkcie-przedszkolnym-w-nowym-grabiu-18-04-23-r\\\/\",\"name\":\"Pogadanka z grup\u0105 ,,Pszcz\u00f3\u0142ek\\\" w Oddziale i Punkcie Przedszkolnym w Nowym Grabiu (18.04.23 r.) - Miejsko-Gminna Biblioteka Publiczna w G\u0105binie\",\"isPartOf\":{\"@id\":\"https:\\\/\\\/biblioteka-gabin.pl\\\/#website\"},\"primaryImageOfPage\":{\"@id\":\"http:\\\/\\\/biblioteka-gabin.pl\\\/index.php\\\/2023\\\/04\\\/18\\\/pogadanka-z-grupa-pszczolek-w-oddziale-i-punkcie-przedszkolnym-w-nowym-grabiu-18-04-23-r\\\/#primaryimage\"},\"image\":{\"@id\":\"http:\\\/\\\/biblioteka-gabin.pl\\\/index.php\\\/2023\\\/04\\\/18\\\/pogadanka-z-grupa-pszczolek-w-oddziale-i-punkcie-przedszkolnym-w-nowym-grabiu-18-04-23-r\\\/#primaryimage\"},\"thumbnailUrl\":\"https:\\\/\\\/biblioteka-gabin.pl\\\/wp-content\\\/uploads\\\/archive\\\/pliki\\\/obraz\\\/2023_\\\/kwiecie\\\/339936991_3052511751716816_3608734072346383289_n1.jpg\",\"datePublished\":\"2023-04-18T00:00:00+00:00\",\"breadcrumb\":{\"@id\":\"http:\\\/\\\/biblioteka-gabin.pl\\\/index.php\\\/2023\\\/04\\\/18\\\/pogadanka-z-grupa-pszczolek-w-oddziale-i-punkcie-przedszkolnym-w-nowym-grabiu-18-04-23-r\\\/#breadcrumb\"},\"inLanguage\":\"pl-PL\",\"potentialAction\":[{\"@type\":\"ReadAction\",\"target\":[\"http:\\\/\\\/biblioteka-gabin.pl\\\/index.php\\\/2023\\\/04\\\/18\\\/pogadanka-z-grupa-pszczolek-w-oddziale-i-punkcie-przedszkolnym-w-nowym-grabiu-18-04-23-r\\\/\"]}]},{\"@type\":\"ImageObject\",\"inLanguage\":\"pl-PL\",\"@id\":\"http:\\\/\\\/biblioteka-gabin.pl\\\/index.php\\\/2023\\\/04\\\/18\\\/pogadanka-z-grupa-pszczolek-w-oddziale-i-punkcie-przedszkolnym-w-nowym-grabiu-18-04-23-r\\\/#primaryimage\",\"url\":\"https:\\\/\\\/biblioteka-gabin.pl\\\/wp-content\\\/uploads\\\/archive\\\/pliki\\\/obraz\\\/2023_\\\/kwiecie\\\/339936991_3052511751716816_3608734072346383289_n1.jpg\",\"contentUrl\":\"https:\\\/\\\/biblioteka-gabin.pl\\\/wp-content\\\/uploads\\\/archive\\\/pliki\\\/obraz\\\/2023_\\\/kwiecie\\\/339936991_3052511751716816_3608734072346383289_n1.jpg\"},{\"@type\":\"BreadcrumbList\",\"@id\":\"http:\\\/\\\/biblioteka-gabin.pl\\\/index.php\\\/2023\\\/04\\\/18\\\/pogadanka-z-grupa-pszczolek-w-oddziale-i-punkcie-przedszkolnym-w-nowym-grabiu-18-04-23-r\\\/#breadcrumb\",\"itemListElement\":[{\"@type\":\"ListItem\",\"position\":1,\"name\":\"Strona g\u0142\u00f3wna\",\"item\":\"https:\\\/\\\/biblioteka-gabin.pl\\\/\"},{\"@type\":\"ListItem\",\"position\":2,\"name\":\"Pogadanka z grup\u0105 ,,Pszcz\u00f3\u0142ek&#8221; w Oddziale i Punkcie Przedszkolnym w Nowym Grabiu (18.04.23 r.)\"}]},{\"@type\":\"WebSite\",\"@id\":\"https:\\\/\\\/biblioteka-gabin.pl\\\/#website\",\"url\":\"https:\\\/\\\/biblioteka-gabin.pl\\\/\",\"name\":\"Miejsko-Gminna Biblioteka Publiczna w G\u0105binie\",\"description\":\"\",\"publisher\":{\"@id\":\"https:\\\/\\\/biblioteka-gabin.pl\\\/#organization\"},\"potentialAction\":[{\"@type\":\"SearchAction\",\"target\":{\"@type\":\"EntryPoint\",\"urlTemplate\":\"https:\\\/\\\/biblioteka-gabin.pl\\\/?s={search_term_string}\"},\"query-input\":{\"@type\":\"PropertyValueSpecification\",\"valueRequired\":true,\"valueName\":\"search_term_string\"}}],\"inLanguage\":\"pl-PL\"},{\"@type\":\"Organization\",\"@id\":\"https:\\\/\\\/biblioteka-gabin.pl\\\/#organization\",\"name\":\"Miejsko-Gminna Biblioteka Publiczna w G\u0105binie\",\"url\":\"https:\\\/\\\/biblioteka-gabin.pl\\\/\",\"logo\":{\"@type\":\"ImageObject\",\"inLanguage\":\"pl-PL\",\"@id\":\"https:\\\/\\\/biblioteka-gabin.pl\\\/#\\\/schema\\\/logo\\\/image\\\/\",\"url\":\"https:\\\/\\\/biblioteka-gabin.pl\\\/wp-content\\\/uploads\\\/2025\\\/03\\\/logo-biblioteka-2-1657013691-1.jpg\",\"contentUrl\":\"https:\\\/\\\/biblioteka-gabin.pl\\\/wp-content\\\/uploads\\\/2025\\\/03\\\/logo-biblioteka-2-1657013691-1.jpg\",\"width\":1600,\"height\":772,\"caption\":\"Miejsko-Gminna Biblioteka Publiczna w G\u0105binie\"},\"image\":{\"@id\":\"https:\\\/\\\/biblioteka-gabin.pl\\\/#\\\/schema\\\/logo\\\/image\\\/\"},\"sameAs\":[\"https:\\\/\\\/www.facebook.com\\\/bibliotekagabin\",\"https:\\\/\\\/www.youtube.com\\\/@mgbpgabin9392\"]},{\"@type\":\"Person\",\"@id\":\"https:\\\/\\\/biblioteka-gabin.pl\\\/#\\\/schema\\\/person\\\/2067b97c24663d987ef6ef95bed7c99a\",\"name\":\"admin\",\"image\":{\"@type\":\"ImageObject\",\"inLanguage\":\"pl-PL\",\"@id\":\"https:\\\/\\\/secure.gravatar.com\\\/avatar\\\/e1843904e97b4e376a0fc90ae10372cd31bce9b207a7a3d2ca68fc7ca7e4174c?s=96&d=mm&r=g\",\"url\":\"https:\\\/\\\/secure.gravatar.com\\\/avatar\\\/e1843904e97b4e376a0fc90ae10372cd31bce9b207a7a3d2ca68fc7ca7e4174c?s=96&d=mm&r=g\",\"contentUrl\":\"https:\\\/\\\/secure.gravatar.com\\\/avatar\\\/e1843904e97b4e376a0fc90ae10372cd31bce9b207a7a3d2ca68fc7ca7e4174c?s=96&d=mm&r=g\",\"caption\":\"admin\"},\"sameAs\":[\"http:\\\/\\\/strona.biblioteka-gabin.pl\"],\"url\":\"https:\\\/\\\/biblioteka-gabin.pl\\\/index.php\\\/author\\\/admin\\\/\"}]}<\/script>\n<!-- \/ Yoast SEO plugin. -->","yoast_head_json":{"title":"Pogadanka z grup\u0105 ,,Pszcz\u00f3\u0142ek\" w Oddziale i Punkcie Przedszkolnym w Nowym Grabiu (18.04.23 r.) - Miejsko-Gminna Biblioteka Publiczna w G\u0105binie","robots":{"index":"index","follow":"follow","max-snippet":"max-snippet:-1","max-image-preview":"max-image-preview:large","max-video-preview":"max-video-preview:-1"},"canonical":"http:\/\/biblioteka-gabin.pl\/index.php\/2023\/04\/18\/pogadanka-z-grupa-pszczolek-w-oddziale-i-punkcie-przedszkolnym-w-nowym-grabiu-18-04-23-r\/","og_locale":"pl_PL","og_type":"article","og_title":"Pogadanka z grup\u0105 ,,Pszcz\u00f3\u0142ek\" w Oddziale i Punkcie Przedszkolnym w Nowym Grabiu (18.04.23 r.) - Miejsko-Gminna Biblioteka Publiczna w G\u0105binie","og_description":",,Otwieram oczy, otwieram uszy i patrz\u0119 jak ksi\u0105\u017cka si\u0119 poruszy.\u201d","og_url":"http:\/\/biblioteka-gabin.pl\/index.php\/2023\/04\/18\/pogadanka-z-grupa-pszczolek-w-oddziale-i-punkcie-przedszkolnym-w-nowym-grabiu-18-04-23-r\/","og_site_name":"Miejsko-Gminna Biblioteka Publiczna w G\u0105binie","article_publisher":"https:\/\/www.facebook.com\/bibliotekagabin","article_published_time":"2023-04-18T00:00:00+00:00","og_image":[{"url":"https:\/\/biblioteka-gabin.pl\/wp-content\/uploads\/archive\/pliki\/obraz\/2023_\/kwiecie\/339936991_3052511751716816_3608734072346383289_n1.jpg","type":"","width":"","height":""}],"author":"admin","twitter_card":"summary_large_image","twitter_misc":{"Napisane przez":"admin","Szacowany czas czytania":"1 minuta"},"schema":{"@context":"https:\/\/schema.org","@graph":[{"@type":"Article","@id":"http:\/\/biblioteka-gabin.pl\/index.php\/2023\/04\/18\/pogadanka-z-grupa-pszczolek-w-oddziale-i-punkcie-przedszkolnym-w-nowym-grabiu-18-04-23-r\/#article","isPartOf":{"@id":"http:\/\/biblioteka-gabin.pl\/index.php\/2023\/04\/18\/pogadanka-z-grupa-pszczolek-w-oddziale-i-punkcie-przedszkolnym-w-nowym-grabiu-18-04-23-r\/"},"author":{"name":"admin","@id":"https:\/\/biblioteka-gabin.pl\/#\/schema\/person\/2067b97c24663d987ef6ef95bed7c99a"},"headline":"Pogadanka z grup\u0105 ,,Pszcz\u00f3\u0142ek&#8221; w Oddziale i Punkcie Przedszkolnym w Nowym Grabiu (18.04.23 r.)","datePublished":"2023-04-18T00:00:00+00:00","mainEntityOfPage":{"@id":"http:\/\/biblioteka-gabin.pl\/index.php\/2023\/04\/18\/pogadanka-z-grupa-pszczolek-w-oddziale-i-punkcie-przedszkolnym-w-nowym-grabiu-18-04-23-r\/"},"wordCount":249,"commentCount":0,"publisher":{"@id":"https:\/\/biblioteka-gabin.pl\/#organization"},"image":{"@id":"http:\/\/biblioteka-gabin.pl\/index.php\/2023\/04\/18\/pogadanka-z-grupa-pszczolek-w-oddziale-i-punkcie-przedszkolnym-w-nowym-grabiu-18-04-23-r\/#primaryimage"},"thumbnailUrl":"https:\/\/biblioteka-gabin.pl\/wp-content\/uploads\/archive\/pliki\/obraz\/2023_\/kwiecie\/339936991_3052511751716816_3608734072346383289_n1.jpg","articleSection":["Main"],"inLanguage":"pl-PL","potentialAction":[{"@type":"CommentAction","name":"Comment","target":["http:\/\/biblioteka-gabin.pl\/index.php\/2023\/04\/18\/pogadanka-z-grupa-pszczolek-w-oddziale-i-punkcie-przedszkolnym-w-nowym-grabiu-18-04-23-r\/#respond"]}]},{"@type":"WebPage","@id":"http:\/\/biblioteka-gabin.pl\/index.php\/2023\/04\/18\/pogadanka-z-grupa-pszczolek-w-oddziale-i-punkcie-przedszkolnym-w-nowym-grabiu-18-04-23-r\/","url":"http:\/\/biblioteka-gabin.pl\/index.php\/2023\/04\/18\/pogadanka-z-grupa-pszczolek-w-oddziale-i-punkcie-przedszkolnym-w-nowym-grabiu-18-04-23-r\/","name":"Pogadanka z grup\u0105 ,,Pszcz\u00f3\u0142ek\" w Oddziale i Punkcie Przedszkolnym w Nowym Grabiu (18.04.23 r.) - Miejsko-Gminna Biblioteka Publiczna w G\u0105binie","isPartOf":{"@id":"https:\/\/biblioteka-gabin.pl\/#website"},"primaryImageOfPage":{"@id":"http:\/\/biblioteka-gabin.pl\/index.php\/2023\/04\/18\/pogadanka-z-grupa-pszczolek-w-oddziale-i-punkcie-przedszkolnym-w-nowym-grabiu-18-04-23-r\/#primaryimage"},"image":{"@id":"http:\/\/biblioteka-gabin.pl\/index.php\/2023\/04\/18\/pogadanka-z-grupa-pszczolek-w-oddziale-i-punkcie-przedszkolnym-w-nowym-grabiu-18-04-23-r\/#primaryimage"},"thumbnailUrl":"https:\/\/biblioteka-gabin.pl\/wp-content\/uploads\/archive\/pliki\/obraz\/2023_\/kwiecie\/339936991_3052511751716816_3608734072346383289_n1.jpg","datePublished":"2023-04-18T00:00:00+00:00","breadcrumb":{"@id":"http:\/\/biblioteka-gabin.pl\/index.php\/2023\/04\/18\/pogadanka-z-grupa-pszczolek-w-oddziale-i-punkcie-przedszkolnym-w-nowym-grabiu-18-04-23-r\/#breadcrumb"},"inLanguage":"pl-PL","potentialAction":[{"@type":"ReadAction","target":["http:\/\/biblioteka-gabin.pl\/index.php\/2023\/04\/18\/pogadanka-z-grupa-pszczolek-w-oddziale-i-punkcie-przedszkolnym-w-nowym-grabiu-18-04-23-r\/"]}]},{"@type":"ImageObject","inLanguage":"pl-PL","@id":"http:\/\/biblioteka-gabin.pl\/index.php\/2023\/04\/18\/pogadanka-z-grupa-pszczolek-w-oddziale-i-punkcie-przedszkolnym-w-nowym-grabiu-18-04-23-r\/#primaryimage","url":"https:\/\/biblioteka-gabin.pl\/wp-content\/uploads\/archive\/pliki\/obraz\/2023_\/kwiecie\/339936991_3052511751716816_3608734072346383289_n1.jpg","contentUrl":"https:\/\/biblioteka-gabin.pl\/wp-content\/uploads\/archive\/pliki\/obraz\/2023_\/kwiecie\/339936991_3052511751716816_3608734072346383289_n1.jpg"},{"@type":"BreadcrumbList","@id":"http:\/\/biblioteka-gabin.pl\/index.php\/2023\/04\/18\/pogadanka-z-grupa-pszczolek-w-oddziale-i-punkcie-przedszkolnym-w-nowym-grabiu-18-04-23-r\/#breadcrumb","itemListElement":[{"@type":"ListItem","position":1,"name":"Strona g\u0142\u00f3wna","item":"https:\/\/biblioteka-gabin.pl\/"},{"@type":"ListItem","position":2,"name":"Pogadanka z grup\u0105 ,,Pszcz\u00f3\u0142ek&#8221; w Oddziale i Punkcie Przedszkolnym w Nowym Grabiu (18.04.23 r.)"}]},{"@type":"WebSite","@id":"https:\/\/biblioteka-gabin.pl\/#website","url":"https:\/\/biblioteka-gabin.pl\/","name":"Miejsko-Gminna Biblioteka Publiczna w G\u0105binie","description":"","publisher":{"@id":"https:\/\/biblioteka-gabin.pl\/#organization"},"potentialAction":[{"@type":"SearchAction","target":{"@type":"EntryPoint","urlTemplate":"https:\/\/biblioteka-gabin.pl\/?s={search_term_string}"},"query-input":{"@type":"PropertyValueSpecification","valueRequired":true,"valueName":"search_term_string"}}],"inLanguage":"pl-PL"},{"@type":"Organization","@id":"https:\/\/biblioteka-gabin.pl\/#organization","name":"Miejsko-Gminna Biblioteka Publiczna w G\u0105binie","url":"https:\/\/biblioteka-gabin.pl\/","logo":{"@type":"ImageObject","inLanguage":"pl-PL","@id":"https:\/\/biblioteka-gabin.pl\/#\/schema\/logo\/image\/","url":"https:\/\/biblioteka-gabin.pl\/wp-content\/uploads\/2025\/03\/logo-biblioteka-2-1657013691-1.jpg","contentUrl":"https:\/\/biblioteka-gabin.pl\/wp-content\/uploads\/2025\/03\/logo-biblioteka-2-1657013691-1.jpg","width":1600,"height":772,"caption":"Miejsko-Gminna Biblioteka Publiczna w G\u0105binie"},"image":{"@id":"https:\/\/biblioteka-gabin.pl\/#\/schema\/logo\/image\/"},"sameAs":["https:\/\/www.facebook.com\/bibliotekagabin","https:\/\/www.youtube.com\/@mgbpgabin9392"]},{"@type":"Person","@id":"https:\/\/biblioteka-gabin.pl\/#\/schema\/person\/2067b97c24663d987ef6ef95bed7c99a","name":"admin","image":{"@type":"ImageObject","inLanguage":"pl-PL","@id":"https:\/\/secure.gravatar.com\/avatar\/e1843904e97b4e376a0fc90ae10372cd31bce9b207a7a3d2ca68fc7ca7e4174c?s=96&d=mm&r=g","url":"https:\/\/secure.gravatar.com\/avatar\/e1843904e97b4e376a0fc90ae10372cd31bce9b207a7a3d2ca68fc7ca7e4174c?s=96&d=mm&r=g","contentUrl":"https:\/\/secure.gravatar.com\/avatar\/e1843904e97b4e376a0fc90ae10372cd31bce9b207a7a3d2ca68fc7ca7e4174c?s=96&d=mm&r=g","caption":"admin"},"sameAs":["http:\/\/strona.biblioteka-gabin.pl"],"url":"https:\/\/biblioteka-gabin.pl\/index.php\/author\/admin\/"}]}},"_links":{"self":[{"href":"https:\/\/biblioteka-gabin.pl\/index.php\/wp-json\/wp\/v2\/posts\/8297","targetHints":{"allow":["GET"]}}],"collection":[{"href":"https:\/\/biblioteka-gabin.pl\/index.php\/wp-json\/wp\/v2\/posts"}],"about":[{"href":"https:\/\/biblioteka-gabin.pl\/index.php\/wp-json\/wp\/v2\/types\/post"}],"author":[{"embeddable":true,"href":"https:\/\/biblioteka-gabin.pl\/index.php\/wp-json\/wp\/v2\/users\/1"}],"replies":[{"embeddable":true,"href":"https:\/\/biblioteka-gabin.pl\/index.php\/wp-json\/wp\/v2\/comments?post=8297"}],"version-history":[{"count":0,"href":"https:\/\/biblioteka-gabin.pl\/index.php\/wp-json\/wp\/v2\/posts\/8297\/revisions"}],"wp:attachment":[{"href":"https:\/\/biblioteka-gabin.pl\/index.php\/wp-json\/wp\/v2\/media?parent=8297"}],"wp:term":[{"taxonomy":"category","embeddable":true,"href":"https:\/\/biblioteka-gabin.pl\/index.php\/wp-json\/wp\/v2\/categories?post=8297"},{"taxonomy":"post_tag","embeddable":true,"href":"https:\/\/biblioteka-gabin.pl\/index.php\/wp-json\/wp\/v2\/tags?post=8297"}],"curies":[{"name":"wp","href":"https:\/\/api.w.org\/{rel}","templated":true}]}}