{"id":8298,"date":"2023-05-11T00:00:00","date_gmt":"2023-05-11T00:00:00","guid":{"rendered":"https:\/\/biblioteka-gabin.pl\/index.php\/2023\/05\/11\/pogadanka-z-grupa-pszczolek-z-oddzialu-i-punktu-przedszkolnego-w-nowym-grabiu-09-05-2023\/"},"modified":"2023-05-11T00:00:00","modified_gmt":"2023-05-11T00:00:00","slug":"pogadanka-z-grupa-pszczolek-z-oddzialu-i-punktu-przedszkolnego-w-nowym-grabiu-09-05-2023","status":"publish","type":"post","link":"https:\/\/biblioteka-gabin.pl\/index.php\/2023\/05\/11\/pogadanka-z-grupa-pszczolek-z-oddzialu-i-punktu-przedszkolnego-w-nowym-grabiu-09-05-2023\/","title":{"rendered":"Pogadanka z grup\u0105 &#8222;Pszcz\u00f3\u0142ek&#8221; z Oddzia\u0142u i Punktu Przedszkolnego w Nowym Grabiu (09.05.2023)"},"content":{"rendered":"<p>Dzisiejsza pogadanka z najm\u0142odsz\u0105 grup\u0105 \u201ePszcz\u00f3\u0142ki\u201d z Oddzia\u0142u i Punktu Przedszkolnego w Nowym Grabiu dotyczy\u0142a pojazd\u00f3w.<br \/>\n\u00a0\u00a0\u00a0 Na samym wst\u0119pie zada\u0142am dzieciom pytanie: Jakie znaj\u0105 pojazdy? Ca\u0142a grupa ochoczo zacz\u0119\u0142a zg\u0142asza\u0107 si\u0119 do odpowiedzi. Pad\u0142y m. in. koparka, auto, rower, traktor, karetka, w\u00f3z stra\u017cacki, radiow\u00f3z policyjny. Przy tych ostatnich zatrzyma\u0142am si\u0119 troch\u0119 d\u0142u\u017cej nawi\u0105zuj\u0105c, \u017ce s\u0105 to pojazdy uprzywilejowane.<br \/>\n\u00a0\u00a0\u00a0\u00a0 Nast\u0119pnie przeczyta\u0142am dzieciom ksi\u0105\u017ceczki pt. \u201e Pojazdy\u201d oraz \u201eKolorowe pojazdy\u201d, w kt\u00f3rej to Przedszkolaki mog\u0142y wys\u0142ucha\u0107 przyg\u00f3d\u00a0 o wcze\u015bniej wspomnianych przez nich pojazdach. Pojawi\u0142 si\u0119 tak\u017ce radiow\u00f3z policyjny, kt\u00f3ry przyku\u0142 najwi\u0119ksz\u0105 uwag\u0119 dzieci, najwi\u0119cej pad\u0142o informacji na jego temat.<br \/>\n\u00a0\u00a0 Z ksi\u0105\u017ceczki pt. \u201eKolorowe pojazdy\u201d najm\u0142odsi wys\u0142uchali tak\u017ce dodatkowych zagadek zwi\u0105zanych z pojazdami, takich jak: odnale\u017a\u0107 na ilustracji w jakim kolorze jest koparka ,kt\u00f3r\u0105 kierowa\u0142 lew Leon czy jakiego koloru jest spychacz bobra Tymka.<br \/>\n\u00a0\u00a0\u00a0 Wszystkim \u201ePszcz\u00f3\u0142kom\u201d dzi\u0119kuj\u0119 za spotkanie, niebawem widzimy si\u0119 ponownie, a tym samym m\u00f3wi\u0119: Do mi\u0142ego zobaczenia!<br \/>\n\u00a0\u00a0\u00a0\u00a0\u00a0\u00a0\u00a0\u00a0\u00a0\u00a0\u00a0\u00a0\u00a0\u00a0\u00a0\u00a0\u00a0\u00a0\u00a0\u00a0\u00a0\u00a0\u00a0\u00a0\u00a0\u00a0\u00a0\u00a0\u00a0\u00a0\u00a0\u00a0\u00a0\u00a0\u00a0\u00a0\u00a0\u00a0\u00a0\u00a0\u00a0 \u00a0\u00a0\u00a0\u00a0\u00a0\u00a0\u00a0\u00a0\u00a0\u00a0\u00a0\u00a0\u00a0\u00a0\u00a0\u00a0Opr. Joanna Olejniczak<br \/>\n<img src='https:\/\/biblioteka-gabin.pl\/wp-content\/uploads\/archive\/pliki\/obraz\/2023_\/kwiecie\/345006063_993894688648862_6457810429938654228_n.jpg'><br \/>\n<a href='https:\/\/biblioteka-gabin.pl\/wp-content\/uploads\/archive\/galleries\/475\/34389116258634197171009647991815956450412753n-6eb81194c8.jpg'><img style='max-height:300px;' src='https:\/\/biblioteka-gabin.pl\/wp-content\/uploads\/archive\/galleries\/475\/34389116258634197171009647991815956450412753n-6eb81194c8.jpg'><\/a><br \/>\n<a href='https:\/\/biblioteka-gabin.pl\/wp-content\/uploads\/archive\/galleries\/475\/3430959322930548797223396091951574008682735n-6d85926165.jpg'><img style='max-height:300px;' src='https:\/\/biblioteka-gabin.pl\/wp-content\/uploads\/archive\/galleries\/475\/3430959322930548797223396091951574008682735n-6d85926165.jpg'><\/a><br \/>\n<a href='https:\/\/biblioteka-gabin.pl\/wp-content\/uploads\/archive\/galleries\/475\/3430543305540368066532296393800402640475116n-7ca2a1d828.jpg'><img style='max-height:300px;' src='https:\/\/biblioteka-gabin.pl\/wp-content\/uploads\/archive\/galleries\/475\/3430543305540368066532296393800402640475116n-7ca2a1d828.jpg'><\/a><br \/>\n<a href='https:\/\/biblioteka-gabin.pl\/wp-content\/uploads\/archive\/galleries\/475\/3450060639938946886488626457810429938654228n-2f27fe7591.jpg'><img style='max-height:300px;' src='https:\/\/biblioteka-gabin.pl\/wp-content\/uploads\/archive\/galleries\/475\/3450060639938946886488626457810429938654228n-2f27fe7591.jpg'><\/a><br \/>\n<a href='https:\/\/biblioteka-gabin.pl\/wp-content\/uploads\/archive\/galleries\/475\/34341759413288904110260974711952366357232697n-9fd3245402.jpg'><img style='max-height:300px;' src='https:\/\/biblioteka-gabin.pl\/wp-content\/uploads\/archive\/galleries\/475\/34341759413288904110260974711952366357232697n-9fd3245402.jpg'><\/a><br \/>\n<a href='https:\/\/biblioteka-gabin.pl\/wp-content\/uploads\/archive\/galleries\/475\/34316160516592370312440132478398100591043936n-c3760f5f70.jpg'><img style='max-height:300px;' src='https:\/\/biblioteka-gabin.pl\/wp-content\/uploads\/archive\/galleries\/475\/34316160516592370312440132478398100591043936n-c3760f5f70.jpg'><\/a><br \/>\n<a href='https:\/\/biblioteka-gabin.pl\/wp-content\/uploads\/archive\/galleries\/475\/3435610302589491798361073175583438487221805n-3291d27341.jpg'><img style='max-height:300px;' src='https:\/\/biblioteka-gabin.pl\/wp-content\/uploads\/archive\/galleries\/475\/3435610302589491798361073175583438487221805n-3291d27341.jpg'><\/a><br \/>\n<a href='https:\/\/biblioteka-gabin.pl\/wp-content\/uploads\/archive\/galleries\/475\/34311145614751555066672081353950351389237473n-182cd06329.jpg'><img style='max-height:300px;' src='https:\/\/biblioteka-gabin.pl\/wp-content\/uploads\/archive\/galleries\/475\/34311145614751555066672081353950351389237473n-182cd06329.jpg'><\/a><br \/>\n<a href='https:\/\/biblioteka-gabin.pl\/wp-content\/uploads\/archive\/galleries\/475\/3433674275980562056195263835915722932372742n-2efbf33954.jpg'><img style='max-height:300px;' src='https:\/\/biblioteka-gabin.pl\/wp-content\/uploads\/archive\/galleries\/475\/3433674275980562056195263835915722932372742n-2efbf33954.jpg'><\/a><br \/>\n<a href='https:\/\/biblioteka-gabin.pl\/wp-content\/uploads\/archive\/galleries\/475\/3432139077776167639459203529881326374670374n-a115ee00f5.jpg'><img style='max-height:300px;' src='https:\/\/biblioteka-gabin.pl\/wp-content\/uploads\/archive\/galleries\/475\/3432139077776167639459203529881326374670374n-a115ee00f5.jpg'><\/a><br \/>\n<a href='https:\/\/biblioteka-gabin.pl\/wp-content\/uploads\/archive\/galleries\/475\/34370504235366343733259678642948110541501225n-7808f99bb7.jpg'><img style='max-height:300px;' src='https:\/\/biblioteka-gabin.pl\/wp-content\/uploads\/archive\/galleries\/475\/34370504235366343733259678642948110541501225n-7808f99bb7.jpg'><\/a><\/p>\n","protected":false},"excerpt":{"rendered":"<p>Dzisiejsza pogadanka z najm\u0142odsz\u0105 grup\u0105 \u201ePszcz\u00f3\u0142ki\u201d z Oddzia\u0142u i Punktu<\/p>\n","protected":false},"author":1,"featured_media":0,"comment_status":"open","ping_status":"open","sticky":false,"template":"","format":"standard","meta":{"footnotes":""},"categories":[36],"tags":[],"class_list":["post-8298","post","type-post","status-publish","format-standard","hentry","category-main"],"yoast_head":"<!-- This site is optimized with the Yoast SEO plugin v27.4 - https:\/\/yoast.com\/product\/yoast-seo-wordpress\/ -->\n<title>Pogadanka z grup\u0105 &quot;Pszcz\u00f3\u0142ek&quot; z Oddzia\u0142u i Punktu Przedszkolnego w Nowym Grabiu (09.05.2023) - Miejsko-Gminna Biblioteka Publiczna w G\u0105binie<\/title>\n<meta name=\"robots\" content=\"index, follow, max-snippet:-1, max-image-preview:large, max-video-preview:-1\" \/>\n<link rel=\"canonical\" href=\"https:\/\/biblioteka-gabin.pl\/index.php\/2023\/05\/11\/pogadanka-z-grupa-pszczolek-z-oddzialu-i-punktu-przedszkolnego-w-nowym-grabiu-09-05-2023\/\" \/>\n<meta property=\"og:locale\" content=\"pl_PL\" \/>\n<meta property=\"og:type\" content=\"article\" \/>\n<meta property=\"og:title\" content=\"Pogadanka z grup\u0105 &quot;Pszcz\u00f3\u0142ek&quot; z Oddzia\u0142u i Punktu Przedszkolnego w Nowym Grabiu (09.05.2023) - Miejsko-Gminna Biblioteka Publiczna w G\u0105binie\" \/>\n<meta property=\"og:description\" content=\"Dzisiejsza pogadanka z najm\u0142odsz\u0105 grup\u0105 \u201ePszcz\u00f3\u0142ki\u201d z Oddzia\u0142u i Punktu\" \/>\n<meta property=\"og:url\" content=\"https:\/\/biblioteka-gabin.pl\/index.php\/2023\/05\/11\/pogadanka-z-grupa-pszczolek-z-oddzialu-i-punktu-przedszkolnego-w-nowym-grabiu-09-05-2023\/\" \/>\n<meta property=\"og:site_name\" content=\"Miejsko-Gminna Biblioteka Publiczna w G\u0105binie\" \/>\n<meta property=\"article:publisher\" content=\"https:\/\/www.facebook.com\/bibliotekagabin\" \/>\n<meta property=\"article:published_time\" content=\"2023-05-11T00:00:00+00:00\" \/>\n<meta property=\"og:image\" content=\"https:\/\/biblioteka-gabin.pl\/wp-content\/uploads\/archive\/pliki\/obraz\/2023_\/kwiecie\/345006063_993894688648862_6457810429938654228_n.jpg\" \/>\n<meta name=\"author\" content=\"admin\" \/>\n<meta name=\"twitter:card\" content=\"summary_large_image\" \/>\n<meta name=\"twitter:label1\" content=\"Napisane przez\" \/>\n\t<meta name=\"twitter:data1\" content=\"admin\" \/>\n\t<meta name=\"twitter:label2\" content=\"Szacowany czas czytania\" \/>\n\t<meta name=\"twitter:data2\" content=\"1 minuta\" \/>\n<script type=\"application\/ld+json\" class=\"yoast-schema-graph\">{\"@context\":\"https:\\\/\\\/schema.org\",\"@graph\":[{\"@type\":\"Article\",\"@id\":\"https:\\\/\\\/biblioteka-gabin.pl\\\/index.php\\\/2023\\\/05\\\/11\\\/pogadanka-z-grupa-pszczolek-z-oddzialu-i-punktu-przedszkolnego-w-nowym-grabiu-09-05-2023\\\/#article\",\"isPartOf\":{\"@id\":\"https:\\\/\\\/biblioteka-gabin.pl\\\/index.php\\\/2023\\\/05\\\/11\\\/pogadanka-z-grupa-pszczolek-z-oddzialu-i-punktu-przedszkolnego-w-nowym-grabiu-09-05-2023\\\/\"},\"author\":{\"name\":\"admin\",\"@id\":\"https:\\\/\\\/biblioteka-gabin.pl\\\/#\\\/schema\\\/person\\\/2067b97c24663d987ef6ef95bed7c99a\"},\"headline\":\"Pogadanka z grup\u0105 &#8222;Pszcz\u00f3\u0142ek&#8221; z Oddzia\u0142u i Punktu Przedszkolnego w Nowym Grabiu (09.05.2023)\",\"datePublished\":\"2023-05-11T00:00:00+00:00\",\"mainEntityOfPage\":{\"@id\":\"https:\\\/\\\/biblioteka-gabin.pl\\\/index.php\\\/2023\\\/05\\\/11\\\/pogadanka-z-grupa-pszczolek-z-oddzialu-i-punktu-przedszkolnego-w-nowym-grabiu-09-05-2023\\\/\"},\"wordCount\":206,\"commentCount\":0,\"publisher\":{\"@id\":\"https:\\\/\\\/biblioteka-gabin.pl\\\/#organization\"},\"image\":{\"@id\":\"https:\\\/\\\/biblioteka-gabin.pl\\\/index.php\\\/2023\\\/05\\\/11\\\/pogadanka-z-grupa-pszczolek-z-oddzialu-i-punktu-przedszkolnego-w-nowym-grabiu-09-05-2023\\\/#primaryimage\"},\"thumbnailUrl\":\"https:\\\/\\\/biblioteka-gabin.pl\\\/wp-content\\\/uploads\\\/archive\\\/pliki\\\/obraz\\\/2023_\\\/kwiecie\\\/345006063_993894688648862_6457810429938654228_n.jpg\",\"articleSection\":[\"Main\"],\"inLanguage\":\"pl-PL\",\"potentialAction\":[{\"@type\":\"CommentAction\",\"name\":\"Comment\",\"target\":[\"https:\\\/\\\/biblioteka-gabin.pl\\\/index.php\\\/2023\\\/05\\\/11\\\/pogadanka-z-grupa-pszczolek-z-oddzialu-i-punktu-przedszkolnego-w-nowym-grabiu-09-05-2023\\\/#respond\"]}]},{\"@type\":\"WebPage\",\"@id\":\"https:\\\/\\\/biblioteka-gabin.pl\\\/index.php\\\/2023\\\/05\\\/11\\\/pogadanka-z-grupa-pszczolek-z-oddzialu-i-punktu-przedszkolnego-w-nowym-grabiu-09-05-2023\\\/\",\"url\":\"https:\\\/\\\/biblioteka-gabin.pl\\\/index.php\\\/2023\\\/05\\\/11\\\/pogadanka-z-grupa-pszczolek-z-oddzialu-i-punktu-przedszkolnego-w-nowym-grabiu-09-05-2023\\\/\",\"name\":\"Pogadanka z grup\u0105 \\\"Pszcz\u00f3\u0142ek\\\" z Oddzia\u0142u i Punktu Przedszkolnego w Nowym Grabiu (09.05.2023) - Miejsko-Gminna Biblioteka Publiczna w G\u0105binie\",\"isPartOf\":{\"@id\":\"https:\\\/\\\/biblioteka-gabin.pl\\\/#website\"},\"primaryImageOfPage\":{\"@id\":\"https:\\\/\\\/biblioteka-gabin.pl\\\/index.php\\\/2023\\\/05\\\/11\\\/pogadanka-z-grupa-pszczolek-z-oddzialu-i-punktu-przedszkolnego-w-nowym-grabiu-09-05-2023\\\/#primaryimage\"},\"image\":{\"@id\":\"https:\\\/\\\/biblioteka-gabin.pl\\\/index.php\\\/2023\\\/05\\\/11\\\/pogadanka-z-grupa-pszczolek-z-oddzialu-i-punktu-przedszkolnego-w-nowym-grabiu-09-05-2023\\\/#primaryimage\"},\"thumbnailUrl\":\"https:\\\/\\\/biblioteka-gabin.pl\\\/wp-content\\\/uploads\\\/archive\\\/pliki\\\/obraz\\\/2023_\\\/kwiecie\\\/345006063_993894688648862_6457810429938654228_n.jpg\",\"datePublished\":\"2023-05-11T00:00:00+00:00\",\"breadcrumb\":{\"@id\":\"https:\\\/\\\/biblioteka-gabin.pl\\\/index.php\\\/2023\\\/05\\\/11\\\/pogadanka-z-grupa-pszczolek-z-oddzialu-i-punktu-przedszkolnego-w-nowym-grabiu-09-05-2023\\\/#breadcrumb\"},\"inLanguage\":\"pl-PL\",\"potentialAction\":[{\"@type\":\"ReadAction\",\"target\":[\"https:\\\/\\\/biblioteka-gabin.pl\\\/index.php\\\/2023\\\/05\\\/11\\\/pogadanka-z-grupa-pszczolek-z-oddzialu-i-punktu-przedszkolnego-w-nowym-grabiu-09-05-2023\\\/\"]}]},{\"@type\":\"ImageObject\",\"inLanguage\":\"pl-PL\",\"@id\":\"https:\\\/\\\/biblioteka-gabin.pl\\\/index.php\\\/2023\\\/05\\\/11\\\/pogadanka-z-grupa-pszczolek-z-oddzialu-i-punktu-przedszkolnego-w-nowym-grabiu-09-05-2023\\\/#primaryimage\",\"url\":\"https:\\\/\\\/biblioteka-gabin.pl\\\/wp-content\\\/uploads\\\/archive\\\/pliki\\\/obraz\\\/2023_\\\/kwiecie\\\/345006063_993894688648862_6457810429938654228_n.jpg\",\"contentUrl\":\"https:\\\/\\\/biblioteka-gabin.pl\\\/wp-content\\\/uploads\\\/archive\\\/pliki\\\/obraz\\\/2023_\\\/kwiecie\\\/345006063_993894688648862_6457810429938654228_n.jpg\"},{\"@type\":\"BreadcrumbList\",\"@id\":\"https:\\\/\\\/biblioteka-gabin.pl\\\/index.php\\\/2023\\\/05\\\/11\\\/pogadanka-z-grupa-pszczolek-z-oddzialu-i-punktu-przedszkolnego-w-nowym-grabiu-09-05-2023\\\/#breadcrumb\",\"itemListElement\":[{\"@type\":\"ListItem\",\"position\":1,\"name\":\"Strona g\u0142\u00f3wna\",\"item\":\"https:\\\/\\\/biblioteka-gabin.pl\\\/\"},{\"@type\":\"ListItem\",\"position\":2,\"name\":\"Pogadanka z grup\u0105 &#8222;Pszcz\u00f3\u0142ek&#8221; z Oddzia\u0142u i Punktu Przedszkolnego w Nowym Grabiu (09.05.2023)\"}]},{\"@type\":\"WebSite\",\"@id\":\"https:\\\/\\\/biblioteka-gabin.pl\\\/#website\",\"url\":\"https:\\\/\\\/biblioteka-gabin.pl\\\/\",\"name\":\"Miejsko-Gminna Biblioteka Publiczna w G\u0105binie\",\"description\":\"\",\"publisher\":{\"@id\":\"https:\\\/\\\/biblioteka-gabin.pl\\\/#organization\"},\"potentialAction\":[{\"@type\":\"SearchAction\",\"target\":{\"@type\":\"EntryPoint\",\"urlTemplate\":\"https:\\\/\\\/biblioteka-gabin.pl\\\/?s={search_term_string}\"},\"query-input\":{\"@type\":\"PropertyValueSpecification\",\"valueRequired\":true,\"valueName\":\"search_term_string\"}}],\"inLanguage\":\"pl-PL\"},{\"@type\":\"Organization\",\"@id\":\"https:\\\/\\\/biblioteka-gabin.pl\\\/#organization\",\"name\":\"Miejsko-Gminna Biblioteka Publiczna w G\u0105binie\",\"url\":\"https:\\\/\\\/biblioteka-gabin.pl\\\/\",\"logo\":{\"@type\":\"ImageObject\",\"inLanguage\":\"pl-PL\",\"@id\":\"https:\\\/\\\/biblioteka-gabin.pl\\\/#\\\/schema\\\/logo\\\/image\\\/\",\"url\":\"https:\\\/\\\/biblioteka-gabin.pl\\\/wp-content\\\/uploads\\\/2025\\\/03\\\/logo-biblioteka-2-1657013691-1.jpg\",\"contentUrl\":\"https:\\\/\\\/biblioteka-gabin.pl\\\/wp-content\\\/uploads\\\/2025\\\/03\\\/logo-biblioteka-2-1657013691-1.jpg\",\"width\":1600,\"height\":772,\"caption\":\"Miejsko-Gminna Biblioteka Publiczna w G\u0105binie\"},\"image\":{\"@id\":\"https:\\\/\\\/biblioteka-gabin.pl\\\/#\\\/schema\\\/logo\\\/image\\\/\"},\"sameAs\":[\"https:\\\/\\\/www.facebook.com\\\/bibliotekagabin\",\"https:\\\/\\\/www.youtube.com\\\/@mgbpgabin9392\"]},{\"@type\":\"Person\",\"@id\":\"https:\\\/\\\/biblioteka-gabin.pl\\\/#\\\/schema\\\/person\\\/2067b97c24663d987ef6ef95bed7c99a\",\"name\":\"admin\",\"image\":{\"@type\":\"ImageObject\",\"inLanguage\":\"pl-PL\",\"@id\":\"https:\\\/\\\/secure.gravatar.com\\\/avatar\\\/e1843904e97b4e376a0fc90ae10372cd31bce9b207a7a3d2ca68fc7ca7e4174c?s=96&d=mm&r=g\",\"url\":\"https:\\\/\\\/secure.gravatar.com\\\/avatar\\\/e1843904e97b4e376a0fc90ae10372cd31bce9b207a7a3d2ca68fc7ca7e4174c?s=96&d=mm&r=g\",\"contentUrl\":\"https:\\\/\\\/secure.gravatar.com\\\/avatar\\\/e1843904e97b4e376a0fc90ae10372cd31bce9b207a7a3d2ca68fc7ca7e4174c?s=96&d=mm&r=g\",\"caption\":\"admin\"},\"sameAs\":[\"http:\\\/\\\/strona.biblioteka-gabin.pl\"],\"url\":\"https:\\\/\\\/biblioteka-gabin.pl\\\/index.php\\\/author\\\/admin\\\/\"}]}<\/script>\n<!-- \/ Yoast SEO plugin. -->","yoast_head_json":{"title":"Pogadanka z grup\u0105 \"Pszcz\u00f3\u0142ek\" z Oddzia\u0142u i Punktu Przedszkolnego w Nowym Grabiu (09.05.2023) - Miejsko-Gminna Biblioteka Publiczna w G\u0105binie","robots":{"index":"index","follow":"follow","max-snippet":"max-snippet:-1","max-image-preview":"max-image-preview:large","max-video-preview":"max-video-preview:-1"},"canonical":"https:\/\/biblioteka-gabin.pl\/index.php\/2023\/05\/11\/pogadanka-z-grupa-pszczolek-z-oddzialu-i-punktu-przedszkolnego-w-nowym-grabiu-09-05-2023\/","og_locale":"pl_PL","og_type":"article","og_title":"Pogadanka z grup\u0105 \"Pszcz\u00f3\u0142ek\" z Oddzia\u0142u i Punktu Przedszkolnego w Nowym Grabiu (09.05.2023) - Miejsko-Gminna Biblioteka Publiczna w G\u0105binie","og_description":"Dzisiejsza pogadanka z najm\u0142odsz\u0105 grup\u0105 \u201ePszcz\u00f3\u0142ki\u201d z Oddzia\u0142u i Punktu","og_url":"https:\/\/biblioteka-gabin.pl\/index.php\/2023\/05\/11\/pogadanka-z-grupa-pszczolek-z-oddzialu-i-punktu-przedszkolnego-w-nowym-grabiu-09-05-2023\/","og_site_name":"Miejsko-Gminna Biblioteka Publiczna w G\u0105binie","article_publisher":"https:\/\/www.facebook.com\/bibliotekagabin","article_published_time":"2023-05-11T00:00:00+00:00","og_image":[{"url":"https:\/\/biblioteka-gabin.pl\/wp-content\/uploads\/archive\/pliki\/obraz\/2023_\/kwiecie\/345006063_993894688648862_6457810429938654228_n.jpg","type":"","width":"","height":""}],"author":"admin","twitter_card":"summary_large_image","twitter_misc":{"Napisane przez":"admin","Szacowany czas czytania":"1 minuta"},"schema":{"@context":"https:\/\/schema.org","@graph":[{"@type":"Article","@id":"https:\/\/biblioteka-gabin.pl\/index.php\/2023\/05\/11\/pogadanka-z-grupa-pszczolek-z-oddzialu-i-punktu-przedszkolnego-w-nowym-grabiu-09-05-2023\/#article","isPartOf":{"@id":"https:\/\/biblioteka-gabin.pl\/index.php\/2023\/05\/11\/pogadanka-z-grupa-pszczolek-z-oddzialu-i-punktu-przedszkolnego-w-nowym-grabiu-09-05-2023\/"},"author":{"name":"admin","@id":"https:\/\/biblioteka-gabin.pl\/#\/schema\/person\/2067b97c24663d987ef6ef95bed7c99a"},"headline":"Pogadanka z grup\u0105 &#8222;Pszcz\u00f3\u0142ek&#8221; z Oddzia\u0142u i Punktu Przedszkolnego w Nowym Grabiu (09.05.2023)","datePublished":"2023-05-11T00:00:00+00:00","mainEntityOfPage":{"@id":"https:\/\/biblioteka-gabin.pl\/index.php\/2023\/05\/11\/pogadanka-z-grupa-pszczolek-z-oddzialu-i-punktu-przedszkolnego-w-nowym-grabiu-09-05-2023\/"},"wordCount":206,"commentCount":0,"publisher":{"@id":"https:\/\/biblioteka-gabin.pl\/#organization"},"image":{"@id":"https:\/\/biblioteka-gabin.pl\/index.php\/2023\/05\/11\/pogadanka-z-grupa-pszczolek-z-oddzialu-i-punktu-przedszkolnego-w-nowym-grabiu-09-05-2023\/#primaryimage"},"thumbnailUrl":"https:\/\/biblioteka-gabin.pl\/wp-content\/uploads\/archive\/pliki\/obraz\/2023_\/kwiecie\/345006063_993894688648862_6457810429938654228_n.jpg","articleSection":["Main"],"inLanguage":"pl-PL","potentialAction":[{"@type":"CommentAction","name":"Comment","target":["https:\/\/biblioteka-gabin.pl\/index.php\/2023\/05\/11\/pogadanka-z-grupa-pszczolek-z-oddzialu-i-punktu-przedszkolnego-w-nowym-grabiu-09-05-2023\/#respond"]}]},{"@type":"WebPage","@id":"https:\/\/biblioteka-gabin.pl\/index.php\/2023\/05\/11\/pogadanka-z-grupa-pszczolek-z-oddzialu-i-punktu-przedszkolnego-w-nowym-grabiu-09-05-2023\/","url":"https:\/\/biblioteka-gabin.pl\/index.php\/2023\/05\/11\/pogadanka-z-grupa-pszczolek-z-oddzialu-i-punktu-przedszkolnego-w-nowym-grabiu-09-05-2023\/","name":"Pogadanka z grup\u0105 \"Pszcz\u00f3\u0142ek\" z Oddzia\u0142u i Punktu Przedszkolnego w Nowym Grabiu (09.05.2023) - Miejsko-Gminna Biblioteka Publiczna w G\u0105binie","isPartOf":{"@id":"https:\/\/biblioteka-gabin.pl\/#website"},"primaryImageOfPage":{"@id":"https:\/\/biblioteka-gabin.pl\/index.php\/2023\/05\/11\/pogadanka-z-grupa-pszczolek-z-oddzialu-i-punktu-przedszkolnego-w-nowym-grabiu-09-05-2023\/#primaryimage"},"image":{"@id":"https:\/\/biblioteka-gabin.pl\/index.php\/2023\/05\/11\/pogadanka-z-grupa-pszczolek-z-oddzialu-i-punktu-przedszkolnego-w-nowym-grabiu-09-05-2023\/#primaryimage"},"thumbnailUrl":"https:\/\/biblioteka-gabin.pl\/wp-content\/uploads\/archive\/pliki\/obraz\/2023_\/kwiecie\/345006063_993894688648862_6457810429938654228_n.jpg","datePublished":"2023-05-11T00:00:00+00:00","breadcrumb":{"@id":"https:\/\/biblioteka-gabin.pl\/index.php\/2023\/05\/11\/pogadanka-z-grupa-pszczolek-z-oddzialu-i-punktu-przedszkolnego-w-nowym-grabiu-09-05-2023\/#breadcrumb"},"inLanguage":"pl-PL","potentialAction":[{"@type":"ReadAction","target":["https:\/\/biblioteka-gabin.pl\/index.php\/2023\/05\/11\/pogadanka-z-grupa-pszczolek-z-oddzialu-i-punktu-przedszkolnego-w-nowym-grabiu-09-05-2023\/"]}]},{"@type":"ImageObject","inLanguage":"pl-PL","@id":"https:\/\/biblioteka-gabin.pl\/index.php\/2023\/05\/11\/pogadanka-z-grupa-pszczolek-z-oddzialu-i-punktu-przedszkolnego-w-nowym-grabiu-09-05-2023\/#primaryimage","url":"https:\/\/biblioteka-gabin.pl\/wp-content\/uploads\/archive\/pliki\/obraz\/2023_\/kwiecie\/345006063_993894688648862_6457810429938654228_n.jpg","contentUrl":"https:\/\/biblioteka-gabin.pl\/wp-content\/uploads\/archive\/pliki\/obraz\/2023_\/kwiecie\/345006063_993894688648862_6457810429938654228_n.jpg"},{"@type":"BreadcrumbList","@id":"https:\/\/biblioteka-gabin.pl\/index.php\/2023\/05\/11\/pogadanka-z-grupa-pszczolek-z-oddzialu-i-punktu-przedszkolnego-w-nowym-grabiu-09-05-2023\/#breadcrumb","itemListElement":[{"@type":"ListItem","position":1,"name":"Strona g\u0142\u00f3wna","item":"https:\/\/biblioteka-gabin.pl\/"},{"@type":"ListItem","position":2,"name":"Pogadanka z grup\u0105 &#8222;Pszcz\u00f3\u0142ek&#8221; z Oddzia\u0142u i Punktu Przedszkolnego w Nowym Grabiu (09.05.2023)"}]},{"@type":"WebSite","@id":"https:\/\/biblioteka-gabin.pl\/#website","url":"https:\/\/biblioteka-gabin.pl\/","name":"Miejsko-Gminna Biblioteka Publiczna w G\u0105binie","description":"","publisher":{"@id":"https:\/\/biblioteka-gabin.pl\/#organization"},"potentialAction":[{"@type":"SearchAction","target":{"@type":"EntryPoint","urlTemplate":"https:\/\/biblioteka-gabin.pl\/?s={search_term_string}"},"query-input":{"@type":"PropertyValueSpecification","valueRequired":true,"valueName":"search_term_string"}}],"inLanguage":"pl-PL"},{"@type":"Organization","@id":"https:\/\/biblioteka-gabin.pl\/#organization","name":"Miejsko-Gminna Biblioteka Publiczna w G\u0105binie","url":"https:\/\/biblioteka-gabin.pl\/","logo":{"@type":"ImageObject","inLanguage":"pl-PL","@id":"https:\/\/biblioteka-gabin.pl\/#\/schema\/logo\/image\/","url":"https:\/\/biblioteka-gabin.pl\/wp-content\/uploads\/2025\/03\/logo-biblioteka-2-1657013691-1.jpg","contentUrl":"https:\/\/biblioteka-gabin.pl\/wp-content\/uploads\/2025\/03\/logo-biblioteka-2-1657013691-1.jpg","width":1600,"height":772,"caption":"Miejsko-Gminna Biblioteka Publiczna w G\u0105binie"},"image":{"@id":"https:\/\/biblioteka-gabin.pl\/#\/schema\/logo\/image\/"},"sameAs":["https:\/\/www.facebook.com\/bibliotekagabin","https:\/\/www.youtube.com\/@mgbpgabin9392"]},{"@type":"Person","@id":"https:\/\/biblioteka-gabin.pl\/#\/schema\/person\/2067b97c24663d987ef6ef95bed7c99a","name":"admin","image":{"@type":"ImageObject","inLanguage":"pl-PL","@id":"https:\/\/secure.gravatar.com\/avatar\/e1843904e97b4e376a0fc90ae10372cd31bce9b207a7a3d2ca68fc7ca7e4174c?s=96&d=mm&r=g","url":"https:\/\/secure.gravatar.com\/avatar\/e1843904e97b4e376a0fc90ae10372cd31bce9b207a7a3d2ca68fc7ca7e4174c?s=96&d=mm&r=g","contentUrl":"https:\/\/secure.gravatar.com\/avatar\/e1843904e97b4e376a0fc90ae10372cd31bce9b207a7a3d2ca68fc7ca7e4174c?s=96&d=mm&r=g","caption":"admin"},"sameAs":["http:\/\/strona.biblioteka-gabin.pl"],"url":"https:\/\/biblioteka-gabin.pl\/index.php\/author\/admin\/"}]}},"_links":{"self":[{"href":"https:\/\/biblioteka-gabin.pl\/index.php\/wp-json\/wp\/v2\/posts\/8298","targetHints":{"allow":["GET"]}}],"collection":[{"href":"https:\/\/biblioteka-gabin.pl\/index.php\/wp-json\/wp\/v2\/posts"}],"about":[{"href":"https:\/\/biblioteka-gabin.pl\/index.php\/wp-json\/wp\/v2\/types\/post"}],"author":[{"embeddable":true,"href":"https:\/\/biblioteka-gabin.pl\/index.php\/wp-json\/wp\/v2\/users\/1"}],"replies":[{"embeddable":true,"href":"https:\/\/biblioteka-gabin.pl\/index.php\/wp-json\/wp\/v2\/comments?post=8298"}],"version-history":[{"count":0,"href":"https:\/\/biblioteka-gabin.pl\/index.php\/wp-json\/wp\/v2\/posts\/8298\/revisions"}],"wp:attachment":[{"href":"https:\/\/biblioteka-gabin.pl\/index.php\/wp-json\/wp\/v2\/media?parent=8298"}],"wp:term":[{"taxonomy":"category","embeddable":true,"href":"https:\/\/biblioteka-gabin.pl\/index.php\/wp-json\/wp\/v2\/categories?post=8298"},{"taxonomy":"post_tag","embeddable":true,"href":"https:\/\/biblioteka-gabin.pl\/index.php\/wp-json\/wp\/v2\/tags?post=8298"}],"curies":[{"name":"wp","href":"https:\/\/api.w.org\/{rel}","templated":true}]}}