{"id":8300,"date":"2023-05-18T00:00:00","date_gmt":"2023-05-18T00:00:00","guid":{"rendered":"https:\/\/biblioteka-gabin.pl\/index.php\/2023\/05\/18\/pogadanka-z-grupami-jagodek-i-biedronek-z-przedszkola-samorzadowego-w-dobrzykowie-11-05-2023\/"},"modified":"2023-05-18T00:00:00","modified_gmt":"2023-05-18T00:00:00","slug":"pogadanka-z-grupami-jagodek-i-biedronek-z-przedszkola-samorzadowego-w-dobrzykowie-11-05-2023","status":"publish","type":"post","link":"https:\/\/biblioteka-gabin.pl\/index.php\/2023\/05\/18\/pogadanka-z-grupami-jagodek-i-biedronek-z-przedszkola-samorzadowego-w-dobrzykowie-11-05-2023\/","title":{"rendered":"Pogadanka z grupami &#8222;Jag\u00f3dek&#8221; i &#8222;Biedronek&#8221; z Przedszkola Samorz\u0105dowego w Dobrzykowie (11.05.2023)"},"content":{"rendered":"<p>\u201eJag\u00f3dki\u201d (5-latki) podczas spotkania dowiedzia\u0142y si\u0119 wielu interesuj\u0105cych rzeczy\u00a0 dotycz\u0105cych zmys\u0142\u00f3w, jakie posiadamy. To by\u0142 g\u0142\u00f3wny temat naszej dzisiejszej pogadanki.<br \/>\n\u00a0\u00a0\u00a0 Rozpocz\u0119\u0142am od przeczytania dzieciom ksi\u0105\u017cki M. Strza\u0142kowskiej pt. \u201eZmys\u0142y\u201d. Z jej tre\u015bci \u201eJag\u00f3dki\u201d pozna\u0142y 5 zmys\u0142\u00f3w: wzrok, s\u0142uch, w\u0119ch, dotyk i smak. O ka\u017cdym z nich mo\u017cna wiele powiedzie\u0107, z tre\u015bci ksi\u0105\u017ceczki dzieci pozna\u0142y wiele ciekawostek, o kt\u00f3rych wcze\u015bniej nie wiedzia\u0142y. Chcia\u0142abym wspomnie\u0107 o tych, kt\u00f3re najbardziej zainteresowa\u0142y Przedszkolak\u00f3w a by\u0142y to: pies widzi r\u00f3\u017cne barwy opr\u00f3cz koloru zielonego i czerwonego. Pomruki \u017cyraf i s\u0142oni nie s\u0105 s\u0142yszalne dla ludzi, pies nie lubi dotykania swojego nosa, najlepszy w\u0119ch maja s\u0142onie afryka\u0144skie.<br \/>\n\u00a0\u00a0\u00a0 Wykorzystuj\u0105c zmys\u0142 dotyku bawi\u0142am si\u0119 z dzie\u0107mi w odgadywanie przedmiot\u00f3w przy zas\u0142oni\u0119tych oczach. K\u0142ad\u0142am wylosowan\u0105 rzecz na r\u0119ce uczestnika, kt\u00f3ry musia\u0142 odgadn\u0105\u0107 co to takiego. Dzieci ch\u0119tnie wzi\u0119\u0142y udzia\u0142 w zadaniu, odwa\u017cnie wystawiali r\u0105czki by dotkn\u0105\u0107, przycisn\u0105\u0107, obr\u00f3ci\u0107 dan\u0105 rzecz. Rado\u015bci i u\u015bmiech\u00f3w by\u0142o wiele.<br \/>\n\u00a0\u00a0\u00a0\u00a0\u00a0 Z grup\u0105 \u201eBiedronek\u201d poruszy\u0142am temat numer\u00f3w alarmowych. Podczas zaj\u0119\u0107 skupili\u015bmy si\u0119 na wzywaniu pomocy podczas po\u017caru. Om\u00f3wi\u0142am z dzie\u0107mi jak\u0105 rol\u0119 pe\u0142ni Stra\u017c po\u017carna, stra\u017cak. Wszyscy zapami\u0119tali numer alarmowy 998 oraz 112. Zapyta\u0142am Przedszkolak\u00f3w czy wiedz\u0105 w jakich sytuacjach nale\u017cy dzwoni\u0107 pod takie numery. Z odpowiedzi\u0105 nie by\u0142o najmniejszego problemu. Dzieci ch\u0119tnie wzi\u0119\u0142y udzia\u0142 w rozmowie.<br \/>\nDodatkowo przeczyta\u0142am ksi\u0105\u017ceczk\u0119 pt.\u201d Wielkie k\u0142opoty\u201d z serii Stra\u017cak Sam. Przygody, jakie napotka\u0142 Stra\u017cak Sam by\u0142y bardzo interesuj\u0105ce, zainteresowa\u0142y wszystkich s\u0142uchaczy.<br \/>\n\u00a0\u00a0 Dzi\u0119kuj\u0119 wszystkim za spotkanie, ciesz\u0119 si\u0119 z du\u017cej aktywno\u015bci moich Ma\u0142ych S\u0142uchaczy podczas zaj\u0119\u0107, m\u00f3wi\u0119 do mi\u0142ego zobaczenia ju\u017c niebawem.\u00a0<br \/>\n\u00a0\u00a0\u00a0\u00a0\u00a0\u00a0\u00a0\u00a0\u00a0\u00a0\u00a0\u00a0\u00a0\u00a0\u00a0\u00a0\u00a0\u00a0\u00a0\u00a0\u00a0\u00a0\u00a0\u00a0\u00a0\u00a0\u00a0\u00a0\u00a0\u00a0\u00a0\u00a0\u00a0\u00a0\u00a0\u00a0\u00a0\u00a0\u00a0\u00a0\u00a0\u00a0\u00a0\u00a0\u00a0\u00a0\u00a0 Opr. Joanna Olejniczak<br \/>\n<img src='https:\/\/biblioteka-gabin.pl\/wp-content\/uploads\/archive\/pliki\/obraz\/2023_\/maj\/343460574_6402755226482544_5512073098349475483_n.jpg'><br \/>\n<a href='https:\/\/biblioteka-gabin.pl\/wp-content\/uploads\/archive\/galleries\/479\/34346057464027552264825445512073098349475483n-23ab98ba69.jpg'><img style='max-height:300px;' src='https:\/\/biblioteka-gabin.pl\/wp-content\/uploads\/archive\/galleries\/479\/34346057464027552264825445512073098349475483n-23ab98ba69.jpg'><\/a><br \/>\n<a href='https:\/\/biblioteka-gabin.pl\/wp-content\/uploads\/archive\/galleries\/479\/34327793319641162306023778635452146261260285n-09946d957b.jpg'><img style='max-height:300px;' src='https:\/\/biblioteka-gabin.pl\/wp-content\/uploads\/archive\/galleries\/479\/34327793319641162306023778635452146261260285n-09946d957b.jpg'><\/a><br \/>\n<a href='https:\/\/biblioteka-gabin.pl\/wp-content\/uploads\/archive\/galleries\/479\/3431252097298559955806115770069986888845117n-79ea3acf42.jpg'><img style='max-height:300px;' src='https:\/\/biblioteka-gabin.pl\/wp-content\/uploads\/archive\/galleries\/479\/3431252097298559955806115770069986888845117n-79ea3acf42.jpg'><\/a><br \/>\n<a href='https:\/\/biblioteka-gabin.pl\/wp-content\/uploads\/archive\/galleries\/479\/344793905570161364982427694502326110252697n-c8719f09c1.jpg'><img style='max-height:300px;' src='https:\/\/biblioteka-gabin.pl\/wp-content\/uploads\/archive\/galleries\/479\/344793905570161364982427694502326110252697n-c8719f09c1.jpg'><\/a><br \/>\n<a href='https:\/\/biblioteka-gabin.pl\/wp-content\/uploads\/archive\/galleries\/479\/3447263822564293734425506359989266476581370n-cbd14c9ab1.jpg'><img style='max-height:300px;' src='https:\/\/biblioteka-gabin.pl\/wp-content\/uploads\/archive\/galleries\/479\/3447263822564293734425506359989266476581370n-cbd14c9ab1.jpg'><\/a><br \/>\n<a href='https:\/\/biblioteka-gabin.pl\/wp-content\/uploads\/archive\/galleries\/479\/3435964002502199475768726764675763889000593n-1f8173ad80.jpg'><img style='max-height:300px;' src='https:\/\/biblioteka-gabin.pl\/wp-content\/uploads\/archive\/galleries\/479\/3435964002502199475768726764675763889000593n-1f8173ad80.jpg'><\/a><br \/>\n<a href='https:\/\/biblioteka-gabin.pl\/wp-content\/uploads\/archive\/galleries\/479\/34326367115598129410962002385608645297820658n-4721e5eecc.jpg'><img style='max-height:300px;' src='https:\/\/biblioteka-gabin.pl\/wp-content\/uploads\/archive\/galleries\/479\/34326367115598129410962002385608645297820658n-4721e5eecc.jpg'><\/a><br \/>\n<a href='https:\/\/biblioteka-gabin.pl\/wp-content\/uploads\/archive\/galleries\/479\/3437245231307987420064830366035525053712589n-e01f68731a.jpg'><img style='max-height:300px;' src='https:\/\/biblioteka-gabin.pl\/wp-content\/uploads\/archive\/galleries\/479\/3437245231307987420064830366035525053712589n-e01f68731a.jpg'><\/a><br \/>\n<a href='https:\/\/biblioteka-gabin.pl\/wp-content\/uploads\/archive\/galleries\/479\/3436668369218499757048744635997934753072357n-87881249fa.jpg'><img style='max-height:300px;' src='https:\/\/biblioteka-gabin.pl\/wp-content\/uploads\/archive\/galleries\/479\/3436668369218499757048744635997934753072357n-87881249fa.jpg'><\/a><br \/>\n<a href='https:\/\/biblioteka-gabin.pl\/wp-content\/uploads\/archive\/galleries\/479\/34362421033966493505585413464378960150512819n-7313240e3c.jpg'><img style='max-height:300px;' src='https:\/\/biblioteka-gabin.pl\/wp-content\/uploads\/archive\/galleries\/479\/34362421033966493505585413464378960150512819n-7313240e3c.jpg'><\/a><br \/>\n<a href='https:\/\/biblioteka-gabin.pl\/wp-content\/uploads\/archive\/galleries\/479\/3435837866789454007049192339928146329719840n-6a6027b9df.jpg'><img style='max-height:300px;' src='https:\/\/biblioteka-gabin.pl\/wp-content\/uploads\/archive\/galleries\/479\/3435837866789454007049192339928146329719840n-6a6027b9df.jpg'><\/a><br \/>\n<a href='https:\/\/biblioteka-gabin.pl\/wp-content\/uploads\/archive\/galleries\/479\/3433223381632631160514723102216769779042411n-0f4ffddf26.jpg'><img style='max-height:300px;' src='https:\/\/biblioteka-gabin.pl\/wp-content\/uploads\/archive\/galleries\/479\/3433223381632631160514723102216769779042411n-0f4ffddf26.jpg'><\/a><br \/>\n<a href='https:\/\/biblioteka-gabin.pl\/wp-content\/uploads\/archive\/galleries\/479\/3432785118000601050237193611921820808748897n-9fcff6ae4a.jpg'><img style='max-height:300px;' src='https:\/\/biblioteka-gabin.pl\/wp-content\/uploads\/archive\/galleries\/479\/3432785118000601050237193611921820808748897n-9fcff6ae4a.jpg'><\/a><br \/>\n<a href='https:\/\/biblioteka-gabin.pl\/wp-content\/uploads\/archive\/galleries\/479\/3431438019926034921146532759197736124218762n-42aec9a8f3.jpg'><img style='max-height:300px;' src='https:\/\/biblioteka-gabin.pl\/wp-content\/uploads\/archive\/galleries\/479\/3431438019926034921146532759197736124218762n-42aec9a8f3.jpg'><\/a><\/p>\n","protected":false},"excerpt":{"rendered":"<p>\u201eJag\u00f3dki\u201d (5-latki) podczas spotkania dowiedzia\u0142y si\u0119 wielu interesuj\u0105cych rzeczy\u00a0 dotycz\u0105cych<\/p>\n","protected":false},"author":1,"featured_media":0,"comment_status":"open","ping_status":"open","sticky":false,"template":"","format":"standard","meta":{"footnotes":""},"categories":[36],"tags":[],"class_list":["post-8300","post","type-post","status-publish","format-standard","hentry","category-main"],"yoast_head":"<!-- This site is optimized with the Yoast SEO plugin v27.4 - https:\/\/yoast.com\/product\/yoast-seo-wordpress\/ -->\n<title>Pogadanka z grupami &quot;Jag\u00f3dek&quot; i &quot;Biedronek&quot; z Przedszkola Samorz\u0105dowego w Dobrzykowie (11.05.2023) - Miejsko-Gminna Biblioteka Publiczna w G\u0105binie<\/title>\n<meta name=\"robots\" content=\"index, follow, max-snippet:-1, max-image-preview:large, max-video-preview:-1\" \/>\n<link rel=\"canonical\" href=\"http:\/\/biblioteka-gabin.pl\/index.php\/2023\/05\/18\/pogadanka-z-grupami-jagodek-i-biedronek-z-przedszkola-samorzadowego-w-dobrzykowie-11-05-2023\/\" \/>\n<meta property=\"og:locale\" content=\"pl_PL\" \/>\n<meta property=\"og:type\" content=\"article\" \/>\n<meta property=\"og:title\" content=\"Pogadanka z grupami &quot;Jag\u00f3dek&quot; i &quot;Biedronek&quot; z Przedszkola Samorz\u0105dowego w Dobrzykowie (11.05.2023) - Miejsko-Gminna Biblioteka Publiczna w G\u0105binie\" \/>\n<meta property=\"og:description\" content=\"\u201eJag\u00f3dki\u201d (5-latki) podczas spotkania dowiedzia\u0142y si\u0119 wielu interesuj\u0105cych rzeczy\u00a0 dotycz\u0105cych\" \/>\n<meta property=\"og:url\" content=\"http:\/\/biblioteka-gabin.pl\/index.php\/2023\/05\/18\/pogadanka-z-grupami-jagodek-i-biedronek-z-przedszkola-samorzadowego-w-dobrzykowie-11-05-2023\/\" \/>\n<meta property=\"og:site_name\" content=\"Miejsko-Gminna Biblioteka Publiczna w G\u0105binie\" \/>\n<meta property=\"article:publisher\" content=\"https:\/\/www.facebook.com\/bibliotekagabin\" \/>\n<meta property=\"article:published_time\" content=\"2023-05-18T00:00:00+00:00\" \/>\n<meta property=\"og:image\" content=\"https:\/\/biblioteka-gabin.pl\/wp-content\/uploads\/archive\/pliki\/obraz\/2023_\/maj\/343460574_6402755226482544_5512073098349475483_n.jpg\" \/>\n<meta name=\"author\" content=\"admin\" \/>\n<meta name=\"twitter:card\" content=\"summary_large_image\" \/>\n<meta name=\"twitter:label1\" content=\"Napisane przez\" \/>\n\t<meta name=\"twitter:data1\" content=\"admin\" \/>\n\t<meta name=\"twitter:label2\" content=\"Szacowany czas czytania\" \/>\n\t<meta name=\"twitter:data2\" content=\"2 minuty\" \/>\n<script type=\"application\/ld+json\" class=\"yoast-schema-graph\">{\"@context\":\"https:\\\/\\\/schema.org\",\"@graph\":[{\"@type\":\"Article\",\"@id\":\"http:\\\/\\\/biblioteka-gabin.pl\\\/index.php\\\/2023\\\/05\\\/18\\\/pogadanka-z-grupami-jagodek-i-biedronek-z-przedszkola-samorzadowego-w-dobrzykowie-11-05-2023\\\/#article\",\"isPartOf\":{\"@id\":\"http:\\\/\\\/biblioteka-gabin.pl\\\/index.php\\\/2023\\\/05\\\/18\\\/pogadanka-z-grupami-jagodek-i-biedronek-z-przedszkola-samorzadowego-w-dobrzykowie-11-05-2023\\\/\"},\"author\":{\"name\":\"admin\",\"@id\":\"https:\\\/\\\/biblioteka-gabin.pl\\\/#\\\/schema\\\/person\\\/2067b97c24663d987ef6ef95bed7c99a\"},\"headline\":\"Pogadanka z grupami &#8222;Jag\u00f3dek&#8221; i &#8222;Biedronek&#8221; z Przedszkola Samorz\u0105dowego w Dobrzykowie (11.05.2023)\",\"datePublished\":\"2023-05-18T00:00:00+00:00\",\"mainEntityOfPage\":{\"@id\":\"http:\\\/\\\/biblioteka-gabin.pl\\\/index.php\\\/2023\\\/05\\\/18\\\/pogadanka-z-grupami-jagodek-i-biedronek-z-przedszkola-samorzadowego-w-dobrzykowie-11-05-2023\\\/\"},\"wordCount\":344,\"commentCount\":0,\"publisher\":{\"@id\":\"https:\\\/\\\/biblioteka-gabin.pl\\\/#organization\"},\"image\":{\"@id\":\"http:\\\/\\\/biblioteka-gabin.pl\\\/index.php\\\/2023\\\/05\\\/18\\\/pogadanka-z-grupami-jagodek-i-biedronek-z-przedszkola-samorzadowego-w-dobrzykowie-11-05-2023\\\/#primaryimage\"},\"thumbnailUrl\":\"https:\\\/\\\/biblioteka-gabin.pl\\\/wp-content\\\/uploads\\\/archive\\\/pliki\\\/obraz\\\/2023_\\\/maj\\\/343460574_6402755226482544_5512073098349475483_n.jpg\",\"articleSection\":[\"Main\"],\"inLanguage\":\"pl-PL\",\"potentialAction\":[{\"@type\":\"CommentAction\",\"name\":\"Comment\",\"target\":[\"http:\\\/\\\/biblioteka-gabin.pl\\\/index.php\\\/2023\\\/05\\\/18\\\/pogadanka-z-grupami-jagodek-i-biedronek-z-przedszkola-samorzadowego-w-dobrzykowie-11-05-2023\\\/#respond\"]}]},{\"@type\":\"WebPage\",\"@id\":\"http:\\\/\\\/biblioteka-gabin.pl\\\/index.php\\\/2023\\\/05\\\/18\\\/pogadanka-z-grupami-jagodek-i-biedronek-z-przedszkola-samorzadowego-w-dobrzykowie-11-05-2023\\\/\",\"url\":\"http:\\\/\\\/biblioteka-gabin.pl\\\/index.php\\\/2023\\\/05\\\/18\\\/pogadanka-z-grupami-jagodek-i-biedronek-z-przedszkola-samorzadowego-w-dobrzykowie-11-05-2023\\\/\",\"name\":\"Pogadanka z grupami \\\"Jag\u00f3dek\\\" i \\\"Biedronek\\\" z Przedszkola Samorz\u0105dowego w Dobrzykowie (11.05.2023) - Miejsko-Gminna Biblioteka Publiczna w G\u0105binie\",\"isPartOf\":{\"@id\":\"https:\\\/\\\/biblioteka-gabin.pl\\\/#website\"},\"primaryImageOfPage\":{\"@id\":\"http:\\\/\\\/biblioteka-gabin.pl\\\/index.php\\\/2023\\\/05\\\/18\\\/pogadanka-z-grupami-jagodek-i-biedronek-z-przedszkola-samorzadowego-w-dobrzykowie-11-05-2023\\\/#primaryimage\"},\"image\":{\"@id\":\"http:\\\/\\\/biblioteka-gabin.pl\\\/index.php\\\/2023\\\/05\\\/18\\\/pogadanka-z-grupami-jagodek-i-biedronek-z-przedszkola-samorzadowego-w-dobrzykowie-11-05-2023\\\/#primaryimage\"},\"thumbnailUrl\":\"https:\\\/\\\/biblioteka-gabin.pl\\\/wp-content\\\/uploads\\\/archive\\\/pliki\\\/obraz\\\/2023_\\\/maj\\\/343460574_6402755226482544_5512073098349475483_n.jpg\",\"datePublished\":\"2023-05-18T00:00:00+00:00\",\"breadcrumb\":{\"@id\":\"http:\\\/\\\/biblioteka-gabin.pl\\\/index.php\\\/2023\\\/05\\\/18\\\/pogadanka-z-grupami-jagodek-i-biedronek-z-przedszkola-samorzadowego-w-dobrzykowie-11-05-2023\\\/#breadcrumb\"},\"inLanguage\":\"pl-PL\",\"potentialAction\":[{\"@type\":\"ReadAction\",\"target\":[\"http:\\\/\\\/biblioteka-gabin.pl\\\/index.php\\\/2023\\\/05\\\/18\\\/pogadanka-z-grupami-jagodek-i-biedronek-z-przedszkola-samorzadowego-w-dobrzykowie-11-05-2023\\\/\"]}]},{\"@type\":\"ImageObject\",\"inLanguage\":\"pl-PL\",\"@id\":\"http:\\\/\\\/biblioteka-gabin.pl\\\/index.php\\\/2023\\\/05\\\/18\\\/pogadanka-z-grupami-jagodek-i-biedronek-z-przedszkola-samorzadowego-w-dobrzykowie-11-05-2023\\\/#primaryimage\",\"url\":\"https:\\\/\\\/biblioteka-gabin.pl\\\/wp-content\\\/uploads\\\/archive\\\/pliki\\\/obraz\\\/2023_\\\/maj\\\/343460574_6402755226482544_5512073098349475483_n.jpg\",\"contentUrl\":\"https:\\\/\\\/biblioteka-gabin.pl\\\/wp-content\\\/uploads\\\/archive\\\/pliki\\\/obraz\\\/2023_\\\/maj\\\/343460574_6402755226482544_5512073098349475483_n.jpg\"},{\"@type\":\"BreadcrumbList\",\"@id\":\"http:\\\/\\\/biblioteka-gabin.pl\\\/index.php\\\/2023\\\/05\\\/18\\\/pogadanka-z-grupami-jagodek-i-biedronek-z-przedszkola-samorzadowego-w-dobrzykowie-11-05-2023\\\/#breadcrumb\",\"itemListElement\":[{\"@type\":\"ListItem\",\"position\":1,\"name\":\"Strona g\u0142\u00f3wna\",\"item\":\"https:\\\/\\\/biblioteka-gabin.pl\\\/\"},{\"@type\":\"ListItem\",\"position\":2,\"name\":\"Pogadanka z grupami &#8222;Jag\u00f3dek&#8221; i &#8222;Biedronek&#8221; z Przedszkola Samorz\u0105dowego w Dobrzykowie (11.05.2023)\"}]},{\"@type\":\"WebSite\",\"@id\":\"https:\\\/\\\/biblioteka-gabin.pl\\\/#website\",\"url\":\"https:\\\/\\\/biblioteka-gabin.pl\\\/\",\"name\":\"Miejsko-Gminna Biblioteka Publiczna w G\u0105binie\",\"description\":\"\",\"publisher\":{\"@id\":\"https:\\\/\\\/biblioteka-gabin.pl\\\/#organization\"},\"potentialAction\":[{\"@type\":\"SearchAction\",\"target\":{\"@type\":\"EntryPoint\",\"urlTemplate\":\"https:\\\/\\\/biblioteka-gabin.pl\\\/?s={search_term_string}\"},\"query-input\":{\"@type\":\"PropertyValueSpecification\",\"valueRequired\":true,\"valueName\":\"search_term_string\"}}],\"inLanguage\":\"pl-PL\"},{\"@type\":\"Organization\",\"@id\":\"https:\\\/\\\/biblioteka-gabin.pl\\\/#organization\",\"name\":\"Miejsko-Gminna Biblioteka Publiczna w G\u0105binie\",\"url\":\"https:\\\/\\\/biblioteka-gabin.pl\\\/\",\"logo\":{\"@type\":\"ImageObject\",\"inLanguage\":\"pl-PL\",\"@id\":\"https:\\\/\\\/biblioteka-gabin.pl\\\/#\\\/schema\\\/logo\\\/image\\\/\",\"url\":\"https:\\\/\\\/biblioteka-gabin.pl\\\/wp-content\\\/uploads\\\/2025\\\/03\\\/logo-biblioteka-2-1657013691-1.jpg\",\"contentUrl\":\"https:\\\/\\\/biblioteka-gabin.pl\\\/wp-content\\\/uploads\\\/2025\\\/03\\\/logo-biblioteka-2-1657013691-1.jpg\",\"width\":1600,\"height\":772,\"caption\":\"Miejsko-Gminna Biblioteka Publiczna w G\u0105binie\"},\"image\":{\"@id\":\"https:\\\/\\\/biblioteka-gabin.pl\\\/#\\\/schema\\\/logo\\\/image\\\/\"},\"sameAs\":[\"https:\\\/\\\/www.facebook.com\\\/bibliotekagabin\",\"https:\\\/\\\/www.youtube.com\\\/@mgbpgabin9392\"]},{\"@type\":\"Person\",\"@id\":\"https:\\\/\\\/biblioteka-gabin.pl\\\/#\\\/schema\\\/person\\\/2067b97c24663d987ef6ef95bed7c99a\",\"name\":\"admin\",\"image\":{\"@type\":\"ImageObject\",\"inLanguage\":\"pl-PL\",\"@id\":\"https:\\\/\\\/secure.gravatar.com\\\/avatar\\\/e1843904e97b4e376a0fc90ae10372cd31bce9b207a7a3d2ca68fc7ca7e4174c?s=96&d=mm&r=g\",\"url\":\"https:\\\/\\\/secure.gravatar.com\\\/avatar\\\/e1843904e97b4e376a0fc90ae10372cd31bce9b207a7a3d2ca68fc7ca7e4174c?s=96&d=mm&r=g\",\"contentUrl\":\"https:\\\/\\\/secure.gravatar.com\\\/avatar\\\/e1843904e97b4e376a0fc90ae10372cd31bce9b207a7a3d2ca68fc7ca7e4174c?s=96&d=mm&r=g\",\"caption\":\"admin\"},\"sameAs\":[\"http:\\\/\\\/strona.biblioteka-gabin.pl\"],\"url\":\"https:\\\/\\\/biblioteka-gabin.pl\\\/index.php\\\/author\\\/admin\\\/\"}]}<\/script>\n<!-- \/ Yoast SEO plugin. -->","yoast_head_json":{"title":"Pogadanka z grupami \"Jag\u00f3dek\" i \"Biedronek\" z Przedszkola Samorz\u0105dowego w Dobrzykowie (11.05.2023) - Miejsko-Gminna Biblioteka Publiczna w G\u0105binie","robots":{"index":"index","follow":"follow","max-snippet":"max-snippet:-1","max-image-preview":"max-image-preview:large","max-video-preview":"max-video-preview:-1"},"canonical":"http:\/\/biblioteka-gabin.pl\/index.php\/2023\/05\/18\/pogadanka-z-grupami-jagodek-i-biedronek-z-przedszkola-samorzadowego-w-dobrzykowie-11-05-2023\/","og_locale":"pl_PL","og_type":"article","og_title":"Pogadanka z grupami \"Jag\u00f3dek\" i \"Biedronek\" z Przedszkola Samorz\u0105dowego w Dobrzykowie (11.05.2023) - Miejsko-Gminna Biblioteka Publiczna w G\u0105binie","og_description":"\u201eJag\u00f3dki\u201d (5-latki) podczas spotkania dowiedzia\u0142y si\u0119 wielu interesuj\u0105cych rzeczy\u00a0 dotycz\u0105cych","og_url":"http:\/\/biblioteka-gabin.pl\/index.php\/2023\/05\/18\/pogadanka-z-grupami-jagodek-i-biedronek-z-przedszkola-samorzadowego-w-dobrzykowie-11-05-2023\/","og_site_name":"Miejsko-Gminna Biblioteka Publiczna w G\u0105binie","article_publisher":"https:\/\/www.facebook.com\/bibliotekagabin","article_published_time":"2023-05-18T00:00:00+00:00","og_image":[{"url":"https:\/\/biblioteka-gabin.pl\/wp-content\/uploads\/archive\/pliki\/obraz\/2023_\/maj\/343460574_6402755226482544_5512073098349475483_n.jpg","type":"","width":"","height":""}],"author":"admin","twitter_card":"summary_large_image","twitter_misc":{"Napisane przez":"admin","Szacowany czas czytania":"2 minuty"},"schema":{"@context":"https:\/\/schema.org","@graph":[{"@type":"Article","@id":"http:\/\/biblioteka-gabin.pl\/index.php\/2023\/05\/18\/pogadanka-z-grupami-jagodek-i-biedronek-z-przedszkola-samorzadowego-w-dobrzykowie-11-05-2023\/#article","isPartOf":{"@id":"http:\/\/biblioteka-gabin.pl\/index.php\/2023\/05\/18\/pogadanka-z-grupami-jagodek-i-biedronek-z-przedszkola-samorzadowego-w-dobrzykowie-11-05-2023\/"},"author":{"name":"admin","@id":"https:\/\/biblioteka-gabin.pl\/#\/schema\/person\/2067b97c24663d987ef6ef95bed7c99a"},"headline":"Pogadanka z grupami &#8222;Jag\u00f3dek&#8221; i &#8222;Biedronek&#8221; z Przedszkola Samorz\u0105dowego w Dobrzykowie (11.05.2023)","datePublished":"2023-05-18T00:00:00+00:00","mainEntityOfPage":{"@id":"http:\/\/biblioteka-gabin.pl\/index.php\/2023\/05\/18\/pogadanka-z-grupami-jagodek-i-biedronek-z-przedszkola-samorzadowego-w-dobrzykowie-11-05-2023\/"},"wordCount":344,"commentCount":0,"publisher":{"@id":"https:\/\/biblioteka-gabin.pl\/#organization"},"image":{"@id":"http:\/\/biblioteka-gabin.pl\/index.php\/2023\/05\/18\/pogadanka-z-grupami-jagodek-i-biedronek-z-przedszkola-samorzadowego-w-dobrzykowie-11-05-2023\/#primaryimage"},"thumbnailUrl":"https:\/\/biblioteka-gabin.pl\/wp-content\/uploads\/archive\/pliki\/obraz\/2023_\/maj\/343460574_6402755226482544_5512073098349475483_n.jpg","articleSection":["Main"],"inLanguage":"pl-PL","potentialAction":[{"@type":"CommentAction","name":"Comment","target":["http:\/\/biblioteka-gabin.pl\/index.php\/2023\/05\/18\/pogadanka-z-grupami-jagodek-i-biedronek-z-przedszkola-samorzadowego-w-dobrzykowie-11-05-2023\/#respond"]}]},{"@type":"WebPage","@id":"http:\/\/biblioteka-gabin.pl\/index.php\/2023\/05\/18\/pogadanka-z-grupami-jagodek-i-biedronek-z-przedszkola-samorzadowego-w-dobrzykowie-11-05-2023\/","url":"http:\/\/biblioteka-gabin.pl\/index.php\/2023\/05\/18\/pogadanka-z-grupami-jagodek-i-biedronek-z-przedszkola-samorzadowego-w-dobrzykowie-11-05-2023\/","name":"Pogadanka z grupami \"Jag\u00f3dek\" i \"Biedronek\" z Przedszkola Samorz\u0105dowego w Dobrzykowie (11.05.2023) - Miejsko-Gminna Biblioteka Publiczna w G\u0105binie","isPartOf":{"@id":"https:\/\/biblioteka-gabin.pl\/#website"},"primaryImageOfPage":{"@id":"http:\/\/biblioteka-gabin.pl\/index.php\/2023\/05\/18\/pogadanka-z-grupami-jagodek-i-biedronek-z-przedszkola-samorzadowego-w-dobrzykowie-11-05-2023\/#primaryimage"},"image":{"@id":"http:\/\/biblioteka-gabin.pl\/index.php\/2023\/05\/18\/pogadanka-z-grupami-jagodek-i-biedronek-z-przedszkola-samorzadowego-w-dobrzykowie-11-05-2023\/#primaryimage"},"thumbnailUrl":"https:\/\/biblioteka-gabin.pl\/wp-content\/uploads\/archive\/pliki\/obraz\/2023_\/maj\/343460574_6402755226482544_5512073098349475483_n.jpg","datePublished":"2023-05-18T00:00:00+00:00","breadcrumb":{"@id":"http:\/\/biblioteka-gabin.pl\/index.php\/2023\/05\/18\/pogadanka-z-grupami-jagodek-i-biedronek-z-przedszkola-samorzadowego-w-dobrzykowie-11-05-2023\/#breadcrumb"},"inLanguage":"pl-PL","potentialAction":[{"@type":"ReadAction","target":["http:\/\/biblioteka-gabin.pl\/index.php\/2023\/05\/18\/pogadanka-z-grupami-jagodek-i-biedronek-z-przedszkola-samorzadowego-w-dobrzykowie-11-05-2023\/"]}]},{"@type":"ImageObject","inLanguage":"pl-PL","@id":"http:\/\/biblioteka-gabin.pl\/index.php\/2023\/05\/18\/pogadanka-z-grupami-jagodek-i-biedronek-z-przedszkola-samorzadowego-w-dobrzykowie-11-05-2023\/#primaryimage","url":"https:\/\/biblioteka-gabin.pl\/wp-content\/uploads\/archive\/pliki\/obraz\/2023_\/maj\/343460574_6402755226482544_5512073098349475483_n.jpg","contentUrl":"https:\/\/biblioteka-gabin.pl\/wp-content\/uploads\/archive\/pliki\/obraz\/2023_\/maj\/343460574_6402755226482544_5512073098349475483_n.jpg"},{"@type":"BreadcrumbList","@id":"http:\/\/biblioteka-gabin.pl\/index.php\/2023\/05\/18\/pogadanka-z-grupami-jagodek-i-biedronek-z-przedszkola-samorzadowego-w-dobrzykowie-11-05-2023\/#breadcrumb","itemListElement":[{"@type":"ListItem","position":1,"name":"Strona g\u0142\u00f3wna","item":"https:\/\/biblioteka-gabin.pl\/"},{"@type":"ListItem","position":2,"name":"Pogadanka z grupami &#8222;Jag\u00f3dek&#8221; i &#8222;Biedronek&#8221; z Przedszkola Samorz\u0105dowego w Dobrzykowie (11.05.2023)"}]},{"@type":"WebSite","@id":"https:\/\/biblioteka-gabin.pl\/#website","url":"https:\/\/biblioteka-gabin.pl\/","name":"Miejsko-Gminna Biblioteka Publiczna w G\u0105binie","description":"","publisher":{"@id":"https:\/\/biblioteka-gabin.pl\/#organization"},"potentialAction":[{"@type":"SearchAction","target":{"@type":"EntryPoint","urlTemplate":"https:\/\/biblioteka-gabin.pl\/?s={search_term_string}"},"query-input":{"@type":"PropertyValueSpecification","valueRequired":true,"valueName":"search_term_string"}}],"inLanguage":"pl-PL"},{"@type":"Organization","@id":"https:\/\/biblioteka-gabin.pl\/#organization","name":"Miejsko-Gminna Biblioteka Publiczna w G\u0105binie","url":"https:\/\/biblioteka-gabin.pl\/","logo":{"@type":"ImageObject","inLanguage":"pl-PL","@id":"https:\/\/biblioteka-gabin.pl\/#\/schema\/logo\/image\/","url":"https:\/\/biblioteka-gabin.pl\/wp-content\/uploads\/2025\/03\/logo-biblioteka-2-1657013691-1.jpg","contentUrl":"https:\/\/biblioteka-gabin.pl\/wp-content\/uploads\/2025\/03\/logo-biblioteka-2-1657013691-1.jpg","width":1600,"height":772,"caption":"Miejsko-Gminna Biblioteka Publiczna w G\u0105binie"},"image":{"@id":"https:\/\/biblioteka-gabin.pl\/#\/schema\/logo\/image\/"},"sameAs":["https:\/\/www.facebook.com\/bibliotekagabin","https:\/\/www.youtube.com\/@mgbpgabin9392"]},{"@type":"Person","@id":"https:\/\/biblioteka-gabin.pl\/#\/schema\/person\/2067b97c24663d987ef6ef95bed7c99a","name":"admin","image":{"@type":"ImageObject","inLanguage":"pl-PL","@id":"https:\/\/secure.gravatar.com\/avatar\/e1843904e97b4e376a0fc90ae10372cd31bce9b207a7a3d2ca68fc7ca7e4174c?s=96&d=mm&r=g","url":"https:\/\/secure.gravatar.com\/avatar\/e1843904e97b4e376a0fc90ae10372cd31bce9b207a7a3d2ca68fc7ca7e4174c?s=96&d=mm&r=g","contentUrl":"https:\/\/secure.gravatar.com\/avatar\/e1843904e97b4e376a0fc90ae10372cd31bce9b207a7a3d2ca68fc7ca7e4174c?s=96&d=mm&r=g","caption":"admin"},"sameAs":["http:\/\/strona.biblioteka-gabin.pl"],"url":"https:\/\/biblioteka-gabin.pl\/index.php\/author\/admin\/"}]}},"_links":{"self":[{"href":"https:\/\/biblioteka-gabin.pl\/index.php\/wp-json\/wp\/v2\/posts\/8300","targetHints":{"allow":["GET"]}}],"collection":[{"href":"https:\/\/biblioteka-gabin.pl\/index.php\/wp-json\/wp\/v2\/posts"}],"about":[{"href":"https:\/\/biblioteka-gabin.pl\/index.php\/wp-json\/wp\/v2\/types\/post"}],"author":[{"embeddable":true,"href":"https:\/\/biblioteka-gabin.pl\/index.php\/wp-json\/wp\/v2\/users\/1"}],"replies":[{"embeddable":true,"href":"https:\/\/biblioteka-gabin.pl\/index.php\/wp-json\/wp\/v2\/comments?post=8300"}],"version-history":[{"count":0,"href":"https:\/\/biblioteka-gabin.pl\/index.php\/wp-json\/wp\/v2\/posts\/8300\/revisions"}],"wp:attachment":[{"href":"https:\/\/biblioteka-gabin.pl\/index.php\/wp-json\/wp\/v2\/media?parent=8300"}],"wp:term":[{"taxonomy":"category","embeddable":true,"href":"https:\/\/biblioteka-gabin.pl\/index.php\/wp-json\/wp\/v2\/categories?post=8300"},{"taxonomy":"post_tag","embeddable":true,"href":"https:\/\/biblioteka-gabin.pl\/index.php\/wp-json\/wp\/v2\/tags?post=8300"}],"curies":[{"name":"wp","href":"https:\/\/api.w.org\/{rel}","templated":true}]}}