{"id":8430,"date":"2023-09-29T00:00:00","date_gmt":"2023-09-29T00:00:00","guid":{"rendered":"https:\/\/biblioteka-gabin.pl\/index.php\/2023\/09\/29\/spotkanie-w-przedszkolu-w-podlasiu-ogolnopolski-dzien-glosnego-czytania-29-09-2023r\/"},"modified":"2023-09-29T00:00:00","modified_gmt":"2023-09-29T00:00:00","slug":"spotkanie-w-przedszkolu-w-podlasiu-ogolnopolski-dzien-glosnego-czytania-29-09-2023r","status":"publish","type":"post","link":"https:\/\/biblioteka-gabin.pl\/index.php\/2023\/09\/29\/spotkanie-w-przedszkolu-w-podlasiu-ogolnopolski-dzien-glosnego-czytania-29-09-2023r\/","title":{"rendered":"Spotkanie w Przedszkolu w Podlasiu-Og\u00f3lnopolski Dzie\u0144 G\u0142o\u015bnego Czytania (29.09.2023r)."},"content":{"rendered":"<p>29 wrze\u015bnia obchodzimy Og\u00f3lnopolski Dzie\u0144 G\u0142o\u015bnego Czytania, wpisuje si\u0119 on w kalendarz \u015bwi\u0105t nietypowych. Bibliotekarki z MGBP w G\u0105binie spotka\u0142y si\u0119 z dzie\u0107mi z grup: \u201e\u017babki\u201d i \u201eRybki\u201d z Przedszkola w Podlasiu.<br \/>\n\u00a0\u00a0\u00a0 To szczeg\u00f3lny dzie\u0144, w kt\u00f3rym zach\u0119camy do sp\u0119dzenia go przy ulubionej ksi\u0105\u017cce, mo\u017ce podzieleniu si\u0119 jej tre\u015bci\u0105 z tymi, kt\u00f3rzy jeszcze czyta\u0107 nie potrafi\u0105\u2026<br \/>\n\u00a0\u00a0\u00a0 Przedszkolaki wys\u0142ucha\u0142y wybranych przez bibliotekarki opowie\u015bci. \u201e\u017babkom\u201d- starszej grupie- zaprezentowana zosta\u0142a legenda M. Or\u0142onia pt. \u201eKsi\u0105\u017c\u0119 Popiel i myszy\u201d z cyklu Ba\u015bnie polskie. \u201eRybki\u201d wys\u0142ucha\u0142y historii jesiennej wiewi\u00f3rki w bajce A. Hemming pt.\u201dZ\u0142odziej li\u015bci\u201d oraz d\u017awi\u0119kowej ksi\u0105\u017ceczki \u201eZwierzaczki z g\u0142o\u015bnej paczki\u201d.<br \/>\n\u00a0\u00a0\u00a0 \u015awiat z ksi\u0105\u017ck\u0105 jest zdecydowanie bardziej kolorowy ni\u017c bez niej. Im szybciej to sobie u\u015bwiadomimy, tym szybciej staniemy si\u0119 bogatsi od innych o wiedz\u0119, bardziej rozbudowan\u0105 wyobra\u017ani\u0119.<br \/>\n\u00a0\u00a0\u00a0 Serdecznie dzi\u0119kujemy za pi\u0119kny prezent dla MGBP w G\u0105binie jaki otrzyma\u0142y\u015bmy, Dzi\u0119kujemy Dyrekcji, Paniom Przedszkolankom, Dzieciom za zaproszenie, k\u0142aniamy si\u0119 nisko. Mamy nadziej\u0119, \u017ce niebawem ponownie u Was zago\u015bcimy. Czekamy z ogromn\u0105 niecierpliwo\u015bci\u0105.<br \/>\n\u00a0\u00a0\u00a0\u00a0\u00a0\u00a0\u00a0\u00a0\u00a0\u00a0\u00a0\u00a0\u00a0\u00a0\u00a0\u00a0\u00a0\u00a0\u00a0\u00a0\u00a0\u00a0\u00a0\u00a0\u00a0\u00a0\u00a0\u00a0\u00a0\u00a0\u00a0\u00a0\u00a0\u00a0\u00a0\u00a0\u00a0\u00a0\u00a0\u00a0\u00a0\u00a0\u00a0\u00a0\u00a0\u00a0\u00a0\u00a0\u00a0\u00a0\u00a0\u00a0\u00a0\u00a0\u00a0\u00a0\u00a0\u00a0\u00a0\u00a0\u00a0\u00a0\u00a0\u00a0\u00a0\u00a0\u00a0\u00a0\u00a0\u00a0\u00a0\u00a0\u00a0\u00a0\u00a0\u00a0\u00a0\u00a0\u00a0\u00a0\u00a0\u00a0\u00a0\u00a0 Opr. Joanna Olejniczak<br \/>\n<img src='https:\/\/biblioteka-gabin.pl\/wp-content\/uploads\/archive\/pliki\/obraz\/2023_\/wrzesien\/382146639_869048804557828_228724999538473671_n.jpg'><br \/>\n<a href='https:\/\/biblioteka-gabin.pl\/wp-content\/uploads\/archive\/galleries\/513\/3803908506845953933333338500680442541996598n-a9e91645ae.jpg'><img style='max-height:300px;' src='https:\/\/biblioteka-gabin.pl\/wp-content\/uploads\/archive\/galleries\/513\/3803908506845953933333338500680442541996598n-a9e91645ae.jpg'><\/a><br \/>\n<a href='https:\/\/biblioteka-gabin.pl\/wp-content\/uploads\/archive\/galleries\/513\/3796758623360063656597224324065719114152460n-6b3e99aa4f.jpg'><img style='max-height:300px;' src='https:\/\/biblioteka-gabin.pl\/wp-content\/uploads\/archive\/galleries\/513\/3796758623360063656597224324065719114152460n-6b3e99aa4f.jpg'><\/a><br \/>\n<a href='https:\/\/biblioteka-gabin.pl\/wp-content\/uploads\/archive\/galleries\/513\/3805132733027802091531048479522256843123022n-32a507b0b2.jpg'><img style='max-height:300px;' src='https:\/\/biblioteka-gabin.pl\/wp-content\/uploads\/archive\/galleries\/513\/3805132733027802091531048479522256843123022n-32a507b0b2.jpg'><\/a><br \/>\n<a href='https:\/\/biblioteka-gabin.pl\/wp-content\/uploads\/archive\/galleries\/513\/382146639869048804557828228724999538473671n-58071f3234.jpg'><img style='max-height:300px;' src='https:\/\/biblioteka-gabin.pl\/wp-content\/uploads\/archive\/galleries\/513\/382146639869048804557828228724999538473671n-58071f3234.jpg'><\/a><br \/>\n<a href='https:\/\/biblioteka-gabin.pl\/wp-content\/uploads\/archive\/galleries\/513\/3826381423288045196355328250233504025840176n-b5f9a3b347.jpg'><img style='max-height:300px;' src='https:\/\/biblioteka-gabin.pl\/wp-content\/uploads\/archive\/galleries\/513\/3826381423288045196355328250233504025840176n-b5f9a3b347.jpg'><\/a><br \/>\n<a href='https:\/\/biblioteka-gabin.pl\/wp-content\/uploads\/archive\/galleries\/513\/3825735006605781928393898650328437505143636n-f85feaa875.jpg'><img style='max-height:300px;' src='https:\/\/biblioteka-gabin.pl\/wp-content\/uploads\/archive\/galleries\/513\/3825735006605781928393898650328437505143636n-f85feaa875.jpg'><\/a><br \/>\n<a href='https:\/\/biblioteka-gabin.pl\/wp-content\/uploads\/archive\/galleries\/513\/38256648713420085300444501708096351680343839n-2bdb48b5a0.jpg'><img style='max-height:300px;' src='https:\/\/biblioteka-gabin.pl\/wp-content\/uploads\/archive\/galleries\/513\/38256648713420085300444501708096351680343839n-2bdb48b5a0.jpg'><\/a><br \/>\n<a href='https:\/\/biblioteka-gabin.pl\/wp-content\/uploads\/archive\/galleries\/513\/3825735006605781928393898650328437505143636n-ae4f6a74c6.jpg'><img style='max-height:300px;' src='https:\/\/biblioteka-gabin.pl\/wp-content\/uploads\/archive\/galleries\/513\/3825735006605781928393898650328437505143636n-ae4f6a74c6.jpg'><\/a><br \/>\n<a href='https:\/\/biblioteka-gabin.pl\/wp-content\/uploads\/archive\/galleries\/513\/3826143826397794616155648898338068562073045n-1b1a1bf9ca.jpg'><img style='max-height:300px;' src='https:\/\/biblioteka-gabin.pl\/wp-content\/uploads\/archive\/galleries\/513\/3826143826397794616155648898338068562073045n-1b1a1bf9ca.jpg'><\/a><br \/>\n<a href='https:\/\/biblioteka-gabin.pl\/wp-content\/uploads\/archive\/galleries\/513\/3805132733027802091531048479522256843123022n-2d32f7f50b.jpg'><img style='max-height:300px;' src='https:\/\/biblioteka-gabin.pl\/wp-content\/uploads\/archive\/galleries\/513\/3805132733027802091531048479522256843123022n-2d32f7f50b.jpg'><\/a><br \/>\n<a href='https:\/\/biblioteka-gabin.pl\/wp-content\/uploads\/archive\/galleries\/513\/38257350331507916685478951357923671797869300n-c305aea035.jpg'><img style='max-height:300px;' src='https:\/\/biblioteka-gabin.pl\/wp-content\/uploads\/archive\/galleries\/513\/38257350331507916685478951357923671797869300n-c305aea035.jpg'><\/a><br \/>\n<a href='https:\/\/biblioteka-gabin.pl\/wp-content\/uploads\/archive\/galleries\/513\/3796626687049857376579626885555077030994688n-1f016b8db4.jpg'><img style='max-height:300px;' src='https:\/\/biblioteka-gabin.pl\/wp-content\/uploads\/archive\/galleries\/513\/3796626687049857376579626885555077030994688n-1f016b8db4.jpg'><\/a><br \/>\n<a href='https:\/\/biblioteka-gabin.pl\/wp-content\/uploads\/archive\/galleries\/513\/384537524307237768669879554902471860029968n-34cac62276.jpg'><img style='max-height:300px;' src='https:\/\/biblioteka-gabin.pl\/wp-content\/uploads\/archive\/galleries\/513\/384537524307237768669879554902471860029968n-34cac62276.jpg'><\/a><br \/>\n<a href='https:\/\/biblioteka-gabin.pl\/wp-content\/uploads\/archive\/galleries\/513\/3844850713102230317048605586751643939900053n-540cf2379f.jpg'><img style='max-height:300px;' src='https:\/\/biblioteka-gabin.pl\/wp-content\/uploads\/archive\/galleries\/513\/3844850713102230317048605586751643939900053n-540cf2379f.jpg'><\/a><br \/>\n<a href='https:\/\/biblioteka-gabin.pl\/wp-content\/uploads\/archive\/galleries\/513\/3800656343332739960303696984529259758167611n-9d4358d4ee.jpg'><img style='max-height:300px;' src='https:\/\/biblioteka-gabin.pl\/wp-content\/uploads\/archive\/galleries\/513\/3800656343332739960303696984529259758167611n-9d4358d4ee.jpg'><\/a><br \/>\n<a href='https:\/\/biblioteka-gabin.pl\/wp-content\/uploads\/archive\/galleries\/513\/38484379513213290284882764730527592359529754n-0bdc23ea25.jpg'><img style='max-height:300px;' src='https:\/\/biblioteka-gabin.pl\/wp-content\/uploads\/archive\/galleries\/513\/38484379513213290284882764730527592359529754n-0bdc23ea25.jpg'><\/a><br \/>\n<a href='https:\/\/biblioteka-gabin.pl\/wp-content\/uploads\/archive\/galleries\/513\/38034970917011062270761843203466011915466236n-d46f8766e8.jpg'><img style='max-height:300px;' src='https:\/\/biblioteka-gabin.pl\/wp-content\/uploads\/archive\/galleries\/513\/38034970917011062270761843203466011915466236n-d46f8766e8.jpg'><\/a><br \/>\n<a href='https:\/\/biblioteka-gabin.pl\/wp-content\/uploads\/archive\/galleries\/513\/3796654327061570108628278011833036995412055n-e51d242f45.jpg'><img style='max-height:300px;' src='https:\/\/biblioteka-gabin.pl\/wp-content\/uploads\/archive\/galleries\/513\/3796654327061570108628278011833036995412055n-e51d242f45.jpg'><\/a><br \/>\n<a href='https:\/\/biblioteka-gabin.pl\/wp-content\/uploads\/archive\/galleries\/513\/38257140814240975381440557685268015692888889n-4e458f3b9a.jpg'><img style='max-height:300px;' src='https:\/\/biblioteka-gabin.pl\/wp-content\/uploads\/archive\/galleries\/513\/38257140814240975381440557685268015692888889n-4e458f3b9a.jpg'><\/a><\/p>\n","protected":false},"excerpt":{"rendered":"<p>29 wrze\u015bnia obchodzimy Og\u00f3lnopolski Dzie\u0144 G\u0142o\u015bnego Czytania, wpisuje si\u0119 on<\/p>\n","protected":false},"author":1,"featured_media":0,"comment_status":"open","ping_status":"open","sticky":false,"template":"","format":"standard","meta":{"footnotes":""},"categories":[36],"tags":[],"class_list":["post-8430","post","type-post","status-publish","format-standard","hentry","category-main"],"yoast_head":"<!-- This site is optimized with the Yoast SEO plugin v27.4 - https:\/\/yoast.com\/product\/yoast-seo-wordpress\/ -->\n<title>Spotkanie w Przedszkolu w Podlasiu-Og\u00f3lnopolski Dzie\u0144 G\u0142o\u015bnego Czytania (29.09.2023r). - Miejsko-Gminna Biblioteka Publiczna w G\u0105binie<\/title>\n<meta name=\"robots\" content=\"index, follow, max-snippet:-1, max-image-preview:large, max-video-preview:-1\" \/>\n<link rel=\"canonical\" href=\"http:\/\/biblioteka-gabin.pl\/index.php\/2023\/09\/29\/spotkanie-w-przedszkolu-w-podlasiu-ogolnopolski-dzien-glosnego-czytania-29-09-2023r\/\" \/>\n<meta property=\"og:locale\" content=\"pl_PL\" \/>\n<meta property=\"og:type\" content=\"article\" \/>\n<meta property=\"og:title\" content=\"Spotkanie w Przedszkolu w Podlasiu-Og\u00f3lnopolski Dzie\u0144 G\u0142o\u015bnego Czytania (29.09.2023r). - Miejsko-Gminna Biblioteka Publiczna w G\u0105binie\" \/>\n<meta property=\"og:description\" content=\"29 wrze\u015bnia obchodzimy Og\u00f3lnopolski Dzie\u0144 G\u0142o\u015bnego Czytania, wpisuje si\u0119 on\" \/>\n<meta property=\"og:url\" content=\"http:\/\/biblioteka-gabin.pl\/index.php\/2023\/09\/29\/spotkanie-w-przedszkolu-w-podlasiu-ogolnopolski-dzien-glosnego-czytania-29-09-2023r\/\" \/>\n<meta property=\"og:site_name\" content=\"Miejsko-Gminna Biblioteka Publiczna w G\u0105binie\" \/>\n<meta property=\"article:publisher\" content=\"https:\/\/www.facebook.com\/bibliotekagabin\" \/>\n<meta property=\"article:published_time\" content=\"2023-09-29T00:00:00+00:00\" \/>\n<meta property=\"og:image\" content=\"https:\/\/biblioteka-gabin.pl\/wp-content\/uploads\/archive\/pliki\/obraz\/2023_\/wrzesien\/382146639_869048804557828_228724999538473671_n.jpg\" \/>\n<meta name=\"author\" content=\"admin\" \/>\n<meta name=\"twitter:card\" content=\"summary_large_image\" \/>\n<meta name=\"twitter:label1\" content=\"Napisane przez\" \/>\n\t<meta name=\"twitter:data1\" content=\"admin\" \/>\n\t<meta name=\"twitter:label2\" content=\"Szacowany czas czytania\" \/>\n\t<meta name=\"twitter:data2\" content=\"1 minuta\" \/>\n<script type=\"application\/ld+json\" class=\"yoast-schema-graph\">{\"@context\":\"https:\\\/\\\/schema.org\",\"@graph\":[{\"@type\":\"Article\",\"@id\":\"http:\\\/\\\/biblioteka-gabin.pl\\\/index.php\\\/2023\\\/09\\\/29\\\/spotkanie-w-przedszkolu-w-podlasiu-ogolnopolski-dzien-glosnego-czytania-29-09-2023r\\\/#article\",\"isPartOf\":{\"@id\":\"http:\\\/\\\/biblioteka-gabin.pl\\\/index.php\\\/2023\\\/09\\\/29\\\/spotkanie-w-przedszkolu-w-podlasiu-ogolnopolski-dzien-glosnego-czytania-29-09-2023r\\\/\"},\"author\":{\"name\":\"admin\",\"@id\":\"https:\\\/\\\/biblioteka-gabin.pl\\\/#\\\/schema\\\/person\\\/2067b97c24663d987ef6ef95bed7c99a\"},\"headline\":\"Spotkanie w Przedszkolu w Podlasiu-Og\u00f3lnopolski Dzie\u0144 G\u0142o\u015bnego Czytania (29.09.2023r).\",\"datePublished\":\"2023-09-29T00:00:00+00:00\",\"mainEntityOfPage\":{\"@id\":\"http:\\\/\\\/biblioteka-gabin.pl\\\/index.php\\\/2023\\\/09\\\/29\\\/spotkanie-w-przedszkolu-w-podlasiu-ogolnopolski-dzien-glosnego-czytania-29-09-2023r\\\/\"},\"wordCount\":217,\"commentCount\":0,\"publisher\":{\"@id\":\"https:\\\/\\\/biblioteka-gabin.pl\\\/#organization\"},\"image\":{\"@id\":\"http:\\\/\\\/biblioteka-gabin.pl\\\/index.php\\\/2023\\\/09\\\/29\\\/spotkanie-w-przedszkolu-w-podlasiu-ogolnopolski-dzien-glosnego-czytania-29-09-2023r\\\/#primaryimage\"},\"thumbnailUrl\":\"https:\\\/\\\/biblioteka-gabin.pl\\\/wp-content\\\/uploads\\\/archive\\\/pliki\\\/obraz\\\/2023_\\\/wrzesien\\\/382146639_869048804557828_228724999538473671_n.jpg\",\"articleSection\":[\"Main\"],\"inLanguage\":\"pl-PL\",\"potentialAction\":[{\"@type\":\"CommentAction\",\"name\":\"Comment\",\"target\":[\"http:\\\/\\\/biblioteka-gabin.pl\\\/index.php\\\/2023\\\/09\\\/29\\\/spotkanie-w-przedszkolu-w-podlasiu-ogolnopolski-dzien-glosnego-czytania-29-09-2023r\\\/#respond\"]}]},{\"@type\":\"WebPage\",\"@id\":\"http:\\\/\\\/biblioteka-gabin.pl\\\/index.php\\\/2023\\\/09\\\/29\\\/spotkanie-w-przedszkolu-w-podlasiu-ogolnopolski-dzien-glosnego-czytania-29-09-2023r\\\/\",\"url\":\"http:\\\/\\\/biblioteka-gabin.pl\\\/index.php\\\/2023\\\/09\\\/29\\\/spotkanie-w-przedszkolu-w-podlasiu-ogolnopolski-dzien-glosnego-czytania-29-09-2023r\\\/\",\"name\":\"Spotkanie w Przedszkolu w Podlasiu-Og\u00f3lnopolski Dzie\u0144 G\u0142o\u015bnego Czytania (29.09.2023r). - Miejsko-Gminna Biblioteka Publiczna w G\u0105binie\",\"isPartOf\":{\"@id\":\"https:\\\/\\\/biblioteka-gabin.pl\\\/#website\"},\"primaryImageOfPage\":{\"@id\":\"http:\\\/\\\/biblioteka-gabin.pl\\\/index.php\\\/2023\\\/09\\\/29\\\/spotkanie-w-przedszkolu-w-podlasiu-ogolnopolski-dzien-glosnego-czytania-29-09-2023r\\\/#primaryimage\"},\"image\":{\"@id\":\"http:\\\/\\\/biblioteka-gabin.pl\\\/index.php\\\/2023\\\/09\\\/29\\\/spotkanie-w-przedszkolu-w-podlasiu-ogolnopolski-dzien-glosnego-czytania-29-09-2023r\\\/#primaryimage\"},\"thumbnailUrl\":\"https:\\\/\\\/biblioteka-gabin.pl\\\/wp-content\\\/uploads\\\/archive\\\/pliki\\\/obraz\\\/2023_\\\/wrzesien\\\/382146639_869048804557828_228724999538473671_n.jpg\",\"datePublished\":\"2023-09-29T00:00:00+00:00\",\"breadcrumb\":{\"@id\":\"http:\\\/\\\/biblioteka-gabin.pl\\\/index.php\\\/2023\\\/09\\\/29\\\/spotkanie-w-przedszkolu-w-podlasiu-ogolnopolski-dzien-glosnego-czytania-29-09-2023r\\\/#breadcrumb\"},\"inLanguage\":\"pl-PL\",\"potentialAction\":[{\"@type\":\"ReadAction\",\"target\":[\"http:\\\/\\\/biblioteka-gabin.pl\\\/index.php\\\/2023\\\/09\\\/29\\\/spotkanie-w-przedszkolu-w-podlasiu-ogolnopolski-dzien-glosnego-czytania-29-09-2023r\\\/\"]}]},{\"@type\":\"ImageObject\",\"inLanguage\":\"pl-PL\",\"@id\":\"http:\\\/\\\/biblioteka-gabin.pl\\\/index.php\\\/2023\\\/09\\\/29\\\/spotkanie-w-przedszkolu-w-podlasiu-ogolnopolski-dzien-glosnego-czytania-29-09-2023r\\\/#primaryimage\",\"url\":\"https:\\\/\\\/biblioteka-gabin.pl\\\/wp-content\\\/uploads\\\/archive\\\/pliki\\\/obraz\\\/2023_\\\/wrzesien\\\/382146639_869048804557828_228724999538473671_n.jpg\",\"contentUrl\":\"https:\\\/\\\/biblioteka-gabin.pl\\\/wp-content\\\/uploads\\\/archive\\\/pliki\\\/obraz\\\/2023_\\\/wrzesien\\\/382146639_869048804557828_228724999538473671_n.jpg\"},{\"@type\":\"BreadcrumbList\",\"@id\":\"http:\\\/\\\/biblioteka-gabin.pl\\\/index.php\\\/2023\\\/09\\\/29\\\/spotkanie-w-przedszkolu-w-podlasiu-ogolnopolski-dzien-glosnego-czytania-29-09-2023r\\\/#breadcrumb\",\"itemListElement\":[{\"@type\":\"ListItem\",\"position\":1,\"name\":\"Strona g\u0142\u00f3wna\",\"item\":\"https:\\\/\\\/biblioteka-gabin.pl\\\/\"},{\"@type\":\"ListItem\",\"position\":2,\"name\":\"Spotkanie w Przedszkolu w Podlasiu-Og\u00f3lnopolski Dzie\u0144 G\u0142o\u015bnego Czytania (29.09.2023r).\"}]},{\"@type\":\"WebSite\",\"@id\":\"https:\\\/\\\/biblioteka-gabin.pl\\\/#website\",\"url\":\"https:\\\/\\\/biblioteka-gabin.pl\\\/\",\"name\":\"Miejsko-Gminna Biblioteka Publiczna w G\u0105binie\",\"description\":\"\",\"publisher\":{\"@id\":\"https:\\\/\\\/biblioteka-gabin.pl\\\/#organization\"},\"potentialAction\":[{\"@type\":\"SearchAction\",\"target\":{\"@type\":\"EntryPoint\",\"urlTemplate\":\"https:\\\/\\\/biblioteka-gabin.pl\\\/?s={search_term_string}\"},\"query-input\":{\"@type\":\"PropertyValueSpecification\",\"valueRequired\":true,\"valueName\":\"search_term_string\"}}],\"inLanguage\":\"pl-PL\"},{\"@type\":\"Organization\",\"@id\":\"https:\\\/\\\/biblioteka-gabin.pl\\\/#organization\",\"name\":\"Miejsko-Gminna Biblioteka Publiczna w G\u0105binie\",\"url\":\"https:\\\/\\\/biblioteka-gabin.pl\\\/\",\"logo\":{\"@type\":\"ImageObject\",\"inLanguage\":\"pl-PL\",\"@id\":\"https:\\\/\\\/biblioteka-gabin.pl\\\/#\\\/schema\\\/logo\\\/image\\\/\",\"url\":\"https:\\\/\\\/biblioteka-gabin.pl\\\/wp-content\\\/uploads\\\/2025\\\/03\\\/logo-biblioteka-2-1657013691-1.jpg\",\"contentUrl\":\"https:\\\/\\\/biblioteka-gabin.pl\\\/wp-content\\\/uploads\\\/2025\\\/03\\\/logo-biblioteka-2-1657013691-1.jpg\",\"width\":1600,\"height\":772,\"caption\":\"Miejsko-Gminna Biblioteka Publiczna w G\u0105binie\"},\"image\":{\"@id\":\"https:\\\/\\\/biblioteka-gabin.pl\\\/#\\\/schema\\\/logo\\\/image\\\/\"},\"sameAs\":[\"https:\\\/\\\/www.facebook.com\\\/bibliotekagabin\",\"https:\\\/\\\/www.youtube.com\\\/@mgbpgabin9392\"]},{\"@type\":\"Person\",\"@id\":\"https:\\\/\\\/biblioteka-gabin.pl\\\/#\\\/schema\\\/person\\\/2067b97c24663d987ef6ef95bed7c99a\",\"name\":\"admin\",\"image\":{\"@type\":\"ImageObject\",\"inLanguage\":\"pl-PL\",\"@id\":\"https:\\\/\\\/secure.gravatar.com\\\/avatar\\\/e1843904e97b4e376a0fc90ae10372cd31bce9b207a7a3d2ca68fc7ca7e4174c?s=96&d=mm&r=g\",\"url\":\"https:\\\/\\\/secure.gravatar.com\\\/avatar\\\/e1843904e97b4e376a0fc90ae10372cd31bce9b207a7a3d2ca68fc7ca7e4174c?s=96&d=mm&r=g\",\"contentUrl\":\"https:\\\/\\\/secure.gravatar.com\\\/avatar\\\/e1843904e97b4e376a0fc90ae10372cd31bce9b207a7a3d2ca68fc7ca7e4174c?s=96&d=mm&r=g\",\"caption\":\"admin\"},\"sameAs\":[\"http:\\\/\\\/strona.biblioteka-gabin.pl\"],\"url\":\"https:\\\/\\\/biblioteka-gabin.pl\\\/index.php\\\/author\\\/admin\\\/\"}]}<\/script>\n<!-- \/ Yoast SEO plugin. -->","yoast_head_json":{"title":"Spotkanie w Przedszkolu w Podlasiu-Og\u00f3lnopolski Dzie\u0144 G\u0142o\u015bnego Czytania (29.09.2023r). - Miejsko-Gminna Biblioteka Publiczna w G\u0105binie","robots":{"index":"index","follow":"follow","max-snippet":"max-snippet:-1","max-image-preview":"max-image-preview:large","max-video-preview":"max-video-preview:-1"},"canonical":"http:\/\/biblioteka-gabin.pl\/index.php\/2023\/09\/29\/spotkanie-w-przedszkolu-w-podlasiu-ogolnopolski-dzien-glosnego-czytania-29-09-2023r\/","og_locale":"pl_PL","og_type":"article","og_title":"Spotkanie w Przedszkolu w Podlasiu-Og\u00f3lnopolski Dzie\u0144 G\u0142o\u015bnego Czytania (29.09.2023r). - Miejsko-Gminna Biblioteka Publiczna w G\u0105binie","og_description":"29 wrze\u015bnia obchodzimy Og\u00f3lnopolski Dzie\u0144 G\u0142o\u015bnego Czytania, wpisuje si\u0119 on","og_url":"http:\/\/biblioteka-gabin.pl\/index.php\/2023\/09\/29\/spotkanie-w-przedszkolu-w-podlasiu-ogolnopolski-dzien-glosnego-czytania-29-09-2023r\/","og_site_name":"Miejsko-Gminna Biblioteka Publiczna w G\u0105binie","article_publisher":"https:\/\/www.facebook.com\/bibliotekagabin","article_published_time":"2023-09-29T00:00:00+00:00","og_image":[{"url":"https:\/\/biblioteka-gabin.pl\/wp-content\/uploads\/archive\/pliki\/obraz\/2023_\/wrzesien\/382146639_869048804557828_228724999538473671_n.jpg","type":"","width":"","height":""}],"author":"admin","twitter_card":"summary_large_image","twitter_misc":{"Napisane przez":"admin","Szacowany czas czytania":"1 minuta"},"schema":{"@context":"https:\/\/schema.org","@graph":[{"@type":"Article","@id":"http:\/\/biblioteka-gabin.pl\/index.php\/2023\/09\/29\/spotkanie-w-przedszkolu-w-podlasiu-ogolnopolski-dzien-glosnego-czytania-29-09-2023r\/#article","isPartOf":{"@id":"http:\/\/biblioteka-gabin.pl\/index.php\/2023\/09\/29\/spotkanie-w-przedszkolu-w-podlasiu-ogolnopolski-dzien-glosnego-czytania-29-09-2023r\/"},"author":{"name":"admin","@id":"https:\/\/biblioteka-gabin.pl\/#\/schema\/person\/2067b97c24663d987ef6ef95bed7c99a"},"headline":"Spotkanie w Przedszkolu w Podlasiu-Og\u00f3lnopolski Dzie\u0144 G\u0142o\u015bnego Czytania (29.09.2023r).","datePublished":"2023-09-29T00:00:00+00:00","mainEntityOfPage":{"@id":"http:\/\/biblioteka-gabin.pl\/index.php\/2023\/09\/29\/spotkanie-w-przedszkolu-w-podlasiu-ogolnopolski-dzien-glosnego-czytania-29-09-2023r\/"},"wordCount":217,"commentCount":0,"publisher":{"@id":"https:\/\/biblioteka-gabin.pl\/#organization"},"image":{"@id":"http:\/\/biblioteka-gabin.pl\/index.php\/2023\/09\/29\/spotkanie-w-przedszkolu-w-podlasiu-ogolnopolski-dzien-glosnego-czytania-29-09-2023r\/#primaryimage"},"thumbnailUrl":"https:\/\/biblioteka-gabin.pl\/wp-content\/uploads\/archive\/pliki\/obraz\/2023_\/wrzesien\/382146639_869048804557828_228724999538473671_n.jpg","articleSection":["Main"],"inLanguage":"pl-PL","potentialAction":[{"@type":"CommentAction","name":"Comment","target":["http:\/\/biblioteka-gabin.pl\/index.php\/2023\/09\/29\/spotkanie-w-przedszkolu-w-podlasiu-ogolnopolski-dzien-glosnego-czytania-29-09-2023r\/#respond"]}]},{"@type":"WebPage","@id":"http:\/\/biblioteka-gabin.pl\/index.php\/2023\/09\/29\/spotkanie-w-przedszkolu-w-podlasiu-ogolnopolski-dzien-glosnego-czytania-29-09-2023r\/","url":"http:\/\/biblioteka-gabin.pl\/index.php\/2023\/09\/29\/spotkanie-w-przedszkolu-w-podlasiu-ogolnopolski-dzien-glosnego-czytania-29-09-2023r\/","name":"Spotkanie w Przedszkolu w Podlasiu-Og\u00f3lnopolski Dzie\u0144 G\u0142o\u015bnego Czytania (29.09.2023r). - Miejsko-Gminna Biblioteka Publiczna w G\u0105binie","isPartOf":{"@id":"https:\/\/biblioteka-gabin.pl\/#website"},"primaryImageOfPage":{"@id":"http:\/\/biblioteka-gabin.pl\/index.php\/2023\/09\/29\/spotkanie-w-przedszkolu-w-podlasiu-ogolnopolski-dzien-glosnego-czytania-29-09-2023r\/#primaryimage"},"image":{"@id":"http:\/\/biblioteka-gabin.pl\/index.php\/2023\/09\/29\/spotkanie-w-przedszkolu-w-podlasiu-ogolnopolski-dzien-glosnego-czytania-29-09-2023r\/#primaryimage"},"thumbnailUrl":"https:\/\/biblioteka-gabin.pl\/wp-content\/uploads\/archive\/pliki\/obraz\/2023_\/wrzesien\/382146639_869048804557828_228724999538473671_n.jpg","datePublished":"2023-09-29T00:00:00+00:00","breadcrumb":{"@id":"http:\/\/biblioteka-gabin.pl\/index.php\/2023\/09\/29\/spotkanie-w-przedszkolu-w-podlasiu-ogolnopolski-dzien-glosnego-czytania-29-09-2023r\/#breadcrumb"},"inLanguage":"pl-PL","potentialAction":[{"@type":"ReadAction","target":["http:\/\/biblioteka-gabin.pl\/index.php\/2023\/09\/29\/spotkanie-w-przedszkolu-w-podlasiu-ogolnopolski-dzien-glosnego-czytania-29-09-2023r\/"]}]},{"@type":"ImageObject","inLanguage":"pl-PL","@id":"http:\/\/biblioteka-gabin.pl\/index.php\/2023\/09\/29\/spotkanie-w-przedszkolu-w-podlasiu-ogolnopolski-dzien-glosnego-czytania-29-09-2023r\/#primaryimage","url":"https:\/\/biblioteka-gabin.pl\/wp-content\/uploads\/archive\/pliki\/obraz\/2023_\/wrzesien\/382146639_869048804557828_228724999538473671_n.jpg","contentUrl":"https:\/\/biblioteka-gabin.pl\/wp-content\/uploads\/archive\/pliki\/obraz\/2023_\/wrzesien\/382146639_869048804557828_228724999538473671_n.jpg"},{"@type":"BreadcrumbList","@id":"http:\/\/biblioteka-gabin.pl\/index.php\/2023\/09\/29\/spotkanie-w-przedszkolu-w-podlasiu-ogolnopolski-dzien-glosnego-czytania-29-09-2023r\/#breadcrumb","itemListElement":[{"@type":"ListItem","position":1,"name":"Strona g\u0142\u00f3wna","item":"https:\/\/biblioteka-gabin.pl\/"},{"@type":"ListItem","position":2,"name":"Spotkanie w Przedszkolu w Podlasiu-Og\u00f3lnopolski Dzie\u0144 G\u0142o\u015bnego Czytania (29.09.2023r)."}]},{"@type":"WebSite","@id":"https:\/\/biblioteka-gabin.pl\/#website","url":"https:\/\/biblioteka-gabin.pl\/","name":"Miejsko-Gminna Biblioteka Publiczna w G\u0105binie","description":"","publisher":{"@id":"https:\/\/biblioteka-gabin.pl\/#organization"},"potentialAction":[{"@type":"SearchAction","target":{"@type":"EntryPoint","urlTemplate":"https:\/\/biblioteka-gabin.pl\/?s={search_term_string}"},"query-input":{"@type":"PropertyValueSpecification","valueRequired":true,"valueName":"search_term_string"}}],"inLanguage":"pl-PL"},{"@type":"Organization","@id":"https:\/\/biblioteka-gabin.pl\/#organization","name":"Miejsko-Gminna Biblioteka Publiczna w G\u0105binie","url":"https:\/\/biblioteka-gabin.pl\/","logo":{"@type":"ImageObject","inLanguage":"pl-PL","@id":"https:\/\/biblioteka-gabin.pl\/#\/schema\/logo\/image\/","url":"https:\/\/biblioteka-gabin.pl\/wp-content\/uploads\/2025\/03\/logo-biblioteka-2-1657013691-1.jpg","contentUrl":"https:\/\/biblioteka-gabin.pl\/wp-content\/uploads\/2025\/03\/logo-biblioteka-2-1657013691-1.jpg","width":1600,"height":772,"caption":"Miejsko-Gminna Biblioteka Publiczna w G\u0105binie"},"image":{"@id":"https:\/\/biblioteka-gabin.pl\/#\/schema\/logo\/image\/"},"sameAs":["https:\/\/www.facebook.com\/bibliotekagabin","https:\/\/www.youtube.com\/@mgbpgabin9392"]},{"@type":"Person","@id":"https:\/\/biblioteka-gabin.pl\/#\/schema\/person\/2067b97c24663d987ef6ef95bed7c99a","name":"admin","image":{"@type":"ImageObject","inLanguage":"pl-PL","@id":"https:\/\/secure.gravatar.com\/avatar\/e1843904e97b4e376a0fc90ae10372cd31bce9b207a7a3d2ca68fc7ca7e4174c?s=96&d=mm&r=g","url":"https:\/\/secure.gravatar.com\/avatar\/e1843904e97b4e376a0fc90ae10372cd31bce9b207a7a3d2ca68fc7ca7e4174c?s=96&d=mm&r=g","contentUrl":"https:\/\/secure.gravatar.com\/avatar\/e1843904e97b4e376a0fc90ae10372cd31bce9b207a7a3d2ca68fc7ca7e4174c?s=96&d=mm&r=g","caption":"admin"},"sameAs":["http:\/\/strona.biblioteka-gabin.pl"],"url":"https:\/\/biblioteka-gabin.pl\/index.php\/author\/admin\/"}]}},"_links":{"self":[{"href":"https:\/\/biblioteka-gabin.pl\/index.php\/wp-json\/wp\/v2\/posts\/8430","targetHints":{"allow":["GET"]}}],"collection":[{"href":"https:\/\/biblioteka-gabin.pl\/index.php\/wp-json\/wp\/v2\/posts"}],"about":[{"href":"https:\/\/biblioteka-gabin.pl\/index.php\/wp-json\/wp\/v2\/types\/post"}],"author":[{"embeddable":true,"href":"https:\/\/biblioteka-gabin.pl\/index.php\/wp-json\/wp\/v2\/users\/1"}],"replies":[{"embeddable":true,"href":"https:\/\/biblioteka-gabin.pl\/index.php\/wp-json\/wp\/v2\/comments?post=8430"}],"version-history":[{"count":0,"href":"https:\/\/biblioteka-gabin.pl\/index.php\/wp-json\/wp\/v2\/posts\/8430\/revisions"}],"wp:attachment":[{"href":"https:\/\/biblioteka-gabin.pl\/index.php\/wp-json\/wp\/v2\/media?parent=8430"}],"wp:term":[{"taxonomy":"category","embeddable":true,"href":"https:\/\/biblioteka-gabin.pl\/index.php\/wp-json\/wp\/v2\/categories?post=8430"},{"taxonomy":"post_tag","embeddable":true,"href":"https:\/\/biblioteka-gabin.pl\/index.php\/wp-json\/wp\/v2\/tags?post=8430"}],"curies":[{"name":"wp","href":"https:\/\/api.w.org\/{rel}","templated":true}]}}