{"id":8436,"date":"2023-05-29T00:00:00","date_gmt":"2023-05-29T00:00:00","guid":{"rendered":"https:\/\/biblioteka-gabin.pl\/index.php\/2023\/05\/29\/spotkanie-z-bajka-gr-smerfow-z-przedszkola-samorzadowego-im-krola-maciusia-pierwszego-w-gabinie-26-05-23-r\/"},"modified":"2023-05-29T00:00:00","modified_gmt":"2023-05-29T00:00:00","slug":"spotkanie-z-bajka-gr-smerfow-z-przedszkola-samorzadowego-im-krola-maciusia-pierwszego-w-gabinie-26-05-23-r","status":"publish","type":"post","link":"https:\/\/biblioteka-gabin.pl\/index.php\/2023\/05\/29\/spotkanie-z-bajka-gr-smerfow-z-przedszkola-samorzadowego-im-krola-maciusia-pierwszego-w-gabinie-26-05-23-r\/","title":{"rendered":",,Spotkanie z bajk\u0105&#8221; gr. ,,Smerf\u00f3w&#8221; z Przedszkola Samorz\u0105dowego im. Kr\u00f3la Maciusia Pierwszego w G\u0105binie (26.05.23 r.)"},"content":{"rendered":"<p>,,Je\u015bli dobrze pomy\u015ble\u0107, to najlepiej przytula\u0107 si\u0119 do kogo\u015b, kogo si\u0119 kocha.- powiedzia\u0142 Tuli\u015b. I wtuli\u0142 si\u0119 w najwi\u0119ksze, najcieplejsze ramiona, jakie zna\u0142. \u201d \u00a0&#8211; us\u0142ysza\u0142a fragment ksi\u0105\u017cki gr. ,,Smerf\u00f3w\u201d z Przedszkola Samorz\u0105dowego im. Kr\u00f3la Maciusia Pierwszego w G\u0105binie podczas pi\u0105tkowego spotkania w bibliotece. \u00a0<br \/>\n\u00a0\u00a0 Nawi\u0105zuj\u0105c do Dnia Matki bibliotekarka Karolina K\u0119dzia przeczyta\u0142a bajk\u0119 pt. ,,Kto przytuli Misia Tulisia\u201d autorstwa Davida Mellinga. Opowie\u015b\u0107, kt\u00f3ra jest bestsellerem w\u015br\u00f3d literatury dzieci\u0119cej opowiada\u0142a histori\u0119 nied\u017awiedzia pragn\u0105cego si\u0119 przytuli\u0107. Po d\u0142ugich poszukiwaniach\u00a0 &#8211; pr\u00f3bie u\u015bciskania drzewa, kr\u00f3lika, sowy, owiec \u00a0&#8211; \u00a0mi\u015b wtuli\u0142 si\u0119 w ramiona swojej mamy.<br \/>\n\u00a0\u00a0\u00a0\u00a0\u00a0\u00a0\u00a0\u00a0\u00a0\u00a0\u00a0 ,,To jest pierwszy raz narodzony motyl.\u201d \u2013 powiedzia\u0142a jedna z dziewczynek przy pokazywaniu ksi\u0105\u017cki ,,Biedronka\u201d z serii ,,Pokochaj natur\u0119. Akademia M\u0105drego Dziecka\u201d. Dzieci po poruszeniu przez bibliotekark\u0119 ruchomych element\u00f3w bajki odgadywa\u0142y ukryte zwierz\u0119ta.<br \/>\n\u00a0\u00a0\u00a0 Ponadto przedszkolakom zosta\u0142y zaprezentowane ksi\u0105\u017cki d\u017awi\u0119kowe pt. ,,Stra\u017cak Sam\u201d, bajki z serii ,,Dotknij i pos\u0142uchaj\u201d; dotykowe z serii ,,Dotykam i poznaj\u0119\u201d; ,,historyjka harmonijka\u201d\u00a0 oraz bajki i ba\u015bnie z mi\u0119kkimi ok\u0142adkami.<br \/>\n\u00a0\u00a0\u00a0\u00a0\u00a0\u00a0\u00a0\u00a0 Dodatkowo pozna\u0142y sposoby korzystania z biblioteki na podstawie bajki pt. ,,Kot-O-Ciaki. Biblioteka\u201d. \u00a0Maluchy zna\u0142y przygody animowanych zwierz\u0105t z innych odcink\u00f3w.<br \/>\n\u00a0\u00a0\u00a0 \u00a0\u00a0\u00a0\u00a0\u00a0\u00a0\u00a0\u00a0\u00a0\u00a0\u00a0\u00a0Na zako\u0144czenie dzieci zosta\u0142y nauczone piosenki\u00a0 o ksi\u0105\u017cce do melodii ,,Siekiera, motyka\u2026\u201d . Nast\u0119pnie z okazji przypadaj\u0105cego \u015awi\u0119ta zobaczy\u0142y figurki mam, wykonane przez dzieci w konkursie bibliotecznym ,,Moja mama czarodziejka\u201d.<br \/>\n\u00a0\u00a0\u00a0\u00a0\u00a0\u00a0\u00a0\u00a0\u00a0\u00a0\u00a0\u00a0\u00a0\u00a0\u00a0\u00a0\u00a0\u00a0\u00a0 ,,Spotkania z bajk\u0105\u201d s\u0105 zaj\u0119ciami dla dzieci w r\u00f3\u017cnym wieku, kt\u00f3re maj\u0105 na celu uwra\u017cliwienie na ksi\u0105\u017cki, edukacj\u0119 i zach\u0119cenie do korzystania z biblioteki.<br \/>\nOpr. Karolina K\u0119dzia<br \/>\n<iframe width='420' height='315' src='https:\/\/www.youtube.com\/embed\/RqND79lURlY'><\/iframe><br \/>\n<iframe width='420' height='315' src='https:\/\/www.youtube.com\/embed\/MTMxvQ0uxzI'><\/iframe><br \/>\n<a href='https:\/\/biblioteka-gabin.pl\/wp-content\/uploads\/archive\/galleries\/484\/3450283636358311817317697089603677616854518n-a23d37e585.jpg'><img style='max-height:300px;' src='https:\/\/biblioteka-gabin.pl\/wp-content\/uploads\/archive\/galleries\/484\/3450283636358311817317697089603677616854518n-a23d37e585.jpg'><\/a><br \/>\n<a href='https:\/\/biblioteka-gabin.pl\/wp-content\/uploads\/archive\/galleries\/484\/3432857327914323858038036563152074400739364n-f640e1028c.jpg'><img style='max-height:300px;' src='https:\/\/biblioteka-gabin.pl\/wp-content\/uploads\/archive\/galleries\/484\/3432857327914323858038036563152074400739364n-f640e1028c.jpg'><\/a><br \/>\n<a href='https:\/\/biblioteka-gabin.pl\/wp-content\/uploads\/archive\/galleries\/484\/34476739312062756633949326943113075159507901n-5e2bb32b57.jpg'><img style='max-height:300px;' src='https:\/\/biblioteka-gabin.pl\/wp-content\/uploads\/archive\/galleries\/484\/34476739312062756633949326943113075159507901n-5e2bb32b57.jpg'><\/a><br \/>\n<a href='https:\/\/biblioteka-gabin.pl\/wp-content\/uploads\/archive\/galleries\/484\/34328369412104321463103146223504365872269998n-ec256b74fc.jpg'><img style='max-height:300px;' src='https:\/\/biblioteka-gabin.pl\/wp-content\/uploads\/archive\/galleries\/484\/34328369412104321463103146223504365872269998n-ec256b74fc.jpg'><\/a><br \/>\n<a href='https:\/\/biblioteka-gabin.pl\/wp-content\/uploads\/archive\/galleries\/484\/3437459751908980568122194795189173925401347n-1e3badad56.jpg'><img style='max-height:300px;' src='https:\/\/biblioteka-gabin.pl\/wp-content\/uploads\/archive\/galleries\/484\/3437459751908980568122194795189173925401347n-1e3badad56.jpg'><\/a><br \/>\n<a href='https:\/\/biblioteka-gabin.pl\/wp-content\/uploads\/archive\/galleries\/484\/3447921105554967801305305515076961092355271n-d93e4fc383.jpg'><img style='max-height:300px;' src='https:\/\/biblioteka-gabin.pl\/wp-content\/uploads\/archive\/galleries\/484\/3447921105554967801305305515076961092355271n-d93e4fc383.jpg'><\/a><br \/>\n<a href='https:\/\/biblioteka-gabin.pl\/wp-content\/uploads\/archive\/galleries\/484\/3433614479231532456381422218786174447078267n-83cce074fc.jpg'><img style='max-height:300px;' src='https:\/\/biblioteka-gabin.pl\/wp-content\/uploads\/archive\/galleries\/484\/3433614479231532456381422218786174447078267n-83cce074fc.jpg'><\/a><br \/>\n<a href='https:\/\/biblioteka-gabin.pl\/wp-content\/uploads\/archive\/galleries\/484\/34329156810520820190953784928712186836273327n-72d5f4dfc2.jpg'><img style='max-height:300px;' src='https:\/\/biblioteka-gabin.pl\/wp-content\/uploads\/archive\/galleries\/484\/34329156810520820190953784928712186836273327n-72d5f4dfc2.jpg'><\/a><br \/>\n<a href='https:\/\/biblioteka-gabin.pl\/wp-content\/uploads\/archive\/galleries\/484\/345487388638557084799039879329572676037647n-85034d9b9d.jpg'><img style='max-height:300px;' src='https:\/\/biblioteka-gabin.pl\/wp-content\/uploads\/archive\/galleries\/484\/345487388638557084799039879329572676037647n-85034d9b9d.jpg'><\/a><br \/>\n<a href='https:\/\/biblioteka-gabin.pl\/wp-content\/uploads\/archive\/galleries\/484\/344719752152516584467838296045415568218505n-60a1074300.jpg'><img style='max-height:300px;' src='https:\/\/biblioteka-gabin.pl\/wp-content\/uploads\/archive\/galleries\/484\/344719752152516584467838296045415568218505n-60a1074300.jpg'><\/a><br \/>\n<a href='https:\/\/biblioteka-gabin.pl\/wp-content\/uploads\/archive\/galleries\/484\/343803317817531882610569871781349795490539n-b1d93331fc.jpg'><img style='max-height:300px;' src='https:\/\/biblioteka-gabin.pl\/wp-content\/uploads\/archive\/galleries\/484\/343803317817531882610569871781349795490539n-b1d93331fc.jpg'><\/a><br \/>\n<a href='https:\/\/biblioteka-gabin.pl\/wp-content\/uploads\/archive\/galleries\/484\/35036645610165435826653646189942000371957917n-1360d78c94.jpg'><img style='max-height:300px;' src='https:\/\/biblioteka-gabin.pl\/wp-content\/uploads\/archive\/galleries\/484\/35036645610165435826653646189942000371957917n-1360d78c94.jpg'><\/a><br \/>\n<a href='https:\/\/biblioteka-gabin.pl\/wp-content\/uploads\/archive\/galleries\/484\/3502343091695284191715774138853443664069041n-014856e8e6.jpg'><img style='max-height:300px;' src='https:\/\/biblioteka-gabin.pl\/wp-content\/uploads\/archive\/galleries\/484\/3502343091695284191715774138853443664069041n-014856e8e6.jpg'><\/a><\/p>\n","protected":false},"excerpt":{"rendered":"<p>,,Je\u015bli dobrze pomy\u015ble\u0107, to najlepiej przytula\u0107 si\u0119 do kogo\u015b, kogo<\/p>\n","protected":false},"author":1,"featured_media":0,"comment_status":"open","ping_status":"open","sticky":false,"template":"","format":"standard","meta":{"footnotes":""},"categories":[36],"tags":[],"class_list":["post-8436","post","type-post","status-publish","format-standard","hentry","category-main"],"yoast_head":"<!-- This site is optimized with the Yoast SEO plugin v27.4 - https:\/\/yoast.com\/product\/yoast-seo-wordpress\/ -->\n<title>,,Spotkanie z bajk\u0105&quot; gr. ,,Smerf\u00f3w&quot; z Przedszkola Samorz\u0105dowego im. Kr\u00f3la Maciusia Pierwszego w G\u0105binie (26.05.23 r.) - Miejsko-Gminna Biblioteka Publiczna w G\u0105binie<\/title>\n<meta name=\"robots\" content=\"index, follow, max-snippet:-1, max-image-preview:large, max-video-preview:-1\" \/>\n<link rel=\"canonical\" href=\"http:\/\/biblioteka-gabin.pl\/index.php\/2023\/05\/29\/spotkanie-z-bajka-gr-smerfow-z-przedszkola-samorzadowego-im-krola-maciusia-pierwszego-w-gabinie-26-05-23-r\/\" \/>\n<meta property=\"og:locale\" content=\"pl_PL\" \/>\n<meta property=\"og:type\" content=\"article\" \/>\n<meta property=\"og:title\" content=\",,Spotkanie z bajk\u0105&quot; gr. ,,Smerf\u00f3w&quot; z Przedszkola Samorz\u0105dowego im. Kr\u00f3la Maciusia Pierwszego w G\u0105binie (26.05.23 r.) - Miejsko-Gminna Biblioteka Publiczna w G\u0105binie\" \/>\n<meta property=\"og:description\" content=\",,Je\u015bli dobrze pomy\u015ble\u0107, to najlepiej przytula\u0107 si\u0119 do kogo\u015b, kogo\" \/>\n<meta property=\"og:url\" content=\"http:\/\/biblioteka-gabin.pl\/index.php\/2023\/05\/29\/spotkanie-z-bajka-gr-smerfow-z-przedszkola-samorzadowego-im-krola-maciusia-pierwszego-w-gabinie-26-05-23-r\/\" \/>\n<meta property=\"og:site_name\" content=\"Miejsko-Gminna Biblioteka Publiczna w G\u0105binie\" \/>\n<meta property=\"article:publisher\" content=\"https:\/\/www.facebook.com\/bibliotekagabin\" \/>\n<meta property=\"article:published_time\" content=\"2023-05-29T00:00:00+00:00\" \/>\n<meta property=\"og:image\" content=\"https:\/\/biblioteka-gabin.pl\/wp-content\/uploads\/archive\/galleries\/484\/3450283636358311817317697089603677616854518n-a23d37e585.jpg\" \/>\n<meta name=\"author\" content=\"admin\" \/>\n<meta name=\"twitter:card\" content=\"summary_large_image\" \/>\n<meta name=\"twitter:label1\" content=\"Napisane przez\" \/>\n\t<meta name=\"twitter:data1\" content=\"admin\" \/>\n\t<meta name=\"twitter:label2\" content=\"Szacowany czas czytania\" \/>\n\t<meta name=\"twitter:data2\" content=\"1 minuta\" \/>\n<script type=\"application\/ld+json\" class=\"yoast-schema-graph\">{\"@context\":\"https:\\\/\\\/schema.org\",\"@graph\":[{\"@type\":\"Article\",\"@id\":\"http:\\\/\\\/biblioteka-gabin.pl\\\/index.php\\\/2023\\\/05\\\/29\\\/spotkanie-z-bajka-gr-smerfow-z-przedszkola-samorzadowego-im-krola-maciusia-pierwszego-w-gabinie-26-05-23-r\\\/#article\",\"isPartOf\":{\"@id\":\"http:\\\/\\\/biblioteka-gabin.pl\\\/index.php\\\/2023\\\/05\\\/29\\\/spotkanie-z-bajka-gr-smerfow-z-przedszkola-samorzadowego-im-krola-maciusia-pierwszego-w-gabinie-26-05-23-r\\\/\"},\"author\":{\"name\":\"admin\",\"@id\":\"https:\\\/\\\/biblioteka-gabin.pl\\\/#\\\/schema\\\/person\\\/2067b97c24663d987ef6ef95bed7c99a\"},\"headline\":\",,Spotkanie z bajk\u0105&#8221; gr. ,,Smerf\u00f3w&#8221; z Przedszkola Samorz\u0105dowego im. Kr\u00f3la Maciusia Pierwszego w G\u0105binie (26.05.23 r.)\",\"datePublished\":\"2023-05-29T00:00:00+00:00\",\"mainEntityOfPage\":{\"@id\":\"http:\\\/\\\/biblioteka-gabin.pl\\\/index.php\\\/2023\\\/05\\\/29\\\/spotkanie-z-bajka-gr-smerfow-z-przedszkola-samorzadowego-im-krola-maciusia-pierwszego-w-gabinie-26-05-23-r\\\/\"},\"wordCount\":308,\"commentCount\":0,\"publisher\":{\"@id\":\"https:\\\/\\\/biblioteka-gabin.pl\\\/#organization\"},\"image\":{\"@id\":\"http:\\\/\\\/biblioteka-gabin.pl\\\/index.php\\\/2023\\\/05\\\/29\\\/spotkanie-z-bajka-gr-smerfow-z-przedszkola-samorzadowego-im-krola-maciusia-pierwszego-w-gabinie-26-05-23-r\\\/#primaryimage\"},\"thumbnailUrl\":\"https:\\\/\\\/biblioteka-gabin.pl\\\/wp-content\\\/uploads\\\/archive\\\/galleries\\\/484\\\/3450283636358311817317697089603677616854518n-a23d37e585.jpg\",\"articleSection\":[\"Main\"],\"inLanguage\":\"pl-PL\",\"potentialAction\":[{\"@type\":\"CommentAction\",\"name\":\"Comment\",\"target\":[\"http:\\\/\\\/biblioteka-gabin.pl\\\/index.php\\\/2023\\\/05\\\/29\\\/spotkanie-z-bajka-gr-smerfow-z-przedszkola-samorzadowego-im-krola-maciusia-pierwszego-w-gabinie-26-05-23-r\\\/#respond\"]}]},{\"@type\":\"WebPage\",\"@id\":\"http:\\\/\\\/biblioteka-gabin.pl\\\/index.php\\\/2023\\\/05\\\/29\\\/spotkanie-z-bajka-gr-smerfow-z-przedszkola-samorzadowego-im-krola-maciusia-pierwszego-w-gabinie-26-05-23-r\\\/\",\"url\":\"http:\\\/\\\/biblioteka-gabin.pl\\\/index.php\\\/2023\\\/05\\\/29\\\/spotkanie-z-bajka-gr-smerfow-z-przedszkola-samorzadowego-im-krola-maciusia-pierwszego-w-gabinie-26-05-23-r\\\/\",\"name\":\",,Spotkanie z bajk\u0105\\\" gr. ,,Smerf\u00f3w\\\" z Przedszkola Samorz\u0105dowego im. Kr\u00f3la Maciusia Pierwszego w G\u0105binie (26.05.23 r.) - Miejsko-Gminna Biblioteka Publiczna w G\u0105binie\",\"isPartOf\":{\"@id\":\"https:\\\/\\\/biblioteka-gabin.pl\\\/#website\"},\"primaryImageOfPage\":{\"@id\":\"http:\\\/\\\/biblioteka-gabin.pl\\\/index.php\\\/2023\\\/05\\\/29\\\/spotkanie-z-bajka-gr-smerfow-z-przedszkola-samorzadowego-im-krola-maciusia-pierwszego-w-gabinie-26-05-23-r\\\/#primaryimage\"},\"image\":{\"@id\":\"http:\\\/\\\/biblioteka-gabin.pl\\\/index.php\\\/2023\\\/05\\\/29\\\/spotkanie-z-bajka-gr-smerfow-z-przedszkola-samorzadowego-im-krola-maciusia-pierwszego-w-gabinie-26-05-23-r\\\/#primaryimage\"},\"thumbnailUrl\":\"https:\\\/\\\/biblioteka-gabin.pl\\\/wp-content\\\/uploads\\\/archive\\\/galleries\\\/484\\\/3450283636358311817317697089603677616854518n-a23d37e585.jpg\",\"datePublished\":\"2023-05-29T00:00:00+00:00\",\"breadcrumb\":{\"@id\":\"http:\\\/\\\/biblioteka-gabin.pl\\\/index.php\\\/2023\\\/05\\\/29\\\/spotkanie-z-bajka-gr-smerfow-z-przedszkola-samorzadowego-im-krola-maciusia-pierwszego-w-gabinie-26-05-23-r\\\/#breadcrumb\"},\"inLanguage\":\"pl-PL\",\"potentialAction\":[{\"@type\":\"ReadAction\",\"target\":[\"http:\\\/\\\/biblioteka-gabin.pl\\\/index.php\\\/2023\\\/05\\\/29\\\/spotkanie-z-bajka-gr-smerfow-z-przedszkola-samorzadowego-im-krola-maciusia-pierwszego-w-gabinie-26-05-23-r\\\/\"]}]},{\"@type\":\"ImageObject\",\"inLanguage\":\"pl-PL\",\"@id\":\"http:\\\/\\\/biblioteka-gabin.pl\\\/index.php\\\/2023\\\/05\\\/29\\\/spotkanie-z-bajka-gr-smerfow-z-przedszkola-samorzadowego-im-krola-maciusia-pierwszego-w-gabinie-26-05-23-r\\\/#primaryimage\",\"url\":\"https:\\\/\\\/biblioteka-gabin.pl\\\/wp-content\\\/uploads\\\/archive\\\/galleries\\\/484\\\/3450283636358311817317697089603677616854518n-a23d37e585.jpg\",\"contentUrl\":\"https:\\\/\\\/biblioteka-gabin.pl\\\/wp-content\\\/uploads\\\/archive\\\/galleries\\\/484\\\/3450283636358311817317697089603677616854518n-a23d37e585.jpg\"},{\"@type\":\"BreadcrumbList\",\"@id\":\"http:\\\/\\\/biblioteka-gabin.pl\\\/index.php\\\/2023\\\/05\\\/29\\\/spotkanie-z-bajka-gr-smerfow-z-przedszkola-samorzadowego-im-krola-maciusia-pierwszego-w-gabinie-26-05-23-r\\\/#breadcrumb\",\"itemListElement\":[{\"@type\":\"ListItem\",\"position\":1,\"name\":\"Strona g\u0142\u00f3wna\",\"item\":\"https:\\\/\\\/biblioteka-gabin.pl\\\/\"},{\"@type\":\"ListItem\",\"position\":2,\"name\":\",,Spotkanie z bajk\u0105&#8221; gr. ,,Smerf\u00f3w&#8221; z Przedszkola Samorz\u0105dowego im. Kr\u00f3la Maciusia Pierwszego w G\u0105binie (26.05.23 r.)\"}]},{\"@type\":\"WebSite\",\"@id\":\"https:\\\/\\\/biblioteka-gabin.pl\\\/#website\",\"url\":\"https:\\\/\\\/biblioteka-gabin.pl\\\/\",\"name\":\"Miejsko-Gminna Biblioteka Publiczna w G\u0105binie\",\"description\":\"\",\"publisher\":{\"@id\":\"https:\\\/\\\/biblioteka-gabin.pl\\\/#organization\"},\"potentialAction\":[{\"@type\":\"SearchAction\",\"target\":{\"@type\":\"EntryPoint\",\"urlTemplate\":\"https:\\\/\\\/biblioteka-gabin.pl\\\/?s={search_term_string}\"},\"query-input\":{\"@type\":\"PropertyValueSpecification\",\"valueRequired\":true,\"valueName\":\"search_term_string\"}}],\"inLanguage\":\"pl-PL\"},{\"@type\":\"Organization\",\"@id\":\"https:\\\/\\\/biblioteka-gabin.pl\\\/#organization\",\"name\":\"Miejsko-Gminna Biblioteka Publiczna w G\u0105binie\",\"url\":\"https:\\\/\\\/biblioteka-gabin.pl\\\/\",\"logo\":{\"@type\":\"ImageObject\",\"inLanguage\":\"pl-PL\",\"@id\":\"https:\\\/\\\/biblioteka-gabin.pl\\\/#\\\/schema\\\/logo\\\/image\\\/\",\"url\":\"https:\\\/\\\/biblioteka-gabin.pl\\\/wp-content\\\/uploads\\\/2025\\\/03\\\/logo-biblioteka-2-1657013691-1.jpg\",\"contentUrl\":\"https:\\\/\\\/biblioteka-gabin.pl\\\/wp-content\\\/uploads\\\/2025\\\/03\\\/logo-biblioteka-2-1657013691-1.jpg\",\"width\":1600,\"height\":772,\"caption\":\"Miejsko-Gminna Biblioteka Publiczna w G\u0105binie\"},\"image\":{\"@id\":\"https:\\\/\\\/biblioteka-gabin.pl\\\/#\\\/schema\\\/logo\\\/image\\\/\"},\"sameAs\":[\"https:\\\/\\\/www.facebook.com\\\/bibliotekagabin\",\"https:\\\/\\\/www.youtube.com\\\/@mgbpgabin9392\"]},{\"@type\":\"Person\",\"@id\":\"https:\\\/\\\/biblioteka-gabin.pl\\\/#\\\/schema\\\/person\\\/2067b97c24663d987ef6ef95bed7c99a\",\"name\":\"admin\",\"image\":{\"@type\":\"ImageObject\",\"inLanguage\":\"pl-PL\",\"@id\":\"https:\\\/\\\/secure.gravatar.com\\\/avatar\\\/e1843904e97b4e376a0fc90ae10372cd31bce9b207a7a3d2ca68fc7ca7e4174c?s=96&d=mm&r=g\",\"url\":\"https:\\\/\\\/secure.gravatar.com\\\/avatar\\\/e1843904e97b4e376a0fc90ae10372cd31bce9b207a7a3d2ca68fc7ca7e4174c?s=96&d=mm&r=g\",\"contentUrl\":\"https:\\\/\\\/secure.gravatar.com\\\/avatar\\\/e1843904e97b4e376a0fc90ae10372cd31bce9b207a7a3d2ca68fc7ca7e4174c?s=96&d=mm&r=g\",\"caption\":\"admin\"},\"sameAs\":[\"http:\\\/\\\/strona.biblioteka-gabin.pl\"],\"url\":\"https:\\\/\\\/biblioteka-gabin.pl\\\/index.php\\\/author\\\/admin\\\/\"}]}<\/script>\n<!-- \/ Yoast SEO plugin. -->","yoast_head_json":{"title":",,Spotkanie z bajk\u0105\" gr. ,,Smerf\u00f3w\" z Przedszkola Samorz\u0105dowego im. Kr\u00f3la Maciusia Pierwszego w G\u0105binie (26.05.23 r.) - Miejsko-Gminna Biblioteka Publiczna w G\u0105binie","robots":{"index":"index","follow":"follow","max-snippet":"max-snippet:-1","max-image-preview":"max-image-preview:large","max-video-preview":"max-video-preview:-1"},"canonical":"http:\/\/biblioteka-gabin.pl\/index.php\/2023\/05\/29\/spotkanie-z-bajka-gr-smerfow-z-przedszkola-samorzadowego-im-krola-maciusia-pierwszego-w-gabinie-26-05-23-r\/","og_locale":"pl_PL","og_type":"article","og_title":",,Spotkanie z bajk\u0105\" gr. ,,Smerf\u00f3w\" z Przedszkola Samorz\u0105dowego im. Kr\u00f3la Maciusia Pierwszego w G\u0105binie (26.05.23 r.) - Miejsko-Gminna Biblioteka Publiczna w G\u0105binie","og_description":",,Je\u015bli dobrze pomy\u015ble\u0107, to najlepiej przytula\u0107 si\u0119 do kogo\u015b, kogo","og_url":"http:\/\/biblioteka-gabin.pl\/index.php\/2023\/05\/29\/spotkanie-z-bajka-gr-smerfow-z-przedszkola-samorzadowego-im-krola-maciusia-pierwszego-w-gabinie-26-05-23-r\/","og_site_name":"Miejsko-Gminna Biblioteka Publiczna w G\u0105binie","article_publisher":"https:\/\/www.facebook.com\/bibliotekagabin","article_published_time":"2023-05-29T00:00:00+00:00","og_image":[{"url":"https:\/\/biblioteka-gabin.pl\/wp-content\/uploads\/archive\/galleries\/484\/3450283636358311817317697089603677616854518n-a23d37e585.jpg","type":"","width":"","height":""}],"author":"admin","twitter_card":"summary_large_image","twitter_misc":{"Napisane przez":"admin","Szacowany czas czytania":"1 minuta"},"schema":{"@context":"https:\/\/schema.org","@graph":[{"@type":"Article","@id":"http:\/\/biblioteka-gabin.pl\/index.php\/2023\/05\/29\/spotkanie-z-bajka-gr-smerfow-z-przedszkola-samorzadowego-im-krola-maciusia-pierwszego-w-gabinie-26-05-23-r\/#article","isPartOf":{"@id":"http:\/\/biblioteka-gabin.pl\/index.php\/2023\/05\/29\/spotkanie-z-bajka-gr-smerfow-z-przedszkola-samorzadowego-im-krola-maciusia-pierwszego-w-gabinie-26-05-23-r\/"},"author":{"name":"admin","@id":"https:\/\/biblioteka-gabin.pl\/#\/schema\/person\/2067b97c24663d987ef6ef95bed7c99a"},"headline":",,Spotkanie z bajk\u0105&#8221; gr. ,,Smerf\u00f3w&#8221; z Przedszkola Samorz\u0105dowego im. Kr\u00f3la Maciusia Pierwszego w G\u0105binie (26.05.23 r.)","datePublished":"2023-05-29T00:00:00+00:00","mainEntityOfPage":{"@id":"http:\/\/biblioteka-gabin.pl\/index.php\/2023\/05\/29\/spotkanie-z-bajka-gr-smerfow-z-przedszkola-samorzadowego-im-krola-maciusia-pierwszego-w-gabinie-26-05-23-r\/"},"wordCount":308,"commentCount":0,"publisher":{"@id":"https:\/\/biblioteka-gabin.pl\/#organization"},"image":{"@id":"http:\/\/biblioteka-gabin.pl\/index.php\/2023\/05\/29\/spotkanie-z-bajka-gr-smerfow-z-przedszkola-samorzadowego-im-krola-maciusia-pierwszego-w-gabinie-26-05-23-r\/#primaryimage"},"thumbnailUrl":"https:\/\/biblioteka-gabin.pl\/wp-content\/uploads\/archive\/galleries\/484\/3450283636358311817317697089603677616854518n-a23d37e585.jpg","articleSection":["Main"],"inLanguage":"pl-PL","potentialAction":[{"@type":"CommentAction","name":"Comment","target":["http:\/\/biblioteka-gabin.pl\/index.php\/2023\/05\/29\/spotkanie-z-bajka-gr-smerfow-z-przedszkola-samorzadowego-im-krola-maciusia-pierwszego-w-gabinie-26-05-23-r\/#respond"]}]},{"@type":"WebPage","@id":"http:\/\/biblioteka-gabin.pl\/index.php\/2023\/05\/29\/spotkanie-z-bajka-gr-smerfow-z-przedszkola-samorzadowego-im-krola-maciusia-pierwszego-w-gabinie-26-05-23-r\/","url":"http:\/\/biblioteka-gabin.pl\/index.php\/2023\/05\/29\/spotkanie-z-bajka-gr-smerfow-z-przedszkola-samorzadowego-im-krola-maciusia-pierwszego-w-gabinie-26-05-23-r\/","name":",,Spotkanie z bajk\u0105\" gr. ,,Smerf\u00f3w\" z Przedszkola Samorz\u0105dowego im. Kr\u00f3la Maciusia Pierwszego w G\u0105binie (26.05.23 r.) - Miejsko-Gminna Biblioteka Publiczna w G\u0105binie","isPartOf":{"@id":"https:\/\/biblioteka-gabin.pl\/#website"},"primaryImageOfPage":{"@id":"http:\/\/biblioteka-gabin.pl\/index.php\/2023\/05\/29\/spotkanie-z-bajka-gr-smerfow-z-przedszkola-samorzadowego-im-krola-maciusia-pierwszego-w-gabinie-26-05-23-r\/#primaryimage"},"image":{"@id":"http:\/\/biblioteka-gabin.pl\/index.php\/2023\/05\/29\/spotkanie-z-bajka-gr-smerfow-z-przedszkola-samorzadowego-im-krola-maciusia-pierwszego-w-gabinie-26-05-23-r\/#primaryimage"},"thumbnailUrl":"https:\/\/biblioteka-gabin.pl\/wp-content\/uploads\/archive\/galleries\/484\/3450283636358311817317697089603677616854518n-a23d37e585.jpg","datePublished":"2023-05-29T00:00:00+00:00","breadcrumb":{"@id":"http:\/\/biblioteka-gabin.pl\/index.php\/2023\/05\/29\/spotkanie-z-bajka-gr-smerfow-z-przedszkola-samorzadowego-im-krola-maciusia-pierwszego-w-gabinie-26-05-23-r\/#breadcrumb"},"inLanguage":"pl-PL","potentialAction":[{"@type":"ReadAction","target":["http:\/\/biblioteka-gabin.pl\/index.php\/2023\/05\/29\/spotkanie-z-bajka-gr-smerfow-z-przedszkola-samorzadowego-im-krola-maciusia-pierwszego-w-gabinie-26-05-23-r\/"]}]},{"@type":"ImageObject","inLanguage":"pl-PL","@id":"http:\/\/biblioteka-gabin.pl\/index.php\/2023\/05\/29\/spotkanie-z-bajka-gr-smerfow-z-przedszkola-samorzadowego-im-krola-maciusia-pierwszego-w-gabinie-26-05-23-r\/#primaryimage","url":"https:\/\/biblioteka-gabin.pl\/wp-content\/uploads\/archive\/galleries\/484\/3450283636358311817317697089603677616854518n-a23d37e585.jpg","contentUrl":"https:\/\/biblioteka-gabin.pl\/wp-content\/uploads\/archive\/galleries\/484\/3450283636358311817317697089603677616854518n-a23d37e585.jpg"},{"@type":"BreadcrumbList","@id":"http:\/\/biblioteka-gabin.pl\/index.php\/2023\/05\/29\/spotkanie-z-bajka-gr-smerfow-z-przedszkola-samorzadowego-im-krola-maciusia-pierwszego-w-gabinie-26-05-23-r\/#breadcrumb","itemListElement":[{"@type":"ListItem","position":1,"name":"Strona g\u0142\u00f3wna","item":"https:\/\/biblioteka-gabin.pl\/"},{"@type":"ListItem","position":2,"name":",,Spotkanie z bajk\u0105&#8221; gr. ,,Smerf\u00f3w&#8221; z Przedszkola Samorz\u0105dowego im. Kr\u00f3la Maciusia Pierwszego w G\u0105binie (26.05.23 r.)"}]},{"@type":"WebSite","@id":"https:\/\/biblioteka-gabin.pl\/#website","url":"https:\/\/biblioteka-gabin.pl\/","name":"Miejsko-Gminna Biblioteka Publiczna w G\u0105binie","description":"","publisher":{"@id":"https:\/\/biblioteka-gabin.pl\/#organization"},"potentialAction":[{"@type":"SearchAction","target":{"@type":"EntryPoint","urlTemplate":"https:\/\/biblioteka-gabin.pl\/?s={search_term_string}"},"query-input":{"@type":"PropertyValueSpecification","valueRequired":true,"valueName":"search_term_string"}}],"inLanguage":"pl-PL"},{"@type":"Organization","@id":"https:\/\/biblioteka-gabin.pl\/#organization","name":"Miejsko-Gminna Biblioteka Publiczna w G\u0105binie","url":"https:\/\/biblioteka-gabin.pl\/","logo":{"@type":"ImageObject","inLanguage":"pl-PL","@id":"https:\/\/biblioteka-gabin.pl\/#\/schema\/logo\/image\/","url":"https:\/\/biblioteka-gabin.pl\/wp-content\/uploads\/2025\/03\/logo-biblioteka-2-1657013691-1.jpg","contentUrl":"https:\/\/biblioteka-gabin.pl\/wp-content\/uploads\/2025\/03\/logo-biblioteka-2-1657013691-1.jpg","width":1600,"height":772,"caption":"Miejsko-Gminna Biblioteka Publiczna w G\u0105binie"},"image":{"@id":"https:\/\/biblioteka-gabin.pl\/#\/schema\/logo\/image\/"},"sameAs":["https:\/\/www.facebook.com\/bibliotekagabin","https:\/\/www.youtube.com\/@mgbpgabin9392"]},{"@type":"Person","@id":"https:\/\/biblioteka-gabin.pl\/#\/schema\/person\/2067b97c24663d987ef6ef95bed7c99a","name":"admin","image":{"@type":"ImageObject","inLanguage":"pl-PL","@id":"https:\/\/secure.gravatar.com\/avatar\/e1843904e97b4e376a0fc90ae10372cd31bce9b207a7a3d2ca68fc7ca7e4174c?s=96&d=mm&r=g","url":"https:\/\/secure.gravatar.com\/avatar\/e1843904e97b4e376a0fc90ae10372cd31bce9b207a7a3d2ca68fc7ca7e4174c?s=96&d=mm&r=g","contentUrl":"https:\/\/secure.gravatar.com\/avatar\/e1843904e97b4e376a0fc90ae10372cd31bce9b207a7a3d2ca68fc7ca7e4174c?s=96&d=mm&r=g","caption":"admin"},"sameAs":["http:\/\/strona.biblioteka-gabin.pl"],"url":"https:\/\/biblioteka-gabin.pl\/index.php\/author\/admin\/"}]}},"_links":{"self":[{"href":"https:\/\/biblioteka-gabin.pl\/index.php\/wp-json\/wp\/v2\/posts\/8436","targetHints":{"allow":["GET"]}}],"collection":[{"href":"https:\/\/biblioteka-gabin.pl\/index.php\/wp-json\/wp\/v2\/posts"}],"about":[{"href":"https:\/\/biblioteka-gabin.pl\/index.php\/wp-json\/wp\/v2\/types\/post"}],"author":[{"embeddable":true,"href":"https:\/\/biblioteka-gabin.pl\/index.php\/wp-json\/wp\/v2\/users\/1"}],"replies":[{"embeddable":true,"href":"https:\/\/biblioteka-gabin.pl\/index.php\/wp-json\/wp\/v2\/comments?post=8436"}],"version-history":[{"count":0,"href":"https:\/\/biblioteka-gabin.pl\/index.php\/wp-json\/wp\/v2\/posts\/8436\/revisions"}],"wp:attachment":[{"href":"https:\/\/biblioteka-gabin.pl\/index.php\/wp-json\/wp\/v2\/media?parent=8436"}],"wp:term":[{"taxonomy":"category","embeddable":true,"href":"https:\/\/biblioteka-gabin.pl\/index.php\/wp-json\/wp\/v2\/categories?post=8436"},{"taxonomy":"post_tag","embeddable":true,"href":"https:\/\/biblioteka-gabin.pl\/index.php\/wp-json\/wp\/v2\/tags?post=8436"}],"curies":[{"name":"wp","href":"https:\/\/api.w.org\/{rel}","templated":true}]}}