{"id":8438,"date":"2023-05-12T00:00:00","date_gmt":"2023-05-12T00:00:00","guid":{"rendered":"https:\/\/biblioteka-gabin.pl\/index.php\/2023\/05\/12\/spotkanie-z-bajka-i-pogadanka-w-gr-motyli-i-biedronek-w-punkcie-i-oddziale-przedszkolnym-w-nowym-grabiu-09-05-23-r\/"},"modified":"2023-05-12T00:00:00","modified_gmt":"2023-05-12T00:00:00","slug":"spotkanie-z-bajka-i-pogadanka-w-gr-motyli-i-biedronek-w-punkcie-i-oddziale-przedszkolnym-w-nowym-grabiu-09-05-23-r","status":"publish","type":"post","link":"https:\/\/biblioteka-gabin.pl\/index.php\/2023\/05\/12\/spotkanie-z-bajka-i-pogadanka-w-gr-motyli-i-biedronek-w-punkcie-i-oddziale-przedszkolnym-w-nowym-grabiu-09-05-23-r\/","title":{"rendered":",,Spotkanie z bajk\u0105&#8221; i Pogadanka w gr. Motyli i Biedronek w Punkcie i Oddziale Przedszkolnym w Nowym Grabiu (09.05.23 r.)"},"content":{"rendered":"<p>Eksperyment zwi\u0105zany z cisz\u0105 oraz uk\u0142adanka z okazji obchodzonego Tygodnia Bibliotek by\u0142y elementami ostatniego spotkania w Oddziale i Punkcie Przedszkolnym w Nowym Grabiu. Ponadto grupom ,,Motyli\u201d i ,,Biedronek\u201d<br \/>\npo majowej przerwie ponownie zosta\u0142y przeczytane ksi\u0105\u017cki z Miejsko-Gminnej Biblioteki Publicznej w G\u0105binie.<br \/>\n\u00a0\u00a0\u00a0\u00a0\u00a0\u00a0\u00a0\u00a0\u00a0\u00a0\u00a0\u00a0\u00a0\u00a0 ,,Z czym kojarzy Wam si\u0119 wiosna?\u201d \u2013 zapyta\u0142a Karolina K\u0119dzia jednej grupy. Dzieci, siedz\u0105c w kole po kolei wymienia\u0142y: s\u0142o\u0144ce, ptaki, motyle, kolor zielony i kwiaty. Nawi\u0105zuj\u0105c do drogi prowadz\u0105cej do przedszkola bibliotekarka powiedzia\u0142a, \u017ce znaki aktualnej pory roku s\u0105 ju\u017c bardzo widoczne. Podkre\u015bli\u0142a, \u017ce s\u0142ycha\u0107 \u015bpiew ptak\u00f3w a li\u015bcie na drzewach maj\u0105 teraz wyj\u0105tkowo intensywn\u0105 barw\u0119.<br \/>\n\u00a0\u00a0\u00a0\u00a0\u00a0\u00a0\u00a0\u00a0\u00a0\u00a0\u00a0\u00a0 Ponadto dope\u0142nieniem tematu by\u0142a zabawa w na\u015bladowanie rozwijaj\u0105cych si\u0119 kwiat\u00f3w do utworu A. Vivaldiego pt. ,,Wiosna\u201d. Dodatkowo dzieci wys\u0142ucha\u0142y bajki pt. ,,Bociani\u0105tka\u201d z ksi\u0105\u017cki pt. ,,Cztery pory ba\u015bni. Wiosna\u201d autorstwa W\u0142odzimierza Dulemby.<br \/>\n\u00a0\u00a0\u00a0\u00a0\u00a0\u00a0\u00a0\u00a0\u00a0\u00a0\u00a0 ,,Motylom\u201d zosta\u0142a przeczytana opowie\u015b\u0107 o wiewi\u00f3rce mieszkaj\u0105cej w lesie, kt\u00f3ra opowiada\u0142a bajki a ponad wszystko lubi\u0142a cisz\u0119. Na pocz\u0105tku nie by\u0142a rozumiana przez swoich przyjaci\u00f3\u0142. Jednak\u017ce dzi\u0119ki dostrzeganiu przez ni\u0105 ,,wszystkiego-nawet tego, co najmniejsze\u201d \u2013 jak pisze N.Kinnear, autor opowiadania \u2013 zosta\u0142a doceniona. Ponadto maluchy przez zabaw\u0119 rozwijaj\u0105c\u0105 koncentracj\u0119 z \u0142y\u017ck\u0105 i pi\u0142k\u0105 ping-pongow\u0105 odkrywa\u0142y warto\u015b\u0107 ciszy.<br \/>\n\u00a0\u00a0\u00a0\u00a0\u00a0\u00a0\u00a0 ,,Spotkania z bajk\u0105\u201d, Pogadanki i Lekcje biblioteczne s\u0105 prowadzone w przedszkolach, punktach i oddzia\u0142ach przedszkolnych, i g\u0105bi\u0144skiej ksi\u0105\u017cnicy przez bibliotekarki z G\u0105bina.\u00a0<br \/>\n\u00a0\u00a0\u00a0\u00a0\u00a0\u00a0\u00a0\u00a0 \u00a0\u00a0\u00a0\u00a0\u00a0\u00a0\u00a0\u00a0\u00a0\u00a0\u00a0\u00a0\u00a0\u00a0\u00a0\u00a0\u00a0\u00a0\u00a0\u00a0\u00a0\u00a0\u00a0\u00a0\u00a0\u00a0\u00a0\u00a0\u00a0\u00a0\u00a0\u00a0\u00a0\u00a0\u00a0\u00a0\u00a0\u00a0\u00a0\u00a0\u00a0\u00a0\u00a0\u00a0\u00a0\u00a0\u00a0\u00a0\u00a0\u00a0\u00a0\u00a0\u00a0\u00a0\u00a0\u00a0\u00a0\u00a0\u00a0\u00a0\u00a0\u00a0\u00a0\u00a0\u00a0\u00a0\u00a0\u00a0\u00a0\u00a0\u00a0\u00a0\u00a0\u00a0\u00a0\u00a0\u00a0\u00a0\u00a0\u00a0\u00a0\u00a0\u00a0\u00a0\u00a0\u00a0\u00a0Opr. Karolina K\u0119dzia<br \/>\n<img src='https:\/\/biblioteka-gabin.pl\/wp-content\/uploads\/archive\/pliki\/obraz\/2023_\/maj\/344435656_277739754678172_4761055268119045733_n.jpg'><br \/>\n<iframe width='420' height='315' src='https:\/\/www.youtube.com\/embed\/5cCkQk9CvB4'><\/iframe><\/p>\n","protected":false},"excerpt":{"rendered":"<p>Eksperyment zwi\u0105zany z cisz\u0105 oraz uk\u0142adanka z okazji obchodzonego Tygodnia<\/p>\n","protected":false},"author":1,"featured_media":0,"comment_status":"open","ping_status":"open","sticky":false,"template":"","format":"standard","meta":{"footnotes":""},"categories":[36],"tags":[],"class_list":["post-8438","post","type-post","status-publish","format-standard","hentry","category-main"],"yoast_head":"<!-- This site is optimized with the Yoast SEO plugin v27.4 - https:\/\/yoast.com\/product\/yoast-seo-wordpress\/ -->\n<title>,,Spotkanie z bajk\u0105&quot; i Pogadanka w gr. Motyli i Biedronek w Punkcie i Oddziale Przedszkolnym w Nowym Grabiu (09.05.23 r.) - Miejsko-Gminna Biblioteka Publiczna w G\u0105binie<\/title>\n<meta name=\"robots\" content=\"index, follow, max-snippet:-1, max-image-preview:large, max-video-preview:-1\" \/>\n<link rel=\"canonical\" href=\"http:\/\/biblioteka-gabin.pl\/index.php\/2023\/05\/12\/spotkanie-z-bajka-i-pogadanka-w-gr-motyli-i-biedronek-w-punkcie-i-oddziale-przedszkolnym-w-nowym-grabiu-09-05-23-r\/\" \/>\n<meta property=\"og:locale\" content=\"pl_PL\" \/>\n<meta property=\"og:type\" content=\"article\" \/>\n<meta property=\"og:title\" content=\",,Spotkanie z bajk\u0105&quot; i Pogadanka w gr. Motyli i Biedronek w Punkcie i Oddziale Przedszkolnym w Nowym Grabiu (09.05.23 r.) - Miejsko-Gminna Biblioteka Publiczna w G\u0105binie\" \/>\n<meta property=\"og:description\" content=\"Eksperyment zwi\u0105zany z cisz\u0105 oraz uk\u0142adanka z okazji obchodzonego Tygodnia\" \/>\n<meta property=\"og:url\" content=\"http:\/\/biblioteka-gabin.pl\/index.php\/2023\/05\/12\/spotkanie-z-bajka-i-pogadanka-w-gr-motyli-i-biedronek-w-punkcie-i-oddziale-przedszkolnym-w-nowym-grabiu-09-05-23-r\/\" \/>\n<meta property=\"og:site_name\" content=\"Miejsko-Gminna Biblioteka Publiczna w G\u0105binie\" \/>\n<meta property=\"article:publisher\" content=\"https:\/\/www.facebook.com\/bibliotekagabin\" \/>\n<meta property=\"article:published_time\" content=\"2023-05-12T00:00:00+00:00\" \/>\n<meta property=\"og:image\" content=\"https:\/\/biblioteka-gabin.pl\/wp-content\/uploads\/archive\/pliki\/obraz\/2023_\/maj\/344435656_277739754678172_4761055268119045733_n.jpg\" \/>\n<meta name=\"author\" content=\"admin\" \/>\n<meta name=\"twitter:card\" content=\"summary_large_image\" \/>\n<meta name=\"twitter:label1\" content=\"Napisane przez\" \/>\n\t<meta name=\"twitter:data1\" content=\"admin\" \/>\n\t<meta name=\"twitter:label2\" content=\"Szacowany czas czytania\" \/>\n\t<meta name=\"twitter:data2\" content=\"1 minuta\" \/>\n<script type=\"application\/ld+json\" class=\"yoast-schema-graph\">{\"@context\":\"https:\\\/\\\/schema.org\",\"@graph\":[{\"@type\":\"Article\",\"@id\":\"http:\\\/\\\/biblioteka-gabin.pl\\\/index.php\\\/2023\\\/05\\\/12\\\/spotkanie-z-bajka-i-pogadanka-w-gr-motyli-i-biedronek-w-punkcie-i-oddziale-przedszkolnym-w-nowym-grabiu-09-05-23-r\\\/#article\",\"isPartOf\":{\"@id\":\"http:\\\/\\\/biblioteka-gabin.pl\\\/index.php\\\/2023\\\/05\\\/12\\\/spotkanie-z-bajka-i-pogadanka-w-gr-motyli-i-biedronek-w-punkcie-i-oddziale-przedszkolnym-w-nowym-grabiu-09-05-23-r\\\/\"},\"author\":{\"name\":\"admin\",\"@id\":\"https:\\\/\\\/biblioteka-gabin.pl\\\/#\\\/schema\\\/person\\\/2067b97c24663d987ef6ef95bed7c99a\"},\"headline\":\",,Spotkanie z bajk\u0105&#8221; i Pogadanka w gr. Motyli i Biedronek w Punkcie i Oddziale Przedszkolnym w Nowym Grabiu (09.05.23 r.)\",\"datePublished\":\"2023-05-12T00:00:00+00:00\",\"mainEntityOfPage\":{\"@id\":\"http:\\\/\\\/biblioteka-gabin.pl\\\/index.php\\\/2023\\\/05\\\/12\\\/spotkanie-z-bajka-i-pogadanka-w-gr-motyli-i-biedronek-w-punkcie-i-oddziale-przedszkolnym-w-nowym-grabiu-09-05-23-r\\\/\"},\"wordCount\":283,\"commentCount\":0,\"publisher\":{\"@id\":\"https:\\\/\\\/biblioteka-gabin.pl\\\/#organization\"},\"image\":{\"@id\":\"http:\\\/\\\/biblioteka-gabin.pl\\\/index.php\\\/2023\\\/05\\\/12\\\/spotkanie-z-bajka-i-pogadanka-w-gr-motyli-i-biedronek-w-punkcie-i-oddziale-przedszkolnym-w-nowym-grabiu-09-05-23-r\\\/#primaryimage\"},\"thumbnailUrl\":\"https:\\\/\\\/biblioteka-gabin.pl\\\/wp-content\\\/uploads\\\/archive\\\/pliki\\\/obraz\\\/2023_\\\/maj\\\/344435656_277739754678172_4761055268119045733_n.jpg\",\"articleSection\":[\"Main\"],\"inLanguage\":\"pl-PL\",\"potentialAction\":[{\"@type\":\"CommentAction\",\"name\":\"Comment\",\"target\":[\"http:\\\/\\\/biblioteka-gabin.pl\\\/index.php\\\/2023\\\/05\\\/12\\\/spotkanie-z-bajka-i-pogadanka-w-gr-motyli-i-biedronek-w-punkcie-i-oddziale-przedszkolnym-w-nowym-grabiu-09-05-23-r\\\/#respond\"]}]},{\"@type\":\"WebPage\",\"@id\":\"http:\\\/\\\/biblioteka-gabin.pl\\\/index.php\\\/2023\\\/05\\\/12\\\/spotkanie-z-bajka-i-pogadanka-w-gr-motyli-i-biedronek-w-punkcie-i-oddziale-przedszkolnym-w-nowym-grabiu-09-05-23-r\\\/\",\"url\":\"http:\\\/\\\/biblioteka-gabin.pl\\\/index.php\\\/2023\\\/05\\\/12\\\/spotkanie-z-bajka-i-pogadanka-w-gr-motyli-i-biedronek-w-punkcie-i-oddziale-przedszkolnym-w-nowym-grabiu-09-05-23-r\\\/\",\"name\":\",,Spotkanie z bajk\u0105\\\" i Pogadanka w gr. Motyli i Biedronek w Punkcie i Oddziale Przedszkolnym w Nowym Grabiu (09.05.23 r.) - Miejsko-Gminna Biblioteka Publiczna w G\u0105binie\",\"isPartOf\":{\"@id\":\"https:\\\/\\\/biblioteka-gabin.pl\\\/#website\"},\"primaryImageOfPage\":{\"@id\":\"http:\\\/\\\/biblioteka-gabin.pl\\\/index.php\\\/2023\\\/05\\\/12\\\/spotkanie-z-bajka-i-pogadanka-w-gr-motyli-i-biedronek-w-punkcie-i-oddziale-przedszkolnym-w-nowym-grabiu-09-05-23-r\\\/#primaryimage\"},\"image\":{\"@id\":\"http:\\\/\\\/biblioteka-gabin.pl\\\/index.php\\\/2023\\\/05\\\/12\\\/spotkanie-z-bajka-i-pogadanka-w-gr-motyli-i-biedronek-w-punkcie-i-oddziale-przedszkolnym-w-nowym-grabiu-09-05-23-r\\\/#primaryimage\"},\"thumbnailUrl\":\"https:\\\/\\\/biblioteka-gabin.pl\\\/wp-content\\\/uploads\\\/archive\\\/pliki\\\/obraz\\\/2023_\\\/maj\\\/344435656_277739754678172_4761055268119045733_n.jpg\",\"datePublished\":\"2023-05-12T00:00:00+00:00\",\"breadcrumb\":{\"@id\":\"http:\\\/\\\/biblioteka-gabin.pl\\\/index.php\\\/2023\\\/05\\\/12\\\/spotkanie-z-bajka-i-pogadanka-w-gr-motyli-i-biedronek-w-punkcie-i-oddziale-przedszkolnym-w-nowym-grabiu-09-05-23-r\\\/#breadcrumb\"},\"inLanguage\":\"pl-PL\",\"potentialAction\":[{\"@type\":\"ReadAction\",\"target\":[\"http:\\\/\\\/biblioteka-gabin.pl\\\/index.php\\\/2023\\\/05\\\/12\\\/spotkanie-z-bajka-i-pogadanka-w-gr-motyli-i-biedronek-w-punkcie-i-oddziale-przedszkolnym-w-nowym-grabiu-09-05-23-r\\\/\"]}]},{\"@type\":\"ImageObject\",\"inLanguage\":\"pl-PL\",\"@id\":\"http:\\\/\\\/biblioteka-gabin.pl\\\/index.php\\\/2023\\\/05\\\/12\\\/spotkanie-z-bajka-i-pogadanka-w-gr-motyli-i-biedronek-w-punkcie-i-oddziale-przedszkolnym-w-nowym-grabiu-09-05-23-r\\\/#primaryimage\",\"url\":\"https:\\\/\\\/biblioteka-gabin.pl\\\/wp-content\\\/uploads\\\/archive\\\/pliki\\\/obraz\\\/2023_\\\/maj\\\/344435656_277739754678172_4761055268119045733_n.jpg\",\"contentUrl\":\"https:\\\/\\\/biblioteka-gabin.pl\\\/wp-content\\\/uploads\\\/archive\\\/pliki\\\/obraz\\\/2023_\\\/maj\\\/344435656_277739754678172_4761055268119045733_n.jpg\"},{\"@type\":\"BreadcrumbList\",\"@id\":\"http:\\\/\\\/biblioteka-gabin.pl\\\/index.php\\\/2023\\\/05\\\/12\\\/spotkanie-z-bajka-i-pogadanka-w-gr-motyli-i-biedronek-w-punkcie-i-oddziale-przedszkolnym-w-nowym-grabiu-09-05-23-r\\\/#breadcrumb\",\"itemListElement\":[{\"@type\":\"ListItem\",\"position\":1,\"name\":\"Strona g\u0142\u00f3wna\",\"item\":\"https:\\\/\\\/biblioteka-gabin.pl\\\/\"},{\"@type\":\"ListItem\",\"position\":2,\"name\":\",,Spotkanie z bajk\u0105&#8221; i Pogadanka w gr. Motyli i Biedronek w Punkcie i Oddziale Przedszkolnym w Nowym Grabiu (09.05.23 r.)\"}]},{\"@type\":\"WebSite\",\"@id\":\"https:\\\/\\\/biblioteka-gabin.pl\\\/#website\",\"url\":\"https:\\\/\\\/biblioteka-gabin.pl\\\/\",\"name\":\"Miejsko-Gminna Biblioteka Publiczna w G\u0105binie\",\"description\":\"\",\"publisher\":{\"@id\":\"https:\\\/\\\/biblioteka-gabin.pl\\\/#organization\"},\"potentialAction\":[{\"@type\":\"SearchAction\",\"target\":{\"@type\":\"EntryPoint\",\"urlTemplate\":\"https:\\\/\\\/biblioteka-gabin.pl\\\/?s={search_term_string}\"},\"query-input\":{\"@type\":\"PropertyValueSpecification\",\"valueRequired\":true,\"valueName\":\"search_term_string\"}}],\"inLanguage\":\"pl-PL\"},{\"@type\":\"Organization\",\"@id\":\"https:\\\/\\\/biblioteka-gabin.pl\\\/#organization\",\"name\":\"Miejsko-Gminna Biblioteka Publiczna w G\u0105binie\",\"url\":\"https:\\\/\\\/biblioteka-gabin.pl\\\/\",\"logo\":{\"@type\":\"ImageObject\",\"inLanguage\":\"pl-PL\",\"@id\":\"https:\\\/\\\/biblioteka-gabin.pl\\\/#\\\/schema\\\/logo\\\/image\\\/\",\"url\":\"https:\\\/\\\/biblioteka-gabin.pl\\\/wp-content\\\/uploads\\\/2025\\\/03\\\/logo-biblioteka-2-1657013691-1.jpg\",\"contentUrl\":\"https:\\\/\\\/biblioteka-gabin.pl\\\/wp-content\\\/uploads\\\/2025\\\/03\\\/logo-biblioteka-2-1657013691-1.jpg\",\"width\":1600,\"height\":772,\"caption\":\"Miejsko-Gminna Biblioteka Publiczna w G\u0105binie\"},\"image\":{\"@id\":\"https:\\\/\\\/biblioteka-gabin.pl\\\/#\\\/schema\\\/logo\\\/image\\\/\"},\"sameAs\":[\"https:\\\/\\\/www.facebook.com\\\/bibliotekagabin\",\"https:\\\/\\\/www.youtube.com\\\/@mgbpgabin9392\"]},{\"@type\":\"Person\",\"@id\":\"https:\\\/\\\/biblioteka-gabin.pl\\\/#\\\/schema\\\/person\\\/2067b97c24663d987ef6ef95bed7c99a\",\"name\":\"admin\",\"image\":{\"@type\":\"ImageObject\",\"inLanguage\":\"pl-PL\",\"@id\":\"https:\\\/\\\/secure.gravatar.com\\\/avatar\\\/e1843904e97b4e376a0fc90ae10372cd31bce9b207a7a3d2ca68fc7ca7e4174c?s=96&d=mm&r=g\",\"url\":\"https:\\\/\\\/secure.gravatar.com\\\/avatar\\\/e1843904e97b4e376a0fc90ae10372cd31bce9b207a7a3d2ca68fc7ca7e4174c?s=96&d=mm&r=g\",\"contentUrl\":\"https:\\\/\\\/secure.gravatar.com\\\/avatar\\\/e1843904e97b4e376a0fc90ae10372cd31bce9b207a7a3d2ca68fc7ca7e4174c?s=96&d=mm&r=g\",\"caption\":\"admin\"},\"sameAs\":[\"http:\\\/\\\/strona.biblioteka-gabin.pl\"],\"url\":\"https:\\\/\\\/biblioteka-gabin.pl\\\/index.php\\\/author\\\/admin\\\/\"}]}<\/script>\n<!-- \/ Yoast SEO plugin. -->","yoast_head_json":{"title":",,Spotkanie z bajk\u0105\" i Pogadanka w gr. Motyli i Biedronek w Punkcie i Oddziale Przedszkolnym w Nowym Grabiu (09.05.23 r.) - Miejsko-Gminna Biblioteka Publiczna w G\u0105binie","robots":{"index":"index","follow":"follow","max-snippet":"max-snippet:-1","max-image-preview":"max-image-preview:large","max-video-preview":"max-video-preview:-1"},"canonical":"http:\/\/biblioteka-gabin.pl\/index.php\/2023\/05\/12\/spotkanie-z-bajka-i-pogadanka-w-gr-motyli-i-biedronek-w-punkcie-i-oddziale-przedszkolnym-w-nowym-grabiu-09-05-23-r\/","og_locale":"pl_PL","og_type":"article","og_title":",,Spotkanie z bajk\u0105\" i Pogadanka w gr. Motyli i Biedronek w Punkcie i Oddziale Przedszkolnym w Nowym Grabiu (09.05.23 r.) - Miejsko-Gminna Biblioteka Publiczna w G\u0105binie","og_description":"Eksperyment zwi\u0105zany z cisz\u0105 oraz uk\u0142adanka z okazji obchodzonego Tygodnia","og_url":"http:\/\/biblioteka-gabin.pl\/index.php\/2023\/05\/12\/spotkanie-z-bajka-i-pogadanka-w-gr-motyli-i-biedronek-w-punkcie-i-oddziale-przedszkolnym-w-nowym-grabiu-09-05-23-r\/","og_site_name":"Miejsko-Gminna Biblioteka Publiczna w G\u0105binie","article_publisher":"https:\/\/www.facebook.com\/bibliotekagabin","article_published_time":"2023-05-12T00:00:00+00:00","og_image":[{"url":"https:\/\/biblioteka-gabin.pl\/wp-content\/uploads\/archive\/pliki\/obraz\/2023_\/maj\/344435656_277739754678172_4761055268119045733_n.jpg","type":"","width":"","height":""}],"author":"admin","twitter_card":"summary_large_image","twitter_misc":{"Napisane przez":"admin","Szacowany czas czytania":"1 minuta"},"schema":{"@context":"https:\/\/schema.org","@graph":[{"@type":"Article","@id":"http:\/\/biblioteka-gabin.pl\/index.php\/2023\/05\/12\/spotkanie-z-bajka-i-pogadanka-w-gr-motyli-i-biedronek-w-punkcie-i-oddziale-przedszkolnym-w-nowym-grabiu-09-05-23-r\/#article","isPartOf":{"@id":"http:\/\/biblioteka-gabin.pl\/index.php\/2023\/05\/12\/spotkanie-z-bajka-i-pogadanka-w-gr-motyli-i-biedronek-w-punkcie-i-oddziale-przedszkolnym-w-nowym-grabiu-09-05-23-r\/"},"author":{"name":"admin","@id":"https:\/\/biblioteka-gabin.pl\/#\/schema\/person\/2067b97c24663d987ef6ef95bed7c99a"},"headline":",,Spotkanie z bajk\u0105&#8221; i Pogadanka w gr. Motyli i Biedronek w Punkcie i Oddziale Przedszkolnym w Nowym Grabiu (09.05.23 r.)","datePublished":"2023-05-12T00:00:00+00:00","mainEntityOfPage":{"@id":"http:\/\/biblioteka-gabin.pl\/index.php\/2023\/05\/12\/spotkanie-z-bajka-i-pogadanka-w-gr-motyli-i-biedronek-w-punkcie-i-oddziale-przedszkolnym-w-nowym-grabiu-09-05-23-r\/"},"wordCount":283,"commentCount":0,"publisher":{"@id":"https:\/\/biblioteka-gabin.pl\/#organization"},"image":{"@id":"http:\/\/biblioteka-gabin.pl\/index.php\/2023\/05\/12\/spotkanie-z-bajka-i-pogadanka-w-gr-motyli-i-biedronek-w-punkcie-i-oddziale-przedszkolnym-w-nowym-grabiu-09-05-23-r\/#primaryimage"},"thumbnailUrl":"https:\/\/biblioteka-gabin.pl\/wp-content\/uploads\/archive\/pliki\/obraz\/2023_\/maj\/344435656_277739754678172_4761055268119045733_n.jpg","articleSection":["Main"],"inLanguage":"pl-PL","potentialAction":[{"@type":"CommentAction","name":"Comment","target":["http:\/\/biblioteka-gabin.pl\/index.php\/2023\/05\/12\/spotkanie-z-bajka-i-pogadanka-w-gr-motyli-i-biedronek-w-punkcie-i-oddziale-przedszkolnym-w-nowym-grabiu-09-05-23-r\/#respond"]}]},{"@type":"WebPage","@id":"http:\/\/biblioteka-gabin.pl\/index.php\/2023\/05\/12\/spotkanie-z-bajka-i-pogadanka-w-gr-motyli-i-biedronek-w-punkcie-i-oddziale-przedszkolnym-w-nowym-grabiu-09-05-23-r\/","url":"http:\/\/biblioteka-gabin.pl\/index.php\/2023\/05\/12\/spotkanie-z-bajka-i-pogadanka-w-gr-motyli-i-biedronek-w-punkcie-i-oddziale-przedszkolnym-w-nowym-grabiu-09-05-23-r\/","name":",,Spotkanie z bajk\u0105\" i Pogadanka w gr. Motyli i Biedronek w Punkcie i Oddziale Przedszkolnym w Nowym Grabiu (09.05.23 r.) - Miejsko-Gminna Biblioteka Publiczna w G\u0105binie","isPartOf":{"@id":"https:\/\/biblioteka-gabin.pl\/#website"},"primaryImageOfPage":{"@id":"http:\/\/biblioteka-gabin.pl\/index.php\/2023\/05\/12\/spotkanie-z-bajka-i-pogadanka-w-gr-motyli-i-biedronek-w-punkcie-i-oddziale-przedszkolnym-w-nowym-grabiu-09-05-23-r\/#primaryimage"},"image":{"@id":"http:\/\/biblioteka-gabin.pl\/index.php\/2023\/05\/12\/spotkanie-z-bajka-i-pogadanka-w-gr-motyli-i-biedronek-w-punkcie-i-oddziale-przedszkolnym-w-nowym-grabiu-09-05-23-r\/#primaryimage"},"thumbnailUrl":"https:\/\/biblioteka-gabin.pl\/wp-content\/uploads\/archive\/pliki\/obraz\/2023_\/maj\/344435656_277739754678172_4761055268119045733_n.jpg","datePublished":"2023-05-12T00:00:00+00:00","breadcrumb":{"@id":"http:\/\/biblioteka-gabin.pl\/index.php\/2023\/05\/12\/spotkanie-z-bajka-i-pogadanka-w-gr-motyli-i-biedronek-w-punkcie-i-oddziale-przedszkolnym-w-nowym-grabiu-09-05-23-r\/#breadcrumb"},"inLanguage":"pl-PL","potentialAction":[{"@type":"ReadAction","target":["http:\/\/biblioteka-gabin.pl\/index.php\/2023\/05\/12\/spotkanie-z-bajka-i-pogadanka-w-gr-motyli-i-biedronek-w-punkcie-i-oddziale-przedszkolnym-w-nowym-grabiu-09-05-23-r\/"]}]},{"@type":"ImageObject","inLanguage":"pl-PL","@id":"http:\/\/biblioteka-gabin.pl\/index.php\/2023\/05\/12\/spotkanie-z-bajka-i-pogadanka-w-gr-motyli-i-biedronek-w-punkcie-i-oddziale-przedszkolnym-w-nowym-grabiu-09-05-23-r\/#primaryimage","url":"https:\/\/biblioteka-gabin.pl\/wp-content\/uploads\/archive\/pliki\/obraz\/2023_\/maj\/344435656_277739754678172_4761055268119045733_n.jpg","contentUrl":"https:\/\/biblioteka-gabin.pl\/wp-content\/uploads\/archive\/pliki\/obraz\/2023_\/maj\/344435656_277739754678172_4761055268119045733_n.jpg"},{"@type":"BreadcrumbList","@id":"http:\/\/biblioteka-gabin.pl\/index.php\/2023\/05\/12\/spotkanie-z-bajka-i-pogadanka-w-gr-motyli-i-biedronek-w-punkcie-i-oddziale-przedszkolnym-w-nowym-grabiu-09-05-23-r\/#breadcrumb","itemListElement":[{"@type":"ListItem","position":1,"name":"Strona g\u0142\u00f3wna","item":"https:\/\/biblioteka-gabin.pl\/"},{"@type":"ListItem","position":2,"name":",,Spotkanie z bajk\u0105&#8221; i Pogadanka w gr. Motyli i Biedronek w Punkcie i Oddziale Przedszkolnym w Nowym Grabiu (09.05.23 r.)"}]},{"@type":"WebSite","@id":"https:\/\/biblioteka-gabin.pl\/#website","url":"https:\/\/biblioteka-gabin.pl\/","name":"Miejsko-Gminna Biblioteka Publiczna w G\u0105binie","description":"","publisher":{"@id":"https:\/\/biblioteka-gabin.pl\/#organization"},"potentialAction":[{"@type":"SearchAction","target":{"@type":"EntryPoint","urlTemplate":"https:\/\/biblioteka-gabin.pl\/?s={search_term_string}"},"query-input":{"@type":"PropertyValueSpecification","valueRequired":true,"valueName":"search_term_string"}}],"inLanguage":"pl-PL"},{"@type":"Organization","@id":"https:\/\/biblioteka-gabin.pl\/#organization","name":"Miejsko-Gminna Biblioteka Publiczna w G\u0105binie","url":"https:\/\/biblioteka-gabin.pl\/","logo":{"@type":"ImageObject","inLanguage":"pl-PL","@id":"https:\/\/biblioteka-gabin.pl\/#\/schema\/logo\/image\/","url":"https:\/\/biblioteka-gabin.pl\/wp-content\/uploads\/2025\/03\/logo-biblioteka-2-1657013691-1.jpg","contentUrl":"https:\/\/biblioteka-gabin.pl\/wp-content\/uploads\/2025\/03\/logo-biblioteka-2-1657013691-1.jpg","width":1600,"height":772,"caption":"Miejsko-Gminna Biblioteka Publiczna w G\u0105binie"},"image":{"@id":"https:\/\/biblioteka-gabin.pl\/#\/schema\/logo\/image\/"},"sameAs":["https:\/\/www.facebook.com\/bibliotekagabin","https:\/\/www.youtube.com\/@mgbpgabin9392"]},{"@type":"Person","@id":"https:\/\/biblioteka-gabin.pl\/#\/schema\/person\/2067b97c24663d987ef6ef95bed7c99a","name":"admin","image":{"@type":"ImageObject","inLanguage":"pl-PL","@id":"https:\/\/secure.gravatar.com\/avatar\/e1843904e97b4e376a0fc90ae10372cd31bce9b207a7a3d2ca68fc7ca7e4174c?s=96&d=mm&r=g","url":"https:\/\/secure.gravatar.com\/avatar\/e1843904e97b4e376a0fc90ae10372cd31bce9b207a7a3d2ca68fc7ca7e4174c?s=96&d=mm&r=g","contentUrl":"https:\/\/secure.gravatar.com\/avatar\/e1843904e97b4e376a0fc90ae10372cd31bce9b207a7a3d2ca68fc7ca7e4174c?s=96&d=mm&r=g","caption":"admin"},"sameAs":["http:\/\/strona.biblioteka-gabin.pl"],"url":"https:\/\/biblioteka-gabin.pl\/index.php\/author\/admin\/"}]}},"_links":{"self":[{"href":"https:\/\/biblioteka-gabin.pl\/index.php\/wp-json\/wp\/v2\/posts\/8438","targetHints":{"allow":["GET"]}}],"collection":[{"href":"https:\/\/biblioteka-gabin.pl\/index.php\/wp-json\/wp\/v2\/posts"}],"about":[{"href":"https:\/\/biblioteka-gabin.pl\/index.php\/wp-json\/wp\/v2\/types\/post"}],"author":[{"embeddable":true,"href":"https:\/\/biblioteka-gabin.pl\/index.php\/wp-json\/wp\/v2\/users\/1"}],"replies":[{"embeddable":true,"href":"https:\/\/biblioteka-gabin.pl\/index.php\/wp-json\/wp\/v2\/comments?post=8438"}],"version-history":[{"count":0,"href":"https:\/\/biblioteka-gabin.pl\/index.php\/wp-json\/wp\/v2\/posts\/8438\/revisions"}],"wp:attachment":[{"href":"https:\/\/biblioteka-gabin.pl\/index.php\/wp-json\/wp\/v2\/media?parent=8438"}],"wp:term":[{"taxonomy":"category","embeddable":true,"href":"https:\/\/biblioteka-gabin.pl\/index.php\/wp-json\/wp\/v2\/categories?post=8438"},{"taxonomy":"post_tag","embeddable":true,"href":"https:\/\/biblioteka-gabin.pl\/index.php\/wp-json\/wp\/v2\/tags?post=8438"}],"curies":[{"name":"wp","href":"https:\/\/api.w.org\/{rel}","templated":true}]}}