{"id":8445,"date":"2023-05-24T00:00:00","date_gmt":"2023-05-24T00:00:00","guid":{"rendered":"https:\/\/biblioteka-gabin.pl\/index.php\/2023\/05\/24\/spotkanie-z-bajka-w-gr-smerfow-i-sow-w-przedszkolu-samorzadowym-w-dobrzykowie-11-05-23-r\/"},"modified":"2023-05-24T00:00:00","modified_gmt":"2023-05-24T00:00:00","slug":"spotkanie-z-bajka-w-gr-smerfow-i-sow-w-przedszkolu-samorzadowym-w-dobrzykowie-11-05-23-r","status":"publish","type":"post","link":"https:\/\/biblioteka-gabin.pl\/index.php\/2023\/05\/24\/spotkanie-z-bajka-w-gr-smerfow-i-sow-w-przedszkolu-samorzadowym-w-dobrzykowie-11-05-23-r\/","title":{"rendered":",,Spotkanie z bajk\u0105\u201d,  w gr. Smerf\u00f3w i S\u00f3w w Przedszkolu Samorz\u0105dowym w Dobrzykowie (11.05.23 r.)"},"content":{"rendered":"<p>Ba\u015b\u0144 pt. ,,Kr\u00f3lowa \u015bniegu\u201d autorstwa Hansa Christiana Andersena i dwie ksi\u0105\u017cki z serii ,,Dotknij i pos\u0142uchaj\u2019\u2019 zosta\u0142y zaprezentowane podczas ostatniego ,,Spotkania z bajk\u0105\u201d w Przedszkolu Samorz\u0105dowym w Dobrzykowie w gr. Smerf\u00f3w i S\u00f3w.<br \/>\n\u00a0\u00a0\u00a0\u00a0\u00a0\u00a0 Nawi\u0105zuj\u0105c do opowie\u015bci o kr\u00f3lowej dzieci dowiedzia\u0142y si\u0119, \u017ce na \u015bwiecie istnieje dobro i z\u0142o a niekt\u00f3rzy ludzie widz\u0105 rzeczywisto\u015b\u0107 negatywnie dlatego, \u017ce wcze\u015bniej zostali niew\u0142a\u015bciwie potraktowani. Bibliotekarka podkre\u015bli\u0142a, \u017ce Kaj, g\u0142\u00f3wny bohater ksi\u0105\u017cki zachowywa\u0142 si\u0119 nie\u017cyczliwie z powodu od\u0142amka lustra, kt\u00f3re wpad\u0142o mu do oka. Dodatkowo Sowy przymierza\u0142y papierow\u0105 koron\u0119 zwi\u0105zan\u0105 z ba\u015bni\u0105 i wymienia\u0142y bajki, kt\u00f3re kojarz\u0105 im si\u0119 z kr\u00f3lewnami, kr\u00f3lami, ksi\u0119\u017cniczkami i ksi\u0105\u017c\u0119tami.<br \/>\n\u00a0\u00a0\u00a0\u00a0\u00a0\u00a0\u00a0\u00a0\u00a0 Odnosz\u0105c si\u0119 do obchodzonego w dniach 8 -15 maja Tygodnia Bibliotek dzieci pozna\u0142y specjalnie przygotowan\u0105 zabaw\u0119 w podawanie ksi\u0105\u017cki z wykonywaniem polece\u0144 takich jak: ,,Ukucnij i podaj ksi\u0105\u017ck\u0119 dalej!\u201d, ,,Wykonaj obr\u00f3t!&#8221; i ,,Zmiana kierunku&#8221;.<br \/>\n\u00a0\u00a0\u00a0\u00a0\u00a0\u00a0 Nast\u0119pnie Smerfy, najm\u0142odsza grupa ustawia\u0142a si\u0119 w kolejce do d\u017awi\u0119kowej ksi\u0105\u017cki, \u017ceby dotykaj\u0105c w niej wyj\u0105tkowego przycisku pozna\u0107 odg\u0142osy przyrody i zwierz\u0105t. \u00a0,,Woda\u201d, ,,piasek\u201d, ,,krokodyl\u201d , ,,hipcio\u201d \u2013 wymienia\u0142y dzieci podczas ods\u0142uchiwania bajki.\u00a0<br \/>\n\u00a0\u00a0\u00a0\u00a0 \u00a0\u00a0\u00a0\u00a0\u00a0\u00a0Na koniec maluchy na\u015bladuj\u0105c rozwijaj\u0105ce si\u0119 kwiaty wzi\u0119\u0142y udzia\u0142 w zabawie ruchowej nawi\u0105zuj\u0105cej do wiosny.<br \/>\nOpr. Karolina K\u0119dzia<br \/>\n<iframe width='420' height='315' src='https:\/\/www.youtube.com\/embed\/mBxr3oIj1bA'><\/iframe><br \/>\n<a href='https:\/\/biblioteka-gabin.pl\/wp-content\/uploads\/archive\/galleries\/480\/3456028721442862873138296621322284197926552n-d92ef7aa54.jpg'><img style='max-height:300px;' src='https:\/\/biblioteka-gabin.pl\/wp-content\/uploads\/archive\/galleries\/480\/3456028721442862873138296621322284197926552n-d92ef7aa54.jpg'><\/a><br \/>\n<a href='https:\/\/biblioteka-gabin.pl\/wp-content\/uploads\/archive\/galleries\/480\/3445171935281911828461779160812375629547079n-2155961bb9.jpg'><img style='max-height:300px;' src='https:\/\/biblioteka-gabin.pl\/wp-content\/uploads\/archive\/galleries\/480\/3445171935281911828461779160812375629547079n-2155961bb9.jpg'><\/a><br \/>\n<a href='https:\/\/biblioteka-gabin.pl\/wp-content\/uploads\/archive\/galleries\/480\/3458686479587327988795888132395028447275674n-e4484422d1.jpg'><img style='max-height:300px;' src='https:\/\/biblioteka-gabin.pl\/wp-content\/uploads\/archive\/galleries\/480\/3458686479587327988795888132395028447275674n-e4484422d1.jpg'><\/a><br \/>\n<a href='https:\/\/biblioteka-gabin.pl\/wp-content\/uploads\/archive\/galleries\/480\/34554243712830933825837743388134489341340960n-252159d626.jpg'><img style='max-height:300px;' src='https:\/\/biblioteka-gabin.pl\/wp-content\/uploads\/archive\/galleries\/480\/34554243712830933825837743388134489341340960n-252159d626.jpg'><\/a><br \/>\n<a href='https:\/\/biblioteka-gabin.pl\/wp-content\/uploads\/archive\/galleries\/480\/3445248466170769803321961672503228354999309n-c63bc9f298.jpg'><img style='max-height:300px;' src='https:\/\/biblioteka-gabin.pl\/wp-content\/uploads\/archive\/galleries\/480\/3445248466170769803321961672503228354999309n-c63bc9f298.jpg'><\/a><br \/>\n<a href='https:\/\/biblioteka-gabin.pl\/wp-content\/uploads\/archive\/galleries\/480\/34558423619651260671800331234418816934384461n-94194bd2f7.jpg'><img style='max-height:300px;' src='https:\/\/biblioteka-gabin.pl\/wp-content\/uploads\/archive\/galleries\/480\/34558423619651260671800331234418816934384461n-94194bd2f7.jpg'><\/a><br \/>\n<a href='https:\/\/biblioteka-gabin.pl\/wp-content\/uploads\/archive\/galleries\/480\/3445928952074043354075634571083827570591659n-a2cab1b451.jpg'><img style='max-height:300px;' src='https:\/\/biblioteka-gabin.pl\/wp-content\/uploads\/archive\/galleries\/480\/3445928952074043354075634571083827570591659n-a2cab1b451.jpg'><\/a><br \/>\n<a href='https:\/\/biblioteka-gabin.pl\/wp-content\/uploads\/archive\/galleries\/480\/34568874532252552644324261337191068355160071n-483d7c09c3.jpg'><img style='max-height:300px;' src='https:\/\/biblioteka-gabin.pl\/wp-content\/uploads\/archive\/galleries\/480\/34568874532252552644324261337191068355160071n-483d7c09c3.jpg'><\/a><br \/>\n<a href='https:\/\/biblioteka-gabin.pl\/wp-content\/uploads\/archive\/galleries\/480\/3456730739440579735827154942724334628923719n-9a383edf7d.jpg'><img style='max-height:300px;' src='https:\/\/biblioteka-gabin.pl\/wp-content\/uploads\/archive\/galleries\/480\/3456730739440579735827154942724334628923719n-9a383edf7d.jpg'><\/a><br \/>\n<a href='https:\/\/biblioteka-gabin.pl\/wp-content\/uploads\/archive\/galleries\/480\/34456796311431718098613028532876441801116228n-81ce7431ac.jpg'><img style='max-height:300px;' src='https:\/\/biblioteka-gabin.pl\/wp-content\/uploads\/archive\/galleries\/480\/34456796311431718098613028532876441801116228n-81ce7431ac.jpg'><\/a><br \/>\n<a href='https:\/\/biblioteka-gabin.pl\/wp-content\/uploads\/archive\/galleries\/480\/34454577014533739188005728333365652135634826n-a757affb9b.jpg'><img style='max-height:300px;' src='https:\/\/biblioteka-gabin.pl\/wp-content\/uploads\/archive\/galleries\/480\/34454577014533739188005728333365652135634826n-a757affb9b.jpg'><\/a><\/p>\n","protected":false},"excerpt":{"rendered":"<p>Ba\u015b\u0144 pt. ,,Kr\u00f3lowa \u015bniegu\u201d autorstwa Hansa Christiana Andersena i dwie<\/p>\n","protected":false},"author":1,"featured_media":0,"comment_status":"open","ping_status":"open","sticky":false,"template":"","format":"standard","meta":{"footnotes":""},"categories":[36],"tags":[],"class_list":["post-8445","post","type-post","status-publish","format-standard","hentry","category-main"],"yoast_head":"<!-- This site is optimized with the Yoast SEO plugin v27.4 - https:\/\/yoast.com\/product\/yoast-seo-wordpress\/ -->\n<title>,,Spotkanie z bajk\u0105\u201d, w gr. Smerf\u00f3w i S\u00f3w w Przedszkolu Samorz\u0105dowym w Dobrzykowie (11.05.23 r.) - Miejsko-Gminna Biblioteka Publiczna w G\u0105binie<\/title>\n<meta name=\"robots\" content=\"index, follow, max-snippet:-1, max-image-preview:large, max-video-preview:-1\" \/>\n<link rel=\"canonical\" href=\"https:\/\/biblioteka-gabin.pl\/index.php\/2023\/05\/24\/spotkanie-z-bajka-w-gr-smerfow-i-sow-w-przedszkolu-samorzadowym-w-dobrzykowie-11-05-23-r\/\" \/>\n<meta property=\"og:locale\" content=\"pl_PL\" \/>\n<meta property=\"og:type\" content=\"article\" \/>\n<meta property=\"og:title\" content=\",,Spotkanie z bajk\u0105\u201d, w gr. Smerf\u00f3w i S\u00f3w w Przedszkolu Samorz\u0105dowym w Dobrzykowie (11.05.23 r.) - Miejsko-Gminna Biblioteka Publiczna w G\u0105binie\" \/>\n<meta property=\"og:description\" content=\"Ba\u015b\u0144 pt. ,,Kr\u00f3lowa \u015bniegu\u201d autorstwa Hansa Christiana Andersena i dwie\" \/>\n<meta property=\"og:url\" content=\"https:\/\/biblioteka-gabin.pl\/index.php\/2023\/05\/24\/spotkanie-z-bajka-w-gr-smerfow-i-sow-w-przedszkolu-samorzadowym-w-dobrzykowie-11-05-23-r\/\" \/>\n<meta property=\"og:site_name\" content=\"Miejsko-Gminna Biblioteka Publiczna w G\u0105binie\" \/>\n<meta property=\"article:publisher\" content=\"https:\/\/www.facebook.com\/bibliotekagabin\" \/>\n<meta property=\"article:published_time\" content=\"2023-05-24T00:00:00+00:00\" \/>\n<meta property=\"og:image\" content=\"https:\/\/biblioteka-gabin.pl\/wp-content\/uploads\/archive\/galleries\/480\/3456028721442862873138296621322284197926552n-d92ef7aa54.jpg\" \/>\n<meta name=\"author\" content=\"admin\" \/>\n<meta name=\"twitter:card\" content=\"summary_large_image\" \/>\n<meta name=\"twitter:label1\" content=\"Napisane przez\" \/>\n\t<meta name=\"twitter:data1\" content=\"admin\" \/>\n\t<meta name=\"twitter:label2\" content=\"Szacowany czas czytania\" \/>\n\t<meta name=\"twitter:data2\" content=\"1 minuta\" \/>\n<script type=\"application\/ld+json\" class=\"yoast-schema-graph\">{\"@context\":\"https:\\\/\\\/schema.org\",\"@graph\":[{\"@type\":\"Article\",\"@id\":\"https:\\\/\\\/biblioteka-gabin.pl\\\/index.php\\\/2023\\\/05\\\/24\\\/spotkanie-z-bajka-w-gr-smerfow-i-sow-w-przedszkolu-samorzadowym-w-dobrzykowie-11-05-23-r\\\/#article\",\"isPartOf\":{\"@id\":\"https:\\\/\\\/biblioteka-gabin.pl\\\/index.php\\\/2023\\\/05\\\/24\\\/spotkanie-z-bajka-w-gr-smerfow-i-sow-w-przedszkolu-samorzadowym-w-dobrzykowie-11-05-23-r\\\/\"},\"author\":{\"name\":\"admin\",\"@id\":\"https:\\\/\\\/biblioteka-gabin.pl\\\/#\\\/schema\\\/person\\\/2067b97c24663d987ef6ef95bed7c99a\"},\"headline\":\",,Spotkanie z bajk\u0105\u201d, w gr. Smerf\u00f3w i S\u00f3w w Przedszkolu Samorz\u0105dowym w Dobrzykowie (11.05.23 r.)\",\"datePublished\":\"2023-05-24T00:00:00+00:00\",\"mainEntityOfPage\":{\"@id\":\"https:\\\/\\\/biblioteka-gabin.pl\\\/index.php\\\/2023\\\/05\\\/24\\\/spotkanie-z-bajka-w-gr-smerfow-i-sow-w-przedszkolu-samorzadowym-w-dobrzykowie-11-05-23-r\\\/\"},\"wordCount\":257,\"commentCount\":0,\"publisher\":{\"@id\":\"https:\\\/\\\/biblioteka-gabin.pl\\\/#organization\"},\"image\":{\"@id\":\"https:\\\/\\\/biblioteka-gabin.pl\\\/index.php\\\/2023\\\/05\\\/24\\\/spotkanie-z-bajka-w-gr-smerfow-i-sow-w-przedszkolu-samorzadowym-w-dobrzykowie-11-05-23-r\\\/#primaryimage\"},\"thumbnailUrl\":\"https:\\\/\\\/biblioteka-gabin.pl\\\/wp-content\\\/uploads\\\/archive\\\/galleries\\\/480\\\/3456028721442862873138296621322284197926552n-d92ef7aa54.jpg\",\"articleSection\":[\"Main\"],\"inLanguage\":\"pl-PL\",\"potentialAction\":[{\"@type\":\"CommentAction\",\"name\":\"Comment\",\"target\":[\"https:\\\/\\\/biblioteka-gabin.pl\\\/index.php\\\/2023\\\/05\\\/24\\\/spotkanie-z-bajka-w-gr-smerfow-i-sow-w-przedszkolu-samorzadowym-w-dobrzykowie-11-05-23-r\\\/#respond\"]}]},{\"@type\":\"WebPage\",\"@id\":\"https:\\\/\\\/biblioteka-gabin.pl\\\/index.php\\\/2023\\\/05\\\/24\\\/spotkanie-z-bajka-w-gr-smerfow-i-sow-w-przedszkolu-samorzadowym-w-dobrzykowie-11-05-23-r\\\/\",\"url\":\"https:\\\/\\\/biblioteka-gabin.pl\\\/index.php\\\/2023\\\/05\\\/24\\\/spotkanie-z-bajka-w-gr-smerfow-i-sow-w-przedszkolu-samorzadowym-w-dobrzykowie-11-05-23-r\\\/\",\"name\":\",,Spotkanie z bajk\u0105\u201d, w gr. Smerf\u00f3w i S\u00f3w w Przedszkolu Samorz\u0105dowym w Dobrzykowie (11.05.23 r.) - Miejsko-Gminna Biblioteka Publiczna w G\u0105binie\",\"isPartOf\":{\"@id\":\"https:\\\/\\\/biblioteka-gabin.pl\\\/#website\"},\"primaryImageOfPage\":{\"@id\":\"https:\\\/\\\/biblioteka-gabin.pl\\\/index.php\\\/2023\\\/05\\\/24\\\/spotkanie-z-bajka-w-gr-smerfow-i-sow-w-przedszkolu-samorzadowym-w-dobrzykowie-11-05-23-r\\\/#primaryimage\"},\"image\":{\"@id\":\"https:\\\/\\\/biblioteka-gabin.pl\\\/index.php\\\/2023\\\/05\\\/24\\\/spotkanie-z-bajka-w-gr-smerfow-i-sow-w-przedszkolu-samorzadowym-w-dobrzykowie-11-05-23-r\\\/#primaryimage\"},\"thumbnailUrl\":\"https:\\\/\\\/biblioteka-gabin.pl\\\/wp-content\\\/uploads\\\/archive\\\/galleries\\\/480\\\/3456028721442862873138296621322284197926552n-d92ef7aa54.jpg\",\"datePublished\":\"2023-05-24T00:00:00+00:00\",\"breadcrumb\":{\"@id\":\"https:\\\/\\\/biblioteka-gabin.pl\\\/index.php\\\/2023\\\/05\\\/24\\\/spotkanie-z-bajka-w-gr-smerfow-i-sow-w-przedszkolu-samorzadowym-w-dobrzykowie-11-05-23-r\\\/#breadcrumb\"},\"inLanguage\":\"pl-PL\",\"potentialAction\":[{\"@type\":\"ReadAction\",\"target\":[\"https:\\\/\\\/biblioteka-gabin.pl\\\/index.php\\\/2023\\\/05\\\/24\\\/spotkanie-z-bajka-w-gr-smerfow-i-sow-w-przedszkolu-samorzadowym-w-dobrzykowie-11-05-23-r\\\/\"]}]},{\"@type\":\"ImageObject\",\"inLanguage\":\"pl-PL\",\"@id\":\"https:\\\/\\\/biblioteka-gabin.pl\\\/index.php\\\/2023\\\/05\\\/24\\\/spotkanie-z-bajka-w-gr-smerfow-i-sow-w-przedszkolu-samorzadowym-w-dobrzykowie-11-05-23-r\\\/#primaryimage\",\"url\":\"https:\\\/\\\/biblioteka-gabin.pl\\\/wp-content\\\/uploads\\\/archive\\\/galleries\\\/480\\\/3456028721442862873138296621322284197926552n-d92ef7aa54.jpg\",\"contentUrl\":\"https:\\\/\\\/biblioteka-gabin.pl\\\/wp-content\\\/uploads\\\/archive\\\/galleries\\\/480\\\/3456028721442862873138296621322284197926552n-d92ef7aa54.jpg\"},{\"@type\":\"BreadcrumbList\",\"@id\":\"https:\\\/\\\/biblioteka-gabin.pl\\\/index.php\\\/2023\\\/05\\\/24\\\/spotkanie-z-bajka-w-gr-smerfow-i-sow-w-przedszkolu-samorzadowym-w-dobrzykowie-11-05-23-r\\\/#breadcrumb\",\"itemListElement\":[{\"@type\":\"ListItem\",\"position\":1,\"name\":\"Strona g\u0142\u00f3wna\",\"item\":\"https:\\\/\\\/biblioteka-gabin.pl\\\/\"},{\"@type\":\"ListItem\",\"position\":2,\"name\":\",,Spotkanie z bajk\u0105\u201d, w gr. Smerf\u00f3w i S\u00f3w w Przedszkolu Samorz\u0105dowym w Dobrzykowie (11.05.23 r.)\"}]},{\"@type\":\"WebSite\",\"@id\":\"https:\\\/\\\/biblioteka-gabin.pl\\\/#website\",\"url\":\"https:\\\/\\\/biblioteka-gabin.pl\\\/\",\"name\":\"Miejsko-Gminna Biblioteka Publiczna w G\u0105binie\",\"description\":\"\",\"publisher\":{\"@id\":\"https:\\\/\\\/biblioteka-gabin.pl\\\/#organization\"},\"potentialAction\":[{\"@type\":\"SearchAction\",\"target\":{\"@type\":\"EntryPoint\",\"urlTemplate\":\"https:\\\/\\\/biblioteka-gabin.pl\\\/?s={search_term_string}\"},\"query-input\":{\"@type\":\"PropertyValueSpecification\",\"valueRequired\":true,\"valueName\":\"search_term_string\"}}],\"inLanguage\":\"pl-PL\"},{\"@type\":\"Organization\",\"@id\":\"https:\\\/\\\/biblioteka-gabin.pl\\\/#organization\",\"name\":\"Miejsko-Gminna Biblioteka Publiczna w G\u0105binie\",\"url\":\"https:\\\/\\\/biblioteka-gabin.pl\\\/\",\"logo\":{\"@type\":\"ImageObject\",\"inLanguage\":\"pl-PL\",\"@id\":\"https:\\\/\\\/biblioteka-gabin.pl\\\/#\\\/schema\\\/logo\\\/image\\\/\",\"url\":\"https:\\\/\\\/biblioteka-gabin.pl\\\/wp-content\\\/uploads\\\/2025\\\/03\\\/logo-biblioteka-2-1657013691-1.jpg\",\"contentUrl\":\"https:\\\/\\\/biblioteka-gabin.pl\\\/wp-content\\\/uploads\\\/2025\\\/03\\\/logo-biblioteka-2-1657013691-1.jpg\",\"width\":1600,\"height\":772,\"caption\":\"Miejsko-Gminna Biblioteka Publiczna w G\u0105binie\"},\"image\":{\"@id\":\"https:\\\/\\\/biblioteka-gabin.pl\\\/#\\\/schema\\\/logo\\\/image\\\/\"},\"sameAs\":[\"https:\\\/\\\/www.facebook.com\\\/bibliotekagabin\",\"https:\\\/\\\/www.youtube.com\\\/@mgbpgabin9392\"]},{\"@type\":\"Person\",\"@id\":\"https:\\\/\\\/biblioteka-gabin.pl\\\/#\\\/schema\\\/person\\\/2067b97c24663d987ef6ef95bed7c99a\",\"name\":\"admin\",\"image\":{\"@type\":\"ImageObject\",\"inLanguage\":\"pl-PL\",\"@id\":\"https:\\\/\\\/secure.gravatar.com\\\/avatar\\\/e1843904e97b4e376a0fc90ae10372cd31bce9b207a7a3d2ca68fc7ca7e4174c?s=96&d=mm&r=g\",\"url\":\"https:\\\/\\\/secure.gravatar.com\\\/avatar\\\/e1843904e97b4e376a0fc90ae10372cd31bce9b207a7a3d2ca68fc7ca7e4174c?s=96&d=mm&r=g\",\"contentUrl\":\"https:\\\/\\\/secure.gravatar.com\\\/avatar\\\/e1843904e97b4e376a0fc90ae10372cd31bce9b207a7a3d2ca68fc7ca7e4174c?s=96&d=mm&r=g\",\"caption\":\"admin\"},\"sameAs\":[\"http:\\\/\\\/strona.biblioteka-gabin.pl\"],\"url\":\"https:\\\/\\\/biblioteka-gabin.pl\\\/index.php\\\/author\\\/admin\\\/\"}]}<\/script>\n<!-- \/ Yoast SEO plugin. -->","yoast_head_json":{"title":",,Spotkanie z bajk\u0105\u201d, w gr. Smerf\u00f3w i S\u00f3w w Przedszkolu Samorz\u0105dowym w Dobrzykowie (11.05.23 r.) - Miejsko-Gminna Biblioteka Publiczna w G\u0105binie","robots":{"index":"index","follow":"follow","max-snippet":"max-snippet:-1","max-image-preview":"max-image-preview:large","max-video-preview":"max-video-preview:-1"},"canonical":"https:\/\/biblioteka-gabin.pl\/index.php\/2023\/05\/24\/spotkanie-z-bajka-w-gr-smerfow-i-sow-w-przedszkolu-samorzadowym-w-dobrzykowie-11-05-23-r\/","og_locale":"pl_PL","og_type":"article","og_title":",,Spotkanie z bajk\u0105\u201d, w gr. Smerf\u00f3w i S\u00f3w w Przedszkolu Samorz\u0105dowym w Dobrzykowie (11.05.23 r.) - Miejsko-Gminna Biblioteka Publiczna w G\u0105binie","og_description":"Ba\u015b\u0144 pt. ,,Kr\u00f3lowa \u015bniegu\u201d autorstwa Hansa Christiana Andersena i dwie","og_url":"https:\/\/biblioteka-gabin.pl\/index.php\/2023\/05\/24\/spotkanie-z-bajka-w-gr-smerfow-i-sow-w-przedszkolu-samorzadowym-w-dobrzykowie-11-05-23-r\/","og_site_name":"Miejsko-Gminna Biblioteka Publiczna w G\u0105binie","article_publisher":"https:\/\/www.facebook.com\/bibliotekagabin","article_published_time":"2023-05-24T00:00:00+00:00","og_image":[{"url":"https:\/\/biblioteka-gabin.pl\/wp-content\/uploads\/archive\/galleries\/480\/3456028721442862873138296621322284197926552n-d92ef7aa54.jpg","type":"","width":"","height":""}],"author":"admin","twitter_card":"summary_large_image","twitter_misc":{"Napisane przez":"admin","Szacowany czas czytania":"1 minuta"},"schema":{"@context":"https:\/\/schema.org","@graph":[{"@type":"Article","@id":"https:\/\/biblioteka-gabin.pl\/index.php\/2023\/05\/24\/spotkanie-z-bajka-w-gr-smerfow-i-sow-w-przedszkolu-samorzadowym-w-dobrzykowie-11-05-23-r\/#article","isPartOf":{"@id":"https:\/\/biblioteka-gabin.pl\/index.php\/2023\/05\/24\/spotkanie-z-bajka-w-gr-smerfow-i-sow-w-przedszkolu-samorzadowym-w-dobrzykowie-11-05-23-r\/"},"author":{"name":"admin","@id":"https:\/\/biblioteka-gabin.pl\/#\/schema\/person\/2067b97c24663d987ef6ef95bed7c99a"},"headline":",,Spotkanie z bajk\u0105\u201d, w gr. Smerf\u00f3w i S\u00f3w w Przedszkolu Samorz\u0105dowym w Dobrzykowie (11.05.23 r.)","datePublished":"2023-05-24T00:00:00+00:00","mainEntityOfPage":{"@id":"https:\/\/biblioteka-gabin.pl\/index.php\/2023\/05\/24\/spotkanie-z-bajka-w-gr-smerfow-i-sow-w-przedszkolu-samorzadowym-w-dobrzykowie-11-05-23-r\/"},"wordCount":257,"commentCount":0,"publisher":{"@id":"https:\/\/biblioteka-gabin.pl\/#organization"},"image":{"@id":"https:\/\/biblioteka-gabin.pl\/index.php\/2023\/05\/24\/spotkanie-z-bajka-w-gr-smerfow-i-sow-w-przedszkolu-samorzadowym-w-dobrzykowie-11-05-23-r\/#primaryimage"},"thumbnailUrl":"https:\/\/biblioteka-gabin.pl\/wp-content\/uploads\/archive\/galleries\/480\/3456028721442862873138296621322284197926552n-d92ef7aa54.jpg","articleSection":["Main"],"inLanguage":"pl-PL","potentialAction":[{"@type":"CommentAction","name":"Comment","target":["https:\/\/biblioteka-gabin.pl\/index.php\/2023\/05\/24\/spotkanie-z-bajka-w-gr-smerfow-i-sow-w-przedszkolu-samorzadowym-w-dobrzykowie-11-05-23-r\/#respond"]}]},{"@type":"WebPage","@id":"https:\/\/biblioteka-gabin.pl\/index.php\/2023\/05\/24\/spotkanie-z-bajka-w-gr-smerfow-i-sow-w-przedszkolu-samorzadowym-w-dobrzykowie-11-05-23-r\/","url":"https:\/\/biblioteka-gabin.pl\/index.php\/2023\/05\/24\/spotkanie-z-bajka-w-gr-smerfow-i-sow-w-przedszkolu-samorzadowym-w-dobrzykowie-11-05-23-r\/","name":",,Spotkanie z bajk\u0105\u201d, w gr. Smerf\u00f3w i S\u00f3w w Przedszkolu Samorz\u0105dowym w Dobrzykowie (11.05.23 r.) - Miejsko-Gminna Biblioteka Publiczna w G\u0105binie","isPartOf":{"@id":"https:\/\/biblioteka-gabin.pl\/#website"},"primaryImageOfPage":{"@id":"https:\/\/biblioteka-gabin.pl\/index.php\/2023\/05\/24\/spotkanie-z-bajka-w-gr-smerfow-i-sow-w-przedszkolu-samorzadowym-w-dobrzykowie-11-05-23-r\/#primaryimage"},"image":{"@id":"https:\/\/biblioteka-gabin.pl\/index.php\/2023\/05\/24\/spotkanie-z-bajka-w-gr-smerfow-i-sow-w-przedszkolu-samorzadowym-w-dobrzykowie-11-05-23-r\/#primaryimage"},"thumbnailUrl":"https:\/\/biblioteka-gabin.pl\/wp-content\/uploads\/archive\/galleries\/480\/3456028721442862873138296621322284197926552n-d92ef7aa54.jpg","datePublished":"2023-05-24T00:00:00+00:00","breadcrumb":{"@id":"https:\/\/biblioteka-gabin.pl\/index.php\/2023\/05\/24\/spotkanie-z-bajka-w-gr-smerfow-i-sow-w-przedszkolu-samorzadowym-w-dobrzykowie-11-05-23-r\/#breadcrumb"},"inLanguage":"pl-PL","potentialAction":[{"@type":"ReadAction","target":["https:\/\/biblioteka-gabin.pl\/index.php\/2023\/05\/24\/spotkanie-z-bajka-w-gr-smerfow-i-sow-w-przedszkolu-samorzadowym-w-dobrzykowie-11-05-23-r\/"]}]},{"@type":"ImageObject","inLanguage":"pl-PL","@id":"https:\/\/biblioteka-gabin.pl\/index.php\/2023\/05\/24\/spotkanie-z-bajka-w-gr-smerfow-i-sow-w-przedszkolu-samorzadowym-w-dobrzykowie-11-05-23-r\/#primaryimage","url":"https:\/\/biblioteka-gabin.pl\/wp-content\/uploads\/archive\/galleries\/480\/3456028721442862873138296621322284197926552n-d92ef7aa54.jpg","contentUrl":"https:\/\/biblioteka-gabin.pl\/wp-content\/uploads\/archive\/galleries\/480\/3456028721442862873138296621322284197926552n-d92ef7aa54.jpg"},{"@type":"BreadcrumbList","@id":"https:\/\/biblioteka-gabin.pl\/index.php\/2023\/05\/24\/spotkanie-z-bajka-w-gr-smerfow-i-sow-w-przedszkolu-samorzadowym-w-dobrzykowie-11-05-23-r\/#breadcrumb","itemListElement":[{"@type":"ListItem","position":1,"name":"Strona g\u0142\u00f3wna","item":"https:\/\/biblioteka-gabin.pl\/"},{"@type":"ListItem","position":2,"name":",,Spotkanie z bajk\u0105\u201d, w gr. Smerf\u00f3w i S\u00f3w w Przedszkolu Samorz\u0105dowym w Dobrzykowie (11.05.23 r.)"}]},{"@type":"WebSite","@id":"https:\/\/biblioteka-gabin.pl\/#website","url":"https:\/\/biblioteka-gabin.pl\/","name":"Miejsko-Gminna Biblioteka Publiczna w G\u0105binie","description":"","publisher":{"@id":"https:\/\/biblioteka-gabin.pl\/#organization"},"potentialAction":[{"@type":"SearchAction","target":{"@type":"EntryPoint","urlTemplate":"https:\/\/biblioteka-gabin.pl\/?s={search_term_string}"},"query-input":{"@type":"PropertyValueSpecification","valueRequired":true,"valueName":"search_term_string"}}],"inLanguage":"pl-PL"},{"@type":"Organization","@id":"https:\/\/biblioteka-gabin.pl\/#organization","name":"Miejsko-Gminna Biblioteka Publiczna w G\u0105binie","url":"https:\/\/biblioteka-gabin.pl\/","logo":{"@type":"ImageObject","inLanguage":"pl-PL","@id":"https:\/\/biblioteka-gabin.pl\/#\/schema\/logo\/image\/","url":"https:\/\/biblioteka-gabin.pl\/wp-content\/uploads\/2025\/03\/logo-biblioteka-2-1657013691-1.jpg","contentUrl":"https:\/\/biblioteka-gabin.pl\/wp-content\/uploads\/2025\/03\/logo-biblioteka-2-1657013691-1.jpg","width":1600,"height":772,"caption":"Miejsko-Gminna Biblioteka Publiczna w G\u0105binie"},"image":{"@id":"https:\/\/biblioteka-gabin.pl\/#\/schema\/logo\/image\/"},"sameAs":["https:\/\/www.facebook.com\/bibliotekagabin","https:\/\/www.youtube.com\/@mgbpgabin9392"]},{"@type":"Person","@id":"https:\/\/biblioteka-gabin.pl\/#\/schema\/person\/2067b97c24663d987ef6ef95bed7c99a","name":"admin","image":{"@type":"ImageObject","inLanguage":"pl-PL","@id":"https:\/\/secure.gravatar.com\/avatar\/e1843904e97b4e376a0fc90ae10372cd31bce9b207a7a3d2ca68fc7ca7e4174c?s=96&d=mm&r=g","url":"https:\/\/secure.gravatar.com\/avatar\/e1843904e97b4e376a0fc90ae10372cd31bce9b207a7a3d2ca68fc7ca7e4174c?s=96&d=mm&r=g","contentUrl":"https:\/\/secure.gravatar.com\/avatar\/e1843904e97b4e376a0fc90ae10372cd31bce9b207a7a3d2ca68fc7ca7e4174c?s=96&d=mm&r=g","caption":"admin"},"sameAs":["http:\/\/strona.biblioteka-gabin.pl"],"url":"https:\/\/biblioteka-gabin.pl\/index.php\/author\/admin\/"}]}},"_links":{"self":[{"href":"https:\/\/biblioteka-gabin.pl\/index.php\/wp-json\/wp\/v2\/posts\/8445","targetHints":{"allow":["GET"]}}],"collection":[{"href":"https:\/\/biblioteka-gabin.pl\/index.php\/wp-json\/wp\/v2\/posts"}],"about":[{"href":"https:\/\/biblioteka-gabin.pl\/index.php\/wp-json\/wp\/v2\/types\/post"}],"author":[{"embeddable":true,"href":"https:\/\/biblioteka-gabin.pl\/index.php\/wp-json\/wp\/v2\/users\/1"}],"replies":[{"embeddable":true,"href":"https:\/\/biblioteka-gabin.pl\/index.php\/wp-json\/wp\/v2\/comments?post=8445"}],"version-history":[{"count":0,"href":"https:\/\/biblioteka-gabin.pl\/index.php\/wp-json\/wp\/v2\/posts\/8445\/revisions"}],"wp:attachment":[{"href":"https:\/\/biblioteka-gabin.pl\/index.php\/wp-json\/wp\/v2\/media?parent=8445"}],"wp:term":[{"taxonomy":"category","embeddable":true,"href":"https:\/\/biblioteka-gabin.pl\/index.php\/wp-json\/wp\/v2\/categories?post=8445"},{"taxonomy":"post_tag","embeddable":true,"href":"https:\/\/biblioteka-gabin.pl\/index.php\/wp-json\/wp\/v2\/tags?post=8445"}],"curies":[{"name":"wp","href":"https:\/\/api.w.org\/{rel}","templated":true}]}}