{"id":8449,"date":"2023-11-14T00:00:00","date_gmt":"2023-11-14T00:00:00","guid":{"rendered":"https:\/\/biblioteka-gabin.pl\/index.php\/2023\/11\/14\/spotkanie-z-bajka-w-nowym-grabiu-09-11-2023r\/"},"modified":"2023-11-14T00:00:00","modified_gmt":"2023-11-14T00:00:00","slug":"spotkanie-z-bajka-w-nowym-grabiu-09-11-2023r","status":"publish","type":"post","link":"https:\/\/biblioteka-gabin.pl\/index.php\/2023\/11\/14\/spotkanie-z-bajka-w-nowym-grabiu-09-11-2023r\/","title":{"rendered":"&#8222;Spotkanie z bajk\u0105&#8221; w Nowym Grabiu (09.11.2023r.)"},"content":{"rendered":"<p>Moja pomocnica papuga Gadu\u0142a towarzyszy\u0142a mi tak\u017ce podczas wizyty w Oddziale i Punkcie Przedszkolnym w Nowym Grabiu (09.11.23r.) w \u201ePszcz\u00f3\u0142kach\u201d \u2013 najm\u0142odszej z grup.<br \/>\n\u00a0\u00a0\u00a0 Podczas spotkanie zauwa\u017cy\u0142am, \u017ce zabawka skutecznie zach\u0119ca\u0142a maluchy do aktywnego udzia\u0142u. Nie tylko s\u0142ucha\u0142y ale r\u00f3wnie\u017c pr\u00f3bowa\u0142y na\u015bladowa\u0107 jej \u015bpiew. To wywo\u0142a\u0142o wiele \u015bmiech\u00f3w i budowa\u0142o pozytywn\u0105 atmosfer\u0119 sprzyjaj\u0105c\u0105 integracji najm\u0142odszych.<br \/>\n\u00a0\u00a0\u00a0 Ponadto przeczyta\u0142a Maluchom ksi\u0105\u017ck\u0119 pt. \u201dJa\u015b i ziarno fasoli\u201d z serii ksi\u0105\u017cek rozk\u0142adanych.<br \/>\n\u00a0\u00a0\u00a0\u00a0 Wszyscy zapewne pami\u0119tamy jak wygl\u0105da\u0142y nasze pocz\u0105tki jazdy na rowerze. Z pozoru wydaje si\u0119 tak \u0142atwe, lecz gdy pr\u00f3bujemy ruszy\u0107 potrzebujemy znacznie wi\u0119cej czasu aby si\u0119 nauczy\u0107. Taki m.in. temat poruszony zosta\u0142 w grupie \u201eBiedronki\u201d. Idealnie do tej tematyki dopasowa\u0142a si\u0119 ksi\u0105\u017ceczka K. Wierzbickiej pt. \u201eMaciu\u015b i Leon je\u017cd\u017c\u0105 na rowerze\u201d.<br \/>\n\u00a0\u00a0\u00a0 Najstarszej grupie przeczyta\u0142a ksi\u0105\u017ck\u0119 R. Martinez pt. \u201eJaki trudny wyb\u00f3r!\u201d. Zada\u0142am Przedszkolakom pytanie czy \u0142atwo przychodzi im podejmowanie decyzji i czy ka\u017cdy wyb\u00f3r jest tym w\u0142a\u015bciwym. Zdania by\u0142y podzielone, wszyscy ch\u0119tnie podzielili si\u0119 swoimi do\u015bwiadczeniami. Podejmowanie decyzji mo\u017ce by\u0107 tak\u017ce r\u00f3\u017cnie odczuwane przez r\u00f3\u017cne osoby, dla niekt\u00f3rych b\u0119dzie to \u0142atwe podczas, gdy dla innych mo\u017ce stanowi\u0107 wyzwanie.<br \/>\n\u00a0\u00a0 Wszystkim grupom serdecznie dzi\u0119kuj\u0119 za aktywno\u015b\u0107 i ogromn\u0105 pomys\u0142owo\u015b\u0107 podczas zaj\u0119\u0107. M\u00f3wi\u0105c \u2013 do zobaczenia niebawem- ju\u017c szukam pomys\u0142\u00f3w aby Was pozytywnie zaskoczy\u0107 na kolejnym spotkaniu.<br \/>\n\u00a0\u00a0\u00a0\u00a0\u00a0\u00a0\u00a0\u00a0\u00a0\u00a0\u00a0\u00a0\u00a0\u00a0\u00a0\u00a0\u00a0\u00a0\u00a0\u00a0\u00a0\u00a0\u00a0\u00a0\u00a0\u00a0\u00a0\u00a0\u00a0\u00a0\u00a0\u00a0\u00a0\u00a0\u00a0\u00a0\u00a0\u00a0\u00a0\u00a0\u00a0\u00a0\u00a0\u00a0\u00a0\u00a0\u00a0 Opr. Joanna Olejniczak<br \/>\n<img src='https:\/\/biblioteka-gabin.pl\/wp-content\/uploads\/archive\/pliki\/obraz\/2023_\/listopad\/384567183_270898242616398_6897421498959185212_n.jpg'><br \/>\n<a href='https:\/\/biblioteka-gabin.pl\/wp-content\/uploads\/archive\/galleries\/541\/38553179712151871332179054578657073910544603n-f4632f5a1c.jpg'><img style='max-height:300px;' src='https:\/\/biblioteka-gabin.pl\/wp-content\/uploads\/archive\/galleries\/541\/38553179712151871332179054578657073910544603n-f4632f5a1c.jpg'><\/a><br \/>\n<a href='https:\/\/biblioteka-gabin.pl\/wp-content\/uploads\/archive\/galleries\/541\/3845671832708982426163986897421498959185212n-4a65913b03.jpg'><img style='max-height:300px;' src='https:\/\/biblioteka-gabin.pl\/wp-content\/uploads\/archive\/galleries\/541\/3845671832708982426163986897421498959185212n-4a65913b03.jpg'><\/a><br \/>\n<a href='https:\/\/biblioteka-gabin.pl\/wp-content\/uploads\/archive\/galleries\/541\/3868457907061020644349476742089014908041309n-fda57e2e8f.jpg'><img style='max-height:300px;' src='https:\/\/biblioteka-gabin.pl\/wp-content\/uploads\/archive\/galleries\/541\/3868457907061020644349476742089014908041309n-fda57e2e8f.jpg'><\/a><br \/>\n<a href='https:\/\/biblioteka-gabin.pl\/wp-content\/uploads\/archive\/galleries\/541\/3998050803551033970206774200173872917187509n-f1fc2acaf5.jpg'><img style='max-height:300px;' src='https:\/\/biblioteka-gabin.pl\/wp-content\/uploads\/archive\/galleries\/541\/3998050803551033970206774200173872917187509n-f1fc2acaf5.jpg'><\/a><br \/>\n<a href='https:\/\/biblioteka-gabin.pl\/wp-content\/uploads\/archive\/galleries\/541\/3680662306466318309987343188437517741393623n-1561756ba6.jpg'><img style='max-height:300px;' src='https:\/\/biblioteka-gabin.pl\/wp-content\/uploads\/archive\/galleries\/541\/3680662306466318309987343188437517741393623n-1561756ba6.jpg'><\/a><br \/>\n<a href='https:\/\/biblioteka-gabin.pl\/wp-content\/uploads\/archive\/galleries\/541\/3707299246612497461174612391900603518931038n-e8f6baecdf.jpg'><img style='max-height:300px;' src='https:\/\/biblioteka-gabin.pl\/wp-content\/uploads\/archive\/galleries\/541\/3707299246612497461174612391900603518931038n-e8f6baecdf.jpg'><\/a><\/p>\n","protected":false},"excerpt":{"rendered":"<p>Moja pomocnica papuga Gadu\u0142a towarzyszy\u0142a mi tak\u017ce podczas wizyty w<\/p>\n","protected":false},"author":1,"featured_media":0,"comment_status":"open","ping_status":"open","sticky":false,"template":"","format":"standard","meta":{"footnotes":""},"categories":[36],"tags":[],"class_list":["post-8449","post","type-post","status-publish","format-standard","hentry","category-main"],"yoast_head":"<!-- This site is optimized with the Yoast SEO plugin v27.4 - https:\/\/yoast.com\/product\/yoast-seo-wordpress\/ -->\n<title>&quot;Spotkanie z bajk\u0105&quot; w Nowym Grabiu (09.11.2023r.) - Miejsko-Gminna Biblioteka Publiczna w G\u0105binie<\/title>\n<meta name=\"robots\" content=\"index, follow, max-snippet:-1, max-image-preview:large, max-video-preview:-1\" \/>\n<link rel=\"canonical\" href=\"https:\/\/biblioteka-gabin.pl\/index.php\/2023\/11\/14\/spotkanie-z-bajka-w-nowym-grabiu-09-11-2023r\/\" \/>\n<meta property=\"og:locale\" content=\"pl_PL\" \/>\n<meta property=\"og:type\" content=\"article\" \/>\n<meta property=\"og:title\" content=\"&quot;Spotkanie z bajk\u0105&quot; w Nowym Grabiu (09.11.2023r.) - Miejsko-Gminna Biblioteka Publiczna w G\u0105binie\" \/>\n<meta property=\"og:description\" content=\"Moja pomocnica papuga Gadu\u0142a towarzyszy\u0142a mi tak\u017ce podczas wizyty w\" \/>\n<meta property=\"og:url\" content=\"https:\/\/biblioteka-gabin.pl\/index.php\/2023\/11\/14\/spotkanie-z-bajka-w-nowym-grabiu-09-11-2023r\/\" \/>\n<meta property=\"og:site_name\" content=\"Miejsko-Gminna Biblioteka Publiczna w G\u0105binie\" \/>\n<meta property=\"article:publisher\" content=\"https:\/\/www.facebook.com\/bibliotekagabin\" \/>\n<meta property=\"article:published_time\" content=\"2023-11-14T00:00:00+00:00\" \/>\n<meta property=\"og:image\" content=\"https:\/\/biblioteka-gabin.pl\/wp-content\/uploads\/archive\/pliki\/obraz\/2023_\/listopad\/384567183_270898242616398_6897421498959185212_n.jpg\" \/>\n<meta name=\"author\" content=\"admin\" \/>\n<meta name=\"twitter:card\" content=\"summary_large_image\" \/>\n<meta name=\"twitter:label1\" content=\"Napisane przez\" \/>\n\t<meta name=\"twitter:data1\" content=\"admin\" \/>\n\t<meta name=\"twitter:label2\" content=\"Szacowany czas czytania\" \/>\n\t<meta name=\"twitter:data2\" content=\"1 minuta\" \/>\n<script type=\"application\/ld+json\" class=\"yoast-schema-graph\">{\"@context\":\"https:\\\/\\\/schema.org\",\"@graph\":[{\"@type\":\"Article\",\"@id\":\"https:\\\/\\\/biblioteka-gabin.pl\\\/index.php\\\/2023\\\/11\\\/14\\\/spotkanie-z-bajka-w-nowym-grabiu-09-11-2023r\\\/#article\",\"isPartOf\":{\"@id\":\"https:\\\/\\\/biblioteka-gabin.pl\\\/index.php\\\/2023\\\/11\\\/14\\\/spotkanie-z-bajka-w-nowym-grabiu-09-11-2023r\\\/\"},\"author\":{\"name\":\"admin\",\"@id\":\"https:\\\/\\\/biblioteka-gabin.pl\\\/#\\\/schema\\\/person\\\/2067b97c24663d987ef6ef95bed7c99a\"},\"headline\":\"&#8222;Spotkanie z bajk\u0105&#8221; w Nowym Grabiu (09.11.2023r.)\",\"datePublished\":\"2023-11-14T00:00:00+00:00\",\"mainEntityOfPage\":{\"@id\":\"https:\\\/\\\/biblioteka-gabin.pl\\\/index.php\\\/2023\\\/11\\\/14\\\/spotkanie-z-bajka-w-nowym-grabiu-09-11-2023r\\\/\"},\"wordCount\":269,\"commentCount\":0,\"publisher\":{\"@id\":\"https:\\\/\\\/biblioteka-gabin.pl\\\/#organization\"},\"image\":{\"@id\":\"https:\\\/\\\/biblioteka-gabin.pl\\\/index.php\\\/2023\\\/11\\\/14\\\/spotkanie-z-bajka-w-nowym-grabiu-09-11-2023r\\\/#primaryimage\"},\"thumbnailUrl\":\"https:\\\/\\\/biblioteka-gabin.pl\\\/wp-content\\\/uploads\\\/archive\\\/pliki\\\/obraz\\\/2023_\\\/listopad\\\/384567183_270898242616398_6897421498959185212_n.jpg\",\"articleSection\":[\"Main\"],\"inLanguage\":\"pl-PL\",\"potentialAction\":[{\"@type\":\"CommentAction\",\"name\":\"Comment\",\"target\":[\"https:\\\/\\\/biblioteka-gabin.pl\\\/index.php\\\/2023\\\/11\\\/14\\\/spotkanie-z-bajka-w-nowym-grabiu-09-11-2023r\\\/#respond\"]}]},{\"@type\":\"WebPage\",\"@id\":\"https:\\\/\\\/biblioteka-gabin.pl\\\/index.php\\\/2023\\\/11\\\/14\\\/spotkanie-z-bajka-w-nowym-grabiu-09-11-2023r\\\/\",\"url\":\"https:\\\/\\\/biblioteka-gabin.pl\\\/index.php\\\/2023\\\/11\\\/14\\\/spotkanie-z-bajka-w-nowym-grabiu-09-11-2023r\\\/\",\"name\":\"\\\"Spotkanie z bajk\u0105\\\" w Nowym Grabiu (09.11.2023r.) - Miejsko-Gminna Biblioteka Publiczna w G\u0105binie\",\"isPartOf\":{\"@id\":\"https:\\\/\\\/biblioteka-gabin.pl\\\/#website\"},\"primaryImageOfPage\":{\"@id\":\"https:\\\/\\\/biblioteka-gabin.pl\\\/index.php\\\/2023\\\/11\\\/14\\\/spotkanie-z-bajka-w-nowym-grabiu-09-11-2023r\\\/#primaryimage\"},\"image\":{\"@id\":\"https:\\\/\\\/biblioteka-gabin.pl\\\/index.php\\\/2023\\\/11\\\/14\\\/spotkanie-z-bajka-w-nowym-grabiu-09-11-2023r\\\/#primaryimage\"},\"thumbnailUrl\":\"https:\\\/\\\/biblioteka-gabin.pl\\\/wp-content\\\/uploads\\\/archive\\\/pliki\\\/obraz\\\/2023_\\\/listopad\\\/384567183_270898242616398_6897421498959185212_n.jpg\",\"datePublished\":\"2023-11-14T00:00:00+00:00\",\"breadcrumb\":{\"@id\":\"https:\\\/\\\/biblioteka-gabin.pl\\\/index.php\\\/2023\\\/11\\\/14\\\/spotkanie-z-bajka-w-nowym-grabiu-09-11-2023r\\\/#breadcrumb\"},\"inLanguage\":\"pl-PL\",\"potentialAction\":[{\"@type\":\"ReadAction\",\"target\":[\"https:\\\/\\\/biblioteka-gabin.pl\\\/index.php\\\/2023\\\/11\\\/14\\\/spotkanie-z-bajka-w-nowym-grabiu-09-11-2023r\\\/\"]}]},{\"@type\":\"ImageObject\",\"inLanguage\":\"pl-PL\",\"@id\":\"https:\\\/\\\/biblioteka-gabin.pl\\\/index.php\\\/2023\\\/11\\\/14\\\/spotkanie-z-bajka-w-nowym-grabiu-09-11-2023r\\\/#primaryimage\",\"url\":\"https:\\\/\\\/biblioteka-gabin.pl\\\/wp-content\\\/uploads\\\/archive\\\/pliki\\\/obraz\\\/2023_\\\/listopad\\\/384567183_270898242616398_6897421498959185212_n.jpg\",\"contentUrl\":\"https:\\\/\\\/biblioteka-gabin.pl\\\/wp-content\\\/uploads\\\/archive\\\/pliki\\\/obraz\\\/2023_\\\/listopad\\\/384567183_270898242616398_6897421498959185212_n.jpg\"},{\"@type\":\"BreadcrumbList\",\"@id\":\"https:\\\/\\\/biblioteka-gabin.pl\\\/index.php\\\/2023\\\/11\\\/14\\\/spotkanie-z-bajka-w-nowym-grabiu-09-11-2023r\\\/#breadcrumb\",\"itemListElement\":[{\"@type\":\"ListItem\",\"position\":1,\"name\":\"Strona g\u0142\u00f3wna\",\"item\":\"https:\\\/\\\/biblioteka-gabin.pl\\\/\"},{\"@type\":\"ListItem\",\"position\":2,\"name\":\"&#8222;Spotkanie z bajk\u0105&#8221; w Nowym Grabiu (09.11.2023r.)\"}]},{\"@type\":\"WebSite\",\"@id\":\"https:\\\/\\\/biblioteka-gabin.pl\\\/#website\",\"url\":\"https:\\\/\\\/biblioteka-gabin.pl\\\/\",\"name\":\"Miejsko-Gminna Biblioteka Publiczna w G\u0105binie\",\"description\":\"\",\"publisher\":{\"@id\":\"https:\\\/\\\/biblioteka-gabin.pl\\\/#organization\"},\"potentialAction\":[{\"@type\":\"SearchAction\",\"target\":{\"@type\":\"EntryPoint\",\"urlTemplate\":\"https:\\\/\\\/biblioteka-gabin.pl\\\/?s={search_term_string}\"},\"query-input\":{\"@type\":\"PropertyValueSpecification\",\"valueRequired\":true,\"valueName\":\"search_term_string\"}}],\"inLanguage\":\"pl-PL\"},{\"@type\":\"Organization\",\"@id\":\"https:\\\/\\\/biblioteka-gabin.pl\\\/#organization\",\"name\":\"Miejsko-Gminna Biblioteka Publiczna w G\u0105binie\",\"url\":\"https:\\\/\\\/biblioteka-gabin.pl\\\/\",\"logo\":{\"@type\":\"ImageObject\",\"inLanguage\":\"pl-PL\",\"@id\":\"https:\\\/\\\/biblioteka-gabin.pl\\\/#\\\/schema\\\/logo\\\/image\\\/\",\"url\":\"https:\\\/\\\/biblioteka-gabin.pl\\\/wp-content\\\/uploads\\\/2025\\\/03\\\/logo-biblioteka-2-1657013691-1.jpg\",\"contentUrl\":\"https:\\\/\\\/biblioteka-gabin.pl\\\/wp-content\\\/uploads\\\/2025\\\/03\\\/logo-biblioteka-2-1657013691-1.jpg\",\"width\":1600,\"height\":772,\"caption\":\"Miejsko-Gminna Biblioteka Publiczna w G\u0105binie\"},\"image\":{\"@id\":\"https:\\\/\\\/biblioteka-gabin.pl\\\/#\\\/schema\\\/logo\\\/image\\\/\"},\"sameAs\":[\"https:\\\/\\\/www.facebook.com\\\/bibliotekagabin\",\"https:\\\/\\\/www.youtube.com\\\/@mgbpgabin9392\"]},{\"@type\":\"Person\",\"@id\":\"https:\\\/\\\/biblioteka-gabin.pl\\\/#\\\/schema\\\/person\\\/2067b97c24663d987ef6ef95bed7c99a\",\"name\":\"admin\",\"image\":{\"@type\":\"ImageObject\",\"inLanguage\":\"pl-PL\",\"@id\":\"https:\\\/\\\/secure.gravatar.com\\\/avatar\\\/e1843904e97b4e376a0fc90ae10372cd31bce9b207a7a3d2ca68fc7ca7e4174c?s=96&d=mm&r=g\",\"url\":\"https:\\\/\\\/secure.gravatar.com\\\/avatar\\\/e1843904e97b4e376a0fc90ae10372cd31bce9b207a7a3d2ca68fc7ca7e4174c?s=96&d=mm&r=g\",\"contentUrl\":\"https:\\\/\\\/secure.gravatar.com\\\/avatar\\\/e1843904e97b4e376a0fc90ae10372cd31bce9b207a7a3d2ca68fc7ca7e4174c?s=96&d=mm&r=g\",\"caption\":\"admin\"},\"sameAs\":[\"http:\\\/\\\/strona.biblioteka-gabin.pl\"],\"url\":\"https:\\\/\\\/biblioteka-gabin.pl\\\/index.php\\\/author\\\/admin\\\/\"}]}<\/script>\n<!-- \/ Yoast SEO plugin. -->","yoast_head_json":{"title":"\"Spotkanie z bajk\u0105\" w Nowym Grabiu (09.11.2023r.) - Miejsko-Gminna Biblioteka Publiczna w G\u0105binie","robots":{"index":"index","follow":"follow","max-snippet":"max-snippet:-1","max-image-preview":"max-image-preview:large","max-video-preview":"max-video-preview:-1"},"canonical":"https:\/\/biblioteka-gabin.pl\/index.php\/2023\/11\/14\/spotkanie-z-bajka-w-nowym-grabiu-09-11-2023r\/","og_locale":"pl_PL","og_type":"article","og_title":"\"Spotkanie z bajk\u0105\" w Nowym Grabiu (09.11.2023r.) - Miejsko-Gminna Biblioteka Publiczna w G\u0105binie","og_description":"Moja pomocnica papuga Gadu\u0142a towarzyszy\u0142a mi tak\u017ce podczas wizyty w","og_url":"https:\/\/biblioteka-gabin.pl\/index.php\/2023\/11\/14\/spotkanie-z-bajka-w-nowym-grabiu-09-11-2023r\/","og_site_name":"Miejsko-Gminna Biblioteka Publiczna w G\u0105binie","article_publisher":"https:\/\/www.facebook.com\/bibliotekagabin","article_published_time":"2023-11-14T00:00:00+00:00","og_image":[{"url":"https:\/\/biblioteka-gabin.pl\/wp-content\/uploads\/archive\/pliki\/obraz\/2023_\/listopad\/384567183_270898242616398_6897421498959185212_n.jpg","type":"","width":"","height":""}],"author":"admin","twitter_card":"summary_large_image","twitter_misc":{"Napisane przez":"admin","Szacowany czas czytania":"1 minuta"},"schema":{"@context":"https:\/\/schema.org","@graph":[{"@type":"Article","@id":"https:\/\/biblioteka-gabin.pl\/index.php\/2023\/11\/14\/spotkanie-z-bajka-w-nowym-grabiu-09-11-2023r\/#article","isPartOf":{"@id":"https:\/\/biblioteka-gabin.pl\/index.php\/2023\/11\/14\/spotkanie-z-bajka-w-nowym-grabiu-09-11-2023r\/"},"author":{"name":"admin","@id":"https:\/\/biblioteka-gabin.pl\/#\/schema\/person\/2067b97c24663d987ef6ef95bed7c99a"},"headline":"&#8222;Spotkanie z bajk\u0105&#8221; w Nowym Grabiu (09.11.2023r.)","datePublished":"2023-11-14T00:00:00+00:00","mainEntityOfPage":{"@id":"https:\/\/biblioteka-gabin.pl\/index.php\/2023\/11\/14\/spotkanie-z-bajka-w-nowym-grabiu-09-11-2023r\/"},"wordCount":269,"commentCount":0,"publisher":{"@id":"https:\/\/biblioteka-gabin.pl\/#organization"},"image":{"@id":"https:\/\/biblioteka-gabin.pl\/index.php\/2023\/11\/14\/spotkanie-z-bajka-w-nowym-grabiu-09-11-2023r\/#primaryimage"},"thumbnailUrl":"https:\/\/biblioteka-gabin.pl\/wp-content\/uploads\/archive\/pliki\/obraz\/2023_\/listopad\/384567183_270898242616398_6897421498959185212_n.jpg","articleSection":["Main"],"inLanguage":"pl-PL","potentialAction":[{"@type":"CommentAction","name":"Comment","target":["https:\/\/biblioteka-gabin.pl\/index.php\/2023\/11\/14\/spotkanie-z-bajka-w-nowym-grabiu-09-11-2023r\/#respond"]}]},{"@type":"WebPage","@id":"https:\/\/biblioteka-gabin.pl\/index.php\/2023\/11\/14\/spotkanie-z-bajka-w-nowym-grabiu-09-11-2023r\/","url":"https:\/\/biblioteka-gabin.pl\/index.php\/2023\/11\/14\/spotkanie-z-bajka-w-nowym-grabiu-09-11-2023r\/","name":"\"Spotkanie z bajk\u0105\" w Nowym Grabiu (09.11.2023r.) - Miejsko-Gminna Biblioteka Publiczna w G\u0105binie","isPartOf":{"@id":"https:\/\/biblioteka-gabin.pl\/#website"},"primaryImageOfPage":{"@id":"https:\/\/biblioteka-gabin.pl\/index.php\/2023\/11\/14\/spotkanie-z-bajka-w-nowym-grabiu-09-11-2023r\/#primaryimage"},"image":{"@id":"https:\/\/biblioteka-gabin.pl\/index.php\/2023\/11\/14\/spotkanie-z-bajka-w-nowym-grabiu-09-11-2023r\/#primaryimage"},"thumbnailUrl":"https:\/\/biblioteka-gabin.pl\/wp-content\/uploads\/archive\/pliki\/obraz\/2023_\/listopad\/384567183_270898242616398_6897421498959185212_n.jpg","datePublished":"2023-11-14T00:00:00+00:00","breadcrumb":{"@id":"https:\/\/biblioteka-gabin.pl\/index.php\/2023\/11\/14\/spotkanie-z-bajka-w-nowym-grabiu-09-11-2023r\/#breadcrumb"},"inLanguage":"pl-PL","potentialAction":[{"@type":"ReadAction","target":["https:\/\/biblioteka-gabin.pl\/index.php\/2023\/11\/14\/spotkanie-z-bajka-w-nowym-grabiu-09-11-2023r\/"]}]},{"@type":"ImageObject","inLanguage":"pl-PL","@id":"https:\/\/biblioteka-gabin.pl\/index.php\/2023\/11\/14\/spotkanie-z-bajka-w-nowym-grabiu-09-11-2023r\/#primaryimage","url":"https:\/\/biblioteka-gabin.pl\/wp-content\/uploads\/archive\/pliki\/obraz\/2023_\/listopad\/384567183_270898242616398_6897421498959185212_n.jpg","contentUrl":"https:\/\/biblioteka-gabin.pl\/wp-content\/uploads\/archive\/pliki\/obraz\/2023_\/listopad\/384567183_270898242616398_6897421498959185212_n.jpg"},{"@type":"BreadcrumbList","@id":"https:\/\/biblioteka-gabin.pl\/index.php\/2023\/11\/14\/spotkanie-z-bajka-w-nowym-grabiu-09-11-2023r\/#breadcrumb","itemListElement":[{"@type":"ListItem","position":1,"name":"Strona g\u0142\u00f3wna","item":"https:\/\/biblioteka-gabin.pl\/"},{"@type":"ListItem","position":2,"name":"&#8222;Spotkanie z bajk\u0105&#8221; w Nowym Grabiu (09.11.2023r.)"}]},{"@type":"WebSite","@id":"https:\/\/biblioteka-gabin.pl\/#website","url":"https:\/\/biblioteka-gabin.pl\/","name":"Miejsko-Gminna Biblioteka Publiczna w G\u0105binie","description":"","publisher":{"@id":"https:\/\/biblioteka-gabin.pl\/#organization"},"potentialAction":[{"@type":"SearchAction","target":{"@type":"EntryPoint","urlTemplate":"https:\/\/biblioteka-gabin.pl\/?s={search_term_string}"},"query-input":{"@type":"PropertyValueSpecification","valueRequired":true,"valueName":"search_term_string"}}],"inLanguage":"pl-PL"},{"@type":"Organization","@id":"https:\/\/biblioteka-gabin.pl\/#organization","name":"Miejsko-Gminna Biblioteka Publiczna w G\u0105binie","url":"https:\/\/biblioteka-gabin.pl\/","logo":{"@type":"ImageObject","inLanguage":"pl-PL","@id":"https:\/\/biblioteka-gabin.pl\/#\/schema\/logo\/image\/","url":"https:\/\/biblioteka-gabin.pl\/wp-content\/uploads\/2025\/03\/logo-biblioteka-2-1657013691-1.jpg","contentUrl":"https:\/\/biblioteka-gabin.pl\/wp-content\/uploads\/2025\/03\/logo-biblioteka-2-1657013691-1.jpg","width":1600,"height":772,"caption":"Miejsko-Gminna Biblioteka Publiczna w G\u0105binie"},"image":{"@id":"https:\/\/biblioteka-gabin.pl\/#\/schema\/logo\/image\/"},"sameAs":["https:\/\/www.facebook.com\/bibliotekagabin","https:\/\/www.youtube.com\/@mgbpgabin9392"]},{"@type":"Person","@id":"https:\/\/biblioteka-gabin.pl\/#\/schema\/person\/2067b97c24663d987ef6ef95bed7c99a","name":"admin","image":{"@type":"ImageObject","inLanguage":"pl-PL","@id":"https:\/\/secure.gravatar.com\/avatar\/e1843904e97b4e376a0fc90ae10372cd31bce9b207a7a3d2ca68fc7ca7e4174c?s=96&d=mm&r=g","url":"https:\/\/secure.gravatar.com\/avatar\/e1843904e97b4e376a0fc90ae10372cd31bce9b207a7a3d2ca68fc7ca7e4174c?s=96&d=mm&r=g","contentUrl":"https:\/\/secure.gravatar.com\/avatar\/e1843904e97b4e376a0fc90ae10372cd31bce9b207a7a3d2ca68fc7ca7e4174c?s=96&d=mm&r=g","caption":"admin"},"sameAs":["http:\/\/strona.biblioteka-gabin.pl"],"url":"https:\/\/biblioteka-gabin.pl\/index.php\/author\/admin\/"}]}},"_links":{"self":[{"href":"https:\/\/biblioteka-gabin.pl\/index.php\/wp-json\/wp\/v2\/posts\/8449","targetHints":{"allow":["GET"]}}],"collection":[{"href":"https:\/\/biblioteka-gabin.pl\/index.php\/wp-json\/wp\/v2\/posts"}],"about":[{"href":"https:\/\/biblioteka-gabin.pl\/index.php\/wp-json\/wp\/v2\/types\/post"}],"author":[{"embeddable":true,"href":"https:\/\/biblioteka-gabin.pl\/index.php\/wp-json\/wp\/v2\/users\/1"}],"replies":[{"embeddable":true,"href":"https:\/\/biblioteka-gabin.pl\/index.php\/wp-json\/wp\/v2\/comments?post=8449"}],"version-history":[{"count":0,"href":"https:\/\/biblioteka-gabin.pl\/index.php\/wp-json\/wp\/v2\/posts\/8449\/revisions"}],"wp:attachment":[{"href":"https:\/\/biblioteka-gabin.pl\/index.php\/wp-json\/wp\/v2\/media?parent=8449"}],"wp:term":[{"taxonomy":"category","embeddable":true,"href":"https:\/\/biblioteka-gabin.pl\/index.php\/wp-json\/wp\/v2\/categories?post=8449"},{"taxonomy":"post_tag","embeddable":true,"href":"https:\/\/biblioteka-gabin.pl\/index.php\/wp-json\/wp\/v2\/tags?post=8449"}],"curies":[{"name":"wp","href":"https:\/\/api.w.org\/{rel}","templated":true}]}}