{"id":8450,"date":"2024-04-16T00:00:00","date_gmt":"2024-04-16T00:00:00","guid":{"rendered":"https:\/\/biblioteka-gabin.pl\/index.php\/2024\/04\/16\/spotkanie-z-bajka-w-nowym-grabiu-11-04-2024r\/"},"modified":"2024-04-16T00:00:00","modified_gmt":"2024-04-16T00:00:00","slug":"spotkanie-z-bajka-w-nowym-grabiu-11-04-2024r","status":"publish","type":"post","link":"https:\/\/biblioteka-gabin.pl\/index.php\/2024\/04\/16\/spotkanie-z-bajka-w-nowym-grabiu-11-04-2024r\/","title":{"rendered":"&#8222;Spotkanie z bajk\u0105&#8221; w Nowym Grabiu (11.04.2024r.)"},"content":{"rendered":"<p>Na dzisiejsze zaj\u0119cia z dzie\u0107mi z Oddzia\u0142u i Punktu Przedszkolnego w Nowym Grabiu przywioz\u0142am interaktywn\u0105 -m\u00f3wi\u0105c\u0105 ksi\u0105\u017ck\u0119\u00a0 pt. \u201e\u015awiat zwierz\u0105t\u201d serii Czytaj z albikiem. To specjalna ksi\u0105\u017cka do kt\u00f3rej do\u0142\u0105czone jest pi\u00f3ro. Taki duet stanowi pewien spos\u00f3b nauki, dzi\u0119ki kt\u00f3remu mo\u017cna si\u0119 wiele dowiedzie\u0107 a przy tym \u015bwietnie bawi\u0107.<br \/>\n\u00a0\u00a0\u00a0 Sprawdzi\u0142am to w dw\u00f3ch grupach: \u201eBiedronkach \u201e i \u201eMotylach\u201d, gdzie dzieci mog\u0142y tak\u0105 ksi\u0105\u017ck\u0119 wypr\u00f3bowa\u0107. Wystarczy delikatnie dotkn\u0105\u0107 pi\u00f3rem rysunku- w naszym przypadku zwierz\u0105tka lub ro\u015bliny, \u017ceby uzyska\u0107 pewne informacje np. Jak si\u0119 nazywa dany zwierzak? Jakie d\u017awi\u0119ki wydaje? Gdzie mieszka i czym si\u0119 \u017cywi? Na zako\u0144czenie by\u0142 quiz, kt\u00f3ry sprawdza\u0142 co uda\u0142o si\u0119 zapami\u0119ta\u0107. Dzieciaki uwa\u017cnie ws\u0142uchiwa\u0142y si\u0119 w te d\u017awi\u0119ki, bardzo szybko rozpoznawa\u0142y wskazane zwierz\u0119ta.<br \/>\n\u00a0\u00a0 Najm\u0142odsza grupa \u201ePszcz\u00f3\u0142ki\u201d wys\u0142ucha\u0142a bajki pt. \u201eM\u00f3j tata jest super!\u201d oraz ksi\u0105\u017cki M. Brykczy\u0144skiego pt.\u201e Czy ju\u017c wiesz kim zosta\u0107 chcesz?\u201d Dzieci pozna\u0142y kilka zawod\u00f3w, jakie zosta\u0142y w niej przedstawione m. in. policjant, stra\u017cak, fryzjer, lekarz. Najwi\u0119ksze zainteresowanie wzbudzi\u0142 policjant i to w\u0142a\u015bnie nim najwi\u0119cej Przedszkolak\u00f3w chcia\u0142oby zosta\u0107 w przysz\u0142o\u015bci.<br \/>\n\u00a0\u00a0 Serdecznie dzi\u0119kuj\u0119 za mi\u0142e i owocne spotkanie. M\u00f3wi\u0119 wszystkim do mi\u0142ego zobaczenia, ju\u017c niebawem.<br \/>\n\u00a0\u00a0\u00a0\u00a0\u00a0\u00a0\u00a0\u00a0\u00a0\u00a0\u00a0\u00a0\u00a0\u00a0\u00a0\u00a0\u00a0\u00a0\u00a0\u00a0\u00a0\u00a0\u00a0\u00a0\u00a0\u00a0\u00a0\u00a0\u00a0\u00a0\u00a0\u00a0\u00a0\u00a0\u00a0\u00a0\u00a0\u00a0\u00a0\u00a0\u00a0\u00a0\u00a0\u00a0\u00a0\u00a0\u00a0\u00a0\u00a0\u00a0\u00a0\u00a0\u00a0 Opr. Joanna Olejniczak<br \/>\n<img src='https:\/\/biblioteka-gabin.pl\/wp-content\/uploads\/archive\/pliki\/obraz\/2024\/marzec\/434702979_352450103916002_4945572677483349611_n.jpg'><br \/>\n<a href='https:\/\/biblioteka-gabin.pl\/wp-content\/uploads\/archive\/galleries\/573\/4346727907439765642259903859448163353611459n-d102b9925e.jpg'><img style='max-height:300px;' src='https:\/\/biblioteka-gabin.pl\/wp-content\/uploads\/archive\/galleries\/573\/4346727907439765642259903859448163353611459n-d102b9925e.jpg'><\/a><br \/>\n<a href='https:\/\/biblioteka-gabin.pl\/wp-content\/uploads\/archive\/galleries\/573\/43463086412136403829501991228192611004669153n-034e78cd41.jpg'><img style='max-height:300px;' src='https:\/\/biblioteka-gabin.pl\/wp-content\/uploads\/archive\/galleries\/573\/43463086412136403829501991228192611004669153n-034e78cd41.jpg'><\/a><br \/>\n<a href='https:\/\/biblioteka-gabin.pl\/wp-content\/uploads\/archive\/galleries\/573\/43475760414725775936685887593589745156975083n-d54d5857f8.jpg'><img style='max-height:300px;' src='https:\/\/biblioteka-gabin.pl\/wp-content\/uploads\/archive\/galleries\/573\/43475760414725775936685887593589745156975083n-d54d5857f8.jpg'><\/a><br \/>\n<a href='https:\/\/biblioteka-gabin.pl\/wp-content\/uploads\/archive\/galleries\/573\/43490817517199324554081212865088493763270927n-9f414736a6.jpg'><img style='max-height:300px;' src='https:\/\/biblioteka-gabin.pl\/wp-content\/uploads\/archive\/galleries\/573\/43490817517199324554081212865088493763270927n-9f414736a6.jpg'><\/a><br \/>\n<a href='https:\/\/biblioteka-gabin.pl\/wp-content\/uploads\/archive\/galleries\/573\/4353102834569343166723712384682678724839085n-af4a49d3ae.jpg'><img style='max-height:300px;' src='https:\/\/biblioteka-gabin.pl\/wp-content\/uploads\/archive\/galleries\/573\/4353102834569343166723712384682678724839085n-af4a49d3ae.jpg'><\/a><br \/>\n<a href='https:\/\/biblioteka-gabin.pl\/wp-content\/uploads\/archive\/galleries\/573\/4347029793524501039160024945572677483349611n-6136af0e4a.jpg'><img style='max-height:300px;' src='https:\/\/biblioteka-gabin.pl\/wp-content\/uploads\/archive\/galleries\/573\/4347029793524501039160024945572677483349611n-6136af0e4a.jpg'><\/a><br \/>\n<a href='https:\/\/biblioteka-gabin.pl\/wp-content\/uploads\/archive\/galleries\/573\/4352863041107062390561167140653742354505703n-c5489a0716.jpg'><img style='max-height:300px;' src='https:\/\/biblioteka-gabin.pl\/wp-content\/uploads\/archive\/galleries\/573\/4352863041107062390561167140653742354505703n-c5489a0716.jpg'><\/a><br \/>\n<a href='https:\/\/biblioteka-gabin.pl\/wp-content\/uploads\/archive\/galleries\/573\/4347440244266331099062782739360591451817547n-dadfc109ec.jpg'><img style='max-height:300px;' src='https:\/\/biblioteka-gabin.pl\/wp-content\/uploads\/archive\/galleries\/573\/4347440244266331099062782739360591451817547n-dadfc109ec.jpg'><\/a><br \/>\n<a href='https:\/\/biblioteka-gabin.pl\/wp-content\/uploads\/archive\/galleries\/573\/4346569639515477928484415470542125469136984n-99cf256b91.jpg'><img style='max-height:300px;' src='https:\/\/biblioteka-gabin.pl\/wp-content\/uploads\/archive\/galleries\/573\/4346569639515477928484415470542125469136984n-99cf256b91.jpg'><\/a><br \/>\n<a href='https:\/\/biblioteka-gabin.pl\/wp-content\/uploads\/archive\/galleries\/573\/4349081776218666601591958186086242055861016n-cadb90265f.jpg'><img style='max-height:300px;' src='https:\/\/biblioteka-gabin.pl\/wp-content\/uploads\/archive\/galleries\/573\/4349081776218666601591958186086242055861016n-cadb90265f.jpg'><\/a><br \/>\n<a href='https:\/\/biblioteka-gabin.pl\/wp-content\/uploads\/archive\/galleries\/573\/4349142446976895223514047458034064530405674n-0216dd79e4.jpg'><img style='max-height:300px;' src='https:\/\/biblioteka-gabin.pl\/wp-content\/uploads\/archive\/galleries\/573\/4349142446976895223514047458034064530405674n-0216dd79e4.jpg'><\/a><br \/>\n<a href='https:\/\/biblioteka-gabin.pl\/wp-content\/uploads\/archive\/galleries\/573\/43517461211917531089021624994369983287337683n-26fef489f4.jpg'><img style='max-height:300px;' src='https:\/\/biblioteka-gabin.pl\/wp-content\/uploads\/archive\/galleries\/573\/43517461211917531089021624994369983287337683n-26fef489f4.jpg'><\/a><br \/>\n<a href='https:\/\/biblioteka-gabin.pl\/wp-content\/uploads\/archive\/galleries\/573\/43491033016018511703878902949263856915876210n-0da1ae48c8.jpg'><img style='max-height:300px;' src='https:\/\/biblioteka-gabin.pl\/wp-content\/uploads\/archive\/galleries\/573\/43491033016018511703878902949263856915876210n-0da1ae48c8.jpg'><\/a><br \/>\n<a href='https:\/\/biblioteka-gabin.pl\/wp-content\/uploads\/archive\/galleries\/573\/435053472833463295468150815618538297317264n-deb4fc22e4.jpg'><img style='max-height:300px;' src='https:\/\/biblioteka-gabin.pl\/wp-content\/uploads\/archive\/galleries\/573\/435053472833463295468150815618538297317264n-deb4fc22e4.jpg'><\/a><br \/>\n<a href='https:\/\/biblioteka-gabin.pl\/wp-content\/uploads\/archive\/galleries\/573\/4350861407554085563542746097911065021273834n-dd1f5bd184.jpg'><img style='max-height:300px;' src='https:\/\/biblioteka-gabin.pl\/wp-content\/uploads\/archive\/galleries\/573\/4350861407554085563542746097911065021273834n-dd1f5bd184.jpg'><\/a><br \/>\n<a href='https:\/\/biblioteka-gabin.pl\/wp-content\/uploads\/archive\/galleries\/573\/43488361419397531164218116819187516927013707n-3f9f5d8e3c.jpg'><img style='max-height:300px;' src='https:\/\/biblioteka-gabin.pl\/wp-content\/uploads\/archive\/galleries\/573\/43488361419397531164218116819187516927013707n-3f9f5d8e3c.jpg'><\/a><br \/>\n<a href='https:\/\/biblioteka-gabin.pl\/wp-content\/uploads\/archive\/galleries\/573\/43514456020008749236471562640726286890576574n-3c8fea84f6.jpg'><img style='max-height:300px;' src='https:\/\/biblioteka-gabin.pl\/wp-content\/uploads\/archive\/galleries\/573\/43514456020008749236471562640726286890576574n-3c8fea84f6.jpg'><\/a><br \/>\n<a href='https:\/\/biblioteka-gabin.pl\/wp-content\/uploads\/archive\/galleries\/573\/4350837393438871981878924308747356942915643n-18ab0ec3fc.jpg'><img style='max-height:300px;' src='https:\/\/biblioteka-gabin.pl\/wp-content\/uploads\/archive\/galleries\/573\/4350837393438871981878924308747356942915643n-18ab0ec3fc.jpg'><\/a><\/p>\n","protected":false},"excerpt":{"rendered":"<p>Na dzisiejsze zaj\u0119cia z dzie\u0107mi z Oddzia\u0142u i Punktu Przedszkolnego<\/p>\n","protected":false},"author":1,"featured_media":0,"comment_status":"open","ping_status":"open","sticky":false,"template":"","format":"standard","meta":{"footnotes":""},"categories":[36],"tags":[],"class_list":["post-8450","post","type-post","status-publish","format-standard","hentry","category-main"],"yoast_head":"<!-- This site is optimized with the Yoast SEO plugin v27.4 - https:\/\/yoast.com\/product\/yoast-seo-wordpress\/ -->\n<title>&quot;Spotkanie z bajk\u0105&quot; w Nowym Grabiu (11.04.2024r.) - Miejsko-Gminna Biblioteka Publiczna w G\u0105binie<\/title>\n<meta name=\"robots\" content=\"index, follow, max-snippet:-1, max-image-preview:large, max-video-preview:-1\" \/>\n<link rel=\"canonical\" href=\"http:\/\/biblioteka-gabin.pl\/index.php\/2024\/04\/16\/spotkanie-z-bajka-w-nowym-grabiu-11-04-2024r\/\" \/>\n<meta property=\"og:locale\" content=\"pl_PL\" \/>\n<meta property=\"og:type\" content=\"article\" \/>\n<meta property=\"og:title\" content=\"&quot;Spotkanie z bajk\u0105&quot; w Nowym Grabiu (11.04.2024r.) - Miejsko-Gminna Biblioteka Publiczna w G\u0105binie\" \/>\n<meta property=\"og:description\" content=\"Na dzisiejsze zaj\u0119cia z dzie\u0107mi z Oddzia\u0142u i Punktu Przedszkolnego\" \/>\n<meta property=\"og:url\" content=\"http:\/\/biblioteka-gabin.pl\/index.php\/2024\/04\/16\/spotkanie-z-bajka-w-nowym-grabiu-11-04-2024r\/\" \/>\n<meta property=\"og:site_name\" content=\"Miejsko-Gminna Biblioteka Publiczna w G\u0105binie\" \/>\n<meta property=\"article:publisher\" content=\"https:\/\/www.facebook.com\/bibliotekagabin\" \/>\n<meta property=\"article:published_time\" content=\"2024-04-16T00:00:00+00:00\" \/>\n<meta property=\"og:image\" content=\"https:\/\/biblioteka-gabin.pl\/wp-content\/uploads\/archive\/pliki\/obraz\/2024\/marzec\/434702979_352450103916002_4945572677483349611_n.jpg\" \/>\n<meta name=\"author\" content=\"admin\" \/>\n<meta name=\"twitter:card\" content=\"summary_large_image\" \/>\n<meta name=\"twitter:label1\" content=\"Napisane przez\" \/>\n\t<meta name=\"twitter:data1\" content=\"admin\" \/>\n\t<meta name=\"twitter:label2\" content=\"Szacowany czas czytania\" \/>\n\t<meta name=\"twitter:data2\" content=\"1 minuta\" \/>\n<script type=\"application\/ld+json\" class=\"yoast-schema-graph\">{\"@context\":\"https:\\\/\\\/schema.org\",\"@graph\":[{\"@type\":\"Article\",\"@id\":\"http:\\\/\\\/biblioteka-gabin.pl\\\/index.php\\\/2024\\\/04\\\/16\\\/spotkanie-z-bajka-w-nowym-grabiu-11-04-2024r\\\/#article\",\"isPartOf\":{\"@id\":\"http:\\\/\\\/biblioteka-gabin.pl\\\/index.php\\\/2024\\\/04\\\/16\\\/spotkanie-z-bajka-w-nowym-grabiu-11-04-2024r\\\/\"},\"author\":{\"name\":\"admin\",\"@id\":\"https:\\\/\\\/biblioteka-gabin.pl\\\/#\\\/schema\\\/person\\\/2067b97c24663d987ef6ef95bed7c99a\"},\"headline\":\"&#8222;Spotkanie z bajk\u0105&#8221; w Nowym Grabiu (11.04.2024r.)\",\"datePublished\":\"2024-04-16T00:00:00+00:00\",\"mainEntityOfPage\":{\"@id\":\"http:\\\/\\\/biblioteka-gabin.pl\\\/index.php\\\/2024\\\/04\\\/16\\\/spotkanie-z-bajka-w-nowym-grabiu-11-04-2024r\\\/\"},\"wordCount\":249,\"commentCount\":0,\"publisher\":{\"@id\":\"https:\\\/\\\/biblioteka-gabin.pl\\\/#organization\"},\"image\":{\"@id\":\"http:\\\/\\\/biblioteka-gabin.pl\\\/index.php\\\/2024\\\/04\\\/16\\\/spotkanie-z-bajka-w-nowym-grabiu-11-04-2024r\\\/#primaryimage\"},\"thumbnailUrl\":\"https:\\\/\\\/biblioteka-gabin.pl\\\/wp-content\\\/uploads\\\/archive\\\/pliki\\\/obraz\\\/2024\\\/marzec\\\/434702979_352450103916002_4945572677483349611_n.jpg\",\"articleSection\":[\"Main\"],\"inLanguage\":\"pl-PL\",\"potentialAction\":[{\"@type\":\"CommentAction\",\"name\":\"Comment\",\"target\":[\"http:\\\/\\\/biblioteka-gabin.pl\\\/index.php\\\/2024\\\/04\\\/16\\\/spotkanie-z-bajka-w-nowym-grabiu-11-04-2024r\\\/#respond\"]}]},{\"@type\":\"WebPage\",\"@id\":\"http:\\\/\\\/biblioteka-gabin.pl\\\/index.php\\\/2024\\\/04\\\/16\\\/spotkanie-z-bajka-w-nowym-grabiu-11-04-2024r\\\/\",\"url\":\"http:\\\/\\\/biblioteka-gabin.pl\\\/index.php\\\/2024\\\/04\\\/16\\\/spotkanie-z-bajka-w-nowym-grabiu-11-04-2024r\\\/\",\"name\":\"\\\"Spotkanie z bajk\u0105\\\" w Nowym Grabiu (11.04.2024r.) - Miejsko-Gminna Biblioteka Publiczna w G\u0105binie\",\"isPartOf\":{\"@id\":\"https:\\\/\\\/biblioteka-gabin.pl\\\/#website\"},\"primaryImageOfPage\":{\"@id\":\"http:\\\/\\\/biblioteka-gabin.pl\\\/index.php\\\/2024\\\/04\\\/16\\\/spotkanie-z-bajka-w-nowym-grabiu-11-04-2024r\\\/#primaryimage\"},\"image\":{\"@id\":\"http:\\\/\\\/biblioteka-gabin.pl\\\/index.php\\\/2024\\\/04\\\/16\\\/spotkanie-z-bajka-w-nowym-grabiu-11-04-2024r\\\/#primaryimage\"},\"thumbnailUrl\":\"https:\\\/\\\/biblioteka-gabin.pl\\\/wp-content\\\/uploads\\\/archive\\\/pliki\\\/obraz\\\/2024\\\/marzec\\\/434702979_352450103916002_4945572677483349611_n.jpg\",\"datePublished\":\"2024-04-16T00:00:00+00:00\",\"breadcrumb\":{\"@id\":\"http:\\\/\\\/biblioteka-gabin.pl\\\/index.php\\\/2024\\\/04\\\/16\\\/spotkanie-z-bajka-w-nowym-grabiu-11-04-2024r\\\/#breadcrumb\"},\"inLanguage\":\"pl-PL\",\"potentialAction\":[{\"@type\":\"ReadAction\",\"target\":[\"http:\\\/\\\/biblioteka-gabin.pl\\\/index.php\\\/2024\\\/04\\\/16\\\/spotkanie-z-bajka-w-nowym-grabiu-11-04-2024r\\\/\"]}]},{\"@type\":\"ImageObject\",\"inLanguage\":\"pl-PL\",\"@id\":\"http:\\\/\\\/biblioteka-gabin.pl\\\/index.php\\\/2024\\\/04\\\/16\\\/spotkanie-z-bajka-w-nowym-grabiu-11-04-2024r\\\/#primaryimage\",\"url\":\"https:\\\/\\\/biblioteka-gabin.pl\\\/wp-content\\\/uploads\\\/archive\\\/pliki\\\/obraz\\\/2024\\\/marzec\\\/434702979_352450103916002_4945572677483349611_n.jpg\",\"contentUrl\":\"https:\\\/\\\/biblioteka-gabin.pl\\\/wp-content\\\/uploads\\\/archive\\\/pliki\\\/obraz\\\/2024\\\/marzec\\\/434702979_352450103916002_4945572677483349611_n.jpg\"},{\"@type\":\"BreadcrumbList\",\"@id\":\"http:\\\/\\\/biblioteka-gabin.pl\\\/index.php\\\/2024\\\/04\\\/16\\\/spotkanie-z-bajka-w-nowym-grabiu-11-04-2024r\\\/#breadcrumb\",\"itemListElement\":[{\"@type\":\"ListItem\",\"position\":1,\"name\":\"Strona g\u0142\u00f3wna\",\"item\":\"https:\\\/\\\/biblioteka-gabin.pl\\\/\"},{\"@type\":\"ListItem\",\"position\":2,\"name\":\"&#8222;Spotkanie z bajk\u0105&#8221; w Nowym Grabiu (11.04.2024r.)\"}]},{\"@type\":\"WebSite\",\"@id\":\"https:\\\/\\\/biblioteka-gabin.pl\\\/#website\",\"url\":\"https:\\\/\\\/biblioteka-gabin.pl\\\/\",\"name\":\"Miejsko-Gminna Biblioteka Publiczna w G\u0105binie\",\"description\":\"\",\"publisher\":{\"@id\":\"https:\\\/\\\/biblioteka-gabin.pl\\\/#organization\"},\"potentialAction\":[{\"@type\":\"SearchAction\",\"target\":{\"@type\":\"EntryPoint\",\"urlTemplate\":\"https:\\\/\\\/biblioteka-gabin.pl\\\/?s={search_term_string}\"},\"query-input\":{\"@type\":\"PropertyValueSpecification\",\"valueRequired\":true,\"valueName\":\"search_term_string\"}}],\"inLanguage\":\"pl-PL\"},{\"@type\":\"Organization\",\"@id\":\"https:\\\/\\\/biblioteka-gabin.pl\\\/#organization\",\"name\":\"Miejsko-Gminna Biblioteka Publiczna w G\u0105binie\",\"url\":\"https:\\\/\\\/biblioteka-gabin.pl\\\/\",\"logo\":{\"@type\":\"ImageObject\",\"inLanguage\":\"pl-PL\",\"@id\":\"https:\\\/\\\/biblioteka-gabin.pl\\\/#\\\/schema\\\/logo\\\/image\\\/\",\"url\":\"https:\\\/\\\/biblioteka-gabin.pl\\\/wp-content\\\/uploads\\\/2025\\\/03\\\/logo-biblioteka-2-1657013691-1.jpg\",\"contentUrl\":\"https:\\\/\\\/biblioteka-gabin.pl\\\/wp-content\\\/uploads\\\/2025\\\/03\\\/logo-biblioteka-2-1657013691-1.jpg\",\"width\":1600,\"height\":772,\"caption\":\"Miejsko-Gminna Biblioteka Publiczna w G\u0105binie\"},\"image\":{\"@id\":\"https:\\\/\\\/biblioteka-gabin.pl\\\/#\\\/schema\\\/logo\\\/image\\\/\"},\"sameAs\":[\"https:\\\/\\\/www.facebook.com\\\/bibliotekagabin\",\"https:\\\/\\\/www.youtube.com\\\/@mgbpgabin9392\"]},{\"@type\":\"Person\",\"@id\":\"https:\\\/\\\/biblioteka-gabin.pl\\\/#\\\/schema\\\/person\\\/2067b97c24663d987ef6ef95bed7c99a\",\"name\":\"admin\",\"image\":{\"@type\":\"ImageObject\",\"inLanguage\":\"pl-PL\",\"@id\":\"https:\\\/\\\/secure.gravatar.com\\\/avatar\\\/e1843904e97b4e376a0fc90ae10372cd31bce9b207a7a3d2ca68fc7ca7e4174c?s=96&d=mm&r=g\",\"url\":\"https:\\\/\\\/secure.gravatar.com\\\/avatar\\\/e1843904e97b4e376a0fc90ae10372cd31bce9b207a7a3d2ca68fc7ca7e4174c?s=96&d=mm&r=g\",\"contentUrl\":\"https:\\\/\\\/secure.gravatar.com\\\/avatar\\\/e1843904e97b4e376a0fc90ae10372cd31bce9b207a7a3d2ca68fc7ca7e4174c?s=96&d=mm&r=g\",\"caption\":\"admin\"},\"sameAs\":[\"http:\\\/\\\/strona.biblioteka-gabin.pl\"],\"url\":\"https:\\\/\\\/biblioteka-gabin.pl\\\/index.php\\\/author\\\/admin\\\/\"}]}<\/script>\n<!-- \/ Yoast SEO plugin. -->","yoast_head_json":{"title":"\"Spotkanie z bajk\u0105\" w Nowym Grabiu (11.04.2024r.) - Miejsko-Gminna Biblioteka Publiczna w G\u0105binie","robots":{"index":"index","follow":"follow","max-snippet":"max-snippet:-1","max-image-preview":"max-image-preview:large","max-video-preview":"max-video-preview:-1"},"canonical":"http:\/\/biblioteka-gabin.pl\/index.php\/2024\/04\/16\/spotkanie-z-bajka-w-nowym-grabiu-11-04-2024r\/","og_locale":"pl_PL","og_type":"article","og_title":"\"Spotkanie z bajk\u0105\" w Nowym Grabiu (11.04.2024r.) - Miejsko-Gminna Biblioteka Publiczna w G\u0105binie","og_description":"Na dzisiejsze zaj\u0119cia z dzie\u0107mi z Oddzia\u0142u i Punktu Przedszkolnego","og_url":"http:\/\/biblioteka-gabin.pl\/index.php\/2024\/04\/16\/spotkanie-z-bajka-w-nowym-grabiu-11-04-2024r\/","og_site_name":"Miejsko-Gminna Biblioteka Publiczna w G\u0105binie","article_publisher":"https:\/\/www.facebook.com\/bibliotekagabin","article_published_time":"2024-04-16T00:00:00+00:00","og_image":[{"url":"https:\/\/biblioteka-gabin.pl\/wp-content\/uploads\/archive\/pliki\/obraz\/2024\/marzec\/434702979_352450103916002_4945572677483349611_n.jpg","type":"","width":"","height":""}],"author":"admin","twitter_card":"summary_large_image","twitter_misc":{"Napisane przez":"admin","Szacowany czas czytania":"1 minuta"},"schema":{"@context":"https:\/\/schema.org","@graph":[{"@type":"Article","@id":"http:\/\/biblioteka-gabin.pl\/index.php\/2024\/04\/16\/spotkanie-z-bajka-w-nowym-grabiu-11-04-2024r\/#article","isPartOf":{"@id":"http:\/\/biblioteka-gabin.pl\/index.php\/2024\/04\/16\/spotkanie-z-bajka-w-nowym-grabiu-11-04-2024r\/"},"author":{"name":"admin","@id":"https:\/\/biblioteka-gabin.pl\/#\/schema\/person\/2067b97c24663d987ef6ef95bed7c99a"},"headline":"&#8222;Spotkanie z bajk\u0105&#8221; w Nowym Grabiu (11.04.2024r.)","datePublished":"2024-04-16T00:00:00+00:00","mainEntityOfPage":{"@id":"http:\/\/biblioteka-gabin.pl\/index.php\/2024\/04\/16\/spotkanie-z-bajka-w-nowym-grabiu-11-04-2024r\/"},"wordCount":249,"commentCount":0,"publisher":{"@id":"https:\/\/biblioteka-gabin.pl\/#organization"},"image":{"@id":"http:\/\/biblioteka-gabin.pl\/index.php\/2024\/04\/16\/spotkanie-z-bajka-w-nowym-grabiu-11-04-2024r\/#primaryimage"},"thumbnailUrl":"https:\/\/biblioteka-gabin.pl\/wp-content\/uploads\/archive\/pliki\/obraz\/2024\/marzec\/434702979_352450103916002_4945572677483349611_n.jpg","articleSection":["Main"],"inLanguage":"pl-PL","potentialAction":[{"@type":"CommentAction","name":"Comment","target":["http:\/\/biblioteka-gabin.pl\/index.php\/2024\/04\/16\/spotkanie-z-bajka-w-nowym-grabiu-11-04-2024r\/#respond"]}]},{"@type":"WebPage","@id":"http:\/\/biblioteka-gabin.pl\/index.php\/2024\/04\/16\/spotkanie-z-bajka-w-nowym-grabiu-11-04-2024r\/","url":"http:\/\/biblioteka-gabin.pl\/index.php\/2024\/04\/16\/spotkanie-z-bajka-w-nowym-grabiu-11-04-2024r\/","name":"\"Spotkanie z bajk\u0105\" w Nowym Grabiu (11.04.2024r.) - Miejsko-Gminna Biblioteka Publiczna w G\u0105binie","isPartOf":{"@id":"https:\/\/biblioteka-gabin.pl\/#website"},"primaryImageOfPage":{"@id":"http:\/\/biblioteka-gabin.pl\/index.php\/2024\/04\/16\/spotkanie-z-bajka-w-nowym-grabiu-11-04-2024r\/#primaryimage"},"image":{"@id":"http:\/\/biblioteka-gabin.pl\/index.php\/2024\/04\/16\/spotkanie-z-bajka-w-nowym-grabiu-11-04-2024r\/#primaryimage"},"thumbnailUrl":"https:\/\/biblioteka-gabin.pl\/wp-content\/uploads\/archive\/pliki\/obraz\/2024\/marzec\/434702979_352450103916002_4945572677483349611_n.jpg","datePublished":"2024-04-16T00:00:00+00:00","breadcrumb":{"@id":"http:\/\/biblioteka-gabin.pl\/index.php\/2024\/04\/16\/spotkanie-z-bajka-w-nowym-grabiu-11-04-2024r\/#breadcrumb"},"inLanguage":"pl-PL","potentialAction":[{"@type":"ReadAction","target":["http:\/\/biblioteka-gabin.pl\/index.php\/2024\/04\/16\/spotkanie-z-bajka-w-nowym-grabiu-11-04-2024r\/"]}]},{"@type":"ImageObject","inLanguage":"pl-PL","@id":"http:\/\/biblioteka-gabin.pl\/index.php\/2024\/04\/16\/spotkanie-z-bajka-w-nowym-grabiu-11-04-2024r\/#primaryimage","url":"https:\/\/biblioteka-gabin.pl\/wp-content\/uploads\/archive\/pliki\/obraz\/2024\/marzec\/434702979_352450103916002_4945572677483349611_n.jpg","contentUrl":"https:\/\/biblioteka-gabin.pl\/wp-content\/uploads\/archive\/pliki\/obraz\/2024\/marzec\/434702979_352450103916002_4945572677483349611_n.jpg"},{"@type":"BreadcrumbList","@id":"http:\/\/biblioteka-gabin.pl\/index.php\/2024\/04\/16\/spotkanie-z-bajka-w-nowym-grabiu-11-04-2024r\/#breadcrumb","itemListElement":[{"@type":"ListItem","position":1,"name":"Strona g\u0142\u00f3wna","item":"https:\/\/biblioteka-gabin.pl\/"},{"@type":"ListItem","position":2,"name":"&#8222;Spotkanie z bajk\u0105&#8221; w Nowym Grabiu (11.04.2024r.)"}]},{"@type":"WebSite","@id":"https:\/\/biblioteka-gabin.pl\/#website","url":"https:\/\/biblioteka-gabin.pl\/","name":"Miejsko-Gminna Biblioteka Publiczna w G\u0105binie","description":"","publisher":{"@id":"https:\/\/biblioteka-gabin.pl\/#organization"},"potentialAction":[{"@type":"SearchAction","target":{"@type":"EntryPoint","urlTemplate":"https:\/\/biblioteka-gabin.pl\/?s={search_term_string}"},"query-input":{"@type":"PropertyValueSpecification","valueRequired":true,"valueName":"search_term_string"}}],"inLanguage":"pl-PL"},{"@type":"Organization","@id":"https:\/\/biblioteka-gabin.pl\/#organization","name":"Miejsko-Gminna Biblioteka Publiczna w G\u0105binie","url":"https:\/\/biblioteka-gabin.pl\/","logo":{"@type":"ImageObject","inLanguage":"pl-PL","@id":"https:\/\/biblioteka-gabin.pl\/#\/schema\/logo\/image\/","url":"https:\/\/biblioteka-gabin.pl\/wp-content\/uploads\/2025\/03\/logo-biblioteka-2-1657013691-1.jpg","contentUrl":"https:\/\/biblioteka-gabin.pl\/wp-content\/uploads\/2025\/03\/logo-biblioteka-2-1657013691-1.jpg","width":1600,"height":772,"caption":"Miejsko-Gminna Biblioteka Publiczna w G\u0105binie"},"image":{"@id":"https:\/\/biblioteka-gabin.pl\/#\/schema\/logo\/image\/"},"sameAs":["https:\/\/www.facebook.com\/bibliotekagabin","https:\/\/www.youtube.com\/@mgbpgabin9392"]},{"@type":"Person","@id":"https:\/\/biblioteka-gabin.pl\/#\/schema\/person\/2067b97c24663d987ef6ef95bed7c99a","name":"admin","image":{"@type":"ImageObject","inLanguage":"pl-PL","@id":"https:\/\/secure.gravatar.com\/avatar\/e1843904e97b4e376a0fc90ae10372cd31bce9b207a7a3d2ca68fc7ca7e4174c?s=96&d=mm&r=g","url":"https:\/\/secure.gravatar.com\/avatar\/e1843904e97b4e376a0fc90ae10372cd31bce9b207a7a3d2ca68fc7ca7e4174c?s=96&d=mm&r=g","contentUrl":"https:\/\/secure.gravatar.com\/avatar\/e1843904e97b4e376a0fc90ae10372cd31bce9b207a7a3d2ca68fc7ca7e4174c?s=96&d=mm&r=g","caption":"admin"},"sameAs":["http:\/\/strona.biblioteka-gabin.pl"],"url":"https:\/\/biblioteka-gabin.pl\/index.php\/author\/admin\/"}]}},"_links":{"self":[{"href":"https:\/\/biblioteka-gabin.pl\/index.php\/wp-json\/wp\/v2\/posts\/8450","targetHints":{"allow":["GET"]}}],"collection":[{"href":"https:\/\/biblioteka-gabin.pl\/index.php\/wp-json\/wp\/v2\/posts"}],"about":[{"href":"https:\/\/biblioteka-gabin.pl\/index.php\/wp-json\/wp\/v2\/types\/post"}],"author":[{"embeddable":true,"href":"https:\/\/biblioteka-gabin.pl\/index.php\/wp-json\/wp\/v2\/users\/1"}],"replies":[{"embeddable":true,"href":"https:\/\/biblioteka-gabin.pl\/index.php\/wp-json\/wp\/v2\/comments?post=8450"}],"version-history":[{"count":0,"href":"https:\/\/biblioteka-gabin.pl\/index.php\/wp-json\/wp\/v2\/posts\/8450\/revisions"}],"wp:attachment":[{"href":"https:\/\/biblioteka-gabin.pl\/index.php\/wp-json\/wp\/v2\/media?parent=8450"}],"wp:term":[{"taxonomy":"category","embeddable":true,"href":"https:\/\/biblioteka-gabin.pl\/index.php\/wp-json\/wp\/v2\/categories?post=8450"},{"taxonomy":"post_tag","embeddable":true,"href":"https:\/\/biblioteka-gabin.pl\/index.php\/wp-json\/wp\/v2\/tags?post=8450"}],"curies":[{"name":"wp","href":"https:\/\/api.w.org\/{rel}","templated":true}]}}