{"id":8455,"date":"2024-03-01T00:00:00","date_gmt":"2024-03-01T00:00:00","guid":{"rendered":"https:\/\/biblioteka-gabin.pl\/index.php\/2024\/03\/01\/spotkanie-z-bajka-w-nowym-grabiu-29-02-2024\/"},"modified":"2024-03-01T00:00:00","modified_gmt":"2024-03-01T00:00:00","slug":"spotkanie-z-bajka-w-nowym-grabiu-29-02-2024","status":"publish","type":"post","link":"https:\/\/biblioteka-gabin.pl\/index.php\/2024\/03\/01\/spotkanie-z-bajka-w-nowym-grabiu-29-02-2024\/","title":{"rendered":"&#8222;Spotkanie z bajk\u0105&#8221; w Nowym Grabiu (29.02.2024)"},"content":{"rendered":"<p>\u201ePrzyjaciel nie musi by\u0107 pi\u0119kny, ale powinien mie\u0107 dobre serce\u201d- to cytat z bajki A. No\u017cy\u0144skiej- Demianiuk pt. \u201e Przyjaci\u00f3\u0142ka\u201d z serii \u017byczliwe zwierzaki, bajki wspierajki, kt\u00f3r\u0105 przeczyta\u0142am \u201dBiedronkom\u201d podczas spotkania z bajk\u0105 w Punkcie i Oddziale Przedszkolnym w Nowym Grabiu.<br \/>\n\u00a0\u00a0\u00a0\u00a0 Takowa opowie\u015b\u0107 u\u015bwiadomi\u0142a dzieciom, \u017ce prawdziwy przyjaciel to ten, kt\u00f3ry pomo\u017ce, gdy b\u0119dziemy w potrzebie. W dalszej cz\u0119\u015bci przeczyta\u0142am ksi\u0105\u017ck\u0119 K. Wilson pt. \u201ePan Mi\u015b jest g\u0142odny\u201d<br \/>\n\u00a0\u00a0\u00a0 Maluchy- \u201ePszcz\u00f3\u0142ki\u201d z zainteresowaniem wys\u0142ucha\u0142y historii o ma\u0142ym czerwonym traktorku w ksi\u0105\u017cce N. Quintart pt. \u201e Traktorek pomaga jelonkowi\u201d. Zranione zwierz\u0105tko wywo\u0142a\u0142o w\u015br\u00f3d najm\u0142odszych wiele emocji. Nast\u0119pnie poznali kolejn\u0105 przywiezion\u0105 przeze mnie ksi\u0105\u017ceczk\u0119 pt. \u201ePoznaj Bluey\u201d. Bohaterk\u0119 wszyscy rozpoznali, wys\u0142uchali jej przyg\u00f3d, czekaj\u0105c co tym razem wymy\u015bli zwinna i nieprzewidywalna Bluey.<br \/>\n\u00a0\u00a0 Na zako\u0144czenie \u201ePszcz\u00f3\u0142ki\u201d za\u015bpiewa\u0142y piosenk\u0119 o dinozaurach, tym samym sprawi\u0142y nam ogromn\u0105 rado\u015b\u0107. Dzieci zaprezentowa\u0142y znakomicie, a za\u015bpiewany utw\u00f3r towarzyszy\u0142 w naszych g\u0142owach przez ca\u0142y dzie\u0144.<br \/>\n\u00a0\u00a0 Ostatniej grupie &#8211; \u201eMotylom\u201d przeczyta\u0142am\u00a0 bajk\u0119 A. Antosiewicz pt. \u201e O misiu, kt\u00f3ry ba\u0142 si\u0119 k\u0105pieli, czyli co si\u0119 stanie , jak przestaniemy si\u0119 my\u0107\u201d z serii M\u0105dre bajki dobranocki. Troch\u0119 zabawna opowie\u015b\u0107 da\u0142a dzieciom do my\u015blenia, szczeg\u00f3lnie walka z zarazkami czy wirusami, kt\u00f3ra ko\u0144czy si\u0119 zwyci\u0119sko, gdy nie jeste\u015bmy wrogiem wody.<br \/>\nPonadto \u201eMotyle wys\u0142ucha\u0142y bajki A. No\u017cy\u0144skiej- Demianiuk pt. \u201eJak kot z psem\u201d, gdzie przekonali si\u0119 wszyscy, \u017ce razem mo\u017cna o wiele wi\u0119cej zrobi\u0107 ni\u017c w pojedynk\u0119 \u2013 nie warto si\u0119 ze sob\u0105 sprzecza\u0107.<br \/>\n\u00a0\u00a0\u00a0 Kolejne spotkanie za nami, kolejny ogrom rado\u015bci z dzisiejszej wizyty, za kt\u00f3r\u0105 serdecznie dzi\u0119kuj\u0119. Tradycyjnie m\u00f3wi\u0119 wszystkim: do mi\u0142ego zobaczenia ju\u017c niebawem.<br \/>\n\u00a0\u00a0\u00a0\u00a0\u00a0\u00a0\u00a0\u00a0\u00a0\u00a0\u00a0\u00a0\u00a0\u00a0\u00a0\u00a0\u00a0\u00a0\u00a0\u00a0\u00a0\u00a0\u00a0\u00a0\u00a0\u00a0\u00a0\u00a0\u00a0\u00a0\u00a0\u00a0\u00a0\u00a0\u00a0\u00a0\u00a0\u00a0\u00a0\u00a0\u00a0\u00a0\u00a0\u00a0\u00a0\u00a0\u00a0\u00a0\u00a0\u00a0\u00a0\u00a0\u00a0\u00a0\u00a0\u00a0\u00a0\u00a0\u00a0\u00a0\u00a0 Opr. Joanna Olejniczak<br \/>\n<img src='https:\/\/biblioteka-gabin.pl\/wp-content\/uploads\/archive\/pliki\/obraz\/2024\/luty\/430155445_1712432812614972_6676190024070049778_n.jpg'><br \/>\n<a href='https:\/\/biblioteka-gabin.pl\/wp-content\/uploads\/archive\/galleries\/566\/42894387913826502892805212796224777945491026n-ca521a5b40.jpg'><img style='max-height:300px;' src='https:\/\/biblioteka-gabin.pl\/wp-content\/uploads\/archive\/galleries\/566\/42894387913826502892805212796224777945491026n-ca521a5b40.jpg'><\/a><br \/>\n<a href='https:\/\/biblioteka-gabin.pl\/wp-content\/uploads\/archive\/galleries\/566\/43015544517124328126149726676190024070049778n-dded655f24.jpg'><img style='max-height:300px;' src='https:\/\/biblioteka-gabin.pl\/wp-content\/uploads\/archive\/galleries\/566\/43015544517124328126149726676190024070049778n-dded655f24.jpg'><\/a><br \/>\n<a href='https:\/\/biblioteka-gabin.pl\/wp-content\/uploads\/archive\/galleries\/566\/4289392623210532138339202221317928863088653n-3a31ff9253.jpg'><img style='max-height:300px;' src='https:\/\/biblioteka-gabin.pl\/wp-content\/uploads\/archive\/galleries\/566\/4289392623210532138339202221317928863088653n-3a31ff9253.jpg'><\/a><br \/>\n<a href='https:\/\/biblioteka-gabin.pl\/wp-content\/uploads\/archive\/galleries\/566\/4297391793738720616417259336057037096298933n-90910d95dd.jpg'><img style='max-height:300px;' src='https:\/\/biblioteka-gabin.pl\/wp-content\/uploads\/archive\/galleries\/566\/4297391793738720616417259336057037096298933n-90910d95dd.jpg'><\/a><br \/>\n<a href='https:\/\/biblioteka-gabin.pl\/wp-content\/uploads\/archive\/galleries\/566\/42892586713259621780882784221166655484541969n-eec4e46e84.jpg'><img style='max-height:300px;' src='https:\/\/biblioteka-gabin.pl\/wp-content\/uploads\/archive\/galleries\/566\/42892586713259621780882784221166655484541969n-eec4e46e84.jpg'><\/a><br \/>\n<a href='https:\/\/biblioteka-gabin.pl\/wp-content\/uploads\/archive\/galleries\/566\/42894484510739713938095714175599173127737409n-dc47bf747d.jpg'><img style='max-height:300px;' src='https:\/\/biblioteka-gabin.pl\/wp-content\/uploads\/archive\/galleries\/566\/42894484510739713938095714175599173127737409n-dc47bf747d.jpg'><\/a><br \/>\n<a href='https:\/\/biblioteka-gabin.pl\/wp-content\/uploads\/archive\/galleries\/566\/430302021924167469286126971740078383018787n-56915eea64.jpg'><img style='max-height:300px;' src='https:\/\/biblioteka-gabin.pl\/wp-content\/uploads\/archive\/galleries\/566\/430302021924167469286126971740078383018787n-56915eea64.jpg'><\/a><br \/>\n<a href='https:\/\/biblioteka-gabin.pl\/wp-content\/uploads\/archive\/galleries\/566\/43042370173491651018393817477591000447832458n-8518fe197f.jpg'><img style='max-height:300px;' src='https:\/\/biblioteka-gabin.pl\/wp-content\/uploads\/archive\/galleries\/566\/43042370173491651018393817477591000447832458n-8518fe197f.jpg'><\/a><br \/>\n<a href='https:\/\/biblioteka-gabin.pl\/wp-content\/uploads\/archive\/galleries\/566\/42957551314257314013613481010598556090827474n-0ad1010dd7.jpg'><img style='max-height:300px;' src='https:\/\/biblioteka-gabin.pl\/wp-content\/uploads\/archive\/galleries\/566\/42957551314257314013613481010598556090827474n-0ad1010dd7.jpg'><\/a><br \/>\n<a href='https:\/\/biblioteka-gabin.pl\/wp-content\/uploads\/archive\/galleries\/566\/42895845410907913054618501500403882065651873n-7af8c735ca.jpg'><img style='max-height:300px;' src='https:\/\/biblioteka-gabin.pl\/wp-content\/uploads\/archive\/galleries\/566\/42895845410907913054618501500403882065651873n-7af8c735ca.jpg'><\/a><br \/>\n<a href='https:\/\/biblioteka-gabin.pl\/wp-content\/uploads\/archive\/galleries\/566\/4302180789249342189610882126087850233213413n-ee621f5095.jpg'><img style='max-height:300px;' src='https:\/\/biblioteka-gabin.pl\/wp-content\/uploads\/archive\/galleries\/566\/4302180789249342189610882126087850233213413n-ee621f5095.jpg'><\/a><br \/>\n<a href='https:\/\/biblioteka-gabin.pl\/wp-content\/uploads\/archive\/galleries\/566\/4297199427876441100604615153476760383332121n-0e5cd37380.jpg'><img style='max-height:300px;' src='https:\/\/biblioteka-gabin.pl\/wp-content\/uploads\/archive\/galleries\/566\/4297199427876441100604615153476760383332121n-0e5cd37380.jpg'><\/a><br \/>\n<a href='https:\/\/biblioteka-gabin.pl\/wp-content\/uploads\/archive\/galleries\/566\/42978748225859493982433798072275407952579593n-044bdef630.jpg'><img style='max-height:300px;' src='https:\/\/biblioteka-gabin.pl\/wp-content\/uploads\/archive\/galleries\/566\/42978748225859493982433798072275407952579593n-044bdef630.jpg'><\/a><br \/>\n<a href='https:\/\/biblioteka-gabin.pl\/wp-content\/uploads\/archive\/galleries\/566\/4289695038070634679042065369373469787411293n-c1af056d5b.jpg'><img style='max-height:300px;' src='https:\/\/biblioteka-gabin.pl\/wp-content\/uploads\/archive\/galleries\/566\/4289695038070634679042065369373469787411293n-c1af056d5b.jpg'><\/a><\/p>\n","protected":false},"excerpt":{"rendered":"<p>\u201ePrzyjaciel nie musi by\u0107 pi\u0119kny, ale powinien mie\u0107 dobre serce\u201d-<\/p>\n","protected":false},"author":1,"featured_media":0,"comment_status":"open","ping_status":"open","sticky":false,"template":"","format":"standard","meta":{"footnotes":""},"categories":[36],"tags":[],"class_list":["post-8455","post","type-post","status-publish","format-standard","hentry","category-main"],"yoast_head":"<!-- This site is optimized with the Yoast SEO plugin v27.4 - https:\/\/yoast.com\/product\/yoast-seo-wordpress\/ -->\n<title>&quot;Spotkanie z bajk\u0105&quot; w Nowym Grabiu (29.02.2024) - Miejsko-Gminna Biblioteka Publiczna w G\u0105binie<\/title>\n<meta name=\"robots\" content=\"index, follow, max-snippet:-1, max-image-preview:large, max-video-preview:-1\" \/>\n<link rel=\"canonical\" href=\"http:\/\/biblioteka-gabin.pl\/index.php\/2024\/03\/01\/spotkanie-z-bajka-w-nowym-grabiu-29-02-2024\/\" \/>\n<meta property=\"og:locale\" content=\"pl_PL\" \/>\n<meta property=\"og:type\" content=\"article\" \/>\n<meta property=\"og:title\" content=\"&quot;Spotkanie z bajk\u0105&quot; w Nowym Grabiu (29.02.2024) - Miejsko-Gminna Biblioteka Publiczna w G\u0105binie\" \/>\n<meta property=\"og:description\" content=\"\u201ePrzyjaciel nie musi by\u0107 pi\u0119kny, ale powinien mie\u0107 dobre serce\u201d-\" \/>\n<meta property=\"og:url\" content=\"http:\/\/biblioteka-gabin.pl\/index.php\/2024\/03\/01\/spotkanie-z-bajka-w-nowym-grabiu-29-02-2024\/\" \/>\n<meta property=\"og:site_name\" content=\"Miejsko-Gminna Biblioteka Publiczna w G\u0105binie\" \/>\n<meta property=\"article:publisher\" content=\"https:\/\/www.facebook.com\/bibliotekagabin\" \/>\n<meta property=\"article:published_time\" content=\"2024-03-01T00:00:00+00:00\" \/>\n<meta property=\"og:image\" content=\"https:\/\/biblioteka-gabin.pl\/wp-content\/uploads\/archive\/pliki\/obraz\/2024\/luty\/430155445_1712432812614972_6676190024070049778_n.jpg\" \/>\n<meta name=\"author\" content=\"admin\" \/>\n<meta name=\"twitter:card\" content=\"summary_large_image\" \/>\n<meta name=\"twitter:label1\" content=\"Napisane przez\" \/>\n\t<meta name=\"twitter:data1\" content=\"admin\" \/>\n\t<meta name=\"twitter:label2\" content=\"Szacowany czas czytania\" \/>\n\t<meta name=\"twitter:data2\" content=\"2 minuty\" \/>\n<script type=\"application\/ld+json\" class=\"yoast-schema-graph\">{\"@context\":\"https:\\\/\\\/schema.org\",\"@graph\":[{\"@type\":\"Article\",\"@id\":\"http:\\\/\\\/biblioteka-gabin.pl\\\/index.php\\\/2024\\\/03\\\/01\\\/spotkanie-z-bajka-w-nowym-grabiu-29-02-2024\\\/#article\",\"isPartOf\":{\"@id\":\"http:\\\/\\\/biblioteka-gabin.pl\\\/index.php\\\/2024\\\/03\\\/01\\\/spotkanie-z-bajka-w-nowym-grabiu-29-02-2024\\\/\"},\"author\":{\"name\":\"admin\",\"@id\":\"https:\\\/\\\/biblioteka-gabin.pl\\\/#\\\/schema\\\/person\\\/2067b97c24663d987ef6ef95bed7c99a\"},\"headline\":\"&#8222;Spotkanie z bajk\u0105&#8221; w Nowym Grabiu (29.02.2024)\",\"datePublished\":\"2024-03-01T00:00:00+00:00\",\"mainEntityOfPage\":{\"@id\":\"http:\\\/\\\/biblioteka-gabin.pl\\\/index.php\\\/2024\\\/03\\\/01\\\/spotkanie-z-bajka-w-nowym-grabiu-29-02-2024\\\/\"},\"wordCount\":321,\"commentCount\":0,\"publisher\":{\"@id\":\"https:\\\/\\\/biblioteka-gabin.pl\\\/#organization\"},\"image\":{\"@id\":\"http:\\\/\\\/biblioteka-gabin.pl\\\/index.php\\\/2024\\\/03\\\/01\\\/spotkanie-z-bajka-w-nowym-grabiu-29-02-2024\\\/#primaryimage\"},\"thumbnailUrl\":\"https:\\\/\\\/biblioteka-gabin.pl\\\/wp-content\\\/uploads\\\/archive\\\/pliki\\\/obraz\\\/2024\\\/luty\\\/430155445_1712432812614972_6676190024070049778_n.jpg\",\"articleSection\":[\"Main\"],\"inLanguage\":\"pl-PL\",\"potentialAction\":[{\"@type\":\"CommentAction\",\"name\":\"Comment\",\"target\":[\"http:\\\/\\\/biblioteka-gabin.pl\\\/index.php\\\/2024\\\/03\\\/01\\\/spotkanie-z-bajka-w-nowym-grabiu-29-02-2024\\\/#respond\"]}]},{\"@type\":\"WebPage\",\"@id\":\"http:\\\/\\\/biblioteka-gabin.pl\\\/index.php\\\/2024\\\/03\\\/01\\\/spotkanie-z-bajka-w-nowym-grabiu-29-02-2024\\\/\",\"url\":\"http:\\\/\\\/biblioteka-gabin.pl\\\/index.php\\\/2024\\\/03\\\/01\\\/spotkanie-z-bajka-w-nowym-grabiu-29-02-2024\\\/\",\"name\":\"\\\"Spotkanie z bajk\u0105\\\" w Nowym Grabiu (29.02.2024) - Miejsko-Gminna Biblioteka Publiczna w G\u0105binie\",\"isPartOf\":{\"@id\":\"https:\\\/\\\/biblioteka-gabin.pl\\\/#website\"},\"primaryImageOfPage\":{\"@id\":\"http:\\\/\\\/biblioteka-gabin.pl\\\/index.php\\\/2024\\\/03\\\/01\\\/spotkanie-z-bajka-w-nowym-grabiu-29-02-2024\\\/#primaryimage\"},\"image\":{\"@id\":\"http:\\\/\\\/biblioteka-gabin.pl\\\/index.php\\\/2024\\\/03\\\/01\\\/spotkanie-z-bajka-w-nowym-grabiu-29-02-2024\\\/#primaryimage\"},\"thumbnailUrl\":\"https:\\\/\\\/biblioteka-gabin.pl\\\/wp-content\\\/uploads\\\/archive\\\/pliki\\\/obraz\\\/2024\\\/luty\\\/430155445_1712432812614972_6676190024070049778_n.jpg\",\"datePublished\":\"2024-03-01T00:00:00+00:00\",\"breadcrumb\":{\"@id\":\"http:\\\/\\\/biblioteka-gabin.pl\\\/index.php\\\/2024\\\/03\\\/01\\\/spotkanie-z-bajka-w-nowym-grabiu-29-02-2024\\\/#breadcrumb\"},\"inLanguage\":\"pl-PL\",\"potentialAction\":[{\"@type\":\"ReadAction\",\"target\":[\"http:\\\/\\\/biblioteka-gabin.pl\\\/index.php\\\/2024\\\/03\\\/01\\\/spotkanie-z-bajka-w-nowym-grabiu-29-02-2024\\\/\"]}]},{\"@type\":\"ImageObject\",\"inLanguage\":\"pl-PL\",\"@id\":\"http:\\\/\\\/biblioteka-gabin.pl\\\/index.php\\\/2024\\\/03\\\/01\\\/spotkanie-z-bajka-w-nowym-grabiu-29-02-2024\\\/#primaryimage\",\"url\":\"https:\\\/\\\/biblioteka-gabin.pl\\\/wp-content\\\/uploads\\\/archive\\\/pliki\\\/obraz\\\/2024\\\/luty\\\/430155445_1712432812614972_6676190024070049778_n.jpg\",\"contentUrl\":\"https:\\\/\\\/biblioteka-gabin.pl\\\/wp-content\\\/uploads\\\/archive\\\/pliki\\\/obraz\\\/2024\\\/luty\\\/430155445_1712432812614972_6676190024070049778_n.jpg\"},{\"@type\":\"BreadcrumbList\",\"@id\":\"http:\\\/\\\/biblioteka-gabin.pl\\\/index.php\\\/2024\\\/03\\\/01\\\/spotkanie-z-bajka-w-nowym-grabiu-29-02-2024\\\/#breadcrumb\",\"itemListElement\":[{\"@type\":\"ListItem\",\"position\":1,\"name\":\"Strona g\u0142\u00f3wna\",\"item\":\"https:\\\/\\\/biblioteka-gabin.pl\\\/\"},{\"@type\":\"ListItem\",\"position\":2,\"name\":\"&#8222;Spotkanie z bajk\u0105&#8221; w Nowym Grabiu (29.02.2024)\"}]},{\"@type\":\"WebSite\",\"@id\":\"https:\\\/\\\/biblioteka-gabin.pl\\\/#website\",\"url\":\"https:\\\/\\\/biblioteka-gabin.pl\\\/\",\"name\":\"Miejsko-Gminna Biblioteka Publiczna w G\u0105binie\",\"description\":\"\",\"publisher\":{\"@id\":\"https:\\\/\\\/biblioteka-gabin.pl\\\/#organization\"},\"potentialAction\":[{\"@type\":\"SearchAction\",\"target\":{\"@type\":\"EntryPoint\",\"urlTemplate\":\"https:\\\/\\\/biblioteka-gabin.pl\\\/?s={search_term_string}\"},\"query-input\":{\"@type\":\"PropertyValueSpecification\",\"valueRequired\":true,\"valueName\":\"search_term_string\"}}],\"inLanguage\":\"pl-PL\"},{\"@type\":\"Organization\",\"@id\":\"https:\\\/\\\/biblioteka-gabin.pl\\\/#organization\",\"name\":\"Miejsko-Gminna Biblioteka Publiczna w G\u0105binie\",\"url\":\"https:\\\/\\\/biblioteka-gabin.pl\\\/\",\"logo\":{\"@type\":\"ImageObject\",\"inLanguage\":\"pl-PL\",\"@id\":\"https:\\\/\\\/biblioteka-gabin.pl\\\/#\\\/schema\\\/logo\\\/image\\\/\",\"url\":\"https:\\\/\\\/biblioteka-gabin.pl\\\/wp-content\\\/uploads\\\/2025\\\/03\\\/logo-biblioteka-2-1657013691-1.jpg\",\"contentUrl\":\"https:\\\/\\\/biblioteka-gabin.pl\\\/wp-content\\\/uploads\\\/2025\\\/03\\\/logo-biblioteka-2-1657013691-1.jpg\",\"width\":1600,\"height\":772,\"caption\":\"Miejsko-Gminna Biblioteka Publiczna w G\u0105binie\"},\"image\":{\"@id\":\"https:\\\/\\\/biblioteka-gabin.pl\\\/#\\\/schema\\\/logo\\\/image\\\/\"},\"sameAs\":[\"https:\\\/\\\/www.facebook.com\\\/bibliotekagabin\",\"https:\\\/\\\/www.youtube.com\\\/@mgbpgabin9392\"]},{\"@type\":\"Person\",\"@id\":\"https:\\\/\\\/biblioteka-gabin.pl\\\/#\\\/schema\\\/person\\\/2067b97c24663d987ef6ef95bed7c99a\",\"name\":\"admin\",\"image\":{\"@type\":\"ImageObject\",\"inLanguage\":\"pl-PL\",\"@id\":\"https:\\\/\\\/secure.gravatar.com\\\/avatar\\\/e1843904e97b4e376a0fc90ae10372cd31bce9b207a7a3d2ca68fc7ca7e4174c?s=96&d=mm&r=g\",\"url\":\"https:\\\/\\\/secure.gravatar.com\\\/avatar\\\/e1843904e97b4e376a0fc90ae10372cd31bce9b207a7a3d2ca68fc7ca7e4174c?s=96&d=mm&r=g\",\"contentUrl\":\"https:\\\/\\\/secure.gravatar.com\\\/avatar\\\/e1843904e97b4e376a0fc90ae10372cd31bce9b207a7a3d2ca68fc7ca7e4174c?s=96&d=mm&r=g\",\"caption\":\"admin\"},\"sameAs\":[\"http:\\\/\\\/strona.biblioteka-gabin.pl\"],\"url\":\"https:\\\/\\\/biblioteka-gabin.pl\\\/index.php\\\/author\\\/admin\\\/\"}]}<\/script>\n<!-- \/ Yoast SEO plugin. -->","yoast_head_json":{"title":"\"Spotkanie z bajk\u0105\" w Nowym Grabiu (29.02.2024) - Miejsko-Gminna Biblioteka Publiczna w G\u0105binie","robots":{"index":"index","follow":"follow","max-snippet":"max-snippet:-1","max-image-preview":"max-image-preview:large","max-video-preview":"max-video-preview:-1"},"canonical":"http:\/\/biblioteka-gabin.pl\/index.php\/2024\/03\/01\/spotkanie-z-bajka-w-nowym-grabiu-29-02-2024\/","og_locale":"pl_PL","og_type":"article","og_title":"\"Spotkanie z bajk\u0105\" w Nowym Grabiu (29.02.2024) - Miejsko-Gminna Biblioteka Publiczna w G\u0105binie","og_description":"\u201ePrzyjaciel nie musi by\u0107 pi\u0119kny, ale powinien mie\u0107 dobre serce\u201d-","og_url":"http:\/\/biblioteka-gabin.pl\/index.php\/2024\/03\/01\/spotkanie-z-bajka-w-nowym-grabiu-29-02-2024\/","og_site_name":"Miejsko-Gminna Biblioteka Publiczna w G\u0105binie","article_publisher":"https:\/\/www.facebook.com\/bibliotekagabin","article_published_time":"2024-03-01T00:00:00+00:00","og_image":[{"url":"https:\/\/biblioteka-gabin.pl\/wp-content\/uploads\/archive\/pliki\/obraz\/2024\/luty\/430155445_1712432812614972_6676190024070049778_n.jpg","type":"","width":"","height":""}],"author":"admin","twitter_card":"summary_large_image","twitter_misc":{"Napisane przez":"admin","Szacowany czas czytania":"2 minuty"},"schema":{"@context":"https:\/\/schema.org","@graph":[{"@type":"Article","@id":"http:\/\/biblioteka-gabin.pl\/index.php\/2024\/03\/01\/spotkanie-z-bajka-w-nowym-grabiu-29-02-2024\/#article","isPartOf":{"@id":"http:\/\/biblioteka-gabin.pl\/index.php\/2024\/03\/01\/spotkanie-z-bajka-w-nowym-grabiu-29-02-2024\/"},"author":{"name":"admin","@id":"https:\/\/biblioteka-gabin.pl\/#\/schema\/person\/2067b97c24663d987ef6ef95bed7c99a"},"headline":"&#8222;Spotkanie z bajk\u0105&#8221; w Nowym Grabiu (29.02.2024)","datePublished":"2024-03-01T00:00:00+00:00","mainEntityOfPage":{"@id":"http:\/\/biblioteka-gabin.pl\/index.php\/2024\/03\/01\/spotkanie-z-bajka-w-nowym-grabiu-29-02-2024\/"},"wordCount":321,"commentCount":0,"publisher":{"@id":"https:\/\/biblioteka-gabin.pl\/#organization"},"image":{"@id":"http:\/\/biblioteka-gabin.pl\/index.php\/2024\/03\/01\/spotkanie-z-bajka-w-nowym-grabiu-29-02-2024\/#primaryimage"},"thumbnailUrl":"https:\/\/biblioteka-gabin.pl\/wp-content\/uploads\/archive\/pliki\/obraz\/2024\/luty\/430155445_1712432812614972_6676190024070049778_n.jpg","articleSection":["Main"],"inLanguage":"pl-PL","potentialAction":[{"@type":"CommentAction","name":"Comment","target":["http:\/\/biblioteka-gabin.pl\/index.php\/2024\/03\/01\/spotkanie-z-bajka-w-nowym-grabiu-29-02-2024\/#respond"]}]},{"@type":"WebPage","@id":"http:\/\/biblioteka-gabin.pl\/index.php\/2024\/03\/01\/spotkanie-z-bajka-w-nowym-grabiu-29-02-2024\/","url":"http:\/\/biblioteka-gabin.pl\/index.php\/2024\/03\/01\/spotkanie-z-bajka-w-nowym-grabiu-29-02-2024\/","name":"\"Spotkanie z bajk\u0105\" w Nowym Grabiu (29.02.2024) - Miejsko-Gminna Biblioteka Publiczna w G\u0105binie","isPartOf":{"@id":"https:\/\/biblioteka-gabin.pl\/#website"},"primaryImageOfPage":{"@id":"http:\/\/biblioteka-gabin.pl\/index.php\/2024\/03\/01\/spotkanie-z-bajka-w-nowym-grabiu-29-02-2024\/#primaryimage"},"image":{"@id":"http:\/\/biblioteka-gabin.pl\/index.php\/2024\/03\/01\/spotkanie-z-bajka-w-nowym-grabiu-29-02-2024\/#primaryimage"},"thumbnailUrl":"https:\/\/biblioteka-gabin.pl\/wp-content\/uploads\/archive\/pliki\/obraz\/2024\/luty\/430155445_1712432812614972_6676190024070049778_n.jpg","datePublished":"2024-03-01T00:00:00+00:00","breadcrumb":{"@id":"http:\/\/biblioteka-gabin.pl\/index.php\/2024\/03\/01\/spotkanie-z-bajka-w-nowym-grabiu-29-02-2024\/#breadcrumb"},"inLanguage":"pl-PL","potentialAction":[{"@type":"ReadAction","target":["http:\/\/biblioteka-gabin.pl\/index.php\/2024\/03\/01\/spotkanie-z-bajka-w-nowym-grabiu-29-02-2024\/"]}]},{"@type":"ImageObject","inLanguage":"pl-PL","@id":"http:\/\/biblioteka-gabin.pl\/index.php\/2024\/03\/01\/spotkanie-z-bajka-w-nowym-grabiu-29-02-2024\/#primaryimage","url":"https:\/\/biblioteka-gabin.pl\/wp-content\/uploads\/archive\/pliki\/obraz\/2024\/luty\/430155445_1712432812614972_6676190024070049778_n.jpg","contentUrl":"https:\/\/biblioteka-gabin.pl\/wp-content\/uploads\/archive\/pliki\/obraz\/2024\/luty\/430155445_1712432812614972_6676190024070049778_n.jpg"},{"@type":"BreadcrumbList","@id":"http:\/\/biblioteka-gabin.pl\/index.php\/2024\/03\/01\/spotkanie-z-bajka-w-nowym-grabiu-29-02-2024\/#breadcrumb","itemListElement":[{"@type":"ListItem","position":1,"name":"Strona g\u0142\u00f3wna","item":"https:\/\/biblioteka-gabin.pl\/"},{"@type":"ListItem","position":2,"name":"&#8222;Spotkanie z bajk\u0105&#8221; w Nowym Grabiu (29.02.2024)"}]},{"@type":"WebSite","@id":"https:\/\/biblioteka-gabin.pl\/#website","url":"https:\/\/biblioteka-gabin.pl\/","name":"Miejsko-Gminna Biblioteka Publiczna w G\u0105binie","description":"","publisher":{"@id":"https:\/\/biblioteka-gabin.pl\/#organization"},"potentialAction":[{"@type":"SearchAction","target":{"@type":"EntryPoint","urlTemplate":"https:\/\/biblioteka-gabin.pl\/?s={search_term_string}"},"query-input":{"@type":"PropertyValueSpecification","valueRequired":true,"valueName":"search_term_string"}}],"inLanguage":"pl-PL"},{"@type":"Organization","@id":"https:\/\/biblioteka-gabin.pl\/#organization","name":"Miejsko-Gminna Biblioteka Publiczna w G\u0105binie","url":"https:\/\/biblioteka-gabin.pl\/","logo":{"@type":"ImageObject","inLanguage":"pl-PL","@id":"https:\/\/biblioteka-gabin.pl\/#\/schema\/logo\/image\/","url":"https:\/\/biblioteka-gabin.pl\/wp-content\/uploads\/2025\/03\/logo-biblioteka-2-1657013691-1.jpg","contentUrl":"https:\/\/biblioteka-gabin.pl\/wp-content\/uploads\/2025\/03\/logo-biblioteka-2-1657013691-1.jpg","width":1600,"height":772,"caption":"Miejsko-Gminna Biblioteka Publiczna w G\u0105binie"},"image":{"@id":"https:\/\/biblioteka-gabin.pl\/#\/schema\/logo\/image\/"},"sameAs":["https:\/\/www.facebook.com\/bibliotekagabin","https:\/\/www.youtube.com\/@mgbpgabin9392"]},{"@type":"Person","@id":"https:\/\/biblioteka-gabin.pl\/#\/schema\/person\/2067b97c24663d987ef6ef95bed7c99a","name":"admin","image":{"@type":"ImageObject","inLanguage":"pl-PL","@id":"https:\/\/secure.gravatar.com\/avatar\/e1843904e97b4e376a0fc90ae10372cd31bce9b207a7a3d2ca68fc7ca7e4174c?s=96&d=mm&r=g","url":"https:\/\/secure.gravatar.com\/avatar\/e1843904e97b4e376a0fc90ae10372cd31bce9b207a7a3d2ca68fc7ca7e4174c?s=96&d=mm&r=g","contentUrl":"https:\/\/secure.gravatar.com\/avatar\/e1843904e97b4e376a0fc90ae10372cd31bce9b207a7a3d2ca68fc7ca7e4174c?s=96&d=mm&r=g","caption":"admin"},"sameAs":["http:\/\/strona.biblioteka-gabin.pl"],"url":"https:\/\/biblioteka-gabin.pl\/index.php\/author\/admin\/"}]}},"_links":{"self":[{"href":"https:\/\/biblioteka-gabin.pl\/index.php\/wp-json\/wp\/v2\/posts\/8455","targetHints":{"allow":["GET"]}}],"collection":[{"href":"https:\/\/biblioteka-gabin.pl\/index.php\/wp-json\/wp\/v2\/posts"}],"about":[{"href":"https:\/\/biblioteka-gabin.pl\/index.php\/wp-json\/wp\/v2\/types\/post"}],"author":[{"embeddable":true,"href":"https:\/\/biblioteka-gabin.pl\/index.php\/wp-json\/wp\/v2\/users\/1"}],"replies":[{"embeddable":true,"href":"https:\/\/biblioteka-gabin.pl\/index.php\/wp-json\/wp\/v2\/comments?post=8455"}],"version-history":[{"count":0,"href":"https:\/\/biblioteka-gabin.pl\/index.php\/wp-json\/wp\/v2\/posts\/8455\/revisions"}],"wp:attachment":[{"href":"https:\/\/biblioteka-gabin.pl\/index.php\/wp-json\/wp\/v2\/media?parent=8455"}],"wp:term":[{"taxonomy":"category","embeddable":true,"href":"https:\/\/biblioteka-gabin.pl\/index.php\/wp-json\/wp\/v2\/categories?post=8455"},{"taxonomy":"post_tag","embeddable":true,"href":"https:\/\/biblioteka-gabin.pl\/index.php\/wp-json\/wp\/v2\/tags?post=8455"}],"curies":[{"name":"wp","href":"https:\/\/api.w.org\/{rel}","templated":true}]}}