{"id":8464,"date":"2023-11-24T00:00:00","date_gmt":"2023-11-24T00:00:00","guid":{"rendered":"https:\/\/biblioteka-gabin.pl\/index.php\/2023\/11\/24\/spotkanie-z-bajka-w-oddziale-i-punkcie-przedszkolnym-w-nowym-grabiu-23-11-2023r\/"},"modified":"2023-11-24T00:00:00","modified_gmt":"2023-11-24T00:00:00","slug":"spotkanie-z-bajka-w-oddziale-i-punkcie-przedszkolnym-w-nowym-grabiu-23-11-2023r","status":"publish","type":"post","link":"https:\/\/biblioteka-gabin.pl\/index.php\/2023\/11\/24\/spotkanie-z-bajka-w-oddziale-i-punkcie-przedszkolnym-w-nowym-grabiu-23-11-2023r\/","title":{"rendered":"&#8222;Spotkanie z bajk\u0105&#8221; w Oddziale i Punkcie Przedszkolnym w Nowym Grabiu (23.11.2023r)."},"content":{"rendered":"<p>Grupa \u201eMotyli\u201d zaprezentowa\u0142a swoje umiej\u0119tno\u015bci podczas gry w \u201eKalambury\u201d, kt\u00f3r\u0105 dzi\u015b przywioz\u0142am na spotkanie. Na kartach przygotowane mia\u0142am obrazki przedstawiaj\u0105ce has\u0142a z r\u00f3\u017cnych kategorii a zadaniem dzieci by\u0142o pokazanie ich bez u\u017cycia s\u0142\u00f3w tak aby grupa odgad\u0142a.<br \/>\n\u00a0\u00a0\u00a0 Dodatkowo przeczyta\u0142am dzieciom ksi\u0105\u017ck\u0119 J. Tylmana pt. \u201e Mi\u0142o\u015b\u0107 na czterech \u0142apach\u201d. Opowie\u015b\u0107 wywo\u0142a\u0142a wiele emocji, gdy\u017c m\u00f3wi o zwierzakach znajduj\u0105cych si\u0119 w schroniskach.<br \/>\n\u00a0\u00a0\u00a0\u00a0 Maluchy \u2013 \u201ePszcz\u00f3\u0142ki\u201d z wyj\u0105tkow\u0105 uwag\u0105 i skupieniem wys\u0142uchali Przyg\u00f3d Misia Paddingtona pt. \u201eZaginiona kanapka\u201d oraz bajeczki pt. \u201eNa wsi\u201d, prezentuj\u0105cej zwierzaki znajduj\u0105ce si\u0119 na gospodarstwie. Za ukrytymi okienkami schowa\u0142y si\u0119 \u015bwinka, kotek, mysz, kaczorek. Dzieci b\u0142yskawicznie je dostrzeg\u0142y.<br \/>\n\u00a0\u00a0\u00a0 Najstarszej z grup \u2013 \u201eBiedronkom\u201d zaprezentowa\u0142am ksi\u0105\u017cki L. E. Anderson pt. \u201eNie chc\u0119 by\u0107 ma\u0142y\u201d oraz J. Tylmana pt. \u201eMi\u0142o\u015b\u0107 na czterech \u0142apach\u201d.<br \/>\n\u00a0\u00a0\u00a0 Dzi\u0119kuj\u0119 wszystkim za to spotkanie, za t\u0119 rado\u015b\u0107, kt\u00f3r\u0105 zawsze wnosicie. Z niecierpliwo\u015bci\u0105 czekam na kolejne. A tym samym m\u00f3wi\u0119 wszystkim do mi\u0142ego zobaczenia.<br \/>\n\u00a0\u00a0\u00a0\u00a0\u00a0\u00a0\u00a0\u00a0\u00a0\u00a0\u00a0\u00a0\u00a0\u00a0\u00a0\u00a0\u00a0\u00a0\u00a0\u00a0\u00a0\u00a0\u00a0\u00a0\u00a0\u00a0\u00a0\u00a0\u00a0\u00a0\u00a0\u00a0\u00a0\u00a0\u00a0\u00a0\u00a0\u00a0\u00a0\u00a0 Opr. Joanna Olejniczak<br \/>\n<img src='https:\/\/biblioteka-gabin.pl\/wp-content\/uploads\/archive\/pliki\/obraz\/2023_\/listopad\/400497814_857084602782483_6060283972934545528_n.jpg'><br \/>\n<a href='https:\/\/biblioteka-gabin.pl\/wp-content\/uploads\/archive\/galleries\/545\/38745471117858022785097345202141464213251237n-fa0362ae6e.jpg'><img style='max-height:300px;' src='https:\/\/biblioteka-gabin.pl\/wp-content\/uploads\/archive\/galleries\/545\/38745471117858022785097345202141464213251237n-fa0362ae6e.jpg'><\/a><br \/>\n<a href='https:\/\/biblioteka-gabin.pl\/wp-content\/uploads\/archive\/galleries\/545\/3940219733360212691357694073948191181952668n-d9972ec4aa.jpg'><img style='max-height:300px;' src='https:\/\/biblioteka-gabin.pl\/wp-content\/uploads\/archive\/galleries\/545\/3940219733360212691357694073948191181952668n-d9972ec4aa.jpg'><\/a><br \/>\n<a href='https:\/\/biblioteka-gabin.pl\/wp-content\/uploads\/archive\/galleries\/545\/3934640828526349363356655140691472202148282n-a6bcec1ea7.jpg'><img style='max-height:300px;' src='https:\/\/biblioteka-gabin.pl\/wp-content\/uploads\/archive\/galleries\/545\/3934640828526349363356655140691472202148282n-a6bcec1ea7.jpg'><\/a><br \/>\n<a href='https:\/\/biblioteka-gabin.pl\/wp-content\/uploads\/archive\/galleries\/545\/403618832310793001810898952205953978574580n-4c06d47ea3.jpg'><img style='max-height:300px;' src='https:\/\/biblioteka-gabin.pl\/wp-content\/uploads\/archive\/galleries\/545\/403618832310793001810898952205953978574580n-4c06d47ea3.jpg'><\/a><br \/>\n<a href='https:\/\/biblioteka-gabin.pl\/wp-content\/uploads\/archive\/galleries\/545\/4000987257254742428390896427147919429679822n-cc4db01dfe.jpg'><img style='max-height:300px;' src='https:\/\/biblioteka-gabin.pl\/wp-content\/uploads\/archive\/galleries\/545\/4000987257254742428390896427147919429679822n-cc4db01dfe.jpg'><\/a><br \/>\n<a href='https:\/\/biblioteka-gabin.pl\/wp-content\/uploads\/archive\/galleries\/545\/3874673952689879657575584214735185484932813n-6792f26c9a.jpg'><img style='max-height:300px;' src='https:\/\/biblioteka-gabin.pl\/wp-content\/uploads\/archive\/galleries\/545\/3874673952689879657575584214735185484932813n-6792f26c9a.jpg'><\/a><br \/>\n<a href='https:\/\/biblioteka-gabin.pl\/wp-content\/uploads\/archive\/galleries\/545\/3940032783499128742899078902655001596624695n-f676c14ad4.jpg'><img style='max-height:300px;' src='https:\/\/biblioteka-gabin.pl\/wp-content\/uploads\/archive\/galleries\/545\/3940032783499128742899078902655001596624695n-f676c14ad4.jpg'><\/a><br \/>\n<a href='https:\/\/biblioteka-gabin.pl\/wp-content\/uploads\/archive\/galleries\/545\/3998804088852549162841171388898160530421939n-1d48b5e84b.jpg'><img style='max-height:300px;' src='https:\/\/biblioteka-gabin.pl\/wp-content\/uploads\/archive\/galleries\/545\/3998804088852549162841171388898160530421939n-1d48b5e84b.jpg'><\/a><br \/>\n<a href='https:\/\/biblioteka-gabin.pl\/wp-content\/uploads\/archive\/galleries\/545\/39670920019300540307224982226581798365688542n-71c66cf110.jpg'><img style='max-height:300px;' src='https:\/\/biblioteka-gabin.pl\/wp-content\/uploads\/archive\/galleries\/545\/39670920019300540307224982226581798365688542n-71c66cf110.jpg'><\/a><br \/>\n<a href='https:\/\/biblioteka-gabin.pl\/wp-content\/uploads\/archive\/galleries\/545\/4000987257254742428390896427147919429679822n-6747868ea8.jpg'><img style='max-height:300px;' src='https:\/\/biblioteka-gabin.pl\/wp-content\/uploads\/archive\/galleries\/545\/4000987257254742428390896427147919429679822n-6747868ea8.jpg'><\/a><\/p>\n","protected":false},"excerpt":{"rendered":"<p>Grupa \u201eMotyli\u201d zaprezentowa\u0142a swoje umiej\u0119tno\u015bci podczas gry w \u201eKalambury\u201d, kt\u00f3r\u0105<\/p>\n","protected":false},"author":1,"featured_media":0,"comment_status":"open","ping_status":"open","sticky":false,"template":"","format":"standard","meta":{"footnotes":""},"categories":[36],"tags":[],"class_list":["post-8464","post","type-post","status-publish","format-standard","hentry","category-main"],"yoast_head":"<!-- This site is optimized with the Yoast SEO plugin v27.4 - https:\/\/yoast.com\/product\/yoast-seo-wordpress\/ -->\n<title>&quot;Spotkanie z bajk\u0105&quot; w Oddziale i Punkcie Przedszkolnym w Nowym Grabiu (23.11.2023r). - Miejsko-Gminna Biblioteka Publiczna w G\u0105binie<\/title>\n<meta name=\"robots\" content=\"index, follow, max-snippet:-1, max-image-preview:large, max-video-preview:-1\" \/>\n<link rel=\"canonical\" href=\"https:\/\/biblioteka-gabin.pl\/index.php\/2023\/11\/24\/spotkanie-z-bajka-w-oddziale-i-punkcie-przedszkolnym-w-nowym-grabiu-23-11-2023r\/\" \/>\n<meta property=\"og:locale\" content=\"pl_PL\" \/>\n<meta property=\"og:type\" content=\"article\" \/>\n<meta property=\"og:title\" content=\"&quot;Spotkanie z bajk\u0105&quot; w Oddziale i Punkcie Przedszkolnym w Nowym Grabiu (23.11.2023r). - Miejsko-Gminna Biblioteka Publiczna w G\u0105binie\" \/>\n<meta property=\"og:description\" content=\"Grupa \u201eMotyli\u201d zaprezentowa\u0142a swoje umiej\u0119tno\u015bci podczas gry w \u201eKalambury\u201d, kt\u00f3r\u0105\" \/>\n<meta property=\"og:url\" content=\"https:\/\/biblioteka-gabin.pl\/index.php\/2023\/11\/24\/spotkanie-z-bajka-w-oddziale-i-punkcie-przedszkolnym-w-nowym-grabiu-23-11-2023r\/\" \/>\n<meta property=\"og:site_name\" content=\"Miejsko-Gminna Biblioteka Publiczna w G\u0105binie\" \/>\n<meta property=\"article:publisher\" content=\"https:\/\/www.facebook.com\/bibliotekagabin\" \/>\n<meta property=\"article:published_time\" content=\"2023-11-24T00:00:00+00:00\" \/>\n<meta property=\"og:image\" content=\"https:\/\/biblioteka-gabin.pl\/wp-content\/uploads\/archive\/pliki\/obraz\/2023_\/listopad\/400497814_857084602782483_6060283972934545528_n.jpg\" \/>\n<meta name=\"author\" content=\"admin\" \/>\n<meta name=\"twitter:card\" content=\"summary_large_image\" \/>\n<meta name=\"twitter:label1\" content=\"Napisane przez\" \/>\n\t<meta name=\"twitter:data1\" content=\"admin\" \/>\n\t<meta name=\"twitter:label2\" content=\"Szacowany czas czytania\" \/>\n\t<meta name=\"twitter:data2\" content=\"1 minuta\" \/>\n<script type=\"application\/ld+json\" class=\"yoast-schema-graph\">{\"@context\":\"https:\\\/\\\/schema.org\",\"@graph\":[{\"@type\":\"Article\",\"@id\":\"https:\\\/\\\/biblioteka-gabin.pl\\\/index.php\\\/2023\\\/11\\\/24\\\/spotkanie-z-bajka-w-oddziale-i-punkcie-przedszkolnym-w-nowym-grabiu-23-11-2023r\\\/#article\",\"isPartOf\":{\"@id\":\"https:\\\/\\\/biblioteka-gabin.pl\\\/index.php\\\/2023\\\/11\\\/24\\\/spotkanie-z-bajka-w-oddziale-i-punkcie-przedszkolnym-w-nowym-grabiu-23-11-2023r\\\/\"},\"author\":{\"name\":\"admin\",\"@id\":\"https:\\\/\\\/biblioteka-gabin.pl\\\/#\\\/schema\\\/person\\\/2067b97c24663d987ef6ef95bed7c99a\"},\"headline\":\"&#8222;Spotkanie z bajk\u0105&#8221; w Oddziale i Punkcie Przedszkolnym w Nowym Grabiu (23.11.2023r).\",\"datePublished\":\"2023-11-24T00:00:00+00:00\",\"mainEntityOfPage\":{\"@id\":\"https:\\\/\\\/biblioteka-gabin.pl\\\/index.php\\\/2023\\\/11\\\/24\\\/spotkanie-z-bajka-w-oddziale-i-punkcie-przedszkolnym-w-nowym-grabiu-23-11-2023r\\\/\"},\"wordCount\":197,\"commentCount\":0,\"publisher\":{\"@id\":\"https:\\\/\\\/biblioteka-gabin.pl\\\/#organization\"},\"image\":{\"@id\":\"https:\\\/\\\/biblioteka-gabin.pl\\\/index.php\\\/2023\\\/11\\\/24\\\/spotkanie-z-bajka-w-oddziale-i-punkcie-przedszkolnym-w-nowym-grabiu-23-11-2023r\\\/#primaryimage\"},\"thumbnailUrl\":\"https:\\\/\\\/biblioteka-gabin.pl\\\/wp-content\\\/uploads\\\/archive\\\/pliki\\\/obraz\\\/2023_\\\/listopad\\\/400497814_857084602782483_6060283972934545528_n.jpg\",\"articleSection\":[\"Main\"],\"inLanguage\":\"pl-PL\",\"potentialAction\":[{\"@type\":\"CommentAction\",\"name\":\"Comment\",\"target\":[\"https:\\\/\\\/biblioteka-gabin.pl\\\/index.php\\\/2023\\\/11\\\/24\\\/spotkanie-z-bajka-w-oddziale-i-punkcie-przedszkolnym-w-nowym-grabiu-23-11-2023r\\\/#respond\"]}]},{\"@type\":\"WebPage\",\"@id\":\"https:\\\/\\\/biblioteka-gabin.pl\\\/index.php\\\/2023\\\/11\\\/24\\\/spotkanie-z-bajka-w-oddziale-i-punkcie-przedszkolnym-w-nowym-grabiu-23-11-2023r\\\/\",\"url\":\"https:\\\/\\\/biblioteka-gabin.pl\\\/index.php\\\/2023\\\/11\\\/24\\\/spotkanie-z-bajka-w-oddziale-i-punkcie-przedszkolnym-w-nowym-grabiu-23-11-2023r\\\/\",\"name\":\"\\\"Spotkanie z bajk\u0105\\\" w Oddziale i Punkcie Przedszkolnym w Nowym Grabiu (23.11.2023r). - Miejsko-Gminna Biblioteka Publiczna w G\u0105binie\",\"isPartOf\":{\"@id\":\"https:\\\/\\\/biblioteka-gabin.pl\\\/#website\"},\"primaryImageOfPage\":{\"@id\":\"https:\\\/\\\/biblioteka-gabin.pl\\\/index.php\\\/2023\\\/11\\\/24\\\/spotkanie-z-bajka-w-oddziale-i-punkcie-przedszkolnym-w-nowym-grabiu-23-11-2023r\\\/#primaryimage\"},\"image\":{\"@id\":\"https:\\\/\\\/biblioteka-gabin.pl\\\/index.php\\\/2023\\\/11\\\/24\\\/spotkanie-z-bajka-w-oddziale-i-punkcie-przedszkolnym-w-nowym-grabiu-23-11-2023r\\\/#primaryimage\"},\"thumbnailUrl\":\"https:\\\/\\\/biblioteka-gabin.pl\\\/wp-content\\\/uploads\\\/archive\\\/pliki\\\/obraz\\\/2023_\\\/listopad\\\/400497814_857084602782483_6060283972934545528_n.jpg\",\"datePublished\":\"2023-11-24T00:00:00+00:00\",\"breadcrumb\":{\"@id\":\"https:\\\/\\\/biblioteka-gabin.pl\\\/index.php\\\/2023\\\/11\\\/24\\\/spotkanie-z-bajka-w-oddziale-i-punkcie-przedszkolnym-w-nowym-grabiu-23-11-2023r\\\/#breadcrumb\"},\"inLanguage\":\"pl-PL\",\"potentialAction\":[{\"@type\":\"ReadAction\",\"target\":[\"https:\\\/\\\/biblioteka-gabin.pl\\\/index.php\\\/2023\\\/11\\\/24\\\/spotkanie-z-bajka-w-oddziale-i-punkcie-przedszkolnym-w-nowym-grabiu-23-11-2023r\\\/\"]}]},{\"@type\":\"ImageObject\",\"inLanguage\":\"pl-PL\",\"@id\":\"https:\\\/\\\/biblioteka-gabin.pl\\\/index.php\\\/2023\\\/11\\\/24\\\/spotkanie-z-bajka-w-oddziale-i-punkcie-przedszkolnym-w-nowym-grabiu-23-11-2023r\\\/#primaryimage\",\"url\":\"https:\\\/\\\/biblioteka-gabin.pl\\\/wp-content\\\/uploads\\\/archive\\\/pliki\\\/obraz\\\/2023_\\\/listopad\\\/400497814_857084602782483_6060283972934545528_n.jpg\",\"contentUrl\":\"https:\\\/\\\/biblioteka-gabin.pl\\\/wp-content\\\/uploads\\\/archive\\\/pliki\\\/obraz\\\/2023_\\\/listopad\\\/400497814_857084602782483_6060283972934545528_n.jpg\"},{\"@type\":\"BreadcrumbList\",\"@id\":\"https:\\\/\\\/biblioteka-gabin.pl\\\/index.php\\\/2023\\\/11\\\/24\\\/spotkanie-z-bajka-w-oddziale-i-punkcie-przedszkolnym-w-nowym-grabiu-23-11-2023r\\\/#breadcrumb\",\"itemListElement\":[{\"@type\":\"ListItem\",\"position\":1,\"name\":\"Strona g\u0142\u00f3wna\",\"item\":\"https:\\\/\\\/biblioteka-gabin.pl\\\/\"},{\"@type\":\"ListItem\",\"position\":2,\"name\":\"&#8222;Spotkanie z bajk\u0105&#8221; w Oddziale i Punkcie Przedszkolnym w Nowym Grabiu (23.11.2023r).\"}]},{\"@type\":\"WebSite\",\"@id\":\"https:\\\/\\\/biblioteka-gabin.pl\\\/#website\",\"url\":\"https:\\\/\\\/biblioteka-gabin.pl\\\/\",\"name\":\"Miejsko-Gminna Biblioteka Publiczna w G\u0105binie\",\"description\":\"\",\"publisher\":{\"@id\":\"https:\\\/\\\/biblioteka-gabin.pl\\\/#organization\"},\"potentialAction\":[{\"@type\":\"SearchAction\",\"target\":{\"@type\":\"EntryPoint\",\"urlTemplate\":\"https:\\\/\\\/biblioteka-gabin.pl\\\/?s={search_term_string}\"},\"query-input\":{\"@type\":\"PropertyValueSpecification\",\"valueRequired\":true,\"valueName\":\"search_term_string\"}}],\"inLanguage\":\"pl-PL\"},{\"@type\":\"Organization\",\"@id\":\"https:\\\/\\\/biblioteka-gabin.pl\\\/#organization\",\"name\":\"Miejsko-Gminna Biblioteka Publiczna w G\u0105binie\",\"url\":\"https:\\\/\\\/biblioteka-gabin.pl\\\/\",\"logo\":{\"@type\":\"ImageObject\",\"inLanguage\":\"pl-PL\",\"@id\":\"https:\\\/\\\/biblioteka-gabin.pl\\\/#\\\/schema\\\/logo\\\/image\\\/\",\"url\":\"https:\\\/\\\/biblioteka-gabin.pl\\\/wp-content\\\/uploads\\\/2025\\\/03\\\/logo-biblioteka-2-1657013691-1.jpg\",\"contentUrl\":\"https:\\\/\\\/biblioteka-gabin.pl\\\/wp-content\\\/uploads\\\/2025\\\/03\\\/logo-biblioteka-2-1657013691-1.jpg\",\"width\":1600,\"height\":772,\"caption\":\"Miejsko-Gminna Biblioteka Publiczna w G\u0105binie\"},\"image\":{\"@id\":\"https:\\\/\\\/biblioteka-gabin.pl\\\/#\\\/schema\\\/logo\\\/image\\\/\"},\"sameAs\":[\"https:\\\/\\\/www.facebook.com\\\/bibliotekagabin\",\"https:\\\/\\\/www.youtube.com\\\/@mgbpgabin9392\"]},{\"@type\":\"Person\",\"@id\":\"https:\\\/\\\/biblioteka-gabin.pl\\\/#\\\/schema\\\/person\\\/2067b97c24663d987ef6ef95bed7c99a\",\"name\":\"admin\",\"image\":{\"@type\":\"ImageObject\",\"inLanguage\":\"pl-PL\",\"@id\":\"https:\\\/\\\/secure.gravatar.com\\\/avatar\\\/e1843904e97b4e376a0fc90ae10372cd31bce9b207a7a3d2ca68fc7ca7e4174c?s=96&d=mm&r=g\",\"url\":\"https:\\\/\\\/secure.gravatar.com\\\/avatar\\\/e1843904e97b4e376a0fc90ae10372cd31bce9b207a7a3d2ca68fc7ca7e4174c?s=96&d=mm&r=g\",\"contentUrl\":\"https:\\\/\\\/secure.gravatar.com\\\/avatar\\\/e1843904e97b4e376a0fc90ae10372cd31bce9b207a7a3d2ca68fc7ca7e4174c?s=96&d=mm&r=g\",\"caption\":\"admin\"},\"sameAs\":[\"http:\\\/\\\/strona.biblioteka-gabin.pl\"],\"url\":\"https:\\\/\\\/biblioteka-gabin.pl\\\/index.php\\\/author\\\/admin\\\/\"}]}<\/script>\n<!-- \/ Yoast SEO plugin. -->","yoast_head_json":{"title":"\"Spotkanie z bajk\u0105\" w Oddziale i Punkcie Przedszkolnym w Nowym Grabiu (23.11.2023r). - Miejsko-Gminna Biblioteka Publiczna w G\u0105binie","robots":{"index":"index","follow":"follow","max-snippet":"max-snippet:-1","max-image-preview":"max-image-preview:large","max-video-preview":"max-video-preview:-1"},"canonical":"https:\/\/biblioteka-gabin.pl\/index.php\/2023\/11\/24\/spotkanie-z-bajka-w-oddziale-i-punkcie-przedszkolnym-w-nowym-grabiu-23-11-2023r\/","og_locale":"pl_PL","og_type":"article","og_title":"\"Spotkanie z bajk\u0105\" w Oddziale i Punkcie Przedszkolnym w Nowym Grabiu (23.11.2023r). - Miejsko-Gminna Biblioteka Publiczna w G\u0105binie","og_description":"Grupa \u201eMotyli\u201d zaprezentowa\u0142a swoje umiej\u0119tno\u015bci podczas gry w \u201eKalambury\u201d, kt\u00f3r\u0105","og_url":"https:\/\/biblioteka-gabin.pl\/index.php\/2023\/11\/24\/spotkanie-z-bajka-w-oddziale-i-punkcie-przedszkolnym-w-nowym-grabiu-23-11-2023r\/","og_site_name":"Miejsko-Gminna Biblioteka Publiczna w G\u0105binie","article_publisher":"https:\/\/www.facebook.com\/bibliotekagabin","article_published_time":"2023-11-24T00:00:00+00:00","og_image":[{"url":"https:\/\/biblioteka-gabin.pl\/wp-content\/uploads\/archive\/pliki\/obraz\/2023_\/listopad\/400497814_857084602782483_6060283972934545528_n.jpg","type":"","width":"","height":""}],"author":"admin","twitter_card":"summary_large_image","twitter_misc":{"Napisane przez":"admin","Szacowany czas czytania":"1 minuta"},"schema":{"@context":"https:\/\/schema.org","@graph":[{"@type":"Article","@id":"https:\/\/biblioteka-gabin.pl\/index.php\/2023\/11\/24\/spotkanie-z-bajka-w-oddziale-i-punkcie-przedszkolnym-w-nowym-grabiu-23-11-2023r\/#article","isPartOf":{"@id":"https:\/\/biblioteka-gabin.pl\/index.php\/2023\/11\/24\/spotkanie-z-bajka-w-oddziale-i-punkcie-przedszkolnym-w-nowym-grabiu-23-11-2023r\/"},"author":{"name":"admin","@id":"https:\/\/biblioteka-gabin.pl\/#\/schema\/person\/2067b97c24663d987ef6ef95bed7c99a"},"headline":"&#8222;Spotkanie z bajk\u0105&#8221; w Oddziale i Punkcie Przedszkolnym w Nowym Grabiu (23.11.2023r).","datePublished":"2023-11-24T00:00:00+00:00","mainEntityOfPage":{"@id":"https:\/\/biblioteka-gabin.pl\/index.php\/2023\/11\/24\/spotkanie-z-bajka-w-oddziale-i-punkcie-przedszkolnym-w-nowym-grabiu-23-11-2023r\/"},"wordCount":197,"commentCount":0,"publisher":{"@id":"https:\/\/biblioteka-gabin.pl\/#organization"},"image":{"@id":"https:\/\/biblioteka-gabin.pl\/index.php\/2023\/11\/24\/spotkanie-z-bajka-w-oddziale-i-punkcie-przedszkolnym-w-nowym-grabiu-23-11-2023r\/#primaryimage"},"thumbnailUrl":"https:\/\/biblioteka-gabin.pl\/wp-content\/uploads\/archive\/pliki\/obraz\/2023_\/listopad\/400497814_857084602782483_6060283972934545528_n.jpg","articleSection":["Main"],"inLanguage":"pl-PL","potentialAction":[{"@type":"CommentAction","name":"Comment","target":["https:\/\/biblioteka-gabin.pl\/index.php\/2023\/11\/24\/spotkanie-z-bajka-w-oddziale-i-punkcie-przedszkolnym-w-nowym-grabiu-23-11-2023r\/#respond"]}]},{"@type":"WebPage","@id":"https:\/\/biblioteka-gabin.pl\/index.php\/2023\/11\/24\/spotkanie-z-bajka-w-oddziale-i-punkcie-przedszkolnym-w-nowym-grabiu-23-11-2023r\/","url":"https:\/\/biblioteka-gabin.pl\/index.php\/2023\/11\/24\/spotkanie-z-bajka-w-oddziale-i-punkcie-przedszkolnym-w-nowym-grabiu-23-11-2023r\/","name":"\"Spotkanie z bajk\u0105\" w Oddziale i Punkcie Przedszkolnym w Nowym Grabiu (23.11.2023r). - Miejsko-Gminna Biblioteka Publiczna w G\u0105binie","isPartOf":{"@id":"https:\/\/biblioteka-gabin.pl\/#website"},"primaryImageOfPage":{"@id":"https:\/\/biblioteka-gabin.pl\/index.php\/2023\/11\/24\/spotkanie-z-bajka-w-oddziale-i-punkcie-przedszkolnym-w-nowym-grabiu-23-11-2023r\/#primaryimage"},"image":{"@id":"https:\/\/biblioteka-gabin.pl\/index.php\/2023\/11\/24\/spotkanie-z-bajka-w-oddziale-i-punkcie-przedszkolnym-w-nowym-grabiu-23-11-2023r\/#primaryimage"},"thumbnailUrl":"https:\/\/biblioteka-gabin.pl\/wp-content\/uploads\/archive\/pliki\/obraz\/2023_\/listopad\/400497814_857084602782483_6060283972934545528_n.jpg","datePublished":"2023-11-24T00:00:00+00:00","breadcrumb":{"@id":"https:\/\/biblioteka-gabin.pl\/index.php\/2023\/11\/24\/spotkanie-z-bajka-w-oddziale-i-punkcie-przedszkolnym-w-nowym-grabiu-23-11-2023r\/#breadcrumb"},"inLanguage":"pl-PL","potentialAction":[{"@type":"ReadAction","target":["https:\/\/biblioteka-gabin.pl\/index.php\/2023\/11\/24\/spotkanie-z-bajka-w-oddziale-i-punkcie-przedszkolnym-w-nowym-grabiu-23-11-2023r\/"]}]},{"@type":"ImageObject","inLanguage":"pl-PL","@id":"https:\/\/biblioteka-gabin.pl\/index.php\/2023\/11\/24\/spotkanie-z-bajka-w-oddziale-i-punkcie-przedszkolnym-w-nowym-grabiu-23-11-2023r\/#primaryimage","url":"https:\/\/biblioteka-gabin.pl\/wp-content\/uploads\/archive\/pliki\/obraz\/2023_\/listopad\/400497814_857084602782483_6060283972934545528_n.jpg","contentUrl":"https:\/\/biblioteka-gabin.pl\/wp-content\/uploads\/archive\/pliki\/obraz\/2023_\/listopad\/400497814_857084602782483_6060283972934545528_n.jpg"},{"@type":"BreadcrumbList","@id":"https:\/\/biblioteka-gabin.pl\/index.php\/2023\/11\/24\/spotkanie-z-bajka-w-oddziale-i-punkcie-przedszkolnym-w-nowym-grabiu-23-11-2023r\/#breadcrumb","itemListElement":[{"@type":"ListItem","position":1,"name":"Strona g\u0142\u00f3wna","item":"https:\/\/biblioteka-gabin.pl\/"},{"@type":"ListItem","position":2,"name":"&#8222;Spotkanie z bajk\u0105&#8221; w Oddziale i Punkcie Przedszkolnym w Nowym Grabiu (23.11.2023r)."}]},{"@type":"WebSite","@id":"https:\/\/biblioteka-gabin.pl\/#website","url":"https:\/\/biblioteka-gabin.pl\/","name":"Miejsko-Gminna Biblioteka Publiczna w G\u0105binie","description":"","publisher":{"@id":"https:\/\/biblioteka-gabin.pl\/#organization"},"potentialAction":[{"@type":"SearchAction","target":{"@type":"EntryPoint","urlTemplate":"https:\/\/biblioteka-gabin.pl\/?s={search_term_string}"},"query-input":{"@type":"PropertyValueSpecification","valueRequired":true,"valueName":"search_term_string"}}],"inLanguage":"pl-PL"},{"@type":"Organization","@id":"https:\/\/biblioteka-gabin.pl\/#organization","name":"Miejsko-Gminna Biblioteka Publiczna w G\u0105binie","url":"https:\/\/biblioteka-gabin.pl\/","logo":{"@type":"ImageObject","inLanguage":"pl-PL","@id":"https:\/\/biblioteka-gabin.pl\/#\/schema\/logo\/image\/","url":"https:\/\/biblioteka-gabin.pl\/wp-content\/uploads\/2025\/03\/logo-biblioteka-2-1657013691-1.jpg","contentUrl":"https:\/\/biblioteka-gabin.pl\/wp-content\/uploads\/2025\/03\/logo-biblioteka-2-1657013691-1.jpg","width":1600,"height":772,"caption":"Miejsko-Gminna Biblioteka Publiczna w G\u0105binie"},"image":{"@id":"https:\/\/biblioteka-gabin.pl\/#\/schema\/logo\/image\/"},"sameAs":["https:\/\/www.facebook.com\/bibliotekagabin","https:\/\/www.youtube.com\/@mgbpgabin9392"]},{"@type":"Person","@id":"https:\/\/biblioteka-gabin.pl\/#\/schema\/person\/2067b97c24663d987ef6ef95bed7c99a","name":"admin","image":{"@type":"ImageObject","inLanguage":"pl-PL","@id":"https:\/\/secure.gravatar.com\/avatar\/e1843904e97b4e376a0fc90ae10372cd31bce9b207a7a3d2ca68fc7ca7e4174c?s=96&d=mm&r=g","url":"https:\/\/secure.gravatar.com\/avatar\/e1843904e97b4e376a0fc90ae10372cd31bce9b207a7a3d2ca68fc7ca7e4174c?s=96&d=mm&r=g","contentUrl":"https:\/\/secure.gravatar.com\/avatar\/e1843904e97b4e376a0fc90ae10372cd31bce9b207a7a3d2ca68fc7ca7e4174c?s=96&d=mm&r=g","caption":"admin"},"sameAs":["http:\/\/strona.biblioteka-gabin.pl"],"url":"https:\/\/biblioteka-gabin.pl\/index.php\/author\/admin\/"}]}},"_links":{"self":[{"href":"https:\/\/biblioteka-gabin.pl\/index.php\/wp-json\/wp\/v2\/posts\/8464","targetHints":{"allow":["GET"]}}],"collection":[{"href":"https:\/\/biblioteka-gabin.pl\/index.php\/wp-json\/wp\/v2\/posts"}],"about":[{"href":"https:\/\/biblioteka-gabin.pl\/index.php\/wp-json\/wp\/v2\/types\/post"}],"author":[{"embeddable":true,"href":"https:\/\/biblioteka-gabin.pl\/index.php\/wp-json\/wp\/v2\/users\/1"}],"replies":[{"embeddable":true,"href":"https:\/\/biblioteka-gabin.pl\/index.php\/wp-json\/wp\/v2\/comments?post=8464"}],"version-history":[{"count":0,"href":"https:\/\/biblioteka-gabin.pl\/index.php\/wp-json\/wp\/v2\/posts\/8464\/revisions"}],"wp:attachment":[{"href":"https:\/\/biblioteka-gabin.pl\/index.php\/wp-json\/wp\/v2\/media?parent=8464"}],"wp:term":[{"taxonomy":"category","embeddable":true,"href":"https:\/\/biblioteka-gabin.pl\/index.php\/wp-json\/wp\/v2\/categories?post=8464"},{"taxonomy":"post_tag","embeddable":true,"href":"https:\/\/biblioteka-gabin.pl\/index.php\/wp-json\/wp\/v2\/tags?post=8464"}],"curies":[{"name":"wp","href":"https:\/\/api.w.org\/{rel}","templated":true}]}}