{"id":8481,"date":"2023-11-14T00:00:00","date_gmt":"2023-11-14T00:00:00","guid":{"rendered":"https:\/\/biblioteka-gabin.pl\/index.php\/2023\/11\/14\/spotkanie-z-bajka-w-przedszkolu-samorzadowym-w-dobrzykowie-09-11-2023r\/"},"modified":"2023-11-14T00:00:00","modified_gmt":"2023-11-14T00:00:00","slug":"spotkanie-z-bajka-w-przedszkolu-samorzadowym-w-dobrzykowie-09-11-2023r","status":"publish","type":"post","link":"https:\/\/biblioteka-gabin.pl\/index.php\/2023\/11\/14\/spotkanie-z-bajka-w-przedszkolu-samorzadowym-w-dobrzykowie-09-11-2023r\/","title":{"rendered":"&#8222;Spotkanie z bajk\u0105&#8221; w Przedszkolu Samorz\u0105dowym w Dobrzykowie (09.11.2023r.)"},"content":{"rendered":"<p>Gra \u201e5 sekund\u201d, w kt\u00f3r\u0105 zagra\u0142am z najstarsz\u0105 grup\u0105 \u201eSowy\u201d znakomicie pokaza\u0142a umiej\u0119tno\u015bci, wiedz\u0119 oraz \u015bwietny refleks uczestnik\u00f3w. Zadawane przeze mnie pytania nie sprawi\u0142y trudno\u015bci, zaobserwowa\u0142am ponadto jak grupa pomaga\u0142a sobie wzajemnie, podpowiadaj\u0105c tym, kt\u00f3rzy potrzebowali d\u0142u\u017cszej chwili na odpowied\u017a. Zanim wzi\u0119li\u015bmy gr\u0119 do r\u0119ki, przeczyta\u0142a bajk\u0119 pt. \u201eO wr\u00f3blach i zaj\u0105cu\u201d z serii Kolekcja niezapomnianych bajek.<br \/>\n\u00a0\u00a0\u00a0\u00a0\u00a0 \u201eJag\u00f3dki\u201d wys\u0142ucha\u0142y historii skunksa w ksi\u0105\u017cce R. Martinez pt. \u201eJaki trudny wyb\u00f3r!\u201d oraz przyg\u00f3d dw\u00f3ch si\u00f3str i macochy w bajce pt. \u201dDiamenty i ropuchy\u201d z serii Kolekcja niezapomnianych bajek. Zar\u00f3wno w jednym jak i w drugim opowiadaniu bohaterzy zmagali si\u0119 ze swoimi decyzjami, jakie przysz\u0142o im podj\u0105\u0107.<br \/>\n\u00a0\u00a0\u00a0\u00a0\u00a0 Grupa \u201eBiedronek\u201d opowiedzia\u0142a mi o swoich wys\u0142anych listach do \u015awi\u0119tego Miko\u0142aj po czym uszki Ma\u0142ych Czytelnik\u00f3w nastawi\u0142y si\u0119 na odbi\u00f3r zaprezentowanej przeze mnie bajki o ma\u0142ym zwierz\u0105tku, ryj\u0105cym pod ziemi\u0105 w ksi\u0105\u017cce J. Chapman pt. \u201eZacisze Krecika\u201d.<br \/>\n\u00a0\u00a0\u00a0\u00a0\u00a0 \u201eSmerfy\u201d \u2013 najm\u0142odsza z grup, zafascynowana moj\u0105 pomocnic\u0105 \u2013 zabawk\u0105 papug\u0105 Gadu\u0142\u0105- z rado\u015bci\u0105 wys\u0142ucha\u0142a opowiedzianej przez ni\u0105 bajeczki o ma\u0142ej myszce. Z du\u017cym zainteresowaniem s\u0142uchali tak\u017ce jak papuga \u015bpiewa, pr\u00f3bowali na\u015bladowa\u0107. G\u0142os wydobywaj\u0105cy si\u0119 z zabawki najbardziej rozbawi\u0142 wszystkie dzieci.<br \/>\n\u00a0\u00a0\u00a0 Dzi\u0119kuj\u0119 wszystkim za moc wra\u017ce\u0144 jakie mnie towarzysz\u0105 podczas tych wizyt, za u\u015bmiechy i\u201d przytulaki\u201d . A tym samym m\u00f3wi\u0119 Do mi\u0142ego zobaczenia.<br \/>\n\u00a0\u00a0 \u00a0\u00a0\u00a0\u00a0\u00a0\u00a0\u00a0\u00a0\u00a0\u00a0\u00a0\u00a0\u00a0\u00a0\u00a0\u00a0\u00a0\u00a0\u00a0\u00a0\u00a0\u00a0\u00a0\u00a0\u00a0\u00a0\u00a0\u00a0\u00a0\u00a0\u00a0\u00a0\u00a0\u00a0\u00a0\u00a0\u00a0\u00a0\u00a0\u00a0\u00a0\u00a0\u00a0\u00a0\u00a0\u00a0\u00a0\u00a0 \u00a0 \u00a0 \u00a0 \u00a0 \u00a0 \u00a0 \u00a0 \u00a0 \u00a0 \u00a0 \u00a0 \u00a0 \u00a0 \u00a0 \u00a0 \u00a0 \u00a0 \u00a0 \u00a0 \u00a0 \u00a0 \u00a0 \u00a0 \u00a0 Opr. Joanna Olejniczak<br \/>\n<img src='https:\/\/biblioteka-gabin.pl\/wp-content\/uploads\/archive\/pliki\/obraz\/2023_\/listopad\/380628261_872835944454947_6838193212089891848_n.jpg'><br \/>\n<a href='https:\/\/biblioteka-gabin.pl\/wp-content\/uploads\/archive\/galleries\/542\/3855202342210590043334077945318695844038459n-c13a675703.jpg'><img style='max-height:300px;' src='https:\/\/biblioteka-gabin.pl\/wp-content\/uploads\/archive\/galleries\/542\/3855202342210590043334077945318695844038459n-c13a675703.jpg'><\/a><br \/>\n<a href='https:\/\/biblioteka-gabin.pl\/wp-content\/uploads\/archive\/galleries\/542\/38046953918024889968357585304659345927546687n-a2257d1057.jpg'><img style='max-height:300px;' src='https:\/\/biblioteka-gabin.pl\/wp-content\/uploads\/archive\/galleries\/542\/38046953918024889968357585304659345927546687n-a2257d1057.jpg'><\/a><br \/>\n<a href='https:\/\/biblioteka-gabin.pl\/wp-content\/uploads\/archive\/galleries\/542\/38548596934916898277373632578414997566212405n-926c143445.jpg'><img style='max-height:300px;' src='https:\/\/biblioteka-gabin.pl\/wp-content\/uploads\/archive\/galleries\/542\/38548596934916898277373632578414997566212405n-926c143445.jpg'><\/a><br \/>\n<a href='https:\/\/biblioteka-gabin.pl\/wp-content\/uploads\/archive\/galleries\/542\/3845458397483052737753415444021773011284789n-a73847da6e.jpg'><img style='max-height:300px;' src='https:\/\/biblioteka-gabin.pl\/wp-content\/uploads\/archive\/galleries\/542\/3845458397483052737753415444021773011284789n-a73847da6e.jpg'><\/a><br \/>\n<a href='https:\/\/biblioteka-gabin.pl\/wp-content\/uploads\/archive\/galleries\/542\/38684001417464732058170951720837395893378684n-e2e42df8e2.jpg'><img style='max-height:300px;' src='https:\/\/biblioteka-gabin.pl\/wp-content\/uploads\/archive\/galleries\/542\/38684001417464732058170951720837395893378684n-e2e42df8e2.jpg'><\/a><br \/>\n<a href='https:\/\/biblioteka-gabin.pl\/wp-content\/uploads\/archive\/galleries\/542\/38553461010917137088494457533608437093110589n-f5b9226345.jpg'><img style='max-height:300px;' src='https:\/\/biblioteka-gabin.pl\/wp-content\/uploads\/archive\/galleries\/542\/38553461010917137088494457533608437093110589n-f5b9226345.jpg'><\/a><br \/>\n<a href='https:\/\/biblioteka-gabin.pl\/wp-content\/uploads\/archive\/galleries\/542\/3864428433594946931811047499184619997567008n-b19839f3e5.jpg'><img style='max-height:300px;' src='https:\/\/biblioteka-gabin.pl\/wp-content\/uploads\/archive\/galleries\/542\/3864428433594946931811047499184619997567008n-b19839f3e5.jpg'><\/a><\/p>\n","protected":false},"excerpt":{"rendered":"<p>Gra \u201e5 sekund\u201d, w kt\u00f3r\u0105 zagra\u0142am z najstarsz\u0105 grup\u0105 \u201eSowy\u201d<\/p>\n","protected":false},"author":1,"featured_media":0,"comment_status":"open","ping_status":"open","sticky":false,"template":"","format":"standard","meta":{"footnotes":""},"categories":[36],"tags":[],"class_list":["post-8481","post","type-post","status-publish","format-standard","hentry","category-main"],"yoast_head":"<!-- This site is optimized with the Yoast SEO plugin v27.4 - https:\/\/yoast.com\/product\/yoast-seo-wordpress\/ -->\n<title>&quot;Spotkanie z bajk\u0105&quot; w Przedszkolu Samorz\u0105dowym w Dobrzykowie (09.11.2023r.) - Miejsko-Gminna Biblioteka Publiczna w G\u0105binie<\/title>\n<meta name=\"robots\" content=\"index, follow, max-snippet:-1, max-image-preview:large, max-video-preview:-1\" \/>\n<link rel=\"canonical\" href=\"http:\/\/biblioteka-gabin.pl\/index.php\/2023\/11\/14\/spotkanie-z-bajka-w-przedszkolu-samorzadowym-w-dobrzykowie-09-11-2023r\/\" \/>\n<meta property=\"og:locale\" content=\"pl_PL\" \/>\n<meta property=\"og:type\" content=\"article\" \/>\n<meta property=\"og:title\" content=\"&quot;Spotkanie z bajk\u0105&quot; w Przedszkolu Samorz\u0105dowym w Dobrzykowie (09.11.2023r.) - Miejsko-Gminna Biblioteka Publiczna w G\u0105binie\" \/>\n<meta property=\"og:description\" content=\"Gra \u201e5 sekund\u201d, w kt\u00f3r\u0105 zagra\u0142am z najstarsz\u0105 grup\u0105 \u201eSowy\u201d\" \/>\n<meta property=\"og:url\" content=\"http:\/\/biblioteka-gabin.pl\/index.php\/2023\/11\/14\/spotkanie-z-bajka-w-przedszkolu-samorzadowym-w-dobrzykowie-09-11-2023r\/\" \/>\n<meta property=\"og:site_name\" content=\"Miejsko-Gminna Biblioteka Publiczna w G\u0105binie\" \/>\n<meta property=\"article:publisher\" content=\"https:\/\/www.facebook.com\/bibliotekagabin\" \/>\n<meta property=\"article:published_time\" content=\"2023-11-14T00:00:00+00:00\" \/>\n<meta property=\"og:image\" content=\"https:\/\/biblioteka-gabin.pl\/wp-content\/uploads\/archive\/pliki\/obraz\/2023_\/listopad\/380628261_872835944454947_6838193212089891848_n.jpg\" \/>\n<meta name=\"author\" content=\"admin\" \/>\n<meta name=\"twitter:card\" content=\"summary_large_image\" \/>\n<meta name=\"twitter:label1\" content=\"Napisane przez\" \/>\n\t<meta name=\"twitter:data1\" content=\"admin\" \/>\n\t<meta name=\"twitter:label2\" content=\"Szacowany czas czytania\" \/>\n\t<meta name=\"twitter:data2\" content=\"1 minuta\" \/>\n<script type=\"application\/ld+json\" class=\"yoast-schema-graph\">{\"@context\":\"https:\\\/\\\/schema.org\",\"@graph\":[{\"@type\":\"Article\",\"@id\":\"http:\\\/\\\/biblioteka-gabin.pl\\\/index.php\\\/2023\\\/11\\\/14\\\/spotkanie-z-bajka-w-przedszkolu-samorzadowym-w-dobrzykowie-09-11-2023r\\\/#article\",\"isPartOf\":{\"@id\":\"http:\\\/\\\/biblioteka-gabin.pl\\\/index.php\\\/2023\\\/11\\\/14\\\/spotkanie-z-bajka-w-przedszkolu-samorzadowym-w-dobrzykowie-09-11-2023r\\\/\"},\"author\":{\"name\":\"admin\",\"@id\":\"https:\\\/\\\/biblioteka-gabin.pl\\\/#\\\/schema\\\/person\\\/2067b97c24663d987ef6ef95bed7c99a\"},\"headline\":\"&#8222;Spotkanie z bajk\u0105&#8221; w Przedszkolu Samorz\u0105dowym w Dobrzykowie (09.11.2023r.)\",\"datePublished\":\"2023-11-14T00:00:00+00:00\",\"mainEntityOfPage\":{\"@id\":\"http:\\\/\\\/biblioteka-gabin.pl\\\/index.php\\\/2023\\\/11\\\/14\\\/spotkanie-z-bajka-w-przedszkolu-samorzadowym-w-dobrzykowie-09-11-2023r\\\/\"},\"wordCount\":274,\"commentCount\":0,\"publisher\":{\"@id\":\"https:\\\/\\\/biblioteka-gabin.pl\\\/#organization\"},\"image\":{\"@id\":\"http:\\\/\\\/biblioteka-gabin.pl\\\/index.php\\\/2023\\\/11\\\/14\\\/spotkanie-z-bajka-w-przedszkolu-samorzadowym-w-dobrzykowie-09-11-2023r\\\/#primaryimage\"},\"thumbnailUrl\":\"https:\\\/\\\/biblioteka-gabin.pl\\\/wp-content\\\/uploads\\\/archive\\\/pliki\\\/obraz\\\/2023_\\\/listopad\\\/380628261_872835944454947_6838193212089891848_n.jpg\",\"articleSection\":[\"Main\"],\"inLanguage\":\"pl-PL\",\"potentialAction\":[{\"@type\":\"CommentAction\",\"name\":\"Comment\",\"target\":[\"http:\\\/\\\/biblioteka-gabin.pl\\\/index.php\\\/2023\\\/11\\\/14\\\/spotkanie-z-bajka-w-przedszkolu-samorzadowym-w-dobrzykowie-09-11-2023r\\\/#respond\"]}]},{\"@type\":\"WebPage\",\"@id\":\"http:\\\/\\\/biblioteka-gabin.pl\\\/index.php\\\/2023\\\/11\\\/14\\\/spotkanie-z-bajka-w-przedszkolu-samorzadowym-w-dobrzykowie-09-11-2023r\\\/\",\"url\":\"http:\\\/\\\/biblioteka-gabin.pl\\\/index.php\\\/2023\\\/11\\\/14\\\/spotkanie-z-bajka-w-przedszkolu-samorzadowym-w-dobrzykowie-09-11-2023r\\\/\",\"name\":\"\\\"Spotkanie z bajk\u0105\\\" w Przedszkolu Samorz\u0105dowym w Dobrzykowie (09.11.2023r.) - Miejsko-Gminna Biblioteka Publiczna w G\u0105binie\",\"isPartOf\":{\"@id\":\"https:\\\/\\\/biblioteka-gabin.pl\\\/#website\"},\"primaryImageOfPage\":{\"@id\":\"http:\\\/\\\/biblioteka-gabin.pl\\\/index.php\\\/2023\\\/11\\\/14\\\/spotkanie-z-bajka-w-przedszkolu-samorzadowym-w-dobrzykowie-09-11-2023r\\\/#primaryimage\"},\"image\":{\"@id\":\"http:\\\/\\\/biblioteka-gabin.pl\\\/index.php\\\/2023\\\/11\\\/14\\\/spotkanie-z-bajka-w-przedszkolu-samorzadowym-w-dobrzykowie-09-11-2023r\\\/#primaryimage\"},\"thumbnailUrl\":\"https:\\\/\\\/biblioteka-gabin.pl\\\/wp-content\\\/uploads\\\/archive\\\/pliki\\\/obraz\\\/2023_\\\/listopad\\\/380628261_872835944454947_6838193212089891848_n.jpg\",\"datePublished\":\"2023-11-14T00:00:00+00:00\",\"breadcrumb\":{\"@id\":\"http:\\\/\\\/biblioteka-gabin.pl\\\/index.php\\\/2023\\\/11\\\/14\\\/spotkanie-z-bajka-w-przedszkolu-samorzadowym-w-dobrzykowie-09-11-2023r\\\/#breadcrumb\"},\"inLanguage\":\"pl-PL\",\"potentialAction\":[{\"@type\":\"ReadAction\",\"target\":[\"http:\\\/\\\/biblioteka-gabin.pl\\\/index.php\\\/2023\\\/11\\\/14\\\/spotkanie-z-bajka-w-przedszkolu-samorzadowym-w-dobrzykowie-09-11-2023r\\\/\"]}]},{\"@type\":\"ImageObject\",\"inLanguage\":\"pl-PL\",\"@id\":\"http:\\\/\\\/biblioteka-gabin.pl\\\/index.php\\\/2023\\\/11\\\/14\\\/spotkanie-z-bajka-w-przedszkolu-samorzadowym-w-dobrzykowie-09-11-2023r\\\/#primaryimage\",\"url\":\"https:\\\/\\\/biblioteka-gabin.pl\\\/wp-content\\\/uploads\\\/archive\\\/pliki\\\/obraz\\\/2023_\\\/listopad\\\/380628261_872835944454947_6838193212089891848_n.jpg\",\"contentUrl\":\"https:\\\/\\\/biblioteka-gabin.pl\\\/wp-content\\\/uploads\\\/archive\\\/pliki\\\/obraz\\\/2023_\\\/listopad\\\/380628261_872835944454947_6838193212089891848_n.jpg\"},{\"@type\":\"BreadcrumbList\",\"@id\":\"http:\\\/\\\/biblioteka-gabin.pl\\\/index.php\\\/2023\\\/11\\\/14\\\/spotkanie-z-bajka-w-przedszkolu-samorzadowym-w-dobrzykowie-09-11-2023r\\\/#breadcrumb\",\"itemListElement\":[{\"@type\":\"ListItem\",\"position\":1,\"name\":\"Strona g\u0142\u00f3wna\",\"item\":\"https:\\\/\\\/biblioteka-gabin.pl\\\/\"},{\"@type\":\"ListItem\",\"position\":2,\"name\":\"&#8222;Spotkanie z bajk\u0105&#8221; w Przedszkolu Samorz\u0105dowym w Dobrzykowie (09.11.2023r.)\"}]},{\"@type\":\"WebSite\",\"@id\":\"https:\\\/\\\/biblioteka-gabin.pl\\\/#website\",\"url\":\"https:\\\/\\\/biblioteka-gabin.pl\\\/\",\"name\":\"Miejsko-Gminna Biblioteka Publiczna w G\u0105binie\",\"description\":\"\",\"publisher\":{\"@id\":\"https:\\\/\\\/biblioteka-gabin.pl\\\/#organization\"},\"potentialAction\":[{\"@type\":\"SearchAction\",\"target\":{\"@type\":\"EntryPoint\",\"urlTemplate\":\"https:\\\/\\\/biblioteka-gabin.pl\\\/?s={search_term_string}\"},\"query-input\":{\"@type\":\"PropertyValueSpecification\",\"valueRequired\":true,\"valueName\":\"search_term_string\"}}],\"inLanguage\":\"pl-PL\"},{\"@type\":\"Organization\",\"@id\":\"https:\\\/\\\/biblioteka-gabin.pl\\\/#organization\",\"name\":\"Miejsko-Gminna Biblioteka Publiczna w G\u0105binie\",\"url\":\"https:\\\/\\\/biblioteka-gabin.pl\\\/\",\"logo\":{\"@type\":\"ImageObject\",\"inLanguage\":\"pl-PL\",\"@id\":\"https:\\\/\\\/biblioteka-gabin.pl\\\/#\\\/schema\\\/logo\\\/image\\\/\",\"url\":\"https:\\\/\\\/biblioteka-gabin.pl\\\/wp-content\\\/uploads\\\/2025\\\/03\\\/logo-biblioteka-2-1657013691-1.jpg\",\"contentUrl\":\"https:\\\/\\\/biblioteka-gabin.pl\\\/wp-content\\\/uploads\\\/2025\\\/03\\\/logo-biblioteka-2-1657013691-1.jpg\",\"width\":1600,\"height\":772,\"caption\":\"Miejsko-Gminna Biblioteka Publiczna w G\u0105binie\"},\"image\":{\"@id\":\"https:\\\/\\\/biblioteka-gabin.pl\\\/#\\\/schema\\\/logo\\\/image\\\/\"},\"sameAs\":[\"https:\\\/\\\/www.facebook.com\\\/bibliotekagabin\",\"https:\\\/\\\/www.youtube.com\\\/@mgbpgabin9392\"]},{\"@type\":\"Person\",\"@id\":\"https:\\\/\\\/biblioteka-gabin.pl\\\/#\\\/schema\\\/person\\\/2067b97c24663d987ef6ef95bed7c99a\",\"name\":\"admin\",\"image\":{\"@type\":\"ImageObject\",\"inLanguage\":\"pl-PL\",\"@id\":\"https:\\\/\\\/secure.gravatar.com\\\/avatar\\\/e1843904e97b4e376a0fc90ae10372cd31bce9b207a7a3d2ca68fc7ca7e4174c?s=96&d=mm&r=g\",\"url\":\"https:\\\/\\\/secure.gravatar.com\\\/avatar\\\/e1843904e97b4e376a0fc90ae10372cd31bce9b207a7a3d2ca68fc7ca7e4174c?s=96&d=mm&r=g\",\"contentUrl\":\"https:\\\/\\\/secure.gravatar.com\\\/avatar\\\/e1843904e97b4e376a0fc90ae10372cd31bce9b207a7a3d2ca68fc7ca7e4174c?s=96&d=mm&r=g\",\"caption\":\"admin\"},\"sameAs\":[\"http:\\\/\\\/strona.biblioteka-gabin.pl\"],\"url\":\"https:\\\/\\\/biblioteka-gabin.pl\\\/index.php\\\/author\\\/admin\\\/\"}]}<\/script>\n<!-- \/ Yoast SEO plugin. -->","yoast_head_json":{"title":"\"Spotkanie z bajk\u0105\" w Przedszkolu Samorz\u0105dowym w Dobrzykowie (09.11.2023r.) - Miejsko-Gminna Biblioteka Publiczna w G\u0105binie","robots":{"index":"index","follow":"follow","max-snippet":"max-snippet:-1","max-image-preview":"max-image-preview:large","max-video-preview":"max-video-preview:-1"},"canonical":"http:\/\/biblioteka-gabin.pl\/index.php\/2023\/11\/14\/spotkanie-z-bajka-w-przedszkolu-samorzadowym-w-dobrzykowie-09-11-2023r\/","og_locale":"pl_PL","og_type":"article","og_title":"\"Spotkanie z bajk\u0105\" w Przedszkolu Samorz\u0105dowym w Dobrzykowie (09.11.2023r.) - Miejsko-Gminna Biblioteka Publiczna w G\u0105binie","og_description":"Gra \u201e5 sekund\u201d, w kt\u00f3r\u0105 zagra\u0142am z najstarsz\u0105 grup\u0105 \u201eSowy\u201d","og_url":"http:\/\/biblioteka-gabin.pl\/index.php\/2023\/11\/14\/spotkanie-z-bajka-w-przedszkolu-samorzadowym-w-dobrzykowie-09-11-2023r\/","og_site_name":"Miejsko-Gminna Biblioteka Publiczna w G\u0105binie","article_publisher":"https:\/\/www.facebook.com\/bibliotekagabin","article_published_time":"2023-11-14T00:00:00+00:00","og_image":[{"url":"https:\/\/biblioteka-gabin.pl\/wp-content\/uploads\/archive\/pliki\/obraz\/2023_\/listopad\/380628261_872835944454947_6838193212089891848_n.jpg","type":"","width":"","height":""}],"author":"admin","twitter_card":"summary_large_image","twitter_misc":{"Napisane przez":"admin","Szacowany czas czytania":"1 minuta"},"schema":{"@context":"https:\/\/schema.org","@graph":[{"@type":"Article","@id":"http:\/\/biblioteka-gabin.pl\/index.php\/2023\/11\/14\/spotkanie-z-bajka-w-przedszkolu-samorzadowym-w-dobrzykowie-09-11-2023r\/#article","isPartOf":{"@id":"http:\/\/biblioteka-gabin.pl\/index.php\/2023\/11\/14\/spotkanie-z-bajka-w-przedszkolu-samorzadowym-w-dobrzykowie-09-11-2023r\/"},"author":{"name":"admin","@id":"https:\/\/biblioteka-gabin.pl\/#\/schema\/person\/2067b97c24663d987ef6ef95bed7c99a"},"headline":"&#8222;Spotkanie z bajk\u0105&#8221; w Przedszkolu Samorz\u0105dowym w Dobrzykowie (09.11.2023r.)","datePublished":"2023-11-14T00:00:00+00:00","mainEntityOfPage":{"@id":"http:\/\/biblioteka-gabin.pl\/index.php\/2023\/11\/14\/spotkanie-z-bajka-w-przedszkolu-samorzadowym-w-dobrzykowie-09-11-2023r\/"},"wordCount":274,"commentCount":0,"publisher":{"@id":"https:\/\/biblioteka-gabin.pl\/#organization"},"image":{"@id":"http:\/\/biblioteka-gabin.pl\/index.php\/2023\/11\/14\/spotkanie-z-bajka-w-przedszkolu-samorzadowym-w-dobrzykowie-09-11-2023r\/#primaryimage"},"thumbnailUrl":"https:\/\/biblioteka-gabin.pl\/wp-content\/uploads\/archive\/pliki\/obraz\/2023_\/listopad\/380628261_872835944454947_6838193212089891848_n.jpg","articleSection":["Main"],"inLanguage":"pl-PL","potentialAction":[{"@type":"CommentAction","name":"Comment","target":["http:\/\/biblioteka-gabin.pl\/index.php\/2023\/11\/14\/spotkanie-z-bajka-w-przedszkolu-samorzadowym-w-dobrzykowie-09-11-2023r\/#respond"]}]},{"@type":"WebPage","@id":"http:\/\/biblioteka-gabin.pl\/index.php\/2023\/11\/14\/spotkanie-z-bajka-w-przedszkolu-samorzadowym-w-dobrzykowie-09-11-2023r\/","url":"http:\/\/biblioteka-gabin.pl\/index.php\/2023\/11\/14\/spotkanie-z-bajka-w-przedszkolu-samorzadowym-w-dobrzykowie-09-11-2023r\/","name":"\"Spotkanie z bajk\u0105\" w Przedszkolu Samorz\u0105dowym w Dobrzykowie (09.11.2023r.) - Miejsko-Gminna Biblioteka Publiczna w G\u0105binie","isPartOf":{"@id":"https:\/\/biblioteka-gabin.pl\/#website"},"primaryImageOfPage":{"@id":"http:\/\/biblioteka-gabin.pl\/index.php\/2023\/11\/14\/spotkanie-z-bajka-w-przedszkolu-samorzadowym-w-dobrzykowie-09-11-2023r\/#primaryimage"},"image":{"@id":"http:\/\/biblioteka-gabin.pl\/index.php\/2023\/11\/14\/spotkanie-z-bajka-w-przedszkolu-samorzadowym-w-dobrzykowie-09-11-2023r\/#primaryimage"},"thumbnailUrl":"https:\/\/biblioteka-gabin.pl\/wp-content\/uploads\/archive\/pliki\/obraz\/2023_\/listopad\/380628261_872835944454947_6838193212089891848_n.jpg","datePublished":"2023-11-14T00:00:00+00:00","breadcrumb":{"@id":"http:\/\/biblioteka-gabin.pl\/index.php\/2023\/11\/14\/spotkanie-z-bajka-w-przedszkolu-samorzadowym-w-dobrzykowie-09-11-2023r\/#breadcrumb"},"inLanguage":"pl-PL","potentialAction":[{"@type":"ReadAction","target":["http:\/\/biblioteka-gabin.pl\/index.php\/2023\/11\/14\/spotkanie-z-bajka-w-przedszkolu-samorzadowym-w-dobrzykowie-09-11-2023r\/"]}]},{"@type":"ImageObject","inLanguage":"pl-PL","@id":"http:\/\/biblioteka-gabin.pl\/index.php\/2023\/11\/14\/spotkanie-z-bajka-w-przedszkolu-samorzadowym-w-dobrzykowie-09-11-2023r\/#primaryimage","url":"https:\/\/biblioteka-gabin.pl\/wp-content\/uploads\/archive\/pliki\/obraz\/2023_\/listopad\/380628261_872835944454947_6838193212089891848_n.jpg","contentUrl":"https:\/\/biblioteka-gabin.pl\/wp-content\/uploads\/archive\/pliki\/obraz\/2023_\/listopad\/380628261_872835944454947_6838193212089891848_n.jpg"},{"@type":"BreadcrumbList","@id":"http:\/\/biblioteka-gabin.pl\/index.php\/2023\/11\/14\/spotkanie-z-bajka-w-przedszkolu-samorzadowym-w-dobrzykowie-09-11-2023r\/#breadcrumb","itemListElement":[{"@type":"ListItem","position":1,"name":"Strona g\u0142\u00f3wna","item":"https:\/\/biblioteka-gabin.pl\/"},{"@type":"ListItem","position":2,"name":"&#8222;Spotkanie z bajk\u0105&#8221; w Przedszkolu Samorz\u0105dowym w Dobrzykowie (09.11.2023r.)"}]},{"@type":"WebSite","@id":"https:\/\/biblioteka-gabin.pl\/#website","url":"https:\/\/biblioteka-gabin.pl\/","name":"Miejsko-Gminna Biblioteka Publiczna w G\u0105binie","description":"","publisher":{"@id":"https:\/\/biblioteka-gabin.pl\/#organization"},"potentialAction":[{"@type":"SearchAction","target":{"@type":"EntryPoint","urlTemplate":"https:\/\/biblioteka-gabin.pl\/?s={search_term_string}"},"query-input":{"@type":"PropertyValueSpecification","valueRequired":true,"valueName":"search_term_string"}}],"inLanguage":"pl-PL"},{"@type":"Organization","@id":"https:\/\/biblioteka-gabin.pl\/#organization","name":"Miejsko-Gminna Biblioteka Publiczna w G\u0105binie","url":"https:\/\/biblioteka-gabin.pl\/","logo":{"@type":"ImageObject","inLanguage":"pl-PL","@id":"https:\/\/biblioteka-gabin.pl\/#\/schema\/logo\/image\/","url":"https:\/\/biblioteka-gabin.pl\/wp-content\/uploads\/2025\/03\/logo-biblioteka-2-1657013691-1.jpg","contentUrl":"https:\/\/biblioteka-gabin.pl\/wp-content\/uploads\/2025\/03\/logo-biblioteka-2-1657013691-1.jpg","width":1600,"height":772,"caption":"Miejsko-Gminna Biblioteka Publiczna w G\u0105binie"},"image":{"@id":"https:\/\/biblioteka-gabin.pl\/#\/schema\/logo\/image\/"},"sameAs":["https:\/\/www.facebook.com\/bibliotekagabin","https:\/\/www.youtube.com\/@mgbpgabin9392"]},{"@type":"Person","@id":"https:\/\/biblioteka-gabin.pl\/#\/schema\/person\/2067b97c24663d987ef6ef95bed7c99a","name":"admin","image":{"@type":"ImageObject","inLanguage":"pl-PL","@id":"https:\/\/secure.gravatar.com\/avatar\/e1843904e97b4e376a0fc90ae10372cd31bce9b207a7a3d2ca68fc7ca7e4174c?s=96&d=mm&r=g","url":"https:\/\/secure.gravatar.com\/avatar\/e1843904e97b4e376a0fc90ae10372cd31bce9b207a7a3d2ca68fc7ca7e4174c?s=96&d=mm&r=g","contentUrl":"https:\/\/secure.gravatar.com\/avatar\/e1843904e97b4e376a0fc90ae10372cd31bce9b207a7a3d2ca68fc7ca7e4174c?s=96&d=mm&r=g","caption":"admin"},"sameAs":["http:\/\/strona.biblioteka-gabin.pl"],"url":"https:\/\/biblioteka-gabin.pl\/index.php\/author\/admin\/"}]}},"_links":{"self":[{"href":"https:\/\/biblioteka-gabin.pl\/index.php\/wp-json\/wp\/v2\/posts\/8481","targetHints":{"allow":["GET"]}}],"collection":[{"href":"https:\/\/biblioteka-gabin.pl\/index.php\/wp-json\/wp\/v2\/posts"}],"about":[{"href":"https:\/\/biblioteka-gabin.pl\/index.php\/wp-json\/wp\/v2\/types\/post"}],"author":[{"embeddable":true,"href":"https:\/\/biblioteka-gabin.pl\/index.php\/wp-json\/wp\/v2\/users\/1"}],"replies":[{"embeddable":true,"href":"https:\/\/biblioteka-gabin.pl\/index.php\/wp-json\/wp\/v2\/comments?post=8481"}],"version-history":[{"count":0,"href":"https:\/\/biblioteka-gabin.pl\/index.php\/wp-json\/wp\/v2\/posts\/8481\/revisions"}],"wp:attachment":[{"href":"https:\/\/biblioteka-gabin.pl\/index.php\/wp-json\/wp\/v2\/media?parent=8481"}],"wp:term":[{"taxonomy":"category","embeddable":true,"href":"https:\/\/biblioteka-gabin.pl\/index.php\/wp-json\/wp\/v2\/categories?post=8481"},{"taxonomy":"post_tag","embeddable":true,"href":"https:\/\/biblioteka-gabin.pl\/index.php\/wp-json\/wp\/v2\/tags?post=8481"}],"curies":[{"name":"wp","href":"https:\/\/api.w.org\/{rel}","templated":true}]}}