{"id":8489,"date":"2023-11-24T00:00:00","date_gmt":"2023-11-24T00:00:00","guid":{"rendered":"https:\/\/biblioteka-gabin.pl\/index.php\/2023\/11\/24\/spotkanie-z-bajka-w-przedszkolu-samorzadowym-w-dobrzykowie-23-11-2023r\/"},"modified":"2023-11-24T00:00:00","modified_gmt":"2023-11-24T00:00:00","slug":"spotkanie-z-bajka-w-przedszkolu-samorzadowym-w-dobrzykowie-23-11-2023r","status":"publish","type":"post","link":"https:\/\/biblioteka-gabin.pl\/index.php\/2023\/11\/24\/spotkanie-z-bajka-w-przedszkolu-samorzadowym-w-dobrzykowie-23-11-2023r\/","title":{"rendered":"&#8222;Spotkanie z bajk\u0105&#8221; w Przedszkolu Samorz\u0105dowym w Dobrzykowie (23.11.2023r.)"},"content":{"rendered":"<p>\u015awi\u0119ta Bo\u017cego Narodzenia zbli\u017caj\u0105 si\u0119 do nas wielkimi krokami zatem najstarsza grupa \u201eSowy\u201d narysowa\u0142a list do Miko\u0142aja, w kt\u00f3rym nie mog\u0142o zabrakn\u0105\u0107 wymarzonych prezent\u00f3w.<br \/>\n\u00a0\u00a0\u00a0 Wszyscy si\u0119gn\u0119li po kredki, flamastry i z rado\u015bci\u0105 zabrali si\u0119 do rysowania. Opr\u00f3cz tych wymarzonych rzeczy, na kartce pojawi\u0142a si\u0119 tak\u017ce posta\u0107 Miko\u0142aja, choinki, gwiazdki. Musz\u0119 przyzna\u0107, \u017ce dzieci podesz\u0142y bardzo powa\u017cnie do zadania, wykaza\u0142y si\u0119 du\u017cym talentem, ka\u017cdy na swojej pracy podpisa\u0142 si\u0119 w\u0142asnym imieniem. Niekt\u00f3rzy poprosili mnie o pomoc w napisaniu nazw rzeczy, o kt\u00f3re b\u0119d\u0105 prosi\u0107 Miko\u0142aja. Wi\u0119kszo\u015b\u0107 tych pi\u0119knych list\u00f3w dzieci przekaza\u0142y na moje r\u0119ce, zabra\u0142am je ze sob\u0105 do Biblioteki.<br \/>\n\u00a0\u00a0 \u00a0\u00a0Z grup\u0105 \u201eJag\u00f3dek\u201d porozmawia\u0142am o zwierz\u0119tach, kt\u00f3re zostaj\u0105 bez opieki i l\u0105duj\u0105 w schronisku. Do pomocy pos\u0142u\u017cy\u0142a mi ksi\u0105\u017cka J. Tylmana pt. \u201eMi\u0142o\u015b\u0107 na czterech \u0142apach\u201d. Po przeczytaniu dostrzeg\u0142am smutek, zmartwienie na twarzach przedszkolak\u00f3w, co mo\u017ce \u015bwiadczy\u0107 tylko o tym, \u017ce maj\u0105 dobre serduszka.<br \/>\n\u00a0\u00a0 Ponadto przeczyta\u0142am jeszcze ksi\u0105\u017ck\u0119 L.E. Anderson pt. \u201eNie chc\u0119 by\u0107 ma\u0142y\u201d.<br \/>\n\u00a0\u00a0 Wszystkim uczestnikom spotkania serdecznie dzi\u0119kuj\u0119, pi\u0119kne listy mam nadziej\u0119 zostan\u0105 odczytane przez Miko\u0142aja, wi\u0119c ze swojej strony \u017cycz\u0119 by\u015bcie otrzymali to, o czym marzycie. A tym samym m\u00f3wi\u0119 do mi\u0142ego zobaczenia.<br \/>\n\u00a0\u00a0\u00a0\u00a0\u00a0\u00a0\u00a0\u00a0\u00a0\u00a0\u00a0\u00a0\u00a0\u00a0\u00a0\u00a0\u00a0\u00a0\u00a0\u00a0\u00a0\u00a0\u00a0\u00a0\u00a0\u00a0\u00a0\u00a0\u00a0\u00a0\u00a0\u00a0\u00a0\u00a0\u00a0\u00a0\u00a0\u00a0\u00a0\u00a0\u00a0\u00a0\u00a0\u00a0\u00a0\u00a0\u00a0\u00a0\u00a0\u00a0\u00a0\u00a0 Opr. Joanna Olejniczak<br \/>\n<img src='https:\/\/biblioteka-gabin.pl\/wp-content\/uploads\/archive\/pliki\/obraz\/2023_\/listopad\/393106991_1051439965890617_8101484081996300057_n.jpg'><br \/>\n<a href='https:\/\/biblioteka-gabin.pl\/wp-content\/uploads\/archive\/galleries\/546\/3939151616468567906925193035490721086266640n-792c17f6f2.jpg'><img style='max-height:300px;' src='https:\/\/biblioteka-gabin.pl\/wp-content\/uploads\/archive\/galleries\/546\/3939151616468567906925193035490721086266640n-792c17f6f2.jpg'><\/a><br \/>\n<a href='https:\/\/biblioteka-gabin.pl\/wp-content\/uploads\/archive\/galleries\/546\/403618859711788827545477501602069112985506n-020348a3da.jpg'><img style='max-height:300px;' src='https:\/\/biblioteka-gabin.pl\/wp-content\/uploads\/archive\/galleries\/546\/403618859711788827545477501602069112985506n-020348a3da.jpg'><\/a><br \/>\n<a href='https:\/\/biblioteka-gabin.pl\/wp-content\/uploads\/archive\/galleries\/546\/39310699110514399658906178101484081996300057n-e32c0d6e98.jpg'><img style='max-height:300px;' src='https:\/\/biblioteka-gabin.pl\/wp-content\/uploads\/archive\/galleries\/546\/39310699110514399658906178101484081996300057n-e32c0d6e98.jpg'><\/a><br \/>\n<a href='https:\/\/biblioteka-gabin.pl\/wp-content\/uploads\/archive\/galleries\/546\/40362591818359865468712496993893064508944256n-77cb463b04.jpg'><img style='max-height:300px;' src='https:\/\/biblioteka-gabin.pl\/wp-content\/uploads\/archive\/galleries\/546\/40362591818359865468712496993893064508944256n-77cb463b04.jpg'><\/a><br \/>\n<a href='https:\/\/biblioteka-gabin.pl\/wp-content\/uploads\/archive\/galleries\/546\/40362585217229086815111019103094928425952737n-8b216731cb.jpg'><img style='max-height:300px;' src='https:\/\/biblioteka-gabin.pl\/wp-content\/uploads\/archive\/galleries\/546\/40362585217229086815111019103094928425952737n-8b216731cb.jpg'><\/a><br \/>\n<a href='https:\/\/biblioteka-gabin.pl\/wp-content\/uploads\/archive\/galleries\/546\/4036227923162643311692312970349159897952921n-82b44e3763.jpg'><img style='max-height:300px;' src='https:\/\/biblioteka-gabin.pl\/wp-content\/uploads\/archive\/galleries\/546\/4036227923162643311692312970349159897952921n-82b44e3763.jpg'><\/a><br \/>\n<a href='https:\/\/biblioteka-gabin.pl\/wp-content\/uploads\/archive\/galleries\/546\/39384938430055567229140606903244479878417771n-196e943bb0.jpg'><img style='max-height:300px;' src='https:\/\/biblioteka-gabin.pl\/wp-content\/uploads\/archive\/galleries\/546\/39384938430055567229140606903244479878417771n-196e943bb0.jpg'><\/a><br \/>\n<a href='https:\/\/biblioteka-gabin.pl\/wp-content\/uploads\/archive\/galleries\/546\/3874900131824777849396685702740612435070648n-4b522e34f2.jpg'><img style='max-height:300px;' src='https:\/\/biblioteka-gabin.pl\/wp-content\/uploads\/archive\/galleries\/546\/3874900131824777849396685702740612435070648n-4b522e34f2.jpg'><\/a><br \/>\n<a href='https:\/\/biblioteka-gabin.pl\/wp-content\/uploads\/archive\/galleries\/546\/38732309711703116539510343172556258573412328n-6c5a86425f.jpg'><img style='max-height:300px;' src='https:\/\/biblioteka-gabin.pl\/wp-content\/uploads\/archive\/galleries\/546\/38732309711703116539510343172556258573412328n-6c5a86425f.jpg'><\/a><\/p>\n","protected":false},"excerpt":{"rendered":"<p>\u015awi\u0119ta Bo\u017cego Narodzenia zbli\u017caj\u0105 si\u0119 do nas wielkimi krokami zatem<\/p>\n","protected":false},"author":1,"featured_media":0,"comment_status":"open","ping_status":"open","sticky":false,"template":"","format":"standard","meta":{"footnotes":""},"categories":[36],"tags":[],"class_list":["post-8489","post","type-post","status-publish","format-standard","hentry","category-main"],"yoast_head":"<!-- This site is optimized with the Yoast SEO plugin v27.4 - https:\/\/yoast.com\/product\/yoast-seo-wordpress\/ -->\n<title>&quot;Spotkanie z bajk\u0105&quot; w Przedszkolu Samorz\u0105dowym w Dobrzykowie (23.11.2023r.) - Miejsko-Gminna Biblioteka Publiczna w G\u0105binie<\/title>\n<meta name=\"robots\" content=\"index, follow, max-snippet:-1, max-image-preview:large, max-video-preview:-1\" \/>\n<link rel=\"canonical\" href=\"https:\/\/biblioteka-gabin.pl\/index.php\/2023\/11\/24\/spotkanie-z-bajka-w-przedszkolu-samorzadowym-w-dobrzykowie-23-11-2023r\/\" \/>\n<meta property=\"og:locale\" content=\"pl_PL\" \/>\n<meta property=\"og:type\" content=\"article\" \/>\n<meta property=\"og:title\" content=\"&quot;Spotkanie z bajk\u0105&quot; w Przedszkolu Samorz\u0105dowym w Dobrzykowie (23.11.2023r.) - Miejsko-Gminna Biblioteka Publiczna w G\u0105binie\" \/>\n<meta property=\"og:description\" content=\"\u015awi\u0119ta Bo\u017cego Narodzenia zbli\u017caj\u0105 si\u0119 do nas wielkimi krokami zatem\" \/>\n<meta property=\"og:url\" content=\"https:\/\/biblioteka-gabin.pl\/index.php\/2023\/11\/24\/spotkanie-z-bajka-w-przedszkolu-samorzadowym-w-dobrzykowie-23-11-2023r\/\" \/>\n<meta property=\"og:site_name\" content=\"Miejsko-Gminna Biblioteka Publiczna w G\u0105binie\" \/>\n<meta property=\"article:publisher\" content=\"https:\/\/www.facebook.com\/bibliotekagabin\" \/>\n<meta property=\"article:published_time\" content=\"2023-11-24T00:00:00+00:00\" \/>\n<meta property=\"og:image\" content=\"https:\/\/biblioteka-gabin.pl\/wp-content\/uploads\/archive\/pliki\/obraz\/2023_\/listopad\/393106991_1051439965890617_8101484081996300057_n.jpg\" \/>\n<meta name=\"author\" content=\"admin\" \/>\n<meta name=\"twitter:card\" content=\"summary_large_image\" \/>\n<meta name=\"twitter:label1\" content=\"Napisane przez\" \/>\n\t<meta name=\"twitter:data1\" content=\"admin\" \/>\n\t<meta name=\"twitter:label2\" content=\"Szacowany czas czytania\" \/>\n\t<meta name=\"twitter:data2\" content=\"1 minuta\" \/>\n<script type=\"application\/ld+json\" class=\"yoast-schema-graph\">{\"@context\":\"https:\\\/\\\/schema.org\",\"@graph\":[{\"@type\":\"Article\",\"@id\":\"https:\\\/\\\/biblioteka-gabin.pl\\\/index.php\\\/2023\\\/11\\\/24\\\/spotkanie-z-bajka-w-przedszkolu-samorzadowym-w-dobrzykowie-23-11-2023r\\\/#article\",\"isPartOf\":{\"@id\":\"https:\\\/\\\/biblioteka-gabin.pl\\\/index.php\\\/2023\\\/11\\\/24\\\/spotkanie-z-bajka-w-przedszkolu-samorzadowym-w-dobrzykowie-23-11-2023r\\\/\"},\"author\":{\"name\":\"admin\",\"@id\":\"https:\\\/\\\/biblioteka-gabin.pl\\\/#\\\/schema\\\/person\\\/2067b97c24663d987ef6ef95bed7c99a\"},\"headline\":\"&#8222;Spotkanie z bajk\u0105&#8221; w Przedszkolu Samorz\u0105dowym w Dobrzykowie (23.11.2023r.)\",\"datePublished\":\"2023-11-24T00:00:00+00:00\",\"mainEntityOfPage\":{\"@id\":\"https:\\\/\\\/biblioteka-gabin.pl\\\/index.php\\\/2023\\\/11\\\/24\\\/spotkanie-z-bajka-w-przedszkolu-samorzadowym-w-dobrzykowie-23-11-2023r\\\/\"},\"wordCount\":253,\"commentCount\":0,\"publisher\":{\"@id\":\"https:\\\/\\\/biblioteka-gabin.pl\\\/#organization\"},\"image\":{\"@id\":\"https:\\\/\\\/biblioteka-gabin.pl\\\/index.php\\\/2023\\\/11\\\/24\\\/spotkanie-z-bajka-w-przedszkolu-samorzadowym-w-dobrzykowie-23-11-2023r\\\/#primaryimage\"},\"thumbnailUrl\":\"https:\\\/\\\/biblioteka-gabin.pl\\\/wp-content\\\/uploads\\\/archive\\\/pliki\\\/obraz\\\/2023_\\\/listopad\\\/393106991_1051439965890617_8101484081996300057_n.jpg\",\"articleSection\":[\"Main\"],\"inLanguage\":\"pl-PL\",\"potentialAction\":[{\"@type\":\"CommentAction\",\"name\":\"Comment\",\"target\":[\"https:\\\/\\\/biblioteka-gabin.pl\\\/index.php\\\/2023\\\/11\\\/24\\\/spotkanie-z-bajka-w-przedszkolu-samorzadowym-w-dobrzykowie-23-11-2023r\\\/#respond\"]}]},{\"@type\":\"WebPage\",\"@id\":\"https:\\\/\\\/biblioteka-gabin.pl\\\/index.php\\\/2023\\\/11\\\/24\\\/spotkanie-z-bajka-w-przedszkolu-samorzadowym-w-dobrzykowie-23-11-2023r\\\/\",\"url\":\"https:\\\/\\\/biblioteka-gabin.pl\\\/index.php\\\/2023\\\/11\\\/24\\\/spotkanie-z-bajka-w-przedszkolu-samorzadowym-w-dobrzykowie-23-11-2023r\\\/\",\"name\":\"\\\"Spotkanie z bajk\u0105\\\" w Przedszkolu Samorz\u0105dowym w Dobrzykowie (23.11.2023r.) - Miejsko-Gminna Biblioteka Publiczna w G\u0105binie\",\"isPartOf\":{\"@id\":\"https:\\\/\\\/biblioteka-gabin.pl\\\/#website\"},\"primaryImageOfPage\":{\"@id\":\"https:\\\/\\\/biblioteka-gabin.pl\\\/index.php\\\/2023\\\/11\\\/24\\\/spotkanie-z-bajka-w-przedszkolu-samorzadowym-w-dobrzykowie-23-11-2023r\\\/#primaryimage\"},\"image\":{\"@id\":\"https:\\\/\\\/biblioteka-gabin.pl\\\/index.php\\\/2023\\\/11\\\/24\\\/spotkanie-z-bajka-w-przedszkolu-samorzadowym-w-dobrzykowie-23-11-2023r\\\/#primaryimage\"},\"thumbnailUrl\":\"https:\\\/\\\/biblioteka-gabin.pl\\\/wp-content\\\/uploads\\\/archive\\\/pliki\\\/obraz\\\/2023_\\\/listopad\\\/393106991_1051439965890617_8101484081996300057_n.jpg\",\"datePublished\":\"2023-11-24T00:00:00+00:00\",\"breadcrumb\":{\"@id\":\"https:\\\/\\\/biblioteka-gabin.pl\\\/index.php\\\/2023\\\/11\\\/24\\\/spotkanie-z-bajka-w-przedszkolu-samorzadowym-w-dobrzykowie-23-11-2023r\\\/#breadcrumb\"},\"inLanguage\":\"pl-PL\",\"potentialAction\":[{\"@type\":\"ReadAction\",\"target\":[\"https:\\\/\\\/biblioteka-gabin.pl\\\/index.php\\\/2023\\\/11\\\/24\\\/spotkanie-z-bajka-w-przedszkolu-samorzadowym-w-dobrzykowie-23-11-2023r\\\/\"]}]},{\"@type\":\"ImageObject\",\"inLanguage\":\"pl-PL\",\"@id\":\"https:\\\/\\\/biblioteka-gabin.pl\\\/index.php\\\/2023\\\/11\\\/24\\\/spotkanie-z-bajka-w-przedszkolu-samorzadowym-w-dobrzykowie-23-11-2023r\\\/#primaryimage\",\"url\":\"https:\\\/\\\/biblioteka-gabin.pl\\\/wp-content\\\/uploads\\\/archive\\\/pliki\\\/obraz\\\/2023_\\\/listopad\\\/393106991_1051439965890617_8101484081996300057_n.jpg\",\"contentUrl\":\"https:\\\/\\\/biblioteka-gabin.pl\\\/wp-content\\\/uploads\\\/archive\\\/pliki\\\/obraz\\\/2023_\\\/listopad\\\/393106991_1051439965890617_8101484081996300057_n.jpg\"},{\"@type\":\"BreadcrumbList\",\"@id\":\"https:\\\/\\\/biblioteka-gabin.pl\\\/index.php\\\/2023\\\/11\\\/24\\\/spotkanie-z-bajka-w-przedszkolu-samorzadowym-w-dobrzykowie-23-11-2023r\\\/#breadcrumb\",\"itemListElement\":[{\"@type\":\"ListItem\",\"position\":1,\"name\":\"Strona g\u0142\u00f3wna\",\"item\":\"https:\\\/\\\/biblioteka-gabin.pl\\\/\"},{\"@type\":\"ListItem\",\"position\":2,\"name\":\"&#8222;Spotkanie z bajk\u0105&#8221; w Przedszkolu Samorz\u0105dowym w Dobrzykowie (23.11.2023r.)\"}]},{\"@type\":\"WebSite\",\"@id\":\"https:\\\/\\\/biblioteka-gabin.pl\\\/#website\",\"url\":\"https:\\\/\\\/biblioteka-gabin.pl\\\/\",\"name\":\"Miejsko-Gminna Biblioteka Publiczna w G\u0105binie\",\"description\":\"\",\"publisher\":{\"@id\":\"https:\\\/\\\/biblioteka-gabin.pl\\\/#organization\"},\"potentialAction\":[{\"@type\":\"SearchAction\",\"target\":{\"@type\":\"EntryPoint\",\"urlTemplate\":\"https:\\\/\\\/biblioteka-gabin.pl\\\/?s={search_term_string}\"},\"query-input\":{\"@type\":\"PropertyValueSpecification\",\"valueRequired\":true,\"valueName\":\"search_term_string\"}}],\"inLanguage\":\"pl-PL\"},{\"@type\":\"Organization\",\"@id\":\"https:\\\/\\\/biblioteka-gabin.pl\\\/#organization\",\"name\":\"Miejsko-Gminna Biblioteka Publiczna w G\u0105binie\",\"url\":\"https:\\\/\\\/biblioteka-gabin.pl\\\/\",\"logo\":{\"@type\":\"ImageObject\",\"inLanguage\":\"pl-PL\",\"@id\":\"https:\\\/\\\/biblioteka-gabin.pl\\\/#\\\/schema\\\/logo\\\/image\\\/\",\"url\":\"https:\\\/\\\/biblioteka-gabin.pl\\\/wp-content\\\/uploads\\\/2025\\\/03\\\/logo-biblioteka-2-1657013691-1.jpg\",\"contentUrl\":\"https:\\\/\\\/biblioteka-gabin.pl\\\/wp-content\\\/uploads\\\/2025\\\/03\\\/logo-biblioteka-2-1657013691-1.jpg\",\"width\":1600,\"height\":772,\"caption\":\"Miejsko-Gminna Biblioteka Publiczna w G\u0105binie\"},\"image\":{\"@id\":\"https:\\\/\\\/biblioteka-gabin.pl\\\/#\\\/schema\\\/logo\\\/image\\\/\"},\"sameAs\":[\"https:\\\/\\\/www.facebook.com\\\/bibliotekagabin\",\"https:\\\/\\\/www.youtube.com\\\/@mgbpgabin9392\"]},{\"@type\":\"Person\",\"@id\":\"https:\\\/\\\/biblioteka-gabin.pl\\\/#\\\/schema\\\/person\\\/2067b97c24663d987ef6ef95bed7c99a\",\"name\":\"admin\",\"image\":{\"@type\":\"ImageObject\",\"inLanguage\":\"pl-PL\",\"@id\":\"https:\\\/\\\/secure.gravatar.com\\\/avatar\\\/e1843904e97b4e376a0fc90ae10372cd31bce9b207a7a3d2ca68fc7ca7e4174c?s=96&d=mm&r=g\",\"url\":\"https:\\\/\\\/secure.gravatar.com\\\/avatar\\\/e1843904e97b4e376a0fc90ae10372cd31bce9b207a7a3d2ca68fc7ca7e4174c?s=96&d=mm&r=g\",\"contentUrl\":\"https:\\\/\\\/secure.gravatar.com\\\/avatar\\\/e1843904e97b4e376a0fc90ae10372cd31bce9b207a7a3d2ca68fc7ca7e4174c?s=96&d=mm&r=g\",\"caption\":\"admin\"},\"sameAs\":[\"http:\\\/\\\/strona.biblioteka-gabin.pl\"],\"url\":\"https:\\\/\\\/biblioteka-gabin.pl\\\/index.php\\\/author\\\/admin\\\/\"}]}<\/script>\n<!-- \/ Yoast SEO plugin. -->","yoast_head_json":{"title":"\"Spotkanie z bajk\u0105\" w Przedszkolu Samorz\u0105dowym w Dobrzykowie (23.11.2023r.) - Miejsko-Gminna Biblioteka Publiczna w G\u0105binie","robots":{"index":"index","follow":"follow","max-snippet":"max-snippet:-1","max-image-preview":"max-image-preview:large","max-video-preview":"max-video-preview:-1"},"canonical":"https:\/\/biblioteka-gabin.pl\/index.php\/2023\/11\/24\/spotkanie-z-bajka-w-przedszkolu-samorzadowym-w-dobrzykowie-23-11-2023r\/","og_locale":"pl_PL","og_type":"article","og_title":"\"Spotkanie z bajk\u0105\" w Przedszkolu Samorz\u0105dowym w Dobrzykowie (23.11.2023r.) - Miejsko-Gminna Biblioteka Publiczna w G\u0105binie","og_description":"\u015awi\u0119ta Bo\u017cego Narodzenia zbli\u017caj\u0105 si\u0119 do nas wielkimi krokami zatem","og_url":"https:\/\/biblioteka-gabin.pl\/index.php\/2023\/11\/24\/spotkanie-z-bajka-w-przedszkolu-samorzadowym-w-dobrzykowie-23-11-2023r\/","og_site_name":"Miejsko-Gminna Biblioteka Publiczna w G\u0105binie","article_publisher":"https:\/\/www.facebook.com\/bibliotekagabin","article_published_time":"2023-11-24T00:00:00+00:00","og_image":[{"url":"https:\/\/biblioteka-gabin.pl\/wp-content\/uploads\/archive\/pliki\/obraz\/2023_\/listopad\/393106991_1051439965890617_8101484081996300057_n.jpg","type":"","width":"","height":""}],"author":"admin","twitter_card":"summary_large_image","twitter_misc":{"Napisane przez":"admin","Szacowany czas czytania":"1 minuta"},"schema":{"@context":"https:\/\/schema.org","@graph":[{"@type":"Article","@id":"https:\/\/biblioteka-gabin.pl\/index.php\/2023\/11\/24\/spotkanie-z-bajka-w-przedszkolu-samorzadowym-w-dobrzykowie-23-11-2023r\/#article","isPartOf":{"@id":"https:\/\/biblioteka-gabin.pl\/index.php\/2023\/11\/24\/spotkanie-z-bajka-w-przedszkolu-samorzadowym-w-dobrzykowie-23-11-2023r\/"},"author":{"name":"admin","@id":"https:\/\/biblioteka-gabin.pl\/#\/schema\/person\/2067b97c24663d987ef6ef95bed7c99a"},"headline":"&#8222;Spotkanie z bajk\u0105&#8221; w Przedszkolu Samorz\u0105dowym w Dobrzykowie (23.11.2023r.)","datePublished":"2023-11-24T00:00:00+00:00","mainEntityOfPage":{"@id":"https:\/\/biblioteka-gabin.pl\/index.php\/2023\/11\/24\/spotkanie-z-bajka-w-przedszkolu-samorzadowym-w-dobrzykowie-23-11-2023r\/"},"wordCount":253,"commentCount":0,"publisher":{"@id":"https:\/\/biblioteka-gabin.pl\/#organization"},"image":{"@id":"https:\/\/biblioteka-gabin.pl\/index.php\/2023\/11\/24\/spotkanie-z-bajka-w-przedszkolu-samorzadowym-w-dobrzykowie-23-11-2023r\/#primaryimage"},"thumbnailUrl":"https:\/\/biblioteka-gabin.pl\/wp-content\/uploads\/archive\/pliki\/obraz\/2023_\/listopad\/393106991_1051439965890617_8101484081996300057_n.jpg","articleSection":["Main"],"inLanguage":"pl-PL","potentialAction":[{"@type":"CommentAction","name":"Comment","target":["https:\/\/biblioteka-gabin.pl\/index.php\/2023\/11\/24\/spotkanie-z-bajka-w-przedszkolu-samorzadowym-w-dobrzykowie-23-11-2023r\/#respond"]}]},{"@type":"WebPage","@id":"https:\/\/biblioteka-gabin.pl\/index.php\/2023\/11\/24\/spotkanie-z-bajka-w-przedszkolu-samorzadowym-w-dobrzykowie-23-11-2023r\/","url":"https:\/\/biblioteka-gabin.pl\/index.php\/2023\/11\/24\/spotkanie-z-bajka-w-przedszkolu-samorzadowym-w-dobrzykowie-23-11-2023r\/","name":"\"Spotkanie z bajk\u0105\" w Przedszkolu Samorz\u0105dowym w Dobrzykowie (23.11.2023r.) - Miejsko-Gminna Biblioteka Publiczna w G\u0105binie","isPartOf":{"@id":"https:\/\/biblioteka-gabin.pl\/#website"},"primaryImageOfPage":{"@id":"https:\/\/biblioteka-gabin.pl\/index.php\/2023\/11\/24\/spotkanie-z-bajka-w-przedszkolu-samorzadowym-w-dobrzykowie-23-11-2023r\/#primaryimage"},"image":{"@id":"https:\/\/biblioteka-gabin.pl\/index.php\/2023\/11\/24\/spotkanie-z-bajka-w-przedszkolu-samorzadowym-w-dobrzykowie-23-11-2023r\/#primaryimage"},"thumbnailUrl":"https:\/\/biblioteka-gabin.pl\/wp-content\/uploads\/archive\/pliki\/obraz\/2023_\/listopad\/393106991_1051439965890617_8101484081996300057_n.jpg","datePublished":"2023-11-24T00:00:00+00:00","breadcrumb":{"@id":"https:\/\/biblioteka-gabin.pl\/index.php\/2023\/11\/24\/spotkanie-z-bajka-w-przedszkolu-samorzadowym-w-dobrzykowie-23-11-2023r\/#breadcrumb"},"inLanguage":"pl-PL","potentialAction":[{"@type":"ReadAction","target":["https:\/\/biblioteka-gabin.pl\/index.php\/2023\/11\/24\/spotkanie-z-bajka-w-przedszkolu-samorzadowym-w-dobrzykowie-23-11-2023r\/"]}]},{"@type":"ImageObject","inLanguage":"pl-PL","@id":"https:\/\/biblioteka-gabin.pl\/index.php\/2023\/11\/24\/spotkanie-z-bajka-w-przedszkolu-samorzadowym-w-dobrzykowie-23-11-2023r\/#primaryimage","url":"https:\/\/biblioteka-gabin.pl\/wp-content\/uploads\/archive\/pliki\/obraz\/2023_\/listopad\/393106991_1051439965890617_8101484081996300057_n.jpg","contentUrl":"https:\/\/biblioteka-gabin.pl\/wp-content\/uploads\/archive\/pliki\/obraz\/2023_\/listopad\/393106991_1051439965890617_8101484081996300057_n.jpg"},{"@type":"BreadcrumbList","@id":"https:\/\/biblioteka-gabin.pl\/index.php\/2023\/11\/24\/spotkanie-z-bajka-w-przedszkolu-samorzadowym-w-dobrzykowie-23-11-2023r\/#breadcrumb","itemListElement":[{"@type":"ListItem","position":1,"name":"Strona g\u0142\u00f3wna","item":"https:\/\/biblioteka-gabin.pl\/"},{"@type":"ListItem","position":2,"name":"&#8222;Spotkanie z bajk\u0105&#8221; w Przedszkolu Samorz\u0105dowym w Dobrzykowie (23.11.2023r.)"}]},{"@type":"WebSite","@id":"https:\/\/biblioteka-gabin.pl\/#website","url":"https:\/\/biblioteka-gabin.pl\/","name":"Miejsko-Gminna Biblioteka Publiczna w G\u0105binie","description":"","publisher":{"@id":"https:\/\/biblioteka-gabin.pl\/#organization"},"potentialAction":[{"@type":"SearchAction","target":{"@type":"EntryPoint","urlTemplate":"https:\/\/biblioteka-gabin.pl\/?s={search_term_string}"},"query-input":{"@type":"PropertyValueSpecification","valueRequired":true,"valueName":"search_term_string"}}],"inLanguage":"pl-PL"},{"@type":"Organization","@id":"https:\/\/biblioteka-gabin.pl\/#organization","name":"Miejsko-Gminna Biblioteka Publiczna w G\u0105binie","url":"https:\/\/biblioteka-gabin.pl\/","logo":{"@type":"ImageObject","inLanguage":"pl-PL","@id":"https:\/\/biblioteka-gabin.pl\/#\/schema\/logo\/image\/","url":"https:\/\/biblioteka-gabin.pl\/wp-content\/uploads\/2025\/03\/logo-biblioteka-2-1657013691-1.jpg","contentUrl":"https:\/\/biblioteka-gabin.pl\/wp-content\/uploads\/2025\/03\/logo-biblioteka-2-1657013691-1.jpg","width":1600,"height":772,"caption":"Miejsko-Gminna Biblioteka Publiczna w G\u0105binie"},"image":{"@id":"https:\/\/biblioteka-gabin.pl\/#\/schema\/logo\/image\/"},"sameAs":["https:\/\/www.facebook.com\/bibliotekagabin","https:\/\/www.youtube.com\/@mgbpgabin9392"]},{"@type":"Person","@id":"https:\/\/biblioteka-gabin.pl\/#\/schema\/person\/2067b97c24663d987ef6ef95bed7c99a","name":"admin","image":{"@type":"ImageObject","inLanguage":"pl-PL","@id":"https:\/\/secure.gravatar.com\/avatar\/e1843904e97b4e376a0fc90ae10372cd31bce9b207a7a3d2ca68fc7ca7e4174c?s=96&d=mm&r=g","url":"https:\/\/secure.gravatar.com\/avatar\/e1843904e97b4e376a0fc90ae10372cd31bce9b207a7a3d2ca68fc7ca7e4174c?s=96&d=mm&r=g","contentUrl":"https:\/\/secure.gravatar.com\/avatar\/e1843904e97b4e376a0fc90ae10372cd31bce9b207a7a3d2ca68fc7ca7e4174c?s=96&d=mm&r=g","caption":"admin"},"sameAs":["http:\/\/strona.biblioteka-gabin.pl"],"url":"https:\/\/biblioteka-gabin.pl\/index.php\/author\/admin\/"}]}},"_links":{"self":[{"href":"https:\/\/biblioteka-gabin.pl\/index.php\/wp-json\/wp\/v2\/posts\/8489","targetHints":{"allow":["GET"]}}],"collection":[{"href":"https:\/\/biblioteka-gabin.pl\/index.php\/wp-json\/wp\/v2\/posts"}],"about":[{"href":"https:\/\/biblioteka-gabin.pl\/index.php\/wp-json\/wp\/v2\/types\/post"}],"author":[{"embeddable":true,"href":"https:\/\/biblioteka-gabin.pl\/index.php\/wp-json\/wp\/v2\/users\/1"}],"replies":[{"embeddable":true,"href":"https:\/\/biblioteka-gabin.pl\/index.php\/wp-json\/wp\/v2\/comments?post=8489"}],"version-history":[{"count":0,"href":"https:\/\/biblioteka-gabin.pl\/index.php\/wp-json\/wp\/v2\/posts\/8489\/revisions"}],"wp:attachment":[{"href":"https:\/\/biblioteka-gabin.pl\/index.php\/wp-json\/wp\/v2\/media?parent=8489"}],"wp:term":[{"taxonomy":"category","embeddable":true,"href":"https:\/\/biblioteka-gabin.pl\/index.php\/wp-json\/wp\/v2\/categories?post=8489"},{"taxonomy":"post_tag","embeddable":true,"href":"https:\/\/biblioteka-gabin.pl\/index.php\/wp-json\/wp\/v2\/tags?post=8489"}],"curies":[{"name":"wp","href":"https:\/\/api.w.org\/{rel}","templated":true}]}}