{"id":8520,"date":"2024-02-28T00:00:00","date_gmt":"2024-02-28T00:00:00","guid":{"rendered":"https:\/\/biblioteka-gabin.pl\/index.php\/2024\/02\/28\/spotkanie-z-bajka-w-przedszkolu-w-podlasiu-28-02-2024r\/"},"modified":"2024-02-28T00:00:00","modified_gmt":"2024-02-28T00:00:00","slug":"spotkanie-z-bajka-w-przedszkolu-w-podlasiu-28-02-2024r","status":"publish","type":"post","link":"https:\/\/biblioteka-gabin.pl\/index.php\/2024\/02\/28\/spotkanie-z-bajka-w-przedszkolu-w-podlasiu-28-02-2024r\/","title":{"rendered":"&#8222;Spotkanie z bajk\u0105&#8221; w Przedszkolu w Podlasiu (28.02.2024r.)"},"content":{"rendered":"<p>Ma\u0142y czerwony traktorek \u2013 g\u0142\u00f3wny bohater ksi\u0105\u017ceczki N. Quintart pt. \u201eTraktorek pomaga jelonkowi\u201d wywo\u0142a\u0142 ogromne zainteresowanie w grupie \u201eRybki\u201d. Historia wzruszy\u0142a najm\u0142odszych, szczeg\u00f3lnie gdy trzeba by\u0142o rozsta\u0107 si\u0119 ze zdrowym ju\u017c zwierz\u0105tkiem, by m\u00f3g\u0142 wr\u00f3ci\u0107 do lasu czyli swojego domu.<br \/>\n\u00a0\u00a0\u00a0 Kolejn\u0105 bajk\u0105, kt\u00f3r\u0105 przeczyta\u0142am by\u0142a historia roztargnionego lisa w ksi\u0105\u017cce J. Donaldson pt. \u201eLisek szuka skarpet\u201d z cyklu W D\u0119bowym Lesie. Podczas czytania- dzieci razem ze mn\u0105 poszukiwa\u0142y zaginionych skarpetek pod ukrytymi okienkami. Taka forma wsp\u00f3\u0142pracy spodoba\u0142a si\u0119 chyba wszystkim. S\u0105dz\u0105c po zaciekawionych twarzach, czekaj\u0105cych co uka\u017ce si\u0119 pod kolejnym okienkiem, ksi\u0105\u017ceczka wzbudzi\u0142a du\u017ce zainteresowanie.<br \/>\n\u00a0\u00a0 Starsza grupa \u201e\u017babek\u201d uwa\u017cnie wys\u0142ucha\u0142a bajki A. No\u017cy\u0144skiej \u2013 Demianiuk pt. \u201eJak kot z psem\u201d, w kt\u00f3rej to dotychczasowy wr\u00f3g staje si\u0119 naszym pomocnikiem i partnerem do przyja\u017ani. Dzieci przekona\u0142y si\u0119, \u017ce pewne rzeczy lepiej jest robi\u0107 wsp\u00f3lnie ni\u017c w pojedynk\u0119.<br \/>\n\u00a0\u00a0\u00a0 Kolejna przeczytane przeze mnie ksi\u0105\u017cka A. Antosiewicz pt. \u201eO misiu, kt\u00f3ry ba\u0142 si\u0119 k\u0105pieli, czyli co si\u0119 stanie, jak przestaniemy si\u0119 my\u0107\u201d z serii M\u0105dre bajki dobranocki &#8211; rozbawi\u0142a wszystkich uczestnik\u00f3w spotkania. Aby nie mierzy\u0107 si\u0119 z pewnymi przykrymi incydentami jakie prze\u017cy\u0142 mi\u015b, lepiej \u017cy\u0107 przyja\u017anie z wod\u0105.<br \/>\n\u00a0\u00a0\u00a0 Dzi\u0119kuj\u0119 wszystkim uczestnikom za spotkanie, kt\u00f3re wspomina\u0107 b\u0119d\u0119 z ogromn\u0105 rado\u015bci\u0105 i ju\u017c wyczekuj\u0119 kolejnego. A tym samym m\u00f3wi\u0119: do mi\u0142ego zobaczenia.<br \/>\n\u00a0\u00a0\u00a0\u00a0\u00a0\u00a0\u00a0\u00a0\u00a0\u00a0\u00a0\u00a0\u00a0\u00a0\u00a0\u00a0\u00a0\u00a0\u00a0\u00a0\u00a0\u00a0\u00a0\u00a0\u00a0\u00a0\u00a0\u00a0\u00a0\u00a0\u00a0\u00a0\u00a0\u00a0\u00a0\u00a0\u00a0\u00a0\u00a0\u00a0\u00a0\u00a0\u00a0\u00a0\u00a0\u00a0\u00a0\u00a0\u00a0\u00a0\u00a0\u00a0 Opr. Joanna Olejniczak<br \/>\n<img src='https:\/\/biblioteka-gabin.pl\/wp-content\/uploads\/archive\/pliki\/obraz\/2024\/luty\/426563791_913871643799579_1832078477657313526_n.jpg'><br \/>\n<a href='https:\/\/biblioteka-gabin.pl\/wp-content\/uploads\/archive\/galleries\/565\/4236000667711104945211913711087917074923446n-9b369d37c9.jpg'><img style='max-height:300px;' src='https:\/\/biblioteka-gabin.pl\/wp-content\/uploads\/archive\/galleries\/565\/4236000667711104945211913711087917074923446n-9b369d37c9.jpg'><\/a><br \/>\n<a href='https:\/\/biblioteka-gabin.pl\/wp-content\/uploads\/archive\/galleries\/565\/4231474727149145138160183599489695446327191n-e1a15af3e0.jpg'><img style='max-height:300px;' src='https:\/\/biblioteka-gabin.pl\/wp-content\/uploads\/archive\/galleries\/565\/4231474727149145138160183599489695446327191n-e1a15af3e0.jpg'><\/a><br \/>\n<a href='https:\/\/biblioteka-gabin.pl\/wp-content\/uploads\/archive\/galleries\/565\/4234722593168285113786108538121956843040492n-9927a53718.jpg'><img style='max-height:300px;' src='https:\/\/biblioteka-gabin.pl\/wp-content\/uploads\/archive\/galleries\/565\/4234722593168285113786108538121956843040492n-9927a53718.jpg'><\/a><br \/>\n<a href='https:\/\/biblioteka-gabin.pl\/wp-content\/uploads\/archive\/galleries\/565\/4261024748797826104981658809687963648106507n-c78dbce668.jpg'><img style='max-height:300px;' src='https:\/\/biblioteka-gabin.pl\/wp-content\/uploads\/archive\/galleries\/565\/4261024748797826104981658809687963648106507n-c78dbce668.jpg'><\/a><br \/>\n<a href='https:\/\/biblioteka-gabin.pl\/wp-content\/uploads\/archive\/galleries\/565\/4266996216988655757436727441639418178139791n-d237ba2fe9.jpg'><img style='max-height:300px;' src='https:\/\/biblioteka-gabin.pl\/wp-content\/uploads\/archive\/galleries\/565\/4266996216988655757436727441639418178139791n-d237ba2fe9.jpg'><\/a><br \/>\n<a href='https:\/\/biblioteka-gabin.pl\/wp-content\/uploads\/archive\/galleries\/565\/4300399873184839741113695506952867091454520n-1d0cca6fae.jpg'><img style='max-height:300px;' src='https:\/\/biblioteka-gabin.pl\/wp-content\/uploads\/archive\/galleries\/565\/4300399873184839741113695506952867091454520n-1d0cca6fae.jpg'><\/a><br \/>\n<a href='https:\/\/biblioteka-gabin.pl\/wp-content\/uploads\/archive\/galleries\/565\/42651422013474461725835573359606791509179482n-f6bdf436fe.jpg'><img style='max-height:300px;' src='https:\/\/biblioteka-gabin.pl\/wp-content\/uploads\/archive\/galleries\/565\/42651422013474461725835573359606791509179482n-f6bdf436fe.jpg'><\/a><br \/>\n<a href='https:\/\/biblioteka-gabin.pl\/wp-content\/uploads\/archive\/galleries\/565\/4284209234153917143077691951883640753828651n-33bf16ca52.jpg'><img style='max-height:300px;' src='https:\/\/biblioteka-gabin.pl\/wp-content\/uploads\/archive\/galleries\/565\/4284209234153917143077691951883640753828651n-33bf16ca52.jpg'><\/a><br \/>\n<a href='https:\/\/biblioteka-gabin.pl\/wp-content\/uploads\/archive\/galleries\/565\/42844841614341983508322568263910642065846103n-68a6aedf19.jpg'><img style='max-height:300px;' src='https:\/\/biblioteka-gabin.pl\/wp-content\/uploads\/archive\/galleries\/565\/42844841614341983508322568263910642065846103n-68a6aedf19.jpg'><\/a><br \/>\n<a href='https:\/\/biblioteka-gabin.pl\/wp-content\/uploads\/archive\/galleries\/565\/4265637919138716437995791832078477657313526n-43fdbcd130.jpg'><img style='max-height:300px;' src='https:\/\/biblioteka-gabin.pl\/wp-content\/uploads\/archive\/galleries\/565\/4265637919138716437995791832078477657313526n-43fdbcd130.jpg'><\/a><br \/>\n<a href='https:\/\/biblioteka-gabin.pl\/wp-content\/uploads\/archive\/galleries\/565\/4261579261384289392451293980006654122327007n-00d8e55b66.jpg'><img style='max-height:300px;' src='https:\/\/biblioteka-gabin.pl\/wp-content\/uploads\/archive\/galleries\/565\/4261579261384289392451293980006654122327007n-00d8e55b66.jpg'><\/a><br \/>\n<a href='https:\/\/biblioteka-gabin.pl\/wp-content\/uploads\/archive\/galleries\/565\/4299973042202272143453716579230345365094832n-5b46752533.jpg'><img style='max-height:300px;' src='https:\/\/biblioteka-gabin.pl\/wp-content\/uploads\/archive\/galleries\/565\/4299973042202272143453716579230345365094832n-5b46752533.jpg'><\/a><br \/>\n<a href='https:\/\/biblioteka-gabin.pl\/wp-content\/uploads\/archive\/galleries\/565\/42054794413272426579744335956579548391554788n-aa59812dd3.jpg'><img style='max-height:300px;' src='https:\/\/biblioteka-gabin.pl\/wp-content\/uploads\/archive\/galleries\/565\/42054794413272426579744335956579548391554788n-aa59812dd3.jpg'><\/a><br \/>\n<a href='https:\/\/biblioteka-gabin.pl\/wp-content\/uploads\/archive\/galleries\/565\/4284333648622086322543161254717161474223900n-1eba853f78.jpg'><img style='max-height:300px;' src='https:\/\/biblioteka-gabin.pl\/wp-content\/uploads\/archive\/galleries\/565\/4284333648622086322543161254717161474223900n-1eba853f78.jpg'><\/a><br \/>\n<a href='https:\/\/biblioteka-gabin.pl\/wp-content\/uploads\/archive\/galleries\/565\/42848433510342595948959381694917082410768879n-c351a93b1e.jpg'><img style='max-height:300px;' src='https:\/\/biblioteka-gabin.pl\/wp-content\/uploads\/archive\/galleries\/565\/42848433510342595948959381694917082410768879n-c351a93b1e.jpg'><\/a><br \/>\n<a href='https:\/\/biblioteka-gabin.pl\/wp-content\/uploads\/archive\/galleries\/565\/4265450414129314380766636627179402705992795n-ecc5e0c07c.jpg'><img style='max-height:300px;' src='https:\/\/biblioteka-gabin.pl\/wp-content\/uploads\/archive\/galleries\/565\/4265450414129314380766636627179402705992795n-ecc5e0c07c.jpg'><\/a><br \/>\n<a href='https:\/\/biblioteka-gabin.pl\/wp-content\/uploads\/archive\/galleries\/565\/4237380623894503237174791138044598795167669n-e532a985cd.jpg'><img style='max-height:300px;' src='https:\/\/biblioteka-gabin.pl\/wp-content\/uploads\/archive\/galleries\/565\/4237380623894503237174791138044598795167669n-e532a985cd.jpg'><\/a><\/p>\n","protected":false},"excerpt":{"rendered":"<p>Ma\u0142y czerwony traktorek \u2013 g\u0142\u00f3wny bohater ksi\u0105\u017ceczki N. Quintart pt.<\/p>\n","protected":false},"author":1,"featured_media":0,"comment_status":"open","ping_status":"open","sticky":false,"template":"","format":"standard","meta":{"footnotes":""},"categories":[36],"tags":[],"class_list":["post-8520","post","type-post","status-publish","format-standard","hentry","category-main"],"yoast_head":"<!-- This site is optimized with the Yoast SEO plugin v27.4 - https:\/\/yoast.com\/product\/yoast-seo-wordpress\/ -->\n<title>&quot;Spotkanie z bajk\u0105&quot; w Przedszkolu w Podlasiu (28.02.2024r.) - Miejsko-Gminna Biblioteka Publiczna w G\u0105binie<\/title>\n<meta name=\"robots\" content=\"index, follow, max-snippet:-1, max-image-preview:large, max-video-preview:-1\" \/>\n<link rel=\"canonical\" href=\"http:\/\/biblioteka-gabin.pl\/index.php\/2024\/02\/28\/spotkanie-z-bajka-w-przedszkolu-w-podlasiu-28-02-2024r\/\" \/>\n<meta property=\"og:locale\" content=\"pl_PL\" \/>\n<meta property=\"og:type\" content=\"article\" \/>\n<meta property=\"og:title\" content=\"&quot;Spotkanie z bajk\u0105&quot; w Przedszkolu w Podlasiu (28.02.2024r.) - Miejsko-Gminna Biblioteka Publiczna w G\u0105binie\" \/>\n<meta property=\"og:description\" content=\"Ma\u0142y czerwony traktorek \u2013 g\u0142\u00f3wny bohater ksi\u0105\u017ceczki N. Quintart pt.\" \/>\n<meta property=\"og:url\" content=\"http:\/\/biblioteka-gabin.pl\/index.php\/2024\/02\/28\/spotkanie-z-bajka-w-przedszkolu-w-podlasiu-28-02-2024r\/\" \/>\n<meta property=\"og:site_name\" content=\"Miejsko-Gminna Biblioteka Publiczna w G\u0105binie\" \/>\n<meta property=\"article:publisher\" content=\"https:\/\/www.facebook.com\/bibliotekagabin\" \/>\n<meta property=\"article:published_time\" content=\"2024-02-28T00:00:00+00:00\" \/>\n<meta property=\"og:image\" content=\"https:\/\/biblioteka-gabin.pl\/wp-content\/uploads\/archive\/pliki\/obraz\/2024\/luty\/426563791_913871643799579_1832078477657313526_n.jpg\" \/>\n<meta name=\"author\" content=\"admin\" \/>\n<meta name=\"twitter:card\" content=\"summary_large_image\" \/>\n<meta name=\"twitter:label1\" content=\"Napisane przez\" \/>\n\t<meta name=\"twitter:data1\" content=\"admin\" \/>\n\t<meta name=\"twitter:label2\" content=\"Szacowany czas czytania\" \/>\n\t<meta name=\"twitter:data2\" content=\"1 minuta\" \/>\n<script type=\"application\/ld+json\" class=\"yoast-schema-graph\">{\"@context\":\"https:\\\/\\\/schema.org\",\"@graph\":[{\"@type\":\"Article\",\"@id\":\"http:\\\/\\\/biblioteka-gabin.pl\\\/index.php\\\/2024\\\/02\\\/28\\\/spotkanie-z-bajka-w-przedszkolu-w-podlasiu-28-02-2024r\\\/#article\",\"isPartOf\":{\"@id\":\"http:\\\/\\\/biblioteka-gabin.pl\\\/index.php\\\/2024\\\/02\\\/28\\\/spotkanie-z-bajka-w-przedszkolu-w-podlasiu-28-02-2024r\\\/\"},\"author\":{\"name\":\"admin\",\"@id\":\"https:\\\/\\\/biblioteka-gabin.pl\\\/#\\\/schema\\\/person\\\/2067b97c24663d987ef6ef95bed7c99a\"},\"headline\":\"&#8222;Spotkanie z bajk\u0105&#8221; w Przedszkolu w Podlasiu (28.02.2024r.)\",\"datePublished\":\"2024-02-28T00:00:00+00:00\",\"mainEntityOfPage\":{\"@id\":\"http:\\\/\\\/biblioteka-gabin.pl\\\/index.php\\\/2024\\\/02\\\/28\\\/spotkanie-z-bajka-w-przedszkolu-w-podlasiu-28-02-2024r\\\/\"},\"wordCount\":265,\"commentCount\":0,\"publisher\":{\"@id\":\"https:\\\/\\\/biblioteka-gabin.pl\\\/#organization\"},\"image\":{\"@id\":\"http:\\\/\\\/biblioteka-gabin.pl\\\/index.php\\\/2024\\\/02\\\/28\\\/spotkanie-z-bajka-w-przedszkolu-w-podlasiu-28-02-2024r\\\/#primaryimage\"},\"thumbnailUrl\":\"https:\\\/\\\/biblioteka-gabin.pl\\\/wp-content\\\/uploads\\\/archive\\\/pliki\\\/obraz\\\/2024\\\/luty\\\/426563791_913871643799579_1832078477657313526_n.jpg\",\"articleSection\":[\"Main\"],\"inLanguage\":\"pl-PL\",\"potentialAction\":[{\"@type\":\"CommentAction\",\"name\":\"Comment\",\"target\":[\"http:\\\/\\\/biblioteka-gabin.pl\\\/index.php\\\/2024\\\/02\\\/28\\\/spotkanie-z-bajka-w-przedszkolu-w-podlasiu-28-02-2024r\\\/#respond\"]}]},{\"@type\":\"WebPage\",\"@id\":\"http:\\\/\\\/biblioteka-gabin.pl\\\/index.php\\\/2024\\\/02\\\/28\\\/spotkanie-z-bajka-w-przedszkolu-w-podlasiu-28-02-2024r\\\/\",\"url\":\"http:\\\/\\\/biblioteka-gabin.pl\\\/index.php\\\/2024\\\/02\\\/28\\\/spotkanie-z-bajka-w-przedszkolu-w-podlasiu-28-02-2024r\\\/\",\"name\":\"\\\"Spotkanie z bajk\u0105\\\" w Przedszkolu w Podlasiu (28.02.2024r.) - Miejsko-Gminna Biblioteka Publiczna w G\u0105binie\",\"isPartOf\":{\"@id\":\"https:\\\/\\\/biblioteka-gabin.pl\\\/#website\"},\"primaryImageOfPage\":{\"@id\":\"http:\\\/\\\/biblioteka-gabin.pl\\\/index.php\\\/2024\\\/02\\\/28\\\/spotkanie-z-bajka-w-przedszkolu-w-podlasiu-28-02-2024r\\\/#primaryimage\"},\"image\":{\"@id\":\"http:\\\/\\\/biblioteka-gabin.pl\\\/index.php\\\/2024\\\/02\\\/28\\\/spotkanie-z-bajka-w-przedszkolu-w-podlasiu-28-02-2024r\\\/#primaryimage\"},\"thumbnailUrl\":\"https:\\\/\\\/biblioteka-gabin.pl\\\/wp-content\\\/uploads\\\/archive\\\/pliki\\\/obraz\\\/2024\\\/luty\\\/426563791_913871643799579_1832078477657313526_n.jpg\",\"datePublished\":\"2024-02-28T00:00:00+00:00\",\"breadcrumb\":{\"@id\":\"http:\\\/\\\/biblioteka-gabin.pl\\\/index.php\\\/2024\\\/02\\\/28\\\/spotkanie-z-bajka-w-przedszkolu-w-podlasiu-28-02-2024r\\\/#breadcrumb\"},\"inLanguage\":\"pl-PL\",\"potentialAction\":[{\"@type\":\"ReadAction\",\"target\":[\"http:\\\/\\\/biblioteka-gabin.pl\\\/index.php\\\/2024\\\/02\\\/28\\\/spotkanie-z-bajka-w-przedszkolu-w-podlasiu-28-02-2024r\\\/\"]}]},{\"@type\":\"ImageObject\",\"inLanguage\":\"pl-PL\",\"@id\":\"http:\\\/\\\/biblioteka-gabin.pl\\\/index.php\\\/2024\\\/02\\\/28\\\/spotkanie-z-bajka-w-przedszkolu-w-podlasiu-28-02-2024r\\\/#primaryimage\",\"url\":\"https:\\\/\\\/biblioteka-gabin.pl\\\/wp-content\\\/uploads\\\/archive\\\/pliki\\\/obraz\\\/2024\\\/luty\\\/426563791_913871643799579_1832078477657313526_n.jpg\",\"contentUrl\":\"https:\\\/\\\/biblioteka-gabin.pl\\\/wp-content\\\/uploads\\\/archive\\\/pliki\\\/obraz\\\/2024\\\/luty\\\/426563791_913871643799579_1832078477657313526_n.jpg\"},{\"@type\":\"BreadcrumbList\",\"@id\":\"http:\\\/\\\/biblioteka-gabin.pl\\\/index.php\\\/2024\\\/02\\\/28\\\/spotkanie-z-bajka-w-przedszkolu-w-podlasiu-28-02-2024r\\\/#breadcrumb\",\"itemListElement\":[{\"@type\":\"ListItem\",\"position\":1,\"name\":\"Strona g\u0142\u00f3wna\",\"item\":\"https:\\\/\\\/biblioteka-gabin.pl\\\/\"},{\"@type\":\"ListItem\",\"position\":2,\"name\":\"&#8222;Spotkanie z bajk\u0105&#8221; w Przedszkolu w Podlasiu (28.02.2024r.)\"}]},{\"@type\":\"WebSite\",\"@id\":\"https:\\\/\\\/biblioteka-gabin.pl\\\/#website\",\"url\":\"https:\\\/\\\/biblioteka-gabin.pl\\\/\",\"name\":\"Miejsko-Gminna Biblioteka Publiczna w G\u0105binie\",\"description\":\"\",\"publisher\":{\"@id\":\"https:\\\/\\\/biblioteka-gabin.pl\\\/#organization\"},\"potentialAction\":[{\"@type\":\"SearchAction\",\"target\":{\"@type\":\"EntryPoint\",\"urlTemplate\":\"https:\\\/\\\/biblioteka-gabin.pl\\\/?s={search_term_string}\"},\"query-input\":{\"@type\":\"PropertyValueSpecification\",\"valueRequired\":true,\"valueName\":\"search_term_string\"}}],\"inLanguage\":\"pl-PL\"},{\"@type\":\"Organization\",\"@id\":\"https:\\\/\\\/biblioteka-gabin.pl\\\/#organization\",\"name\":\"Miejsko-Gminna Biblioteka Publiczna w G\u0105binie\",\"url\":\"https:\\\/\\\/biblioteka-gabin.pl\\\/\",\"logo\":{\"@type\":\"ImageObject\",\"inLanguage\":\"pl-PL\",\"@id\":\"https:\\\/\\\/biblioteka-gabin.pl\\\/#\\\/schema\\\/logo\\\/image\\\/\",\"url\":\"https:\\\/\\\/biblioteka-gabin.pl\\\/wp-content\\\/uploads\\\/2025\\\/03\\\/logo-biblioteka-2-1657013691-1.jpg\",\"contentUrl\":\"https:\\\/\\\/biblioteka-gabin.pl\\\/wp-content\\\/uploads\\\/2025\\\/03\\\/logo-biblioteka-2-1657013691-1.jpg\",\"width\":1600,\"height\":772,\"caption\":\"Miejsko-Gminna Biblioteka Publiczna w G\u0105binie\"},\"image\":{\"@id\":\"https:\\\/\\\/biblioteka-gabin.pl\\\/#\\\/schema\\\/logo\\\/image\\\/\"},\"sameAs\":[\"https:\\\/\\\/www.facebook.com\\\/bibliotekagabin\",\"https:\\\/\\\/www.youtube.com\\\/@mgbpgabin9392\"]},{\"@type\":\"Person\",\"@id\":\"https:\\\/\\\/biblioteka-gabin.pl\\\/#\\\/schema\\\/person\\\/2067b97c24663d987ef6ef95bed7c99a\",\"name\":\"admin\",\"image\":{\"@type\":\"ImageObject\",\"inLanguage\":\"pl-PL\",\"@id\":\"https:\\\/\\\/secure.gravatar.com\\\/avatar\\\/e1843904e97b4e376a0fc90ae10372cd31bce9b207a7a3d2ca68fc7ca7e4174c?s=96&d=mm&r=g\",\"url\":\"https:\\\/\\\/secure.gravatar.com\\\/avatar\\\/e1843904e97b4e376a0fc90ae10372cd31bce9b207a7a3d2ca68fc7ca7e4174c?s=96&d=mm&r=g\",\"contentUrl\":\"https:\\\/\\\/secure.gravatar.com\\\/avatar\\\/e1843904e97b4e376a0fc90ae10372cd31bce9b207a7a3d2ca68fc7ca7e4174c?s=96&d=mm&r=g\",\"caption\":\"admin\"},\"sameAs\":[\"http:\\\/\\\/strona.biblioteka-gabin.pl\"],\"url\":\"https:\\\/\\\/biblioteka-gabin.pl\\\/index.php\\\/author\\\/admin\\\/\"}]}<\/script>\n<!-- \/ Yoast SEO plugin. -->","yoast_head_json":{"title":"\"Spotkanie z bajk\u0105\" w Przedszkolu w Podlasiu (28.02.2024r.) - Miejsko-Gminna Biblioteka Publiczna w G\u0105binie","robots":{"index":"index","follow":"follow","max-snippet":"max-snippet:-1","max-image-preview":"max-image-preview:large","max-video-preview":"max-video-preview:-1"},"canonical":"http:\/\/biblioteka-gabin.pl\/index.php\/2024\/02\/28\/spotkanie-z-bajka-w-przedszkolu-w-podlasiu-28-02-2024r\/","og_locale":"pl_PL","og_type":"article","og_title":"\"Spotkanie z bajk\u0105\" w Przedszkolu w Podlasiu (28.02.2024r.) - Miejsko-Gminna Biblioteka Publiczna w G\u0105binie","og_description":"Ma\u0142y czerwony traktorek \u2013 g\u0142\u00f3wny bohater ksi\u0105\u017ceczki N. Quintart pt.","og_url":"http:\/\/biblioteka-gabin.pl\/index.php\/2024\/02\/28\/spotkanie-z-bajka-w-przedszkolu-w-podlasiu-28-02-2024r\/","og_site_name":"Miejsko-Gminna Biblioteka Publiczna w G\u0105binie","article_publisher":"https:\/\/www.facebook.com\/bibliotekagabin","article_published_time":"2024-02-28T00:00:00+00:00","og_image":[{"url":"https:\/\/biblioteka-gabin.pl\/wp-content\/uploads\/archive\/pliki\/obraz\/2024\/luty\/426563791_913871643799579_1832078477657313526_n.jpg","type":"","width":"","height":""}],"author":"admin","twitter_card":"summary_large_image","twitter_misc":{"Napisane przez":"admin","Szacowany czas czytania":"1 minuta"},"schema":{"@context":"https:\/\/schema.org","@graph":[{"@type":"Article","@id":"http:\/\/biblioteka-gabin.pl\/index.php\/2024\/02\/28\/spotkanie-z-bajka-w-przedszkolu-w-podlasiu-28-02-2024r\/#article","isPartOf":{"@id":"http:\/\/biblioteka-gabin.pl\/index.php\/2024\/02\/28\/spotkanie-z-bajka-w-przedszkolu-w-podlasiu-28-02-2024r\/"},"author":{"name":"admin","@id":"https:\/\/biblioteka-gabin.pl\/#\/schema\/person\/2067b97c24663d987ef6ef95bed7c99a"},"headline":"&#8222;Spotkanie z bajk\u0105&#8221; w Przedszkolu w Podlasiu (28.02.2024r.)","datePublished":"2024-02-28T00:00:00+00:00","mainEntityOfPage":{"@id":"http:\/\/biblioteka-gabin.pl\/index.php\/2024\/02\/28\/spotkanie-z-bajka-w-przedszkolu-w-podlasiu-28-02-2024r\/"},"wordCount":265,"commentCount":0,"publisher":{"@id":"https:\/\/biblioteka-gabin.pl\/#organization"},"image":{"@id":"http:\/\/biblioteka-gabin.pl\/index.php\/2024\/02\/28\/spotkanie-z-bajka-w-przedszkolu-w-podlasiu-28-02-2024r\/#primaryimage"},"thumbnailUrl":"https:\/\/biblioteka-gabin.pl\/wp-content\/uploads\/archive\/pliki\/obraz\/2024\/luty\/426563791_913871643799579_1832078477657313526_n.jpg","articleSection":["Main"],"inLanguage":"pl-PL","potentialAction":[{"@type":"CommentAction","name":"Comment","target":["http:\/\/biblioteka-gabin.pl\/index.php\/2024\/02\/28\/spotkanie-z-bajka-w-przedszkolu-w-podlasiu-28-02-2024r\/#respond"]}]},{"@type":"WebPage","@id":"http:\/\/biblioteka-gabin.pl\/index.php\/2024\/02\/28\/spotkanie-z-bajka-w-przedszkolu-w-podlasiu-28-02-2024r\/","url":"http:\/\/biblioteka-gabin.pl\/index.php\/2024\/02\/28\/spotkanie-z-bajka-w-przedszkolu-w-podlasiu-28-02-2024r\/","name":"\"Spotkanie z bajk\u0105\" w Przedszkolu w Podlasiu (28.02.2024r.) - Miejsko-Gminna Biblioteka Publiczna w G\u0105binie","isPartOf":{"@id":"https:\/\/biblioteka-gabin.pl\/#website"},"primaryImageOfPage":{"@id":"http:\/\/biblioteka-gabin.pl\/index.php\/2024\/02\/28\/spotkanie-z-bajka-w-przedszkolu-w-podlasiu-28-02-2024r\/#primaryimage"},"image":{"@id":"http:\/\/biblioteka-gabin.pl\/index.php\/2024\/02\/28\/spotkanie-z-bajka-w-przedszkolu-w-podlasiu-28-02-2024r\/#primaryimage"},"thumbnailUrl":"https:\/\/biblioteka-gabin.pl\/wp-content\/uploads\/archive\/pliki\/obraz\/2024\/luty\/426563791_913871643799579_1832078477657313526_n.jpg","datePublished":"2024-02-28T00:00:00+00:00","breadcrumb":{"@id":"http:\/\/biblioteka-gabin.pl\/index.php\/2024\/02\/28\/spotkanie-z-bajka-w-przedszkolu-w-podlasiu-28-02-2024r\/#breadcrumb"},"inLanguage":"pl-PL","potentialAction":[{"@type":"ReadAction","target":["http:\/\/biblioteka-gabin.pl\/index.php\/2024\/02\/28\/spotkanie-z-bajka-w-przedszkolu-w-podlasiu-28-02-2024r\/"]}]},{"@type":"ImageObject","inLanguage":"pl-PL","@id":"http:\/\/biblioteka-gabin.pl\/index.php\/2024\/02\/28\/spotkanie-z-bajka-w-przedszkolu-w-podlasiu-28-02-2024r\/#primaryimage","url":"https:\/\/biblioteka-gabin.pl\/wp-content\/uploads\/archive\/pliki\/obraz\/2024\/luty\/426563791_913871643799579_1832078477657313526_n.jpg","contentUrl":"https:\/\/biblioteka-gabin.pl\/wp-content\/uploads\/archive\/pliki\/obraz\/2024\/luty\/426563791_913871643799579_1832078477657313526_n.jpg"},{"@type":"BreadcrumbList","@id":"http:\/\/biblioteka-gabin.pl\/index.php\/2024\/02\/28\/spotkanie-z-bajka-w-przedszkolu-w-podlasiu-28-02-2024r\/#breadcrumb","itemListElement":[{"@type":"ListItem","position":1,"name":"Strona g\u0142\u00f3wna","item":"https:\/\/biblioteka-gabin.pl\/"},{"@type":"ListItem","position":2,"name":"&#8222;Spotkanie z bajk\u0105&#8221; w Przedszkolu w Podlasiu (28.02.2024r.)"}]},{"@type":"WebSite","@id":"https:\/\/biblioteka-gabin.pl\/#website","url":"https:\/\/biblioteka-gabin.pl\/","name":"Miejsko-Gminna Biblioteka Publiczna w G\u0105binie","description":"","publisher":{"@id":"https:\/\/biblioteka-gabin.pl\/#organization"},"potentialAction":[{"@type":"SearchAction","target":{"@type":"EntryPoint","urlTemplate":"https:\/\/biblioteka-gabin.pl\/?s={search_term_string}"},"query-input":{"@type":"PropertyValueSpecification","valueRequired":true,"valueName":"search_term_string"}}],"inLanguage":"pl-PL"},{"@type":"Organization","@id":"https:\/\/biblioteka-gabin.pl\/#organization","name":"Miejsko-Gminna Biblioteka Publiczna w G\u0105binie","url":"https:\/\/biblioteka-gabin.pl\/","logo":{"@type":"ImageObject","inLanguage":"pl-PL","@id":"https:\/\/biblioteka-gabin.pl\/#\/schema\/logo\/image\/","url":"https:\/\/biblioteka-gabin.pl\/wp-content\/uploads\/2025\/03\/logo-biblioteka-2-1657013691-1.jpg","contentUrl":"https:\/\/biblioteka-gabin.pl\/wp-content\/uploads\/2025\/03\/logo-biblioteka-2-1657013691-1.jpg","width":1600,"height":772,"caption":"Miejsko-Gminna Biblioteka Publiczna w G\u0105binie"},"image":{"@id":"https:\/\/biblioteka-gabin.pl\/#\/schema\/logo\/image\/"},"sameAs":["https:\/\/www.facebook.com\/bibliotekagabin","https:\/\/www.youtube.com\/@mgbpgabin9392"]},{"@type":"Person","@id":"https:\/\/biblioteka-gabin.pl\/#\/schema\/person\/2067b97c24663d987ef6ef95bed7c99a","name":"admin","image":{"@type":"ImageObject","inLanguage":"pl-PL","@id":"https:\/\/secure.gravatar.com\/avatar\/e1843904e97b4e376a0fc90ae10372cd31bce9b207a7a3d2ca68fc7ca7e4174c?s=96&d=mm&r=g","url":"https:\/\/secure.gravatar.com\/avatar\/e1843904e97b4e376a0fc90ae10372cd31bce9b207a7a3d2ca68fc7ca7e4174c?s=96&d=mm&r=g","contentUrl":"https:\/\/secure.gravatar.com\/avatar\/e1843904e97b4e376a0fc90ae10372cd31bce9b207a7a3d2ca68fc7ca7e4174c?s=96&d=mm&r=g","caption":"admin"},"sameAs":["http:\/\/strona.biblioteka-gabin.pl"],"url":"https:\/\/biblioteka-gabin.pl\/index.php\/author\/admin\/"}]}},"_links":{"self":[{"href":"https:\/\/biblioteka-gabin.pl\/index.php\/wp-json\/wp\/v2\/posts\/8520","targetHints":{"allow":["GET"]}}],"collection":[{"href":"https:\/\/biblioteka-gabin.pl\/index.php\/wp-json\/wp\/v2\/posts"}],"about":[{"href":"https:\/\/biblioteka-gabin.pl\/index.php\/wp-json\/wp\/v2\/types\/post"}],"author":[{"embeddable":true,"href":"https:\/\/biblioteka-gabin.pl\/index.php\/wp-json\/wp\/v2\/users\/1"}],"replies":[{"embeddable":true,"href":"https:\/\/biblioteka-gabin.pl\/index.php\/wp-json\/wp\/v2\/comments?post=8520"}],"version-history":[{"count":0,"href":"https:\/\/biblioteka-gabin.pl\/index.php\/wp-json\/wp\/v2\/posts\/8520\/revisions"}],"wp:attachment":[{"href":"https:\/\/biblioteka-gabin.pl\/index.php\/wp-json\/wp\/v2\/media?parent=8520"}],"wp:term":[{"taxonomy":"category","embeddable":true,"href":"https:\/\/biblioteka-gabin.pl\/index.php\/wp-json\/wp\/v2\/categories?post=8520"},{"taxonomy":"post_tag","embeddable":true,"href":"https:\/\/biblioteka-gabin.pl\/index.php\/wp-json\/wp\/v2\/tags?post=8520"}],"curies":[{"name":"wp","href":"https:\/\/api.w.org\/{rel}","templated":true}]}}