{"id":8529,"date":"2023-04-13T00:00:00","date_gmt":"2023-04-13T00:00:00","guid":{"rendered":"https:\/\/biblioteka-gabin.pl\/index.php\/2023\/04\/13\/spotkanie-z-bajka-z-dziecmi-z-oddzialu-przedszkolnego-w-czermnie-12-04-2023-r\/"},"modified":"2023-04-13T00:00:00","modified_gmt":"2023-04-13T00:00:00","slug":"spotkanie-z-bajka-z-dziecmi-z-oddzialu-przedszkolnego-w-czermnie-12-04-2023-r","status":"publish","type":"post","link":"https:\/\/biblioteka-gabin.pl\/index.php\/2023\/04\/13\/spotkanie-z-bajka-z-dziecmi-z-oddzialu-przedszkolnego-w-czermnie-12-04-2023-r\/","title":{"rendered":"&#8222;Spotkanie z bajk\u0105&#8221; z dzie\u0107mi z Oddzia\u0142u Przedszkolnego w Czermnie (12.04.2023 r.)"},"content":{"rendered":"<p>W dniu 12.04.2023 r. spotka\u0142am si\u0119 z dzie\u0107mi z Oddzia\u0142u Przedszkolnego w Czermnie. By\u0142y to moje pierwsze odwiedziny tym\u017ce miejscu.<br \/>\n\u00a0\u00a0 W\u015br\u00f3d pi\u0119knie przystrojonej , udekorowanej sali czeka\u0142y na mnie urocze Przedszkolaki. Widz\u0105c u\u015bmiechni\u0119te buziaki od razu poczu\u0142am si\u0119 tak jakbym go\u015bci\u0142a tu cz\u0119\u015bciej.<br \/>\n\u00a0\u00a0 Po kr\u00f3tkim wst\u0119pie, przywitaniu si\u0119 z dzie\u0107mi, przypomnia\u0142am o projekcie \u201eMa\u0142a ksi\u0105\u017cka, wielki cz\u0142owiek\u201d, jaki trwa w naszej Bibliotece, kt\u00f3rego g\u0142\u00f3wnym organizatorem jest Instytut Ksi\u0105\u017cki z siedzib\u0105 w Krakowie. Wspomnia\u0142am o ksi\u0105\u017ceczce, jak\u0105 ka\u017cde dziecko otrzymuje w prezencie z chwil\u0105 zapisania si\u0119 oraz o zbieranych naklejkach, za ka\u017cde odwiedziny w naszej Ksi\u0105\u017cnicy.<br \/>\n\u00a0\u00a0\u00a0 Ksi\u0105\u017ceczki, kt\u00f3re zaprezentowa\u0142am nawi\u0105zywa\u0142y do tematu przyja\u017ani. Pierwsz\u0105 z nich by\u0142a bajka S. Smallmana pt. \u201ePrzyjaciele Myszki Marudy\u201d.<br \/>\n\u00a0\u00a0\u00a0 Du\u017cy u\u015bmiech wywo\u0142a\u0142 u mnie widok r\u00f3\u017cnych emocji, jakie malowa\u0142y si\u0119 na twarzach Ma\u0142ych S\u0142uchaczy. Silnie uto\u017csamia\u0142y si\u0119 z nastrojem i zachowaniem bohater\u00f3w z ksi\u0105\u017ceczek.<br \/>\n\u00a0\u00a0 W dalszej cz\u0119\u015bci pokaza\u0142am dzieciom rozk\u0142adan\u0105 ksi\u0105\u017ceczk\u0119 pt. \u201e Ma\u0142y Lew\u201d, kt\u00f3rej z ogromnym zaciekawieniem wys\u0142ucha\u0142y do ko\u0144ca.<br \/>\n\u00a0\u00a0 Na zako\u0144czenie wsp\u00f3lnie bawili\u015bmy si\u0119 w znan\u0105 wszystkim gr\u0119 \u2013 \u201eG\u0142uchy telefon\u201d. U\u015bmiechy wywo\u0142a\u0142y momenty gdy do mety dociera\u0142o b\u0142\u0119dne has\u0142o wymy\u015blone podczas zabawy.<br \/>\n\u00a0\u00a0 Celem mojego dzisiejszego spotkania by\u0142o przybli\u017cenie dzieciom s\u0142owa pisanego, zach\u0119cenie do zapisanie si\u0119 do Biblioteki, wzi\u0119cia udzia\u0142u w naszym projekcie \u201eMa\u0142a ksi\u0105\u017cka, wielki cz\u0142owiek\u201d. Wspomnia\u0142am tak\u017ce o mi\u0142ym i przytulnym k\u0105ciku Ma\u0142ego Czytelnika, kt\u00f3ry znajduje si\u0119 w MGBP w G\u0105binie, do kt\u00f3rego serdecznie zaprasza\u0142am.<br \/>\n\u00a0\u00a0 Mam tak\u0105 cich\u0105 nadziej\u0119 ,\u017ce ciekawo\u015b\u0107 i zainteresowanie bajk\u0105, wzbudzi w dzieciach ch\u0119\u0107 kolejnych odwiedzin.<br \/>\n\u00a0\u00a0 Serdecznie dzi\u0119kuj\u0119 za przepi\u0119kny prezent, kt\u00f3ry podarowa\u0142y urocze Przedszkolaki. B\u0119dzie on przepi\u0119kn\u0105 pami\u0105tk\u0105, zdobi\u0105c\u0105 wn\u0119trze naszej Instytucji.<br \/>\n\u00a0\u00a0 Jeszcze raz serdecznie dzi\u0119kuj\u0119 i mam nadziej\u0119 do mi\u0142ego zobaczenia.<br \/>\n\u00a0\u00a0\u00a0\u00a0\u00a0\u00a0\u00a0\u00a0\u00a0\u00a0\u00a0\u00a0\u00a0\u00a0\u00a0\u00a0\u00a0\u00a0\u00a0\u00a0\u00a0\u00a0\u00a0\u00a0\u00a0\u00a0\u00a0\u00a0\u00a0\u00a0\u00a0\u00a0\u00a0\u00a0\u00a0\u00a0\u00a0\u00a0\u00a0\u00a0\u00a0\u00a0\u00a0\u00a0\u00a0\u00a0\u00a0\u00a0\u00a0 Opr. Joanna Olejniczak<br \/>\n<img src='https:\/\/biblioteka-gabin.pl\/wp-content\/uploads\/archive\/pliki\/obraz\/2023_\/kwiecie\/338958761_904070707371337_8374723876516676770_n.jpg'><br \/>\n<iframe width='420' height='315' src='https:\/\/www.youtube.com\/embed\/B61GAtjuKiA'><\/iframe><br \/>\n<iframe width='420' height='315' src='https:\/\/www.youtube.com\/embed\/jpgJSfOs5ds'><\/iframe><br \/>\n<a href='https:\/\/biblioteka-gabin.pl\/wp-content\/uploads\/archive\/galleries\/468\/3388046455523783536955491874351076744570207n-fd4ca16a30.jpg'><img style='max-height:300px;' src='https:\/\/biblioteka-gabin.pl\/wp-content\/uploads\/archive\/galleries\/468\/3388046455523783536955491874351076744570207n-fd4ca16a30.jpg'><\/a><br \/>\n<a href='https:\/\/biblioteka-gabin.pl\/wp-content\/uploads\/archive\/galleries\/468\/3394523792122557848330385240982205315104279n-36421fdc49.jpg'><img style='max-height:300px;' src='https:\/\/biblioteka-gabin.pl\/wp-content\/uploads\/archive\/galleries\/468\/3394523792122557848330385240982205315104279n-36421fdc49.jpg'><\/a><br \/>\n<a href='https:\/\/biblioteka-gabin.pl\/wp-content\/uploads\/archive\/galleries\/468\/33926482360271412340711842227658378914575452n-751f0b1b58.jpg'><img style='max-height:300px;' src='https:\/\/biblioteka-gabin.pl\/wp-content\/uploads\/archive\/galleries\/468\/33926482360271412340711842227658378914575452n-751f0b1b58.jpg'><\/a><br \/>\n<a href='https:\/\/biblioteka-gabin.pl\/wp-content\/uploads\/archive\/galleries\/468\/3389587619040707073713378374723876516676770n-b9743eff76.jpg'><img style='max-height:300px;' src='https:\/\/biblioteka-gabin.pl\/wp-content\/uploads\/archive\/galleries\/468\/3389587619040707073713378374723876516676770n-b9743eff76.jpg'><\/a><br \/>\n<a href='https:\/\/biblioteka-gabin.pl\/wp-content\/uploads\/archive\/galleries\/468\/33910261424666040568219402135482522538354761n-0627c2aa82.jpg'><img style='max-height:300px;' src='https:\/\/biblioteka-gabin.pl\/wp-content\/uploads\/archive\/galleries\/468\/33910261424666040568219402135482522538354761n-0627c2aa82.jpg'><\/a><br \/>\n<a href='https:\/\/biblioteka-gabin.pl\/wp-content\/uploads\/archive\/galleries\/468\/3390897567089898509114717155523041208556355n-81e92f3d31.jpg'><img style='max-height:300px;' src='https:\/\/biblioteka-gabin.pl\/wp-content\/uploads\/archive\/galleries\/468\/3390897567089898509114717155523041208556355n-81e92f3d31.jpg'><\/a><br \/>\n<a href='https:\/\/biblioteka-gabin.pl\/wp-content\/uploads\/archive\/galleries\/468\/33928934815654253572840576878632182636975246n-927332d6c1.jpg'><img style='max-height:300px;' src='https:\/\/biblioteka-gabin.pl\/wp-content\/uploads\/archive\/galleries\/468\/33928934815654253572840576878632182636975246n-927332d6c1.jpg'><\/a><br \/>\n<a href='https:\/\/biblioteka-gabin.pl\/wp-content\/uploads\/archive\/galleries\/468\/33891668366804515153031838691275802103732807n-9ccc628c82.jpg'><img style='max-height:300px;' src='https:\/\/biblioteka-gabin.pl\/wp-content\/uploads\/archive\/galleries\/468\/33891668366804515153031838691275802103732807n-9ccc628c82.jpg'><\/a><br \/>\n<a href='https:\/\/biblioteka-gabin.pl\/wp-content\/uploads\/archive\/galleries\/468\/3391674752476000877073056184719813908202628n-88eae648a7.jpg'><img style='max-height:300px;' src='https:\/\/biblioteka-gabin.pl\/wp-content\/uploads\/archive\/galleries\/468\/3391674752476000877073056184719813908202628n-88eae648a7.jpg'><\/a><br \/>\n<a href='https:\/\/biblioteka-gabin.pl\/wp-content\/uploads\/archive\/galleries\/468\/33894729124042307897275471592436994967692600n-2ea6ddbdf3.jpg'><img style='max-height:300px;' src='https:\/\/biblioteka-gabin.pl\/wp-content\/uploads\/archive\/galleries\/468\/33894729124042307897275471592436994967692600n-2ea6ddbdf3.jpg'><\/a><br \/>\n<a href='https:\/\/biblioteka-gabin.pl\/wp-content\/uploads\/archive\/galleries\/468\/33956759829413840526583571650827924069719984n-0e9a66e6aa.jpg'><img style='max-height:300px;' src='https:\/\/biblioteka-gabin.pl\/wp-content\/uploads\/archive\/galleries\/468\/33956759829413840526583571650827924069719984n-0e9a66e6aa.jpg'><\/a><\/p>\n","protected":false},"excerpt":{"rendered":"<p>W dniu 12.04.2023 r. spotka\u0142am si\u0119 z dzie\u0107mi z Oddzia\u0142u<\/p>\n","protected":false},"author":1,"featured_media":0,"comment_status":"open","ping_status":"open","sticky":false,"template":"","format":"standard","meta":{"footnotes":""},"categories":[36],"tags":[],"class_list":["post-8529","post","type-post","status-publish","format-standard","hentry","category-main"],"yoast_head":"<!-- This site is optimized with the Yoast SEO plugin v27.4 - https:\/\/yoast.com\/product\/yoast-seo-wordpress\/ -->\n<title>&quot;Spotkanie z bajk\u0105&quot; z dzie\u0107mi z Oddzia\u0142u Przedszkolnego w Czermnie (12.04.2023 r.) - Miejsko-Gminna Biblioteka Publiczna w G\u0105binie<\/title>\n<meta name=\"robots\" content=\"index, follow, max-snippet:-1, max-image-preview:large, max-video-preview:-1\" \/>\n<link rel=\"canonical\" href=\"https:\/\/biblioteka-gabin.pl\/index.php\/2023\/04\/13\/spotkanie-z-bajka-z-dziecmi-z-oddzialu-przedszkolnego-w-czermnie-12-04-2023-r\/\" \/>\n<meta property=\"og:locale\" content=\"pl_PL\" \/>\n<meta property=\"og:type\" content=\"article\" \/>\n<meta property=\"og:title\" content=\"&quot;Spotkanie z bajk\u0105&quot; z dzie\u0107mi z Oddzia\u0142u Przedszkolnego w Czermnie (12.04.2023 r.) - Miejsko-Gminna Biblioteka Publiczna w G\u0105binie\" \/>\n<meta property=\"og:description\" content=\"W dniu 12.04.2023 r. spotka\u0142am si\u0119 z dzie\u0107mi z Oddzia\u0142u\" \/>\n<meta property=\"og:url\" content=\"https:\/\/biblioteka-gabin.pl\/index.php\/2023\/04\/13\/spotkanie-z-bajka-z-dziecmi-z-oddzialu-przedszkolnego-w-czermnie-12-04-2023-r\/\" \/>\n<meta property=\"og:site_name\" content=\"Miejsko-Gminna Biblioteka Publiczna w G\u0105binie\" \/>\n<meta property=\"article:publisher\" content=\"https:\/\/www.facebook.com\/bibliotekagabin\" \/>\n<meta property=\"article:published_time\" content=\"2023-04-13T00:00:00+00:00\" \/>\n<meta property=\"og:image\" content=\"https:\/\/biblioteka-gabin.pl\/wp-content\/uploads\/archive\/pliki\/obraz\/2023_\/kwiecie\/338958761_904070707371337_8374723876516676770_n.jpg\" \/>\n<meta name=\"author\" content=\"admin\" \/>\n<meta name=\"twitter:card\" content=\"summary_large_image\" \/>\n<meta name=\"twitter:label1\" content=\"Napisane przez\" \/>\n\t<meta name=\"twitter:data1\" content=\"admin\" \/>\n\t<meta name=\"twitter:label2\" content=\"Szacowany czas czytania\" \/>\n\t<meta name=\"twitter:data2\" content=\"2 minuty\" \/>\n<script type=\"application\/ld+json\" class=\"yoast-schema-graph\">{\"@context\":\"https:\\\/\\\/schema.org\",\"@graph\":[{\"@type\":\"Article\",\"@id\":\"https:\\\/\\\/biblioteka-gabin.pl\\\/index.php\\\/2023\\\/04\\\/13\\\/spotkanie-z-bajka-z-dziecmi-z-oddzialu-przedszkolnego-w-czermnie-12-04-2023-r\\\/#article\",\"isPartOf\":{\"@id\":\"https:\\\/\\\/biblioteka-gabin.pl\\\/index.php\\\/2023\\\/04\\\/13\\\/spotkanie-z-bajka-z-dziecmi-z-oddzialu-przedszkolnego-w-czermnie-12-04-2023-r\\\/\"},\"author\":{\"name\":\"admin\",\"@id\":\"https:\\\/\\\/biblioteka-gabin.pl\\\/#\\\/schema\\\/person\\\/2067b97c24663d987ef6ef95bed7c99a\"},\"headline\":\"&#8222;Spotkanie z bajk\u0105&#8221; z dzie\u0107mi z Oddzia\u0142u Przedszkolnego w Czermnie (12.04.2023 r.)\",\"datePublished\":\"2023-04-13T00:00:00+00:00\",\"mainEntityOfPage\":{\"@id\":\"https:\\\/\\\/biblioteka-gabin.pl\\\/index.php\\\/2023\\\/04\\\/13\\\/spotkanie-z-bajka-z-dziecmi-z-oddzialu-przedszkolnego-w-czermnie-12-04-2023-r\\\/\"},\"wordCount\":376,\"commentCount\":0,\"publisher\":{\"@id\":\"https:\\\/\\\/biblioteka-gabin.pl\\\/#organization\"},\"image\":{\"@id\":\"https:\\\/\\\/biblioteka-gabin.pl\\\/index.php\\\/2023\\\/04\\\/13\\\/spotkanie-z-bajka-z-dziecmi-z-oddzialu-przedszkolnego-w-czermnie-12-04-2023-r\\\/#primaryimage\"},\"thumbnailUrl\":\"https:\\\/\\\/biblioteka-gabin.pl\\\/wp-content\\\/uploads\\\/archive\\\/pliki\\\/obraz\\\/2023_\\\/kwiecie\\\/338958761_904070707371337_8374723876516676770_n.jpg\",\"articleSection\":[\"Main\"],\"inLanguage\":\"pl-PL\",\"potentialAction\":[{\"@type\":\"CommentAction\",\"name\":\"Comment\",\"target\":[\"https:\\\/\\\/biblioteka-gabin.pl\\\/index.php\\\/2023\\\/04\\\/13\\\/spotkanie-z-bajka-z-dziecmi-z-oddzialu-przedszkolnego-w-czermnie-12-04-2023-r\\\/#respond\"]}]},{\"@type\":\"WebPage\",\"@id\":\"https:\\\/\\\/biblioteka-gabin.pl\\\/index.php\\\/2023\\\/04\\\/13\\\/spotkanie-z-bajka-z-dziecmi-z-oddzialu-przedszkolnego-w-czermnie-12-04-2023-r\\\/\",\"url\":\"https:\\\/\\\/biblioteka-gabin.pl\\\/index.php\\\/2023\\\/04\\\/13\\\/spotkanie-z-bajka-z-dziecmi-z-oddzialu-przedszkolnego-w-czermnie-12-04-2023-r\\\/\",\"name\":\"\\\"Spotkanie z bajk\u0105\\\" z dzie\u0107mi z Oddzia\u0142u Przedszkolnego w Czermnie (12.04.2023 r.) - Miejsko-Gminna Biblioteka Publiczna w G\u0105binie\",\"isPartOf\":{\"@id\":\"https:\\\/\\\/biblioteka-gabin.pl\\\/#website\"},\"primaryImageOfPage\":{\"@id\":\"https:\\\/\\\/biblioteka-gabin.pl\\\/index.php\\\/2023\\\/04\\\/13\\\/spotkanie-z-bajka-z-dziecmi-z-oddzialu-przedszkolnego-w-czermnie-12-04-2023-r\\\/#primaryimage\"},\"image\":{\"@id\":\"https:\\\/\\\/biblioteka-gabin.pl\\\/index.php\\\/2023\\\/04\\\/13\\\/spotkanie-z-bajka-z-dziecmi-z-oddzialu-przedszkolnego-w-czermnie-12-04-2023-r\\\/#primaryimage\"},\"thumbnailUrl\":\"https:\\\/\\\/biblioteka-gabin.pl\\\/wp-content\\\/uploads\\\/archive\\\/pliki\\\/obraz\\\/2023_\\\/kwiecie\\\/338958761_904070707371337_8374723876516676770_n.jpg\",\"datePublished\":\"2023-04-13T00:00:00+00:00\",\"breadcrumb\":{\"@id\":\"https:\\\/\\\/biblioteka-gabin.pl\\\/index.php\\\/2023\\\/04\\\/13\\\/spotkanie-z-bajka-z-dziecmi-z-oddzialu-przedszkolnego-w-czermnie-12-04-2023-r\\\/#breadcrumb\"},\"inLanguage\":\"pl-PL\",\"potentialAction\":[{\"@type\":\"ReadAction\",\"target\":[\"https:\\\/\\\/biblioteka-gabin.pl\\\/index.php\\\/2023\\\/04\\\/13\\\/spotkanie-z-bajka-z-dziecmi-z-oddzialu-przedszkolnego-w-czermnie-12-04-2023-r\\\/\"]}]},{\"@type\":\"ImageObject\",\"inLanguage\":\"pl-PL\",\"@id\":\"https:\\\/\\\/biblioteka-gabin.pl\\\/index.php\\\/2023\\\/04\\\/13\\\/spotkanie-z-bajka-z-dziecmi-z-oddzialu-przedszkolnego-w-czermnie-12-04-2023-r\\\/#primaryimage\",\"url\":\"https:\\\/\\\/biblioteka-gabin.pl\\\/wp-content\\\/uploads\\\/archive\\\/pliki\\\/obraz\\\/2023_\\\/kwiecie\\\/338958761_904070707371337_8374723876516676770_n.jpg\",\"contentUrl\":\"https:\\\/\\\/biblioteka-gabin.pl\\\/wp-content\\\/uploads\\\/archive\\\/pliki\\\/obraz\\\/2023_\\\/kwiecie\\\/338958761_904070707371337_8374723876516676770_n.jpg\"},{\"@type\":\"BreadcrumbList\",\"@id\":\"https:\\\/\\\/biblioteka-gabin.pl\\\/index.php\\\/2023\\\/04\\\/13\\\/spotkanie-z-bajka-z-dziecmi-z-oddzialu-przedszkolnego-w-czermnie-12-04-2023-r\\\/#breadcrumb\",\"itemListElement\":[{\"@type\":\"ListItem\",\"position\":1,\"name\":\"Strona g\u0142\u00f3wna\",\"item\":\"https:\\\/\\\/biblioteka-gabin.pl\\\/\"},{\"@type\":\"ListItem\",\"position\":2,\"name\":\"&#8222;Spotkanie z bajk\u0105&#8221; z dzie\u0107mi z Oddzia\u0142u Przedszkolnego w Czermnie (12.04.2023 r.)\"}]},{\"@type\":\"WebSite\",\"@id\":\"https:\\\/\\\/biblioteka-gabin.pl\\\/#website\",\"url\":\"https:\\\/\\\/biblioteka-gabin.pl\\\/\",\"name\":\"Miejsko-Gminna Biblioteka Publiczna w G\u0105binie\",\"description\":\"\",\"publisher\":{\"@id\":\"https:\\\/\\\/biblioteka-gabin.pl\\\/#organization\"},\"potentialAction\":[{\"@type\":\"SearchAction\",\"target\":{\"@type\":\"EntryPoint\",\"urlTemplate\":\"https:\\\/\\\/biblioteka-gabin.pl\\\/?s={search_term_string}\"},\"query-input\":{\"@type\":\"PropertyValueSpecification\",\"valueRequired\":true,\"valueName\":\"search_term_string\"}}],\"inLanguage\":\"pl-PL\"},{\"@type\":\"Organization\",\"@id\":\"https:\\\/\\\/biblioteka-gabin.pl\\\/#organization\",\"name\":\"Miejsko-Gminna Biblioteka Publiczna w G\u0105binie\",\"url\":\"https:\\\/\\\/biblioteka-gabin.pl\\\/\",\"logo\":{\"@type\":\"ImageObject\",\"inLanguage\":\"pl-PL\",\"@id\":\"https:\\\/\\\/biblioteka-gabin.pl\\\/#\\\/schema\\\/logo\\\/image\\\/\",\"url\":\"https:\\\/\\\/biblioteka-gabin.pl\\\/wp-content\\\/uploads\\\/2025\\\/03\\\/logo-biblioteka-2-1657013691-1.jpg\",\"contentUrl\":\"https:\\\/\\\/biblioteka-gabin.pl\\\/wp-content\\\/uploads\\\/2025\\\/03\\\/logo-biblioteka-2-1657013691-1.jpg\",\"width\":1600,\"height\":772,\"caption\":\"Miejsko-Gminna Biblioteka Publiczna w G\u0105binie\"},\"image\":{\"@id\":\"https:\\\/\\\/biblioteka-gabin.pl\\\/#\\\/schema\\\/logo\\\/image\\\/\"},\"sameAs\":[\"https:\\\/\\\/www.facebook.com\\\/bibliotekagabin\",\"https:\\\/\\\/www.youtube.com\\\/@mgbpgabin9392\"]},{\"@type\":\"Person\",\"@id\":\"https:\\\/\\\/biblioteka-gabin.pl\\\/#\\\/schema\\\/person\\\/2067b97c24663d987ef6ef95bed7c99a\",\"name\":\"admin\",\"image\":{\"@type\":\"ImageObject\",\"inLanguage\":\"pl-PL\",\"@id\":\"https:\\\/\\\/secure.gravatar.com\\\/avatar\\\/e1843904e97b4e376a0fc90ae10372cd31bce9b207a7a3d2ca68fc7ca7e4174c?s=96&d=mm&r=g\",\"url\":\"https:\\\/\\\/secure.gravatar.com\\\/avatar\\\/e1843904e97b4e376a0fc90ae10372cd31bce9b207a7a3d2ca68fc7ca7e4174c?s=96&d=mm&r=g\",\"contentUrl\":\"https:\\\/\\\/secure.gravatar.com\\\/avatar\\\/e1843904e97b4e376a0fc90ae10372cd31bce9b207a7a3d2ca68fc7ca7e4174c?s=96&d=mm&r=g\",\"caption\":\"admin\"},\"sameAs\":[\"http:\\\/\\\/strona.biblioteka-gabin.pl\"],\"url\":\"https:\\\/\\\/biblioteka-gabin.pl\\\/index.php\\\/author\\\/admin\\\/\"}]}<\/script>\n<!-- \/ Yoast SEO plugin. -->","yoast_head_json":{"title":"\"Spotkanie z bajk\u0105\" z dzie\u0107mi z Oddzia\u0142u Przedszkolnego w Czermnie (12.04.2023 r.) - Miejsko-Gminna Biblioteka Publiczna w G\u0105binie","robots":{"index":"index","follow":"follow","max-snippet":"max-snippet:-1","max-image-preview":"max-image-preview:large","max-video-preview":"max-video-preview:-1"},"canonical":"https:\/\/biblioteka-gabin.pl\/index.php\/2023\/04\/13\/spotkanie-z-bajka-z-dziecmi-z-oddzialu-przedszkolnego-w-czermnie-12-04-2023-r\/","og_locale":"pl_PL","og_type":"article","og_title":"\"Spotkanie z bajk\u0105\" z dzie\u0107mi z Oddzia\u0142u Przedszkolnego w Czermnie (12.04.2023 r.) - Miejsko-Gminna Biblioteka Publiczna w G\u0105binie","og_description":"W dniu 12.04.2023 r. spotka\u0142am si\u0119 z dzie\u0107mi z Oddzia\u0142u","og_url":"https:\/\/biblioteka-gabin.pl\/index.php\/2023\/04\/13\/spotkanie-z-bajka-z-dziecmi-z-oddzialu-przedszkolnego-w-czermnie-12-04-2023-r\/","og_site_name":"Miejsko-Gminna Biblioteka Publiczna w G\u0105binie","article_publisher":"https:\/\/www.facebook.com\/bibliotekagabin","article_published_time":"2023-04-13T00:00:00+00:00","og_image":[{"url":"https:\/\/biblioteka-gabin.pl\/wp-content\/uploads\/archive\/pliki\/obraz\/2023_\/kwiecie\/338958761_904070707371337_8374723876516676770_n.jpg","type":"","width":"","height":""}],"author":"admin","twitter_card":"summary_large_image","twitter_misc":{"Napisane przez":"admin","Szacowany czas czytania":"2 minuty"},"schema":{"@context":"https:\/\/schema.org","@graph":[{"@type":"Article","@id":"https:\/\/biblioteka-gabin.pl\/index.php\/2023\/04\/13\/spotkanie-z-bajka-z-dziecmi-z-oddzialu-przedszkolnego-w-czermnie-12-04-2023-r\/#article","isPartOf":{"@id":"https:\/\/biblioteka-gabin.pl\/index.php\/2023\/04\/13\/spotkanie-z-bajka-z-dziecmi-z-oddzialu-przedszkolnego-w-czermnie-12-04-2023-r\/"},"author":{"name":"admin","@id":"https:\/\/biblioteka-gabin.pl\/#\/schema\/person\/2067b97c24663d987ef6ef95bed7c99a"},"headline":"&#8222;Spotkanie z bajk\u0105&#8221; z dzie\u0107mi z Oddzia\u0142u Przedszkolnego w Czermnie (12.04.2023 r.)","datePublished":"2023-04-13T00:00:00+00:00","mainEntityOfPage":{"@id":"https:\/\/biblioteka-gabin.pl\/index.php\/2023\/04\/13\/spotkanie-z-bajka-z-dziecmi-z-oddzialu-przedszkolnego-w-czermnie-12-04-2023-r\/"},"wordCount":376,"commentCount":0,"publisher":{"@id":"https:\/\/biblioteka-gabin.pl\/#organization"},"image":{"@id":"https:\/\/biblioteka-gabin.pl\/index.php\/2023\/04\/13\/spotkanie-z-bajka-z-dziecmi-z-oddzialu-przedszkolnego-w-czermnie-12-04-2023-r\/#primaryimage"},"thumbnailUrl":"https:\/\/biblioteka-gabin.pl\/wp-content\/uploads\/archive\/pliki\/obraz\/2023_\/kwiecie\/338958761_904070707371337_8374723876516676770_n.jpg","articleSection":["Main"],"inLanguage":"pl-PL","potentialAction":[{"@type":"CommentAction","name":"Comment","target":["https:\/\/biblioteka-gabin.pl\/index.php\/2023\/04\/13\/spotkanie-z-bajka-z-dziecmi-z-oddzialu-przedszkolnego-w-czermnie-12-04-2023-r\/#respond"]}]},{"@type":"WebPage","@id":"https:\/\/biblioteka-gabin.pl\/index.php\/2023\/04\/13\/spotkanie-z-bajka-z-dziecmi-z-oddzialu-przedszkolnego-w-czermnie-12-04-2023-r\/","url":"https:\/\/biblioteka-gabin.pl\/index.php\/2023\/04\/13\/spotkanie-z-bajka-z-dziecmi-z-oddzialu-przedszkolnego-w-czermnie-12-04-2023-r\/","name":"\"Spotkanie z bajk\u0105\" z dzie\u0107mi z Oddzia\u0142u Przedszkolnego w Czermnie (12.04.2023 r.) - Miejsko-Gminna Biblioteka Publiczna w G\u0105binie","isPartOf":{"@id":"https:\/\/biblioteka-gabin.pl\/#website"},"primaryImageOfPage":{"@id":"https:\/\/biblioteka-gabin.pl\/index.php\/2023\/04\/13\/spotkanie-z-bajka-z-dziecmi-z-oddzialu-przedszkolnego-w-czermnie-12-04-2023-r\/#primaryimage"},"image":{"@id":"https:\/\/biblioteka-gabin.pl\/index.php\/2023\/04\/13\/spotkanie-z-bajka-z-dziecmi-z-oddzialu-przedszkolnego-w-czermnie-12-04-2023-r\/#primaryimage"},"thumbnailUrl":"https:\/\/biblioteka-gabin.pl\/wp-content\/uploads\/archive\/pliki\/obraz\/2023_\/kwiecie\/338958761_904070707371337_8374723876516676770_n.jpg","datePublished":"2023-04-13T00:00:00+00:00","breadcrumb":{"@id":"https:\/\/biblioteka-gabin.pl\/index.php\/2023\/04\/13\/spotkanie-z-bajka-z-dziecmi-z-oddzialu-przedszkolnego-w-czermnie-12-04-2023-r\/#breadcrumb"},"inLanguage":"pl-PL","potentialAction":[{"@type":"ReadAction","target":["https:\/\/biblioteka-gabin.pl\/index.php\/2023\/04\/13\/spotkanie-z-bajka-z-dziecmi-z-oddzialu-przedszkolnego-w-czermnie-12-04-2023-r\/"]}]},{"@type":"ImageObject","inLanguage":"pl-PL","@id":"https:\/\/biblioteka-gabin.pl\/index.php\/2023\/04\/13\/spotkanie-z-bajka-z-dziecmi-z-oddzialu-przedszkolnego-w-czermnie-12-04-2023-r\/#primaryimage","url":"https:\/\/biblioteka-gabin.pl\/wp-content\/uploads\/archive\/pliki\/obraz\/2023_\/kwiecie\/338958761_904070707371337_8374723876516676770_n.jpg","contentUrl":"https:\/\/biblioteka-gabin.pl\/wp-content\/uploads\/archive\/pliki\/obraz\/2023_\/kwiecie\/338958761_904070707371337_8374723876516676770_n.jpg"},{"@type":"BreadcrumbList","@id":"https:\/\/biblioteka-gabin.pl\/index.php\/2023\/04\/13\/spotkanie-z-bajka-z-dziecmi-z-oddzialu-przedszkolnego-w-czermnie-12-04-2023-r\/#breadcrumb","itemListElement":[{"@type":"ListItem","position":1,"name":"Strona g\u0142\u00f3wna","item":"https:\/\/biblioteka-gabin.pl\/"},{"@type":"ListItem","position":2,"name":"&#8222;Spotkanie z bajk\u0105&#8221; z dzie\u0107mi z Oddzia\u0142u Przedszkolnego w Czermnie (12.04.2023 r.)"}]},{"@type":"WebSite","@id":"https:\/\/biblioteka-gabin.pl\/#website","url":"https:\/\/biblioteka-gabin.pl\/","name":"Miejsko-Gminna Biblioteka Publiczna w G\u0105binie","description":"","publisher":{"@id":"https:\/\/biblioteka-gabin.pl\/#organization"},"potentialAction":[{"@type":"SearchAction","target":{"@type":"EntryPoint","urlTemplate":"https:\/\/biblioteka-gabin.pl\/?s={search_term_string}"},"query-input":{"@type":"PropertyValueSpecification","valueRequired":true,"valueName":"search_term_string"}}],"inLanguage":"pl-PL"},{"@type":"Organization","@id":"https:\/\/biblioteka-gabin.pl\/#organization","name":"Miejsko-Gminna Biblioteka Publiczna w G\u0105binie","url":"https:\/\/biblioteka-gabin.pl\/","logo":{"@type":"ImageObject","inLanguage":"pl-PL","@id":"https:\/\/biblioteka-gabin.pl\/#\/schema\/logo\/image\/","url":"https:\/\/biblioteka-gabin.pl\/wp-content\/uploads\/2025\/03\/logo-biblioteka-2-1657013691-1.jpg","contentUrl":"https:\/\/biblioteka-gabin.pl\/wp-content\/uploads\/2025\/03\/logo-biblioteka-2-1657013691-1.jpg","width":1600,"height":772,"caption":"Miejsko-Gminna Biblioteka Publiczna w G\u0105binie"},"image":{"@id":"https:\/\/biblioteka-gabin.pl\/#\/schema\/logo\/image\/"},"sameAs":["https:\/\/www.facebook.com\/bibliotekagabin","https:\/\/www.youtube.com\/@mgbpgabin9392"]},{"@type":"Person","@id":"https:\/\/biblioteka-gabin.pl\/#\/schema\/person\/2067b97c24663d987ef6ef95bed7c99a","name":"admin","image":{"@type":"ImageObject","inLanguage":"pl-PL","@id":"https:\/\/secure.gravatar.com\/avatar\/e1843904e97b4e376a0fc90ae10372cd31bce9b207a7a3d2ca68fc7ca7e4174c?s=96&d=mm&r=g","url":"https:\/\/secure.gravatar.com\/avatar\/e1843904e97b4e376a0fc90ae10372cd31bce9b207a7a3d2ca68fc7ca7e4174c?s=96&d=mm&r=g","contentUrl":"https:\/\/secure.gravatar.com\/avatar\/e1843904e97b4e376a0fc90ae10372cd31bce9b207a7a3d2ca68fc7ca7e4174c?s=96&d=mm&r=g","caption":"admin"},"sameAs":["http:\/\/strona.biblioteka-gabin.pl"],"url":"https:\/\/biblioteka-gabin.pl\/index.php\/author\/admin\/"}]}},"_links":{"self":[{"href":"https:\/\/biblioteka-gabin.pl\/index.php\/wp-json\/wp\/v2\/posts\/8529","targetHints":{"allow":["GET"]}}],"collection":[{"href":"https:\/\/biblioteka-gabin.pl\/index.php\/wp-json\/wp\/v2\/posts"}],"about":[{"href":"https:\/\/biblioteka-gabin.pl\/index.php\/wp-json\/wp\/v2\/types\/post"}],"author":[{"embeddable":true,"href":"https:\/\/biblioteka-gabin.pl\/index.php\/wp-json\/wp\/v2\/users\/1"}],"replies":[{"embeddable":true,"href":"https:\/\/biblioteka-gabin.pl\/index.php\/wp-json\/wp\/v2\/comments?post=8529"}],"version-history":[{"count":0,"href":"https:\/\/biblioteka-gabin.pl\/index.php\/wp-json\/wp\/v2\/posts\/8529\/revisions"}],"wp:attachment":[{"href":"https:\/\/biblioteka-gabin.pl\/index.php\/wp-json\/wp\/v2\/media?parent=8529"}],"wp:term":[{"taxonomy":"category","embeddable":true,"href":"https:\/\/biblioteka-gabin.pl\/index.php\/wp-json\/wp\/v2\/categories?post=8529"},{"taxonomy":"post_tag","embeddable":true,"href":"https:\/\/biblioteka-gabin.pl\/index.php\/wp-json\/wp\/v2\/tags?post=8529"}],"curies":[{"name":"wp","href":"https:\/\/api.w.org\/{rel}","templated":true}]}}