{"id":8531,"date":"2024-05-28T00:00:00","date_gmt":"2024-05-28T00:00:00","guid":{"rendered":"https:\/\/biblioteka-gabin.pl\/index.php\/2024\/05\/28\/spotkanie-z-bajka-z-dziecmi-z-przedszkola-samorzadowego-im-krola-maciusia-pierwszego-w-gabinie-28-05-2024\/"},"modified":"2024-05-28T00:00:00","modified_gmt":"2024-05-28T00:00:00","slug":"spotkanie-z-bajka-z-dziecmi-z-przedszkola-samorzadowego-im-krola-maciusia-pierwszego-w-gabinie-28-05-2024","status":"publish","type":"post","link":"https:\/\/biblioteka-gabin.pl\/index.php\/2024\/05\/28\/spotkanie-z-bajka-z-dziecmi-z-przedszkola-samorzadowego-im-krola-maciusia-pierwszego-w-gabinie-28-05-2024\/","title":{"rendered":"&#8222;Spotkanie z bajk\u0105&#8221; z dzie\u0107mi z Przedszkola Samorz\u0105dowego im. Kr\u00f3la Maciusia Pierwszego w G\u0105binie (28.05.2024)"},"content":{"rendered":"<p>Pomimo gor\u0105cego poranka grupa \u201eSmerf\u00f3w\u201d z Przedszkola Samorz\u0105dowego<br \/>\nim. Kr\u00f3la Maciusia Pierwszego odwiedzi\u0142a Miejsko-Gminn\u0105 Bibliotek\u0119 Publiczn\u0105<br \/>\nw G\u0105binie. Dzieci dowiedzia\u0142y si\u0119 o formie zapisania si\u0119 do niej, o trwaj\u0105cym nadal projekcie skierowanym do wszystkich Przedszkolak\u00f3w: \u201eMa\u0142a ksi\u0105\u017cka, wielki cz\u0142owiek\u201d, kt\u00f3rego g\u0142\u00f3wnym organizatorem jest Instytut Ksi\u0105\u017cki.<br \/>\nBiblioteka to wyj\u0105tkowe miejsce, gdzie mo\u017cna spotka\u0107 jednocze\u015bnie tyle<br \/>\nskarb\u00f3w- czyli ciekawych i interesuj\u0105cych ksi\u0105\u017cek. Dlatego te\u017c dzieci wys\u0142ucha\u0142y<br \/>\nhistorii o pewnym nied\u017awiadku w bajce G. Andreae pt. \u201eNied\u017awiadku ma\u0142y, jeste\u015b wspania\u0142y\u201d.<br \/>\nNasza interaktywna ksi\u0105\u017cka z pi\u00f3rem Albikiem, by\u0142a nast\u0119pn\u0105 niespodziank\u0105,<br \/>\njak\u0105 przygotowa\u0142y\u015bmy dla uczestnik\u00f3w naszego spotkania. Magiczne pi\u00f3ro<br \/>\npos\u0142u\u017cy\u0142o do odgadywania nazw zwierz\u0105 mieszkaj\u0105cych na wsi. Dzieci ch\u0119tnie<br \/>\nwzi\u0119\u0142y udzia\u0142 w grze, a ko\u0144cz\u0105cy quiz by\u0142 tylko \u0142atwym, jak si\u0119 okaza\u0142o-<br \/>\npodsumowaniem wsp\u00f3lnej zabawy.<br \/>\nNie mog\u0142o zabrakn\u0105\u0107 s\u0142odkiej niespodzianki, kt\u00f3ra zwykle jest przygotowana<br \/>\ndla naszych wspania\u0142ych dzieci.<br \/>\nSerdecznie dzi\u0119kujemy za wsp\u00f3lnie sp\u0119dzony czas, za przepi\u0119kny prezent.<br \/>\nMamy nadziej\u0119, \u017ce to magiczne miejsce, jakim jest biblioteka przyci\u0105gnie<br \/>\nnaszych kolejnych M\u0142odych Czytelnik\u00f3w.<br \/>\n\u00a0\u00a0\u00a0\u00a0\u00a0\u00a0\u00a0\u00a0\u00a0\u00a0\u00a0\u00a0\u00a0\u00a0\u00a0\u00a0\u00a0\u00a0\u00a0\u00a0\u00a0\u00a0\u00a0\u00a0\u00a0\u00a0\u00a0\u00a0\u00a0\u00a0\u00a0\u00a0\u00a0\u00a0\u00a0\u00a0 Opr. Joanna Olejniczak<br \/>\n<img src='https:\/\/biblioteka-gabin.pl\/wp-content\/uploads\/archive\/pliki\/obraz\/2024\/maj\/projekt_bez_nazwy4.png'><br \/>\n<a href='https:\/\/biblioteka-gabin.pl\/wp-content\/uploads\/archive\/galleries\/587\/projekt-bez-nazwy4-adc26a3b2c.png'><img style='max-height:300px;' src='https:\/\/biblioteka-gabin.pl\/wp-content\/uploads\/archive\/galleries\/587\/projekt-bez-nazwy4-adc26a3b2c.png'><\/a><br \/>\n<a href='https:\/\/biblioteka-gabin.pl\/wp-content\/uploads\/archive\/galleries\/587\/dscn1044-f03a8c7aa0.jpg'><img style='max-height:300px;' src='https:\/\/biblioteka-gabin.pl\/wp-content\/uploads\/archive\/galleries\/587\/dscn1044-f03a8c7aa0.jpg'><\/a><br \/>\n<a href='https:\/\/biblioteka-gabin.pl\/wp-content\/uploads\/archive\/galleries\/587\/dscn1079-a7179fcc3b.jpg'><img style='max-height:300px;' src='https:\/\/biblioteka-gabin.pl\/wp-content\/uploads\/archive\/galleries\/587\/dscn1079-a7179fcc3b.jpg'><\/a><br \/>\n<a href='https:\/\/biblioteka-gabin.pl\/wp-content\/uploads\/archive\/galleries\/587\/dscn1076-2d6a8ee391.jpg'><img style='max-height:300px;' src='https:\/\/biblioteka-gabin.pl\/wp-content\/uploads\/archive\/galleries\/587\/dscn1076-2d6a8ee391.jpg'><\/a><br \/>\n<a href='https:\/\/biblioteka-gabin.pl\/wp-content\/uploads\/archive\/galleries\/587\/dscn1035-d634d5ed3c.jpg'><img style='max-height:300px;' src='https:\/\/biblioteka-gabin.pl\/wp-content\/uploads\/archive\/galleries\/587\/dscn1035-d634d5ed3c.jpg'><\/a><br \/>\n<a href='https:\/\/biblioteka-gabin.pl\/wp-content\/uploads\/archive\/galleries\/587\/dscn1045-6ac7a5b32c.jpg'><img style='max-height:300px;' src='https:\/\/biblioteka-gabin.pl\/wp-content\/uploads\/archive\/galleries\/587\/dscn1045-6ac7a5b32c.jpg'><\/a><br \/>\n<a href='https:\/\/biblioteka-gabin.pl\/wp-content\/uploads\/archive\/galleries\/587\/dscn1078-b1ac6e1ca0.jpg'><img style='max-height:300px;' src='https:\/\/biblioteka-gabin.pl\/wp-content\/uploads\/archive\/galleries\/587\/dscn1078-b1ac6e1ca0.jpg'><\/a><br \/>\n<a href='https:\/\/biblioteka-gabin.pl\/wp-content\/uploads\/archive\/galleries\/587\/dscn1043-d49683efb9.jpg'><img style='max-height:300px;' src='https:\/\/biblioteka-gabin.pl\/wp-content\/uploads\/archive\/galleries\/587\/dscn1043-d49683efb9.jpg'><\/a><br \/>\n<a href='https:\/\/biblioteka-gabin.pl\/wp-content\/uploads\/archive\/galleries\/587\/dscn1036-fe5a6e6d8f.jpg'><img style='max-height:300px;' src='https:\/\/biblioteka-gabin.pl\/wp-content\/uploads\/archive\/galleries\/587\/dscn1036-fe5a6e6d8f.jpg'><\/a><br \/>\n<a href='https:\/\/biblioteka-gabin.pl\/wp-content\/uploads\/archive\/galleries\/587\/dscn1075-5b82d4af33.jpg'><img style='max-height:300px;' src='https:\/\/biblioteka-gabin.pl\/wp-content\/uploads\/archive\/galleries\/587\/dscn1075-5b82d4af33.jpg'><\/a><br \/>\n<a href='https:\/\/biblioteka-gabin.pl\/wp-content\/uploads\/archive\/galleries\/587\/dscn1038-ed40baaa16.jpg'><img style='max-height:300px;' src='https:\/\/biblioteka-gabin.pl\/wp-content\/uploads\/archive\/galleries\/587\/dscn1038-ed40baaa16.jpg'><\/a><br \/>\n<a href='https:\/\/biblioteka-gabin.pl\/wp-content\/uploads\/archive\/galleries\/587\/dscn1074-a2ab12e2e2.jpg'><img style='max-height:300px;' src='https:\/\/biblioteka-gabin.pl\/wp-content\/uploads\/archive\/galleries\/587\/dscn1074-a2ab12e2e2.jpg'><\/a><br \/>\n<a href='https:\/\/biblioteka-gabin.pl\/wp-content\/uploads\/archive\/galleries\/587\/dscn1039-594d3e955c.jpg'><img style='max-height:300px;' src='https:\/\/biblioteka-gabin.pl\/wp-content\/uploads\/archive\/galleries\/587\/dscn1039-594d3e955c.jpg'><\/a><br \/>\n<a href='https:\/\/biblioteka-gabin.pl\/wp-content\/uploads\/archive\/galleries\/587\/dscn1047-36c8965604.jpg'><img style='max-height:300px;' src='https:\/\/biblioteka-gabin.pl\/wp-content\/uploads\/archive\/galleries\/587\/dscn1047-36c8965604.jpg'><\/a><br \/>\n<a href='https:\/\/biblioteka-gabin.pl\/wp-content\/uploads\/archive\/galleries\/587\/dscn1040-89d61eb4f3.jpg'><img style='max-height:300px;' src='https:\/\/biblioteka-gabin.pl\/wp-content\/uploads\/archive\/galleries\/587\/dscn1040-89d61eb4f3.jpg'><\/a><br \/>\n<a href='https:\/\/biblioteka-gabin.pl\/wp-content\/uploads\/archive\/galleries\/587\/dscn1073-19e625f733.jpg'><img style='max-height:300px;' src='https:\/\/biblioteka-gabin.pl\/wp-content\/uploads\/archive\/galleries\/587\/dscn1073-19e625f733.jpg'><\/a><br \/>\n<a href='https:\/\/biblioteka-gabin.pl\/wp-content\/uploads\/archive\/galleries\/587\/dscn1050-46d36db1fe.jpg'><img style='max-height:300px;' src='https:\/\/biblioteka-gabin.pl\/wp-content\/uploads\/archive\/galleries\/587\/dscn1050-46d36db1fe.jpg'><\/a><br \/>\n<a href='https:\/\/biblioteka-gabin.pl\/wp-content\/uploads\/archive\/galleries\/587\/dscn1070-8b6f8db52c.jpg'><img style='max-height:300px;' src='https:\/\/biblioteka-gabin.pl\/wp-content\/uploads\/archive\/galleries\/587\/dscn1070-8b6f8db52c.jpg'><\/a><br \/>\n<a href='https:\/\/biblioteka-gabin.pl\/wp-content\/uploads\/archive\/galleries\/587\/dscn1051-a28cabd7dc.jpg'><img style='max-height:300px;' src='https:\/\/biblioteka-gabin.pl\/wp-content\/uploads\/archive\/galleries\/587\/dscn1051-a28cabd7dc.jpg'><\/a><br \/>\n<a href='https:\/\/biblioteka-gabin.pl\/wp-content\/uploads\/archive\/galleries\/587\/dscn1068-0326a03bad.jpg'><img style='max-height:300px;' src='https:\/\/biblioteka-gabin.pl\/wp-content\/uploads\/archive\/galleries\/587\/dscn1068-0326a03bad.jpg'><\/a><br \/>\n<a href='https:\/\/biblioteka-gabin.pl\/wp-content\/uploads\/archive\/galleries\/587\/dscn1069-7680ca3172.jpg'><img style='max-height:300px;' src='https:\/\/biblioteka-gabin.pl\/wp-content\/uploads\/archive\/galleries\/587\/dscn1069-7680ca3172.jpg'><\/a><br \/>\n<a href='https:\/\/biblioteka-gabin.pl\/wp-content\/uploads\/archive\/galleries\/587\/dscn1053-078ca4db98.jpg'><img style='max-height:300px;' src='https:\/\/biblioteka-gabin.pl\/wp-content\/uploads\/archive\/galleries\/587\/dscn1053-078ca4db98.jpg'><\/a><br \/>\n<a href='https:\/\/biblioteka-gabin.pl\/wp-content\/uploads\/archive\/galleries\/587\/dscn1067-08415c9224.jpg'><img style='max-height:300px;' src='https:\/\/biblioteka-gabin.pl\/wp-content\/uploads\/archive\/galleries\/587\/dscn1067-08415c9224.jpg'><\/a><br \/>\n<a href='https:\/\/biblioteka-gabin.pl\/wp-content\/uploads\/archive\/galleries\/587\/dscn1054-dda41c285d.jpg'><img style='max-height:300px;' src='https:\/\/biblioteka-gabin.pl\/wp-content\/uploads\/archive\/galleries\/587\/dscn1054-dda41c285d.jpg'><\/a><br \/>\n<a href='https:\/\/biblioteka-gabin.pl\/wp-content\/uploads\/archive\/galleries\/587\/dscn1066-2ca61e913f.jpg'><img style='max-height:300px;' src='https:\/\/biblioteka-gabin.pl\/wp-content\/uploads\/archive\/galleries\/587\/dscn1066-2ca61e913f.jpg'><\/a><br \/>\n<a href='https:\/\/biblioteka-gabin.pl\/wp-content\/uploads\/archive\/galleries\/587\/dscn1065-89e52d61ad.jpg'><img style='max-height:300px;' src='https:\/\/biblioteka-gabin.pl\/wp-content\/uploads\/archive\/galleries\/587\/dscn1065-89e52d61ad.jpg'><\/a><br \/>\n<a href='https:\/\/biblioteka-gabin.pl\/wp-content\/uploads\/archive\/galleries\/587\/dscn1057-450d3c3fac.jpg'><img style='max-height:300px;' src='https:\/\/biblioteka-gabin.pl\/wp-content\/uploads\/archive\/galleries\/587\/dscn1057-450d3c3fac.jpg'><\/a><br \/>\n<a href='https:\/\/biblioteka-gabin.pl\/wp-content\/uploads\/archive\/galleries\/587\/dscn1061-12fe065991.jpg'><img style='max-height:300px;' src='https:\/\/biblioteka-gabin.pl\/wp-content\/uploads\/archive\/galleries\/587\/dscn1061-12fe065991.jpg'><\/a><br \/>\n<a href='https:\/\/biblioteka-gabin.pl\/wp-content\/uploads\/archive\/galleries\/587\/dscn1059-05c4203c13.jpg'><img style='max-height:300px;' src='https:\/\/biblioteka-gabin.pl\/wp-content\/uploads\/archive\/galleries\/587\/dscn1059-05c4203c13.jpg'><\/a><br \/>\n<a href='https:\/\/biblioteka-gabin.pl\/wp-content\/uploads\/archive\/galleries\/587\/dscn1060-03088e7522.jpg'><img style='max-height:300px;' src='https:\/\/biblioteka-gabin.pl\/wp-content\/uploads\/archive\/galleries\/587\/dscn1060-03088e7522.jpg'><\/a><br \/>\n<a href='https:\/\/biblioteka-gabin.pl\/wp-content\/uploads\/archive\/galleries\/587\/dscn1058-124da474e4.jpg'><img style='max-height:300px;' src='https:\/\/biblioteka-gabin.pl\/wp-content\/uploads\/archive\/galleries\/587\/dscn1058-124da474e4.jpg'><\/a><br \/>\n<a href='https:\/\/biblioteka-gabin.pl\/wp-content\/uploads\/archive\/galleries\/587\/dscn1062-dc90bf7c32.jpg'><img style='max-height:300px;' src='https:\/\/biblioteka-gabin.pl\/wp-content\/uploads\/archive\/galleries\/587\/dscn1062-dc90bf7c32.jpg'><\/a><\/p>\n","protected":false},"excerpt":{"rendered":"<p>Pomimo gor\u0105cego poranka grupa \u201eSmerf\u00f3w\u201d z Przedszkola Samorz\u0105dowego im. Kr\u00f3la<\/p>\n","protected":false},"author":1,"featured_media":0,"comment_status":"open","ping_status":"open","sticky":false,"template":"","format":"standard","meta":{"footnotes":""},"categories":[36],"tags":[],"class_list":["post-8531","post","type-post","status-publish","format-standard","hentry","category-main"],"yoast_head":"<!-- This site is optimized with the Yoast SEO plugin v27.4 - https:\/\/yoast.com\/product\/yoast-seo-wordpress\/ -->\n<title>&quot;Spotkanie z bajk\u0105&quot; z dzie\u0107mi z Przedszkola Samorz\u0105dowego im. Kr\u00f3la Maciusia Pierwszego w G\u0105binie (28.05.2024) - Miejsko-Gminna Biblioteka Publiczna w G\u0105binie<\/title>\n<meta name=\"robots\" content=\"index, follow, max-snippet:-1, max-image-preview:large, max-video-preview:-1\" \/>\n<link rel=\"canonical\" href=\"http:\/\/biblioteka-gabin.pl\/index.php\/2024\/05\/28\/spotkanie-z-bajka-z-dziecmi-z-przedszkola-samorzadowego-im-krola-maciusia-pierwszego-w-gabinie-28-05-2024\/\" \/>\n<meta property=\"og:locale\" content=\"pl_PL\" \/>\n<meta property=\"og:type\" content=\"article\" \/>\n<meta property=\"og:title\" content=\"&quot;Spotkanie z bajk\u0105&quot; z dzie\u0107mi z Przedszkola Samorz\u0105dowego im. Kr\u00f3la Maciusia Pierwszego w G\u0105binie (28.05.2024) - Miejsko-Gminna Biblioteka Publiczna w G\u0105binie\" \/>\n<meta property=\"og:description\" content=\"Pomimo gor\u0105cego poranka grupa \u201eSmerf\u00f3w\u201d z Przedszkola Samorz\u0105dowego im. Kr\u00f3la\" \/>\n<meta property=\"og:url\" content=\"http:\/\/biblioteka-gabin.pl\/index.php\/2024\/05\/28\/spotkanie-z-bajka-z-dziecmi-z-przedszkola-samorzadowego-im-krola-maciusia-pierwszego-w-gabinie-28-05-2024\/\" \/>\n<meta property=\"og:site_name\" content=\"Miejsko-Gminna Biblioteka Publiczna w G\u0105binie\" \/>\n<meta property=\"article:publisher\" content=\"https:\/\/www.facebook.com\/bibliotekagabin\" \/>\n<meta property=\"article:published_time\" content=\"2024-05-28T00:00:00+00:00\" \/>\n<meta property=\"og:image\" content=\"https:\/\/biblioteka-gabin.pl\/wp-content\/uploads\/archive\/pliki\/obraz\/2024\/maj\/projekt_bez_nazwy4.png\" \/>\n<meta name=\"author\" content=\"admin\" \/>\n<meta name=\"twitter:card\" content=\"summary_large_image\" \/>\n<meta name=\"twitter:label1\" content=\"Napisane przez\" \/>\n\t<meta name=\"twitter:data1\" content=\"admin\" \/>\n\t<meta name=\"twitter:label2\" content=\"Szacowany czas czytania\" \/>\n\t<meta name=\"twitter:data2\" content=\"1 minuta\" \/>\n<script type=\"application\/ld+json\" class=\"yoast-schema-graph\">{\"@context\":\"https:\\\/\\\/schema.org\",\"@graph\":[{\"@type\":\"Article\",\"@id\":\"http:\\\/\\\/biblioteka-gabin.pl\\\/index.php\\\/2024\\\/05\\\/28\\\/spotkanie-z-bajka-z-dziecmi-z-przedszkola-samorzadowego-im-krola-maciusia-pierwszego-w-gabinie-28-05-2024\\\/#article\",\"isPartOf\":{\"@id\":\"http:\\\/\\\/biblioteka-gabin.pl\\\/index.php\\\/2024\\\/05\\\/28\\\/spotkanie-z-bajka-z-dziecmi-z-przedszkola-samorzadowego-im-krola-maciusia-pierwszego-w-gabinie-28-05-2024\\\/\"},\"author\":{\"name\":\"admin\",\"@id\":\"https:\\\/\\\/biblioteka-gabin.pl\\\/#\\\/schema\\\/person\\\/2067b97c24663d987ef6ef95bed7c99a\"},\"headline\":\"&#8222;Spotkanie z bajk\u0105&#8221; z dzie\u0107mi z Przedszkola Samorz\u0105dowego im. Kr\u00f3la Maciusia Pierwszego w G\u0105binie (28.05.2024)\",\"datePublished\":\"2024-05-28T00:00:00+00:00\",\"mainEntityOfPage\":{\"@id\":\"http:\\\/\\\/biblioteka-gabin.pl\\\/index.php\\\/2024\\\/05\\\/28\\\/spotkanie-z-bajka-z-dziecmi-z-przedszkola-samorzadowego-im-krola-maciusia-pierwszego-w-gabinie-28-05-2024\\\/\"},\"wordCount\":233,\"commentCount\":0,\"publisher\":{\"@id\":\"https:\\\/\\\/biblioteka-gabin.pl\\\/#organization\"},\"image\":{\"@id\":\"http:\\\/\\\/biblioteka-gabin.pl\\\/index.php\\\/2024\\\/05\\\/28\\\/spotkanie-z-bajka-z-dziecmi-z-przedszkola-samorzadowego-im-krola-maciusia-pierwszego-w-gabinie-28-05-2024\\\/#primaryimage\"},\"thumbnailUrl\":\"https:\\\/\\\/biblioteka-gabin.pl\\\/wp-content\\\/uploads\\\/archive\\\/pliki\\\/obraz\\\/2024\\\/maj\\\/projekt_bez_nazwy4.png\",\"articleSection\":[\"Main\"],\"inLanguage\":\"pl-PL\",\"potentialAction\":[{\"@type\":\"CommentAction\",\"name\":\"Comment\",\"target\":[\"http:\\\/\\\/biblioteka-gabin.pl\\\/index.php\\\/2024\\\/05\\\/28\\\/spotkanie-z-bajka-z-dziecmi-z-przedszkola-samorzadowego-im-krola-maciusia-pierwszego-w-gabinie-28-05-2024\\\/#respond\"]}]},{\"@type\":\"WebPage\",\"@id\":\"http:\\\/\\\/biblioteka-gabin.pl\\\/index.php\\\/2024\\\/05\\\/28\\\/spotkanie-z-bajka-z-dziecmi-z-przedszkola-samorzadowego-im-krola-maciusia-pierwszego-w-gabinie-28-05-2024\\\/\",\"url\":\"http:\\\/\\\/biblioteka-gabin.pl\\\/index.php\\\/2024\\\/05\\\/28\\\/spotkanie-z-bajka-z-dziecmi-z-przedszkola-samorzadowego-im-krola-maciusia-pierwszego-w-gabinie-28-05-2024\\\/\",\"name\":\"\\\"Spotkanie z bajk\u0105\\\" z dzie\u0107mi z Przedszkola Samorz\u0105dowego im. Kr\u00f3la Maciusia Pierwszego w G\u0105binie (28.05.2024) - Miejsko-Gminna Biblioteka Publiczna w G\u0105binie\",\"isPartOf\":{\"@id\":\"https:\\\/\\\/biblioteka-gabin.pl\\\/#website\"},\"primaryImageOfPage\":{\"@id\":\"http:\\\/\\\/biblioteka-gabin.pl\\\/index.php\\\/2024\\\/05\\\/28\\\/spotkanie-z-bajka-z-dziecmi-z-przedszkola-samorzadowego-im-krola-maciusia-pierwszego-w-gabinie-28-05-2024\\\/#primaryimage\"},\"image\":{\"@id\":\"http:\\\/\\\/biblioteka-gabin.pl\\\/index.php\\\/2024\\\/05\\\/28\\\/spotkanie-z-bajka-z-dziecmi-z-przedszkola-samorzadowego-im-krola-maciusia-pierwszego-w-gabinie-28-05-2024\\\/#primaryimage\"},\"thumbnailUrl\":\"https:\\\/\\\/biblioteka-gabin.pl\\\/wp-content\\\/uploads\\\/archive\\\/pliki\\\/obraz\\\/2024\\\/maj\\\/projekt_bez_nazwy4.png\",\"datePublished\":\"2024-05-28T00:00:00+00:00\",\"breadcrumb\":{\"@id\":\"http:\\\/\\\/biblioteka-gabin.pl\\\/index.php\\\/2024\\\/05\\\/28\\\/spotkanie-z-bajka-z-dziecmi-z-przedszkola-samorzadowego-im-krola-maciusia-pierwszego-w-gabinie-28-05-2024\\\/#breadcrumb\"},\"inLanguage\":\"pl-PL\",\"potentialAction\":[{\"@type\":\"ReadAction\",\"target\":[\"http:\\\/\\\/biblioteka-gabin.pl\\\/index.php\\\/2024\\\/05\\\/28\\\/spotkanie-z-bajka-z-dziecmi-z-przedszkola-samorzadowego-im-krola-maciusia-pierwszego-w-gabinie-28-05-2024\\\/\"]}]},{\"@type\":\"ImageObject\",\"inLanguage\":\"pl-PL\",\"@id\":\"http:\\\/\\\/biblioteka-gabin.pl\\\/index.php\\\/2024\\\/05\\\/28\\\/spotkanie-z-bajka-z-dziecmi-z-przedszkola-samorzadowego-im-krola-maciusia-pierwszego-w-gabinie-28-05-2024\\\/#primaryimage\",\"url\":\"https:\\\/\\\/biblioteka-gabin.pl\\\/wp-content\\\/uploads\\\/archive\\\/pliki\\\/obraz\\\/2024\\\/maj\\\/projekt_bez_nazwy4.png\",\"contentUrl\":\"https:\\\/\\\/biblioteka-gabin.pl\\\/wp-content\\\/uploads\\\/archive\\\/pliki\\\/obraz\\\/2024\\\/maj\\\/projekt_bez_nazwy4.png\"},{\"@type\":\"BreadcrumbList\",\"@id\":\"http:\\\/\\\/biblioteka-gabin.pl\\\/index.php\\\/2024\\\/05\\\/28\\\/spotkanie-z-bajka-z-dziecmi-z-przedszkola-samorzadowego-im-krola-maciusia-pierwszego-w-gabinie-28-05-2024\\\/#breadcrumb\",\"itemListElement\":[{\"@type\":\"ListItem\",\"position\":1,\"name\":\"Strona g\u0142\u00f3wna\",\"item\":\"https:\\\/\\\/biblioteka-gabin.pl\\\/\"},{\"@type\":\"ListItem\",\"position\":2,\"name\":\"&#8222;Spotkanie z bajk\u0105&#8221; z dzie\u0107mi z Przedszkola Samorz\u0105dowego im. Kr\u00f3la Maciusia Pierwszego w G\u0105binie (28.05.2024)\"}]},{\"@type\":\"WebSite\",\"@id\":\"https:\\\/\\\/biblioteka-gabin.pl\\\/#website\",\"url\":\"https:\\\/\\\/biblioteka-gabin.pl\\\/\",\"name\":\"Miejsko-Gminna Biblioteka Publiczna w G\u0105binie\",\"description\":\"\",\"publisher\":{\"@id\":\"https:\\\/\\\/biblioteka-gabin.pl\\\/#organization\"},\"potentialAction\":[{\"@type\":\"SearchAction\",\"target\":{\"@type\":\"EntryPoint\",\"urlTemplate\":\"https:\\\/\\\/biblioteka-gabin.pl\\\/?s={search_term_string}\"},\"query-input\":{\"@type\":\"PropertyValueSpecification\",\"valueRequired\":true,\"valueName\":\"search_term_string\"}}],\"inLanguage\":\"pl-PL\"},{\"@type\":\"Organization\",\"@id\":\"https:\\\/\\\/biblioteka-gabin.pl\\\/#organization\",\"name\":\"Miejsko-Gminna Biblioteka Publiczna w G\u0105binie\",\"url\":\"https:\\\/\\\/biblioteka-gabin.pl\\\/\",\"logo\":{\"@type\":\"ImageObject\",\"inLanguage\":\"pl-PL\",\"@id\":\"https:\\\/\\\/biblioteka-gabin.pl\\\/#\\\/schema\\\/logo\\\/image\\\/\",\"url\":\"https:\\\/\\\/biblioteka-gabin.pl\\\/wp-content\\\/uploads\\\/2025\\\/03\\\/logo-biblioteka-2-1657013691-1.jpg\",\"contentUrl\":\"https:\\\/\\\/biblioteka-gabin.pl\\\/wp-content\\\/uploads\\\/2025\\\/03\\\/logo-biblioteka-2-1657013691-1.jpg\",\"width\":1600,\"height\":772,\"caption\":\"Miejsko-Gminna Biblioteka Publiczna w G\u0105binie\"},\"image\":{\"@id\":\"https:\\\/\\\/biblioteka-gabin.pl\\\/#\\\/schema\\\/logo\\\/image\\\/\"},\"sameAs\":[\"https:\\\/\\\/www.facebook.com\\\/bibliotekagabin\",\"https:\\\/\\\/www.youtube.com\\\/@mgbpgabin9392\"]},{\"@type\":\"Person\",\"@id\":\"https:\\\/\\\/biblioteka-gabin.pl\\\/#\\\/schema\\\/person\\\/2067b97c24663d987ef6ef95bed7c99a\",\"name\":\"admin\",\"image\":{\"@type\":\"ImageObject\",\"inLanguage\":\"pl-PL\",\"@id\":\"https:\\\/\\\/secure.gravatar.com\\\/avatar\\\/e1843904e97b4e376a0fc90ae10372cd31bce9b207a7a3d2ca68fc7ca7e4174c?s=96&d=mm&r=g\",\"url\":\"https:\\\/\\\/secure.gravatar.com\\\/avatar\\\/e1843904e97b4e376a0fc90ae10372cd31bce9b207a7a3d2ca68fc7ca7e4174c?s=96&d=mm&r=g\",\"contentUrl\":\"https:\\\/\\\/secure.gravatar.com\\\/avatar\\\/e1843904e97b4e376a0fc90ae10372cd31bce9b207a7a3d2ca68fc7ca7e4174c?s=96&d=mm&r=g\",\"caption\":\"admin\"},\"sameAs\":[\"http:\\\/\\\/strona.biblioteka-gabin.pl\"],\"url\":\"https:\\\/\\\/biblioteka-gabin.pl\\\/index.php\\\/author\\\/admin\\\/\"}]}<\/script>\n<!-- \/ Yoast SEO plugin. -->","yoast_head_json":{"title":"\"Spotkanie z bajk\u0105\" z dzie\u0107mi z Przedszkola Samorz\u0105dowego im. Kr\u00f3la Maciusia Pierwszego w G\u0105binie (28.05.2024) - Miejsko-Gminna Biblioteka Publiczna w G\u0105binie","robots":{"index":"index","follow":"follow","max-snippet":"max-snippet:-1","max-image-preview":"max-image-preview:large","max-video-preview":"max-video-preview:-1"},"canonical":"http:\/\/biblioteka-gabin.pl\/index.php\/2024\/05\/28\/spotkanie-z-bajka-z-dziecmi-z-przedszkola-samorzadowego-im-krola-maciusia-pierwszego-w-gabinie-28-05-2024\/","og_locale":"pl_PL","og_type":"article","og_title":"\"Spotkanie z bajk\u0105\" z dzie\u0107mi z Przedszkola Samorz\u0105dowego im. Kr\u00f3la Maciusia Pierwszego w G\u0105binie (28.05.2024) - Miejsko-Gminna Biblioteka Publiczna w G\u0105binie","og_description":"Pomimo gor\u0105cego poranka grupa \u201eSmerf\u00f3w\u201d z Przedszkola Samorz\u0105dowego im. Kr\u00f3la","og_url":"http:\/\/biblioteka-gabin.pl\/index.php\/2024\/05\/28\/spotkanie-z-bajka-z-dziecmi-z-przedszkola-samorzadowego-im-krola-maciusia-pierwszego-w-gabinie-28-05-2024\/","og_site_name":"Miejsko-Gminna Biblioteka Publiczna w G\u0105binie","article_publisher":"https:\/\/www.facebook.com\/bibliotekagabin","article_published_time":"2024-05-28T00:00:00+00:00","og_image":[{"url":"https:\/\/biblioteka-gabin.pl\/wp-content\/uploads\/archive\/pliki\/obraz\/2024\/maj\/projekt_bez_nazwy4.png","type":"","width":"","height":""}],"author":"admin","twitter_card":"summary_large_image","twitter_misc":{"Napisane przez":"admin","Szacowany czas czytania":"1 minuta"},"schema":{"@context":"https:\/\/schema.org","@graph":[{"@type":"Article","@id":"http:\/\/biblioteka-gabin.pl\/index.php\/2024\/05\/28\/spotkanie-z-bajka-z-dziecmi-z-przedszkola-samorzadowego-im-krola-maciusia-pierwszego-w-gabinie-28-05-2024\/#article","isPartOf":{"@id":"http:\/\/biblioteka-gabin.pl\/index.php\/2024\/05\/28\/spotkanie-z-bajka-z-dziecmi-z-przedszkola-samorzadowego-im-krola-maciusia-pierwszego-w-gabinie-28-05-2024\/"},"author":{"name":"admin","@id":"https:\/\/biblioteka-gabin.pl\/#\/schema\/person\/2067b97c24663d987ef6ef95bed7c99a"},"headline":"&#8222;Spotkanie z bajk\u0105&#8221; z dzie\u0107mi z Przedszkola Samorz\u0105dowego im. Kr\u00f3la Maciusia Pierwszego w G\u0105binie (28.05.2024)","datePublished":"2024-05-28T00:00:00+00:00","mainEntityOfPage":{"@id":"http:\/\/biblioteka-gabin.pl\/index.php\/2024\/05\/28\/spotkanie-z-bajka-z-dziecmi-z-przedszkola-samorzadowego-im-krola-maciusia-pierwszego-w-gabinie-28-05-2024\/"},"wordCount":233,"commentCount":0,"publisher":{"@id":"https:\/\/biblioteka-gabin.pl\/#organization"},"image":{"@id":"http:\/\/biblioteka-gabin.pl\/index.php\/2024\/05\/28\/spotkanie-z-bajka-z-dziecmi-z-przedszkola-samorzadowego-im-krola-maciusia-pierwszego-w-gabinie-28-05-2024\/#primaryimage"},"thumbnailUrl":"https:\/\/biblioteka-gabin.pl\/wp-content\/uploads\/archive\/pliki\/obraz\/2024\/maj\/projekt_bez_nazwy4.png","articleSection":["Main"],"inLanguage":"pl-PL","potentialAction":[{"@type":"CommentAction","name":"Comment","target":["http:\/\/biblioteka-gabin.pl\/index.php\/2024\/05\/28\/spotkanie-z-bajka-z-dziecmi-z-przedszkola-samorzadowego-im-krola-maciusia-pierwszego-w-gabinie-28-05-2024\/#respond"]}]},{"@type":"WebPage","@id":"http:\/\/biblioteka-gabin.pl\/index.php\/2024\/05\/28\/spotkanie-z-bajka-z-dziecmi-z-przedszkola-samorzadowego-im-krola-maciusia-pierwszego-w-gabinie-28-05-2024\/","url":"http:\/\/biblioteka-gabin.pl\/index.php\/2024\/05\/28\/spotkanie-z-bajka-z-dziecmi-z-przedszkola-samorzadowego-im-krola-maciusia-pierwszego-w-gabinie-28-05-2024\/","name":"\"Spotkanie z bajk\u0105\" z dzie\u0107mi z Przedszkola Samorz\u0105dowego im. Kr\u00f3la Maciusia Pierwszego w G\u0105binie (28.05.2024) - Miejsko-Gminna Biblioteka Publiczna w G\u0105binie","isPartOf":{"@id":"https:\/\/biblioteka-gabin.pl\/#website"},"primaryImageOfPage":{"@id":"http:\/\/biblioteka-gabin.pl\/index.php\/2024\/05\/28\/spotkanie-z-bajka-z-dziecmi-z-przedszkola-samorzadowego-im-krola-maciusia-pierwszego-w-gabinie-28-05-2024\/#primaryimage"},"image":{"@id":"http:\/\/biblioteka-gabin.pl\/index.php\/2024\/05\/28\/spotkanie-z-bajka-z-dziecmi-z-przedszkola-samorzadowego-im-krola-maciusia-pierwszego-w-gabinie-28-05-2024\/#primaryimage"},"thumbnailUrl":"https:\/\/biblioteka-gabin.pl\/wp-content\/uploads\/archive\/pliki\/obraz\/2024\/maj\/projekt_bez_nazwy4.png","datePublished":"2024-05-28T00:00:00+00:00","breadcrumb":{"@id":"http:\/\/biblioteka-gabin.pl\/index.php\/2024\/05\/28\/spotkanie-z-bajka-z-dziecmi-z-przedszkola-samorzadowego-im-krola-maciusia-pierwszego-w-gabinie-28-05-2024\/#breadcrumb"},"inLanguage":"pl-PL","potentialAction":[{"@type":"ReadAction","target":["http:\/\/biblioteka-gabin.pl\/index.php\/2024\/05\/28\/spotkanie-z-bajka-z-dziecmi-z-przedszkola-samorzadowego-im-krola-maciusia-pierwszego-w-gabinie-28-05-2024\/"]}]},{"@type":"ImageObject","inLanguage":"pl-PL","@id":"http:\/\/biblioteka-gabin.pl\/index.php\/2024\/05\/28\/spotkanie-z-bajka-z-dziecmi-z-przedszkola-samorzadowego-im-krola-maciusia-pierwszego-w-gabinie-28-05-2024\/#primaryimage","url":"https:\/\/biblioteka-gabin.pl\/wp-content\/uploads\/archive\/pliki\/obraz\/2024\/maj\/projekt_bez_nazwy4.png","contentUrl":"https:\/\/biblioteka-gabin.pl\/wp-content\/uploads\/archive\/pliki\/obraz\/2024\/maj\/projekt_bez_nazwy4.png"},{"@type":"BreadcrumbList","@id":"http:\/\/biblioteka-gabin.pl\/index.php\/2024\/05\/28\/spotkanie-z-bajka-z-dziecmi-z-przedszkola-samorzadowego-im-krola-maciusia-pierwszego-w-gabinie-28-05-2024\/#breadcrumb","itemListElement":[{"@type":"ListItem","position":1,"name":"Strona g\u0142\u00f3wna","item":"https:\/\/biblioteka-gabin.pl\/"},{"@type":"ListItem","position":2,"name":"&#8222;Spotkanie z bajk\u0105&#8221; z dzie\u0107mi z Przedszkola Samorz\u0105dowego im. Kr\u00f3la Maciusia Pierwszego w G\u0105binie (28.05.2024)"}]},{"@type":"WebSite","@id":"https:\/\/biblioteka-gabin.pl\/#website","url":"https:\/\/biblioteka-gabin.pl\/","name":"Miejsko-Gminna Biblioteka Publiczna w G\u0105binie","description":"","publisher":{"@id":"https:\/\/biblioteka-gabin.pl\/#organization"},"potentialAction":[{"@type":"SearchAction","target":{"@type":"EntryPoint","urlTemplate":"https:\/\/biblioteka-gabin.pl\/?s={search_term_string}"},"query-input":{"@type":"PropertyValueSpecification","valueRequired":true,"valueName":"search_term_string"}}],"inLanguage":"pl-PL"},{"@type":"Organization","@id":"https:\/\/biblioteka-gabin.pl\/#organization","name":"Miejsko-Gminna Biblioteka Publiczna w G\u0105binie","url":"https:\/\/biblioteka-gabin.pl\/","logo":{"@type":"ImageObject","inLanguage":"pl-PL","@id":"https:\/\/biblioteka-gabin.pl\/#\/schema\/logo\/image\/","url":"https:\/\/biblioteka-gabin.pl\/wp-content\/uploads\/2025\/03\/logo-biblioteka-2-1657013691-1.jpg","contentUrl":"https:\/\/biblioteka-gabin.pl\/wp-content\/uploads\/2025\/03\/logo-biblioteka-2-1657013691-1.jpg","width":1600,"height":772,"caption":"Miejsko-Gminna Biblioteka Publiczna w G\u0105binie"},"image":{"@id":"https:\/\/biblioteka-gabin.pl\/#\/schema\/logo\/image\/"},"sameAs":["https:\/\/www.facebook.com\/bibliotekagabin","https:\/\/www.youtube.com\/@mgbpgabin9392"]},{"@type":"Person","@id":"https:\/\/biblioteka-gabin.pl\/#\/schema\/person\/2067b97c24663d987ef6ef95bed7c99a","name":"admin","image":{"@type":"ImageObject","inLanguage":"pl-PL","@id":"https:\/\/secure.gravatar.com\/avatar\/e1843904e97b4e376a0fc90ae10372cd31bce9b207a7a3d2ca68fc7ca7e4174c?s=96&d=mm&r=g","url":"https:\/\/secure.gravatar.com\/avatar\/e1843904e97b4e376a0fc90ae10372cd31bce9b207a7a3d2ca68fc7ca7e4174c?s=96&d=mm&r=g","contentUrl":"https:\/\/secure.gravatar.com\/avatar\/e1843904e97b4e376a0fc90ae10372cd31bce9b207a7a3d2ca68fc7ca7e4174c?s=96&d=mm&r=g","caption":"admin"},"sameAs":["http:\/\/strona.biblioteka-gabin.pl"],"url":"https:\/\/biblioteka-gabin.pl\/index.php\/author\/admin\/"}]}},"_links":{"self":[{"href":"https:\/\/biblioteka-gabin.pl\/index.php\/wp-json\/wp\/v2\/posts\/8531","targetHints":{"allow":["GET"]}}],"collection":[{"href":"https:\/\/biblioteka-gabin.pl\/index.php\/wp-json\/wp\/v2\/posts"}],"about":[{"href":"https:\/\/biblioteka-gabin.pl\/index.php\/wp-json\/wp\/v2\/types\/post"}],"author":[{"embeddable":true,"href":"https:\/\/biblioteka-gabin.pl\/index.php\/wp-json\/wp\/v2\/users\/1"}],"replies":[{"embeddable":true,"href":"https:\/\/biblioteka-gabin.pl\/index.php\/wp-json\/wp\/v2\/comments?post=8531"}],"version-history":[{"count":0,"href":"https:\/\/biblioteka-gabin.pl\/index.php\/wp-json\/wp\/v2\/posts\/8531\/revisions"}],"wp:attachment":[{"href":"https:\/\/biblioteka-gabin.pl\/index.php\/wp-json\/wp\/v2\/media?parent=8531"}],"wp:term":[{"taxonomy":"category","embeddable":true,"href":"https:\/\/biblioteka-gabin.pl\/index.php\/wp-json\/wp\/v2\/categories?post=8531"},{"taxonomy":"post_tag","embeddable":true,"href":"https:\/\/biblioteka-gabin.pl\/index.php\/wp-json\/wp\/v2\/tags?post=8531"}],"curies":[{"name":"wp","href":"https:\/\/api.w.org\/{rel}","templated":true}]}}