{"id":8538,"date":"2023-05-29T00:00:00","date_gmt":"2023-05-29T00:00:00","guid":{"rendered":"https:\/\/biblioteka-gabin.pl\/index.php\/2023\/05\/29\/spotkanie-z-bajka-z-grupa-wiewiorek-z-oddzialu-przedszkolnego-przy-szkole-podstawowej-w-gabinie-12-05-2023\/"},"modified":"2023-05-29T00:00:00","modified_gmt":"2023-05-29T00:00:00","slug":"spotkanie-z-bajka-z-grupa-wiewiorek-z-oddzialu-przedszkolnego-przy-szkole-podstawowej-w-gabinie-12-05-2023","status":"publish","type":"post","link":"https:\/\/biblioteka-gabin.pl\/index.php\/2023\/05\/29\/spotkanie-z-bajka-z-grupa-wiewiorek-z-oddzialu-przedszkolnego-przy-szkole-podstawowej-w-gabinie-12-05-2023\/","title":{"rendered":"&#8222;Spotkanie z bajk\u0105&#8221; z grup\u0105 &#8222;Wiewi\u00f3rek&#8221; z Oddzia\u0142u Przedszkolnego przy Szkole Podstawowej w G\u0105binie (12.05.2023)"},"content":{"rendered":"<p>W dniu 12.05.2023 r. Miejsko \u2013 Gminn\u0105 Bibliotek\u0119 Publiczn\u0105 w G\u0105binie odwiedzi\u0142a grupa \u201eWiewi\u00f3rek\u201d z Oddzia\u0142u Przedszkolnego przy Szkole Podstawowej im. M. Konopnickiej w G\u0105binie.<br \/>\n\u00a0\u00a0\u00a0\u00a0 Po przywitaniu go\u015bci zaj\u0119cia rozpocz\u0119\u0142am od zaproszenia wszystkich do odwiedzania naszej Biblioteki i zapisania si\u0119 do niej. Nie mog\u0142am pomin\u0105\u0107 wa\u017cnego projektu, jaki nadal trwa: Ma\u0142a ksi\u0105\u017cka, wielki cz\u0142owiek, kt\u00f3rego g\u0142\u00f3wnym organizatorem jest Instytut Ksi\u0105\u017cki z siedzib\u0105 w Krakowie. Projekt skierowany jest dla przedszkolak\u00f3w. Ka\u017cdy kto zapisze si\u0119 do Biblioteki otrzymuje w prezencie ksi\u0105\u017ck\u0119, rodzic tak\u017ce. Dodatkowo dziecko otrzymuje kart\u0119 Ma\u0142ego Czytelnika, na kt\u00f3r\u0105 przykleja naklejki przy ka\u017cdych odwiedzinach Ksi\u0105\u017cnicy.<br \/>\n\u00a0\u00a0\u00a0 Zaprezentowa\u0142am dzieciom kilka ksi\u0105\u017ceczek, jakie mog\u0105 tu znale\u017a\u0107. Przeczyta\u0142am bajk\u0119 pt. \u201eBrzydkie kacz\u0105tko\u201d z serii rozk\u0142adanych ksi\u0105\u017ceczek. Kiedy j\u0105 otwiera\u0142am porusza\u0142y si\u0119 pewne elementy, kt\u00f3re natychmiast wzbudzi\u0142y zachwyt w\u015br\u00f3d s\u0142uchaczy.<br \/>\n\u00a0\u00a0\u00a0 Jedn\u0105 z kolejnej cz\u0119\u015bci spotkania by\u0142a zabawa. Wykorzysta\u0142am do niej tablice multimedialn\u0105, kt\u00f3ra \u015bwietnie pos\u0142u\u017cy\u0142a do gry w \u201eKalambury\u201d. Ch\u0119tna osoba rysowa\u0142a na niej wymy\u015blone has\u0142o a pozostali musieli odgadn\u0105\u0107. Wszyscy mogli\u015bmy podziwia\u0107 m\u0142ode talenty, zar\u00f3wno te rysuj\u0105ce kresk\u0105 po tablicy jak i te charakteryzuj\u0105ce si\u0119 szybko\u015bci\u0105 w zgadywaniu.<br \/>\n\u00a0\u00a0 Dodatkowo dzieci obejrza\u0142y bajk\u0119 pt.\u201dKotociaki w Bibliotece\u201d.<br \/>\n\u00a0\u00a0 Nie zabrak\u0142o s\u0142odkiej niespodzianki, kt\u00f3r\u0105 otrzyma\u0142 ka\u017cdy M\u0142ody Czytelnik.<br \/>\n\u00a0\u00a0 Czas sp\u0119dzony z tak urocz\u0105 grup\u0105 \u201eWiewi\u00f3rek\u201d min\u0105\u0142 bardzo szybko, serdecznie dzi\u0119kuj\u0119 za Wasz\u0105 obecno\u015b\u0107, za ka\u017cdy u\u015bmiech i du\u017c\u0105 aktywno\u015b\u0107 w zaj\u0119ciach. Mam nadziej\u0119, \u017ce to pocz\u0105tek przyja\u017ani z nasz\u0105 Bibliotek\u0105. Czekamy na Was. Na zako\u0144czenie m\u00f3wi\u0119 wszystkim do mi\u0142ego zobaczenia.<br \/>\n\u00a0\u00a0\u00a0\u00a0\u00a0\u00a0\u00a0\u00a0\u00a0\u00a0\u00a0\u00a0\u00a0\u00a0\u00a0\u00a0\u00a0\u00a0\u00a0\u00a0\u00a0\u00a0\u00a0\u00a0\u00a0\u00a0\u00a0\u00a0\u00a0\u00a0\u00a0\u00a0\u00a0\u00a0\u00a0\u00a0\u00a0\u00a0\u00a0\u00a0\u00a0\u00a0\u00a0\u00a0\u00a0\u00a0\u00a0\u00a0\u00a0\u00a0\u00a0\u00a0\u00a0\u00a0\u00a0\u00a0\u00a0\u00a0\u00a0\u00a0\u00a0\u00a0\u00a0\u00a0\u00a0\u00a0\u00a0\u00a0\u00a0\u00a0\u00a0 Opr. Joanna Olejniczak<br \/>\n<img src='https:\/\/biblioteka-gabin.pl\/wp-content\/uploads\/archive\/pliki\/obraz\/2023_\/maj\/345025007_266339932443178_7280150025275089444_n.jpg'><br \/>\n<iframe width='420' height='315' src='https:\/\/www.youtube.com\/embed\/cKP_zpLpPvM'><\/iframe><br \/>\n<iframe width='420' height='315' src='https:\/\/www.youtube.com\/embed\/JL-WFQUFqVs'><\/iframe><br \/>\n<iframe width='420' height='315' src='https:\/\/www.youtube.com\/embed\/N_8Mh6JKH14'><\/iframe><br \/>\n<a href='https:\/\/biblioteka-gabin.pl\/wp-content\/uploads\/archive\/galleries\/483\/3450250072663399324431787280150025275089444n-7101c79b4f.jpg'><img style='max-height:300px;' src='https:\/\/biblioteka-gabin.pl\/wp-content\/uploads\/archive\/galleries\/483\/3450250072663399324431787280150025275089444n-7101c79b4f.jpg'><\/a><br \/>\n<a href='https:\/\/biblioteka-gabin.pl\/wp-content\/uploads\/archive\/galleries\/483\/3435664699905140552937115155325367074421030n-520f5c62ec.jpg'><img style='max-height:300px;' src='https:\/\/biblioteka-gabin.pl\/wp-content\/uploads\/archive\/galleries\/483\/3435664699905140552937115155325367074421030n-520f5c62ec.jpg'><\/a><br \/>\n<a href='https:\/\/biblioteka-gabin.pl\/wp-content\/uploads\/archive\/galleries\/483\/3436053726302041958177201190328001905041883n-724e310e66.jpg'><img style='max-height:300px;' src='https:\/\/biblioteka-gabin.pl\/wp-content\/uploads\/archive\/galleries\/483\/3436053726302041958177201190328001905041883n-724e310e66.jpg'><\/a><br \/>\n<a href='https:\/\/biblioteka-gabin.pl\/wp-content\/uploads\/archive\/galleries\/483\/3433713619423842270056617738669765775899309n-7826a7b7a0.jpg'><img style='max-height:300px;' src='https:\/\/biblioteka-gabin.pl\/wp-content\/uploads\/archive\/galleries\/483\/3433713619423842270056617738669765775899309n-7826a7b7a0.jpg'><\/a><br \/>\n<a href='https:\/\/biblioteka-gabin.pl\/wp-content\/uploads\/archive\/galleries\/483\/3438363731751094918820626871402273033880461n-cfaac2f4c1.jpg'><img style='max-height:300px;' src='https:\/\/biblioteka-gabin.pl\/wp-content\/uploads\/archive\/galleries\/483\/3438363731751094918820626871402273033880461n-cfaac2f4c1.jpg'><\/a><br \/>\n<a href='https:\/\/biblioteka-gabin.pl\/wp-content\/uploads\/archive\/galleries\/483\/34472326514089112966107202487487444270446169n-25f29fd297.jpg'><img style='max-height:300px;' src='https:\/\/biblioteka-gabin.pl\/wp-content\/uploads\/archive\/galleries\/483\/34472326514089112966107202487487444270446169n-25f29fd297.jpg'><\/a><br \/>\n<a href='https:\/\/biblioteka-gabin.pl\/wp-content\/uploads\/archive\/galleries\/483\/3447770899976125516042771103017621762937176n-251329e16b.jpg'><img style='max-height:300px;' src='https:\/\/biblioteka-gabin.pl\/wp-content\/uploads\/archive\/galleries\/483\/3447770899976125516042771103017621762937176n-251329e16b.jpg'><\/a><br \/>\n<a href='https:\/\/biblioteka-gabin.pl\/wp-content\/uploads\/archive\/galleries\/483\/34330850321751375426794722121561321187465190n-3117119d15.jpg'><img style='max-height:300px;' src='https:\/\/biblioteka-gabin.pl\/wp-content\/uploads\/archive\/galleries\/483\/34330850321751375426794722121561321187465190n-3117119d15.jpg'><\/a><br \/>\n<a href='https:\/\/biblioteka-gabin.pl\/wp-content\/uploads\/archive\/galleries\/483\/34328116933591409710032373190141274966587569n-951b8047a9.jpg'><img style='max-height:300px;' src='https:\/\/biblioteka-gabin.pl\/wp-content\/uploads\/archive\/galleries\/483\/34328116933591409710032373190141274966587569n-951b8047a9.jpg'><\/a><br \/>\n<a href='https:\/\/biblioteka-gabin.pl\/wp-content\/uploads\/archive\/galleries\/483\/3447770899976125516042771103017621762937176n-b58be1b9fb.jpg'><img style='max-height:300px;' src='https:\/\/biblioteka-gabin.pl\/wp-content\/uploads\/archive\/galleries\/483\/3447770899976125516042771103017621762937176n-b58be1b9fb.jpg'><\/a><br \/>\n<a href='https:\/\/biblioteka-gabin.pl\/wp-content\/uploads\/archive\/galleries\/483\/34372971012451294194779102940919120358490500n-4530a29728.jpg'><img style='max-height:300px;' src='https:\/\/biblioteka-gabin.pl\/wp-content\/uploads\/archive\/galleries\/483\/34372971012451294194779102940919120358490500n-4530a29728.jpg'><\/a><br \/>\n<a href='https:\/\/biblioteka-gabin.pl\/wp-content\/uploads\/archive\/galleries\/483\/34357346512045684535569791047332716407807935n-e282cca714.jpg'><img style='max-height:300px;' src='https:\/\/biblioteka-gabin.pl\/wp-content\/uploads\/archive\/galleries\/483\/34357346512045684535569791047332716407807935n-e282cca714.jpg'><\/a><br \/>\n<a href='https:\/\/biblioteka-gabin.pl\/wp-content\/uploads\/archive\/galleries\/483\/343588680810444537308111738267000606521144n-44486717d0.jpg'><img style='max-height:300px;' src='https:\/\/biblioteka-gabin.pl\/wp-content\/uploads\/archive\/galleries\/483\/343588680810444537308111738267000606521144n-44486717d0.jpg'><\/a><br \/>\n<a href='https:\/\/biblioteka-gabin.pl\/wp-content\/uploads\/archive\/galleries\/483\/3452473341788763448081707406244601749871966n-a456ccfe90.jpg'><img style='max-height:300px;' src='https:\/\/biblioteka-gabin.pl\/wp-content\/uploads\/archive\/galleries\/483\/3452473341788763448081707406244601749871966n-a456ccfe90.jpg'><\/a><br \/>\n<a href='https:\/\/biblioteka-gabin.pl\/wp-content\/uploads\/archive\/galleries\/483\/34501704314270831813818176077052536276634748n-cff5201214.jpg'><img style='max-height:300px;' src='https:\/\/biblioteka-gabin.pl\/wp-content\/uploads\/archive\/galleries\/483\/34501704314270831813818176077052536276634748n-cff5201214.jpg'><\/a><br \/>\n<a href='https:\/\/biblioteka-gabin.pl\/wp-content\/uploads\/archive\/galleries\/483\/34330850321751375426794722121561321187465190n-25b3d69d4e.jpg'><img style='max-height:300px;' src='https:\/\/biblioteka-gabin.pl\/wp-content\/uploads\/archive\/galleries\/483\/34330850321751375426794722121561321187465190n-25b3d69d4e.jpg'><\/a><br \/>\n<a href='https:\/\/biblioteka-gabin.pl\/wp-content\/uploads\/archive\/galleries\/483\/3432858362733884384238577951931823537275240n-0f8ddab36e.jpg'><img style='max-height:300px;' src='https:\/\/biblioteka-gabin.pl\/wp-content\/uploads\/archive\/galleries\/483\/3432858362733884384238577951931823537275240n-0f8ddab36e.jpg'><\/a><br \/>\n<a href='https:\/\/biblioteka-gabin.pl\/wp-content\/uploads\/archive\/galleries\/483\/3432921846350107914990216792190786265492373n-c9ccbd29aa.jpg'><img style='max-height:300px;' src='https:\/\/biblioteka-gabin.pl\/wp-content\/uploads\/archive\/galleries\/483\/3432921846350107914990216792190786265492373n-c9ccbd29aa.jpg'><\/a><br \/>\n<a href='https:\/\/biblioteka-gabin.pl\/wp-content\/uploads\/archive\/galleries\/483\/3451127543562988527320368216785576027260049n-b196cca16a.jpg'><img style='max-height:300px;' src='https:\/\/biblioteka-gabin.pl\/wp-content\/uploads\/archive\/galleries\/483\/3451127543562988527320368216785576027260049n-b196cca16a.jpg'><\/a><\/p>\n","protected":false},"excerpt":{"rendered":"<p>W dniu 12.05.2023 r. Miejsko \u2013 Gminn\u0105 Bibliotek\u0119 Publiczn\u0105 w<\/p>\n","protected":false},"author":1,"featured_media":0,"comment_status":"open","ping_status":"open","sticky":false,"template":"","format":"standard","meta":{"footnotes":""},"categories":[36],"tags":[],"class_list":["post-8538","post","type-post","status-publish","format-standard","hentry","category-main"],"yoast_head":"<!-- This site is optimized with the Yoast SEO plugin v27.4 - https:\/\/yoast.com\/product\/yoast-seo-wordpress\/ -->\n<title>&quot;Spotkanie z bajk\u0105&quot; z grup\u0105 &quot;Wiewi\u00f3rek&quot; z Oddzia\u0142u Przedszkolnego przy Szkole Podstawowej w G\u0105binie (12.05.2023) - Miejsko-Gminna Biblioteka Publiczna w G\u0105binie<\/title>\n<meta name=\"robots\" content=\"index, follow, max-snippet:-1, max-image-preview:large, max-video-preview:-1\" \/>\n<link rel=\"canonical\" href=\"http:\/\/biblioteka-gabin.pl\/index.php\/2023\/05\/29\/spotkanie-z-bajka-z-grupa-wiewiorek-z-oddzialu-przedszkolnego-przy-szkole-podstawowej-w-gabinie-12-05-2023\/\" \/>\n<meta property=\"og:locale\" content=\"pl_PL\" \/>\n<meta property=\"og:type\" content=\"article\" \/>\n<meta property=\"og:title\" content=\"&quot;Spotkanie z bajk\u0105&quot; z grup\u0105 &quot;Wiewi\u00f3rek&quot; z Oddzia\u0142u Przedszkolnego przy Szkole Podstawowej w G\u0105binie (12.05.2023) - Miejsko-Gminna Biblioteka Publiczna w G\u0105binie\" \/>\n<meta property=\"og:description\" content=\"W dniu 12.05.2023 r. Miejsko \u2013 Gminn\u0105 Bibliotek\u0119 Publiczn\u0105 w\" \/>\n<meta property=\"og:url\" content=\"http:\/\/biblioteka-gabin.pl\/index.php\/2023\/05\/29\/spotkanie-z-bajka-z-grupa-wiewiorek-z-oddzialu-przedszkolnego-przy-szkole-podstawowej-w-gabinie-12-05-2023\/\" \/>\n<meta property=\"og:site_name\" content=\"Miejsko-Gminna Biblioteka Publiczna w G\u0105binie\" \/>\n<meta property=\"article:publisher\" content=\"https:\/\/www.facebook.com\/bibliotekagabin\" \/>\n<meta property=\"article:published_time\" content=\"2023-05-29T00:00:00+00:00\" \/>\n<meta property=\"og:image\" content=\"https:\/\/biblioteka-gabin.pl\/wp-content\/uploads\/archive\/pliki\/obraz\/2023_\/maj\/345025007_266339932443178_7280150025275089444_n.jpg\" \/>\n<meta name=\"author\" content=\"admin\" \/>\n<meta name=\"twitter:card\" content=\"summary_large_image\" \/>\n<meta name=\"twitter:label1\" content=\"Napisane przez\" \/>\n\t<meta name=\"twitter:data1\" content=\"admin\" \/>\n\t<meta name=\"twitter:label2\" content=\"Szacowany czas czytania\" \/>\n\t<meta name=\"twitter:data2\" content=\"2 minuty\" \/>\n<script type=\"application\/ld+json\" class=\"yoast-schema-graph\">{\"@context\":\"https:\\\/\\\/schema.org\",\"@graph\":[{\"@type\":\"Article\",\"@id\":\"http:\\\/\\\/biblioteka-gabin.pl\\\/index.php\\\/2023\\\/05\\\/29\\\/spotkanie-z-bajka-z-grupa-wiewiorek-z-oddzialu-przedszkolnego-przy-szkole-podstawowej-w-gabinie-12-05-2023\\\/#article\",\"isPartOf\":{\"@id\":\"http:\\\/\\\/biblioteka-gabin.pl\\\/index.php\\\/2023\\\/05\\\/29\\\/spotkanie-z-bajka-z-grupa-wiewiorek-z-oddzialu-przedszkolnego-przy-szkole-podstawowej-w-gabinie-12-05-2023\\\/\"},\"author\":{\"name\":\"admin\",\"@id\":\"https:\\\/\\\/biblioteka-gabin.pl\\\/#\\\/schema\\\/person\\\/2067b97c24663d987ef6ef95bed7c99a\"},\"headline\":\"&#8222;Spotkanie z bajk\u0105&#8221; z grup\u0105 &#8222;Wiewi\u00f3rek&#8221; z Oddzia\u0142u Przedszkolnego przy Szkole Podstawowej w G\u0105binie (12.05.2023)\",\"datePublished\":\"2023-05-29T00:00:00+00:00\",\"mainEntityOfPage\":{\"@id\":\"http:\\\/\\\/biblioteka-gabin.pl\\\/index.php\\\/2023\\\/05\\\/29\\\/spotkanie-z-bajka-z-grupa-wiewiorek-z-oddzialu-przedszkolnego-przy-szkole-podstawowej-w-gabinie-12-05-2023\\\/\"},\"wordCount\":322,\"commentCount\":0,\"publisher\":{\"@id\":\"https:\\\/\\\/biblioteka-gabin.pl\\\/#organization\"},\"image\":{\"@id\":\"http:\\\/\\\/biblioteka-gabin.pl\\\/index.php\\\/2023\\\/05\\\/29\\\/spotkanie-z-bajka-z-grupa-wiewiorek-z-oddzialu-przedszkolnego-przy-szkole-podstawowej-w-gabinie-12-05-2023\\\/#primaryimage\"},\"thumbnailUrl\":\"https:\\\/\\\/biblioteka-gabin.pl\\\/wp-content\\\/uploads\\\/archive\\\/pliki\\\/obraz\\\/2023_\\\/maj\\\/345025007_266339932443178_7280150025275089444_n.jpg\",\"articleSection\":[\"Main\"],\"inLanguage\":\"pl-PL\",\"potentialAction\":[{\"@type\":\"CommentAction\",\"name\":\"Comment\",\"target\":[\"http:\\\/\\\/biblioteka-gabin.pl\\\/index.php\\\/2023\\\/05\\\/29\\\/spotkanie-z-bajka-z-grupa-wiewiorek-z-oddzialu-przedszkolnego-przy-szkole-podstawowej-w-gabinie-12-05-2023\\\/#respond\"]}]},{\"@type\":\"WebPage\",\"@id\":\"http:\\\/\\\/biblioteka-gabin.pl\\\/index.php\\\/2023\\\/05\\\/29\\\/spotkanie-z-bajka-z-grupa-wiewiorek-z-oddzialu-przedszkolnego-przy-szkole-podstawowej-w-gabinie-12-05-2023\\\/\",\"url\":\"http:\\\/\\\/biblioteka-gabin.pl\\\/index.php\\\/2023\\\/05\\\/29\\\/spotkanie-z-bajka-z-grupa-wiewiorek-z-oddzialu-przedszkolnego-przy-szkole-podstawowej-w-gabinie-12-05-2023\\\/\",\"name\":\"\\\"Spotkanie z bajk\u0105\\\" z grup\u0105 \\\"Wiewi\u00f3rek\\\" z Oddzia\u0142u Przedszkolnego przy Szkole Podstawowej w G\u0105binie (12.05.2023) - Miejsko-Gminna Biblioteka Publiczna w G\u0105binie\",\"isPartOf\":{\"@id\":\"https:\\\/\\\/biblioteka-gabin.pl\\\/#website\"},\"primaryImageOfPage\":{\"@id\":\"http:\\\/\\\/biblioteka-gabin.pl\\\/index.php\\\/2023\\\/05\\\/29\\\/spotkanie-z-bajka-z-grupa-wiewiorek-z-oddzialu-przedszkolnego-przy-szkole-podstawowej-w-gabinie-12-05-2023\\\/#primaryimage\"},\"image\":{\"@id\":\"http:\\\/\\\/biblioteka-gabin.pl\\\/index.php\\\/2023\\\/05\\\/29\\\/spotkanie-z-bajka-z-grupa-wiewiorek-z-oddzialu-przedszkolnego-przy-szkole-podstawowej-w-gabinie-12-05-2023\\\/#primaryimage\"},\"thumbnailUrl\":\"https:\\\/\\\/biblioteka-gabin.pl\\\/wp-content\\\/uploads\\\/archive\\\/pliki\\\/obraz\\\/2023_\\\/maj\\\/345025007_266339932443178_7280150025275089444_n.jpg\",\"datePublished\":\"2023-05-29T00:00:00+00:00\",\"breadcrumb\":{\"@id\":\"http:\\\/\\\/biblioteka-gabin.pl\\\/index.php\\\/2023\\\/05\\\/29\\\/spotkanie-z-bajka-z-grupa-wiewiorek-z-oddzialu-przedszkolnego-przy-szkole-podstawowej-w-gabinie-12-05-2023\\\/#breadcrumb\"},\"inLanguage\":\"pl-PL\",\"potentialAction\":[{\"@type\":\"ReadAction\",\"target\":[\"http:\\\/\\\/biblioteka-gabin.pl\\\/index.php\\\/2023\\\/05\\\/29\\\/spotkanie-z-bajka-z-grupa-wiewiorek-z-oddzialu-przedszkolnego-przy-szkole-podstawowej-w-gabinie-12-05-2023\\\/\"]}]},{\"@type\":\"ImageObject\",\"inLanguage\":\"pl-PL\",\"@id\":\"http:\\\/\\\/biblioteka-gabin.pl\\\/index.php\\\/2023\\\/05\\\/29\\\/spotkanie-z-bajka-z-grupa-wiewiorek-z-oddzialu-przedszkolnego-przy-szkole-podstawowej-w-gabinie-12-05-2023\\\/#primaryimage\",\"url\":\"https:\\\/\\\/biblioteka-gabin.pl\\\/wp-content\\\/uploads\\\/archive\\\/pliki\\\/obraz\\\/2023_\\\/maj\\\/345025007_266339932443178_7280150025275089444_n.jpg\",\"contentUrl\":\"https:\\\/\\\/biblioteka-gabin.pl\\\/wp-content\\\/uploads\\\/archive\\\/pliki\\\/obraz\\\/2023_\\\/maj\\\/345025007_266339932443178_7280150025275089444_n.jpg\"},{\"@type\":\"BreadcrumbList\",\"@id\":\"http:\\\/\\\/biblioteka-gabin.pl\\\/index.php\\\/2023\\\/05\\\/29\\\/spotkanie-z-bajka-z-grupa-wiewiorek-z-oddzialu-przedszkolnego-przy-szkole-podstawowej-w-gabinie-12-05-2023\\\/#breadcrumb\",\"itemListElement\":[{\"@type\":\"ListItem\",\"position\":1,\"name\":\"Strona g\u0142\u00f3wna\",\"item\":\"https:\\\/\\\/biblioteka-gabin.pl\\\/\"},{\"@type\":\"ListItem\",\"position\":2,\"name\":\"&#8222;Spotkanie z bajk\u0105&#8221; z grup\u0105 &#8222;Wiewi\u00f3rek&#8221; z Oddzia\u0142u Przedszkolnego przy Szkole Podstawowej w G\u0105binie (12.05.2023)\"}]},{\"@type\":\"WebSite\",\"@id\":\"https:\\\/\\\/biblioteka-gabin.pl\\\/#website\",\"url\":\"https:\\\/\\\/biblioteka-gabin.pl\\\/\",\"name\":\"Miejsko-Gminna Biblioteka Publiczna w G\u0105binie\",\"description\":\"\",\"publisher\":{\"@id\":\"https:\\\/\\\/biblioteka-gabin.pl\\\/#organization\"},\"potentialAction\":[{\"@type\":\"SearchAction\",\"target\":{\"@type\":\"EntryPoint\",\"urlTemplate\":\"https:\\\/\\\/biblioteka-gabin.pl\\\/?s={search_term_string}\"},\"query-input\":{\"@type\":\"PropertyValueSpecification\",\"valueRequired\":true,\"valueName\":\"search_term_string\"}}],\"inLanguage\":\"pl-PL\"},{\"@type\":\"Organization\",\"@id\":\"https:\\\/\\\/biblioteka-gabin.pl\\\/#organization\",\"name\":\"Miejsko-Gminna Biblioteka Publiczna w G\u0105binie\",\"url\":\"https:\\\/\\\/biblioteka-gabin.pl\\\/\",\"logo\":{\"@type\":\"ImageObject\",\"inLanguage\":\"pl-PL\",\"@id\":\"https:\\\/\\\/biblioteka-gabin.pl\\\/#\\\/schema\\\/logo\\\/image\\\/\",\"url\":\"https:\\\/\\\/biblioteka-gabin.pl\\\/wp-content\\\/uploads\\\/2025\\\/03\\\/logo-biblioteka-2-1657013691-1.jpg\",\"contentUrl\":\"https:\\\/\\\/biblioteka-gabin.pl\\\/wp-content\\\/uploads\\\/2025\\\/03\\\/logo-biblioteka-2-1657013691-1.jpg\",\"width\":1600,\"height\":772,\"caption\":\"Miejsko-Gminna Biblioteka Publiczna w G\u0105binie\"},\"image\":{\"@id\":\"https:\\\/\\\/biblioteka-gabin.pl\\\/#\\\/schema\\\/logo\\\/image\\\/\"},\"sameAs\":[\"https:\\\/\\\/www.facebook.com\\\/bibliotekagabin\",\"https:\\\/\\\/www.youtube.com\\\/@mgbpgabin9392\"]},{\"@type\":\"Person\",\"@id\":\"https:\\\/\\\/biblioteka-gabin.pl\\\/#\\\/schema\\\/person\\\/2067b97c24663d987ef6ef95bed7c99a\",\"name\":\"admin\",\"image\":{\"@type\":\"ImageObject\",\"inLanguage\":\"pl-PL\",\"@id\":\"https:\\\/\\\/secure.gravatar.com\\\/avatar\\\/e1843904e97b4e376a0fc90ae10372cd31bce9b207a7a3d2ca68fc7ca7e4174c?s=96&d=mm&r=g\",\"url\":\"https:\\\/\\\/secure.gravatar.com\\\/avatar\\\/e1843904e97b4e376a0fc90ae10372cd31bce9b207a7a3d2ca68fc7ca7e4174c?s=96&d=mm&r=g\",\"contentUrl\":\"https:\\\/\\\/secure.gravatar.com\\\/avatar\\\/e1843904e97b4e376a0fc90ae10372cd31bce9b207a7a3d2ca68fc7ca7e4174c?s=96&d=mm&r=g\",\"caption\":\"admin\"},\"sameAs\":[\"http:\\\/\\\/strona.biblioteka-gabin.pl\"],\"url\":\"https:\\\/\\\/biblioteka-gabin.pl\\\/index.php\\\/author\\\/admin\\\/\"}]}<\/script>\n<!-- \/ Yoast SEO plugin. -->","yoast_head_json":{"title":"\"Spotkanie z bajk\u0105\" z grup\u0105 \"Wiewi\u00f3rek\" z Oddzia\u0142u Przedszkolnego przy Szkole Podstawowej w G\u0105binie (12.05.2023) - Miejsko-Gminna Biblioteka Publiczna w G\u0105binie","robots":{"index":"index","follow":"follow","max-snippet":"max-snippet:-1","max-image-preview":"max-image-preview:large","max-video-preview":"max-video-preview:-1"},"canonical":"http:\/\/biblioteka-gabin.pl\/index.php\/2023\/05\/29\/spotkanie-z-bajka-z-grupa-wiewiorek-z-oddzialu-przedszkolnego-przy-szkole-podstawowej-w-gabinie-12-05-2023\/","og_locale":"pl_PL","og_type":"article","og_title":"\"Spotkanie z bajk\u0105\" z grup\u0105 \"Wiewi\u00f3rek\" z Oddzia\u0142u Przedszkolnego przy Szkole Podstawowej w G\u0105binie (12.05.2023) - Miejsko-Gminna Biblioteka Publiczna w G\u0105binie","og_description":"W dniu 12.05.2023 r. Miejsko \u2013 Gminn\u0105 Bibliotek\u0119 Publiczn\u0105 w","og_url":"http:\/\/biblioteka-gabin.pl\/index.php\/2023\/05\/29\/spotkanie-z-bajka-z-grupa-wiewiorek-z-oddzialu-przedszkolnego-przy-szkole-podstawowej-w-gabinie-12-05-2023\/","og_site_name":"Miejsko-Gminna Biblioteka Publiczna w G\u0105binie","article_publisher":"https:\/\/www.facebook.com\/bibliotekagabin","article_published_time":"2023-05-29T00:00:00+00:00","og_image":[{"url":"https:\/\/biblioteka-gabin.pl\/wp-content\/uploads\/archive\/pliki\/obraz\/2023_\/maj\/345025007_266339932443178_7280150025275089444_n.jpg","type":"","width":"","height":""}],"author":"admin","twitter_card":"summary_large_image","twitter_misc":{"Napisane przez":"admin","Szacowany czas czytania":"2 minuty"},"schema":{"@context":"https:\/\/schema.org","@graph":[{"@type":"Article","@id":"http:\/\/biblioteka-gabin.pl\/index.php\/2023\/05\/29\/spotkanie-z-bajka-z-grupa-wiewiorek-z-oddzialu-przedszkolnego-przy-szkole-podstawowej-w-gabinie-12-05-2023\/#article","isPartOf":{"@id":"http:\/\/biblioteka-gabin.pl\/index.php\/2023\/05\/29\/spotkanie-z-bajka-z-grupa-wiewiorek-z-oddzialu-przedszkolnego-przy-szkole-podstawowej-w-gabinie-12-05-2023\/"},"author":{"name":"admin","@id":"https:\/\/biblioteka-gabin.pl\/#\/schema\/person\/2067b97c24663d987ef6ef95bed7c99a"},"headline":"&#8222;Spotkanie z bajk\u0105&#8221; z grup\u0105 &#8222;Wiewi\u00f3rek&#8221; z Oddzia\u0142u Przedszkolnego przy Szkole Podstawowej w G\u0105binie (12.05.2023)","datePublished":"2023-05-29T00:00:00+00:00","mainEntityOfPage":{"@id":"http:\/\/biblioteka-gabin.pl\/index.php\/2023\/05\/29\/spotkanie-z-bajka-z-grupa-wiewiorek-z-oddzialu-przedszkolnego-przy-szkole-podstawowej-w-gabinie-12-05-2023\/"},"wordCount":322,"commentCount":0,"publisher":{"@id":"https:\/\/biblioteka-gabin.pl\/#organization"},"image":{"@id":"http:\/\/biblioteka-gabin.pl\/index.php\/2023\/05\/29\/spotkanie-z-bajka-z-grupa-wiewiorek-z-oddzialu-przedszkolnego-przy-szkole-podstawowej-w-gabinie-12-05-2023\/#primaryimage"},"thumbnailUrl":"https:\/\/biblioteka-gabin.pl\/wp-content\/uploads\/archive\/pliki\/obraz\/2023_\/maj\/345025007_266339932443178_7280150025275089444_n.jpg","articleSection":["Main"],"inLanguage":"pl-PL","potentialAction":[{"@type":"CommentAction","name":"Comment","target":["http:\/\/biblioteka-gabin.pl\/index.php\/2023\/05\/29\/spotkanie-z-bajka-z-grupa-wiewiorek-z-oddzialu-przedszkolnego-przy-szkole-podstawowej-w-gabinie-12-05-2023\/#respond"]}]},{"@type":"WebPage","@id":"http:\/\/biblioteka-gabin.pl\/index.php\/2023\/05\/29\/spotkanie-z-bajka-z-grupa-wiewiorek-z-oddzialu-przedszkolnego-przy-szkole-podstawowej-w-gabinie-12-05-2023\/","url":"http:\/\/biblioteka-gabin.pl\/index.php\/2023\/05\/29\/spotkanie-z-bajka-z-grupa-wiewiorek-z-oddzialu-przedszkolnego-przy-szkole-podstawowej-w-gabinie-12-05-2023\/","name":"\"Spotkanie z bajk\u0105\" z grup\u0105 \"Wiewi\u00f3rek\" z Oddzia\u0142u Przedszkolnego przy Szkole Podstawowej w G\u0105binie (12.05.2023) - Miejsko-Gminna Biblioteka Publiczna w G\u0105binie","isPartOf":{"@id":"https:\/\/biblioteka-gabin.pl\/#website"},"primaryImageOfPage":{"@id":"http:\/\/biblioteka-gabin.pl\/index.php\/2023\/05\/29\/spotkanie-z-bajka-z-grupa-wiewiorek-z-oddzialu-przedszkolnego-przy-szkole-podstawowej-w-gabinie-12-05-2023\/#primaryimage"},"image":{"@id":"http:\/\/biblioteka-gabin.pl\/index.php\/2023\/05\/29\/spotkanie-z-bajka-z-grupa-wiewiorek-z-oddzialu-przedszkolnego-przy-szkole-podstawowej-w-gabinie-12-05-2023\/#primaryimage"},"thumbnailUrl":"https:\/\/biblioteka-gabin.pl\/wp-content\/uploads\/archive\/pliki\/obraz\/2023_\/maj\/345025007_266339932443178_7280150025275089444_n.jpg","datePublished":"2023-05-29T00:00:00+00:00","breadcrumb":{"@id":"http:\/\/biblioteka-gabin.pl\/index.php\/2023\/05\/29\/spotkanie-z-bajka-z-grupa-wiewiorek-z-oddzialu-przedszkolnego-przy-szkole-podstawowej-w-gabinie-12-05-2023\/#breadcrumb"},"inLanguage":"pl-PL","potentialAction":[{"@type":"ReadAction","target":["http:\/\/biblioteka-gabin.pl\/index.php\/2023\/05\/29\/spotkanie-z-bajka-z-grupa-wiewiorek-z-oddzialu-przedszkolnego-przy-szkole-podstawowej-w-gabinie-12-05-2023\/"]}]},{"@type":"ImageObject","inLanguage":"pl-PL","@id":"http:\/\/biblioteka-gabin.pl\/index.php\/2023\/05\/29\/spotkanie-z-bajka-z-grupa-wiewiorek-z-oddzialu-przedszkolnego-przy-szkole-podstawowej-w-gabinie-12-05-2023\/#primaryimage","url":"https:\/\/biblioteka-gabin.pl\/wp-content\/uploads\/archive\/pliki\/obraz\/2023_\/maj\/345025007_266339932443178_7280150025275089444_n.jpg","contentUrl":"https:\/\/biblioteka-gabin.pl\/wp-content\/uploads\/archive\/pliki\/obraz\/2023_\/maj\/345025007_266339932443178_7280150025275089444_n.jpg"},{"@type":"BreadcrumbList","@id":"http:\/\/biblioteka-gabin.pl\/index.php\/2023\/05\/29\/spotkanie-z-bajka-z-grupa-wiewiorek-z-oddzialu-przedszkolnego-przy-szkole-podstawowej-w-gabinie-12-05-2023\/#breadcrumb","itemListElement":[{"@type":"ListItem","position":1,"name":"Strona g\u0142\u00f3wna","item":"https:\/\/biblioteka-gabin.pl\/"},{"@type":"ListItem","position":2,"name":"&#8222;Spotkanie z bajk\u0105&#8221; z grup\u0105 &#8222;Wiewi\u00f3rek&#8221; z Oddzia\u0142u Przedszkolnego przy Szkole Podstawowej w G\u0105binie (12.05.2023)"}]},{"@type":"WebSite","@id":"https:\/\/biblioteka-gabin.pl\/#website","url":"https:\/\/biblioteka-gabin.pl\/","name":"Miejsko-Gminna Biblioteka Publiczna w G\u0105binie","description":"","publisher":{"@id":"https:\/\/biblioteka-gabin.pl\/#organization"},"potentialAction":[{"@type":"SearchAction","target":{"@type":"EntryPoint","urlTemplate":"https:\/\/biblioteka-gabin.pl\/?s={search_term_string}"},"query-input":{"@type":"PropertyValueSpecification","valueRequired":true,"valueName":"search_term_string"}}],"inLanguage":"pl-PL"},{"@type":"Organization","@id":"https:\/\/biblioteka-gabin.pl\/#organization","name":"Miejsko-Gminna Biblioteka Publiczna w G\u0105binie","url":"https:\/\/biblioteka-gabin.pl\/","logo":{"@type":"ImageObject","inLanguage":"pl-PL","@id":"https:\/\/biblioteka-gabin.pl\/#\/schema\/logo\/image\/","url":"https:\/\/biblioteka-gabin.pl\/wp-content\/uploads\/2025\/03\/logo-biblioteka-2-1657013691-1.jpg","contentUrl":"https:\/\/biblioteka-gabin.pl\/wp-content\/uploads\/2025\/03\/logo-biblioteka-2-1657013691-1.jpg","width":1600,"height":772,"caption":"Miejsko-Gminna Biblioteka Publiczna w G\u0105binie"},"image":{"@id":"https:\/\/biblioteka-gabin.pl\/#\/schema\/logo\/image\/"},"sameAs":["https:\/\/www.facebook.com\/bibliotekagabin","https:\/\/www.youtube.com\/@mgbpgabin9392"]},{"@type":"Person","@id":"https:\/\/biblioteka-gabin.pl\/#\/schema\/person\/2067b97c24663d987ef6ef95bed7c99a","name":"admin","image":{"@type":"ImageObject","inLanguage":"pl-PL","@id":"https:\/\/secure.gravatar.com\/avatar\/e1843904e97b4e376a0fc90ae10372cd31bce9b207a7a3d2ca68fc7ca7e4174c?s=96&d=mm&r=g","url":"https:\/\/secure.gravatar.com\/avatar\/e1843904e97b4e376a0fc90ae10372cd31bce9b207a7a3d2ca68fc7ca7e4174c?s=96&d=mm&r=g","contentUrl":"https:\/\/secure.gravatar.com\/avatar\/e1843904e97b4e376a0fc90ae10372cd31bce9b207a7a3d2ca68fc7ca7e4174c?s=96&d=mm&r=g","caption":"admin"},"sameAs":["http:\/\/strona.biblioteka-gabin.pl"],"url":"https:\/\/biblioteka-gabin.pl\/index.php\/author\/admin\/"}]}},"_links":{"self":[{"href":"https:\/\/biblioteka-gabin.pl\/index.php\/wp-json\/wp\/v2\/posts\/8538","targetHints":{"allow":["GET"]}}],"collection":[{"href":"https:\/\/biblioteka-gabin.pl\/index.php\/wp-json\/wp\/v2\/posts"}],"about":[{"href":"https:\/\/biblioteka-gabin.pl\/index.php\/wp-json\/wp\/v2\/types\/post"}],"author":[{"embeddable":true,"href":"https:\/\/biblioteka-gabin.pl\/index.php\/wp-json\/wp\/v2\/users\/1"}],"replies":[{"embeddable":true,"href":"https:\/\/biblioteka-gabin.pl\/index.php\/wp-json\/wp\/v2\/comments?post=8538"}],"version-history":[{"count":0,"href":"https:\/\/biblioteka-gabin.pl\/index.php\/wp-json\/wp\/v2\/posts\/8538\/revisions"}],"wp:attachment":[{"href":"https:\/\/biblioteka-gabin.pl\/index.php\/wp-json\/wp\/v2\/media?parent=8538"}],"wp:term":[{"taxonomy":"category","embeddable":true,"href":"https:\/\/biblioteka-gabin.pl\/index.php\/wp-json\/wp\/v2\/categories?post=8538"},{"taxonomy":"post_tag","embeddable":true,"href":"https:\/\/biblioteka-gabin.pl\/index.php\/wp-json\/wp\/v2\/tags?post=8538"}],"curies":[{"name":"wp","href":"https:\/\/api.w.org\/{rel}","templated":true}]}}