{"id":8540,"date":"2024-02-17T00:00:00","date_gmt":"2024-02-17T00:00:00","guid":{"rendered":"https:\/\/biblioteka-gabin.pl\/index.php\/2024\/02\/17\/spotkanie-z-bajka-z-grupami-biedronek-i-smerfow-w-mgbp-w-gabinie-16-02-24-r\/"},"modified":"2024-02-17T00:00:00","modified_gmt":"2024-02-17T00:00:00","slug":"spotkanie-z-bajka-z-grupami-biedronek-i-smerfow-w-mgbp-w-gabinie-16-02-24-r","status":"publish","type":"post","link":"https:\/\/biblioteka-gabin.pl\/index.php\/2024\/02\/17\/spotkanie-z-bajka-z-grupami-biedronek-i-smerfow-w-mgbp-w-gabinie-16-02-24-r\/","title":{"rendered":",,Spotkanie z bajk\u0105&#8221; z grupami ,,Biedronek&#8221; i ,,Smerf\u00f3w&#8221; w MGBP w G\u0105binie (16.02.24 r.)"},"content":{"rendered":"<p>W pi\u0105tek 16 lutego MGBP w G\u0105binie odwiedzi\u0142y dzieci z Przedszkola Samorz\u0105dowego w Dobrzykowie. Grupy Biedronek i Smerf\u00f3w wys\u0142ucha\u0142y ksi\u0105\u017cek o kurczaczku I. Arhhenius, nied\u017awiadku Olku N. Kawa\u0142ko-Dzikowskiej oraz bawi\u0142y si\u0119 w k\u00f3\u0142ku. \u00a0<br \/>\n\u00a0\u00a0\u00a0\u00a0\u00a0\u00a0\u00a0\u00a0\u00a0\u00a0\u00a0 Na pocz\u0105tku Pani Ewa Lewandowska przywita\u0142a wszystkie dzieci, opowiedzia\u0142a o bibliotece oraz zaprosi\u0142a do wsp\u00f3lnej zabawy. Dodatkowo maluchy dosta\u0142y maskotki, kt\u00f3re mia\u0142y by\u0107 ich towarzyszami w trakcie spotkania. Pokazywa\u0142y im otrzymane na zaj\u0119cia ksi\u0105\u017cki, a nast\u0119pnie ogl\u0105da\u0142y z nimi bajki.<br \/>\n\u00a0\u00a0\u00a0\u00a0\u00a0\u00a0\u00a0\u00a0\u00a0\u00a0\u00a0 Ponadto na ekranie telewizora zosta\u0142y zaprezentowane bajki z serii ,,Kot-O-Ciaki\u201d odcinki o bibliotece i labiryncie, piosenka pt. ,,Kilku kumpli we\u017a\u201d z Kubusia Puchatka oraz utw\u00f3r Babci Gruni pt. ,,M\u0105dra rzeka w bibliotece\u201d. Podczas tej ostatniej dzieci na\u015bladuj\u0105c Pani\u0105 Bibliotekark\u0119\u00a0 wykonywa\u0142y r\u00f3\u017cne ruchy, ko\u0142ysa\u0142y si\u0119, klaska\u0142y i podskakiwa\u0142y. \u00a0\u00a0<br \/>\n\u00a0\u00a0\u00a0\u00a0\u00a0\u00a0\u00a0\u00a0\u00a0\u00a0\u00a0 ,,Biedronki\u201d, grupa 4 \u2013latk\u00f3w przy piosence o ksi\u0105\u017ckach na melodi\u0119 s\u0142ynnego utworu pt. \u00a0,,Siekiera, motyka\u201d robi\u0142y sk\u0142ony i r\u00f3\u017cne figury. Na ko\u0144cu wszyscy wskazali na ksi\u0105\u017ck\u0119 znajduj\u0105c\u0105 si\u0119 na stole pt. ,,Gdzie si\u0119 schowa\u0142 kurczaczek\u201d autorstwa Ingeli Arrhenius. \u00a0W dalszej cz\u0119\u015bci zosta\u0142a ona przeczytana przez bibliotekark\u0119 Karolin\u0119.<br \/>\n\u00a0\u00a0\u00a0\u00a0\u00a0\u00a0\u00a0\u00a0\u00a0\u00a0 Gdzie si\u0119 schowa\u0142 kurczaczek? Gdzie si\u0119 schowa\u0142a owieczka? Gdzie si\u0119 schowa\u0142 kotek? \u2013 takie pytania wybrzmia\u0142y w trakcie czytania ksi\u0105\u017cki. Po ka\u017cdym zdaniu maluchy rado\u015bnie i zgodnie wykrzykiwa\u0142y pokazuj\u0105c na obrazki: ,,Tutaj!\u201d. \u00a0Niespodziank\u0105 by\u0142a ostatnia strona ksi\u0105\u017cki\u2026 ,gdzie umieszczone by\u0142o lusterko, w kt\u00f3rym dzieci przegl\u0105da\u0142y si\u0119, by\u0142y zaskoczone, \u017ce ich twarze sta\u0142y si\u0119 cz\u0119\u015bci\u0105 opowiedzianej historii.<br \/>\n\u00a0\u00a0\u00a0\u00a0\u00a0\u00a0\u00a0\u00a0\u00a0\u00a0\u00a0 Dodatkowo podczas spotkania nasi mali go\u015bcie bawili si\u0119 przy piosence pt. ,,Stary nied\u017awied\u017a mocno \u015bpi\u201d, ,,K\u00f3\u0142ko graniaste\u201d i utworzy\u0142y poci\u0105g, kt\u00f3rym ,,je\u017adzi\u0142y\u201d po ca\u0142ej sali. Gdy poruszali si\u0119 jedno za drugim zosta\u0142 im przeczytany wiersz pt. ,,Lokomotywa\u201d Juliana Tuwima. Na d\u017awi\u0119ki niekt\u00f3rych s\u0142\u00f3w z utworu \u017cywo reagowali i na\u015bladowali poci\u0105g!<br \/>\n\u00a0\u00a0\u00a0\u00a0\u00a0\u00a0\u00a0\u00a0\u00a0\u00a0\u00a0\u00a0\u00a0\u00a0 Wszystkim bardzo dzi\u0119kujemy za spotkanie i mamy nadziej\u0119, \u017ce zobaczymy si\u0119 wkr\u00f3tce!<br \/>\nOpr. Karolina K\u0119dzia<br \/>\n<img src='https:\/\/biblioteka-gabin.pl\/wp-content\/uploads\/archive\/pliki\/obraz\/2024\/luty\/427106908_293626086763306_1742202057167397222_n.jpg'><br \/>\n<a href='https:\/\/biblioteka-gabin.pl\/wp-content\/uploads\/archive\/galleries\/560\/4279386309451905473245304952229682382278382n-2989668e03.jpg'><img style='max-height:300px;' src='https:\/\/biblioteka-gabin.pl\/wp-content\/uploads\/archive\/galleries\/560\/4279386309451905473245304952229682382278382n-2989668e03.jpg'><\/a><br \/>\n<a href='https:\/\/biblioteka-gabin.pl\/wp-content\/uploads\/archive\/galleries\/560\/4271476476970626859684334679316769280978578n-afcf311ce5.jpg'><img style='max-height:300px;' src='https:\/\/biblioteka-gabin.pl\/wp-content\/uploads\/archive\/galleries\/560\/4271476476970626859684334679316769280978578n-afcf311ce5.jpg'><\/a><br \/>\n<a href='https:\/\/biblioteka-gabin.pl\/wp-content\/uploads\/archive\/galleries\/560\/42698483510921657718339325710562378575195661n-51e9e48685.jpg'><img style='max-height:300px;' src='https:\/\/biblioteka-gabin.pl\/wp-content\/uploads\/archive\/galleries\/560\/42698483510921657718339325710562378575195661n-51e9e48685.jpg'><\/a><br \/>\n<a href='https:\/\/biblioteka-gabin.pl\/wp-content\/uploads\/archive\/galleries\/560\/4271069082936260867633061742202057167397222n-974beab67d.jpg'><img style='max-height:300px;' src='https:\/\/biblioteka-gabin.pl\/wp-content\/uploads\/archive\/galleries\/560\/4271069082936260867633061742202057167397222n-974beab67d.jpg'><\/a><br \/>\n<a href='https:\/\/biblioteka-gabin.pl\/wp-content\/uploads\/archive\/galleries\/560\/4234225149138981335508636993117590389828501n-fd2d715382.jpg'><img style='max-height:300px;' src='https:\/\/biblioteka-gabin.pl\/wp-content\/uploads\/archive\/galleries\/560\/4234225149138981335508636993117590389828501n-fd2d715382.jpg'><\/a><br \/>\n<a href='https:\/\/biblioteka-gabin.pl\/wp-content\/uploads\/archive\/galleries\/560\/42775624078894023010895972224007380619394498n-c08be3f02c.jpg'><img style='max-height:300px;' src='https:\/\/biblioteka-gabin.pl\/wp-content\/uploads\/archive\/galleries\/560\/42775624078894023010895972224007380619394498n-c08be3f02c.jpg'><\/a><br \/>\n<a href='https:\/\/biblioteka-gabin.pl\/wp-content\/uploads\/archive\/galleries\/560\/4270783041810704739445728743656476740927032n-cd44ab6c6a.jpg'><img style='max-height:300px;' src='https:\/\/biblioteka-gabin.pl\/wp-content\/uploads\/archive\/galleries\/560\/4270783041810704739445728743656476740927032n-cd44ab6c6a.jpg'><\/a><br \/>\n<a href='https:\/\/biblioteka-gabin.pl\/wp-content\/uploads\/archive\/galleries\/560\/dscn0621-0ef293fb7e.jpg'><img style='max-height:300px;' src='https:\/\/biblioteka-gabin.pl\/wp-content\/uploads\/archive\/galleries\/560\/dscn0621-0ef293fb7e.jpg'><\/a><br \/>\n<a href='https:\/\/biblioteka-gabin.pl\/wp-content\/uploads\/archive\/galleries\/560\/dscn0648-92f0e4088e.jpg'><img style='max-height:300px;' src='https:\/\/biblioteka-gabin.pl\/wp-content\/uploads\/archive\/galleries\/560\/dscn0648-92f0e4088e.jpg'><\/a><br \/>\n<a href='https:\/\/biblioteka-gabin.pl\/wp-content\/uploads\/archive\/galleries\/560\/dscn0646-941a615036.jpg'><img style='max-height:300px;' src='https:\/\/biblioteka-gabin.pl\/wp-content\/uploads\/archive\/galleries\/560\/dscn0646-941a615036.jpg'><\/a><br \/>\n<a href='https:\/\/biblioteka-gabin.pl\/wp-content\/uploads\/archive\/galleries\/560\/dscn0629-329b521edd.jpg'><img style='max-height:300px;' src='https:\/\/biblioteka-gabin.pl\/wp-content\/uploads\/archive\/galleries\/560\/dscn0629-329b521edd.jpg'><\/a><br \/>\n<a href='https:\/\/biblioteka-gabin.pl\/wp-content\/uploads\/archive\/galleries\/560\/dscn0627-44f059969e.jpg'><img style='max-height:300px;' src='https:\/\/biblioteka-gabin.pl\/wp-content\/uploads\/archive\/galleries\/560\/dscn0627-44f059969e.jpg'><\/a><br \/>\n<a href='https:\/\/biblioteka-gabin.pl\/wp-content\/uploads\/archive\/galleries\/560\/dscn0656-ce2e419c37.jpg'><img style='max-height:300px;' src='https:\/\/biblioteka-gabin.pl\/wp-content\/uploads\/archive\/galleries\/560\/dscn0656-ce2e419c37.jpg'><\/a><br \/>\n<a href='https:\/\/biblioteka-gabin.pl\/wp-content\/uploads\/archive\/galleries\/560\/dscn0655-0e6854f84c.jpg'><img style='max-height:300px;' src='https:\/\/biblioteka-gabin.pl\/wp-content\/uploads\/archive\/galleries\/560\/dscn0655-0e6854f84c.jpg'><\/a><br \/>\n<a href='https:\/\/biblioteka-gabin.pl\/wp-content\/uploads\/archive\/galleries\/560\/dscn0653-62b5f7146a.jpg'><img style='max-height:300px;' src='https:\/\/biblioteka-gabin.pl\/wp-content\/uploads\/archive\/galleries\/560\/dscn0653-62b5f7146a.jpg'><\/a><br \/>\n<a href='https:\/\/biblioteka-gabin.pl\/wp-content\/uploads\/archive\/galleries\/560\/dscn0640-a93e3609af.jpg'><img style='max-height:300px;' src='https:\/\/biblioteka-gabin.pl\/wp-content\/uploads\/archive\/galleries\/560\/dscn0640-a93e3609af.jpg'><\/a><br \/>\n<a href='https:\/\/biblioteka-gabin.pl\/wp-content\/uploads\/archive\/galleries\/560\/dscn0635-4452f83dd4.jpg'><img style='max-height:300px;' src='https:\/\/biblioteka-gabin.pl\/wp-content\/uploads\/archive\/galleries\/560\/dscn0635-4452f83dd4.jpg'><\/a><br \/>\n<a href='https:\/\/biblioteka-gabin.pl\/wp-content\/uploads\/archive\/galleries\/560\/dscn0641-887466e4de.jpg'><img style='max-height:300px;' src='https:\/\/biblioteka-gabin.pl\/wp-content\/uploads\/archive\/galleries\/560\/dscn0641-887466e4de.jpg'><\/a><br \/>\n<a href='https:\/\/biblioteka-gabin.pl\/wp-content\/uploads\/archive\/galleries\/560\/dscn0630-a21bb6dcdf.jpg'><img style='max-height:300px;' src='https:\/\/biblioteka-gabin.pl\/wp-content\/uploads\/archive\/galleries\/560\/dscn0630-a21bb6dcdf.jpg'><\/a><br \/>\n<a href='https:\/\/biblioteka-gabin.pl\/wp-content\/uploads\/archive\/galleries\/560\/dscn0654-a375c69abd.jpg'><img style='max-height:300px;' src='https:\/\/biblioteka-gabin.pl\/wp-content\/uploads\/archive\/galleries\/560\/dscn0654-a375c69abd.jpg'><\/a><br \/>\n<a href='https:\/\/biblioteka-gabin.pl\/wp-content\/uploads\/archive\/galleries\/560\/dscn0617-6df0b1b7f0.jpg'><img style='max-height:300px;' src='https:\/\/biblioteka-gabin.pl\/wp-content\/uploads\/archive\/galleries\/560\/dscn0617-6df0b1b7f0.jpg'><\/a><br \/>\n<a href='https:\/\/biblioteka-gabin.pl\/wp-content\/uploads\/archive\/galleries\/560\/dscn0631-13be2121a6.jpg'><img style='max-height:300px;' src='https:\/\/biblioteka-gabin.pl\/wp-content\/uploads\/archive\/galleries\/560\/dscn0631-13be2121a6.jpg'><\/a><\/p>\n","protected":false},"excerpt":{"rendered":"<p>W pi\u0105tek 16 lutego MGBP w G\u0105binie odwiedzi\u0142y dzieci z<\/p>\n","protected":false},"author":1,"featured_media":0,"comment_status":"open","ping_status":"open","sticky":false,"template":"","format":"standard","meta":{"footnotes":""},"categories":[36],"tags":[],"class_list":["post-8540","post","type-post","status-publish","format-standard","hentry","category-main"],"yoast_head":"<!-- This site is optimized with the Yoast SEO plugin v27.4 - https:\/\/yoast.com\/product\/yoast-seo-wordpress\/ -->\n<title>,,Spotkanie z bajk\u0105&quot; z grupami ,,Biedronek&quot; i ,,Smerf\u00f3w&quot; w MGBP w G\u0105binie (16.02.24 r.) - Miejsko-Gminna Biblioteka Publiczna w G\u0105binie<\/title>\n<meta name=\"robots\" content=\"index, follow, max-snippet:-1, max-image-preview:large, max-video-preview:-1\" \/>\n<link rel=\"canonical\" href=\"http:\/\/biblioteka-gabin.pl\/index.php\/2024\/02\/17\/spotkanie-z-bajka-z-grupami-biedronek-i-smerfow-w-mgbp-w-gabinie-16-02-24-r\/\" \/>\n<meta property=\"og:locale\" content=\"pl_PL\" \/>\n<meta property=\"og:type\" content=\"article\" \/>\n<meta property=\"og:title\" content=\",,Spotkanie z bajk\u0105&quot; z grupami ,,Biedronek&quot; i ,,Smerf\u00f3w&quot; w MGBP w G\u0105binie (16.02.24 r.) - Miejsko-Gminna Biblioteka Publiczna w G\u0105binie\" \/>\n<meta property=\"og:description\" content=\"W pi\u0105tek 16 lutego MGBP w G\u0105binie odwiedzi\u0142y dzieci z\" \/>\n<meta property=\"og:url\" content=\"http:\/\/biblioteka-gabin.pl\/index.php\/2024\/02\/17\/spotkanie-z-bajka-z-grupami-biedronek-i-smerfow-w-mgbp-w-gabinie-16-02-24-r\/\" \/>\n<meta property=\"og:site_name\" content=\"Miejsko-Gminna Biblioteka Publiczna w G\u0105binie\" \/>\n<meta property=\"article:publisher\" content=\"https:\/\/www.facebook.com\/bibliotekagabin\" \/>\n<meta property=\"article:published_time\" content=\"2024-02-17T00:00:00+00:00\" \/>\n<meta property=\"og:image\" content=\"https:\/\/biblioteka-gabin.pl\/wp-content\/uploads\/archive\/pliki\/obraz\/2024\/luty\/427106908_293626086763306_1742202057167397222_n.jpg\" \/>\n<meta name=\"author\" content=\"admin\" \/>\n<meta name=\"twitter:card\" content=\"summary_large_image\" \/>\n<meta name=\"twitter:label1\" content=\"Napisane przez\" \/>\n\t<meta name=\"twitter:data1\" content=\"admin\" \/>\n\t<meta name=\"twitter:label2\" content=\"Szacowany czas czytania\" \/>\n\t<meta name=\"twitter:data2\" content=\"2 minuty\" \/>\n<script type=\"application\/ld+json\" class=\"yoast-schema-graph\">{\"@context\":\"https:\\\/\\\/schema.org\",\"@graph\":[{\"@type\":\"Article\",\"@id\":\"http:\\\/\\\/biblioteka-gabin.pl\\\/index.php\\\/2024\\\/02\\\/17\\\/spotkanie-z-bajka-z-grupami-biedronek-i-smerfow-w-mgbp-w-gabinie-16-02-24-r\\\/#article\",\"isPartOf\":{\"@id\":\"http:\\\/\\\/biblioteka-gabin.pl\\\/index.php\\\/2024\\\/02\\\/17\\\/spotkanie-z-bajka-z-grupami-biedronek-i-smerfow-w-mgbp-w-gabinie-16-02-24-r\\\/\"},\"author\":{\"name\":\"admin\",\"@id\":\"https:\\\/\\\/biblioteka-gabin.pl\\\/#\\\/schema\\\/person\\\/2067b97c24663d987ef6ef95bed7c99a\"},\"headline\":\",,Spotkanie z bajk\u0105&#8221; z grupami ,,Biedronek&#8221; i ,,Smerf\u00f3w&#8221; w MGBP w G\u0105binie (16.02.24 r.)\",\"datePublished\":\"2024-02-17T00:00:00+00:00\",\"mainEntityOfPage\":{\"@id\":\"http:\\\/\\\/biblioteka-gabin.pl\\\/index.php\\\/2024\\\/02\\\/17\\\/spotkanie-z-bajka-z-grupami-biedronek-i-smerfow-w-mgbp-w-gabinie-16-02-24-r\\\/\"},\"wordCount\":382,\"commentCount\":0,\"publisher\":{\"@id\":\"https:\\\/\\\/biblioteka-gabin.pl\\\/#organization\"},\"image\":{\"@id\":\"http:\\\/\\\/biblioteka-gabin.pl\\\/index.php\\\/2024\\\/02\\\/17\\\/spotkanie-z-bajka-z-grupami-biedronek-i-smerfow-w-mgbp-w-gabinie-16-02-24-r\\\/#primaryimage\"},\"thumbnailUrl\":\"https:\\\/\\\/biblioteka-gabin.pl\\\/wp-content\\\/uploads\\\/archive\\\/pliki\\\/obraz\\\/2024\\\/luty\\\/427106908_293626086763306_1742202057167397222_n.jpg\",\"articleSection\":[\"Main\"],\"inLanguage\":\"pl-PL\",\"potentialAction\":[{\"@type\":\"CommentAction\",\"name\":\"Comment\",\"target\":[\"http:\\\/\\\/biblioteka-gabin.pl\\\/index.php\\\/2024\\\/02\\\/17\\\/spotkanie-z-bajka-z-grupami-biedronek-i-smerfow-w-mgbp-w-gabinie-16-02-24-r\\\/#respond\"]}]},{\"@type\":\"WebPage\",\"@id\":\"http:\\\/\\\/biblioteka-gabin.pl\\\/index.php\\\/2024\\\/02\\\/17\\\/spotkanie-z-bajka-z-grupami-biedronek-i-smerfow-w-mgbp-w-gabinie-16-02-24-r\\\/\",\"url\":\"http:\\\/\\\/biblioteka-gabin.pl\\\/index.php\\\/2024\\\/02\\\/17\\\/spotkanie-z-bajka-z-grupami-biedronek-i-smerfow-w-mgbp-w-gabinie-16-02-24-r\\\/\",\"name\":\",,Spotkanie z bajk\u0105\\\" z grupami ,,Biedronek\\\" i ,,Smerf\u00f3w\\\" w MGBP w G\u0105binie (16.02.24 r.) - Miejsko-Gminna Biblioteka Publiczna w G\u0105binie\",\"isPartOf\":{\"@id\":\"https:\\\/\\\/biblioteka-gabin.pl\\\/#website\"},\"primaryImageOfPage\":{\"@id\":\"http:\\\/\\\/biblioteka-gabin.pl\\\/index.php\\\/2024\\\/02\\\/17\\\/spotkanie-z-bajka-z-grupami-biedronek-i-smerfow-w-mgbp-w-gabinie-16-02-24-r\\\/#primaryimage\"},\"image\":{\"@id\":\"http:\\\/\\\/biblioteka-gabin.pl\\\/index.php\\\/2024\\\/02\\\/17\\\/spotkanie-z-bajka-z-grupami-biedronek-i-smerfow-w-mgbp-w-gabinie-16-02-24-r\\\/#primaryimage\"},\"thumbnailUrl\":\"https:\\\/\\\/biblioteka-gabin.pl\\\/wp-content\\\/uploads\\\/archive\\\/pliki\\\/obraz\\\/2024\\\/luty\\\/427106908_293626086763306_1742202057167397222_n.jpg\",\"datePublished\":\"2024-02-17T00:00:00+00:00\",\"breadcrumb\":{\"@id\":\"http:\\\/\\\/biblioteka-gabin.pl\\\/index.php\\\/2024\\\/02\\\/17\\\/spotkanie-z-bajka-z-grupami-biedronek-i-smerfow-w-mgbp-w-gabinie-16-02-24-r\\\/#breadcrumb\"},\"inLanguage\":\"pl-PL\",\"potentialAction\":[{\"@type\":\"ReadAction\",\"target\":[\"http:\\\/\\\/biblioteka-gabin.pl\\\/index.php\\\/2024\\\/02\\\/17\\\/spotkanie-z-bajka-z-grupami-biedronek-i-smerfow-w-mgbp-w-gabinie-16-02-24-r\\\/\"]}]},{\"@type\":\"ImageObject\",\"inLanguage\":\"pl-PL\",\"@id\":\"http:\\\/\\\/biblioteka-gabin.pl\\\/index.php\\\/2024\\\/02\\\/17\\\/spotkanie-z-bajka-z-grupami-biedronek-i-smerfow-w-mgbp-w-gabinie-16-02-24-r\\\/#primaryimage\",\"url\":\"https:\\\/\\\/biblioteka-gabin.pl\\\/wp-content\\\/uploads\\\/archive\\\/pliki\\\/obraz\\\/2024\\\/luty\\\/427106908_293626086763306_1742202057167397222_n.jpg\",\"contentUrl\":\"https:\\\/\\\/biblioteka-gabin.pl\\\/wp-content\\\/uploads\\\/archive\\\/pliki\\\/obraz\\\/2024\\\/luty\\\/427106908_293626086763306_1742202057167397222_n.jpg\"},{\"@type\":\"BreadcrumbList\",\"@id\":\"http:\\\/\\\/biblioteka-gabin.pl\\\/index.php\\\/2024\\\/02\\\/17\\\/spotkanie-z-bajka-z-grupami-biedronek-i-smerfow-w-mgbp-w-gabinie-16-02-24-r\\\/#breadcrumb\",\"itemListElement\":[{\"@type\":\"ListItem\",\"position\":1,\"name\":\"Strona g\u0142\u00f3wna\",\"item\":\"https:\\\/\\\/biblioteka-gabin.pl\\\/\"},{\"@type\":\"ListItem\",\"position\":2,\"name\":\",,Spotkanie z bajk\u0105&#8221; z grupami ,,Biedronek&#8221; i ,,Smerf\u00f3w&#8221; w MGBP w G\u0105binie (16.02.24 r.)\"}]},{\"@type\":\"WebSite\",\"@id\":\"https:\\\/\\\/biblioteka-gabin.pl\\\/#website\",\"url\":\"https:\\\/\\\/biblioteka-gabin.pl\\\/\",\"name\":\"Miejsko-Gminna Biblioteka Publiczna w G\u0105binie\",\"description\":\"\",\"publisher\":{\"@id\":\"https:\\\/\\\/biblioteka-gabin.pl\\\/#organization\"},\"potentialAction\":[{\"@type\":\"SearchAction\",\"target\":{\"@type\":\"EntryPoint\",\"urlTemplate\":\"https:\\\/\\\/biblioteka-gabin.pl\\\/?s={search_term_string}\"},\"query-input\":{\"@type\":\"PropertyValueSpecification\",\"valueRequired\":true,\"valueName\":\"search_term_string\"}}],\"inLanguage\":\"pl-PL\"},{\"@type\":\"Organization\",\"@id\":\"https:\\\/\\\/biblioteka-gabin.pl\\\/#organization\",\"name\":\"Miejsko-Gminna Biblioteka Publiczna w G\u0105binie\",\"url\":\"https:\\\/\\\/biblioteka-gabin.pl\\\/\",\"logo\":{\"@type\":\"ImageObject\",\"inLanguage\":\"pl-PL\",\"@id\":\"https:\\\/\\\/biblioteka-gabin.pl\\\/#\\\/schema\\\/logo\\\/image\\\/\",\"url\":\"https:\\\/\\\/biblioteka-gabin.pl\\\/wp-content\\\/uploads\\\/2025\\\/03\\\/logo-biblioteka-2-1657013691-1.jpg\",\"contentUrl\":\"https:\\\/\\\/biblioteka-gabin.pl\\\/wp-content\\\/uploads\\\/2025\\\/03\\\/logo-biblioteka-2-1657013691-1.jpg\",\"width\":1600,\"height\":772,\"caption\":\"Miejsko-Gminna Biblioteka Publiczna w G\u0105binie\"},\"image\":{\"@id\":\"https:\\\/\\\/biblioteka-gabin.pl\\\/#\\\/schema\\\/logo\\\/image\\\/\"},\"sameAs\":[\"https:\\\/\\\/www.facebook.com\\\/bibliotekagabin\",\"https:\\\/\\\/www.youtube.com\\\/@mgbpgabin9392\"]},{\"@type\":\"Person\",\"@id\":\"https:\\\/\\\/biblioteka-gabin.pl\\\/#\\\/schema\\\/person\\\/2067b97c24663d987ef6ef95bed7c99a\",\"name\":\"admin\",\"image\":{\"@type\":\"ImageObject\",\"inLanguage\":\"pl-PL\",\"@id\":\"https:\\\/\\\/secure.gravatar.com\\\/avatar\\\/e1843904e97b4e376a0fc90ae10372cd31bce9b207a7a3d2ca68fc7ca7e4174c?s=96&d=mm&r=g\",\"url\":\"https:\\\/\\\/secure.gravatar.com\\\/avatar\\\/e1843904e97b4e376a0fc90ae10372cd31bce9b207a7a3d2ca68fc7ca7e4174c?s=96&d=mm&r=g\",\"contentUrl\":\"https:\\\/\\\/secure.gravatar.com\\\/avatar\\\/e1843904e97b4e376a0fc90ae10372cd31bce9b207a7a3d2ca68fc7ca7e4174c?s=96&d=mm&r=g\",\"caption\":\"admin\"},\"sameAs\":[\"http:\\\/\\\/strona.biblioteka-gabin.pl\"],\"url\":\"https:\\\/\\\/biblioteka-gabin.pl\\\/index.php\\\/author\\\/admin\\\/\"}]}<\/script>\n<!-- \/ Yoast SEO plugin. -->","yoast_head_json":{"title":",,Spotkanie z bajk\u0105\" z grupami ,,Biedronek\" i ,,Smerf\u00f3w\" w MGBP w G\u0105binie (16.02.24 r.) - Miejsko-Gminna Biblioteka Publiczna w G\u0105binie","robots":{"index":"index","follow":"follow","max-snippet":"max-snippet:-1","max-image-preview":"max-image-preview:large","max-video-preview":"max-video-preview:-1"},"canonical":"http:\/\/biblioteka-gabin.pl\/index.php\/2024\/02\/17\/spotkanie-z-bajka-z-grupami-biedronek-i-smerfow-w-mgbp-w-gabinie-16-02-24-r\/","og_locale":"pl_PL","og_type":"article","og_title":",,Spotkanie z bajk\u0105\" z grupami ,,Biedronek\" i ,,Smerf\u00f3w\" w MGBP w G\u0105binie (16.02.24 r.) - Miejsko-Gminna Biblioteka Publiczna w G\u0105binie","og_description":"W pi\u0105tek 16 lutego MGBP w G\u0105binie odwiedzi\u0142y dzieci z","og_url":"http:\/\/biblioteka-gabin.pl\/index.php\/2024\/02\/17\/spotkanie-z-bajka-z-grupami-biedronek-i-smerfow-w-mgbp-w-gabinie-16-02-24-r\/","og_site_name":"Miejsko-Gminna Biblioteka Publiczna w G\u0105binie","article_publisher":"https:\/\/www.facebook.com\/bibliotekagabin","article_published_time":"2024-02-17T00:00:00+00:00","og_image":[{"url":"https:\/\/biblioteka-gabin.pl\/wp-content\/uploads\/archive\/pliki\/obraz\/2024\/luty\/427106908_293626086763306_1742202057167397222_n.jpg","type":"","width":"","height":""}],"author":"admin","twitter_card":"summary_large_image","twitter_misc":{"Napisane przez":"admin","Szacowany czas czytania":"2 minuty"},"schema":{"@context":"https:\/\/schema.org","@graph":[{"@type":"Article","@id":"http:\/\/biblioteka-gabin.pl\/index.php\/2024\/02\/17\/spotkanie-z-bajka-z-grupami-biedronek-i-smerfow-w-mgbp-w-gabinie-16-02-24-r\/#article","isPartOf":{"@id":"http:\/\/biblioteka-gabin.pl\/index.php\/2024\/02\/17\/spotkanie-z-bajka-z-grupami-biedronek-i-smerfow-w-mgbp-w-gabinie-16-02-24-r\/"},"author":{"name":"admin","@id":"https:\/\/biblioteka-gabin.pl\/#\/schema\/person\/2067b97c24663d987ef6ef95bed7c99a"},"headline":",,Spotkanie z bajk\u0105&#8221; z grupami ,,Biedronek&#8221; i ,,Smerf\u00f3w&#8221; w MGBP w G\u0105binie (16.02.24 r.)","datePublished":"2024-02-17T00:00:00+00:00","mainEntityOfPage":{"@id":"http:\/\/biblioteka-gabin.pl\/index.php\/2024\/02\/17\/spotkanie-z-bajka-z-grupami-biedronek-i-smerfow-w-mgbp-w-gabinie-16-02-24-r\/"},"wordCount":382,"commentCount":0,"publisher":{"@id":"https:\/\/biblioteka-gabin.pl\/#organization"},"image":{"@id":"http:\/\/biblioteka-gabin.pl\/index.php\/2024\/02\/17\/spotkanie-z-bajka-z-grupami-biedronek-i-smerfow-w-mgbp-w-gabinie-16-02-24-r\/#primaryimage"},"thumbnailUrl":"https:\/\/biblioteka-gabin.pl\/wp-content\/uploads\/archive\/pliki\/obraz\/2024\/luty\/427106908_293626086763306_1742202057167397222_n.jpg","articleSection":["Main"],"inLanguage":"pl-PL","potentialAction":[{"@type":"CommentAction","name":"Comment","target":["http:\/\/biblioteka-gabin.pl\/index.php\/2024\/02\/17\/spotkanie-z-bajka-z-grupami-biedronek-i-smerfow-w-mgbp-w-gabinie-16-02-24-r\/#respond"]}]},{"@type":"WebPage","@id":"http:\/\/biblioteka-gabin.pl\/index.php\/2024\/02\/17\/spotkanie-z-bajka-z-grupami-biedronek-i-smerfow-w-mgbp-w-gabinie-16-02-24-r\/","url":"http:\/\/biblioteka-gabin.pl\/index.php\/2024\/02\/17\/spotkanie-z-bajka-z-grupami-biedronek-i-smerfow-w-mgbp-w-gabinie-16-02-24-r\/","name":",,Spotkanie z bajk\u0105\" z grupami ,,Biedronek\" i ,,Smerf\u00f3w\" w MGBP w G\u0105binie (16.02.24 r.) - Miejsko-Gminna Biblioteka Publiczna w G\u0105binie","isPartOf":{"@id":"https:\/\/biblioteka-gabin.pl\/#website"},"primaryImageOfPage":{"@id":"http:\/\/biblioteka-gabin.pl\/index.php\/2024\/02\/17\/spotkanie-z-bajka-z-grupami-biedronek-i-smerfow-w-mgbp-w-gabinie-16-02-24-r\/#primaryimage"},"image":{"@id":"http:\/\/biblioteka-gabin.pl\/index.php\/2024\/02\/17\/spotkanie-z-bajka-z-grupami-biedronek-i-smerfow-w-mgbp-w-gabinie-16-02-24-r\/#primaryimage"},"thumbnailUrl":"https:\/\/biblioteka-gabin.pl\/wp-content\/uploads\/archive\/pliki\/obraz\/2024\/luty\/427106908_293626086763306_1742202057167397222_n.jpg","datePublished":"2024-02-17T00:00:00+00:00","breadcrumb":{"@id":"http:\/\/biblioteka-gabin.pl\/index.php\/2024\/02\/17\/spotkanie-z-bajka-z-grupami-biedronek-i-smerfow-w-mgbp-w-gabinie-16-02-24-r\/#breadcrumb"},"inLanguage":"pl-PL","potentialAction":[{"@type":"ReadAction","target":["http:\/\/biblioteka-gabin.pl\/index.php\/2024\/02\/17\/spotkanie-z-bajka-z-grupami-biedronek-i-smerfow-w-mgbp-w-gabinie-16-02-24-r\/"]}]},{"@type":"ImageObject","inLanguage":"pl-PL","@id":"http:\/\/biblioteka-gabin.pl\/index.php\/2024\/02\/17\/spotkanie-z-bajka-z-grupami-biedronek-i-smerfow-w-mgbp-w-gabinie-16-02-24-r\/#primaryimage","url":"https:\/\/biblioteka-gabin.pl\/wp-content\/uploads\/archive\/pliki\/obraz\/2024\/luty\/427106908_293626086763306_1742202057167397222_n.jpg","contentUrl":"https:\/\/biblioteka-gabin.pl\/wp-content\/uploads\/archive\/pliki\/obraz\/2024\/luty\/427106908_293626086763306_1742202057167397222_n.jpg"},{"@type":"BreadcrumbList","@id":"http:\/\/biblioteka-gabin.pl\/index.php\/2024\/02\/17\/spotkanie-z-bajka-z-grupami-biedronek-i-smerfow-w-mgbp-w-gabinie-16-02-24-r\/#breadcrumb","itemListElement":[{"@type":"ListItem","position":1,"name":"Strona g\u0142\u00f3wna","item":"https:\/\/biblioteka-gabin.pl\/"},{"@type":"ListItem","position":2,"name":",,Spotkanie z bajk\u0105&#8221; z grupami ,,Biedronek&#8221; i ,,Smerf\u00f3w&#8221; w MGBP w G\u0105binie (16.02.24 r.)"}]},{"@type":"WebSite","@id":"https:\/\/biblioteka-gabin.pl\/#website","url":"https:\/\/biblioteka-gabin.pl\/","name":"Miejsko-Gminna Biblioteka Publiczna w G\u0105binie","description":"","publisher":{"@id":"https:\/\/biblioteka-gabin.pl\/#organization"},"potentialAction":[{"@type":"SearchAction","target":{"@type":"EntryPoint","urlTemplate":"https:\/\/biblioteka-gabin.pl\/?s={search_term_string}"},"query-input":{"@type":"PropertyValueSpecification","valueRequired":true,"valueName":"search_term_string"}}],"inLanguage":"pl-PL"},{"@type":"Organization","@id":"https:\/\/biblioteka-gabin.pl\/#organization","name":"Miejsko-Gminna Biblioteka Publiczna w G\u0105binie","url":"https:\/\/biblioteka-gabin.pl\/","logo":{"@type":"ImageObject","inLanguage":"pl-PL","@id":"https:\/\/biblioteka-gabin.pl\/#\/schema\/logo\/image\/","url":"https:\/\/biblioteka-gabin.pl\/wp-content\/uploads\/2025\/03\/logo-biblioteka-2-1657013691-1.jpg","contentUrl":"https:\/\/biblioteka-gabin.pl\/wp-content\/uploads\/2025\/03\/logo-biblioteka-2-1657013691-1.jpg","width":1600,"height":772,"caption":"Miejsko-Gminna Biblioteka Publiczna w G\u0105binie"},"image":{"@id":"https:\/\/biblioteka-gabin.pl\/#\/schema\/logo\/image\/"},"sameAs":["https:\/\/www.facebook.com\/bibliotekagabin","https:\/\/www.youtube.com\/@mgbpgabin9392"]},{"@type":"Person","@id":"https:\/\/biblioteka-gabin.pl\/#\/schema\/person\/2067b97c24663d987ef6ef95bed7c99a","name":"admin","image":{"@type":"ImageObject","inLanguage":"pl-PL","@id":"https:\/\/secure.gravatar.com\/avatar\/e1843904e97b4e376a0fc90ae10372cd31bce9b207a7a3d2ca68fc7ca7e4174c?s=96&d=mm&r=g","url":"https:\/\/secure.gravatar.com\/avatar\/e1843904e97b4e376a0fc90ae10372cd31bce9b207a7a3d2ca68fc7ca7e4174c?s=96&d=mm&r=g","contentUrl":"https:\/\/secure.gravatar.com\/avatar\/e1843904e97b4e376a0fc90ae10372cd31bce9b207a7a3d2ca68fc7ca7e4174c?s=96&d=mm&r=g","caption":"admin"},"sameAs":["http:\/\/strona.biblioteka-gabin.pl"],"url":"https:\/\/biblioteka-gabin.pl\/index.php\/author\/admin\/"}]}},"_links":{"self":[{"href":"https:\/\/biblioteka-gabin.pl\/index.php\/wp-json\/wp\/v2\/posts\/8540","targetHints":{"allow":["GET"]}}],"collection":[{"href":"https:\/\/biblioteka-gabin.pl\/index.php\/wp-json\/wp\/v2\/posts"}],"about":[{"href":"https:\/\/biblioteka-gabin.pl\/index.php\/wp-json\/wp\/v2\/types\/post"}],"author":[{"embeddable":true,"href":"https:\/\/biblioteka-gabin.pl\/index.php\/wp-json\/wp\/v2\/users\/1"}],"replies":[{"embeddable":true,"href":"https:\/\/biblioteka-gabin.pl\/index.php\/wp-json\/wp\/v2\/comments?post=8540"}],"version-history":[{"count":0,"href":"https:\/\/biblioteka-gabin.pl\/index.php\/wp-json\/wp\/v2\/posts\/8540\/revisions"}],"wp:attachment":[{"href":"https:\/\/biblioteka-gabin.pl\/index.php\/wp-json\/wp\/v2\/media?parent=8540"}],"wp:term":[{"taxonomy":"category","embeddable":true,"href":"https:\/\/biblioteka-gabin.pl\/index.php\/wp-json\/wp\/v2\/categories?post=8540"},{"taxonomy":"post_tag","embeddable":true,"href":"https:\/\/biblioteka-gabin.pl\/index.php\/wp-json\/wp\/v2\/tags?post=8540"}],"curies":[{"name":"wp","href":"https:\/\/api.w.org\/{rel}","templated":true}]}}