{"id":8541,"date":"2023-04-21T00:00:00","date_gmt":"2023-04-21T00:00:00","guid":{"rendered":"https:\/\/biblioteka-gabin.pl\/index.php\/2023\/04\/21\/spotkanie-z-bajka-z-grupami-elfow-gumisiow-oraz-jagodek-z-oddzialu-przedszkolnego-w-gabinie-21-04-2023r\/"},"modified":"2023-04-21T00:00:00","modified_gmt":"2023-04-21T00:00:00","slug":"spotkanie-z-bajka-z-grupami-elfow-gumisiow-oraz-jagodek-z-oddzialu-przedszkolnego-w-gabinie-21-04-2023r","status":"publish","type":"post","link":"https:\/\/biblioteka-gabin.pl\/index.php\/2023\/04\/21\/spotkanie-z-bajka-z-grupami-elfow-gumisiow-oraz-jagodek-z-oddzialu-przedszkolnego-w-gabinie-21-04-2023r\/","title":{"rendered":"&#8222;Spotkanie z bajk\u0105&#8221; z grupami &#8222;Elf\u00f3w&#8221;, &#8222;Gumisi\u00f3w&#8221; oraz &#8222;Jag\u00f3dek&#8221; z Oddzia\u0142u Przedszkolnego w G\u0105binie (21.04.2023r.)"},"content":{"rendered":"<p>Miejsko \u2013 Gminn\u0105 Bibliotek\u0105 Publiczn\u0105 w G\u0105binie w dniu 21.04.2023 r. odwiedzi\u0142y trzy grupy dzieci: \u201eElfy\u201d, \u201eGuminie\u201d oraz \u201eJag\u00f3dki\u201d z Oddzia\u0142u Przedszkolnego przy Szkole Podstawowej w G\u0105binie.<br \/>\n\u00a0\u00a0 Pierwsz\u0105 cz\u0119\u015b\u0107 zaj\u0119\u0107 przeprowadzi\u0142am z \u201eElfami\u201d i \u201eGumisiami\u201d. Po przywitaniu si\u0119 z naszymi go\u015b\u0107mi zach\u0119ci\u0142am do zapisanie si\u0119 do naszej Biblioteki. Pokaza\u0142am ksi\u0105\u017ceczki, jakie mog\u0105 u nas wypo\u017cyczy\u0107, wspomnia\u0142am o k\u0105ciku dzieci\u0119cym. Zaprosi\u0142am do udzia\u0142u w projekcie \u201eMa\u0142a ksi\u0105\u017cka, wielki cz\u0142owiek\u201d, kt\u00f3rego g\u0142\u00f3wnym organizatorem jest Instytut Ksi\u0105\u017cki z siedzib\u0105 w Krakowie. Zaprezentowa\u0142am jak\u0105 ksi\u0105\u017ck\u0119 otrzymuj\u0105 w prezencie wszystkie Przedszkolaki, kt\u00f3re zapisz\u0105 si\u0119 do Biblioteki. Dzieci obejrza\u0142y Kart\u0119 Ma\u0142ego Czytelnika oraz naklejki, jakie przyklej\u0105 podczas ka\u017cdych odwiedzin w Ksi\u0105\u017cnicy.<br \/>\n\u00a0\u00a0\u00a0 Ponadto przeczyta\u0142am dzieciom ksi\u0105\u017ck\u0119 M. Strza\u0142kowskiej pt. \u201e Kotki z p\u0142otka czyli od jednego do dziesi\u0119ciu i z powrotem\u201d.\u00a0<br \/>\n\u00a0 Nast\u0119pnie zaprosi\u0142am dzieci do wsp\u00f3lnej zabawy. Przy rytmach piosenki pt. \u201eM\u0105dra rzeka\u201d, Przedszkolaki porusza\u0142y bioderkami, poklaskiwa\u0142y w d\u0142onie.<br \/>\n\u00a0\u00a0\u00a0 Po wyczerpuj\u0105cym ta\u0144cu, przyszed\u0142 czas na gr\u0119 w \u201eKalambury\u201d przy tablicy multimedialnej. Jedna ch\u0119tna osoba podchodzi\u0142a do niej i rysowa\u0142a has\u0142o przez siebie wymy\u015blone a reszta grupy odgadywa\u0142a.<br \/>\n\u00a0\u00a0 Grupie \u201eJag\u00f3dek\u201d tak\u017ce przybli\u017cy\u0142am temat projektu \u201eMa\u0142a ksi\u0105\u017cka, wielki cz\u0142owiek\u201d, zach\u0119ci\u0142am do zapisania si\u0119 do naszej Biblioteki.<br \/>\n\u00a0\u00a0 \u201eJag\u00f3dki\u201d uwa\u017cnie wys\u0142ucha\u0142y bajki S. Stellmana pt. \u201ePrzyjaciele Myszki Marudy\u201d.<br \/>\n\u00a0\u00a0 Nie zabrak\u0142o zabawy ruchowej, we wsp\u00f3lnym k\u00f3\u0142ku towarzyszy\u0142a nam piosenka pt. \u201eFruzia w bibliotece\u201d. Tablic\u0119 multimedialn\u0105 r\u00f3wnie\u017c wykorzystali\u015bmy do wsp\u00f3lnej\u00a0 gry w \u201eKalambury\u201d.<br \/>\nNie mog\u0142o zabrakn\u0105\u0107 s\u0142odkiej niespodzianki.<br \/>\n\u00a0\u00a0 Wszystko co dobre szybko si\u0119 ko\u0144czy, niestety nasze spotkanie r\u00f3wnie\u017c. Bardzo serdecznie dzi\u0119kujemy wszystkim grupom za przepi\u0119kne prezenty: zak\u0142adk\u0119 do ksi\u0105\u017cki oraz kartk\u0119 \u015blicznie ozdobion\u0105.<br \/>\n\u00a0\u00a0 Drzwi Miejsko \u2013 Gminnej Biblioteki Publicznej s\u0105 zawsze dla Was otwarte. Zapraszamy na kolejn\u0105 przygod\u0119 z ksi\u0105\u017ck\u0105. Do mi\u0142ego zobaczenia.<br \/>\n\u00a0\u00a0\u00a0\u00a0\u00a0\u00a0\u00a0\u00a0\u00a0\u00a0\u00a0\u00a0\u00a0\u00a0\u00a0\u00a0\u00a0\u00a0\u00a0\u00a0\u00a0\u00a0\u00a0\u00a0\u00a0\u00a0\u00a0\u00a0\u00a0\u00a0\u00a0\u00a0\u00a0\u00a0\u00a0\u00a0\u00a0\u00a0\u00a0\u00a0\u00a0\u00a0\u00a0\u00a0\u00a0\u00a0\u00a0\u00a0\u00a0\u00a0\u00a0\u00a0\u00a0\u00a0\u00a0 Opr. Joanna Olejniczak<br \/>\n<img src='https:\/\/biblioteka-gabin.pl\/wp-content\/uploads\/archive\/pliki\/obraz\/2023_\/kwiecie\/339749793_158229173858640_1718408046271890661_n.jpg'><br \/>\n<iframe width='420' height='315' src='https:\/\/www.youtube.com\/embed\/8iRftpV6_AQ'><\/iframe><br \/>\n<iframe width='420' height='315' src='https:\/\/www.youtube.com\/embed\/0WAzk0bVeM4'><\/iframe><br \/>\n<a href='https:\/\/biblioteka-gabin.pl\/wp-content\/uploads\/archive\/galleries\/472\/339611355135125876211885367891132888182487n-15793b9ce0.jpg'><img style='max-height:300px;' src='https:\/\/biblioteka-gabin.pl\/wp-content\/uploads\/archive\/galleries\/472\/339611355135125876211885367891132888182487n-15793b9ce0.jpg'><\/a><br \/>\n<a href='https:\/\/biblioteka-gabin.pl\/wp-content\/uploads\/archive\/galleries\/472\/339932443234778902546026573641665332541647n-5c8e4adbcd.jpg'><img style='max-height:300px;' src='https:\/\/biblioteka-gabin.pl\/wp-content\/uploads\/archive\/galleries\/472\/339932443234778902546026573641665332541647n-5c8e4adbcd.jpg'><\/a><br \/>\n<a href='https:\/\/biblioteka-gabin.pl\/wp-content\/uploads\/archive\/galleries\/472\/340061699217541134305983659419529474125279n-a2c2dd6cf0.jpg'><img style='max-height:300px;' src='https:\/\/biblioteka-gabin.pl\/wp-content\/uploads\/archive\/galleries\/472\/340061699217541134305983659419529474125279n-a2c2dd6cf0.jpg'><\/a><br \/>\n<a href='https:\/\/biblioteka-gabin.pl\/wp-content\/uploads\/archive\/galleries\/472\/3399112149313586816174015228064906445137873n-978d94c0fb.jpg'><img style='max-height:300px;' src='https:\/\/biblioteka-gabin.pl\/wp-content\/uploads\/archive\/galleries\/472\/3399112149313586816174015228064906445137873n-978d94c0fb.jpg'><\/a><br \/>\n<a href='https:\/\/biblioteka-gabin.pl\/wp-content\/uploads\/archive\/galleries\/472\/34007803613191559852984088308517521574427588n-9e51d3ef51.jpg'><img style='max-height:300px;' src='https:\/\/biblioteka-gabin.pl\/wp-content\/uploads\/archive\/galleries\/472\/34007803613191559852984088308517521574427588n-9e51d3ef51.jpg'><\/a><br \/>\n<a href='https:\/\/biblioteka-gabin.pl\/wp-content\/uploads\/archive\/galleries\/472\/33932448711544044926227693439702109579281386n-9f10d99cd4.jpg'><img style='max-height:300px;' src='https:\/\/biblioteka-gabin.pl\/wp-content\/uploads\/archive\/galleries\/472\/33932448711544044926227693439702109579281386n-9f10d99cd4.jpg'><\/a><br \/>\n<a href='https:\/\/biblioteka-gabin.pl\/wp-content\/uploads\/archive\/galleries\/472\/3397383049298733982314078884453127632398594n-c23fe61261.jpg'><img style='max-height:300px;' src='https:\/\/biblioteka-gabin.pl\/wp-content\/uploads\/archive\/galleries\/472\/3397383049298733982314078884453127632398594n-c23fe61261.jpg'><\/a><br \/>\n<a href='https:\/\/biblioteka-gabin.pl\/wp-content\/uploads\/archive\/galleries\/472\/3399435729174064027140477978789549228259594n-fb787df5fc.jpg'><img style='max-height:300px;' src='https:\/\/biblioteka-gabin.pl\/wp-content\/uploads\/archive\/galleries\/472\/3399435729174064027140477978789549228259594n-fb787df5fc.jpg'><\/a><br \/>\n<a href='https:\/\/biblioteka-gabin.pl\/wp-content\/uploads\/archive\/galleries\/472\/3391726381361544559849608521339998558807588n-01bb1335f5.jpg'><img style='max-height:300px;' src='https:\/\/biblioteka-gabin.pl\/wp-content\/uploads\/archive\/galleries\/472\/3391726381361544559849608521339998558807588n-01bb1335f5.jpg'><\/a><br \/>\n<a href='https:\/\/biblioteka-gabin.pl\/wp-content\/uploads\/archive\/galleries\/472\/3398543642174328809936119149929177287012111n-aeabd53652.jpg'><img style='max-height:300px;' src='https:\/\/biblioteka-gabin.pl\/wp-content\/uploads\/archive\/galleries\/472\/3398543642174328809936119149929177287012111n-aeabd53652.jpg'><\/a><br \/>\n<a href='https:\/\/biblioteka-gabin.pl\/wp-content\/uploads\/archive\/galleries\/472\/3400671746125852207443806956233416728459039n-e594a23029.jpg'><img style='max-height:300px;' src='https:\/\/biblioteka-gabin.pl\/wp-content\/uploads\/archive\/galleries\/472\/3400671746125852207443806956233416728459039n-e594a23029.jpg'><\/a><br \/>\n<a href='https:\/\/biblioteka-gabin.pl\/wp-content\/uploads\/archive\/galleries\/472\/3399158874622726727588193339299233555573467n-a26e488f65.jpg'><img style='max-height:300px;' src='https:\/\/biblioteka-gabin.pl\/wp-content\/uploads\/archive\/galleries\/472\/3399158874622726727588193339299233555573467n-a26e488f65.jpg'><\/a><br \/>\n<a href='https:\/\/biblioteka-gabin.pl\/wp-content\/uploads\/archive\/galleries\/472\/340370096250797624008436159391544988331427n-36540f3394.jpg'><img style='max-height:300px;' src='https:\/\/biblioteka-gabin.pl\/wp-content\/uploads\/archive\/galleries\/472\/340370096250797624008436159391544988331427n-36540f3394.jpg'><\/a><br \/>\n<a href='https:\/\/biblioteka-gabin.pl\/wp-content\/uploads\/archive\/galleries\/472\/34011265816588943345526602101019246450323094n-6f95438023.jpg'><img style='max-height:300px;' src='https:\/\/biblioteka-gabin.pl\/wp-content\/uploads\/archive\/galleries\/472\/34011265816588943345526602101019246450323094n-6f95438023.jpg'><\/a><br \/>\n<a href='https:\/\/biblioteka-gabin.pl\/wp-content\/uploads\/archive\/galleries\/472\/3400589325001348788602576683873119389606731n-c379c750da.jpg'><img style='max-height:300px;' src='https:\/\/biblioteka-gabin.pl\/wp-content\/uploads\/archive\/galleries\/472\/3400589325001348788602576683873119389606731n-c379c750da.jpg'><\/a><br \/>\n<a href='https:\/\/biblioteka-gabin.pl\/wp-content\/uploads\/archive\/galleries\/472\/3396577111742864818054993594118686512515379n-7499650d7e.jpg'><img style='max-height:300px;' src='https:\/\/biblioteka-gabin.pl\/wp-content\/uploads\/archive\/galleries\/472\/3396577111742864818054993594118686512515379n-7499650d7e.jpg'><\/a><br \/>\n<a href='https:\/\/biblioteka-gabin.pl\/wp-content\/uploads\/archive\/galleries\/472\/3398034632766117080243607563223207614858573n-86197ef72e.jpg'><img style='max-height:300px;' src='https:\/\/biblioteka-gabin.pl\/wp-content\/uploads\/archive\/galleries\/472\/3398034632766117080243607563223207614858573n-86197ef72e.jpg'><\/a><br \/>\n<a href='https:\/\/biblioteka-gabin.pl\/wp-content\/uploads\/archive\/galleries\/472\/3398387236570813662293122521300059207425182n-77ed6ac16e.jpg'><img style='max-height:300px;' src='https:\/\/biblioteka-gabin.pl\/wp-content\/uploads\/archive\/galleries\/472\/3398387236570813662293122521300059207425182n-77ed6ac16e.jpg'><\/a><br \/>\n<a href='https:\/\/biblioteka-gabin.pl\/wp-content\/uploads\/archive\/galleries\/472\/33977790969654261201506115573722779675845190n-c0f6537f89.jpg'><img style='max-height:300px;' src='https:\/\/biblioteka-gabin.pl\/wp-content\/uploads\/archive\/galleries\/472\/33977790969654261201506115573722779675845190n-c0f6537f89.jpg'><\/a><br \/>\n<a href='https:\/\/biblioteka-gabin.pl\/wp-content\/uploads\/archive\/galleries\/472\/3397497931582291738586401718408046271890661n-8ba1655435.jpg'><img style='max-height:300px;' src='https:\/\/biblioteka-gabin.pl\/wp-content\/uploads\/archive\/galleries\/472\/3397497931582291738586401718408046271890661n-8ba1655435.jpg'><\/a><br \/>\n<a href='https:\/\/biblioteka-gabin.pl\/wp-content\/uploads\/archive\/galleries\/472\/3397254949420204270480506056756595962798764n-b77dd1fee3.jpg'><img style='max-height:300px;' src='https:\/\/biblioteka-gabin.pl\/wp-content\/uploads\/archive\/galleries\/472\/3397254949420204270480506056756595962798764n-b77dd1fee3.jpg'><\/a><br \/>\n<a href='https:\/\/biblioteka-gabin.pl\/wp-content\/uploads\/archive\/galleries\/472\/33998647061976330336631187046534601246038837n-6def454935.jpg'><img style='max-height:300px;' src='https:\/\/biblioteka-gabin.pl\/wp-content\/uploads\/archive\/galleries\/472\/33998647061976330336631187046534601246038837n-6def454935.jpg'><\/a><br \/>\n<a href='https:\/\/biblioteka-gabin.pl\/wp-content\/uploads\/archive\/galleries\/472\/3397614087882199857848586389469984558939398n-094357d23b.jpg'><img style='max-height:300px;' src='https:\/\/biblioteka-gabin.pl\/wp-content\/uploads\/archive\/galleries\/472\/3397614087882199857848586389469984558939398n-094357d23b.jpg'><\/a><br \/>\n<a href='https:\/\/biblioteka-gabin.pl\/wp-content\/uploads\/archive\/galleries\/472\/33983872615689604535910373381270539038870098n-dd0ad69cae.jpg'><img style='max-height:300px;' src='https:\/\/biblioteka-gabin.pl\/wp-content\/uploads\/archive\/galleries\/472\/33983872615689604535910373381270539038870098n-dd0ad69cae.jpg'><\/a><br \/>\n<a href='https:\/\/biblioteka-gabin.pl\/wp-content\/uploads\/archive\/galleries\/472\/3393953632629743457168466469800093439202406n-3f06669e83.jpg'><img style='max-height:300px;' src='https:\/\/biblioteka-gabin.pl\/wp-content\/uploads\/archive\/galleries\/472\/3393953632629743457168466469800093439202406n-3f06669e83.jpg'><\/a><br \/>\n<a href='https:\/\/biblioteka-gabin.pl\/wp-content\/uploads\/archive\/galleries\/472\/3398102226132525540348316044021579600765610n-c8da5137f9.jpg'><img style='max-height:300px;' src='https:\/\/biblioteka-gabin.pl\/wp-content\/uploads\/archive\/galleries\/472\/3398102226132525540348316044021579600765610n-c8da5137f9.jpg'><\/a><\/p>\n","protected":false},"excerpt":{"rendered":"<p>Miejsko \u2013 Gminn\u0105 Bibliotek\u0105 Publiczn\u0105 w G\u0105binie w dniu 21.04.2023<\/p>\n","protected":false},"author":1,"featured_media":0,"comment_status":"open","ping_status":"open","sticky":false,"template":"","format":"standard","meta":{"footnotes":""},"categories":[36],"tags":[],"class_list":["post-8541","post","type-post","status-publish","format-standard","hentry","category-main"],"yoast_head":"<!-- This site is optimized with the Yoast SEO plugin v27.4 - https:\/\/yoast.com\/product\/yoast-seo-wordpress\/ -->\n<title>&quot;Spotkanie z bajk\u0105&quot; z grupami &quot;Elf\u00f3w&quot;, &quot;Gumisi\u00f3w&quot; oraz &quot;Jag\u00f3dek&quot; z Oddzia\u0142u Przedszkolnego w G\u0105binie (21.04.2023r.) - Miejsko-Gminna Biblioteka Publiczna w G\u0105binie<\/title>\n<meta name=\"robots\" content=\"index, follow, max-snippet:-1, max-image-preview:large, max-video-preview:-1\" \/>\n<link rel=\"canonical\" href=\"http:\/\/biblioteka-gabin.pl\/index.php\/2023\/04\/21\/spotkanie-z-bajka-z-grupami-elfow-gumisiow-oraz-jagodek-z-oddzialu-przedszkolnego-w-gabinie-21-04-2023r\/\" \/>\n<meta property=\"og:locale\" content=\"pl_PL\" \/>\n<meta property=\"og:type\" content=\"article\" \/>\n<meta property=\"og:title\" content=\"&quot;Spotkanie z bajk\u0105&quot; z grupami &quot;Elf\u00f3w&quot;, &quot;Gumisi\u00f3w&quot; oraz &quot;Jag\u00f3dek&quot; z Oddzia\u0142u Przedszkolnego w G\u0105binie (21.04.2023r.) - Miejsko-Gminna Biblioteka Publiczna w G\u0105binie\" \/>\n<meta property=\"og:description\" content=\"Miejsko \u2013 Gminn\u0105 Bibliotek\u0105 Publiczn\u0105 w G\u0105binie w dniu 21.04.2023\" \/>\n<meta property=\"og:url\" content=\"http:\/\/biblioteka-gabin.pl\/index.php\/2023\/04\/21\/spotkanie-z-bajka-z-grupami-elfow-gumisiow-oraz-jagodek-z-oddzialu-przedszkolnego-w-gabinie-21-04-2023r\/\" \/>\n<meta property=\"og:site_name\" content=\"Miejsko-Gminna Biblioteka Publiczna w G\u0105binie\" \/>\n<meta property=\"article:publisher\" content=\"https:\/\/www.facebook.com\/bibliotekagabin\" \/>\n<meta property=\"article:published_time\" content=\"2023-04-21T00:00:00+00:00\" \/>\n<meta property=\"og:image\" content=\"https:\/\/biblioteka-gabin.pl\/wp-content\/uploads\/archive\/pliki\/obraz\/2023_\/kwiecie\/339749793_158229173858640_1718408046271890661_n.jpg\" \/>\n<meta name=\"author\" content=\"admin\" \/>\n<meta name=\"twitter:card\" content=\"summary_large_image\" \/>\n<meta name=\"twitter:label1\" content=\"Napisane przez\" \/>\n\t<meta name=\"twitter:data1\" content=\"admin\" \/>\n\t<meta name=\"twitter:label2\" content=\"Szacowany czas czytania\" \/>\n\t<meta name=\"twitter:data2\" content=\"2 minuty\" \/>\n<script type=\"application\/ld+json\" class=\"yoast-schema-graph\">{\"@context\":\"https:\\\/\\\/schema.org\",\"@graph\":[{\"@type\":\"Article\",\"@id\":\"http:\\\/\\\/biblioteka-gabin.pl\\\/index.php\\\/2023\\\/04\\\/21\\\/spotkanie-z-bajka-z-grupami-elfow-gumisiow-oraz-jagodek-z-oddzialu-przedszkolnego-w-gabinie-21-04-2023r\\\/#article\",\"isPartOf\":{\"@id\":\"http:\\\/\\\/biblioteka-gabin.pl\\\/index.php\\\/2023\\\/04\\\/21\\\/spotkanie-z-bajka-z-grupami-elfow-gumisiow-oraz-jagodek-z-oddzialu-przedszkolnego-w-gabinie-21-04-2023r\\\/\"},\"author\":{\"name\":\"admin\",\"@id\":\"https:\\\/\\\/biblioteka-gabin.pl\\\/#\\\/schema\\\/person\\\/2067b97c24663d987ef6ef95bed7c99a\"},\"headline\":\"&#8222;Spotkanie z bajk\u0105&#8221; z grupami &#8222;Elf\u00f3w&#8221;, &#8222;Gumisi\u00f3w&#8221; oraz &#8222;Jag\u00f3dek&#8221; z Oddzia\u0142u Przedszkolnego w G\u0105binie (21.04.2023r.)\",\"datePublished\":\"2023-04-21T00:00:00+00:00\",\"mainEntityOfPage\":{\"@id\":\"http:\\\/\\\/biblioteka-gabin.pl\\\/index.php\\\/2023\\\/04\\\/21\\\/spotkanie-z-bajka-z-grupami-elfow-gumisiow-oraz-jagodek-z-oddzialu-przedszkolnego-w-gabinie-21-04-2023r\\\/\"},\"wordCount\":369,\"commentCount\":0,\"publisher\":{\"@id\":\"https:\\\/\\\/biblioteka-gabin.pl\\\/#organization\"},\"image\":{\"@id\":\"http:\\\/\\\/biblioteka-gabin.pl\\\/index.php\\\/2023\\\/04\\\/21\\\/spotkanie-z-bajka-z-grupami-elfow-gumisiow-oraz-jagodek-z-oddzialu-przedszkolnego-w-gabinie-21-04-2023r\\\/#primaryimage\"},\"thumbnailUrl\":\"https:\\\/\\\/biblioteka-gabin.pl\\\/wp-content\\\/uploads\\\/archive\\\/pliki\\\/obraz\\\/2023_\\\/kwiecie\\\/339749793_158229173858640_1718408046271890661_n.jpg\",\"articleSection\":[\"Main\"],\"inLanguage\":\"pl-PL\",\"potentialAction\":[{\"@type\":\"CommentAction\",\"name\":\"Comment\",\"target\":[\"http:\\\/\\\/biblioteka-gabin.pl\\\/index.php\\\/2023\\\/04\\\/21\\\/spotkanie-z-bajka-z-grupami-elfow-gumisiow-oraz-jagodek-z-oddzialu-przedszkolnego-w-gabinie-21-04-2023r\\\/#respond\"]}]},{\"@type\":\"WebPage\",\"@id\":\"http:\\\/\\\/biblioteka-gabin.pl\\\/index.php\\\/2023\\\/04\\\/21\\\/spotkanie-z-bajka-z-grupami-elfow-gumisiow-oraz-jagodek-z-oddzialu-przedszkolnego-w-gabinie-21-04-2023r\\\/\",\"url\":\"http:\\\/\\\/biblioteka-gabin.pl\\\/index.php\\\/2023\\\/04\\\/21\\\/spotkanie-z-bajka-z-grupami-elfow-gumisiow-oraz-jagodek-z-oddzialu-przedszkolnego-w-gabinie-21-04-2023r\\\/\",\"name\":\"\\\"Spotkanie z bajk\u0105\\\" z grupami \\\"Elf\u00f3w\\\", \\\"Gumisi\u00f3w\\\" oraz \\\"Jag\u00f3dek\\\" z Oddzia\u0142u Przedszkolnego w G\u0105binie (21.04.2023r.) - Miejsko-Gminna Biblioteka Publiczna w G\u0105binie\",\"isPartOf\":{\"@id\":\"https:\\\/\\\/biblioteka-gabin.pl\\\/#website\"},\"primaryImageOfPage\":{\"@id\":\"http:\\\/\\\/biblioteka-gabin.pl\\\/index.php\\\/2023\\\/04\\\/21\\\/spotkanie-z-bajka-z-grupami-elfow-gumisiow-oraz-jagodek-z-oddzialu-przedszkolnego-w-gabinie-21-04-2023r\\\/#primaryimage\"},\"image\":{\"@id\":\"http:\\\/\\\/biblioteka-gabin.pl\\\/index.php\\\/2023\\\/04\\\/21\\\/spotkanie-z-bajka-z-grupami-elfow-gumisiow-oraz-jagodek-z-oddzialu-przedszkolnego-w-gabinie-21-04-2023r\\\/#primaryimage\"},\"thumbnailUrl\":\"https:\\\/\\\/biblioteka-gabin.pl\\\/wp-content\\\/uploads\\\/archive\\\/pliki\\\/obraz\\\/2023_\\\/kwiecie\\\/339749793_158229173858640_1718408046271890661_n.jpg\",\"datePublished\":\"2023-04-21T00:00:00+00:00\",\"breadcrumb\":{\"@id\":\"http:\\\/\\\/biblioteka-gabin.pl\\\/index.php\\\/2023\\\/04\\\/21\\\/spotkanie-z-bajka-z-grupami-elfow-gumisiow-oraz-jagodek-z-oddzialu-przedszkolnego-w-gabinie-21-04-2023r\\\/#breadcrumb\"},\"inLanguage\":\"pl-PL\",\"potentialAction\":[{\"@type\":\"ReadAction\",\"target\":[\"http:\\\/\\\/biblioteka-gabin.pl\\\/index.php\\\/2023\\\/04\\\/21\\\/spotkanie-z-bajka-z-grupami-elfow-gumisiow-oraz-jagodek-z-oddzialu-przedszkolnego-w-gabinie-21-04-2023r\\\/\"]}]},{\"@type\":\"ImageObject\",\"inLanguage\":\"pl-PL\",\"@id\":\"http:\\\/\\\/biblioteka-gabin.pl\\\/index.php\\\/2023\\\/04\\\/21\\\/spotkanie-z-bajka-z-grupami-elfow-gumisiow-oraz-jagodek-z-oddzialu-przedszkolnego-w-gabinie-21-04-2023r\\\/#primaryimage\",\"url\":\"https:\\\/\\\/biblioteka-gabin.pl\\\/wp-content\\\/uploads\\\/archive\\\/pliki\\\/obraz\\\/2023_\\\/kwiecie\\\/339749793_158229173858640_1718408046271890661_n.jpg\",\"contentUrl\":\"https:\\\/\\\/biblioteka-gabin.pl\\\/wp-content\\\/uploads\\\/archive\\\/pliki\\\/obraz\\\/2023_\\\/kwiecie\\\/339749793_158229173858640_1718408046271890661_n.jpg\"},{\"@type\":\"BreadcrumbList\",\"@id\":\"http:\\\/\\\/biblioteka-gabin.pl\\\/index.php\\\/2023\\\/04\\\/21\\\/spotkanie-z-bajka-z-grupami-elfow-gumisiow-oraz-jagodek-z-oddzialu-przedszkolnego-w-gabinie-21-04-2023r\\\/#breadcrumb\",\"itemListElement\":[{\"@type\":\"ListItem\",\"position\":1,\"name\":\"Strona g\u0142\u00f3wna\",\"item\":\"https:\\\/\\\/biblioteka-gabin.pl\\\/\"},{\"@type\":\"ListItem\",\"position\":2,\"name\":\"&#8222;Spotkanie z bajk\u0105&#8221; z grupami &#8222;Elf\u00f3w&#8221;, &#8222;Gumisi\u00f3w&#8221; oraz &#8222;Jag\u00f3dek&#8221; z Oddzia\u0142u Przedszkolnego w G\u0105binie (21.04.2023r.)\"}]},{\"@type\":\"WebSite\",\"@id\":\"https:\\\/\\\/biblioteka-gabin.pl\\\/#website\",\"url\":\"https:\\\/\\\/biblioteka-gabin.pl\\\/\",\"name\":\"Miejsko-Gminna Biblioteka Publiczna w G\u0105binie\",\"description\":\"\",\"publisher\":{\"@id\":\"https:\\\/\\\/biblioteka-gabin.pl\\\/#organization\"},\"potentialAction\":[{\"@type\":\"SearchAction\",\"target\":{\"@type\":\"EntryPoint\",\"urlTemplate\":\"https:\\\/\\\/biblioteka-gabin.pl\\\/?s={search_term_string}\"},\"query-input\":{\"@type\":\"PropertyValueSpecification\",\"valueRequired\":true,\"valueName\":\"search_term_string\"}}],\"inLanguage\":\"pl-PL\"},{\"@type\":\"Organization\",\"@id\":\"https:\\\/\\\/biblioteka-gabin.pl\\\/#organization\",\"name\":\"Miejsko-Gminna Biblioteka Publiczna w G\u0105binie\",\"url\":\"https:\\\/\\\/biblioteka-gabin.pl\\\/\",\"logo\":{\"@type\":\"ImageObject\",\"inLanguage\":\"pl-PL\",\"@id\":\"https:\\\/\\\/biblioteka-gabin.pl\\\/#\\\/schema\\\/logo\\\/image\\\/\",\"url\":\"https:\\\/\\\/biblioteka-gabin.pl\\\/wp-content\\\/uploads\\\/2025\\\/03\\\/logo-biblioteka-2-1657013691-1.jpg\",\"contentUrl\":\"https:\\\/\\\/biblioteka-gabin.pl\\\/wp-content\\\/uploads\\\/2025\\\/03\\\/logo-biblioteka-2-1657013691-1.jpg\",\"width\":1600,\"height\":772,\"caption\":\"Miejsko-Gminna Biblioteka Publiczna w G\u0105binie\"},\"image\":{\"@id\":\"https:\\\/\\\/biblioteka-gabin.pl\\\/#\\\/schema\\\/logo\\\/image\\\/\"},\"sameAs\":[\"https:\\\/\\\/www.facebook.com\\\/bibliotekagabin\",\"https:\\\/\\\/www.youtube.com\\\/@mgbpgabin9392\"]},{\"@type\":\"Person\",\"@id\":\"https:\\\/\\\/biblioteka-gabin.pl\\\/#\\\/schema\\\/person\\\/2067b97c24663d987ef6ef95bed7c99a\",\"name\":\"admin\",\"image\":{\"@type\":\"ImageObject\",\"inLanguage\":\"pl-PL\",\"@id\":\"https:\\\/\\\/secure.gravatar.com\\\/avatar\\\/e1843904e97b4e376a0fc90ae10372cd31bce9b207a7a3d2ca68fc7ca7e4174c?s=96&d=mm&r=g\",\"url\":\"https:\\\/\\\/secure.gravatar.com\\\/avatar\\\/e1843904e97b4e376a0fc90ae10372cd31bce9b207a7a3d2ca68fc7ca7e4174c?s=96&d=mm&r=g\",\"contentUrl\":\"https:\\\/\\\/secure.gravatar.com\\\/avatar\\\/e1843904e97b4e376a0fc90ae10372cd31bce9b207a7a3d2ca68fc7ca7e4174c?s=96&d=mm&r=g\",\"caption\":\"admin\"},\"sameAs\":[\"http:\\\/\\\/strona.biblioteka-gabin.pl\"],\"url\":\"https:\\\/\\\/biblioteka-gabin.pl\\\/index.php\\\/author\\\/admin\\\/\"}]}<\/script>\n<!-- \/ Yoast SEO plugin. -->","yoast_head_json":{"title":"\"Spotkanie z bajk\u0105\" z grupami \"Elf\u00f3w\", \"Gumisi\u00f3w\" oraz \"Jag\u00f3dek\" z Oddzia\u0142u Przedszkolnego w G\u0105binie (21.04.2023r.) - Miejsko-Gminna Biblioteka Publiczna w G\u0105binie","robots":{"index":"index","follow":"follow","max-snippet":"max-snippet:-1","max-image-preview":"max-image-preview:large","max-video-preview":"max-video-preview:-1"},"canonical":"http:\/\/biblioteka-gabin.pl\/index.php\/2023\/04\/21\/spotkanie-z-bajka-z-grupami-elfow-gumisiow-oraz-jagodek-z-oddzialu-przedszkolnego-w-gabinie-21-04-2023r\/","og_locale":"pl_PL","og_type":"article","og_title":"\"Spotkanie z bajk\u0105\" z grupami \"Elf\u00f3w\", \"Gumisi\u00f3w\" oraz \"Jag\u00f3dek\" z Oddzia\u0142u Przedszkolnego w G\u0105binie (21.04.2023r.) - Miejsko-Gminna Biblioteka Publiczna w G\u0105binie","og_description":"Miejsko \u2013 Gminn\u0105 Bibliotek\u0105 Publiczn\u0105 w G\u0105binie w dniu 21.04.2023","og_url":"http:\/\/biblioteka-gabin.pl\/index.php\/2023\/04\/21\/spotkanie-z-bajka-z-grupami-elfow-gumisiow-oraz-jagodek-z-oddzialu-przedszkolnego-w-gabinie-21-04-2023r\/","og_site_name":"Miejsko-Gminna Biblioteka Publiczna w G\u0105binie","article_publisher":"https:\/\/www.facebook.com\/bibliotekagabin","article_published_time":"2023-04-21T00:00:00+00:00","og_image":[{"url":"https:\/\/biblioteka-gabin.pl\/wp-content\/uploads\/archive\/pliki\/obraz\/2023_\/kwiecie\/339749793_158229173858640_1718408046271890661_n.jpg","type":"","width":"","height":""}],"author":"admin","twitter_card":"summary_large_image","twitter_misc":{"Napisane przez":"admin","Szacowany czas czytania":"2 minuty"},"schema":{"@context":"https:\/\/schema.org","@graph":[{"@type":"Article","@id":"http:\/\/biblioteka-gabin.pl\/index.php\/2023\/04\/21\/spotkanie-z-bajka-z-grupami-elfow-gumisiow-oraz-jagodek-z-oddzialu-przedszkolnego-w-gabinie-21-04-2023r\/#article","isPartOf":{"@id":"http:\/\/biblioteka-gabin.pl\/index.php\/2023\/04\/21\/spotkanie-z-bajka-z-grupami-elfow-gumisiow-oraz-jagodek-z-oddzialu-przedszkolnego-w-gabinie-21-04-2023r\/"},"author":{"name":"admin","@id":"https:\/\/biblioteka-gabin.pl\/#\/schema\/person\/2067b97c24663d987ef6ef95bed7c99a"},"headline":"&#8222;Spotkanie z bajk\u0105&#8221; z grupami &#8222;Elf\u00f3w&#8221;, &#8222;Gumisi\u00f3w&#8221; oraz &#8222;Jag\u00f3dek&#8221; z Oddzia\u0142u Przedszkolnego w G\u0105binie (21.04.2023r.)","datePublished":"2023-04-21T00:00:00+00:00","mainEntityOfPage":{"@id":"http:\/\/biblioteka-gabin.pl\/index.php\/2023\/04\/21\/spotkanie-z-bajka-z-grupami-elfow-gumisiow-oraz-jagodek-z-oddzialu-przedszkolnego-w-gabinie-21-04-2023r\/"},"wordCount":369,"commentCount":0,"publisher":{"@id":"https:\/\/biblioteka-gabin.pl\/#organization"},"image":{"@id":"http:\/\/biblioteka-gabin.pl\/index.php\/2023\/04\/21\/spotkanie-z-bajka-z-grupami-elfow-gumisiow-oraz-jagodek-z-oddzialu-przedszkolnego-w-gabinie-21-04-2023r\/#primaryimage"},"thumbnailUrl":"https:\/\/biblioteka-gabin.pl\/wp-content\/uploads\/archive\/pliki\/obraz\/2023_\/kwiecie\/339749793_158229173858640_1718408046271890661_n.jpg","articleSection":["Main"],"inLanguage":"pl-PL","potentialAction":[{"@type":"CommentAction","name":"Comment","target":["http:\/\/biblioteka-gabin.pl\/index.php\/2023\/04\/21\/spotkanie-z-bajka-z-grupami-elfow-gumisiow-oraz-jagodek-z-oddzialu-przedszkolnego-w-gabinie-21-04-2023r\/#respond"]}]},{"@type":"WebPage","@id":"http:\/\/biblioteka-gabin.pl\/index.php\/2023\/04\/21\/spotkanie-z-bajka-z-grupami-elfow-gumisiow-oraz-jagodek-z-oddzialu-przedszkolnego-w-gabinie-21-04-2023r\/","url":"http:\/\/biblioteka-gabin.pl\/index.php\/2023\/04\/21\/spotkanie-z-bajka-z-grupami-elfow-gumisiow-oraz-jagodek-z-oddzialu-przedszkolnego-w-gabinie-21-04-2023r\/","name":"\"Spotkanie z bajk\u0105\" z grupami \"Elf\u00f3w\", \"Gumisi\u00f3w\" oraz \"Jag\u00f3dek\" z Oddzia\u0142u Przedszkolnego w G\u0105binie (21.04.2023r.) - Miejsko-Gminna Biblioteka Publiczna w G\u0105binie","isPartOf":{"@id":"https:\/\/biblioteka-gabin.pl\/#website"},"primaryImageOfPage":{"@id":"http:\/\/biblioteka-gabin.pl\/index.php\/2023\/04\/21\/spotkanie-z-bajka-z-grupami-elfow-gumisiow-oraz-jagodek-z-oddzialu-przedszkolnego-w-gabinie-21-04-2023r\/#primaryimage"},"image":{"@id":"http:\/\/biblioteka-gabin.pl\/index.php\/2023\/04\/21\/spotkanie-z-bajka-z-grupami-elfow-gumisiow-oraz-jagodek-z-oddzialu-przedszkolnego-w-gabinie-21-04-2023r\/#primaryimage"},"thumbnailUrl":"https:\/\/biblioteka-gabin.pl\/wp-content\/uploads\/archive\/pliki\/obraz\/2023_\/kwiecie\/339749793_158229173858640_1718408046271890661_n.jpg","datePublished":"2023-04-21T00:00:00+00:00","breadcrumb":{"@id":"http:\/\/biblioteka-gabin.pl\/index.php\/2023\/04\/21\/spotkanie-z-bajka-z-grupami-elfow-gumisiow-oraz-jagodek-z-oddzialu-przedszkolnego-w-gabinie-21-04-2023r\/#breadcrumb"},"inLanguage":"pl-PL","potentialAction":[{"@type":"ReadAction","target":["http:\/\/biblioteka-gabin.pl\/index.php\/2023\/04\/21\/spotkanie-z-bajka-z-grupami-elfow-gumisiow-oraz-jagodek-z-oddzialu-przedszkolnego-w-gabinie-21-04-2023r\/"]}]},{"@type":"ImageObject","inLanguage":"pl-PL","@id":"http:\/\/biblioteka-gabin.pl\/index.php\/2023\/04\/21\/spotkanie-z-bajka-z-grupami-elfow-gumisiow-oraz-jagodek-z-oddzialu-przedszkolnego-w-gabinie-21-04-2023r\/#primaryimage","url":"https:\/\/biblioteka-gabin.pl\/wp-content\/uploads\/archive\/pliki\/obraz\/2023_\/kwiecie\/339749793_158229173858640_1718408046271890661_n.jpg","contentUrl":"https:\/\/biblioteka-gabin.pl\/wp-content\/uploads\/archive\/pliki\/obraz\/2023_\/kwiecie\/339749793_158229173858640_1718408046271890661_n.jpg"},{"@type":"BreadcrumbList","@id":"http:\/\/biblioteka-gabin.pl\/index.php\/2023\/04\/21\/spotkanie-z-bajka-z-grupami-elfow-gumisiow-oraz-jagodek-z-oddzialu-przedszkolnego-w-gabinie-21-04-2023r\/#breadcrumb","itemListElement":[{"@type":"ListItem","position":1,"name":"Strona g\u0142\u00f3wna","item":"https:\/\/biblioteka-gabin.pl\/"},{"@type":"ListItem","position":2,"name":"&#8222;Spotkanie z bajk\u0105&#8221; z grupami &#8222;Elf\u00f3w&#8221;, &#8222;Gumisi\u00f3w&#8221; oraz &#8222;Jag\u00f3dek&#8221; z Oddzia\u0142u Przedszkolnego w G\u0105binie (21.04.2023r.)"}]},{"@type":"WebSite","@id":"https:\/\/biblioteka-gabin.pl\/#website","url":"https:\/\/biblioteka-gabin.pl\/","name":"Miejsko-Gminna Biblioteka Publiczna w G\u0105binie","description":"","publisher":{"@id":"https:\/\/biblioteka-gabin.pl\/#organization"},"potentialAction":[{"@type":"SearchAction","target":{"@type":"EntryPoint","urlTemplate":"https:\/\/biblioteka-gabin.pl\/?s={search_term_string}"},"query-input":{"@type":"PropertyValueSpecification","valueRequired":true,"valueName":"search_term_string"}}],"inLanguage":"pl-PL"},{"@type":"Organization","@id":"https:\/\/biblioteka-gabin.pl\/#organization","name":"Miejsko-Gminna Biblioteka Publiczna w G\u0105binie","url":"https:\/\/biblioteka-gabin.pl\/","logo":{"@type":"ImageObject","inLanguage":"pl-PL","@id":"https:\/\/biblioteka-gabin.pl\/#\/schema\/logo\/image\/","url":"https:\/\/biblioteka-gabin.pl\/wp-content\/uploads\/2025\/03\/logo-biblioteka-2-1657013691-1.jpg","contentUrl":"https:\/\/biblioteka-gabin.pl\/wp-content\/uploads\/2025\/03\/logo-biblioteka-2-1657013691-1.jpg","width":1600,"height":772,"caption":"Miejsko-Gminna Biblioteka Publiczna w G\u0105binie"},"image":{"@id":"https:\/\/biblioteka-gabin.pl\/#\/schema\/logo\/image\/"},"sameAs":["https:\/\/www.facebook.com\/bibliotekagabin","https:\/\/www.youtube.com\/@mgbpgabin9392"]},{"@type":"Person","@id":"https:\/\/biblioteka-gabin.pl\/#\/schema\/person\/2067b97c24663d987ef6ef95bed7c99a","name":"admin","image":{"@type":"ImageObject","inLanguage":"pl-PL","@id":"https:\/\/secure.gravatar.com\/avatar\/e1843904e97b4e376a0fc90ae10372cd31bce9b207a7a3d2ca68fc7ca7e4174c?s=96&d=mm&r=g","url":"https:\/\/secure.gravatar.com\/avatar\/e1843904e97b4e376a0fc90ae10372cd31bce9b207a7a3d2ca68fc7ca7e4174c?s=96&d=mm&r=g","contentUrl":"https:\/\/secure.gravatar.com\/avatar\/e1843904e97b4e376a0fc90ae10372cd31bce9b207a7a3d2ca68fc7ca7e4174c?s=96&d=mm&r=g","caption":"admin"},"sameAs":["http:\/\/strona.biblioteka-gabin.pl"],"url":"https:\/\/biblioteka-gabin.pl\/index.php\/author\/admin\/"}]}},"_links":{"self":[{"href":"https:\/\/biblioteka-gabin.pl\/index.php\/wp-json\/wp\/v2\/posts\/8541","targetHints":{"allow":["GET"]}}],"collection":[{"href":"https:\/\/biblioteka-gabin.pl\/index.php\/wp-json\/wp\/v2\/posts"}],"about":[{"href":"https:\/\/biblioteka-gabin.pl\/index.php\/wp-json\/wp\/v2\/types\/post"}],"author":[{"embeddable":true,"href":"https:\/\/biblioteka-gabin.pl\/index.php\/wp-json\/wp\/v2\/users\/1"}],"replies":[{"embeddable":true,"href":"https:\/\/biblioteka-gabin.pl\/index.php\/wp-json\/wp\/v2\/comments?post=8541"}],"version-history":[{"count":0,"href":"https:\/\/biblioteka-gabin.pl\/index.php\/wp-json\/wp\/v2\/posts\/8541\/revisions"}],"wp:attachment":[{"href":"https:\/\/biblioteka-gabin.pl\/index.php\/wp-json\/wp\/v2\/media?parent=8541"}],"wp:term":[{"taxonomy":"category","embeddable":true,"href":"https:\/\/biblioteka-gabin.pl\/index.php\/wp-json\/wp\/v2\/categories?post=8541"},{"taxonomy":"post_tag","embeddable":true,"href":"https:\/\/biblioteka-gabin.pl\/index.php\/wp-json\/wp\/v2\/tags?post=8541"}],"curies":[{"name":"wp","href":"https:\/\/api.w.org\/{rel}","templated":true}]}}