{"id":8543,"date":"2023-04-18T00:00:00","date_gmt":"2023-04-18T00:00:00","guid":{"rendered":"https:\/\/biblioteka-gabin.pl\/index.php\/2023\/04\/18\/spotkanie-z-bajka-z-grupami-motyli-oraz-biedronek-z-oddzialu-i-punktu-przedszkolnego-w-nowym-grabiu-18-04-2023r\/"},"modified":"2023-04-18T00:00:00","modified_gmt":"2023-04-18T00:00:00","slug":"spotkanie-z-bajka-z-grupami-motyli-oraz-biedronek-z-oddzialu-i-punktu-przedszkolnego-w-nowym-grabiu-18-04-2023r","status":"publish","type":"post","link":"https:\/\/biblioteka-gabin.pl\/index.php\/2023\/04\/18\/spotkanie-z-bajka-z-grupami-motyli-oraz-biedronek-z-oddzialu-i-punktu-przedszkolnego-w-nowym-grabiu-18-04-2023r\/","title":{"rendered":"&#8222;Spotkanie z bajk\u0105&#8221; z grupami &#8222;Motyli&#8221; oraz &#8222;Biedronek&#8221; z Oddzia\u0142u i Punktu Przedszkolnego w Nowym Grabiu (18.04.2023r.)"},"content":{"rendered":"<p>Podczas dzisiejszego spotkania z dzie\u0107mi w Oddziale i Punkcie Przedszkolnym w Nowym Grabiu postawi\u0142am na zabaw\u0119.<br \/>\n\u00a0\u00a0 Najstarszej grupie \u201eMotylom\u201d(6-latki) pokaza\u0142am w jak prosty spos\u00f3b mo\u017cna zrobi\u0107 misia. Wyci\u0119\u0142am dzieciom kilkadziesi\u0105t k\u00f3\u0142ek r\u00f3\u017cnej wielko\u015bci z bloku technicznego i krok po kroku wskaza\u0142am co nale\u017cy robi\u0107, aby w efekcie ko\u0144cowym uzyska\u0107 nied\u017awiadka.<br \/>\n\u00a0\u00a0 Przy u\u017cyciu niewielu element\u00f3w w postaci k\u00f3\u0142ek, przyklejonych oczek i kolorowych kredek powsta\u0142y pi\u0119kne misie, kt\u00f3re dzieci postanowi\u0142y zabra\u0107 do swoich dom\u00f3w. Przy najwi\u0119kszym k\u00f3\u0142ku stanowi\u0105cym brzuch naszego bohatera wyci\u0119\u0142am dwa otwory na palce, aby Przedszkolaki mog\u0142y lepiej wykorzysta\u0107 je podczas zabawy. Na koniec wszystkie dzie\u0142a mo\u017cemy podziwia\u0107 na wsp\u00f3lnym zdj\u0119ciu, kt\u00f3re zamieszcz\u0119 poni\u017cej.<br \/>\n\u00a0\u00a0 Taka ma\u0142a rzecz a ucieszy\u0142a wszystkich uczestnik\u00f3w, \u0142\u0105cznie ze mn\u0105. Misie wysz\u0142y przepi\u0119kne, tyle mog\u0119 powiedzie\u0107.<br \/>\n\u00a0\u00a0\u00a0 Z grup\u0105 \u201eBiedronek\u201d urz\u0105dzi\u0142am dzi\u015b zawody sportowe. Podzieli\u0142am grup\u0119 na dwie dru\u017cyny, dziewcz\u0105t i ch\u0142opc\u00f3w. Ka\u017cdy uczestnik mia\u0142 do pokonania pewien dystans polegaj\u0105cy na przek\u0142adaniu kolorowych kubk\u00f3w jeden za drugim. Wszyscy uczestnicy ch\u0119tnie przyst\u0105pili do zadania, ciesz\u0105c si\u0119 , kibicuj\u0105c innym. Poznali czym jest gra zespo\u0142owa, zabawa by\u0142a \u015bwietna.<br \/>\n\u00a0\u00a0\u00a0 Kolejnym etapem by\u0142o ustawienie piramidy z kubk\u00f3w. Trudno\u015bci\u0105 w tym zadaniu by\u0142o to, \u017ce uczestnik mia\u0142 zas\u0142oni\u0119te oczy i m\u00f3g\u0142 skorzysta\u0107 tylko z podpowiedzi drugiej osoby. Rado\u015bci by\u0142o co nie miara.<br \/>\n\u00a0\u00a0 By\u0142o to bardzo emocjonuj\u0105ce spotkanie, za kt\u00f3re bardzo wszystkim dzi\u0119kuj\u0119. Ciesz\u0119 si\u0119, \u017ce mog\u0142am widzie\u0107 tyle u\u015bmiechni\u0119tych twarzy. M\u00f3wi\u0105c do zobaczenia, ju\u017c nie mog\u0119 doczeka\u0107 si\u0119 kolejnego spotkania z Wami.<br \/>\n\u00a0\u00a0\u00a0\u00a0\u00a0\u00a0\u00a0\u00a0\u00a0\u00a0\u00a0\u00a0\u00a0\u00a0\u00a0\u00a0\u00a0\u00a0\u00a0\u00a0\u00a0\u00a0\u00a0\u00a0\u00a0\u00a0\u00a0\u00a0\u00a0\u00a0\u00a0\u00a0\u00a0\u00a0\u00a0\u00a0\u00a0\u00a0\u00a0\u00a0\u00a0\u00a0\u00a0\u00a0\u00a0\u00a0\u00a0\u00a0\u00a0\u00a0\u00a0\u00a0\u00a0\u00a0\u00a0\u00a0\u00a0\u00a0\u00a0\u00a0\u00a0\u00a0\u00a0\u00a0\u00a0\u00a0\u00a0\u00a0\u00a0\u00a0\u00a0\u00a0\u00a0 Opr. Joanna Olejniczak<br \/>\n<img src='https:\/\/biblioteka-gabin.pl\/wp-content\/uploads\/archive\/pliki\/obraz\/2023_\/kwiecie\/339382228_520482840084657_5586293320719959364_n.jpg'><br \/>\n<iframe width='420' height='315' src='https:\/\/www.youtube.com\/embed\/FDEqiNjxNE0'><\/iframe><br \/>\n<iframe width='420' height='315' src='https:\/\/www.youtube.com\/embed\/tvnT-oFCIHU'><\/iframe><br \/>\n<a href='https:\/\/biblioteka-gabin.pl\/wp-content\/uploads\/archive\/galleries\/469\/3396871917348753050316442584971608621802126n-f22bc9d524.jpg'><img style='max-height:300px;' src='https:\/\/biblioteka-gabin.pl\/wp-content\/uploads\/archive\/galleries\/469\/3396871917348753050316442584971608621802126n-f22bc9d524.jpg'><\/a><br \/>\n<a href='https:\/\/biblioteka-gabin.pl\/wp-content\/uploads\/archive\/galleries\/469\/3393822285204828400846575586293320719959364n-36b70076e3.jpg'><img style='max-height:300px;' src='https:\/\/biblioteka-gabin.pl\/wp-content\/uploads\/archive\/galleries\/469\/3393822285204828400846575586293320719959364n-36b70076e3.jpg'><\/a><br \/>\n<a href='https:\/\/biblioteka-gabin.pl\/wp-content\/uploads\/archive\/galleries\/469\/33948452611747646899246032399123049400667566n-f5eca7af56.jpg'><img style='max-height:300px;' src='https:\/\/biblioteka-gabin.pl\/wp-content\/uploads\/archive\/galleries\/469\/33948452611747646899246032399123049400667566n-f5eca7af56.jpg'><\/a><br \/>\n<a href='https:\/\/biblioteka-gabin.pl\/wp-content\/uploads\/archive\/galleries\/469\/3393005156198138333320916274894047253618120n-b9b682b88d.jpg'><img style='max-height:300px;' src='https:\/\/biblioteka-gabin.pl\/wp-content\/uploads\/archive\/galleries\/469\/3393005156198138333320916274894047253618120n-b9b682b88d.jpg'><\/a><br \/>\n<a href='https:\/\/biblioteka-gabin.pl\/wp-content\/uploads\/archive\/galleries\/469\/3394889861814764980995995121762330360684415n-9dc948c2b4.jpg'><img style='max-height:300px;' src='https:\/\/biblioteka-gabin.pl\/wp-content\/uploads\/archive\/galleries\/469\/3394889861814764980995995121762330360684415n-9dc948c2b4.jpg'><\/a><br \/>\n<a href='https:\/\/biblioteka-gabin.pl\/wp-content\/uploads\/archive\/galleries\/469\/3400904028018636782239567007967160692376975n-51db6dd7a5.jpg'><img style='max-height:300px;' src='https:\/\/biblioteka-gabin.pl\/wp-content\/uploads\/archive\/galleries\/469\/3400904028018636782239567007967160692376975n-51db6dd7a5.jpg'><\/a><br \/>\n<a href='https:\/\/biblioteka-gabin.pl\/wp-content\/uploads\/archive\/galleries\/469\/3393080183437528423202107621232891239159857n-393171b9d8.jpg'><img style='max-height:300px;' src='https:\/\/biblioteka-gabin.pl\/wp-content\/uploads\/archive\/galleries\/469\/3393080183437528423202107621232891239159857n-393171b9d8.jpg'><\/a><br \/>\n<a href='https:\/\/biblioteka-gabin.pl\/wp-content\/uploads\/archive\/galleries\/469\/3399388208992478778009615156587270288879935n-11be0fb64f.jpg'><img style='max-height:300px;' src='https:\/\/biblioteka-gabin.pl\/wp-content\/uploads\/archive\/galleries\/469\/3399388208992478778009615156587270288879935n-11be0fb64f.jpg'><\/a><br \/>\n<a href='https:\/\/biblioteka-gabin.pl\/wp-content\/uploads\/archive\/galleries\/469\/3397909537635664487486044956995113918839464n-d0dcf7fc5f.jpg'><img style='max-height:300px;' src='https:\/\/biblioteka-gabin.pl\/wp-content\/uploads\/archive\/galleries\/469\/3397909537635664487486044956995113918839464n-d0dcf7fc5f.jpg'><\/a><br \/>\n<a href='https:\/\/biblioteka-gabin.pl\/wp-content\/uploads\/archive\/galleries\/469\/33939675413810706893388181879960241317580828n-2e34de1eb9.jpg'><img style='max-height:300px;' src='https:\/\/biblioteka-gabin.pl\/wp-content\/uploads\/archive\/galleries\/469\/33939675413810706893388181879960241317580828n-2e34de1eb9.jpg'><\/a><br \/>\n<a href='https:\/\/biblioteka-gabin.pl\/wp-content\/uploads\/archive\/galleries\/469\/3393254997709715810593113993838552388030596n-eb10b71380.jpg'><img style='max-height:300px;' src='https:\/\/biblioteka-gabin.pl\/wp-content\/uploads\/archive\/galleries\/469\/3393254997709715810593113993838552388030596n-eb10b71380.jpg'><\/a><br \/>\n<a href='https:\/\/biblioteka-gabin.pl\/wp-content\/uploads\/archive\/galleries\/469\/33957877562764922190529337886956703933109699n-c66d1b7025.jpg'><img style='max-height:300px;' src='https:\/\/biblioteka-gabin.pl\/wp-content\/uploads\/archive\/galleries\/469\/33957877562764922190529337886956703933109699n-c66d1b7025.jpg'><\/a><br \/>\n<a href='https:\/\/biblioteka-gabin.pl\/wp-content\/uploads\/archive\/galleries\/469\/3393009732466050311008197279576860480396468n-6e2bf2b77c.jpg'><img style='max-height:300px;' src='https:\/\/biblioteka-gabin.pl\/wp-content\/uploads\/archive\/galleries\/469\/3393009732466050311008197279576860480396468n-6e2bf2b77c.jpg'><\/a><br \/>\n<a href='https:\/\/biblioteka-gabin.pl\/wp-content\/uploads\/archive\/galleries\/469\/3398143772379706020899367868417160627057293n-2f279def93.jpg'><img style='max-height:300px;' src='https:\/\/biblioteka-gabin.pl\/wp-content\/uploads\/archive\/galleries\/469\/3398143772379706020899367868417160627057293n-2f279def93.jpg'><\/a><br \/>\n<a href='https:\/\/biblioteka-gabin.pl\/wp-content\/uploads\/archive\/galleries\/469\/3394947622237370703464687706815893354154595n-0a32c8ae3e.jpg'><img style='max-height:300px;' src='https:\/\/biblioteka-gabin.pl\/wp-content\/uploads\/archive\/galleries\/469\/3394947622237370703464687706815893354154595n-0a32c8ae3e.jpg'><\/a><br \/>\n<a href='https:\/\/biblioteka-gabin.pl\/wp-content\/uploads\/archive\/galleries\/469\/33972466811621502718451384302882284628949035n-1dc96dba3c.jpg'><img style='max-height:300px;' src='https:\/\/biblioteka-gabin.pl\/wp-content\/uploads\/archive\/galleries\/469\/33972466811621502718451384302882284628949035n-1dc96dba3c.jpg'><\/a><br \/>\n<a href='https:\/\/biblioteka-gabin.pl\/wp-content\/uploads\/archive\/galleries\/469\/3394983916119582371502259126577490155259839n-f6b8f677da.jpg'><img style='max-height:300px;' src='https:\/\/biblioteka-gabin.pl\/wp-content\/uploads\/archive\/galleries\/469\/3394983916119582371502259126577490155259839n-f6b8f677da.jpg'><\/a><br \/>\n<a href='https:\/\/biblioteka-gabin.pl\/wp-content\/uploads\/archive\/galleries\/469\/33993699512719370103963142059748041750391662n-b2f34d6c06.jpg'><img style='max-height:300px;' src='https:\/\/biblioteka-gabin.pl\/wp-content\/uploads\/archive\/galleries\/469\/33993699512719370103963142059748041750391662n-b2f34d6c06.jpg'><\/a><br \/>\n<a href='https:\/\/biblioteka-gabin.pl\/wp-content\/uploads\/archive\/galleries\/469\/339334399174558508828696953332121906603991n-15237a28b6.jpg'><img style='max-height:300px;' src='https:\/\/biblioteka-gabin.pl\/wp-content\/uploads\/archive\/galleries\/469\/339334399174558508828696953332121906603991n-15237a28b6.jpg'><\/a><br \/>\n<a href='https:\/\/biblioteka-gabin.pl\/wp-content\/uploads\/archive\/galleries\/469\/3392986591614263265562672207187389698699543n-5db949e421.jpg'><img style='max-height:300px;' src='https:\/\/biblioteka-gabin.pl\/wp-content\/uploads\/archive\/galleries\/469\/3392986591614263265562672207187389698699543n-5db949e421.jpg'><\/a><br \/>\n<a href='https:\/\/biblioteka-gabin.pl\/wp-content\/uploads\/archive\/galleries\/469\/3396147696069085677694752512070930226309840n-17fbb0ced3.jpg'><img style='max-height:300px;' src='https:\/\/biblioteka-gabin.pl\/wp-content\/uploads\/archive\/galleries\/469\/3396147696069085677694752512070930226309840n-17fbb0ced3.jpg'><\/a><\/p>\n","protected":false},"excerpt":{"rendered":"<p>Podczas dzisiejszego spotkania z dzie\u0107mi w Oddziale i Punkcie Przedszkolnym<\/p>\n","protected":false},"author":1,"featured_media":0,"comment_status":"open","ping_status":"open","sticky":false,"template":"","format":"standard","meta":{"footnotes":""},"categories":[36],"tags":[],"class_list":["post-8543","post","type-post","status-publish","format-standard","hentry","category-main"],"yoast_head":"<!-- This site is optimized with the Yoast SEO plugin v27.4 - https:\/\/yoast.com\/product\/yoast-seo-wordpress\/ -->\n<title>&quot;Spotkanie z bajk\u0105&quot; z grupami &quot;Motyli&quot; oraz &quot;Biedronek&quot; z Oddzia\u0142u i Punktu Przedszkolnego w Nowym Grabiu (18.04.2023r.) - Miejsko-Gminna Biblioteka Publiczna w G\u0105binie<\/title>\n<meta name=\"robots\" content=\"index, follow, max-snippet:-1, max-image-preview:large, max-video-preview:-1\" \/>\n<link rel=\"canonical\" href=\"http:\/\/biblioteka-gabin.pl\/index.php\/2023\/04\/18\/spotkanie-z-bajka-z-grupami-motyli-oraz-biedronek-z-oddzialu-i-punktu-przedszkolnego-w-nowym-grabiu-18-04-2023r\/\" \/>\n<meta property=\"og:locale\" content=\"pl_PL\" \/>\n<meta property=\"og:type\" content=\"article\" \/>\n<meta property=\"og:title\" content=\"&quot;Spotkanie z bajk\u0105&quot; z grupami &quot;Motyli&quot; oraz &quot;Biedronek&quot; z Oddzia\u0142u i Punktu Przedszkolnego w Nowym Grabiu (18.04.2023r.) - Miejsko-Gminna Biblioteka Publiczna w G\u0105binie\" \/>\n<meta property=\"og:description\" content=\"Podczas dzisiejszego spotkania z dzie\u0107mi w Oddziale i Punkcie Przedszkolnym\" \/>\n<meta property=\"og:url\" content=\"http:\/\/biblioteka-gabin.pl\/index.php\/2023\/04\/18\/spotkanie-z-bajka-z-grupami-motyli-oraz-biedronek-z-oddzialu-i-punktu-przedszkolnego-w-nowym-grabiu-18-04-2023r\/\" \/>\n<meta property=\"og:site_name\" content=\"Miejsko-Gminna Biblioteka Publiczna w G\u0105binie\" \/>\n<meta property=\"article:publisher\" content=\"https:\/\/www.facebook.com\/bibliotekagabin\" \/>\n<meta property=\"article:published_time\" content=\"2023-04-18T00:00:00+00:00\" \/>\n<meta property=\"og:image\" content=\"https:\/\/biblioteka-gabin.pl\/wp-content\/uploads\/archive\/pliki\/obraz\/2023_\/kwiecie\/339382228_520482840084657_5586293320719959364_n.jpg\" \/>\n<meta name=\"author\" content=\"admin\" \/>\n<meta name=\"twitter:card\" content=\"summary_large_image\" \/>\n<meta name=\"twitter:label1\" content=\"Napisane przez\" \/>\n\t<meta name=\"twitter:data1\" content=\"admin\" \/>\n\t<meta name=\"twitter:label2\" content=\"Szacowany czas czytania\" \/>\n\t<meta name=\"twitter:data2\" content=\"2 minuty\" \/>\n<script type=\"application\/ld+json\" class=\"yoast-schema-graph\">{\"@context\":\"https:\\\/\\\/schema.org\",\"@graph\":[{\"@type\":\"Article\",\"@id\":\"http:\\\/\\\/biblioteka-gabin.pl\\\/index.php\\\/2023\\\/04\\\/18\\\/spotkanie-z-bajka-z-grupami-motyli-oraz-biedronek-z-oddzialu-i-punktu-przedszkolnego-w-nowym-grabiu-18-04-2023r\\\/#article\",\"isPartOf\":{\"@id\":\"http:\\\/\\\/biblioteka-gabin.pl\\\/index.php\\\/2023\\\/04\\\/18\\\/spotkanie-z-bajka-z-grupami-motyli-oraz-biedronek-z-oddzialu-i-punktu-przedszkolnego-w-nowym-grabiu-18-04-2023r\\\/\"},\"author\":{\"name\":\"admin\",\"@id\":\"https:\\\/\\\/biblioteka-gabin.pl\\\/#\\\/schema\\\/person\\\/2067b97c24663d987ef6ef95bed7c99a\"},\"headline\":\"&#8222;Spotkanie z bajk\u0105&#8221; z grupami &#8222;Motyli&#8221; oraz &#8222;Biedronek&#8221; z Oddzia\u0142u i Punktu Przedszkolnego w Nowym Grabiu (18.04.2023r.)\",\"datePublished\":\"2023-04-18T00:00:00+00:00\",\"mainEntityOfPage\":{\"@id\":\"http:\\\/\\\/biblioteka-gabin.pl\\\/index.php\\\/2023\\\/04\\\/18\\\/spotkanie-z-bajka-z-grupami-motyli-oraz-biedronek-z-oddzialu-i-punktu-przedszkolnego-w-nowym-grabiu-18-04-2023r\\\/\"},\"wordCount\":324,\"commentCount\":0,\"publisher\":{\"@id\":\"https:\\\/\\\/biblioteka-gabin.pl\\\/#organization\"},\"image\":{\"@id\":\"http:\\\/\\\/biblioteka-gabin.pl\\\/index.php\\\/2023\\\/04\\\/18\\\/spotkanie-z-bajka-z-grupami-motyli-oraz-biedronek-z-oddzialu-i-punktu-przedszkolnego-w-nowym-grabiu-18-04-2023r\\\/#primaryimage\"},\"thumbnailUrl\":\"https:\\\/\\\/biblioteka-gabin.pl\\\/wp-content\\\/uploads\\\/archive\\\/pliki\\\/obraz\\\/2023_\\\/kwiecie\\\/339382228_520482840084657_5586293320719959364_n.jpg\",\"articleSection\":[\"Main\"],\"inLanguage\":\"pl-PL\",\"potentialAction\":[{\"@type\":\"CommentAction\",\"name\":\"Comment\",\"target\":[\"http:\\\/\\\/biblioteka-gabin.pl\\\/index.php\\\/2023\\\/04\\\/18\\\/spotkanie-z-bajka-z-grupami-motyli-oraz-biedronek-z-oddzialu-i-punktu-przedszkolnego-w-nowym-grabiu-18-04-2023r\\\/#respond\"]}]},{\"@type\":\"WebPage\",\"@id\":\"http:\\\/\\\/biblioteka-gabin.pl\\\/index.php\\\/2023\\\/04\\\/18\\\/spotkanie-z-bajka-z-grupami-motyli-oraz-biedronek-z-oddzialu-i-punktu-przedszkolnego-w-nowym-grabiu-18-04-2023r\\\/\",\"url\":\"http:\\\/\\\/biblioteka-gabin.pl\\\/index.php\\\/2023\\\/04\\\/18\\\/spotkanie-z-bajka-z-grupami-motyli-oraz-biedronek-z-oddzialu-i-punktu-przedszkolnego-w-nowym-grabiu-18-04-2023r\\\/\",\"name\":\"\\\"Spotkanie z bajk\u0105\\\" z grupami \\\"Motyli\\\" oraz \\\"Biedronek\\\" z Oddzia\u0142u i Punktu Przedszkolnego w Nowym Grabiu (18.04.2023r.) - Miejsko-Gminna Biblioteka Publiczna w G\u0105binie\",\"isPartOf\":{\"@id\":\"https:\\\/\\\/biblioteka-gabin.pl\\\/#website\"},\"primaryImageOfPage\":{\"@id\":\"http:\\\/\\\/biblioteka-gabin.pl\\\/index.php\\\/2023\\\/04\\\/18\\\/spotkanie-z-bajka-z-grupami-motyli-oraz-biedronek-z-oddzialu-i-punktu-przedszkolnego-w-nowym-grabiu-18-04-2023r\\\/#primaryimage\"},\"image\":{\"@id\":\"http:\\\/\\\/biblioteka-gabin.pl\\\/index.php\\\/2023\\\/04\\\/18\\\/spotkanie-z-bajka-z-grupami-motyli-oraz-biedronek-z-oddzialu-i-punktu-przedszkolnego-w-nowym-grabiu-18-04-2023r\\\/#primaryimage\"},\"thumbnailUrl\":\"https:\\\/\\\/biblioteka-gabin.pl\\\/wp-content\\\/uploads\\\/archive\\\/pliki\\\/obraz\\\/2023_\\\/kwiecie\\\/339382228_520482840084657_5586293320719959364_n.jpg\",\"datePublished\":\"2023-04-18T00:00:00+00:00\",\"breadcrumb\":{\"@id\":\"http:\\\/\\\/biblioteka-gabin.pl\\\/index.php\\\/2023\\\/04\\\/18\\\/spotkanie-z-bajka-z-grupami-motyli-oraz-biedronek-z-oddzialu-i-punktu-przedszkolnego-w-nowym-grabiu-18-04-2023r\\\/#breadcrumb\"},\"inLanguage\":\"pl-PL\",\"potentialAction\":[{\"@type\":\"ReadAction\",\"target\":[\"http:\\\/\\\/biblioteka-gabin.pl\\\/index.php\\\/2023\\\/04\\\/18\\\/spotkanie-z-bajka-z-grupami-motyli-oraz-biedronek-z-oddzialu-i-punktu-przedszkolnego-w-nowym-grabiu-18-04-2023r\\\/\"]}]},{\"@type\":\"ImageObject\",\"inLanguage\":\"pl-PL\",\"@id\":\"http:\\\/\\\/biblioteka-gabin.pl\\\/index.php\\\/2023\\\/04\\\/18\\\/spotkanie-z-bajka-z-grupami-motyli-oraz-biedronek-z-oddzialu-i-punktu-przedszkolnego-w-nowym-grabiu-18-04-2023r\\\/#primaryimage\",\"url\":\"https:\\\/\\\/biblioteka-gabin.pl\\\/wp-content\\\/uploads\\\/archive\\\/pliki\\\/obraz\\\/2023_\\\/kwiecie\\\/339382228_520482840084657_5586293320719959364_n.jpg\",\"contentUrl\":\"https:\\\/\\\/biblioteka-gabin.pl\\\/wp-content\\\/uploads\\\/archive\\\/pliki\\\/obraz\\\/2023_\\\/kwiecie\\\/339382228_520482840084657_5586293320719959364_n.jpg\"},{\"@type\":\"BreadcrumbList\",\"@id\":\"http:\\\/\\\/biblioteka-gabin.pl\\\/index.php\\\/2023\\\/04\\\/18\\\/spotkanie-z-bajka-z-grupami-motyli-oraz-biedronek-z-oddzialu-i-punktu-przedszkolnego-w-nowym-grabiu-18-04-2023r\\\/#breadcrumb\",\"itemListElement\":[{\"@type\":\"ListItem\",\"position\":1,\"name\":\"Strona g\u0142\u00f3wna\",\"item\":\"https:\\\/\\\/biblioteka-gabin.pl\\\/\"},{\"@type\":\"ListItem\",\"position\":2,\"name\":\"&#8222;Spotkanie z bajk\u0105&#8221; z grupami &#8222;Motyli&#8221; oraz &#8222;Biedronek&#8221; z Oddzia\u0142u i Punktu Przedszkolnego w Nowym Grabiu (18.04.2023r.)\"}]},{\"@type\":\"WebSite\",\"@id\":\"https:\\\/\\\/biblioteka-gabin.pl\\\/#website\",\"url\":\"https:\\\/\\\/biblioteka-gabin.pl\\\/\",\"name\":\"Miejsko-Gminna Biblioteka Publiczna w G\u0105binie\",\"description\":\"\",\"publisher\":{\"@id\":\"https:\\\/\\\/biblioteka-gabin.pl\\\/#organization\"},\"potentialAction\":[{\"@type\":\"SearchAction\",\"target\":{\"@type\":\"EntryPoint\",\"urlTemplate\":\"https:\\\/\\\/biblioteka-gabin.pl\\\/?s={search_term_string}\"},\"query-input\":{\"@type\":\"PropertyValueSpecification\",\"valueRequired\":true,\"valueName\":\"search_term_string\"}}],\"inLanguage\":\"pl-PL\"},{\"@type\":\"Organization\",\"@id\":\"https:\\\/\\\/biblioteka-gabin.pl\\\/#organization\",\"name\":\"Miejsko-Gminna Biblioteka Publiczna w G\u0105binie\",\"url\":\"https:\\\/\\\/biblioteka-gabin.pl\\\/\",\"logo\":{\"@type\":\"ImageObject\",\"inLanguage\":\"pl-PL\",\"@id\":\"https:\\\/\\\/biblioteka-gabin.pl\\\/#\\\/schema\\\/logo\\\/image\\\/\",\"url\":\"https:\\\/\\\/biblioteka-gabin.pl\\\/wp-content\\\/uploads\\\/2025\\\/03\\\/logo-biblioteka-2-1657013691-1.jpg\",\"contentUrl\":\"https:\\\/\\\/biblioteka-gabin.pl\\\/wp-content\\\/uploads\\\/2025\\\/03\\\/logo-biblioteka-2-1657013691-1.jpg\",\"width\":1600,\"height\":772,\"caption\":\"Miejsko-Gminna Biblioteka Publiczna w G\u0105binie\"},\"image\":{\"@id\":\"https:\\\/\\\/biblioteka-gabin.pl\\\/#\\\/schema\\\/logo\\\/image\\\/\"},\"sameAs\":[\"https:\\\/\\\/www.facebook.com\\\/bibliotekagabin\",\"https:\\\/\\\/www.youtube.com\\\/@mgbpgabin9392\"]},{\"@type\":\"Person\",\"@id\":\"https:\\\/\\\/biblioteka-gabin.pl\\\/#\\\/schema\\\/person\\\/2067b97c24663d987ef6ef95bed7c99a\",\"name\":\"admin\",\"image\":{\"@type\":\"ImageObject\",\"inLanguage\":\"pl-PL\",\"@id\":\"https:\\\/\\\/secure.gravatar.com\\\/avatar\\\/e1843904e97b4e376a0fc90ae10372cd31bce9b207a7a3d2ca68fc7ca7e4174c?s=96&d=mm&r=g\",\"url\":\"https:\\\/\\\/secure.gravatar.com\\\/avatar\\\/e1843904e97b4e376a0fc90ae10372cd31bce9b207a7a3d2ca68fc7ca7e4174c?s=96&d=mm&r=g\",\"contentUrl\":\"https:\\\/\\\/secure.gravatar.com\\\/avatar\\\/e1843904e97b4e376a0fc90ae10372cd31bce9b207a7a3d2ca68fc7ca7e4174c?s=96&d=mm&r=g\",\"caption\":\"admin\"},\"sameAs\":[\"http:\\\/\\\/strona.biblioteka-gabin.pl\"],\"url\":\"https:\\\/\\\/biblioteka-gabin.pl\\\/index.php\\\/author\\\/admin\\\/\"}]}<\/script>\n<!-- \/ Yoast SEO plugin. -->","yoast_head_json":{"title":"\"Spotkanie z bajk\u0105\" z grupami \"Motyli\" oraz \"Biedronek\" z Oddzia\u0142u i Punktu Przedszkolnego w Nowym Grabiu (18.04.2023r.) - Miejsko-Gminna Biblioteka Publiczna w G\u0105binie","robots":{"index":"index","follow":"follow","max-snippet":"max-snippet:-1","max-image-preview":"max-image-preview:large","max-video-preview":"max-video-preview:-1"},"canonical":"http:\/\/biblioteka-gabin.pl\/index.php\/2023\/04\/18\/spotkanie-z-bajka-z-grupami-motyli-oraz-biedronek-z-oddzialu-i-punktu-przedszkolnego-w-nowym-grabiu-18-04-2023r\/","og_locale":"pl_PL","og_type":"article","og_title":"\"Spotkanie z bajk\u0105\" z grupami \"Motyli\" oraz \"Biedronek\" z Oddzia\u0142u i Punktu Przedszkolnego w Nowym Grabiu (18.04.2023r.) - Miejsko-Gminna Biblioteka Publiczna w G\u0105binie","og_description":"Podczas dzisiejszego spotkania z dzie\u0107mi w Oddziale i Punkcie Przedszkolnym","og_url":"http:\/\/biblioteka-gabin.pl\/index.php\/2023\/04\/18\/spotkanie-z-bajka-z-grupami-motyli-oraz-biedronek-z-oddzialu-i-punktu-przedszkolnego-w-nowym-grabiu-18-04-2023r\/","og_site_name":"Miejsko-Gminna Biblioteka Publiczna w G\u0105binie","article_publisher":"https:\/\/www.facebook.com\/bibliotekagabin","article_published_time":"2023-04-18T00:00:00+00:00","og_image":[{"url":"https:\/\/biblioteka-gabin.pl\/wp-content\/uploads\/archive\/pliki\/obraz\/2023_\/kwiecie\/339382228_520482840084657_5586293320719959364_n.jpg","type":"","width":"","height":""}],"author":"admin","twitter_card":"summary_large_image","twitter_misc":{"Napisane przez":"admin","Szacowany czas czytania":"2 minuty"},"schema":{"@context":"https:\/\/schema.org","@graph":[{"@type":"Article","@id":"http:\/\/biblioteka-gabin.pl\/index.php\/2023\/04\/18\/spotkanie-z-bajka-z-grupami-motyli-oraz-biedronek-z-oddzialu-i-punktu-przedszkolnego-w-nowym-grabiu-18-04-2023r\/#article","isPartOf":{"@id":"http:\/\/biblioteka-gabin.pl\/index.php\/2023\/04\/18\/spotkanie-z-bajka-z-grupami-motyli-oraz-biedronek-z-oddzialu-i-punktu-przedszkolnego-w-nowym-grabiu-18-04-2023r\/"},"author":{"name":"admin","@id":"https:\/\/biblioteka-gabin.pl\/#\/schema\/person\/2067b97c24663d987ef6ef95bed7c99a"},"headline":"&#8222;Spotkanie z bajk\u0105&#8221; z grupami &#8222;Motyli&#8221; oraz &#8222;Biedronek&#8221; z Oddzia\u0142u i Punktu Przedszkolnego w Nowym Grabiu (18.04.2023r.)","datePublished":"2023-04-18T00:00:00+00:00","mainEntityOfPage":{"@id":"http:\/\/biblioteka-gabin.pl\/index.php\/2023\/04\/18\/spotkanie-z-bajka-z-grupami-motyli-oraz-biedronek-z-oddzialu-i-punktu-przedszkolnego-w-nowym-grabiu-18-04-2023r\/"},"wordCount":324,"commentCount":0,"publisher":{"@id":"https:\/\/biblioteka-gabin.pl\/#organization"},"image":{"@id":"http:\/\/biblioteka-gabin.pl\/index.php\/2023\/04\/18\/spotkanie-z-bajka-z-grupami-motyli-oraz-biedronek-z-oddzialu-i-punktu-przedszkolnego-w-nowym-grabiu-18-04-2023r\/#primaryimage"},"thumbnailUrl":"https:\/\/biblioteka-gabin.pl\/wp-content\/uploads\/archive\/pliki\/obraz\/2023_\/kwiecie\/339382228_520482840084657_5586293320719959364_n.jpg","articleSection":["Main"],"inLanguage":"pl-PL","potentialAction":[{"@type":"CommentAction","name":"Comment","target":["http:\/\/biblioteka-gabin.pl\/index.php\/2023\/04\/18\/spotkanie-z-bajka-z-grupami-motyli-oraz-biedronek-z-oddzialu-i-punktu-przedszkolnego-w-nowym-grabiu-18-04-2023r\/#respond"]}]},{"@type":"WebPage","@id":"http:\/\/biblioteka-gabin.pl\/index.php\/2023\/04\/18\/spotkanie-z-bajka-z-grupami-motyli-oraz-biedronek-z-oddzialu-i-punktu-przedszkolnego-w-nowym-grabiu-18-04-2023r\/","url":"http:\/\/biblioteka-gabin.pl\/index.php\/2023\/04\/18\/spotkanie-z-bajka-z-grupami-motyli-oraz-biedronek-z-oddzialu-i-punktu-przedszkolnego-w-nowym-grabiu-18-04-2023r\/","name":"\"Spotkanie z bajk\u0105\" z grupami \"Motyli\" oraz \"Biedronek\" z Oddzia\u0142u i Punktu Przedszkolnego w Nowym Grabiu (18.04.2023r.) - Miejsko-Gminna Biblioteka Publiczna w G\u0105binie","isPartOf":{"@id":"https:\/\/biblioteka-gabin.pl\/#website"},"primaryImageOfPage":{"@id":"http:\/\/biblioteka-gabin.pl\/index.php\/2023\/04\/18\/spotkanie-z-bajka-z-grupami-motyli-oraz-biedronek-z-oddzialu-i-punktu-przedszkolnego-w-nowym-grabiu-18-04-2023r\/#primaryimage"},"image":{"@id":"http:\/\/biblioteka-gabin.pl\/index.php\/2023\/04\/18\/spotkanie-z-bajka-z-grupami-motyli-oraz-biedronek-z-oddzialu-i-punktu-przedszkolnego-w-nowym-grabiu-18-04-2023r\/#primaryimage"},"thumbnailUrl":"https:\/\/biblioteka-gabin.pl\/wp-content\/uploads\/archive\/pliki\/obraz\/2023_\/kwiecie\/339382228_520482840084657_5586293320719959364_n.jpg","datePublished":"2023-04-18T00:00:00+00:00","breadcrumb":{"@id":"http:\/\/biblioteka-gabin.pl\/index.php\/2023\/04\/18\/spotkanie-z-bajka-z-grupami-motyli-oraz-biedronek-z-oddzialu-i-punktu-przedszkolnego-w-nowym-grabiu-18-04-2023r\/#breadcrumb"},"inLanguage":"pl-PL","potentialAction":[{"@type":"ReadAction","target":["http:\/\/biblioteka-gabin.pl\/index.php\/2023\/04\/18\/spotkanie-z-bajka-z-grupami-motyli-oraz-biedronek-z-oddzialu-i-punktu-przedszkolnego-w-nowym-grabiu-18-04-2023r\/"]}]},{"@type":"ImageObject","inLanguage":"pl-PL","@id":"http:\/\/biblioteka-gabin.pl\/index.php\/2023\/04\/18\/spotkanie-z-bajka-z-grupami-motyli-oraz-biedronek-z-oddzialu-i-punktu-przedszkolnego-w-nowym-grabiu-18-04-2023r\/#primaryimage","url":"https:\/\/biblioteka-gabin.pl\/wp-content\/uploads\/archive\/pliki\/obraz\/2023_\/kwiecie\/339382228_520482840084657_5586293320719959364_n.jpg","contentUrl":"https:\/\/biblioteka-gabin.pl\/wp-content\/uploads\/archive\/pliki\/obraz\/2023_\/kwiecie\/339382228_520482840084657_5586293320719959364_n.jpg"},{"@type":"BreadcrumbList","@id":"http:\/\/biblioteka-gabin.pl\/index.php\/2023\/04\/18\/spotkanie-z-bajka-z-grupami-motyli-oraz-biedronek-z-oddzialu-i-punktu-przedszkolnego-w-nowym-grabiu-18-04-2023r\/#breadcrumb","itemListElement":[{"@type":"ListItem","position":1,"name":"Strona g\u0142\u00f3wna","item":"https:\/\/biblioteka-gabin.pl\/"},{"@type":"ListItem","position":2,"name":"&#8222;Spotkanie z bajk\u0105&#8221; z grupami &#8222;Motyli&#8221; oraz &#8222;Biedronek&#8221; z Oddzia\u0142u i Punktu Przedszkolnego w Nowym Grabiu (18.04.2023r.)"}]},{"@type":"WebSite","@id":"https:\/\/biblioteka-gabin.pl\/#website","url":"https:\/\/biblioteka-gabin.pl\/","name":"Miejsko-Gminna Biblioteka Publiczna w G\u0105binie","description":"","publisher":{"@id":"https:\/\/biblioteka-gabin.pl\/#organization"},"potentialAction":[{"@type":"SearchAction","target":{"@type":"EntryPoint","urlTemplate":"https:\/\/biblioteka-gabin.pl\/?s={search_term_string}"},"query-input":{"@type":"PropertyValueSpecification","valueRequired":true,"valueName":"search_term_string"}}],"inLanguage":"pl-PL"},{"@type":"Organization","@id":"https:\/\/biblioteka-gabin.pl\/#organization","name":"Miejsko-Gminna Biblioteka Publiczna w G\u0105binie","url":"https:\/\/biblioteka-gabin.pl\/","logo":{"@type":"ImageObject","inLanguage":"pl-PL","@id":"https:\/\/biblioteka-gabin.pl\/#\/schema\/logo\/image\/","url":"https:\/\/biblioteka-gabin.pl\/wp-content\/uploads\/2025\/03\/logo-biblioteka-2-1657013691-1.jpg","contentUrl":"https:\/\/biblioteka-gabin.pl\/wp-content\/uploads\/2025\/03\/logo-biblioteka-2-1657013691-1.jpg","width":1600,"height":772,"caption":"Miejsko-Gminna Biblioteka Publiczna w G\u0105binie"},"image":{"@id":"https:\/\/biblioteka-gabin.pl\/#\/schema\/logo\/image\/"},"sameAs":["https:\/\/www.facebook.com\/bibliotekagabin","https:\/\/www.youtube.com\/@mgbpgabin9392"]},{"@type":"Person","@id":"https:\/\/biblioteka-gabin.pl\/#\/schema\/person\/2067b97c24663d987ef6ef95bed7c99a","name":"admin","image":{"@type":"ImageObject","inLanguage":"pl-PL","@id":"https:\/\/secure.gravatar.com\/avatar\/e1843904e97b4e376a0fc90ae10372cd31bce9b207a7a3d2ca68fc7ca7e4174c?s=96&d=mm&r=g","url":"https:\/\/secure.gravatar.com\/avatar\/e1843904e97b4e376a0fc90ae10372cd31bce9b207a7a3d2ca68fc7ca7e4174c?s=96&d=mm&r=g","contentUrl":"https:\/\/secure.gravatar.com\/avatar\/e1843904e97b4e376a0fc90ae10372cd31bce9b207a7a3d2ca68fc7ca7e4174c?s=96&d=mm&r=g","caption":"admin"},"sameAs":["http:\/\/strona.biblioteka-gabin.pl"],"url":"https:\/\/biblioteka-gabin.pl\/index.php\/author\/admin\/"}]}},"_links":{"self":[{"href":"https:\/\/biblioteka-gabin.pl\/index.php\/wp-json\/wp\/v2\/posts\/8543","targetHints":{"allow":["GET"]}}],"collection":[{"href":"https:\/\/biblioteka-gabin.pl\/index.php\/wp-json\/wp\/v2\/posts"}],"about":[{"href":"https:\/\/biblioteka-gabin.pl\/index.php\/wp-json\/wp\/v2\/types\/post"}],"author":[{"embeddable":true,"href":"https:\/\/biblioteka-gabin.pl\/index.php\/wp-json\/wp\/v2\/users\/1"}],"replies":[{"embeddable":true,"href":"https:\/\/biblioteka-gabin.pl\/index.php\/wp-json\/wp\/v2\/comments?post=8543"}],"version-history":[{"count":0,"href":"https:\/\/biblioteka-gabin.pl\/index.php\/wp-json\/wp\/v2\/posts\/8543\/revisions"}],"wp:attachment":[{"href":"https:\/\/biblioteka-gabin.pl\/index.php\/wp-json\/wp\/v2\/media?parent=8543"}],"wp:term":[{"taxonomy":"category","embeddable":true,"href":"https:\/\/biblioteka-gabin.pl\/index.php\/wp-json\/wp\/v2\/categories?post=8543"},{"taxonomy":"post_tag","embeddable":true,"href":"https:\/\/biblioteka-gabin.pl\/index.php\/wp-json\/wp\/v2\/tags?post=8543"}],"curies":[{"name":"wp","href":"https:\/\/api.w.org\/{rel}","templated":true}]}}