{"id":8544,"date":"2023-05-29T00:00:00","date_gmt":"2023-05-29T00:00:00","guid":{"rendered":"https:\/\/biblioteka-gabin.pl\/index.php\/2023\/05\/29\/spotkanie-z-bajka-z-grupami-pszczolki-biedronki-motyle-z-oddzialu-i-punktu-przedszkolnego-z-nowego-grabia-23-05-2023\/"},"modified":"2023-05-29T00:00:00","modified_gmt":"2023-05-29T00:00:00","slug":"spotkanie-z-bajka-z-grupami-pszczolki-biedronki-motyle-z-oddzialu-i-punktu-przedszkolnego-z-nowego-grabia-23-05-2023","status":"publish","type":"post","link":"https:\/\/biblioteka-gabin.pl\/index.php\/2023\/05\/29\/spotkanie-z-bajka-z-grupami-pszczolki-biedronki-motyle-z-oddzialu-i-punktu-przedszkolnego-z-nowego-grabia-23-05-2023\/","title":{"rendered":"&#8222;Spotkanie z bajk\u0105&#8221; z grupami: &#8222;Pszcz\u00f3\u0142ki&#8221;, &#8222;Biedronki&#8221;, &#8222;Motyle&#8221; z Oddzia\u0142u i Punktu Przedszkolnego z Nowego Grabia (23.05.2023)"},"content":{"rendered":"<p>Zwykle wtorek jest dniem kiedy spotkam si\u0119 z Przedszkolakami w Nowym Grabiu lecz w dniu 23.05.2023 r. to trzy grupy dzieci \u201eMotyle\u201d(6-latki), \u201eBiedronki( 5-latki) i \u201ePszcz\u00f3\u0142ki (3-4 latki) odwiedzi\u0142y Miejsko-Gminn\u0105 Bibliotek\u0119 Publiczn\u0105 w G\u0105binie.<br \/>\n\u00a0\u00a0 Bardzo cieszy nas fakt, \u017ce po\u015br\u00f3d wycieczek czy innych atrakcji w plenerze to w\u0142a\u015bnie Biblioteka jest miejscem ch\u0119tnie odwiedzanym przez dzieci.<br \/>\n\u00a0\u00a0\u00a0 Spotkanie rozpocz\u0119\u0142am od przywitania naszych go\u015bci, zach\u0119ci\u0142am do zapisania si\u0119 a tak\u017ce wspomnia\u0142am o projekcie, jaki trwa w naszej Bibliotece \u2013 \u201eMa\u0142a ksi\u0105\u017cka, wielki cz\u0142owiek\u201d. Pokaza\u0142am dzieciom prezent w postaci ksi\u0105\u017cki, jaki otrzymuj\u0105, warunek jest tylko jeden: nale\u017cy by\u0107 czytelnikiem MGBP w G\u0105binie. Dodatkowo ka\u017cdy Przedszkolak dostaje kart\u0119 ma\u0142ego czytelnika, na kt\u00f3r\u0105 zbiera naklejki. Je\u015bli przyklei ich dziesi\u0119\u0107 otrzymuje dyplom.<br \/>\n\u00a0\u00a0\u00a0\u00a0\u00a0\u00a0\u00a0\u00a0\u00a0 W dalszej cz\u0119\u015bci \u201eMotylom\u201d i \u201eBiedronkom\u201d przeczyta\u0142am bajk\u0119 pt. Ja\u015b i Ma\u0142gosia\u201d. Zaprezentowa\u0142am kilka kolorowych ksi\u0105\u017ceczek, jakie znajduj\u0105 si\u0119 na p\u00f3\u0142kach bibliotecznych. Opowiedzia\u0142am o K\u0105ciku M\u0142odego Czytelnika, w kt\u00f3rym to mo\u017cna samodzielnie znale\u017a\u0107 ksi\u0105\u017ceczk\u0119, usi\u0105\u015b\u0107 przy stoliku, poprzegl\u0105da\u0107 bajeczki.<br \/>\n\u00a0\u00a0\u00a0 Po czytaniu przyszed\u0142 czas na zabaw\u0119, pierwsz\u0105 by\u0142a gra w k\u00f3\u0142ku a g\u0142\u00f3wnym bohaterem by\u0142a ksi\u0105\u017cka w\u0119druj\u0105ca z r\u0105k do r\u0105k, wykonuj\u0105ca po drodze szereg zada\u0144. Kolejn\u0105 by\u0142a zabawa w \u201ekalambury\u201d przy tablicy multimedialnej. Has\u0142a wymy\u015blane przez uczestnik\u00f3w nie nale\u017ca\u0142y do \u0142atwych lecz wsp\u00f3lnymi si\u0142ami uda\u0142o si\u0119 je rozwi\u0105za\u0107.<br \/>\n\u00a0\u00a0\u00a0\u00a0 Grupa \u201ePszcz\u00f3\u0142ek\u201d wys\u0142ucha\u0142a przeczytanej przeze mnie bajki pt. \u201eDobranoc leniwcu\u201d jak r\u00f3wnie\u017c ksi\u0105\u017ceczki M. Strza\u0142kowskiej pt. \u201eKotki z p\u0142otka czyli od jednego do dziesi\u0119ciu i z powrotem\u201d.<br \/>\n\u00a0\u00a0\u00a0\u00a0 Dodatkowo na tablicy dzieci obejrza\u0142y bajk\u0119 pt. \u201eKotociaki .Biblioteka\u201d, \u201e\u015awinka Peppa w bibliotece\u201d oraz \u201eRodzina Treflik\u00f3w \u2013 warto czyta\u0107\u201d. Po obejrzeniu seansu bajkowego \u201ePszcz\u00f3\u0142ki\u201d bawi\u0142y si\u0119 z Paniami bibliotekarkami w \u201eStary nied\u017awied\u017a mocno \u015bpi\u201d. Zaprezentowa\u0142y nam tak\u017ce uk\u0142ad taneczny, jakiego ucz\u0105 si\u0119 w Przedszkolu.<br \/>\n\u00a0\u00a0 Nie zabrak\u0142o s\u0142odkiej niespodzianki, kt\u00f3ra czeka\u0142a na wszystkie dzieci.<br \/>\n\u00a0\u00a0 Serdecznie dzi\u0119kujemy za to mi\u0142e spotkanie, przepi\u0119kne u\u015bmiechy i przede wszystkim za Wasz\u0105 obecno\u015b\u0107. Mam nadziej\u0119, \u017ce niebawem zn\u00f3w si\u0119 zobaczymy. Tradycyjnie m\u00f3wi\u0119 do mi\u0142ego.<br \/>\n\u00a0\u00a0\u00a0\u00a0\u00a0\u00a0\u00a0\u00a0\u00a0\u00a0\u00a0\u00a0\u00a0\u00a0\u00a0\u00a0\u00a0\u00a0\u00a0\u00a0\u00a0\u00a0\u00a0\u00a0\u00a0\u00a0\u00a0\u00a0\u00a0\u00a0\u00a0\u00a0\u00a0\u00a0\u00a0\u00a0\u00a0\u00a0\u00a0\u00a0\u00a0\u00a0\u00a0\u00a0\u00a0\u00a0\u00a0\u00a0\u00a0\u00a0\u00a0\u00a0\u00a0\u00a0\u00a0\u00a0\u00a0 Opr. Joanna Olejniczak<br \/>\n<img src='https:\/\/biblioteka-gabin.pl\/wp-content\/uploads\/archive\/pliki\/obraz\/2023_\/maj\/348356260_118064731274264_8820803495659351829_n.jpg'><br \/>\n<iframe width='420' height='315' src='https:\/\/www.youtube.com\/embed\/v53R7ouKAYU'><\/iframe><br \/>\n<iframe width='420' height='315' src='https:\/\/www.youtube.com\/embed\/Vfc7eX7zIZM'><\/iframe><br \/>\n<iframe width='420' height='315' src='https:\/\/www.youtube.com\/embed\/jDqf2AMCC1A'><\/iframe><br \/>\n<iframe width='420' height='315' src='https:\/\/www.youtube.com\/embed\/niehLwLrEO4'><\/iframe><br \/>\n<a href='https:\/\/biblioteka-gabin.pl\/wp-content\/uploads\/archive\/galleries\/482\/3483562601180647312742648820803495659351829n-4134b3eabe.jpg'><img style='max-height:300px;' src='https:\/\/biblioteka-gabin.pl\/wp-content\/uploads\/archive\/galleries\/482\/3483562601180647312742648820803495659351829n-4134b3eabe.jpg'><\/a><br \/>\n<a href='https:\/\/biblioteka-gabin.pl\/wp-content\/uploads\/archive\/galleries\/482\/34838249914501833920530018423210341495706081n-c9df7155de.jpg'><img style='max-height:300px;' src='https:\/\/biblioteka-gabin.pl\/wp-content\/uploads\/archive\/galleries\/482\/34838249914501833920530018423210341495706081n-c9df7155de.jpg'><\/a><br \/>\n<a href='https:\/\/biblioteka-gabin.pl\/wp-content\/uploads\/archive\/galleries\/482\/3483564194798594110000395701441681217990626n-82105deff3.jpg'><img style='max-height:300px;' src='https:\/\/biblioteka-gabin.pl\/wp-content\/uploads\/archive\/galleries\/482\/3483564194798594110000395701441681217990626n-82105deff3.jpg'><\/a><br \/>\n<a href='https:\/\/biblioteka-gabin.pl\/wp-content\/uploads\/archive\/galleries\/482\/3483570897866502261751242524759031909043655n-3a4d919022.jpg'><img style='max-height:300px;' src='https:\/\/biblioteka-gabin.pl\/wp-content\/uploads\/archive\/galleries\/482\/3483570897866502261751242524759031909043655n-3a4d919022.jpg'><\/a><br \/>\n<a href='https:\/\/biblioteka-gabin.pl\/wp-content\/uploads\/archive\/galleries\/482\/3483567749452184033490832745532932160137443n-41d7dd65ba.jpg'><img style='max-height:300px;' src='https:\/\/biblioteka-gabin.pl\/wp-content\/uploads\/archive\/galleries\/482\/3483567749452184033490832745532932160137443n-41d7dd65ba.jpg'><\/a><br \/>\n<a href='https:\/\/biblioteka-gabin.pl\/wp-content\/uploads\/archive\/galleries\/482\/34836915112801150796074824468831125649620477n-5132ddcda6.jpg'><img style='max-height:300px;' src='https:\/\/biblioteka-gabin.pl\/wp-content\/uploads\/archive\/galleries\/482\/34836915112801150796074824468831125649620477n-5132ddcda6.jpg'><\/a><br \/>\n<a href='https:\/\/biblioteka-gabin.pl\/wp-content\/uploads\/archive\/galleries\/482\/3483788544774095612163002940040029416307195n-2efd0ef83f.jpg'><img style='max-height:300px;' src='https:\/\/biblioteka-gabin.pl\/wp-content\/uploads\/archive\/galleries\/482\/3483788544774095612163002940040029416307195n-2efd0ef83f.jpg'><\/a><br \/>\n<a href='https:\/\/biblioteka-gabin.pl\/wp-content\/uploads\/archive\/galleries\/482\/3483615212753245715077517211665236885081620n-216977f6bd.jpg'><img style='max-height:300px;' src='https:\/\/biblioteka-gabin.pl\/wp-content\/uploads\/archive\/galleries\/482\/3483615212753245715077517211665236885081620n-216977f6bd.jpg'><\/a><br \/>\n<a href='https:\/\/biblioteka-gabin.pl\/wp-content\/uploads\/archive\/galleries\/482\/3483578486470895974577662842488528132716173n-d0e9bc47da.jpg'><img style='max-height:300px;' src='https:\/\/biblioteka-gabin.pl\/wp-content\/uploads\/archive\/galleries\/482\/3483578486470895974577662842488528132716173n-d0e9bc47da.jpg'><\/a><br \/>\n<a href='https:\/\/biblioteka-gabin.pl\/wp-content\/uploads\/archive\/galleries\/482\/348361561815515000000225969785887630026495n-c4d48c89d7.jpg'><img style='max-height:300px;' src='https:\/\/biblioteka-gabin.pl\/wp-content\/uploads\/archive\/galleries\/482\/348361561815515000000225969785887630026495n-c4d48c89d7.jpg'><\/a><br \/>\n<a href='https:\/\/biblioteka-gabin.pl\/wp-content\/uploads\/archive\/galleries\/482\/3483554496403379680012702741193872815314842n-024290fe6f.jpg'><img style='max-height:300px;' src='https:\/\/biblioteka-gabin.pl\/wp-content\/uploads\/archive\/galleries\/482\/3483554496403379680012702741193872815314842n-024290fe6f.jpg'><\/a><br \/>\n<a href='https:\/\/biblioteka-gabin.pl\/wp-content\/uploads\/archive\/galleries\/482\/3483632217917353558468993366828931340697658n-e6df557f1a.jpg'><img style='max-height:300px;' src='https:\/\/biblioteka-gabin.pl\/wp-content\/uploads\/archive\/galleries\/482\/3483632217917353558468993366828931340697658n-e6df557f1a.jpg'><\/a><br \/>\n<a href='https:\/\/biblioteka-gabin.pl\/wp-content\/uploads\/archive\/galleries\/482\/3483661326111572909511078383254438569071348n-48ca88d5d3.jpg'><img style='max-height:300px;' src='https:\/\/biblioteka-gabin.pl\/wp-content\/uploads\/archive\/galleries\/482\/3483661326111572909511078383254438569071348n-48ca88d5d3.jpg'><\/a><br \/>\n<a href='https:\/\/biblioteka-gabin.pl\/wp-content\/uploads\/archive\/galleries\/482\/3483610866237928463360165573681880333813479n-663100b58a.jpg'><img style='max-height:300px;' src='https:\/\/biblioteka-gabin.pl\/wp-content\/uploads\/archive\/galleries\/482\/3483610866237928463360165573681880333813479n-663100b58a.jpg'><\/a><br \/>\n<a href='https:\/\/biblioteka-gabin.pl\/wp-content\/uploads\/archive\/galleries\/482\/3483675242465982613249128060925081659714683n-d8d2c94eb7.jpg'><img style='max-height:300px;' src='https:\/\/biblioteka-gabin.pl\/wp-content\/uploads\/archive\/galleries\/482\/3483675242465982613249128060925081659714683n-d8d2c94eb7.jpg'><\/a><br \/>\n<a href='https:\/\/biblioteka-gabin.pl\/wp-content\/uploads\/archive\/galleries\/482\/34836130220969795238289086789318625819415254n-090cdc14dd.jpg'><img style='max-height:300px;' src='https:\/\/biblioteka-gabin.pl\/wp-content\/uploads\/archive\/galleries\/482\/34836130220969795238289086789318625819415254n-090cdc14dd.jpg'><\/a><br \/>\n<a href='https:\/\/biblioteka-gabin.pl\/wp-content\/uploads\/archive\/galleries\/482\/3483591817885214126534403754657307132560617n-d1267174c4.jpg'><img style='max-height:300px;' src='https:\/\/biblioteka-gabin.pl\/wp-content\/uploads\/archive\/galleries\/482\/3483591817885214126534403754657307132560617n-d1267174c4.jpg'><\/a><br \/>\n<a href='https:\/\/biblioteka-gabin.pl\/wp-content\/uploads\/archive\/galleries\/482\/3489046397985252153307202952015086441165837n-b001b49e09.jpg'><img style='max-height:300px;' src='https:\/\/biblioteka-gabin.pl\/wp-content\/uploads\/archive\/galleries\/482\/3489046397985252153307202952015086441165837n-b001b49e09.jpg'><\/a><br \/>\n<a href='https:\/\/biblioteka-gabin.pl\/wp-content\/uploads\/archive\/galleries\/482\/3483616359444101901366517124507317115177688n-c2903010c7.jpg'><img style='max-height:300px;' src='https:\/\/biblioteka-gabin.pl\/wp-content\/uploads\/archive\/galleries\/482\/3483616359444101901366517124507317115177688n-c2903010c7.jpg'><\/a><br \/>\n<a href='https:\/\/biblioteka-gabin.pl\/wp-content\/uploads\/archive\/galleries\/482\/3489046397985252153307202952015086441165837n-ec3a22fecc.jpg'><img style='max-height:300px;' src='https:\/\/biblioteka-gabin.pl\/wp-content\/uploads\/archive\/galleries\/482\/3489046397985252153307202952015086441165837n-ec3a22fecc.jpg'><\/a><\/p>\n","protected":false},"excerpt":{"rendered":"<p>Zwykle wtorek jest dniem kiedy spotkam si\u0119 z Przedszkolakami w<\/p>\n","protected":false},"author":1,"featured_media":0,"comment_status":"open","ping_status":"open","sticky":false,"template":"","format":"standard","meta":{"footnotes":""},"categories":[36],"tags":[],"class_list":["post-8544","post","type-post","status-publish","format-standard","hentry","category-main"],"yoast_head":"<!-- This site is optimized with the Yoast SEO plugin v27.4 - https:\/\/yoast.com\/product\/yoast-seo-wordpress\/ -->\n<title>&quot;Spotkanie z bajk\u0105&quot; z grupami: &quot;Pszcz\u00f3\u0142ki&quot;, &quot;Biedronki&quot;, &quot;Motyle&quot; z Oddzia\u0142u i Punktu Przedszkolnego z Nowego Grabia (23.05.2023) - Miejsko-Gminna Biblioteka Publiczna w G\u0105binie<\/title>\n<meta name=\"robots\" content=\"index, follow, max-snippet:-1, max-image-preview:large, max-video-preview:-1\" \/>\n<link rel=\"canonical\" href=\"https:\/\/biblioteka-gabin.pl\/index.php\/2023\/05\/29\/spotkanie-z-bajka-z-grupami-pszczolki-biedronki-motyle-z-oddzialu-i-punktu-przedszkolnego-z-nowego-grabia-23-05-2023\/\" \/>\n<meta property=\"og:locale\" content=\"pl_PL\" \/>\n<meta property=\"og:type\" content=\"article\" \/>\n<meta property=\"og:title\" content=\"&quot;Spotkanie z bajk\u0105&quot; z grupami: &quot;Pszcz\u00f3\u0142ki&quot;, &quot;Biedronki&quot;, &quot;Motyle&quot; z Oddzia\u0142u i Punktu Przedszkolnego z Nowego Grabia (23.05.2023) - Miejsko-Gminna Biblioteka Publiczna w G\u0105binie\" \/>\n<meta property=\"og:description\" content=\"Zwykle wtorek jest dniem kiedy spotkam si\u0119 z Przedszkolakami w\" \/>\n<meta property=\"og:url\" content=\"https:\/\/biblioteka-gabin.pl\/index.php\/2023\/05\/29\/spotkanie-z-bajka-z-grupami-pszczolki-biedronki-motyle-z-oddzialu-i-punktu-przedszkolnego-z-nowego-grabia-23-05-2023\/\" \/>\n<meta property=\"og:site_name\" content=\"Miejsko-Gminna Biblioteka Publiczna w G\u0105binie\" \/>\n<meta property=\"article:publisher\" content=\"https:\/\/www.facebook.com\/bibliotekagabin\" \/>\n<meta property=\"article:published_time\" content=\"2023-05-29T00:00:00+00:00\" \/>\n<meta property=\"og:image\" content=\"https:\/\/biblioteka-gabin.pl\/wp-content\/uploads\/archive\/pliki\/obraz\/2023_\/maj\/348356260_118064731274264_8820803495659351829_n.jpg\" \/>\n<meta name=\"author\" content=\"admin\" \/>\n<meta name=\"twitter:card\" content=\"summary_large_image\" \/>\n<meta name=\"twitter:label1\" content=\"Napisane przez\" \/>\n\t<meta name=\"twitter:data1\" content=\"admin\" \/>\n\t<meta name=\"twitter:label2\" content=\"Szacowany czas czytania\" \/>\n\t<meta name=\"twitter:data2\" content=\"2 minuty\" \/>\n<script type=\"application\/ld+json\" class=\"yoast-schema-graph\">{\"@context\":\"https:\\\/\\\/schema.org\",\"@graph\":[{\"@type\":\"Article\",\"@id\":\"https:\\\/\\\/biblioteka-gabin.pl\\\/index.php\\\/2023\\\/05\\\/29\\\/spotkanie-z-bajka-z-grupami-pszczolki-biedronki-motyle-z-oddzialu-i-punktu-przedszkolnego-z-nowego-grabia-23-05-2023\\\/#article\",\"isPartOf\":{\"@id\":\"https:\\\/\\\/biblioteka-gabin.pl\\\/index.php\\\/2023\\\/05\\\/29\\\/spotkanie-z-bajka-z-grupami-pszczolki-biedronki-motyle-z-oddzialu-i-punktu-przedszkolnego-z-nowego-grabia-23-05-2023\\\/\"},\"author\":{\"name\":\"admin\",\"@id\":\"https:\\\/\\\/biblioteka-gabin.pl\\\/#\\\/schema\\\/person\\\/2067b97c24663d987ef6ef95bed7c99a\"},\"headline\":\"&#8222;Spotkanie z bajk\u0105&#8221; z grupami: &#8222;Pszcz\u00f3\u0142ki&#8221;, &#8222;Biedronki&#8221;, &#8222;Motyle&#8221; z Oddzia\u0142u i Punktu Przedszkolnego z Nowego Grabia (23.05.2023)\",\"datePublished\":\"2023-05-29T00:00:00+00:00\",\"mainEntityOfPage\":{\"@id\":\"https:\\\/\\\/biblioteka-gabin.pl\\\/index.php\\\/2023\\\/05\\\/29\\\/spotkanie-z-bajka-z-grupami-pszczolki-biedronki-motyle-z-oddzialu-i-punktu-przedszkolnego-z-nowego-grabia-23-05-2023\\\/\"},\"wordCount\":412,\"commentCount\":0,\"publisher\":{\"@id\":\"https:\\\/\\\/biblioteka-gabin.pl\\\/#organization\"},\"image\":{\"@id\":\"https:\\\/\\\/biblioteka-gabin.pl\\\/index.php\\\/2023\\\/05\\\/29\\\/spotkanie-z-bajka-z-grupami-pszczolki-biedronki-motyle-z-oddzialu-i-punktu-przedszkolnego-z-nowego-grabia-23-05-2023\\\/#primaryimage\"},\"thumbnailUrl\":\"https:\\\/\\\/biblioteka-gabin.pl\\\/wp-content\\\/uploads\\\/archive\\\/pliki\\\/obraz\\\/2023_\\\/maj\\\/348356260_118064731274264_8820803495659351829_n.jpg\",\"articleSection\":[\"Main\"],\"inLanguage\":\"pl-PL\",\"potentialAction\":[{\"@type\":\"CommentAction\",\"name\":\"Comment\",\"target\":[\"https:\\\/\\\/biblioteka-gabin.pl\\\/index.php\\\/2023\\\/05\\\/29\\\/spotkanie-z-bajka-z-grupami-pszczolki-biedronki-motyle-z-oddzialu-i-punktu-przedszkolnego-z-nowego-grabia-23-05-2023\\\/#respond\"]}]},{\"@type\":\"WebPage\",\"@id\":\"https:\\\/\\\/biblioteka-gabin.pl\\\/index.php\\\/2023\\\/05\\\/29\\\/spotkanie-z-bajka-z-grupami-pszczolki-biedronki-motyle-z-oddzialu-i-punktu-przedszkolnego-z-nowego-grabia-23-05-2023\\\/\",\"url\":\"https:\\\/\\\/biblioteka-gabin.pl\\\/index.php\\\/2023\\\/05\\\/29\\\/spotkanie-z-bajka-z-grupami-pszczolki-biedronki-motyle-z-oddzialu-i-punktu-przedszkolnego-z-nowego-grabia-23-05-2023\\\/\",\"name\":\"\\\"Spotkanie z bajk\u0105\\\" z grupami: \\\"Pszcz\u00f3\u0142ki\\\", \\\"Biedronki\\\", \\\"Motyle\\\" z Oddzia\u0142u i Punktu Przedszkolnego z Nowego Grabia (23.05.2023) - Miejsko-Gminna Biblioteka Publiczna w G\u0105binie\",\"isPartOf\":{\"@id\":\"https:\\\/\\\/biblioteka-gabin.pl\\\/#website\"},\"primaryImageOfPage\":{\"@id\":\"https:\\\/\\\/biblioteka-gabin.pl\\\/index.php\\\/2023\\\/05\\\/29\\\/spotkanie-z-bajka-z-grupami-pszczolki-biedronki-motyle-z-oddzialu-i-punktu-przedszkolnego-z-nowego-grabia-23-05-2023\\\/#primaryimage\"},\"image\":{\"@id\":\"https:\\\/\\\/biblioteka-gabin.pl\\\/index.php\\\/2023\\\/05\\\/29\\\/spotkanie-z-bajka-z-grupami-pszczolki-biedronki-motyle-z-oddzialu-i-punktu-przedszkolnego-z-nowego-grabia-23-05-2023\\\/#primaryimage\"},\"thumbnailUrl\":\"https:\\\/\\\/biblioteka-gabin.pl\\\/wp-content\\\/uploads\\\/archive\\\/pliki\\\/obraz\\\/2023_\\\/maj\\\/348356260_118064731274264_8820803495659351829_n.jpg\",\"datePublished\":\"2023-05-29T00:00:00+00:00\",\"breadcrumb\":{\"@id\":\"https:\\\/\\\/biblioteka-gabin.pl\\\/index.php\\\/2023\\\/05\\\/29\\\/spotkanie-z-bajka-z-grupami-pszczolki-biedronki-motyle-z-oddzialu-i-punktu-przedszkolnego-z-nowego-grabia-23-05-2023\\\/#breadcrumb\"},\"inLanguage\":\"pl-PL\",\"potentialAction\":[{\"@type\":\"ReadAction\",\"target\":[\"https:\\\/\\\/biblioteka-gabin.pl\\\/index.php\\\/2023\\\/05\\\/29\\\/spotkanie-z-bajka-z-grupami-pszczolki-biedronki-motyle-z-oddzialu-i-punktu-przedszkolnego-z-nowego-grabia-23-05-2023\\\/\"]}]},{\"@type\":\"ImageObject\",\"inLanguage\":\"pl-PL\",\"@id\":\"https:\\\/\\\/biblioteka-gabin.pl\\\/index.php\\\/2023\\\/05\\\/29\\\/spotkanie-z-bajka-z-grupami-pszczolki-biedronki-motyle-z-oddzialu-i-punktu-przedszkolnego-z-nowego-grabia-23-05-2023\\\/#primaryimage\",\"url\":\"https:\\\/\\\/biblioteka-gabin.pl\\\/wp-content\\\/uploads\\\/archive\\\/pliki\\\/obraz\\\/2023_\\\/maj\\\/348356260_118064731274264_8820803495659351829_n.jpg\",\"contentUrl\":\"https:\\\/\\\/biblioteka-gabin.pl\\\/wp-content\\\/uploads\\\/archive\\\/pliki\\\/obraz\\\/2023_\\\/maj\\\/348356260_118064731274264_8820803495659351829_n.jpg\"},{\"@type\":\"BreadcrumbList\",\"@id\":\"https:\\\/\\\/biblioteka-gabin.pl\\\/index.php\\\/2023\\\/05\\\/29\\\/spotkanie-z-bajka-z-grupami-pszczolki-biedronki-motyle-z-oddzialu-i-punktu-przedszkolnego-z-nowego-grabia-23-05-2023\\\/#breadcrumb\",\"itemListElement\":[{\"@type\":\"ListItem\",\"position\":1,\"name\":\"Strona g\u0142\u00f3wna\",\"item\":\"https:\\\/\\\/biblioteka-gabin.pl\\\/\"},{\"@type\":\"ListItem\",\"position\":2,\"name\":\"&#8222;Spotkanie z bajk\u0105&#8221; z grupami: &#8222;Pszcz\u00f3\u0142ki&#8221;, &#8222;Biedronki&#8221;, &#8222;Motyle&#8221; z Oddzia\u0142u i Punktu Przedszkolnego z Nowego Grabia (23.05.2023)\"}]},{\"@type\":\"WebSite\",\"@id\":\"https:\\\/\\\/biblioteka-gabin.pl\\\/#website\",\"url\":\"https:\\\/\\\/biblioteka-gabin.pl\\\/\",\"name\":\"Miejsko-Gminna Biblioteka Publiczna w G\u0105binie\",\"description\":\"\",\"publisher\":{\"@id\":\"https:\\\/\\\/biblioteka-gabin.pl\\\/#organization\"},\"potentialAction\":[{\"@type\":\"SearchAction\",\"target\":{\"@type\":\"EntryPoint\",\"urlTemplate\":\"https:\\\/\\\/biblioteka-gabin.pl\\\/?s={search_term_string}\"},\"query-input\":{\"@type\":\"PropertyValueSpecification\",\"valueRequired\":true,\"valueName\":\"search_term_string\"}}],\"inLanguage\":\"pl-PL\"},{\"@type\":\"Organization\",\"@id\":\"https:\\\/\\\/biblioteka-gabin.pl\\\/#organization\",\"name\":\"Miejsko-Gminna Biblioteka Publiczna w G\u0105binie\",\"url\":\"https:\\\/\\\/biblioteka-gabin.pl\\\/\",\"logo\":{\"@type\":\"ImageObject\",\"inLanguage\":\"pl-PL\",\"@id\":\"https:\\\/\\\/biblioteka-gabin.pl\\\/#\\\/schema\\\/logo\\\/image\\\/\",\"url\":\"https:\\\/\\\/biblioteka-gabin.pl\\\/wp-content\\\/uploads\\\/2025\\\/03\\\/logo-biblioteka-2-1657013691-1.jpg\",\"contentUrl\":\"https:\\\/\\\/biblioteka-gabin.pl\\\/wp-content\\\/uploads\\\/2025\\\/03\\\/logo-biblioteka-2-1657013691-1.jpg\",\"width\":1600,\"height\":772,\"caption\":\"Miejsko-Gminna Biblioteka Publiczna w G\u0105binie\"},\"image\":{\"@id\":\"https:\\\/\\\/biblioteka-gabin.pl\\\/#\\\/schema\\\/logo\\\/image\\\/\"},\"sameAs\":[\"https:\\\/\\\/www.facebook.com\\\/bibliotekagabin\",\"https:\\\/\\\/www.youtube.com\\\/@mgbpgabin9392\"]},{\"@type\":\"Person\",\"@id\":\"https:\\\/\\\/biblioteka-gabin.pl\\\/#\\\/schema\\\/person\\\/2067b97c24663d987ef6ef95bed7c99a\",\"name\":\"admin\",\"image\":{\"@type\":\"ImageObject\",\"inLanguage\":\"pl-PL\",\"@id\":\"https:\\\/\\\/secure.gravatar.com\\\/avatar\\\/e1843904e97b4e376a0fc90ae10372cd31bce9b207a7a3d2ca68fc7ca7e4174c?s=96&d=mm&r=g\",\"url\":\"https:\\\/\\\/secure.gravatar.com\\\/avatar\\\/e1843904e97b4e376a0fc90ae10372cd31bce9b207a7a3d2ca68fc7ca7e4174c?s=96&d=mm&r=g\",\"contentUrl\":\"https:\\\/\\\/secure.gravatar.com\\\/avatar\\\/e1843904e97b4e376a0fc90ae10372cd31bce9b207a7a3d2ca68fc7ca7e4174c?s=96&d=mm&r=g\",\"caption\":\"admin\"},\"sameAs\":[\"http:\\\/\\\/strona.biblioteka-gabin.pl\"],\"url\":\"https:\\\/\\\/biblioteka-gabin.pl\\\/index.php\\\/author\\\/admin\\\/\"}]}<\/script>\n<!-- \/ Yoast SEO plugin. -->","yoast_head_json":{"title":"\"Spotkanie z bajk\u0105\" z grupami: \"Pszcz\u00f3\u0142ki\", \"Biedronki\", \"Motyle\" z Oddzia\u0142u i Punktu Przedszkolnego z Nowego Grabia (23.05.2023) - Miejsko-Gminna Biblioteka Publiczna w G\u0105binie","robots":{"index":"index","follow":"follow","max-snippet":"max-snippet:-1","max-image-preview":"max-image-preview:large","max-video-preview":"max-video-preview:-1"},"canonical":"https:\/\/biblioteka-gabin.pl\/index.php\/2023\/05\/29\/spotkanie-z-bajka-z-grupami-pszczolki-biedronki-motyle-z-oddzialu-i-punktu-przedszkolnego-z-nowego-grabia-23-05-2023\/","og_locale":"pl_PL","og_type":"article","og_title":"\"Spotkanie z bajk\u0105\" z grupami: \"Pszcz\u00f3\u0142ki\", \"Biedronki\", \"Motyle\" z Oddzia\u0142u i Punktu Przedszkolnego z Nowego Grabia (23.05.2023) - Miejsko-Gminna Biblioteka Publiczna w G\u0105binie","og_description":"Zwykle wtorek jest dniem kiedy spotkam si\u0119 z Przedszkolakami w","og_url":"https:\/\/biblioteka-gabin.pl\/index.php\/2023\/05\/29\/spotkanie-z-bajka-z-grupami-pszczolki-biedronki-motyle-z-oddzialu-i-punktu-przedszkolnego-z-nowego-grabia-23-05-2023\/","og_site_name":"Miejsko-Gminna Biblioteka Publiczna w G\u0105binie","article_publisher":"https:\/\/www.facebook.com\/bibliotekagabin","article_published_time":"2023-05-29T00:00:00+00:00","og_image":[{"url":"https:\/\/biblioteka-gabin.pl\/wp-content\/uploads\/archive\/pliki\/obraz\/2023_\/maj\/348356260_118064731274264_8820803495659351829_n.jpg","type":"","width":"","height":""}],"author":"admin","twitter_card":"summary_large_image","twitter_misc":{"Napisane przez":"admin","Szacowany czas czytania":"2 minuty"},"schema":{"@context":"https:\/\/schema.org","@graph":[{"@type":"Article","@id":"https:\/\/biblioteka-gabin.pl\/index.php\/2023\/05\/29\/spotkanie-z-bajka-z-grupami-pszczolki-biedronki-motyle-z-oddzialu-i-punktu-przedszkolnego-z-nowego-grabia-23-05-2023\/#article","isPartOf":{"@id":"https:\/\/biblioteka-gabin.pl\/index.php\/2023\/05\/29\/spotkanie-z-bajka-z-grupami-pszczolki-biedronki-motyle-z-oddzialu-i-punktu-przedszkolnego-z-nowego-grabia-23-05-2023\/"},"author":{"name":"admin","@id":"https:\/\/biblioteka-gabin.pl\/#\/schema\/person\/2067b97c24663d987ef6ef95bed7c99a"},"headline":"&#8222;Spotkanie z bajk\u0105&#8221; z grupami: &#8222;Pszcz\u00f3\u0142ki&#8221;, &#8222;Biedronki&#8221;, &#8222;Motyle&#8221; z Oddzia\u0142u i Punktu Przedszkolnego z Nowego Grabia (23.05.2023)","datePublished":"2023-05-29T00:00:00+00:00","mainEntityOfPage":{"@id":"https:\/\/biblioteka-gabin.pl\/index.php\/2023\/05\/29\/spotkanie-z-bajka-z-grupami-pszczolki-biedronki-motyle-z-oddzialu-i-punktu-przedszkolnego-z-nowego-grabia-23-05-2023\/"},"wordCount":412,"commentCount":0,"publisher":{"@id":"https:\/\/biblioteka-gabin.pl\/#organization"},"image":{"@id":"https:\/\/biblioteka-gabin.pl\/index.php\/2023\/05\/29\/spotkanie-z-bajka-z-grupami-pszczolki-biedronki-motyle-z-oddzialu-i-punktu-przedszkolnego-z-nowego-grabia-23-05-2023\/#primaryimage"},"thumbnailUrl":"https:\/\/biblioteka-gabin.pl\/wp-content\/uploads\/archive\/pliki\/obraz\/2023_\/maj\/348356260_118064731274264_8820803495659351829_n.jpg","articleSection":["Main"],"inLanguage":"pl-PL","potentialAction":[{"@type":"CommentAction","name":"Comment","target":["https:\/\/biblioteka-gabin.pl\/index.php\/2023\/05\/29\/spotkanie-z-bajka-z-grupami-pszczolki-biedronki-motyle-z-oddzialu-i-punktu-przedszkolnego-z-nowego-grabia-23-05-2023\/#respond"]}]},{"@type":"WebPage","@id":"https:\/\/biblioteka-gabin.pl\/index.php\/2023\/05\/29\/spotkanie-z-bajka-z-grupami-pszczolki-biedronki-motyle-z-oddzialu-i-punktu-przedszkolnego-z-nowego-grabia-23-05-2023\/","url":"https:\/\/biblioteka-gabin.pl\/index.php\/2023\/05\/29\/spotkanie-z-bajka-z-grupami-pszczolki-biedronki-motyle-z-oddzialu-i-punktu-przedszkolnego-z-nowego-grabia-23-05-2023\/","name":"\"Spotkanie z bajk\u0105\" z grupami: \"Pszcz\u00f3\u0142ki\", \"Biedronki\", \"Motyle\" z Oddzia\u0142u i Punktu Przedszkolnego z Nowego Grabia (23.05.2023) - Miejsko-Gminna Biblioteka Publiczna w G\u0105binie","isPartOf":{"@id":"https:\/\/biblioteka-gabin.pl\/#website"},"primaryImageOfPage":{"@id":"https:\/\/biblioteka-gabin.pl\/index.php\/2023\/05\/29\/spotkanie-z-bajka-z-grupami-pszczolki-biedronki-motyle-z-oddzialu-i-punktu-przedszkolnego-z-nowego-grabia-23-05-2023\/#primaryimage"},"image":{"@id":"https:\/\/biblioteka-gabin.pl\/index.php\/2023\/05\/29\/spotkanie-z-bajka-z-grupami-pszczolki-biedronki-motyle-z-oddzialu-i-punktu-przedszkolnego-z-nowego-grabia-23-05-2023\/#primaryimage"},"thumbnailUrl":"https:\/\/biblioteka-gabin.pl\/wp-content\/uploads\/archive\/pliki\/obraz\/2023_\/maj\/348356260_118064731274264_8820803495659351829_n.jpg","datePublished":"2023-05-29T00:00:00+00:00","breadcrumb":{"@id":"https:\/\/biblioteka-gabin.pl\/index.php\/2023\/05\/29\/spotkanie-z-bajka-z-grupami-pszczolki-biedronki-motyle-z-oddzialu-i-punktu-przedszkolnego-z-nowego-grabia-23-05-2023\/#breadcrumb"},"inLanguage":"pl-PL","potentialAction":[{"@type":"ReadAction","target":["https:\/\/biblioteka-gabin.pl\/index.php\/2023\/05\/29\/spotkanie-z-bajka-z-grupami-pszczolki-biedronki-motyle-z-oddzialu-i-punktu-przedszkolnego-z-nowego-grabia-23-05-2023\/"]}]},{"@type":"ImageObject","inLanguage":"pl-PL","@id":"https:\/\/biblioteka-gabin.pl\/index.php\/2023\/05\/29\/spotkanie-z-bajka-z-grupami-pszczolki-biedronki-motyle-z-oddzialu-i-punktu-przedszkolnego-z-nowego-grabia-23-05-2023\/#primaryimage","url":"https:\/\/biblioteka-gabin.pl\/wp-content\/uploads\/archive\/pliki\/obraz\/2023_\/maj\/348356260_118064731274264_8820803495659351829_n.jpg","contentUrl":"https:\/\/biblioteka-gabin.pl\/wp-content\/uploads\/archive\/pliki\/obraz\/2023_\/maj\/348356260_118064731274264_8820803495659351829_n.jpg"},{"@type":"BreadcrumbList","@id":"https:\/\/biblioteka-gabin.pl\/index.php\/2023\/05\/29\/spotkanie-z-bajka-z-grupami-pszczolki-biedronki-motyle-z-oddzialu-i-punktu-przedszkolnego-z-nowego-grabia-23-05-2023\/#breadcrumb","itemListElement":[{"@type":"ListItem","position":1,"name":"Strona g\u0142\u00f3wna","item":"https:\/\/biblioteka-gabin.pl\/"},{"@type":"ListItem","position":2,"name":"&#8222;Spotkanie z bajk\u0105&#8221; z grupami: &#8222;Pszcz\u00f3\u0142ki&#8221;, &#8222;Biedronki&#8221;, &#8222;Motyle&#8221; z Oddzia\u0142u i Punktu Przedszkolnego z Nowego Grabia (23.05.2023)"}]},{"@type":"WebSite","@id":"https:\/\/biblioteka-gabin.pl\/#website","url":"https:\/\/biblioteka-gabin.pl\/","name":"Miejsko-Gminna Biblioteka Publiczna w G\u0105binie","description":"","publisher":{"@id":"https:\/\/biblioteka-gabin.pl\/#organization"},"potentialAction":[{"@type":"SearchAction","target":{"@type":"EntryPoint","urlTemplate":"https:\/\/biblioteka-gabin.pl\/?s={search_term_string}"},"query-input":{"@type":"PropertyValueSpecification","valueRequired":true,"valueName":"search_term_string"}}],"inLanguage":"pl-PL"},{"@type":"Organization","@id":"https:\/\/biblioteka-gabin.pl\/#organization","name":"Miejsko-Gminna Biblioteka Publiczna w G\u0105binie","url":"https:\/\/biblioteka-gabin.pl\/","logo":{"@type":"ImageObject","inLanguage":"pl-PL","@id":"https:\/\/biblioteka-gabin.pl\/#\/schema\/logo\/image\/","url":"https:\/\/biblioteka-gabin.pl\/wp-content\/uploads\/2025\/03\/logo-biblioteka-2-1657013691-1.jpg","contentUrl":"https:\/\/biblioteka-gabin.pl\/wp-content\/uploads\/2025\/03\/logo-biblioteka-2-1657013691-1.jpg","width":1600,"height":772,"caption":"Miejsko-Gminna Biblioteka Publiczna w G\u0105binie"},"image":{"@id":"https:\/\/biblioteka-gabin.pl\/#\/schema\/logo\/image\/"},"sameAs":["https:\/\/www.facebook.com\/bibliotekagabin","https:\/\/www.youtube.com\/@mgbpgabin9392"]},{"@type":"Person","@id":"https:\/\/biblioteka-gabin.pl\/#\/schema\/person\/2067b97c24663d987ef6ef95bed7c99a","name":"admin","image":{"@type":"ImageObject","inLanguage":"pl-PL","@id":"https:\/\/secure.gravatar.com\/avatar\/e1843904e97b4e376a0fc90ae10372cd31bce9b207a7a3d2ca68fc7ca7e4174c?s=96&d=mm&r=g","url":"https:\/\/secure.gravatar.com\/avatar\/e1843904e97b4e376a0fc90ae10372cd31bce9b207a7a3d2ca68fc7ca7e4174c?s=96&d=mm&r=g","contentUrl":"https:\/\/secure.gravatar.com\/avatar\/e1843904e97b4e376a0fc90ae10372cd31bce9b207a7a3d2ca68fc7ca7e4174c?s=96&d=mm&r=g","caption":"admin"},"sameAs":["http:\/\/strona.biblioteka-gabin.pl"],"url":"https:\/\/biblioteka-gabin.pl\/index.php\/author\/admin\/"}]}},"_links":{"self":[{"href":"https:\/\/biblioteka-gabin.pl\/index.php\/wp-json\/wp\/v2\/posts\/8544","targetHints":{"allow":["GET"]}}],"collection":[{"href":"https:\/\/biblioteka-gabin.pl\/index.php\/wp-json\/wp\/v2\/posts"}],"about":[{"href":"https:\/\/biblioteka-gabin.pl\/index.php\/wp-json\/wp\/v2\/types\/post"}],"author":[{"embeddable":true,"href":"https:\/\/biblioteka-gabin.pl\/index.php\/wp-json\/wp\/v2\/users\/1"}],"replies":[{"embeddable":true,"href":"https:\/\/biblioteka-gabin.pl\/index.php\/wp-json\/wp\/v2\/comments?post=8544"}],"version-history":[{"count":0,"href":"https:\/\/biblioteka-gabin.pl\/index.php\/wp-json\/wp\/v2\/posts\/8544\/revisions"}],"wp:attachment":[{"href":"https:\/\/biblioteka-gabin.pl\/index.php\/wp-json\/wp\/v2\/media?parent=8544"}],"wp:term":[{"taxonomy":"category","embeddable":true,"href":"https:\/\/biblioteka-gabin.pl\/index.php\/wp-json\/wp\/v2\/categories?post=8544"},{"taxonomy":"post_tag","embeddable":true,"href":"https:\/\/biblioteka-gabin.pl\/index.php\/wp-json\/wp\/v2\/tags?post=8544"}],"curies":[{"name":"wp","href":"https:\/\/api.w.org\/{rel}","templated":true}]}}