{"id":8546,"date":"2023-04-25T00:00:00","date_gmt":"2023-04-25T00:00:00","guid":{"rendered":"https:\/\/biblioteka-gabin.pl\/index.php\/2023\/04\/25\/spotkanie-z-bajka-z-grupami-sowy-oraz-smerfy-z-przedszkola-samorzadowego-w-dobrzykowie-20-04-2023-r\/"},"modified":"2023-04-25T00:00:00","modified_gmt":"2023-04-25T00:00:00","slug":"spotkanie-z-bajka-z-grupami-sowy-oraz-smerfy-z-przedszkola-samorzadowego-w-dobrzykowie-20-04-2023-r","status":"publish","type":"post","link":"https:\/\/biblioteka-gabin.pl\/index.php\/2023\/04\/25\/spotkanie-z-bajka-z-grupami-sowy-oraz-smerfy-z-przedszkola-samorzadowego-w-dobrzykowie-20-04-2023-r\/","title":{"rendered":"&#8222;Spotkanie z bajk\u0105&#8221; z grupami &#8222;Sowy&#8221; oraz &#8222;Smerfy&#8221; z Przedszkola Samorz\u0105dowego w Dobrzykowie (20.04.2023 r.)"},"content":{"rendered":"<p>Wiosna to czas, kiedy najch\u0119tniej zrobiliby\u015bmy sobie przerw\u0119 od pracy, nauki, obowi\u0105zk\u00f3w.<br \/>\n\u00a0\u00a0 Takie ma\u0142e \u201ewagary\u201d od ksi\u0105\u017cki zrobi\u0142am podczas zaj\u0119\u0107 z grup\u0105 \u201eSowy\u201d z Przedszkola Samorz\u0105dowego w Dobrzykowie.<br \/>\n\u00a0\u00a0 Zaproponowa\u0142am dzieciom zabaw\u0119 w \u201eGr\u0119 w 5 sekund\u201d. Podzieli\u0142am grup\u0119 na dwie dru\u017cyny, obja\u015bni\u0142am zasady i rozpocz\u0119li\u015bmy zabaw\u0119. Pytanie, kt\u00f3re zadawa\u0142am uczestnikom zawiera\u0142y r\u00f3wnie\u017c trudniejszy wariant, kt\u00f3ry mo\u017cna by\u0142o sobie wybra\u0107. Dziewcz\u0119ta gra\u0142y ostro\u017cnie lecz wi\u0119kszo\u015b\u0107 ch\u0142opc\u00f3w zdecydowa\u0142a si\u0119 na wersj\u0119 trudniejsz\u0105. Grupa \u015bwietnie sobie poradzi\u0142a. Pochwali\u0142am wszystkich za ogromne zaanga\u017cowanie, wiedz\u0119 oraz odwag\u0119.<br \/>\n\u00a0\u00a0\u00a0 \u201eSmerfom\u201d przeczyta\u0142am bajk\u0119 pt. \u201ePinokio\u201d z serii ksi\u0105\u017ceczek rozk\u0142adanych 3D. \u00a0Dzieci czyta\u0142y wsp\u00f3lnie ze mn\u0105 \u2013 ja zaj\u0119\u0142am si\u0119 tre\u015bci\u0105 a Przedszkolaki dotykiem element\u00f3w, kt\u00f3re zmienia\u0142y swoje po\u0142o\u017cenie , gdy porusza\u0142am ksi\u0105\u017ceczk\u0105. \u201ePinokio\u201d wzbudzi\u0142 ogromne zainteresowanie.<br \/>\n\u00a0\u00a0 Dodatkowo przywioz\u0142am ze sob\u0105 bajeczk\u0119 pt. \u201eOdg\u0142osy pupili\u201d. Zawiera\u0142a ona d\u017awi\u0119ki, kt\u00f3re wzbogaci\u0142y jej zawarto\u015b\u0107. \u201eSmerfy\u201d wsp\u00f3lnie na\u015bladowa\u0142y odg\u0142osy odzywaj\u0105cych si\u0119 zwierz\u0105tek.<br \/>\n\u00a0\u00a0\u00a0 Bardzo mi\u0142o sp\u0119dzam czas w\u015br\u00f3d wszystkich Ma\u0142ych Czytelnik\u00f3w, z niecierpliwo\u015bci\u0105 czekam na kolejne spotkanie.<br \/>\n\u00a0\u00a0 Widzimy si\u0119 niebawem a tymczasem m\u00f3wi\u0119 do mi\u0142ego zobaczenia!<br \/>\n\u00a0\u00a0\u00a0\u00a0\u00a0\u00a0\u00a0\u00a0\u00a0\u00a0\u00a0\u00a0\u00a0\u00a0\u00a0\u00a0\u00a0\u00a0\u00a0\u00a0\u00a0\u00a0\u00a0\u00a0\u00a0\u00a0\u00a0\u00a0\u00a0\u00a0\u00a0\u00a0\u00a0\u00a0\u00a0\u00a0\u00a0\u00a0\u00a0\u00a0\u00a0\u00a0\u00a0\u00a0\u00a0\u00a0\u00a0\u00a0\u00a0\u00a0\u00a0\u00a0\u00a0\u00a0\u00a0\u00a0\u00a0\u00a0\u00a0\u00a0\u00a0\u00a0\u00a0\u00a0\u00a0\u00a0\u00a0\u00a0\u00a0\u00a0\u00a0\u00a0\u00a0\u00a0\u00a0 Opr. Joanna Olejniczak<br \/>\n<img src='https:\/\/biblioteka-gabin.pl\/wp-content\/uploads\/archive\/pliki\/obraz\/2023_\/kwiecie\/339625899_212842734781191_4619389180682195058_n.jpg'><br \/>\n<iframe width='420' height='315' src='https:\/\/www.youtube.com\/embed\/yG2Rb6VFt3c'><\/iframe><br \/>\n<iframe width='420' height='315' src='https:\/\/www.youtube.com\/embed\/JT_K0mxtvZ0'><\/iframe><br \/>\n<a href='https:\/\/biblioteka-gabin.pl\/wp-content\/uploads\/archive\/galleries\/474\/3399066759376191107008775121293855888842664n-69b8ac6b06.jpg'><img style='max-height:300px;' src='https:\/\/biblioteka-gabin.pl\/wp-content\/uploads\/archive\/galleries\/474\/3399066759376191107008775121293855888842664n-69b8ac6b06.jpg'><\/a><br \/>\n<a href='https:\/\/biblioteka-gabin.pl\/wp-content\/uploads\/archive\/galleries\/474\/3397553781349017461206933902824687790107324n1-3ac7fbc75c.jpg'><img style='max-height:300px;' src='https:\/\/biblioteka-gabin.pl\/wp-content\/uploads\/archive\/galleries\/474\/3397553781349017461206933902824687790107324n1-3ac7fbc75c.jpg'><\/a><br \/>\n<a href='https:\/\/biblioteka-gabin.pl\/wp-content\/uploads\/archive\/galleries\/474\/33959781034493462886878879014149286000613022n-7f2cf72dbb.jpg'><img style='max-height:300px;' src='https:\/\/biblioteka-gabin.pl\/wp-content\/uploads\/archive\/galleries\/474\/33959781034493462886878879014149286000613022n-7f2cf72dbb.jpg'><\/a><br \/>\n<a href='https:\/\/biblioteka-gabin.pl\/wp-content\/uploads\/archive\/galleries\/474\/34007965019306528672884514630811855304033448n-f1978d9e54.jpg'><img style='max-height:300px;' src='https:\/\/biblioteka-gabin.pl\/wp-content\/uploads\/archive\/galleries\/474\/34007965019306528672884514630811855304033448n-f1978d9e54.jpg'><\/a><br \/>\n<a href='https:\/\/biblioteka-gabin.pl\/wp-content\/uploads\/archive\/galleries\/474\/3399123946082471612194077691309760829771547n-1f25f3b490.jpg'><img style='max-height:300px;' src='https:\/\/biblioteka-gabin.pl\/wp-content\/uploads\/archive\/galleries\/474\/3399123946082471612194077691309760829771547n-1f25f3b490.jpg'><\/a><br \/>\n<a href='https:\/\/biblioteka-gabin.pl\/wp-content\/uploads\/archive\/galleries\/474\/3396871931892704739546007955670288917817409n-b9958fda04.jpg'><img style='max-height:300px;' src='https:\/\/biblioteka-gabin.pl\/wp-content\/uploads\/archive\/galleries\/474\/3396871931892704739546007955670288917817409n-b9958fda04.jpg'><\/a><br \/>\n<a href='https:\/\/biblioteka-gabin.pl\/wp-content\/uploads\/archive\/galleries\/474\/3397425477734883776245202454203751494379706n-ce188beac5.jpg'><img style='max-height:300px;' src='https:\/\/biblioteka-gabin.pl\/wp-content\/uploads\/archive\/galleries\/474\/3397425477734883776245202454203751494379706n-ce188beac5.jpg'><\/a><br \/>\n<a href='https:\/\/biblioteka-gabin.pl\/wp-content\/uploads\/archive\/galleries\/474\/3396336572424025516900283880673116581499685n-6fbcd7b70c.jpg'><img style='max-height:300px;' src='https:\/\/biblioteka-gabin.pl\/wp-content\/uploads\/archive\/galleries\/474\/3396336572424025516900283880673116581499685n-6fbcd7b70c.jpg'><\/a><br \/>\n<a href='https:\/\/biblioteka-gabin.pl\/wp-content\/uploads\/archive\/galleries\/474\/3398009217797097966922942963642497670622982n-950ca65b91.jpg'><img style='max-height:300px;' src='https:\/\/biblioteka-gabin.pl\/wp-content\/uploads\/archive\/galleries\/474\/3398009217797097966922942963642497670622982n-950ca65b91.jpg'><\/a><br \/>\n<a href='https:\/\/biblioteka-gabin.pl\/wp-content\/uploads\/archive\/galleries\/474\/33981075329787826156000073903131737901288312n-0cc748c5d9.jpg'><img style='max-height:300px;' src='https:\/\/biblioteka-gabin.pl\/wp-content\/uploads\/archive\/galleries\/474\/33981075329787826156000073903131737901288312n-0cc748c5d9.jpg'><\/a><br \/>\n<a href='https:\/\/biblioteka-gabin.pl\/wp-content\/uploads\/archive\/galleries\/474\/33970379810428002800252009197335131710125316n-57c4d85324.jpg'><img style='max-height:300px;' src='https:\/\/biblioteka-gabin.pl\/wp-content\/uploads\/archive\/galleries\/474\/33970379810428002800252009197335131710125316n-57c4d85324.jpg'><\/a><br \/>\n<a href='https:\/\/biblioteka-gabin.pl\/wp-content\/uploads\/archive\/galleries\/474\/339916758934013684687028276975634287717511n-2609d0ef0c.jpg'><img style='max-height:300px;' src='https:\/\/biblioteka-gabin.pl\/wp-content\/uploads\/archive\/galleries\/474\/339916758934013684687028276975634287717511n-2609d0ef0c.jpg'><\/a><br \/>\n<a href='https:\/\/biblioteka-gabin.pl\/wp-content\/uploads\/archive\/galleries\/474\/3396336572424025516900283880673116581499685n-ae56d585cc.jpg'><img style='max-height:300px;' src='https:\/\/biblioteka-gabin.pl\/wp-content\/uploads\/archive\/galleries\/474\/3396336572424025516900283880673116581499685n-ae56d585cc.jpg'><\/a><br \/>\n<a href='https:\/\/biblioteka-gabin.pl\/wp-content\/uploads\/archive\/galleries\/474\/340110568188104606950562677043275252977515n-4967e0d020.jpg'><img style='max-height:300px;' src='https:\/\/biblioteka-gabin.pl\/wp-content\/uploads\/archive\/galleries\/474\/340110568188104606950562677043275252977515n-4967e0d020.jpg'><\/a><br \/>\n<a href='https:\/\/biblioteka-gabin.pl\/wp-content\/uploads\/archive\/galleries\/474\/33981075329787826156000073903131737901288312n-91e88e17f3.jpg'><img style='max-height:300px;' src='https:\/\/biblioteka-gabin.pl\/wp-content\/uploads\/archive\/galleries\/474\/33981075329787826156000073903131737901288312n-91e88e17f3.jpg'><\/a><br \/>\n<a href='https:\/\/biblioteka-gabin.pl\/wp-content\/uploads\/archive\/galleries\/474\/33970923319102401293104337110768290431879306n-9c8c3826d1.jpg'><img style='max-height:300px;' src='https:\/\/biblioteka-gabin.pl\/wp-content\/uploads\/archive\/galleries\/474\/33970923319102401293104337110768290431879306n-9c8c3826d1.jpg'><\/a><br \/>\n<a href='https:\/\/biblioteka-gabin.pl\/wp-content\/uploads\/archive\/galleries\/474\/33983260016263037845365343956149113795745581n-5bf03b7fdf.jpg'><img style='max-height:300px;' src='https:\/\/biblioteka-gabin.pl\/wp-content\/uploads\/archive\/galleries\/474\/33983260016263037845365343956149113795745581n-5bf03b7fdf.jpg'><\/a><br \/>\n<a href='https:\/\/biblioteka-gabin.pl\/wp-content\/uploads\/archive\/galleries\/474\/33990775561423954325195472309836745601081682n-ebc919f4d6.jpg'><img style='max-height:300px;' src='https:\/\/biblioteka-gabin.pl\/wp-content\/uploads\/archive\/galleries\/474\/33990775561423954325195472309836745601081682n-ebc919f4d6.jpg'><\/a><br \/>\n<a href='https:\/\/biblioteka-gabin.pl\/wp-content\/uploads\/archive\/galleries\/474\/3395475095614937927390457210246367506252545n-d5474e6f46.jpg'><img style='max-height:300px;' src='https:\/\/biblioteka-gabin.pl\/wp-content\/uploads\/archive\/galleries\/474\/3395475095614937927390457210246367506252545n-d5474e6f46.jpg'><\/a><br \/>\n<a href='https:\/\/biblioteka-gabin.pl\/wp-content\/uploads\/archive\/galleries\/474\/33970379810428002800252009197335131710125316n1-2266c4289e.jpg'><img style='max-height:300px;' src='https:\/\/biblioteka-gabin.pl\/wp-content\/uploads\/archive\/galleries\/474\/33970379810428002800252009197335131710125316n1-2266c4289e.jpg'><\/a><br \/>\n<a href='https:\/\/biblioteka-gabin.pl\/wp-content\/uploads\/archive\/galleries\/474\/3397643047606674488531915008060926542055677n-15ca11984e.jpg'><img style='max-height:300px;' src='https:\/\/biblioteka-gabin.pl\/wp-content\/uploads\/archive\/galleries\/474\/3397643047606674488531915008060926542055677n-15ca11984e.jpg'><\/a><br \/>\n<a href='https:\/\/biblioteka-gabin.pl\/wp-content\/uploads\/archive\/galleries\/474\/3399167585960105658087551547235760895437134n-edda62a289.jpg'><img style='max-height:300px;' src='https:\/\/biblioteka-gabin.pl\/wp-content\/uploads\/archive\/galleries\/474\/3399167585960105658087551547235760895437134n-edda62a289.jpg'><\/a><\/p>\n","protected":false},"excerpt":{"rendered":"<p>Wiosna to czas, kiedy najch\u0119tniej zrobiliby\u015bmy sobie przerw\u0119 od pracy,<\/p>\n","protected":false},"author":1,"featured_media":0,"comment_status":"open","ping_status":"open","sticky":false,"template":"","format":"standard","meta":{"footnotes":""},"categories":[36],"tags":[],"class_list":["post-8546","post","type-post","status-publish","format-standard","hentry","category-main"],"yoast_head":"<!-- This site is optimized with the Yoast SEO plugin v27.4 - https:\/\/yoast.com\/product\/yoast-seo-wordpress\/ -->\n<title>&quot;Spotkanie z bajk\u0105&quot; z grupami &quot;Sowy&quot; oraz &quot;Smerfy&quot; z Przedszkola Samorz\u0105dowego w Dobrzykowie (20.04.2023 r.) - Miejsko-Gminna Biblioteka Publiczna w G\u0105binie<\/title>\n<meta name=\"robots\" content=\"index, follow, max-snippet:-1, max-image-preview:large, max-video-preview:-1\" \/>\n<link rel=\"canonical\" href=\"http:\/\/biblioteka-gabin.pl\/index.php\/2023\/04\/25\/spotkanie-z-bajka-z-grupami-sowy-oraz-smerfy-z-przedszkola-samorzadowego-w-dobrzykowie-20-04-2023-r\/\" \/>\n<meta property=\"og:locale\" content=\"pl_PL\" \/>\n<meta property=\"og:type\" content=\"article\" \/>\n<meta property=\"og:title\" content=\"&quot;Spotkanie z bajk\u0105&quot; z grupami &quot;Sowy&quot; oraz &quot;Smerfy&quot; z Przedszkola Samorz\u0105dowego w Dobrzykowie (20.04.2023 r.) - Miejsko-Gminna Biblioteka Publiczna w G\u0105binie\" \/>\n<meta property=\"og:description\" content=\"Wiosna to czas, kiedy najch\u0119tniej zrobiliby\u015bmy sobie przerw\u0119 od pracy,\" \/>\n<meta property=\"og:url\" content=\"http:\/\/biblioteka-gabin.pl\/index.php\/2023\/04\/25\/spotkanie-z-bajka-z-grupami-sowy-oraz-smerfy-z-przedszkola-samorzadowego-w-dobrzykowie-20-04-2023-r\/\" \/>\n<meta property=\"og:site_name\" content=\"Miejsko-Gminna Biblioteka Publiczna w G\u0105binie\" \/>\n<meta property=\"article:publisher\" content=\"https:\/\/www.facebook.com\/bibliotekagabin\" \/>\n<meta property=\"article:published_time\" content=\"2023-04-25T00:00:00+00:00\" \/>\n<meta property=\"og:image\" content=\"https:\/\/biblioteka-gabin.pl\/wp-content\/uploads\/archive\/pliki\/obraz\/2023_\/kwiecie\/339625899_212842734781191_4619389180682195058_n.jpg\" \/>\n<meta name=\"author\" content=\"admin\" \/>\n<meta name=\"twitter:card\" content=\"summary_large_image\" \/>\n<meta name=\"twitter:label1\" content=\"Napisane przez\" \/>\n\t<meta name=\"twitter:data1\" content=\"admin\" \/>\n\t<meta name=\"twitter:label2\" content=\"Szacowany czas czytania\" \/>\n\t<meta name=\"twitter:data2\" content=\"1 minuta\" \/>\n<script type=\"application\/ld+json\" class=\"yoast-schema-graph\">{\"@context\":\"https:\\\/\\\/schema.org\",\"@graph\":[{\"@type\":\"Article\",\"@id\":\"http:\\\/\\\/biblioteka-gabin.pl\\\/index.php\\\/2023\\\/04\\\/25\\\/spotkanie-z-bajka-z-grupami-sowy-oraz-smerfy-z-przedszkola-samorzadowego-w-dobrzykowie-20-04-2023-r\\\/#article\",\"isPartOf\":{\"@id\":\"http:\\\/\\\/biblioteka-gabin.pl\\\/index.php\\\/2023\\\/04\\\/25\\\/spotkanie-z-bajka-z-grupami-sowy-oraz-smerfy-z-przedszkola-samorzadowego-w-dobrzykowie-20-04-2023-r\\\/\"},\"author\":{\"name\":\"admin\",\"@id\":\"https:\\\/\\\/biblioteka-gabin.pl\\\/#\\\/schema\\\/person\\\/2067b97c24663d987ef6ef95bed7c99a\"},\"headline\":\"&#8222;Spotkanie z bajk\u0105&#8221; z grupami &#8222;Sowy&#8221; oraz &#8222;Smerfy&#8221; z Przedszkola Samorz\u0105dowego w Dobrzykowie (20.04.2023 r.)\",\"datePublished\":\"2023-04-25T00:00:00+00:00\",\"mainEntityOfPage\":{\"@id\":\"http:\\\/\\\/biblioteka-gabin.pl\\\/index.php\\\/2023\\\/04\\\/25\\\/spotkanie-z-bajka-z-grupami-sowy-oraz-smerfy-z-przedszkola-samorzadowego-w-dobrzykowie-20-04-2023-r\\\/\"},\"wordCount\":246,\"commentCount\":0,\"publisher\":{\"@id\":\"https:\\\/\\\/biblioteka-gabin.pl\\\/#organization\"},\"image\":{\"@id\":\"http:\\\/\\\/biblioteka-gabin.pl\\\/index.php\\\/2023\\\/04\\\/25\\\/spotkanie-z-bajka-z-grupami-sowy-oraz-smerfy-z-przedszkola-samorzadowego-w-dobrzykowie-20-04-2023-r\\\/#primaryimage\"},\"thumbnailUrl\":\"https:\\\/\\\/biblioteka-gabin.pl\\\/wp-content\\\/uploads\\\/archive\\\/pliki\\\/obraz\\\/2023_\\\/kwiecie\\\/339625899_212842734781191_4619389180682195058_n.jpg\",\"articleSection\":[\"Main\"],\"inLanguage\":\"pl-PL\",\"potentialAction\":[{\"@type\":\"CommentAction\",\"name\":\"Comment\",\"target\":[\"http:\\\/\\\/biblioteka-gabin.pl\\\/index.php\\\/2023\\\/04\\\/25\\\/spotkanie-z-bajka-z-grupami-sowy-oraz-smerfy-z-przedszkola-samorzadowego-w-dobrzykowie-20-04-2023-r\\\/#respond\"]}]},{\"@type\":\"WebPage\",\"@id\":\"http:\\\/\\\/biblioteka-gabin.pl\\\/index.php\\\/2023\\\/04\\\/25\\\/spotkanie-z-bajka-z-grupami-sowy-oraz-smerfy-z-przedszkola-samorzadowego-w-dobrzykowie-20-04-2023-r\\\/\",\"url\":\"http:\\\/\\\/biblioteka-gabin.pl\\\/index.php\\\/2023\\\/04\\\/25\\\/spotkanie-z-bajka-z-grupami-sowy-oraz-smerfy-z-przedszkola-samorzadowego-w-dobrzykowie-20-04-2023-r\\\/\",\"name\":\"\\\"Spotkanie z bajk\u0105\\\" z grupami \\\"Sowy\\\" oraz \\\"Smerfy\\\" z Przedszkola Samorz\u0105dowego w Dobrzykowie (20.04.2023 r.) - Miejsko-Gminna Biblioteka Publiczna w G\u0105binie\",\"isPartOf\":{\"@id\":\"https:\\\/\\\/biblioteka-gabin.pl\\\/#website\"},\"primaryImageOfPage\":{\"@id\":\"http:\\\/\\\/biblioteka-gabin.pl\\\/index.php\\\/2023\\\/04\\\/25\\\/spotkanie-z-bajka-z-grupami-sowy-oraz-smerfy-z-przedszkola-samorzadowego-w-dobrzykowie-20-04-2023-r\\\/#primaryimage\"},\"image\":{\"@id\":\"http:\\\/\\\/biblioteka-gabin.pl\\\/index.php\\\/2023\\\/04\\\/25\\\/spotkanie-z-bajka-z-grupami-sowy-oraz-smerfy-z-przedszkola-samorzadowego-w-dobrzykowie-20-04-2023-r\\\/#primaryimage\"},\"thumbnailUrl\":\"https:\\\/\\\/biblioteka-gabin.pl\\\/wp-content\\\/uploads\\\/archive\\\/pliki\\\/obraz\\\/2023_\\\/kwiecie\\\/339625899_212842734781191_4619389180682195058_n.jpg\",\"datePublished\":\"2023-04-25T00:00:00+00:00\",\"breadcrumb\":{\"@id\":\"http:\\\/\\\/biblioteka-gabin.pl\\\/index.php\\\/2023\\\/04\\\/25\\\/spotkanie-z-bajka-z-grupami-sowy-oraz-smerfy-z-przedszkola-samorzadowego-w-dobrzykowie-20-04-2023-r\\\/#breadcrumb\"},\"inLanguage\":\"pl-PL\",\"potentialAction\":[{\"@type\":\"ReadAction\",\"target\":[\"http:\\\/\\\/biblioteka-gabin.pl\\\/index.php\\\/2023\\\/04\\\/25\\\/spotkanie-z-bajka-z-grupami-sowy-oraz-smerfy-z-przedszkola-samorzadowego-w-dobrzykowie-20-04-2023-r\\\/\"]}]},{\"@type\":\"ImageObject\",\"inLanguage\":\"pl-PL\",\"@id\":\"http:\\\/\\\/biblioteka-gabin.pl\\\/index.php\\\/2023\\\/04\\\/25\\\/spotkanie-z-bajka-z-grupami-sowy-oraz-smerfy-z-przedszkola-samorzadowego-w-dobrzykowie-20-04-2023-r\\\/#primaryimage\",\"url\":\"https:\\\/\\\/biblioteka-gabin.pl\\\/wp-content\\\/uploads\\\/archive\\\/pliki\\\/obraz\\\/2023_\\\/kwiecie\\\/339625899_212842734781191_4619389180682195058_n.jpg\",\"contentUrl\":\"https:\\\/\\\/biblioteka-gabin.pl\\\/wp-content\\\/uploads\\\/archive\\\/pliki\\\/obraz\\\/2023_\\\/kwiecie\\\/339625899_212842734781191_4619389180682195058_n.jpg\"},{\"@type\":\"BreadcrumbList\",\"@id\":\"http:\\\/\\\/biblioteka-gabin.pl\\\/index.php\\\/2023\\\/04\\\/25\\\/spotkanie-z-bajka-z-grupami-sowy-oraz-smerfy-z-przedszkola-samorzadowego-w-dobrzykowie-20-04-2023-r\\\/#breadcrumb\",\"itemListElement\":[{\"@type\":\"ListItem\",\"position\":1,\"name\":\"Strona g\u0142\u00f3wna\",\"item\":\"https:\\\/\\\/biblioteka-gabin.pl\\\/\"},{\"@type\":\"ListItem\",\"position\":2,\"name\":\"&#8222;Spotkanie z bajk\u0105&#8221; z grupami &#8222;Sowy&#8221; oraz &#8222;Smerfy&#8221; z Przedszkola Samorz\u0105dowego w Dobrzykowie (20.04.2023 r.)\"}]},{\"@type\":\"WebSite\",\"@id\":\"https:\\\/\\\/biblioteka-gabin.pl\\\/#website\",\"url\":\"https:\\\/\\\/biblioteka-gabin.pl\\\/\",\"name\":\"Miejsko-Gminna Biblioteka Publiczna w G\u0105binie\",\"description\":\"\",\"publisher\":{\"@id\":\"https:\\\/\\\/biblioteka-gabin.pl\\\/#organization\"},\"potentialAction\":[{\"@type\":\"SearchAction\",\"target\":{\"@type\":\"EntryPoint\",\"urlTemplate\":\"https:\\\/\\\/biblioteka-gabin.pl\\\/?s={search_term_string}\"},\"query-input\":{\"@type\":\"PropertyValueSpecification\",\"valueRequired\":true,\"valueName\":\"search_term_string\"}}],\"inLanguage\":\"pl-PL\"},{\"@type\":\"Organization\",\"@id\":\"https:\\\/\\\/biblioteka-gabin.pl\\\/#organization\",\"name\":\"Miejsko-Gminna Biblioteka Publiczna w G\u0105binie\",\"url\":\"https:\\\/\\\/biblioteka-gabin.pl\\\/\",\"logo\":{\"@type\":\"ImageObject\",\"inLanguage\":\"pl-PL\",\"@id\":\"https:\\\/\\\/biblioteka-gabin.pl\\\/#\\\/schema\\\/logo\\\/image\\\/\",\"url\":\"https:\\\/\\\/biblioteka-gabin.pl\\\/wp-content\\\/uploads\\\/2025\\\/03\\\/logo-biblioteka-2-1657013691-1.jpg\",\"contentUrl\":\"https:\\\/\\\/biblioteka-gabin.pl\\\/wp-content\\\/uploads\\\/2025\\\/03\\\/logo-biblioteka-2-1657013691-1.jpg\",\"width\":1600,\"height\":772,\"caption\":\"Miejsko-Gminna Biblioteka Publiczna w G\u0105binie\"},\"image\":{\"@id\":\"https:\\\/\\\/biblioteka-gabin.pl\\\/#\\\/schema\\\/logo\\\/image\\\/\"},\"sameAs\":[\"https:\\\/\\\/www.facebook.com\\\/bibliotekagabin\",\"https:\\\/\\\/www.youtube.com\\\/@mgbpgabin9392\"]},{\"@type\":\"Person\",\"@id\":\"https:\\\/\\\/biblioteka-gabin.pl\\\/#\\\/schema\\\/person\\\/2067b97c24663d987ef6ef95bed7c99a\",\"name\":\"admin\",\"image\":{\"@type\":\"ImageObject\",\"inLanguage\":\"pl-PL\",\"@id\":\"https:\\\/\\\/secure.gravatar.com\\\/avatar\\\/e1843904e97b4e376a0fc90ae10372cd31bce9b207a7a3d2ca68fc7ca7e4174c?s=96&d=mm&r=g\",\"url\":\"https:\\\/\\\/secure.gravatar.com\\\/avatar\\\/e1843904e97b4e376a0fc90ae10372cd31bce9b207a7a3d2ca68fc7ca7e4174c?s=96&d=mm&r=g\",\"contentUrl\":\"https:\\\/\\\/secure.gravatar.com\\\/avatar\\\/e1843904e97b4e376a0fc90ae10372cd31bce9b207a7a3d2ca68fc7ca7e4174c?s=96&d=mm&r=g\",\"caption\":\"admin\"},\"sameAs\":[\"http:\\\/\\\/strona.biblioteka-gabin.pl\"],\"url\":\"https:\\\/\\\/biblioteka-gabin.pl\\\/index.php\\\/author\\\/admin\\\/\"}]}<\/script>\n<!-- \/ Yoast SEO plugin. -->","yoast_head_json":{"title":"\"Spotkanie z bajk\u0105\" z grupami \"Sowy\" oraz \"Smerfy\" z Przedszkola Samorz\u0105dowego w Dobrzykowie (20.04.2023 r.) - Miejsko-Gminna Biblioteka Publiczna w G\u0105binie","robots":{"index":"index","follow":"follow","max-snippet":"max-snippet:-1","max-image-preview":"max-image-preview:large","max-video-preview":"max-video-preview:-1"},"canonical":"http:\/\/biblioteka-gabin.pl\/index.php\/2023\/04\/25\/spotkanie-z-bajka-z-grupami-sowy-oraz-smerfy-z-przedszkola-samorzadowego-w-dobrzykowie-20-04-2023-r\/","og_locale":"pl_PL","og_type":"article","og_title":"\"Spotkanie z bajk\u0105\" z grupami \"Sowy\" oraz \"Smerfy\" z Przedszkola Samorz\u0105dowego w Dobrzykowie (20.04.2023 r.) - Miejsko-Gminna Biblioteka Publiczna w G\u0105binie","og_description":"Wiosna to czas, kiedy najch\u0119tniej zrobiliby\u015bmy sobie przerw\u0119 od pracy,","og_url":"http:\/\/biblioteka-gabin.pl\/index.php\/2023\/04\/25\/spotkanie-z-bajka-z-grupami-sowy-oraz-smerfy-z-przedszkola-samorzadowego-w-dobrzykowie-20-04-2023-r\/","og_site_name":"Miejsko-Gminna Biblioteka Publiczna w G\u0105binie","article_publisher":"https:\/\/www.facebook.com\/bibliotekagabin","article_published_time":"2023-04-25T00:00:00+00:00","og_image":[{"url":"https:\/\/biblioteka-gabin.pl\/wp-content\/uploads\/archive\/pliki\/obraz\/2023_\/kwiecie\/339625899_212842734781191_4619389180682195058_n.jpg","type":"","width":"","height":""}],"author":"admin","twitter_card":"summary_large_image","twitter_misc":{"Napisane przez":"admin","Szacowany czas czytania":"1 minuta"},"schema":{"@context":"https:\/\/schema.org","@graph":[{"@type":"Article","@id":"http:\/\/biblioteka-gabin.pl\/index.php\/2023\/04\/25\/spotkanie-z-bajka-z-grupami-sowy-oraz-smerfy-z-przedszkola-samorzadowego-w-dobrzykowie-20-04-2023-r\/#article","isPartOf":{"@id":"http:\/\/biblioteka-gabin.pl\/index.php\/2023\/04\/25\/spotkanie-z-bajka-z-grupami-sowy-oraz-smerfy-z-przedszkola-samorzadowego-w-dobrzykowie-20-04-2023-r\/"},"author":{"name":"admin","@id":"https:\/\/biblioteka-gabin.pl\/#\/schema\/person\/2067b97c24663d987ef6ef95bed7c99a"},"headline":"&#8222;Spotkanie z bajk\u0105&#8221; z grupami &#8222;Sowy&#8221; oraz &#8222;Smerfy&#8221; z Przedszkola Samorz\u0105dowego w Dobrzykowie (20.04.2023 r.)","datePublished":"2023-04-25T00:00:00+00:00","mainEntityOfPage":{"@id":"http:\/\/biblioteka-gabin.pl\/index.php\/2023\/04\/25\/spotkanie-z-bajka-z-grupami-sowy-oraz-smerfy-z-przedszkola-samorzadowego-w-dobrzykowie-20-04-2023-r\/"},"wordCount":246,"commentCount":0,"publisher":{"@id":"https:\/\/biblioteka-gabin.pl\/#organization"},"image":{"@id":"http:\/\/biblioteka-gabin.pl\/index.php\/2023\/04\/25\/spotkanie-z-bajka-z-grupami-sowy-oraz-smerfy-z-przedszkola-samorzadowego-w-dobrzykowie-20-04-2023-r\/#primaryimage"},"thumbnailUrl":"https:\/\/biblioteka-gabin.pl\/wp-content\/uploads\/archive\/pliki\/obraz\/2023_\/kwiecie\/339625899_212842734781191_4619389180682195058_n.jpg","articleSection":["Main"],"inLanguage":"pl-PL","potentialAction":[{"@type":"CommentAction","name":"Comment","target":["http:\/\/biblioteka-gabin.pl\/index.php\/2023\/04\/25\/spotkanie-z-bajka-z-grupami-sowy-oraz-smerfy-z-przedszkola-samorzadowego-w-dobrzykowie-20-04-2023-r\/#respond"]}]},{"@type":"WebPage","@id":"http:\/\/biblioteka-gabin.pl\/index.php\/2023\/04\/25\/spotkanie-z-bajka-z-grupami-sowy-oraz-smerfy-z-przedszkola-samorzadowego-w-dobrzykowie-20-04-2023-r\/","url":"http:\/\/biblioteka-gabin.pl\/index.php\/2023\/04\/25\/spotkanie-z-bajka-z-grupami-sowy-oraz-smerfy-z-przedszkola-samorzadowego-w-dobrzykowie-20-04-2023-r\/","name":"\"Spotkanie z bajk\u0105\" z grupami \"Sowy\" oraz \"Smerfy\" z Przedszkola Samorz\u0105dowego w Dobrzykowie (20.04.2023 r.) - Miejsko-Gminna Biblioteka Publiczna w G\u0105binie","isPartOf":{"@id":"https:\/\/biblioteka-gabin.pl\/#website"},"primaryImageOfPage":{"@id":"http:\/\/biblioteka-gabin.pl\/index.php\/2023\/04\/25\/spotkanie-z-bajka-z-grupami-sowy-oraz-smerfy-z-przedszkola-samorzadowego-w-dobrzykowie-20-04-2023-r\/#primaryimage"},"image":{"@id":"http:\/\/biblioteka-gabin.pl\/index.php\/2023\/04\/25\/spotkanie-z-bajka-z-grupami-sowy-oraz-smerfy-z-przedszkola-samorzadowego-w-dobrzykowie-20-04-2023-r\/#primaryimage"},"thumbnailUrl":"https:\/\/biblioteka-gabin.pl\/wp-content\/uploads\/archive\/pliki\/obraz\/2023_\/kwiecie\/339625899_212842734781191_4619389180682195058_n.jpg","datePublished":"2023-04-25T00:00:00+00:00","breadcrumb":{"@id":"http:\/\/biblioteka-gabin.pl\/index.php\/2023\/04\/25\/spotkanie-z-bajka-z-grupami-sowy-oraz-smerfy-z-przedszkola-samorzadowego-w-dobrzykowie-20-04-2023-r\/#breadcrumb"},"inLanguage":"pl-PL","potentialAction":[{"@type":"ReadAction","target":["http:\/\/biblioteka-gabin.pl\/index.php\/2023\/04\/25\/spotkanie-z-bajka-z-grupami-sowy-oraz-smerfy-z-przedszkola-samorzadowego-w-dobrzykowie-20-04-2023-r\/"]}]},{"@type":"ImageObject","inLanguage":"pl-PL","@id":"http:\/\/biblioteka-gabin.pl\/index.php\/2023\/04\/25\/spotkanie-z-bajka-z-grupami-sowy-oraz-smerfy-z-przedszkola-samorzadowego-w-dobrzykowie-20-04-2023-r\/#primaryimage","url":"https:\/\/biblioteka-gabin.pl\/wp-content\/uploads\/archive\/pliki\/obraz\/2023_\/kwiecie\/339625899_212842734781191_4619389180682195058_n.jpg","contentUrl":"https:\/\/biblioteka-gabin.pl\/wp-content\/uploads\/archive\/pliki\/obraz\/2023_\/kwiecie\/339625899_212842734781191_4619389180682195058_n.jpg"},{"@type":"BreadcrumbList","@id":"http:\/\/biblioteka-gabin.pl\/index.php\/2023\/04\/25\/spotkanie-z-bajka-z-grupami-sowy-oraz-smerfy-z-przedszkola-samorzadowego-w-dobrzykowie-20-04-2023-r\/#breadcrumb","itemListElement":[{"@type":"ListItem","position":1,"name":"Strona g\u0142\u00f3wna","item":"https:\/\/biblioteka-gabin.pl\/"},{"@type":"ListItem","position":2,"name":"&#8222;Spotkanie z bajk\u0105&#8221; z grupami &#8222;Sowy&#8221; oraz &#8222;Smerfy&#8221; z Przedszkola Samorz\u0105dowego w Dobrzykowie (20.04.2023 r.)"}]},{"@type":"WebSite","@id":"https:\/\/biblioteka-gabin.pl\/#website","url":"https:\/\/biblioteka-gabin.pl\/","name":"Miejsko-Gminna Biblioteka Publiczna w G\u0105binie","description":"","publisher":{"@id":"https:\/\/biblioteka-gabin.pl\/#organization"},"potentialAction":[{"@type":"SearchAction","target":{"@type":"EntryPoint","urlTemplate":"https:\/\/biblioteka-gabin.pl\/?s={search_term_string}"},"query-input":{"@type":"PropertyValueSpecification","valueRequired":true,"valueName":"search_term_string"}}],"inLanguage":"pl-PL"},{"@type":"Organization","@id":"https:\/\/biblioteka-gabin.pl\/#organization","name":"Miejsko-Gminna Biblioteka Publiczna w G\u0105binie","url":"https:\/\/biblioteka-gabin.pl\/","logo":{"@type":"ImageObject","inLanguage":"pl-PL","@id":"https:\/\/biblioteka-gabin.pl\/#\/schema\/logo\/image\/","url":"https:\/\/biblioteka-gabin.pl\/wp-content\/uploads\/2025\/03\/logo-biblioteka-2-1657013691-1.jpg","contentUrl":"https:\/\/biblioteka-gabin.pl\/wp-content\/uploads\/2025\/03\/logo-biblioteka-2-1657013691-1.jpg","width":1600,"height":772,"caption":"Miejsko-Gminna Biblioteka Publiczna w G\u0105binie"},"image":{"@id":"https:\/\/biblioteka-gabin.pl\/#\/schema\/logo\/image\/"},"sameAs":["https:\/\/www.facebook.com\/bibliotekagabin","https:\/\/www.youtube.com\/@mgbpgabin9392"]},{"@type":"Person","@id":"https:\/\/biblioteka-gabin.pl\/#\/schema\/person\/2067b97c24663d987ef6ef95bed7c99a","name":"admin","image":{"@type":"ImageObject","inLanguage":"pl-PL","@id":"https:\/\/secure.gravatar.com\/avatar\/e1843904e97b4e376a0fc90ae10372cd31bce9b207a7a3d2ca68fc7ca7e4174c?s=96&d=mm&r=g","url":"https:\/\/secure.gravatar.com\/avatar\/e1843904e97b4e376a0fc90ae10372cd31bce9b207a7a3d2ca68fc7ca7e4174c?s=96&d=mm&r=g","contentUrl":"https:\/\/secure.gravatar.com\/avatar\/e1843904e97b4e376a0fc90ae10372cd31bce9b207a7a3d2ca68fc7ca7e4174c?s=96&d=mm&r=g","caption":"admin"},"sameAs":["http:\/\/strona.biblioteka-gabin.pl"],"url":"https:\/\/biblioteka-gabin.pl\/index.php\/author\/admin\/"}]}},"_links":{"self":[{"href":"https:\/\/biblioteka-gabin.pl\/index.php\/wp-json\/wp\/v2\/posts\/8546","targetHints":{"allow":["GET"]}}],"collection":[{"href":"https:\/\/biblioteka-gabin.pl\/index.php\/wp-json\/wp\/v2\/posts"}],"about":[{"href":"https:\/\/biblioteka-gabin.pl\/index.php\/wp-json\/wp\/v2\/types\/post"}],"author":[{"embeddable":true,"href":"https:\/\/biblioteka-gabin.pl\/index.php\/wp-json\/wp\/v2\/users\/1"}],"replies":[{"embeddable":true,"href":"https:\/\/biblioteka-gabin.pl\/index.php\/wp-json\/wp\/v2\/comments?post=8546"}],"version-history":[{"count":0,"href":"https:\/\/biblioteka-gabin.pl\/index.php\/wp-json\/wp\/v2\/posts\/8546\/revisions"}],"wp:attachment":[{"href":"https:\/\/biblioteka-gabin.pl\/index.php\/wp-json\/wp\/v2\/media?parent=8546"}],"wp:term":[{"taxonomy":"category","embeddable":true,"href":"https:\/\/biblioteka-gabin.pl\/index.php\/wp-json\/wp\/v2\/categories?post=8546"},{"taxonomy":"post_tag","embeddable":true,"href":"https:\/\/biblioteka-gabin.pl\/index.php\/wp-json\/wp\/v2\/tags?post=8546"}],"curies":[{"name":"wp","href":"https:\/\/api.w.org\/{rel}","templated":true}]}}