{"id":8549,"date":"2023-11-22T00:00:00","date_gmt":"2023-11-22T00:00:00","guid":{"rendered":"https:\/\/biblioteka-gabin.pl\/index.php\/2023\/11\/22\/spotkanie-z-bajka-z-przedszkolakami-i-drugoklasistami-z-borek-16-11-23r\/"},"modified":"2023-11-22T00:00:00","modified_gmt":"2023-11-22T00:00:00","slug":"spotkanie-z-bajka-z-przedszkolakami-i-drugoklasistami-z-borek-16-11-23r","status":"publish","type":"post","link":"https:\/\/biblioteka-gabin.pl\/index.php\/2023\/11\/22\/spotkanie-z-bajka-z-przedszkolakami-i-drugoklasistami-z-borek-16-11-23r\/","title":{"rendered":"&#8222;Spotkanie z bajk\u0105&#8221; z przedszkolakami i drugoklasistami z Borek (16.11.23r.)"},"content":{"rendered":"<p>Jaka\u017c to dla nas rado\u015b\u0107 go\u015bci\u0107 dzieci, kt\u00f3re po raz pierwszy odwiedzi\u0142y nasz\u0105 Bibliotek\u0119. W czwartkowe przedpo\u0142udnie przedszkolaki wraz z drugoklasistami ze Szko\u0142y Podstawowej im. K. Makuszy\u0144skiego w Borkach mieli okazj\u0119 pozna\u0107 funkcjonowanie Miejsko \u2013 Gminnej Biblioteki Publicznej w G\u0105binie.<br \/>\n\u00a0\u00a0\u00a0 Dzieci dowiedzia\u0142y si\u0119 co nale\u017cy zrobi\u0107, \u017ceby sta\u0107 si\u0119 czytelnikiem, pozna\u0142y kart\u0119 biblioteczn\u0105. Najm\u0142odszym opowiedzia\u0142am o projekcie \u201eMa\u0142a ksi\u0105\u017cka, wielki cz\u0142owiek\u201d, jaki trwa w naszej Bibliotece, kt\u00f3rego g\u0142\u00f3wnym organizatorem jest Instytut Ksi\u0105\u017cki z siedzib\u0105 w Krakowie. Poinformowa\u0142am o prezencie \u2013 ksi\u0105\u017cce, jak\u0105 dzieci otrzymuj\u0105 wraz z Kart\u0105 ma\u0142ego Czytelnika, na kt\u00f3r\u0105 zbieraj\u0105 naklejki za ka\u017cde odwiedziny w Bibliotece.<br \/>\n\u00a0\u00a0\u00a0 Ponadto przeczyta\u0142am dzieciom bajk\u0119 pt. \u201eBrzydkie kacz\u0105tko\u201d, z serii ksi\u0105\u017cek rozk\u0142adanych 3 D oraz ksi\u0105\u017ck\u0119 A. Hemming pt. \u201eZ\u0142odziej li\u015bci\u201d.<br \/>\n\u00a0\u00a0\u00a0 Nie mog\u0142o zabrakn\u0105\u0107 kr\u00f3tkiej przerwy na co\u015b s\u0142odkiego i na wsp\u00f3ln\u0105 zabaw\u0119. \u015awietnie sprawdzi\u0142a si\u0119 tablica multimedialna, kt\u00f3ra pos\u0142u\u017cy\u0142a nam do gry w rysowanie i odgadywanie hase\u0142 czyli zabaw\u0119 w \u201eKalambury\u201d. Wszyscy mogli wykaza\u0107 si\u0119 swoimi talentami podczas rysowania, \u015bmiechu by\u0142o co nie miara.<br \/>\n\u00a0\u00a0\u00a0 Dzi\u0119kujemy za mi\u0142e odwiedziny, za wys\u0142uchanie i zaanga\u017cowanie w dzisiejsze spotkanie. Mamy nadziej\u0119, \u017ce Biblioteka stanie si\u0119 miejscem, kt\u00f3re ch\u0119tnie b\u0119dzie przez Was odwiedzane. Serdecznie dzi\u0119kujemy.<br \/>\n\u00a0\u00a0\u00a0\u00a0\u00a0\u00a0\u00a0\u00a0\u00a0\u00a0\u00a0\u00a0\u00a0\u00a0\u00a0\u00a0\u00a0\u00a0\u00a0\u00a0\u00a0\u00a0\u00a0\u00a0\u00a0\u00a0\u00a0\u00a0\u00a0\u00a0\u00a0\u00a0\u00a0\u00a0\u00a0\u00a0\u00a0\u00a0\u00a0 \u00a0\u00a0\u00a0\u00a0\u00a0\u00a0\u00a0\u00a0\u00a0\u00a0\u00a0\u00a0\u00a0\u00a0\u00a0\u00a0\u00a0\u00a0\u00a0\u00a0\u00a0\u00a0\u00a0\u00a0\u00a0\u00a0\u00a0\u00a0Opr. Joanna Olejniczak<br \/>\n<img src='https:\/\/biblioteka-gabin.pl\/wp-content\/uploads\/archive\/pliki\/obraz\/2023_\/listopad\/387322624_804398678125099_4410574461168566566_n.jpg'><br \/>\n<a href='https:\/\/biblioteka-gabin.pl\/wp-content\/uploads\/archive\/galleries\/543\/3874727463875368035972933188769824967287692n-11194dd38e.jpg'><img style='max-height:300px;' src='https:\/\/biblioteka-gabin.pl\/wp-content\/uploads\/archive\/galleries\/543\/3874727463875368035972933188769824967287692n-11194dd38e.jpg'><\/a><br \/>\n<a href='https:\/\/biblioteka-gabin.pl\/wp-content\/uploads\/archive\/galleries\/543\/40362001316607907509964174494423461032046525n1-f231ab8f8b.jpg'><img style='max-height:300px;' src='https:\/\/biblioteka-gabin.pl\/wp-content\/uploads\/archive\/galleries\/543\/40362001316607907509964174494423461032046525n1-f231ab8f8b.jpg'><\/a><br \/>\n<a href='https:\/\/biblioteka-gabin.pl\/wp-content\/uploads\/archive\/galleries\/543\/39313729915048569202812658055650246790210884n1-61b6374ff8.jpg'><img style='max-height:300px;' src='https:\/\/biblioteka-gabin.pl\/wp-content\/uploads\/archive\/galleries\/543\/39313729915048569202812658055650246790210884n1-61b6374ff8.jpg'><\/a><br \/>\n<a href='https:\/\/biblioteka-gabin.pl\/wp-content\/uploads\/archive\/galleries\/543\/dscn0476-3436ee1fdb.jpg'><img style='max-height:300px;' src='https:\/\/biblioteka-gabin.pl\/wp-content\/uploads\/archive\/galleries\/543\/dscn0476-3436ee1fdb.jpg'><\/a><br \/>\n<a href='https:\/\/biblioteka-gabin.pl\/wp-content\/uploads\/archive\/galleries\/543\/dscn0482-7c561c4b55.jpg'><img style='max-height:300px;' src='https:\/\/biblioteka-gabin.pl\/wp-content\/uploads\/archive\/galleries\/543\/dscn0482-7c561c4b55.jpg'><\/a><br \/>\n<a href='https:\/\/biblioteka-gabin.pl\/wp-content\/uploads\/archive\/galleries\/543\/dscn0487-8fd04e5cf2.jpg'><img style='max-height:300px;' src='https:\/\/biblioteka-gabin.pl\/wp-content\/uploads\/archive\/galleries\/543\/dscn0487-8fd04e5cf2.jpg'><\/a><br \/>\n<a href='https:\/\/biblioteka-gabin.pl\/wp-content\/uploads\/archive\/galleries\/543\/dscn0483-22d6216897.jpg'><img style='max-height:300px;' src='https:\/\/biblioteka-gabin.pl\/wp-content\/uploads\/archive\/galleries\/543\/dscn0483-22d6216897.jpg'><\/a><br \/>\n<a href='https:\/\/biblioteka-gabin.pl\/wp-content\/uploads\/archive\/galleries\/543\/dscn0474-cfe4f9fb9a.jpg'><img style='max-height:300px;' src='https:\/\/biblioteka-gabin.pl\/wp-content\/uploads\/archive\/galleries\/543\/dscn0474-cfe4f9fb9a.jpg'><\/a><br \/>\n<a href='https:\/\/biblioteka-gabin.pl\/wp-content\/uploads\/archive\/galleries\/543\/38732972910618468848170213040690658335184552n1-e7770db4b9.jpg'><img style='max-height:300px;' src='https:\/\/biblioteka-gabin.pl\/wp-content\/uploads\/archive\/galleries\/543\/38732972910618468848170213040690658335184552n1-e7770db4b9.jpg'><\/a><br \/>\n<a href='https:\/\/biblioteka-gabin.pl\/wp-content\/uploads\/archive\/galleries\/543\/dscn0486-14cd58376b.jpg'><img style='max-height:300px;' src='https:\/\/biblioteka-gabin.pl\/wp-content\/uploads\/archive\/galleries\/543\/dscn0486-14cd58376b.jpg'><\/a><br \/>\n<a href='https:\/\/biblioteka-gabin.pl\/wp-content\/uploads\/archive\/galleries\/543\/dscn0475-c1ea503cb4.jpg'><img style='max-height:300px;' src='https:\/\/biblioteka-gabin.pl\/wp-content\/uploads\/archive\/galleries\/543\/dscn0475-c1ea503cb4.jpg'><\/a><br \/>\n<a href='https:\/\/biblioteka-gabin.pl\/wp-content\/uploads\/archive\/galleries\/543\/dscn0481-1ce2ade5eb.jpg'><img style='max-height:300px;' src='https:\/\/biblioteka-gabin.pl\/wp-content\/uploads\/archive\/galleries\/543\/dscn0481-1ce2ade5eb.jpg'><\/a><br \/>\n<a href='https:\/\/biblioteka-gabin.pl\/wp-content\/uploads\/archive\/galleries\/543\/39311001235700823632625668614799566790902391n1-933eb4b8aa.jpg'><img style='max-height:300px;' src='https:\/\/biblioteka-gabin.pl\/wp-content\/uploads\/archive\/galleries\/543\/39311001235700823632625668614799566790902391n1-933eb4b8aa.jpg'><\/a><br \/>\n<a href='https:\/\/biblioteka-gabin.pl\/wp-content\/uploads\/archive\/galleries\/543\/dscn0478-76b6158014.jpg'><img style='max-height:300px;' src='https:\/\/biblioteka-gabin.pl\/wp-content\/uploads\/archive\/galleries\/543\/dscn0478-76b6158014.jpg'><\/a><br \/>\n<a href='https:\/\/biblioteka-gabin.pl\/wp-content\/uploads\/archive\/galleries\/543\/dscn0479-6372eec47b.jpg'><img style='max-height:300px;' src='https:\/\/biblioteka-gabin.pl\/wp-content\/uploads\/archive\/galleries\/543\/dscn0479-6372eec47b.jpg'><\/a><br \/>\n<a href='https:\/\/biblioteka-gabin.pl\/wp-content\/uploads\/archive\/galleries\/543\/dscn0480-fa3b5dfa89.jpg'><img style='max-height:300px;' src='https:\/\/biblioteka-gabin.pl\/wp-content\/uploads\/archive\/galleries\/543\/dscn0480-fa3b5dfa89.jpg'><\/a><br \/>\n<a href='https:\/\/biblioteka-gabin.pl\/wp-content\/uploads\/archive\/galleries\/543\/dscn0488-bd9bfc4272.jpg'><img style='max-height:300px;' src='https:\/\/biblioteka-gabin.pl\/wp-content\/uploads\/archive\/galleries\/543\/dscn0488-bd9bfc4272.jpg'><\/a><br \/>\n<a href='https:\/\/biblioteka-gabin.pl\/wp-content\/uploads\/archive\/galleries\/543\/dscn0485-90fa627c5d.jpg'><img style='max-height:300px;' src='https:\/\/biblioteka-gabin.pl\/wp-content\/uploads\/archive\/galleries\/543\/dscn0485-90fa627c5d.jpg'><\/a><br \/>\n<a href='https:\/\/biblioteka-gabin.pl\/wp-content\/uploads\/archive\/galleries\/543\/dscn0489-9aa4ff103f.jpg'><img style='max-height:300px;' src='https:\/\/biblioteka-gabin.pl\/wp-content\/uploads\/archive\/galleries\/543\/dscn0489-9aa4ff103f.jpg'><\/a><br \/>\n<a href='https:\/\/biblioteka-gabin.pl\/wp-content\/uploads\/archive\/galleries\/543\/dscn0484-28b748488f.jpg'><img style='max-height:300px;' src='https:\/\/biblioteka-gabin.pl\/wp-content\/uploads\/archive\/galleries\/543\/dscn0484-28b748488f.jpg'><\/a><\/p>\n","protected":false},"excerpt":{"rendered":"<p>Jaka\u017c to dla nas rado\u015b\u0107 go\u015bci\u0107 dzieci, kt\u00f3re po raz<\/p>\n","protected":false},"author":1,"featured_media":0,"comment_status":"open","ping_status":"open","sticky":false,"template":"","format":"standard","meta":{"footnotes":""},"categories":[36],"tags":[],"class_list":["post-8549","post","type-post","status-publish","format-standard","hentry","category-main"],"yoast_head":"<!-- This site is optimized with the Yoast SEO plugin v27.4 - https:\/\/yoast.com\/product\/yoast-seo-wordpress\/ -->\n<title>&quot;Spotkanie z bajk\u0105&quot; z przedszkolakami i drugoklasistami z Borek (16.11.23r.) - Miejsko-Gminna Biblioteka Publiczna w G\u0105binie<\/title>\n<meta name=\"robots\" content=\"index, follow, max-snippet:-1, max-image-preview:large, max-video-preview:-1\" \/>\n<link rel=\"canonical\" href=\"http:\/\/biblioteka-gabin.pl\/index.php\/2023\/11\/22\/spotkanie-z-bajka-z-przedszkolakami-i-drugoklasistami-z-borek-16-11-23r\/\" \/>\n<meta property=\"og:locale\" content=\"pl_PL\" \/>\n<meta property=\"og:type\" content=\"article\" \/>\n<meta property=\"og:title\" content=\"&quot;Spotkanie z bajk\u0105&quot; z przedszkolakami i drugoklasistami z Borek (16.11.23r.) - Miejsko-Gminna Biblioteka Publiczna w G\u0105binie\" \/>\n<meta property=\"og:description\" content=\"Jaka\u017c to dla nas rado\u015b\u0107 go\u015bci\u0107 dzieci, kt\u00f3re po raz\" \/>\n<meta property=\"og:url\" content=\"http:\/\/biblioteka-gabin.pl\/index.php\/2023\/11\/22\/spotkanie-z-bajka-z-przedszkolakami-i-drugoklasistami-z-borek-16-11-23r\/\" \/>\n<meta property=\"og:site_name\" content=\"Miejsko-Gminna Biblioteka Publiczna w G\u0105binie\" \/>\n<meta property=\"article:publisher\" content=\"https:\/\/www.facebook.com\/bibliotekagabin\" \/>\n<meta property=\"article:published_time\" content=\"2023-11-22T00:00:00+00:00\" \/>\n<meta property=\"og:image\" content=\"https:\/\/biblioteka-gabin.pl\/wp-content\/uploads\/archive\/pliki\/obraz\/2023_\/listopad\/387322624_804398678125099_4410574461168566566_n.jpg\" \/>\n<meta name=\"author\" content=\"admin\" \/>\n<meta name=\"twitter:card\" content=\"summary_large_image\" \/>\n<meta name=\"twitter:label1\" content=\"Napisane przez\" \/>\n\t<meta name=\"twitter:data1\" content=\"admin\" \/>\n\t<meta name=\"twitter:label2\" content=\"Szacowany czas czytania\" \/>\n\t<meta name=\"twitter:data2\" content=\"1 minuta\" \/>\n<script type=\"application\/ld+json\" class=\"yoast-schema-graph\">{\"@context\":\"https:\\\/\\\/schema.org\",\"@graph\":[{\"@type\":\"Article\",\"@id\":\"http:\\\/\\\/biblioteka-gabin.pl\\\/index.php\\\/2023\\\/11\\\/22\\\/spotkanie-z-bajka-z-przedszkolakami-i-drugoklasistami-z-borek-16-11-23r\\\/#article\",\"isPartOf\":{\"@id\":\"http:\\\/\\\/biblioteka-gabin.pl\\\/index.php\\\/2023\\\/11\\\/22\\\/spotkanie-z-bajka-z-przedszkolakami-i-drugoklasistami-z-borek-16-11-23r\\\/\"},\"author\":{\"name\":\"admin\",\"@id\":\"https:\\\/\\\/biblioteka-gabin.pl\\\/#\\\/schema\\\/person\\\/2067b97c24663d987ef6ef95bed7c99a\"},\"headline\":\"&#8222;Spotkanie z bajk\u0105&#8221; z przedszkolakami i drugoklasistami z Borek (16.11.23r.)\",\"datePublished\":\"2023-11-22T00:00:00+00:00\",\"mainEntityOfPage\":{\"@id\":\"http:\\\/\\\/biblioteka-gabin.pl\\\/index.php\\\/2023\\\/11\\\/22\\\/spotkanie-z-bajka-z-przedszkolakami-i-drugoklasistami-z-borek-16-11-23r\\\/\"},\"wordCount\":246,\"commentCount\":0,\"publisher\":{\"@id\":\"https:\\\/\\\/biblioteka-gabin.pl\\\/#organization\"},\"image\":{\"@id\":\"http:\\\/\\\/biblioteka-gabin.pl\\\/index.php\\\/2023\\\/11\\\/22\\\/spotkanie-z-bajka-z-przedszkolakami-i-drugoklasistami-z-borek-16-11-23r\\\/#primaryimage\"},\"thumbnailUrl\":\"https:\\\/\\\/biblioteka-gabin.pl\\\/wp-content\\\/uploads\\\/archive\\\/pliki\\\/obraz\\\/2023_\\\/listopad\\\/387322624_804398678125099_4410574461168566566_n.jpg\",\"articleSection\":[\"Main\"],\"inLanguage\":\"pl-PL\",\"potentialAction\":[{\"@type\":\"CommentAction\",\"name\":\"Comment\",\"target\":[\"http:\\\/\\\/biblioteka-gabin.pl\\\/index.php\\\/2023\\\/11\\\/22\\\/spotkanie-z-bajka-z-przedszkolakami-i-drugoklasistami-z-borek-16-11-23r\\\/#respond\"]}]},{\"@type\":\"WebPage\",\"@id\":\"http:\\\/\\\/biblioteka-gabin.pl\\\/index.php\\\/2023\\\/11\\\/22\\\/spotkanie-z-bajka-z-przedszkolakami-i-drugoklasistami-z-borek-16-11-23r\\\/\",\"url\":\"http:\\\/\\\/biblioteka-gabin.pl\\\/index.php\\\/2023\\\/11\\\/22\\\/spotkanie-z-bajka-z-przedszkolakami-i-drugoklasistami-z-borek-16-11-23r\\\/\",\"name\":\"\\\"Spotkanie z bajk\u0105\\\" z przedszkolakami i drugoklasistami z Borek (16.11.23r.) - Miejsko-Gminna Biblioteka Publiczna w G\u0105binie\",\"isPartOf\":{\"@id\":\"https:\\\/\\\/biblioteka-gabin.pl\\\/#website\"},\"primaryImageOfPage\":{\"@id\":\"http:\\\/\\\/biblioteka-gabin.pl\\\/index.php\\\/2023\\\/11\\\/22\\\/spotkanie-z-bajka-z-przedszkolakami-i-drugoklasistami-z-borek-16-11-23r\\\/#primaryimage\"},\"image\":{\"@id\":\"http:\\\/\\\/biblioteka-gabin.pl\\\/index.php\\\/2023\\\/11\\\/22\\\/spotkanie-z-bajka-z-przedszkolakami-i-drugoklasistami-z-borek-16-11-23r\\\/#primaryimage\"},\"thumbnailUrl\":\"https:\\\/\\\/biblioteka-gabin.pl\\\/wp-content\\\/uploads\\\/archive\\\/pliki\\\/obraz\\\/2023_\\\/listopad\\\/387322624_804398678125099_4410574461168566566_n.jpg\",\"datePublished\":\"2023-11-22T00:00:00+00:00\",\"breadcrumb\":{\"@id\":\"http:\\\/\\\/biblioteka-gabin.pl\\\/index.php\\\/2023\\\/11\\\/22\\\/spotkanie-z-bajka-z-przedszkolakami-i-drugoklasistami-z-borek-16-11-23r\\\/#breadcrumb\"},\"inLanguage\":\"pl-PL\",\"potentialAction\":[{\"@type\":\"ReadAction\",\"target\":[\"http:\\\/\\\/biblioteka-gabin.pl\\\/index.php\\\/2023\\\/11\\\/22\\\/spotkanie-z-bajka-z-przedszkolakami-i-drugoklasistami-z-borek-16-11-23r\\\/\"]}]},{\"@type\":\"ImageObject\",\"inLanguage\":\"pl-PL\",\"@id\":\"http:\\\/\\\/biblioteka-gabin.pl\\\/index.php\\\/2023\\\/11\\\/22\\\/spotkanie-z-bajka-z-przedszkolakami-i-drugoklasistami-z-borek-16-11-23r\\\/#primaryimage\",\"url\":\"https:\\\/\\\/biblioteka-gabin.pl\\\/wp-content\\\/uploads\\\/archive\\\/pliki\\\/obraz\\\/2023_\\\/listopad\\\/387322624_804398678125099_4410574461168566566_n.jpg\",\"contentUrl\":\"https:\\\/\\\/biblioteka-gabin.pl\\\/wp-content\\\/uploads\\\/archive\\\/pliki\\\/obraz\\\/2023_\\\/listopad\\\/387322624_804398678125099_4410574461168566566_n.jpg\"},{\"@type\":\"BreadcrumbList\",\"@id\":\"http:\\\/\\\/biblioteka-gabin.pl\\\/index.php\\\/2023\\\/11\\\/22\\\/spotkanie-z-bajka-z-przedszkolakami-i-drugoklasistami-z-borek-16-11-23r\\\/#breadcrumb\",\"itemListElement\":[{\"@type\":\"ListItem\",\"position\":1,\"name\":\"Strona g\u0142\u00f3wna\",\"item\":\"https:\\\/\\\/biblioteka-gabin.pl\\\/\"},{\"@type\":\"ListItem\",\"position\":2,\"name\":\"&#8222;Spotkanie z bajk\u0105&#8221; z przedszkolakami i drugoklasistami z Borek (16.11.23r.)\"}]},{\"@type\":\"WebSite\",\"@id\":\"https:\\\/\\\/biblioteka-gabin.pl\\\/#website\",\"url\":\"https:\\\/\\\/biblioteka-gabin.pl\\\/\",\"name\":\"Miejsko-Gminna Biblioteka Publiczna w G\u0105binie\",\"description\":\"\",\"publisher\":{\"@id\":\"https:\\\/\\\/biblioteka-gabin.pl\\\/#organization\"},\"potentialAction\":[{\"@type\":\"SearchAction\",\"target\":{\"@type\":\"EntryPoint\",\"urlTemplate\":\"https:\\\/\\\/biblioteka-gabin.pl\\\/?s={search_term_string}\"},\"query-input\":{\"@type\":\"PropertyValueSpecification\",\"valueRequired\":true,\"valueName\":\"search_term_string\"}}],\"inLanguage\":\"pl-PL\"},{\"@type\":\"Organization\",\"@id\":\"https:\\\/\\\/biblioteka-gabin.pl\\\/#organization\",\"name\":\"Miejsko-Gminna Biblioteka Publiczna w G\u0105binie\",\"url\":\"https:\\\/\\\/biblioteka-gabin.pl\\\/\",\"logo\":{\"@type\":\"ImageObject\",\"inLanguage\":\"pl-PL\",\"@id\":\"https:\\\/\\\/biblioteka-gabin.pl\\\/#\\\/schema\\\/logo\\\/image\\\/\",\"url\":\"https:\\\/\\\/biblioteka-gabin.pl\\\/wp-content\\\/uploads\\\/2025\\\/03\\\/logo-biblioteka-2-1657013691-1.jpg\",\"contentUrl\":\"https:\\\/\\\/biblioteka-gabin.pl\\\/wp-content\\\/uploads\\\/2025\\\/03\\\/logo-biblioteka-2-1657013691-1.jpg\",\"width\":1600,\"height\":772,\"caption\":\"Miejsko-Gminna Biblioteka Publiczna w G\u0105binie\"},\"image\":{\"@id\":\"https:\\\/\\\/biblioteka-gabin.pl\\\/#\\\/schema\\\/logo\\\/image\\\/\"},\"sameAs\":[\"https:\\\/\\\/www.facebook.com\\\/bibliotekagabin\",\"https:\\\/\\\/www.youtube.com\\\/@mgbpgabin9392\"]},{\"@type\":\"Person\",\"@id\":\"https:\\\/\\\/biblioteka-gabin.pl\\\/#\\\/schema\\\/person\\\/2067b97c24663d987ef6ef95bed7c99a\",\"name\":\"admin\",\"image\":{\"@type\":\"ImageObject\",\"inLanguage\":\"pl-PL\",\"@id\":\"https:\\\/\\\/secure.gravatar.com\\\/avatar\\\/e1843904e97b4e376a0fc90ae10372cd31bce9b207a7a3d2ca68fc7ca7e4174c?s=96&d=mm&r=g\",\"url\":\"https:\\\/\\\/secure.gravatar.com\\\/avatar\\\/e1843904e97b4e376a0fc90ae10372cd31bce9b207a7a3d2ca68fc7ca7e4174c?s=96&d=mm&r=g\",\"contentUrl\":\"https:\\\/\\\/secure.gravatar.com\\\/avatar\\\/e1843904e97b4e376a0fc90ae10372cd31bce9b207a7a3d2ca68fc7ca7e4174c?s=96&d=mm&r=g\",\"caption\":\"admin\"},\"sameAs\":[\"http:\\\/\\\/strona.biblioteka-gabin.pl\"],\"url\":\"https:\\\/\\\/biblioteka-gabin.pl\\\/index.php\\\/author\\\/admin\\\/\"}]}<\/script>\n<!-- \/ Yoast SEO plugin. -->","yoast_head_json":{"title":"\"Spotkanie z bajk\u0105\" z przedszkolakami i drugoklasistami z Borek (16.11.23r.) - Miejsko-Gminna Biblioteka Publiczna w G\u0105binie","robots":{"index":"index","follow":"follow","max-snippet":"max-snippet:-1","max-image-preview":"max-image-preview:large","max-video-preview":"max-video-preview:-1"},"canonical":"http:\/\/biblioteka-gabin.pl\/index.php\/2023\/11\/22\/spotkanie-z-bajka-z-przedszkolakami-i-drugoklasistami-z-borek-16-11-23r\/","og_locale":"pl_PL","og_type":"article","og_title":"\"Spotkanie z bajk\u0105\" z przedszkolakami i drugoklasistami z Borek (16.11.23r.) - Miejsko-Gminna Biblioteka Publiczna w G\u0105binie","og_description":"Jaka\u017c to dla nas rado\u015b\u0107 go\u015bci\u0107 dzieci, kt\u00f3re po raz","og_url":"http:\/\/biblioteka-gabin.pl\/index.php\/2023\/11\/22\/spotkanie-z-bajka-z-przedszkolakami-i-drugoklasistami-z-borek-16-11-23r\/","og_site_name":"Miejsko-Gminna Biblioteka Publiczna w G\u0105binie","article_publisher":"https:\/\/www.facebook.com\/bibliotekagabin","article_published_time":"2023-11-22T00:00:00+00:00","og_image":[{"url":"https:\/\/biblioteka-gabin.pl\/wp-content\/uploads\/archive\/pliki\/obraz\/2023_\/listopad\/387322624_804398678125099_4410574461168566566_n.jpg","type":"","width":"","height":""}],"author":"admin","twitter_card":"summary_large_image","twitter_misc":{"Napisane przez":"admin","Szacowany czas czytania":"1 minuta"},"schema":{"@context":"https:\/\/schema.org","@graph":[{"@type":"Article","@id":"http:\/\/biblioteka-gabin.pl\/index.php\/2023\/11\/22\/spotkanie-z-bajka-z-przedszkolakami-i-drugoklasistami-z-borek-16-11-23r\/#article","isPartOf":{"@id":"http:\/\/biblioteka-gabin.pl\/index.php\/2023\/11\/22\/spotkanie-z-bajka-z-przedszkolakami-i-drugoklasistami-z-borek-16-11-23r\/"},"author":{"name":"admin","@id":"https:\/\/biblioteka-gabin.pl\/#\/schema\/person\/2067b97c24663d987ef6ef95bed7c99a"},"headline":"&#8222;Spotkanie z bajk\u0105&#8221; z przedszkolakami i drugoklasistami z Borek (16.11.23r.)","datePublished":"2023-11-22T00:00:00+00:00","mainEntityOfPage":{"@id":"http:\/\/biblioteka-gabin.pl\/index.php\/2023\/11\/22\/spotkanie-z-bajka-z-przedszkolakami-i-drugoklasistami-z-borek-16-11-23r\/"},"wordCount":246,"commentCount":0,"publisher":{"@id":"https:\/\/biblioteka-gabin.pl\/#organization"},"image":{"@id":"http:\/\/biblioteka-gabin.pl\/index.php\/2023\/11\/22\/spotkanie-z-bajka-z-przedszkolakami-i-drugoklasistami-z-borek-16-11-23r\/#primaryimage"},"thumbnailUrl":"https:\/\/biblioteka-gabin.pl\/wp-content\/uploads\/archive\/pliki\/obraz\/2023_\/listopad\/387322624_804398678125099_4410574461168566566_n.jpg","articleSection":["Main"],"inLanguage":"pl-PL","potentialAction":[{"@type":"CommentAction","name":"Comment","target":["http:\/\/biblioteka-gabin.pl\/index.php\/2023\/11\/22\/spotkanie-z-bajka-z-przedszkolakami-i-drugoklasistami-z-borek-16-11-23r\/#respond"]}]},{"@type":"WebPage","@id":"http:\/\/biblioteka-gabin.pl\/index.php\/2023\/11\/22\/spotkanie-z-bajka-z-przedszkolakami-i-drugoklasistami-z-borek-16-11-23r\/","url":"http:\/\/biblioteka-gabin.pl\/index.php\/2023\/11\/22\/spotkanie-z-bajka-z-przedszkolakami-i-drugoklasistami-z-borek-16-11-23r\/","name":"\"Spotkanie z bajk\u0105\" z przedszkolakami i drugoklasistami z Borek (16.11.23r.) - Miejsko-Gminna Biblioteka Publiczna w G\u0105binie","isPartOf":{"@id":"https:\/\/biblioteka-gabin.pl\/#website"},"primaryImageOfPage":{"@id":"http:\/\/biblioteka-gabin.pl\/index.php\/2023\/11\/22\/spotkanie-z-bajka-z-przedszkolakami-i-drugoklasistami-z-borek-16-11-23r\/#primaryimage"},"image":{"@id":"http:\/\/biblioteka-gabin.pl\/index.php\/2023\/11\/22\/spotkanie-z-bajka-z-przedszkolakami-i-drugoklasistami-z-borek-16-11-23r\/#primaryimage"},"thumbnailUrl":"https:\/\/biblioteka-gabin.pl\/wp-content\/uploads\/archive\/pliki\/obraz\/2023_\/listopad\/387322624_804398678125099_4410574461168566566_n.jpg","datePublished":"2023-11-22T00:00:00+00:00","breadcrumb":{"@id":"http:\/\/biblioteka-gabin.pl\/index.php\/2023\/11\/22\/spotkanie-z-bajka-z-przedszkolakami-i-drugoklasistami-z-borek-16-11-23r\/#breadcrumb"},"inLanguage":"pl-PL","potentialAction":[{"@type":"ReadAction","target":["http:\/\/biblioteka-gabin.pl\/index.php\/2023\/11\/22\/spotkanie-z-bajka-z-przedszkolakami-i-drugoklasistami-z-borek-16-11-23r\/"]}]},{"@type":"ImageObject","inLanguage":"pl-PL","@id":"http:\/\/biblioteka-gabin.pl\/index.php\/2023\/11\/22\/spotkanie-z-bajka-z-przedszkolakami-i-drugoklasistami-z-borek-16-11-23r\/#primaryimage","url":"https:\/\/biblioteka-gabin.pl\/wp-content\/uploads\/archive\/pliki\/obraz\/2023_\/listopad\/387322624_804398678125099_4410574461168566566_n.jpg","contentUrl":"https:\/\/biblioteka-gabin.pl\/wp-content\/uploads\/archive\/pliki\/obraz\/2023_\/listopad\/387322624_804398678125099_4410574461168566566_n.jpg"},{"@type":"BreadcrumbList","@id":"http:\/\/biblioteka-gabin.pl\/index.php\/2023\/11\/22\/spotkanie-z-bajka-z-przedszkolakami-i-drugoklasistami-z-borek-16-11-23r\/#breadcrumb","itemListElement":[{"@type":"ListItem","position":1,"name":"Strona g\u0142\u00f3wna","item":"https:\/\/biblioteka-gabin.pl\/"},{"@type":"ListItem","position":2,"name":"&#8222;Spotkanie z bajk\u0105&#8221; z przedszkolakami i drugoklasistami z Borek (16.11.23r.)"}]},{"@type":"WebSite","@id":"https:\/\/biblioteka-gabin.pl\/#website","url":"https:\/\/biblioteka-gabin.pl\/","name":"Miejsko-Gminna Biblioteka Publiczna w G\u0105binie","description":"","publisher":{"@id":"https:\/\/biblioteka-gabin.pl\/#organization"},"potentialAction":[{"@type":"SearchAction","target":{"@type":"EntryPoint","urlTemplate":"https:\/\/biblioteka-gabin.pl\/?s={search_term_string}"},"query-input":{"@type":"PropertyValueSpecification","valueRequired":true,"valueName":"search_term_string"}}],"inLanguage":"pl-PL"},{"@type":"Organization","@id":"https:\/\/biblioteka-gabin.pl\/#organization","name":"Miejsko-Gminna Biblioteka Publiczna w G\u0105binie","url":"https:\/\/biblioteka-gabin.pl\/","logo":{"@type":"ImageObject","inLanguage":"pl-PL","@id":"https:\/\/biblioteka-gabin.pl\/#\/schema\/logo\/image\/","url":"https:\/\/biblioteka-gabin.pl\/wp-content\/uploads\/2025\/03\/logo-biblioteka-2-1657013691-1.jpg","contentUrl":"https:\/\/biblioteka-gabin.pl\/wp-content\/uploads\/2025\/03\/logo-biblioteka-2-1657013691-1.jpg","width":1600,"height":772,"caption":"Miejsko-Gminna Biblioteka Publiczna w G\u0105binie"},"image":{"@id":"https:\/\/biblioteka-gabin.pl\/#\/schema\/logo\/image\/"},"sameAs":["https:\/\/www.facebook.com\/bibliotekagabin","https:\/\/www.youtube.com\/@mgbpgabin9392"]},{"@type":"Person","@id":"https:\/\/biblioteka-gabin.pl\/#\/schema\/person\/2067b97c24663d987ef6ef95bed7c99a","name":"admin","image":{"@type":"ImageObject","inLanguage":"pl-PL","@id":"https:\/\/secure.gravatar.com\/avatar\/e1843904e97b4e376a0fc90ae10372cd31bce9b207a7a3d2ca68fc7ca7e4174c?s=96&d=mm&r=g","url":"https:\/\/secure.gravatar.com\/avatar\/e1843904e97b4e376a0fc90ae10372cd31bce9b207a7a3d2ca68fc7ca7e4174c?s=96&d=mm&r=g","contentUrl":"https:\/\/secure.gravatar.com\/avatar\/e1843904e97b4e376a0fc90ae10372cd31bce9b207a7a3d2ca68fc7ca7e4174c?s=96&d=mm&r=g","caption":"admin"},"sameAs":["http:\/\/strona.biblioteka-gabin.pl"],"url":"https:\/\/biblioteka-gabin.pl\/index.php\/author\/admin\/"}]}},"_links":{"self":[{"href":"https:\/\/biblioteka-gabin.pl\/index.php\/wp-json\/wp\/v2\/posts\/8549","targetHints":{"allow":["GET"]}}],"collection":[{"href":"https:\/\/biblioteka-gabin.pl\/index.php\/wp-json\/wp\/v2\/posts"}],"about":[{"href":"https:\/\/biblioteka-gabin.pl\/index.php\/wp-json\/wp\/v2\/types\/post"}],"author":[{"embeddable":true,"href":"https:\/\/biblioteka-gabin.pl\/index.php\/wp-json\/wp\/v2\/users\/1"}],"replies":[{"embeddable":true,"href":"https:\/\/biblioteka-gabin.pl\/index.php\/wp-json\/wp\/v2\/comments?post=8549"}],"version-history":[{"count":0,"href":"https:\/\/biblioteka-gabin.pl\/index.php\/wp-json\/wp\/v2\/posts\/8549\/revisions"}],"wp:attachment":[{"href":"https:\/\/biblioteka-gabin.pl\/index.php\/wp-json\/wp\/v2\/media?parent=8549"}],"wp:term":[{"taxonomy":"category","embeddable":true,"href":"https:\/\/biblioteka-gabin.pl\/index.php\/wp-json\/wp\/v2\/categories?post=8549"},{"taxonomy":"post_tag","embeddable":true,"href":"https:\/\/biblioteka-gabin.pl\/index.php\/wp-json\/wp\/v2\/tags?post=8549"}],"curies":[{"name":"wp","href":"https:\/\/api.w.org\/{rel}","templated":true}]}}