{"id":8562,"date":"2024-04-23T00:00:00","date_gmt":"2024-04-23T00:00:00","guid":{"rendered":"https:\/\/biblioteka-gabin.pl\/index.php\/2024\/04\/23\/spotkanie-z-dziecmi-z-oddzialu-przedszkolnego-przy-szkole-podstawowej-w-gabinie-swiatowy-dzien-ksiazki-i-praw-autorskich-23-04-2024\/"},"modified":"2024-04-23T00:00:00","modified_gmt":"2024-04-23T00:00:00","slug":"spotkanie-z-dziecmi-z-oddzialu-przedszkolnego-przy-szkole-podstawowej-w-gabinie-swiatowy-dzien-ksiazki-i-praw-autorskich-23-04-2024","status":"publish","type":"post","link":"https:\/\/biblioteka-gabin.pl\/index.php\/2024\/04\/23\/spotkanie-z-dziecmi-z-oddzialu-przedszkolnego-przy-szkole-podstawowej-w-gabinie-swiatowy-dzien-ksiazki-i-praw-autorskich-23-04-2024\/","title":{"rendered":"Spotkanie z dzie\u0107mi z Oddzia\u0142u Przedszkolnego przy Szkole Podstawowej w G\u0105binie &#8211; \u015awiatowy Dzie\u0144 Ksi\u0105\u017cki i Praw Autorskich (23.04.2024)"},"content":{"rendered":"<p>Dnia 23 kwietnia obchodzimy \u015awiatowy Dzie\u0144 Ksi\u0105\u017cki i Praw Autorskich. Z okazji tego \u015bwi\u0119ta odwiedzi\u0142y nas trzy grupy dzieci: \u201eJag\u00f3dki\u201d, \u201eElfy\u201d oraz \u201eGumisie\u201d.<br \/>\n\u00a0\u00a0\u00a0\u00a0 Zaj\u0119cia we wszystkich grupach rozpocz\u0119\u0142a Pani Ewa Lewandowska- Starszy Kustosz Bibliotekarz. Po przywitaniu si\u0119 z dzie\u0107mi, Pani Ewa opowiedzia\u0142a o dzisiejszym \u015bwi\u0119cie, o prawach autorskich.<br \/>\n\u00a0\u00a0\u00a0\u00a0\u00a0 Dzisiejsze spotkanie wygl\u0105da\u0142o nieco inaczej. Zale\u017ca\u0142o nam na tym, aby pokaza\u0107 dzieciom inny spos\u00f3b pracy z ksi\u0105\u017ck\u0105. Nie zabrak\u0142o przeczytanej ksi\u0105\u017cki: J. Tylmana pt. \u201eMi\u0142o\u015b\u0107 na czterech \u0142apach\u201d.<br \/>\n\u00a0\u00a0\u00a0 Pokaza\u0142y\u015bmy uczestnikom zaj\u0119\u0107 specjaln\u0105 ksi\u0105\u017ck\u0119 interaktywn\u0105 pt. \u201e\u015awiat zwierz\u0105t\u201d z serii Czytaj z albikiem \u2013 specjalnym pi\u00f3rem. Wszystkie dzieci z du\u017cym zainteresowaniem utworzy\u0142y na pod\u0142odze k\u00f3\u0142ko, w kt\u00f3rym si\u0119 zgromadzili, z ksi\u0105\u017ck\u0105 na czele. Magiczne pi\u00f3ro m\u00f3wi\u0142o co nale\u017cy przycisn\u0105\u0107, aby rozpocz\u0105\u0107 gr\u0119. By\u0142a to \u015bwietna zabawa poprzez nauk\u0119. Wiele interesuj\u0105cych ciekawostek dzieci mog\u0142y wynie\u015b\u0107 z dzisiejszego spotkania. Na koniec by\u0142 quiz, kt\u00f3ry sprawdzi\u0142 z jak\u0105 uwag\u0105 i zainteresowaniem albik by\u0142 wys\u0142uchany. Ka\u017cda z grup bezb\u0142\u0119dnie odpowiedzia\u0142a na wszystkie pytania, co \u015bwiadczy o dobrym zapami\u0119tywaniu i dobrym ws\u0142uchaniu si\u0119 w zagadki.<br \/>\n\u00a0\u00a0\u00a0 Wszystkie Panie Bibliotekarki serdecznie dzi\u0119kuj\u0105 za mi\u0142e spotkanie. Bardzo dzi\u0119kujemy za prezent, jaki otrzyma\u0142y\u015bmy od: \u201eJag\u00f3dek\u201d, \u201eElf\u00f3w\u201d oraz \u201eGumisi\u00f3w\u201d. Mamy nadziej\u0119, \u017ce niebawem b\u0119dzie kolejna okazja, aby doko\u0144czy\u0107 \u015bwietn\u0105 zabaw\u0119 z albikiem.<br \/>\n\u00a0\u00a0\u00a0\u00a0\u00a0\u00a0\u00a0\u00a0\u00a0\u00a0\u00a0\u00a0\u00a0\u00a0\u00a0\u00a0\u00a0\u00a0\u00a0\u00a0\u00a0\u00a0\u00a0\u00a0\u00a0\u00a0\u00a0\u00a0\u00a0\u00a0\u00a0\u00a0\u00a0\u00a0\u00a0\u00a0\u00a0\u00a0\u00a0\u00a0\u00a0\u00a0\u00a0\u00a0\u00a0\u00a0\u00a0\u00a0\u00a0\u00a0\u00a0 Opr. Joanna Olejniczak<br \/>\n<img src='https:\/\/biblioteka-gabin.pl\/wp-content\/uploads\/archive\/pliki\/obraz\/2024\/kwiecie\/436646102_1195188048559214_5637359815392107226_n.jpg'><br \/>\n<a href='https:\/\/biblioteka-gabin.pl\/wp-content\/uploads\/archive\/galleries\/575\/43664610211951880485592145637359815392107226n-3ba2d388f1.jpg'><img style='max-height:300px;' src='https:\/\/biblioteka-gabin.pl\/wp-content\/uploads\/archive\/galleries\/575\/43664610211951880485592145637359815392107226n-3ba2d388f1.jpg'><\/a><br \/>\n<a href='https:\/\/biblioteka-gabin.pl\/wp-content\/uploads\/archive\/galleries\/575\/43559790910717069172665923224129590112609910n-bbb5a3080a.jpg'><img style='max-height:300px;' src='https:\/\/biblioteka-gabin.pl\/wp-content\/uploads\/archive\/galleries\/575\/43559790910717069172665923224129590112609910n-bbb5a3080a.jpg'><\/a><br \/>\n<a href='https:\/\/biblioteka-gabin.pl\/wp-content\/uploads\/archive\/galleries\/575\/dscn0808-50ce8b32ef.jpg'><img style='max-height:300px;' src='https:\/\/biblioteka-gabin.pl\/wp-content\/uploads\/archive\/galleries\/575\/dscn0808-50ce8b32ef.jpg'><\/a><br \/>\n<a href='https:\/\/biblioteka-gabin.pl\/wp-content\/uploads\/archive\/galleries\/575\/dscn0775-56129c42ed.jpg'><img style='max-height:300px;' src='https:\/\/biblioteka-gabin.pl\/wp-content\/uploads\/archive\/galleries\/575\/dscn0775-56129c42ed.jpg'><\/a><br \/>\n<a href='https:\/\/biblioteka-gabin.pl\/wp-content\/uploads\/archive\/galleries\/575\/dscn0781-93c3f2b101.jpg'><img style='max-height:300px;' src='https:\/\/biblioteka-gabin.pl\/wp-content\/uploads\/archive\/galleries\/575\/dscn0781-93c3f2b101.jpg'><\/a><br \/>\n<a href='https:\/\/biblioteka-gabin.pl\/wp-content\/uploads\/archive\/galleries\/575\/dscn0825-ee315c9279.jpg'><img style='max-height:300px;' src='https:\/\/biblioteka-gabin.pl\/wp-content\/uploads\/archive\/galleries\/575\/dscn0825-ee315c9279.jpg'><\/a><br \/>\n<a href='https:\/\/biblioteka-gabin.pl\/wp-content\/uploads\/archive\/galleries\/575\/dscn0765-574c61eb2b.jpg'><img style='max-height:300px;' src='https:\/\/biblioteka-gabin.pl\/wp-content\/uploads\/archive\/galleries\/575\/dscn0765-574c61eb2b.jpg'><\/a><br \/>\n<a href='https:\/\/biblioteka-gabin.pl\/wp-content\/uploads\/archive\/galleries\/575\/dscn0766-b45a0d2da5.jpg'><img style='max-height:300px;' src='https:\/\/biblioteka-gabin.pl\/wp-content\/uploads\/archive\/galleries\/575\/dscn0766-b45a0d2da5.jpg'><\/a><br \/>\n<a href='https:\/\/biblioteka-gabin.pl\/wp-content\/uploads\/archive\/galleries\/575\/dscn0817-a0025d8908.jpg'><img style='max-height:300px;' src='https:\/\/biblioteka-gabin.pl\/wp-content\/uploads\/archive\/galleries\/575\/dscn0817-a0025d8908.jpg'><\/a><br \/>\n<a href='https:\/\/biblioteka-gabin.pl\/wp-content\/uploads\/archive\/galleries\/575\/dscn0811-94feecc55e.jpg'><img style='max-height:300px;' src='https:\/\/biblioteka-gabin.pl\/wp-content\/uploads\/archive\/galleries\/575\/dscn0811-94feecc55e.jpg'><\/a><br \/>\n<a href='https:\/\/biblioteka-gabin.pl\/wp-content\/uploads\/archive\/galleries\/575\/dscn0768-15dec043a3.jpg'><img style='max-height:300px;' src='https:\/\/biblioteka-gabin.pl\/wp-content\/uploads\/archive\/galleries\/575\/dscn0768-15dec043a3.jpg'><\/a><br \/>\n<a href='https:\/\/biblioteka-gabin.pl\/wp-content\/uploads\/archive\/galleries\/575\/dscn0809-2740f878eb.jpg'><img style='max-height:300px;' src='https:\/\/biblioteka-gabin.pl\/wp-content\/uploads\/archive\/galleries\/575\/dscn0809-2740f878eb.jpg'><\/a><br \/>\n<a href='https:\/\/biblioteka-gabin.pl\/wp-content\/uploads\/archive\/galleries\/575\/dscn0776-74db805c0b.jpg'><img style='max-height:300px;' src='https:\/\/biblioteka-gabin.pl\/wp-content\/uploads\/archive\/galleries\/575\/dscn0776-74db805c0b.jpg'><\/a><br \/>\n<a href='https:\/\/biblioteka-gabin.pl\/wp-content\/uploads\/archive\/galleries\/575\/dscn0800-ef9c4237fc.jpg'><img style='max-height:300px;' src='https:\/\/biblioteka-gabin.pl\/wp-content\/uploads\/archive\/galleries\/575\/dscn0800-ef9c4237fc.jpg'><\/a><br \/>\n<a href='https:\/\/biblioteka-gabin.pl\/wp-content\/uploads\/archive\/galleries\/575\/dscn0783-65b27cf7f8.jpg'><img style='max-height:300px;' src='https:\/\/biblioteka-gabin.pl\/wp-content\/uploads\/archive\/galleries\/575\/dscn0783-65b27cf7f8.jpg'><\/a><br \/>\n<a href='https:\/\/biblioteka-gabin.pl\/wp-content\/uploads\/archive\/galleries\/575\/dscn0773-2da251db49.jpg'><img style='max-height:300px;' src='https:\/\/biblioteka-gabin.pl\/wp-content\/uploads\/archive\/galleries\/575\/dscn0773-2da251db49.jpg'><\/a><br \/>\n<a href='https:\/\/biblioteka-gabin.pl\/wp-content\/uploads\/archive\/galleries\/575\/dscn0784-c198beadad.jpg'><img style='max-height:300px;' src='https:\/\/biblioteka-gabin.pl\/wp-content\/uploads\/archive\/galleries\/575\/dscn0784-c198beadad.jpg'><\/a><br \/>\n<a href='https:\/\/biblioteka-gabin.pl\/wp-content\/uploads\/archive\/galleries\/575\/dscn0802-5252a9d24e.jpg'><img style='max-height:300px;' src='https:\/\/biblioteka-gabin.pl\/wp-content\/uploads\/archive\/galleries\/575\/dscn0802-5252a9d24e.jpg'><\/a><br \/>\n<a href='https:\/\/biblioteka-gabin.pl\/wp-content\/uploads\/archive\/galleries\/575\/dscn0786-280ae4ed94.jpg'><img style='max-height:300px;' src='https:\/\/biblioteka-gabin.pl\/wp-content\/uploads\/archive\/galleries\/575\/dscn0786-280ae4ed94.jpg'><\/a><br \/>\n<a href='https:\/\/biblioteka-gabin.pl\/wp-content\/uploads\/archive\/galleries\/575\/dscn0788-7c3c8f83ac.jpg'><img style='max-height:300px;' src='https:\/\/biblioteka-gabin.pl\/wp-content\/uploads\/archive\/galleries\/575\/dscn0788-7c3c8f83ac.jpg'><\/a><br \/>\n<a href='https:\/\/biblioteka-gabin.pl\/wp-content\/uploads\/archive\/galleries\/575\/dscn0852-3ce540e162.jpg'><img style='max-height:300px;' src='https:\/\/biblioteka-gabin.pl\/wp-content\/uploads\/archive\/galleries\/575\/dscn0852-3ce540e162.jpg'><\/a><br \/>\n<a href='https:\/\/biblioteka-gabin.pl\/wp-content\/uploads\/archive\/galleries\/575\/dscn0853-de0419c364.jpg'><img style='max-height:300px;' src='https:\/\/biblioteka-gabin.pl\/wp-content\/uploads\/archive\/galleries\/575\/dscn0853-de0419c364.jpg'><\/a><br \/>\n<a href='https:\/\/biblioteka-gabin.pl\/wp-content\/uploads\/archive\/galleries\/575\/dscn0843-7c5bb4deb5.jpg'><img style='max-height:300px;' src='https:\/\/biblioteka-gabin.pl\/wp-content\/uploads\/archive\/galleries\/575\/dscn0843-7c5bb4deb5.jpg'><\/a><br \/>\n<a href='https:\/\/biblioteka-gabin.pl\/wp-content\/uploads\/archive\/galleries\/575\/dscn0844-48feaf127d.jpg'><img style='max-height:300px;' src='https:\/\/biblioteka-gabin.pl\/wp-content\/uploads\/archive\/galleries\/575\/dscn0844-48feaf127d.jpg'><\/a><br \/>\n<a href='https:\/\/biblioteka-gabin.pl\/wp-content\/uploads\/archive\/galleries\/575\/dscn0846-4be46b5b17.jpg'><img style='max-height:300px;' src='https:\/\/biblioteka-gabin.pl\/wp-content\/uploads\/archive\/galleries\/575\/dscn0846-4be46b5b17.jpg'><\/a><\/p>\n","protected":false},"excerpt":{"rendered":"<p>Dnia 23 kwietnia obchodzimy \u015awiatowy Dzie\u0144 Ksi\u0105\u017cki i Praw Autorskich.<\/p>\n","protected":false},"author":1,"featured_media":0,"comment_status":"open","ping_status":"open","sticky":false,"template":"","format":"standard","meta":{"footnotes":""},"categories":[36],"tags":[],"class_list":["post-8562","post","type-post","status-publish","format-standard","hentry","category-main"],"yoast_head":"<!-- This site is optimized with the Yoast SEO plugin v27.4 - https:\/\/yoast.com\/product\/yoast-seo-wordpress\/ -->\n<title>Spotkanie z dzie\u0107mi z Oddzia\u0142u Przedszkolnego przy Szkole Podstawowej w G\u0105binie - \u015awiatowy Dzie\u0144 Ksi\u0105\u017cki i Praw Autorskich (23.04.2024) - Miejsko-Gminna Biblioteka Publiczna w G\u0105binie<\/title>\n<meta name=\"robots\" content=\"index, follow, max-snippet:-1, max-image-preview:large, max-video-preview:-1\" \/>\n<link rel=\"canonical\" href=\"http:\/\/biblioteka-gabin.pl\/index.php\/2024\/04\/23\/spotkanie-z-dziecmi-z-oddzialu-przedszkolnego-przy-szkole-podstawowej-w-gabinie-swiatowy-dzien-ksiazki-i-praw-autorskich-23-04-2024\/\" \/>\n<meta property=\"og:locale\" content=\"pl_PL\" \/>\n<meta property=\"og:type\" content=\"article\" \/>\n<meta property=\"og:title\" content=\"Spotkanie z dzie\u0107mi z Oddzia\u0142u Przedszkolnego przy Szkole Podstawowej w G\u0105binie - \u015awiatowy Dzie\u0144 Ksi\u0105\u017cki i Praw Autorskich (23.04.2024) - Miejsko-Gminna Biblioteka Publiczna w G\u0105binie\" \/>\n<meta property=\"og:description\" content=\"Dnia 23 kwietnia obchodzimy \u015awiatowy Dzie\u0144 Ksi\u0105\u017cki i Praw Autorskich.\" \/>\n<meta property=\"og:url\" content=\"http:\/\/biblioteka-gabin.pl\/index.php\/2024\/04\/23\/spotkanie-z-dziecmi-z-oddzialu-przedszkolnego-przy-szkole-podstawowej-w-gabinie-swiatowy-dzien-ksiazki-i-praw-autorskich-23-04-2024\/\" \/>\n<meta property=\"og:site_name\" content=\"Miejsko-Gminna Biblioteka Publiczna w G\u0105binie\" \/>\n<meta property=\"article:publisher\" content=\"https:\/\/www.facebook.com\/bibliotekagabin\" \/>\n<meta property=\"article:published_time\" content=\"2024-04-23T00:00:00+00:00\" \/>\n<meta property=\"og:image\" content=\"https:\/\/biblioteka-gabin.pl\/wp-content\/uploads\/archive\/pliki\/obraz\/2024\/kwiecie\/436646102_1195188048559214_5637359815392107226_n.jpg\" \/>\n<meta name=\"author\" content=\"admin\" \/>\n<meta name=\"twitter:card\" content=\"summary_large_image\" \/>\n<meta name=\"twitter:label1\" content=\"Napisane przez\" \/>\n\t<meta name=\"twitter:data1\" content=\"admin\" \/>\n\t<meta name=\"twitter:label2\" content=\"Szacowany czas czytania\" \/>\n\t<meta name=\"twitter:data2\" content=\"1 minuta\" \/>\n<script type=\"application\/ld+json\" class=\"yoast-schema-graph\">{\"@context\":\"https:\\\/\\\/schema.org\",\"@graph\":[{\"@type\":\"Article\",\"@id\":\"http:\\\/\\\/biblioteka-gabin.pl\\\/index.php\\\/2024\\\/04\\\/23\\\/spotkanie-z-dziecmi-z-oddzialu-przedszkolnego-przy-szkole-podstawowej-w-gabinie-swiatowy-dzien-ksiazki-i-praw-autorskich-23-04-2024\\\/#article\",\"isPartOf\":{\"@id\":\"http:\\\/\\\/biblioteka-gabin.pl\\\/index.php\\\/2024\\\/04\\\/23\\\/spotkanie-z-dziecmi-z-oddzialu-przedszkolnego-przy-szkole-podstawowej-w-gabinie-swiatowy-dzien-ksiazki-i-praw-autorskich-23-04-2024\\\/\"},\"author\":{\"name\":\"admin\",\"@id\":\"https:\\\/\\\/biblioteka-gabin.pl\\\/#\\\/schema\\\/person\\\/2067b97c24663d987ef6ef95bed7c99a\"},\"headline\":\"Spotkanie z dzie\u0107mi z Oddzia\u0142u Przedszkolnego przy Szkole Podstawowej w G\u0105binie &#8211; \u015awiatowy Dzie\u0144 Ksi\u0105\u017cki i Praw Autorskich (23.04.2024)\",\"datePublished\":\"2024-04-23T00:00:00+00:00\",\"mainEntityOfPage\":{\"@id\":\"http:\\\/\\\/biblioteka-gabin.pl\\\/index.php\\\/2024\\\/04\\\/23\\\/spotkanie-z-dziecmi-z-oddzialu-przedszkolnego-przy-szkole-podstawowej-w-gabinie-swiatowy-dzien-ksiazki-i-praw-autorskich-23-04-2024\\\/\"},\"wordCount\":275,\"commentCount\":0,\"publisher\":{\"@id\":\"https:\\\/\\\/biblioteka-gabin.pl\\\/#organization\"},\"image\":{\"@id\":\"http:\\\/\\\/biblioteka-gabin.pl\\\/index.php\\\/2024\\\/04\\\/23\\\/spotkanie-z-dziecmi-z-oddzialu-przedszkolnego-przy-szkole-podstawowej-w-gabinie-swiatowy-dzien-ksiazki-i-praw-autorskich-23-04-2024\\\/#primaryimage\"},\"thumbnailUrl\":\"https:\\\/\\\/biblioteka-gabin.pl\\\/wp-content\\\/uploads\\\/archive\\\/pliki\\\/obraz\\\/2024\\\/kwiecie\\\/436646102_1195188048559214_5637359815392107226_n.jpg\",\"articleSection\":[\"Main\"],\"inLanguage\":\"pl-PL\",\"potentialAction\":[{\"@type\":\"CommentAction\",\"name\":\"Comment\",\"target\":[\"http:\\\/\\\/biblioteka-gabin.pl\\\/index.php\\\/2024\\\/04\\\/23\\\/spotkanie-z-dziecmi-z-oddzialu-przedszkolnego-przy-szkole-podstawowej-w-gabinie-swiatowy-dzien-ksiazki-i-praw-autorskich-23-04-2024\\\/#respond\"]}]},{\"@type\":\"WebPage\",\"@id\":\"http:\\\/\\\/biblioteka-gabin.pl\\\/index.php\\\/2024\\\/04\\\/23\\\/spotkanie-z-dziecmi-z-oddzialu-przedszkolnego-przy-szkole-podstawowej-w-gabinie-swiatowy-dzien-ksiazki-i-praw-autorskich-23-04-2024\\\/\",\"url\":\"http:\\\/\\\/biblioteka-gabin.pl\\\/index.php\\\/2024\\\/04\\\/23\\\/spotkanie-z-dziecmi-z-oddzialu-przedszkolnego-przy-szkole-podstawowej-w-gabinie-swiatowy-dzien-ksiazki-i-praw-autorskich-23-04-2024\\\/\",\"name\":\"Spotkanie z dzie\u0107mi z Oddzia\u0142u Przedszkolnego przy Szkole Podstawowej w G\u0105binie - \u015awiatowy Dzie\u0144 Ksi\u0105\u017cki i Praw Autorskich (23.04.2024) - Miejsko-Gminna Biblioteka Publiczna w G\u0105binie\",\"isPartOf\":{\"@id\":\"https:\\\/\\\/biblioteka-gabin.pl\\\/#website\"},\"primaryImageOfPage\":{\"@id\":\"http:\\\/\\\/biblioteka-gabin.pl\\\/index.php\\\/2024\\\/04\\\/23\\\/spotkanie-z-dziecmi-z-oddzialu-przedszkolnego-przy-szkole-podstawowej-w-gabinie-swiatowy-dzien-ksiazki-i-praw-autorskich-23-04-2024\\\/#primaryimage\"},\"image\":{\"@id\":\"http:\\\/\\\/biblioteka-gabin.pl\\\/index.php\\\/2024\\\/04\\\/23\\\/spotkanie-z-dziecmi-z-oddzialu-przedszkolnego-przy-szkole-podstawowej-w-gabinie-swiatowy-dzien-ksiazki-i-praw-autorskich-23-04-2024\\\/#primaryimage\"},\"thumbnailUrl\":\"https:\\\/\\\/biblioteka-gabin.pl\\\/wp-content\\\/uploads\\\/archive\\\/pliki\\\/obraz\\\/2024\\\/kwiecie\\\/436646102_1195188048559214_5637359815392107226_n.jpg\",\"datePublished\":\"2024-04-23T00:00:00+00:00\",\"breadcrumb\":{\"@id\":\"http:\\\/\\\/biblioteka-gabin.pl\\\/index.php\\\/2024\\\/04\\\/23\\\/spotkanie-z-dziecmi-z-oddzialu-przedszkolnego-przy-szkole-podstawowej-w-gabinie-swiatowy-dzien-ksiazki-i-praw-autorskich-23-04-2024\\\/#breadcrumb\"},\"inLanguage\":\"pl-PL\",\"potentialAction\":[{\"@type\":\"ReadAction\",\"target\":[\"http:\\\/\\\/biblioteka-gabin.pl\\\/index.php\\\/2024\\\/04\\\/23\\\/spotkanie-z-dziecmi-z-oddzialu-przedszkolnego-przy-szkole-podstawowej-w-gabinie-swiatowy-dzien-ksiazki-i-praw-autorskich-23-04-2024\\\/\"]}]},{\"@type\":\"ImageObject\",\"inLanguage\":\"pl-PL\",\"@id\":\"http:\\\/\\\/biblioteka-gabin.pl\\\/index.php\\\/2024\\\/04\\\/23\\\/spotkanie-z-dziecmi-z-oddzialu-przedszkolnego-przy-szkole-podstawowej-w-gabinie-swiatowy-dzien-ksiazki-i-praw-autorskich-23-04-2024\\\/#primaryimage\",\"url\":\"https:\\\/\\\/biblioteka-gabin.pl\\\/wp-content\\\/uploads\\\/archive\\\/pliki\\\/obraz\\\/2024\\\/kwiecie\\\/436646102_1195188048559214_5637359815392107226_n.jpg\",\"contentUrl\":\"https:\\\/\\\/biblioteka-gabin.pl\\\/wp-content\\\/uploads\\\/archive\\\/pliki\\\/obraz\\\/2024\\\/kwiecie\\\/436646102_1195188048559214_5637359815392107226_n.jpg\"},{\"@type\":\"BreadcrumbList\",\"@id\":\"http:\\\/\\\/biblioteka-gabin.pl\\\/index.php\\\/2024\\\/04\\\/23\\\/spotkanie-z-dziecmi-z-oddzialu-przedszkolnego-przy-szkole-podstawowej-w-gabinie-swiatowy-dzien-ksiazki-i-praw-autorskich-23-04-2024\\\/#breadcrumb\",\"itemListElement\":[{\"@type\":\"ListItem\",\"position\":1,\"name\":\"Strona g\u0142\u00f3wna\",\"item\":\"https:\\\/\\\/biblioteka-gabin.pl\\\/\"},{\"@type\":\"ListItem\",\"position\":2,\"name\":\"Spotkanie z dzie\u0107mi z Oddzia\u0142u Przedszkolnego przy Szkole Podstawowej w G\u0105binie &#8211; \u015awiatowy Dzie\u0144 Ksi\u0105\u017cki i Praw Autorskich (23.04.2024)\"}]},{\"@type\":\"WebSite\",\"@id\":\"https:\\\/\\\/biblioteka-gabin.pl\\\/#website\",\"url\":\"https:\\\/\\\/biblioteka-gabin.pl\\\/\",\"name\":\"Miejsko-Gminna Biblioteka Publiczna w G\u0105binie\",\"description\":\"\",\"publisher\":{\"@id\":\"https:\\\/\\\/biblioteka-gabin.pl\\\/#organization\"},\"potentialAction\":[{\"@type\":\"SearchAction\",\"target\":{\"@type\":\"EntryPoint\",\"urlTemplate\":\"https:\\\/\\\/biblioteka-gabin.pl\\\/?s={search_term_string}\"},\"query-input\":{\"@type\":\"PropertyValueSpecification\",\"valueRequired\":true,\"valueName\":\"search_term_string\"}}],\"inLanguage\":\"pl-PL\"},{\"@type\":\"Organization\",\"@id\":\"https:\\\/\\\/biblioteka-gabin.pl\\\/#organization\",\"name\":\"Miejsko-Gminna Biblioteka Publiczna w G\u0105binie\",\"url\":\"https:\\\/\\\/biblioteka-gabin.pl\\\/\",\"logo\":{\"@type\":\"ImageObject\",\"inLanguage\":\"pl-PL\",\"@id\":\"https:\\\/\\\/biblioteka-gabin.pl\\\/#\\\/schema\\\/logo\\\/image\\\/\",\"url\":\"https:\\\/\\\/biblioteka-gabin.pl\\\/wp-content\\\/uploads\\\/2025\\\/03\\\/logo-biblioteka-2-1657013691-1.jpg\",\"contentUrl\":\"https:\\\/\\\/biblioteka-gabin.pl\\\/wp-content\\\/uploads\\\/2025\\\/03\\\/logo-biblioteka-2-1657013691-1.jpg\",\"width\":1600,\"height\":772,\"caption\":\"Miejsko-Gminna Biblioteka Publiczna w G\u0105binie\"},\"image\":{\"@id\":\"https:\\\/\\\/biblioteka-gabin.pl\\\/#\\\/schema\\\/logo\\\/image\\\/\"},\"sameAs\":[\"https:\\\/\\\/www.facebook.com\\\/bibliotekagabin\",\"https:\\\/\\\/www.youtube.com\\\/@mgbpgabin9392\"]},{\"@type\":\"Person\",\"@id\":\"https:\\\/\\\/biblioteka-gabin.pl\\\/#\\\/schema\\\/person\\\/2067b97c24663d987ef6ef95bed7c99a\",\"name\":\"admin\",\"image\":{\"@type\":\"ImageObject\",\"inLanguage\":\"pl-PL\",\"@id\":\"https:\\\/\\\/secure.gravatar.com\\\/avatar\\\/e1843904e97b4e376a0fc90ae10372cd31bce9b207a7a3d2ca68fc7ca7e4174c?s=96&d=mm&r=g\",\"url\":\"https:\\\/\\\/secure.gravatar.com\\\/avatar\\\/e1843904e97b4e376a0fc90ae10372cd31bce9b207a7a3d2ca68fc7ca7e4174c?s=96&d=mm&r=g\",\"contentUrl\":\"https:\\\/\\\/secure.gravatar.com\\\/avatar\\\/e1843904e97b4e376a0fc90ae10372cd31bce9b207a7a3d2ca68fc7ca7e4174c?s=96&d=mm&r=g\",\"caption\":\"admin\"},\"sameAs\":[\"http:\\\/\\\/strona.biblioteka-gabin.pl\"],\"url\":\"https:\\\/\\\/biblioteka-gabin.pl\\\/index.php\\\/author\\\/admin\\\/\"}]}<\/script>\n<!-- \/ Yoast SEO plugin. -->","yoast_head_json":{"title":"Spotkanie z dzie\u0107mi z Oddzia\u0142u Przedszkolnego przy Szkole Podstawowej w G\u0105binie - \u015awiatowy Dzie\u0144 Ksi\u0105\u017cki i Praw Autorskich (23.04.2024) - Miejsko-Gminna Biblioteka Publiczna w G\u0105binie","robots":{"index":"index","follow":"follow","max-snippet":"max-snippet:-1","max-image-preview":"max-image-preview:large","max-video-preview":"max-video-preview:-1"},"canonical":"http:\/\/biblioteka-gabin.pl\/index.php\/2024\/04\/23\/spotkanie-z-dziecmi-z-oddzialu-przedszkolnego-przy-szkole-podstawowej-w-gabinie-swiatowy-dzien-ksiazki-i-praw-autorskich-23-04-2024\/","og_locale":"pl_PL","og_type":"article","og_title":"Spotkanie z dzie\u0107mi z Oddzia\u0142u Przedszkolnego przy Szkole Podstawowej w G\u0105binie - \u015awiatowy Dzie\u0144 Ksi\u0105\u017cki i Praw Autorskich (23.04.2024) - Miejsko-Gminna Biblioteka Publiczna w G\u0105binie","og_description":"Dnia 23 kwietnia obchodzimy \u015awiatowy Dzie\u0144 Ksi\u0105\u017cki i Praw Autorskich.","og_url":"http:\/\/biblioteka-gabin.pl\/index.php\/2024\/04\/23\/spotkanie-z-dziecmi-z-oddzialu-przedszkolnego-przy-szkole-podstawowej-w-gabinie-swiatowy-dzien-ksiazki-i-praw-autorskich-23-04-2024\/","og_site_name":"Miejsko-Gminna Biblioteka Publiczna w G\u0105binie","article_publisher":"https:\/\/www.facebook.com\/bibliotekagabin","article_published_time":"2024-04-23T00:00:00+00:00","og_image":[{"url":"https:\/\/biblioteka-gabin.pl\/wp-content\/uploads\/archive\/pliki\/obraz\/2024\/kwiecie\/436646102_1195188048559214_5637359815392107226_n.jpg","type":"","width":"","height":""}],"author":"admin","twitter_card":"summary_large_image","twitter_misc":{"Napisane przez":"admin","Szacowany czas czytania":"1 minuta"},"schema":{"@context":"https:\/\/schema.org","@graph":[{"@type":"Article","@id":"http:\/\/biblioteka-gabin.pl\/index.php\/2024\/04\/23\/spotkanie-z-dziecmi-z-oddzialu-przedszkolnego-przy-szkole-podstawowej-w-gabinie-swiatowy-dzien-ksiazki-i-praw-autorskich-23-04-2024\/#article","isPartOf":{"@id":"http:\/\/biblioteka-gabin.pl\/index.php\/2024\/04\/23\/spotkanie-z-dziecmi-z-oddzialu-przedszkolnego-przy-szkole-podstawowej-w-gabinie-swiatowy-dzien-ksiazki-i-praw-autorskich-23-04-2024\/"},"author":{"name":"admin","@id":"https:\/\/biblioteka-gabin.pl\/#\/schema\/person\/2067b97c24663d987ef6ef95bed7c99a"},"headline":"Spotkanie z dzie\u0107mi z Oddzia\u0142u Przedszkolnego przy Szkole Podstawowej w G\u0105binie &#8211; \u015awiatowy Dzie\u0144 Ksi\u0105\u017cki i Praw Autorskich (23.04.2024)","datePublished":"2024-04-23T00:00:00+00:00","mainEntityOfPage":{"@id":"http:\/\/biblioteka-gabin.pl\/index.php\/2024\/04\/23\/spotkanie-z-dziecmi-z-oddzialu-przedszkolnego-przy-szkole-podstawowej-w-gabinie-swiatowy-dzien-ksiazki-i-praw-autorskich-23-04-2024\/"},"wordCount":275,"commentCount":0,"publisher":{"@id":"https:\/\/biblioteka-gabin.pl\/#organization"},"image":{"@id":"http:\/\/biblioteka-gabin.pl\/index.php\/2024\/04\/23\/spotkanie-z-dziecmi-z-oddzialu-przedszkolnego-przy-szkole-podstawowej-w-gabinie-swiatowy-dzien-ksiazki-i-praw-autorskich-23-04-2024\/#primaryimage"},"thumbnailUrl":"https:\/\/biblioteka-gabin.pl\/wp-content\/uploads\/archive\/pliki\/obraz\/2024\/kwiecie\/436646102_1195188048559214_5637359815392107226_n.jpg","articleSection":["Main"],"inLanguage":"pl-PL","potentialAction":[{"@type":"CommentAction","name":"Comment","target":["http:\/\/biblioteka-gabin.pl\/index.php\/2024\/04\/23\/spotkanie-z-dziecmi-z-oddzialu-przedszkolnego-przy-szkole-podstawowej-w-gabinie-swiatowy-dzien-ksiazki-i-praw-autorskich-23-04-2024\/#respond"]}]},{"@type":"WebPage","@id":"http:\/\/biblioteka-gabin.pl\/index.php\/2024\/04\/23\/spotkanie-z-dziecmi-z-oddzialu-przedszkolnego-przy-szkole-podstawowej-w-gabinie-swiatowy-dzien-ksiazki-i-praw-autorskich-23-04-2024\/","url":"http:\/\/biblioteka-gabin.pl\/index.php\/2024\/04\/23\/spotkanie-z-dziecmi-z-oddzialu-przedszkolnego-przy-szkole-podstawowej-w-gabinie-swiatowy-dzien-ksiazki-i-praw-autorskich-23-04-2024\/","name":"Spotkanie z dzie\u0107mi z Oddzia\u0142u Przedszkolnego przy Szkole Podstawowej w G\u0105binie - \u015awiatowy Dzie\u0144 Ksi\u0105\u017cki i Praw Autorskich (23.04.2024) - Miejsko-Gminna Biblioteka Publiczna w G\u0105binie","isPartOf":{"@id":"https:\/\/biblioteka-gabin.pl\/#website"},"primaryImageOfPage":{"@id":"http:\/\/biblioteka-gabin.pl\/index.php\/2024\/04\/23\/spotkanie-z-dziecmi-z-oddzialu-przedszkolnego-przy-szkole-podstawowej-w-gabinie-swiatowy-dzien-ksiazki-i-praw-autorskich-23-04-2024\/#primaryimage"},"image":{"@id":"http:\/\/biblioteka-gabin.pl\/index.php\/2024\/04\/23\/spotkanie-z-dziecmi-z-oddzialu-przedszkolnego-przy-szkole-podstawowej-w-gabinie-swiatowy-dzien-ksiazki-i-praw-autorskich-23-04-2024\/#primaryimage"},"thumbnailUrl":"https:\/\/biblioteka-gabin.pl\/wp-content\/uploads\/archive\/pliki\/obraz\/2024\/kwiecie\/436646102_1195188048559214_5637359815392107226_n.jpg","datePublished":"2024-04-23T00:00:00+00:00","breadcrumb":{"@id":"http:\/\/biblioteka-gabin.pl\/index.php\/2024\/04\/23\/spotkanie-z-dziecmi-z-oddzialu-przedszkolnego-przy-szkole-podstawowej-w-gabinie-swiatowy-dzien-ksiazki-i-praw-autorskich-23-04-2024\/#breadcrumb"},"inLanguage":"pl-PL","potentialAction":[{"@type":"ReadAction","target":["http:\/\/biblioteka-gabin.pl\/index.php\/2024\/04\/23\/spotkanie-z-dziecmi-z-oddzialu-przedszkolnego-przy-szkole-podstawowej-w-gabinie-swiatowy-dzien-ksiazki-i-praw-autorskich-23-04-2024\/"]}]},{"@type":"ImageObject","inLanguage":"pl-PL","@id":"http:\/\/biblioteka-gabin.pl\/index.php\/2024\/04\/23\/spotkanie-z-dziecmi-z-oddzialu-przedszkolnego-przy-szkole-podstawowej-w-gabinie-swiatowy-dzien-ksiazki-i-praw-autorskich-23-04-2024\/#primaryimage","url":"https:\/\/biblioteka-gabin.pl\/wp-content\/uploads\/archive\/pliki\/obraz\/2024\/kwiecie\/436646102_1195188048559214_5637359815392107226_n.jpg","contentUrl":"https:\/\/biblioteka-gabin.pl\/wp-content\/uploads\/archive\/pliki\/obraz\/2024\/kwiecie\/436646102_1195188048559214_5637359815392107226_n.jpg"},{"@type":"BreadcrumbList","@id":"http:\/\/biblioteka-gabin.pl\/index.php\/2024\/04\/23\/spotkanie-z-dziecmi-z-oddzialu-przedszkolnego-przy-szkole-podstawowej-w-gabinie-swiatowy-dzien-ksiazki-i-praw-autorskich-23-04-2024\/#breadcrumb","itemListElement":[{"@type":"ListItem","position":1,"name":"Strona g\u0142\u00f3wna","item":"https:\/\/biblioteka-gabin.pl\/"},{"@type":"ListItem","position":2,"name":"Spotkanie z dzie\u0107mi z Oddzia\u0142u Przedszkolnego przy Szkole Podstawowej w G\u0105binie &#8211; \u015awiatowy Dzie\u0144 Ksi\u0105\u017cki i Praw Autorskich (23.04.2024)"}]},{"@type":"WebSite","@id":"https:\/\/biblioteka-gabin.pl\/#website","url":"https:\/\/biblioteka-gabin.pl\/","name":"Miejsko-Gminna Biblioteka Publiczna w G\u0105binie","description":"","publisher":{"@id":"https:\/\/biblioteka-gabin.pl\/#organization"},"potentialAction":[{"@type":"SearchAction","target":{"@type":"EntryPoint","urlTemplate":"https:\/\/biblioteka-gabin.pl\/?s={search_term_string}"},"query-input":{"@type":"PropertyValueSpecification","valueRequired":true,"valueName":"search_term_string"}}],"inLanguage":"pl-PL"},{"@type":"Organization","@id":"https:\/\/biblioteka-gabin.pl\/#organization","name":"Miejsko-Gminna Biblioteka Publiczna w G\u0105binie","url":"https:\/\/biblioteka-gabin.pl\/","logo":{"@type":"ImageObject","inLanguage":"pl-PL","@id":"https:\/\/biblioteka-gabin.pl\/#\/schema\/logo\/image\/","url":"https:\/\/biblioteka-gabin.pl\/wp-content\/uploads\/2025\/03\/logo-biblioteka-2-1657013691-1.jpg","contentUrl":"https:\/\/biblioteka-gabin.pl\/wp-content\/uploads\/2025\/03\/logo-biblioteka-2-1657013691-1.jpg","width":1600,"height":772,"caption":"Miejsko-Gminna Biblioteka Publiczna w G\u0105binie"},"image":{"@id":"https:\/\/biblioteka-gabin.pl\/#\/schema\/logo\/image\/"},"sameAs":["https:\/\/www.facebook.com\/bibliotekagabin","https:\/\/www.youtube.com\/@mgbpgabin9392"]},{"@type":"Person","@id":"https:\/\/biblioteka-gabin.pl\/#\/schema\/person\/2067b97c24663d987ef6ef95bed7c99a","name":"admin","image":{"@type":"ImageObject","inLanguage":"pl-PL","@id":"https:\/\/secure.gravatar.com\/avatar\/e1843904e97b4e376a0fc90ae10372cd31bce9b207a7a3d2ca68fc7ca7e4174c?s=96&d=mm&r=g","url":"https:\/\/secure.gravatar.com\/avatar\/e1843904e97b4e376a0fc90ae10372cd31bce9b207a7a3d2ca68fc7ca7e4174c?s=96&d=mm&r=g","contentUrl":"https:\/\/secure.gravatar.com\/avatar\/e1843904e97b4e376a0fc90ae10372cd31bce9b207a7a3d2ca68fc7ca7e4174c?s=96&d=mm&r=g","caption":"admin"},"sameAs":["http:\/\/strona.biblioteka-gabin.pl"],"url":"https:\/\/biblioteka-gabin.pl\/index.php\/author\/admin\/"}]}},"_links":{"self":[{"href":"https:\/\/biblioteka-gabin.pl\/index.php\/wp-json\/wp\/v2\/posts\/8562","targetHints":{"allow":["GET"]}}],"collection":[{"href":"https:\/\/biblioteka-gabin.pl\/index.php\/wp-json\/wp\/v2\/posts"}],"about":[{"href":"https:\/\/biblioteka-gabin.pl\/index.php\/wp-json\/wp\/v2\/types\/post"}],"author":[{"embeddable":true,"href":"https:\/\/biblioteka-gabin.pl\/index.php\/wp-json\/wp\/v2\/users\/1"}],"replies":[{"embeddable":true,"href":"https:\/\/biblioteka-gabin.pl\/index.php\/wp-json\/wp\/v2\/comments?post=8562"}],"version-history":[{"count":0,"href":"https:\/\/biblioteka-gabin.pl\/index.php\/wp-json\/wp\/v2\/posts\/8562\/revisions"}],"wp:attachment":[{"href":"https:\/\/biblioteka-gabin.pl\/index.php\/wp-json\/wp\/v2\/media?parent=8562"}],"wp:term":[{"taxonomy":"category","embeddable":true,"href":"https:\/\/biblioteka-gabin.pl\/index.php\/wp-json\/wp\/v2\/categories?post=8562"},{"taxonomy":"post_tag","embeddable":true,"href":"https:\/\/biblioteka-gabin.pl\/index.php\/wp-json\/wp\/v2\/tags?post=8562"}],"curies":[{"name":"wp","href":"https:\/\/api.w.org\/{rel}","templated":true}]}}