{"id":8563,"date":"2024-04-26T00:00:00","date_gmt":"2024-04-26T00:00:00","guid":{"rendered":"https:\/\/biblioteka-gabin.pl\/index.php\/2024\/04\/26\/spotkanie-z-dziecmi-z-oddzialu-przedszkolnego-w-szkole-podstawowej-w-czermnie-24-04-2024r\/"},"modified":"2024-04-26T00:00:00","modified_gmt":"2024-04-26T00:00:00","slug":"spotkanie-z-dziecmi-z-oddzialu-przedszkolnego-w-szkole-podstawowej-w-czermnie-24-04-2024r","status":"publish","type":"post","link":"https:\/\/biblioteka-gabin.pl\/index.php\/2024\/04\/26\/spotkanie-z-dziecmi-z-oddzialu-przedszkolnego-w-szkole-podstawowej-w-czermnie-24-04-2024r\/","title":{"rendered":"Spotkanie z dzie\u0107mi z Oddzia\u0142u Przedszkolnego w Szkole Podstawowej w Czermnie (24.04.2024r.)"},"content":{"rendered":"<p>Jak\u017ce cieszy nas fakt, \u017ce po raz kolejny mogli\u015bmy go\u015bci\u0107 w naszych progach dzieci z Oddzia\u0142u Przedszkolnego z Czermna.<br \/>\n\u00a0\u00a0\u00a0 Dzisiejsze spotkanie rozpocz\u0119li\u015bmy od nawi\u0105zania do wczorajszego \u015bwi\u0119ta \u2013 \u015awiatowego Dnia Ksi\u0105\u017cki i Praw Autorskich.<br \/>\n\u00a0\u00a0\u00a0 Pami\u0119ta\u0142y\u015bmy tak\u017ce, aby zach\u0119ci\u0107 wszystkich Przedszkolak\u00f3w do projektu, jaki trwa w naszej Bibliotece: \u201eMa\u0142a ksi\u0105\u017cka wielki cz\u0142owiek\u201d, kt\u00f3rego g\u0142\u00f3wnym organizatorem jest Instytut Ksi\u0105\u017cki. Dzieci obejrza\u0142y ksi\u0105\u017ck\u0119, kart\u0119 ma\u0142ego czytelnika oraz naklejki, jakie czekaj\u0105 na nich pod warunkiem, \u017ce zapisz\u0105 si\u0119 do MGBP w G\u0105binie.<br \/>\n\u00a0\u00a0\u00a0 Celem dzisiejszego naszego spotkania by\u0142o pokazanie dzieciom innej formy pracy z ksi\u0105\u017ck\u0105, a nawet zabawy. Do tego celu pos\u0142u\u017cy\u0142a nam interaktywna ksi\u0105\u017cka pt. \u201e\u015awiat zwierz\u0105t\u201d z serii Czytaj z Albikiem. Wspomniany Albik- to takie magiczne pi\u00f3ro, kt\u00f3re \u015bwietnie wprowadza uczestnik\u00f3w zaj\u0119\u0107 w \u015bwiat dzikich zwierz\u0105t. Dzi\u0119ki niemu poznaj\u0105 ich nazwy, spos\u00f3b od\u017cywiania, d\u0142ugo\u015b\u0107 ich \u017cycia itp. Wszyscy ch\u0119tnie bawili si\u0119 ksi\u0105\u017ck\u0105. Na koniec nie mog\u0142o zabrakn\u0105\u0107 quizu, kt\u00f3ry sprawdzi\u0142 czy dzieci dobrze zapami\u0119tuj\u0105 ciekawostki i wszelkie informacje dotycz\u0105ce konkretnych zagadnie\u0144. Grupa uczestnik\u00f3w rewelacyjnie pokona\u0142a wszystkie stopnie trudno\u015bci dotycz\u0105ce quizu.<br \/>\n\u00a0\u00a0\u00a0 Tradycyjnie nie mog\u0142o zabrakn\u0105\u0107 s\u0142odkiej niespodzianki, kt\u00f3ra czeka\u0142a na naszych go\u015bci.<br \/>\n\u00a0\u00a0\u00a0 Serdecznie dzi\u0119kujemy za prezent, jaki otrzyma\u0142y\u015bmy. Mamy nadziej\u0119, \u017ce niebawem ponownie si\u0119 zobaczymy. Nasza Biblioteka jest zawsze otwarta na takie mi\u0142e spotkania. Zapraszamy cz\u0119\u015bciej.<br \/>\n\u00a0\u00a0\u00a0\u00a0\u00a0\u00a0\u00a0\u00a0\u00a0\u00a0\u00a0\u00a0\u00a0\u00a0\u00a0\u00a0\u00a0\u00a0\u00a0\u00a0\u00a0\u00a0\u00a0\u00a0\u00a0\u00a0\u00a0\u00a0\u00a0\u00a0\u00a0\u00a0\u00a0\u00a0\u00a0\u00a0\u00a0\u00a0\u00a0\u00a0\u00a0 Opr. Joanna Olejniczak<br \/>\n<img src='https:\/\/biblioteka-gabin.pl\/wp-content\/uploads\/archive\/pliki\/obraz\/2024\/kwiecie\/435404604_1883834862051837_8894096680793907927_n.jpg'><br \/>\n<a href='https:\/\/biblioteka-gabin.pl\/wp-content\/uploads\/archive\/galleries\/578\/4353033304028468193414071948893705644567110n-0cdefd36e8.jpg'><img style='max-height:300px;' src='https:\/\/biblioteka-gabin.pl\/wp-content\/uploads\/archive\/galleries\/578\/4353033304028468193414071948893705644567110n-0cdefd36e8.jpg'><\/a><br \/>\n<a href='https:\/\/biblioteka-gabin.pl\/wp-content\/uploads\/archive\/galleries\/578\/44057114174429279991206666330089687510940106n-2c301a8f99.jpg'><img style='max-height:300px;' src='https:\/\/biblioteka-gabin.pl\/wp-content\/uploads\/archive\/galleries\/578\/44057114174429279991206666330089687510940106n-2c301a8f99.jpg'><\/a><br \/>\n<a href='https:\/\/biblioteka-gabin.pl\/wp-content\/uploads\/archive\/galleries\/578\/4351746104480543142900227011215424378844780n-2f7524ff42.jpg'><img style='max-height:300px;' src='https:\/\/biblioteka-gabin.pl\/wp-content\/uploads\/archive\/galleries\/578\/4351746104480543142900227011215424378844780n-2f7524ff42.jpg'><\/a><br \/>\n<a href='https:\/\/biblioteka-gabin.pl\/wp-content\/uploads\/archive\/galleries\/578\/4356122372035989823469107877242285446876853n-e1080a6f24.jpg'><img style='max-height:300px;' src='https:\/\/biblioteka-gabin.pl\/wp-content\/uploads\/archive\/galleries\/578\/4356122372035989823469107877242285446876853n-e1080a6f24.jpg'><\/a><br \/>\n<a href='https:\/\/biblioteka-gabin.pl\/wp-content\/uploads\/archive\/galleries\/578\/437767838420053714069490401517472448787455n-d9b7d5575a.jpg'><img style='max-height:300px;' src='https:\/\/biblioteka-gabin.pl\/wp-content\/uploads\/archive\/galleries\/578\/437767838420053714069490401517472448787455n-d9b7d5575a.jpg'><\/a><br \/>\n<a href='https:\/\/biblioteka-gabin.pl\/wp-content\/uploads\/archive\/galleries\/578\/4371484331573293206781762868363779860245939n-93954f75b1.jpg'><img style='max-height:300px;' src='https:\/\/biblioteka-gabin.pl\/wp-content\/uploads\/archive\/galleries\/578\/4371484331573293206781762868363779860245939n-93954f75b1.jpg'><\/a><br \/>\n<a href='https:\/\/biblioteka-gabin.pl\/wp-content\/uploads\/archive\/galleries\/578\/4370749468020915847378463576762154236009579n-43ef13d022.jpg'><img style='max-height:300px;' src='https:\/\/biblioteka-gabin.pl\/wp-content\/uploads\/archive\/galleries\/578\/4370749468020915847378463576762154236009579n-43ef13d022.jpg'><\/a><br \/>\n<a href='https:\/\/biblioteka-gabin.pl\/wp-content\/uploads\/archive\/galleries\/578\/4377508681355572995340276437379705296188887n-25dc10193b.jpg'><img style='max-height:300px;' src='https:\/\/biblioteka-gabin.pl\/wp-content\/uploads\/archive\/galleries\/578\/4377508681355572995340276437379705296188887n-25dc10193b.jpg'><\/a><br \/>\n<a href='https:\/\/biblioteka-gabin.pl\/wp-content\/uploads\/archive\/galleries\/578\/4352125854671608056442992907990149154960559n-88ef3dbf5b.jpg'><img style='max-height:300px;' src='https:\/\/biblioteka-gabin.pl\/wp-content\/uploads\/archive\/galleries\/578\/4352125854671608056442992907990149154960559n-88ef3dbf5b.jpg'><\/a><br \/>\n<a href='https:\/\/biblioteka-gabin.pl\/wp-content\/uploads\/archive\/galleries\/578\/4377140567622723393765278780556328847754410n-ec8eaa4eaf.jpg'><img style='max-height:300px;' src='https:\/\/biblioteka-gabin.pl\/wp-content\/uploads\/archive\/galleries\/578\/4377140567622723393765278780556328847754410n-ec8eaa4eaf.jpg'><\/a><br \/>\n<a href='https:\/\/biblioteka-gabin.pl\/wp-content\/uploads\/archive\/galleries\/578\/435315864117256263707034537912451540740952n-80dcb3ab04.jpg'><img style='max-height:300px;' src='https:\/\/biblioteka-gabin.pl\/wp-content\/uploads\/archive\/galleries\/578\/435315864117256263707034537912451540740952n-80dcb3ab04.jpg'><\/a><br \/>\n<a href='https:\/\/biblioteka-gabin.pl\/wp-content\/uploads\/archive\/galleries\/578\/43535932915628174711160738941922975661909910n-edc263287e.jpg'><img style='max-height:300px;' src='https:\/\/biblioteka-gabin.pl\/wp-content\/uploads\/archive\/galleries\/578\/43535932915628174711160738941922975661909910n-edc263287e.jpg'><\/a><br \/>\n<a href='https:\/\/biblioteka-gabin.pl\/wp-content\/uploads\/archive\/galleries\/578\/43754502511806712499741601264462475318019485n-b13c97f9fd.jpg'><img style='max-height:300px;' src='https:\/\/biblioteka-gabin.pl\/wp-content\/uploads\/archive\/galleries\/578\/43754502511806712499741601264462475318019485n-b13c97f9fd.jpg'><\/a><br \/>\n<a href='https:\/\/biblioteka-gabin.pl\/wp-content\/uploads\/archive\/galleries\/578\/43754155011431686100562453062749062241946526n-7301584daf.jpg'><img style='max-height:300px;' src='https:\/\/biblioteka-gabin.pl\/wp-content\/uploads\/archive\/galleries\/578\/43754155011431686100562453062749062241946526n-7301584daf.jpg'><\/a><br \/>\n<a href='https:\/\/biblioteka-gabin.pl\/wp-content\/uploads\/archive\/galleries\/578\/437360542802690064640046791077236557516555n-e7099c621e.jpg'><img style='max-height:300px;' src='https:\/\/biblioteka-gabin.pl\/wp-content\/uploads\/archive\/galleries\/578\/437360542802690064640046791077236557516555n-e7099c621e.jpg'><\/a><br \/>\n<a href='https:\/\/biblioteka-gabin.pl\/wp-content\/uploads\/archive\/galleries\/578\/4371717679600201491082299048943970173231825n-5795f7839f.jpg'><img style='max-height:300px;' src='https:\/\/biblioteka-gabin.pl\/wp-content\/uploads\/archive\/galleries\/578\/4371717679600201491082299048943970173231825n-5795f7839f.jpg'><\/a><br \/>\n<a href='https:\/\/biblioteka-gabin.pl\/wp-content\/uploads\/archive\/galleries\/578\/43720123212203310793394208388617978868396919n-2dc5725dd9.jpg'><img style='max-height:300px;' src='https:\/\/biblioteka-gabin.pl\/wp-content\/uploads\/archive\/galleries\/578\/43720123212203310793394208388617978868396919n-2dc5725dd9.jpg'><\/a><br \/>\n<a href='https:\/\/biblioteka-gabin.pl\/wp-content\/uploads\/archive\/galleries\/578\/43540460418838348620518378894096680793907927n-861c04885c.jpg'><img style='max-height:300px;' src='https:\/\/biblioteka-gabin.pl\/wp-content\/uploads\/archive\/galleries\/578\/43540460418838348620518378894096680793907927n-861c04885c.jpg'><\/a><\/p>\n","protected":false},"excerpt":{"rendered":"<p>Jak\u017ce cieszy nas fakt, \u017ce po raz kolejny mogli\u015bmy go\u015bci\u0107<\/p>\n","protected":false},"author":1,"featured_media":0,"comment_status":"open","ping_status":"open","sticky":false,"template":"","format":"standard","meta":{"footnotes":""},"categories":[36],"tags":[],"class_list":["post-8563","post","type-post","status-publish","format-standard","hentry","category-main"],"yoast_head":"<!-- This site is optimized with the Yoast SEO plugin v27.4 - https:\/\/yoast.com\/product\/yoast-seo-wordpress\/ -->\n<title>Spotkanie z dzie\u0107mi z Oddzia\u0142u Przedszkolnego w Szkole Podstawowej w Czermnie (24.04.2024r.) - Miejsko-Gminna Biblioteka Publiczna w G\u0105binie<\/title>\n<meta name=\"robots\" content=\"index, follow, max-snippet:-1, max-image-preview:large, max-video-preview:-1\" \/>\n<link rel=\"canonical\" href=\"http:\/\/biblioteka-gabin.pl\/index.php\/2024\/04\/26\/spotkanie-z-dziecmi-z-oddzialu-przedszkolnego-w-szkole-podstawowej-w-czermnie-24-04-2024r\/\" \/>\n<meta property=\"og:locale\" content=\"pl_PL\" \/>\n<meta property=\"og:type\" content=\"article\" \/>\n<meta property=\"og:title\" content=\"Spotkanie z dzie\u0107mi z Oddzia\u0142u Przedszkolnego w Szkole Podstawowej w Czermnie (24.04.2024r.) - Miejsko-Gminna Biblioteka Publiczna w G\u0105binie\" \/>\n<meta property=\"og:description\" content=\"Jak\u017ce cieszy nas fakt, \u017ce po raz kolejny mogli\u015bmy go\u015bci\u0107\" \/>\n<meta property=\"og:url\" content=\"http:\/\/biblioteka-gabin.pl\/index.php\/2024\/04\/26\/spotkanie-z-dziecmi-z-oddzialu-przedszkolnego-w-szkole-podstawowej-w-czermnie-24-04-2024r\/\" \/>\n<meta property=\"og:site_name\" content=\"Miejsko-Gminna Biblioteka Publiczna w G\u0105binie\" \/>\n<meta property=\"article:publisher\" content=\"https:\/\/www.facebook.com\/bibliotekagabin\" \/>\n<meta property=\"article:published_time\" content=\"2024-04-26T00:00:00+00:00\" \/>\n<meta property=\"og:image\" content=\"https:\/\/biblioteka-gabin.pl\/wp-content\/uploads\/archive\/pliki\/obraz\/2024\/kwiecie\/435404604_1883834862051837_8894096680793907927_n.jpg\" \/>\n<meta name=\"author\" content=\"admin\" \/>\n<meta name=\"twitter:card\" content=\"summary_large_image\" \/>\n<meta name=\"twitter:label1\" content=\"Napisane przez\" \/>\n\t<meta name=\"twitter:data1\" content=\"admin\" \/>\n\t<meta name=\"twitter:label2\" content=\"Szacowany czas czytania\" \/>\n\t<meta name=\"twitter:data2\" content=\"1 minuta\" \/>\n<script type=\"application\/ld+json\" class=\"yoast-schema-graph\">{\"@context\":\"https:\\\/\\\/schema.org\",\"@graph\":[{\"@type\":\"Article\",\"@id\":\"http:\\\/\\\/biblioteka-gabin.pl\\\/index.php\\\/2024\\\/04\\\/26\\\/spotkanie-z-dziecmi-z-oddzialu-przedszkolnego-w-szkole-podstawowej-w-czermnie-24-04-2024r\\\/#article\",\"isPartOf\":{\"@id\":\"http:\\\/\\\/biblioteka-gabin.pl\\\/index.php\\\/2024\\\/04\\\/26\\\/spotkanie-z-dziecmi-z-oddzialu-przedszkolnego-w-szkole-podstawowej-w-czermnie-24-04-2024r\\\/\"},\"author\":{\"name\":\"admin\",\"@id\":\"https:\\\/\\\/biblioteka-gabin.pl\\\/#\\\/schema\\\/person\\\/2067b97c24663d987ef6ef95bed7c99a\"},\"headline\":\"Spotkanie z dzie\u0107mi z Oddzia\u0142u Przedszkolnego w Szkole Podstawowej w Czermnie (24.04.2024r.)\",\"datePublished\":\"2024-04-26T00:00:00+00:00\",\"mainEntityOfPage\":{\"@id\":\"http:\\\/\\\/biblioteka-gabin.pl\\\/index.php\\\/2024\\\/04\\\/26\\\/spotkanie-z-dziecmi-z-oddzialu-przedszkolnego-w-szkole-podstawowej-w-czermnie-24-04-2024r\\\/\"},\"wordCount\":278,\"commentCount\":0,\"publisher\":{\"@id\":\"https:\\\/\\\/biblioteka-gabin.pl\\\/#organization\"},\"image\":{\"@id\":\"http:\\\/\\\/biblioteka-gabin.pl\\\/index.php\\\/2024\\\/04\\\/26\\\/spotkanie-z-dziecmi-z-oddzialu-przedszkolnego-w-szkole-podstawowej-w-czermnie-24-04-2024r\\\/#primaryimage\"},\"thumbnailUrl\":\"https:\\\/\\\/biblioteka-gabin.pl\\\/wp-content\\\/uploads\\\/archive\\\/pliki\\\/obraz\\\/2024\\\/kwiecie\\\/435404604_1883834862051837_8894096680793907927_n.jpg\",\"articleSection\":[\"Main\"],\"inLanguage\":\"pl-PL\",\"potentialAction\":[{\"@type\":\"CommentAction\",\"name\":\"Comment\",\"target\":[\"http:\\\/\\\/biblioteka-gabin.pl\\\/index.php\\\/2024\\\/04\\\/26\\\/spotkanie-z-dziecmi-z-oddzialu-przedszkolnego-w-szkole-podstawowej-w-czermnie-24-04-2024r\\\/#respond\"]}]},{\"@type\":\"WebPage\",\"@id\":\"http:\\\/\\\/biblioteka-gabin.pl\\\/index.php\\\/2024\\\/04\\\/26\\\/spotkanie-z-dziecmi-z-oddzialu-przedszkolnego-w-szkole-podstawowej-w-czermnie-24-04-2024r\\\/\",\"url\":\"http:\\\/\\\/biblioteka-gabin.pl\\\/index.php\\\/2024\\\/04\\\/26\\\/spotkanie-z-dziecmi-z-oddzialu-przedszkolnego-w-szkole-podstawowej-w-czermnie-24-04-2024r\\\/\",\"name\":\"Spotkanie z dzie\u0107mi z Oddzia\u0142u Przedszkolnego w Szkole Podstawowej w Czermnie (24.04.2024r.) - Miejsko-Gminna Biblioteka Publiczna w G\u0105binie\",\"isPartOf\":{\"@id\":\"https:\\\/\\\/biblioteka-gabin.pl\\\/#website\"},\"primaryImageOfPage\":{\"@id\":\"http:\\\/\\\/biblioteka-gabin.pl\\\/index.php\\\/2024\\\/04\\\/26\\\/spotkanie-z-dziecmi-z-oddzialu-przedszkolnego-w-szkole-podstawowej-w-czermnie-24-04-2024r\\\/#primaryimage\"},\"image\":{\"@id\":\"http:\\\/\\\/biblioteka-gabin.pl\\\/index.php\\\/2024\\\/04\\\/26\\\/spotkanie-z-dziecmi-z-oddzialu-przedszkolnego-w-szkole-podstawowej-w-czermnie-24-04-2024r\\\/#primaryimage\"},\"thumbnailUrl\":\"https:\\\/\\\/biblioteka-gabin.pl\\\/wp-content\\\/uploads\\\/archive\\\/pliki\\\/obraz\\\/2024\\\/kwiecie\\\/435404604_1883834862051837_8894096680793907927_n.jpg\",\"datePublished\":\"2024-04-26T00:00:00+00:00\",\"breadcrumb\":{\"@id\":\"http:\\\/\\\/biblioteka-gabin.pl\\\/index.php\\\/2024\\\/04\\\/26\\\/spotkanie-z-dziecmi-z-oddzialu-przedszkolnego-w-szkole-podstawowej-w-czermnie-24-04-2024r\\\/#breadcrumb\"},\"inLanguage\":\"pl-PL\",\"potentialAction\":[{\"@type\":\"ReadAction\",\"target\":[\"http:\\\/\\\/biblioteka-gabin.pl\\\/index.php\\\/2024\\\/04\\\/26\\\/spotkanie-z-dziecmi-z-oddzialu-przedszkolnego-w-szkole-podstawowej-w-czermnie-24-04-2024r\\\/\"]}]},{\"@type\":\"ImageObject\",\"inLanguage\":\"pl-PL\",\"@id\":\"http:\\\/\\\/biblioteka-gabin.pl\\\/index.php\\\/2024\\\/04\\\/26\\\/spotkanie-z-dziecmi-z-oddzialu-przedszkolnego-w-szkole-podstawowej-w-czermnie-24-04-2024r\\\/#primaryimage\",\"url\":\"https:\\\/\\\/biblioteka-gabin.pl\\\/wp-content\\\/uploads\\\/archive\\\/pliki\\\/obraz\\\/2024\\\/kwiecie\\\/435404604_1883834862051837_8894096680793907927_n.jpg\",\"contentUrl\":\"https:\\\/\\\/biblioteka-gabin.pl\\\/wp-content\\\/uploads\\\/archive\\\/pliki\\\/obraz\\\/2024\\\/kwiecie\\\/435404604_1883834862051837_8894096680793907927_n.jpg\"},{\"@type\":\"BreadcrumbList\",\"@id\":\"http:\\\/\\\/biblioteka-gabin.pl\\\/index.php\\\/2024\\\/04\\\/26\\\/spotkanie-z-dziecmi-z-oddzialu-przedszkolnego-w-szkole-podstawowej-w-czermnie-24-04-2024r\\\/#breadcrumb\",\"itemListElement\":[{\"@type\":\"ListItem\",\"position\":1,\"name\":\"Strona g\u0142\u00f3wna\",\"item\":\"https:\\\/\\\/biblioteka-gabin.pl\\\/\"},{\"@type\":\"ListItem\",\"position\":2,\"name\":\"Spotkanie z dzie\u0107mi z Oddzia\u0142u Przedszkolnego w Szkole Podstawowej w Czermnie (24.04.2024r.)\"}]},{\"@type\":\"WebSite\",\"@id\":\"https:\\\/\\\/biblioteka-gabin.pl\\\/#website\",\"url\":\"https:\\\/\\\/biblioteka-gabin.pl\\\/\",\"name\":\"Miejsko-Gminna Biblioteka Publiczna w G\u0105binie\",\"description\":\"\",\"publisher\":{\"@id\":\"https:\\\/\\\/biblioteka-gabin.pl\\\/#organization\"},\"potentialAction\":[{\"@type\":\"SearchAction\",\"target\":{\"@type\":\"EntryPoint\",\"urlTemplate\":\"https:\\\/\\\/biblioteka-gabin.pl\\\/?s={search_term_string}\"},\"query-input\":{\"@type\":\"PropertyValueSpecification\",\"valueRequired\":true,\"valueName\":\"search_term_string\"}}],\"inLanguage\":\"pl-PL\"},{\"@type\":\"Organization\",\"@id\":\"https:\\\/\\\/biblioteka-gabin.pl\\\/#organization\",\"name\":\"Miejsko-Gminna Biblioteka Publiczna w G\u0105binie\",\"url\":\"https:\\\/\\\/biblioteka-gabin.pl\\\/\",\"logo\":{\"@type\":\"ImageObject\",\"inLanguage\":\"pl-PL\",\"@id\":\"https:\\\/\\\/biblioteka-gabin.pl\\\/#\\\/schema\\\/logo\\\/image\\\/\",\"url\":\"https:\\\/\\\/biblioteka-gabin.pl\\\/wp-content\\\/uploads\\\/2025\\\/03\\\/logo-biblioteka-2-1657013691-1.jpg\",\"contentUrl\":\"https:\\\/\\\/biblioteka-gabin.pl\\\/wp-content\\\/uploads\\\/2025\\\/03\\\/logo-biblioteka-2-1657013691-1.jpg\",\"width\":1600,\"height\":772,\"caption\":\"Miejsko-Gminna Biblioteka Publiczna w G\u0105binie\"},\"image\":{\"@id\":\"https:\\\/\\\/biblioteka-gabin.pl\\\/#\\\/schema\\\/logo\\\/image\\\/\"},\"sameAs\":[\"https:\\\/\\\/www.facebook.com\\\/bibliotekagabin\",\"https:\\\/\\\/www.youtube.com\\\/@mgbpgabin9392\"]},{\"@type\":\"Person\",\"@id\":\"https:\\\/\\\/biblioteka-gabin.pl\\\/#\\\/schema\\\/person\\\/2067b97c24663d987ef6ef95bed7c99a\",\"name\":\"admin\",\"image\":{\"@type\":\"ImageObject\",\"inLanguage\":\"pl-PL\",\"@id\":\"https:\\\/\\\/secure.gravatar.com\\\/avatar\\\/e1843904e97b4e376a0fc90ae10372cd31bce9b207a7a3d2ca68fc7ca7e4174c?s=96&d=mm&r=g\",\"url\":\"https:\\\/\\\/secure.gravatar.com\\\/avatar\\\/e1843904e97b4e376a0fc90ae10372cd31bce9b207a7a3d2ca68fc7ca7e4174c?s=96&d=mm&r=g\",\"contentUrl\":\"https:\\\/\\\/secure.gravatar.com\\\/avatar\\\/e1843904e97b4e376a0fc90ae10372cd31bce9b207a7a3d2ca68fc7ca7e4174c?s=96&d=mm&r=g\",\"caption\":\"admin\"},\"sameAs\":[\"http:\\\/\\\/strona.biblioteka-gabin.pl\"],\"url\":\"https:\\\/\\\/biblioteka-gabin.pl\\\/index.php\\\/author\\\/admin\\\/\"}]}<\/script>\n<!-- \/ Yoast SEO plugin. -->","yoast_head_json":{"title":"Spotkanie z dzie\u0107mi z Oddzia\u0142u Przedszkolnego w Szkole Podstawowej w Czermnie (24.04.2024r.) - Miejsko-Gminna Biblioteka Publiczna w G\u0105binie","robots":{"index":"index","follow":"follow","max-snippet":"max-snippet:-1","max-image-preview":"max-image-preview:large","max-video-preview":"max-video-preview:-1"},"canonical":"http:\/\/biblioteka-gabin.pl\/index.php\/2024\/04\/26\/spotkanie-z-dziecmi-z-oddzialu-przedszkolnego-w-szkole-podstawowej-w-czermnie-24-04-2024r\/","og_locale":"pl_PL","og_type":"article","og_title":"Spotkanie z dzie\u0107mi z Oddzia\u0142u Przedszkolnego w Szkole Podstawowej w Czermnie (24.04.2024r.) - Miejsko-Gminna Biblioteka Publiczna w G\u0105binie","og_description":"Jak\u017ce cieszy nas fakt, \u017ce po raz kolejny mogli\u015bmy go\u015bci\u0107","og_url":"http:\/\/biblioteka-gabin.pl\/index.php\/2024\/04\/26\/spotkanie-z-dziecmi-z-oddzialu-przedszkolnego-w-szkole-podstawowej-w-czermnie-24-04-2024r\/","og_site_name":"Miejsko-Gminna Biblioteka Publiczna w G\u0105binie","article_publisher":"https:\/\/www.facebook.com\/bibliotekagabin","article_published_time":"2024-04-26T00:00:00+00:00","og_image":[{"url":"https:\/\/biblioteka-gabin.pl\/wp-content\/uploads\/archive\/pliki\/obraz\/2024\/kwiecie\/435404604_1883834862051837_8894096680793907927_n.jpg","type":"","width":"","height":""}],"author":"admin","twitter_card":"summary_large_image","twitter_misc":{"Napisane przez":"admin","Szacowany czas czytania":"1 minuta"},"schema":{"@context":"https:\/\/schema.org","@graph":[{"@type":"Article","@id":"http:\/\/biblioteka-gabin.pl\/index.php\/2024\/04\/26\/spotkanie-z-dziecmi-z-oddzialu-przedszkolnego-w-szkole-podstawowej-w-czermnie-24-04-2024r\/#article","isPartOf":{"@id":"http:\/\/biblioteka-gabin.pl\/index.php\/2024\/04\/26\/spotkanie-z-dziecmi-z-oddzialu-przedszkolnego-w-szkole-podstawowej-w-czermnie-24-04-2024r\/"},"author":{"name":"admin","@id":"https:\/\/biblioteka-gabin.pl\/#\/schema\/person\/2067b97c24663d987ef6ef95bed7c99a"},"headline":"Spotkanie z dzie\u0107mi z Oddzia\u0142u Przedszkolnego w Szkole Podstawowej w Czermnie (24.04.2024r.)","datePublished":"2024-04-26T00:00:00+00:00","mainEntityOfPage":{"@id":"http:\/\/biblioteka-gabin.pl\/index.php\/2024\/04\/26\/spotkanie-z-dziecmi-z-oddzialu-przedszkolnego-w-szkole-podstawowej-w-czermnie-24-04-2024r\/"},"wordCount":278,"commentCount":0,"publisher":{"@id":"https:\/\/biblioteka-gabin.pl\/#organization"},"image":{"@id":"http:\/\/biblioteka-gabin.pl\/index.php\/2024\/04\/26\/spotkanie-z-dziecmi-z-oddzialu-przedszkolnego-w-szkole-podstawowej-w-czermnie-24-04-2024r\/#primaryimage"},"thumbnailUrl":"https:\/\/biblioteka-gabin.pl\/wp-content\/uploads\/archive\/pliki\/obraz\/2024\/kwiecie\/435404604_1883834862051837_8894096680793907927_n.jpg","articleSection":["Main"],"inLanguage":"pl-PL","potentialAction":[{"@type":"CommentAction","name":"Comment","target":["http:\/\/biblioteka-gabin.pl\/index.php\/2024\/04\/26\/spotkanie-z-dziecmi-z-oddzialu-przedszkolnego-w-szkole-podstawowej-w-czermnie-24-04-2024r\/#respond"]}]},{"@type":"WebPage","@id":"http:\/\/biblioteka-gabin.pl\/index.php\/2024\/04\/26\/spotkanie-z-dziecmi-z-oddzialu-przedszkolnego-w-szkole-podstawowej-w-czermnie-24-04-2024r\/","url":"http:\/\/biblioteka-gabin.pl\/index.php\/2024\/04\/26\/spotkanie-z-dziecmi-z-oddzialu-przedszkolnego-w-szkole-podstawowej-w-czermnie-24-04-2024r\/","name":"Spotkanie z dzie\u0107mi z Oddzia\u0142u Przedszkolnego w Szkole Podstawowej w Czermnie (24.04.2024r.) - Miejsko-Gminna Biblioteka Publiczna w G\u0105binie","isPartOf":{"@id":"https:\/\/biblioteka-gabin.pl\/#website"},"primaryImageOfPage":{"@id":"http:\/\/biblioteka-gabin.pl\/index.php\/2024\/04\/26\/spotkanie-z-dziecmi-z-oddzialu-przedszkolnego-w-szkole-podstawowej-w-czermnie-24-04-2024r\/#primaryimage"},"image":{"@id":"http:\/\/biblioteka-gabin.pl\/index.php\/2024\/04\/26\/spotkanie-z-dziecmi-z-oddzialu-przedszkolnego-w-szkole-podstawowej-w-czermnie-24-04-2024r\/#primaryimage"},"thumbnailUrl":"https:\/\/biblioteka-gabin.pl\/wp-content\/uploads\/archive\/pliki\/obraz\/2024\/kwiecie\/435404604_1883834862051837_8894096680793907927_n.jpg","datePublished":"2024-04-26T00:00:00+00:00","breadcrumb":{"@id":"http:\/\/biblioteka-gabin.pl\/index.php\/2024\/04\/26\/spotkanie-z-dziecmi-z-oddzialu-przedszkolnego-w-szkole-podstawowej-w-czermnie-24-04-2024r\/#breadcrumb"},"inLanguage":"pl-PL","potentialAction":[{"@type":"ReadAction","target":["http:\/\/biblioteka-gabin.pl\/index.php\/2024\/04\/26\/spotkanie-z-dziecmi-z-oddzialu-przedszkolnego-w-szkole-podstawowej-w-czermnie-24-04-2024r\/"]}]},{"@type":"ImageObject","inLanguage":"pl-PL","@id":"http:\/\/biblioteka-gabin.pl\/index.php\/2024\/04\/26\/spotkanie-z-dziecmi-z-oddzialu-przedszkolnego-w-szkole-podstawowej-w-czermnie-24-04-2024r\/#primaryimage","url":"https:\/\/biblioteka-gabin.pl\/wp-content\/uploads\/archive\/pliki\/obraz\/2024\/kwiecie\/435404604_1883834862051837_8894096680793907927_n.jpg","contentUrl":"https:\/\/biblioteka-gabin.pl\/wp-content\/uploads\/archive\/pliki\/obraz\/2024\/kwiecie\/435404604_1883834862051837_8894096680793907927_n.jpg"},{"@type":"BreadcrumbList","@id":"http:\/\/biblioteka-gabin.pl\/index.php\/2024\/04\/26\/spotkanie-z-dziecmi-z-oddzialu-przedszkolnego-w-szkole-podstawowej-w-czermnie-24-04-2024r\/#breadcrumb","itemListElement":[{"@type":"ListItem","position":1,"name":"Strona g\u0142\u00f3wna","item":"https:\/\/biblioteka-gabin.pl\/"},{"@type":"ListItem","position":2,"name":"Spotkanie z dzie\u0107mi z Oddzia\u0142u Przedszkolnego w Szkole Podstawowej w Czermnie (24.04.2024r.)"}]},{"@type":"WebSite","@id":"https:\/\/biblioteka-gabin.pl\/#website","url":"https:\/\/biblioteka-gabin.pl\/","name":"Miejsko-Gminna Biblioteka Publiczna w G\u0105binie","description":"","publisher":{"@id":"https:\/\/biblioteka-gabin.pl\/#organization"},"potentialAction":[{"@type":"SearchAction","target":{"@type":"EntryPoint","urlTemplate":"https:\/\/biblioteka-gabin.pl\/?s={search_term_string}"},"query-input":{"@type":"PropertyValueSpecification","valueRequired":true,"valueName":"search_term_string"}}],"inLanguage":"pl-PL"},{"@type":"Organization","@id":"https:\/\/biblioteka-gabin.pl\/#organization","name":"Miejsko-Gminna Biblioteka Publiczna w G\u0105binie","url":"https:\/\/biblioteka-gabin.pl\/","logo":{"@type":"ImageObject","inLanguage":"pl-PL","@id":"https:\/\/biblioteka-gabin.pl\/#\/schema\/logo\/image\/","url":"https:\/\/biblioteka-gabin.pl\/wp-content\/uploads\/2025\/03\/logo-biblioteka-2-1657013691-1.jpg","contentUrl":"https:\/\/biblioteka-gabin.pl\/wp-content\/uploads\/2025\/03\/logo-biblioteka-2-1657013691-1.jpg","width":1600,"height":772,"caption":"Miejsko-Gminna Biblioteka Publiczna w G\u0105binie"},"image":{"@id":"https:\/\/biblioteka-gabin.pl\/#\/schema\/logo\/image\/"},"sameAs":["https:\/\/www.facebook.com\/bibliotekagabin","https:\/\/www.youtube.com\/@mgbpgabin9392"]},{"@type":"Person","@id":"https:\/\/biblioteka-gabin.pl\/#\/schema\/person\/2067b97c24663d987ef6ef95bed7c99a","name":"admin","image":{"@type":"ImageObject","inLanguage":"pl-PL","@id":"https:\/\/secure.gravatar.com\/avatar\/e1843904e97b4e376a0fc90ae10372cd31bce9b207a7a3d2ca68fc7ca7e4174c?s=96&d=mm&r=g","url":"https:\/\/secure.gravatar.com\/avatar\/e1843904e97b4e376a0fc90ae10372cd31bce9b207a7a3d2ca68fc7ca7e4174c?s=96&d=mm&r=g","contentUrl":"https:\/\/secure.gravatar.com\/avatar\/e1843904e97b4e376a0fc90ae10372cd31bce9b207a7a3d2ca68fc7ca7e4174c?s=96&d=mm&r=g","caption":"admin"},"sameAs":["http:\/\/strona.biblioteka-gabin.pl"],"url":"https:\/\/biblioteka-gabin.pl\/index.php\/author\/admin\/"}]}},"_links":{"self":[{"href":"https:\/\/biblioteka-gabin.pl\/index.php\/wp-json\/wp\/v2\/posts\/8563","targetHints":{"allow":["GET"]}}],"collection":[{"href":"https:\/\/biblioteka-gabin.pl\/index.php\/wp-json\/wp\/v2\/posts"}],"about":[{"href":"https:\/\/biblioteka-gabin.pl\/index.php\/wp-json\/wp\/v2\/types\/post"}],"author":[{"embeddable":true,"href":"https:\/\/biblioteka-gabin.pl\/index.php\/wp-json\/wp\/v2\/users\/1"}],"replies":[{"embeddable":true,"href":"https:\/\/biblioteka-gabin.pl\/index.php\/wp-json\/wp\/v2\/comments?post=8563"}],"version-history":[{"count":0,"href":"https:\/\/biblioteka-gabin.pl\/index.php\/wp-json\/wp\/v2\/posts\/8563\/revisions"}],"wp:attachment":[{"href":"https:\/\/biblioteka-gabin.pl\/index.php\/wp-json\/wp\/v2\/media?parent=8563"}],"wp:term":[{"taxonomy":"category","embeddable":true,"href":"https:\/\/biblioteka-gabin.pl\/index.php\/wp-json\/wp\/v2\/categories?post=8563"},{"taxonomy":"post_tag","embeddable":true,"href":"https:\/\/biblioteka-gabin.pl\/index.php\/wp-json\/wp\/v2\/tags?post=8563"}],"curies":[{"name":"wp","href":"https:\/\/api.w.org\/{rel}","templated":true}]}}