{"id":8564,"date":"2024-04-25T00:00:00","date_gmt":"2024-04-25T00:00:00","guid":{"rendered":"https:\/\/biblioteka-gabin.pl\/index.php\/2024\/04\/25\/spotkanie-z-dziecmi-z-przedszkola-samorzadowego-w-dobrzykowie-25-04-2024\/"},"modified":"2024-04-25T00:00:00","modified_gmt":"2024-04-25T00:00:00","slug":"spotkanie-z-dziecmi-z-przedszkola-samorzadowego-w-dobrzykowie-25-04-2024","status":"publish","type":"post","link":"https:\/\/biblioteka-gabin.pl\/index.php\/2024\/04\/25\/spotkanie-z-dziecmi-z-przedszkola-samorzadowego-w-dobrzykowie-25-04-2024\/","title":{"rendered":"Spotkanie z dzie\u0107mi z Przedszkola Samorz\u0105dowego w Dobrzykowie (25.04.2024)"},"content":{"rendered":"<p>Ksi\u0105\u017cka interaktywna z Albikiem pt. &#8222;\u015awiat zwierz\u0105t&#8221; cieszy\u0142a si\u0119 du\u017cym zaineresowaniem wsr\u00f3d dzieci, wi\u0119c postanowi\u0142am zabra\u0107 j\u0105 tak\u017ce do Przedszkola w Dobrzykowie. W straszych grupach: &#8222;Sowach &#8221; i &#8222;Jag\u00f3dkach&#8221; ksi\u0105\u017cka \u015bwietnie zda\u0142a egamin. Magiczne pi\u00f3ro zaiteresowa\u0142o dzieci i zach\u0119ci\u0142o do wsp\u00f3lnej zabawy. W du\u017cym skupieniu s\u0142uchali ciekawostek, jakie Albik im prezentowa\u0142. Na twarzach uczestnik\u00f3w dzisiejszego spotkania dostrzeg\u0142am rado\u015b\u0107 i du\u017ce skupienie szczeg\u00f3lnie wtedy,gdy otrzymywali interesuj\u0105ce informacje, jakie przekazywa\u0142o im magiczne pi\u00f3ro.\u00a0<br \/>\n\u00a0 \u00a0 W dw\u00f3ch m\u0142odszych grupach: &#8222;Biedronkach&#8221; i &#8222;Smerfach&#8221; tradycyjnie skupi\u0142am si\u0119 na przeczytaniu dzieciom ksi\u0105\u017cek. Pierwsz\u0105 z nich by\u0142a bajka pt. &#8221; Skarby ze strychu&#8221; z serii \u015awinka Peppa. Tej bohaterki nie musia\u0142am nikomu przedstawia\u0107. Kolejn\u0105 ksi\u0105\u017ceczk\u0105 by\u0142a K. Hudson pt. &#8222;Za du\u017co marchewek&#8221;. Przedstawia\u0142a ona zabawn\u0105 histori\u0119 pewnego kr\u00f3lika, kt\u00f3ry nie mie\u015bci\u0142 si\u0119 w swoim domu z mn\u00f3stwem marchewek. Dzieci ws\u0142uchane w tekst, nie zorientowa\u0142y si\u0119, \u017ce czas spotkania min\u0105\u0142. S\u0142ysz\u0105c od dziecka pytanie: Kiedy przywioz\u0119 wi\u0119cej ksi\u0105\u017ceczek? C\u00f3\u017c mog\u0119 doda\u0107? To najlepsze pytanie jakie us\u0142ysza\u0142m w ci\u0105gu ostatnich paru dni.\u00a0<br \/>\n\u00a0 \u00a0 Serdecznie dzi\u0119kuj\u0119 za urocze spotkanie, ciesz\u0119 si\u0119, \u017ce inna formy pracy z ksi\u0105\u017ck\u0105 te\u017c si\u0119 podoba\u0142a. M\u00f3wi\u0119 Wszystkim do mi\u0142ego zobaczenia ju\u017c niebawem.<br \/>\n\u00a0 \u00a0 \u00a0 \u00a0 \u00a0 \u00a0 \u00a0 \u00a0 \u00a0 \u00a0 \u00a0 \u00a0 \u00a0 \u00a0 \u00a0 \u00a0 \u00a0 \u00a0 \u00a0 \u00a0 \u00a0 \u00a0 \u00a0 \u00a0 \u00a0 \u00a0 \u00a0 \u00a0 \u00a0 Opr. Joanna Olejniczak<br \/>\n<img src='https:\/\/biblioteka-gabin.pl\/wp-content\/uploads\/archive\/pliki\/obraz\/2024\/kwiecie\/437356316_803818361180227_2515829713949270022_n.jpg'><br \/>\n<a href='https:\/\/biblioteka-gabin.pl\/wp-content\/uploads\/archive\/galleries\/577\/43522644978683661365193787825689650184651892n-61e6a9b7fe.jpg'><img style='max-height:300px;' src='https:\/\/biblioteka-gabin.pl\/wp-content\/uploads\/archive\/galleries\/577\/43522644978683661365193787825689650184651892n-61e6a9b7fe.jpg'><\/a><br \/>\n<a href='https:\/\/biblioteka-gabin.pl\/wp-content\/uploads\/archive\/galleries\/577\/4350063013172746678404424880808840124942455n-aeecba4fc0.jpg'><img style='max-height:300px;' src='https:\/\/biblioteka-gabin.pl\/wp-content\/uploads\/archive\/galleries\/577\/4350063013172746678404424880808840124942455n-aeecba4fc0.jpg'><\/a><br \/>\n<a href='https:\/\/biblioteka-gabin.pl\/wp-content\/uploads\/archive\/galleries\/577\/4352761938006688082295197603603071272614403n-9d195bb186.jpg'><img style='max-height:300px;' src='https:\/\/biblioteka-gabin.pl\/wp-content\/uploads\/archive\/galleries\/577\/4352761938006688082295197603603071272614403n-9d195bb186.jpg'><\/a><br \/>\n<a href='https:\/\/biblioteka-gabin.pl\/wp-content\/uploads\/archive\/galleries\/577\/4351907134156232946605511379819508025637158n-ea306c6ecc.jpg'><img style='max-height:300px;' src='https:\/\/biblioteka-gabin.pl\/wp-content\/uploads\/archive\/galleries\/577\/4351907134156232946605511379819508025637158n-ea306c6ecc.jpg'><\/a><br \/>\n<a href='https:\/\/biblioteka-gabin.pl\/wp-content\/uploads\/archive\/galleries\/577\/43524327611512158627398453500115440145633692n-1-db5ac3c7b6.jpg'><img style='max-height:300px;' src='https:\/\/biblioteka-gabin.pl\/wp-content\/uploads\/archive\/galleries\/577\/43524327611512158627398453500115440145633692n-1-db5ac3c7b6.jpg'><\/a><br \/>\n<a href='https:\/\/biblioteka-gabin.pl\/wp-content\/uploads\/archive\/galleries\/577\/43725768433486249487715946167441986420135400n-24036a4788.jpg'><img style='max-height:300px;' src='https:\/\/biblioteka-gabin.pl\/wp-content\/uploads\/archive\/galleries\/577\/43725768433486249487715946167441986420135400n-24036a4788.jpg'><\/a><br \/>\n<a href='https:\/\/biblioteka-gabin.pl\/wp-content\/uploads\/archive\/galleries\/577\/43708021314742454568559151956259637423645693n-961f7bf1de.jpg'><img style='max-height:300px;' src='https:\/\/biblioteka-gabin.pl\/wp-content\/uploads\/archive\/galleries\/577\/43708021314742454568559151956259637423645693n-961f7bf1de.jpg'><\/a><br \/>\n<a href='https:\/\/biblioteka-gabin.pl\/wp-content\/uploads\/archive\/galleries\/577\/4373438619985121186107201931565254851080853n-9fb058381a.jpg'><img style='max-height:300px;' src='https:\/\/biblioteka-gabin.pl\/wp-content\/uploads\/archive\/galleries\/577\/4373438619985121186107201931565254851080853n-9fb058381a.jpg'><\/a><br \/>\n<a href='https:\/\/biblioteka-gabin.pl\/wp-content\/uploads\/archive\/galleries\/577\/437339091381135211584483498484393904268998n-8a4e8c4837.jpg'><img style='max-height:300px;' src='https:\/\/biblioteka-gabin.pl\/wp-content\/uploads\/archive\/galleries\/577\/437339091381135211584483498484393904268998n-8a4e8c4837.jpg'><\/a><br \/>\n<a href='https:\/\/biblioteka-gabin.pl\/wp-content\/uploads\/archive\/galleries\/577\/43736501376446712456192171162202982050587616n-a241b1c536.jpg'><img style='max-height:300px;' src='https:\/\/biblioteka-gabin.pl\/wp-content\/uploads\/archive\/galleries\/577\/43736501376446712456192171162202982050587616n-a241b1c536.jpg'><\/a><br \/>\n<a href='https:\/\/biblioteka-gabin.pl\/wp-content\/uploads\/archive\/galleries\/577\/4373563168038183611802272515829713949270022n-c80074c83f.jpg'><img style='max-height:300px;' src='https:\/\/biblioteka-gabin.pl\/wp-content\/uploads\/archive\/galleries\/577\/4373563168038183611802272515829713949270022n-c80074c83f.jpg'><\/a><br \/>\n<a href='https:\/\/biblioteka-gabin.pl\/wp-content\/uploads\/archive\/galleries\/577\/4373605417184922231636953326945032481250754n-1-11c05aa42d.jpg'><img style='max-height:300px;' src='https:\/\/biblioteka-gabin.pl\/wp-content\/uploads\/archive\/galleries\/577\/4373605417184922231636953326945032481250754n-1-11c05aa42d.jpg'><\/a><br \/>\n<a href='https:\/\/biblioteka-gabin.pl\/wp-content\/uploads\/archive\/galleries\/577\/4373438528032391650742263304133483752939067n-9eb434eef6.jpg'><img style='max-height:300px;' src='https:\/\/biblioteka-gabin.pl\/wp-content\/uploads\/archive\/galleries\/577\/4373438528032391650742263304133483752939067n-9eb434eef6.jpg'><\/a><br \/>\n<a href='https:\/\/biblioteka-gabin.pl\/wp-content\/uploads\/archive\/galleries\/577\/4375786519915114859141963596738673995571774n-b39964fb81.jpg'><img style='max-height:300px;' src='https:\/\/biblioteka-gabin.pl\/wp-content\/uploads\/archive\/galleries\/577\/4375786519915114859141963596738673995571774n-b39964fb81.jpg'><\/a><br \/>\n<a href='https:\/\/biblioteka-gabin.pl\/wp-content\/uploads\/archive\/galleries\/577\/4376676881607350803348832979888888218554284n-1-5cab1672d8.jpg'><img style='max-height:300px;' src='https:\/\/biblioteka-gabin.pl\/wp-content\/uploads\/archive\/galleries\/577\/4376676881607350803348832979888888218554284n-1-5cab1672d8.jpg'><\/a><\/p>\n","protected":false},"excerpt":{"rendered":"<p>Ksi\u0105\u017cka interaktywna z Albikiem pt. &#8222;\u015awiat zwierz\u0105t&#8221; cieszy\u0142a si\u0119 du\u017cym<\/p>\n","protected":false},"author":1,"featured_media":0,"comment_status":"open","ping_status":"open","sticky":false,"template":"","format":"standard","meta":{"footnotes":""},"categories":[36],"tags":[],"class_list":["post-8564","post","type-post","status-publish","format-standard","hentry","category-main"],"yoast_head":"<!-- This site is optimized with the Yoast SEO plugin v27.4 - https:\/\/yoast.com\/product\/yoast-seo-wordpress\/ -->\n<title>Spotkanie z dzie\u0107mi z Przedszkola Samorz\u0105dowego w Dobrzykowie (25.04.2024) - Miejsko-Gminna Biblioteka Publiczna w G\u0105binie<\/title>\n<meta name=\"robots\" content=\"index, follow, max-snippet:-1, max-image-preview:large, max-video-preview:-1\" \/>\n<link rel=\"canonical\" href=\"http:\/\/biblioteka-gabin.pl\/index.php\/2024\/04\/25\/spotkanie-z-dziecmi-z-przedszkola-samorzadowego-w-dobrzykowie-25-04-2024\/\" \/>\n<meta property=\"og:locale\" content=\"pl_PL\" \/>\n<meta property=\"og:type\" content=\"article\" \/>\n<meta property=\"og:title\" content=\"Spotkanie z dzie\u0107mi z Przedszkola Samorz\u0105dowego w Dobrzykowie (25.04.2024) - Miejsko-Gminna Biblioteka Publiczna w G\u0105binie\" \/>\n<meta property=\"og:description\" content=\"Ksi\u0105\u017cka interaktywna z Albikiem pt. &#8222;\u015awiat zwierz\u0105t&#8221; cieszy\u0142a si\u0119 du\u017cym\" \/>\n<meta property=\"og:url\" content=\"http:\/\/biblioteka-gabin.pl\/index.php\/2024\/04\/25\/spotkanie-z-dziecmi-z-przedszkola-samorzadowego-w-dobrzykowie-25-04-2024\/\" \/>\n<meta property=\"og:site_name\" content=\"Miejsko-Gminna Biblioteka Publiczna w G\u0105binie\" \/>\n<meta property=\"article:publisher\" content=\"https:\/\/www.facebook.com\/bibliotekagabin\" \/>\n<meta property=\"article:published_time\" content=\"2024-04-25T00:00:00+00:00\" \/>\n<meta property=\"og:image\" content=\"https:\/\/biblioteka-gabin.pl\/wp-content\/uploads\/archive\/pliki\/obraz\/2024\/kwiecie\/437356316_803818361180227_2515829713949270022_n.jpg\" \/>\n<meta name=\"author\" content=\"admin\" \/>\n<meta name=\"twitter:card\" content=\"summary_large_image\" \/>\n<meta name=\"twitter:label1\" content=\"Napisane przez\" \/>\n\t<meta name=\"twitter:data1\" content=\"admin\" \/>\n\t<meta name=\"twitter:label2\" content=\"Szacowany czas czytania\" \/>\n\t<meta name=\"twitter:data2\" content=\"1 minuta\" \/>\n<script type=\"application\/ld+json\" class=\"yoast-schema-graph\">{\"@context\":\"https:\\\/\\\/schema.org\",\"@graph\":[{\"@type\":\"Article\",\"@id\":\"http:\\\/\\\/biblioteka-gabin.pl\\\/index.php\\\/2024\\\/04\\\/25\\\/spotkanie-z-dziecmi-z-przedszkola-samorzadowego-w-dobrzykowie-25-04-2024\\\/#article\",\"isPartOf\":{\"@id\":\"http:\\\/\\\/biblioteka-gabin.pl\\\/index.php\\\/2024\\\/04\\\/25\\\/spotkanie-z-dziecmi-z-przedszkola-samorzadowego-w-dobrzykowie-25-04-2024\\\/\"},\"author\":{\"name\":\"admin\",\"@id\":\"https:\\\/\\\/biblioteka-gabin.pl\\\/#\\\/schema\\\/person\\\/2067b97c24663d987ef6ef95bed7c99a\"},\"headline\":\"Spotkanie z dzie\u0107mi z Przedszkola Samorz\u0105dowego w Dobrzykowie (25.04.2024)\",\"datePublished\":\"2024-04-25T00:00:00+00:00\",\"mainEntityOfPage\":{\"@id\":\"http:\\\/\\\/biblioteka-gabin.pl\\\/index.php\\\/2024\\\/04\\\/25\\\/spotkanie-z-dziecmi-z-przedszkola-samorzadowego-w-dobrzykowie-25-04-2024\\\/\"},\"wordCount\":250,\"commentCount\":0,\"publisher\":{\"@id\":\"https:\\\/\\\/biblioteka-gabin.pl\\\/#organization\"},\"image\":{\"@id\":\"http:\\\/\\\/biblioteka-gabin.pl\\\/index.php\\\/2024\\\/04\\\/25\\\/spotkanie-z-dziecmi-z-przedszkola-samorzadowego-w-dobrzykowie-25-04-2024\\\/#primaryimage\"},\"thumbnailUrl\":\"https:\\\/\\\/biblioteka-gabin.pl\\\/wp-content\\\/uploads\\\/archive\\\/pliki\\\/obraz\\\/2024\\\/kwiecie\\\/437356316_803818361180227_2515829713949270022_n.jpg\",\"articleSection\":[\"Main\"],\"inLanguage\":\"pl-PL\",\"potentialAction\":[{\"@type\":\"CommentAction\",\"name\":\"Comment\",\"target\":[\"http:\\\/\\\/biblioteka-gabin.pl\\\/index.php\\\/2024\\\/04\\\/25\\\/spotkanie-z-dziecmi-z-przedszkola-samorzadowego-w-dobrzykowie-25-04-2024\\\/#respond\"]}]},{\"@type\":\"WebPage\",\"@id\":\"http:\\\/\\\/biblioteka-gabin.pl\\\/index.php\\\/2024\\\/04\\\/25\\\/spotkanie-z-dziecmi-z-przedszkola-samorzadowego-w-dobrzykowie-25-04-2024\\\/\",\"url\":\"http:\\\/\\\/biblioteka-gabin.pl\\\/index.php\\\/2024\\\/04\\\/25\\\/spotkanie-z-dziecmi-z-przedszkola-samorzadowego-w-dobrzykowie-25-04-2024\\\/\",\"name\":\"Spotkanie z dzie\u0107mi z Przedszkola Samorz\u0105dowego w Dobrzykowie (25.04.2024) - Miejsko-Gminna Biblioteka Publiczna w G\u0105binie\",\"isPartOf\":{\"@id\":\"https:\\\/\\\/biblioteka-gabin.pl\\\/#website\"},\"primaryImageOfPage\":{\"@id\":\"http:\\\/\\\/biblioteka-gabin.pl\\\/index.php\\\/2024\\\/04\\\/25\\\/spotkanie-z-dziecmi-z-przedszkola-samorzadowego-w-dobrzykowie-25-04-2024\\\/#primaryimage\"},\"image\":{\"@id\":\"http:\\\/\\\/biblioteka-gabin.pl\\\/index.php\\\/2024\\\/04\\\/25\\\/spotkanie-z-dziecmi-z-przedszkola-samorzadowego-w-dobrzykowie-25-04-2024\\\/#primaryimage\"},\"thumbnailUrl\":\"https:\\\/\\\/biblioteka-gabin.pl\\\/wp-content\\\/uploads\\\/archive\\\/pliki\\\/obraz\\\/2024\\\/kwiecie\\\/437356316_803818361180227_2515829713949270022_n.jpg\",\"datePublished\":\"2024-04-25T00:00:00+00:00\",\"breadcrumb\":{\"@id\":\"http:\\\/\\\/biblioteka-gabin.pl\\\/index.php\\\/2024\\\/04\\\/25\\\/spotkanie-z-dziecmi-z-przedszkola-samorzadowego-w-dobrzykowie-25-04-2024\\\/#breadcrumb\"},\"inLanguage\":\"pl-PL\",\"potentialAction\":[{\"@type\":\"ReadAction\",\"target\":[\"http:\\\/\\\/biblioteka-gabin.pl\\\/index.php\\\/2024\\\/04\\\/25\\\/spotkanie-z-dziecmi-z-przedszkola-samorzadowego-w-dobrzykowie-25-04-2024\\\/\"]}]},{\"@type\":\"ImageObject\",\"inLanguage\":\"pl-PL\",\"@id\":\"http:\\\/\\\/biblioteka-gabin.pl\\\/index.php\\\/2024\\\/04\\\/25\\\/spotkanie-z-dziecmi-z-przedszkola-samorzadowego-w-dobrzykowie-25-04-2024\\\/#primaryimage\",\"url\":\"https:\\\/\\\/biblioteka-gabin.pl\\\/wp-content\\\/uploads\\\/archive\\\/pliki\\\/obraz\\\/2024\\\/kwiecie\\\/437356316_803818361180227_2515829713949270022_n.jpg\",\"contentUrl\":\"https:\\\/\\\/biblioteka-gabin.pl\\\/wp-content\\\/uploads\\\/archive\\\/pliki\\\/obraz\\\/2024\\\/kwiecie\\\/437356316_803818361180227_2515829713949270022_n.jpg\"},{\"@type\":\"BreadcrumbList\",\"@id\":\"http:\\\/\\\/biblioteka-gabin.pl\\\/index.php\\\/2024\\\/04\\\/25\\\/spotkanie-z-dziecmi-z-przedszkola-samorzadowego-w-dobrzykowie-25-04-2024\\\/#breadcrumb\",\"itemListElement\":[{\"@type\":\"ListItem\",\"position\":1,\"name\":\"Strona g\u0142\u00f3wna\",\"item\":\"https:\\\/\\\/biblioteka-gabin.pl\\\/\"},{\"@type\":\"ListItem\",\"position\":2,\"name\":\"Spotkanie z dzie\u0107mi z Przedszkola Samorz\u0105dowego w Dobrzykowie (25.04.2024)\"}]},{\"@type\":\"WebSite\",\"@id\":\"https:\\\/\\\/biblioteka-gabin.pl\\\/#website\",\"url\":\"https:\\\/\\\/biblioteka-gabin.pl\\\/\",\"name\":\"Miejsko-Gminna Biblioteka Publiczna w G\u0105binie\",\"description\":\"\",\"publisher\":{\"@id\":\"https:\\\/\\\/biblioteka-gabin.pl\\\/#organization\"},\"potentialAction\":[{\"@type\":\"SearchAction\",\"target\":{\"@type\":\"EntryPoint\",\"urlTemplate\":\"https:\\\/\\\/biblioteka-gabin.pl\\\/?s={search_term_string}\"},\"query-input\":{\"@type\":\"PropertyValueSpecification\",\"valueRequired\":true,\"valueName\":\"search_term_string\"}}],\"inLanguage\":\"pl-PL\"},{\"@type\":\"Organization\",\"@id\":\"https:\\\/\\\/biblioteka-gabin.pl\\\/#organization\",\"name\":\"Miejsko-Gminna Biblioteka Publiczna w G\u0105binie\",\"url\":\"https:\\\/\\\/biblioteka-gabin.pl\\\/\",\"logo\":{\"@type\":\"ImageObject\",\"inLanguage\":\"pl-PL\",\"@id\":\"https:\\\/\\\/biblioteka-gabin.pl\\\/#\\\/schema\\\/logo\\\/image\\\/\",\"url\":\"https:\\\/\\\/biblioteka-gabin.pl\\\/wp-content\\\/uploads\\\/2025\\\/03\\\/logo-biblioteka-2-1657013691-1.jpg\",\"contentUrl\":\"https:\\\/\\\/biblioteka-gabin.pl\\\/wp-content\\\/uploads\\\/2025\\\/03\\\/logo-biblioteka-2-1657013691-1.jpg\",\"width\":1600,\"height\":772,\"caption\":\"Miejsko-Gminna Biblioteka Publiczna w G\u0105binie\"},\"image\":{\"@id\":\"https:\\\/\\\/biblioteka-gabin.pl\\\/#\\\/schema\\\/logo\\\/image\\\/\"},\"sameAs\":[\"https:\\\/\\\/www.facebook.com\\\/bibliotekagabin\",\"https:\\\/\\\/www.youtube.com\\\/@mgbpgabin9392\"]},{\"@type\":\"Person\",\"@id\":\"https:\\\/\\\/biblioteka-gabin.pl\\\/#\\\/schema\\\/person\\\/2067b97c24663d987ef6ef95bed7c99a\",\"name\":\"admin\",\"image\":{\"@type\":\"ImageObject\",\"inLanguage\":\"pl-PL\",\"@id\":\"https:\\\/\\\/secure.gravatar.com\\\/avatar\\\/e1843904e97b4e376a0fc90ae10372cd31bce9b207a7a3d2ca68fc7ca7e4174c?s=96&d=mm&r=g\",\"url\":\"https:\\\/\\\/secure.gravatar.com\\\/avatar\\\/e1843904e97b4e376a0fc90ae10372cd31bce9b207a7a3d2ca68fc7ca7e4174c?s=96&d=mm&r=g\",\"contentUrl\":\"https:\\\/\\\/secure.gravatar.com\\\/avatar\\\/e1843904e97b4e376a0fc90ae10372cd31bce9b207a7a3d2ca68fc7ca7e4174c?s=96&d=mm&r=g\",\"caption\":\"admin\"},\"sameAs\":[\"http:\\\/\\\/strona.biblioteka-gabin.pl\"],\"url\":\"https:\\\/\\\/biblioteka-gabin.pl\\\/index.php\\\/author\\\/admin\\\/\"}]}<\/script>\n<!-- \/ Yoast SEO plugin. -->","yoast_head_json":{"title":"Spotkanie z dzie\u0107mi z Przedszkola Samorz\u0105dowego w Dobrzykowie (25.04.2024) - Miejsko-Gminna Biblioteka Publiczna w G\u0105binie","robots":{"index":"index","follow":"follow","max-snippet":"max-snippet:-1","max-image-preview":"max-image-preview:large","max-video-preview":"max-video-preview:-1"},"canonical":"http:\/\/biblioteka-gabin.pl\/index.php\/2024\/04\/25\/spotkanie-z-dziecmi-z-przedszkola-samorzadowego-w-dobrzykowie-25-04-2024\/","og_locale":"pl_PL","og_type":"article","og_title":"Spotkanie z dzie\u0107mi z Przedszkola Samorz\u0105dowego w Dobrzykowie (25.04.2024) - Miejsko-Gminna Biblioteka Publiczna w G\u0105binie","og_description":"Ksi\u0105\u017cka interaktywna z Albikiem pt. &#8222;\u015awiat zwierz\u0105t&#8221; cieszy\u0142a si\u0119 du\u017cym","og_url":"http:\/\/biblioteka-gabin.pl\/index.php\/2024\/04\/25\/spotkanie-z-dziecmi-z-przedszkola-samorzadowego-w-dobrzykowie-25-04-2024\/","og_site_name":"Miejsko-Gminna Biblioteka Publiczna w G\u0105binie","article_publisher":"https:\/\/www.facebook.com\/bibliotekagabin","article_published_time":"2024-04-25T00:00:00+00:00","og_image":[{"url":"https:\/\/biblioteka-gabin.pl\/wp-content\/uploads\/archive\/pliki\/obraz\/2024\/kwiecie\/437356316_803818361180227_2515829713949270022_n.jpg","type":"","width":"","height":""}],"author":"admin","twitter_card":"summary_large_image","twitter_misc":{"Napisane przez":"admin","Szacowany czas czytania":"1 minuta"},"schema":{"@context":"https:\/\/schema.org","@graph":[{"@type":"Article","@id":"http:\/\/biblioteka-gabin.pl\/index.php\/2024\/04\/25\/spotkanie-z-dziecmi-z-przedszkola-samorzadowego-w-dobrzykowie-25-04-2024\/#article","isPartOf":{"@id":"http:\/\/biblioteka-gabin.pl\/index.php\/2024\/04\/25\/spotkanie-z-dziecmi-z-przedszkola-samorzadowego-w-dobrzykowie-25-04-2024\/"},"author":{"name":"admin","@id":"https:\/\/biblioteka-gabin.pl\/#\/schema\/person\/2067b97c24663d987ef6ef95bed7c99a"},"headline":"Spotkanie z dzie\u0107mi z Przedszkola Samorz\u0105dowego w Dobrzykowie (25.04.2024)","datePublished":"2024-04-25T00:00:00+00:00","mainEntityOfPage":{"@id":"http:\/\/biblioteka-gabin.pl\/index.php\/2024\/04\/25\/spotkanie-z-dziecmi-z-przedszkola-samorzadowego-w-dobrzykowie-25-04-2024\/"},"wordCount":250,"commentCount":0,"publisher":{"@id":"https:\/\/biblioteka-gabin.pl\/#organization"},"image":{"@id":"http:\/\/biblioteka-gabin.pl\/index.php\/2024\/04\/25\/spotkanie-z-dziecmi-z-przedszkola-samorzadowego-w-dobrzykowie-25-04-2024\/#primaryimage"},"thumbnailUrl":"https:\/\/biblioteka-gabin.pl\/wp-content\/uploads\/archive\/pliki\/obraz\/2024\/kwiecie\/437356316_803818361180227_2515829713949270022_n.jpg","articleSection":["Main"],"inLanguage":"pl-PL","potentialAction":[{"@type":"CommentAction","name":"Comment","target":["http:\/\/biblioteka-gabin.pl\/index.php\/2024\/04\/25\/spotkanie-z-dziecmi-z-przedszkola-samorzadowego-w-dobrzykowie-25-04-2024\/#respond"]}]},{"@type":"WebPage","@id":"http:\/\/biblioteka-gabin.pl\/index.php\/2024\/04\/25\/spotkanie-z-dziecmi-z-przedszkola-samorzadowego-w-dobrzykowie-25-04-2024\/","url":"http:\/\/biblioteka-gabin.pl\/index.php\/2024\/04\/25\/spotkanie-z-dziecmi-z-przedszkola-samorzadowego-w-dobrzykowie-25-04-2024\/","name":"Spotkanie z dzie\u0107mi z Przedszkola Samorz\u0105dowego w Dobrzykowie (25.04.2024) - Miejsko-Gminna Biblioteka Publiczna w G\u0105binie","isPartOf":{"@id":"https:\/\/biblioteka-gabin.pl\/#website"},"primaryImageOfPage":{"@id":"http:\/\/biblioteka-gabin.pl\/index.php\/2024\/04\/25\/spotkanie-z-dziecmi-z-przedszkola-samorzadowego-w-dobrzykowie-25-04-2024\/#primaryimage"},"image":{"@id":"http:\/\/biblioteka-gabin.pl\/index.php\/2024\/04\/25\/spotkanie-z-dziecmi-z-przedszkola-samorzadowego-w-dobrzykowie-25-04-2024\/#primaryimage"},"thumbnailUrl":"https:\/\/biblioteka-gabin.pl\/wp-content\/uploads\/archive\/pliki\/obraz\/2024\/kwiecie\/437356316_803818361180227_2515829713949270022_n.jpg","datePublished":"2024-04-25T00:00:00+00:00","breadcrumb":{"@id":"http:\/\/biblioteka-gabin.pl\/index.php\/2024\/04\/25\/spotkanie-z-dziecmi-z-przedszkola-samorzadowego-w-dobrzykowie-25-04-2024\/#breadcrumb"},"inLanguage":"pl-PL","potentialAction":[{"@type":"ReadAction","target":["http:\/\/biblioteka-gabin.pl\/index.php\/2024\/04\/25\/spotkanie-z-dziecmi-z-przedszkola-samorzadowego-w-dobrzykowie-25-04-2024\/"]}]},{"@type":"ImageObject","inLanguage":"pl-PL","@id":"http:\/\/biblioteka-gabin.pl\/index.php\/2024\/04\/25\/spotkanie-z-dziecmi-z-przedszkola-samorzadowego-w-dobrzykowie-25-04-2024\/#primaryimage","url":"https:\/\/biblioteka-gabin.pl\/wp-content\/uploads\/archive\/pliki\/obraz\/2024\/kwiecie\/437356316_803818361180227_2515829713949270022_n.jpg","contentUrl":"https:\/\/biblioteka-gabin.pl\/wp-content\/uploads\/archive\/pliki\/obraz\/2024\/kwiecie\/437356316_803818361180227_2515829713949270022_n.jpg"},{"@type":"BreadcrumbList","@id":"http:\/\/biblioteka-gabin.pl\/index.php\/2024\/04\/25\/spotkanie-z-dziecmi-z-przedszkola-samorzadowego-w-dobrzykowie-25-04-2024\/#breadcrumb","itemListElement":[{"@type":"ListItem","position":1,"name":"Strona g\u0142\u00f3wna","item":"https:\/\/biblioteka-gabin.pl\/"},{"@type":"ListItem","position":2,"name":"Spotkanie z dzie\u0107mi z Przedszkola Samorz\u0105dowego w Dobrzykowie (25.04.2024)"}]},{"@type":"WebSite","@id":"https:\/\/biblioteka-gabin.pl\/#website","url":"https:\/\/biblioteka-gabin.pl\/","name":"Miejsko-Gminna Biblioteka Publiczna w G\u0105binie","description":"","publisher":{"@id":"https:\/\/biblioteka-gabin.pl\/#organization"},"potentialAction":[{"@type":"SearchAction","target":{"@type":"EntryPoint","urlTemplate":"https:\/\/biblioteka-gabin.pl\/?s={search_term_string}"},"query-input":{"@type":"PropertyValueSpecification","valueRequired":true,"valueName":"search_term_string"}}],"inLanguage":"pl-PL"},{"@type":"Organization","@id":"https:\/\/biblioteka-gabin.pl\/#organization","name":"Miejsko-Gminna Biblioteka Publiczna w G\u0105binie","url":"https:\/\/biblioteka-gabin.pl\/","logo":{"@type":"ImageObject","inLanguage":"pl-PL","@id":"https:\/\/biblioteka-gabin.pl\/#\/schema\/logo\/image\/","url":"https:\/\/biblioteka-gabin.pl\/wp-content\/uploads\/2025\/03\/logo-biblioteka-2-1657013691-1.jpg","contentUrl":"https:\/\/biblioteka-gabin.pl\/wp-content\/uploads\/2025\/03\/logo-biblioteka-2-1657013691-1.jpg","width":1600,"height":772,"caption":"Miejsko-Gminna Biblioteka Publiczna w G\u0105binie"},"image":{"@id":"https:\/\/biblioteka-gabin.pl\/#\/schema\/logo\/image\/"},"sameAs":["https:\/\/www.facebook.com\/bibliotekagabin","https:\/\/www.youtube.com\/@mgbpgabin9392"]},{"@type":"Person","@id":"https:\/\/biblioteka-gabin.pl\/#\/schema\/person\/2067b97c24663d987ef6ef95bed7c99a","name":"admin","image":{"@type":"ImageObject","inLanguage":"pl-PL","@id":"https:\/\/secure.gravatar.com\/avatar\/e1843904e97b4e376a0fc90ae10372cd31bce9b207a7a3d2ca68fc7ca7e4174c?s=96&d=mm&r=g","url":"https:\/\/secure.gravatar.com\/avatar\/e1843904e97b4e376a0fc90ae10372cd31bce9b207a7a3d2ca68fc7ca7e4174c?s=96&d=mm&r=g","contentUrl":"https:\/\/secure.gravatar.com\/avatar\/e1843904e97b4e376a0fc90ae10372cd31bce9b207a7a3d2ca68fc7ca7e4174c?s=96&d=mm&r=g","caption":"admin"},"sameAs":["http:\/\/strona.biblioteka-gabin.pl"],"url":"https:\/\/biblioteka-gabin.pl\/index.php\/author\/admin\/"}]}},"_links":{"self":[{"href":"https:\/\/biblioteka-gabin.pl\/index.php\/wp-json\/wp\/v2\/posts\/8564","targetHints":{"allow":["GET"]}}],"collection":[{"href":"https:\/\/biblioteka-gabin.pl\/index.php\/wp-json\/wp\/v2\/posts"}],"about":[{"href":"https:\/\/biblioteka-gabin.pl\/index.php\/wp-json\/wp\/v2\/types\/post"}],"author":[{"embeddable":true,"href":"https:\/\/biblioteka-gabin.pl\/index.php\/wp-json\/wp\/v2\/users\/1"}],"replies":[{"embeddable":true,"href":"https:\/\/biblioteka-gabin.pl\/index.php\/wp-json\/wp\/v2\/comments?post=8564"}],"version-history":[{"count":0,"href":"https:\/\/biblioteka-gabin.pl\/index.php\/wp-json\/wp\/v2\/posts\/8564\/revisions"}],"wp:attachment":[{"href":"https:\/\/biblioteka-gabin.pl\/index.php\/wp-json\/wp\/v2\/media?parent=8564"}],"wp:term":[{"taxonomy":"category","embeddable":true,"href":"https:\/\/biblioteka-gabin.pl\/index.php\/wp-json\/wp\/v2\/categories?post=8564"},{"taxonomy":"post_tag","embeddable":true,"href":"https:\/\/biblioteka-gabin.pl\/index.php\/wp-json\/wp\/v2\/tags?post=8564"}],"curies":[{"name":"wp","href":"https:\/\/api.w.org\/{rel}","templated":true}]}}