{"id":8598,"date":"2024-07-03T00:00:00","date_gmt":"2024-07-03T00:00:00","guid":{"rendered":"https:\/\/biblioteka-gabin.pl\/index.php\/2024\/07\/03\/tadeusz-rozewicz-polski-dramaturg-prazik-i-scenarzysta-zostal-patronem-lipca\/"},"modified":"2024-07-03T00:00:00","modified_gmt":"2024-07-03T00:00:00","slug":"tadeusz-rozewicz-polski-dramaturg-prazik-i-scenarzysta-zostal-patronem-lipca","status":"publish","type":"post","link":"https:\/\/biblioteka-gabin.pl\/index.php\/2024\/07\/03\/tadeusz-rozewicz-polski-dramaturg-prazik-i-scenarzysta-zostal-patronem-lipca\/","title":{"rendered":"Tadeusz R\u00f3\u017cewicz- polski dramaturg, prazik i scenarzysta zosta\u0142 patronem lipca"},"content":{"rendered":"<p>Tadeusz R\u00f3\u017cewicz &#8211; polski poeta, prozaik, dramaturg i scenarzysta zosta\u0142 patronem lipca w MGBP. Jeden z najwszechstronniejszych i najbardziej tw\u00f3rczych kontynuator\u00f3w literackiej awangardy w kraju i na \u015bwiecie. Wielokrotnie wymieniany jako kandydat do Nagrody Nobla.\u00a0<br \/>\nOjciec W\u0142adys\u0142aw (1886\u20131977) \u2013 syn Stanis\u0142awa i Zofii z Sieradzkich ma\u0142\u017conk\u00f3w R\u00f3\u017cewicz\u00f3w \u2013 by\u0142 ni\u017cszym urz\u0119dnikiem s\u0105dowym. Wywodz\u0105ca si\u0119 z rodziny \u017cydowskiej matka &#8211; Stefania Maria z Gelbard\u00f3w (1895\u20131957) \u2013 c\u00f3rka Arona Lejba i Florentyny Ge(r)lbard\u00f3w \u2013 zajmowa\u0142a si\u0119 domem[8], aby wyj\u015b\u0107 za m\u0105\u017c, zdecydowa\u0142a si\u0119 na chrzest. Rodzina R\u00f3\u017cewicz\u00f3w przeprowadzi\u0142a si\u0119 tu\u017c po I wojnie \u015bwiatowej z Osjakowa w Sieradzkiem do Radomska i tam te\u017c urodzi\u0142 si\u0119 Tadeusz, czwarty z pi\u0119ciorga dzieci (starsi bracia \u2013 Bogumi\u0142, Eugeniusz, Janusz oraz m\u0142odszy Stanis\u0142aw). Tadeusz R\u00f3\u017cewicz ucz\u0119szcza\u0142 do Gimnazjum im. Feliksa Fabianiego w Radomsku, w kt\u00f3rym uzyska\u0142 ma\u0142\u0105 matur\u0119. Starszy brat, Janusz, mi\u0142o\u015bnik literatury, w latach szkolnych, wci\u0105gn\u0105\u0142 m\u0142odszego brata do wsp\u00f3lnego czytania. Poznali wtedy takie utwory, jak Ferdydurke, Motory, Kr\u00f3l Ubu, kolekcjonowali czasopisma, np. \u201eChimer\u0119\u201d, \u201eSkamandra\u201d czy \u201eWiadomo\u015bci Literackie\u201d. Bracia studiowali literatur\u0119 i pisali pierwsze wiersze. Na w\u0142asn\u0105 r\u0119k\u0119 studiowali rozwi\u0105zania formalne poezji Le\u015bmiana, I\u0142\u0142akowicz\u00f3wny, Juliana Przybosia (p\u00f3\u017aniejszego mistrza Tadeusza R\u00f3\u017cewicza), o czym \u015bwiadcz\u0105 opublikowane w \u201eCzerwonych Tarczach\u201d parodie tych autor\u00f3w napisane przez 17-letniego Tadeusza. M\u0142ody R\u00f3\u017cewicz pisywa\u0142 tak\u017ce do pisma \u201ePod znakiem Marii\u201d.<br \/>\nWA\u017bNE DZIE\u0141A:<br \/>\n&#8211; Kartoteka<br \/>\n-Ocalony<br \/>\n-Stara Kobieta wysiaduje<br \/>\n&#8211; \u015awiadkowie albo Nasza ma\u0142a cywilizacja<br \/>\nZbiory opowiada\u0144<br \/>\n1955 \u2013 Opad\u0142y li\u015bcie z drzew<br \/>\n1960 \u2013 Przerwany egzamin<br \/>\n1966 \u2013 Wycieczka do muzeum<br \/>\n1970 \u2013 \u015amier\u0107 w starych dekoracjach<br \/>\n1975 \u2013 W\u0119dr\u00f3wka W\u0119drowca<br \/>\n1979 \u2013 Pr\u00f3ba rekonstrukcji<br \/>\nZbiory wierszy i poematy<br \/>\n1944 \u2013 Echa le\u015bne<br \/>\n1946 \u2013 W \u0142y\u017cce wody<br \/>\n1947 \u2013 Niepok\u00f3j<br \/>\n1948 \u2013 Czerwona r\u0119kawiczka<br \/>\n1950 \u2013 Pi\u0119\u0107 poemat\u00f3w<br \/>\n1951 \u2013 Czas, kt\u00f3ry idzie<br \/>\n1952 \u2013 Wiersze i obrazy<br \/>\n1954 \u2013 R\u00f3wnin<br \/>\n\tDramaty<br \/>\n1960 \u2013 Kartoteka<br \/>\n1962 \u2013 Grupa Laokoona<br \/>\n1964 \u2013 \u015awiadkowie albo Nasza ma\u0142a stabilizacja<br \/>\n1965 \u2013 Wyszed\u0142 z domu<br \/>\n1965 \u2013 \u015amieszny staruszek<br \/>\n1967 \u2013 Spaghetti i miecz<br \/>\n\u017ar\u00f3d\u0142o: wikipedia.org, culture.pl<br \/>\n<a href='https:\/\/biblioteka-gabin.pl\/wp-content\/uploads\/archive\/galleries\/597\/44885133611406510838867686069291055644496841n-9feae98fdf.jpg'><img style='max-height:300px;' src='https:\/\/biblioteka-gabin.pl\/wp-content\/uploads\/archive\/galleries\/597\/44885133611406510838867686069291055644496841n-9feae98fdf.jpg'><\/a><br \/>\n<a href='https:\/\/biblioteka-gabin.pl\/wp-content\/uploads\/archive\/galleries\/597\/44974097426157600633854503443109002834361354n-0079617519.jpg'><img style='max-height:300px;' src='https:\/\/biblioteka-gabin.pl\/wp-content\/uploads\/archive\/galleries\/597\/44974097426157600633854503443109002834361354n-0079617519.jpg'><\/a><br \/>\n<a href='https:\/\/biblioteka-gabin.pl\/wp-content\/uploads\/archive\/galleries\/597\/44950217611361446142816528885511113300972277n-b43c0cd1e9.jpg'><img style='max-height:300px;' src='https:\/\/biblioteka-gabin.pl\/wp-content\/uploads\/archive\/galleries\/597\/44950217611361446142816528885511113300972277n-b43c0cd1e9.jpg'><\/a><br \/>\n<a href='https:\/\/biblioteka-gabin.pl\/wp-content\/uploads\/archive\/galleries\/597\/44964821020721110599106144731682202012185760n-9ad86b08aa.jpg'><img style='max-height:300px;' src='https:\/\/biblioteka-gabin.pl\/wp-content\/uploads\/archive\/galleries\/597\/44964821020721110599106144731682202012185760n-9ad86b08aa.jpg'><\/a><\/p>\n","protected":false},"excerpt":{"rendered":"<p>Tadeusz R\u00f3\u017cewicz &#8211; polski poeta, prozaik, dramaturg i scenarzysta zosta\u0142<\/p>\n","protected":false},"author":1,"featured_media":0,"comment_status":"open","ping_status":"open","sticky":false,"template":"","format":"standard","meta":{"footnotes":""},"categories":[36],"tags":[],"class_list":["post-8598","post","type-post","status-publish","format-standard","hentry","category-main"],"yoast_head":"<!-- This site is optimized with the Yoast SEO plugin v27.4 - https:\/\/yoast.com\/product\/yoast-seo-wordpress\/ -->\n<title>Tadeusz R\u00f3\u017cewicz- polski dramaturg, prazik i scenarzysta zosta\u0142 patronem lipca - Miejsko-Gminna Biblioteka Publiczna w G\u0105binie<\/title>\n<meta name=\"robots\" content=\"index, follow, max-snippet:-1, max-image-preview:large, max-video-preview:-1\" \/>\n<link rel=\"canonical\" href=\"http:\/\/biblioteka-gabin.pl\/index.php\/2024\/07\/03\/tadeusz-rozewicz-polski-dramaturg-prazik-i-scenarzysta-zostal-patronem-lipca\/\" \/>\n<meta property=\"og:locale\" content=\"pl_PL\" \/>\n<meta property=\"og:type\" content=\"article\" \/>\n<meta property=\"og:title\" content=\"Tadeusz R\u00f3\u017cewicz- polski dramaturg, prazik i scenarzysta zosta\u0142 patronem lipca - Miejsko-Gminna Biblioteka Publiczna w G\u0105binie\" \/>\n<meta property=\"og:description\" content=\"Tadeusz R\u00f3\u017cewicz &#8211; polski poeta, prozaik, dramaturg i scenarzysta zosta\u0142\" \/>\n<meta property=\"og:url\" content=\"http:\/\/biblioteka-gabin.pl\/index.php\/2024\/07\/03\/tadeusz-rozewicz-polski-dramaturg-prazik-i-scenarzysta-zostal-patronem-lipca\/\" \/>\n<meta property=\"og:site_name\" content=\"Miejsko-Gminna Biblioteka Publiczna w G\u0105binie\" \/>\n<meta property=\"article:publisher\" content=\"https:\/\/www.facebook.com\/bibliotekagabin\" \/>\n<meta property=\"article:published_time\" content=\"2024-07-03T00:00:00+00:00\" \/>\n<meta property=\"og:image\" content=\"https:\/\/biblioteka-gabin.pl\/wp-content\/uploads\/archive\/galleries\/597\/44885133611406510838867686069291055644496841n-9feae98fdf.jpg\" \/>\n<meta name=\"author\" content=\"admin\" \/>\n<meta name=\"twitter:card\" content=\"summary_large_image\" \/>\n<meta name=\"twitter:label1\" content=\"Napisane przez\" \/>\n\t<meta name=\"twitter:data1\" content=\"admin\" \/>\n\t<meta name=\"twitter:label2\" content=\"Szacowany czas czytania\" \/>\n\t<meta name=\"twitter:data2\" content=\"2 minuty\" \/>\n<script type=\"application\/ld+json\" class=\"yoast-schema-graph\">{\"@context\":\"https:\\\/\\\/schema.org\",\"@graph\":[{\"@type\":\"Article\",\"@id\":\"http:\\\/\\\/biblioteka-gabin.pl\\\/index.php\\\/2024\\\/07\\\/03\\\/tadeusz-rozewicz-polski-dramaturg-prazik-i-scenarzysta-zostal-patronem-lipca\\\/#article\",\"isPartOf\":{\"@id\":\"http:\\\/\\\/biblioteka-gabin.pl\\\/index.php\\\/2024\\\/07\\\/03\\\/tadeusz-rozewicz-polski-dramaturg-prazik-i-scenarzysta-zostal-patronem-lipca\\\/\"},\"author\":{\"name\":\"admin\",\"@id\":\"https:\\\/\\\/biblioteka-gabin.pl\\\/#\\\/schema\\\/person\\\/2067b97c24663d987ef6ef95bed7c99a\"},\"headline\":\"Tadeusz R\u00f3\u017cewicz- polski dramaturg, prazik i scenarzysta zosta\u0142 patronem lipca\",\"datePublished\":\"2024-07-03T00:00:00+00:00\",\"mainEntityOfPage\":{\"@id\":\"http:\\\/\\\/biblioteka-gabin.pl\\\/index.php\\\/2024\\\/07\\\/03\\\/tadeusz-rozewicz-polski-dramaturg-prazik-i-scenarzysta-zostal-patronem-lipca\\\/\"},\"wordCount\":356,\"commentCount\":0,\"publisher\":{\"@id\":\"https:\\\/\\\/biblioteka-gabin.pl\\\/#organization\"},\"image\":{\"@id\":\"http:\\\/\\\/biblioteka-gabin.pl\\\/index.php\\\/2024\\\/07\\\/03\\\/tadeusz-rozewicz-polski-dramaturg-prazik-i-scenarzysta-zostal-patronem-lipca\\\/#primaryimage\"},\"thumbnailUrl\":\"https:\\\/\\\/biblioteka-gabin.pl\\\/wp-content\\\/uploads\\\/archive\\\/galleries\\\/597\\\/44885133611406510838867686069291055644496841n-9feae98fdf.jpg\",\"articleSection\":[\"Main\"],\"inLanguage\":\"pl-PL\",\"potentialAction\":[{\"@type\":\"CommentAction\",\"name\":\"Comment\",\"target\":[\"http:\\\/\\\/biblioteka-gabin.pl\\\/index.php\\\/2024\\\/07\\\/03\\\/tadeusz-rozewicz-polski-dramaturg-prazik-i-scenarzysta-zostal-patronem-lipca\\\/#respond\"]}]},{\"@type\":\"WebPage\",\"@id\":\"http:\\\/\\\/biblioteka-gabin.pl\\\/index.php\\\/2024\\\/07\\\/03\\\/tadeusz-rozewicz-polski-dramaturg-prazik-i-scenarzysta-zostal-patronem-lipca\\\/\",\"url\":\"http:\\\/\\\/biblioteka-gabin.pl\\\/index.php\\\/2024\\\/07\\\/03\\\/tadeusz-rozewicz-polski-dramaturg-prazik-i-scenarzysta-zostal-patronem-lipca\\\/\",\"name\":\"Tadeusz R\u00f3\u017cewicz- polski dramaturg, prazik i scenarzysta zosta\u0142 patronem lipca - Miejsko-Gminna Biblioteka Publiczna w G\u0105binie\",\"isPartOf\":{\"@id\":\"https:\\\/\\\/biblioteka-gabin.pl\\\/#website\"},\"primaryImageOfPage\":{\"@id\":\"http:\\\/\\\/biblioteka-gabin.pl\\\/index.php\\\/2024\\\/07\\\/03\\\/tadeusz-rozewicz-polski-dramaturg-prazik-i-scenarzysta-zostal-patronem-lipca\\\/#primaryimage\"},\"image\":{\"@id\":\"http:\\\/\\\/biblioteka-gabin.pl\\\/index.php\\\/2024\\\/07\\\/03\\\/tadeusz-rozewicz-polski-dramaturg-prazik-i-scenarzysta-zostal-patronem-lipca\\\/#primaryimage\"},\"thumbnailUrl\":\"https:\\\/\\\/biblioteka-gabin.pl\\\/wp-content\\\/uploads\\\/archive\\\/galleries\\\/597\\\/44885133611406510838867686069291055644496841n-9feae98fdf.jpg\",\"datePublished\":\"2024-07-03T00:00:00+00:00\",\"breadcrumb\":{\"@id\":\"http:\\\/\\\/biblioteka-gabin.pl\\\/index.php\\\/2024\\\/07\\\/03\\\/tadeusz-rozewicz-polski-dramaturg-prazik-i-scenarzysta-zostal-patronem-lipca\\\/#breadcrumb\"},\"inLanguage\":\"pl-PL\",\"potentialAction\":[{\"@type\":\"ReadAction\",\"target\":[\"http:\\\/\\\/biblioteka-gabin.pl\\\/index.php\\\/2024\\\/07\\\/03\\\/tadeusz-rozewicz-polski-dramaturg-prazik-i-scenarzysta-zostal-patronem-lipca\\\/\"]}]},{\"@type\":\"ImageObject\",\"inLanguage\":\"pl-PL\",\"@id\":\"http:\\\/\\\/biblioteka-gabin.pl\\\/index.php\\\/2024\\\/07\\\/03\\\/tadeusz-rozewicz-polski-dramaturg-prazik-i-scenarzysta-zostal-patronem-lipca\\\/#primaryimage\",\"url\":\"https:\\\/\\\/biblioteka-gabin.pl\\\/wp-content\\\/uploads\\\/archive\\\/galleries\\\/597\\\/44885133611406510838867686069291055644496841n-9feae98fdf.jpg\",\"contentUrl\":\"https:\\\/\\\/biblioteka-gabin.pl\\\/wp-content\\\/uploads\\\/archive\\\/galleries\\\/597\\\/44885133611406510838867686069291055644496841n-9feae98fdf.jpg\"},{\"@type\":\"BreadcrumbList\",\"@id\":\"http:\\\/\\\/biblioteka-gabin.pl\\\/index.php\\\/2024\\\/07\\\/03\\\/tadeusz-rozewicz-polski-dramaturg-prazik-i-scenarzysta-zostal-patronem-lipca\\\/#breadcrumb\",\"itemListElement\":[{\"@type\":\"ListItem\",\"position\":1,\"name\":\"Strona g\u0142\u00f3wna\",\"item\":\"https:\\\/\\\/biblioteka-gabin.pl\\\/\"},{\"@type\":\"ListItem\",\"position\":2,\"name\":\"Tadeusz R\u00f3\u017cewicz- polski dramaturg, prazik i scenarzysta zosta\u0142 patronem lipca\"}]},{\"@type\":\"WebSite\",\"@id\":\"https:\\\/\\\/biblioteka-gabin.pl\\\/#website\",\"url\":\"https:\\\/\\\/biblioteka-gabin.pl\\\/\",\"name\":\"Miejsko-Gminna Biblioteka Publiczna w G\u0105binie\",\"description\":\"\",\"publisher\":{\"@id\":\"https:\\\/\\\/biblioteka-gabin.pl\\\/#organization\"},\"potentialAction\":[{\"@type\":\"SearchAction\",\"target\":{\"@type\":\"EntryPoint\",\"urlTemplate\":\"https:\\\/\\\/biblioteka-gabin.pl\\\/?s={search_term_string}\"},\"query-input\":{\"@type\":\"PropertyValueSpecification\",\"valueRequired\":true,\"valueName\":\"search_term_string\"}}],\"inLanguage\":\"pl-PL\"},{\"@type\":\"Organization\",\"@id\":\"https:\\\/\\\/biblioteka-gabin.pl\\\/#organization\",\"name\":\"Miejsko-Gminna Biblioteka Publiczna w G\u0105binie\",\"url\":\"https:\\\/\\\/biblioteka-gabin.pl\\\/\",\"logo\":{\"@type\":\"ImageObject\",\"inLanguage\":\"pl-PL\",\"@id\":\"https:\\\/\\\/biblioteka-gabin.pl\\\/#\\\/schema\\\/logo\\\/image\\\/\",\"url\":\"https:\\\/\\\/biblioteka-gabin.pl\\\/wp-content\\\/uploads\\\/2025\\\/03\\\/logo-biblioteka-2-1657013691-1.jpg\",\"contentUrl\":\"https:\\\/\\\/biblioteka-gabin.pl\\\/wp-content\\\/uploads\\\/2025\\\/03\\\/logo-biblioteka-2-1657013691-1.jpg\",\"width\":1600,\"height\":772,\"caption\":\"Miejsko-Gminna Biblioteka Publiczna w G\u0105binie\"},\"image\":{\"@id\":\"https:\\\/\\\/biblioteka-gabin.pl\\\/#\\\/schema\\\/logo\\\/image\\\/\"},\"sameAs\":[\"https:\\\/\\\/www.facebook.com\\\/bibliotekagabin\",\"https:\\\/\\\/www.youtube.com\\\/@mgbpgabin9392\"]},{\"@type\":\"Person\",\"@id\":\"https:\\\/\\\/biblioteka-gabin.pl\\\/#\\\/schema\\\/person\\\/2067b97c24663d987ef6ef95bed7c99a\",\"name\":\"admin\",\"image\":{\"@type\":\"ImageObject\",\"inLanguage\":\"pl-PL\",\"@id\":\"https:\\\/\\\/secure.gravatar.com\\\/avatar\\\/e1843904e97b4e376a0fc90ae10372cd31bce9b207a7a3d2ca68fc7ca7e4174c?s=96&d=mm&r=g\",\"url\":\"https:\\\/\\\/secure.gravatar.com\\\/avatar\\\/e1843904e97b4e376a0fc90ae10372cd31bce9b207a7a3d2ca68fc7ca7e4174c?s=96&d=mm&r=g\",\"contentUrl\":\"https:\\\/\\\/secure.gravatar.com\\\/avatar\\\/e1843904e97b4e376a0fc90ae10372cd31bce9b207a7a3d2ca68fc7ca7e4174c?s=96&d=mm&r=g\",\"caption\":\"admin\"},\"sameAs\":[\"http:\\\/\\\/strona.biblioteka-gabin.pl\"],\"url\":\"https:\\\/\\\/biblioteka-gabin.pl\\\/index.php\\\/author\\\/admin\\\/\"}]}<\/script>\n<!-- \/ Yoast SEO plugin. -->","yoast_head_json":{"title":"Tadeusz R\u00f3\u017cewicz- polski dramaturg, prazik i scenarzysta zosta\u0142 patronem lipca - Miejsko-Gminna Biblioteka Publiczna w G\u0105binie","robots":{"index":"index","follow":"follow","max-snippet":"max-snippet:-1","max-image-preview":"max-image-preview:large","max-video-preview":"max-video-preview:-1"},"canonical":"http:\/\/biblioteka-gabin.pl\/index.php\/2024\/07\/03\/tadeusz-rozewicz-polski-dramaturg-prazik-i-scenarzysta-zostal-patronem-lipca\/","og_locale":"pl_PL","og_type":"article","og_title":"Tadeusz R\u00f3\u017cewicz- polski dramaturg, prazik i scenarzysta zosta\u0142 patronem lipca - Miejsko-Gminna Biblioteka Publiczna w G\u0105binie","og_description":"Tadeusz R\u00f3\u017cewicz &#8211; polski poeta, prozaik, dramaturg i scenarzysta zosta\u0142","og_url":"http:\/\/biblioteka-gabin.pl\/index.php\/2024\/07\/03\/tadeusz-rozewicz-polski-dramaturg-prazik-i-scenarzysta-zostal-patronem-lipca\/","og_site_name":"Miejsko-Gminna Biblioteka Publiczna w G\u0105binie","article_publisher":"https:\/\/www.facebook.com\/bibliotekagabin","article_published_time":"2024-07-03T00:00:00+00:00","og_image":[{"url":"https:\/\/biblioteka-gabin.pl\/wp-content\/uploads\/archive\/galleries\/597\/44885133611406510838867686069291055644496841n-9feae98fdf.jpg","type":"","width":"","height":""}],"author":"admin","twitter_card":"summary_large_image","twitter_misc":{"Napisane przez":"admin","Szacowany czas czytania":"2 minuty"},"schema":{"@context":"https:\/\/schema.org","@graph":[{"@type":"Article","@id":"http:\/\/biblioteka-gabin.pl\/index.php\/2024\/07\/03\/tadeusz-rozewicz-polski-dramaturg-prazik-i-scenarzysta-zostal-patronem-lipca\/#article","isPartOf":{"@id":"http:\/\/biblioteka-gabin.pl\/index.php\/2024\/07\/03\/tadeusz-rozewicz-polski-dramaturg-prazik-i-scenarzysta-zostal-patronem-lipca\/"},"author":{"name":"admin","@id":"https:\/\/biblioteka-gabin.pl\/#\/schema\/person\/2067b97c24663d987ef6ef95bed7c99a"},"headline":"Tadeusz R\u00f3\u017cewicz- polski dramaturg, prazik i scenarzysta zosta\u0142 patronem lipca","datePublished":"2024-07-03T00:00:00+00:00","mainEntityOfPage":{"@id":"http:\/\/biblioteka-gabin.pl\/index.php\/2024\/07\/03\/tadeusz-rozewicz-polski-dramaturg-prazik-i-scenarzysta-zostal-patronem-lipca\/"},"wordCount":356,"commentCount":0,"publisher":{"@id":"https:\/\/biblioteka-gabin.pl\/#organization"},"image":{"@id":"http:\/\/biblioteka-gabin.pl\/index.php\/2024\/07\/03\/tadeusz-rozewicz-polski-dramaturg-prazik-i-scenarzysta-zostal-patronem-lipca\/#primaryimage"},"thumbnailUrl":"https:\/\/biblioteka-gabin.pl\/wp-content\/uploads\/archive\/galleries\/597\/44885133611406510838867686069291055644496841n-9feae98fdf.jpg","articleSection":["Main"],"inLanguage":"pl-PL","potentialAction":[{"@type":"CommentAction","name":"Comment","target":["http:\/\/biblioteka-gabin.pl\/index.php\/2024\/07\/03\/tadeusz-rozewicz-polski-dramaturg-prazik-i-scenarzysta-zostal-patronem-lipca\/#respond"]}]},{"@type":"WebPage","@id":"http:\/\/biblioteka-gabin.pl\/index.php\/2024\/07\/03\/tadeusz-rozewicz-polski-dramaturg-prazik-i-scenarzysta-zostal-patronem-lipca\/","url":"http:\/\/biblioteka-gabin.pl\/index.php\/2024\/07\/03\/tadeusz-rozewicz-polski-dramaturg-prazik-i-scenarzysta-zostal-patronem-lipca\/","name":"Tadeusz R\u00f3\u017cewicz- polski dramaturg, prazik i scenarzysta zosta\u0142 patronem lipca - Miejsko-Gminna Biblioteka Publiczna w G\u0105binie","isPartOf":{"@id":"https:\/\/biblioteka-gabin.pl\/#website"},"primaryImageOfPage":{"@id":"http:\/\/biblioteka-gabin.pl\/index.php\/2024\/07\/03\/tadeusz-rozewicz-polski-dramaturg-prazik-i-scenarzysta-zostal-patronem-lipca\/#primaryimage"},"image":{"@id":"http:\/\/biblioteka-gabin.pl\/index.php\/2024\/07\/03\/tadeusz-rozewicz-polski-dramaturg-prazik-i-scenarzysta-zostal-patronem-lipca\/#primaryimage"},"thumbnailUrl":"https:\/\/biblioteka-gabin.pl\/wp-content\/uploads\/archive\/galleries\/597\/44885133611406510838867686069291055644496841n-9feae98fdf.jpg","datePublished":"2024-07-03T00:00:00+00:00","breadcrumb":{"@id":"http:\/\/biblioteka-gabin.pl\/index.php\/2024\/07\/03\/tadeusz-rozewicz-polski-dramaturg-prazik-i-scenarzysta-zostal-patronem-lipca\/#breadcrumb"},"inLanguage":"pl-PL","potentialAction":[{"@type":"ReadAction","target":["http:\/\/biblioteka-gabin.pl\/index.php\/2024\/07\/03\/tadeusz-rozewicz-polski-dramaturg-prazik-i-scenarzysta-zostal-patronem-lipca\/"]}]},{"@type":"ImageObject","inLanguage":"pl-PL","@id":"http:\/\/biblioteka-gabin.pl\/index.php\/2024\/07\/03\/tadeusz-rozewicz-polski-dramaturg-prazik-i-scenarzysta-zostal-patronem-lipca\/#primaryimage","url":"https:\/\/biblioteka-gabin.pl\/wp-content\/uploads\/archive\/galleries\/597\/44885133611406510838867686069291055644496841n-9feae98fdf.jpg","contentUrl":"https:\/\/biblioteka-gabin.pl\/wp-content\/uploads\/archive\/galleries\/597\/44885133611406510838867686069291055644496841n-9feae98fdf.jpg"},{"@type":"BreadcrumbList","@id":"http:\/\/biblioteka-gabin.pl\/index.php\/2024\/07\/03\/tadeusz-rozewicz-polski-dramaturg-prazik-i-scenarzysta-zostal-patronem-lipca\/#breadcrumb","itemListElement":[{"@type":"ListItem","position":1,"name":"Strona g\u0142\u00f3wna","item":"https:\/\/biblioteka-gabin.pl\/"},{"@type":"ListItem","position":2,"name":"Tadeusz R\u00f3\u017cewicz- polski dramaturg, prazik i scenarzysta zosta\u0142 patronem lipca"}]},{"@type":"WebSite","@id":"https:\/\/biblioteka-gabin.pl\/#website","url":"https:\/\/biblioteka-gabin.pl\/","name":"Miejsko-Gminna Biblioteka Publiczna w G\u0105binie","description":"","publisher":{"@id":"https:\/\/biblioteka-gabin.pl\/#organization"},"potentialAction":[{"@type":"SearchAction","target":{"@type":"EntryPoint","urlTemplate":"https:\/\/biblioteka-gabin.pl\/?s={search_term_string}"},"query-input":{"@type":"PropertyValueSpecification","valueRequired":true,"valueName":"search_term_string"}}],"inLanguage":"pl-PL"},{"@type":"Organization","@id":"https:\/\/biblioteka-gabin.pl\/#organization","name":"Miejsko-Gminna Biblioteka Publiczna w G\u0105binie","url":"https:\/\/biblioteka-gabin.pl\/","logo":{"@type":"ImageObject","inLanguage":"pl-PL","@id":"https:\/\/biblioteka-gabin.pl\/#\/schema\/logo\/image\/","url":"https:\/\/biblioteka-gabin.pl\/wp-content\/uploads\/2025\/03\/logo-biblioteka-2-1657013691-1.jpg","contentUrl":"https:\/\/biblioteka-gabin.pl\/wp-content\/uploads\/2025\/03\/logo-biblioteka-2-1657013691-1.jpg","width":1600,"height":772,"caption":"Miejsko-Gminna Biblioteka Publiczna w G\u0105binie"},"image":{"@id":"https:\/\/biblioteka-gabin.pl\/#\/schema\/logo\/image\/"},"sameAs":["https:\/\/www.facebook.com\/bibliotekagabin","https:\/\/www.youtube.com\/@mgbpgabin9392"]},{"@type":"Person","@id":"https:\/\/biblioteka-gabin.pl\/#\/schema\/person\/2067b97c24663d987ef6ef95bed7c99a","name":"admin","image":{"@type":"ImageObject","inLanguage":"pl-PL","@id":"https:\/\/secure.gravatar.com\/avatar\/e1843904e97b4e376a0fc90ae10372cd31bce9b207a7a3d2ca68fc7ca7e4174c?s=96&d=mm&r=g","url":"https:\/\/secure.gravatar.com\/avatar\/e1843904e97b4e376a0fc90ae10372cd31bce9b207a7a3d2ca68fc7ca7e4174c?s=96&d=mm&r=g","contentUrl":"https:\/\/secure.gravatar.com\/avatar\/e1843904e97b4e376a0fc90ae10372cd31bce9b207a7a3d2ca68fc7ca7e4174c?s=96&d=mm&r=g","caption":"admin"},"sameAs":["http:\/\/strona.biblioteka-gabin.pl"],"url":"https:\/\/biblioteka-gabin.pl\/index.php\/author\/admin\/"}]}},"_links":{"self":[{"href":"https:\/\/biblioteka-gabin.pl\/index.php\/wp-json\/wp\/v2\/posts\/8598","targetHints":{"allow":["GET"]}}],"collection":[{"href":"https:\/\/biblioteka-gabin.pl\/index.php\/wp-json\/wp\/v2\/posts"}],"about":[{"href":"https:\/\/biblioteka-gabin.pl\/index.php\/wp-json\/wp\/v2\/types\/post"}],"author":[{"embeddable":true,"href":"https:\/\/biblioteka-gabin.pl\/index.php\/wp-json\/wp\/v2\/users\/1"}],"replies":[{"embeddable":true,"href":"https:\/\/biblioteka-gabin.pl\/index.php\/wp-json\/wp\/v2\/comments?post=8598"}],"version-history":[{"count":0,"href":"https:\/\/biblioteka-gabin.pl\/index.php\/wp-json\/wp\/v2\/posts\/8598\/revisions"}],"wp:attachment":[{"href":"https:\/\/biblioteka-gabin.pl\/index.php\/wp-json\/wp\/v2\/media?parent=8598"}],"wp:term":[{"taxonomy":"category","embeddable":true,"href":"https:\/\/biblioteka-gabin.pl\/index.php\/wp-json\/wp\/v2\/categories?post=8598"},{"taxonomy":"post_tag","embeddable":true,"href":"https:\/\/biblioteka-gabin.pl\/index.php\/wp-json\/wp\/v2\/tags?post=8598"}],"curies":[{"name":"wp","href":"https:\/\/api.w.org\/{rel}","templated":true}]}}