{"id":8606,"date":"2023-04-14T00:00:00","date_gmt":"2023-04-14T00:00:00","guid":{"rendered":"https:\/\/biblioteka-gabin.pl\/index.php\/2023\/04\/14\/tydzien-bibliotek-bedzie-obchodzony-pod-haslem-moja-twoja-nasza-biblioteka\/"},"modified":"2023-04-14T00:00:00","modified_gmt":"2023-04-14T00:00:00","slug":"tydzien-bibliotek-bedzie-obchodzony-pod-haslem-moja-twoja-nasza-biblioteka","status":"publish","type":"post","link":"https:\/\/biblioteka-gabin.pl\/index.php\/2023\/04\/14\/tydzien-bibliotek-bedzie-obchodzony-pod-haslem-moja-twoja-nasza-biblioteka\/","title":{"rendered":"Tydzie\u0144 Bibliotek b\u0119dzie obchodzony pod has\u0142em ,,Moja, Twoja, Nasza &#8211; BIBLIOTEKA!&#8221;"},"content":{"rendered":"<p>Od 8 do 15 maja, przypada XX Og\u00f3lnopolski Tydzie\u0144 Bibliotek organizowany przez Stowarzyszenie Bibliotekarzy Polskich, pod has\u0142em ,,Moja, Twoja, Nasza &#8211; BIBLIOTEKA!&#8221;. Celem akcji jest promowanie czytelnictwa, zach\u0119cenie do przyj\u015bcia do biblioteki, podkre\u015blanie roli czytania i zwi\u0119kszenie presti\u017cu pracy bibliotekarza.<br \/>\n\u00a0\u00a0\u00a0\u00a0 W ramach obchod\u00f3w organizowane s\u0105 tematyczne webinaria, konferencje oraz akcje zwi\u0119kszaj\u0105ce zainteresowanie ksi\u0105\u017ck\u0105.<br \/>\n\u00a0\u00a0\u00a0 Tegoroczne has\u0142o zosta\u0142o wybrane ,,poniewa\u017c jest otwarte i k\u0142adzie nacisk na spo\u0142eczny charakter instytucji. Biblioteka jest miejscem, kt\u00f3re gromadzi spo\u0142eczno\u015b\u0107 zar\u00f3wno jako grup\u0119, jak i ka\u017cd\u0105 poszczeg\u00f3ln\u0105 osob\u0119.&#8221; &#8211; pisz\u0105 organizatorzy. Nawi\u0105zuj\u0105c do s\u0142\u00f3w ,,Moja, Twoja, Nasza &#8211; Biblioteka!&#8221; dodaj\u0105, \u017ce\u00a0 ,,Biblioteka jest jak przyjaciel, z kt\u00f3rym dobrze sp\u0119dza si\u0119 czas. Ka\u017cdy mo\u017ce znale\u017a\u0107 w niej co\u015b ciekawego dla siebie.&#8221;<br \/>\n\u00a0\u00a0\u00a0\u00a0 Organizatorzy podkre\u015blaj\u0105, \u017ce w ksi\u0105\u017cnicy mo\u017cna znale\u017a\u0107 odpowied\u017a na zawi\u0142e pytania z ka\u017cdej dziedziny lub ,,fantazyjny i nieoczywisty \u015bwiat&#8221;.<br \/>\n\u00a0\u00a0\u00a0 \u00a0 Pomys\u0142odawcy projektu podkre\u015blaj\u0105, \u017ce w ksi\u0105\u017cnicy mo\u017cna znale\u017a\u0107 odpowied\u017a na zawi\u0142e pytania z ka\u017cdej dziedziny lub ,,fantazyjny i nieoczywisty \u015bwiat&#8221;.<br \/>\n\u00a0\u00a0\u00a0 Projekt Tydzie\u0144 Bibliotek jest organizowany od dwudziestu lat. Bior\u0105 w nim udzia\u0142 biblioteki z ca\u0142ej Polski.<br \/>\n\u00a0\u00a0\u00a0\u00a0\u00a0 Wi\u0119cej informacji: https:\/\/tydzienbibliotek.sbp.pl\/<br \/>\n<img src='https:\/\/biblioteka-gabin.pl\/wp-content\/uploads\/archive\/pliki\/obraz\/2023_\/kwiecie\/plakat-tb2023_emil_idzikowski.jpg'><\/p>\n","protected":false},"excerpt":{"rendered":"<p>Od 8 do 15 maja, przypada XX Og\u00f3lnopolski Tydzie\u0144 Bibliotek<\/p>\n","protected":false},"author":1,"featured_media":0,"comment_status":"open","ping_status":"open","sticky":false,"template":"","format":"standard","meta":{"footnotes":""},"categories":[36],"tags":[],"class_list":["post-8606","post","type-post","status-publish","format-standard","hentry","category-main"],"yoast_head":"<!-- This site is optimized with the Yoast SEO plugin v27.4 - https:\/\/yoast.com\/product\/yoast-seo-wordpress\/ -->\n<title>Tydzie\u0144 Bibliotek b\u0119dzie obchodzony pod has\u0142em ,,Moja, Twoja, Nasza - BIBLIOTEKA!&quot; - Miejsko-Gminna Biblioteka Publiczna w G\u0105binie<\/title>\n<meta name=\"robots\" content=\"index, follow, max-snippet:-1, max-image-preview:large, max-video-preview:-1\" \/>\n<link rel=\"canonical\" href=\"http:\/\/biblioteka-gabin.pl\/index.php\/2023\/04\/14\/tydzien-bibliotek-bedzie-obchodzony-pod-haslem-moja-twoja-nasza-biblioteka\/\" \/>\n<meta property=\"og:locale\" content=\"pl_PL\" \/>\n<meta property=\"og:type\" content=\"article\" \/>\n<meta property=\"og:title\" content=\"Tydzie\u0144 Bibliotek b\u0119dzie obchodzony pod has\u0142em ,,Moja, Twoja, Nasza - BIBLIOTEKA!&quot; - Miejsko-Gminna Biblioteka Publiczna w G\u0105binie\" \/>\n<meta property=\"og:description\" content=\"Od 8 do 15 maja, przypada XX Og\u00f3lnopolski Tydzie\u0144 Bibliotek\" \/>\n<meta property=\"og:url\" content=\"http:\/\/biblioteka-gabin.pl\/index.php\/2023\/04\/14\/tydzien-bibliotek-bedzie-obchodzony-pod-haslem-moja-twoja-nasza-biblioteka\/\" \/>\n<meta property=\"og:site_name\" content=\"Miejsko-Gminna Biblioteka Publiczna w G\u0105binie\" \/>\n<meta property=\"article:publisher\" content=\"https:\/\/www.facebook.com\/bibliotekagabin\" \/>\n<meta property=\"article:published_time\" content=\"2023-04-14T00:00:00+00:00\" \/>\n<meta property=\"og:image\" content=\"https:\/\/biblioteka-gabin.pl\/wp-content\/uploads\/archive\/pliki\/obraz\/2023_\/kwiecie\/plakat-tb2023_emil_idzikowski.jpg\" \/>\n<meta name=\"author\" content=\"admin\" \/>\n<meta name=\"twitter:card\" content=\"summary_large_image\" \/>\n<meta name=\"twitter:label1\" content=\"Napisane przez\" \/>\n\t<meta name=\"twitter:data1\" content=\"admin\" \/>\n\t<meta name=\"twitter:label2\" content=\"Szacowany czas czytania\" \/>\n\t<meta name=\"twitter:data2\" content=\"1 minuta\" \/>\n<script type=\"application\/ld+json\" class=\"yoast-schema-graph\">{\"@context\":\"https:\\\/\\\/schema.org\",\"@graph\":[{\"@type\":\"Article\",\"@id\":\"http:\\\/\\\/biblioteka-gabin.pl\\\/index.php\\\/2023\\\/04\\\/14\\\/tydzien-bibliotek-bedzie-obchodzony-pod-haslem-moja-twoja-nasza-biblioteka\\\/#article\",\"isPartOf\":{\"@id\":\"http:\\\/\\\/biblioteka-gabin.pl\\\/index.php\\\/2023\\\/04\\\/14\\\/tydzien-bibliotek-bedzie-obchodzony-pod-haslem-moja-twoja-nasza-biblioteka\\\/\"},\"author\":{\"name\":\"admin\",\"@id\":\"https:\\\/\\\/biblioteka-gabin.pl\\\/#\\\/schema\\\/person\\\/2067b97c24663d987ef6ef95bed7c99a\"},\"headline\":\"Tydzie\u0144 Bibliotek b\u0119dzie obchodzony pod has\u0142em ,,Moja, Twoja, Nasza &#8211; BIBLIOTEKA!&#8221;\",\"datePublished\":\"2023-04-14T00:00:00+00:00\",\"mainEntityOfPage\":{\"@id\":\"http:\\\/\\\/biblioteka-gabin.pl\\\/index.php\\\/2023\\\/04\\\/14\\\/tydzien-bibliotek-bedzie-obchodzony-pod-haslem-moja-twoja-nasza-biblioteka\\\/\"},\"wordCount\":225,\"commentCount\":0,\"publisher\":{\"@id\":\"https:\\\/\\\/biblioteka-gabin.pl\\\/#organization\"},\"image\":{\"@id\":\"http:\\\/\\\/biblioteka-gabin.pl\\\/index.php\\\/2023\\\/04\\\/14\\\/tydzien-bibliotek-bedzie-obchodzony-pod-haslem-moja-twoja-nasza-biblioteka\\\/#primaryimage\"},\"thumbnailUrl\":\"https:\\\/\\\/biblioteka-gabin.pl\\\/wp-content\\\/uploads\\\/archive\\\/pliki\\\/obraz\\\/2023_\\\/kwiecie\\\/plakat-tb2023_emil_idzikowski.jpg\",\"articleSection\":[\"Main\"],\"inLanguage\":\"pl-PL\",\"potentialAction\":[{\"@type\":\"CommentAction\",\"name\":\"Comment\",\"target\":[\"http:\\\/\\\/biblioteka-gabin.pl\\\/index.php\\\/2023\\\/04\\\/14\\\/tydzien-bibliotek-bedzie-obchodzony-pod-haslem-moja-twoja-nasza-biblioteka\\\/#respond\"]}]},{\"@type\":\"WebPage\",\"@id\":\"http:\\\/\\\/biblioteka-gabin.pl\\\/index.php\\\/2023\\\/04\\\/14\\\/tydzien-bibliotek-bedzie-obchodzony-pod-haslem-moja-twoja-nasza-biblioteka\\\/\",\"url\":\"http:\\\/\\\/biblioteka-gabin.pl\\\/index.php\\\/2023\\\/04\\\/14\\\/tydzien-bibliotek-bedzie-obchodzony-pod-haslem-moja-twoja-nasza-biblioteka\\\/\",\"name\":\"Tydzie\u0144 Bibliotek b\u0119dzie obchodzony pod has\u0142em ,,Moja, Twoja, Nasza - BIBLIOTEKA!\\\" - Miejsko-Gminna Biblioteka Publiczna w G\u0105binie\",\"isPartOf\":{\"@id\":\"https:\\\/\\\/biblioteka-gabin.pl\\\/#website\"},\"primaryImageOfPage\":{\"@id\":\"http:\\\/\\\/biblioteka-gabin.pl\\\/index.php\\\/2023\\\/04\\\/14\\\/tydzien-bibliotek-bedzie-obchodzony-pod-haslem-moja-twoja-nasza-biblioteka\\\/#primaryimage\"},\"image\":{\"@id\":\"http:\\\/\\\/biblioteka-gabin.pl\\\/index.php\\\/2023\\\/04\\\/14\\\/tydzien-bibliotek-bedzie-obchodzony-pod-haslem-moja-twoja-nasza-biblioteka\\\/#primaryimage\"},\"thumbnailUrl\":\"https:\\\/\\\/biblioteka-gabin.pl\\\/wp-content\\\/uploads\\\/archive\\\/pliki\\\/obraz\\\/2023_\\\/kwiecie\\\/plakat-tb2023_emil_idzikowski.jpg\",\"datePublished\":\"2023-04-14T00:00:00+00:00\",\"breadcrumb\":{\"@id\":\"http:\\\/\\\/biblioteka-gabin.pl\\\/index.php\\\/2023\\\/04\\\/14\\\/tydzien-bibliotek-bedzie-obchodzony-pod-haslem-moja-twoja-nasza-biblioteka\\\/#breadcrumb\"},\"inLanguage\":\"pl-PL\",\"potentialAction\":[{\"@type\":\"ReadAction\",\"target\":[\"http:\\\/\\\/biblioteka-gabin.pl\\\/index.php\\\/2023\\\/04\\\/14\\\/tydzien-bibliotek-bedzie-obchodzony-pod-haslem-moja-twoja-nasza-biblioteka\\\/\"]}]},{\"@type\":\"ImageObject\",\"inLanguage\":\"pl-PL\",\"@id\":\"http:\\\/\\\/biblioteka-gabin.pl\\\/index.php\\\/2023\\\/04\\\/14\\\/tydzien-bibliotek-bedzie-obchodzony-pod-haslem-moja-twoja-nasza-biblioteka\\\/#primaryimage\",\"url\":\"https:\\\/\\\/biblioteka-gabin.pl\\\/wp-content\\\/uploads\\\/archive\\\/pliki\\\/obraz\\\/2023_\\\/kwiecie\\\/plakat-tb2023_emil_idzikowski.jpg\",\"contentUrl\":\"https:\\\/\\\/biblioteka-gabin.pl\\\/wp-content\\\/uploads\\\/archive\\\/pliki\\\/obraz\\\/2023_\\\/kwiecie\\\/plakat-tb2023_emil_idzikowski.jpg\"},{\"@type\":\"BreadcrumbList\",\"@id\":\"http:\\\/\\\/biblioteka-gabin.pl\\\/index.php\\\/2023\\\/04\\\/14\\\/tydzien-bibliotek-bedzie-obchodzony-pod-haslem-moja-twoja-nasza-biblioteka\\\/#breadcrumb\",\"itemListElement\":[{\"@type\":\"ListItem\",\"position\":1,\"name\":\"Strona g\u0142\u00f3wna\",\"item\":\"https:\\\/\\\/biblioteka-gabin.pl\\\/\"},{\"@type\":\"ListItem\",\"position\":2,\"name\":\"Tydzie\u0144 Bibliotek b\u0119dzie obchodzony pod has\u0142em ,,Moja, Twoja, Nasza &#8211; BIBLIOTEKA!&#8221;\"}]},{\"@type\":\"WebSite\",\"@id\":\"https:\\\/\\\/biblioteka-gabin.pl\\\/#website\",\"url\":\"https:\\\/\\\/biblioteka-gabin.pl\\\/\",\"name\":\"Miejsko-Gminna Biblioteka Publiczna w G\u0105binie\",\"description\":\"\",\"publisher\":{\"@id\":\"https:\\\/\\\/biblioteka-gabin.pl\\\/#organization\"},\"potentialAction\":[{\"@type\":\"SearchAction\",\"target\":{\"@type\":\"EntryPoint\",\"urlTemplate\":\"https:\\\/\\\/biblioteka-gabin.pl\\\/?s={search_term_string}\"},\"query-input\":{\"@type\":\"PropertyValueSpecification\",\"valueRequired\":true,\"valueName\":\"search_term_string\"}}],\"inLanguage\":\"pl-PL\"},{\"@type\":\"Organization\",\"@id\":\"https:\\\/\\\/biblioteka-gabin.pl\\\/#organization\",\"name\":\"Miejsko-Gminna Biblioteka Publiczna w G\u0105binie\",\"url\":\"https:\\\/\\\/biblioteka-gabin.pl\\\/\",\"logo\":{\"@type\":\"ImageObject\",\"inLanguage\":\"pl-PL\",\"@id\":\"https:\\\/\\\/biblioteka-gabin.pl\\\/#\\\/schema\\\/logo\\\/image\\\/\",\"url\":\"https:\\\/\\\/biblioteka-gabin.pl\\\/wp-content\\\/uploads\\\/2025\\\/03\\\/logo-biblioteka-2-1657013691-1.jpg\",\"contentUrl\":\"https:\\\/\\\/biblioteka-gabin.pl\\\/wp-content\\\/uploads\\\/2025\\\/03\\\/logo-biblioteka-2-1657013691-1.jpg\",\"width\":1600,\"height\":772,\"caption\":\"Miejsko-Gminna Biblioteka Publiczna w G\u0105binie\"},\"image\":{\"@id\":\"https:\\\/\\\/biblioteka-gabin.pl\\\/#\\\/schema\\\/logo\\\/image\\\/\"},\"sameAs\":[\"https:\\\/\\\/www.facebook.com\\\/bibliotekagabin\",\"https:\\\/\\\/www.youtube.com\\\/@mgbpgabin9392\"]},{\"@type\":\"Person\",\"@id\":\"https:\\\/\\\/biblioteka-gabin.pl\\\/#\\\/schema\\\/person\\\/2067b97c24663d987ef6ef95bed7c99a\",\"name\":\"admin\",\"image\":{\"@type\":\"ImageObject\",\"inLanguage\":\"pl-PL\",\"@id\":\"https:\\\/\\\/secure.gravatar.com\\\/avatar\\\/e1843904e97b4e376a0fc90ae10372cd31bce9b207a7a3d2ca68fc7ca7e4174c?s=96&d=mm&r=g\",\"url\":\"https:\\\/\\\/secure.gravatar.com\\\/avatar\\\/e1843904e97b4e376a0fc90ae10372cd31bce9b207a7a3d2ca68fc7ca7e4174c?s=96&d=mm&r=g\",\"contentUrl\":\"https:\\\/\\\/secure.gravatar.com\\\/avatar\\\/e1843904e97b4e376a0fc90ae10372cd31bce9b207a7a3d2ca68fc7ca7e4174c?s=96&d=mm&r=g\",\"caption\":\"admin\"},\"sameAs\":[\"http:\\\/\\\/strona.biblioteka-gabin.pl\"],\"url\":\"https:\\\/\\\/biblioteka-gabin.pl\\\/index.php\\\/author\\\/admin\\\/\"}]}<\/script>\n<!-- \/ Yoast SEO plugin. -->","yoast_head_json":{"title":"Tydzie\u0144 Bibliotek b\u0119dzie obchodzony pod has\u0142em ,,Moja, Twoja, Nasza - BIBLIOTEKA!\" - Miejsko-Gminna Biblioteka Publiczna w G\u0105binie","robots":{"index":"index","follow":"follow","max-snippet":"max-snippet:-1","max-image-preview":"max-image-preview:large","max-video-preview":"max-video-preview:-1"},"canonical":"http:\/\/biblioteka-gabin.pl\/index.php\/2023\/04\/14\/tydzien-bibliotek-bedzie-obchodzony-pod-haslem-moja-twoja-nasza-biblioteka\/","og_locale":"pl_PL","og_type":"article","og_title":"Tydzie\u0144 Bibliotek b\u0119dzie obchodzony pod has\u0142em ,,Moja, Twoja, Nasza - BIBLIOTEKA!\" - Miejsko-Gminna Biblioteka Publiczna w G\u0105binie","og_description":"Od 8 do 15 maja, przypada XX Og\u00f3lnopolski Tydzie\u0144 Bibliotek","og_url":"http:\/\/biblioteka-gabin.pl\/index.php\/2023\/04\/14\/tydzien-bibliotek-bedzie-obchodzony-pod-haslem-moja-twoja-nasza-biblioteka\/","og_site_name":"Miejsko-Gminna Biblioteka Publiczna w G\u0105binie","article_publisher":"https:\/\/www.facebook.com\/bibliotekagabin","article_published_time":"2023-04-14T00:00:00+00:00","og_image":[{"url":"https:\/\/biblioteka-gabin.pl\/wp-content\/uploads\/archive\/pliki\/obraz\/2023_\/kwiecie\/plakat-tb2023_emil_idzikowski.jpg","type":"","width":"","height":""}],"author":"admin","twitter_card":"summary_large_image","twitter_misc":{"Napisane przez":"admin","Szacowany czas czytania":"1 minuta"},"schema":{"@context":"https:\/\/schema.org","@graph":[{"@type":"Article","@id":"http:\/\/biblioteka-gabin.pl\/index.php\/2023\/04\/14\/tydzien-bibliotek-bedzie-obchodzony-pod-haslem-moja-twoja-nasza-biblioteka\/#article","isPartOf":{"@id":"http:\/\/biblioteka-gabin.pl\/index.php\/2023\/04\/14\/tydzien-bibliotek-bedzie-obchodzony-pod-haslem-moja-twoja-nasza-biblioteka\/"},"author":{"name":"admin","@id":"https:\/\/biblioteka-gabin.pl\/#\/schema\/person\/2067b97c24663d987ef6ef95bed7c99a"},"headline":"Tydzie\u0144 Bibliotek b\u0119dzie obchodzony pod has\u0142em ,,Moja, Twoja, Nasza &#8211; BIBLIOTEKA!&#8221;","datePublished":"2023-04-14T00:00:00+00:00","mainEntityOfPage":{"@id":"http:\/\/biblioteka-gabin.pl\/index.php\/2023\/04\/14\/tydzien-bibliotek-bedzie-obchodzony-pod-haslem-moja-twoja-nasza-biblioteka\/"},"wordCount":225,"commentCount":0,"publisher":{"@id":"https:\/\/biblioteka-gabin.pl\/#organization"},"image":{"@id":"http:\/\/biblioteka-gabin.pl\/index.php\/2023\/04\/14\/tydzien-bibliotek-bedzie-obchodzony-pod-haslem-moja-twoja-nasza-biblioteka\/#primaryimage"},"thumbnailUrl":"https:\/\/biblioteka-gabin.pl\/wp-content\/uploads\/archive\/pliki\/obraz\/2023_\/kwiecie\/plakat-tb2023_emil_idzikowski.jpg","articleSection":["Main"],"inLanguage":"pl-PL","potentialAction":[{"@type":"CommentAction","name":"Comment","target":["http:\/\/biblioteka-gabin.pl\/index.php\/2023\/04\/14\/tydzien-bibliotek-bedzie-obchodzony-pod-haslem-moja-twoja-nasza-biblioteka\/#respond"]}]},{"@type":"WebPage","@id":"http:\/\/biblioteka-gabin.pl\/index.php\/2023\/04\/14\/tydzien-bibliotek-bedzie-obchodzony-pod-haslem-moja-twoja-nasza-biblioteka\/","url":"http:\/\/biblioteka-gabin.pl\/index.php\/2023\/04\/14\/tydzien-bibliotek-bedzie-obchodzony-pod-haslem-moja-twoja-nasza-biblioteka\/","name":"Tydzie\u0144 Bibliotek b\u0119dzie obchodzony pod has\u0142em ,,Moja, Twoja, Nasza - BIBLIOTEKA!\" - Miejsko-Gminna Biblioteka Publiczna w G\u0105binie","isPartOf":{"@id":"https:\/\/biblioteka-gabin.pl\/#website"},"primaryImageOfPage":{"@id":"http:\/\/biblioteka-gabin.pl\/index.php\/2023\/04\/14\/tydzien-bibliotek-bedzie-obchodzony-pod-haslem-moja-twoja-nasza-biblioteka\/#primaryimage"},"image":{"@id":"http:\/\/biblioteka-gabin.pl\/index.php\/2023\/04\/14\/tydzien-bibliotek-bedzie-obchodzony-pod-haslem-moja-twoja-nasza-biblioteka\/#primaryimage"},"thumbnailUrl":"https:\/\/biblioteka-gabin.pl\/wp-content\/uploads\/archive\/pliki\/obraz\/2023_\/kwiecie\/plakat-tb2023_emil_idzikowski.jpg","datePublished":"2023-04-14T00:00:00+00:00","breadcrumb":{"@id":"http:\/\/biblioteka-gabin.pl\/index.php\/2023\/04\/14\/tydzien-bibliotek-bedzie-obchodzony-pod-haslem-moja-twoja-nasza-biblioteka\/#breadcrumb"},"inLanguage":"pl-PL","potentialAction":[{"@type":"ReadAction","target":["http:\/\/biblioteka-gabin.pl\/index.php\/2023\/04\/14\/tydzien-bibliotek-bedzie-obchodzony-pod-haslem-moja-twoja-nasza-biblioteka\/"]}]},{"@type":"ImageObject","inLanguage":"pl-PL","@id":"http:\/\/biblioteka-gabin.pl\/index.php\/2023\/04\/14\/tydzien-bibliotek-bedzie-obchodzony-pod-haslem-moja-twoja-nasza-biblioteka\/#primaryimage","url":"https:\/\/biblioteka-gabin.pl\/wp-content\/uploads\/archive\/pliki\/obraz\/2023_\/kwiecie\/plakat-tb2023_emil_idzikowski.jpg","contentUrl":"https:\/\/biblioteka-gabin.pl\/wp-content\/uploads\/archive\/pliki\/obraz\/2023_\/kwiecie\/plakat-tb2023_emil_idzikowski.jpg"},{"@type":"BreadcrumbList","@id":"http:\/\/biblioteka-gabin.pl\/index.php\/2023\/04\/14\/tydzien-bibliotek-bedzie-obchodzony-pod-haslem-moja-twoja-nasza-biblioteka\/#breadcrumb","itemListElement":[{"@type":"ListItem","position":1,"name":"Strona g\u0142\u00f3wna","item":"https:\/\/biblioteka-gabin.pl\/"},{"@type":"ListItem","position":2,"name":"Tydzie\u0144 Bibliotek b\u0119dzie obchodzony pod has\u0142em ,,Moja, Twoja, Nasza &#8211; BIBLIOTEKA!&#8221;"}]},{"@type":"WebSite","@id":"https:\/\/biblioteka-gabin.pl\/#website","url":"https:\/\/biblioteka-gabin.pl\/","name":"Miejsko-Gminna Biblioteka Publiczna w G\u0105binie","description":"","publisher":{"@id":"https:\/\/biblioteka-gabin.pl\/#organization"},"potentialAction":[{"@type":"SearchAction","target":{"@type":"EntryPoint","urlTemplate":"https:\/\/biblioteka-gabin.pl\/?s={search_term_string}"},"query-input":{"@type":"PropertyValueSpecification","valueRequired":true,"valueName":"search_term_string"}}],"inLanguage":"pl-PL"},{"@type":"Organization","@id":"https:\/\/biblioteka-gabin.pl\/#organization","name":"Miejsko-Gminna Biblioteka Publiczna w G\u0105binie","url":"https:\/\/biblioteka-gabin.pl\/","logo":{"@type":"ImageObject","inLanguage":"pl-PL","@id":"https:\/\/biblioteka-gabin.pl\/#\/schema\/logo\/image\/","url":"https:\/\/biblioteka-gabin.pl\/wp-content\/uploads\/2025\/03\/logo-biblioteka-2-1657013691-1.jpg","contentUrl":"https:\/\/biblioteka-gabin.pl\/wp-content\/uploads\/2025\/03\/logo-biblioteka-2-1657013691-1.jpg","width":1600,"height":772,"caption":"Miejsko-Gminna Biblioteka Publiczna w G\u0105binie"},"image":{"@id":"https:\/\/biblioteka-gabin.pl\/#\/schema\/logo\/image\/"},"sameAs":["https:\/\/www.facebook.com\/bibliotekagabin","https:\/\/www.youtube.com\/@mgbpgabin9392"]},{"@type":"Person","@id":"https:\/\/biblioteka-gabin.pl\/#\/schema\/person\/2067b97c24663d987ef6ef95bed7c99a","name":"admin","image":{"@type":"ImageObject","inLanguage":"pl-PL","@id":"https:\/\/secure.gravatar.com\/avatar\/e1843904e97b4e376a0fc90ae10372cd31bce9b207a7a3d2ca68fc7ca7e4174c?s=96&d=mm&r=g","url":"https:\/\/secure.gravatar.com\/avatar\/e1843904e97b4e376a0fc90ae10372cd31bce9b207a7a3d2ca68fc7ca7e4174c?s=96&d=mm&r=g","contentUrl":"https:\/\/secure.gravatar.com\/avatar\/e1843904e97b4e376a0fc90ae10372cd31bce9b207a7a3d2ca68fc7ca7e4174c?s=96&d=mm&r=g","caption":"admin"},"sameAs":["http:\/\/strona.biblioteka-gabin.pl"],"url":"https:\/\/biblioteka-gabin.pl\/index.php\/author\/admin\/"}]}},"_links":{"self":[{"href":"https:\/\/biblioteka-gabin.pl\/index.php\/wp-json\/wp\/v2\/posts\/8606","targetHints":{"allow":["GET"]}}],"collection":[{"href":"https:\/\/biblioteka-gabin.pl\/index.php\/wp-json\/wp\/v2\/posts"}],"about":[{"href":"https:\/\/biblioteka-gabin.pl\/index.php\/wp-json\/wp\/v2\/types\/post"}],"author":[{"embeddable":true,"href":"https:\/\/biblioteka-gabin.pl\/index.php\/wp-json\/wp\/v2\/users\/1"}],"replies":[{"embeddable":true,"href":"https:\/\/biblioteka-gabin.pl\/index.php\/wp-json\/wp\/v2\/comments?post=8606"}],"version-history":[{"count":0,"href":"https:\/\/biblioteka-gabin.pl\/index.php\/wp-json\/wp\/v2\/posts\/8606\/revisions"}],"wp:attachment":[{"href":"https:\/\/biblioteka-gabin.pl\/index.php\/wp-json\/wp\/v2\/media?parent=8606"}],"wp:term":[{"taxonomy":"category","embeddable":true,"href":"https:\/\/biblioteka-gabin.pl\/index.php\/wp-json\/wp\/v2\/categories?post=8606"},{"taxonomy":"post_tag","embeddable":true,"href":"https:\/\/biblioteka-gabin.pl\/index.php\/wp-json\/wp\/v2\/tags?post=8606"}],"curies":[{"name":"wp","href":"https:\/\/api.w.org\/{rel}","templated":true}]}}