{"id":8846,"date":"2024-04-22T00:00:00","date_gmt":"2024-04-22T00:00:00","guid":{"rendered":"https:\/\/biblioteka-gabin.pl\/index.php\/2024\/04\/22\/wernisaz-welnianej-wystawy-w-mgbp\/"},"modified":"2024-04-22T00:00:00","modified_gmt":"2024-04-22T00:00:00","slug":"wernisaz-welnianej-wystawy-w-mgbp","status":"publish","type":"post","link":"https:\/\/biblioteka-gabin.pl\/index.php\/2024\/04\/22\/wernisaz-welnianej-wystawy-w-mgbp\/","title":{"rendered":"Wernisa\u017c ,,We\u0142nianej wystawy&#8221; w MGBP"},"content":{"rendered":"<p>W pi\u0105tek, 19 kwietnia mi\u0142o\u015bnicy sztuki spotkali si\u0119 w\u00a0Miejsko-Gminnej Bibliotece Publicznej w\u00a0G\u0105binie na wernisa\u017cu \u201eWe\u0142nianej wystawy\u201d. Spotkanie by\u0142o kolejn\u0105 okazj\u0105 do zapoznania si\u0119 z\u00a0bogat\u0105 tw\u00f3rczo\u015bci\u0105 g\u0105bi\u0144skiego Uniwersytetu Umiej\u0119tno\u015bci dzia\u0142aj\u0105cego przy Miejsko-Gminnym O\u015brodku Kultury w\u00a0G\u0105binie.<br \/>\n\u00a0\u00a0\u00a0\u00a0\u00a0 Wystawa, kt\u00f3rej g\u0142\u00f3wnym motywem by\u0142o wykorzystanie we\u0142ny w\u00a0tworzeniu obraz\u00f3w, zaprezentowa\u0142a bogactwo talent\u00f3w lokalnych artyst\u00f3w. W\u015br\u00f3d ponad 60 prac znale\u017a\u0107 mo\u017cna by\u0142o r\u00f3\u017cnorodne dzie\u0142a, przedstawiaj\u0105ce krajobrazy, martw\u0105 natur\u0119, zwierz\u0119ta itp. Uwag\u0119 zwraca\u0142a dba\u0142o\u015b\u0107 o\u00a0szczeg\u00f3\u0142y i\u00a0ogromna paleta barw, kt\u00f3re razem sprawia\u0142y, i\u017c zaprezentowane obrazy, wykonane przy u\u017cyciu we\u0142nianych nici wygl\u0105da\u0142y wyj\u0105tkowo realistycznie. Autorkami prac by\u0142y: Ma\u0142gorzata Ostrowska, El\u017cbieta Bogiel, Teresa Matuszewska, Alicja Hupi\u0144ska, Wanda Borkowska, Marianna Golus, Iwonna Cybulska, Krystyna Tujak, Barbara Michalska.<br \/>\n\u00a0\u00a0\u00a0\u00a0\u00a0\u00a0\u00a0\u00a0\u00a0 W trakcie wernisa\u017cu go\u015bcie mieli okazj\u0119 nie tylko podziwia\u0107 dzie\u0142a sztuki, ale tak\u017ce spotka\u0107 si\u0119 z\u00a0artystami i\u00a0porozmawia\u0107 na temat inspiracji oraz technik tw\u00f3rczych. Wykorzystanie we\u0142ny do tworzenia obraz\u00f3w to bez w\u0105tpienia du\u017ce wyzwanie techniczne dla tw\u00f3rc\u00f3w oraz ciekawa forma artystyczna, z\u00a0kt\u00f3r\u0105 raczej rzadko mamy do czynienia. Wyj\u0105tkowo\u015b\u0107 \u201eWe\u0142nianej wystawy\u201d polega\u0142a na tym, \u017ce ka\u017cde dzie\u0142o by\u0142o niepowtarzalne, a\u00a0jednocze\u015bnie wpisywa\u0142o si\u0119 w\u00a0tematyczny kontekst ca\u0142ej wystawy. By\u0142a to doskona\u0142a okazja, aby zobaczy\u0107, jak wiele mo\u017cna wyrazi\u0107 poprzez r\u00f3\u017cne formy wykorzystania jednego materia\u0142u.<br \/>\n\u00a0\u00a0\u00a0\u00a0\u00a0 G\u0105bi\u0144ski Uniwersytet Umiej\u0119tno\u015bci, prowadzony przez Iwon\u0119 Motylewsk\u0105 \u2013 Bia\u0142ek, rozwija tw\u00f3rczo\u015b\u0107 lokalnych pasjonat\u00f3w malarstwa i\u00a0plastyki. Organizowane cyklicznie wystawy, dostarczaj\u0105 wyj\u0105tkowych wra\u017ce\u0144 i\u00a0dozna\u0144 artystycznych naszym mieszka\u0144com i\u00a0s\u0105 okazj\u0105 do spotka\u0144 i\u00a0integracji.<br \/>\n\u00a0\u00a0\u00a0\u00a0\u00a0 W spotkaniu uczestniczy\u0142o kilkadziesi\u0105t os\u00f3b, zar\u00f3wno przyjaci\u00f3\u0142 Uniwersytetu Umiej\u0119tno\u015bci oraz Miejsko-Gminnej Biblioteki Publicznej w\u00a0G\u0105binie, jak i\u00a0okolicznych mieszka\u0144c\u00f3w. Samorz\u0105d Miasta i\u00a0Gminy G\u0105bin reprezentowa\u0142a Skarbnik Gminy Aleksandra K\u0142ys, kt\u00f3ra przekaza\u0142a od Burmistrza Krzysztofa Jadczaka podzi\u0119kowania i\u00a0gratulacje dla wszystkich artyst\u00f3w i\u00a0os\u00f3b zaanga\u017cowanych w\u00a0przygotowanie wernisa\u017cu<br \/>\nOpr. W. Olszewski, fot. A.Wis\u0142a, bibliotekarki<\/p>\n","protected":false},"excerpt":{"rendered":"<p>W pi\u0105tek, 19 kwietnia mi\u0142o\u015bnicy sztuki spotkali si\u0119 w\u00a0Miejsko-Gminnej Bibliotece<\/p>\n","protected":false},"author":1,"featured_media":0,"comment_status":"open","ping_status":"open","sticky":false,"template":"","format":"standard","meta":{"footnotes":""},"categories":[36],"tags":[],"class_list":["post-8846","post","type-post","status-publish","format-standard","hentry","category-main"],"yoast_head":"<!-- This site is optimized with the Yoast SEO plugin v27.4 - https:\/\/yoast.com\/product\/yoast-seo-wordpress\/ -->\n<title>Wernisa\u017c ,,We\u0142nianej wystawy&quot; w MGBP - Miejsko-Gminna Biblioteka Publiczna w G\u0105binie<\/title>\n<meta name=\"robots\" content=\"index, follow, max-snippet:-1, max-image-preview:large, max-video-preview:-1\" \/>\n<link rel=\"canonical\" href=\"http:\/\/biblioteka-gabin.pl\/index.php\/2024\/04\/22\/wernisaz-welnianej-wystawy-w-mgbp\/\" \/>\n<meta property=\"og:locale\" content=\"pl_PL\" \/>\n<meta property=\"og:type\" content=\"article\" \/>\n<meta property=\"og:title\" content=\"Wernisa\u017c ,,We\u0142nianej wystawy&quot; w MGBP - Miejsko-Gminna Biblioteka Publiczna w G\u0105binie\" \/>\n<meta property=\"og:description\" content=\"W pi\u0105tek, 19 kwietnia mi\u0142o\u015bnicy sztuki spotkali si\u0119 w\u00a0Miejsko-Gminnej Bibliotece\" \/>\n<meta property=\"og:url\" content=\"http:\/\/biblioteka-gabin.pl\/index.php\/2024\/04\/22\/wernisaz-welnianej-wystawy-w-mgbp\/\" \/>\n<meta property=\"og:site_name\" content=\"Miejsko-Gminna Biblioteka Publiczna w G\u0105binie\" \/>\n<meta property=\"article:publisher\" content=\"https:\/\/www.facebook.com\/bibliotekagabin\" \/>\n<meta property=\"article:published_time\" content=\"2024-04-22T00:00:00+00:00\" \/>\n<meta property=\"og:image\" content=\"https:\/\/biblioteka-gabin.pl\/wp-content\/uploads\/2025\/03\/logo-biblioteka-2-1657013691-1.jpg\" \/>\n\t<meta property=\"og:image:width\" content=\"1600\" \/>\n\t<meta property=\"og:image:height\" content=\"772\" \/>\n\t<meta property=\"og:image:type\" content=\"image\/jpeg\" \/>\n<meta name=\"author\" content=\"admin\" \/>\n<meta name=\"twitter:card\" content=\"summary_large_image\" \/>\n<meta name=\"twitter:label1\" content=\"Napisane przez\" \/>\n\t<meta name=\"twitter:data1\" content=\"admin\" \/>\n\t<meta name=\"twitter:label2\" content=\"Szacowany czas czytania\" \/>\n\t<meta name=\"twitter:data2\" content=\"2 minuty\" \/>\n<script type=\"application\/ld+json\" class=\"yoast-schema-graph\">{\"@context\":\"https:\\\/\\\/schema.org\",\"@graph\":[{\"@type\":\"Article\",\"@id\":\"http:\\\/\\\/biblioteka-gabin.pl\\\/index.php\\\/2024\\\/04\\\/22\\\/wernisaz-welnianej-wystawy-w-mgbp\\\/#article\",\"isPartOf\":{\"@id\":\"http:\\\/\\\/biblioteka-gabin.pl\\\/index.php\\\/2024\\\/04\\\/22\\\/wernisaz-welnianej-wystawy-w-mgbp\\\/\"},\"author\":{\"name\":\"admin\",\"@id\":\"https:\\\/\\\/biblioteka-gabin.pl\\\/#\\\/schema\\\/person\\\/2067b97c24663d987ef6ef95bed7c99a\"},\"headline\":\"Wernisa\u017c ,,We\u0142nianej wystawy&#8221; w MGBP\",\"datePublished\":\"2024-04-22T00:00:00+00:00\",\"mainEntityOfPage\":{\"@id\":\"http:\\\/\\\/biblioteka-gabin.pl\\\/index.php\\\/2024\\\/04\\\/22\\\/wernisaz-welnianej-wystawy-w-mgbp\\\/\"},\"wordCount\":392,\"commentCount\":0,\"publisher\":{\"@id\":\"https:\\\/\\\/biblioteka-gabin.pl\\\/#organization\"},\"articleSection\":[\"Main\"],\"inLanguage\":\"pl-PL\",\"potentialAction\":[{\"@type\":\"CommentAction\",\"name\":\"Comment\",\"target\":[\"http:\\\/\\\/biblioteka-gabin.pl\\\/index.php\\\/2024\\\/04\\\/22\\\/wernisaz-welnianej-wystawy-w-mgbp\\\/#respond\"]}]},{\"@type\":\"WebPage\",\"@id\":\"http:\\\/\\\/biblioteka-gabin.pl\\\/index.php\\\/2024\\\/04\\\/22\\\/wernisaz-welnianej-wystawy-w-mgbp\\\/\",\"url\":\"http:\\\/\\\/biblioteka-gabin.pl\\\/index.php\\\/2024\\\/04\\\/22\\\/wernisaz-welnianej-wystawy-w-mgbp\\\/\",\"name\":\"Wernisa\u017c ,,We\u0142nianej wystawy\\\" w MGBP - Miejsko-Gminna Biblioteka Publiczna w G\u0105binie\",\"isPartOf\":{\"@id\":\"https:\\\/\\\/biblioteka-gabin.pl\\\/#website\"},\"datePublished\":\"2024-04-22T00:00:00+00:00\",\"breadcrumb\":{\"@id\":\"http:\\\/\\\/biblioteka-gabin.pl\\\/index.php\\\/2024\\\/04\\\/22\\\/wernisaz-welnianej-wystawy-w-mgbp\\\/#breadcrumb\"},\"inLanguage\":\"pl-PL\",\"potentialAction\":[{\"@type\":\"ReadAction\",\"target\":[\"http:\\\/\\\/biblioteka-gabin.pl\\\/index.php\\\/2024\\\/04\\\/22\\\/wernisaz-welnianej-wystawy-w-mgbp\\\/\"]}]},{\"@type\":\"BreadcrumbList\",\"@id\":\"http:\\\/\\\/biblioteka-gabin.pl\\\/index.php\\\/2024\\\/04\\\/22\\\/wernisaz-welnianej-wystawy-w-mgbp\\\/#breadcrumb\",\"itemListElement\":[{\"@type\":\"ListItem\",\"position\":1,\"name\":\"Strona g\u0142\u00f3wna\",\"item\":\"https:\\\/\\\/biblioteka-gabin.pl\\\/\"},{\"@type\":\"ListItem\",\"position\":2,\"name\":\"Wernisa\u017c ,,We\u0142nianej wystawy&#8221; w MGBP\"}]},{\"@type\":\"WebSite\",\"@id\":\"https:\\\/\\\/biblioteka-gabin.pl\\\/#website\",\"url\":\"https:\\\/\\\/biblioteka-gabin.pl\\\/\",\"name\":\"Miejsko-Gminna Biblioteka Publiczna w G\u0105binie\",\"description\":\"\",\"publisher\":{\"@id\":\"https:\\\/\\\/biblioteka-gabin.pl\\\/#organization\"},\"potentialAction\":[{\"@type\":\"SearchAction\",\"target\":{\"@type\":\"EntryPoint\",\"urlTemplate\":\"https:\\\/\\\/biblioteka-gabin.pl\\\/?s={search_term_string}\"},\"query-input\":{\"@type\":\"PropertyValueSpecification\",\"valueRequired\":true,\"valueName\":\"search_term_string\"}}],\"inLanguage\":\"pl-PL\"},{\"@type\":\"Organization\",\"@id\":\"https:\\\/\\\/biblioteka-gabin.pl\\\/#organization\",\"name\":\"Miejsko-Gminna Biblioteka Publiczna w G\u0105binie\",\"url\":\"https:\\\/\\\/biblioteka-gabin.pl\\\/\",\"logo\":{\"@type\":\"ImageObject\",\"inLanguage\":\"pl-PL\",\"@id\":\"https:\\\/\\\/biblioteka-gabin.pl\\\/#\\\/schema\\\/logo\\\/image\\\/\",\"url\":\"https:\\\/\\\/biblioteka-gabin.pl\\\/wp-content\\\/uploads\\\/2025\\\/03\\\/logo-biblioteka-2-1657013691-1.jpg\",\"contentUrl\":\"https:\\\/\\\/biblioteka-gabin.pl\\\/wp-content\\\/uploads\\\/2025\\\/03\\\/logo-biblioteka-2-1657013691-1.jpg\",\"width\":1600,\"height\":772,\"caption\":\"Miejsko-Gminna Biblioteka Publiczna w G\u0105binie\"},\"image\":{\"@id\":\"https:\\\/\\\/biblioteka-gabin.pl\\\/#\\\/schema\\\/logo\\\/image\\\/\"},\"sameAs\":[\"https:\\\/\\\/www.facebook.com\\\/bibliotekagabin\",\"https:\\\/\\\/www.youtube.com\\\/@mgbpgabin9392\"]},{\"@type\":\"Person\",\"@id\":\"https:\\\/\\\/biblioteka-gabin.pl\\\/#\\\/schema\\\/person\\\/2067b97c24663d987ef6ef95bed7c99a\",\"name\":\"admin\",\"image\":{\"@type\":\"ImageObject\",\"inLanguage\":\"pl-PL\",\"@id\":\"https:\\\/\\\/secure.gravatar.com\\\/avatar\\\/e1843904e97b4e376a0fc90ae10372cd31bce9b207a7a3d2ca68fc7ca7e4174c?s=96&d=mm&r=g\",\"url\":\"https:\\\/\\\/secure.gravatar.com\\\/avatar\\\/e1843904e97b4e376a0fc90ae10372cd31bce9b207a7a3d2ca68fc7ca7e4174c?s=96&d=mm&r=g\",\"contentUrl\":\"https:\\\/\\\/secure.gravatar.com\\\/avatar\\\/e1843904e97b4e376a0fc90ae10372cd31bce9b207a7a3d2ca68fc7ca7e4174c?s=96&d=mm&r=g\",\"caption\":\"admin\"},\"sameAs\":[\"http:\\\/\\\/strona.biblioteka-gabin.pl\"],\"url\":\"https:\\\/\\\/biblioteka-gabin.pl\\\/index.php\\\/author\\\/admin\\\/\"}]}<\/script>\n<!-- \/ Yoast SEO plugin. -->","yoast_head_json":{"title":"Wernisa\u017c ,,We\u0142nianej wystawy\" w MGBP - Miejsko-Gminna Biblioteka Publiczna w G\u0105binie","robots":{"index":"index","follow":"follow","max-snippet":"max-snippet:-1","max-image-preview":"max-image-preview:large","max-video-preview":"max-video-preview:-1"},"canonical":"http:\/\/biblioteka-gabin.pl\/index.php\/2024\/04\/22\/wernisaz-welnianej-wystawy-w-mgbp\/","og_locale":"pl_PL","og_type":"article","og_title":"Wernisa\u017c ,,We\u0142nianej wystawy\" w MGBP - Miejsko-Gminna Biblioteka Publiczna w G\u0105binie","og_description":"W pi\u0105tek, 19 kwietnia mi\u0142o\u015bnicy sztuki spotkali si\u0119 w\u00a0Miejsko-Gminnej Bibliotece","og_url":"http:\/\/biblioteka-gabin.pl\/index.php\/2024\/04\/22\/wernisaz-welnianej-wystawy-w-mgbp\/","og_site_name":"Miejsko-Gminna Biblioteka Publiczna w G\u0105binie","article_publisher":"https:\/\/www.facebook.com\/bibliotekagabin","article_published_time":"2024-04-22T00:00:00+00:00","og_image":[{"width":1600,"height":772,"url":"https:\/\/biblioteka-gabin.pl\/wp-content\/uploads\/2025\/03\/logo-biblioteka-2-1657013691-1.jpg","type":"image\/jpeg"}],"author":"admin","twitter_card":"summary_large_image","twitter_misc":{"Napisane przez":"admin","Szacowany czas czytania":"2 minuty"},"schema":{"@context":"https:\/\/schema.org","@graph":[{"@type":"Article","@id":"http:\/\/biblioteka-gabin.pl\/index.php\/2024\/04\/22\/wernisaz-welnianej-wystawy-w-mgbp\/#article","isPartOf":{"@id":"http:\/\/biblioteka-gabin.pl\/index.php\/2024\/04\/22\/wernisaz-welnianej-wystawy-w-mgbp\/"},"author":{"name":"admin","@id":"https:\/\/biblioteka-gabin.pl\/#\/schema\/person\/2067b97c24663d987ef6ef95bed7c99a"},"headline":"Wernisa\u017c ,,We\u0142nianej wystawy&#8221; w MGBP","datePublished":"2024-04-22T00:00:00+00:00","mainEntityOfPage":{"@id":"http:\/\/biblioteka-gabin.pl\/index.php\/2024\/04\/22\/wernisaz-welnianej-wystawy-w-mgbp\/"},"wordCount":392,"commentCount":0,"publisher":{"@id":"https:\/\/biblioteka-gabin.pl\/#organization"},"articleSection":["Main"],"inLanguage":"pl-PL","potentialAction":[{"@type":"CommentAction","name":"Comment","target":["http:\/\/biblioteka-gabin.pl\/index.php\/2024\/04\/22\/wernisaz-welnianej-wystawy-w-mgbp\/#respond"]}]},{"@type":"WebPage","@id":"http:\/\/biblioteka-gabin.pl\/index.php\/2024\/04\/22\/wernisaz-welnianej-wystawy-w-mgbp\/","url":"http:\/\/biblioteka-gabin.pl\/index.php\/2024\/04\/22\/wernisaz-welnianej-wystawy-w-mgbp\/","name":"Wernisa\u017c ,,We\u0142nianej wystawy\" w MGBP - Miejsko-Gminna Biblioteka Publiczna w G\u0105binie","isPartOf":{"@id":"https:\/\/biblioteka-gabin.pl\/#website"},"datePublished":"2024-04-22T00:00:00+00:00","breadcrumb":{"@id":"http:\/\/biblioteka-gabin.pl\/index.php\/2024\/04\/22\/wernisaz-welnianej-wystawy-w-mgbp\/#breadcrumb"},"inLanguage":"pl-PL","potentialAction":[{"@type":"ReadAction","target":["http:\/\/biblioteka-gabin.pl\/index.php\/2024\/04\/22\/wernisaz-welnianej-wystawy-w-mgbp\/"]}]},{"@type":"BreadcrumbList","@id":"http:\/\/biblioteka-gabin.pl\/index.php\/2024\/04\/22\/wernisaz-welnianej-wystawy-w-mgbp\/#breadcrumb","itemListElement":[{"@type":"ListItem","position":1,"name":"Strona g\u0142\u00f3wna","item":"https:\/\/biblioteka-gabin.pl\/"},{"@type":"ListItem","position":2,"name":"Wernisa\u017c ,,We\u0142nianej wystawy&#8221; w MGBP"}]},{"@type":"WebSite","@id":"https:\/\/biblioteka-gabin.pl\/#website","url":"https:\/\/biblioteka-gabin.pl\/","name":"Miejsko-Gminna Biblioteka Publiczna w G\u0105binie","description":"","publisher":{"@id":"https:\/\/biblioteka-gabin.pl\/#organization"},"potentialAction":[{"@type":"SearchAction","target":{"@type":"EntryPoint","urlTemplate":"https:\/\/biblioteka-gabin.pl\/?s={search_term_string}"},"query-input":{"@type":"PropertyValueSpecification","valueRequired":true,"valueName":"search_term_string"}}],"inLanguage":"pl-PL"},{"@type":"Organization","@id":"https:\/\/biblioteka-gabin.pl\/#organization","name":"Miejsko-Gminna Biblioteka Publiczna w G\u0105binie","url":"https:\/\/biblioteka-gabin.pl\/","logo":{"@type":"ImageObject","inLanguage":"pl-PL","@id":"https:\/\/biblioteka-gabin.pl\/#\/schema\/logo\/image\/","url":"https:\/\/biblioteka-gabin.pl\/wp-content\/uploads\/2025\/03\/logo-biblioteka-2-1657013691-1.jpg","contentUrl":"https:\/\/biblioteka-gabin.pl\/wp-content\/uploads\/2025\/03\/logo-biblioteka-2-1657013691-1.jpg","width":1600,"height":772,"caption":"Miejsko-Gminna Biblioteka Publiczna w G\u0105binie"},"image":{"@id":"https:\/\/biblioteka-gabin.pl\/#\/schema\/logo\/image\/"},"sameAs":["https:\/\/www.facebook.com\/bibliotekagabin","https:\/\/www.youtube.com\/@mgbpgabin9392"]},{"@type":"Person","@id":"https:\/\/biblioteka-gabin.pl\/#\/schema\/person\/2067b97c24663d987ef6ef95bed7c99a","name":"admin","image":{"@type":"ImageObject","inLanguage":"pl-PL","@id":"https:\/\/secure.gravatar.com\/avatar\/e1843904e97b4e376a0fc90ae10372cd31bce9b207a7a3d2ca68fc7ca7e4174c?s=96&d=mm&r=g","url":"https:\/\/secure.gravatar.com\/avatar\/e1843904e97b4e376a0fc90ae10372cd31bce9b207a7a3d2ca68fc7ca7e4174c?s=96&d=mm&r=g","contentUrl":"https:\/\/secure.gravatar.com\/avatar\/e1843904e97b4e376a0fc90ae10372cd31bce9b207a7a3d2ca68fc7ca7e4174c?s=96&d=mm&r=g","caption":"admin"},"sameAs":["http:\/\/strona.biblioteka-gabin.pl"],"url":"https:\/\/biblioteka-gabin.pl\/index.php\/author\/admin\/"}]}},"_links":{"self":[{"href":"https:\/\/biblioteka-gabin.pl\/index.php\/wp-json\/wp\/v2\/posts\/8846","targetHints":{"allow":["GET"]}}],"collection":[{"href":"https:\/\/biblioteka-gabin.pl\/index.php\/wp-json\/wp\/v2\/posts"}],"about":[{"href":"https:\/\/biblioteka-gabin.pl\/index.php\/wp-json\/wp\/v2\/types\/post"}],"author":[{"embeddable":true,"href":"https:\/\/biblioteka-gabin.pl\/index.php\/wp-json\/wp\/v2\/users\/1"}],"replies":[{"embeddable":true,"href":"https:\/\/biblioteka-gabin.pl\/index.php\/wp-json\/wp\/v2\/comments?post=8846"}],"version-history":[{"count":0,"href":"https:\/\/biblioteka-gabin.pl\/index.php\/wp-json\/wp\/v2\/posts\/8846\/revisions"}],"wp:attachment":[{"href":"https:\/\/biblioteka-gabin.pl\/index.php\/wp-json\/wp\/v2\/media?parent=8846"}],"wp:term":[{"taxonomy":"category","embeddable":true,"href":"https:\/\/biblioteka-gabin.pl\/index.php\/wp-json\/wp\/v2\/categories?post=8846"},{"taxonomy":"post_tag","embeddable":true,"href":"https:\/\/biblioteka-gabin.pl\/index.php\/wp-json\/wp\/v2\/tags?post=8846"}],"curies":[{"name":"wp","href":"https:\/\/api.w.org\/{rel}","templated":true}]}}