{"id":8866,"date":"2024-03-06T00:00:00","date_gmt":"2024-03-06T00:00:00","guid":{"rendered":"https:\/\/biblioteka-gabin.pl\/index.php\/2024\/03\/06\/wincenty-witos-dzialacz-polityk-trzykrotny-premier-rp-w-marcu-wspominany-w-mgbp\/"},"modified":"2024-03-06T00:00:00","modified_gmt":"2024-03-06T00:00:00","slug":"wincenty-witos-dzialacz-polityk-trzykrotny-premier-rp-w-marcu-wspominany-w-mgbp","status":"publish","type":"post","link":"https:\/\/biblioteka-gabin.pl\/index.php\/2024\/03\/06\/wincenty-witos-dzialacz-polityk-trzykrotny-premier-rp-w-marcu-wspominany-w-mgbp\/","title":{"rendered":"Wincenty Witos &#8211; dzia\u0142acz, polityk, trzykrotny premier RP w marcu wspominany w MGBP"},"content":{"rendered":"<p>W ramach naszego cyklu ,,Patroni 2024 roku&#8221; serdecznie zapraszamy do zapoznania si\u0119 z wystawk\u0105 o Wincencie Witosie. \u201eKiedy nie by\u0142o Polski niepodleg\u0142ej \u2013 d\u0105\u017cy\u0107 do niej, gdy przysz\u0142a \u2013 pracowa\u0107 dla niej, a gdy by\u0142a w potrzebie \u2013 broni\u0107 jej\u201d \u2013 te s\u0142owa by\u0142y mottem tej wybitnej postaci.<br \/>\n\u00a0\u00a0\u00a0\u00a0\u00a0\u00a0\u00a0\u00a0\u00a0 Wincenty Witos (ur. 21 stycznia 1874 w Wierzchos\u0142awicach, zm. 31 pa\u017adziernika 1945 w Krakowie) \u2013 polski polityk, dzia\u0142acz ruchu ludowego, trzykrotny premier Rzeczypospolitej Polskiej.<br \/>\n\u00a0\u00a0\u00a0\u00a0 Od 1895 w Stronnictwie Ludowym, w latach 1908\u20131914 pose\u0142<br \/>\ndo galicyjskiego Sejmu Krajowego, od 12 kwietnia 1908 do 28 lipca 1931 w\u00f3jt Wierzchos\u0142awic. Pose\u0142 do austriackiej Rady Pa\u0144stwa (1911\u20131918), cz\u0142onek Wydzia\u0142u Finansowego Komisji Tymczasowej Skonfederowanych Stronnictw Niepodleg\u0142o\u015bciowych, od 1914 w PSL \u201ePiast\u201d (prezes ugrupowania<br \/>\nod 26 czerwca 1916 rokudo 1931 roku) i w Naczelnym Komitecie Narodowym, p\u00f3\u017aniej w Lidze Narodowej (1917\u20131918), prezes Polskiej Komisji Likwidacyjnej. Od 1919 pose\u0142 na Sejm RP.<br \/>\n\u00a0\u00a0\u00a0\u00a0\u00a0 Trzykrotnie sprawowa\u0142 funkcj\u0119 premiera (od 24 lipca 1920 do 13 wrze\u015bnia 1921, od 28 maja 1923 do 14 grudnia 1923 i od 10 maja 1926 do 14 maja 1926), jego rz\u0105d zosta\u0142 obalony w wyniku przewrotu majowego. W latach 1929\u20131930 jeden z przyw\u00f3dc\u00f3w Centrolewu. W 1930 aresztowany przez w\u0142adze sanacyjne, osadzony w twierdzy brzeskiej, oskar\u017cony w tzw. procesie brzeskim o przygotowywanie zamachu stanu, skazany na 1,5 roku wi\u0119zienia, uda\u0142 si\u0119 na emigracj\u0119 do Czechos\u0142owacji. Do kraju powr\u00f3ci\u0142 31 marca 1939 po okupacji Czecho-S\u0142owacji przez wojska niemieckie i utworzeniu Protektoratu Czech i Moraw. Po agresji III Rzeszy na Polsk\u0119 internowany przez Niemc\u00f3w, odrzuci\u0142 propozycj\u0119 utworzenia rz\u0105du kolaboracyjnego. Po utworzeniu\u00a0 w czerwcu 1945 Tymczasowego Rz\u0105du Jedno\u015bci Narodowej powo\u0142any na wiceprzewodnicz\u0105cego Krajowej Rady Narodowej (nie podj\u0105\u0142 obowi\u0105zk\u00f3w), w 1945 prezes utworzonego przez Stronnictwo Ludowe \u201eRoch\u201d legalnego Polskiego Stronnictwa Ludowego (miko\u0142ajczykowskiego). Jedenz najwa\u017cniejszych, a tak\u017ce najbardziej wyrazistych i wp\u0142ywowych polityk\u00f3w<br \/>\nII Rzeczypospolitej. Jeden z ojc\u00f3w niepodleg\u0142ej Polski.<br \/>\n\u00a0\u00a0\u00a0\u00a0 Kawaler Orderu Or\u0142a Bia\u0142ego.<br \/>\n\u0179r\u00f3d\u0142o: wikipedia.org<br \/>\n<a href='https:\/\/biblioteka-gabin.pl\/wp-content\/uploads\/archive\/galleries\/568\/43016001115303611141916036926997816382312743n-09c55529b6.jpg'><img style='max-height:300px;' src='https:\/\/biblioteka-gabin.pl\/wp-content\/uploads\/archive\/galleries\/568\/43016001115303611141916036926997816382312743n-09c55529b6.jpg'><\/a><br \/>\n<a href='https:\/\/biblioteka-gabin.pl\/wp-content\/uploads\/archive\/galleries\/568\/4300918473191297944830637379531944807398464n1-a4b24cb213.jpg'><img style='max-height:300px;' src='https:\/\/biblioteka-gabin.pl\/wp-content\/uploads\/archive\/galleries\/568\/4300918473191297944830637379531944807398464n1-a4b24cb213.jpg'><\/a><br \/>\n<a href='https:\/\/biblioteka-gabin.pl\/wp-content\/uploads\/archive\/galleries\/568\/43037137520178699119304808297995957245501008n-60a45cf149.jpg'><img style='max-height:300px;' src='https:\/\/biblioteka-gabin.pl\/wp-content\/uploads\/archive\/galleries\/568\/43037137520178699119304808297995957245501008n-60a45cf149.jpg'><\/a><br \/>\n<a href='https:\/\/biblioteka-gabin.pl\/wp-content\/uploads\/archive\/galleries\/568\/43033911514434380599090844914446252372831201n-d2dec2dcea.jpg'><img style='max-height:300px;' src='https:\/\/biblioteka-gabin.pl\/wp-content\/uploads\/archive\/galleries\/568\/43033911514434380599090844914446252372831201n-d2dec2dcea.jpg'><\/a><\/p>\n","protected":false},"excerpt":{"rendered":"<p>W ramach naszego cyklu ,,Patroni 2024 roku&#8221; serdecznie zapraszamy do<\/p>\n","protected":false},"author":1,"featured_media":0,"comment_status":"open","ping_status":"open","sticky":false,"template":"","format":"standard","meta":{"footnotes":""},"categories":[36],"tags":[],"class_list":["post-8866","post","type-post","status-publish","format-standard","hentry","category-main"],"yoast_head":"<!-- This site is optimized with the Yoast SEO plugin v27.4 - https:\/\/yoast.com\/product\/yoast-seo-wordpress\/ -->\n<title>Wincenty Witos - dzia\u0142acz, polityk, trzykrotny premier RP w marcu wspominany w MGBP - Miejsko-Gminna Biblioteka Publiczna w G\u0105binie<\/title>\n<meta name=\"robots\" content=\"index, follow, max-snippet:-1, max-image-preview:large, max-video-preview:-1\" \/>\n<link rel=\"canonical\" href=\"http:\/\/biblioteka-gabin.pl\/index.php\/2024\/03\/06\/wincenty-witos-dzialacz-polityk-trzykrotny-premier-rp-w-marcu-wspominany-w-mgbp\/\" \/>\n<meta property=\"og:locale\" content=\"pl_PL\" \/>\n<meta property=\"og:type\" content=\"article\" \/>\n<meta property=\"og:title\" content=\"Wincenty Witos - dzia\u0142acz, polityk, trzykrotny premier RP w marcu wspominany w MGBP - Miejsko-Gminna Biblioteka Publiczna w G\u0105binie\" \/>\n<meta property=\"og:description\" content=\"W ramach naszego cyklu ,,Patroni 2024 roku&#8221; serdecznie zapraszamy do\" \/>\n<meta property=\"og:url\" content=\"http:\/\/biblioteka-gabin.pl\/index.php\/2024\/03\/06\/wincenty-witos-dzialacz-polityk-trzykrotny-premier-rp-w-marcu-wspominany-w-mgbp\/\" \/>\n<meta property=\"og:site_name\" content=\"Miejsko-Gminna Biblioteka Publiczna w G\u0105binie\" \/>\n<meta property=\"article:publisher\" content=\"https:\/\/www.facebook.com\/bibliotekagabin\" \/>\n<meta property=\"article:published_time\" content=\"2024-03-06T00:00:00+00:00\" \/>\n<meta property=\"og:image\" content=\"https:\/\/biblioteka-gabin.pl\/wp-content\/uploads\/archive\/galleries\/568\/43016001115303611141916036926997816382312743n-09c55529b6.jpg\" \/>\n<meta name=\"author\" content=\"admin\" \/>\n<meta name=\"twitter:card\" content=\"summary_large_image\" \/>\n<meta name=\"twitter:label1\" content=\"Napisane przez\" \/>\n\t<meta name=\"twitter:data1\" content=\"admin\" \/>\n\t<meta name=\"twitter:label2\" content=\"Szacowany czas czytania\" \/>\n\t<meta name=\"twitter:data2\" content=\"2 minuty\" \/>\n<script type=\"application\/ld+json\" class=\"yoast-schema-graph\">{\"@context\":\"https:\\\/\\\/schema.org\",\"@graph\":[{\"@type\":\"Article\",\"@id\":\"http:\\\/\\\/biblioteka-gabin.pl\\\/index.php\\\/2024\\\/03\\\/06\\\/wincenty-witos-dzialacz-polityk-trzykrotny-premier-rp-w-marcu-wspominany-w-mgbp\\\/#article\",\"isPartOf\":{\"@id\":\"http:\\\/\\\/biblioteka-gabin.pl\\\/index.php\\\/2024\\\/03\\\/06\\\/wincenty-witos-dzialacz-polityk-trzykrotny-premier-rp-w-marcu-wspominany-w-mgbp\\\/\"},\"author\":{\"name\":\"admin\",\"@id\":\"https:\\\/\\\/biblioteka-gabin.pl\\\/#\\\/schema\\\/person\\\/2067b97c24663d987ef6ef95bed7c99a\"},\"headline\":\"Wincenty Witos &#8211; dzia\u0142acz, polityk, trzykrotny premier RP w marcu wspominany w MGBP\",\"datePublished\":\"2024-03-06T00:00:00+00:00\",\"mainEntityOfPage\":{\"@id\":\"http:\\\/\\\/biblioteka-gabin.pl\\\/index.php\\\/2024\\\/03\\\/06\\\/wincenty-witos-dzialacz-polityk-trzykrotny-premier-rp-w-marcu-wspominany-w-mgbp\\\/\"},\"wordCount\":322,\"commentCount\":0,\"publisher\":{\"@id\":\"https:\\\/\\\/biblioteka-gabin.pl\\\/#organization\"},\"image\":{\"@id\":\"http:\\\/\\\/biblioteka-gabin.pl\\\/index.php\\\/2024\\\/03\\\/06\\\/wincenty-witos-dzialacz-polityk-trzykrotny-premier-rp-w-marcu-wspominany-w-mgbp\\\/#primaryimage\"},\"thumbnailUrl\":\"https:\\\/\\\/biblioteka-gabin.pl\\\/wp-content\\\/uploads\\\/archive\\\/galleries\\\/568\\\/43016001115303611141916036926997816382312743n-09c55529b6.jpg\",\"articleSection\":[\"Main\"],\"inLanguage\":\"pl-PL\",\"potentialAction\":[{\"@type\":\"CommentAction\",\"name\":\"Comment\",\"target\":[\"http:\\\/\\\/biblioteka-gabin.pl\\\/index.php\\\/2024\\\/03\\\/06\\\/wincenty-witos-dzialacz-polityk-trzykrotny-premier-rp-w-marcu-wspominany-w-mgbp\\\/#respond\"]}]},{\"@type\":\"WebPage\",\"@id\":\"http:\\\/\\\/biblioteka-gabin.pl\\\/index.php\\\/2024\\\/03\\\/06\\\/wincenty-witos-dzialacz-polityk-trzykrotny-premier-rp-w-marcu-wspominany-w-mgbp\\\/\",\"url\":\"http:\\\/\\\/biblioteka-gabin.pl\\\/index.php\\\/2024\\\/03\\\/06\\\/wincenty-witos-dzialacz-polityk-trzykrotny-premier-rp-w-marcu-wspominany-w-mgbp\\\/\",\"name\":\"Wincenty Witos - dzia\u0142acz, polityk, trzykrotny premier RP w marcu wspominany w MGBP - Miejsko-Gminna Biblioteka Publiczna w G\u0105binie\",\"isPartOf\":{\"@id\":\"https:\\\/\\\/biblioteka-gabin.pl\\\/#website\"},\"primaryImageOfPage\":{\"@id\":\"http:\\\/\\\/biblioteka-gabin.pl\\\/index.php\\\/2024\\\/03\\\/06\\\/wincenty-witos-dzialacz-polityk-trzykrotny-premier-rp-w-marcu-wspominany-w-mgbp\\\/#primaryimage\"},\"image\":{\"@id\":\"http:\\\/\\\/biblioteka-gabin.pl\\\/index.php\\\/2024\\\/03\\\/06\\\/wincenty-witos-dzialacz-polityk-trzykrotny-premier-rp-w-marcu-wspominany-w-mgbp\\\/#primaryimage\"},\"thumbnailUrl\":\"https:\\\/\\\/biblioteka-gabin.pl\\\/wp-content\\\/uploads\\\/archive\\\/galleries\\\/568\\\/43016001115303611141916036926997816382312743n-09c55529b6.jpg\",\"datePublished\":\"2024-03-06T00:00:00+00:00\",\"breadcrumb\":{\"@id\":\"http:\\\/\\\/biblioteka-gabin.pl\\\/index.php\\\/2024\\\/03\\\/06\\\/wincenty-witos-dzialacz-polityk-trzykrotny-premier-rp-w-marcu-wspominany-w-mgbp\\\/#breadcrumb\"},\"inLanguage\":\"pl-PL\",\"potentialAction\":[{\"@type\":\"ReadAction\",\"target\":[\"http:\\\/\\\/biblioteka-gabin.pl\\\/index.php\\\/2024\\\/03\\\/06\\\/wincenty-witos-dzialacz-polityk-trzykrotny-premier-rp-w-marcu-wspominany-w-mgbp\\\/\"]}]},{\"@type\":\"ImageObject\",\"inLanguage\":\"pl-PL\",\"@id\":\"http:\\\/\\\/biblioteka-gabin.pl\\\/index.php\\\/2024\\\/03\\\/06\\\/wincenty-witos-dzialacz-polityk-trzykrotny-premier-rp-w-marcu-wspominany-w-mgbp\\\/#primaryimage\",\"url\":\"https:\\\/\\\/biblioteka-gabin.pl\\\/wp-content\\\/uploads\\\/archive\\\/galleries\\\/568\\\/43016001115303611141916036926997816382312743n-09c55529b6.jpg\",\"contentUrl\":\"https:\\\/\\\/biblioteka-gabin.pl\\\/wp-content\\\/uploads\\\/archive\\\/galleries\\\/568\\\/43016001115303611141916036926997816382312743n-09c55529b6.jpg\"},{\"@type\":\"BreadcrumbList\",\"@id\":\"http:\\\/\\\/biblioteka-gabin.pl\\\/index.php\\\/2024\\\/03\\\/06\\\/wincenty-witos-dzialacz-polityk-trzykrotny-premier-rp-w-marcu-wspominany-w-mgbp\\\/#breadcrumb\",\"itemListElement\":[{\"@type\":\"ListItem\",\"position\":1,\"name\":\"Strona g\u0142\u00f3wna\",\"item\":\"https:\\\/\\\/biblioteka-gabin.pl\\\/\"},{\"@type\":\"ListItem\",\"position\":2,\"name\":\"Wincenty Witos &#8211; dzia\u0142acz, polityk, trzykrotny premier RP w marcu wspominany w MGBP\"}]},{\"@type\":\"WebSite\",\"@id\":\"https:\\\/\\\/biblioteka-gabin.pl\\\/#website\",\"url\":\"https:\\\/\\\/biblioteka-gabin.pl\\\/\",\"name\":\"Miejsko-Gminna Biblioteka Publiczna w G\u0105binie\",\"description\":\"\",\"publisher\":{\"@id\":\"https:\\\/\\\/biblioteka-gabin.pl\\\/#organization\"},\"potentialAction\":[{\"@type\":\"SearchAction\",\"target\":{\"@type\":\"EntryPoint\",\"urlTemplate\":\"https:\\\/\\\/biblioteka-gabin.pl\\\/?s={search_term_string}\"},\"query-input\":{\"@type\":\"PropertyValueSpecification\",\"valueRequired\":true,\"valueName\":\"search_term_string\"}}],\"inLanguage\":\"pl-PL\"},{\"@type\":\"Organization\",\"@id\":\"https:\\\/\\\/biblioteka-gabin.pl\\\/#organization\",\"name\":\"Miejsko-Gminna Biblioteka Publiczna w G\u0105binie\",\"url\":\"https:\\\/\\\/biblioteka-gabin.pl\\\/\",\"logo\":{\"@type\":\"ImageObject\",\"inLanguage\":\"pl-PL\",\"@id\":\"https:\\\/\\\/biblioteka-gabin.pl\\\/#\\\/schema\\\/logo\\\/image\\\/\",\"url\":\"https:\\\/\\\/biblioteka-gabin.pl\\\/wp-content\\\/uploads\\\/2025\\\/03\\\/logo-biblioteka-2-1657013691-1.jpg\",\"contentUrl\":\"https:\\\/\\\/biblioteka-gabin.pl\\\/wp-content\\\/uploads\\\/2025\\\/03\\\/logo-biblioteka-2-1657013691-1.jpg\",\"width\":1600,\"height\":772,\"caption\":\"Miejsko-Gminna Biblioteka Publiczna w G\u0105binie\"},\"image\":{\"@id\":\"https:\\\/\\\/biblioteka-gabin.pl\\\/#\\\/schema\\\/logo\\\/image\\\/\"},\"sameAs\":[\"https:\\\/\\\/www.facebook.com\\\/bibliotekagabin\",\"https:\\\/\\\/www.youtube.com\\\/@mgbpgabin9392\"]},{\"@type\":\"Person\",\"@id\":\"https:\\\/\\\/biblioteka-gabin.pl\\\/#\\\/schema\\\/person\\\/2067b97c24663d987ef6ef95bed7c99a\",\"name\":\"admin\",\"image\":{\"@type\":\"ImageObject\",\"inLanguage\":\"pl-PL\",\"@id\":\"https:\\\/\\\/secure.gravatar.com\\\/avatar\\\/e1843904e97b4e376a0fc90ae10372cd31bce9b207a7a3d2ca68fc7ca7e4174c?s=96&d=mm&r=g\",\"url\":\"https:\\\/\\\/secure.gravatar.com\\\/avatar\\\/e1843904e97b4e376a0fc90ae10372cd31bce9b207a7a3d2ca68fc7ca7e4174c?s=96&d=mm&r=g\",\"contentUrl\":\"https:\\\/\\\/secure.gravatar.com\\\/avatar\\\/e1843904e97b4e376a0fc90ae10372cd31bce9b207a7a3d2ca68fc7ca7e4174c?s=96&d=mm&r=g\",\"caption\":\"admin\"},\"sameAs\":[\"http:\\\/\\\/strona.biblioteka-gabin.pl\"],\"url\":\"https:\\\/\\\/biblioteka-gabin.pl\\\/index.php\\\/author\\\/admin\\\/\"}]}<\/script>\n<!-- \/ Yoast SEO plugin. -->","yoast_head_json":{"title":"Wincenty Witos - dzia\u0142acz, polityk, trzykrotny premier RP w marcu wspominany w MGBP - Miejsko-Gminna Biblioteka Publiczna w G\u0105binie","robots":{"index":"index","follow":"follow","max-snippet":"max-snippet:-1","max-image-preview":"max-image-preview:large","max-video-preview":"max-video-preview:-1"},"canonical":"http:\/\/biblioteka-gabin.pl\/index.php\/2024\/03\/06\/wincenty-witos-dzialacz-polityk-trzykrotny-premier-rp-w-marcu-wspominany-w-mgbp\/","og_locale":"pl_PL","og_type":"article","og_title":"Wincenty Witos - dzia\u0142acz, polityk, trzykrotny premier RP w marcu wspominany w MGBP - Miejsko-Gminna Biblioteka Publiczna w G\u0105binie","og_description":"W ramach naszego cyklu ,,Patroni 2024 roku&#8221; serdecznie zapraszamy do","og_url":"http:\/\/biblioteka-gabin.pl\/index.php\/2024\/03\/06\/wincenty-witos-dzialacz-polityk-trzykrotny-premier-rp-w-marcu-wspominany-w-mgbp\/","og_site_name":"Miejsko-Gminna Biblioteka Publiczna w G\u0105binie","article_publisher":"https:\/\/www.facebook.com\/bibliotekagabin","article_published_time":"2024-03-06T00:00:00+00:00","og_image":[{"url":"https:\/\/biblioteka-gabin.pl\/wp-content\/uploads\/archive\/galleries\/568\/43016001115303611141916036926997816382312743n-09c55529b6.jpg","type":"","width":"","height":""}],"author":"admin","twitter_card":"summary_large_image","twitter_misc":{"Napisane przez":"admin","Szacowany czas czytania":"2 minuty"},"schema":{"@context":"https:\/\/schema.org","@graph":[{"@type":"Article","@id":"http:\/\/biblioteka-gabin.pl\/index.php\/2024\/03\/06\/wincenty-witos-dzialacz-polityk-trzykrotny-premier-rp-w-marcu-wspominany-w-mgbp\/#article","isPartOf":{"@id":"http:\/\/biblioteka-gabin.pl\/index.php\/2024\/03\/06\/wincenty-witos-dzialacz-polityk-trzykrotny-premier-rp-w-marcu-wspominany-w-mgbp\/"},"author":{"name":"admin","@id":"https:\/\/biblioteka-gabin.pl\/#\/schema\/person\/2067b97c24663d987ef6ef95bed7c99a"},"headline":"Wincenty Witos &#8211; dzia\u0142acz, polityk, trzykrotny premier RP w marcu wspominany w MGBP","datePublished":"2024-03-06T00:00:00+00:00","mainEntityOfPage":{"@id":"http:\/\/biblioteka-gabin.pl\/index.php\/2024\/03\/06\/wincenty-witos-dzialacz-polityk-trzykrotny-premier-rp-w-marcu-wspominany-w-mgbp\/"},"wordCount":322,"commentCount":0,"publisher":{"@id":"https:\/\/biblioteka-gabin.pl\/#organization"},"image":{"@id":"http:\/\/biblioteka-gabin.pl\/index.php\/2024\/03\/06\/wincenty-witos-dzialacz-polityk-trzykrotny-premier-rp-w-marcu-wspominany-w-mgbp\/#primaryimage"},"thumbnailUrl":"https:\/\/biblioteka-gabin.pl\/wp-content\/uploads\/archive\/galleries\/568\/43016001115303611141916036926997816382312743n-09c55529b6.jpg","articleSection":["Main"],"inLanguage":"pl-PL","potentialAction":[{"@type":"CommentAction","name":"Comment","target":["http:\/\/biblioteka-gabin.pl\/index.php\/2024\/03\/06\/wincenty-witos-dzialacz-polityk-trzykrotny-premier-rp-w-marcu-wspominany-w-mgbp\/#respond"]}]},{"@type":"WebPage","@id":"http:\/\/biblioteka-gabin.pl\/index.php\/2024\/03\/06\/wincenty-witos-dzialacz-polityk-trzykrotny-premier-rp-w-marcu-wspominany-w-mgbp\/","url":"http:\/\/biblioteka-gabin.pl\/index.php\/2024\/03\/06\/wincenty-witos-dzialacz-polityk-trzykrotny-premier-rp-w-marcu-wspominany-w-mgbp\/","name":"Wincenty Witos - dzia\u0142acz, polityk, trzykrotny premier RP w marcu wspominany w MGBP - Miejsko-Gminna Biblioteka Publiczna w G\u0105binie","isPartOf":{"@id":"https:\/\/biblioteka-gabin.pl\/#website"},"primaryImageOfPage":{"@id":"http:\/\/biblioteka-gabin.pl\/index.php\/2024\/03\/06\/wincenty-witos-dzialacz-polityk-trzykrotny-premier-rp-w-marcu-wspominany-w-mgbp\/#primaryimage"},"image":{"@id":"http:\/\/biblioteka-gabin.pl\/index.php\/2024\/03\/06\/wincenty-witos-dzialacz-polityk-trzykrotny-premier-rp-w-marcu-wspominany-w-mgbp\/#primaryimage"},"thumbnailUrl":"https:\/\/biblioteka-gabin.pl\/wp-content\/uploads\/archive\/galleries\/568\/43016001115303611141916036926997816382312743n-09c55529b6.jpg","datePublished":"2024-03-06T00:00:00+00:00","breadcrumb":{"@id":"http:\/\/biblioteka-gabin.pl\/index.php\/2024\/03\/06\/wincenty-witos-dzialacz-polityk-trzykrotny-premier-rp-w-marcu-wspominany-w-mgbp\/#breadcrumb"},"inLanguage":"pl-PL","potentialAction":[{"@type":"ReadAction","target":["http:\/\/biblioteka-gabin.pl\/index.php\/2024\/03\/06\/wincenty-witos-dzialacz-polityk-trzykrotny-premier-rp-w-marcu-wspominany-w-mgbp\/"]}]},{"@type":"ImageObject","inLanguage":"pl-PL","@id":"http:\/\/biblioteka-gabin.pl\/index.php\/2024\/03\/06\/wincenty-witos-dzialacz-polityk-trzykrotny-premier-rp-w-marcu-wspominany-w-mgbp\/#primaryimage","url":"https:\/\/biblioteka-gabin.pl\/wp-content\/uploads\/archive\/galleries\/568\/43016001115303611141916036926997816382312743n-09c55529b6.jpg","contentUrl":"https:\/\/biblioteka-gabin.pl\/wp-content\/uploads\/archive\/galleries\/568\/43016001115303611141916036926997816382312743n-09c55529b6.jpg"},{"@type":"BreadcrumbList","@id":"http:\/\/biblioteka-gabin.pl\/index.php\/2024\/03\/06\/wincenty-witos-dzialacz-polityk-trzykrotny-premier-rp-w-marcu-wspominany-w-mgbp\/#breadcrumb","itemListElement":[{"@type":"ListItem","position":1,"name":"Strona g\u0142\u00f3wna","item":"https:\/\/biblioteka-gabin.pl\/"},{"@type":"ListItem","position":2,"name":"Wincenty Witos &#8211; dzia\u0142acz, polityk, trzykrotny premier RP w marcu wspominany w MGBP"}]},{"@type":"WebSite","@id":"https:\/\/biblioteka-gabin.pl\/#website","url":"https:\/\/biblioteka-gabin.pl\/","name":"Miejsko-Gminna Biblioteka Publiczna w G\u0105binie","description":"","publisher":{"@id":"https:\/\/biblioteka-gabin.pl\/#organization"},"potentialAction":[{"@type":"SearchAction","target":{"@type":"EntryPoint","urlTemplate":"https:\/\/biblioteka-gabin.pl\/?s={search_term_string}"},"query-input":{"@type":"PropertyValueSpecification","valueRequired":true,"valueName":"search_term_string"}}],"inLanguage":"pl-PL"},{"@type":"Organization","@id":"https:\/\/biblioteka-gabin.pl\/#organization","name":"Miejsko-Gminna Biblioteka Publiczna w G\u0105binie","url":"https:\/\/biblioteka-gabin.pl\/","logo":{"@type":"ImageObject","inLanguage":"pl-PL","@id":"https:\/\/biblioteka-gabin.pl\/#\/schema\/logo\/image\/","url":"https:\/\/biblioteka-gabin.pl\/wp-content\/uploads\/2025\/03\/logo-biblioteka-2-1657013691-1.jpg","contentUrl":"https:\/\/biblioteka-gabin.pl\/wp-content\/uploads\/2025\/03\/logo-biblioteka-2-1657013691-1.jpg","width":1600,"height":772,"caption":"Miejsko-Gminna Biblioteka Publiczna w G\u0105binie"},"image":{"@id":"https:\/\/biblioteka-gabin.pl\/#\/schema\/logo\/image\/"},"sameAs":["https:\/\/www.facebook.com\/bibliotekagabin","https:\/\/www.youtube.com\/@mgbpgabin9392"]},{"@type":"Person","@id":"https:\/\/biblioteka-gabin.pl\/#\/schema\/person\/2067b97c24663d987ef6ef95bed7c99a","name":"admin","image":{"@type":"ImageObject","inLanguage":"pl-PL","@id":"https:\/\/secure.gravatar.com\/avatar\/e1843904e97b4e376a0fc90ae10372cd31bce9b207a7a3d2ca68fc7ca7e4174c?s=96&d=mm&r=g","url":"https:\/\/secure.gravatar.com\/avatar\/e1843904e97b4e376a0fc90ae10372cd31bce9b207a7a3d2ca68fc7ca7e4174c?s=96&d=mm&r=g","contentUrl":"https:\/\/secure.gravatar.com\/avatar\/e1843904e97b4e376a0fc90ae10372cd31bce9b207a7a3d2ca68fc7ca7e4174c?s=96&d=mm&r=g","caption":"admin"},"sameAs":["http:\/\/strona.biblioteka-gabin.pl"],"url":"https:\/\/biblioteka-gabin.pl\/index.php\/author\/admin\/"}]}},"_links":{"self":[{"href":"https:\/\/biblioteka-gabin.pl\/index.php\/wp-json\/wp\/v2\/posts\/8866","targetHints":{"allow":["GET"]}}],"collection":[{"href":"https:\/\/biblioteka-gabin.pl\/index.php\/wp-json\/wp\/v2\/posts"}],"about":[{"href":"https:\/\/biblioteka-gabin.pl\/index.php\/wp-json\/wp\/v2\/types\/post"}],"author":[{"embeddable":true,"href":"https:\/\/biblioteka-gabin.pl\/index.php\/wp-json\/wp\/v2\/users\/1"}],"replies":[{"embeddable":true,"href":"https:\/\/biblioteka-gabin.pl\/index.php\/wp-json\/wp\/v2\/comments?post=8866"}],"version-history":[{"count":0,"href":"https:\/\/biblioteka-gabin.pl\/index.php\/wp-json\/wp\/v2\/posts\/8866\/revisions"}],"wp:attachment":[{"href":"https:\/\/biblioteka-gabin.pl\/index.php\/wp-json\/wp\/v2\/media?parent=8866"}],"wp:term":[{"taxonomy":"category","embeddable":true,"href":"https:\/\/biblioteka-gabin.pl\/index.php\/wp-json\/wp\/v2\/categories?post=8866"},{"taxonomy":"post_tag","embeddable":true,"href":"https:\/\/biblioteka-gabin.pl\/index.php\/wp-json\/wp\/v2\/tags?post=8866"}],"curies":[{"name":"wp","href":"https:\/\/api.w.org\/{rel}","templated":true}]}}