{"id":8886,"date":"2024-05-31T00:00:00","date_gmt":"2024-05-31T00:00:00","guid":{"rendered":"https:\/\/biblioteka-gabin.pl\/index.php\/2024\/05\/31\/wszyscy-dorosli-byli-kiedys-dziecmi-dzien-dziecka-w-mgbp\/"},"modified":"2024-05-31T00:00:00","modified_gmt":"2024-05-31T00:00:00","slug":"wszyscy-dorosli-byli-kiedys-dziecmi-dzien-dziecka-w-mgbp","status":"publish","type":"post","link":"https:\/\/biblioteka-gabin.pl\/index.php\/2024\/05\/31\/wszyscy-dorosli-byli-kiedys-dziecmi-dzien-dziecka-w-mgbp\/","title":{"rendered":",,Wszyscy doro\u015bli byli kiedy\u015b dzie\u0107mi&#8230;&#8221; &#8211; Dzie\u0144 Dziecka w MGBP"},"content":{"rendered":"<p>,,Wszyscy doro\u015bli byli kiedy\u015b dzie\u0107mi&#8230;&#8221; &#8211; napisa\u0142 autor s\u0142ynnej ksi\u0105\u017cki pt. ,,Ma\u0142y Ksi\u0105\u017ce&#8221;. Opowiedzia\u0142 w niej historie ch\u0142opca, dla kt\u00f3rego \u015bwiat doroslych by\u0142 bardzo zagadkowy i nie do ko\u0144ca zrozumia\u0142y. Nawi\u0105zywa\u0142, \u017ce ka\u017cdy jest troch\u0119 dzieckiem. \u017beby podkre\u015bli\u0107 ten fakt z okazji Dnia Dziecka przygotowali\u015bmy specjaln\u0105 gazetk\u0119 dla Ma\u0142ych, jak i Du\u017cych Czytelnik\u00f3w, poniewa\u017c w \u015bwiecie bajek znajduje si\u0119 wiele uniwersalnych tres\u0107i. Serdecznie zapraszamy do Biblioteki do wypo\u017cyczania pi\u0119knych kolorowych pozycji! Dodatkowo jutro, 1 czerwca rozpoczyna si\u0119 r\u00f3wnie\u017c Tydzie\u0144 Czytania Dzieciom pod has\u0142em ,,Porozmawiajmy o ksi\u0105\u017ckach Tygrysie!&#8221;. Dlatego bohaterami wszystkich przygotowanych\u00a0 na wystawce ksi\u0105\u017cek s\u0105 zwierz\u0119ta. Czytajmy dzieciom, z dzie\u0107mi i sami!<br \/>\n<a href='https:\/\/biblioteka-gabin.pl\/wp-content\/uploads\/archive\/galleries\/588\/44257909711820231694670144025152427635705072n-dd410c1d0f.jpg'><img style='max-height:300px;' src='https:\/\/biblioteka-gabin.pl\/wp-content\/uploads\/archive\/galleries\/588\/44257909711820231694670144025152427635705072n-dd410c1d0f.jpg'><\/a><br \/>\n<a href='https:\/\/biblioteka-gabin.pl\/wp-content\/uploads\/archive\/galleries\/588\/4447846631498886704388598334752910838310904n-893f905fae.jpg'><img style='max-height:300px;' src='https:\/\/biblioteka-gabin.pl\/wp-content\/uploads\/archive\/galleries\/588\/4447846631498886704388598334752910838310904n-893f905fae.jpg'><\/a><br \/>\n<a href='https:\/\/biblioteka-gabin.pl\/wp-content\/uploads\/archive\/galleries\/588\/445833689494229116507158696899600097696840n-8590215698.jpg'><img style='max-height:300px;' src='https:\/\/biblioteka-gabin.pl\/wp-content\/uploads\/archive\/galleries\/588\/445833689494229116507158696899600097696840n-8590215698.jpg'><\/a><br \/>\n<a href='https:\/\/biblioteka-gabin.pl\/wp-content\/uploads\/archive\/galleries\/588\/4457354339641294018621275485294225298564041n-e768a0d512.jpg'><img style='max-height:300px;' src='https:\/\/biblioteka-gabin.pl\/wp-content\/uploads\/archive\/galleries\/588\/4457354339641294018621275485294225298564041n-e768a0d512.jpg'><\/a><br \/>\n<a href='https:\/\/biblioteka-gabin.pl\/wp-content\/uploads\/archive\/galleries\/588\/4363354264896632167487761107751388458326721n1-53e0425b1e.jpg'><img style='max-height:300px;' src='https:\/\/biblioteka-gabin.pl\/wp-content\/uploads\/archive\/galleries\/588\/4363354264896632167487761107751388458326721n1-53e0425b1e.jpg'><\/a><\/p>\n","protected":false},"excerpt":{"rendered":"<p>,,Wszyscy doro\u015bli byli kiedy\u015b dzie\u0107mi&#8230;&#8221; &#8211; napisa\u0142 autor s\u0142ynnej ksi\u0105\u017cki<\/p>\n","protected":false},"author":1,"featured_media":0,"comment_status":"open","ping_status":"open","sticky":false,"template":"","format":"standard","meta":{"footnotes":""},"categories":[36],"tags":[],"class_list":["post-8886","post","type-post","status-publish","format-standard","hentry","category-main"],"yoast_head":"<!-- This site is optimized with the Yoast SEO plugin v27.4 - https:\/\/yoast.com\/product\/yoast-seo-wordpress\/ -->\n<title>,,Wszyscy doro\u015bli byli kiedy\u015b dzie\u0107mi...&quot; - Dzie\u0144 Dziecka w MGBP - Miejsko-Gminna Biblioteka Publiczna w G\u0105binie<\/title>\n<meta name=\"robots\" content=\"index, follow, max-snippet:-1, max-image-preview:large, max-video-preview:-1\" \/>\n<link rel=\"canonical\" href=\"http:\/\/biblioteka-gabin.pl\/index.php\/2024\/05\/31\/wszyscy-dorosli-byli-kiedys-dziecmi-dzien-dziecka-w-mgbp\/\" \/>\n<meta property=\"og:locale\" content=\"pl_PL\" \/>\n<meta property=\"og:type\" content=\"article\" \/>\n<meta property=\"og:title\" content=\",,Wszyscy doro\u015bli byli kiedy\u015b dzie\u0107mi...&quot; - Dzie\u0144 Dziecka w MGBP - Miejsko-Gminna Biblioteka Publiczna w G\u0105binie\" \/>\n<meta property=\"og:description\" content=\",,Wszyscy doro\u015bli byli kiedy\u015b dzie\u0107mi&#8230;&#8221; &#8211; napisa\u0142 autor s\u0142ynnej ksi\u0105\u017cki\" \/>\n<meta property=\"og:url\" content=\"http:\/\/biblioteka-gabin.pl\/index.php\/2024\/05\/31\/wszyscy-dorosli-byli-kiedys-dziecmi-dzien-dziecka-w-mgbp\/\" \/>\n<meta property=\"og:site_name\" content=\"Miejsko-Gminna Biblioteka Publiczna w G\u0105binie\" \/>\n<meta property=\"article:publisher\" content=\"https:\/\/www.facebook.com\/bibliotekagabin\" \/>\n<meta property=\"article:published_time\" content=\"2024-05-31T00:00:00+00:00\" \/>\n<meta property=\"og:image\" content=\"https:\/\/biblioteka-gabin.pl\/wp-content\/uploads\/archive\/galleries\/588\/44257909711820231694670144025152427635705072n-dd410c1d0f.jpg\" \/>\n<meta name=\"author\" content=\"admin\" \/>\n<meta name=\"twitter:card\" content=\"summary_large_image\" \/>\n<meta name=\"twitter:label1\" content=\"Napisane przez\" \/>\n\t<meta name=\"twitter:data1\" content=\"admin\" \/>\n\t<meta name=\"twitter:label2\" content=\"Szacowany czas czytania\" \/>\n\t<meta name=\"twitter:data2\" content=\"1 minuta\" \/>\n<script type=\"application\/ld+json\" class=\"yoast-schema-graph\">{\"@context\":\"https:\\\/\\\/schema.org\",\"@graph\":[{\"@type\":\"Article\",\"@id\":\"http:\\\/\\\/biblioteka-gabin.pl\\\/index.php\\\/2024\\\/05\\\/31\\\/wszyscy-dorosli-byli-kiedys-dziecmi-dzien-dziecka-w-mgbp\\\/#article\",\"isPartOf\":{\"@id\":\"http:\\\/\\\/biblioteka-gabin.pl\\\/index.php\\\/2024\\\/05\\\/31\\\/wszyscy-dorosli-byli-kiedys-dziecmi-dzien-dziecka-w-mgbp\\\/\"},\"author\":{\"name\":\"admin\",\"@id\":\"https:\\\/\\\/biblioteka-gabin.pl\\\/#\\\/schema\\\/person\\\/2067b97c24663d987ef6ef95bed7c99a\"},\"headline\":\",,Wszyscy doro\u015bli byli kiedy\u015b dzie\u0107mi&#8230;&#8221; &#8211; Dzie\u0144 Dziecka w MGBP\",\"datePublished\":\"2024-05-31T00:00:00+00:00\",\"mainEntityOfPage\":{\"@id\":\"http:\\\/\\\/biblioteka-gabin.pl\\\/index.php\\\/2024\\\/05\\\/31\\\/wszyscy-dorosli-byli-kiedys-dziecmi-dzien-dziecka-w-mgbp\\\/\"},\"wordCount\":139,\"commentCount\":0,\"publisher\":{\"@id\":\"https:\\\/\\\/biblioteka-gabin.pl\\\/#organization\"},\"image\":{\"@id\":\"http:\\\/\\\/biblioteka-gabin.pl\\\/index.php\\\/2024\\\/05\\\/31\\\/wszyscy-dorosli-byli-kiedys-dziecmi-dzien-dziecka-w-mgbp\\\/#primaryimage\"},\"thumbnailUrl\":\"https:\\\/\\\/biblioteka-gabin.pl\\\/wp-content\\\/uploads\\\/archive\\\/galleries\\\/588\\\/44257909711820231694670144025152427635705072n-dd410c1d0f.jpg\",\"articleSection\":[\"Main\"],\"inLanguage\":\"pl-PL\",\"potentialAction\":[{\"@type\":\"CommentAction\",\"name\":\"Comment\",\"target\":[\"http:\\\/\\\/biblioteka-gabin.pl\\\/index.php\\\/2024\\\/05\\\/31\\\/wszyscy-dorosli-byli-kiedys-dziecmi-dzien-dziecka-w-mgbp\\\/#respond\"]}]},{\"@type\":\"WebPage\",\"@id\":\"http:\\\/\\\/biblioteka-gabin.pl\\\/index.php\\\/2024\\\/05\\\/31\\\/wszyscy-dorosli-byli-kiedys-dziecmi-dzien-dziecka-w-mgbp\\\/\",\"url\":\"http:\\\/\\\/biblioteka-gabin.pl\\\/index.php\\\/2024\\\/05\\\/31\\\/wszyscy-dorosli-byli-kiedys-dziecmi-dzien-dziecka-w-mgbp\\\/\",\"name\":\",,Wszyscy doro\u015bli byli kiedy\u015b dzie\u0107mi...\\\" - Dzie\u0144 Dziecka w MGBP - Miejsko-Gminna Biblioteka Publiczna w G\u0105binie\",\"isPartOf\":{\"@id\":\"https:\\\/\\\/biblioteka-gabin.pl\\\/#website\"},\"primaryImageOfPage\":{\"@id\":\"http:\\\/\\\/biblioteka-gabin.pl\\\/index.php\\\/2024\\\/05\\\/31\\\/wszyscy-dorosli-byli-kiedys-dziecmi-dzien-dziecka-w-mgbp\\\/#primaryimage\"},\"image\":{\"@id\":\"http:\\\/\\\/biblioteka-gabin.pl\\\/index.php\\\/2024\\\/05\\\/31\\\/wszyscy-dorosli-byli-kiedys-dziecmi-dzien-dziecka-w-mgbp\\\/#primaryimage\"},\"thumbnailUrl\":\"https:\\\/\\\/biblioteka-gabin.pl\\\/wp-content\\\/uploads\\\/archive\\\/galleries\\\/588\\\/44257909711820231694670144025152427635705072n-dd410c1d0f.jpg\",\"datePublished\":\"2024-05-31T00:00:00+00:00\",\"breadcrumb\":{\"@id\":\"http:\\\/\\\/biblioteka-gabin.pl\\\/index.php\\\/2024\\\/05\\\/31\\\/wszyscy-dorosli-byli-kiedys-dziecmi-dzien-dziecka-w-mgbp\\\/#breadcrumb\"},\"inLanguage\":\"pl-PL\",\"potentialAction\":[{\"@type\":\"ReadAction\",\"target\":[\"http:\\\/\\\/biblioteka-gabin.pl\\\/index.php\\\/2024\\\/05\\\/31\\\/wszyscy-dorosli-byli-kiedys-dziecmi-dzien-dziecka-w-mgbp\\\/\"]}]},{\"@type\":\"ImageObject\",\"inLanguage\":\"pl-PL\",\"@id\":\"http:\\\/\\\/biblioteka-gabin.pl\\\/index.php\\\/2024\\\/05\\\/31\\\/wszyscy-dorosli-byli-kiedys-dziecmi-dzien-dziecka-w-mgbp\\\/#primaryimage\",\"url\":\"https:\\\/\\\/biblioteka-gabin.pl\\\/wp-content\\\/uploads\\\/archive\\\/galleries\\\/588\\\/44257909711820231694670144025152427635705072n-dd410c1d0f.jpg\",\"contentUrl\":\"https:\\\/\\\/biblioteka-gabin.pl\\\/wp-content\\\/uploads\\\/archive\\\/galleries\\\/588\\\/44257909711820231694670144025152427635705072n-dd410c1d0f.jpg\"},{\"@type\":\"BreadcrumbList\",\"@id\":\"http:\\\/\\\/biblioteka-gabin.pl\\\/index.php\\\/2024\\\/05\\\/31\\\/wszyscy-dorosli-byli-kiedys-dziecmi-dzien-dziecka-w-mgbp\\\/#breadcrumb\",\"itemListElement\":[{\"@type\":\"ListItem\",\"position\":1,\"name\":\"Strona g\u0142\u00f3wna\",\"item\":\"https:\\\/\\\/biblioteka-gabin.pl\\\/\"},{\"@type\":\"ListItem\",\"position\":2,\"name\":\",,Wszyscy doro\u015bli byli kiedy\u015b dzie\u0107mi&#8230;&#8221; &#8211; Dzie\u0144 Dziecka w MGBP\"}]},{\"@type\":\"WebSite\",\"@id\":\"https:\\\/\\\/biblioteka-gabin.pl\\\/#website\",\"url\":\"https:\\\/\\\/biblioteka-gabin.pl\\\/\",\"name\":\"Miejsko-Gminna Biblioteka Publiczna w G\u0105binie\",\"description\":\"\",\"publisher\":{\"@id\":\"https:\\\/\\\/biblioteka-gabin.pl\\\/#organization\"},\"potentialAction\":[{\"@type\":\"SearchAction\",\"target\":{\"@type\":\"EntryPoint\",\"urlTemplate\":\"https:\\\/\\\/biblioteka-gabin.pl\\\/?s={search_term_string}\"},\"query-input\":{\"@type\":\"PropertyValueSpecification\",\"valueRequired\":true,\"valueName\":\"search_term_string\"}}],\"inLanguage\":\"pl-PL\"},{\"@type\":\"Organization\",\"@id\":\"https:\\\/\\\/biblioteka-gabin.pl\\\/#organization\",\"name\":\"Miejsko-Gminna Biblioteka Publiczna w G\u0105binie\",\"url\":\"https:\\\/\\\/biblioteka-gabin.pl\\\/\",\"logo\":{\"@type\":\"ImageObject\",\"inLanguage\":\"pl-PL\",\"@id\":\"https:\\\/\\\/biblioteka-gabin.pl\\\/#\\\/schema\\\/logo\\\/image\\\/\",\"url\":\"https:\\\/\\\/biblioteka-gabin.pl\\\/wp-content\\\/uploads\\\/2025\\\/03\\\/logo-biblioteka-2-1657013691-1.jpg\",\"contentUrl\":\"https:\\\/\\\/biblioteka-gabin.pl\\\/wp-content\\\/uploads\\\/2025\\\/03\\\/logo-biblioteka-2-1657013691-1.jpg\",\"width\":1600,\"height\":772,\"caption\":\"Miejsko-Gminna Biblioteka Publiczna w G\u0105binie\"},\"image\":{\"@id\":\"https:\\\/\\\/biblioteka-gabin.pl\\\/#\\\/schema\\\/logo\\\/image\\\/\"},\"sameAs\":[\"https:\\\/\\\/www.facebook.com\\\/bibliotekagabin\",\"https:\\\/\\\/www.youtube.com\\\/@mgbpgabin9392\"]},{\"@type\":\"Person\",\"@id\":\"https:\\\/\\\/biblioteka-gabin.pl\\\/#\\\/schema\\\/person\\\/2067b97c24663d987ef6ef95bed7c99a\",\"name\":\"admin\",\"image\":{\"@type\":\"ImageObject\",\"inLanguage\":\"pl-PL\",\"@id\":\"https:\\\/\\\/secure.gravatar.com\\\/avatar\\\/e1843904e97b4e376a0fc90ae10372cd31bce9b207a7a3d2ca68fc7ca7e4174c?s=96&d=mm&r=g\",\"url\":\"https:\\\/\\\/secure.gravatar.com\\\/avatar\\\/e1843904e97b4e376a0fc90ae10372cd31bce9b207a7a3d2ca68fc7ca7e4174c?s=96&d=mm&r=g\",\"contentUrl\":\"https:\\\/\\\/secure.gravatar.com\\\/avatar\\\/e1843904e97b4e376a0fc90ae10372cd31bce9b207a7a3d2ca68fc7ca7e4174c?s=96&d=mm&r=g\",\"caption\":\"admin\"},\"sameAs\":[\"http:\\\/\\\/strona.biblioteka-gabin.pl\"],\"url\":\"https:\\\/\\\/biblioteka-gabin.pl\\\/index.php\\\/author\\\/admin\\\/\"}]}<\/script>\n<!-- \/ Yoast SEO plugin. -->","yoast_head_json":{"title":",,Wszyscy doro\u015bli byli kiedy\u015b dzie\u0107mi...\" - Dzie\u0144 Dziecka w MGBP - Miejsko-Gminna Biblioteka Publiczna w G\u0105binie","robots":{"index":"index","follow":"follow","max-snippet":"max-snippet:-1","max-image-preview":"max-image-preview:large","max-video-preview":"max-video-preview:-1"},"canonical":"http:\/\/biblioteka-gabin.pl\/index.php\/2024\/05\/31\/wszyscy-dorosli-byli-kiedys-dziecmi-dzien-dziecka-w-mgbp\/","og_locale":"pl_PL","og_type":"article","og_title":",,Wszyscy doro\u015bli byli kiedy\u015b dzie\u0107mi...\" - Dzie\u0144 Dziecka w MGBP - Miejsko-Gminna Biblioteka Publiczna w G\u0105binie","og_description":",,Wszyscy doro\u015bli byli kiedy\u015b dzie\u0107mi&#8230;&#8221; &#8211; napisa\u0142 autor s\u0142ynnej ksi\u0105\u017cki","og_url":"http:\/\/biblioteka-gabin.pl\/index.php\/2024\/05\/31\/wszyscy-dorosli-byli-kiedys-dziecmi-dzien-dziecka-w-mgbp\/","og_site_name":"Miejsko-Gminna Biblioteka Publiczna w G\u0105binie","article_publisher":"https:\/\/www.facebook.com\/bibliotekagabin","article_published_time":"2024-05-31T00:00:00+00:00","og_image":[{"url":"https:\/\/biblioteka-gabin.pl\/wp-content\/uploads\/archive\/galleries\/588\/44257909711820231694670144025152427635705072n-dd410c1d0f.jpg","type":"","width":"","height":""}],"author":"admin","twitter_card":"summary_large_image","twitter_misc":{"Napisane przez":"admin","Szacowany czas czytania":"1 minuta"},"schema":{"@context":"https:\/\/schema.org","@graph":[{"@type":"Article","@id":"http:\/\/biblioteka-gabin.pl\/index.php\/2024\/05\/31\/wszyscy-dorosli-byli-kiedys-dziecmi-dzien-dziecka-w-mgbp\/#article","isPartOf":{"@id":"http:\/\/biblioteka-gabin.pl\/index.php\/2024\/05\/31\/wszyscy-dorosli-byli-kiedys-dziecmi-dzien-dziecka-w-mgbp\/"},"author":{"name":"admin","@id":"https:\/\/biblioteka-gabin.pl\/#\/schema\/person\/2067b97c24663d987ef6ef95bed7c99a"},"headline":",,Wszyscy doro\u015bli byli kiedy\u015b dzie\u0107mi&#8230;&#8221; &#8211; Dzie\u0144 Dziecka w MGBP","datePublished":"2024-05-31T00:00:00+00:00","mainEntityOfPage":{"@id":"http:\/\/biblioteka-gabin.pl\/index.php\/2024\/05\/31\/wszyscy-dorosli-byli-kiedys-dziecmi-dzien-dziecka-w-mgbp\/"},"wordCount":139,"commentCount":0,"publisher":{"@id":"https:\/\/biblioteka-gabin.pl\/#organization"},"image":{"@id":"http:\/\/biblioteka-gabin.pl\/index.php\/2024\/05\/31\/wszyscy-dorosli-byli-kiedys-dziecmi-dzien-dziecka-w-mgbp\/#primaryimage"},"thumbnailUrl":"https:\/\/biblioteka-gabin.pl\/wp-content\/uploads\/archive\/galleries\/588\/44257909711820231694670144025152427635705072n-dd410c1d0f.jpg","articleSection":["Main"],"inLanguage":"pl-PL","potentialAction":[{"@type":"CommentAction","name":"Comment","target":["http:\/\/biblioteka-gabin.pl\/index.php\/2024\/05\/31\/wszyscy-dorosli-byli-kiedys-dziecmi-dzien-dziecka-w-mgbp\/#respond"]}]},{"@type":"WebPage","@id":"http:\/\/biblioteka-gabin.pl\/index.php\/2024\/05\/31\/wszyscy-dorosli-byli-kiedys-dziecmi-dzien-dziecka-w-mgbp\/","url":"http:\/\/biblioteka-gabin.pl\/index.php\/2024\/05\/31\/wszyscy-dorosli-byli-kiedys-dziecmi-dzien-dziecka-w-mgbp\/","name":",,Wszyscy doro\u015bli byli kiedy\u015b dzie\u0107mi...\" - Dzie\u0144 Dziecka w MGBP - Miejsko-Gminna Biblioteka Publiczna w G\u0105binie","isPartOf":{"@id":"https:\/\/biblioteka-gabin.pl\/#website"},"primaryImageOfPage":{"@id":"http:\/\/biblioteka-gabin.pl\/index.php\/2024\/05\/31\/wszyscy-dorosli-byli-kiedys-dziecmi-dzien-dziecka-w-mgbp\/#primaryimage"},"image":{"@id":"http:\/\/biblioteka-gabin.pl\/index.php\/2024\/05\/31\/wszyscy-dorosli-byli-kiedys-dziecmi-dzien-dziecka-w-mgbp\/#primaryimage"},"thumbnailUrl":"https:\/\/biblioteka-gabin.pl\/wp-content\/uploads\/archive\/galleries\/588\/44257909711820231694670144025152427635705072n-dd410c1d0f.jpg","datePublished":"2024-05-31T00:00:00+00:00","breadcrumb":{"@id":"http:\/\/biblioteka-gabin.pl\/index.php\/2024\/05\/31\/wszyscy-dorosli-byli-kiedys-dziecmi-dzien-dziecka-w-mgbp\/#breadcrumb"},"inLanguage":"pl-PL","potentialAction":[{"@type":"ReadAction","target":["http:\/\/biblioteka-gabin.pl\/index.php\/2024\/05\/31\/wszyscy-dorosli-byli-kiedys-dziecmi-dzien-dziecka-w-mgbp\/"]}]},{"@type":"ImageObject","inLanguage":"pl-PL","@id":"http:\/\/biblioteka-gabin.pl\/index.php\/2024\/05\/31\/wszyscy-dorosli-byli-kiedys-dziecmi-dzien-dziecka-w-mgbp\/#primaryimage","url":"https:\/\/biblioteka-gabin.pl\/wp-content\/uploads\/archive\/galleries\/588\/44257909711820231694670144025152427635705072n-dd410c1d0f.jpg","contentUrl":"https:\/\/biblioteka-gabin.pl\/wp-content\/uploads\/archive\/galleries\/588\/44257909711820231694670144025152427635705072n-dd410c1d0f.jpg"},{"@type":"BreadcrumbList","@id":"http:\/\/biblioteka-gabin.pl\/index.php\/2024\/05\/31\/wszyscy-dorosli-byli-kiedys-dziecmi-dzien-dziecka-w-mgbp\/#breadcrumb","itemListElement":[{"@type":"ListItem","position":1,"name":"Strona g\u0142\u00f3wna","item":"https:\/\/biblioteka-gabin.pl\/"},{"@type":"ListItem","position":2,"name":",,Wszyscy doro\u015bli byli kiedy\u015b dzie\u0107mi&#8230;&#8221; &#8211; Dzie\u0144 Dziecka w MGBP"}]},{"@type":"WebSite","@id":"https:\/\/biblioteka-gabin.pl\/#website","url":"https:\/\/biblioteka-gabin.pl\/","name":"Miejsko-Gminna Biblioteka Publiczna w G\u0105binie","description":"","publisher":{"@id":"https:\/\/biblioteka-gabin.pl\/#organization"},"potentialAction":[{"@type":"SearchAction","target":{"@type":"EntryPoint","urlTemplate":"https:\/\/biblioteka-gabin.pl\/?s={search_term_string}"},"query-input":{"@type":"PropertyValueSpecification","valueRequired":true,"valueName":"search_term_string"}}],"inLanguage":"pl-PL"},{"@type":"Organization","@id":"https:\/\/biblioteka-gabin.pl\/#organization","name":"Miejsko-Gminna Biblioteka Publiczna w G\u0105binie","url":"https:\/\/biblioteka-gabin.pl\/","logo":{"@type":"ImageObject","inLanguage":"pl-PL","@id":"https:\/\/biblioteka-gabin.pl\/#\/schema\/logo\/image\/","url":"https:\/\/biblioteka-gabin.pl\/wp-content\/uploads\/2025\/03\/logo-biblioteka-2-1657013691-1.jpg","contentUrl":"https:\/\/biblioteka-gabin.pl\/wp-content\/uploads\/2025\/03\/logo-biblioteka-2-1657013691-1.jpg","width":1600,"height":772,"caption":"Miejsko-Gminna Biblioteka Publiczna w G\u0105binie"},"image":{"@id":"https:\/\/biblioteka-gabin.pl\/#\/schema\/logo\/image\/"},"sameAs":["https:\/\/www.facebook.com\/bibliotekagabin","https:\/\/www.youtube.com\/@mgbpgabin9392"]},{"@type":"Person","@id":"https:\/\/biblioteka-gabin.pl\/#\/schema\/person\/2067b97c24663d987ef6ef95bed7c99a","name":"admin","image":{"@type":"ImageObject","inLanguage":"pl-PL","@id":"https:\/\/secure.gravatar.com\/avatar\/e1843904e97b4e376a0fc90ae10372cd31bce9b207a7a3d2ca68fc7ca7e4174c?s=96&d=mm&r=g","url":"https:\/\/secure.gravatar.com\/avatar\/e1843904e97b4e376a0fc90ae10372cd31bce9b207a7a3d2ca68fc7ca7e4174c?s=96&d=mm&r=g","contentUrl":"https:\/\/secure.gravatar.com\/avatar\/e1843904e97b4e376a0fc90ae10372cd31bce9b207a7a3d2ca68fc7ca7e4174c?s=96&d=mm&r=g","caption":"admin"},"sameAs":["http:\/\/strona.biblioteka-gabin.pl"],"url":"https:\/\/biblioteka-gabin.pl\/index.php\/author\/admin\/"}]}},"_links":{"self":[{"href":"https:\/\/biblioteka-gabin.pl\/index.php\/wp-json\/wp\/v2\/posts\/8886","targetHints":{"allow":["GET"]}}],"collection":[{"href":"https:\/\/biblioteka-gabin.pl\/index.php\/wp-json\/wp\/v2\/posts"}],"about":[{"href":"https:\/\/biblioteka-gabin.pl\/index.php\/wp-json\/wp\/v2\/types\/post"}],"author":[{"embeddable":true,"href":"https:\/\/biblioteka-gabin.pl\/index.php\/wp-json\/wp\/v2\/users\/1"}],"replies":[{"embeddable":true,"href":"https:\/\/biblioteka-gabin.pl\/index.php\/wp-json\/wp\/v2\/comments?post=8886"}],"version-history":[{"count":0,"href":"https:\/\/biblioteka-gabin.pl\/index.php\/wp-json\/wp\/v2\/posts\/8886\/revisions"}],"wp:attachment":[{"href":"https:\/\/biblioteka-gabin.pl\/index.php\/wp-json\/wp\/v2\/media?parent=8886"}],"wp:term":[{"taxonomy":"category","embeddable":true,"href":"https:\/\/biblioteka-gabin.pl\/index.php\/wp-json\/wp\/v2\/categories?post=8886"},{"taxonomy":"post_tag","embeddable":true,"href":"https:\/\/biblioteka-gabin.pl\/index.php\/wp-json\/wp\/v2\/tags?post=8886"}],"curies":[{"name":"wp","href":"https:\/\/api.w.org\/{rel}","templated":true}]}}