{"id":8967,"date":"2024-05-14T00:00:00","date_gmt":"2024-05-14T00:00:00","guid":{"rendered":"https:\/\/biblioteka-gabin.pl\/index.php\/2024\/05\/14\/xlv-edycja-konkursu-recytatorskiego-pieknie-byc-czlowiekiem-2024-r\/"},"modified":"2024-05-14T00:00:00","modified_gmt":"2024-05-14T00:00:00","slug":"xlv-edycja-konkursu-recytatorskiego-pieknie-byc-czlowiekiem-2024-r","status":"publish","type":"post","link":"https:\/\/biblioteka-gabin.pl\/index.php\/2024\/05\/14\/xlv-edycja-konkursu-recytatorskiego-pieknie-byc-czlowiekiem-2024-r\/","title":{"rendered":"XLV edycja konkursu recytatorskiego &#8222;Pi\u0119knie by\u0107 cz\u0142owiekiem&#8221; 2024 r."},"content":{"rendered":"<p>Regionalne eliminacje konkursu recytatorskiego \u201ePi\u0119knie by\u0107 cz\u0142owiekiem\u201d na sta\u0142e wpisa\u0142y si\u0119 w\u00a0kulturalny kalendarz Miasta i\u00a0Gminy G\u0105bin. 8 maja w\u00a0Miejsko-Gminnej Bibliotece Publicznej w\u00a0G\u0105binie spotkali si\u0119 m\u0142odzi i\u00a0nieco starsi mi\u0142o\u015bnicy poezji, by zaprezentowa\u0107 wybrane przez siebie utwory i\u00a0zmierzy\u0107 z\u00a0kwalifikacjami do fina\u0142u XLV edycji konkursu.<br \/>\nJury konkursowe mia\u0142o w\u00a0tym roku nie lada wyzwanie. W\u00a0eliminacjach regionalnych wzi\u0119\u0142o udzia\u0142 kilkudziesi\u0119ciu uczestnik\u00f3w, reprezentuj\u0105cych Miasto i\u00a0Gmin\u0119 G\u0105bin oraz gminy \u0141\u0105ck i\u00a0S\u0142ubice. Recytatorzy podzieleni byli na trzy kategorie wiekowe. Tegorocznym motywem przewodnim konkursu s\u0105 empatia, \u017cyczliwo\u015b\u0107, szacunek i\u00a0dobro\u0107. Organizatorzy, czyli Ksi\u0105\u017cnica P\u0142ocka im. W\u0142adys\u0142awa Broniewskiego, chc\u0105 zach\u0119ci\u0107 dzieci i\u00a0m\u0142odzie\u017c do recytowania wierszy i\u00a0fragment\u00f3w prozy, inspiruj\u0105cych do tworzenia wi\u0119zi mi\u0119dzyludzkich, dostrzegania potrzeb innych oraz doceniania korzy\u015bci, jakie osi\u0105ga si\u0119 poprzez wsp\u00f3\u0142prac\u0119 i\u00a0wspieranie bli\u017anich.<br \/>\nPo wys\u0142uchaniu wszystkich uczestnik\u00f3w, jury przyst\u0105pi\u0142o do oceny i\u00a0wyboru najlepiej wyrecytowanych utwor\u00f3w. Oceniana by\u0142a m.in. dykcja, interpretacja tekstu, kontakt z\u00a0publiczno\u015bci\u0105 i\u00a0og\u00f3lny wyraz artystyczny. W\u00a0sk\u0142ad jury weszli przedstawiciele \u015brodowisk bibliotecznych, lokalnych jednostek kultury oraz reprezentuj\u0105ca samorz\u0105d Miasta i\u00a0Gminy G\u0105bin, Sekretarz Gminy Joanna Sta\u0144czak. Laureaci konkursu otrzymali nagrody oraz mo\u017cliwo\u015b\u0107 startu w\u00a0finale konkursu w\u00a0Ksi\u0105\u017cnicy P\u0142ockiej \u2013 8 czerwca 2024 r.<br \/>\nOrganizatorem regionalnych eliminacji konkursowych by\u0142a Miejsko-Gminna Biblioteka Publiczna w\u00a0G\u0105binie<br \/>\nPoni\u017cej prezentujemy wyniki konkursu:<br \/>\nGrupa I\u00a0(klasy szkolne I-III)<br \/>\nMaria Stawska ze Szko\u0142y Podstawowej w\u00a0\u0141\u0105cku<br \/>\n\u0141ucja Kie\u0142basa ze Szko\u0142y Podstawowej w\u00a0G\u0105binie<br \/>\nJakub Wili\u0144ski ze Szko\u0142y Podstawowej w\u00a0G\u0105binie<br \/>\nWyr\u00f3\u017cnienie: Anatol Wachowicz ze Szko\u0142y Podstawowej w\u00a0G\u0105binie<br \/>\nGrupa II (klasy szkolne IV-VI)<br \/>\nHanna Leonarcik ze Szko\u0142y Podstawowej w\u00a0G\u0105binie<br \/>\nHelena Lorenz ze Szko\u0142y Podstawowej w\u00a0Nowym Grabiu<br \/>\nEwa Fr\u0105\u015b ze Szko\u0142y Podstawowej w\u00a0\u0141\u0105cku<br \/>\nWyr\u00f3\u017cnienie: Jakub Karolewski ze Szko\u0142y Podstawowej w\u00a0Nowym Grabiu<br \/>\nGrupa III (klasy szkolne VII-VIII)<br \/>\nZofia Tomczak-Sierakowska ze Szko\u0142y Podstawowej w\u00a0G\u0105binie<br \/>\nNadia Kie\u0142basa ze Szko\u0142y Podstawowej w\u00a0Nowym Grabiu<br \/>\nAgnieszka Go\u015bciniak ze Szko\u0142y Podstawowej w\u00a0Czermnie<br \/>\nWarto wspomnie\u0107, i\u017c 8 maja w\u00a0ca\u0142ym kraju obchodzony jest Og\u00f3lnopolski Dzie\u0144 Bibliotekarza i\u00a0Bibliotek. \u015awi\u0119to ma na celu uhonorowanie pracy bibliotekarzy oraz promowanie roli bibliotek w\u00a0spo\u0142ecze\u0144stwie. Tradycyjnie, Dzie\u0144 Bibliotekarza i\u00a0Bibliotek rozpoczyna Tydzie\u0144 Bibliotek, kt\u00f3ry trwa od 8 do 15 maja. W\u00a0tym czasie biblioteki w\u00a0ca\u0142ej Polsce organizuj\u0105 r\u00f3\u017cnego rodzaju wydarzenia, maj\u0105ce na celu przyci\u0105gni\u0119cie nowych czytelnik\u00f3w i\u00a0podkre\u015blenie znaczenia czytelnictwa.<br \/>\nOpracowanie: W. Olszewski<br \/>\nfot.: MGBP w\u00a0G\u0105binie<br \/>\nNagrody ufundowali Burmistrz Miasta i Gminy G\u0105bin oraz Dyrektor Miejsko-Gminnej Biblioteki Publicznej w G\u0105binie.<br \/>\n<img src='https:\/\/biblioteka-gabin.pl\/wp-content\/uploads\/archive\/pliki\/obraz\/2024\/kwiecie\/440399306_290931193977470_4079910242684000244_n.jpg'><br \/>\n<a href='https:\/\/biblioteka-gabin.pl\/wp-content\/uploads\/archive\/galleries\/580\/44244924511645919580163308780301487281709754n1-667722da70.jpg'><img style='max-height:300px;' src='https:\/\/biblioteka-gabin.pl\/wp-content\/uploads\/archive\/galleries\/580\/44244924511645919580163308780301487281709754n1-667722da70.jpg'><\/a><br \/>\n<a href='https:\/\/biblioteka-gabin.pl\/wp-content\/uploads\/archive\/galleries\/580\/4413409741804414600040206362099697696551413n-d3e85e7c71.jpg'><img style='max-height:300px;' src='https:\/\/biblioteka-gabin.pl\/wp-content\/uploads\/archive\/galleries\/580\/4413409741804414600040206362099697696551413n-d3e85e7c71.jpg'><\/a><br \/>\n<a href='https:\/\/biblioteka-gabin.pl\/wp-content\/uploads\/archive\/galleries\/580\/44244925420874067283100397704033531195728210n-7c352b37e9.jpg'><img style='max-height:300px;' src='https:\/\/biblioteka-gabin.pl\/wp-content\/uploads\/archive\/galleries\/580\/44244925420874067283100397704033531195728210n-7c352b37e9.jpg'><\/a><br \/>\n<a href='https:\/\/biblioteka-gabin.pl\/wp-content\/uploads\/archive\/galleries\/580\/44242888136870925149124881859319992478049261n-75b229b4dd.jpg'><img style='max-height:300px;' src='https:\/\/biblioteka-gabin.pl\/wp-content\/uploads\/archive\/galleries\/580\/44242888136870925149124881859319992478049261n-75b229b4dd.jpg'><\/a><br \/>\n<a href='https:\/\/biblioteka-gabin.pl\/wp-content\/uploads\/archive\/galleries\/580\/4419878007546401901535075719049558165717266n-9f5eada124.jpg'><img style='max-height:300px;' src='https:\/\/biblioteka-gabin.pl\/wp-content\/uploads\/archive\/galleries\/580\/4419878007546401901535075719049558165717266n-9f5eada124.jpg'><\/a><br \/>\n<a href='https:\/\/biblioteka-gabin.pl\/wp-content\/uploads\/archive\/galleries\/580\/44112341438334375169821326616967904333439900n-addb1feafa.jpg'><img style='max-height:300px;' src='https:\/\/biblioteka-gabin.pl\/wp-content\/uploads\/archive\/galleries\/580\/44112341438334375169821326616967904333439900n-addb1feafa.jpg'><\/a><br \/>\n<a href='https:\/\/biblioteka-gabin.pl\/wp-content\/uploads\/archive\/galleries\/580\/44201116316435916963867376492626578162823618n-5637fea5ec.jpg'><img style='max-height:300px;' src='https:\/\/biblioteka-gabin.pl\/wp-content\/uploads\/archive\/galleries\/580\/44201116316435916963867376492626578162823618n-5637fea5ec.jpg'><\/a><br \/>\n<a href='https:\/\/biblioteka-gabin.pl\/wp-content\/uploads\/archive\/galleries\/580\/4366103168077076875281416735917243873578666n1-8154dbec79.jpg'><img style='max-height:300px;' src='https:\/\/biblioteka-gabin.pl\/wp-content\/uploads\/archive\/galleries\/580\/4366103168077076875281416735917243873578666n1-8154dbec79.jpg'><\/a><br \/>\n<a href='https:\/\/biblioteka-gabin.pl\/wp-content\/uploads\/archive\/galleries\/580\/436836459454603843727977650364729453177517n-38af720b21.jpg'><img style='max-height:300px;' src='https:\/\/biblioteka-gabin.pl\/wp-content\/uploads\/archive\/galleries\/580\/436836459454603843727977650364729453177517n-38af720b21.jpg'><\/a><br \/>\n<a href='https:\/\/biblioteka-gabin.pl\/wp-content\/uploads\/archive\/galleries\/580\/4424260401260060981620815123167059265280619n-0428c1f40b.jpg'><img style='max-height:300px;' src='https:\/\/biblioteka-gabin.pl\/wp-content\/uploads\/archive\/galleries\/580\/4424260401260060981620815123167059265280619n-0428c1f40b.jpg'><\/a><br \/>\n<a href='https:\/\/biblioteka-gabin.pl\/wp-content\/uploads\/archive\/galleries\/580\/44139076325360258880286574371440992089560627n-673e43ade4.jpg'><img style='max-height:300px;' src='https:\/\/biblioteka-gabin.pl\/wp-content\/uploads\/archive\/galleries\/580\/44139076325360258880286574371440992089560627n-673e43ade4.jpg'><\/a><br \/>\n<a href='https:\/\/biblioteka-gabin.pl\/wp-content\/uploads\/archive\/galleries\/580\/4419918609881617126539828793747570458571932n1-26dad88f02.jpg'><img style='max-height:300px;' src='https:\/\/biblioteka-gabin.pl\/wp-content\/uploads\/archive\/galleries\/580\/4419918609881617126539828793747570458571932n1-26dad88f02.jpg'><\/a><br \/>\n<a href='https:\/\/biblioteka-gabin.pl\/wp-content\/uploads\/archive\/galleries\/580\/44120434811239115120850623774674115910160859n-2b7a373b9c.jpg'><img style='max-height:300px;' src='https:\/\/biblioteka-gabin.pl\/wp-content\/uploads\/archive\/galleries\/580\/44120434811239115120850623774674115910160859n-2b7a373b9c.jpg'><\/a><br \/>\n<a href='https:\/\/biblioteka-gabin.pl\/wp-content\/uploads\/archive\/galleries\/580\/43683613912008652977432155295129865924660188n-db735079df.jpg'><img style='max-height:300px;' src='https:\/\/biblioteka-gabin.pl\/wp-content\/uploads\/archive\/galleries\/580\/43683613912008652977432155295129865924660188n-db735079df.jpg'><\/a><br \/>\n<a href='https:\/\/biblioteka-gabin.pl\/wp-content\/uploads\/archive\/galleries\/580\/43692631412967453046365867331659972970317284n-f05dc91363.jpg'><img style='max-height:300px;' src='https:\/\/biblioteka-gabin.pl\/wp-content\/uploads\/archive\/galleries\/580\/43692631412967453046365867331659972970317284n-f05dc91363.jpg'><\/a><br \/>\n<a href='https:\/\/biblioteka-gabin.pl\/wp-content\/uploads\/archive\/galleries\/580\/4411124734566246701102803609249430234967166n-f610c6c3b3.jpg'><img style='max-height:300px;' src='https:\/\/biblioteka-gabin.pl\/wp-content\/uploads\/archive\/galleries\/580\/4411124734566246701102803609249430234967166n-f610c6c3b3.jpg'><\/a><\/p>\n","protected":false},"excerpt":{"rendered":"<p>Regionalne eliminacje konkursu recytatorskiego \u201ePi\u0119knie by\u0107 cz\u0142owiekiem\u201d na sta\u0142e wpisa\u0142y<\/p>\n","protected":false},"author":1,"featured_media":0,"comment_status":"open","ping_status":"open","sticky":false,"template":"","format":"standard","meta":{"footnotes":""},"categories":[36],"tags":[],"class_list":["post-8967","post","type-post","status-publish","format-standard","hentry","category-main"],"yoast_head":"<!-- This site is optimized with the Yoast SEO plugin v27.4 - https:\/\/yoast.com\/product\/yoast-seo-wordpress\/ -->\n<title>XLV edycja konkursu recytatorskiego &quot;Pi\u0119knie by\u0107 cz\u0142owiekiem&quot; 2024 r. - Miejsko-Gminna Biblioteka Publiczna w G\u0105binie<\/title>\n<meta name=\"robots\" content=\"index, follow, max-snippet:-1, max-image-preview:large, max-video-preview:-1\" \/>\n<link rel=\"canonical\" href=\"http:\/\/biblioteka-gabin.pl\/index.php\/2024\/05\/14\/xlv-edycja-konkursu-recytatorskiego-pieknie-byc-czlowiekiem-2024-r\/\" \/>\n<meta property=\"og:locale\" content=\"pl_PL\" \/>\n<meta property=\"og:type\" content=\"article\" \/>\n<meta property=\"og:title\" content=\"XLV edycja konkursu recytatorskiego &quot;Pi\u0119knie by\u0107 cz\u0142owiekiem&quot; 2024 r. - Miejsko-Gminna Biblioteka Publiczna w G\u0105binie\" \/>\n<meta property=\"og:description\" content=\"Regionalne eliminacje konkursu recytatorskiego \u201ePi\u0119knie by\u0107 cz\u0142owiekiem\u201d na sta\u0142e wpisa\u0142y\" \/>\n<meta property=\"og:url\" content=\"http:\/\/biblioteka-gabin.pl\/index.php\/2024\/05\/14\/xlv-edycja-konkursu-recytatorskiego-pieknie-byc-czlowiekiem-2024-r\/\" \/>\n<meta property=\"og:site_name\" content=\"Miejsko-Gminna Biblioteka Publiczna w G\u0105binie\" \/>\n<meta property=\"article:publisher\" content=\"https:\/\/www.facebook.com\/bibliotekagabin\" \/>\n<meta property=\"article:published_time\" content=\"2024-05-14T00:00:00+00:00\" \/>\n<meta property=\"og:image\" content=\"https:\/\/biblioteka-gabin.pl\/wp-content\/uploads\/archive\/pliki\/obraz\/2024\/kwiecie\/440399306_290931193977470_4079910242684000244_n.jpg\" \/>\n<meta name=\"author\" content=\"admin\" \/>\n<meta name=\"twitter:card\" content=\"summary_large_image\" \/>\n<meta name=\"twitter:label1\" content=\"Napisane przez\" \/>\n\t<meta name=\"twitter:data1\" content=\"admin\" \/>\n\t<meta name=\"twitter:label2\" content=\"Szacowany czas czytania\" \/>\n\t<meta name=\"twitter:data2\" content=\"2 minuty\" \/>\n<script type=\"application\/ld+json\" class=\"yoast-schema-graph\">{\"@context\":\"https:\\\/\\\/schema.org\",\"@graph\":[{\"@type\":\"Article\",\"@id\":\"http:\\\/\\\/biblioteka-gabin.pl\\\/index.php\\\/2024\\\/05\\\/14\\\/xlv-edycja-konkursu-recytatorskiego-pieknie-byc-czlowiekiem-2024-r\\\/#article\",\"isPartOf\":{\"@id\":\"http:\\\/\\\/biblioteka-gabin.pl\\\/index.php\\\/2024\\\/05\\\/14\\\/xlv-edycja-konkursu-recytatorskiego-pieknie-byc-czlowiekiem-2024-r\\\/\"},\"author\":{\"name\":\"admin\",\"@id\":\"https:\\\/\\\/biblioteka-gabin.pl\\\/#\\\/schema\\\/person\\\/2067b97c24663d987ef6ef95bed7c99a\"},\"headline\":\"XLV edycja konkursu recytatorskiego &#8222;Pi\u0119knie by\u0107 cz\u0142owiekiem&#8221; 2024 r.\",\"datePublished\":\"2024-05-14T00:00:00+00:00\",\"mainEntityOfPage\":{\"@id\":\"http:\\\/\\\/biblioteka-gabin.pl\\\/index.php\\\/2024\\\/05\\\/14\\\/xlv-edycja-konkursu-recytatorskiego-pieknie-byc-czlowiekiem-2024-r\\\/\"},\"wordCount\":482,\"commentCount\":0,\"publisher\":{\"@id\":\"https:\\\/\\\/biblioteka-gabin.pl\\\/#organization\"},\"image\":{\"@id\":\"http:\\\/\\\/biblioteka-gabin.pl\\\/index.php\\\/2024\\\/05\\\/14\\\/xlv-edycja-konkursu-recytatorskiego-pieknie-byc-czlowiekiem-2024-r\\\/#primaryimage\"},\"thumbnailUrl\":\"https:\\\/\\\/biblioteka-gabin.pl\\\/wp-content\\\/uploads\\\/archive\\\/pliki\\\/obraz\\\/2024\\\/kwiecie\\\/440399306_290931193977470_4079910242684000244_n.jpg\",\"articleSection\":[\"Main\"],\"inLanguage\":\"pl-PL\",\"potentialAction\":[{\"@type\":\"CommentAction\",\"name\":\"Comment\",\"target\":[\"http:\\\/\\\/biblioteka-gabin.pl\\\/index.php\\\/2024\\\/05\\\/14\\\/xlv-edycja-konkursu-recytatorskiego-pieknie-byc-czlowiekiem-2024-r\\\/#respond\"]}]},{\"@type\":\"WebPage\",\"@id\":\"http:\\\/\\\/biblioteka-gabin.pl\\\/index.php\\\/2024\\\/05\\\/14\\\/xlv-edycja-konkursu-recytatorskiego-pieknie-byc-czlowiekiem-2024-r\\\/\",\"url\":\"http:\\\/\\\/biblioteka-gabin.pl\\\/index.php\\\/2024\\\/05\\\/14\\\/xlv-edycja-konkursu-recytatorskiego-pieknie-byc-czlowiekiem-2024-r\\\/\",\"name\":\"XLV edycja konkursu recytatorskiego \\\"Pi\u0119knie by\u0107 cz\u0142owiekiem\\\" 2024 r. - Miejsko-Gminna Biblioteka Publiczna w G\u0105binie\",\"isPartOf\":{\"@id\":\"https:\\\/\\\/biblioteka-gabin.pl\\\/#website\"},\"primaryImageOfPage\":{\"@id\":\"http:\\\/\\\/biblioteka-gabin.pl\\\/index.php\\\/2024\\\/05\\\/14\\\/xlv-edycja-konkursu-recytatorskiego-pieknie-byc-czlowiekiem-2024-r\\\/#primaryimage\"},\"image\":{\"@id\":\"http:\\\/\\\/biblioteka-gabin.pl\\\/index.php\\\/2024\\\/05\\\/14\\\/xlv-edycja-konkursu-recytatorskiego-pieknie-byc-czlowiekiem-2024-r\\\/#primaryimage\"},\"thumbnailUrl\":\"https:\\\/\\\/biblioteka-gabin.pl\\\/wp-content\\\/uploads\\\/archive\\\/pliki\\\/obraz\\\/2024\\\/kwiecie\\\/440399306_290931193977470_4079910242684000244_n.jpg\",\"datePublished\":\"2024-05-14T00:00:00+00:00\",\"breadcrumb\":{\"@id\":\"http:\\\/\\\/biblioteka-gabin.pl\\\/index.php\\\/2024\\\/05\\\/14\\\/xlv-edycja-konkursu-recytatorskiego-pieknie-byc-czlowiekiem-2024-r\\\/#breadcrumb\"},\"inLanguage\":\"pl-PL\",\"potentialAction\":[{\"@type\":\"ReadAction\",\"target\":[\"http:\\\/\\\/biblioteka-gabin.pl\\\/index.php\\\/2024\\\/05\\\/14\\\/xlv-edycja-konkursu-recytatorskiego-pieknie-byc-czlowiekiem-2024-r\\\/\"]}]},{\"@type\":\"ImageObject\",\"inLanguage\":\"pl-PL\",\"@id\":\"http:\\\/\\\/biblioteka-gabin.pl\\\/index.php\\\/2024\\\/05\\\/14\\\/xlv-edycja-konkursu-recytatorskiego-pieknie-byc-czlowiekiem-2024-r\\\/#primaryimage\",\"url\":\"https:\\\/\\\/biblioteka-gabin.pl\\\/wp-content\\\/uploads\\\/archive\\\/pliki\\\/obraz\\\/2024\\\/kwiecie\\\/440399306_290931193977470_4079910242684000244_n.jpg\",\"contentUrl\":\"https:\\\/\\\/biblioteka-gabin.pl\\\/wp-content\\\/uploads\\\/archive\\\/pliki\\\/obraz\\\/2024\\\/kwiecie\\\/440399306_290931193977470_4079910242684000244_n.jpg\"},{\"@type\":\"BreadcrumbList\",\"@id\":\"http:\\\/\\\/biblioteka-gabin.pl\\\/index.php\\\/2024\\\/05\\\/14\\\/xlv-edycja-konkursu-recytatorskiego-pieknie-byc-czlowiekiem-2024-r\\\/#breadcrumb\",\"itemListElement\":[{\"@type\":\"ListItem\",\"position\":1,\"name\":\"Strona g\u0142\u00f3wna\",\"item\":\"https:\\\/\\\/biblioteka-gabin.pl\\\/\"},{\"@type\":\"ListItem\",\"position\":2,\"name\":\"XLV edycja konkursu recytatorskiego &#8222;Pi\u0119knie by\u0107 cz\u0142owiekiem&#8221; 2024 r.\"}]},{\"@type\":\"WebSite\",\"@id\":\"https:\\\/\\\/biblioteka-gabin.pl\\\/#website\",\"url\":\"https:\\\/\\\/biblioteka-gabin.pl\\\/\",\"name\":\"Miejsko-Gminna Biblioteka Publiczna w G\u0105binie\",\"description\":\"\",\"publisher\":{\"@id\":\"https:\\\/\\\/biblioteka-gabin.pl\\\/#organization\"},\"potentialAction\":[{\"@type\":\"SearchAction\",\"target\":{\"@type\":\"EntryPoint\",\"urlTemplate\":\"https:\\\/\\\/biblioteka-gabin.pl\\\/?s={search_term_string}\"},\"query-input\":{\"@type\":\"PropertyValueSpecification\",\"valueRequired\":true,\"valueName\":\"search_term_string\"}}],\"inLanguage\":\"pl-PL\"},{\"@type\":\"Organization\",\"@id\":\"https:\\\/\\\/biblioteka-gabin.pl\\\/#organization\",\"name\":\"Miejsko-Gminna Biblioteka Publiczna w G\u0105binie\",\"url\":\"https:\\\/\\\/biblioteka-gabin.pl\\\/\",\"logo\":{\"@type\":\"ImageObject\",\"inLanguage\":\"pl-PL\",\"@id\":\"https:\\\/\\\/biblioteka-gabin.pl\\\/#\\\/schema\\\/logo\\\/image\\\/\",\"url\":\"https:\\\/\\\/biblioteka-gabin.pl\\\/wp-content\\\/uploads\\\/2025\\\/03\\\/logo-biblioteka-2-1657013691-1.jpg\",\"contentUrl\":\"https:\\\/\\\/biblioteka-gabin.pl\\\/wp-content\\\/uploads\\\/2025\\\/03\\\/logo-biblioteka-2-1657013691-1.jpg\",\"width\":1600,\"height\":772,\"caption\":\"Miejsko-Gminna Biblioteka Publiczna w G\u0105binie\"},\"image\":{\"@id\":\"https:\\\/\\\/biblioteka-gabin.pl\\\/#\\\/schema\\\/logo\\\/image\\\/\"},\"sameAs\":[\"https:\\\/\\\/www.facebook.com\\\/bibliotekagabin\",\"https:\\\/\\\/www.youtube.com\\\/@mgbpgabin9392\"]},{\"@type\":\"Person\",\"@id\":\"https:\\\/\\\/biblioteka-gabin.pl\\\/#\\\/schema\\\/person\\\/2067b97c24663d987ef6ef95bed7c99a\",\"name\":\"admin\",\"image\":{\"@type\":\"ImageObject\",\"inLanguage\":\"pl-PL\",\"@id\":\"https:\\\/\\\/secure.gravatar.com\\\/avatar\\\/e1843904e97b4e376a0fc90ae10372cd31bce9b207a7a3d2ca68fc7ca7e4174c?s=96&d=mm&r=g\",\"url\":\"https:\\\/\\\/secure.gravatar.com\\\/avatar\\\/e1843904e97b4e376a0fc90ae10372cd31bce9b207a7a3d2ca68fc7ca7e4174c?s=96&d=mm&r=g\",\"contentUrl\":\"https:\\\/\\\/secure.gravatar.com\\\/avatar\\\/e1843904e97b4e376a0fc90ae10372cd31bce9b207a7a3d2ca68fc7ca7e4174c?s=96&d=mm&r=g\",\"caption\":\"admin\"},\"sameAs\":[\"http:\\\/\\\/strona.biblioteka-gabin.pl\"],\"url\":\"https:\\\/\\\/biblioteka-gabin.pl\\\/index.php\\\/author\\\/admin\\\/\"}]}<\/script>\n<!-- \/ Yoast SEO plugin. -->","yoast_head_json":{"title":"XLV edycja konkursu recytatorskiego \"Pi\u0119knie by\u0107 cz\u0142owiekiem\" 2024 r. - Miejsko-Gminna Biblioteka Publiczna w G\u0105binie","robots":{"index":"index","follow":"follow","max-snippet":"max-snippet:-1","max-image-preview":"max-image-preview:large","max-video-preview":"max-video-preview:-1"},"canonical":"http:\/\/biblioteka-gabin.pl\/index.php\/2024\/05\/14\/xlv-edycja-konkursu-recytatorskiego-pieknie-byc-czlowiekiem-2024-r\/","og_locale":"pl_PL","og_type":"article","og_title":"XLV edycja konkursu recytatorskiego \"Pi\u0119knie by\u0107 cz\u0142owiekiem\" 2024 r. - Miejsko-Gminna Biblioteka Publiczna w G\u0105binie","og_description":"Regionalne eliminacje konkursu recytatorskiego \u201ePi\u0119knie by\u0107 cz\u0142owiekiem\u201d na sta\u0142e wpisa\u0142y","og_url":"http:\/\/biblioteka-gabin.pl\/index.php\/2024\/05\/14\/xlv-edycja-konkursu-recytatorskiego-pieknie-byc-czlowiekiem-2024-r\/","og_site_name":"Miejsko-Gminna Biblioteka Publiczna w G\u0105binie","article_publisher":"https:\/\/www.facebook.com\/bibliotekagabin","article_published_time":"2024-05-14T00:00:00+00:00","og_image":[{"url":"https:\/\/biblioteka-gabin.pl\/wp-content\/uploads\/archive\/pliki\/obraz\/2024\/kwiecie\/440399306_290931193977470_4079910242684000244_n.jpg","type":"","width":"","height":""}],"author":"admin","twitter_card":"summary_large_image","twitter_misc":{"Napisane przez":"admin","Szacowany czas czytania":"2 minuty"},"schema":{"@context":"https:\/\/schema.org","@graph":[{"@type":"Article","@id":"http:\/\/biblioteka-gabin.pl\/index.php\/2024\/05\/14\/xlv-edycja-konkursu-recytatorskiego-pieknie-byc-czlowiekiem-2024-r\/#article","isPartOf":{"@id":"http:\/\/biblioteka-gabin.pl\/index.php\/2024\/05\/14\/xlv-edycja-konkursu-recytatorskiego-pieknie-byc-czlowiekiem-2024-r\/"},"author":{"name":"admin","@id":"https:\/\/biblioteka-gabin.pl\/#\/schema\/person\/2067b97c24663d987ef6ef95bed7c99a"},"headline":"XLV edycja konkursu recytatorskiego &#8222;Pi\u0119knie by\u0107 cz\u0142owiekiem&#8221; 2024 r.","datePublished":"2024-05-14T00:00:00+00:00","mainEntityOfPage":{"@id":"http:\/\/biblioteka-gabin.pl\/index.php\/2024\/05\/14\/xlv-edycja-konkursu-recytatorskiego-pieknie-byc-czlowiekiem-2024-r\/"},"wordCount":482,"commentCount":0,"publisher":{"@id":"https:\/\/biblioteka-gabin.pl\/#organization"},"image":{"@id":"http:\/\/biblioteka-gabin.pl\/index.php\/2024\/05\/14\/xlv-edycja-konkursu-recytatorskiego-pieknie-byc-czlowiekiem-2024-r\/#primaryimage"},"thumbnailUrl":"https:\/\/biblioteka-gabin.pl\/wp-content\/uploads\/archive\/pliki\/obraz\/2024\/kwiecie\/440399306_290931193977470_4079910242684000244_n.jpg","articleSection":["Main"],"inLanguage":"pl-PL","potentialAction":[{"@type":"CommentAction","name":"Comment","target":["http:\/\/biblioteka-gabin.pl\/index.php\/2024\/05\/14\/xlv-edycja-konkursu-recytatorskiego-pieknie-byc-czlowiekiem-2024-r\/#respond"]}]},{"@type":"WebPage","@id":"http:\/\/biblioteka-gabin.pl\/index.php\/2024\/05\/14\/xlv-edycja-konkursu-recytatorskiego-pieknie-byc-czlowiekiem-2024-r\/","url":"http:\/\/biblioteka-gabin.pl\/index.php\/2024\/05\/14\/xlv-edycja-konkursu-recytatorskiego-pieknie-byc-czlowiekiem-2024-r\/","name":"XLV edycja konkursu recytatorskiego \"Pi\u0119knie by\u0107 cz\u0142owiekiem\" 2024 r. - Miejsko-Gminna Biblioteka Publiczna w G\u0105binie","isPartOf":{"@id":"https:\/\/biblioteka-gabin.pl\/#website"},"primaryImageOfPage":{"@id":"http:\/\/biblioteka-gabin.pl\/index.php\/2024\/05\/14\/xlv-edycja-konkursu-recytatorskiego-pieknie-byc-czlowiekiem-2024-r\/#primaryimage"},"image":{"@id":"http:\/\/biblioteka-gabin.pl\/index.php\/2024\/05\/14\/xlv-edycja-konkursu-recytatorskiego-pieknie-byc-czlowiekiem-2024-r\/#primaryimage"},"thumbnailUrl":"https:\/\/biblioteka-gabin.pl\/wp-content\/uploads\/archive\/pliki\/obraz\/2024\/kwiecie\/440399306_290931193977470_4079910242684000244_n.jpg","datePublished":"2024-05-14T00:00:00+00:00","breadcrumb":{"@id":"http:\/\/biblioteka-gabin.pl\/index.php\/2024\/05\/14\/xlv-edycja-konkursu-recytatorskiego-pieknie-byc-czlowiekiem-2024-r\/#breadcrumb"},"inLanguage":"pl-PL","potentialAction":[{"@type":"ReadAction","target":["http:\/\/biblioteka-gabin.pl\/index.php\/2024\/05\/14\/xlv-edycja-konkursu-recytatorskiego-pieknie-byc-czlowiekiem-2024-r\/"]}]},{"@type":"ImageObject","inLanguage":"pl-PL","@id":"http:\/\/biblioteka-gabin.pl\/index.php\/2024\/05\/14\/xlv-edycja-konkursu-recytatorskiego-pieknie-byc-czlowiekiem-2024-r\/#primaryimage","url":"https:\/\/biblioteka-gabin.pl\/wp-content\/uploads\/archive\/pliki\/obraz\/2024\/kwiecie\/440399306_290931193977470_4079910242684000244_n.jpg","contentUrl":"https:\/\/biblioteka-gabin.pl\/wp-content\/uploads\/archive\/pliki\/obraz\/2024\/kwiecie\/440399306_290931193977470_4079910242684000244_n.jpg"},{"@type":"BreadcrumbList","@id":"http:\/\/biblioteka-gabin.pl\/index.php\/2024\/05\/14\/xlv-edycja-konkursu-recytatorskiego-pieknie-byc-czlowiekiem-2024-r\/#breadcrumb","itemListElement":[{"@type":"ListItem","position":1,"name":"Strona g\u0142\u00f3wna","item":"https:\/\/biblioteka-gabin.pl\/"},{"@type":"ListItem","position":2,"name":"XLV edycja konkursu recytatorskiego &#8222;Pi\u0119knie by\u0107 cz\u0142owiekiem&#8221; 2024 r."}]},{"@type":"WebSite","@id":"https:\/\/biblioteka-gabin.pl\/#website","url":"https:\/\/biblioteka-gabin.pl\/","name":"Miejsko-Gminna Biblioteka Publiczna w G\u0105binie","description":"","publisher":{"@id":"https:\/\/biblioteka-gabin.pl\/#organization"},"potentialAction":[{"@type":"SearchAction","target":{"@type":"EntryPoint","urlTemplate":"https:\/\/biblioteka-gabin.pl\/?s={search_term_string}"},"query-input":{"@type":"PropertyValueSpecification","valueRequired":true,"valueName":"search_term_string"}}],"inLanguage":"pl-PL"},{"@type":"Organization","@id":"https:\/\/biblioteka-gabin.pl\/#organization","name":"Miejsko-Gminna Biblioteka Publiczna w G\u0105binie","url":"https:\/\/biblioteka-gabin.pl\/","logo":{"@type":"ImageObject","inLanguage":"pl-PL","@id":"https:\/\/biblioteka-gabin.pl\/#\/schema\/logo\/image\/","url":"https:\/\/biblioteka-gabin.pl\/wp-content\/uploads\/2025\/03\/logo-biblioteka-2-1657013691-1.jpg","contentUrl":"https:\/\/biblioteka-gabin.pl\/wp-content\/uploads\/2025\/03\/logo-biblioteka-2-1657013691-1.jpg","width":1600,"height":772,"caption":"Miejsko-Gminna Biblioteka Publiczna w G\u0105binie"},"image":{"@id":"https:\/\/biblioteka-gabin.pl\/#\/schema\/logo\/image\/"},"sameAs":["https:\/\/www.facebook.com\/bibliotekagabin","https:\/\/www.youtube.com\/@mgbpgabin9392"]},{"@type":"Person","@id":"https:\/\/biblioteka-gabin.pl\/#\/schema\/person\/2067b97c24663d987ef6ef95bed7c99a","name":"admin","image":{"@type":"ImageObject","inLanguage":"pl-PL","@id":"https:\/\/secure.gravatar.com\/avatar\/e1843904e97b4e376a0fc90ae10372cd31bce9b207a7a3d2ca68fc7ca7e4174c?s=96&d=mm&r=g","url":"https:\/\/secure.gravatar.com\/avatar\/e1843904e97b4e376a0fc90ae10372cd31bce9b207a7a3d2ca68fc7ca7e4174c?s=96&d=mm&r=g","contentUrl":"https:\/\/secure.gravatar.com\/avatar\/e1843904e97b4e376a0fc90ae10372cd31bce9b207a7a3d2ca68fc7ca7e4174c?s=96&d=mm&r=g","caption":"admin"},"sameAs":["http:\/\/strona.biblioteka-gabin.pl"],"url":"https:\/\/biblioteka-gabin.pl\/index.php\/author\/admin\/"}]}},"_links":{"self":[{"href":"https:\/\/biblioteka-gabin.pl\/index.php\/wp-json\/wp\/v2\/posts\/8967","targetHints":{"allow":["GET"]}}],"collection":[{"href":"https:\/\/biblioteka-gabin.pl\/index.php\/wp-json\/wp\/v2\/posts"}],"about":[{"href":"https:\/\/biblioteka-gabin.pl\/index.php\/wp-json\/wp\/v2\/types\/post"}],"author":[{"embeddable":true,"href":"https:\/\/biblioteka-gabin.pl\/index.php\/wp-json\/wp\/v2\/users\/1"}],"replies":[{"embeddable":true,"href":"https:\/\/biblioteka-gabin.pl\/index.php\/wp-json\/wp\/v2\/comments?post=8967"}],"version-history":[{"count":0,"href":"https:\/\/biblioteka-gabin.pl\/index.php\/wp-json\/wp\/v2\/posts\/8967\/revisions"}],"wp:attachment":[{"href":"https:\/\/biblioteka-gabin.pl\/index.php\/wp-json\/wp\/v2\/media?parent=8967"}],"wp:term":[{"taxonomy":"category","embeddable":true,"href":"https:\/\/biblioteka-gabin.pl\/index.php\/wp-json\/wp\/v2\/categories?post=8967"},{"taxonomy":"post_tag","embeddable":true,"href":"https:\/\/biblioteka-gabin.pl\/index.php\/wp-json\/wp\/v2\/tags?post=8967"}],"curies":[{"name":"wp","href":"https:\/\/api.w.org\/{rel}","templated":true}]}}