{"id":8986,"date":"2023-06-13T00:00:00","date_gmt":"2023-06-13T00:00:00","guid":{"rendered":"https:\/\/biblioteka-gabin.pl\/index.php\/2023\/06\/13\/zakonczenie-spotkan-z-bajka-z-dziecmi-w-przedszkolu-samorzadowym-w-dobrzykowie-oraz-oddziale-i-punkcie-przedszkolnym-w-nowym-grabiu-13-06-2023r\/"},"modified":"2023-06-13T00:00:00","modified_gmt":"2023-06-13T00:00:00","slug":"zakonczenie-spotkan-z-bajka-z-dziecmi-w-przedszkolu-samorzadowym-w-dobrzykowie-oraz-oddziale-i-punkcie-przedszkolnym-w-nowym-grabiu-13-06-2023r","status":"publish","type":"post","link":"https:\/\/biblioteka-gabin.pl\/index.php\/2023\/06\/13\/zakonczenie-spotkan-z-bajka-z-dziecmi-w-przedszkolu-samorzadowym-w-dobrzykowie-oraz-oddziale-i-punkcie-przedszkolnym-w-nowym-grabiu-13-06-2023r\/","title":{"rendered":"Zako\u0144czenie &#8222;Spotka\u0144 z bajk\u0105&#8221; z dzie\u0107mi w Przedszkolu Samorz\u0105dowym w Dobrzykowie oraz Oddziale i Punkcie Przedszkolnym w Nowym Grabiu (13.06.2023r.)"},"content":{"rendered":"<p>Wielkimi krokami zbli\u017caj\u0105 si\u0119 wakacje zatem czas \u201eSpotka\u0144 z bajk\u0105\u201d powoli dobieg\u0142 ko\u0144ca. Dzi\u015b po raz ostatni spotka\u0142y\u015bmy si\u0119 z dzie\u0107mi z Przedszkola Samorz\u0105dowego w Dobrzykowie oraz dzie\u0107mi z Oddzia\u0142u i Punktu Przedszkolnego w Nowym Grabiu.<br \/>\n\u00a0\u00a0\u00a0 G\u0142\u00f3wnym celem naszych cyklicznych odwiedzin by\u0142o przede wszystkim pokazanie dzieciom jak wa\u017cny jest kontakt z ksi\u0105\u017ck\u0105, ilu ciekawych rzeczy mo\u017cemy si\u0119 z niej dowiedzie\u0107. Wybieraj\u0105c bajki, z kt\u00f3rymi przyje\u017cd\u017ca\u0142y\u015bmy na zaj\u0119cia stara\u0142y\u015bmy si\u0119 dobra\u0107 je w taki spos\u00f3b aby zainteresowa\u0107 histori\u0105 w niej przedstawion\u0105.\u00a0\u00a0<br \/>\n\u00a0\u00a0 Najm\u0142odszym przywozi\u0142y\u015bmy ksi\u0105\u017ceczki, kt\u00f3re dzieci mog\u0142y dotkn\u0105\u0107, przesun\u0105\u0107 jaki\u015b ruchomy element, zaszele\u015bci\u0107, wszystko po to by zechcia\u0142y wys\u0142ucha\u0107 i obejrze\u0107 wi\u0119cej.<br \/>\n\u00a0\u00a0\u00a0 Dzi\u015b nadszed\u0142 dzie\u0144, w kt\u00f3rym chcia\u0142yby\u015bmy bardzo serdecznie wszystkim naszym M\u0142odym Czytelnikom podzi\u0119kowa\u0107.<br \/>\n\u00a0\u00a0\u00a0 Za ka\u017cdy u\u015bmiech, przytulak, rado\u015b\u0107, szereg pyta\u0144, za to, \u017ce byli\u015bcie tak uroczymi s\u0142uchaczami. Za ka\u017cd\u0105 zabaw\u0119 z Wami, za przepi\u0119kny rysunek, za taniec i wsp\u00f3lne \u015bpiewanie \u2013 \u015blicznie dzi\u0119kujemy.<br \/>\n\u00a0\u00a0\u00a0 Na zako\u0144czenie wszystkie dzieci otrzyma\u0142y od nas kolorowe zak\u0142adki do ksi\u0105\u017cki oraz s\u0142odk\u0105 niespodziank\u0119.<br \/>\n\u00a0\u00a0 Dzi\u0119kujemy r\u00f3wnie\u017c Dyrekcji, wszystkim Paniom Przedszkolankom za pomoc w zaj\u0119ciach, za \u017cyczliwo\u015b\u0107 i dobre s\u0142owo.<br \/>\n\u00a0\u00a0\u00a0 Dzieciom \u017cyczymy radosnych wakacji, odpoczynku i du\u017co s\u0142o\u0144ca. Trzymajcie si\u0119 cieplutko. Do mi\u0142ego zobaczenia , mamy nadziej\u0119 w przysz\u0142ym roku.<br \/>\n\u00a0\u00a0\u00a0\u00a0\u00a0\u00a0\u00a0\u00a0\u00a0\u00a0\u00a0\u00a0\u00a0\u00a0\u00a0\u00a0\u00a0\u00a0\u00a0\u00a0\u00a0\u00a0\u00a0\u00a0\u00a0\u00a0\u00a0\u00a0\u00a0\u00a0\u00a0\u00a0\u00a0\u00a0\u00a0\u00a0\u00a0\u00a0\u00a0\u00a0\u00a0\u00a0\u00a0\u00a0\u00a0\u00a0\u00a0\u00a0\u00a0\u00a0\u00a0\u00a0\u00a0\u00a0\u00a0\u00a0\u00a0\u00a0\u00a0\u00a0\u00a0\u00a0\u00a0\u00a0\u00a0\u00a0\u00a0\u00a0\u00a0\u00a0 Opr. Joanna Olejniczak<br \/>\n<img src='https:\/\/biblioteka-gabin.pl\/wp-content\/uploads\/archive\/pliki\/obraz\/2023_\/czerwiec\/353833376_239915255451419_4197252858324503878_n.jpg'><br \/>\n<a href='https:\/\/biblioteka-gabin.pl\/wp-content\/uploads\/archive\/galleries\/491\/dscn0183-e778f4c7d4.jpg'><img style='max-height:300px;' src='https:\/\/biblioteka-gabin.pl\/wp-content\/uploads\/archive\/galleries\/491\/dscn0183-e778f4c7d4.jpg'><\/a><br \/>\n<a href='https:\/\/biblioteka-gabin.pl\/wp-content\/uploads\/archive\/galleries\/491\/dscn0210-b71cef0c2f.jpg'><img style='max-height:300px;' src='https:\/\/biblioteka-gabin.pl\/wp-content\/uploads\/archive\/galleries\/491\/dscn0210-b71cef0c2f.jpg'><\/a><br \/>\n<a href='https:\/\/biblioteka-gabin.pl\/wp-content\/uploads\/archive\/galleries\/491\/dscn0186-c23673a846.jpg'><img style='max-height:300px;' src='https:\/\/biblioteka-gabin.pl\/wp-content\/uploads\/archive\/galleries\/491\/dscn0186-c23673a846.jpg'><\/a><br \/>\n<a href='https:\/\/biblioteka-gabin.pl\/wp-content\/uploads\/archive\/galleries\/491\/dscn0183-cc4659208f.jpg'><img style='max-height:300px;' src='https:\/\/biblioteka-gabin.pl\/wp-content\/uploads\/archive\/galleries\/491\/dscn0183-cc4659208f.jpg'><\/a><br \/>\n<a href='https:\/\/biblioteka-gabin.pl\/wp-content\/uploads\/archive\/galleries\/491\/dscn0193-3511c972f9.jpg'><img style='max-height:300px;' src='https:\/\/biblioteka-gabin.pl\/wp-content\/uploads\/archive\/galleries\/491\/dscn0193-3511c972f9.jpg'><\/a><br \/>\n<a href='https:\/\/biblioteka-gabin.pl\/wp-content\/uploads\/archive\/galleries\/491\/dscn0184-d786a7573e.jpg'><img style='max-height:300px;' src='https:\/\/biblioteka-gabin.pl\/wp-content\/uploads\/archive\/galleries\/491\/dscn0184-d786a7573e.jpg'><\/a><br \/>\n<a href='https:\/\/biblioteka-gabin.pl\/wp-content\/uploads\/archive\/galleries\/491\/dscn0278-649b230240.jpg'><img style='max-height:300px;' src='https:\/\/biblioteka-gabin.pl\/wp-content\/uploads\/archive\/galleries\/491\/dscn0278-649b230240.jpg'><\/a><br \/>\n<a href='https:\/\/biblioteka-gabin.pl\/wp-content\/uploads\/archive\/galleries\/491\/dscn0276-aea1a1c38f.jpg'><img style='max-height:300px;' src='https:\/\/biblioteka-gabin.pl\/wp-content\/uploads\/archive\/galleries\/491\/dscn0276-aea1a1c38f.jpg'><\/a><br \/>\n<a href='https:\/\/biblioteka-gabin.pl\/wp-content\/uploads\/archive\/galleries\/491\/dscn0191-ad2ff7414b.jpg'><img style='max-height:300px;' src='https:\/\/biblioteka-gabin.pl\/wp-content\/uploads\/archive\/galleries\/491\/dscn0191-ad2ff7414b.jpg'><\/a><br \/>\n<a href='https:\/\/biblioteka-gabin.pl\/wp-content\/uploads\/archive\/galleries\/491\/dscn0202-948c4e8db9.jpg'><img style='max-height:300px;' src='https:\/\/biblioteka-gabin.pl\/wp-content\/uploads\/archive\/galleries\/491\/dscn0202-948c4e8db9.jpg'><\/a><br \/>\n<a href='https:\/\/biblioteka-gabin.pl\/wp-content\/uploads\/archive\/galleries\/491\/dscn0195-83627dee39.jpg'><img style='max-height:300px;' src='https:\/\/biblioteka-gabin.pl\/wp-content\/uploads\/archive\/galleries\/491\/dscn0195-83627dee39.jpg'><\/a><br \/>\n<a href='https:\/\/biblioteka-gabin.pl\/wp-content\/uploads\/archive\/galleries\/491\/dscn0181-242d59a1bb.jpg'><img style='max-height:300px;' src='https:\/\/biblioteka-gabin.pl\/wp-content\/uploads\/archive\/galleries\/491\/dscn0181-242d59a1bb.jpg'><\/a><br \/>\n<a href='https:\/\/biblioteka-gabin.pl\/wp-content\/uploads\/archive\/galleries\/491\/dscn0274-6f0fc18186.jpg'><img style='max-height:300px;' src='https:\/\/biblioteka-gabin.pl\/wp-content\/uploads\/archive\/galleries\/491\/dscn0274-6f0fc18186.jpg'><\/a><br \/>\n<a href='https:\/\/biblioteka-gabin.pl\/wp-content\/uploads\/archive\/galleries\/491\/dscn0202-93710a65f4.jpg'><img style='max-height:300px;' src='https:\/\/biblioteka-gabin.pl\/wp-content\/uploads\/archive\/galleries\/491\/dscn0202-93710a65f4.jpg'><\/a><br \/>\n<a href='https:\/\/biblioteka-gabin.pl\/wp-content\/uploads\/archive\/galleries\/491\/dscn0180-86efc9dd59.jpg'><img style='max-height:300px;' src='https:\/\/biblioteka-gabin.pl\/wp-content\/uploads\/archive\/galleries\/491\/dscn0180-86efc9dd59.jpg'><\/a><br \/>\n<a href='https:\/\/biblioteka-gabin.pl\/wp-content\/uploads\/archive\/galleries\/491\/dscn0182-36de68ca82.jpg'><img style='max-height:300px;' src='https:\/\/biblioteka-gabin.pl\/wp-content\/uploads\/archive\/galleries\/491\/dscn0182-36de68ca82.jpg'><\/a><br \/>\n<a href='https:\/\/biblioteka-gabin.pl\/wp-content\/uploads\/archive\/galleries\/491\/dscn0267-c7db9e8fc3.jpg'><img style='max-height:300px;' src='https:\/\/biblioteka-gabin.pl\/wp-content\/uploads\/archive\/galleries\/491\/dscn0267-c7db9e8fc3.jpg'><\/a><br \/>\n<a href='https:\/\/biblioteka-gabin.pl\/wp-content\/uploads\/archive\/galleries\/491\/dscn0178-2113f3358f.jpg'><img style='max-height:300px;' src='https:\/\/biblioteka-gabin.pl\/wp-content\/uploads\/archive\/galleries\/491\/dscn0178-2113f3358f.jpg'><\/a><br \/>\n<a href='https:\/\/biblioteka-gabin.pl\/wp-content\/uploads\/archive\/galleries\/491\/dscn0267-3388d00b8a.jpg'><img style='max-height:300px;' src='https:\/\/biblioteka-gabin.pl\/wp-content\/uploads\/archive\/galleries\/491\/dscn0267-3388d00b8a.jpg'><\/a><br \/>\n<a href='https:\/\/biblioteka-gabin.pl\/wp-content\/uploads\/archive\/galleries\/491\/dscn0264-7b4159015d.jpg'><img style='max-height:300px;' src='https:\/\/biblioteka-gabin.pl\/wp-content\/uploads\/archive\/galleries\/491\/dscn0264-7b4159015d.jpg'><\/a><br \/>\n<a href='https:\/\/biblioteka-gabin.pl\/wp-content\/uploads\/archive\/galleries\/491\/dscn0173-452f1d59e0.jpg'><img style='max-height:300px;' src='https:\/\/biblioteka-gabin.pl\/wp-content\/uploads\/archive\/galleries\/491\/dscn0173-452f1d59e0.jpg'><\/a><br \/>\n<a href='https:\/\/biblioteka-gabin.pl\/wp-content\/uploads\/archive\/galleries\/491\/dscn0262-9bb384889d.jpg'><img style='max-height:300px;' src='https:\/\/biblioteka-gabin.pl\/wp-content\/uploads\/archive\/galleries\/491\/dscn0262-9bb384889d.jpg'><\/a><br \/>\n<a href='https:\/\/biblioteka-gabin.pl\/wp-content\/uploads\/archive\/galleries\/491\/dscn0260-d9ac59989d.jpg'><img style='max-height:300px;' src='https:\/\/biblioteka-gabin.pl\/wp-content\/uploads\/archive\/galleries\/491\/dscn0260-d9ac59989d.jpg'><\/a><br \/>\n<a href='https:\/\/biblioteka-gabin.pl\/wp-content\/uploads\/archive\/galleries\/491\/dscn0260-98749cfa18.jpg'><img style='max-height:300px;' src='https:\/\/biblioteka-gabin.pl\/wp-content\/uploads\/archive\/galleries\/491\/dscn0260-98749cfa18.jpg'><\/a><br \/>\n<a href='https:\/\/biblioteka-gabin.pl\/wp-content\/uploads\/archive\/galleries\/491\/dscn0195-54355ac345.jpg'><img style='max-height:300px;' src='https:\/\/biblioteka-gabin.pl\/wp-content\/uploads\/archive\/galleries\/491\/dscn0195-54355ac345.jpg'><\/a><br \/>\n<a href='https:\/\/biblioteka-gabin.pl\/wp-content\/uploads\/archive\/galleries\/491\/dscn0196-d9fdfd64cb.jpg'><img style='max-height:300px;' src='https:\/\/biblioteka-gabin.pl\/wp-content\/uploads\/archive\/galleries\/491\/dscn0196-d9fdfd64cb.jpg'><\/a><br \/>\n<a href='https:\/\/biblioteka-gabin.pl\/wp-content\/uploads\/archive\/galleries\/491\/dscn0189-3076aaee78.jpg'><img style='max-height:300px;' src='https:\/\/biblioteka-gabin.pl\/wp-content\/uploads\/archive\/galleries\/491\/dscn0189-3076aaee78.jpg'><\/a><br \/>\n<a href='https:\/\/biblioteka-gabin.pl\/wp-content\/uploads\/archive\/galleries\/491\/dscn0189-6d9103ba29.jpg'><img style='max-height:300px;' src='https:\/\/biblioteka-gabin.pl\/wp-content\/uploads\/archive\/galleries\/491\/dscn0189-6d9103ba29.jpg'><\/a><br \/>\n<a href='https:\/\/biblioteka-gabin.pl\/wp-content\/uploads\/archive\/galleries\/491\/dscn0256-fa00cfbd07.jpg'><img style='max-height:300px;' src='https:\/\/biblioteka-gabin.pl\/wp-content\/uploads\/archive\/galleries\/491\/dscn0256-fa00cfbd07.jpg'><\/a><br \/>\n<a href='https:\/\/biblioteka-gabin.pl\/wp-content\/uploads\/archive\/galleries\/491\/dscn0253-9e6d24d8ee.jpg'><img style='max-height:300px;' src='https:\/\/biblioteka-gabin.pl\/wp-content\/uploads\/archive\/galleries\/491\/dscn0253-9e6d24d8ee.jpg'><\/a><br \/>\n<a href='https:\/\/biblioteka-gabin.pl\/wp-content\/uploads\/archive\/galleries\/491\/dscn0253-6572020c9d.jpg'><img style='max-height:300px;' src='https:\/\/biblioteka-gabin.pl\/wp-content\/uploads\/archive\/galleries\/491\/dscn0253-6572020c9d.jpg'><\/a><br \/>\n<a href='https:\/\/biblioteka-gabin.pl\/wp-content\/uploads\/archive\/galleries\/491\/dscn0252-ba40422ad6.jpg'><img style='max-height:300px;' src='https:\/\/biblioteka-gabin.pl\/wp-content\/uploads\/archive\/galleries\/491\/dscn0252-ba40422ad6.jpg'><\/a><br \/>\n<a href='https:\/\/biblioteka-gabin.pl\/wp-content\/uploads\/archive\/galleries\/491\/dscn0196-4653b8a8cc.jpg'><img style='max-height:300px;' src='https:\/\/biblioteka-gabin.pl\/wp-content\/uploads\/archive\/galleries\/491\/dscn0196-4653b8a8cc.jpg'><\/a><br \/>\n<a href='https:\/\/biblioteka-gabin.pl\/wp-content\/uploads\/archive\/galleries\/491\/dscn0251-e07a88db05.jpg'><img style='max-height:300px;' src='https:\/\/biblioteka-gabin.pl\/wp-content\/uploads\/archive\/galleries\/491\/dscn0251-e07a88db05.jpg'><\/a><br \/>\n<a href='https:\/\/biblioteka-gabin.pl\/wp-content\/uploads\/archive\/galleries\/491\/dscn0252-0161c0e346.jpg'><img style='max-height:300px;' src='https:\/\/biblioteka-gabin.pl\/wp-content\/uploads\/archive\/galleries\/491\/dscn0252-0161c0e346.jpg'><\/a><br \/>\n<a href='https:\/\/biblioteka-gabin.pl\/wp-content\/uploads\/archive\/galleries\/491\/dscn0200-fb68a32dc3.jpg'><img style='max-height:300px;' src='https:\/\/biblioteka-gabin.pl\/wp-content\/uploads\/archive\/galleries\/491\/dscn0200-fb68a32dc3.jpg'><\/a><br \/>\n<a href='https:\/\/biblioteka-gabin.pl\/wp-content\/uploads\/archive\/galleries\/491\/dscn0249-1eb504ad55.jpg'><img style='max-height:300px;' src='https:\/\/biblioteka-gabin.pl\/wp-content\/uploads\/archive\/galleries\/491\/dscn0249-1eb504ad55.jpg'><\/a><br \/>\n<a href='https:\/\/biblioteka-gabin.pl\/wp-content\/uploads\/archive\/galleries\/491\/dscn0209-36782e3a30.jpg'><img style='max-height:300px;' src='https:\/\/biblioteka-gabin.pl\/wp-content\/uploads\/archive\/galleries\/491\/dscn0209-36782e3a30.jpg'><\/a><br \/>\n<a href='https:\/\/biblioteka-gabin.pl\/wp-content\/uploads\/archive\/galleries\/491\/dscn0200-ab4cec8200.jpg'><img style='max-height:300px;' src='https:\/\/biblioteka-gabin.pl\/wp-content\/uploads\/archive\/galleries\/491\/dscn0200-ab4cec8200.jpg'><\/a><br \/>\n<a href='https:\/\/biblioteka-gabin.pl\/wp-content\/uploads\/archive\/galleries\/491\/dscn0210-0a573e7259.jpg'><img style='max-height:300px;' src='https:\/\/biblioteka-gabin.pl\/wp-content\/uploads\/archive\/galleries\/491\/dscn0210-0a573e7259.jpg'><\/a><br \/>\n<a href='https:\/\/biblioteka-gabin.pl\/wp-content\/uploads\/archive\/galleries\/491\/dscn0206-78cb5f5014.jpg'><img style='max-height:300px;' src='https:\/\/biblioteka-gabin.pl\/wp-content\/uploads\/archive\/galleries\/491\/dscn0206-78cb5f5014.jpg'><\/a><br \/>\n<a href='https:\/\/biblioteka-gabin.pl\/wp-content\/uploads\/archive\/galleries\/491\/dscn0246-f3531d917f.jpg'><img style='max-height:300px;' src='https:\/\/biblioteka-gabin.pl\/wp-content\/uploads\/archive\/galleries\/491\/dscn0246-f3531d917f.jpg'><\/a><br \/>\n<a href='https:\/\/biblioteka-gabin.pl\/wp-content\/uploads\/archive\/galleries\/491\/dscn0206-8efc1d0dc1.jpg'><img style='max-height:300px;' src='https:\/\/biblioteka-gabin.pl\/wp-content\/uploads\/archive\/galleries\/491\/dscn0206-8efc1d0dc1.jpg'><\/a><br \/>\n<a href='https:\/\/biblioteka-gabin.pl\/wp-content\/uploads\/archive\/galleries\/491\/dscn0216-a6246984da.jpg'><img style='max-height:300px;' src='https:\/\/biblioteka-gabin.pl\/wp-content\/uploads\/archive\/galleries\/491\/dscn0216-a6246984da.jpg'><\/a><br \/>\n<a href='https:\/\/biblioteka-gabin.pl\/wp-content\/uploads\/archive\/galleries\/491\/dscn0223-8650c8446c.jpg'><img style='max-height:300px;' src='https:\/\/biblioteka-gabin.pl\/wp-content\/uploads\/archive\/galleries\/491\/dscn0223-8650c8446c.jpg'><\/a><br \/>\n<a href='https:\/\/biblioteka-gabin.pl\/wp-content\/uploads\/archive\/galleries\/491\/dscn0234-b4e2be9b2f.jpg'><img style='max-height:300px;' src='https:\/\/biblioteka-gabin.pl\/wp-content\/uploads\/archive\/galleries\/491\/dscn0234-b4e2be9b2f.jpg'><\/a><br \/>\n<a href='https:\/\/biblioteka-gabin.pl\/wp-content\/uploads\/archive\/galleries\/491\/dscn0218-f1586a8fed.jpg'><img style='max-height:300px;' src='https:\/\/biblioteka-gabin.pl\/wp-content\/uploads\/archive\/galleries\/491\/dscn0218-f1586a8fed.jpg'><\/a><br \/>\n<a href='https:\/\/biblioteka-gabin.pl\/wp-content\/uploads\/archive\/galleries\/491\/dscn0242-fcdeafc94e.jpg'><img style='max-height:300px;' src='https:\/\/biblioteka-gabin.pl\/wp-content\/uploads\/archive\/galleries\/491\/dscn0242-fcdeafc94e.jpg'><\/a><br \/>\n<a href='https:\/\/biblioteka-gabin.pl\/wp-content\/uploads\/archive\/galleries\/491\/dscn0221-8fe9bfd114.jpg'><img style='max-height:300px;' src='https:\/\/biblioteka-gabin.pl\/wp-content\/uploads\/archive\/galleries\/491\/dscn0221-8fe9bfd114.jpg'><\/a><br \/>\n<a href='https:\/\/biblioteka-gabin.pl\/wp-content\/uploads\/archive\/galleries\/491\/dscn0227-2f0c788da8.jpg'><img style='max-height:300px;' src='https:\/\/biblioteka-gabin.pl\/wp-content\/uploads\/archive\/galleries\/491\/dscn0227-2f0c788da8.jpg'><\/a><\/p>\n","protected":false},"excerpt":{"rendered":"<p>Wielkimi krokami zbli\u017caj\u0105 si\u0119 wakacje zatem czas \u201eSpotka\u0144 z bajk\u0105\u201d<\/p>\n","protected":false},"author":1,"featured_media":0,"comment_status":"open","ping_status":"open","sticky":false,"template":"","format":"standard","meta":{"footnotes":""},"categories":[36],"tags":[],"class_list":["post-8986","post","type-post","status-publish","format-standard","hentry","category-main"],"yoast_head":"<!-- This site is optimized with the Yoast SEO plugin v27.4 - https:\/\/yoast.com\/product\/yoast-seo-wordpress\/ -->\n<title>Zako\u0144czenie &quot;Spotka\u0144 z bajk\u0105&quot; z dzie\u0107mi w Przedszkolu Samorz\u0105dowym w Dobrzykowie oraz Oddziale i Punkcie Przedszkolnym w Nowym Grabiu (13.06.2023r.) - Miejsko-Gminna Biblioteka Publiczna w G\u0105binie<\/title>\n<meta name=\"robots\" content=\"index, follow, max-snippet:-1, max-image-preview:large, max-video-preview:-1\" \/>\n<link rel=\"canonical\" href=\"http:\/\/biblioteka-gabin.pl\/index.php\/2023\/06\/13\/zakonczenie-spotkan-z-bajka-z-dziecmi-w-przedszkolu-samorzadowym-w-dobrzykowie-oraz-oddziale-i-punkcie-przedszkolnym-w-nowym-grabiu-13-06-2023r\/\" \/>\n<meta property=\"og:locale\" content=\"pl_PL\" \/>\n<meta property=\"og:type\" content=\"article\" \/>\n<meta property=\"og:title\" content=\"Zako\u0144czenie &quot;Spotka\u0144 z bajk\u0105&quot; z dzie\u0107mi w Przedszkolu Samorz\u0105dowym w Dobrzykowie oraz Oddziale i Punkcie Przedszkolnym w Nowym Grabiu (13.06.2023r.) - Miejsko-Gminna Biblioteka Publiczna w G\u0105binie\" \/>\n<meta property=\"og:description\" content=\"Wielkimi krokami zbli\u017caj\u0105 si\u0119 wakacje zatem czas \u201eSpotka\u0144 z bajk\u0105\u201d\" \/>\n<meta property=\"og:url\" content=\"http:\/\/biblioteka-gabin.pl\/index.php\/2023\/06\/13\/zakonczenie-spotkan-z-bajka-z-dziecmi-w-przedszkolu-samorzadowym-w-dobrzykowie-oraz-oddziale-i-punkcie-przedszkolnym-w-nowym-grabiu-13-06-2023r\/\" \/>\n<meta property=\"og:site_name\" content=\"Miejsko-Gminna Biblioteka Publiczna w G\u0105binie\" \/>\n<meta property=\"article:publisher\" content=\"https:\/\/www.facebook.com\/bibliotekagabin\" \/>\n<meta property=\"article:published_time\" content=\"2023-06-13T00:00:00+00:00\" \/>\n<meta property=\"og:image\" content=\"https:\/\/biblioteka-gabin.pl\/wp-content\/uploads\/archive\/pliki\/obraz\/2023_\/czerwiec\/353833376_239915255451419_4197252858324503878_n.jpg\" \/>\n<meta name=\"author\" content=\"admin\" \/>\n<meta name=\"twitter:card\" content=\"summary_large_image\" \/>\n<meta name=\"twitter:label1\" content=\"Napisane przez\" \/>\n\t<meta name=\"twitter:data1\" content=\"admin\" \/>\n\t<meta name=\"twitter:label2\" content=\"Szacowany czas czytania\" \/>\n\t<meta name=\"twitter:data2\" content=\"1 minuta\" \/>\n<script type=\"application\/ld+json\" class=\"yoast-schema-graph\">{\"@context\":\"https:\\\/\\\/schema.org\",\"@graph\":[{\"@type\":\"Article\",\"@id\":\"http:\\\/\\\/biblioteka-gabin.pl\\\/index.php\\\/2023\\\/06\\\/13\\\/zakonczenie-spotkan-z-bajka-z-dziecmi-w-przedszkolu-samorzadowym-w-dobrzykowie-oraz-oddziale-i-punkcie-przedszkolnym-w-nowym-grabiu-13-06-2023r\\\/#article\",\"isPartOf\":{\"@id\":\"http:\\\/\\\/biblioteka-gabin.pl\\\/index.php\\\/2023\\\/06\\\/13\\\/zakonczenie-spotkan-z-bajka-z-dziecmi-w-przedszkolu-samorzadowym-w-dobrzykowie-oraz-oddziale-i-punkcie-przedszkolnym-w-nowym-grabiu-13-06-2023r\\\/\"},\"author\":{\"name\":\"admin\",\"@id\":\"https:\\\/\\\/biblioteka-gabin.pl\\\/#\\\/schema\\\/person\\\/2067b97c24663d987ef6ef95bed7c99a\"},\"headline\":\"Zako\u0144czenie &#8222;Spotka\u0144 z bajk\u0105&#8221; z dzie\u0107mi w Przedszkolu Samorz\u0105dowym w Dobrzykowie oraz Oddziale i Punkcie Przedszkolnym w Nowym Grabiu (13.06.2023r.)\",\"datePublished\":\"2023-06-13T00:00:00+00:00\",\"mainEntityOfPage\":{\"@id\":\"http:\\\/\\\/biblioteka-gabin.pl\\\/index.php\\\/2023\\\/06\\\/13\\\/zakonczenie-spotkan-z-bajka-z-dziecmi-w-przedszkolu-samorzadowym-w-dobrzykowie-oraz-oddziale-i-punkcie-przedszkolnym-w-nowym-grabiu-13-06-2023r\\\/\"},\"wordCount\":277,\"commentCount\":0,\"publisher\":{\"@id\":\"https:\\\/\\\/biblioteka-gabin.pl\\\/#organization\"},\"image\":{\"@id\":\"http:\\\/\\\/biblioteka-gabin.pl\\\/index.php\\\/2023\\\/06\\\/13\\\/zakonczenie-spotkan-z-bajka-z-dziecmi-w-przedszkolu-samorzadowym-w-dobrzykowie-oraz-oddziale-i-punkcie-przedszkolnym-w-nowym-grabiu-13-06-2023r\\\/#primaryimage\"},\"thumbnailUrl\":\"https:\\\/\\\/biblioteka-gabin.pl\\\/wp-content\\\/uploads\\\/archive\\\/pliki\\\/obraz\\\/2023_\\\/czerwiec\\\/353833376_239915255451419_4197252858324503878_n.jpg\",\"articleSection\":[\"Main\"],\"inLanguage\":\"pl-PL\",\"potentialAction\":[{\"@type\":\"CommentAction\",\"name\":\"Comment\",\"target\":[\"http:\\\/\\\/biblioteka-gabin.pl\\\/index.php\\\/2023\\\/06\\\/13\\\/zakonczenie-spotkan-z-bajka-z-dziecmi-w-przedszkolu-samorzadowym-w-dobrzykowie-oraz-oddziale-i-punkcie-przedszkolnym-w-nowym-grabiu-13-06-2023r\\\/#respond\"]}]},{\"@type\":\"WebPage\",\"@id\":\"http:\\\/\\\/biblioteka-gabin.pl\\\/index.php\\\/2023\\\/06\\\/13\\\/zakonczenie-spotkan-z-bajka-z-dziecmi-w-przedszkolu-samorzadowym-w-dobrzykowie-oraz-oddziale-i-punkcie-przedszkolnym-w-nowym-grabiu-13-06-2023r\\\/\",\"url\":\"http:\\\/\\\/biblioteka-gabin.pl\\\/index.php\\\/2023\\\/06\\\/13\\\/zakonczenie-spotkan-z-bajka-z-dziecmi-w-przedszkolu-samorzadowym-w-dobrzykowie-oraz-oddziale-i-punkcie-przedszkolnym-w-nowym-grabiu-13-06-2023r\\\/\",\"name\":\"Zako\u0144czenie \\\"Spotka\u0144 z bajk\u0105\\\" z dzie\u0107mi w Przedszkolu Samorz\u0105dowym w Dobrzykowie oraz Oddziale i Punkcie Przedszkolnym w Nowym Grabiu (13.06.2023r.) - Miejsko-Gminna Biblioteka Publiczna w G\u0105binie\",\"isPartOf\":{\"@id\":\"https:\\\/\\\/biblioteka-gabin.pl\\\/#website\"},\"primaryImageOfPage\":{\"@id\":\"http:\\\/\\\/biblioteka-gabin.pl\\\/index.php\\\/2023\\\/06\\\/13\\\/zakonczenie-spotkan-z-bajka-z-dziecmi-w-przedszkolu-samorzadowym-w-dobrzykowie-oraz-oddziale-i-punkcie-przedszkolnym-w-nowym-grabiu-13-06-2023r\\\/#primaryimage\"},\"image\":{\"@id\":\"http:\\\/\\\/biblioteka-gabin.pl\\\/index.php\\\/2023\\\/06\\\/13\\\/zakonczenie-spotkan-z-bajka-z-dziecmi-w-przedszkolu-samorzadowym-w-dobrzykowie-oraz-oddziale-i-punkcie-przedszkolnym-w-nowym-grabiu-13-06-2023r\\\/#primaryimage\"},\"thumbnailUrl\":\"https:\\\/\\\/biblioteka-gabin.pl\\\/wp-content\\\/uploads\\\/archive\\\/pliki\\\/obraz\\\/2023_\\\/czerwiec\\\/353833376_239915255451419_4197252858324503878_n.jpg\",\"datePublished\":\"2023-06-13T00:00:00+00:00\",\"breadcrumb\":{\"@id\":\"http:\\\/\\\/biblioteka-gabin.pl\\\/index.php\\\/2023\\\/06\\\/13\\\/zakonczenie-spotkan-z-bajka-z-dziecmi-w-przedszkolu-samorzadowym-w-dobrzykowie-oraz-oddziale-i-punkcie-przedszkolnym-w-nowym-grabiu-13-06-2023r\\\/#breadcrumb\"},\"inLanguage\":\"pl-PL\",\"potentialAction\":[{\"@type\":\"ReadAction\",\"target\":[\"http:\\\/\\\/biblioteka-gabin.pl\\\/index.php\\\/2023\\\/06\\\/13\\\/zakonczenie-spotkan-z-bajka-z-dziecmi-w-przedszkolu-samorzadowym-w-dobrzykowie-oraz-oddziale-i-punkcie-przedszkolnym-w-nowym-grabiu-13-06-2023r\\\/\"]}]},{\"@type\":\"ImageObject\",\"inLanguage\":\"pl-PL\",\"@id\":\"http:\\\/\\\/biblioteka-gabin.pl\\\/index.php\\\/2023\\\/06\\\/13\\\/zakonczenie-spotkan-z-bajka-z-dziecmi-w-przedszkolu-samorzadowym-w-dobrzykowie-oraz-oddziale-i-punkcie-przedszkolnym-w-nowym-grabiu-13-06-2023r\\\/#primaryimage\",\"url\":\"https:\\\/\\\/biblioteka-gabin.pl\\\/wp-content\\\/uploads\\\/archive\\\/pliki\\\/obraz\\\/2023_\\\/czerwiec\\\/353833376_239915255451419_4197252858324503878_n.jpg\",\"contentUrl\":\"https:\\\/\\\/biblioteka-gabin.pl\\\/wp-content\\\/uploads\\\/archive\\\/pliki\\\/obraz\\\/2023_\\\/czerwiec\\\/353833376_239915255451419_4197252858324503878_n.jpg\"},{\"@type\":\"BreadcrumbList\",\"@id\":\"http:\\\/\\\/biblioteka-gabin.pl\\\/index.php\\\/2023\\\/06\\\/13\\\/zakonczenie-spotkan-z-bajka-z-dziecmi-w-przedszkolu-samorzadowym-w-dobrzykowie-oraz-oddziale-i-punkcie-przedszkolnym-w-nowym-grabiu-13-06-2023r\\\/#breadcrumb\",\"itemListElement\":[{\"@type\":\"ListItem\",\"position\":1,\"name\":\"Strona g\u0142\u00f3wna\",\"item\":\"https:\\\/\\\/biblioteka-gabin.pl\\\/\"},{\"@type\":\"ListItem\",\"position\":2,\"name\":\"Zako\u0144czenie &#8222;Spotka\u0144 z bajk\u0105&#8221; z dzie\u0107mi w Przedszkolu Samorz\u0105dowym w Dobrzykowie oraz Oddziale i Punkcie Przedszkolnym w Nowym Grabiu (13.06.2023r.)\"}]},{\"@type\":\"WebSite\",\"@id\":\"https:\\\/\\\/biblioteka-gabin.pl\\\/#website\",\"url\":\"https:\\\/\\\/biblioteka-gabin.pl\\\/\",\"name\":\"Miejsko-Gminna Biblioteka Publiczna w G\u0105binie\",\"description\":\"\",\"publisher\":{\"@id\":\"https:\\\/\\\/biblioteka-gabin.pl\\\/#organization\"},\"potentialAction\":[{\"@type\":\"SearchAction\",\"target\":{\"@type\":\"EntryPoint\",\"urlTemplate\":\"https:\\\/\\\/biblioteka-gabin.pl\\\/?s={search_term_string}\"},\"query-input\":{\"@type\":\"PropertyValueSpecification\",\"valueRequired\":true,\"valueName\":\"search_term_string\"}}],\"inLanguage\":\"pl-PL\"},{\"@type\":\"Organization\",\"@id\":\"https:\\\/\\\/biblioteka-gabin.pl\\\/#organization\",\"name\":\"Miejsko-Gminna Biblioteka Publiczna w G\u0105binie\",\"url\":\"https:\\\/\\\/biblioteka-gabin.pl\\\/\",\"logo\":{\"@type\":\"ImageObject\",\"inLanguage\":\"pl-PL\",\"@id\":\"https:\\\/\\\/biblioteka-gabin.pl\\\/#\\\/schema\\\/logo\\\/image\\\/\",\"url\":\"https:\\\/\\\/biblioteka-gabin.pl\\\/wp-content\\\/uploads\\\/2025\\\/03\\\/logo-biblioteka-2-1657013691-1.jpg\",\"contentUrl\":\"https:\\\/\\\/biblioteka-gabin.pl\\\/wp-content\\\/uploads\\\/2025\\\/03\\\/logo-biblioteka-2-1657013691-1.jpg\",\"width\":1600,\"height\":772,\"caption\":\"Miejsko-Gminna Biblioteka Publiczna w G\u0105binie\"},\"image\":{\"@id\":\"https:\\\/\\\/biblioteka-gabin.pl\\\/#\\\/schema\\\/logo\\\/image\\\/\"},\"sameAs\":[\"https:\\\/\\\/www.facebook.com\\\/bibliotekagabin\",\"https:\\\/\\\/www.youtube.com\\\/@mgbpgabin9392\"]},{\"@type\":\"Person\",\"@id\":\"https:\\\/\\\/biblioteka-gabin.pl\\\/#\\\/schema\\\/person\\\/2067b97c24663d987ef6ef95bed7c99a\",\"name\":\"admin\",\"image\":{\"@type\":\"ImageObject\",\"inLanguage\":\"pl-PL\",\"@id\":\"https:\\\/\\\/secure.gravatar.com\\\/avatar\\\/e1843904e97b4e376a0fc90ae10372cd31bce9b207a7a3d2ca68fc7ca7e4174c?s=96&d=mm&r=g\",\"url\":\"https:\\\/\\\/secure.gravatar.com\\\/avatar\\\/e1843904e97b4e376a0fc90ae10372cd31bce9b207a7a3d2ca68fc7ca7e4174c?s=96&d=mm&r=g\",\"contentUrl\":\"https:\\\/\\\/secure.gravatar.com\\\/avatar\\\/e1843904e97b4e376a0fc90ae10372cd31bce9b207a7a3d2ca68fc7ca7e4174c?s=96&d=mm&r=g\",\"caption\":\"admin\"},\"sameAs\":[\"http:\\\/\\\/strona.biblioteka-gabin.pl\"],\"url\":\"https:\\\/\\\/biblioteka-gabin.pl\\\/index.php\\\/author\\\/admin\\\/\"}]}<\/script>\n<!-- \/ Yoast SEO plugin. -->","yoast_head_json":{"title":"Zako\u0144czenie \"Spotka\u0144 z bajk\u0105\" z dzie\u0107mi w Przedszkolu Samorz\u0105dowym w Dobrzykowie oraz Oddziale i Punkcie Przedszkolnym w Nowym Grabiu (13.06.2023r.) - Miejsko-Gminna Biblioteka Publiczna w G\u0105binie","robots":{"index":"index","follow":"follow","max-snippet":"max-snippet:-1","max-image-preview":"max-image-preview:large","max-video-preview":"max-video-preview:-1"},"canonical":"http:\/\/biblioteka-gabin.pl\/index.php\/2023\/06\/13\/zakonczenie-spotkan-z-bajka-z-dziecmi-w-przedszkolu-samorzadowym-w-dobrzykowie-oraz-oddziale-i-punkcie-przedszkolnym-w-nowym-grabiu-13-06-2023r\/","og_locale":"pl_PL","og_type":"article","og_title":"Zako\u0144czenie \"Spotka\u0144 z bajk\u0105\" z dzie\u0107mi w Przedszkolu Samorz\u0105dowym w Dobrzykowie oraz Oddziale i Punkcie Przedszkolnym w Nowym Grabiu (13.06.2023r.) - Miejsko-Gminna Biblioteka Publiczna w G\u0105binie","og_description":"Wielkimi krokami zbli\u017caj\u0105 si\u0119 wakacje zatem czas \u201eSpotka\u0144 z bajk\u0105\u201d","og_url":"http:\/\/biblioteka-gabin.pl\/index.php\/2023\/06\/13\/zakonczenie-spotkan-z-bajka-z-dziecmi-w-przedszkolu-samorzadowym-w-dobrzykowie-oraz-oddziale-i-punkcie-przedszkolnym-w-nowym-grabiu-13-06-2023r\/","og_site_name":"Miejsko-Gminna Biblioteka Publiczna w G\u0105binie","article_publisher":"https:\/\/www.facebook.com\/bibliotekagabin","article_published_time":"2023-06-13T00:00:00+00:00","og_image":[{"url":"https:\/\/biblioteka-gabin.pl\/wp-content\/uploads\/archive\/pliki\/obraz\/2023_\/czerwiec\/353833376_239915255451419_4197252858324503878_n.jpg","type":"","width":"","height":""}],"author":"admin","twitter_card":"summary_large_image","twitter_misc":{"Napisane przez":"admin","Szacowany czas czytania":"1 minuta"},"schema":{"@context":"https:\/\/schema.org","@graph":[{"@type":"Article","@id":"http:\/\/biblioteka-gabin.pl\/index.php\/2023\/06\/13\/zakonczenie-spotkan-z-bajka-z-dziecmi-w-przedszkolu-samorzadowym-w-dobrzykowie-oraz-oddziale-i-punkcie-przedszkolnym-w-nowym-grabiu-13-06-2023r\/#article","isPartOf":{"@id":"http:\/\/biblioteka-gabin.pl\/index.php\/2023\/06\/13\/zakonczenie-spotkan-z-bajka-z-dziecmi-w-przedszkolu-samorzadowym-w-dobrzykowie-oraz-oddziale-i-punkcie-przedszkolnym-w-nowym-grabiu-13-06-2023r\/"},"author":{"name":"admin","@id":"https:\/\/biblioteka-gabin.pl\/#\/schema\/person\/2067b97c24663d987ef6ef95bed7c99a"},"headline":"Zako\u0144czenie &#8222;Spotka\u0144 z bajk\u0105&#8221; z dzie\u0107mi w Przedszkolu Samorz\u0105dowym w Dobrzykowie oraz Oddziale i Punkcie Przedszkolnym w Nowym Grabiu (13.06.2023r.)","datePublished":"2023-06-13T00:00:00+00:00","mainEntityOfPage":{"@id":"http:\/\/biblioteka-gabin.pl\/index.php\/2023\/06\/13\/zakonczenie-spotkan-z-bajka-z-dziecmi-w-przedszkolu-samorzadowym-w-dobrzykowie-oraz-oddziale-i-punkcie-przedszkolnym-w-nowym-grabiu-13-06-2023r\/"},"wordCount":277,"commentCount":0,"publisher":{"@id":"https:\/\/biblioteka-gabin.pl\/#organization"},"image":{"@id":"http:\/\/biblioteka-gabin.pl\/index.php\/2023\/06\/13\/zakonczenie-spotkan-z-bajka-z-dziecmi-w-przedszkolu-samorzadowym-w-dobrzykowie-oraz-oddziale-i-punkcie-przedszkolnym-w-nowym-grabiu-13-06-2023r\/#primaryimage"},"thumbnailUrl":"https:\/\/biblioteka-gabin.pl\/wp-content\/uploads\/archive\/pliki\/obraz\/2023_\/czerwiec\/353833376_239915255451419_4197252858324503878_n.jpg","articleSection":["Main"],"inLanguage":"pl-PL","potentialAction":[{"@type":"CommentAction","name":"Comment","target":["http:\/\/biblioteka-gabin.pl\/index.php\/2023\/06\/13\/zakonczenie-spotkan-z-bajka-z-dziecmi-w-przedszkolu-samorzadowym-w-dobrzykowie-oraz-oddziale-i-punkcie-przedszkolnym-w-nowym-grabiu-13-06-2023r\/#respond"]}]},{"@type":"WebPage","@id":"http:\/\/biblioteka-gabin.pl\/index.php\/2023\/06\/13\/zakonczenie-spotkan-z-bajka-z-dziecmi-w-przedszkolu-samorzadowym-w-dobrzykowie-oraz-oddziale-i-punkcie-przedszkolnym-w-nowym-grabiu-13-06-2023r\/","url":"http:\/\/biblioteka-gabin.pl\/index.php\/2023\/06\/13\/zakonczenie-spotkan-z-bajka-z-dziecmi-w-przedszkolu-samorzadowym-w-dobrzykowie-oraz-oddziale-i-punkcie-przedszkolnym-w-nowym-grabiu-13-06-2023r\/","name":"Zako\u0144czenie \"Spotka\u0144 z bajk\u0105\" z dzie\u0107mi w Przedszkolu Samorz\u0105dowym w Dobrzykowie oraz Oddziale i Punkcie Przedszkolnym w Nowym Grabiu (13.06.2023r.) - Miejsko-Gminna Biblioteka Publiczna w G\u0105binie","isPartOf":{"@id":"https:\/\/biblioteka-gabin.pl\/#website"},"primaryImageOfPage":{"@id":"http:\/\/biblioteka-gabin.pl\/index.php\/2023\/06\/13\/zakonczenie-spotkan-z-bajka-z-dziecmi-w-przedszkolu-samorzadowym-w-dobrzykowie-oraz-oddziale-i-punkcie-przedszkolnym-w-nowym-grabiu-13-06-2023r\/#primaryimage"},"image":{"@id":"http:\/\/biblioteka-gabin.pl\/index.php\/2023\/06\/13\/zakonczenie-spotkan-z-bajka-z-dziecmi-w-przedszkolu-samorzadowym-w-dobrzykowie-oraz-oddziale-i-punkcie-przedszkolnym-w-nowym-grabiu-13-06-2023r\/#primaryimage"},"thumbnailUrl":"https:\/\/biblioteka-gabin.pl\/wp-content\/uploads\/archive\/pliki\/obraz\/2023_\/czerwiec\/353833376_239915255451419_4197252858324503878_n.jpg","datePublished":"2023-06-13T00:00:00+00:00","breadcrumb":{"@id":"http:\/\/biblioteka-gabin.pl\/index.php\/2023\/06\/13\/zakonczenie-spotkan-z-bajka-z-dziecmi-w-przedszkolu-samorzadowym-w-dobrzykowie-oraz-oddziale-i-punkcie-przedszkolnym-w-nowym-grabiu-13-06-2023r\/#breadcrumb"},"inLanguage":"pl-PL","potentialAction":[{"@type":"ReadAction","target":["http:\/\/biblioteka-gabin.pl\/index.php\/2023\/06\/13\/zakonczenie-spotkan-z-bajka-z-dziecmi-w-przedszkolu-samorzadowym-w-dobrzykowie-oraz-oddziale-i-punkcie-przedszkolnym-w-nowym-grabiu-13-06-2023r\/"]}]},{"@type":"ImageObject","inLanguage":"pl-PL","@id":"http:\/\/biblioteka-gabin.pl\/index.php\/2023\/06\/13\/zakonczenie-spotkan-z-bajka-z-dziecmi-w-przedszkolu-samorzadowym-w-dobrzykowie-oraz-oddziale-i-punkcie-przedszkolnym-w-nowym-grabiu-13-06-2023r\/#primaryimage","url":"https:\/\/biblioteka-gabin.pl\/wp-content\/uploads\/archive\/pliki\/obraz\/2023_\/czerwiec\/353833376_239915255451419_4197252858324503878_n.jpg","contentUrl":"https:\/\/biblioteka-gabin.pl\/wp-content\/uploads\/archive\/pliki\/obraz\/2023_\/czerwiec\/353833376_239915255451419_4197252858324503878_n.jpg"},{"@type":"BreadcrumbList","@id":"http:\/\/biblioteka-gabin.pl\/index.php\/2023\/06\/13\/zakonczenie-spotkan-z-bajka-z-dziecmi-w-przedszkolu-samorzadowym-w-dobrzykowie-oraz-oddziale-i-punkcie-przedszkolnym-w-nowym-grabiu-13-06-2023r\/#breadcrumb","itemListElement":[{"@type":"ListItem","position":1,"name":"Strona g\u0142\u00f3wna","item":"https:\/\/biblioteka-gabin.pl\/"},{"@type":"ListItem","position":2,"name":"Zako\u0144czenie &#8222;Spotka\u0144 z bajk\u0105&#8221; z dzie\u0107mi w Przedszkolu Samorz\u0105dowym w Dobrzykowie oraz Oddziale i Punkcie Przedszkolnym w Nowym Grabiu (13.06.2023r.)"}]},{"@type":"WebSite","@id":"https:\/\/biblioteka-gabin.pl\/#website","url":"https:\/\/biblioteka-gabin.pl\/","name":"Miejsko-Gminna Biblioteka Publiczna w G\u0105binie","description":"","publisher":{"@id":"https:\/\/biblioteka-gabin.pl\/#organization"},"potentialAction":[{"@type":"SearchAction","target":{"@type":"EntryPoint","urlTemplate":"https:\/\/biblioteka-gabin.pl\/?s={search_term_string}"},"query-input":{"@type":"PropertyValueSpecification","valueRequired":true,"valueName":"search_term_string"}}],"inLanguage":"pl-PL"},{"@type":"Organization","@id":"https:\/\/biblioteka-gabin.pl\/#organization","name":"Miejsko-Gminna Biblioteka Publiczna w G\u0105binie","url":"https:\/\/biblioteka-gabin.pl\/","logo":{"@type":"ImageObject","inLanguage":"pl-PL","@id":"https:\/\/biblioteka-gabin.pl\/#\/schema\/logo\/image\/","url":"https:\/\/biblioteka-gabin.pl\/wp-content\/uploads\/2025\/03\/logo-biblioteka-2-1657013691-1.jpg","contentUrl":"https:\/\/biblioteka-gabin.pl\/wp-content\/uploads\/2025\/03\/logo-biblioteka-2-1657013691-1.jpg","width":1600,"height":772,"caption":"Miejsko-Gminna Biblioteka Publiczna w G\u0105binie"},"image":{"@id":"https:\/\/biblioteka-gabin.pl\/#\/schema\/logo\/image\/"},"sameAs":["https:\/\/www.facebook.com\/bibliotekagabin","https:\/\/www.youtube.com\/@mgbpgabin9392"]},{"@type":"Person","@id":"https:\/\/biblioteka-gabin.pl\/#\/schema\/person\/2067b97c24663d987ef6ef95bed7c99a","name":"admin","image":{"@type":"ImageObject","inLanguage":"pl-PL","@id":"https:\/\/secure.gravatar.com\/avatar\/e1843904e97b4e376a0fc90ae10372cd31bce9b207a7a3d2ca68fc7ca7e4174c?s=96&d=mm&r=g","url":"https:\/\/secure.gravatar.com\/avatar\/e1843904e97b4e376a0fc90ae10372cd31bce9b207a7a3d2ca68fc7ca7e4174c?s=96&d=mm&r=g","contentUrl":"https:\/\/secure.gravatar.com\/avatar\/e1843904e97b4e376a0fc90ae10372cd31bce9b207a7a3d2ca68fc7ca7e4174c?s=96&d=mm&r=g","caption":"admin"},"sameAs":["http:\/\/strona.biblioteka-gabin.pl"],"url":"https:\/\/biblioteka-gabin.pl\/index.php\/author\/admin\/"}]}},"_links":{"self":[{"href":"https:\/\/biblioteka-gabin.pl\/index.php\/wp-json\/wp\/v2\/posts\/8986","targetHints":{"allow":["GET"]}}],"collection":[{"href":"https:\/\/biblioteka-gabin.pl\/index.php\/wp-json\/wp\/v2\/posts"}],"about":[{"href":"https:\/\/biblioteka-gabin.pl\/index.php\/wp-json\/wp\/v2\/types\/post"}],"author":[{"embeddable":true,"href":"https:\/\/biblioteka-gabin.pl\/index.php\/wp-json\/wp\/v2\/users\/1"}],"replies":[{"embeddable":true,"href":"https:\/\/biblioteka-gabin.pl\/index.php\/wp-json\/wp\/v2\/comments?post=8986"}],"version-history":[{"count":0,"href":"https:\/\/biblioteka-gabin.pl\/index.php\/wp-json\/wp\/v2\/posts\/8986\/revisions"}],"wp:attachment":[{"href":"https:\/\/biblioteka-gabin.pl\/index.php\/wp-json\/wp\/v2\/media?parent=8986"}],"wp:term":[{"taxonomy":"category","embeddable":true,"href":"https:\/\/biblioteka-gabin.pl\/index.php\/wp-json\/wp\/v2\/categories?post=8986"},{"taxonomy":"post_tag","embeddable":true,"href":"https:\/\/biblioteka-gabin.pl\/index.php\/wp-json\/wp\/v2\/tags?post=8986"}],"curies":[{"name":"wp","href":"https:\/\/api.w.org\/{rel}","templated":true}]}}