{"id":9380,"date":"2023-10-14T00:00:00","date_gmt":"2023-10-14T00:00:00","guid":{"rendered":"https:\/\/biblioteka-gabin.pl\/index.php\/2023\/10\/14\/w-pazdzierniku-wspominamy-pierwszego-polaka-ktory-okrazyl-swiat-w-celach-naukowych-2\/"},"modified":"2023-10-14T00:00:00","modified_gmt":"2023-10-14T00:00:00","slug":"w-pazdzierniku-wspominamy-pierwszego-polaka-ktory-okrazyl-swiat-w-celach-naukowych-2","status":"publish","type":"post","link":"https:\/\/biblioteka-gabin.pl\/index.php\/2023\/10\/14\/w-pazdzierniku-wspominamy-pierwszego-polaka-ktory-okrazyl-swiat-w-celach-naukowych-2\/","title":{"rendered":"W pa\u017adzierniku wspominamy pierwszego Polaka, kt\u00f3ry okr\u0105\u017cy\u0142 \u015bwiat w celach naukowych"},"content":{"rendered":"<p>Ameryka P\u00f3\u0142nocna i Po\u0142udniowa, Oceania, Australia &#8211; znalaz\u0142y si\u0119 na mapie podr\u00f3\u017cy Paw\u0142a Edmunda Strzeleckiego. Spadkobierca maj\u0105tku Franciszka Sapiehy przyczyni\u0142 si\u0119 do odrycia z\u0142\u00f3\u017c rud miedzi w Kanadzie, bada\u0142 wulkany i pok\u0142ady surowc\u00f3w mineralnych na ca\u0142ym \u015bwiecie. Od jego nazwiska zosta\u0142o nazwanych ponad dwadzie\u015bcia miejsc, w tym: trzy G\u00f3ry Strzeleckiego, rzeka i pustynia, rezerwat.<br \/>\nPawe\u0142 Edmund Strzelecki uwa\u017cany jest za jednego z najwybitniejszych polskich podr\u00f3\u017cnik\u00f3w, pierwszy Polak, kt\u00f3ry<br \/>\nz w\u0142asnej inicjatywy\u00a0latach 1834\u20131843 okr\u0105\u017cy\u0142 \u015bwiat w celach naukowych. Odwiedzi\u0142, opr\u00f3cz Antarktydy wszystkie kontynenty. Ws\u0142awi\u0142 si\u0119 r\u00f3wnie\u017c dzia\u0142alno\u015bci\u0105 dobroczynn\u0105.<br \/>\nPrzyszed\u0142 na \u015bwiat w 1797 roku, w G\u0142uszynie (obecnie w granicach Poznania), w zaborze pruskim, w rodzinie Franciszka, powsta\u0144ca ko\u015bciuszkowskiego, i Anny z Raczy\u0144skich. Dzieci\u0144stwo sp\u0119dzi\u0142 w Wielkopolsce, Warszawie i Krakowie. Po \u015bmierci rodzic\u00f3w opiekowali si\u0119 nim dalsi krewni.<br \/>\nStrzelecki pracowa\u0142 przez jaki\u015b czas jako nauczyciel dzieci zamo\u017cnej szlachty. W 1819 roku pozna\u0142 dzi\u0119ki temu Aleksandr\u0119 Turno, zwan\u0105 Adyn\u0105, mi\u0142o\u015b\u0107 swojego \u017cycia. Pragn\u0105\u0142 j\u0105 po\u015blubi\u0107, jednak ojciec panny sprzeciwi\u0142 si\u0119 kandydatowi bez maj\u0105tku. Mimo \u017ce m\u0142odzi rozstali si\u0119 w 1822 roku (cho\u0107 by\u0107 mo\u017ce spotkali si\u0119 p\u00f3\u017aniej kilkukrotnie), Strzelecki kocha\u0142 Adyn\u0119 przez wiele lat i jeszcze d\u0142ugo pisa\u0142 do niej listy.<br \/>\nPodr\u00f3\u017ce i odkrycia<br \/>\n\u00a0\u00a0\u00a0\u00a0 W 1829 Strzelecki opu\u015bci\u0142 Polsk\u0119. W latach 1830\u20131831 przebywa\u0142 prawdopodobnie we Francji, a od listopada 1831 do czerwca 1834 mieszka\u0142 w Wielkiej Brytanii. Niekt\u00f3re \u017ar\u00f3d\u0142a podaj\u0105, \u017ce to nieszcz\u0119\u015bliwy fina\u0142 romansu z Adyn\u0105, a zw\u0142aszcza ich nieudana wsp\u00f3lna ucieczka (kt\u00f3ra mo\u017ce by\u0107 jedynie legend\u0105), sk\u0142oni\u0142y Strzeleckiego do wyjazdu z kraju.<br \/>\n\u00a0\u00a0\u00a0\u00a0\u00a0 W 1834 wyruszy\u0142 z Liverpoolu w 9-letni\u0105 podr\u00f3\u017c dooko\u0142a Ziemi. Wszystkie koszty pokrywa\u0142 z w\u0142asnej kieszeni. W trakcie tej podr\u00f3\u017cy:<br \/>\n\u00a0\u00a0\u00a0 1834\u20131835 prowadzi\u0142 wielotematyczne badania przyrodnicze w Ameryce P\u00f3\u0142nocnej (Appalachy, Floryda, Meksyk). Najwa\u017cniejsze odkrycia z tego okresu to odkrycie eksploatowanego do dzi\u015b z\u0142o\u017ca rud miedzi w Kanadzie (nad jeziorem Ontario). Dalsza trasa wiod\u0142a przez Meksyk, Kub\u0119 i Brazyli\u0119, Urugwaj i Argentyn\u0119, a\u017c do Chile. W Ameryce Po\u0142udniowej bada\u0142 tamtejsze wulkany<br \/>\ni z\u0142o\u017ca surowc\u00f3w mineralnych (Argentyna, Peru, Ekwador).<br \/>\n\u00a0\u00a0\u00a0 W 1836 prowadzi\u0142 badania geologiczne i obserwacje meteorologiczne<br \/>\nw Ameryce Po\u0142udniowej (Brazylia, Urugwaj, Chile).<br \/>\n\u00a0\u00a0\u00a0 W roku 1838 kontynuowa\u0142 badania na Hawajach i wyspach Polinezji.<br \/>\n\u00a0\u00a0\u00a0 Lata 1839\u20131843 to okres eksploracji Australii, Nowej Zelandii i Tasmanii.<br \/>\n\u00a0\u00a0\u00a0\u00a0 Podczas pobytu w Australii zbada\u0142 najwy\u017csze pasmo g\u00f3rskie tego kontynentu \u2013 Wielkie G\u00f3ry Wododzia\u0142owe, a jego najwy\u017cszy szczyt, na kt\u00f3rym stan\u0105\u0142 12 marca 1840 roku, nazwa\u0142 na cze\u015b\u0107 przyw\u00f3dcy insurekcji z 1794 roku G\u00f3r\u0105 Ko\u015bciuszki (Mount Kosciuszko). (Inny szczyt otrzyma\u0142 imi\u0119 jego ukochanej \u2013 Mount Adine \u2013 jednak nie ma pewno\u015bci kt\u00f3ry, bo nazwa si\u0119 nie przyj\u0119\u0142a).<br \/>\n\u00a0\u00a0\u00a0\u00a0 Strzelecki zapisa\u0142 si\u0119 r\u00f3wnie\u017c odkryciem krainy Gippsland nazwanej tak przez niego na cze\u015b\u0107 \u00f3wczesnego gubernatora Nowej Po\u0142udniowej Walii George\u2019a Gippsa (obecnie g\u0142\u00f3wny australijski region hodowli byd\u0142a), a tak\u017ce odkryciem doliny Latrobe (nazwanej tak dla uczczenia wicegubernatora Charlesa La Trobe\u2019a), gdzie znajduj\u0105 si\u0119 jedne z najwi\u0119kszych na \u015bwiecie pok\u0142ady w\u0119gla brunatnego, ropy naftowej i z\u0142ota.<br \/>\n\u00a0\u00a0\u00a0\u00a0 Strzelecki opracowa\u0142 te\u017c szczeg\u00f3\u0142ow\u0105 i pierwsz\u0105 tak dok\u0142adn\u0105 map\u0119 geologiczn\u0105 Nowej Po\u0142udniowej Walii i Tasmanii. Podczas swych poszukiwa\u0144 geologicznych Polak odkry\u0142 i opisa\u0142 kilka pok\u0142ad\u00f3w w\u0119gla, ponadto w okr\u0119gu Sorell ko\u0142o Asbestos Range (obecnie Narawntapu) znalaz\u0142 pok\u0142ady miedzi i z\u0142otono\u015bnego kwarcu.<br \/>\n\u00a0\u00a0\u00a0\u00a0\u00a0 K\u0142opoty ze zdrowiem sprawi\u0142y, \u017ce w pa\u017adzierniku 1843 powr\u00f3ci\u0142 do Europy, gdzie dwa lata p\u00f3\u017aniej wyda\u0142 w Londynie pierwsze monumentalne opracowanie naukowe o Australii: Fizyczny opis Nowej Po\u0142udniowej Walii i Ziemi van Diemena. Dzie\u0142o Strzeleckiego, zawieraj\u0105ce wyniki jego bada\u0144 geologicznych, mineralogicznych, etnograficznych, a tak\u017ce informacje o klimacie, rolnictwie, faunie, florze i kolonialnej historii Australii oraz Tasmanii, przez prawie p\u00f3\u0142 wieku by\u0142o niezast\u0105pionym \u017ar\u00f3d\u0142em wiedzy o tamtej cz\u0119\u015bci \u015bwiata.<br \/>\n\u00a0\u00a0\u00a0\u00a0\u00a0\u00a0\u00a0 W 1845 roku podr\u00f3\u017cnik przyj\u0105\u0142 obywatelstwo brytyjskie i odt\u0105d podpisywa\u0142 si\u0119 \u201ePaul Edmund de Strzelecki\u201d. Rok p\u00f3\u017aniej otrzyma\u0142 za sw\u0105 ksi\u0105\u017ck\u0119 Z\u0142oty Medal od Royal Geographical Society. W 1853 zosta\u0142 cz\u0142onkiem The Royal Society of London.<br \/>\n\u0179r\u00f3d\u0142a: wikipedia.org, iderepublica.pl<br \/>\n<img src='https:\/\/biblioteka-gabin.pl\/wp-content\/uploads\/archive\/pliki\/obraz\/2023_\/padziernik\/387641986_344799808106364_5369764173428781270_n.jpg'><br \/>\n<img src='https:\/\/biblioteka-gabin.pl\/wp-content\/uploads\/archive\/pliki\/obraz\/2023_\/padziernik\/map-595788_1280.png'><br \/>\n<a href='https:\/\/biblioteka-gabin.pl\/wp-content\/uploads\/archive\/galleries\/522\/370227001656980743251473360592916807750963n-1d5d6a5f0c.jpg'><img style='max-height:300px;' src='https:\/\/biblioteka-gabin.pl\/wp-content\/uploads\/archive\/galleries\/522\/370227001656980743251473360592916807750963n-1d5d6a5f0c.jpg'><\/a><br \/>\n<a href='https:\/\/biblioteka-gabin.pl\/wp-content\/uploads\/archive\/galleries\/522\/37025738318160353988420047144205095412740952n-764a154c1f.jpg'><img style='max-height:300px;' src='https:\/\/biblioteka-gabin.pl\/wp-content\/uploads\/archive\/galleries\/522\/37025738318160353988420047144205095412740952n-764a154c1f.jpg'><\/a><br \/>\n<a href='https:\/\/biblioteka-gabin.pl\/wp-content\/uploads\/archive\/galleries\/522\/38750818529765815637449128669615267673216n1-3debbb4838.jpg'><img style='max-height:300px;' src='https:\/\/biblioteka-gabin.pl\/wp-content\/uploads\/archive\/galleries\/522\/38750818529765815637449128669615267673216n1-3debbb4838.jpg'><\/a><\/p>\n","protected":false},"excerpt":{"rendered":"<p>Ameryka P\u00f3\u0142nocna i Po\u0142udniowa, Oceania, Australia &#8211; znalaz\u0142y si\u0119 na<\/p>\n","protected":false},"author":1,"featured_media":0,"comment_status":"open","ping_status":"open","sticky":false,"template":"","format":"standard","meta":{"footnotes":""},"categories":[30],"tags":[],"class_list":["post-9380","post","type-post","status-publish","format-standard","hentry","category-ogloszenia"],"yoast_head":"<!-- This site is optimized with the Yoast SEO plugin v27.4 - https:\/\/yoast.com\/product\/yoast-seo-wordpress\/ -->\n<title>W pa\u017adzierniku wspominamy pierwszego Polaka, kt\u00f3ry okr\u0105\u017cy\u0142 \u015bwiat w celach naukowych - Miejsko-Gminna Biblioteka Publiczna w G\u0105binie<\/title>\n<meta name=\"robots\" content=\"index, follow, max-snippet:-1, max-image-preview:large, max-video-preview:-1\" \/>\n<link rel=\"canonical\" href=\"http:\/\/biblioteka-gabin.pl\/index.php\/2023\/10\/14\/w-pazdzierniku-wspominamy-pierwszego-polaka-ktory-okrazyl-swiat-w-celach-naukowych-2\/\" \/>\n<meta property=\"og:locale\" content=\"pl_PL\" \/>\n<meta property=\"og:type\" content=\"article\" \/>\n<meta property=\"og:title\" content=\"W pa\u017adzierniku wspominamy pierwszego Polaka, kt\u00f3ry okr\u0105\u017cy\u0142 \u015bwiat w celach naukowych - Miejsko-Gminna Biblioteka Publiczna w G\u0105binie\" \/>\n<meta property=\"og:description\" content=\"Ameryka P\u00f3\u0142nocna i Po\u0142udniowa, Oceania, Australia &#8211; znalaz\u0142y si\u0119 na\" \/>\n<meta property=\"og:url\" content=\"http:\/\/biblioteka-gabin.pl\/index.php\/2023\/10\/14\/w-pazdzierniku-wspominamy-pierwszego-polaka-ktory-okrazyl-swiat-w-celach-naukowych-2\/\" \/>\n<meta property=\"og:site_name\" content=\"Miejsko-Gminna Biblioteka Publiczna w G\u0105binie\" \/>\n<meta property=\"article:publisher\" content=\"https:\/\/www.facebook.com\/bibliotekagabin\" \/>\n<meta property=\"article:published_time\" content=\"2023-10-14T00:00:00+00:00\" \/>\n<meta property=\"og:image\" content=\"https:\/\/biblioteka-gabin.pl\/wp-content\/uploads\/archive\/pliki\/obraz\/2023_\/padziernik\/387641986_344799808106364_5369764173428781270_n.jpg\" \/>\n<meta name=\"author\" content=\"admin\" \/>\n<meta name=\"twitter:card\" content=\"summary_large_image\" \/>\n<meta name=\"twitter:label1\" content=\"Napisane przez\" \/>\n\t<meta name=\"twitter:data1\" content=\"admin\" \/>\n\t<meta name=\"twitter:label2\" content=\"Szacowany czas czytania\" \/>\n\t<meta name=\"twitter:data2\" content=\"4 minuty\" \/>\n<script type=\"application\/ld+json\" class=\"yoast-schema-graph\">{\"@context\":\"https:\\\/\\\/schema.org\",\"@graph\":[{\"@type\":\"Article\",\"@id\":\"http:\\\/\\\/biblioteka-gabin.pl\\\/index.php\\\/2023\\\/10\\\/14\\\/w-pazdzierniku-wspominamy-pierwszego-polaka-ktory-okrazyl-swiat-w-celach-naukowych-2\\\/#article\",\"isPartOf\":{\"@id\":\"http:\\\/\\\/biblioteka-gabin.pl\\\/index.php\\\/2023\\\/10\\\/14\\\/w-pazdzierniku-wspominamy-pierwszego-polaka-ktory-okrazyl-swiat-w-celach-naukowych-2\\\/\"},\"author\":{\"name\":\"admin\",\"@id\":\"https:\\\/\\\/biblioteka-gabin.pl\\\/#\\\/schema\\\/person\\\/2067b97c24663d987ef6ef95bed7c99a\"},\"headline\":\"W pa\u017adzierniku wspominamy pierwszego Polaka, kt\u00f3ry okr\u0105\u017cy\u0142 \u015bwiat w celach naukowych\",\"datePublished\":\"2023-10-14T00:00:00+00:00\",\"mainEntityOfPage\":{\"@id\":\"http:\\\/\\\/biblioteka-gabin.pl\\\/index.php\\\/2023\\\/10\\\/14\\\/w-pazdzierniku-wspominamy-pierwszego-polaka-ktory-okrazyl-swiat-w-celach-naukowych-2\\\/\"},\"wordCount\":725,\"commentCount\":0,\"publisher\":{\"@id\":\"https:\\\/\\\/biblioteka-gabin.pl\\\/#organization\"},\"image\":{\"@id\":\"http:\\\/\\\/biblioteka-gabin.pl\\\/index.php\\\/2023\\\/10\\\/14\\\/w-pazdzierniku-wspominamy-pierwszego-polaka-ktory-okrazyl-swiat-w-celach-naukowych-2\\\/#primaryimage\"},\"thumbnailUrl\":\"https:\\\/\\\/biblioteka-gabin.pl\\\/wp-content\\\/uploads\\\/archive\\\/pliki\\\/obraz\\\/2023_\\\/padziernik\\\/387641986_344799808106364_5369764173428781270_n.jpg\",\"articleSection\":[\"Og\u0142oszenia\"],\"inLanguage\":\"pl-PL\",\"potentialAction\":[{\"@type\":\"CommentAction\",\"name\":\"Comment\",\"target\":[\"http:\\\/\\\/biblioteka-gabin.pl\\\/index.php\\\/2023\\\/10\\\/14\\\/w-pazdzierniku-wspominamy-pierwszego-polaka-ktory-okrazyl-swiat-w-celach-naukowych-2\\\/#respond\"]}]},{\"@type\":\"WebPage\",\"@id\":\"http:\\\/\\\/biblioteka-gabin.pl\\\/index.php\\\/2023\\\/10\\\/14\\\/w-pazdzierniku-wspominamy-pierwszego-polaka-ktory-okrazyl-swiat-w-celach-naukowych-2\\\/\",\"url\":\"http:\\\/\\\/biblioteka-gabin.pl\\\/index.php\\\/2023\\\/10\\\/14\\\/w-pazdzierniku-wspominamy-pierwszego-polaka-ktory-okrazyl-swiat-w-celach-naukowych-2\\\/\",\"name\":\"W pa\u017adzierniku wspominamy pierwszego Polaka, kt\u00f3ry okr\u0105\u017cy\u0142 \u015bwiat w celach naukowych - Miejsko-Gminna Biblioteka Publiczna w G\u0105binie\",\"isPartOf\":{\"@id\":\"https:\\\/\\\/biblioteka-gabin.pl\\\/#website\"},\"primaryImageOfPage\":{\"@id\":\"http:\\\/\\\/biblioteka-gabin.pl\\\/index.php\\\/2023\\\/10\\\/14\\\/w-pazdzierniku-wspominamy-pierwszego-polaka-ktory-okrazyl-swiat-w-celach-naukowych-2\\\/#primaryimage\"},\"image\":{\"@id\":\"http:\\\/\\\/biblioteka-gabin.pl\\\/index.php\\\/2023\\\/10\\\/14\\\/w-pazdzierniku-wspominamy-pierwszego-polaka-ktory-okrazyl-swiat-w-celach-naukowych-2\\\/#primaryimage\"},\"thumbnailUrl\":\"https:\\\/\\\/biblioteka-gabin.pl\\\/wp-content\\\/uploads\\\/archive\\\/pliki\\\/obraz\\\/2023_\\\/padziernik\\\/387641986_344799808106364_5369764173428781270_n.jpg\",\"datePublished\":\"2023-10-14T00:00:00+00:00\",\"breadcrumb\":{\"@id\":\"http:\\\/\\\/biblioteka-gabin.pl\\\/index.php\\\/2023\\\/10\\\/14\\\/w-pazdzierniku-wspominamy-pierwszego-polaka-ktory-okrazyl-swiat-w-celach-naukowych-2\\\/#breadcrumb\"},\"inLanguage\":\"pl-PL\",\"potentialAction\":[{\"@type\":\"ReadAction\",\"target\":[\"http:\\\/\\\/biblioteka-gabin.pl\\\/index.php\\\/2023\\\/10\\\/14\\\/w-pazdzierniku-wspominamy-pierwszego-polaka-ktory-okrazyl-swiat-w-celach-naukowych-2\\\/\"]}]},{\"@type\":\"ImageObject\",\"inLanguage\":\"pl-PL\",\"@id\":\"http:\\\/\\\/biblioteka-gabin.pl\\\/index.php\\\/2023\\\/10\\\/14\\\/w-pazdzierniku-wspominamy-pierwszego-polaka-ktory-okrazyl-swiat-w-celach-naukowych-2\\\/#primaryimage\",\"url\":\"https:\\\/\\\/biblioteka-gabin.pl\\\/wp-content\\\/uploads\\\/archive\\\/pliki\\\/obraz\\\/2023_\\\/padziernik\\\/387641986_344799808106364_5369764173428781270_n.jpg\",\"contentUrl\":\"https:\\\/\\\/biblioteka-gabin.pl\\\/wp-content\\\/uploads\\\/archive\\\/pliki\\\/obraz\\\/2023_\\\/padziernik\\\/387641986_344799808106364_5369764173428781270_n.jpg\"},{\"@type\":\"BreadcrumbList\",\"@id\":\"http:\\\/\\\/biblioteka-gabin.pl\\\/index.php\\\/2023\\\/10\\\/14\\\/w-pazdzierniku-wspominamy-pierwszego-polaka-ktory-okrazyl-swiat-w-celach-naukowych-2\\\/#breadcrumb\",\"itemListElement\":[{\"@type\":\"ListItem\",\"position\":1,\"name\":\"Strona g\u0142\u00f3wna\",\"item\":\"https:\\\/\\\/biblioteka-gabin.pl\\\/\"},{\"@type\":\"ListItem\",\"position\":2,\"name\":\"W pa\u017adzierniku wspominamy pierwszego Polaka, kt\u00f3ry okr\u0105\u017cy\u0142 \u015bwiat w celach naukowych\"}]},{\"@type\":\"WebSite\",\"@id\":\"https:\\\/\\\/biblioteka-gabin.pl\\\/#website\",\"url\":\"https:\\\/\\\/biblioteka-gabin.pl\\\/\",\"name\":\"Miejsko-Gminna Biblioteka Publiczna w G\u0105binie\",\"description\":\"\",\"publisher\":{\"@id\":\"https:\\\/\\\/biblioteka-gabin.pl\\\/#organization\"},\"potentialAction\":[{\"@type\":\"SearchAction\",\"target\":{\"@type\":\"EntryPoint\",\"urlTemplate\":\"https:\\\/\\\/biblioteka-gabin.pl\\\/?s={search_term_string}\"},\"query-input\":{\"@type\":\"PropertyValueSpecification\",\"valueRequired\":true,\"valueName\":\"search_term_string\"}}],\"inLanguage\":\"pl-PL\"},{\"@type\":\"Organization\",\"@id\":\"https:\\\/\\\/biblioteka-gabin.pl\\\/#organization\",\"name\":\"Miejsko-Gminna Biblioteka Publiczna w G\u0105binie\",\"url\":\"https:\\\/\\\/biblioteka-gabin.pl\\\/\",\"logo\":{\"@type\":\"ImageObject\",\"inLanguage\":\"pl-PL\",\"@id\":\"https:\\\/\\\/biblioteka-gabin.pl\\\/#\\\/schema\\\/logo\\\/image\\\/\",\"url\":\"https:\\\/\\\/biblioteka-gabin.pl\\\/wp-content\\\/uploads\\\/2025\\\/03\\\/logo-biblioteka-2-1657013691-1.jpg\",\"contentUrl\":\"https:\\\/\\\/biblioteka-gabin.pl\\\/wp-content\\\/uploads\\\/2025\\\/03\\\/logo-biblioteka-2-1657013691-1.jpg\",\"width\":1600,\"height\":772,\"caption\":\"Miejsko-Gminna Biblioteka Publiczna w G\u0105binie\"},\"image\":{\"@id\":\"https:\\\/\\\/biblioteka-gabin.pl\\\/#\\\/schema\\\/logo\\\/image\\\/\"},\"sameAs\":[\"https:\\\/\\\/www.facebook.com\\\/bibliotekagabin\",\"https:\\\/\\\/www.youtube.com\\\/@mgbpgabin9392\"]},{\"@type\":\"Person\",\"@id\":\"https:\\\/\\\/biblioteka-gabin.pl\\\/#\\\/schema\\\/person\\\/2067b97c24663d987ef6ef95bed7c99a\",\"name\":\"admin\",\"image\":{\"@type\":\"ImageObject\",\"inLanguage\":\"pl-PL\",\"@id\":\"https:\\\/\\\/secure.gravatar.com\\\/avatar\\\/e1843904e97b4e376a0fc90ae10372cd31bce9b207a7a3d2ca68fc7ca7e4174c?s=96&d=mm&r=g\",\"url\":\"https:\\\/\\\/secure.gravatar.com\\\/avatar\\\/e1843904e97b4e376a0fc90ae10372cd31bce9b207a7a3d2ca68fc7ca7e4174c?s=96&d=mm&r=g\",\"contentUrl\":\"https:\\\/\\\/secure.gravatar.com\\\/avatar\\\/e1843904e97b4e376a0fc90ae10372cd31bce9b207a7a3d2ca68fc7ca7e4174c?s=96&d=mm&r=g\",\"caption\":\"admin\"},\"sameAs\":[\"http:\\\/\\\/strona.biblioteka-gabin.pl\"],\"url\":\"https:\\\/\\\/biblioteka-gabin.pl\\\/index.php\\\/author\\\/admin\\\/\"}]}<\/script>\n<!-- \/ Yoast SEO plugin. -->","yoast_head_json":{"title":"W pa\u017adzierniku wspominamy pierwszego Polaka, kt\u00f3ry okr\u0105\u017cy\u0142 \u015bwiat w celach naukowych - Miejsko-Gminna Biblioteka Publiczna w G\u0105binie","robots":{"index":"index","follow":"follow","max-snippet":"max-snippet:-1","max-image-preview":"max-image-preview:large","max-video-preview":"max-video-preview:-1"},"canonical":"http:\/\/biblioteka-gabin.pl\/index.php\/2023\/10\/14\/w-pazdzierniku-wspominamy-pierwszego-polaka-ktory-okrazyl-swiat-w-celach-naukowych-2\/","og_locale":"pl_PL","og_type":"article","og_title":"W pa\u017adzierniku wspominamy pierwszego Polaka, kt\u00f3ry okr\u0105\u017cy\u0142 \u015bwiat w celach naukowych - Miejsko-Gminna Biblioteka Publiczna w G\u0105binie","og_description":"Ameryka P\u00f3\u0142nocna i Po\u0142udniowa, Oceania, Australia &#8211; znalaz\u0142y si\u0119 na","og_url":"http:\/\/biblioteka-gabin.pl\/index.php\/2023\/10\/14\/w-pazdzierniku-wspominamy-pierwszego-polaka-ktory-okrazyl-swiat-w-celach-naukowych-2\/","og_site_name":"Miejsko-Gminna Biblioteka Publiczna w G\u0105binie","article_publisher":"https:\/\/www.facebook.com\/bibliotekagabin","article_published_time":"2023-10-14T00:00:00+00:00","og_image":[{"url":"https:\/\/biblioteka-gabin.pl\/wp-content\/uploads\/archive\/pliki\/obraz\/2023_\/padziernik\/387641986_344799808106364_5369764173428781270_n.jpg","type":"","width":"","height":""}],"author":"admin","twitter_card":"summary_large_image","twitter_misc":{"Napisane przez":"admin","Szacowany czas czytania":"4 minuty"},"schema":{"@context":"https:\/\/schema.org","@graph":[{"@type":"Article","@id":"http:\/\/biblioteka-gabin.pl\/index.php\/2023\/10\/14\/w-pazdzierniku-wspominamy-pierwszego-polaka-ktory-okrazyl-swiat-w-celach-naukowych-2\/#article","isPartOf":{"@id":"http:\/\/biblioteka-gabin.pl\/index.php\/2023\/10\/14\/w-pazdzierniku-wspominamy-pierwszego-polaka-ktory-okrazyl-swiat-w-celach-naukowych-2\/"},"author":{"name":"admin","@id":"https:\/\/biblioteka-gabin.pl\/#\/schema\/person\/2067b97c24663d987ef6ef95bed7c99a"},"headline":"W pa\u017adzierniku wspominamy pierwszego Polaka, kt\u00f3ry okr\u0105\u017cy\u0142 \u015bwiat w celach naukowych","datePublished":"2023-10-14T00:00:00+00:00","mainEntityOfPage":{"@id":"http:\/\/biblioteka-gabin.pl\/index.php\/2023\/10\/14\/w-pazdzierniku-wspominamy-pierwszego-polaka-ktory-okrazyl-swiat-w-celach-naukowych-2\/"},"wordCount":725,"commentCount":0,"publisher":{"@id":"https:\/\/biblioteka-gabin.pl\/#organization"},"image":{"@id":"http:\/\/biblioteka-gabin.pl\/index.php\/2023\/10\/14\/w-pazdzierniku-wspominamy-pierwszego-polaka-ktory-okrazyl-swiat-w-celach-naukowych-2\/#primaryimage"},"thumbnailUrl":"https:\/\/biblioteka-gabin.pl\/wp-content\/uploads\/archive\/pliki\/obraz\/2023_\/padziernik\/387641986_344799808106364_5369764173428781270_n.jpg","articleSection":["Og\u0142oszenia"],"inLanguage":"pl-PL","potentialAction":[{"@type":"CommentAction","name":"Comment","target":["http:\/\/biblioteka-gabin.pl\/index.php\/2023\/10\/14\/w-pazdzierniku-wspominamy-pierwszego-polaka-ktory-okrazyl-swiat-w-celach-naukowych-2\/#respond"]}]},{"@type":"WebPage","@id":"http:\/\/biblioteka-gabin.pl\/index.php\/2023\/10\/14\/w-pazdzierniku-wspominamy-pierwszego-polaka-ktory-okrazyl-swiat-w-celach-naukowych-2\/","url":"http:\/\/biblioteka-gabin.pl\/index.php\/2023\/10\/14\/w-pazdzierniku-wspominamy-pierwszego-polaka-ktory-okrazyl-swiat-w-celach-naukowych-2\/","name":"W pa\u017adzierniku wspominamy pierwszego Polaka, kt\u00f3ry okr\u0105\u017cy\u0142 \u015bwiat w celach naukowych - Miejsko-Gminna Biblioteka Publiczna w G\u0105binie","isPartOf":{"@id":"https:\/\/biblioteka-gabin.pl\/#website"},"primaryImageOfPage":{"@id":"http:\/\/biblioteka-gabin.pl\/index.php\/2023\/10\/14\/w-pazdzierniku-wspominamy-pierwszego-polaka-ktory-okrazyl-swiat-w-celach-naukowych-2\/#primaryimage"},"image":{"@id":"http:\/\/biblioteka-gabin.pl\/index.php\/2023\/10\/14\/w-pazdzierniku-wspominamy-pierwszego-polaka-ktory-okrazyl-swiat-w-celach-naukowych-2\/#primaryimage"},"thumbnailUrl":"https:\/\/biblioteka-gabin.pl\/wp-content\/uploads\/archive\/pliki\/obraz\/2023_\/padziernik\/387641986_344799808106364_5369764173428781270_n.jpg","datePublished":"2023-10-14T00:00:00+00:00","breadcrumb":{"@id":"http:\/\/biblioteka-gabin.pl\/index.php\/2023\/10\/14\/w-pazdzierniku-wspominamy-pierwszego-polaka-ktory-okrazyl-swiat-w-celach-naukowych-2\/#breadcrumb"},"inLanguage":"pl-PL","potentialAction":[{"@type":"ReadAction","target":["http:\/\/biblioteka-gabin.pl\/index.php\/2023\/10\/14\/w-pazdzierniku-wspominamy-pierwszego-polaka-ktory-okrazyl-swiat-w-celach-naukowych-2\/"]}]},{"@type":"ImageObject","inLanguage":"pl-PL","@id":"http:\/\/biblioteka-gabin.pl\/index.php\/2023\/10\/14\/w-pazdzierniku-wspominamy-pierwszego-polaka-ktory-okrazyl-swiat-w-celach-naukowych-2\/#primaryimage","url":"https:\/\/biblioteka-gabin.pl\/wp-content\/uploads\/archive\/pliki\/obraz\/2023_\/padziernik\/387641986_344799808106364_5369764173428781270_n.jpg","contentUrl":"https:\/\/biblioteka-gabin.pl\/wp-content\/uploads\/archive\/pliki\/obraz\/2023_\/padziernik\/387641986_344799808106364_5369764173428781270_n.jpg"},{"@type":"BreadcrumbList","@id":"http:\/\/biblioteka-gabin.pl\/index.php\/2023\/10\/14\/w-pazdzierniku-wspominamy-pierwszego-polaka-ktory-okrazyl-swiat-w-celach-naukowych-2\/#breadcrumb","itemListElement":[{"@type":"ListItem","position":1,"name":"Strona g\u0142\u00f3wna","item":"https:\/\/biblioteka-gabin.pl\/"},{"@type":"ListItem","position":2,"name":"W pa\u017adzierniku wspominamy pierwszego Polaka, kt\u00f3ry okr\u0105\u017cy\u0142 \u015bwiat w celach naukowych"}]},{"@type":"WebSite","@id":"https:\/\/biblioteka-gabin.pl\/#website","url":"https:\/\/biblioteka-gabin.pl\/","name":"Miejsko-Gminna Biblioteka Publiczna w G\u0105binie","description":"","publisher":{"@id":"https:\/\/biblioteka-gabin.pl\/#organization"},"potentialAction":[{"@type":"SearchAction","target":{"@type":"EntryPoint","urlTemplate":"https:\/\/biblioteka-gabin.pl\/?s={search_term_string}"},"query-input":{"@type":"PropertyValueSpecification","valueRequired":true,"valueName":"search_term_string"}}],"inLanguage":"pl-PL"},{"@type":"Organization","@id":"https:\/\/biblioteka-gabin.pl\/#organization","name":"Miejsko-Gminna Biblioteka Publiczna w G\u0105binie","url":"https:\/\/biblioteka-gabin.pl\/","logo":{"@type":"ImageObject","inLanguage":"pl-PL","@id":"https:\/\/biblioteka-gabin.pl\/#\/schema\/logo\/image\/","url":"https:\/\/biblioteka-gabin.pl\/wp-content\/uploads\/2025\/03\/logo-biblioteka-2-1657013691-1.jpg","contentUrl":"https:\/\/biblioteka-gabin.pl\/wp-content\/uploads\/2025\/03\/logo-biblioteka-2-1657013691-1.jpg","width":1600,"height":772,"caption":"Miejsko-Gminna Biblioteka Publiczna w G\u0105binie"},"image":{"@id":"https:\/\/biblioteka-gabin.pl\/#\/schema\/logo\/image\/"},"sameAs":["https:\/\/www.facebook.com\/bibliotekagabin","https:\/\/www.youtube.com\/@mgbpgabin9392"]},{"@type":"Person","@id":"https:\/\/biblioteka-gabin.pl\/#\/schema\/person\/2067b97c24663d987ef6ef95bed7c99a","name":"admin","image":{"@type":"ImageObject","inLanguage":"pl-PL","@id":"https:\/\/secure.gravatar.com\/avatar\/e1843904e97b4e376a0fc90ae10372cd31bce9b207a7a3d2ca68fc7ca7e4174c?s=96&d=mm&r=g","url":"https:\/\/secure.gravatar.com\/avatar\/e1843904e97b4e376a0fc90ae10372cd31bce9b207a7a3d2ca68fc7ca7e4174c?s=96&d=mm&r=g","contentUrl":"https:\/\/secure.gravatar.com\/avatar\/e1843904e97b4e376a0fc90ae10372cd31bce9b207a7a3d2ca68fc7ca7e4174c?s=96&d=mm&r=g","caption":"admin"},"sameAs":["http:\/\/strona.biblioteka-gabin.pl"],"url":"https:\/\/biblioteka-gabin.pl\/index.php\/author\/admin\/"}]}},"_links":{"self":[{"href":"https:\/\/biblioteka-gabin.pl\/index.php\/wp-json\/wp\/v2\/posts\/9380","targetHints":{"allow":["GET"]}}],"collection":[{"href":"https:\/\/biblioteka-gabin.pl\/index.php\/wp-json\/wp\/v2\/posts"}],"about":[{"href":"https:\/\/biblioteka-gabin.pl\/index.php\/wp-json\/wp\/v2\/types\/post"}],"author":[{"embeddable":true,"href":"https:\/\/biblioteka-gabin.pl\/index.php\/wp-json\/wp\/v2\/users\/1"}],"replies":[{"embeddable":true,"href":"https:\/\/biblioteka-gabin.pl\/index.php\/wp-json\/wp\/v2\/comments?post=9380"}],"version-history":[{"count":0,"href":"https:\/\/biblioteka-gabin.pl\/index.php\/wp-json\/wp\/v2\/posts\/9380\/revisions"}],"wp:attachment":[{"href":"https:\/\/biblioteka-gabin.pl\/index.php\/wp-json\/wp\/v2\/media?parent=9380"}],"wp:term":[{"taxonomy":"category","embeddable":true,"href":"https:\/\/biblioteka-gabin.pl\/index.php\/wp-json\/wp\/v2\/categories?post=9380"},{"taxonomy":"post_tag","embeddable":true,"href":"https:\/\/biblioteka-gabin.pl\/index.php\/wp-json\/wp\/v2\/tags?post=9380"}],"curies":[{"name":"wp","href":"https:\/\/api.w.org\/{rel}","templated":true}]}}