{"id":9416,"date":"2023-07-26T00:00:00","date_gmt":"2023-07-26T00:00:00","guid":{"rendered":"https:\/\/biblioteka-gabin.pl\/index.php\/2023\/07\/26\/z-okazji-narodowego-czytania-w-mgbp-zostanie-przeczytana-powiesc-nad-niemnem-elizy-orzeszkowej-2\/"},"modified":"2023-07-26T00:00:00","modified_gmt":"2023-07-26T00:00:00","slug":"z-okazji-narodowego-czytania-w-mgbp-zostanie-przeczytana-powiesc-nad-niemnem-elizy-orzeszkowej-2","status":"publish","type":"post","link":"https:\/\/biblioteka-gabin.pl\/index.php\/2023\/07\/26\/z-okazji-narodowego-czytania-w-mgbp-zostanie-przeczytana-powiesc-nad-niemnem-elizy-orzeszkowej-2\/","title":{"rendered":"Z okazji Narodowego Czytania w MGBP zostanie przeczytana  powie\u015b\u0107 ,,Nad Niemnem\u201d Elizy Orzeszkowej"},"content":{"rendered":"<p>Kolejny raz Miejsko-Gminna Biblioteka Publiczna w G\u0105binie w\u0142\u0105cza si\u0119 w akcj\u0119 Narodowe Czytanie Pod Patronatem Pary Prezydenckiej. W tym roku zostan\u0105 przeczytane fragmenty powie\u015bci ,,Nad Niemnem\u201d Elizy Orzeszkowej. Wydarzenie b\u0119dzie transmitowane online 16 wrze\u015bnia o godz. 12.00.<br \/>\n\u00a0\u00a0\u00a0\u00a0 Jak co roku prezydent RP, Andrzej Duda napisa\u0142 z tej okazji okoliczno\u015bciowy list, w kt\u00f3rym zach\u0119ca do wsp\u00f3lnej lektury.<br \/>\n\u00a0\u00a0\u00a0\u00a0 \u00a0,,To ksi\u0105\u017cka nastrojowa, napisana barwnym j\u0119zykiem, a zarazem dono\u015bna i sugestywna w swoim patriotycznym przes\u0142aniu. (\u2026) Spotkajmy si\u0119 z rodzinami Bohatyrowicz\u00f3w, Korczy\u0144skich i innymi postaciami, wys\u0142uchajmy ich rozm\u00f3w o Polsce, ale te\u017c tych codziennych pogaw\u0119dek <<przy polskim stole>>.(\u2026) Przypomnijmy wreszcie wa\u017cne dziedzictwo Powstania Styczniowego, kt\u00f3re powraca we wspomnieniach bohater\u00f3w i legendzie jako symbol i fundament narodowej pami\u0119ci i kt\u00f3rego znaczenie jest istotne tak\u017ce dla innych narod\u00f3w naszego regionu.\u201d \u2013 napisa\u0142 prezydent.<br \/>\n\u00a0\u00a0\u00a0\u00a0 Ponadto podkre\u015bli\u0142: ,,Chcia\u0142bym, aby tegoroczna lektura pog\u0142\u0119bi\u0142a te\u017c namys\u0142 nad tym, w jaki spos\u00f3b wsp\u00f3\u0142cze\u015bnie odczytujemy nasz\u0105 histori\u0119 i jak o niej pami\u0119tamy. I \u017ceby, zw\u0142aszcza dzisiaj, w obliczu agresywnego rosyjskiego imperializmu, odwo\u0142uj\u0105c si\u0119 do powsta\u0144czego czynu, powie\u015b\u0107 Orzeszkowej jeszcze bardziej umocni\u0142a przekonanie<br \/>\no podstawowym prawie ka\u017cdego narodu do w\u0142asnej wolno\u015bci i suwerenno\u015bci.\u201d<br \/>\n\u00a0\u00a0\u00a0 Akcja zainicjowana przez Par\u0119 Prezydenck\u0105 rozpocz\u0119\u0142a si\u0119 wsp\u00f3ln\u0105 lektur\u0105 ,,Pana Tadeusza\u201d Adama Mickiewicza w 2012 r. W tym roku Narodowe Czytanie odb\u0119dzie si\u0119 po raz \u00a012. W trakcie ca\u0142ej edycji przeczytano dzie\u0142a Henryka Sienkiewicza, Boles\u0142awa Prusa, \u00a0Aleksandra Fredry, Stefana \u017beromskiego \u00a0i Juliusza S\u0142owackiego.<br \/>\n\u00a0\u00a0\u00a0\u00a0 ,,Nad Niemnem\u201d jest najbardziej znan\u0105 powie\u015bci\u0105 Elizy Orzeszkowej, kt\u00f3ra powstawa\u0142a w latach 1886\u20131887, a w ca\u0142o\u015bci ukaza\u0142a si\u0119 w 1888 r. \u017badna inna ksi\u0105\u017cka pisarki nie zosta\u0142a tak entuzjastycznie przyj\u0119ta przez recenzent\u00f3w. Chwalono m.in. sprawne po\u0142\u0105czenie dydaktyzmu z walorami artystycznymi i przemy\u015blan\u0105 kompozycj\u0119 ca\u0142o\u015bci. Nad Niemnem cieszy\u0142o si\u0119 popularno\u015bci\u0105 i uznaniem kolejnych pokole\u0144 czytelnik\u00f3w. Dzie\u0142o jest jednym z najwa\u017cniejszych utwor\u00f3w literatury polskiej podejmuj\u0105cych tematyk\u0119 Powstania Styczniowego, kt\u00f3rego 160\u2013lecie obchodzone jest w 2023 roku.<br \/>\n\u0179r\u00f3d\u0142o: prezydent.pl, lustrobiblioteki.pl<br \/>\n<img src='https:\/\/biblioteka-gabin.pl\/wp-content\/uploads\/archive\/pliki\/obraz\/2023_\/lipiec\/16-1.png'><br \/>\n<img src='https:\/\/biblioteka-gabin.pl\/wp-content\/uploads\/archive\/pliki\/obraz\/2023_\/lipiec\/narodowe_czytanie_2023-_baner.jpg'><\/p>\n","protected":false},"excerpt":{"rendered":"<p>Kolejny raz Miejsko-Gminna Biblioteka Publiczna w G\u0105binie w\u0142\u0105cza si\u0119 w<\/p>\n","protected":false},"author":1,"featured_media":0,"comment_status":"open","ping_status":"open","sticky":false,"template":"","format":"standard","meta":{"footnotes":""},"categories":[30],"tags":[],"class_list":["post-9416","post","type-post","status-publish","format-standard","hentry","category-ogloszenia"],"yoast_head":"<!-- This site is optimized with the Yoast SEO plugin v27.4 - https:\/\/yoast.com\/product\/yoast-seo-wordpress\/ -->\n<title>Z okazji Narodowego Czytania w MGBP zostanie przeczytana powie\u015b\u0107 ,,Nad Niemnem\u201d Elizy Orzeszkowej - Miejsko-Gminna Biblioteka Publiczna w G\u0105binie<\/title>\n<meta name=\"robots\" content=\"index, follow, max-snippet:-1, max-image-preview:large, max-video-preview:-1\" \/>\n<link rel=\"canonical\" href=\"http:\/\/biblioteka-gabin.pl\/index.php\/2023\/07\/26\/z-okazji-narodowego-czytania-w-mgbp-zostanie-przeczytana-powiesc-nad-niemnem-elizy-orzeszkowej-2\/\" \/>\n<meta property=\"og:locale\" content=\"pl_PL\" \/>\n<meta property=\"og:type\" content=\"article\" \/>\n<meta property=\"og:title\" content=\"Z okazji Narodowego Czytania w MGBP zostanie przeczytana powie\u015b\u0107 ,,Nad Niemnem\u201d Elizy Orzeszkowej - Miejsko-Gminna Biblioteka Publiczna w G\u0105binie\" \/>\n<meta property=\"og:description\" content=\"Kolejny raz Miejsko-Gminna Biblioteka Publiczna w G\u0105binie w\u0142\u0105cza si\u0119 w\" \/>\n<meta property=\"og:url\" content=\"http:\/\/biblioteka-gabin.pl\/index.php\/2023\/07\/26\/z-okazji-narodowego-czytania-w-mgbp-zostanie-przeczytana-powiesc-nad-niemnem-elizy-orzeszkowej-2\/\" \/>\n<meta property=\"og:site_name\" content=\"Miejsko-Gminna Biblioteka Publiczna w G\u0105binie\" \/>\n<meta property=\"article:publisher\" content=\"https:\/\/www.facebook.com\/bibliotekagabin\" \/>\n<meta property=\"article:published_time\" content=\"2023-07-26T00:00:00+00:00\" \/>\n<meta property=\"og:image\" content=\"https:\/\/biblioteka-gabin.pl\/wp-content\/uploads\/archive\/pliki\/obraz\/2023_\/lipiec\/16-1.png\" \/>\n<meta name=\"author\" content=\"admin\" \/>\n<meta name=\"twitter:card\" content=\"summary_large_image\" \/>\n<meta name=\"twitter:label1\" content=\"Napisane przez\" \/>\n\t<meta name=\"twitter:data1\" content=\"admin\" \/>\n\t<meta name=\"twitter:label2\" content=\"Szacowany czas czytania\" \/>\n\t<meta name=\"twitter:data2\" content=\"2 minuty\" \/>\n<script type=\"application\/ld+json\" class=\"yoast-schema-graph\">{\"@context\":\"https:\\\/\\\/schema.org\",\"@graph\":[{\"@type\":\"Article\",\"@id\":\"http:\\\/\\\/biblioteka-gabin.pl\\\/index.php\\\/2023\\\/07\\\/26\\\/z-okazji-narodowego-czytania-w-mgbp-zostanie-przeczytana-powiesc-nad-niemnem-elizy-orzeszkowej-2\\\/#article\",\"isPartOf\":{\"@id\":\"http:\\\/\\\/biblioteka-gabin.pl\\\/index.php\\\/2023\\\/07\\\/26\\\/z-okazji-narodowego-czytania-w-mgbp-zostanie-przeczytana-powiesc-nad-niemnem-elizy-orzeszkowej-2\\\/\"},\"author\":{\"name\":\"admin\",\"@id\":\"https:\\\/\\\/biblioteka-gabin.pl\\\/#\\\/schema\\\/person\\\/2067b97c24663d987ef6ef95bed7c99a\"},\"headline\":\"Z okazji Narodowego Czytania w MGBP zostanie przeczytana powie\u015b\u0107 ,,Nad Niemnem\u201d Elizy Orzeszkowej\",\"datePublished\":\"2023-07-26T00:00:00+00:00\",\"mainEntityOfPage\":{\"@id\":\"http:\\\/\\\/biblioteka-gabin.pl\\\/index.php\\\/2023\\\/07\\\/26\\\/z-okazji-narodowego-czytania-w-mgbp-zostanie-przeczytana-powiesc-nad-niemnem-elizy-orzeszkowej-2\\\/\"},\"wordCount\":376,\"commentCount\":0,\"publisher\":{\"@id\":\"https:\\\/\\\/biblioteka-gabin.pl\\\/#organization\"},\"image\":{\"@id\":\"http:\\\/\\\/biblioteka-gabin.pl\\\/index.php\\\/2023\\\/07\\\/26\\\/z-okazji-narodowego-czytania-w-mgbp-zostanie-przeczytana-powiesc-nad-niemnem-elizy-orzeszkowej-2\\\/#primaryimage\"},\"thumbnailUrl\":\"https:\\\/\\\/biblioteka-gabin.pl\\\/wp-content\\\/uploads\\\/archive\\\/pliki\\\/obraz\\\/2023_\\\/lipiec\\\/16-1.png\",\"articleSection\":[\"Og\u0142oszenia\"],\"inLanguage\":\"pl-PL\",\"potentialAction\":[{\"@type\":\"CommentAction\",\"name\":\"Comment\",\"target\":[\"http:\\\/\\\/biblioteka-gabin.pl\\\/index.php\\\/2023\\\/07\\\/26\\\/z-okazji-narodowego-czytania-w-mgbp-zostanie-przeczytana-powiesc-nad-niemnem-elizy-orzeszkowej-2\\\/#respond\"]}]},{\"@type\":\"WebPage\",\"@id\":\"http:\\\/\\\/biblioteka-gabin.pl\\\/index.php\\\/2023\\\/07\\\/26\\\/z-okazji-narodowego-czytania-w-mgbp-zostanie-przeczytana-powiesc-nad-niemnem-elizy-orzeszkowej-2\\\/\",\"url\":\"http:\\\/\\\/biblioteka-gabin.pl\\\/index.php\\\/2023\\\/07\\\/26\\\/z-okazji-narodowego-czytania-w-mgbp-zostanie-przeczytana-powiesc-nad-niemnem-elizy-orzeszkowej-2\\\/\",\"name\":\"Z okazji Narodowego Czytania w MGBP zostanie przeczytana powie\u015b\u0107 ,,Nad Niemnem\u201d Elizy Orzeszkowej - Miejsko-Gminna Biblioteka Publiczna w G\u0105binie\",\"isPartOf\":{\"@id\":\"https:\\\/\\\/biblioteka-gabin.pl\\\/#website\"},\"primaryImageOfPage\":{\"@id\":\"http:\\\/\\\/biblioteka-gabin.pl\\\/index.php\\\/2023\\\/07\\\/26\\\/z-okazji-narodowego-czytania-w-mgbp-zostanie-przeczytana-powiesc-nad-niemnem-elizy-orzeszkowej-2\\\/#primaryimage\"},\"image\":{\"@id\":\"http:\\\/\\\/biblioteka-gabin.pl\\\/index.php\\\/2023\\\/07\\\/26\\\/z-okazji-narodowego-czytania-w-mgbp-zostanie-przeczytana-powiesc-nad-niemnem-elizy-orzeszkowej-2\\\/#primaryimage\"},\"thumbnailUrl\":\"https:\\\/\\\/biblioteka-gabin.pl\\\/wp-content\\\/uploads\\\/archive\\\/pliki\\\/obraz\\\/2023_\\\/lipiec\\\/16-1.png\",\"datePublished\":\"2023-07-26T00:00:00+00:00\",\"breadcrumb\":{\"@id\":\"http:\\\/\\\/biblioteka-gabin.pl\\\/index.php\\\/2023\\\/07\\\/26\\\/z-okazji-narodowego-czytania-w-mgbp-zostanie-przeczytana-powiesc-nad-niemnem-elizy-orzeszkowej-2\\\/#breadcrumb\"},\"inLanguage\":\"pl-PL\",\"potentialAction\":[{\"@type\":\"ReadAction\",\"target\":[\"http:\\\/\\\/biblioteka-gabin.pl\\\/index.php\\\/2023\\\/07\\\/26\\\/z-okazji-narodowego-czytania-w-mgbp-zostanie-przeczytana-powiesc-nad-niemnem-elizy-orzeszkowej-2\\\/\"]}]},{\"@type\":\"ImageObject\",\"inLanguage\":\"pl-PL\",\"@id\":\"http:\\\/\\\/biblioteka-gabin.pl\\\/index.php\\\/2023\\\/07\\\/26\\\/z-okazji-narodowego-czytania-w-mgbp-zostanie-przeczytana-powiesc-nad-niemnem-elizy-orzeszkowej-2\\\/#primaryimage\",\"url\":\"https:\\\/\\\/biblioteka-gabin.pl\\\/wp-content\\\/uploads\\\/archive\\\/pliki\\\/obraz\\\/2023_\\\/lipiec\\\/16-1.png\",\"contentUrl\":\"https:\\\/\\\/biblioteka-gabin.pl\\\/wp-content\\\/uploads\\\/archive\\\/pliki\\\/obraz\\\/2023_\\\/lipiec\\\/16-1.png\"},{\"@type\":\"BreadcrumbList\",\"@id\":\"http:\\\/\\\/biblioteka-gabin.pl\\\/index.php\\\/2023\\\/07\\\/26\\\/z-okazji-narodowego-czytania-w-mgbp-zostanie-przeczytana-powiesc-nad-niemnem-elizy-orzeszkowej-2\\\/#breadcrumb\",\"itemListElement\":[{\"@type\":\"ListItem\",\"position\":1,\"name\":\"Strona g\u0142\u00f3wna\",\"item\":\"https:\\\/\\\/biblioteka-gabin.pl\\\/\"},{\"@type\":\"ListItem\",\"position\":2,\"name\":\"Z okazji Narodowego Czytania w MGBP zostanie przeczytana powie\u015b\u0107 ,,Nad Niemnem\u201d Elizy Orzeszkowej\"}]},{\"@type\":\"WebSite\",\"@id\":\"https:\\\/\\\/biblioteka-gabin.pl\\\/#website\",\"url\":\"https:\\\/\\\/biblioteka-gabin.pl\\\/\",\"name\":\"Miejsko-Gminna Biblioteka Publiczna w G\u0105binie\",\"description\":\"\",\"publisher\":{\"@id\":\"https:\\\/\\\/biblioteka-gabin.pl\\\/#organization\"},\"potentialAction\":[{\"@type\":\"SearchAction\",\"target\":{\"@type\":\"EntryPoint\",\"urlTemplate\":\"https:\\\/\\\/biblioteka-gabin.pl\\\/?s={search_term_string}\"},\"query-input\":{\"@type\":\"PropertyValueSpecification\",\"valueRequired\":true,\"valueName\":\"search_term_string\"}}],\"inLanguage\":\"pl-PL\"},{\"@type\":\"Organization\",\"@id\":\"https:\\\/\\\/biblioteka-gabin.pl\\\/#organization\",\"name\":\"Miejsko-Gminna Biblioteka Publiczna w G\u0105binie\",\"url\":\"https:\\\/\\\/biblioteka-gabin.pl\\\/\",\"logo\":{\"@type\":\"ImageObject\",\"inLanguage\":\"pl-PL\",\"@id\":\"https:\\\/\\\/biblioteka-gabin.pl\\\/#\\\/schema\\\/logo\\\/image\\\/\",\"url\":\"https:\\\/\\\/biblioteka-gabin.pl\\\/wp-content\\\/uploads\\\/2025\\\/03\\\/logo-biblioteka-2-1657013691-1.jpg\",\"contentUrl\":\"https:\\\/\\\/biblioteka-gabin.pl\\\/wp-content\\\/uploads\\\/2025\\\/03\\\/logo-biblioteka-2-1657013691-1.jpg\",\"width\":1600,\"height\":772,\"caption\":\"Miejsko-Gminna Biblioteka Publiczna w G\u0105binie\"},\"image\":{\"@id\":\"https:\\\/\\\/biblioteka-gabin.pl\\\/#\\\/schema\\\/logo\\\/image\\\/\"},\"sameAs\":[\"https:\\\/\\\/www.facebook.com\\\/bibliotekagabin\",\"https:\\\/\\\/www.youtube.com\\\/@mgbpgabin9392\"]},{\"@type\":\"Person\",\"@id\":\"https:\\\/\\\/biblioteka-gabin.pl\\\/#\\\/schema\\\/person\\\/2067b97c24663d987ef6ef95bed7c99a\",\"name\":\"admin\",\"image\":{\"@type\":\"ImageObject\",\"inLanguage\":\"pl-PL\",\"@id\":\"https:\\\/\\\/secure.gravatar.com\\\/avatar\\\/e1843904e97b4e376a0fc90ae10372cd31bce9b207a7a3d2ca68fc7ca7e4174c?s=96&d=mm&r=g\",\"url\":\"https:\\\/\\\/secure.gravatar.com\\\/avatar\\\/e1843904e97b4e376a0fc90ae10372cd31bce9b207a7a3d2ca68fc7ca7e4174c?s=96&d=mm&r=g\",\"contentUrl\":\"https:\\\/\\\/secure.gravatar.com\\\/avatar\\\/e1843904e97b4e376a0fc90ae10372cd31bce9b207a7a3d2ca68fc7ca7e4174c?s=96&d=mm&r=g\",\"caption\":\"admin\"},\"sameAs\":[\"http:\\\/\\\/strona.biblioteka-gabin.pl\"],\"url\":\"https:\\\/\\\/biblioteka-gabin.pl\\\/index.php\\\/author\\\/admin\\\/\"}]}<\/script>\n<!-- \/ Yoast SEO plugin. -->","yoast_head_json":{"title":"Z okazji Narodowego Czytania w MGBP zostanie przeczytana powie\u015b\u0107 ,,Nad Niemnem\u201d Elizy Orzeszkowej - Miejsko-Gminna Biblioteka Publiczna w G\u0105binie","robots":{"index":"index","follow":"follow","max-snippet":"max-snippet:-1","max-image-preview":"max-image-preview:large","max-video-preview":"max-video-preview:-1"},"canonical":"http:\/\/biblioteka-gabin.pl\/index.php\/2023\/07\/26\/z-okazji-narodowego-czytania-w-mgbp-zostanie-przeczytana-powiesc-nad-niemnem-elizy-orzeszkowej-2\/","og_locale":"pl_PL","og_type":"article","og_title":"Z okazji Narodowego Czytania w MGBP zostanie przeczytana powie\u015b\u0107 ,,Nad Niemnem\u201d Elizy Orzeszkowej - Miejsko-Gminna Biblioteka Publiczna w G\u0105binie","og_description":"Kolejny raz Miejsko-Gminna Biblioteka Publiczna w G\u0105binie w\u0142\u0105cza si\u0119 w","og_url":"http:\/\/biblioteka-gabin.pl\/index.php\/2023\/07\/26\/z-okazji-narodowego-czytania-w-mgbp-zostanie-przeczytana-powiesc-nad-niemnem-elizy-orzeszkowej-2\/","og_site_name":"Miejsko-Gminna Biblioteka Publiczna w G\u0105binie","article_publisher":"https:\/\/www.facebook.com\/bibliotekagabin","article_published_time":"2023-07-26T00:00:00+00:00","og_image":[{"url":"https:\/\/biblioteka-gabin.pl\/wp-content\/uploads\/archive\/pliki\/obraz\/2023_\/lipiec\/16-1.png","type":"","width":"","height":""}],"author":"admin","twitter_card":"summary_large_image","twitter_misc":{"Napisane przez":"admin","Szacowany czas czytania":"2 minuty"},"schema":{"@context":"https:\/\/schema.org","@graph":[{"@type":"Article","@id":"http:\/\/biblioteka-gabin.pl\/index.php\/2023\/07\/26\/z-okazji-narodowego-czytania-w-mgbp-zostanie-przeczytana-powiesc-nad-niemnem-elizy-orzeszkowej-2\/#article","isPartOf":{"@id":"http:\/\/biblioteka-gabin.pl\/index.php\/2023\/07\/26\/z-okazji-narodowego-czytania-w-mgbp-zostanie-przeczytana-powiesc-nad-niemnem-elizy-orzeszkowej-2\/"},"author":{"name":"admin","@id":"https:\/\/biblioteka-gabin.pl\/#\/schema\/person\/2067b97c24663d987ef6ef95bed7c99a"},"headline":"Z okazji Narodowego Czytania w MGBP zostanie przeczytana powie\u015b\u0107 ,,Nad Niemnem\u201d Elizy Orzeszkowej","datePublished":"2023-07-26T00:00:00+00:00","mainEntityOfPage":{"@id":"http:\/\/biblioteka-gabin.pl\/index.php\/2023\/07\/26\/z-okazji-narodowego-czytania-w-mgbp-zostanie-przeczytana-powiesc-nad-niemnem-elizy-orzeszkowej-2\/"},"wordCount":376,"commentCount":0,"publisher":{"@id":"https:\/\/biblioteka-gabin.pl\/#organization"},"image":{"@id":"http:\/\/biblioteka-gabin.pl\/index.php\/2023\/07\/26\/z-okazji-narodowego-czytania-w-mgbp-zostanie-przeczytana-powiesc-nad-niemnem-elizy-orzeszkowej-2\/#primaryimage"},"thumbnailUrl":"https:\/\/biblioteka-gabin.pl\/wp-content\/uploads\/archive\/pliki\/obraz\/2023_\/lipiec\/16-1.png","articleSection":["Og\u0142oszenia"],"inLanguage":"pl-PL","potentialAction":[{"@type":"CommentAction","name":"Comment","target":["http:\/\/biblioteka-gabin.pl\/index.php\/2023\/07\/26\/z-okazji-narodowego-czytania-w-mgbp-zostanie-przeczytana-powiesc-nad-niemnem-elizy-orzeszkowej-2\/#respond"]}]},{"@type":"WebPage","@id":"http:\/\/biblioteka-gabin.pl\/index.php\/2023\/07\/26\/z-okazji-narodowego-czytania-w-mgbp-zostanie-przeczytana-powiesc-nad-niemnem-elizy-orzeszkowej-2\/","url":"http:\/\/biblioteka-gabin.pl\/index.php\/2023\/07\/26\/z-okazji-narodowego-czytania-w-mgbp-zostanie-przeczytana-powiesc-nad-niemnem-elizy-orzeszkowej-2\/","name":"Z okazji Narodowego Czytania w MGBP zostanie przeczytana powie\u015b\u0107 ,,Nad Niemnem\u201d Elizy Orzeszkowej - Miejsko-Gminna Biblioteka Publiczna w G\u0105binie","isPartOf":{"@id":"https:\/\/biblioteka-gabin.pl\/#website"},"primaryImageOfPage":{"@id":"http:\/\/biblioteka-gabin.pl\/index.php\/2023\/07\/26\/z-okazji-narodowego-czytania-w-mgbp-zostanie-przeczytana-powiesc-nad-niemnem-elizy-orzeszkowej-2\/#primaryimage"},"image":{"@id":"http:\/\/biblioteka-gabin.pl\/index.php\/2023\/07\/26\/z-okazji-narodowego-czytania-w-mgbp-zostanie-przeczytana-powiesc-nad-niemnem-elizy-orzeszkowej-2\/#primaryimage"},"thumbnailUrl":"https:\/\/biblioteka-gabin.pl\/wp-content\/uploads\/archive\/pliki\/obraz\/2023_\/lipiec\/16-1.png","datePublished":"2023-07-26T00:00:00+00:00","breadcrumb":{"@id":"http:\/\/biblioteka-gabin.pl\/index.php\/2023\/07\/26\/z-okazji-narodowego-czytania-w-mgbp-zostanie-przeczytana-powiesc-nad-niemnem-elizy-orzeszkowej-2\/#breadcrumb"},"inLanguage":"pl-PL","potentialAction":[{"@type":"ReadAction","target":["http:\/\/biblioteka-gabin.pl\/index.php\/2023\/07\/26\/z-okazji-narodowego-czytania-w-mgbp-zostanie-przeczytana-powiesc-nad-niemnem-elizy-orzeszkowej-2\/"]}]},{"@type":"ImageObject","inLanguage":"pl-PL","@id":"http:\/\/biblioteka-gabin.pl\/index.php\/2023\/07\/26\/z-okazji-narodowego-czytania-w-mgbp-zostanie-przeczytana-powiesc-nad-niemnem-elizy-orzeszkowej-2\/#primaryimage","url":"https:\/\/biblioteka-gabin.pl\/wp-content\/uploads\/archive\/pliki\/obraz\/2023_\/lipiec\/16-1.png","contentUrl":"https:\/\/biblioteka-gabin.pl\/wp-content\/uploads\/archive\/pliki\/obraz\/2023_\/lipiec\/16-1.png"},{"@type":"BreadcrumbList","@id":"http:\/\/biblioteka-gabin.pl\/index.php\/2023\/07\/26\/z-okazji-narodowego-czytania-w-mgbp-zostanie-przeczytana-powiesc-nad-niemnem-elizy-orzeszkowej-2\/#breadcrumb","itemListElement":[{"@type":"ListItem","position":1,"name":"Strona g\u0142\u00f3wna","item":"https:\/\/biblioteka-gabin.pl\/"},{"@type":"ListItem","position":2,"name":"Z okazji Narodowego Czytania w MGBP zostanie przeczytana powie\u015b\u0107 ,,Nad Niemnem\u201d Elizy Orzeszkowej"}]},{"@type":"WebSite","@id":"https:\/\/biblioteka-gabin.pl\/#website","url":"https:\/\/biblioteka-gabin.pl\/","name":"Miejsko-Gminna Biblioteka Publiczna w G\u0105binie","description":"","publisher":{"@id":"https:\/\/biblioteka-gabin.pl\/#organization"},"potentialAction":[{"@type":"SearchAction","target":{"@type":"EntryPoint","urlTemplate":"https:\/\/biblioteka-gabin.pl\/?s={search_term_string}"},"query-input":{"@type":"PropertyValueSpecification","valueRequired":true,"valueName":"search_term_string"}}],"inLanguage":"pl-PL"},{"@type":"Organization","@id":"https:\/\/biblioteka-gabin.pl\/#organization","name":"Miejsko-Gminna Biblioteka Publiczna w G\u0105binie","url":"https:\/\/biblioteka-gabin.pl\/","logo":{"@type":"ImageObject","inLanguage":"pl-PL","@id":"https:\/\/biblioteka-gabin.pl\/#\/schema\/logo\/image\/","url":"https:\/\/biblioteka-gabin.pl\/wp-content\/uploads\/2025\/03\/logo-biblioteka-2-1657013691-1.jpg","contentUrl":"https:\/\/biblioteka-gabin.pl\/wp-content\/uploads\/2025\/03\/logo-biblioteka-2-1657013691-1.jpg","width":1600,"height":772,"caption":"Miejsko-Gminna Biblioteka Publiczna w G\u0105binie"},"image":{"@id":"https:\/\/biblioteka-gabin.pl\/#\/schema\/logo\/image\/"},"sameAs":["https:\/\/www.facebook.com\/bibliotekagabin","https:\/\/www.youtube.com\/@mgbpgabin9392"]},{"@type":"Person","@id":"https:\/\/biblioteka-gabin.pl\/#\/schema\/person\/2067b97c24663d987ef6ef95bed7c99a","name":"admin","image":{"@type":"ImageObject","inLanguage":"pl-PL","@id":"https:\/\/secure.gravatar.com\/avatar\/e1843904e97b4e376a0fc90ae10372cd31bce9b207a7a3d2ca68fc7ca7e4174c?s=96&d=mm&r=g","url":"https:\/\/secure.gravatar.com\/avatar\/e1843904e97b4e376a0fc90ae10372cd31bce9b207a7a3d2ca68fc7ca7e4174c?s=96&d=mm&r=g","contentUrl":"https:\/\/secure.gravatar.com\/avatar\/e1843904e97b4e376a0fc90ae10372cd31bce9b207a7a3d2ca68fc7ca7e4174c?s=96&d=mm&r=g","caption":"admin"},"sameAs":["http:\/\/strona.biblioteka-gabin.pl"],"url":"https:\/\/biblioteka-gabin.pl\/index.php\/author\/admin\/"}]}},"_links":{"self":[{"href":"https:\/\/biblioteka-gabin.pl\/index.php\/wp-json\/wp\/v2\/posts\/9416","targetHints":{"allow":["GET"]}}],"collection":[{"href":"https:\/\/biblioteka-gabin.pl\/index.php\/wp-json\/wp\/v2\/posts"}],"about":[{"href":"https:\/\/biblioteka-gabin.pl\/index.php\/wp-json\/wp\/v2\/types\/post"}],"author":[{"embeddable":true,"href":"https:\/\/biblioteka-gabin.pl\/index.php\/wp-json\/wp\/v2\/users\/1"}],"replies":[{"embeddable":true,"href":"https:\/\/biblioteka-gabin.pl\/index.php\/wp-json\/wp\/v2\/comments?post=9416"}],"version-history":[{"count":0,"href":"https:\/\/biblioteka-gabin.pl\/index.php\/wp-json\/wp\/v2\/posts\/9416\/revisions"}],"wp:attachment":[{"href":"https:\/\/biblioteka-gabin.pl\/index.php\/wp-json\/wp\/v2\/media?parent=9416"}],"wp:term":[{"taxonomy":"category","embeddable":true,"href":"https:\/\/biblioteka-gabin.pl\/index.php\/wp-json\/wp\/v2\/categories?post=9416"},{"taxonomy":"post_tag","embeddable":true,"href":"https:\/\/biblioteka-gabin.pl\/index.php\/wp-json\/wp\/v2\/tags?post=9416"}],"curies":[{"name":"wp","href":"https:\/\/api.w.org\/{rel}","templated":true}]}}