{"id":9944,"date":"2025-12-03T13:10:18","date_gmt":"2025-12-03T13:10:18","guid":{"rendered":"https:\/\/biblioteka-gabin.pl\/?p=9944"},"modified":"2025-12-03T13:10:19","modified_gmt":"2025-12-03T13:10:19","slug":"spotkanie-z-bajka-w-przedszkolu-samorzadowym-w-gabinie-motylki-oraz-zabki-02-12-2025r","status":"publish","type":"post","link":"https:\/\/biblioteka-gabin.pl\/index.php\/2025\/12\/03\/spotkanie-z-bajka-w-przedszkolu-samorzadowym-w-gabinie-motylki-oraz-zabki-02-12-2025r\/","title":{"rendered":"&#8222;Spotkanie z bajk\u0105&#8221; w Przedszkolu Samorz\u0105dowym w G\u0105binie- &#8222;&#8221;Motylki&#8221; oraz &#8222;\u017babki&#8221; (02.12.2025r.)"},"content":{"rendered":"\n<p>\u00a0\u00a0 Czas \u015bwi\u0105teczny to wyj\u0105tkowo niezapomniane chwile przy ubieraniu choinki, pakowaniu prezent\u00f3w, wsp\u00f3lnych wypiekach\u2026 Takie magiczne chwile poczu\u0142am podczas \u015bwi\u0105tecznego spotkania z dzie\u0107mi w grupach: \u201eMotylk\u00f3w\u201d oraz \u201e\u017babek\u201d. Rozpocz\u0119\u0142am od przeczytania bajki pt. \u201eId\u0105 \u015awi\u0119ta\u201d oraz D. Hendry pt. \u201ePi\u0119kne bia\u0142e Bo\u017ce Narodzenie\u201d.\u00a0 Przedszkolaki s\u0142ucha\u0142y z przej\u0119ciem, gdy sko\u0144czy\u0142am czyta\u0107, ch\u0119tnie dzieli\u0142y si\u0119 swoimi historiami i marzeniami. Dzieci opowiada\u0142y, \u017ce Miko\u0142aj co roku ich odwiedza zostawiaj\u0105c prezenty pod choink\u0105. Niekt\u00f3re m\u00f3wi\u0142y, ze nigdy go nie widzia\u0142y w saniach na niebie. Wszystkie jednak uzna\u0142y, \u017ce powinny by\u0107 grzeczne przez ca\u0142y rok, aby otrzyma\u0107 wymarzone prezenty.<\/p>\n\n\n\n<p>&nbsp;&nbsp; Opowie\u015bci\u0105 E. Piotrowskiej pt. \u201e\u015awi\u0119ta Tupcia Chrupcia\u201d prawie \u201ezahipnotyzowa\u0142am\u201d s\u0142uchaczy. Magia \u015bwi\u0105t i dobrych uczynk\u00f3w, jakich do\u015bwiadczamy w tym okresie wprawi\u0142a dzieci w skupienie i przemy\u015blenia.<\/p>\n\n\n\n<figure class=\"wp-block-image size-large\"><img loading=\"lazy\" decoding=\"async\" width=\"1024\" height=\"578\" src=\"https:\/\/biblioteka-gabin.pl\/wp-content\/uploads\/2025\/12\/6FRxw6KX-1024x578.jpg\" alt=\"\" class=\"wp-image-9946\" srcset=\"https:\/\/biblioteka-gabin.pl\/wp-content\/uploads\/2025\/12\/6FRxw6KX-1024x578.jpg 1024w, https:\/\/biblioteka-gabin.pl\/wp-content\/uploads\/2025\/12\/6FRxw6KX-300x169.jpg 300w, https:\/\/biblioteka-gabin.pl\/wp-content\/uploads\/2025\/12\/6FRxw6KX-768x433.jpg 768w, https:\/\/biblioteka-gabin.pl\/wp-content\/uploads\/2025\/12\/6FRxw6KX-1536x866.jpg 1536w, https:\/\/biblioteka-gabin.pl\/wp-content\/uploads\/2025\/12\/6FRxw6KX.jpg 2048w\" sizes=\"auto, (max-width: 1024px) 100vw, 1024px\" \/><\/figure>\n\n\n\n<figure class=\"wp-block-image size-large\"><img loading=\"lazy\" decoding=\"async\" width=\"1024\" height=\"578\" src=\"https:\/\/biblioteka-gabin.pl\/wp-content\/uploads\/2025\/12\/2mIbXqnO-1024x578.jpg\" alt=\"\" class=\"wp-image-9947\" srcset=\"https:\/\/biblioteka-gabin.pl\/wp-content\/uploads\/2025\/12\/2mIbXqnO-1024x578.jpg 1024w, https:\/\/biblioteka-gabin.pl\/wp-content\/uploads\/2025\/12\/2mIbXqnO-300x169.jpg 300w, https:\/\/biblioteka-gabin.pl\/wp-content\/uploads\/2025\/12\/2mIbXqnO-768x433.jpg 768w, https:\/\/biblioteka-gabin.pl\/wp-content\/uploads\/2025\/12\/2mIbXqnO-1536x866.jpg 1536w, https:\/\/biblioteka-gabin.pl\/wp-content\/uploads\/2025\/12\/2mIbXqnO.jpg 2048w\" sizes=\"auto, (max-width: 1024px) 100vw, 1024px\" \/><\/figure>\n\n\n\n<figure class=\"wp-block-image size-large\"><img loading=\"lazy\" decoding=\"async\" width=\"1024\" height=\"578\" src=\"https:\/\/biblioteka-gabin.pl\/wp-content\/uploads\/2025\/12\/Cyl6grAQ-1024x578.jpg\" alt=\"\" class=\"wp-image-9948\" srcset=\"https:\/\/biblioteka-gabin.pl\/wp-content\/uploads\/2025\/12\/Cyl6grAQ-1024x578.jpg 1024w, https:\/\/biblioteka-gabin.pl\/wp-content\/uploads\/2025\/12\/Cyl6grAQ-300x169.jpg 300w, https:\/\/biblioteka-gabin.pl\/wp-content\/uploads\/2025\/12\/Cyl6grAQ-768x433.jpg 768w, https:\/\/biblioteka-gabin.pl\/wp-content\/uploads\/2025\/12\/Cyl6grAQ-1536x866.jpg 1536w, https:\/\/biblioteka-gabin.pl\/wp-content\/uploads\/2025\/12\/Cyl6grAQ.jpg 2048w\" sizes=\"auto, (max-width: 1024px) 100vw, 1024px\" \/><\/figure>\n\n\n\n<figure class=\"wp-block-image size-large\"><img loading=\"lazy\" decoding=\"async\" width=\"1024\" height=\"926\" src=\"https:\/\/biblioteka-gabin.pl\/wp-content\/uploads\/2025\/12\/FzERcF7X-1024x926.jpg\" alt=\"\" class=\"wp-image-9950\" srcset=\"https:\/\/biblioteka-gabin.pl\/wp-content\/uploads\/2025\/12\/FzERcF7X-1024x926.jpg 1024w, https:\/\/biblioteka-gabin.pl\/wp-content\/uploads\/2025\/12\/FzERcF7X-300x271.jpg 300w, https:\/\/biblioteka-gabin.pl\/wp-content\/uploads\/2025\/12\/FzERcF7X-768x694.jpg 768w, https:\/\/biblioteka-gabin.pl\/wp-content\/uploads\/2025\/12\/FzERcF7X-1536x1388.jpg 1536w, https:\/\/biblioteka-gabin.pl\/wp-content\/uploads\/2025\/12\/FzERcF7X.jpg 2048w\" sizes=\"auto, (max-width: 1024px) 100vw, 1024px\" \/><\/figure>\n\n\n\n<figure class=\"wp-block-image size-large\"><img loading=\"lazy\" decoding=\"async\" width=\"1024\" height=\"578\" src=\"https:\/\/biblioteka-gabin.pl\/wp-content\/uploads\/2025\/12\/V3anMDoy-1-1024x578.jpg\" alt=\"\" class=\"wp-image-9951\" srcset=\"https:\/\/biblioteka-gabin.pl\/wp-content\/uploads\/2025\/12\/V3anMDoy-1-1024x578.jpg 1024w, https:\/\/biblioteka-gabin.pl\/wp-content\/uploads\/2025\/12\/V3anMDoy-1-300x169.jpg 300w, https:\/\/biblioteka-gabin.pl\/wp-content\/uploads\/2025\/12\/V3anMDoy-1-768x433.jpg 768w, https:\/\/biblioteka-gabin.pl\/wp-content\/uploads\/2025\/12\/V3anMDoy-1-1536x866.jpg 1536w, https:\/\/biblioteka-gabin.pl\/wp-content\/uploads\/2025\/12\/V3anMDoy-1.jpg 2048w\" sizes=\"auto, (max-width: 1024px) 100vw, 1024px\" \/><\/figure>\n\n\n\n<figure class=\"wp-block-image size-large\"><img loading=\"lazy\" decoding=\"async\" width=\"1024\" height=\"578\" src=\"https:\/\/biblioteka-gabin.pl\/wp-content\/uploads\/2025\/12\/YRFvYVMk-1024x578.jpg\" alt=\"\" class=\"wp-image-9953\" srcset=\"https:\/\/biblioteka-gabin.pl\/wp-content\/uploads\/2025\/12\/YRFvYVMk-1024x578.jpg 1024w, https:\/\/biblioteka-gabin.pl\/wp-content\/uploads\/2025\/12\/YRFvYVMk-300x169.jpg 300w, https:\/\/biblioteka-gabin.pl\/wp-content\/uploads\/2025\/12\/YRFvYVMk-768x433.jpg 768w, https:\/\/biblioteka-gabin.pl\/wp-content\/uploads\/2025\/12\/YRFvYVMk-1536x866.jpg 1536w, https:\/\/biblioteka-gabin.pl\/wp-content\/uploads\/2025\/12\/YRFvYVMk.jpg 2048w\" sizes=\"auto, (max-width: 1024px) 100vw, 1024px\" \/><\/figure>\n\n\n\n<figure class=\"wp-block-image size-large\"><img loading=\"lazy\" decoding=\"async\" width=\"1024\" height=\"578\" src=\"https:\/\/biblioteka-gabin.pl\/wp-content\/uploads\/2025\/12\/Zn32m6Fe-1024x578.jpg\" alt=\"\" class=\"wp-image-9954\" srcset=\"https:\/\/biblioteka-gabin.pl\/wp-content\/uploads\/2025\/12\/Zn32m6Fe-1024x578.jpg 1024w, https:\/\/biblioteka-gabin.pl\/wp-content\/uploads\/2025\/12\/Zn32m6Fe-300x169.jpg 300w, https:\/\/biblioteka-gabin.pl\/wp-content\/uploads\/2025\/12\/Zn32m6Fe-768x433.jpg 768w, https:\/\/biblioteka-gabin.pl\/wp-content\/uploads\/2025\/12\/Zn32m6Fe-1536x866.jpg 1536w, https:\/\/biblioteka-gabin.pl\/wp-content\/uploads\/2025\/12\/Zn32m6Fe.jpg 2048w\" sizes=\"auto, (max-width: 1024px) 100vw, 1024px\" \/><\/figure>\n\n\n\n<figure class=\"wp-block-image size-large\"><img loading=\"lazy\" decoding=\"async\" width=\"1024\" height=\"578\" src=\"https:\/\/biblioteka-gabin.pl\/wp-content\/uploads\/2025\/12\/7GvQ0qXD-1024x578.jpg\" alt=\"\" class=\"wp-image-9955\" srcset=\"https:\/\/biblioteka-gabin.pl\/wp-content\/uploads\/2025\/12\/7GvQ0qXD-1024x578.jpg 1024w, https:\/\/biblioteka-gabin.pl\/wp-content\/uploads\/2025\/12\/7GvQ0qXD-300x169.jpg 300w, https:\/\/biblioteka-gabin.pl\/wp-content\/uploads\/2025\/12\/7GvQ0qXD-768x433.jpg 768w, https:\/\/biblioteka-gabin.pl\/wp-content\/uploads\/2025\/12\/7GvQ0qXD-1536x866.jpg 1536w, https:\/\/biblioteka-gabin.pl\/wp-content\/uploads\/2025\/12\/7GvQ0qXD.jpg 2048w\" sizes=\"auto, (max-width: 1024px) 100vw, 1024px\" \/><\/figure>\n\n\n\n<p><\/p>\n","protected":false},"excerpt":{"rendered":"<p>\u00a0\u00a0 Czas \u015bwi\u0105teczny to wyj\u0105tkowo niezapomniane chwile przy ubieraniu choinki,<\/p>\n","protected":false},"author":5,"featured_media":9946,"comment_status":"open","ping_status":"open","sticky":false,"template":"","format":"standard","meta":{"footnotes":""},"categories":[37,36],"tags":[],"class_list":["post-9944","post","type-post","status-publish","format-standard","has-post-thumbnail","hentry","category-galeria","category-main"],"yoast_head":"<!-- This site is optimized with the Yoast SEO plugin v27.4 - https:\/\/yoast.com\/product\/yoast-seo-wordpress\/ -->\n<title>&quot;Spotkanie z bajk\u0105&quot; w Przedszkolu Samorz\u0105dowym w G\u0105binie- &quot;&quot;Motylki&quot; oraz &quot;\u017babki&quot; (02.12.2025r.) - Miejsko-Gminna Biblioteka Publiczna w G\u0105binie<\/title>\n<meta name=\"robots\" content=\"index, follow, max-snippet:-1, max-image-preview:large, max-video-preview:-1\" \/>\n<link rel=\"canonical\" href=\"http:\/\/biblioteka-gabin.pl\/index.php\/2025\/12\/03\/spotkanie-z-bajka-w-przedszkolu-samorzadowym-w-gabinie-motylki-oraz-zabki-02-12-2025r\/\" \/>\n<meta property=\"og:locale\" content=\"pl_PL\" \/>\n<meta property=\"og:type\" content=\"article\" \/>\n<meta property=\"og:title\" content=\"&quot;Spotkanie z bajk\u0105&quot; w Przedszkolu Samorz\u0105dowym w G\u0105binie- &quot;&quot;Motylki&quot; oraz &quot;\u017babki&quot; (02.12.2025r.) - Miejsko-Gminna Biblioteka Publiczna w G\u0105binie\" \/>\n<meta property=\"og:description\" content=\"\u00a0\u00a0 Czas \u015bwi\u0105teczny to wyj\u0105tkowo niezapomniane chwile przy ubieraniu choinki,\" \/>\n<meta property=\"og:url\" content=\"http:\/\/biblioteka-gabin.pl\/index.php\/2025\/12\/03\/spotkanie-z-bajka-w-przedszkolu-samorzadowym-w-gabinie-motylki-oraz-zabki-02-12-2025r\/\" \/>\n<meta property=\"og:site_name\" content=\"Miejsko-Gminna Biblioteka Publiczna w G\u0105binie\" \/>\n<meta property=\"article:publisher\" content=\"https:\/\/www.facebook.com\/bibliotekagabin\" \/>\n<meta property=\"article:published_time\" content=\"2025-12-03T13:10:18+00:00\" \/>\n<meta property=\"article:modified_time\" content=\"2025-12-03T13:10:19+00:00\" \/>\n<meta property=\"og:image\" content=\"http:\/\/biblioteka-gabin.pl\/wp-content\/uploads\/2025\/12\/6FRxw6KX.jpg\" \/>\n\t<meta property=\"og:image:width\" content=\"2048\" \/>\n\t<meta property=\"og:image:height\" content=\"1155\" \/>\n\t<meta property=\"og:image:type\" content=\"image\/jpeg\" \/>\n<meta name=\"author\" content=\"j.olejniczak\" \/>\n<meta name=\"twitter:card\" content=\"summary_large_image\" \/>\n<meta name=\"twitter:label1\" content=\"Napisane przez\" \/>\n\t<meta name=\"twitter:data1\" content=\"j.olejniczak\" \/>\n\t<meta name=\"twitter:label2\" content=\"Szacowany czas czytania\" \/>\n\t<meta name=\"twitter:data2\" content=\"3 minuty\" \/>\n<script type=\"application\/ld+json\" class=\"yoast-schema-graph\">{\"@context\":\"https:\\\/\\\/schema.org\",\"@graph\":[{\"@type\":\"Article\",\"@id\":\"http:\\\/\\\/biblioteka-gabin.pl\\\/index.php\\\/2025\\\/12\\\/03\\\/spotkanie-z-bajka-w-przedszkolu-samorzadowym-w-gabinie-motylki-oraz-zabki-02-12-2025r\\\/#article\",\"isPartOf\":{\"@id\":\"http:\\\/\\\/biblioteka-gabin.pl\\\/index.php\\\/2025\\\/12\\\/03\\\/spotkanie-z-bajka-w-przedszkolu-samorzadowym-w-gabinie-motylki-oraz-zabki-02-12-2025r\\\/\"},\"author\":{\"name\":\"j.olejniczak\",\"@id\":\"https:\\\/\\\/biblioteka-gabin.pl\\\/#\\\/schema\\\/person\\\/c6271403c55804b0c90b1abcdc89a4be\"},\"headline\":\"&#8222;Spotkanie z bajk\u0105&#8221; w Przedszkolu Samorz\u0105dowym w G\u0105binie- &#8222;&#8221;Motylki&#8221; oraz &#8222;\u017babki&#8221; (02.12.2025r.)\",\"datePublished\":\"2025-12-03T13:10:18+00:00\",\"dateModified\":\"2025-12-03T13:10:19+00:00\",\"mainEntityOfPage\":{\"@id\":\"http:\\\/\\\/biblioteka-gabin.pl\\\/index.php\\\/2025\\\/12\\\/03\\\/spotkanie-z-bajka-w-przedszkolu-samorzadowym-w-gabinie-motylki-oraz-zabki-02-12-2025r\\\/\"},\"wordCount\":173,\"commentCount\":0,\"publisher\":{\"@id\":\"https:\\\/\\\/biblioteka-gabin.pl\\\/#organization\"},\"image\":{\"@id\":\"http:\\\/\\\/biblioteka-gabin.pl\\\/index.php\\\/2025\\\/12\\\/03\\\/spotkanie-z-bajka-w-przedszkolu-samorzadowym-w-gabinie-motylki-oraz-zabki-02-12-2025r\\\/#primaryimage\"},\"thumbnailUrl\":\"https:\\\/\\\/biblioteka-gabin.pl\\\/wp-content\\\/uploads\\\/2025\\\/12\\\/6FRxw6KX.jpg\",\"articleSection\":[\"Galeria\",\"Main\"],\"inLanguage\":\"pl-PL\",\"potentialAction\":[{\"@type\":\"CommentAction\",\"name\":\"Comment\",\"target\":[\"http:\\\/\\\/biblioteka-gabin.pl\\\/index.php\\\/2025\\\/12\\\/03\\\/spotkanie-z-bajka-w-przedszkolu-samorzadowym-w-gabinie-motylki-oraz-zabki-02-12-2025r\\\/#respond\"]}]},{\"@type\":\"WebPage\",\"@id\":\"http:\\\/\\\/biblioteka-gabin.pl\\\/index.php\\\/2025\\\/12\\\/03\\\/spotkanie-z-bajka-w-przedszkolu-samorzadowym-w-gabinie-motylki-oraz-zabki-02-12-2025r\\\/\",\"url\":\"http:\\\/\\\/biblioteka-gabin.pl\\\/index.php\\\/2025\\\/12\\\/03\\\/spotkanie-z-bajka-w-przedszkolu-samorzadowym-w-gabinie-motylki-oraz-zabki-02-12-2025r\\\/\",\"name\":\"\\\"Spotkanie z bajk\u0105\\\" w Przedszkolu Samorz\u0105dowym w G\u0105binie- \\\"\\\"Motylki\\\" oraz \\\"\u017babki\\\" (02.12.2025r.) - Miejsko-Gminna Biblioteka Publiczna w G\u0105binie\",\"isPartOf\":{\"@id\":\"https:\\\/\\\/biblioteka-gabin.pl\\\/#website\"},\"primaryImageOfPage\":{\"@id\":\"http:\\\/\\\/biblioteka-gabin.pl\\\/index.php\\\/2025\\\/12\\\/03\\\/spotkanie-z-bajka-w-przedszkolu-samorzadowym-w-gabinie-motylki-oraz-zabki-02-12-2025r\\\/#primaryimage\"},\"image\":{\"@id\":\"http:\\\/\\\/biblioteka-gabin.pl\\\/index.php\\\/2025\\\/12\\\/03\\\/spotkanie-z-bajka-w-przedszkolu-samorzadowym-w-gabinie-motylki-oraz-zabki-02-12-2025r\\\/#primaryimage\"},\"thumbnailUrl\":\"https:\\\/\\\/biblioteka-gabin.pl\\\/wp-content\\\/uploads\\\/2025\\\/12\\\/6FRxw6KX.jpg\",\"datePublished\":\"2025-12-03T13:10:18+00:00\",\"dateModified\":\"2025-12-03T13:10:19+00:00\",\"breadcrumb\":{\"@id\":\"http:\\\/\\\/biblioteka-gabin.pl\\\/index.php\\\/2025\\\/12\\\/03\\\/spotkanie-z-bajka-w-przedszkolu-samorzadowym-w-gabinie-motylki-oraz-zabki-02-12-2025r\\\/#breadcrumb\"},\"inLanguage\":\"pl-PL\",\"potentialAction\":[{\"@type\":\"ReadAction\",\"target\":[\"http:\\\/\\\/biblioteka-gabin.pl\\\/index.php\\\/2025\\\/12\\\/03\\\/spotkanie-z-bajka-w-przedszkolu-samorzadowym-w-gabinie-motylki-oraz-zabki-02-12-2025r\\\/\"]}]},{\"@type\":\"ImageObject\",\"inLanguage\":\"pl-PL\",\"@id\":\"http:\\\/\\\/biblioteka-gabin.pl\\\/index.php\\\/2025\\\/12\\\/03\\\/spotkanie-z-bajka-w-przedszkolu-samorzadowym-w-gabinie-motylki-oraz-zabki-02-12-2025r\\\/#primaryimage\",\"url\":\"https:\\\/\\\/biblioteka-gabin.pl\\\/wp-content\\\/uploads\\\/2025\\\/12\\\/6FRxw6KX.jpg\",\"contentUrl\":\"https:\\\/\\\/biblioteka-gabin.pl\\\/wp-content\\\/uploads\\\/2025\\\/12\\\/6FRxw6KX.jpg\",\"width\":2048,\"height\":1155},{\"@type\":\"BreadcrumbList\",\"@id\":\"http:\\\/\\\/biblioteka-gabin.pl\\\/index.php\\\/2025\\\/12\\\/03\\\/spotkanie-z-bajka-w-przedszkolu-samorzadowym-w-gabinie-motylki-oraz-zabki-02-12-2025r\\\/#breadcrumb\",\"itemListElement\":[{\"@type\":\"ListItem\",\"position\":1,\"name\":\"Strona g\u0142\u00f3wna\",\"item\":\"https:\\\/\\\/biblioteka-gabin.pl\\\/\"},{\"@type\":\"ListItem\",\"position\":2,\"name\":\"&#8222;Spotkanie z bajk\u0105&#8221; w Przedszkolu Samorz\u0105dowym w G\u0105binie- &#8222;&#8221;Motylki&#8221; oraz &#8222;\u017babki&#8221; (02.12.2025r.)\"}]},{\"@type\":\"WebSite\",\"@id\":\"https:\\\/\\\/biblioteka-gabin.pl\\\/#website\",\"url\":\"https:\\\/\\\/biblioteka-gabin.pl\\\/\",\"name\":\"Miejsko-Gminna Biblioteka Publiczna w G\u0105binie\",\"description\":\"\",\"publisher\":{\"@id\":\"https:\\\/\\\/biblioteka-gabin.pl\\\/#organization\"},\"potentialAction\":[{\"@type\":\"SearchAction\",\"target\":{\"@type\":\"EntryPoint\",\"urlTemplate\":\"https:\\\/\\\/biblioteka-gabin.pl\\\/?s={search_term_string}\"},\"query-input\":{\"@type\":\"PropertyValueSpecification\",\"valueRequired\":true,\"valueName\":\"search_term_string\"}}],\"inLanguage\":\"pl-PL\"},{\"@type\":\"Organization\",\"@id\":\"https:\\\/\\\/biblioteka-gabin.pl\\\/#organization\",\"name\":\"Miejsko-Gminna Biblioteka Publiczna w G\u0105binie\",\"url\":\"https:\\\/\\\/biblioteka-gabin.pl\\\/\",\"logo\":{\"@type\":\"ImageObject\",\"inLanguage\":\"pl-PL\",\"@id\":\"https:\\\/\\\/biblioteka-gabin.pl\\\/#\\\/schema\\\/logo\\\/image\\\/\",\"url\":\"https:\\\/\\\/biblioteka-gabin.pl\\\/wp-content\\\/uploads\\\/2025\\\/03\\\/logo-biblioteka-2-1657013691-1.jpg\",\"contentUrl\":\"https:\\\/\\\/biblioteka-gabin.pl\\\/wp-content\\\/uploads\\\/2025\\\/03\\\/logo-biblioteka-2-1657013691-1.jpg\",\"width\":1600,\"height\":772,\"caption\":\"Miejsko-Gminna Biblioteka Publiczna w G\u0105binie\"},\"image\":{\"@id\":\"https:\\\/\\\/biblioteka-gabin.pl\\\/#\\\/schema\\\/logo\\\/image\\\/\"},\"sameAs\":[\"https:\\\/\\\/www.facebook.com\\\/bibliotekagabin\",\"https:\\\/\\\/www.youtube.com\\\/@mgbpgabin9392\"]},{\"@type\":\"Person\",\"@id\":\"https:\\\/\\\/biblioteka-gabin.pl\\\/#\\\/schema\\\/person\\\/c6271403c55804b0c90b1abcdc89a4be\",\"name\":\"j.olejniczak\",\"image\":{\"@type\":\"ImageObject\",\"inLanguage\":\"pl-PL\",\"@id\":\"https:\\\/\\\/secure.gravatar.com\\\/avatar\\\/926a0e21a6bc9c5f3d8b7350eef4c1328c61093f6afee787beeac212421b433a?s=96&d=mm&r=g\",\"url\":\"https:\\\/\\\/secure.gravatar.com\\\/avatar\\\/926a0e21a6bc9c5f3d8b7350eef4c1328c61093f6afee787beeac212421b433a?s=96&d=mm&r=g\",\"contentUrl\":\"https:\\\/\\\/secure.gravatar.com\\\/avatar\\\/926a0e21a6bc9c5f3d8b7350eef4c1328c61093f6afee787beeac212421b433a?s=96&d=mm&r=g\",\"caption\":\"j.olejniczak\"},\"sameAs\":[\"http:\\\/\\\/www.biblioteka-gabin.pl\"],\"url\":\"https:\\\/\\\/biblioteka-gabin.pl\\\/index.php\\\/author\\\/j-olejniczak\\\/\"}]}<\/script>\n<!-- \/ Yoast SEO plugin. -->","yoast_head_json":{"title":"\"Spotkanie z bajk\u0105\" w Przedszkolu Samorz\u0105dowym w G\u0105binie- \"\"Motylki\" oraz \"\u017babki\" (02.12.2025r.) - Miejsko-Gminna Biblioteka Publiczna w G\u0105binie","robots":{"index":"index","follow":"follow","max-snippet":"max-snippet:-1","max-image-preview":"max-image-preview:large","max-video-preview":"max-video-preview:-1"},"canonical":"http:\/\/biblioteka-gabin.pl\/index.php\/2025\/12\/03\/spotkanie-z-bajka-w-przedszkolu-samorzadowym-w-gabinie-motylki-oraz-zabki-02-12-2025r\/","og_locale":"pl_PL","og_type":"article","og_title":"\"Spotkanie z bajk\u0105\" w Przedszkolu Samorz\u0105dowym w G\u0105binie- \"\"Motylki\" oraz \"\u017babki\" (02.12.2025r.) - Miejsko-Gminna Biblioteka Publiczna w G\u0105binie","og_description":"\u00a0\u00a0 Czas \u015bwi\u0105teczny to wyj\u0105tkowo niezapomniane chwile przy ubieraniu choinki,","og_url":"http:\/\/biblioteka-gabin.pl\/index.php\/2025\/12\/03\/spotkanie-z-bajka-w-przedszkolu-samorzadowym-w-gabinie-motylki-oraz-zabki-02-12-2025r\/","og_site_name":"Miejsko-Gminna Biblioteka Publiczna w G\u0105binie","article_publisher":"https:\/\/www.facebook.com\/bibliotekagabin","article_published_time":"2025-12-03T13:10:18+00:00","article_modified_time":"2025-12-03T13:10:19+00:00","og_image":[{"width":2048,"height":1155,"url":"http:\/\/biblioteka-gabin.pl\/wp-content\/uploads\/2025\/12\/6FRxw6KX.jpg","type":"image\/jpeg"}],"author":"j.olejniczak","twitter_card":"summary_large_image","twitter_misc":{"Napisane przez":"j.olejniczak","Szacowany czas czytania":"3 minuty"},"schema":{"@context":"https:\/\/schema.org","@graph":[{"@type":"Article","@id":"http:\/\/biblioteka-gabin.pl\/index.php\/2025\/12\/03\/spotkanie-z-bajka-w-przedszkolu-samorzadowym-w-gabinie-motylki-oraz-zabki-02-12-2025r\/#article","isPartOf":{"@id":"http:\/\/biblioteka-gabin.pl\/index.php\/2025\/12\/03\/spotkanie-z-bajka-w-przedszkolu-samorzadowym-w-gabinie-motylki-oraz-zabki-02-12-2025r\/"},"author":{"name":"j.olejniczak","@id":"https:\/\/biblioteka-gabin.pl\/#\/schema\/person\/c6271403c55804b0c90b1abcdc89a4be"},"headline":"&#8222;Spotkanie z bajk\u0105&#8221; w Przedszkolu Samorz\u0105dowym w G\u0105binie- &#8222;&#8221;Motylki&#8221; oraz &#8222;\u017babki&#8221; (02.12.2025r.)","datePublished":"2025-12-03T13:10:18+00:00","dateModified":"2025-12-03T13:10:19+00:00","mainEntityOfPage":{"@id":"http:\/\/biblioteka-gabin.pl\/index.php\/2025\/12\/03\/spotkanie-z-bajka-w-przedszkolu-samorzadowym-w-gabinie-motylki-oraz-zabki-02-12-2025r\/"},"wordCount":173,"commentCount":0,"publisher":{"@id":"https:\/\/biblioteka-gabin.pl\/#organization"},"image":{"@id":"http:\/\/biblioteka-gabin.pl\/index.php\/2025\/12\/03\/spotkanie-z-bajka-w-przedszkolu-samorzadowym-w-gabinie-motylki-oraz-zabki-02-12-2025r\/#primaryimage"},"thumbnailUrl":"https:\/\/biblioteka-gabin.pl\/wp-content\/uploads\/2025\/12\/6FRxw6KX.jpg","articleSection":["Galeria","Main"],"inLanguage":"pl-PL","potentialAction":[{"@type":"CommentAction","name":"Comment","target":["http:\/\/biblioteka-gabin.pl\/index.php\/2025\/12\/03\/spotkanie-z-bajka-w-przedszkolu-samorzadowym-w-gabinie-motylki-oraz-zabki-02-12-2025r\/#respond"]}]},{"@type":"WebPage","@id":"http:\/\/biblioteka-gabin.pl\/index.php\/2025\/12\/03\/spotkanie-z-bajka-w-przedszkolu-samorzadowym-w-gabinie-motylki-oraz-zabki-02-12-2025r\/","url":"http:\/\/biblioteka-gabin.pl\/index.php\/2025\/12\/03\/spotkanie-z-bajka-w-przedszkolu-samorzadowym-w-gabinie-motylki-oraz-zabki-02-12-2025r\/","name":"\"Spotkanie z bajk\u0105\" w Przedszkolu Samorz\u0105dowym w G\u0105binie- \"\"Motylki\" oraz \"\u017babki\" (02.12.2025r.) - Miejsko-Gminna Biblioteka Publiczna w G\u0105binie","isPartOf":{"@id":"https:\/\/biblioteka-gabin.pl\/#website"},"primaryImageOfPage":{"@id":"http:\/\/biblioteka-gabin.pl\/index.php\/2025\/12\/03\/spotkanie-z-bajka-w-przedszkolu-samorzadowym-w-gabinie-motylki-oraz-zabki-02-12-2025r\/#primaryimage"},"image":{"@id":"http:\/\/biblioteka-gabin.pl\/index.php\/2025\/12\/03\/spotkanie-z-bajka-w-przedszkolu-samorzadowym-w-gabinie-motylki-oraz-zabki-02-12-2025r\/#primaryimage"},"thumbnailUrl":"https:\/\/biblioteka-gabin.pl\/wp-content\/uploads\/2025\/12\/6FRxw6KX.jpg","datePublished":"2025-12-03T13:10:18+00:00","dateModified":"2025-12-03T13:10:19+00:00","breadcrumb":{"@id":"http:\/\/biblioteka-gabin.pl\/index.php\/2025\/12\/03\/spotkanie-z-bajka-w-przedszkolu-samorzadowym-w-gabinie-motylki-oraz-zabki-02-12-2025r\/#breadcrumb"},"inLanguage":"pl-PL","potentialAction":[{"@type":"ReadAction","target":["http:\/\/biblioteka-gabin.pl\/index.php\/2025\/12\/03\/spotkanie-z-bajka-w-przedszkolu-samorzadowym-w-gabinie-motylki-oraz-zabki-02-12-2025r\/"]}]},{"@type":"ImageObject","inLanguage":"pl-PL","@id":"http:\/\/biblioteka-gabin.pl\/index.php\/2025\/12\/03\/spotkanie-z-bajka-w-przedszkolu-samorzadowym-w-gabinie-motylki-oraz-zabki-02-12-2025r\/#primaryimage","url":"https:\/\/biblioteka-gabin.pl\/wp-content\/uploads\/2025\/12\/6FRxw6KX.jpg","contentUrl":"https:\/\/biblioteka-gabin.pl\/wp-content\/uploads\/2025\/12\/6FRxw6KX.jpg","width":2048,"height":1155},{"@type":"BreadcrumbList","@id":"http:\/\/biblioteka-gabin.pl\/index.php\/2025\/12\/03\/spotkanie-z-bajka-w-przedszkolu-samorzadowym-w-gabinie-motylki-oraz-zabki-02-12-2025r\/#breadcrumb","itemListElement":[{"@type":"ListItem","position":1,"name":"Strona g\u0142\u00f3wna","item":"https:\/\/biblioteka-gabin.pl\/"},{"@type":"ListItem","position":2,"name":"&#8222;Spotkanie z bajk\u0105&#8221; w Przedszkolu Samorz\u0105dowym w G\u0105binie- &#8222;&#8221;Motylki&#8221; oraz &#8222;\u017babki&#8221; (02.12.2025r.)"}]},{"@type":"WebSite","@id":"https:\/\/biblioteka-gabin.pl\/#website","url":"https:\/\/biblioteka-gabin.pl\/","name":"Miejsko-Gminna Biblioteka Publiczna w G\u0105binie","description":"","publisher":{"@id":"https:\/\/biblioteka-gabin.pl\/#organization"},"potentialAction":[{"@type":"SearchAction","target":{"@type":"EntryPoint","urlTemplate":"https:\/\/biblioteka-gabin.pl\/?s={search_term_string}"},"query-input":{"@type":"PropertyValueSpecification","valueRequired":true,"valueName":"search_term_string"}}],"inLanguage":"pl-PL"},{"@type":"Organization","@id":"https:\/\/biblioteka-gabin.pl\/#organization","name":"Miejsko-Gminna Biblioteka Publiczna w G\u0105binie","url":"https:\/\/biblioteka-gabin.pl\/","logo":{"@type":"ImageObject","inLanguage":"pl-PL","@id":"https:\/\/biblioteka-gabin.pl\/#\/schema\/logo\/image\/","url":"https:\/\/biblioteka-gabin.pl\/wp-content\/uploads\/2025\/03\/logo-biblioteka-2-1657013691-1.jpg","contentUrl":"https:\/\/biblioteka-gabin.pl\/wp-content\/uploads\/2025\/03\/logo-biblioteka-2-1657013691-1.jpg","width":1600,"height":772,"caption":"Miejsko-Gminna Biblioteka Publiczna w G\u0105binie"},"image":{"@id":"https:\/\/biblioteka-gabin.pl\/#\/schema\/logo\/image\/"},"sameAs":["https:\/\/www.facebook.com\/bibliotekagabin","https:\/\/www.youtube.com\/@mgbpgabin9392"]},{"@type":"Person","@id":"https:\/\/biblioteka-gabin.pl\/#\/schema\/person\/c6271403c55804b0c90b1abcdc89a4be","name":"j.olejniczak","image":{"@type":"ImageObject","inLanguage":"pl-PL","@id":"https:\/\/secure.gravatar.com\/avatar\/926a0e21a6bc9c5f3d8b7350eef4c1328c61093f6afee787beeac212421b433a?s=96&d=mm&r=g","url":"https:\/\/secure.gravatar.com\/avatar\/926a0e21a6bc9c5f3d8b7350eef4c1328c61093f6afee787beeac212421b433a?s=96&d=mm&r=g","contentUrl":"https:\/\/secure.gravatar.com\/avatar\/926a0e21a6bc9c5f3d8b7350eef4c1328c61093f6afee787beeac212421b433a?s=96&d=mm&r=g","caption":"j.olejniczak"},"sameAs":["http:\/\/www.biblioteka-gabin.pl"],"url":"https:\/\/biblioteka-gabin.pl\/index.php\/author\/j-olejniczak\/"}]}},"_links":{"self":[{"href":"https:\/\/biblioteka-gabin.pl\/index.php\/wp-json\/wp\/v2\/posts\/9944","targetHints":{"allow":["GET"]}}],"collection":[{"href":"https:\/\/biblioteka-gabin.pl\/index.php\/wp-json\/wp\/v2\/posts"}],"about":[{"href":"https:\/\/biblioteka-gabin.pl\/index.php\/wp-json\/wp\/v2\/types\/post"}],"author":[{"embeddable":true,"href":"https:\/\/biblioteka-gabin.pl\/index.php\/wp-json\/wp\/v2\/users\/5"}],"replies":[{"embeddable":true,"href":"https:\/\/biblioteka-gabin.pl\/index.php\/wp-json\/wp\/v2\/comments?post=9944"}],"version-history":[{"count":1,"href":"https:\/\/biblioteka-gabin.pl\/index.php\/wp-json\/wp\/v2\/posts\/9944\/revisions"}],"predecessor-version":[{"id":9956,"href":"https:\/\/biblioteka-gabin.pl\/index.php\/wp-json\/wp\/v2\/posts\/9944\/revisions\/9956"}],"wp:featuredmedia":[{"embeddable":true,"href":"https:\/\/biblioteka-gabin.pl\/index.php\/wp-json\/wp\/v2\/media\/9946"}],"wp:attachment":[{"href":"https:\/\/biblioteka-gabin.pl\/index.php\/wp-json\/wp\/v2\/media?parent=9944"}],"wp:term":[{"taxonomy":"category","embeddable":true,"href":"https:\/\/biblioteka-gabin.pl\/index.php\/wp-json\/wp\/v2\/categories?post=9944"},{"taxonomy":"post_tag","embeddable":true,"href":"https:\/\/biblioteka-gabin.pl\/index.php\/wp-json\/wp\/v2\/tags?post=9944"}],"curies":[{"name":"wp","href":"https:\/\/api.w.org\/{rel}","templated":true}]}}