{"id":9957,"date":"2025-12-03T15:07:16","date_gmt":"2025-12-03T15:07:16","guid":{"rendered":"https:\/\/biblioteka-gabin.pl\/?p=9957"},"modified":"2025-12-03T15:07:17","modified_gmt":"2025-12-03T15:07:17","slug":"spotkanie-z-bajka-w-oddziale-przedszkolnym-przy-szkole-podstawowej-w-gabinie-gumisie-18-11-2025-oraz-elfy-02-12-2025","status":"publish","type":"post","link":"https:\/\/biblioteka-gabin.pl\/index.php\/2025\/12\/03\/spotkanie-z-bajka-w-oddziale-przedszkolnym-przy-szkole-podstawowej-w-gabinie-gumisie-18-11-2025-oraz-elfy-02-12-2025\/","title":{"rendered":"&#8222;Spotkanie z bajk\u0105&#8221; w Oddziale Przedszkolnym przy Szkole Podstawowej w G\u0105binie- &#8222;Gumisie (18.11.2025) oraz &#8222;Elfy&#8221; (02.12.2025)"},"content":{"rendered":"\n<p>&nbsp;&nbsp;&nbsp; W minionym tygodniu go\u015bci\u0142am w Oddziale Przedszkolnym przy Szkole Podstawowej w G\u0105binie u grupy \u201eGumisie\u201d, kt\u00f3rym to zaprezentowa\u0142am&nbsp; ksi\u0105\u017cki: J. Chapman pt. \u201eNie tak mia\u0142o by\u0107\u201d oraz M. Graffi &nbsp;pt. \u201eCzym jest mi\u0142o\u015b\u0107?\u201d. Porozmawia\u0142am z moimi s\u0142uchaczami o tym jak\u017ce wa\u017cnym uczuciu- mi\u0142o\u015bci: z czym im si\u0119 kojarzy?;gdzie mo\u017cna j\u0105 spotka\u0107?; czy ma jaki\u015b kszta\u0142t? Dzieci podawa\u0142y przyk\u0142ady, doskonale odpowiadaj\u0105c na ka\u017cde z nich.<\/p>\n\n\n\n<p>&nbsp;&nbsp;&nbsp;&nbsp; Grupa \u201eElfy\u201d wys\u0142ucha\u0142a ksi\u0105\u017cek o tematyce \u015bwi\u0105tecznej. Opowie\u015b\u0107 E. Piotrowskiej pt. \u201e\u015awi\u0119ta Tupcia Chrupcia\u201d sprawi\u0142a, \u017ce dzieci z du\u017cym zainteresowaniem czekali na kolejn\u0105 dawk\u0119 \u015bwi\u0105tecznej przygody ma\u0142ego bohatera. Podobnie by\u0142o z kolejn\u0105 zaprezentowan\u0105 bajk\u0105 D. Hendry pt. \u201ePi\u0119kne bia\u0142e Bo\u017ce Narodzenie\u201d. Ta opowie\u015b\u0107 o ma\u0142ej Myszce, kt\u00f3ra nigdy nie widzia\u0142a \u015bniegu- do\u015b\u0107 mocno zdziwi\u0142a wszystkie dzieci.<\/p>\n\n\n\n<p>\u015alicznie dzi\u0119kuj\u0119 za ten wsp\u00f3lnie sp\u0119dzony czas oraz za wspania\u0142y prezent, kt\u00f3ry zdobi bibliotek\u0119 w G\u0105binie.<\/p>\n\n\n\n<figure class=\"wp-block-image size-large\"><img loading=\"lazy\" decoding=\"async\" width=\"1024\" height=\"768\" src=\"https:\/\/biblioteka-gabin.pl\/wp-content\/uploads\/2025\/12\/l1LoepDS-1024x768.jpg\" alt=\"\" class=\"wp-image-9958\" srcset=\"https:\/\/biblioteka-gabin.pl\/wp-content\/uploads\/2025\/12\/l1LoepDS-1024x768.jpg 1024w, https:\/\/biblioteka-gabin.pl\/wp-content\/uploads\/2025\/12\/l1LoepDS-300x225.jpg 300w, https:\/\/biblioteka-gabin.pl\/wp-content\/uploads\/2025\/12\/l1LoepDS-768x576.jpg 768w, https:\/\/biblioteka-gabin.pl\/wp-content\/uploads\/2025\/12\/l1LoepDS-1536x1152.jpg 1536w, https:\/\/biblioteka-gabin.pl\/wp-content\/uploads\/2025\/12\/l1LoepDS.jpg 2048w\" sizes=\"auto, (max-width: 1024px) 100vw, 1024px\" \/><\/figure>\n\n\n\n<figure class=\"wp-block-image size-large\"><img loading=\"lazy\" decoding=\"async\" width=\"768\" height=\"1024\" src=\"https:\/\/biblioteka-gabin.pl\/wp-content\/uploads\/2025\/12\/EUT4XyDk-768x1024.jpg\" alt=\"\" class=\"wp-image-9959\" srcset=\"https:\/\/biblioteka-gabin.pl\/wp-content\/uploads\/2025\/12\/EUT4XyDk-768x1024.jpg 768w, https:\/\/biblioteka-gabin.pl\/wp-content\/uploads\/2025\/12\/EUT4XyDk-225x300.jpg 225w, https:\/\/biblioteka-gabin.pl\/wp-content\/uploads\/2025\/12\/EUT4XyDk-1152x1536.jpg 1152w, https:\/\/biblioteka-gabin.pl\/wp-content\/uploads\/2025\/12\/EUT4XyDk-1024x1365.jpg 1024w, https:\/\/biblioteka-gabin.pl\/wp-content\/uploads\/2025\/12\/EUT4XyDk.jpg 1536w\" sizes=\"auto, (max-width: 768px) 100vw, 768px\" \/><\/figure>\n\n\n\n<figure class=\"wp-block-image size-large\"><img loading=\"lazy\" decoding=\"async\" width=\"1024\" height=\"768\" src=\"https:\/\/biblioteka-gabin.pl\/wp-content\/uploads\/2025\/12\/IDEHxGdu-1024x768.jpg\" alt=\"\" class=\"wp-image-9960\" srcset=\"https:\/\/biblioteka-gabin.pl\/wp-content\/uploads\/2025\/12\/IDEHxGdu-1024x768.jpg 1024w, https:\/\/biblioteka-gabin.pl\/wp-content\/uploads\/2025\/12\/IDEHxGdu-300x225.jpg 300w, https:\/\/biblioteka-gabin.pl\/wp-content\/uploads\/2025\/12\/IDEHxGdu-768x576.jpg 768w, https:\/\/biblioteka-gabin.pl\/wp-content\/uploads\/2025\/12\/IDEHxGdu-1536x1152.jpg 1536w, https:\/\/biblioteka-gabin.pl\/wp-content\/uploads\/2025\/12\/IDEHxGdu.jpg 2048w\" sizes=\"auto, (max-width: 1024px) 100vw, 1024px\" \/><\/figure>\n\n\n\n<figure class=\"wp-block-image size-large\"><img loading=\"lazy\" decoding=\"async\" width=\"1024\" height=\"578\" src=\"https:\/\/biblioteka-gabin.pl\/wp-content\/uploads\/2025\/12\/kTcQcu_k-1024x578.jpg\" alt=\"\" class=\"wp-image-9961\" srcset=\"https:\/\/biblioteka-gabin.pl\/wp-content\/uploads\/2025\/12\/kTcQcu_k-1024x578.jpg 1024w, https:\/\/biblioteka-gabin.pl\/wp-content\/uploads\/2025\/12\/kTcQcu_k-300x169.jpg 300w, https:\/\/biblioteka-gabin.pl\/wp-content\/uploads\/2025\/12\/kTcQcu_k-768x433.jpg 768w, https:\/\/biblioteka-gabin.pl\/wp-content\/uploads\/2025\/12\/kTcQcu_k-1536x866.jpg 1536w, https:\/\/biblioteka-gabin.pl\/wp-content\/uploads\/2025\/12\/kTcQcu_k.jpg 2048w\" sizes=\"auto, (max-width: 1024px) 100vw, 1024px\" \/><\/figure>\n\n\n\n<figure class=\"wp-block-image size-large\"><img loading=\"lazy\" decoding=\"async\" width=\"1024\" height=\"768\" src=\"https:\/\/biblioteka-gabin.pl\/wp-content\/uploads\/2025\/12\/NatM2Duk-1024x768.jpg\" alt=\"\" class=\"wp-image-9962\" srcset=\"https:\/\/biblioteka-gabin.pl\/wp-content\/uploads\/2025\/12\/NatM2Duk-1024x768.jpg 1024w, https:\/\/biblioteka-gabin.pl\/wp-content\/uploads\/2025\/12\/NatM2Duk-300x225.jpg 300w, https:\/\/biblioteka-gabin.pl\/wp-content\/uploads\/2025\/12\/NatM2Duk-768x576.jpg 768w, https:\/\/biblioteka-gabin.pl\/wp-content\/uploads\/2025\/12\/NatM2Duk-1536x1152.jpg 1536w, https:\/\/biblioteka-gabin.pl\/wp-content\/uploads\/2025\/12\/NatM2Duk.jpg 2048w\" sizes=\"auto, (max-width: 1024px) 100vw, 1024px\" \/><\/figure>\n\n\n\n<figure class=\"wp-block-image size-large\"><img loading=\"lazy\" decoding=\"async\" width=\"768\" height=\"1024\" src=\"https:\/\/biblioteka-gabin.pl\/wp-content\/uploads\/2025\/12\/onL7hRNG-768x1024.jpg\" alt=\"\" class=\"wp-image-9963\" srcset=\"https:\/\/biblioteka-gabin.pl\/wp-content\/uploads\/2025\/12\/onL7hRNG-768x1024.jpg 768w, https:\/\/biblioteka-gabin.pl\/wp-content\/uploads\/2025\/12\/onL7hRNG-225x300.jpg 225w, https:\/\/biblioteka-gabin.pl\/wp-content\/uploads\/2025\/12\/onL7hRNG-1152x1536.jpg 1152w, https:\/\/biblioteka-gabin.pl\/wp-content\/uploads\/2025\/12\/onL7hRNG-1024x1365.jpg 1024w, https:\/\/biblioteka-gabin.pl\/wp-content\/uploads\/2025\/12\/onL7hRNG.jpg 1536w\" sizes=\"auto, (max-width: 768px) 100vw, 768px\" \/><\/figure>\n\n\n\n<figure class=\"wp-block-image size-large\"><img loading=\"lazy\" decoding=\"async\" width=\"1024\" height=\"768\" src=\"https:\/\/biblioteka-gabin.pl\/wp-content\/uploads\/2025\/12\/PyTJGHHI-1024x768.jpg\" alt=\"\" class=\"wp-image-9964\" srcset=\"https:\/\/biblioteka-gabin.pl\/wp-content\/uploads\/2025\/12\/PyTJGHHI-1024x768.jpg 1024w, https:\/\/biblioteka-gabin.pl\/wp-content\/uploads\/2025\/12\/PyTJGHHI-300x225.jpg 300w, https:\/\/biblioteka-gabin.pl\/wp-content\/uploads\/2025\/12\/PyTJGHHI-768x576.jpg 768w, https:\/\/biblioteka-gabin.pl\/wp-content\/uploads\/2025\/12\/PyTJGHHI-1536x1152.jpg 1536w, https:\/\/biblioteka-gabin.pl\/wp-content\/uploads\/2025\/12\/PyTJGHHI.jpg 2048w\" sizes=\"auto, (max-width: 1024px) 100vw, 1024px\" \/><\/figure>\n\n\n\n<figure class=\"wp-block-image size-large\"><img loading=\"lazy\" decoding=\"async\" width=\"1024\" height=\"578\" src=\"https:\/\/biblioteka-gabin.pl\/wp-content\/uploads\/2025\/12\/ukre9enl-1024x578.jpg\" alt=\"\" class=\"wp-image-9965\" srcset=\"https:\/\/biblioteka-gabin.pl\/wp-content\/uploads\/2025\/12\/ukre9enl-1024x578.jpg 1024w, https:\/\/biblioteka-gabin.pl\/wp-content\/uploads\/2025\/12\/ukre9enl-300x169.jpg 300w, https:\/\/biblioteka-gabin.pl\/wp-content\/uploads\/2025\/12\/ukre9enl-768x433.jpg 768w, https:\/\/biblioteka-gabin.pl\/wp-content\/uploads\/2025\/12\/ukre9enl-1536x866.jpg 1536w, https:\/\/biblioteka-gabin.pl\/wp-content\/uploads\/2025\/12\/ukre9enl.jpg 2048w\" sizes=\"auto, (max-width: 1024px) 100vw, 1024px\" \/><\/figure>\n\n\n\n<figure class=\"wp-block-image size-large\"><img loading=\"lazy\" decoding=\"async\" width=\"1024\" height=\"768\" src=\"https:\/\/biblioteka-gabin.pl\/wp-content\/uploads\/2025\/12\/X77E_J1U-1024x768.jpg\" alt=\"\" class=\"wp-image-9966\" srcset=\"https:\/\/biblioteka-gabin.pl\/wp-content\/uploads\/2025\/12\/X77E_J1U-1024x768.jpg 1024w, https:\/\/biblioteka-gabin.pl\/wp-content\/uploads\/2025\/12\/X77E_J1U-300x225.jpg 300w, https:\/\/biblioteka-gabin.pl\/wp-content\/uploads\/2025\/12\/X77E_J1U-768x576.jpg 768w, https:\/\/biblioteka-gabin.pl\/wp-content\/uploads\/2025\/12\/X77E_J1U-1536x1152.jpg 1536w, https:\/\/biblioteka-gabin.pl\/wp-content\/uploads\/2025\/12\/X77E_J1U.jpg 2048w\" sizes=\"auto, (max-width: 1024px) 100vw, 1024px\" \/><\/figure>\n","protected":false},"excerpt":{"rendered":"<p>&nbsp;&nbsp;&nbsp; W minionym tygodniu go\u015bci\u0142am w Oddziale Przedszkolnym przy Szkole<\/p>\n","protected":false},"author":5,"featured_media":9958,"comment_status":"open","ping_status":"open","sticky":false,"template":"","format":"standard","meta":{"footnotes":""},"categories":[37,36],"tags":[],"class_list":["post-9957","post","type-post","status-publish","format-standard","has-post-thumbnail","hentry","category-galeria","category-main"],"yoast_head":"<!-- This site is optimized with the Yoast SEO plugin v27.4 - https:\/\/yoast.com\/product\/yoast-seo-wordpress\/ -->\n<title>&quot;Spotkanie z bajk\u0105&quot; w Oddziale Przedszkolnym przy Szkole Podstawowej w G\u0105binie- &quot;Gumisie (18.11.2025) oraz &quot;Elfy&quot; (02.12.2025) - Miejsko-Gminna Biblioteka Publiczna w G\u0105binie<\/title>\n<meta name=\"robots\" content=\"index, follow, max-snippet:-1, max-image-preview:large, max-video-preview:-1\" \/>\n<link rel=\"canonical\" href=\"http:\/\/biblioteka-gabin.pl\/index.php\/2025\/12\/03\/spotkanie-z-bajka-w-oddziale-przedszkolnym-przy-szkole-podstawowej-w-gabinie-gumisie-18-11-2025-oraz-elfy-02-12-2025\/\" \/>\n<meta property=\"og:locale\" content=\"pl_PL\" \/>\n<meta property=\"og:type\" content=\"article\" \/>\n<meta property=\"og:title\" content=\"&quot;Spotkanie z bajk\u0105&quot; w Oddziale Przedszkolnym przy Szkole Podstawowej w G\u0105binie- &quot;Gumisie (18.11.2025) oraz &quot;Elfy&quot; (02.12.2025) - Miejsko-Gminna Biblioteka Publiczna w G\u0105binie\" \/>\n<meta property=\"og:description\" content=\"&nbsp;&nbsp;&nbsp; W minionym tygodniu go\u015bci\u0142am w Oddziale Przedszkolnym przy Szkole\" \/>\n<meta property=\"og:url\" content=\"http:\/\/biblioteka-gabin.pl\/index.php\/2025\/12\/03\/spotkanie-z-bajka-w-oddziale-przedszkolnym-przy-szkole-podstawowej-w-gabinie-gumisie-18-11-2025-oraz-elfy-02-12-2025\/\" \/>\n<meta property=\"og:site_name\" content=\"Miejsko-Gminna Biblioteka Publiczna w G\u0105binie\" \/>\n<meta property=\"article:publisher\" content=\"https:\/\/www.facebook.com\/bibliotekagabin\" \/>\n<meta property=\"article:published_time\" content=\"2025-12-03T15:07:16+00:00\" \/>\n<meta property=\"article:modified_time\" content=\"2025-12-03T15:07:17+00:00\" \/>\n<meta property=\"og:image\" content=\"http:\/\/biblioteka-gabin.pl\/wp-content\/uploads\/2025\/12\/l1LoepDS.jpg\" \/>\n\t<meta property=\"og:image:width\" content=\"2048\" \/>\n\t<meta property=\"og:image:height\" content=\"1536\" \/>\n\t<meta property=\"og:image:type\" content=\"image\/jpeg\" \/>\n<meta name=\"author\" content=\"j.olejniczak\" \/>\n<meta name=\"twitter:card\" content=\"summary_large_image\" \/>\n<meta name=\"twitter:label1\" content=\"Napisane przez\" \/>\n\t<meta name=\"twitter:data1\" content=\"j.olejniczak\" \/>\n\t<meta name=\"twitter:label2\" content=\"Szacowany czas czytania\" \/>\n\t<meta name=\"twitter:data2\" content=\"3 minuty\" \/>\n<script type=\"application\/ld+json\" class=\"yoast-schema-graph\">{\"@context\":\"https:\\\/\\\/schema.org\",\"@graph\":[{\"@type\":\"Article\",\"@id\":\"http:\\\/\\\/biblioteka-gabin.pl\\\/index.php\\\/2025\\\/12\\\/03\\\/spotkanie-z-bajka-w-oddziale-przedszkolnym-przy-szkole-podstawowej-w-gabinie-gumisie-18-11-2025-oraz-elfy-02-12-2025\\\/#article\",\"isPartOf\":{\"@id\":\"http:\\\/\\\/biblioteka-gabin.pl\\\/index.php\\\/2025\\\/12\\\/03\\\/spotkanie-z-bajka-w-oddziale-przedszkolnym-przy-szkole-podstawowej-w-gabinie-gumisie-18-11-2025-oraz-elfy-02-12-2025\\\/\"},\"author\":{\"name\":\"j.olejniczak\",\"@id\":\"https:\\\/\\\/biblioteka-gabin.pl\\\/#\\\/schema\\\/person\\\/c6271403c55804b0c90b1abcdc89a4be\"},\"headline\":\"&#8222;Spotkanie z bajk\u0105&#8221; w Oddziale Przedszkolnym przy Szkole Podstawowej w G\u0105binie- &#8222;Gumisie (18.11.2025) oraz &#8222;Elfy&#8221; (02.12.2025)\",\"datePublished\":\"2025-12-03T15:07:16+00:00\",\"dateModified\":\"2025-12-03T15:07:17+00:00\",\"mainEntityOfPage\":{\"@id\":\"http:\\\/\\\/biblioteka-gabin.pl\\\/index.php\\\/2025\\\/12\\\/03\\\/spotkanie-z-bajka-w-oddziale-przedszkolnym-przy-szkole-podstawowej-w-gabinie-gumisie-18-11-2025-oraz-elfy-02-12-2025\\\/\"},\"wordCount\":204,\"commentCount\":0,\"publisher\":{\"@id\":\"https:\\\/\\\/biblioteka-gabin.pl\\\/#organization\"},\"image\":{\"@id\":\"http:\\\/\\\/biblioteka-gabin.pl\\\/index.php\\\/2025\\\/12\\\/03\\\/spotkanie-z-bajka-w-oddziale-przedszkolnym-przy-szkole-podstawowej-w-gabinie-gumisie-18-11-2025-oraz-elfy-02-12-2025\\\/#primaryimage\"},\"thumbnailUrl\":\"https:\\\/\\\/biblioteka-gabin.pl\\\/wp-content\\\/uploads\\\/2025\\\/12\\\/l1LoepDS.jpg\",\"articleSection\":[\"Galeria\",\"Main\"],\"inLanguage\":\"pl-PL\",\"potentialAction\":[{\"@type\":\"CommentAction\",\"name\":\"Comment\",\"target\":[\"http:\\\/\\\/biblioteka-gabin.pl\\\/index.php\\\/2025\\\/12\\\/03\\\/spotkanie-z-bajka-w-oddziale-przedszkolnym-przy-szkole-podstawowej-w-gabinie-gumisie-18-11-2025-oraz-elfy-02-12-2025\\\/#respond\"]}]},{\"@type\":\"WebPage\",\"@id\":\"http:\\\/\\\/biblioteka-gabin.pl\\\/index.php\\\/2025\\\/12\\\/03\\\/spotkanie-z-bajka-w-oddziale-przedszkolnym-przy-szkole-podstawowej-w-gabinie-gumisie-18-11-2025-oraz-elfy-02-12-2025\\\/\",\"url\":\"http:\\\/\\\/biblioteka-gabin.pl\\\/index.php\\\/2025\\\/12\\\/03\\\/spotkanie-z-bajka-w-oddziale-przedszkolnym-przy-szkole-podstawowej-w-gabinie-gumisie-18-11-2025-oraz-elfy-02-12-2025\\\/\",\"name\":\"\\\"Spotkanie z bajk\u0105\\\" w Oddziale Przedszkolnym przy Szkole Podstawowej w G\u0105binie- \\\"Gumisie (18.11.2025) oraz \\\"Elfy\\\" (02.12.2025) - Miejsko-Gminna Biblioteka Publiczna w G\u0105binie\",\"isPartOf\":{\"@id\":\"https:\\\/\\\/biblioteka-gabin.pl\\\/#website\"},\"primaryImageOfPage\":{\"@id\":\"http:\\\/\\\/biblioteka-gabin.pl\\\/index.php\\\/2025\\\/12\\\/03\\\/spotkanie-z-bajka-w-oddziale-przedszkolnym-przy-szkole-podstawowej-w-gabinie-gumisie-18-11-2025-oraz-elfy-02-12-2025\\\/#primaryimage\"},\"image\":{\"@id\":\"http:\\\/\\\/biblioteka-gabin.pl\\\/index.php\\\/2025\\\/12\\\/03\\\/spotkanie-z-bajka-w-oddziale-przedszkolnym-przy-szkole-podstawowej-w-gabinie-gumisie-18-11-2025-oraz-elfy-02-12-2025\\\/#primaryimage\"},\"thumbnailUrl\":\"https:\\\/\\\/biblioteka-gabin.pl\\\/wp-content\\\/uploads\\\/2025\\\/12\\\/l1LoepDS.jpg\",\"datePublished\":\"2025-12-03T15:07:16+00:00\",\"dateModified\":\"2025-12-03T15:07:17+00:00\",\"breadcrumb\":{\"@id\":\"http:\\\/\\\/biblioteka-gabin.pl\\\/index.php\\\/2025\\\/12\\\/03\\\/spotkanie-z-bajka-w-oddziale-przedszkolnym-przy-szkole-podstawowej-w-gabinie-gumisie-18-11-2025-oraz-elfy-02-12-2025\\\/#breadcrumb\"},\"inLanguage\":\"pl-PL\",\"potentialAction\":[{\"@type\":\"ReadAction\",\"target\":[\"http:\\\/\\\/biblioteka-gabin.pl\\\/index.php\\\/2025\\\/12\\\/03\\\/spotkanie-z-bajka-w-oddziale-przedszkolnym-przy-szkole-podstawowej-w-gabinie-gumisie-18-11-2025-oraz-elfy-02-12-2025\\\/\"]}]},{\"@type\":\"ImageObject\",\"inLanguage\":\"pl-PL\",\"@id\":\"http:\\\/\\\/biblioteka-gabin.pl\\\/index.php\\\/2025\\\/12\\\/03\\\/spotkanie-z-bajka-w-oddziale-przedszkolnym-przy-szkole-podstawowej-w-gabinie-gumisie-18-11-2025-oraz-elfy-02-12-2025\\\/#primaryimage\",\"url\":\"https:\\\/\\\/biblioteka-gabin.pl\\\/wp-content\\\/uploads\\\/2025\\\/12\\\/l1LoepDS.jpg\",\"contentUrl\":\"https:\\\/\\\/biblioteka-gabin.pl\\\/wp-content\\\/uploads\\\/2025\\\/12\\\/l1LoepDS.jpg\",\"width\":2048,\"height\":1536},{\"@type\":\"BreadcrumbList\",\"@id\":\"http:\\\/\\\/biblioteka-gabin.pl\\\/index.php\\\/2025\\\/12\\\/03\\\/spotkanie-z-bajka-w-oddziale-przedszkolnym-przy-szkole-podstawowej-w-gabinie-gumisie-18-11-2025-oraz-elfy-02-12-2025\\\/#breadcrumb\",\"itemListElement\":[{\"@type\":\"ListItem\",\"position\":1,\"name\":\"Strona g\u0142\u00f3wna\",\"item\":\"https:\\\/\\\/biblioteka-gabin.pl\\\/\"},{\"@type\":\"ListItem\",\"position\":2,\"name\":\"&#8222;Spotkanie z bajk\u0105&#8221; w Oddziale Przedszkolnym przy Szkole Podstawowej w G\u0105binie- &#8222;Gumisie (18.11.2025) oraz &#8222;Elfy&#8221; (02.12.2025)\"}]},{\"@type\":\"WebSite\",\"@id\":\"https:\\\/\\\/biblioteka-gabin.pl\\\/#website\",\"url\":\"https:\\\/\\\/biblioteka-gabin.pl\\\/\",\"name\":\"Miejsko-Gminna Biblioteka Publiczna w G\u0105binie\",\"description\":\"\",\"publisher\":{\"@id\":\"https:\\\/\\\/biblioteka-gabin.pl\\\/#organization\"},\"potentialAction\":[{\"@type\":\"SearchAction\",\"target\":{\"@type\":\"EntryPoint\",\"urlTemplate\":\"https:\\\/\\\/biblioteka-gabin.pl\\\/?s={search_term_string}\"},\"query-input\":{\"@type\":\"PropertyValueSpecification\",\"valueRequired\":true,\"valueName\":\"search_term_string\"}}],\"inLanguage\":\"pl-PL\"},{\"@type\":\"Organization\",\"@id\":\"https:\\\/\\\/biblioteka-gabin.pl\\\/#organization\",\"name\":\"Miejsko-Gminna Biblioteka Publiczna w G\u0105binie\",\"url\":\"https:\\\/\\\/biblioteka-gabin.pl\\\/\",\"logo\":{\"@type\":\"ImageObject\",\"inLanguage\":\"pl-PL\",\"@id\":\"https:\\\/\\\/biblioteka-gabin.pl\\\/#\\\/schema\\\/logo\\\/image\\\/\",\"url\":\"https:\\\/\\\/biblioteka-gabin.pl\\\/wp-content\\\/uploads\\\/2025\\\/03\\\/logo-biblioteka-2-1657013691-1.jpg\",\"contentUrl\":\"https:\\\/\\\/biblioteka-gabin.pl\\\/wp-content\\\/uploads\\\/2025\\\/03\\\/logo-biblioteka-2-1657013691-1.jpg\",\"width\":1600,\"height\":772,\"caption\":\"Miejsko-Gminna Biblioteka Publiczna w G\u0105binie\"},\"image\":{\"@id\":\"https:\\\/\\\/biblioteka-gabin.pl\\\/#\\\/schema\\\/logo\\\/image\\\/\"},\"sameAs\":[\"https:\\\/\\\/www.facebook.com\\\/bibliotekagabin\",\"https:\\\/\\\/www.youtube.com\\\/@mgbpgabin9392\"]},{\"@type\":\"Person\",\"@id\":\"https:\\\/\\\/biblioteka-gabin.pl\\\/#\\\/schema\\\/person\\\/c6271403c55804b0c90b1abcdc89a4be\",\"name\":\"j.olejniczak\",\"image\":{\"@type\":\"ImageObject\",\"inLanguage\":\"pl-PL\",\"@id\":\"https:\\\/\\\/secure.gravatar.com\\\/avatar\\\/926a0e21a6bc9c5f3d8b7350eef4c1328c61093f6afee787beeac212421b433a?s=96&d=mm&r=g\",\"url\":\"https:\\\/\\\/secure.gravatar.com\\\/avatar\\\/926a0e21a6bc9c5f3d8b7350eef4c1328c61093f6afee787beeac212421b433a?s=96&d=mm&r=g\",\"contentUrl\":\"https:\\\/\\\/secure.gravatar.com\\\/avatar\\\/926a0e21a6bc9c5f3d8b7350eef4c1328c61093f6afee787beeac212421b433a?s=96&d=mm&r=g\",\"caption\":\"j.olejniczak\"},\"sameAs\":[\"http:\\\/\\\/www.biblioteka-gabin.pl\"],\"url\":\"https:\\\/\\\/biblioteka-gabin.pl\\\/index.php\\\/author\\\/j-olejniczak\\\/\"}]}<\/script>\n<!-- \/ Yoast SEO plugin. -->","yoast_head_json":{"title":"\"Spotkanie z bajk\u0105\" w Oddziale Przedszkolnym przy Szkole Podstawowej w G\u0105binie- \"Gumisie (18.11.2025) oraz \"Elfy\" (02.12.2025) - Miejsko-Gminna Biblioteka Publiczna w G\u0105binie","robots":{"index":"index","follow":"follow","max-snippet":"max-snippet:-1","max-image-preview":"max-image-preview:large","max-video-preview":"max-video-preview:-1"},"canonical":"http:\/\/biblioteka-gabin.pl\/index.php\/2025\/12\/03\/spotkanie-z-bajka-w-oddziale-przedszkolnym-przy-szkole-podstawowej-w-gabinie-gumisie-18-11-2025-oraz-elfy-02-12-2025\/","og_locale":"pl_PL","og_type":"article","og_title":"\"Spotkanie z bajk\u0105\" w Oddziale Przedszkolnym przy Szkole Podstawowej w G\u0105binie- \"Gumisie (18.11.2025) oraz \"Elfy\" (02.12.2025) - Miejsko-Gminna Biblioteka Publiczna w G\u0105binie","og_description":"&nbsp;&nbsp;&nbsp; W minionym tygodniu go\u015bci\u0142am w Oddziale Przedszkolnym przy Szkole","og_url":"http:\/\/biblioteka-gabin.pl\/index.php\/2025\/12\/03\/spotkanie-z-bajka-w-oddziale-przedszkolnym-przy-szkole-podstawowej-w-gabinie-gumisie-18-11-2025-oraz-elfy-02-12-2025\/","og_site_name":"Miejsko-Gminna Biblioteka Publiczna w G\u0105binie","article_publisher":"https:\/\/www.facebook.com\/bibliotekagabin","article_published_time":"2025-12-03T15:07:16+00:00","article_modified_time":"2025-12-03T15:07:17+00:00","og_image":[{"width":2048,"height":1536,"url":"http:\/\/biblioteka-gabin.pl\/wp-content\/uploads\/2025\/12\/l1LoepDS.jpg","type":"image\/jpeg"}],"author":"j.olejniczak","twitter_card":"summary_large_image","twitter_misc":{"Napisane przez":"j.olejniczak","Szacowany czas czytania":"3 minuty"},"schema":{"@context":"https:\/\/schema.org","@graph":[{"@type":"Article","@id":"http:\/\/biblioteka-gabin.pl\/index.php\/2025\/12\/03\/spotkanie-z-bajka-w-oddziale-przedszkolnym-przy-szkole-podstawowej-w-gabinie-gumisie-18-11-2025-oraz-elfy-02-12-2025\/#article","isPartOf":{"@id":"http:\/\/biblioteka-gabin.pl\/index.php\/2025\/12\/03\/spotkanie-z-bajka-w-oddziale-przedszkolnym-przy-szkole-podstawowej-w-gabinie-gumisie-18-11-2025-oraz-elfy-02-12-2025\/"},"author":{"name":"j.olejniczak","@id":"https:\/\/biblioteka-gabin.pl\/#\/schema\/person\/c6271403c55804b0c90b1abcdc89a4be"},"headline":"&#8222;Spotkanie z bajk\u0105&#8221; w Oddziale Przedszkolnym przy Szkole Podstawowej w G\u0105binie- &#8222;Gumisie (18.11.2025) oraz &#8222;Elfy&#8221; (02.12.2025)","datePublished":"2025-12-03T15:07:16+00:00","dateModified":"2025-12-03T15:07:17+00:00","mainEntityOfPage":{"@id":"http:\/\/biblioteka-gabin.pl\/index.php\/2025\/12\/03\/spotkanie-z-bajka-w-oddziale-przedszkolnym-przy-szkole-podstawowej-w-gabinie-gumisie-18-11-2025-oraz-elfy-02-12-2025\/"},"wordCount":204,"commentCount":0,"publisher":{"@id":"https:\/\/biblioteka-gabin.pl\/#organization"},"image":{"@id":"http:\/\/biblioteka-gabin.pl\/index.php\/2025\/12\/03\/spotkanie-z-bajka-w-oddziale-przedszkolnym-przy-szkole-podstawowej-w-gabinie-gumisie-18-11-2025-oraz-elfy-02-12-2025\/#primaryimage"},"thumbnailUrl":"https:\/\/biblioteka-gabin.pl\/wp-content\/uploads\/2025\/12\/l1LoepDS.jpg","articleSection":["Galeria","Main"],"inLanguage":"pl-PL","potentialAction":[{"@type":"CommentAction","name":"Comment","target":["http:\/\/biblioteka-gabin.pl\/index.php\/2025\/12\/03\/spotkanie-z-bajka-w-oddziale-przedszkolnym-przy-szkole-podstawowej-w-gabinie-gumisie-18-11-2025-oraz-elfy-02-12-2025\/#respond"]}]},{"@type":"WebPage","@id":"http:\/\/biblioteka-gabin.pl\/index.php\/2025\/12\/03\/spotkanie-z-bajka-w-oddziale-przedszkolnym-przy-szkole-podstawowej-w-gabinie-gumisie-18-11-2025-oraz-elfy-02-12-2025\/","url":"http:\/\/biblioteka-gabin.pl\/index.php\/2025\/12\/03\/spotkanie-z-bajka-w-oddziale-przedszkolnym-przy-szkole-podstawowej-w-gabinie-gumisie-18-11-2025-oraz-elfy-02-12-2025\/","name":"\"Spotkanie z bajk\u0105\" w Oddziale Przedszkolnym przy Szkole Podstawowej w G\u0105binie- \"Gumisie (18.11.2025) oraz \"Elfy\" (02.12.2025) - Miejsko-Gminna Biblioteka Publiczna w G\u0105binie","isPartOf":{"@id":"https:\/\/biblioteka-gabin.pl\/#website"},"primaryImageOfPage":{"@id":"http:\/\/biblioteka-gabin.pl\/index.php\/2025\/12\/03\/spotkanie-z-bajka-w-oddziale-przedszkolnym-przy-szkole-podstawowej-w-gabinie-gumisie-18-11-2025-oraz-elfy-02-12-2025\/#primaryimage"},"image":{"@id":"http:\/\/biblioteka-gabin.pl\/index.php\/2025\/12\/03\/spotkanie-z-bajka-w-oddziale-przedszkolnym-przy-szkole-podstawowej-w-gabinie-gumisie-18-11-2025-oraz-elfy-02-12-2025\/#primaryimage"},"thumbnailUrl":"https:\/\/biblioteka-gabin.pl\/wp-content\/uploads\/2025\/12\/l1LoepDS.jpg","datePublished":"2025-12-03T15:07:16+00:00","dateModified":"2025-12-03T15:07:17+00:00","breadcrumb":{"@id":"http:\/\/biblioteka-gabin.pl\/index.php\/2025\/12\/03\/spotkanie-z-bajka-w-oddziale-przedszkolnym-przy-szkole-podstawowej-w-gabinie-gumisie-18-11-2025-oraz-elfy-02-12-2025\/#breadcrumb"},"inLanguage":"pl-PL","potentialAction":[{"@type":"ReadAction","target":["http:\/\/biblioteka-gabin.pl\/index.php\/2025\/12\/03\/spotkanie-z-bajka-w-oddziale-przedszkolnym-przy-szkole-podstawowej-w-gabinie-gumisie-18-11-2025-oraz-elfy-02-12-2025\/"]}]},{"@type":"ImageObject","inLanguage":"pl-PL","@id":"http:\/\/biblioteka-gabin.pl\/index.php\/2025\/12\/03\/spotkanie-z-bajka-w-oddziale-przedszkolnym-przy-szkole-podstawowej-w-gabinie-gumisie-18-11-2025-oraz-elfy-02-12-2025\/#primaryimage","url":"https:\/\/biblioteka-gabin.pl\/wp-content\/uploads\/2025\/12\/l1LoepDS.jpg","contentUrl":"https:\/\/biblioteka-gabin.pl\/wp-content\/uploads\/2025\/12\/l1LoepDS.jpg","width":2048,"height":1536},{"@type":"BreadcrumbList","@id":"http:\/\/biblioteka-gabin.pl\/index.php\/2025\/12\/03\/spotkanie-z-bajka-w-oddziale-przedszkolnym-przy-szkole-podstawowej-w-gabinie-gumisie-18-11-2025-oraz-elfy-02-12-2025\/#breadcrumb","itemListElement":[{"@type":"ListItem","position":1,"name":"Strona g\u0142\u00f3wna","item":"https:\/\/biblioteka-gabin.pl\/"},{"@type":"ListItem","position":2,"name":"&#8222;Spotkanie z bajk\u0105&#8221; w Oddziale Przedszkolnym przy Szkole Podstawowej w G\u0105binie- &#8222;Gumisie (18.11.2025) oraz &#8222;Elfy&#8221; (02.12.2025)"}]},{"@type":"WebSite","@id":"https:\/\/biblioteka-gabin.pl\/#website","url":"https:\/\/biblioteka-gabin.pl\/","name":"Miejsko-Gminna Biblioteka Publiczna w G\u0105binie","description":"","publisher":{"@id":"https:\/\/biblioteka-gabin.pl\/#organization"},"potentialAction":[{"@type":"SearchAction","target":{"@type":"EntryPoint","urlTemplate":"https:\/\/biblioteka-gabin.pl\/?s={search_term_string}"},"query-input":{"@type":"PropertyValueSpecification","valueRequired":true,"valueName":"search_term_string"}}],"inLanguage":"pl-PL"},{"@type":"Organization","@id":"https:\/\/biblioteka-gabin.pl\/#organization","name":"Miejsko-Gminna Biblioteka Publiczna w G\u0105binie","url":"https:\/\/biblioteka-gabin.pl\/","logo":{"@type":"ImageObject","inLanguage":"pl-PL","@id":"https:\/\/biblioteka-gabin.pl\/#\/schema\/logo\/image\/","url":"https:\/\/biblioteka-gabin.pl\/wp-content\/uploads\/2025\/03\/logo-biblioteka-2-1657013691-1.jpg","contentUrl":"https:\/\/biblioteka-gabin.pl\/wp-content\/uploads\/2025\/03\/logo-biblioteka-2-1657013691-1.jpg","width":1600,"height":772,"caption":"Miejsko-Gminna Biblioteka Publiczna w G\u0105binie"},"image":{"@id":"https:\/\/biblioteka-gabin.pl\/#\/schema\/logo\/image\/"},"sameAs":["https:\/\/www.facebook.com\/bibliotekagabin","https:\/\/www.youtube.com\/@mgbpgabin9392"]},{"@type":"Person","@id":"https:\/\/biblioteka-gabin.pl\/#\/schema\/person\/c6271403c55804b0c90b1abcdc89a4be","name":"j.olejniczak","image":{"@type":"ImageObject","inLanguage":"pl-PL","@id":"https:\/\/secure.gravatar.com\/avatar\/926a0e21a6bc9c5f3d8b7350eef4c1328c61093f6afee787beeac212421b433a?s=96&d=mm&r=g","url":"https:\/\/secure.gravatar.com\/avatar\/926a0e21a6bc9c5f3d8b7350eef4c1328c61093f6afee787beeac212421b433a?s=96&d=mm&r=g","contentUrl":"https:\/\/secure.gravatar.com\/avatar\/926a0e21a6bc9c5f3d8b7350eef4c1328c61093f6afee787beeac212421b433a?s=96&d=mm&r=g","caption":"j.olejniczak"},"sameAs":["http:\/\/www.biblioteka-gabin.pl"],"url":"https:\/\/biblioteka-gabin.pl\/index.php\/author\/j-olejniczak\/"}]}},"_links":{"self":[{"href":"https:\/\/biblioteka-gabin.pl\/index.php\/wp-json\/wp\/v2\/posts\/9957","targetHints":{"allow":["GET"]}}],"collection":[{"href":"https:\/\/biblioteka-gabin.pl\/index.php\/wp-json\/wp\/v2\/posts"}],"about":[{"href":"https:\/\/biblioteka-gabin.pl\/index.php\/wp-json\/wp\/v2\/types\/post"}],"author":[{"embeddable":true,"href":"https:\/\/biblioteka-gabin.pl\/index.php\/wp-json\/wp\/v2\/users\/5"}],"replies":[{"embeddable":true,"href":"https:\/\/biblioteka-gabin.pl\/index.php\/wp-json\/wp\/v2\/comments?post=9957"}],"version-history":[{"count":1,"href":"https:\/\/biblioteka-gabin.pl\/index.php\/wp-json\/wp\/v2\/posts\/9957\/revisions"}],"predecessor-version":[{"id":9967,"href":"https:\/\/biblioteka-gabin.pl\/index.php\/wp-json\/wp\/v2\/posts\/9957\/revisions\/9967"}],"wp:featuredmedia":[{"embeddable":true,"href":"https:\/\/biblioteka-gabin.pl\/index.php\/wp-json\/wp\/v2\/media\/9958"}],"wp:attachment":[{"href":"https:\/\/biblioteka-gabin.pl\/index.php\/wp-json\/wp\/v2\/media?parent=9957"}],"wp:term":[{"taxonomy":"category","embeddable":true,"href":"https:\/\/biblioteka-gabin.pl\/index.php\/wp-json\/wp\/v2\/categories?post=9957"},{"taxonomy":"post_tag","embeddable":true,"href":"https:\/\/biblioteka-gabin.pl\/index.php\/wp-json\/wp\/v2\/tags?post=9957"}],"curies":[{"name":"wp","href":"https:\/\/api.w.org\/{rel}","templated":true}]}}