{"id":9969,"date":"2025-12-04T13:31:46","date_gmt":"2025-12-04T13:31:46","guid":{"rendered":"https:\/\/biblioteka-gabin.pl\/?p=9969"},"modified":"2025-12-04T13:31:47","modified_gmt":"2025-12-04T13:31:47","slug":"mikolajkowa-bajeczka-na-swieta-wystawka","status":"publish","type":"post","link":"https:\/\/biblioteka-gabin.pl\/index.php\/2025\/12\/04\/mikolajkowa-bajeczka-na-swieta-wystawka\/","title":{"rendered":"Miko\u0142ajkowa bajeczka na \u015awi\u0119ta- wystawka"},"content":{"rendered":"\n<p>Miko\u0142ajki tu\u017c, tu\u017c&#8230;<\/p>\n\n\n\n<p>Zapraszamy serdecznie wszystkich Najm\u0142odszych Czytelnik\u00f3w po \u015bwi\u0105teczn\u0105 bajeczk\u0119 o tematyce Bo\u017cego Narodzenia, prezent\u00f3w, Miko\u0142aja&#8230; Ka\u017cdy zna<a><\/a>jdzie co\u015b odpowiedniego dla siebie. Drogi Rodzicu!- przyprowad\u017a swoje dziecko do Miejsko-Gminnej Biblioteki Publicznej w G\u0105binie. Magiczne ksi\u0105\u017ceczki ju\u017c na Was czekaj\u0105&#8230;<\/p>\n\n\n\n<figure class=\"wp-block-image size-large\"><img loading=\"lazy\" decoding=\"async\" width=\"1024\" height=\"578\" src=\"https:\/\/biblioteka-gabin.pl\/wp-content\/uploads\/2025\/12\/594793566_1177754631125217_4396283116594251277_n-1024x578.jpg\" alt=\"\" class=\"wp-image-9970\" srcset=\"https:\/\/biblioteka-gabin.pl\/wp-content\/uploads\/2025\/12\/594793566_1177754631125217_4396283116594251277_n-1024x578.jpg 1024w, https:\/\/biblioteka-gabin.pl\/wp-content\/uploads\/2025\/12\/594793566_1177754631125217_4396283116594251277_n-300x169.jpg 300w, https:\/\/biblioteka-gabin.pl\/wp-content\/uploads\/2025\/12\/594793566_1177754631125217_4396283116594251277_n-768x433.jpg 768w, https:\/\/biblioteka-gabin.pl\/wp-content\/uploads\/2025\/12\/594793566_1177754631125217_4396283116594251277_n-1536x866.jpg 1536w, https:\/\/biblioteka-gabin.pl\/wp-content\/uploads\/2025\/12\/594793566_1177754631125217_4396283116594251277_n.jpg 2048w\" sizes=\"auto, (max-width: 1024px) 100vw, 1024px\" \/><\/figure>\n\n\n\n<figure class=\"wp-block-image size-large\"><img loading=\"lazy\" decoding=\"async\" width=\"578\" height=\"1024\" src=\"https:\/\/biblioteka-gabin.pl\/wp-content\/uploads\/2025\/12\/594147441_1177754781125202_4795499370099116131_n-578x1024.jpg\" alt=\"\" class=\"wp-image-9971\" srcset=\"https:\/\/biblioteka-gabin.pl\/wp-content\/uploads\/2025\/12\/594147441_1177754781125202_4795499370099116131_n-578x1024.jpg 578w, https:\/\/biblioteka-gabin.pl\/wp-content\/uploads\/2025\/12\/594147441_1177754781125202_4795499370099116131_n-169x300.jpg 169w, https:\/\/biblioteka-gabin.pl\/wp-content\/uploads\/2025\/12\/594147441_1177754781125202_4795499370099116131_n-768x1362.jpg 768w, https:\/\/biblioteka-gabin.pl\/wp-content\/uploads\/2025\/12\/594147441_1177754781125202_4795499370099116131_n-866x1536.jpg 866w, https:\/\/biblioteka-gabin.pl\/wp-content\/uploads\/2025\/12\/594147441_1177754781125202_4795499370099116131_n-1024x1816.jpg 1024w, https:\/\/biblioteka-gabin.pl\/wp-content\/uploads\/2025\/12\/594147441_1177754781125202_4795499370099116131_n.jpg 1155w\" sizes=\"auto, (max-width: 578px) 100vw, 578px\" \/><\/figure>\n\n\n\n<figure class=\"wp-block-image size-large\"><img loading=\"lazy\" decoding=\"async\" width=\"1024\" height=\"578\" src=\"https:\/\/biblioteka-gabin.pl\/wp-content\/uploads\/2025\/12\/594031538_1177769847790362_8375911945249549258_n-1024x578.jpg\" alt=\"\" class=\"wp-image-9972\" srcset=\"https:\/\/biblioteka-gabin.pl\/wp-content\/uploads\/2025\/12\/594031538_1177769847790362_8375911945249549258_n-1024x578.jpg 1024w, https:\/\/biblioteka-gabin.pl\/wp-content\/uploads\/2025\/12\/594031538_1177769847790362_8375911945249549258_n-300x169.jpg 300w, https:\/\/biblioteka-gabin.pl\/wp-content\/uploads\/2025\/12\/594031538_1177769847790362_8375911945249549258_n-768x433.jpg 768w, https:\/\/biblioteka-gabin.pl\/wp-content\/uploads\/2025\/12\/594031538_1177769847790362_8375911945249549258_n-1536x866.jpg 1536w, https:\/\/biblioteka-gabin.pl\/wp-content\/uploads\/2025\/12\/594031538_1177769847790362_8375911945249549258_n.jpg 2000w\" sizes=\"auto, (max-width: 1024px) 100vw, 1024px\" \/><\/figure>\n","protected":false},"excerpt":{"rendered":"<p>Miko\u0142ajki tu\u017c, tu\u017c&#8230; Zapraszamy serdecznie wszystkich Najm\u0142odszych Czytelnik\u00f3w po \u015bwi\u0105teczn\u0105<\/p>\n","protected":false},"author":5,"featured_media":9970,"comment_status":"open","ping_status":"open","sticky":false,"template":"","format":"standard","meta":{"footnotes":""},"categories":[37,36],"tags":[],"class_list":["post-9969","post","type-post","status-publish","format-standard","has-post-thumbnail","hentry","category-galeria","category-main"],"yoast_head":"<!-- This site is optimized with the Yoast SEO plugin v27.4 - https:\/\/yoast.com\/product\/yoast-seo-wordpress\/ -->\n<title>Miko\u0142ajkowa bajeczka na \u015awi\u0119ta- wystawka - Miejsko-Gminna Biblioteka Publiczna w G\u0105binie<\/title>\n<meta name=\"robots\" content=\"index, follow, max-snippet:-1, max-image-preview:large, max-video-preview:-1\" \/>\n<link rel=\"canonical\" href=\"http:\/\/biblioteka-gabin.pl\/index.php\/2025\/12\/04\/mikolajkowa-bajeczka-na-swieta-wystawka\/\" \/>\n<meta property=\"og:locale\" content=\"pl_PL\" \/>\n<meta property=\"og:type\" content=\"article\" \/>\n<meta property=\"og:title\" content=\"Miko\u0142ajkowa bajeczka na \u015awi\u0119ta- wystawka - Miejsko-Gminna Biblioteka Publiczna w G\u0105binie\" \/>\n<meta property=\"og:description\" content=\"Miko\u0142ajki tu\u017c, tu\u017c&#8230; Zapraszamy serdecznie wszystkich Najm\u0142odszych Czytelnik\u00f3w po \u015bwi\u0105teczn\u0105\" \/>\n<meta property=\"og:url\" content=\"http:\/\/biblioteka-gabin.pl\/index.php\/2025\/12\/04\/mikolajkowa-bajeczka-na-swieta-wystawka\/\" \/>\n<meta property=\"og:site_name\" content=\"Miejsko-Gminna Biblioteka Publiczna w G\u0105binie\" \/>\n<meta property=\"article:publisher\" content=\"https:\/\/www.facebook.com\/bibliotekagabin\" \/>\n<meta property=\"article:published_time\" content=\"2025-12-04T13:31:46+00:00\" \/>\n<meta property=\"article:modified_time\" content=\"2025-12-04T13:31:47+00:00\" \/>\n<meta property=\"og:image\" content=\"http:\/\/biblioteka-gabin.pl\/wp-content\/uploads\/2025\/12\/594793566_1177754631125217_4396283116594251277_n.jpg\" \/>\n\t<meta property=\"og:image:width\" content=\"2048\" \/>\n\t<meta property=\"og:image:height\" content=\"1155\" \/>\n\t<meta property=\"og:image:type\" content=\"image\/jpeg\" \/>\n<meta name=\"author\" content=\"j.olejniczak\" \/>\n<meta name=\"twitter:card\" content=\"summary_large_image\" \/>\n<meta name=\"twitter:label1\" content=\"Napisane przez\" \/>\n\t<meta name=\"twitter:data1\" content=\"j.olejniczak\" \/>\n\t<meta name=\"twitter:label2\" content=\"Szacowany czas czytania\" \/>\n\t<meta name=\"twitter:data2\" content=\"2 minuty\" \/>\n<script type=\"application\/ld+json\" class=\"yoast-schema-graph\">{\"@context\":\"https:\\\/\\\/schema.org\",\"@graph\":[{\"@type\":\"Article\",\"@id\":\"http:\\\/\\\/biblioteka-gabin.pl\\\/index.php\\\/2025\\\/12\\\/04\\\/mikolajkowa-bajeczka-na-swieta-wystawka\\\/#article\",\"isPartOf\":{\"@id\":\"http:\\\/\\\/biblioteka-gabin.pl\\\/index.php\\\/2025\\\/12\\\/04\\\/mikolajkowa-bajeczka-na-swieta-wystawka\\\/\"},\"author\":{\"name\":\"j.olejniczak\",\"@id\":\"https:\\\/\\\/biblioteka-gabin.pl\\\/#\\\/schema\\\/person\\\/c6271403c55804b0c90b1abcdc89a4be\"},\"headline\":\"Miko\u0142ajkowa bajeczka na \u015awi\u0119ta- wystawka\",\"datePublished\":\"2025-12-04T13:31:46+00:00\",\"dateModified\":\"2025-12-04T13:31:47+00:00\",\"mainEntityOfPage\":{\"@id\":\"http:\\\/\\\/biblioteka-gabin.pl\\\/index.php\\\/2025\\\/12\\\/04\\\/mikolajkowa-bajeczka-na-swieta-wystawka\\\/\"},\"wordCount\":59,\"commentCount\":0,\"publisher\":{\"@id\":\"https:\\\/\\\/biblioteka-gabin.pl\\\/#organization\"},\"image\":{\"@id\":\"http:\\\/\\\/biblioteka-gabin.pl\\\/index.php\\\/2025\\\/12\\\/04\\\/mikolajkowa-bajeczka-na-swieta-wystawka\\\/#primaryimage\"},\"thumbnailUrl\":\"https:\\\/\\\/biblioteka-gabin.pl\\\/wp-content\\\/uploads\\\/2025\\\/12\\\/594793566_1177754631125217_4396283116594251277_n.jpg\",\"articleSection\":[\"Galeria\",\"Main\"],\"inLanguage\":\"pl-PL\",\"potentialAction\":[{\"@type\":\"CommentAction\",\"name\":\"Comment\",\"target\":[\"http:\\\/\\\/biblioteka-gabin.pl\\\/index.php\\\/2025\\\/12\\\/04\\\/mikolajkowa-bajeczka-na-swieta-wystawka\\\/#respond\"]}]},{\"@type\":\"WebPage\",\"@id\":\"http:\\\/\\\/biblioteka-gabin.pl\\\/index.php\\\/2025\\\/12\\\/04\\\/mikolajkowa-bajeczka-na-swieta-wystawka\\\/\",\"url\":\"http:\\\/\\\/biblioteka-gabin.pl\\\/index.php\\\/2025\\\/12\\\/04\\\/mikolajkowa-bajeczka-na-swieta-wystawka\\\/\",\"name\":\"Miko\u0142ajkowa bajeczka na \u015awi\u0119ta- wystawka - Miejsko-Gminna Biblioteka Publiczna w G\u0105binie\",\"isPartOf\":{\"@id\":\"https:\\\/\\\/biblioteka-gabin.pl\\\/#website\"},\"primaryImageOfPage\":{\"@id\":\"http:\\\/\\\/biblioteka-gabin.pl\\\/index.php\\\/2025\\\/12\\\/04\\\/mikolajkowa-bajeczka-na-swieta-wystawka\\\/#primaryimage\"},\"image\":{\"@id\":\"http:\\\/\\\/biblioteka-gabin.pl\\\/index.php\\\/2025\\\/12\\\/04\\\/mikolajkowa-bajeczka-na-swieta-wystawka\\\/#primaryimage\"},\"thumbnailUrl\":\"https:\\\/\\\/biblioteka-gabin.pl\\\/wp-content\\\/uploads\\\/2025\\\/12\\\/594793566_1177754631125217_4396283116594251277_n.jpg\",\"datePublished\":\"2025-12-04T13:31:46+00:00\",\"dateModified\":\"2025-12-04T13:31:47+00:00\",\"breadcrumb\":{\"@id\":\"http:\\\/\\\/biblioteka-gabin.pl\\\/index.php\\\/2025\\\/12\\\/04\\\/mikolajkowa-bajeczka-na-swieta-wystawka\\\/#breadcrumb\"},\"inLanguage\":\"pl-PL\",\"potentialAction\":[{\"@type\":\"ReadAction\",\"target\":[\"http:\\\/\\\/biblioteka-gabin.pl\\\/index.php\\\/2025\\\/12\\\/04\\\/mikolajkowa-bajeczka-na-swieta-wystawka\\\/\"]}]},{\"@type\":\"ImageObject\",\"inLanguage\":\"pl-PL\",\"@id\":\"http:\\\/\\\/biblioteka-gabin.pl\\\/index.php\\\/2025\\\/12\\\/04\\\/mikolajkowa-bajeczka-na-swieta-wystawka\\\/#primaryimage\",\"url\":\"https:\\\/\\\/biblioteka-gabin.pl\\\/wp-content\\\/uploads\\\/2025\\\/12\\\/594793566_1177754631125217_4396283116594251277_n.jpg\",\"contentUrl\":\"https:\\\/\\\/biblioteka-gabin.pl\\\/wp-content\\\/uploads\\\/2025\\\/12\\\/594793566_1177754631125217_4396283116594251277_n.jpg\",\"width\":2048,\"height\":1155},{\"@type\":\"BreadcrumbList\",\"@id\":\"http:\\\/\\\/biblioteka-gabin.pl\\\/index.php\\\/2025\\\/12\\\/04\\\/mikolajkowa-bajeczka-na-swieta-wystawka\\\/#breadcrumb\",\"itemListElement\":[{\"@type\":\"ListItem\",\"position\":1,\"name\":\"Strona g\u0142\u00f3wna\",\"item\":\"https:\\\/\\\/biblioteka-gabin.pl\\\/\"},{\"@type\":\"ListItem\",\"position\":2,\"name\":\"Miko\u0142ajkowa bajeczka na \u015awi\u0119ta- wystawka\"}]},{\"@type\":\"WebSite\",\"@id\":\"https:\\\/\\\/biblioteka-gabin.pl\\\/#website\",\"url\":\"https:\\\/\\\/biblioteka-gabin.pl\\\/\",\"name\":\"Miejsko-Gminna Biblioteka Publiczna w G\u0105binie\",\"description\":\"\",\"publisher\":{\"@id\":\"https:\\\/\\\/biblioteka-gabin.pl\\\/#organization\"},\"potentialAction\":[{\"@type\":\"SearchAction\",\"target\":{\"@type\":\"EntryPoint\",\"urlTemplate\":\"https:\\\/\\\/biblioteka-gabin.pl\\\/?s={search_term_string}\"},\"query-input\":{\"@type\":\"PropertyValueSpecification\",\"valueRequired\":true,\"valueName\":\"search_term_string\"}}],\"inLanguage\":\"pl-PL\"},{\"@type\":\"Organization\",\"@id\":\"https:\\\/\\\/biblioteka-gabin.pl\\\/#organization\",\"name\":\"Miejsko-Gminna Biblioteka Publiczna w G\u0105binie\",\"url\":\"https:\\\/\\\/biblioteka-gabin.pl\\\/\",\"logo\":{\"@type\":\"ImageObject\",\"inLanguage\":\"pl-PL\",\"@id\":\"https:\\\/\\\/biblioteka-gabin.pl\\\/#\\\/schema\\\/logo\\\/image\\\/\",\"url\":\"https:\\\/\\\/biblioteka-gabin.pl\\\/wp-content\\\/uploads\\\/2025\\\/03\\\/logo-biblioteka-2-1657013691-1.jpg\",\"contentUrl\":\"https:\\\/\\\/biblioteka-gabin.pl\\\/wp-content\\\/uploads\\\/2025\\\/03\\\/logo-biblioteka-2-1657013691-1.jpg\",\"width\":1600,\"height\":772,\"caption\":\"Miejsko-Gminna Biblioteka Publiczna w G\u0105binie\"},\"image\":{\"@id\":\"https:\\\/\\\/biblioteka-gabin.pl\\\/#\\\/schema\\\/logo\\\/image\\\/\"},\"sameAs\":[\"https:\\\/\\\/www.facebook.com\\\/bibliotekagabin\",\"https:\\\/\\\/www.youtube.com\\\/@mgbpgabin9392\"]},{\"@type\":\"Person\",\"@id\":\"https:\\\/\\\/biblioteka-gabin.pl\\\/#\\\/schema\\\/person\\\/c6271403c55804b0c90b1abcdc89a4be\",\"name\":\"j.olejniczak\",\"image\":{\"@type\":\"ImageObject\",\"inLanguage\":\"pl-PL\",\"@id\":\"https:\\\/\\\/secure.gravatar.com\\\/avatar\\\/926a0e21a6bc9c5f3d8b7350eef4c1328c61093f6afee787beeac212421b433a?s=96&d=mm&r=g\",\"url\":\"https:\\\/\\\/secure.gravatar.com\\\/avatar\\\/926a0e21a6bc9c5f3d8b7350eef4c1328c61093f6afee787beeac212421b433a?s=96&d=mm&r=g\",\"contentUrl\":\"https:\\\/\\\/secure.gravatar.com\\\/avatar\\\/926a0e21a6bc9c5f3d8b7350eef4c1328c61093f6afee787beeac212421b433a?s=96&d=mm&r=g\",\"caption\":\"j.olejniczak\"},\"sameAs\":[\"http:\\\/\\\/www.biblioteka-gabin.pl\"],\"url\":\"https:\\\/\\\/biblioteka-gabin.pl\\\/index.php\\\/author\\\/j-olejniczak\\\/\"}]}<\/script>\n<!-- \/ Yoast SEO plugin. -->","yoast_head_json":{"title":"Miko\u0142ajkowa bajeczka na \u015awi\u0119ta- wystawka - Miejsko-Gminna Biblioteka Publiczna w G\u0105binie","robots":{"index":"index","follow":"follow","max-snippet":"max-snippet:-1","max-image-preview":"max-image-preview:large","max-video-preview":"max-video-preview:-1"},"canonical":"http:\/\/biblioteka-gabin.pl\/index.php\/2025\/12\/04\/mikolajkowa-bajeczka-na-swieta-wystawka\/","og_locale":"pl_PL","og_type":"article","og_title":"Miko\u0142ajkowa bajeczka na \u015awi\u0119ta- wystawka - Miejsko-Gminna Biblioteka Publiczna w G\u0105binie","og_description":"Miko\u0142ajki tu\u017c, tu\u017c&#8230; Zapraszamy serdecznie wszystkich Najm\u0142odszych Czytelnik\u00f3w po \u015bwi\u0105teczn\u0105","og_url":"http:\/\/biblioteka-gabin.pl\/index.php\/2025\/12\/04\/mikolajkowa-bajeczka-na-swieta-wystawka\/","og_site_name":"Miejsko-Gminna Biblioteka Publiczna w G\u0105binie","article_publisher":"https:\/\/www.facebook.com\/bibliotekagabin","article_published_time":"2025-12-04T13:31:46+00:00","article_modified_time":"2025-12-04T13:31:47+00:00","og_image":[{"width":2048,"height":1155,"url":"http:\/\/biblioteka-gabin.pl\/wp-content\/uploads\/2025\/12\/594793566_1177754631125217_4396283116594251277_n.jpg","type":"image\/jpeg"}],"author":"j.olejniczak","twitter_card":"summary_large_image","twitter_misc":{"Napisane przez":"j.olejniczak","Szacowany czas czytania":"2 minuty"},"schema":{"@context":"https:\/\/schema.org","@graph":[{"@type":"Article","@id":"http:\/\/biblioteka-gabin.pl\/index.php\/2025\/12\/04\/mikolajkowa-bajeczka-na-swieta-wystawka\/#article","isPartOf":{"@id":"http:\/\/biblioteka-gabin.pl\/index.php\/2025\/12\/04\/mikolajkowa-bajeczka-na-swieta-wystawka\/"},"author":{"name":"j.olejniczak","@id":"https:\/\/biblioteka-gabin.pl\/#\/schema\/person\/c6271403c55804b0c90b1abcdc89a4be"},"headline":"Miko\u0142ajkowa bajeczka na \u015awi\u0119ta- wystawka","datePublished":"2025-12-04T13:31:46+00:00","dateModified":"2025-12-04T13:31:47+00:00","mainEntityOfPage":{"@id":"http:\/\/biblioteka-gabin.pl\/index.php\/2025\/12\/04\/mikolajkowa-bajeczka-na-swieta-wystawka\/"},"wordCount":59,"commentCount":0,"publisher":{"@id":"https:\/\/biblioteka-gabin.pl\/#organization"},"image":{"@id":"http:\/\/biblioteka-gabin.pl\/index.php\/2025\/12\/04\/mikolajkowa-bajeczka-na-swieta-wystawka\/#primaryimage"},"thumbnailUrl":"https:\/\/biblioteka-gabin.pl\/wp-content\/uploads\/2025\/12\/594793566_1177754631125217_4396283116594251277_n.jpg","articleSection":["Galeria","Main"],"inLanguage":"pl-PL","potentialAction":[{"@type":"CommentAction","name":"Comment","target":["http:\/\/biblioteka-gabin.pl\/index.php\/2025\/12\/04\/mikolajkowa-bajeczka-na-swieta-wystawka\/#respond"]}]},{"@type":"WebPage","@id":"http:\/\/biblioteka-gabin.pl\/index.php\/2025\/12\/04\/mikolajkowa-bajeczka-na-swieta-wystawka\/","url":"http:\/\/biblioteka-gabin.pl\/index.php\/2025\/12\/04\/mikolajkowa-bajeczka-na-swieta-wystawka\/","name":"Miko\u0142ajkowa bajeczka na \u015awi\u0119ta- wystawka - Miejsko-Gminna Biblioteka Publiczna w G\u0105binie","isPartOf":{"@id":"https:\/\/biblioteka-gabin.pl\/#website"},"primaryImageOfPage":{"@id":"http:\/\/biblioteka-gabin.pl\/index.php\/2025\/12\/04\/mikolajkowa-bajeczka-na-swieta-wystawka\/#primaryimage"},"image":{"@id":"http:\/\/biblioteka-gabin.pl\/index.php\/2025\/12\/04\/mikolajkowa-bajeczka-na-swieta-wystawka\/#primaryimage"},"thumbnailUrl":"https:\/\/biblioteka-gabin.pl\/wp-content\/uploads\/2025\/12\/594793566_1177754631125217_4396283116594251277_n.jpg","datePublished":"2025-12-04T13:31:46+00:00","dateModified":"2025-12-04T13:31:47+00:00","breadcrumb":{"@id":"http:\/\/biblioteka-gabin.pl\/index.php\/2025\/12\/04\/mikolajkowa-bajeczka-na-swieta-wystawka\/#breadcrumb"},"inLanguage":"pl-PL","potentialAction":[{"@type":"ReadAction","target":["http:\/\/biblioteka-gabin.pl\/index.php\/2025\/12\/04\/mikolajkowa-bajeczka-na-swieta-wystawka\/"]}]},{"@type":"ImageObject","inLanguage":"pl-PL","@id":"http:\/\/biblioteka-gabin.pl\/index.php\/2025\/12\/04\/mikolajkowa-bajeczka-na-swieta-wystawka\/#primaryimage","url":"https:\/\/biblioteka-gabin.pl\/wp-content\/uploads\/2025\/12\/594793566_1177754631125217_4396283116594251277_n.jpg","contentUrl":"https:\/\/biblioteka-gabin.pl\/wp-content\/uploads\/2025\/12\/594793566_1177754631125217_4396283116594251277_n.jpg","width":2048,"height":1155},{"@type":"BreadcrumbList","@id":"http:\/\/biblioteka-gabin.pl\/index.php\/2025\/12\/04\/mikolajkowa-bajeczka-na-swieta-wystawka\/#breadcrumb","itemListElement":[{"@type":"ListItem","position":1,"name":"Strona g\u0142\u00f3wna","item":"https:\/\/biblioteka-gabin.pl\/"},{"@type":"ListItem","position":2,"name":"Miko\u0142ajkowa bajeczka na \u015awi\u0119ta- wystawka"}]},{"@type":"WebSite","@id":"https:\/\/biblioteka-gabin.pl\/#website","url":"https:\/\/biblioteka-gabin.pl\/","name":"Miejsko-Gminna Biblioteka Publiczna w G\u0105binie","description":"","publisher":{"@id":"https:\/\/biblioteka-gabin.pl\/#organization"},"potentialAction":[{"@type":"SearchAction","target":{"@type":"EntryPoint","urlTemplate":"https:\/\/biblioteka-gabin.pl\/?s={search_term_string}"},"query-input":{"@type":"PropertyValueSpecification","valueRequired":true,"valueName":"search_term_string"}}],"inLanguage":"pl-PL"},{"@type":"Organization","@id":"https:\/\/biblioteka-gabin.pl\/#organization","name":"Miejsko-Gminna Biblioteka Publiczna w G\u0105binie","url":"https:\/\/biblioteka-gabin.pl\/","logo":{"@type":"ImageObject","inLanguage":"pl-PL","@id":"https:\/\/biblioteka-gabin.pl\/#\/schema\/logo\/image\/","url":"https:\/\/biblioteka-gabin.pl\/wp-content\/uploads\/2025\/03\/logo-biblioteka-2-1657013691-1.jpg","contentUrl":"https:\/\/biblioteka-gabin.pl\/wp-content\/uploads\/2025\/03\/logo-biblioteka-2-1657013691-1.jpg","width":1600,"height":772,"caption":"Miejsko-Gminna Biblioteka Publiczna w G\u0105binie"},"image":{"@id":"https:\/\/biblioteka-gabin.pl\/#\/schema\/logo\/image\/"},"sameAs":["https:\/\/www.facebook.com\/bibliotekagabin","https:\/\/www.youtube.com\/@mgbpgabin9392"]},{"@type":"Person","@id":"https:\/\/biblioteka-gabin.pl\/#\/schema\/person\/c6271403c55804b0c90b1abcdc89a4be","name":"j.olejniczak","image":{"@type":"ImageObject","inLanguage":"pl-PL","@id":"https:\/\/secure.gravatar.com\/avatar\/926a0e21a6bc9c5f3d8b7350eef4c1328c61093f6afee787beeac212421b433a?s=96&d=mm&r=g","url":"https:\/\/secure.gravatar.com\/avatar\/926a0e21a6bc9c5f3d8b7350eef4c1328c61093f6afee787beeac212421b433a?s=96&d=mm&r=g","contentUrl":"https:\/\/secure.gravatar.com\/avatar\/926a0e21a6bc9c5f3d8b7350eef4c1328c61093f6afee787beeac212421b433a?s=96&d=mm&r=g","caption":"j.olejniczak"},"sameAs":["http:\/\/www.biblioteka-gabin.pl"],"url":"https:\/\/biblioteka-gabin.pl\/index.php\/author\/j-olejniczak\/"}]}},"_links":{"self":[{"href":"https:\/\/biblioteka-gabin.pl\/index.php\/wp-json\/wp\/v2\/posts\/9969","targetHints":{"allow":["GET"]}}],"collection":[{"href":"https:\/\/biblioteka-gabin.pl\/index.php\/wp-json\/wp\/v2\/posts"}],"about":[{"href":"https:\/\/biblioteka-gabin.pl\/index.php\/wp-json\/wp\/v2\/types\/post"}],"author":[{"embeddable":true,"href":"https:\/\/biblioteka-gabin.pl\/index.php\/wp-json\/wp\/v2\/users\/5"}],"replies":[{"embeddable":true,"href":"https:\/\/biblioteka-gabin.pl\/index.php\/wp-json\/wp\/v2\/comments?post=9969"}],"version-history":[{"count":1,"href":"https:\/\/biblioteka-gabin.pl\/index.php\/wp-json\/wp\/v2\/posts\/9969\/revisions"}],"predecessor-version":[{"id":9973,"href":"https:\/\/biblioteka-gabin.pl\/index.php\/wp-json\/wp\/v2\/posts\/9969\/revisions\/9973"}],"wp:featuredmedia":[{"embeddable":true,"href":"https:\/\/biblioteka-gabin.pl\/index.php\/wp-json\/wp\/v2\/media\/9970"}],"wp:attachment":[{"href":"https:\/\/biblioteka-gabin.pl\/index.php\/wp-json\/wp\/v2\/media?parent=9969"}],"wp:term":[{"taxonomy":"category","embeddable":true,"href":"https:\/\/biblioteka-gabin.pl\/index.php\/wp-json\/wp\/v2\/categories?post=9969"},{"taxonomy":"post_tag","embeddable":true,"href":"https:\/\/biblioteka-gabin.pl\/index.php\/wp-json\/wp\/v2\/tags?post=9969"}],"curies":[{"name":"wp","href":"https:\/\/api.w.org\/{rel}","templated":true}]}}